{"id":92272,"date":"2023-07-01T02:59:00","date_gmt":"2023-07-01T00:59:00","guid":{"rendered":"https:\/\/www.sonnenseite.com\/?p=92272"},"modified":"2023-06-30T14:00:28","modified_gmt":"2023-06-30T12:00:28","slug":"adac-solarrechner-schafft-transparenz-beim-laden-von-elektroautos","status":"publish","type":"post","link":"https:\/\/www.sonnenseite.com\/de\/mobilitaet\/adac-solarrechner-schafft-transparenz-beim-laden-von-elektroautos\/","title":{"rendered":"ADAC-Solarrechner schafft Transparenz beim Laden von Elektroautos"},"content":{"rendered":"\n<p>ADAC Sonnenkilometer-Monitor zeigt Ladem\u00f6glichkeiten im Vergleich &#8211; Erhebliche Kosten- und Umweltvorteile durch Solaranlagen m\u00f6glich &#8211; Umfrage: Bereits 44 Prozent der E-Fahrer laden eigenen Solarstrom.<\/p>\n\n\n\n<p>Eigenheimbesitzer k\u00f6nnen ihre Kosten und CO2-Emissionen erheblich senken, wenn sie ihr E-Auto bevorzugt mit Sonnenstrom vom eigenen Dach laden. Dies zeigt der neue <strong>ADAC Sonnenkilometer-Monitor<\/strong> (*), mit dem E-Mobilisten sich einen schnellen \u00dcberblick zu ihren Ladekosten und Emissionen verschaffen k\u00f6nnen. Die Zusammenstellung, die halbj\u00e4hrlich ver\u00f6ffentlicht wird, er\u00f6ffnet mit dem <strong>Vergleich der Ladeoptionen <\/strong>einen Blick auf die <strong>Stromkosten sowie die CO2-Emissionen pro Jahr<\/strong> zu den jeweils gegebenen Voraussetzungen und Tarifen (siehe Grafik \u201eADAC Sonnenkilometer-Monitor\u201c). Hierzu greift der ADAC Sonnenkilometer-Monitor auf die Berechnungen des <strong><a href=\"http:\/\/www.adac.de\/solar\" target=\"_blank\" rel=\"noreferrer noopener\">ADAC Solarrechners<\/a><\/strong> zur\u00fcck, den der ADAC mit seinem Kooperationspartner zolar entwickelt hat.<br><br>Der <strong><a href=\"http:\/\/www.adac.de\/solar\" target=\"_blank\" rel=\"noreferrer noopener\">ADAC Solarrechner<\/a><\/strong> zeigt basierend auf der Lage und den individuellen Voraussetzungen der Immobilie die zu erwartenden Sonnenstrom-Ertr\u00e4ge \u00fcber den Jahresverlauf. Dazu weist er die m\u00f6glichen Sonnenkilometer, die mit dem <strong>Solarenergie-Anteil im Elektroauto <\/strong>zur\u00fcckgelegt werden k\u00f6nnen, sowie den Reststrombedarf vom herk\u00f6mmlichen Energieversorger aus. Abh\u00e4ngig von Fahrzeugklasse, Fahrleistung und Verbrauch lassen sich zum Beispiel j\u00e4hrlich in einem durchschnittlichen Vier-Personen-Eigenheim bei einem 80-prozentigen Eigenstromanteil mehrere Tausend \u201eFrei-Kilometer\u201c erwirtschaften und insgesamt mehr als vier Tonnen CO2 einsparen.<\/p>\n\n\n\n<p><strong>Modellrechnung f\u00fcr Kosten und Emissionen mit und ohne Solaranlage:\u00a0Bei 8000 Sonnenkilometern 50 Prozent Stromkosten sparen<\/strong><br><br>Das E-Auto ist idealerweise in eine m\u00f6glichst nachhaltige System-Umgebung eingebunden. Je nach den individuellen M\u00f6glichkeiten setzt sie sich zusammen aus einem hohen Anteil an regenerativen Energiequellen sowie einer zuhause verf\u00fcgbaren Ladeinfrastruktur. Unterwegs fallen neben den Stromgeb\u00fchren noch die Kosten verschiedener Anbieter und Roaming-Verbunde an. Dabei ist der \u00dcberblick \u00fcber diese Zusammenh\u00e4nge und die fortlaufenden Entwicklungen die gro\u00dfe Herausforderung f\u00fcr die Verbraucher. Der neue ADAC Sonnenkilometer-Monitor, der in Kooperation mit dem Online-Solar-Anbieter zolar entwickelt wurde, verschafft mit den wichtigsten Daten, Fakten und Hochrechnungen einen schnellen \u00dcberblick.<\/p>\n\n\n<div class=\"wp-block-image\">\n<figure class=\"alignleft size-large is-resized\"><a href=\"https:\/\/www.sonnenseite.com\/wp-content\/uploads\/2023\/06\/ADAC_sonnenkilometer_monitor.jpg\"><img loading=\"lazy\" decoding=\"async\" src=\"https:\/\/www.sonnenseite.com\/wp-content\/uploads\/2023\/06\/ADAC_sonnenkilometer_monitor-1024x740.jpg\" alt=\"\" class=\"wp-image-92274\" width=\"370\" height=\"267\" srcset=\"https:\/\/www.sonnenseite.com\/wp-content\/uploads\/2023\/06\/ADAC_sonnenkilometer_monitor-1024x740.jpg 1024w, https:\/\/www.sonnenseite.com\/wp-content\/uploads\/2023\/06\/ADAC_sonnenkilometer_monitor-300x217.jpg 300w, https:\/\/www.sonnenseite.com\/wp-content\/uploads\/2023\/06\/ADAC_sonnenkilometer_monitor-768x555.jpg 768w, https:\/\/www.sonnenseite.com\/wp-content\/uploads\/2023\/06\/ADAC_sonnenkilometer_monitor.jpg 1063w\" sizes=\"auto, (max-width: 370px) 100vw, 370px\" \/><\/a><figcaption class=\"wp-element-caption\">\u00a9  ACAC SE | Stand: Juni 2023 \/ Neuer ADAC Monitor mit aktueller Bestandsaufnahme: E-Mobilit\u00e4t und Solaranlage.  | Zum Vergr\u00f6\u00dfern anklicken!<\/figcaption><\/figure>\n<\/div>\n\n\n<p>Legt man zum Beispiel zu aktuellen Durchschnittskonditionen in Deutschland einen Vier-Personen-Haushalt mit seinem Strombedarf inklusive Elektroauto und eine Fahrleistung von 15.000 km\/Jahr zugrunde, erh\u00e4lt man folgendes Ergebnis: Mit einer ausgewogenen Ladestrategie kann ein Haushalt mit PV-Anlage \u00fcber 9000 Kilometer mit Solarstrom \u2013 sogenannte \u201aSonnenkilometer\u2018 \u2013 zur\u00fccklegen. Dies bedeutet, dass in diesem Haushalt rund 50 Prozent an Stromkosten und CO2 beim Betrieb des Fahrzeugs eingespart werden k\u00f6nnen.<\/p>\n\n\n\n<p><strong>Am besten laden, wenn die Sonne scheint<\/strong><\/p>\n\n\n<div class=\"wp-block-image\">\n<figure class=\"alignleft size-full is-resized\"><a href=\"https:\/\/www.sonnenseite.com\/wp-content\/uploads\/2023\/06\/ADAC_sonnenkilometer_monitor01.jpg\"><img loading=\"lazy\" decoding=\"async\" src=\"https:\/\/www.sonnenseite.com\/wp-content\/uploads\/2023\/06\/ADAC_sonnenkilometer_monitor01.jpg\" alt=\"\" class=\"wp-image-92277\" width=\"355\" height=\"257\" srcset=\"https:\/\/www.sonnenseite.com\/wp-content\/uploads\/2023\/06\/ADAC_sonnenkilometer_monitor01.jpg 830w, https:\/\/www.sonnenseite.com\/wp-content\/uploads\/2023\/06\/ADAC_sonnenkilometer_monitor01-300x217.jpg 300w, https:\/\/www.sonnenseite.com\/wp-content\/uploads\/2023\/06\/ADAC_sonnenkilometer_monitor01-768x555.jpg 768w\" sizes=\"auto, (max-width: 355px) 100vw, 355px\" \/><\/a><figcaption class=\"wp-element-caption\">\u00a9 ADAC SE | Bestandsdaten E-Mobilit\u00e4t und Photovoltaik in Deutschland | Zum Vergr\u00f6\u00dfern anklicken!<\/figcaption><\/figure>\n<\/div>\n\n\n<p>Die Kombination aus Elektroauto und eigener PV-Anlage macht sowohl \u00f6konomisch als auch \u00f6kologisch Sinn. Die sogenannten Stromgestehungskosten, also die Kosten f\u00fcr die Installation bis zur Inbetriebnahme einer privaten Solaranlage, liegen zwischen acht und 18 Cent pro Kilowattstunde je nach Anlagekosten, Jahresverbrauch und angenommener Betriebsdauer. Der Solarstrom f\u00fcr den t\u00e4glichen Bedarf im Haushalt steht dann den Abnehmern praktisch ohne weitere Kosten zur Verf\u00fcgung. So sparen Verbraucherinnen und Verbraucher gegen\u00fcber dem aktuellen Preis handels\u00fcblichen Netzstroms, der beim deutschen Strommix momentan bei rund 33 Cent pro Kilowattstunde liegt.<\/p>\n\n\n\n<p>Ihr Maximum erreichen die Einsparungen dann, wenn jede selbst erzeugte Solar-Kilowattstunde auch selbst im Auto verbraucht wird \u2013 ohne weitere Umwandlungen oder Zwischenspeicher. Ergo: Das Laden des Elektroautos sollte idealerweise an der Verf\u00fcgbarkeit des Solarstroms ausgerichtet sein, am besten tags\u00fcber unter blauem Himmel.<\/p>\n\n\n\n<p>F\u00fcr \u00fcbersch\u00fcssigen Solarstrom, den private Betreiber einer PV-Anlage ins Netz einspeisen, gibt es zwischen sieben und acht Cent pro Kilowattstunde zur\u00fcck. Mit einem E-Auto kann der Eigenverbrauch des Solarstroms deutlich gesteigert und damit die Wirtschaftlichkeit der eigenen Solaranlage erh\u00f6ht werden. Mit jedem gefahrenen \u201aSonnenkilometer\u2018 verringern sich die Fahrtkosten und Emissionen somit erheblich.<\/p>\n\n\n\n<p><strong>Elektromobilit\u00e4t und Photovoltaik als umweltschonende Kombination<\/strong><br><br>In einer aktuellen Studie(**) der ADAC SE geben die Befragten die Reduzierung der Umweltbelastung als Top-Beweggrund zum Kauf oder Leasing eines Elektroautos an. Die Umfrage best\u00e4tigt dabei auch die Relevanz von Photovoltaikanlagen: 44 Prozent der Personen, die ein E-Auto besitzen und jede vierte Person, die in den kommenden drei Jahren ein E-Auto erwerben will, verf\u00fcgen bereits \u00fcber eine PV-Anlage zuhause. Weitere 24 Prozent mit E-Auto im Haushalt bzw. 34 Prozent mit Kaufabsicht planen in den n\u00e4chsten drei Jahren eine PV-Installation. Damit ist klar: Kosteng\u00fcnstige und umweltschonende \u201aSonnenkilometer\u2018 zur\u00fcckzulegen, ist eine zentrale Motivation bei der Umorientierung zur neuen Energieversorgung und zur neuen Mobilit\u00e4t.<\/p>\n\n\n\n<p><br><em>(*) Mit dem Elektroauto steigt der private Strombedarf erheblich. Je nach den gegebenen Voraussetzungen im Schnitt um 50 Prozent. Eine Photovoltaikanlage macht die Energieversorgung unabh\u00e4ngiger, g\u00fcnstiger und umweltschonender. Der ADAC Sonnenkilometer-Monitor weist die Relationen der m\u00f6glichen Stromversorgungs- und Ladealternativen f\u00fcr die individuelle Mobilit\u00e4t aus. Die grundlegenden Annahmen basieren auf ADAC-eigenen Daten, Erhebungen und Hochrechnungen (ADAC Solarrechner, ADAC e-Charge) sowie auf Bundesdurchschnittswerten und aktuellen Registerdaten.<\/em><\/p>\n\n\n\n<p><em>(**) Quelle: Die Online-Umfrage zu rein privat genutzten Elektroautos wurde im Auftrag der ADAC SE vom 1. bis 13.3.2023 durchgef\u00fchrt. Befragt wurden 3168 repr\u00e4sentativ eingeladene Personen ab 18 Jahren, in deren Haushalt mindestens ein Pkw vorhanden und\/oder die Anschaffung eines Pkw in den n\u00e4chsten drei Jahren geplant ist. Eine Online-Zusammenfassung der Studie mit Grafiken ist hier verf\u00fcgbar.<\/em><\/p>\n\n\n\n<p><\/p>\n\n\n\n<p>Die ADAC SE erm\u00f6glicht mit <a href=\"http:\/\/www.adac.de\/solar\" target=\"_blank\" rel=\"noreferrer noopener\"><strong>ADAC Solar<\/strong> <\/a>die einfache Planung von Photovoltaikanlagen: Die individuell ermittelten Vorteile durch Photovoltaik und E-Mobilit\u00e4t werden verst\u00e4ndlich und kalkulierbar aufbereitet. Mit nur wenigen Angaben zu ihrer Immobilie k\u00f6nnen sich Interessierte die Leistungsf\u00e4higkeit und Kosten einer Solaranlage f\u00fcr ihr Haus berechnen und diese anschlie\u00dfend vom Partner zolar individuell planen und installieren lassen. Bei Abschluss \u00fcber ADAC Solar erhalten <strong>ADAC Mitglieder<\/strong> einen exklusiven Vorteil in Form eines <strong>kostenfreien Solarmoduls<\/strong>.<\/p>\n\n\n<h5 class=\"green\">Quelle<\/h5>\r\n\n\n\n<p><a href=\"https:\/\/presse.adac.de\/meldungen\/adac-se\/das-unternehmen\/neuer-adac-monitor-schafft-transparenz-beim-laden-von-elektroautos.html\">ADAC 2023<\/a><\/p>\n<div class=\"shariff shariff-align-flex-start shariff-widget-align-flex-start\"><div class=\"ShariffHeadline\">Diese Meldung teilen<\/div><ul class=\"shariff-buttons theme-round orientation-horizontal buttonsize-medium\"><li class=\"shariff-button facebook shariff-nocustomcolor\" style=\"background-color:#4273c8;border-radius:1%\"><a href=\"https:\/\/www.facebook.com\/sharer\/sharer.php?u=https%3A%2F%2Fwww.sonnenseite.com%2Fde%2Fmobilitaet%2Fadac-solarrechner-schafft-transparenz-beim-laden-von-elektroautos%2F\" title=\"Bei Facebook teilen\" aria-label=\"Bei Facebook teilen\" role=\"button\" rel=\"nofollow\" class=\"shariff-link\" style=\";border-radius:1%; background-color:#3b5998; color:#fff\" target=\"_blank\"><span class=\"shariff-icon\" style=\"\"><svg width=\"32px\" height=\"20px\" xmlns=\"http:\/\/www.w3.org\/2000\/svg\" viewBox=\"0 0 18 32\"><path fill=\"#3b5998\" d=\"M17.1 0.2v4.7h-2.8q-1.5 0-2.1 0.6t-0.5 1.9v3.4h5.2l-0.7 5.3h-4.5v13.6h-5.5v-13.6h-4.5v-5.3h4.5v-3.9q0-3.3 1.9-5.2t5-1.8q2.6 0 4.1 0.2z\"\/><\/svg><\/span><\/a><\/li><li class=\"shariff-button twitter shariff-nocustomcolor\" style=\"background-color:#595959;border-radius:1%\"><a href=\"https:\/\/twitter.com\/share?url=https%3A%2F%2Fwww.sonnenseite.com%2Fde%2Fmobilitaet%2Fadac-solarrechner-schafft-transparenz-beim-laden-von-elektroautos%2F&text=ADAC-Solarrechner%20schafft%20Transparenz%20beim%20Laden%20von%20Elektroautos\" title=\"Bei X teilen\" aria-label=\"Bei X teilen\" role=\"button\" rel=\"noopener nofollow\" class=\"shariff-link\" style=\";border-radius:1%; background-color:#000; color:#fff\" target=\"_blank\"><span class=\"shariff-icon\" style=\"\"><svg width=\"32px\" height=\"20px\" xmlns=\"http:\/\/www.w3.org\/2000\/svg\" viewBox=\"0 0 24 24\"><path fill=\"#000\" d=\"M14.258 10.152L23.176 0h-2.113l-7.747 8.813L7.133 0H0l9.352 13.328L0 23.973h2.113l8.176-9.309 6.531 9.309h7.133zm-2.895 3.293l-.949-1.328L2.875 1.56h3.246l6.086 8.523.945 1.328 7.91 11.078h-3.246zm0 0\"\/><\/svg><\/span><\/a><\/li><li class=\"shariff-button xing shariff-nocustomcolor\" style=\"background-color:#29888a;border-radius:1%\"><a href=\"https:\/\/www.xing.com\/spi\/shares\/new?url=https%3A%2F%2Fwww.sonnenseite.com%2Fde%2Fmobilitaet%2Fadac-solarrechner-schafft-transparenz-beim-laden-von-elektroautos%2F\" title=\"Bei XING teilen\" aria-label=\"Bei XING teilen\" role=\"button\" rel=\"noopener nofollow\" class=\"shariff-link\" style=\";border-radius:1%; background-color:#126567; color:#fff\" target=\"_blank\"><span class=\"shariff-icon\" style=\"\"><svg width=\"32px\" height=\"20px\" xmlns=\"http:\/\/www.w3.org\/2000\/svg\" viewBox=\"0 0 25 32\"><path fill=\"#126567\" d=\"M10.7 11.9q-0.2 0.3-4.6 8.2-0.5 0.8-1.2 0.8h-4.3q-0.4 0-0.5-0.3t0-0.6l4.5-8q0 0 0 0l-2.9-5q-0.2-0.4 0-0.7 0.2-0.3 0.5-0.3h4.3q0.7 0 1.2 0.8zM25.1 0.4q0.2 0.3 0 0.7l-9.4 16.7 6 11q0.2 0.4 0 0.6-0.2 0.3-0.6 0.3h-4.3q-0.7 0-1.2-0.8l-6-11.1q0.3-0.6 9.5-16.8 0.4-0.8 1.2-0.8h4.3q0.4 0 0.5 0.3z\"\/><\/svg><\/span><\/a><\/li><li class=\"shariff-button linkedin shariff-nocustomcolor\" style=\"background-color:#1488bf;border-radius:1%\"><a href=\"https:\/\/www.linkedin.com\/sharing\/share-offsite\/?url=https%3A%2F%2Fwww.sonnenseite.com%2Fde%2Fmobilitaet%2Fadac-solarrechner-schafft-transparenz-beim-laden-von-elektroautos%2F\" title=\"Bei LinkedIn teilen\" aria-label=\"Bei LinkedIn teilen\" role=\"button\" rel=\"noopener nofollow\" class=\"shariff-link\" style=\";border-radius:1%; background-color:#0077b5; color:#fff\" target=\"_blank\"><span class=\"shariff-icon\" style=\"\"><svg width=\"32px\" height=\"20px\" xmlns=\"http:\/\/www.w3.org\/2000\/svg\" viewBox=\"0 0 27 32\"><path fill=\"#0077b5\" d=\"M6.2 11.2v17.7h-5.9v-17.7h5.9zM6.6 5.7q0 1.3-0.9 2.2t-2.4 0.9h0q-1.5 0-2.4-0.9t-0.9-2.2 0.9-2.2 2.4-0.9 2.4 0.9 0.9 2.2zM27.4 18.7v10.1h-5.9v-9.5q0-1.9-0.7-2.9t-2.3-1.1q-1.1 0-1.9 0.6t-1.2 1.5q-0.2 0.5-0.2 1.4v9.9h-5.9q0-7.1 0-11.6t0-5.3l0-0.9h5.9v2.6h0q0.4-0.6 0.7-1t1-0.9 1.6-0.8 2-0.3q3 0 4.9 2t1.9 6z\"\/><\/svg><\/span><\/a><\/li><li class=\"shariff-button printer shariff-nocustomcolor\" style=\"background-color:#a8a8a8;border-radius:1%\"><a href=\"javascript:window.print()\" title=\"drucken\" aria-label=\"drucken\" role=\"button\" rel=\"noopener nofollow\" class=\"shariff-link\" style=\";border-radius:1%; background-color:#999; color:#fff\"><span class=\"shariff-icon\" style=\"\"><svg width=\"32px\" height=\"20px\" xmlns=\"http:\/\/www.w3.org\/2000\/svg\" viewBox=\"0 0 30 32\"><path fill=\"#999\" d=\"M6.8 27.4h16v-4.6h-16v4.6zM6.8 16h16v-6.8h-2.8q-0.7 0-1.2-0.5t-0.5-1.2v-2.8h-11.4v11.4zM27.4 17.2q0-0.5-0.3-0.8t-0.8-0.4-0.8 0.4-0.3 0.8 0.3 0.8 0.8 0.3 0.8-0.3 0.3-0.8zM29.7 17.2v7.4q0 0.2-0.2 0.4t-0.4 0.2h-4v2.8q0 0.7-0.5 1.2t-1.2 0.5h-17.2q-0.7 0-1.2-0.5t-0.5-1.2v-2.8h-4q-0.2 0-0.4-0.2t-0.2-0.4v-7.4q0-1.4 1-2.4t2.4-1h1.2v-9.7q0-0.7 0.5-1.2t1.2-0.5h12q0.7 0 1.6 0.4t1.3 0.8l2.7 2.7q0.5 0.5 0.9 1.4t0.4 1.6v4.6h1.1q1.4 0 2.4 1t1 2.4z\"\/><\/svg><\/span><\/a><\/li><li class=\"shariff-button mailto shariff-nocustomcolor\" style=\"background-color:#a8a8a8;border-radius:1%\"><a href=\"mailto:?body=https%3A%2F%2Fwww.sonnenseite.com%2Fde%2Fmobilitaet%2Fadac-solarrechner-schafft-transparenz-beim-laden-von-elektroautos%2F&subject=ADAC-Solarrechner%20schafft%20Transparenz%20beim%20Laden%20von%20Elektroautos\" title=\"Per E-Mail versenden\" aria-label=\"Per E-Mail versenden\" role=\"button\" rel=\"noopener nofollow\" class=\"shariff-link\" style=\";border-radius:1%; background-color:#999; color:#fff\"><span class=\"shariff-icon\" style=\"\"><svg width=\"32px\" height=\"20px\" xmlns=\"http:\/\/www.w3.org\/2000\/svg\" viewBox=\"0 0 32 32\"><path fill=\"#999\" d=\"M32 12.7v14.2q0 1.2-0.8 2t-2 0.9h-26.3q-1.2 0-2-0.9t-0.8-2v-14.2q0.8 0.9 1.8 1.6 6.5 4.4 8.9 6.1 1 0.8 1.6 1.2t1.7 0.9 2 0.4h0.1q0.9 0 2-0.4t1.7-0.9 1.6-1.2q3-2.2 8.9-6.1 1-0.7 1.8-1.6zM32 7.4q0 1.4-0.9 2.7t-2.2 2.2q-6.7 4.7-8.4 5.8-0.2 0.1-0.7 0.5t-1 0.7-0.9 0.6-1.1 0.5-0.9 0.2h-0.1q-0.4 0-0.9-0.2t-1.1-0.5-0.9-0.6-1-0.7-0.7-0.5q-1.6-1.1-4.7-3.2t-3.6-2.6q-1.1-0.7-2.1-2t-1-2.5q0-1.4 0.7-2.3t2.1-0.9h26.3q1.2 0 2 0.8t0.9 2z\"\/><\/svg><\/span><\/a><\/li><\/ul><\/div>","protected":false},"excerpt":{"rendered":"<p>ADAC Sonnenkilometer-Monitor zeigt Ladem\u00f6glichkeiten im Vergleich &#8211; Erhebliche Kosten- und Umweltvorteile durch Solaranlagen m\u00f6glich &#8211; Umfrage: [&hellip;]<\/p>\n","protected":false},"author":3,"featured_media":92282,"comment_status":"closed","ping_status":"closed","sticky":false,"template":"","format":"standard","meta":{"inline_featured_image":false,"footnotes":""},"categories":[25],"tags":[],"class_list":["post-92272","post","type-post","status-publish","format-standard","has-post-thumbnail","hentry","category-mobilitaet"],"yoast_head":"<!-- This site is optimized with the Yoast SEO plugin v26.5 - https:\/\/yoast.com\/wordpress\/plugins\/seo\/ -->\n<title>ADAC-Solarrechner schafft Transparenz beim Laden von Elektroautos - Sonnenseite - \u00d6kologische Kommunikation mit Franz Alt<\/title>\n<meta name=\"description\" content=\"ADAC Sonnenkilometer-Monitor zeigt Ladem\u00f6glichkeiten im Vergleich - Erhebliche Kosten- und Umweltvorteile durch Solaranlagen m\u00f6glich - Umfrage: Bereits 44\" \/>\n<meta name=\"robots\" content=\"index, follow, max-snippet:-1, max-image-preview:large, max-video-preview:-1\" \/>\n<link rel=\"canonical\" href=\"https:\/\/www.sonnenseite.com\/de\/mobilitaet\/adac-solarrechner-schafft-transparenz-beim-laden-von-elektroautos\/\" \/>\n<meta property=\"og:locale\" content=\"de_DE\" \/>\n<meta property=\"og:type\" content=\"article\" \/>\n<meta property=\"og:title\" content=\"ADAC-Solarrechner schafft Transparenz beim Laden von Elektroautos - Sonnenseite - \u00d6kologische Kommunikation mit Franz Alt\" \/>\n<meta property=\"og:description\" content=\"ADAC Sonnenkilometer-Monitor zeigt Ladem\u00f6glichkeiten im Vergleich - Erhebliche Kosten- und Umweltvorteile durch Solaranlagen m\u00f6glich - Umfrage: Bereits 44\" \/>\n<meta property=\"og:url\" content=\"https:\/\/www.sonnenseite.com\/de\/mobilitaet\/adac-solarrechner-schafft-transparenz-beim-laden-von-elektroautos\/\" \/>\n<meta property=\"og:site_name\" content=\"Sonnenseite\" \/>\n<meta property=\"article:publisher\" content=\"https:\/\/www.facebook.com\/pages\/Franz-Alt-SONNENSEITECOM\/221072987903953?fref=ts\" \/>\n<meta property=\"article:published_time\" content=\"2023-07-01T00:59:00+00:00\" \/>\n<meta property=\"og:image\" content=\"https:\/\/www.sonnenseite.com\/wp-content\/uploads\/2023\/06\/E-Auto_Ladestation_lightpoet.jpg\" \/>\n\t<meta property=\"og:image:width\" content=\"770\" \/>\n\t<meta property=\"og:image:height\" content=\"420\" \/>\n\t<meta property=\"og:image:type\" content=\"image\/jpeg\" \/>\n<meta name=\"author\" content=\"Bigi Alt\" \/>\n<meta name=\"twitter:card\" content=\"summary_large_image\" \/>\n<meta name=\"twitter:creator\" content=\"@franzalt\" \/>\n<meta name=\"twitter:site\" content=\"@franzalt\" \/>\n<meta name=\"twitter:label1\" content=\"Verfasst von\" \/>\n\t<meta name=\"twitter:data1\" content=\"Bigi Alt\" \/>\n\t<meta name=\"twitter:label2\" content=\"Gesch\u00e4tzte Lesezeit\" \/>\n\t<meta name=\"twitter:data2\" content=\"6\u00a0Minuten\" \/>\n<script type=\"application\/ld+json\" class=\"yoast-schema-graph\">{\"@context\":\"https:\/\/schema.org\",\"@graph\":[{\"@type\":\"Article\",\"@id\":\"https:\/\/www.sonnenseite.com\/de\/mobilitaet\/adac-solarrechner-schafft-transparenz-beim-laden-von-elektroautos\/#article\",\"isPartOf\":{\"@id\":\"https:\/\/www.sonnenseite.com\/de\/mobilitaet\/adac-solarrechner-schafft-transparenz-beim-laden-von-elektroautos\/\"},\"author\":{\"name\":\"Bigi Alt\",\"@id\":\"https:\/\/www.sonnenseite.com\/de\/#\/schema\/person\/50fda0e926597684c7cc6695238a4eb9\"},\"headline\":\"ADAC-Solarrechner schafft Transparenz beim Laden von Elektroautos\",\"datePublished\":\"2023-07-01T00:59:00+00:00\",\"mainEntityOfPage\":{\"@id\":\"https:\/\/www.sonnenseite.com\/de\/mobilitaet\/adac-solarrechner-schafft-transparenz-beim-laden-von-elektroautos\/\"},\"wordCount\":929,\"publisher\":{\"@id\":\"https:\/\/www.sonnenseite.com\/de\/#organization\"},\"image\":{\"@id\":\"https:\/\/www.sonnenseite.com\/de\/mobilitaet\/adac-solarrechner-schafft-transparenz-beim-laden-von-elektroautos\/#primaryimage\"},\"thumbnailUrl\":\"https:\/\/www.sonnenseite.com\/wp-content\/uploads\/2023\/06\/E-Auto_Ladestation_lightpoet.jpg\",\"articleSection\":[\"Mobilit\u00e4t\"],\"inLanguage\":\"de\"},{\"@type\":\"WebPage\",\"@id\":\"https:\/\/www.sonnenseite.com\/de\/mobilitaet\/adac-solarrechner-schafft-transparenz-beim-laden-von-elektroautos\/\",\"url\":\"https:\/\/www.sonnenseite.com\/de\/mobilitaet\/adac-solarrechner-schafft-transparenz-beim-laden-von-elektroautos\/\",\"name\":\"ADAC-Solarrechner schafft Transparenz beim Laden von Elektroautos - Sonnenseite - \u00d6kologische Kommunikation mit Franz Alt\",\"isPartOf\":{\"@id\":\"https:\/\/www.sonnenseite.com\/de\/#website\"},\"primaryImageOfPage\":{\"@id\":\"https:\/\/www.sonnenseite.com\/de\/mobilitaet\/adac-solarrechner-schafft-transparenz-beim-laden-von-elektroautos\/#primaryimage\"},\"image\":{\"@id\":\"https:\/\/www.sonnenseite.com\/de\/mobilitaet\/adac-solarrechner-schafft-transparenz-beim-laden-von-elektroautos\/#primaryimage\"},\"thumbnailUrl\":\"https:\/\/www.sonnenseite.com\/wp-content\/uploads\/2023\/06\/E-Auto_Ladestation_lightpoet.jpg\",\"datePublished\":\"2023-07-01T00:59:00+00:00\",\"description\":\"ADAC Sonnenkilometer-Monitor zeigt Ladem\u00f6glichkeiten im Vergleich - Erhebliche Kosten- und Umweltvorteile durch Solaranlagen m\u00f6glich - Umfrage: Bereits 44\",\"breadcrumb\":{\"@id\":\"https:\/\/www.sonnenseite.com\/de\/mobilitaet\/adac-solarrechner-schafft-transparenz-beim-laden-von-elektroautos\/#breadcrumb\"},\"inLanguage\":\"de\",\"potentialAction\":[{\"@type\":\"ReadAction\",\"target\":[\"https:\/\/www.sonnenseite.com\/de\/mobilitaet\/adac-solarrechner-schafft-transparenz-beim-laden-von-elektroautos\/\"]}]},{\"@type\":\"ImageObject\",\"inLanguage\":\"de\",\"@id\":\"https:\/\/www.sonnenseite.com\/de\/mobilitaet\/adac-solarrechner-schafft-transparenz-beim-laden-von-elektroautos\/#primaryimage\",\"url\":\"https:\/\/www.sonnenseite.com\/wp-content\/uploads\/2023\/06\/E-Auto_Ladestation_lightpoet.jpg\",\"contentUrl\":\"https:\/\/www.sonnenseite.com\/wp-content\/uploads\/2023\/06\/E-Auto_Ladestation_lightpoet.jpg\",\"width\":770,\"height\":420,\"caption\":\"Depositphotos.com | lightpoet | E-Auto Ladestation\"},{\"@type\":\"BreadcrumbList\",\"@id\":\"https:\/\/www.sonnenseite.com\/de\/mobilitaet\/adac-solarrechner-schafft-transparenz-beim-laden-von-elektroautos\/#breadcrumb\",\"itemListElement\":[{\"@type\":\"ListItem\",\"position\":1,\"name\":\"Startseite\",\"item\":\"https:\/\/www.sonnenseite.com\/de\/\"},{\"@type\":\"ListItem\",\"position\":2,\"name\":\"ADAC-Solarrechner schafft Transparenz beim Laden von Elektroautos\"}]},{\"@type\":\"WebSite\",\"@id\":\"https:\/\/www.sonnenseite.com\/de\/#website\",\"url\":\"https:\/\/www.sonnenseite.com\/de\/\",\"name\":\"Sonnenseite\",\"description\":\"\u00d6kologische Kommunikation mit Franz Alt\",\"publisher\":{\"@id\":\"https:\/\/www.sonnenseite.com\/de\/#organization\"},\"potentialAction\":[{\"@type\":\"SearchAction\",\"target\":{\"@type\":\"EntryPoint\",\"urlTemplate\":\"https:\/\/www.sonnenseite.com\/de\/?s={search_term_string}\"},\"query-input\":{\"@type\":\"PropertyValueSpecification\",\"valueRequired\":true,\"valueName\":\"search_term_string\"}}],\"inLanguage\":\"de\"},{\"@type\":\"Organization\",\"@id\":\"https:\/\/www.sonnenseite.com\/de\/#organization\",\"name\":\"Sonnenseite\",\"url\":\"https:\/\/www.sonnenseite.com\/de\/\",\"logo\":{\"@type\":\"ImageObject\",\"inLanguage\":\"de\",\"@id\":\"https:\/\/www.sonnenseite.com\/de\/#\/schema\/logo\/image\/\",\"url\":\"https:\/\/www.sonnenseite.com\/wp-content\/uploads\/2020\/05\/Sonnenseite_Logo.png\",\"contentUrl\":\"https:\/\/www.sonnenseite.com\/wp-content\/uploads\/2020\/05\/Sonnenseite_Logo.png\",\"width\":377,\"height\":90,\"caption\":\"Sonnenseite\"},\"image\":{\"@id\":\"https:\/\/www.sonnenseite.com\/de\/#\/schema\/logo\/image\/\"},\"sameAs\":[\"https:\/\/www.facebook.com\/pages\/Franz-Alt-SONNENSEITECOM\/221072987903953?fref=ts\",\"https:\/\/x.com\/franzalt\",\"http:\/\/www.youtube.com\/results?search_query&amp;amp;quot;franz_alt&amp;amp;quot;&amp;amp;amp;amp;search_type&amp;amp;amp;amp;aq=f\"]},{\"@type\":\"Person\",\"@id\":\"https:\/\/www.sonnenseite.com\/de\/#\/schema\/person\/50fda0e926597684c7cc6695238a4eb9\",\"name\":\"Bigi Alt\"}]}<\/script>\n<!-- \/ Yoast SEO plugin. -->","yoast_head_json":{"title":"ADAC-Solarrechner schafft Transparenz beim Laden von Elektroautos - Sonnenseite - \u00d6kologische Kommunikation mit Franz Alt","description":"ADAC Sonnenkilometer-Monitor zeigt Ladem\u00f6glichkeiten im Vergleich - Erhebliche Kosten- und Umweltvorteile durch Solaranlagen m\u00f6glich - Umfrage: Bereits 44","robots":{"index":"index","follow":"follow","max-snippet":"max-snippet:-1","max-image-preview":"max-image-preview:large","max-video-preview":"max-video-preview:-1"},"canonical":"https:\/\/www.sonnenseite.com\/de\/mobilitaet\/adac-solarrechner-schafft-transparenz-beim-laden-von-elektroautos\/","og_locale":"de_DE","og_type":"article","og_title":"ADAC-Solarrechner schafft Transparenz beim Laden von Elektroautos - Sonnenseite - \u00d6kologische Kommunikation mit Franz Alt","og_description":"ADAC Sonnenkilometer-Monitor zeigt Ladem\u00f6glichkeiten im Vergleich - Erhebliche Kosten- und Umweltvorteile durch Solaranlagen m\u00f6glich - Umfrage: Bereits 44","og_url":"https:\/\/www.sonnenseite.com\/de\/mobilitaet\/adac-solarrechner-schafft-transparenz-beim-laden-von-elektroautos\/","og_site_name":"Sonnenseite","article_publisher":"https:\/\/www.facebook.com\/pages\/Franz-Alt-SONNENSEITECOM\/221072987903953?fref=ts","article_published_time":"2023-07-01T00:59:00+00:00","og_image":[{"width":770,"height":420,"url":"https:\/\/www.sonnenseite.com\/wp-content\/uploads\/2023\/06\/E-Auto_Ladestation_lightpoet.jpg","type":"image\/jpeg"}],"author":"Bigi Alt","twitter_card":"summary_large_image","twitter_creator":"@franzalt","twitter_site":"@franzalt","twitter_misc":{"Verfasst von":"Bigi Alt","Gesch\u00e4tzte Lesezeit":"6\u00a0Minuten"},"schema":{"@context":"https:\/\/schema.org","@graph":[{"@type":"Article","@id":"https:\/\/www.sonnenseite.com\/de\/mobilitaet\/adac-solarrechner-schafft-transparenz-beim-laden-von-elektroautos\/#article","isPartOf":{"@id":"https:\/\/www.sonnenseite.com\/de\/mobilitaet\/adac-solarrechner-schafft-transparenz-beim-laden-von-elektroautos\/"},"author":{"name":"Bigi Alt","@id":"https:\/\/www.sonnenseite.com\/de\/#\/schema\/person\/50fda0e926597684c7cc6695238a4eb9"},"headline":"ADAC-Solarrechner schafft Transparenz beim Laden von Elektroautos","datePublished":"2023-07-01T00:59:00+00:00","mainEntityOfPage":{"@id":"https:\/\/www.sonnenseite.com\/de\/mobilitaet\/adac-solarrechner-schafft-transparenz-beim-laden-von-elektroautos\/"},"wordCount":929,"publisher":{"@id":"https:\/\/www.sonnenseite.com\/de\/#organization"},"image":{"@id":"https:\/\/www.sonnenseite.com\/de\/mobilitaet\/adac-solarrechner-schafft-transparenz-beim-laden-von-elektroautos\/#primaryimage"},"thumbnailUrl":"https:\/\/www.sonnenseite.com\/wp-content\/uploads\/2023\/06\/E-Auto_Ladestation_lightpoet.jpg","articleSection":["Mobilit\u00e4t"],"inLanguage":"de"},{"@type":"WebPage","@id":"https:\/\/www.sonnenseite.com\/de\/mobilitaet\/adac-solarrechner-schafft-transparenz-beim-laden-von-elektroautos\/","url":"https:\/\/www.sonnenseite.com\/de\/mobilitaet\/adac-solarrechner-schafft-transparenz-beim-laden-von-elektroautos\/","name":"ADAC-Solarrechner schafft Transparenz beim Laden von Elektroautos - Sonnenseite - \u00d6kologische Kommunikation mit Franz Alt","isPartOf":{"@id":"https:\/\/www.sonnenseite.com\/de\/#website"},"primaryImageOfPage":{"@id":"https:\/\/www.sonnenseite.com\/de\/mobilitaet\/adac-solarrechner-schafft-transparenz-beim-laden-von-elektroautos\/#primaryimage"},"image":{"@id":"https:\/\/www.sonnenseite.com\/de\/mobilitaet\/adac-solarrechner-schafft-transparenz-beim-laden-von-elektroautos\/#primaryimage"},"thumbnailUrl":"https:\/\/www.sonnenseite.com\/wp-content\/uploads\/2023\/06\/E-Auto_Ladestation_lightpoet.jpg","datePublished":"2023-07-01T00:59:00+00:00","description":"ADAC Sonnenkilometer-Monitor zeigt Ladem\u00f6glichkeiten im Vergleich - Erhebliche Kosten- und Umweltvorteile durch Solaranlagen m\u00f6glich - Umfrage: Bereits 44","breadcrumb":{"@id":"https:\/\/www.sonnenseite.com\/de\/mobilitaet\/adac-solarrechner-schafft-transparenz-beim-laden-von-elektroautos\/#breadcrumb"},"inLanguage":"de","potentialAction":[{"@type":"ReadAction","target":["https:\/\/www.sonnenseite.com\/de\/mobilitaet\/adac-solarrechner-schafft-transparenz-beim-laden-von-elektroautos\/"]}]},{"@type":"ImageObject","inLanguage":"de","@id":"https:\/\/www.sonnenseite.com\/de\/mobilitaet\/adac-solarrechner-schafft-transparenz-beim-laden-von-elektroautos\/#primaryimage","url":"https:\/\/www.sonnenseite.com\/wp-content\/uploads\/2023\/06\/E-Auto_Ladestation_lightpoet.jpg","contentUrl":"https:\/\/www.sonnenseite.com\/wp-content\/uploads\/2023\/06\/E-Auto_Ladestation_lightpoet.jpg","width":770,"height":420,"caption":"Depositphotos.com | lightpoet | E-Auto Ladestation"},{"@type":"BreadcrumbList","@id":"https:\/\/www.sonnenseite.com\/de\/mobilitaet\/adac-solarrechner-schafft-transparenz-beim-laden-von-elektroautos\/#breadcrumb","itemListElement":[{"@type":"ListItem","position":1,"name":"Startseite","item":"https:\/\/www.sonnenseite.com\/de\/"},{"@type":"ListItem","position":2,"name":"ADAC-Solarrechner schafft Transparenz beim Laden von Elektroautos"}]},{"@type":"WebSite","@id":"https:\/\/www.sonnenseite.com\/de\/#website","url":"https:\/\/www.sonnenseite.com\/de\/","name":"Sonnenseite","description":"\u00d6kologische Kommunikation mit Franz Alt","publisher":{"@id":"https:\/\/www.sonnenseite.com\/de\/#organization"},"potentialAction":[{"@type":"SearchAction","target":{"@type":"EntryPoint","urlTemplate":"https:\/\/www.sonnenseite.com\/de\/?s={search_term_string}"},"query-input":{"@type":"PropertyValueSpecification","valueRequired":true,"valueName":"search_term_string"}}],"inLanguage":"de"},{"@type":"Organization","@id":"https:\/\/www.sonnenseite.com\/de\/#organization","name":"Sonnenseite","url":"https:\/\/www.sonnenseite.com\/de\/","logo":{"@type":"ImageObject","inLanguage":"de","@id":"https:\/\/www.sonnenseite.com\/de\/#\/schema\/logo\/image\/","url":"https:\/\/www.sonnenseite.com\/wp-content\/uploads\/2020\/05\/Sonnenseite_Logo.png","contentUrl":"https:\/\/www.sonnenseite.com\/wp-content\/uploads\/2020\/05\/Sonnenseite_Logo.png","width":377,"height":90,"caption":"Sonnenseite"},"image":{"@id":"https:\/\/www.sonnenseite.com\/de\/#\/schema\/logo\/image\/"},"sameAs":["https:\/\/www.facebook.com\/pages\/Franz-Alt-SONNENSEITECOM\/221072987903953?fref=ts","https:\/\/x.com\/franzalt","http:\/\/www.youtube.com\/results?search_query&amp;amp;quot;franz_alt&amp;amp;quot;&amp;amp;amp;amp;search_type&amp;amp;amp;amp;aq=f"]},{"@type":"Person","@id":"https:\/\/www.sonnenseite.com\/de\/#\/schema\/person\/50fda0e926597684c7cc6695238a4eb9","name":"Bigi Alt"}]}},"_links":{"self":[{"href":"https:\/\/www.sonnenseite.com\/de\/wp-json\/wp\/v2\/posts\/92272","targetHints":{"allow":["GET"]}}],"collection":[{"href":"https:\/\/www.sonnenseite.com\/de\/wp-json\/wp\/v2\/posts"}],"about":[{"href":"https:\/\/www.sonnenseite.com\/de\/wp-json\/wp\/v2\/types\/post"}],"author":[{"embeddable":true,"href":"https:\/\/www.sonnenseite.com\/de\/wp-json\/wp\/v2\/users\/3"}],"replies":[{"embeddable":true,"href":"https:\/\/www.sonnenseite.com\/de\/wp-json\/wp\/v2\/comments?post=92272"}],"version-history":[{"count":3,"href":"https:\/\/www.sonnenseite.com\/de\/wp-json\/wp\/v2\/posts\/92272\/revisions"}],"predecessor-version":[{"id":92279,"href":"https:\/\/www.sonnenseite.com\/de\/wp-json\/wp\/v2\/posts\/92272\/revisions\/92279"}],"wp:featuredmedia":[{"embeddable":true,"href":"https:\/\/www.sonnenseite.com\/de\/wp-json\/wp\/v2\/media\/92282"}],"wp:attachment":[{"href":"https:\/\/www.sonnenseite.com\/de\/wp-json\/wp\/v2\/media?parent=92272"}],"wp:term":[{"taxonomy":"category","embeddable":true,"href":"https:\/\/www.sonnenseite.com\/de\/wp-json\/wp\/v2\/categories?post=92272"},{"taxonomy":"post_tag","embeddable":true,"href":"https:\/\/www.sonnenseite.com\/de\/wp-json\/wp\/v2\/tags?post=92272"}],"curies":[{"name":"wp","href":"https:\/\/api.w.org\/{rel}","templated":true}]}}