{"id":92474,"date":"2023-07-08T02:22:00","date_gmt":"2023-07-08T00:22:00","guid":{"rendered":"https:\/\/www.sonnenseite.com\/?p=92474"},"modified":"2023-07-16T09:07:52","modified_gmt":"2023-07-16T07:07:52","slug":"meer-ist-kein-endlager-fuer-radioaktive-stoffe-aus-fukushima","status":"publish","type":"post","link":"https:\/\/www.sonnenseite.com\/de\/umwelt\/meer-ist-kein-endlager-fuer-radioaktive-stoffe-aus-fukushima\/","title":{"rendered":"Meer ist kein Endlager f\u00fcr radioaktive Stoffe aus Fukushima"},"content":{"rendered":"\n<p>Radioaktives Wasser soll \u00fcber Tunnel ins Meer geleitet werden<\/p>\n\n\n\n<p>Obwohl sich schon seit einiger Zeit abzeichnete, dass der AKW-Betreiber Tepco das radioaktive K\u00fchlwasser vom AKW Fukushima Daiichi \u00fcber einen Tunnel ins Meer entsorgen will, zeigt sich das Anti Atom Komitee und viele andere Umweltorganisationen nun \u00fcber die Tatsache schockiert, dass die japanische Regierung 1,27 Millionen Tonnen radioaktives Wasser \u00fcber einen Tunnel ins Meer leiten will.<br><br>Die Internationale Atomenergie Organisation IAEO gab Japan Ihr OK f\u00fcr diese verantwortungslose Entscheidung f\u00fcr Meer und Umwelt, von einer Institution die Atomenergie bef\u00fcrwortet.<br><br>\u201eDa stellt sich schon die Frage, wer solch einer Organisation, die autonom agiert, das Recht gibt, eine derartige Entscheidung gegen den Willen von Nachbarstaaten zu treffen\u201c, so Manfred Doppler und Sandra Wagner vom Anti Atom Komitee in einer ersten Reaktion.<br><br>Am 11. M\u00e4rz 2011 kam es im japanischen AKW Fukushima zu einem Supergau mit Kernschmelze, die noch immer andauert. Seitdem muss der Reaktor mit Wasser gek\u00fchlt werde. 1,27 Millionen Tonnen K\u00fchlwasser befinden sich mittlerweile in 1000 Tanks. Tepco hat nun keinen Platz mehr daf\u00fcr!<br><br>Seit zwei Jahren baut Fukushima Betreiber Tepco an einem Tunnel in der N\u00e4he des Reaktors 5 von Fukushima und der sich 12 Meter unter dem Meeresboden befindet. Der Tunnel unter dem Meeresboden soll das Kontaminierungsrisiko senken.<br><br>\u201eViele Jahrzehnte haben es sich die Staaten, die AKWs betreiben, leicht gemacht und gro\u00dfe Teile der atomaren Abf\u00e4lle einfach im Meer entsorgt. Was genau auf diese Weise f\u00fcr immer in den Tiefen verschwand, wei\u00df heute niemand mehr\u201c, erinnert Manfred Doppler an die Jahrzehnte \u00fcbliche Praxis.<br><br>\u201eBis 1982 versenkten neun Staaten schwach- und mittelradioaktive Abf\u00e4lle im Nordostatlantik, darunter auch Deutschland. L\u00e4nder des S\u00fcdpazifiks unterzeichneten den Vertrag von Rarotonga, der die Verklappung im S\u00fcdpazifik verbietet. Erst seit 1995 ist das Versenken von Atomm\u00fcll weltweit verboten\u201c; erg\u00e4nzt Sandra Wagner.<br><br>Und nun die Zustimmung der IAEO. Viele Staaten der Welt sprechen sich gegen diese katastrophale Entscheidung f\u00fcr Mensch und Umwelt aus. Auch die Nachbarl\u00e4nder China, S\u00fcdkorea, \u00f6rtliche Fischereibetriebe und viele Umweltschutzorganisationen sind gegen die sogenannte Verklappung, also gegen die Versenkung von Atomm\u00fcll im Meer.<br><br>\u201eDas Anti Atom Komitee verurteilt diese Freisetzung des radioaktiven Wassers aufs Sch\u00e4rfste, denn es ist bekannt, dass selbst sehr geringe Mengen an radioaktiven Stoffen in Organismen akkumulativ zu gef\u00e4hrlich hohen Konzentrationen f\u00fchren und damit in die Nahrungskette kommen k\u00f6nnen\u201c, sind sich Doppler und Wagner einig.<\/p>\n\n\n<h5 class=\"green\">Quelle<\/h5>\r\n\n\n\n<p><a href=\"https:\/\/www.oekonews.at\/?mdoc_id=1182171\">oekonews.at 2023<\/a> \/ <a href=\"https:\/\/www.oekonews.at\/?&amp;mdoc_id=1006387\">Doris Holler<\/a><\/p>\n<div class=\"shariff shariff-align-flex-start shariff-widget-align-flex-start\"><div class=\"ShariffHeadline\">Diese Meldung teilen<\/div><ul class=\"shariff-buttons theme-round orientation-horizontal buttonsize-medium\"><li class=\"shariff-button facebook shariff-nocustomcolor\" style=\"background-color:#4273c8;border-radius:1%\"><a href=\"https:\/\/www.facebook.com\/sharer\/sharer.php?u=https%3A%2F%2Fwww.sonnenseite.com%2Fde%2Fumwelt%2Fmeer-ist-kein-endlager-fuer-radioaktive-stoffe-aus-fukushima%2F\" title=\"Bei Facebook teilen\" aria-label=\"Bei Facebook teilen\" role=\"button\" rel=\"nofollow\" class=\"shariff-link\" style=\";border-radius:1%; background-color:#3b5998; color:#fff\" target=\"_blank\"><span class=\"shariff-icon\" style=\"\"><svg width=\"32px\" height=\"20px\" xmlns=\"http:\/\/www.w3.org\/2000\/svg\" viewBox=\"0 0 18 32\"><path fill=\"#3b5998\" d=\"M17.1 0.2v4.7h-2.8q-1.5 0-2.1 0.6t-0.5 1.9v3.4h5.2l-0.7 5.3h-4.5v13.6h-5.5v-13.6h-4.5v-5.3h4.5v-3.9q0-3.3 1.9-5.2t5-1.8q2.6 0 4.1 0.2z\"\/><\/svg><\/span><\/a><\/li><li class=\"shariff-button twitter shariff-nocustomcolor\" style=\"background-color:#595959;border-radius:1%\"><a href=\"https:\/\/twitter.com\/share?url=https%3A%2F%2Fwww.sonnenseite.com%2Fde%2Fumwelt%2Fmeer-ist-kein-endlager-fuer-radioaktive-stoffe-aus-fukushima%2F&text=Meer%20ist%20kein%20Endlager%20f%C3%BCr%20radioaktive%20Stoffe%20aus%20Fukushima\" title=\"Bei X teilen\" aria-label=\"Bei X teilen\" role=\"button\" rel=\"noopener nofollow\" class=\"shariff-link\" style=\";border-radius:1%; background-color:#000; color:#fff\" target=\"_blank\"><span class=\"shariff-icon\" style=\"\"><svg width=\"32px\" height=\"20px\" xmlns=\"http:\/\/www.w3.org\/2000\/svg\" viewBox=\"0 0 24 24\"><path fill=\"#000\" d=\"M14.258 10.152L23.176 0h-2.113l-7.747 8.813L7.133 0H0l9.352 13.328L0 23.973h2.113l8.176-9.309 6.531 9.309h7.133zm-2.895 3.293l-.949-1.328L2.875 1.56h3.246l6.086 8.523.945 1.328 7.91 11.078h-3.246zm0 0\"\/><\/svg><\/span><\/a><\/li><li class=\"shariff-button xing shariff-nocustomcolor\" style=\"background-color:#29888a;border-radius:1%\"><a href=\"https:\/\/www.xing.com\/spi\/shares\/new?url=https%3A%2F%2Fwww.sonnenseite.com%2Fde%2Fumwelt%2Fmeer-ist-kein-endlager-fuer-radioaktive-stoffe-aus-fukushima%2F\" title=\"Bei XING teilen\" aria-label=\"Bei XING teilen\" role=\"button\" rel=\"noopener nofollow\" class=\"shariff-link\" style=\";border-radius:1%; background-color:#126567; color:#fff\" target=\"_blank\"><span class=\"shariff-icon\" style=\"\"><svg width=\"32px\" height=\"20px\" xmlns=\"http:\/\/www.w3.org\/2000\/svg\" viewBox=\"0 0 25 32\"><path fill=\"#126567\" d=\"M10.7 11.9q-0.2 0.3-4.6 8.2-0.5 0.8-1.2 0.8h-4.3q-0.4 0-0.5-0.3t0-0.6l4.5-8q0 0 0 0l-2.9-5q-0.2-0.4 0-0.7 0.2-0.3 0.5-0.3h4.3q0.7 0 1.2 0.8zM25.1 0.4q0.2 0.3 0 0.7l-9.4 16.7 6 11q0.2 0.4 0 0.6-0.2 0.3-0.6 0.3h-4.3q-0.7 0-1.2-0.8l-6-11.1q0.3-0.6 9.5-16.8 0.4-0.8 1.2-0.8h4.3q0.4 0 0.5 0.3z\"\/><\/svg><\/span><\/a><\/li><li class=\"shariff-button linkedin shariff-nocustomcolor\" style=\"background-color:#1488bf;border-radius:1%\"><a href=\"https:\/\/www.linkedin.com\/sharing\/share-offsite\/?url=https%3A%2F%2Fwww.sonnenseite.com%2Fde%2Fumwelt%2Fmeer-ist-kein-endlager-fuer-radioaktive-stoffe-aus-fukushima%2F\" title=\"Bei LinkedIn teilen\" aria-label=\"Bei LinkedIn teilen\" role=\"button\" rel=\"noopener nofollow\" class=\"shariff-link\" style=\";border-radius:1%; background-color:#0077b5; color:#fff\" target=\"_blank\"><span class=\"shariff-icon\" style=\"\"><svg width=\"32px\" height=\"20px\" xmlns=\"http:\/\/www.w3.org\/2000\/svg\" viewBox=\"0 0 27 32\"><path fill=\"#0077b5\" d=\"M6.2 11.2v17.7h-5.9v-17.7h5.9zM6.6 5.7q0 1.3-0.9 2.2t-2.4 0.9h0q-1.5 0-2.4-0.9t-0.9-2.2 0.9-2.2 2.4-0.9 2.4 0.9 0.9 2.2zM27.4 18.7v10.1h-5.9v-9.5q0-1.9-0.7-2.9t-2.3-1.1q-1.1 0-1.9 0.6t-1.2 1.5q-0.2 0.5-0.2 1.4v9.9h-5.9q0-7.1 0-11.6t0-5.3l0-0.9h5.9v2.6h0q0.4-0.6 0.7-1t1-0.9 1.6-0.8 2-0.3q3 0 4.9 2t1.9 6z\"\/><\/svg><\/span><\/a><\/li><li class=\"shariff-button printer shariff-nocustomcolor\" style=\"background-color:#a8a8a8;border-radius:1%\"><a href=\"javascript:window.print()\" title=\"drucken\" aria-label=\"drucken\" role=\"button\" rel=\"noopener nofollow\" class=\"shariff-link\" style=\";border-radius:1%; background-color:#999; color:#fff\"><span class=\"shariff-icon\" style=\"\"><svg width=\"32px\" height=\"20px\" xmlns=\"http:\/\/www.w3.org\/2000\/svg\" viewBox=\"0 0 30 32\"><path fill=\"#999\" d=\"M6.8 27.4h16v-4.6h-16v4.6zM6.8 16h16v-6.8h-2.8q-0.7 0-1.2-0.5t-0.5-1.2v-2.8h-11.4v11.4zM27.4 17.2q0-0.5-0.3-0.8t-0.8-0.4-0.8 0.4-0.3 0.8 0.3 0.8 0.8 0.3 0.8-0.3 0.3-0.8zM29.7 17.2v7.4q0 0.2-0.2 0.4t-0.4 0.2h-4v2.8q0 0.7-0.5 1.2t-1.2 0.5h-17.2q-0.7 0-1.2-0.5t-0.5-1.2v-2.8h-4q-0.2 0-0.4-0.2t-0.2-0.4v-7.4q0-1.4 1-2.4t2.4-1h1.2v-9.7q0-0.7 0.5-1.2t1.2-0.5h12q0.7 0 1.6 0.4t1.3 0.8l2.7 2.7q0.5 0.5 0.9 1.4t0.4 1.6v4.6h1.1q1.4 0 2.4 1t1 2.4z\"\/><\/svg><\/span><\/a><\/li><li class=\"shariff-button mailto shariff-nocustomcolor\" style=\"background-color:#a8a8a8;border-radius:1%\"><a href=\"mailto:?body=https%3A%2F%2Fwww.sonnenseite.com%2Fde%2Fumwelt%2Fmeer-ist-kein-endlager-fuer-radioaktive-stoffe-aus-fukushima%2F&subject=Meer%20ist%20kein%20Endlager%20f%C3%BCr%20radioaktive%20Stoffe%20aus%20Fukushima\" title=\"Per E-Mail versenden\" aria-label=\"Per E-Mail versenden\" role=\"button\" rel=\"noopener nofollow\" class=\"shariff-link\" style=\";border-radius:1%; background-color:#999; color:#fff\"><span class=\"shariff-icon\" style=\"\"><svg width=\"32px\" height=\"20px\" xmlns=\"http:\/\/www.w3.org\/2000\/svg\" viewBox=\"0 0 32 32\"><path fill=\"#999\" d=\"M32 12.7v14.2q0 1.2-0.8 2t-2 0.9h-26.3q-1.2 0-2-0.9t-0.8-2v-14.2q0.8 0.9 1.8 1.6 6.5 4.4 8.9 6.1 1 0.8 1.6 1.2t1.7 0.9 2 0.4h0.1q0.9 0 2-0.4t1.7-0.9 1.6-1.2q3-2.2 8.9-6.1 1-0.7 1.8-1.6zM32 7.4q0 1.4-0.9 2.7t-2.2 2.2q-6.7 4.7-8.4 5.8-0.2 0.1-0.7 0.5t-1 0.7-0.9 0.6-1.1 0.5-0.9 0.2h-0.1q-0.4 0-0.9-0.2t-1.1-0.5-0.9-0.6-1-0.7-0.7-0.5q-1.6-1.1-4.7-3.2t-3.6-2.6q-1.1-0.7-2.1-2t-1-2.5q0-1.4 0.7-2.3t2.1-0.9h26.3q1.2 0 2 0.8t0.9 2z\"\/><\/svg><\/span><\/a><\/li><\/ul><\/div>","protected":false},"excerpt":{"rendered":"<p>Radioaktives Wasser soll \u00fcber Tunnel ins Meer geleitet werden Obwohl sich schon seit einiger Zeit abzeichnete, [&hellip;]<\/p>\n","protected":false},"author":3,"featured_media":92476,"comment_status":"closed","ping_status":"closed","sticky":false,"template":"","format":"standard","meta":{"inline_featured_image":false,"footnotes":""},"categories":[23],"tags":[],"class_list":["post-92474","post","type-post","status-publish","format-standard","has-post-thumbnail","hentry","category-umwelt"],"yoast_head":"<!-- This site is optimized with the Yoast SEO plugin v26.5 - https:\/\/yoast.com\/wordpress\/plugins\/seo\/ -->\n<title>Meer ist kein Endlager f\u00fcr radioaktive Stoffe aus Fukushima - Sonnenseite - \u00d6kologische Kommunikation mit Franz Alt<\/title>\n<meta name=\"description\" content=\"Radioaktives Wasser soll \u00fcber Tunnel ins Meer geleitet werden Obwohl sich schon seit einiger Zeit abzeichnete, dass der AKW-Betreiber Tepco das\" \/>\n<meta name=\"robots\" content=\"index, follow, max-snippet:-1, max-image-preview:large, max-video-preview:-1\" \/>\n<link rel=\"canonical\" href=\"https:\/\/www.sonnenseite.com\/de\/umwelt\/meer-ist-kein-endlager-fuer-radioaktive-stoffe-aus-fukushima\/\" \/>\n<meta property=\"og:locale\" content=\"de_DE\" \/>\n<meta property=\"og:type\" content=\"article\" \/>\n<meta property=\"og:title\" content=\"Meer ist kein Endlager f\u00fcr radioaktive Stoffe aus Fukushima - Sonnenseite - \u00d6kologische Kommunikation mit Franz Alt\" \/>\n<meta property=\"og:description\" content=\"Radioaktives Wasser soll \u00fcber Tunnel ins Meer geleitet werden Obwohl sich schon seit einiger Zeit abzeichnete, dass der AKW-Betreiber Tepco das\" \/>\n<meta property=\"og:url\" content=\"https:\/\/www.sonnenseite.com\/de\/umwelt\/meer-ist-kein-endlager-fuer-radioaktive-stoffe-aus-fukushima\/\" \/>\n<meta property=\"og:site_name\" content=\"Sonnenseite\" \/>\n<meta property=\"article:publisher\" content=\"https:\/\/www.facebook.com\/pages\/Franz-Alt-SONNENSEITECOM\/221072987903953?fref=ts\" \/>\n<meta property=\"article:published_time\" content=\"2023-07-08T00:22:00+00:00\" \/>\n<meta property=\"article:modified_time\" content=\"2023-07-16T07:07:52+00:00\" \/>\n<meta property=\"og:image\" content=\"https:\/\/www.sonnenseite.com\/wp-content\/uploads\/2023\/07\/Tepco.jpg\" \/>\n\t<meta property=\"og:image:width\" content=\"770\" \/>\n\t<meta property=\"og:image:height\" content=\"420\" \/>\n\t<meta property=\"og:image:type\" content=\"image\/jpeg\" \/>\n<meta name=\"author\" content=\"Bigi Alt\" \/>\n<meta name=\"twitter:card\" content=\"summary_large_image\" \/>\n<meta name=\"twitter:creator\" content=\"@franzalt\" \/>\n<meta name=\"twitter:site\" content=\"@franzalt\" \/>\n<meta name=\"twitter:label1\" content=\"Verfasst von\" \/>\n\t<meta name=\"twitter:data1\" content=\"Bigi Alt\" \/>\n\t<meta name=\"twitter:label2\" content=\"Gesch\u00e4tzte Lesezeit\" \/>\n\t<meta name=\"twitter:data2\" content=\"3\u00a0Minuten\" \/>\n<script type=\"application\/ld+json\" class=\"yoast-schema-graph\">{\"@context\":\"https:\/\/schema.org\",\"@graph\":[{\"@type\":\"Article\",\"@id\":\"https:\/\/www.sonnenseite.com\/de\/umwelt\/meer-ist-kein-endlager-fuer-radioaktive-stoffe-aus-fukushima\/#article\",\"isPartOf\":{\"@id\":\"https:\/\/www.sonnenseite.com\/de\/umwelt\/meer-ist-kein-endlager-fuer-radioaktive-stoffe-aus-fukushima\/\"},\"author\":{\"name\":\"Bigi Alt\",\"@id\":\"https:\/\/www.sonnenseite.com\/de\/#\/schema\/person\/50fda0e926597684c7cc6695238a4eb9\"},\"headline\":\"Meer ist kein Endlager f\u00fcr radioaktive Stoffe aus Fukushima\",\"datePublished\":\"2023-07-08T00:22:00+00:00\",\"dateModified\":\"2023-07-16T07:07:52+00:00\",\"mainEntityOfPage\":{\"@id\":\"https:\/\/www.sonnenseite.com\/de\/umwelt\/meer-ist-kein-endlager-fuer-radioaktive-stoffe-aus-fukushima\/\"},\"wordCount\":414,\"publisher\":{\"@id\":\"https:\/\/www.sonnenseite.com\/de\/#organization\"},\"image\":{\"@id\":\"https:\/\/www.sonnenseite.com\/de\/umwelt\/meer-ist-kein-endlager-fuer-radioaktive-stoffe-aus-fukushima\/#primaryimage\"},\"thumbnailUrl\":\"https:\/\/www.sonnenseite.com\/wp-content\/uploads\/2023\/07\/Tepco.jpg\",\"articleSection\":[\"Umwelt\"],\"inLanguage\":\"de\"},{\"@type\":\"WebPage\",\"@id\":\"https:\/\/www.sonnenseite.com\/de\/umwelt\/meer-ist-kein-endlager-fuer-radioaktive-stoffe-aus-fukushima\/\",\"url\":\"https:\/\/www.sonnenseite.com\/de\/umwelt\/meer-ist-kein-endlager-fuer-radioaktive-stoffe-aus-fukushima\/\",\"name\":\"Meer ist kein Endlager f\u00fcr radioaktive Stoffe aus Fukushima - Sonnenseite - \u00d6kologische Kommunikation mit Franz Alt\",\"isPartOf\":{\"@id\":\"https:\/\/www.sonnenseite.com\/de\/#website\"},\"primaryImageOfPage\":{\"@id\":\"https:\/\/www.sonnenseite.com\/de\/umwelt\/meer-ist-kein-endlager-fuer-radioaktive-stoffe-aus-fukushima\/#primaryimage\"},\"image\":{\"@id\":\"https:\/\/www.sonnenseite.com\/de\/umwelt\/meer-ist-kein-endlager-fuer-radioaktive-stoffe-aus-fukushima\/#primaryimage\"},\"thumbnailUrl\":\"https:\/\/www.sonnenseite.com\/wp-content\/uploads\/2023\/07\/Tepco.jpg\",\"datePublished\":\"2023-07-08T00:22:00+00:00\",\"dateModified\":\"2023-07-16T07:07:52+00:00\",\"description\":\"Radioaktives Wasser soll \u00fcber Tunnel ins Meer geleitet werden Obwohl sich schon seit einiger Zeit abzeichnete, dass der AKW-Betreiber Tepco das\",\"breadcrumb\":{\"@id\":\"https:\/\/www.sonnenseite.com\/de\/umwelt\/meer-ist-kein-endlager-fuer-radioaktive-stoffe-aus-fukushima\/#breadcrumb\"},\"inLanguage\":\"de\",\"potentialAction\":[{\"@type\":\"ReadAction\",\"target\":[\"https:\/\/www.sonnenseite.com\/de\/umwelt\/meer-ist-kein-endlager-fuer-radioaktive-stoffe-aus-fukushima\/\"]}]},{\"@type\":\"ImageObject\",\"inLanguage\":\"de\",\"@id\":\"https:\/\/www.sonnenseite.com\/de\/umwelt\/meer-ist-kein-endlager-fuer-radioaktive-stoffe-aus-fukushima\/#primaryimage\",\"url\":\"https:\/\/www.sonnenseite.com\/wp-content\/uploads\/2023\/07\/Tepco.jpg\",\"contentUrl\":\"https:\/\/www.sonnenseite.com\/wp-content\/uploads\/2023\/07\/Tepco.jpg\",\"width\":770,\"height\":420,\"caption\":\"\u9632\u885b\u7701 \/ Tepco\"},{\"@type\":\"BreadcrumbList\",\"@id\":\"https:\/\/www.sonnenseite.com\/de\/umwelt\/meer-ist-kein-endlager-fuer-radioaktive-stoffe-aus-fukushima\/#breadcrumb\",\"itemListElement\":[{\"@type\":\"ListItem\",\"position\":1,\"name\":\"Startseite\",\"item\":\"https:\/\/www.sonnenseite.com\/de\/\"},{\"@type\":\"ListItem\",\"position\":2,\"name\":\"Meer ist kein Endlager f\u00fcr radioaktive Stoffe aus Fukushima\"}]},{\"@type\":\"WebSite\",\"@id\":\"https:\/\/www.sonnenseite.com\/de\/#website\",\"url\":\"https:\/\/www.sonnenseite.com\/de\/\",\"name\":\"Sonnenseite\",\"description\":\"\u00d6kologische Kommunikation mit Franz Alt\",\"publisher\":{\"@id\":\"https:\/\/www.sonnenseite.com\/de\/#organization\"},\"potentialAction\":[{\"@type\":\"SearchAction\",\"target\":{\"@type\":\"EntryPoint\",\"urlTemplate\":\"https:\/\/www.sonnenseite.com\/de\/?s={search_term_string}\"},\"query-input\":{\"@type\":\"PropertyValueSpecification\",\"valueRequired\":true,\"valueName\":\"search_term_string\"}}],\"inLanguage\":\"de\"},{\"@type\":\"Organization\",\"@id\":\"https:\/\/www.sonnenseite.com\/de\/#organization\",\"name\":\"Sonnenseite\",\"url\":\"https:\/\/www.sonnenseite.com\/de\/\",\"logo\":{\"@type\":\"ImageObject\",\"inLanguage\":\"de\",\"@id\":\"https:\/\/www.sonnenseite.com\/de\/#\/schema\/logo\/image\/\",\"url\":\"https:\/\/www.sonnenseite.com\/wp-content\/uploads\/2020\/05\/Sonnenseite_Logo.png\",\"contentUrl\":\"https:\/\/www.sonnenseite.com\/wp-content\/uploads\/2020\/05\/Sonnenseite_Logo.png\",\"width\":377,\"height\":90,\"caption\":\"Sonnenseite\"},\"image\":{\"@id\":\"https:\/\/www.sonnenseite.com\/de\/#\/schema\/logo\/image\/\"},\"sameAs\":[\"https:\/\/www.facebook.com\/pages\/Franz-Alt-SONNENSEITECOM\/221072987903953?fref=ts\",\"https:\/\/x.com\/franzalt\",\"http:\/\/www.youtube.com\/results?search_query&amp;amp;quot;franz_alt&amp;amp;quot;&amp;amp;amp;amp;search_type&amp;amp;amp;amp;aq=f\"]},{\"@type\":\"Person\",\"@id\":\"https:\/\/www.sonnenseite.com\/de\/#\/schema\/person\/50fda0e926597684c7cc6695238a4eb9\",\"name\":\"Bigi Alt\"}]}<\/script>\n<!-- \/ Yoast SEO plugin. -->","yoast_head_json":{"title":"Meer ist kein Endlager f\u00fcr radioaktive Stoffe aus Fukushima - Sonnenseite - \u00d6kologische Kommunikation mit Franz Alt","description":"Radioaktives Wasser soll \u00fcber Tunnel ins Meer geleitet werden Obwohl sich schon seit einiger Zeit abzeichnete, dass der AKW-Betreiber Tepco das","robots":{"index":"index","follow":"follow","max-snippet":"max-snippet:-1","max-image-preview":"max-image-preview:large","max-video-preview":"max-video-preview:-1"},"canonical":"https:\/\/www.sonnenseite.com\/de\/umwelt\/meer-ist-kein-endlager-fuer-radioaktive-stoffe-aus-fukushima\/","og_locale":"de_DE","og_type":"article","og_title":"Meer ist kein Endlager f\u00fcr radioaktive Stoffe aus Fukushima - Sonnenseite - \u00d6kologische Kommunikation mit Franz Alt","og_description":"Radioaktives Wasser soll \u00fcber Tunnel ins Meer geleitet werden Obwohl sich schon seit einiger Zeit abzeichnete, dass der AKW-Betreiber Tepco das","og_url":"https:\/\/www.sonnenseite.com\/de\/umwelt\/meer-ist-kein-endlager-fuer-radioaktive-stoffe-aus-fukushima\/","og_site_name":"Sonnenseite","article_publisher":"https:\/\/www.facebook.com\/pages\/Franz-Alt-SONNENSEITECOM\/221072987903953?fref=ts","article_published_time":"2023-07-08T00:22:00+00:00","article_modified_time":"2023-07-16T07:07:52+00:00","og_image":[{"width":770,"height":420,"url":"https:\/\/www.sonnenseite.com\/wp-content\/uploads\/2023\/07\/Tepco.jpg","type":"image\/jpeg"}],"author":"Bigi Alt","twitter_card":"summary_large_image","twitter_creator":"@franzalt","twitter_site":"@franzalt","twitter_misc":{"Verfasst von":"Bigi Alt","Gesch\u00e4tzte Lesezeit":"3\u00a0Minuten"},"schema":{"@context":"https:\/\/schema.org","@graph":[{"@type":"Article","@id":"https:\/\/www.sonnenseite.com\/de\/umwelt\/meer-ist-kein-endlager-fuer-radioaktive-stoffe-aus-fukushima\/#article","isPartOf":{"@id":"https:\/\/www.sonnenseite.com\/de\/umwelt\/meer-ist-kein-endlager-fuer-radioaktive-stoffe-aus-fukushima\/"},"author":{"name":"Bigi Alt","@id":"https:\/\/www.sonnenseite.com\/de\/#\/schema\/person\/50fda0e926597684c7cc6695238a4eb9"},"headline":"Meer ist kein Endlager f\u00fcr radioaktive Stoffe aus Fukushima","datePublished":"2023-07-08T00:22:00+00:00","dateModified":"2023-07-16T07:07:52+00:00","mainEntityOfPage":{"@id":"https:\/\/www.sonnenseite.com\/de\/umwelt\/meer-ist-kein-endlager-fuer-radioaktive-stoffe-aus-fukushima\/"},"wordCount":414,"publisher":{"@id":"https:\/\/www.sonnenseite.com\/de\/#organization"},"image":{"@id":"https:\/\/www.sonnenseite.com\/de\/umwelt\/meer-ist-kein-endlager-fuer-radioaktive-stoffe-aus-fukushima\/#primaryimage"},"thumbnailUrl":"https:\/\/www.sonnenseite.com\/wp-content\/uploads\/2023\/07\/Tepco.jpg","articleSection":["Umwelt"],"inLanguage":"de"},{"@type":"WebPage","@id":"https:\/\/www.sonnenseite.com\/de\/umwelt\/meer-ist-kein-endlager-fuer-radioaktive-stoffe-aus-fukushima\/","url":"https:\/\/www.sonnenseite.com\/de\/umwelt\/meer-ist-kein-endlager-fuer-radioaktive-stoffe-aus-fukushima\/","name":"Meer ist kein Endlager f\u00fcr radioaktive Stoffe aus Fukushima - Sonnenseite - \u00d6kologische Kommunikation mit Franz Alt","isPartOf":{"@id":"https:\/\/www.sonnenseite.com\/de\/#website"},"primaryImageOfPage":{"@id":"https:\/\/www.sonnenseite.com\/de\/umwelt\/meer-ist-kein-endlager-fuer-radioaktive-stoffe-aus-fukushima\/#primaryimage"},"image":{"@id":"https:\/\/www.sonnenseite.com\/de\/umwelt\/meer-ist-kein-endlager-fuer-radioaktive-stoffe-aus-fukushima\/#primaryimage"},"thumbnailUrl":"https:\/\/www.sonnenseite.com\/wp-content\/uploads\/2023\/07\/Tepco.jpg","datePublished":"2023-07-08T00:22:00+00:00","dateModified":"2023-07-16T07:07:52+00:00","description":"Radioaktives Wasser soll \u00fcber Tunnel ins Meer geleitet werden Obwohl sich schon seit einiger Zeit abzeichnete, dass der AKW-Betreiber Tepco das","breadcrumb":{"@id":"https:\/\/www.sonnenseite.com\/de\/umwelt\/meer-ist-kein-endlager-fuer-radioaktive-stoffe-aus-fukushima\/#breadcrumb"},"inLanguage":"de","potentialAction":[{"@type":"ReadAction","target":["https:\/\/www.sonnenseite.com\/de\/umwelt\/meer-ist-kein-endlager-fuer-radioaktive-stoffe-aus-fukushima\/"]}]},{"@type":"ImageObject","inLanguage":"de","@id":"https:\/\/www.sonnenseite.com\/de\/umwelt\/meer-ist-kein-endlager-fuer-radioaktive-stoffe-aus-fukushima\/#primaryimage","url":"https:\/\/www.sonnenseite.com\/wp-content\/uploads\/2023\/07\/Tepco.jpg","contentUrl":"https:\/\/www.sonnenseite.com\/wp-content\/uploads\/2023\/07\/Tepco.jpg","width":770,"height":420,"caption":"\u9632\u885b\u7701 \/ Tepco"},{"@type":"BreadcrumbList","@id":"https:\/\/www.sonnenseite.com\/de\/umwelt\/meer-ist-kein-endlager-fuer-radioaktive-stoffe-aus-fukushima\/#breadcrumb","itemListElement":[{"@type":"ListItem","position":1,"name":"Startseite","item":"https:\/\/www.sonnenseite.com\/de\/"},{"@type":"ListItem","position":2,"name":"Meer ist kein Endlager f\u00fcr radioaktive Stoffe aus Fukushima"}]},{"@type":"WebSite","@id":"https:\/\/www.sonnenseite.com\/de\/#website","url":"https:\/\/www.sonnenseite.com\/de\/","name":"Sonnenseite","description":"\u00d6kologische Kommunikation mit Franz Alt","publisher":{"@id":"https:\/\/www.sonnenseite.com\/de\/#organization"},"potentialAction":[{"@type":"SearchAction","target":{"@type":"EntryPoint","urlTemplate":"https:\/\/www.sonnenseite.com\/de\/?s={search_term_string}"},"query-input":{"@type":"PropertyValueSpecification","valueRequired":true,"valueName":"search_term_string"}}],"inLanguage":"de"},{"@type":"Organization","@id":"https:\/\/www.sonnenseite.com\/de\/#organization","name":"Sonnenseite","url":"https:\/\/www.sonnenseite.com\/de\/","logo":{"@type":"ImageObject","inLanguage":"de","@id":"https:\/\/www.sonnenseite.com\/de\/#\/schema\/logo\/image\/","url":"https:\/\/www.sonnenseite.com\/wp-content\/uploads\/2020\/05\/Sonnenseite_Logo.png","contentUrl":"https:\/\/www.sonnenseite.com\/wp-content\/uploads\/2020\/05\/Sonnenseite_Logo.png","width":377,"height":90,"caption":"Sonnenseite"},"image":{"@id":"https:\/\/www.sonnenseite.com\/de\/#\/schema\/logo\/image\/"},"sameAs":["https:\/\/www.facebook.com\/pages\/Franz-Alt-SONNENSEITECOM\/221072987903953?fref=ts","https:\/\/x.com\/franzalt","http:\/\/www.youtube.com\/results?search_query&amp;amp;quot;franz_alt&amp;amp;quot;&amp;amp;amp;amp;search_type&amp;amp;amp;amp;aq=f"]},{"@type":"Person","@id":"https:\/\/www.sonnenseite.com\/de\/#\/schema\/person\/50fda0e926597684c7cc6695238a4eb9","name":"Bigi Alt"}]}},"_links":{"self":[{"href":"https:\/\/www.sonnenseite.com\/de\/wp-json\/wp\/v2\/posts\/92474","targetHints":{"allow":["GET"]}}],"collection":[{"href":"https:\/\/www.sonnenseite.com\/de\/wp-json\/wp\/v2\/posts"}],"about":[{"href":"https:\/\/www.sonnenseite.com\/de\/wp-json\/wp\/v2\/types\/post"}],"author":[{"embeddable":true,"href":"https:\/\/www.sonnenseite.com\/de\/wp-json\/wp\/v2\/users\/3"}],"replies":[{"embeddable":true,"href":"https:\/\/www.sonnenseite.com\/de\/wp-json\/wp\/v2\/comments?post=92474"}],"version-history":[{"count":1,"href":"https:\/\/www.sonnenseite.com\/de\/wp-json\/wp\/v2\/posts\/92474\/revisions"}],"predecessor-version":[{"id":92475,"href":"https:\/\/www.sonnenseite.com\/de\/wp-json\/wp\/v2\/posts\/92474\/revisions\/92475"}],"wp:featuredmedia":[{"embeddable":true,"href":"https:\/\/www.sonnenseite.com\/de\/wp-json\/wp\/v2\/media\/92476"}],"wp:attachment":[{"href":"https:\/\/www.sonnenseite.com\/de\/wp-json\/wp\/v2\/media?parent=92474"}],"wp:term":[{"taxonomy":"category","embeddable":true,"href":"https:\/\/www.sonnenseite.com\/de\/wp-json\/wp\/v2\/categories?post=92474"},{"taxonomy":"post_tag","embeddable":true,"href":"https:\/\/www.sonnenseite.com\/de\/wp-json\/wp\/v2\/tags?post=92474"}],"curies":[{"name":"wp","href":"https:\/\/api.w.org\/{rel}","templated":true}]}}