{"id":92497,"date":"2023-07-08T12:10:09","date_gmt":"2023-07-08T10:10:09","guid":{"rendered":"https:\/\/www.sonnenseite.com\/?p=92497"},"modified":"2023-07-16T09:10:33","modified_gmt":"2023-07-16T07:10:33","slug":"ifeu-podcast-achtung-vorkette-fluessigerdgas-ist-klimaschaedlicher-als-gedacht","status":"publish","type":"post","link":"https:\/\/www.sonnenseite.com\/de\/energie\/ifeu-podcast-achtung-vorkette-fluessigerdgas-ist-klimaschaedlicher-als-gedacht\/","title":{"rendered":"ifeu-Podcast: Achtung, Vorkette! Fl\u00fcssigerdgas ist klimasch\u00e4dlicher als gedacht"},"content":{"rendered":"\n<p>Den Gashunger wollen Deutschland sowie andere k\u00fcnftig auch durch Erdgasimporte aus L\u00e4ndern wie Katar, Indonesien und den USA stillen.<\/p>\n\n\n\n<p>In <a href=\"https:\/\/ifeu-update.podigee.io\/7-neue-episode\">Folge 9 des ifeu-Podcasts<\/a> erkl\u00e4rt der Physiker Daniel M\u00fcnter warum schon die Bereitstellung von Fl\u00fcssigerdgas (LNG) und Pipeline-Erdgas sehr klimasch\u00e4dlich ist und was Deutschland und die EU tun k\u00f6nnen, um die Emissionen m\u00f6glichst gering zu halten.<br><br>Die Bereitstellung von Erdgas belastet das Klima viel st\u00e4rker als bislang angenommen \u2013 das zeigt eine neue ifeu-Studie, deren Ergebnisse der Forscher Daniel M\u00fcnter im Podcast zusammenfasst. Bislang lagen zur F\u00f6rderung, Aufbereitung, Verfl\u00fcssigung und zum Transport des Gases, der sogenannten Vorkette, nur Sch\u00e4tzwerte vor, die allesamt sehr niedrig angesetzt waren. Durch umfassende Berechnungen auf Basis von Studien, Hochrechnungen, Satellitendaten und Messdaten aus den USA konnten die ifeu-Forschenden nun nachweisen, dass die Vorkettenemissionen das Klima tats\u00e4chlich empfindlich sch\u00e4digen.<\/p>\n\n\n\n<h4 class=\"wp-block-heading\">LNG: K\u00fchlungsprozess verschlingt gro\u00dfe Mengen Energie<\/h4>\n\n\n\n<p>Im Podcast berichtet der Forscher \u00fcber die Ergebnisse des k\u00fcrzlich ver\u00f6ffentlichten Berichts \u201eAnalyse der Treibhausgasintensit\u00e4ten von LNG-Importen nach Deutschland\u201c, die er mit seinem Kollegen Axel Liebich im Auftrag der Wissenschaftsplattform Klimaschutz, einem Beratergremium des Bundesministeriums f\u00fcr Wirtschaft und Klimaschutz, durchgef\u00fchrt hat. Hier zeigte sich: Allein die Verfl\u00fcssigung des Gases zu LNG verschlingt schon gro\u00dfe Mengen Energie und verursacht so erhebliche Emissionen. Au\u00dferdem entweicht \u00fcberall entlang der Prozesskette extrem klimasch\u00e4dliches Methan, das bis zu einem Drittel der Vorkettenbelastung ausmachen kann. Diese Emissionen w\u00e4ren prinzipiell vermeidbar: \u00dcberall auf der Welt entweicht das Gas weitgehend unbemerkt aus defekten Anlagen oder wird sogar absichtlich abgelassen, wenn Pipelines oder Bohrl\u00f6cher gewartet werden.<\/p>\n\n\n\n<h4 class=\"wp-block-heading\"><br>Bis zu 50 % zus\u00e4tzliche Emissionen durch die Vorkette<\/h4>\n\n\n\n<p>Der Beitrag der Vorkette ist im Vergleich zur sp\u00e4teren Verbrennung des Gases in Kraftwerken und Heizungen erstaunlich hoch: Bis zu 50 Prozent zus\u00e4tzlicher Klimaemissionen entstehen bei F\u00f6rderung, Aufbereitung und Transport. Am schlechtesten schneiden dabei die potenziellen LNG-Lieferanten USA und Algerien ab, wo pro Energieeinheit (Megajoule Heizwert des Erdgases) rund 23 bzw. 27 Gramm CO2-\u00c4quivalente Vorkettenemissionen anfallen. Zum Vergleich: Die Vorkette f\u00fcr Pipelinegas aus Norwegen tr\u00e4gt nur etwa 3 gCO2e\/MJ bei. Daniel M\u00fcnter: \u201eDeutschland und die EU sollten dringend eine saubere und emissionsarme Erdgasf\u00f6rderung in L\u00e4ndern wie Algerien, Katar, Nigeria und den USA einfordern.\u201c Zum Beispiel, indem sie Vorgaben zu den F\u00f6rderbedingungen erarbeiteten und regelm\u00e4\u00dfige Kontrollen an Anlagen zur Vertragsbedingung machten.<\/p>\n\n\n\n<figure class=\"wp-block-image size-large\"><img loading=\"lazy\" decoding=\"async\" width=\"1024\" height=\"212\" src=\"https:\/\/www.sonnenseite.com\/wp-content\/uploads\/2023\/07\/ifeu_podcast-1024x212.png\" alt=\"\" class=\"wp-image-92500\" srcset=\"https:\/\/www.sonnenseite.com\/wp-content\/uploads\/2023\/07\/ifeu_podcast-1024x212.png 1024w, https:\/\/www.sonnenseite.com\/wp-content\/uploads\/2023\/07\/ifeu_podcast-300x62.png 300w, https:\/\/www.sonnenseite.com\/wp-content\/uploads\/2023\/07\/ifeu_podcast-768x159.png 768w, https:\/\/www.sonnenseite.com\/wp-content\/uploads\/2023\/07\/ifeu_podcast.png 1081w\" sizes=\"auto, (max-width: 1024px) 100vw, 1024px\" \/><\/figure>\n\n\n\n<ul class=\"wp-block-list\">\n<li><a href=\"https:\/\/ifeu-update.podigee.io\/9-neue-episode\">#9 &#8211; Achtung, Vorkette! Erdgas ist weit umweltsch\u00e4dlicher als gedacht<\/a> | Der Podcast &#8222;ifeu update&#8220; kann \u00fcber <a href=\"https:\/\/www.ifeu.de\/podcast\/\" target=\"_blank\" rel=\"noreferrer noopener\">ifeu.de\/podcast<\/a>, Spotify, Google und Apple Podcasts sowie auf Youtube angeh\u00f6rt und abonniert werden.<\/li>\n<\/ul>\n\n\n\n<ul class=\"wp-block-list\">\n<li>Die Studie <a href=\"https:\/\/www.ifeu.de\/fileadmin\/uploads\/Publikationen\/Ressourcen\/WPKS-Studie-CO2Bilanz_Analyse_der_Treibhausgasintensit%C3%A4ten_LNG.pdf\">&#8222;Analyse der Treibhausgasintensit\u00e4ten von LNG-Importen nach Deutschland&#8220; (pdf)<\/a> | Studie im Auftrag der Wissenschaftsplattform Klimaschutz<\/li>\n<\/ul>\n\n\n<h5 class=\"green\">Quelle<\/h5>\r\n\n\n\n<p><a href=\"https:\/\/www.ifeu.de\/\">ifeu &#8211; Institut f\u00fcr Energie- und Umweltforschung Heidelberg 2023<\/a><\/p>\n<div class=\"shariff shariff-align-flex-start shariff-widget-align-flex-start\"><div class=\"ShariffHeadline\">Diese Meldung teilen<\/div><ul class=\"shariff-buttons theme-round orientation-horizontal buttonsize-medium\"><li class=\"shariff-button facebook shariff-nocustomcolor\" style=\"background-color:#4273c8;border-radius:1%\"><a href=\"https:\/\/www.facebook.com\/sharer\/sharer.php?u=https%3A%2F%2Fwww.sonnenseite.com%2Fde%2Fenergie%2Fifeu-podcast-achtung-vorkette-fluessigerdgas-ist-klimaschaedlicher-als-gedacht%2F\" title=\"Bei Facebook teilen\" aria-label=\"Bei Facebook teilen\" role=\"button\" rel=\"nofollow\" class=\"shariff-link\" style=\";border-radius:1%; background-color:#3b5998; color:#fff\" target=\"_blank\"><span class=\"shariff-icon\" style=\"\"><svg width=\"32px\" height=\"20px\" xmlns=\"http:\/\/www.w3.org\/2000\/svg\" viewBox=\"0 0 18 32\"><path fill=\"#3b5998\" d=\"M17.1 0.2v4.7h-2.8q-1.5 0-2.1 0.6t-0.5 1.9v3.4h5.2l-0.7 5.3h-4.5v13.6h-5.5v-13.6h-4.5v-5.3h4.5v-3.9q0-3.3 1.9-5.2t5-1.8q2.6 0 4.1 0.2z\"\/><\/svg><\/span><\/a><\/li><li class=\"shariff-button twitter shariff-nocustomcolor\" style=\"background-color:#595959;border-radius:1%\"><a href=\"https:\/\/twitter.com\/share?url=https%3A%2F%2Fwww.sonnenseite.com%2Fde%2Fenergie%2Fifeu-podcast-achtung-vorkette-fluessigerdgas-ist-klimaschaedlicher-als-gedacht%2F&text=ifeu-Podcast%3A%20Achtung%2C%20Vorkette%21%20Fl%C3%BCssigerdgas%20ist%20klimasch%C3%A4dlicher%20als%20gedacht\" title=\"Bei X teilen\" aria-label=\"Bei X teilen\" role=\"button\" rel=\"noopener nofollow\" class=\"shariff-link\" style=\";border-radius:1%; background-color:#000; color:#fff\" target=\"_blank\"><span class=\"shariff-icon\" style=\"\"><svg width=\"32px\" height=\"20px\" xmlns=\"http:\/\/www.w3.org\/2000\/svg\" viewBox=\"0 0 24 24\"><path fill=\"#000\" d=\"M14.258 10.152L23.176 0h-2.113l-7.747 8.813L7.133 0H0l9.352 13.328L0 23.973h2.113l8.176-9.309 6.531 9.309h7.133zm-2.895 3.293l-.949-1.328L2.875 1.56h3.246l6.086 8.523.945 1.328 7.91 11.078h-3.246zm0 0\"\/><\/svg><\/span><\/a><\/li><li class=\"shariff-button xing shariff-nocustomcolor\" style=\"background-color:#29888a;border-radius:1%\"><a href=\"https:\/\/www.xing.com\/spi\/shares\/new?url=https%3A%2F%2Fwww.sonnenseite.com%2Fde%2Fenergie%2Fifeu-podcast-achtung-vorkette-fluessigerdgas-ist-klimaschaedlicher-als-gedacht%2F\" title=\"Bei XING teilen\" aria-label=\"Bei XING teilen\" role=\"button\" rel=\"noopener nofollow\" class=\"shariff-link\" style=\";border-radius:1%; background-color:#126567; color:#fff\" target=\"_blank\"><span class=\"shariff-icon\" style=\"\"><svg width=\"32px\" height=\"20px\" xmlns=\"http:\/\/www.w3.org\/2000\/svg\" viewBox=\"0 0 25 32\"><path fill=\"#126567\" d=\"M10.7 11.9q-0.2 0.3-4.6 8.2-0.5 0.8-1.2 0.8h-4.3q-0.4 0-0.5-0.3t0-0.6l4.5-8q0 0 0 0l-2.9-5q-0.2-0.4 0-0.7 0.2-0.3 0.5-0.3h4.3q0.7 0 1.2 0.8zM25.1 0.4q0.2 0.3 0 0.7l-9.4 16.7 6 11q0.2 0.4 0 0.6-0.2 0.3-0.6 0.3h-4.3q-0.7 0-1.2-0.8l-6-11.1q0.3-0.6 9.5-16.8 0.4-0.8 1.2-0.8h4.3q0.4 0 0.5 0.3z\"\/><\/svg><\/span><\/a><\/li><li class=\"shariff-button linkedin shariff-nocustomcolor\" style=\"background-color:#1488bf;border-radius:1%\"><a href=\"https:\/\/www.linkedin.com\/sharing\/share-offsite\/?url=https%3A%2F%2Fwww.sonnenseite.com%2Fde%2Fenergie%2Fifeu-podcast-achtung-vorkette-fluessigerdgas-ist-klimaschaedlicher-als-gedacht%2F\" title=\"Bei LinkedIn teilen\" aria-label=\"Bei LinkedIn teilen\" role=\"button\" rel=\"noopener nofollow\" class=\"shariff-link\" style=\";border-radius:1%; background-color:#0077b5; color:#fff\" target=\"_blank\"><span class=\"shariff-icon\" style=\"\"><svg width=\"32px\" height=\"20px\" xmlns=\"http:\/\/www.w3.org\/2000\/svg\" viewBox=\"0 0 27 32\"><path fill=\"#0077b5\" d=\"M6.2 11.2v17.7h-5.9v-17.7h5.9zM6.6 5.7q0 1.3-0.9 2.2t-2.4 0.9h0q-1.5 0-2.4-0.9t-0.9-2.2 0.9-2.2 2.4-0.9 2.4 0.9 0.9 2.2zM27.4 18.7v10.1h-5.9v-9.5q0-1.9-0.7-2.9t-2.3-1.1q-1.1 0-1.9 0.6t-1.2 1.5q-0.2 0.5-0.2 1.4v9.9h-5.9q0-7.1 0-11.6t0-5.3l0-0.9h5.9v2.6h0q0.4-0.6 0.7-1t1-0.9 1.6-0.8 2-0.3q3 0 4.9 2t1.9 6z\"\/><\/svg><\/span><\/a><\/li><li class=\"shariff-button printer shariff-nocustomcolor\" style=\"background-color:#a8a8a8;border-radius:1%\"><a href=\"javascript:window.print()\" title=\"drucken\" aria-label=\"drucken\" role=\"button\" rel=\"noopener nofollow\" class=\"shariff-link\" style=\";border-radius:1%; background-color:#999; color:#fff\"><span class=\"shariff-icon\" style=\"\"><svg width=\"32px\" height=\"20px\" xmlns=\"http:\/\/www.w3.org\/2000\/svg\" viewBox=\"0 0 30 32\"><path fill=\"#999\" d=\"M6.8 27.4h16v-4.6h-16v4.6zM6.8 16h16v-6.8h-2.8q-0.7 0-1.2-0.5t-0.5-1.2v-2.8h-11.4v11.4zM27.4 17.2q0-0.5-0.3-0.8t-0.8-0.4-0.8 0.4-0.3 0.8 0.3 0.8 0.8 0.3 0.8-0.3 0.3-0.8zM29.7 17.2v7.4q0 0.2-0.2 0.4t-0.4 0.2h-4v2.8q0 0.7-0.5 1.2t-1.2 0.5h-17.2q-0.7 0-1.2-0.5t-0.5-1.2v-2.8h-4q-0.2 0-0.4-0.2t-0.2-0.4v-7.4q0-1.4 1-2.4t2.4-1h1.2v-9.7q0-0.7 0.5-1.2t1.2-0.5h12q0.7 0 1.6 0.4t1.3 0.8l2.7 2.7q0.5 0.5 0.9 1.4t0.4 1.6v4.6h1.1q1.4 0 2.4 1t1 2.4z\"\/><\/svg><\/span><\/a><\/li><li class=\"shariff-button mailto shariff-nocustomcolor\" style=\"background-color:#a8a8a8;border-radius:1%\"><a href=\"mailto:?body=https%3A%2F%2Fwww.sonnenseite.com%2Fde%2Fenergie%2Fifeu-podcast-achtung-vorkette-fluessigerdgas-ist-klimaschaedlicher-als-gedacht%2F&subject=ifeu-Podcast%3A%20Achtung%2C%20Vorkette%21%20Fl%C3%BCssigerdgas%20ist%20klimasch%C3%A4dlicher%20als%20gedacht\" title=\"Per E-Mail versenden\" aria-label=\"Per E-Mail versenden\" role=\"button\" rel=\"noopener nofollow\" class=\"shariff-link\" style=\";border-radius:1%; background-color:#999; color:#fff\"><span class=\"shariff-icon\" style=\"\"><svg width=\"32px\" height=\"20px\" xmlns=\"http:\/\/www.w3.org\/2000\/svg\" viewBox=\"0 0 32 32\"><path fill=\"#999\" d=\"M32 12.7v14.2q0 1.2-0.8 2t-2 0.9h-26.3q-1.2 0-2-0.9t-0.8-2v-14.2q0.8 0.9 1.8 1.6 6.5 4.4 8.9 6.1 1 0.8 1.6 1.2t1.7 0.9 2 0.4h0.1q0.9 0 2-0.4t1.7-0.9 1.6-1.2q3-2.2 8.9-6.1 1-0.7 1.8-1.6zM32 7.4q0 1.4-0.9 2.7t-2.2 2.2q-6.7 4.7-8.4 5.8-0.2 0.1-0.7 0.5t-1 0.7-0.9 0.6-1.1 0.5-0.9 0.2h-0.1q-0.4 0-0.9-0.2t-1.1-0.5-0.9-0.6-1-0.7-0.7-0.5q-1.6-1.1-4.7-3.2t-3.6-2.6q-1.1-0.7-2.1-2t-1-2.5q0-1.4 0.7-2.3t2.1-0.9h26.3q1.2 0 2 0.8t0.9 2z\"\/><\/svg><\/span><\/a><\/li><\/ul><\/div>","protected":false},"excerpt":{"rendered":"<p>Den Gashunger wollen Deutschland sowie andere k\u00fcnftig auch durch Erdgasimporte aus L\u00e4ndern wie Katar, Indonesien und [&hellip;]<\/p>\n","protected":false},"author":3,"featured_media":90752,"comment_status":"closed","ping_status":"closed","sticky":false,"template":"","format":"standard","meta":{"inline_featured_image":false,"footnotes":""},"categories":[22],"tags":[],"class_list":["post-92497","post","type-post","status-publish","format-standard","has-post-thumbnail","hentry","category-energie"],"yoast_head":"<!-- This site is optimized with the Yoast SEO plugin v26.5 - https:\/\/yoast.com\/wordpress\/plugins\/seo\/ -->\n<title>ifeu-Podcast: Achtung, Vorkette! Fl\u00fcssigerdgas ist klimasch\u00e4dlicher als gedacht - Sonnenseite - \u00d6kologische Kommunikation mit Franz Alt<\/title>\n<meta name=\"description\" content=\"Den Gashunger wollen Deutschland sowie andere k\u00fcnftig auch durch Erdgasimporte aus L\u00e4ndern wie Katar, Indonesien und den USA stillen. In Folge 9 des\" \/>\n<meta name=\"robots\" content=\"index, follow, max-snippet:-1, max-image-preview:large, max-video-preview:-1\" \/>\n<link rel=\"canonical\" href=\"https:\/\/www.sonnenseite.com\/de\/energie\/ifeu-podcast-achtung-vorkette-fluessigerdgas-ist-klimaschaedlicher-als-gedacht\/\" \/>\n<meta property=\"og:locale\" content=\"de_DE\" \/>\n<meta property=\"og:type\" content=\"article\" \/>\n<meta property=\"og:title\" content=\"ifeu-Podcast: Achtung, Vorkette! Fl\u00fcssigerdgas ist klimasch\u00e4dlicher als gedacht - Sonnenseite - \u00d6kologische Kommunikation mit Franz Alt\" \/>\n<meta property=\"og:description\" content=\"Den Gashunger wollen Deutschland sowie andere k\u00fcnftig auch durch Erdgasimporte aus L\u00e4ndern wie Katar, Indonesien und den USA stillen. In Folge 9 des\" \/>\n<meta property=\"og:url\" content=\"https:\/\/www.sonnenseite.com\/de\/energie\/ifeu-podcast-achtung-vorkette-fluessigerdgas-ist-klimaschaedlicher-als-gedacht\/\" \/>\n<meta property=\"og:site_name\" content=\"Sonnenseite\" \/>\n<meta property=\"article:publisher\" content=\"https:\/\/www.facebook.com\/pages\/Franz-Alt-SONNENSEITECOM\/221072987903953?fref=ts\" \/>\n<meta property=\"article:published_time\" content=\"2023-07-08T10:10:09+00:00\" \/>\n<meta property=\"article:modified_time\" content=\"2023-07-16T07:10:33+00:00\" \/>\n<meta property=\"og:image\" content=\"https:\/\/www.sonnenseite.com\/wp-content\/uploads\/2023\/04\/LNG-Terminal_LaNataly.jpg\" \/>\n\t<meta property=\"og:image:width\" content=\"770\" \/>\n\t<meta property=\"og:image:height\" content=\"420\" \/>\n\t<meta property=\"og:image:type\" content=\"image\/jpeg\" \/>\n<meta name=\"author\" content=\"Bigi Alt\" \/>\n<meta name=\"twitter:card\" content=\"summary_large_image\" \/>\n<meta name=\"twitter:creator\" content=\"@franzalt\" \/>\n<meta name=\"twitter:site\" content=\"@franzalt\" \/>\n<meta name=\"twitter:label1\" content=\"Verfasst von\" \/>\n\t<meta name=\"twitter:data1\" content=\"Bigi Alt\" \/>\n\t<meta name=\"twitter:label2\" content=\"Gesch\u00e4tzte Lesezeit\" \/>\n\t<meta name=\"twitter:data2\" content=\"3\u00a0Minuten\" \/>\n<script type=\"application\/ld+json\" class=\"yoast-schema-graph\">{\"@context\":\"https:\/\/schema.org\",\"@graph\":[{\"@type\":\"Article\",\"@id\":\"https:\/\/www.sonnenseite.com\/de\/energie\/ifeu-podcast-achtung-vorkette-fluessigerdgas-ist-klimaschaedlicher-als-gedacht\/#article\",\"isPartOf\":{\"@id\":\"https:\/\/www.sonnenseite.com\/de\/energie\/ifeu-podcast-achtung-vorkette-fluessigerdgas-ist-klimaschaedlicher-als-gedacht\/\"},\"author\":{\"name\":\"Bigi Alt\",\"@id\":\"https:\/\/www.sonnenseite.com\/de\/#\/schema\/person\/50fda0e926597684c7cc6695238a4eb9\"},\"headline\":\"ifeu-Podcast: Achtung, Vorkette! Fl\u00fcssigerdgas ist klimasch\u00e4dlicher als gedacht\",\"datePublished\":\"2023-07-08T10:10:09+00:00\",\"dateModified\":\"2023-07-16T07:10:33+00:00\",\"mainEntityOfPage\":{\"@id\":\"https:\/\/www.sonnenseite.com\/de\/energie\/ifeu-podcast-achtung-vorkette-fluessigerdgas-ist-klimaschaedlicher-als-gedacht\/\"},\"wordCount\":468,\"publisher\":{\"@id\":\"https:\/\/www.sonnenseite.com\/de\/#organization\"},\"image\":{\"@id\":\"https:\/\/www.sonnenseite.com\/de\/energie\/ifeu-podcast-achtung-vorkette-fluessigerdgas-ist-klimaschaedlicher-als-gedacht\/#primaryimage\"},\"thumbnailUrl\":\"https:\/\/www.sonnenseite.com\/wp-content\/uploads\/2023\/04\/LNG-Terminal_LaNataly.jpg\",\"articleSection\":[\"Energie\"],\"inLanguage\":\"de\"},{\"@type\":\"WebPage\",\"@id\":\"https:\/\/www.sonnenseite.com\/de\/energie\/ifeu-podcast-achtung-vorkette-fluessigerdgas-ist-klimaschaedlicher-als-gedacht\/\",\"url\":\"https:\/\/www.sonnenseite.com\/de\/energie\/ifeu-podcast-achtung-vorkette-fluessigerdgas-ist-klimaschaedlicher-als-gedacht\/\",\"name\":\"ifeu-Podcast: Achtung, Vorkette! Fl\u00fcssigerdgas ist klimasch\u00e4dlicher als gedacht - Sonnenseite - \u00d6kologische Kommunikation mit Franz Alt\",\"isPartOf\":{\"@id\":\"https:\/\/www.sonnenseite.com\/de\/#website\"},\"primaryImageOfPage\":{\"@id\":\"https:\/\/www.sonnenseite.com\/de\/energie\/ifeu-podcast-achtung-vorkette-fluessigerdgas-ist-klimaschaedlicher-als-gedacht\/#primaryimage\"},\"image\":{\"@id\":\"https:\/\/www.sonnenseite.com\/de\/energie\/ifeu-podcast-achtung-vorkette-fluessigerdgas-ist-klimaschaedlicher-als-gedacht\/#primaryimage\"},\"thumbnailUrl\":\"https:\/\/www.sonnenseite.com\/wp-content\/uploads\/2023\/04\/LNG-Terminal_LaNataly.jpg\",\"datePublished\":\"2023-07-08T10:10:09+00:00\",\"dateModified\":\"2023-07-16T07:10:33+00:00\",\"description\":\"Den Gashunger wollen Deutschland sowie andere k\u00fcnftig auch durch Erdgasimporte aus L\u00e4ndern wie Katar, Indonesien und den USA stillen. In Folge 9 des\",\"breadcrumb\":{\"@id\":\"https:\/\/www.sonnenseite.com\/de\/energie\/ifeu-podcast-achtung-vorkette-fluessigerdgas-ist-klimaschaedlicher-als-gedacht\/#breadcrumb\"},\"inLanguage\":\"de\",\"potentialAction\":[{\"@type\":\"ReadAction\",\"target\":[\"https:\/\/www.sonnenseite.com\/de\/energie\/ifeu-podcast-achtung-vorkette-fluessigerdgas-ist-klimaschaedlicher-als-gedacht\/\"]}]},{\"@type\":\"ImageObject\",\"inLanguage\":\"de\",\"@id\":\"https:\/\/www.sonnenseite.com\/de\/energie\/ifeu-podcast-achtung-vorkette-fluessigerdgas-ist-klimaschaedlicher-als-gedacht\/#primaryimage\",\"url\":\"https:\/\/www.sonnenseite.com\/wp-content\/uploads\/2023\/04\/LNG-Terminal_LaNataly.jpg\",\"contentUrl\":\"https:\/\/www.sonnenseite.com\/wp-content\/uploads\/2023\/04\/LNG-Terminal_LaNataly.jpg\",\"width\":770,\"height\":420,\"caption\":\"Depositphotos.com | LaNataly | LNG-Terminal - Symbolbild\"},{\"@type\":\"BreadcrumbList\",\"@id\":\"https:\/\/www.sonnenseite.com\/de\/energie\/ifeu-podcast-achtung-vorkette-fluessigerdgas-ist-klimaschaedlicher-als-gedacht\/#breadcrumb\",\"itemListElement\":[{\"@type\":\"ListItem\",\"position\":1,\"name\":\"Startseite\",\"item\":\"https:\/\/www.sonnenseite.com\/de\/\"},{\"@type\":\"ListItem\",\"position\":2,\"name\":\"ifeu-Podcast: Achtung, Vorkette! Fl\u00fcssigerdgas ist klimasch\u00e4dlicher als gedacht\"}]},{\"@type\":\"WebSite\",\"@id\":\"https:\/\/www.sonnenseite.com\/de\/#website\",\"url\":\"https:\/\/www.sonnenseite.com\/de\/\",\"name\":\"Sonnenseite\",\"description\":\"\u00d6kologische Kommunikation mit Franz Alt\",\"publisher\":{\"@id\":\"https:\/\/www.sonnenseite.com\/de\/#organization\"},\"potentialAction\":[{\"@type\":\"SearchAction\",\"target\":{\"@type\":\"EntryPoint\",\"urlTemplate\":\"https:\/\/www.sonnenseite.com\/de\/?s={search_term_string}\"},\"query-input\":{\"@type\":\"PropertyValueSpecification\",\"valueRequired\":true,\"valueName\":\"search_term_string\"}}],\"inLanguage\":\"de\"},{\"@type\":\"Organization\",\"@id\":\"https:\/\/www.sonnenseite.com\/de\/#organization\",\"name\":\"Sonnenseite\",\"url\":\"https:\/\/www.sonnenseite.com\/de\/\",\"logo\":{\"@type\":\"ImageObject\",\"inLanguage\":\"de\",\"@id\":\"https:\/\/www.sonnenseite.com\/de\/#\/schema\/logo\/image\/\",\"url\":\"https:\/\/www.sonnenseite.com\/wp-content\/uploads\/2020\/05\/Sonnenseite_Logo.png\",\"contentUrl\":\"https:\/\/www.sonnenseite.com\/wp-content\/uploads\/2020\/05\/Sonnenseite_Logo.png\",\"width\":377,\"height\":90,\"caption\":\"Sonnenseite\"},\"image\":{\"@id\":\"https:\/\/www.sonnenseite.com\/de\/#\/schema\/logo\/image\/\"},\"sameAs\":[\"https:\/\/www.facebook.com\/pages\/Franz-Alt-SONNENSEITECOM\/221072987903953?fref=ts\",\"https:\/\/x.com\/franzalt\",\"http:\/\/www.youtube.com\/results?search_query&amp;amp;quot;franz_alt&amp;amp;quot;&amp;amp;amp;amp;search_type&amp;amp;amp;amp;aq=f\"]},{\"@type\":\"Person\",\"@id\":\"https:\/\/www.sonnenseite.com\/de\/#\/schema\/person\/50fda0e926597684c7cc6695238a4eb9\",\"name\":\"Bigi Alt\"}]}<\/script>\n<!-- \/ Yoast SEO plugin. -->","yoast_head_json":{"title":"ifeu-Podcast: Achtung, Vorkette! Fl\u00fcssigerdgas ist klimasch\u00e4dlicher als gedacht - Sonnenseite - \u00d6kologische Kommunikation mit Franz Alt","description":"Den Gashunger wollen Deutschland sowie andere k\u00fcnftig auch durch Erdgasimporte aus L\u00e4ndern wie Katar, Indonesien und den USA stillen. In Folge 9 des","robots":{"index":"index","follow":"follow","max-snippet":"max-snippet:-1","max-image-preview":"max-image-preview:large","max-video-preview":"max-video-preview:-1"},"canonical":"https:\/\/www.sonnenseite.com\/de\/energie\/ifeu-podcast-achtung-vorkette-fluessigerdgas-ist-klimaschaedlicher-als-gedacht\/","og_locale":"de_DE","og_type":"article","og_title":"ifeu-Podcast: Achtung, Vorkette! Fl\u00fcssigerdgas ist klimasch\u00e4dlicher als gedacht - Sonnenseite - \u00d6kologische Kommunikation mit Franz Alt","og_description":"Den Gashunger wollen Deutschland sowie andere k\u00fcnftig auch durch Erdgasimporte aus L\u00e4ndern wie Katar, Indonesien und den USA stillen. In Folge 9 des","og_url":"https:\/\/www.sonnenseite.com\/de\/energie\/ifeu-podcast-achtung-vorkette-fluessigerdgas-ist-klimaschaedlicher-als-gedacht\/","og_site_name":"Sonnenseite","article_publisher":"https:\/\/www.facebook.com\/pages\/Franz-Alt-SONNENSEITECOM\/221072987903953?fref=ts","article_published_time":"2023-07-08T10:10:09+00:00","article_modified_time":"2023-07-16T07:10:33+00:00","og_image":[{"width":770,"height":420,"url":"https:\/\/www.sonnenseite.com\/wp-content\/uploads\/2023\/04\/LNG-Terminal_LaNataly.jpg","type":"image\/jpeg"}],"author":"Bigi Alt","twitter_card":"summary_large_image","twitter_creator":"@franzalt","twitter_site":"@franzalt","twitter_misc":{"Verfasst von":"Bigi Alt","Gesch\u00e4tzte Lesezeit":"3\u00a0Minuten"},"schema":{"@context":"https:\/\/schema.org","@graph":[{"@type":"Article","@id":"https:\/\/www.sonnenseite.com\/de\/energie\/ifeu-podcast-achtung-vorkette-fluessigerdgas-ist-klimaschaedlicher-als-gedacht\/#article","isPartOf":{"@id":"https:\/\/www.sonnenseite.com\/de\/energie\/ifeu-podcast-achtung-vorkette-fluessigerdgas-ist-klimaschaedlicher-als-gedacht\/"},"author":{"name":"Bigi Alt","@id":"https:\/\/www.sonnenseite.com\/de\/#\/schema\/person\/50fda0e926597684c7cc6695238a4eb9"},"headline":"ifeu-Podcast: Achtung, Vorkette! Fl\u00fcssigerdgas ist klimasch\u00e4dlicher als gedacht","datePublished":"2023-07-08T10:10:09+00:00","dateModified":"2023-07-16T07:10:33+00:00","mainEntityOfPage":{"@id":"https:\/\/www.sonnenseite.com\/de\/energie\/ifeu-podcast-achtung-vorkette-fluessigerdgas-ist-klimaschaedlicher-als-gedacht\/"},"wordCount":468,"publisher":{"@id":"https:\/\/www.sonnenseite.com\/de\/#organization"},"image":{"@id":"https:\/\/www.sonnenseite.com\/de\/energie\/ifeu-podcast-achtung-vorkette-fluessigerdgas-ist-klimaschaedlicher-als-gedacht\/#primaryimage"},"thumbnailUrl":"https:\/\/www.sonnenseite.com\/wp-content\/uploads\/2023\/04\/LNG-Terminal_LaNataly.jpg","articleSection":["Energie"],"inLanguage":"de"},{"@type":"WebPage","@id":"https:\/\/www.sonnenseite.com\/de\/energie\/ifeu-podcast-achtung-vorkette-fluessigerdgas-ist-klimaschaedlicher-als-gedacht\/","url":"https:\/\/www.sonnenseite.com\/de\/energie\/ifeu-podcast-achtung-vorkette-fluessigerdgas-ist-klimaschaedlicher-als-gedacht\/","name":"ifeu-Podcast: Achtung, Vorkette! Fl\u00fcssigerdgas ist klimasch\u00e4dlicher als gedacht - Sonnenseite - \u00d6kologische Kommunikation mit Franz Alt","isPartOf":{"@id":"https:\/\/www.sonnenseite.com\/de\/#website"},"primaryImageOfPage":{"@id":"https:\/\/www.sonnenseite.com\/de\/energie\/ifeu-podcast-achtung-vorkette-fluessigerdgas-ist-klimaschaedlicher-als-gedacht\/#primaryimage"},"image":{"@id":"https:\/\/www.sonnenseite.com\/de\/energie\/ifeu-podcast-achtung-vorkette-fluessigerdgas-ist-klimaschaedlicher-als-gedacht\/#primaryimage"},"thumbnailUrl":"https:\/\/www.sonnenseite.com\/wp-content\/uploads\/2023\/04\/LNG-Terminal_LaNataly.jpg","datePublished":"2023-07-08T10:10:09+00:00","dateModified":"2023-07-16T07:10:33+00:00","description":"Den Gashunger wollen Deutschland sowie andere k\u00fcnftig auch durch Erdgasimporte aus L\u00e4ndern wie Katar, Indonesien und den USA stillen. In Folge 9 des","breadcrumb":{"@id":"https:\/\/www.sonnenseite.com\/de\/energie\/ifeu-podcast-achtung-vorkette-fluessigerdgas-ist-klimaschaedlicher-als-gedacht\/#breadcrumb"},"inLanguage":"de","potentialAction":[{"@type":"ReadAction","target":["https:\/\/www.sonnenseite.com\/de\/energie\/ifeu-podcast-achtung-vorkette-fluessigerdgas-ist-klimaschaedlicher-als-gedacht\/"]}]},{"@type":"ImageObject","inLanguage":"de","@id":"https:\/\/www.sonnenseite.com\/de\/energie\/ifeu-podcast-achtung-vorkette-fluessigerdgas-ist-klimaschaedlicher-als-gedacht\/#primaryimage","url":"https:\/\/www.sonnenseite.com\/wp-content\/uploads\/2023\/04\/LNG-Terminal_LaNataly.jpg","contentUrl":"https:\/\/www.sonnenseite.com\/wp-content\/uploads\/2023\/04\/LNG-Terminal_LaNataly.jpg","width":770,"height":420,"caption":"Depositphotos.com | LaNataly | LNG-Terminal - Symbolbild"},{"@type":"BreadcrumbList","@id":"https:\/\/www.sonnenseite.com\/de\/energie\/ifeu-podcast-achtung-vorkette-fluessigerdgas-ist-klimaschaedlicher-als-gedacht\/#breadcrumb","itemListElement":[{"@type":"ListItem","position":1,"name":"Startseite","item":"https:\/\/www.sonnenseite.com\/de\/"},{"@type":"ListItem","position":2,"name":"ifeu-Podcast: Achtung, Vorkette! Fl\u00fcssigerdgas ist klimasch\u00e4dlicher als gedacht"}]},{"@type":"WebSite","@id":"https:\/\/www.sonnenseite.com\/de\/#website","url":"https:\/\/www.sonnenseite.com\/de\/","name":"Sonnenseite","description":"\u00d6kologische Kommunikation mit Franz Alt","publisher":{"@id":"https:\/\/www.sonnenseite.com\/de\/#organization"},"potentialAction":[{"@type":"SearchAction","target":{"@type":"EntryPoint","urlTemplate":"https:\/\/www.sonnenseite.com\/de\/?s={search_term_string}"},"query-input":{"@type":"PropertyValueSpecification","valueRequired":true,"valueName":"search_term_string"}}],"inLanguage":"de"},{"@type":"Organization","@id":"https:\/\/www.sonnenseite.com\/de\/#organization","name":"Sonnenseite","url":"https:\/\/www.sonnenseite.com\/de\/","logo":{"@type":"ImageObject","inLanguage":"de","@id":"https:\/\/www.sonnenseite.com\/de\/#\/schema\/logo\/image\/","url":"https:\/\/www.sonnenseite.com\/wp-content\/uploads\/2020\/05\/Sonnenseite_Logo.png","contentUrl":"https:\/\/www.sonnenseite.com\/wp-content\/uploads\/2020\/05\/Sonnenseite_Logo.png","width":377,"height":90,"caption":"Sonnenseite"},"image":{"@id":"https:\/\/www.sonnenseite.com\/de\/#\/schema\/logo\/image\/"},"sameAs":["https:\/\/www.facebook.com\/pages\/Franz-Alt-SONNENSEITECOM\/221072987903953?fref=ts","https:\/\/x.com\/franzalt","http:\/\/www.youtube.com\/results?search_query&amp;amp;quot;franz_alt&amp;amp;quot;&amp;amp;amp;amp;search_type&amp;amp;amp;amp;aq=f"]},{"@type":"Person","@id":"https:\/\/www.sonnenseite.com\/de\/#\/schema\/person\/50fda0e926597684c7cc6695238a4eb9","name":"Bigi Alt"}]}},"_links":{"self":[{"href":"https:\/\/www.sonnenseite.com\/de\/wp-json\/wp\/v2\/posts\/92497","targetHints":{"allow":["GET"]}}],"collection":[{"href":"https:\/\/www.sonnenseite.com\/de\/wp-json\/wp\/v2\/posts"}],"about":[{"href":"https:\/\/www.sonnenseite.com\/de\/wp-json\/wp\/v2\/types\/post"}],"author":[{"embeddable":true,"href":"https:\/\/www.sonnenseite.com\/de\/wp-json\/wp\/v2\/users\/3"}],"replies":[{"embeddable":true,"href":"https:\/\/www.sonnenseite.com\/de\/wp-json\/wp\/v2\/comments?post=92497"}],"version-history":[{"count":3,"href":"https:\/\/www.sonnenseite.com\/de\/wp-json\/wp\/v2\/posts\/92497\/revisions"}],"predecessor-version":[{"id":92502,"href":"https:\/\/www.sonnenseite.com\/de\/wp-json\/wp\/v2\/posts\/92497\/revisions\/92502"}],"wp:featuredmedia":[{"embeddable":true,"href":"https:\/\/www.sonnenseite.com\/de\/wp-json\/wp\/v2\/media\/90752"}],"wp:attachment":[{"href":"https:\/\/www.sonnenseite.com\/de\/wp-json\/wp\/v2\/media?parent=92497"}],"wp:term":[{"taxonomy":"category","embeddable":true,"href":"https:\/\/www.sonnenseite.com\/de\/wp-json\/wp\/v2\/categories?post=92497"},{"taxonomy":"post_tag","embeddable":true,"href":"https:\/\/www.sonnenseite.com\/de\/wp-json\/wp\/v2\/tags?post=92497"}],"curies":[{"name":"wp","href":"https:\/\/api.w.org\/{rel}","templated":true}]}}