{"id":92532,"date":"2023-07-11T08:58:30","date_gmt":"2023-07-11T06:58:30","guid":{"rendered":"https:\/\/www.sonnenseite.com\/?p=92532"},"modified":"2023-07-23T10:58:56","modified_gmt":"2023-07-23T08:58:56","slug":"mehr-als-61-000-todesfaelle-durch-rekordhitze-im-sommer-2022-in-europa","status":"publish","type":"post","link":"https:\/\/www.sonnenseite.com\/de\/umwelt\/mehr-als-61-000-todesfaelle-durch-rekordhitze-im-sommer-2022-in-europa\/","title":{"rendered":"Mehr als 61.000 Todesf\u00e4lle durch Rekordhitze im Sommer 2022 in Europa"},"content":{"rendered":"\n<p>Eine in Nature Medicine ver\u00f6ffentlichte epidemiologische <a href=\"https:\/\/www.nature.com\/articles\/s41591-023-02419-z\">Analyse<\/a> sch\u00e4tzt, dass 63% mehr Frauen als M\u00e4nner an Hitze starben, wobei die h\u00f6chste Inzidenz im Mittelmeerraum zu verzeichnen war.<\/p>\n\n\n\n<p>Der Sommer 2022 war der hei\u00dfeste Sommer, der je in Europa gemessen wurde, und war gepr\u00e4gt von einer intensiven Serie rekordverd\u00e4chtiger Hitzewellen, D\u00fcrren und Waldbr\u00e4nde. W\u00e4hrend Eurostat, das europ\u00e4ische Statistikamt, f\u00fcr diese Daten bereits eine ungew\u00f6hnlich hohe \u00dcbersterblichkeit meldete, war der Anteil der auf Hitze zur\u00fcckzuf\u00fchrenden Sterblichkeit bisher nicht quantifiziert worden. Genau das wurde in einer Studie durchgef\u00fchrt, die vom <a href=\"https:\/\/www.isglobal.org\/en\/-\/el-calor-record-del-verano-de-2022-causo-mas-de-61-000-muertes-en-europa\">Barcelona Institute for Global Health (ISGlobal)<\/a>, einem von der Stiftung \u201ela Caixa\u201c unterst\u00fctzten Zentrum, in Zusammenarbeit mit dem franz\u00f6sischen Nationalen Gesundheitsinstitut (Inserm) durchgef\u00fchrt wurde. Die in Nature Medicine ver\u00f6ffentlichte Analyse geht von 61.672 hitzebedingten Todesf\u00e4llen zwischen dem 30. Mai und dem 4. September 2022 aus .<br><br>Das Forschungsteam erhielt Temperatur- und Sterblichkeitsdaten f\u00fcr den Zeitraum 2015\u20132022 f\u00fcr 823 Regionen in 35 europ\u00e4ischen L\u00e4ndern, deren Gesamtbev\u00f6lkerung mehr als 543 Millionen Menschen ausmacht. Diese Daten wurden verwendet, um epidemiologische Modelle abzusch\u00e4tzen und die temperaturbedingte Mortalit\u00e4t f\u00fcr jede Region und Woche der Sommerperiode vorherzusagen.<br><br>Der Sommer 2022 war eine Zeit extremer Hitze. Aufzeichnungen zeigen, dass die Temperaturen in jeder Woche der Sommerperiode \u00fcberdurchschnittlich hoch waren. Die h\u00f6chsten Temperaturanomalien wurden im hei\u00dfesten Monat, von Mitte Juli bis Mitte August, registriert. Dieser Zufall erh\u00f6hte nach Angaben der Forscher die hitzebedingte Sterblichkeit und verursachte zwischen dem 11. Juli und dem 14. August 38.881 Todesf\u00e4lle. Innerhalb dieses Zeitraums von etwas mehr als einem Monat kam es zwischen dem 18. und 24. Juli zu einer intensiven europaweiten Hitzewelle, auf die insgesamt 11.637 Todesf\u00e4lle zur\u00fcckzuf\u00fchren sind.<\/p>\n\n\n\n<h4 class=\"wp-block-heading\">Am meisten betroffene L\u00e4nder<\/h4>\n\n\n\n<p>In absoluten Zahlen war Italien mit insgesamt 18.010 Todesf\u00e4llen das Land mit der h\u00f6chsten Zahl hitzebedingter Todesf\u00e4lle im Sommer 2022 , gefolgt von Spanien (11.324) und Deutschland (8.173).<br><br>Sortiert man die Daten nach der hitzebedingten Sterblichkeitsrate, liegt Italien mit 295 Todesf\u00e4llen pro Million an der Spitze, gefolgt von Griechenland (280), Spanien (237) und Portugal (211). Der europ\u00e4ische Durchschnitt wurde auf 114 Todesf\u00e4lle pro Million gesch\u00e4tzt.<br><br>Betrachtet man hingegen nur die Temperaturanomalien, war Frankreich das Land mit den w\u00e4rmsten Werten , mit +2,43\u00b0C \u00fcber den Durchschnittswerten f\u00fcr den Zeitraum 1991-2020, gefolgt von der Schweiz (+2,30\u00b0C) und Italien (+2,28\u00b0C). C), Ungarn (+2,13\u00b0C) und Spanien (+2,11\u00b0C).<\/p>\n\n\n\n<h4 class=\"wp-block-heading\">63% h\u00f6here Sterblichkeit bei Frauen<\/h4>\n\n\n\n<p>Die Studie umfasste eine Analyse nach Alter und Geschlecht und zeigte einen sehr deutlichen Anstieg der Sterblichkeit in den \u00e4lteren Altersgruppen, insbesondere bei Frauen. So wird gesch\u00e4tzt, dass es bei den unter 65-J\u00e4hrigen 4.822 Todesf\u00e4lle gab, bei den zwischen 65 und 79 Jahren 9.226 Todesf\u00e4llen und bei den \u00fcber 79-J\u00e4hrigen 36.848 Todesf\u00e4lle.<br><br>In Bezug auf die Geschlechteranalyse zeigen die Daten, dass die hitzebedingte Sterblichkeit bei Frauen um 63% h\u00f6her war als bei M\u00e4nnern , mit insgesamt 35.406 vorzeitigen Todesf\u00e4llen (145 Todesf\u00e4lle pro Million), verglichen mit gesch\u00e4tzten 21.667 Todesf\u00e4llen bei M\u00e4nnern (93 Todesf\u00e4lle pro Million). Million). Diese gr\u00f6\u00dfere Anf\u00e4lligkeit von Frauen gegen\u00fcber Hitze ist in der Gesamtbev\u00f6lkerung und vor allem bei den \u00fcber 80-J\u00e4hrigen zu beobachten , wo die Sterblichkeitsrate um 27% h\u00f6her ist als die der M\u00e4nner. Im Gegensatz dazu ist die m\u00e4nnliche Sterblichkeitsrate bei den unter 65-J\u00e4hrigen um 41% und bei den 65- bis 79-J\u00e4hrigen um 13% h\u00f6her.<\/p>\n\n\n\n<h4 class=\"wp-block-heading\">Lehren aus der Hitzewelle 2003<\/h4>\n\n\n\n<p>Die bisher h\u00f6chste Sommersterblichkeit in Europa wurde im Jahr 2003 registriert, als \u00fcber 70.000 zus\u00e4tzliche Todesf\u00e4lle verzeichnet wurden.<br><br>\u201eDer Sommer 2003 war ein au\u00dfergew\u00f6hnlich seltenes Ph\u00e4nomen, selbst wenn man die bis dahin beobachtete anthropogene Erw\u00e4rmung ber\u00fccksichtigt. Diese au\u00dfergew\u00f6hnliche Natur verdeutlichte das Fehlen von Pr\u00e4ventionspl\u00e4nen und die Fragilit\u00e4t der Gesundheitssysteme bei der Bew\u00e4ltigung klimabedingter Notf\u00e4lle, was zu erwarten war.\u201c \u201eIn gewissem Umfang werden wir uns in den Folgejahren damit befassen\u201c, erkl\u00e4rt Joan Ballester Claramunt , Erstautorin der Studie und Forscherin bei ISGlobal, die ein Stipendium des <a href=\"https:\/\/www.early-adapt.eu\/\" target=\"_blank\" rel=\"noreferrer noopener\">Europ\u00e4ischen Forschungsrats<\/a> erh\u00e4lt.<br><br>\u201eIm Gegensatz dazu k\u00f6nnen die im Sommer 2022 gemessenen Temperaturen nicht als au\u00dfergew\u00f6hnlich angesehen werden, da sie anhand der Temperaturreihen der Vorjahre h\u00e4tten vorhergesagt werden k\u00f6nnen und zeigen, dass sich die Erw\u00e4rmung im letzten Jahrzehnt beschleunigt hat\u201c, f\u00fcgt Ballester hinzu.<br><br>\u201eDie Tatsache, dass im Sommer 2022 in Europa mehr als 61.600 Menschen an Hitzestress starben, obwohl viele L\u00e4nder anders als 2003 bereits \u00fcber aktive Pr\u00e4ventionspl\u00e4ne verf\u00fcgten, deutet darauf hin, dass die derzeit verf\u00fcgbaren Anpassungsstrategien m\u00f6glicherweise noch unzureichend sind . \u201c sagt Hicham Achebak , Forscher bei Inserm und ISGlobal und Letztautor der Studie. \u201eDie in den letzten zehn Jahren beobachtete Beschleunigung der Erw\u00e4rmung unterstreicht die dringende Notwendigkeit, Pr\u00e4ventionspl\u00e4ne neu zu bewerten und erheblich zu st\u00e4rken , wobei den Unterschieden zwischen europ\u00e4ischen L\u00e4ndern und Regionen sowie den Alters- und Geschlechterunterschieden, die derzeit die Unterschiede in der Klimapolitik kennzeichnen, besondere Aufmerksamkeit zu widmen ist.\u201c Anf\u00e4lligkeit gegen\u00fcber Hitze.\u201c<br><br>Europa ist der Kontinent mit der st\u00e4rksten Erw\u00e4rmung, bis zu 1 \u00b0C mehr als im globalen Durchschnitt. Sch\u00e4tzungen des Forschungsteams gehen davon aus, dass der Kontinent bis 2030 jeden Sommer mit durchschnittlich mehr als 68.000 vorzeitigen Todesf\u00e4llen und bis 2040 mit mehr als 94.000 vorzeitigen Todesf\u00e4llen konfrontiert sein wird, wenn es keine wirksame adaptive Reaktion gibt.<br><br>Dr. Eckart von Hirschhausen, Gr\u00fcnder, Stiftung Gesunde Erde Gesunde Menschen (GEGM) sagt dazu:<br>\u201eSommer \u2013 da hat man sich fr\u00fcher mal drauf gefreut. Heute wird mit jeder neuen Hitzewelle klarer, was wir f\u00fcr einen hohen gesundheitlichen Preis zahlen. Kleine Kinder, Schwangere, Menschen mit Vorerkrankungen und \u00c4ltere leiden als erste. Diese wichtige Studie zeigt zum ersten Mal in dieser Genauigkeit, wie viele Menschen im letzten Sommer in den verschiedenen L\u00e4ndern Europas durch Hitze gestorben sind. Hoffentlich verstehen wir damit besser, wie dringend wir Hitzeschutzpl\u00e4ne brauchen. Wir haben St\u00e4dte, Gesundheitseinrichtungen, ja unsere gesamte Infrastruktur gebaut f\u00fcr eine Temperatur-Welt, die es nicht mehr gibt, und die auch so schnell nicht mehr zur\u00fcckkommt. Diese Daten sind ein Weckruf f\u00fcr die Politik, Klimaschutz als Gesundheitsschutz ernst zu nehmen, schnellstens Emissionen zu senken und dringende Anpassungen f\u00fcr resilientere Gesundheitseinrichtungen zu finanzieren. Denn Klimakrise ist wie Sauna ohne T\u00fcr. Auf Dauer weder entspannt noch lustig.\u201c<\/p>\n\n\n\n<ul class=\"wp-block-list\">\n<li><a href=\"https:\/\/www.nature.com\/articles\/s41591-023-02419-z\">nature medicine &#8222;Heat-related mortality in Europe during the summer of 2022&#8220;<\/a><\/li>\n<\/ul>\n\n\n<h5 class=\"green\">Quelle<\/h5>\r\n\n\n\n<p><a href=\"https:\/\/www.isglobal.org\/en\/-\/el-calor-record-del-verano-de-2022-causo-mas-de-61-000-muertes-en-europa\">Barcelona Institute for Global Health, ISGlobal 2023<\/a> | <a href=\"https:\/\/www.oekonews.at\/?mdoc_id=1182216\">oekonews.at \/ holler 2023<\/a><\/p>\n<div class=\"shariff shariff-align-flex-start shariff-widget-align-flex-start\"><div class=\"ShariffHeadline\">Diese Meldung teilen<\/div><ul class=\"shariff-buttons theme-round orientation-horizontal buttonsize-medium\"><li class=\"shariff-button facebook shariff-nocustomcolor\" style=\"background-color:#4273c8;border-radius:1%\"><a href=\"https:\/\/www.facebook.com\/sharer\/sharer.php?u=https%3A%2F%2Fwww.sonnenseite.com%2Fde%2Fumwelt%2Fmehr-als-61-000-todesfaelle-durch-rekordhitze-im-sommer-2022-in-europa%2F\" title=\"Bei Facebook teilen\" aria-label=\"Bei Facebook teilen\" role=\"button\" rel=\"nofollow\" class=\"shariff-link\" style=\";border-radius:1%; background-color:#3b5998; color:#fff\" target=\"_blank\"><span class=\"shariff-icon\" style=\"\"><svg width=\"32px\" height=\"20px\" xmlns=\"http:\/\/www.w3.org\/2000\/svg\" viewBox=\"0 0 18 32\"><path fill=\"#3b5998\" d=\"M17.1 0.2v4.7h-2.8q-1.5 0-2.1 0.6t-0.5 1.9v3.4h5.2l-0.7 5.3h-4.5v13.6h-5.5v-13.6h-4.5v-5.3h4.5v-3.9q0-3.3 1.9-5.2t5-1.8q2.6 0 4.1 0.2z\"\/><\/svg><\/span><\/a><\/li><li class=\"shariff-button twitter shariff-nocustomcolor\" style=\"background-color:#595959;border-radius:1%\"><a href=\"https:\/\/twitter.com\/share?url=https%3A%2F%2Fwww.sonnenseite.com%2Fde%2Fumwelt%2Fmehr-als-61-000-todesfaelle-durch-rekordhitze-im-sommer-2022-in-europa%2F&text=Mehr%20als%2061.000%20Todesf%C3%A4lle%20durch%20Rekordhitze%20im%20Sommer%202022%20in%20Europa\" title=\"Bei X teilen\" aria-label=\"Bei X teilen\" role=\"button\" rel=\"noopener nofollow\" class=\"shariff-link\" style=\";border-radius:1%; background-color:#000; color:#fff\" target=\"_blank\"><span class=\"shariff-icon\" style=\"\"><svg width=\"32px\" height=\"20px\" xmlns=\"http:\/\/www.w3.org\/2000\/svg\" viewBox=\"0 0 24 24\"><path fill=\"#000\" d=\"M14.258 10.152L23.176 0h-2.113l-7.747 8.813L7.133 0H0l9.352 13.328L0 23.973h2.113l8.176-9.309 6.531 9.309h7.133zm-2.895 3.293l-.949-1.328L2.875 1.56h3.246l6.086 8.523.945 1.328 7.91 11.078h-3.246zm0 0\"\/><\/svg><\/span><\/a><\/li><li class=\"shariff-button xing shariff-nocustomcolor\" style=\"background-color:#29888a;border-radius:1%\"><a href=\"https:\/\/www.xing.com\/spi\/shares\/new?url=https%3A%2F%2Fwww.sonnenseite.com%2Fde%2Fumwelt%2Fmehr-als-61-000-todesfaelle-durch-rekordhitze-im-sommer-2022-in-europa%2F\" title=\"Bei XING teilen\" aria-label=\"Bei XING teilen\" role=\"button\" rel=\"noopener nofollow\" class=\"shariff-link\" style=\";border-radius:1%; background-color:#126567; color:#fff\" target=\"_blank\"><span class=\"shariff-icon\" style=\"\"><svg width=\"32px\" height=\"20px\" xmlns=\"http:\/\/www.w3.org\/2000\/svg\" viewBox=\"0 0 25 32\"><path fill=\"#126567\" d=\"M10.7 11.9q-0.2 0.3-4.6 8.2-0.5 0.8-1.2 0.8h-4.3q-0.4 0-0.5-0.3t0-0.6l4.5-8q0 0 0 0l-2.9-5q-0.2-0.4 0-0.7 0.2-0.3 0.5-0.3h4.3q0.7 0 1.2 0.8zM25.1 0.4q0.2 0.3 0 0.7l-9.4 16.7 6 11q0.2 0.4 0 0.6-0.2 0.3-0.6 0.3h-4.3q-0.7 0-1.2-0.8l-6-11.1q0.3-0.6 9.5-16.8 0.4-0.8 1.2-0.8h4.3q0.4 0 0.5 0.3z\"\/><\/svg><\/span><\/a><\/li><li class=\"shariff-button linkedin shariff-nocustomcolor\" style=\"background-color:#1488bf;border-radius:1%\"><a href=\"https:\/\/www.linkedin.com\/sharing\/share-offsite\/?url=https%3A%2F%2Fwww.sonnenseite.com%2Fde%2Fumwelt%2Fmehr-als-61-000-todesfaelle-durch-rekordhitze-im-sommer-2022-in-europa%2F\" title=\"Bei LinkedIn teilen\" aria-label=\"Bei LinkedIn teilen\" role=\"button\" rel=\"noopener nofollow\" class=\"shariff-link\" style=\";border-radius:1%; background-color:#0077b5; color:#fff\" target=\"_blank\"><span class=\"shariff-icon\" style=\"\"><svg width=\"32px\" height=\"20px\" xmlns=\"http:\/\/www.w3.org\/2000\/svg\" viewBox=\"0 0 27 32\"><path fill=\"#0077b5\" d=\"M6.2 11.2v17.7h-5.9v-17.7h5.9zM6.6 5.7q0 1.3-0.9 2.2t-2.4 0.9h0q-1.5 0-2.4-0.9t-0.9-2.2 0.9-2.2 2.4-0.9 2.4 0.9 0.9 2.2zM27.4 18.7v10.1h-5.9v-9.5q0-1.9-0.7-2.9t-2.3-1.1q-1.1 0-1.9 0.6t-1.2 1.5q-0.2 0.5-0.2 1.4v9.9h-5.9q0-7.1 0-11.6t0-5.3l0-0.9h5.9v2.6h0q0.4-0.6 0.7-1t1-0.9 1.6-0.8 2-0.3q3 0 4.9 2t1.9 6z\"\/><\/svg><\/span><\/a><\/li><li class=\"shariff-button printer shariff-nocustomcolor\" style=\"background-color:#a8a8a8;border-radius:1%\"><a href=\"javascript:window.print()\" title=\"drucken\" aria-label=\"drucken\" role=\"button\" rel=\"noopener nofollow\" class=\"shariff-link\" style=\";border-radius:1%; background-color:#999; color:#fff\"><span class=\"shariff-icon\" style=\"\"><svg width=\"32px\" height=\"20px\" xmlns=\"http:\/\/www.w3.org\/2000\/svg\" viewBox=\"0 0 30 32\"><path fill=\"#999\" d=\"M6.8 27.4h16v-4.6h-16v4.6zM6.8 16h16v-6.8h-2.8q-0.7 0-1.2-0.5t-0.5-1.2v-2.8h-11.4v11.4zM27.4 17.2q0-0.5-0.3-0.8t-0.8-0.4-0.8 0.4-0.3 0.8 0.3 0.8 0.8 0.3 0.8-0.3 0.3-0.8zM29.7 17.2v7.4q0 0.2-0.2 0.4t-0.4 0.2h-4v2.8q0 0.7-0.5 1.2t-1.2 0.5h-17.2q-0.7 0-1.2-0.5t-0.5-1.2v-2.8h-4q-0.2 0-0.4-0.2t-0.2-0.4v-7.4q0-1.4 1-2.4t2.4-1h1.2v-9.7q0-0.7 0.5-1.2t1.2-0.5h12q0.7 0 1.6 0.4t1.3 0.8l2.7 2.7q0.5 0.5 0.9 1.4t0.4 1.6v4.6h1.1q1.4 0 2.4 1t1 2.4z\"\/><\/svg><\/span><\/a><\/li><li class=\"shariff-button mailto shariff-nocustomcolor\" style=\"background-color:#a8a8a8;border-radius:1%\"><a href=\"mailto:?body=https%3A%2F%2Fwww.sonnenseite.com%2Fde%2Fumwelt%2Fmehr-als-61-000-todesfaelle-durch-rekordhitze-im-sommer-2022-in-europa%2F&subject=Mehr%20als%2061.000%20Todesf%C3%A4lle%20durch%20Rekordhitze%20im%20Sommer%202022%20in%20Europa\" title=\"Per E-Mail versenden\" aria-label=\"Per E-Mail versenden\" role=\"button\" rel=\"noopener nofollow\" class=\"shariff-link\" style=\";border-radius:1%; background-color:#999; color:#fff\"><span class=\"shariff-icon\" style=\"\"><svg width=\"32px\" height=\"20px\" xmlns=\"http:\/\/www.w3.org\/2000\/svg\" viewBox=\"0 0 32 32\"><path fill=\"#999\" d=\"M32 12.7v14.2q0 1.2-0.8 2t-2 0.9h-26.3q-1.2 0-2-0.9t-0.8-2v-14.2q0.8 0.9 1.8 1.6 6.5 4.4 8.9 6.1 1 0.8 1.6 1.2t1.7 0.9 2 0.4h0.1q0.9 0 2-0.4t1.7-0.9 1.6-1.2q3-2.2 8.9-6.1 1-0.7 1.8-1.6zM32 7.4q0 1.4-0.9 2.7t-2.2 2.2q-6.7 4.7-8.4 5.8-0.2 0.1-0.7 0.5t-1 0.7-0.9 0.6-1.1 0.5-0.9 0.2h-0.1q-0.4 0-0.9-0.2t-1.1-0.5-0.9-0.6-1-0.7-0.7-0.5q-1.6-1.1-4.7-3.2t-3.6-2.6q-1.1-0.7-2.1-2t-1-2.5q0-1.4 0.7-2.3t2.1-0.9h26.3q1.2 0 2 0.8t0.9 2z\"\/><\/svg><\/span><\/a><\/li><\/ul><\/div>","protected":false},"excerpt":{"rendered":"<p>Eine in Nature Medicine ver\u00f6ffentlichte epidemiologische Analyse sch\u00e4tzt, dass 63% mehr Frauen als M\u00e4nner an Hitze [&hellip;]<\/p>\n","protected":false},"author":3,"featured_media":16245,"comment_status":"closed","ping_status":"closed","sticky":false,"template":"","format":"standard","meta":{"inline_featured_image":false,"footnotes":""},"categories":[23],"tags":[],"class_list":["post-92532","post","type-post","status-publish","format-standard","has-post-thumbnail","hentry","category-umwelt"],"yoast_head":"<!-- This site is optimized with the Yoast SEO plugin v26.5 - https:\/\/yoast.com\/wordpress\/plugins\/seo\/ -->\n<title>Mehr als 61.000 Todesf\u00e4lle durch Rekordhitze im Sommer 2022 in Europa - Sonnenseite - \u00d6kologische Kommunikation mit Franz Alt<\/title>\n<meta name=\"description\" content=\"Eine in Nature Medicine ver\u00f6ffentlichte epidemiologische Analyse sch\u00e4tzt, dass 63% mehr Frauen als M\u00e4nner an Hitze starben, wobei die h\u00f6chste Inzidenz im\" \/>\n<meta name=\"robots\" content=\"index, follow, max-snippet:-1, max-image-preview:large, max-video-preview:-1\" \/>\n<link rel=\"canonical\" href=\"https:\/\/www.sonnenseite.com\/de\/umwelt\/mehr-als-61-000-todesfaelle-durch-rekordhitze-im-sommer-2022-in-europa\/\" \/>\n<meta property=\"og:locale\" content=\"de_DE\" \/>\n<meta property=\"og:type\" content=\"article\" \/>\n<meta property=\"og:title\" content=\"Mehr als 61.000 Todesf\u00e4lle durch Rekordhitze im Sommer 2022 in Europa - Sonnenseite - \u00d6kologische Kommunikation mit Franz Alt\" \/>\n<meta property=\"og:description\" content=\"Eine in Nature Medicine ver\u00f6ffentlichte epidemiologische Analyse sch\u00e4tzt, dass 63% mehr Frauen als M\u00e4nner an Hitze starben, wobei die h\u00f6chste Inzidenz im\" \/>\n<meta property=\"og:url\" content=\"https:\/\/www.sonnenseite.com\/de\/umwelt\/mehr-als-61-000-todesfaelle-durch-rekordhitze-im-sommer-2022-in-europa\/\" \/>\n<meta property=\"og:site_name\" content=\"Sonnenseite\" \/>\n<meta property=\"article:publisher\" content=\"https:\/\/www.facebook.com\/pages\/Franz-Alt-SONNENSEITECOM\/221072987903953?fref=ts\" \/>\n<meta property=\"article:published_time\" content=\"2023-07-11T06:58:30+00:00\" \/>\n<meta property=\"article:modified_time\" content=\"2023-07-23T08:58:56+00:00\" \/>\n<meta property=\"og:image\" content=\"https:\/\/www.sonnenseite.com\/wp-content\/uploads\/2018\/08\/Hitze_VladisChern.jpg\" \/>\n\t<meta property=\"og:image:width\" content=\"770\" \/>\n\t<meta property=\"og:image:height\" content=\"420\" \/>\n\t<meta property=\"og:image:type\" content=\"image\/jpeg\" \/>\n<meta name=\"author\" content=\"Bigi Alt\" \/>\n<meta name=\"twitter:card\" content=\"summary_large_image\" \/>\n<meta name=\"twitter:creator\" content=\"@franzalt\" \/>\n<meta name=\"twitter:site\" content=\"@franzalt\" \/>\n<meta name=\"twitter:label1\" content=\"Verfasst von\" \/>\n\t<meta name=\"twitter:data1\" content=\"Bigi Alt\" \/>\n\t<meta name=\"twitter:label2\" content=\"Gesch\u00e4tzte Lesezeit\" \/>\n\t<meta name=\"twitter:data2\" content=\"6\u00a0Minuten\" \/>\n<script type=\"application\/ld+json\" class=\"yoast-schema-graph\">{\"@context\":\"https:\/\/schema.org\",\"@graph\":[{\"@type\":\"Article\",\"@id\":\"https:\/\/www.sonnenseite.com\/de\/umwelt\/mehr-als-61-000-todesfaelle-durch-rekordhitze-im-sommer-2022-in-europa\/#article\",\"isPartOf\":{\"@id\":\"https:\/\/www.sonnenseite.com\/de\/umwelt\/mehr-als-61-000-todesfaelle-durch-rekordhitze-im-sommer-2022-in-europa\/\"},\"author\":{\"name\":\"Bigi Alt\",\"@id\":\"https:\/\/www.sonnenseite.com\/de\/#\/schema\/person\/50fda0e926597684c7cc6695238a4eb9\"},\"headline\":\"Mehr als 61.000 Todesf\u00e4lle durch Rekordhitze im Sommer 2022 in Europa\",\"datePublished\":\"2023-07-11T06:58:30+00:00\",\"dateModified\":\"2023-07-23T08:58:56+00:00\",\"mainEntityOfPage\":{\"@id\":\"https:\/\/www.sonnenseite.com\/de\/umwelt\/mehr-als-61-000-todesfaelle-durch-rekordhitze-im-sommer-2022-in-europa\/\"},\"wordCount\":1058,\"publisher\":{\"@id\":\"https:\/\/www.sonnenseite.com\/de\/#organization\"},\"image\":{\"@id\":\"https:\/\/www.sonnenseite.com\/de\/umwelt\/mehr-als-61-000-todesfaelle-durch-rekordhitze-im-sommer-2022-in-europa\/#primaryimage\"},\"thumbnailUrl\":\"https:\/\/www.sonnenseite.com\/wp-content\/uploads\/2018\/08\/Hitze_VladisChern.jpg\",\"articleSection\":[\"Umwelt\"],\"inLanguage\":\"de\"},{\"@type\":\"WebPage\",\"@id\":\"https:\/\/www.sonnenseite.com\/de\/umwelt\/mehr-als-61-000-todesfaelle-durch-rekordhitze-im-sommer-2022-in-europa\/\",\"url\":\"https:\/\/www.sonnenseite.com\/de\/umwelt\/mehr-als-61-000-todesfaelle-durch-rekordhitze-im-sommer-2022-in-europa\/\",\"name\":\"Mehr als 61.000 Todesf\u00e4lle durch Rekordhitze im Sommer 2022 in Europa - Sonnenseite - \u00d6kologische Kommunikation mit Franz Alt\",\"isPartOf\":{\"@id\":\"https:\/\/www.sonnenseite.com\/de\/#website\"},\"primaryImageOfPage\":{\"@id\":\"https:\/\/www.sonnenseite.com\/de\/umwelt\/mehr-als-61-000-todesfaelle-durch-rekordhitze-im-sommer-2022-in-europa\/#primaryimage\"},\"image\":{\"@id\":\"https:\/\/www.sonnenseite.com\/de\/umwelt\/mehr-als-61-000-todesfaelle-durch-rekordhitze-im-sommer-2022-in-europa\/#primaryimage\"},\"thumbnailUrl\":\"https:\/\/www.sonnenseite.com\/wp-content\/uploads\/2018\/08\/Hitze_VladisChern.jpg\",\"datePublished\":\"2023-07-11T06:58:30+00:00\",\"dateModified\":\"2023-07-23T08:58:56+00:00\",\"description\":\"Eine in Nature Medicine ver\u00f6ffentlichte epidemiologische Analyse sch\u00e4tzt, dass 63% mehr Frauen als M\u00e4nner an Hitze starben, wobei die h\u00f6chste Inzidenz im\",\"breadcrumb\":{\"@id\":\"https:\/\/www.sonnenseite.com\/de\/umwelt\/mehr-als-61-000-todesfaelle-durch-rekordhitze-im-sommer-2022-in-europa\/#breadcrumb\"},\"inLanguage\":\"de\",\"potentialAction\":[{\"@type\":\"ReadAction\",\"target\":[\"https:\/\/www.sonnenseite.com\/de\/umwelt\/mehr-als-61-000-todesfaelle-durch-rekordhitze-im-sommer-2022-in-europa\/\"]}]},{\"@type\":\"ImageObject\",\"inLanguage\":\"de\",\"@id\":\"https:\/\/www.sonnenseite.com\/de\/umwelt\/mehr-als-61-000-todesfaelle-durch-rekordhitze-im-sommer-2022-in-europa\/#primaryimage\",\"url\":\"https:\/\/www.sonnenseite.com\/wp-content\/uploads\/2018\/08\/Hitze_VladisChern.jpg\",\"contentUrl\":\"https:\/\/www.sonnenseite.com\/wp-content\/uploads\/2018\/08\/Hitze_VladisChern.jpg\",\"width\":770,\"height\":420,\"caption\":\"Depositphotos | Vladis Chern\"},{\"@type\":\"BreadcrumbList\",\"@id\":\"https:\/\/www.sonnenseite.com\/de\/umwelt\/mehr-als-61-000-todesfaelle-durch-rekordhitze-im-sommer-2022-in-europa\/#breadcrumb\",\"itemListElement\":[{\"@type\":\"ListItem\",\"position\":1,\"name\":\"Startseite\",\"item\":\"https:\/\/www.sonnenseite.com\/de\/\"},{\"@type\":\"ListItem\",\"position\":2,\"name\":\"Mehr als 61.000 Todesf\u00e4lle durch Rekordhitze im Sommer 2022 in Europa\"}]},{\"@type\":\"WebSite\",\"@id\":\"https:\/\/www.sonnenseite.com\/de\/#website\",\"url\":\"https:\/\/www.sonnenseite.com\/de\/\",\"name\":\"Sonnenseite\",\"description\":\"\u00d6kologische Kommunikation mit Franz Alt\",\"publisher\":{\"@id\":\"https:\/\/www.sonnenseite.com\/de\/#organization\"},\"potentialAction\":[{\"@type\":\"SearchAction\",\"target\":{\"@type\":\"EntryPoint\",\"urlTemplate\":\"https:\/\/www.sonnenseite.com\/de\/?s={search_term_string}\"},\"query-input\":{\"@type\":\"PropertyValueSpecification\",\"valueRequired\":true,\"valueName\":\"search_term_string\"}}],\"inLanguage\":\"de\"},{\"@type\":\"Organization\",\"@id\":\"https:\/\/www.sonnenseite.com\/de\/#organization\",\"name\":\"Sonnenseite\",\"url\":\"https:\/\/www.sonnenseite.com\/de\/\",\"logo\":{\"@type\":\"ImageObject\",\"inLanguage\":\"de\",\"@id\":\"https:\/\/www.sonnenseite.com\/de\/#\/schema\/logo\/image\/\",\"url\":\"https:\/\/www.sonnenseite.com\/wp-content\/uploads\/2020\/05\/Sonnenseite_Logo.png\",\"contentUrl\":\"https:\/\/www.sonnenseite.com\/wp-content\/uploads\/2020\/05\/Sonnenseite_Logo.png\",\"width\":377,\"height\":90,\"caption\":\"Sonnenseite\"},\"image\":{\"@id\":\"https:\/\/www.sonnenseite.com\/de\/#\/schema\/logo\/image\/\"},\"sameAs\":[\"https:\/\/www.facebook.com\/pages\/Franz-Alt-SONNENSEITECOM\/221072987903953?fref=ts\",\"https:\/\/x.com\/franzalt\",\"http:\/\/www.youtube.com\/results?search_query&amp;amp;quot;franz_alt&amp;amp;quot;&amp;amp;amp;amp;search_type&amp;amp;amp;amp;aq=f\"]},{\"@type\":\"Person\",\"@id\":\"https:\/\/www.sonnenseite.com\/de\/#\/schema\/person\/50fda0e926597684c7cc6695238a4eb9\",\"name\":\"Bigi Alt\"}]}<\/script>\n<!-- \/ Yoast SEO plugin. -->","yoast_head_json":{"title":"Mehr als 61.000 Todesf\u00e4lle durch Rekordhitze im Sommer 2022 in Europa - Sonnenseite - \u00d6kologische Kommunikation mit Franz Alt","description":"Eine in Nature Medicine ver\u00f6ffentlichte epidemiologische Analyse sch\u00e4tzt, dass 63% mehr Frauen als M\u00e4nner an Hitze starben, wobei die h\u00f6chste Inzidenz im","robots":{"index":"index","follow":"follow","max-snippet":"max-snippet:-1","max-image-preview":"max-image-preview:large","max-video-preview":"max-video-preview:-1"},"canonical":"https:\/\/www.sonnenseite.com\/de\/umwelt\/mehr-als-61-000-todesfaelle-durch-rekordhitze-im-sommer-2022-in-europa\/","og_locale":"de_DE","og_type":"article","og_title":"Mehr als 61.000 Todesf\u00e4lle durch Rekordhitze im Sommer 2022 in Europa - Sonnenseite - \u00d6kologische Kommunikation mit Franz Alt","og_description":"Eine in Nature Medicine ver\u00f6ffentlichte epidemiologische Analyse sch\u00e4tzt, dass 63% mehr Frauen als M\u00e4nner an Hitze starben, wobei die h\u00f6chste Inzidenz im","og_url":"https:\/\/www.sonnenseite.com\/de\/umwelt\/mehr-als-61-000-todesfaelle-durch-rekordhitze-im-sommer-2022-in-europa\/","og_site_name":"Sonnenseite","article_publisher":"https:\/\/www.facebook.com\/pages\/Franz-Alt-SONNENSEITECOM\/221072987903953?fref=ts","article_published_time":"2023-07-11T06:58:30+00:00","article_modified_time":"2023-07-23T08:58:56+00:00","og_image":[{"width":770,"height":420,"url":"https:\/\/www.sonnenseite.com\/wp-content\/uploads\/2018\/08\/Hitze_VladisChern.jpg","type":"image\/jpeg"}],"author":"Bigi Alt","twitter_card":"summary_large_image","twitter_creator":"@franzalt","twitter_site":"@franzalt","twitter_misc":{"Verfasst von":"Bigi Alt","Gesch\u00e4tzte Lesezeit":"6\u00a0Minuten"},"schema":{"@context":"https:\/\/schema.org","@graph":[{"@type":"Article","@id":"https:\/\/www.sonnenseite.com\/de\/umwelt\/mehr-als-61-000-todesfaelle-durch-rekordhitze-im-sommer-2022-in-europa\/#article","isPartOf":{"@id":"https:\/\/www.sonnenseite.com\/de\/umwelt\/mehr-als-61-000-todesfaelle-durch-rekordhitze-im-sommer-2022-in-europa\/"},"author":{"name":"Bigi Alt","@id":"https:\/\/www.sonnenseite.com\/de\/#\/schema\/person\/50fda0e926597684c7cc6695238a4eb9"},"headline":"Mehr als 61.000 Todesf\u00e4lle durch Rekordhitze im Sommer 2022 in Europa","datePublished":"2023-07-11T06:58:30+00:00","dateModified":"2023-07-23T08:58:56+00:00","mainEntityOfPage":{"@id":"https:\/\/www.sonnenseite.com\/de\/umwelt\/mehr-als-61-000-todesfaelle-durch-rekordhitze-im-sommer-2022-in-europa\/"},"wordCount":1058,"publisher":{"@id":"https:\/\/www.sonnenseite.com\/de\/#organization"},"image":{"@id":"https:\/\/www.sonnenseite.com\/de\/umwelt\/mehr-als-61-000-todesfaelle-durch-rekordhitze-im-sommer-2022-in-europa\/#primaryimage"},"thumbnailUrl":"https:\/\/www.sonnenseite.com\/wp-content\/uploads\/2018\/08\/Hitze_VladisChern.jpg","articleSection":["Umwelt"],"inLanguage":"de"},{"@type":"WebPage","@id":"https:\/\/www.sonnenseite.com\/de\/umwelt\/mehr-als-61-000-todesfaelle-durch-rekordhitze-im-sommer-2022-in-europa\/","url":"https:\/\/www.sonnenseite.com\/de\/umwelt\/mehr-als-61-000-todesfaelle-durch-rekordhitze-im-sommer-2022-in-europa\/","name":"Mehr als 61.000 Todesf\u00e4lle durch Rekordhitze im Sommer 2022 in Europa - Sonnenseite - \u00d6kologische Kommunikation mit Franz Alt","isPartOf":{"@id":"https:\/\/www.sonnenseite.com\/de\/#website"},"primaryImageOfPage":{"@id":"https:\/\/www.sonnenseite.com\/de\/umwelt\/mehr-als-61-000-todesfaelle-durch-rekordhitze-im-sommer-2022-in-europa\/#primaryimage"},"image":{"@id":"https:\/\/www.sonnenseite.com\/de\/umwelt\/mehr-als-61-000-todesfaelle-durch-rekordhitze-im-sommer-2022-in-europa\/#primaryimage"},"thumbnailUrl":"https:\/\/www.sonnenseite.com\/wp-content\/uploads\/2018\/08\/Hitze_VladisChern.jpg","datePublished":"2023-07-11T06:58:30+00:00","dateModified":"2023-07-23T08:58:56+00:00","description":"Eine in Nature Medicine ver\u00f6ffentlichte epidemiologische Analyse sch\u00e4tzt, dass 63% mehr Frauen als M\u00e4nner an Hitze starben, wobei die h\u00f6chste Inzidenz im","breadcrumb":{"@id":"https:\/\/www.sonnenseite.com\/de\/umwelt\/mehr-als-61-000-todesfaelle-durch-rekordhitze-im-sommer-2022-in-europa\/#breadcrumb"},"inLanguage":"de","potentialAction":[{"@type":"ReadAction","target":["https:\/\/www.sonnenseite.com\/de\/umwelt\/mehr-als-61-000-todesfaelle-durch-rekordhitze-im-sommer-2022-in-europa\/"]}]},{"@type":"ImageObject","inLanguage":"de","@id":"https:\/\/www.sonnenseite.com\/de\/umwelt\/mehr-als-61-000-todesfaelle-durch-rekordhitze-im-sommer-2022-in-europa\/#primaryimage","url":"https:\/\/www.sonnenseite.com\/wp-content\/uploads\/2018\/08\/Hitze_VladisChern.jpg","contentUrl":"https:\/\/www.sonnenseite.com\/wp-content\/uploads\/2018\/08\/Hitze_VladisChern.jpg","width":770,"height":420,"caption":"Depositphotos | Vladis Chern"},{"@type":"BreadcrumbList","@id":"https:\/\/www.sonnenseite.com\/de\/umwelt\/mehr-als-61-000-todesfaelle-durch-rekordhitze-im-sommer-2022-in-europa\/#breadcrumb","itemListElement":[{"@type":"ListItem","position":1,"name":"Startseite","item":"https:\/\/www.sonnenseite.com\/de\/"},{"@type":"ListItem","position":2,"name":"Mehr als 61.000 Todesf\u00e4lle durch Rekordhitze im Sommer 2022 in Europa"}]},{"@type":"WebSite","@id":"https:\/\/www.sonnenseite.com\/de\/#website","url":"https:\/\/www.sonnenseite.com\/de\/","name":"Sonnenseite","description":"\u00d6kologische Kommunikation mit Franz Alt","publisher":{"@id":"https:\/\/www.sonnenseite.com\/de\/#organization"},"potentialAction":[{"@type":"SearchAction","target":{"@type":"EntryPoint","urlTemplate":"https:\/\/www.sonnenseite.com\/de\/?s={search_term_string}"},"query-input":{"@type":"PropertyValueSpecification","valueRequired":true,"valueName":"search_term_string"}}],"inLanguage":"de"},{"@type":"Organization","@id":"https:\/\/www.sonnenseite.com\/de\/#organization","name":"Sonnenseite","url":"https:\/\/www.sonnenseite.com\/de\/","logo":{"@type":"ImageObject","inLanguage":"de","@id":"https:\/\/www.sonnenseite.com\/de\/#\/schema\/logo\/image\/","url":"https:\/\/www.sonnenseite.com\/wp-content\/uploads\/2020\/05\/Sonnenseite_Logo.png","contentUrl":"https:\/\/www.sonnenseite.com\/wp-content\/uploads\/2020\/05\/Sonnenseite_Logo.png","width":377,"height":90,"caption":"Sonnenseite"},"image":{"@id":"https:\/\/www.sonnenseite.com\/de\/#\/schema\/logo\/image\/"},"sameAs":["https:\/\/www.facebook.com\/pages\/Franz-Alt-SONNENSEITECOM\/221072987903953?fref=ts","https:\/\/x.com\/franzalt","http:\/\/www.youtube.com\/results?search_query&amp;amp;quot;franz_alt&amp;amp;quot;&amp;amp;amp;amp;search_type&amp;amp;amp;amp;aq=f"]},{"@type":"Person","@id":"https:\/\/www.sonnenseite.com\/de\/#\/schema\/person\/50fda0e926597684c7cc6695238a4eb9","name":"Bigi Alt"}]}},"_links":{"self":[{"href":"https:\/\/www.sonnenseite.com\/de\/wp-json\/wp\/v2\/posts\/92532","targetHints":{"allow":["GET"]}}],"collection":[{"href":"https:\/\/www.sonnenseite.com\/de\/wp-json\/wp\/v2\/posts"}],"about":[{"href":"https:\/\/www.sonnenseite.com\/de\/wp-json\/wp\/v2\/types\/post"}],"author":[{"embeddable":true,"href":"https:\/\/www.sonnenseite.com\/de\/wp-json\/wp\/v2\/users\/3"}],"replies":[{"embeddable":true,"href":"https:\/\/www.sonnenseite.com\/de\/wp-json\/wp\/v2\/comments?post=92532"}],"version-history":[{"count":1,"href":"https:\/\/www.sonnenseite.com\/de\/wp-json\/wp\/v2\/posts\/92532\/revisions"}],"predecessor-version":[{"id":92533,"href":"https:\/\/www.sonnenseite.com\/de\/wp-json\/wp\/v2\/posts\/92532\/revisions\/92533"}],"wp:featuredmedia":[{"embeddable":true,"href":"https:\/\/www.sonnenseite.com\/de\/wp-json\/wp\/v2\/media\/16245"}],"wp:attachment":[{"href":"https:\/\/www.sonnenseite.com\/de\/wp-json\/wp\/v2\/media?parent=92532"}],"wp:term":[{"taxonomy":"category","embeddable":true,"href":"https:\/\/www.sonnenseite.com\/de\/wp-json\/wp\/v2\/categories?post=92532"},{"taxonomy":"post_tag","embeddable":true,"href":"https:\/\/www.sonnenseite.com\/de\/wp-json\/wp\/v2\/tags?post=92532"}],"curies":[{"name":"wp","href":"https:\/\/api.w.org\/{rel}","templated":true}]}}