{"id":92589,"date":"2023-07-14T09:42:19","date_gmt":"2023-07-14T07:42:19","guid":{"rendered":"https:\/\/www.sonnenseite.com\/?p=92589"},"modified":"2023-07-14T09:42:25","modified_gmt":"2023-07-14T07:42:25","slug":"kreislaufwirtschaft-alt-autos-als-ressource","status":"publish","type":"post","link":"https:\/\/www.sonnenseite.com\/de\/mobilitaet\/kreislaufwirtschaft-alt-autos-als-ressource\/","title":{"rendered":"Kreislaufwirtschaft: Alt-Autos als Ressource"},"content":{"rendered":"\n<p>EU-Kommission legt Verordnung f\u00fcr Recycling von Fahrzeugen vor<\/p>\n\n\n\n<p>Die EU-Kommission hat die bestehenden Regeln f\u00fcr die Wiederverwendung, Recycling und Verwertung von Fahrzeugen \u00fcberarbeitet und <a href=\"https:\/\/ec.europa.eu\/commission\/presscorner\/detail\/de\/ip_23_3819\" target=\"_blank\" rel=\"noreferrer noopener\">am 13.07.2023 eine einzige Verordnung vorgeschlagen<\/a>. Damit will sie den Zugang zu Ressourcen f\u00fcr die Wirtschaft der EU verbessern, zu den Umwelt- und Klimazielen der EU beitragen, den Binnenmarkt st\u00e4rken und der Automobilindustrie helfen, die Herausforderungen durch den Wandel zu bew\u00e4ltigen.<\/p>\n\n\n\n<p>\u201eIn den n\u00e4chsten Jahren werden immer mehr emissionsfreie Fahrzeuge auf den Markt kommen, wodurch die Nachfrage nach wertvollen Rohstoffen steigen wird\u201c, sagte Frans Timmermans, Exekutiv-Vizepr\u00e4sident f\u00fcr den europ\u00e4ischen Gr\u00fcnen Deal.<strong> \u201e<\/strong>Mit unserem heute vorgelegten Vorschlag wird sichergestellt, dass wir so viele dieser Materialien wie m\u00f6glich recyceln und wiederverwenden, was unseren Fahrzeugkomponenten neues Leben erm\u00f6glicht und den \u00f6kologischen Fu\u00dfabdruck unseres Stra\u00dfenverkehrs erheblich verringert.\u201c<\/p>\n\n\n\n<p>Umweltkommissar Virginijus Sinkevi\u010dius erg\u00e4nzte: \u201eDie Automobilindustrie spielt eine wichtige Rolle bei der Beschleunigung des \u00dcbergangs zur Kreislaufwirtschaft. Aufbauend auf dem Lebenszykluskonzept, das wir f\u00fcr Batterien vereinbart haben, schlagen wir heute Vorschriften vor, um Fahrzeuge kreislauforientiert zu gestalten und sicherzustellen, dass Fahrzeuge am Ende ihrer Lebensdauer eine Quelle wertvoller Ersatzteile, kritischer Rohstoffe und anderer wichtiger Ressourcen wie hochwertiger recycelter Kunststoffe und Stahl sind. Dieser neue Ansatz wird die europ\u00e4ische Fahrzeugindustrie nachhaltiger und widerstandsf\u00e4higer machen, die Abh\u00e4ngigkeit von Prim\u00e4rrohstoffen und Energie verringern, den Recyclingsektor der EU ankurbeln und die M\u00e4rkte f\u00fcr gebrauchte Ersatzteile und Sekund\u00e4rmaterialien st\u00e4rken.\u201c<\/p>\n\n\n\n<p>Die vorgeschlagenen Ma\u00dfnahmen sollen bis&nbsp;2035 Nettoeinnahmen in H\u00f6he von 1,8 Milliarden Euro generieren, wobei&nbsp;zus\u00e4tzliche Arbeitspl\u00e4tze geschaffen&nbsp;und die Einnahmen f\u00fcr die Abfallwirtschaft und die Recyclingindustrie verbessert werden. Dar\u00fcber hinaus werden sie zur Verbesserung der Stra\u00dfenverkehrssicherheit in Drittl\u00e4ndern beitragen, indem sie&nbsp;die Ausfuhr nicht verkehrstauglicher Fahrzeuge verhindern und sch\u00e4dliche Umwelt- und Gesundheitsrisiken in L\u00e4ndern verringern, die Gebrauchtfahrzeuge aus der EU einf\u00fchren.<\/p>\n\n\n\n<p>Die vorgeschlagene Verordnung, die die geltenden Richtlinien \u00fcber <a href=\"https:\/\/eur-lex.europa.eu\/legal-content\/EN\/TXT\/?uri=celex%3A32000L0053\">Altfahrzeuge<\/a> und \u00fcber <a href=\"https:\/\/eur-lex.europa.eu\/legal-content\/EN\/ALL\/?uri=celex%3A32005L0064\">Wiederverwendbarkeit, Recyclingf\u00e4higkeit und Verwertbarkeit ersetzt,<\/a> d\u00fcrfte erhebliche <strong>Vorteile f\u00fcr die Umwelt<\/strong> mit sich bringen, darunter eine j\u00e4hrliche <strong>Verringerung der CO2-<sub>Emissionen<\/sub> um 12,3 Mio. Tonnen bis 2035<\/strong>, eine bessere Valorisierung von 5,4 Mio. Tonnen Materialien und eine <strong>verst\u00e4rkte R\u00fcckgewinnung kritischer Rohstoffe<\/strong>. Die Umsetzung der Verordnung wird zu <strong>langfristigen Energieeinsparungen <\/strong>in der Herstellungsphase f\u00fchren, die Abh\u00e4ngigkeit von importierten Rohstoffen verringern und <strong>nachhaltige und kreislauforientierte Gesch\u00e4ftsmodelle f\u00f6rdern<\/strong>.<\/p>\n\n\n\n<p><strong>Ma\u00dfnahmen f\u00fcr den \u00dcbergang zur Kreislaufwirtschaft und mehr Resilienz in der Automobilindustrie<\/strong><\/p>\n\n\n\n<p>Es wird davon ausgegangen, dass die Automobilindustrie in Europa zum gr\u00f6\u00dften Verbraucher kritischer Rohstoffe f\u00fcr Dauermagnete von Elektromotoren werden wird. Die St\u00e4rkung der Widerstandsf\u00e4higkeit der EU gegen St\u00f6rungen der Lieferkette und die Verringerung ihrer Abh\u00e4ngigkeit von Einfuhren kritischer Rohstoffe sind f\u00fcr den \u00dcbergang zu emissionsfreien Fahrzeugen von entscheidender Bedeutung. Um den \u00dcbergang des Sektors zu erleichtern, hat die Kommission die bestehenden Rechtsvorschriften \u00fcberarbeitet und eine einzige Verordnung vorgeschlagen, die sich auf mehrere Schl\u00fcsselelemente konzentriert, um die Qualit\u00e4t von Design, Sammlung und Recycling zu verbessern und gleichzeitig die Berichtspflichten zu erleichtern:<\/p>\n\n\n\n<ul class=\"wp-block-list\">\n<li><strong>\u201eEntwurfsrundschreiben\u201c: Die F\u00f6rderung der Kreislaufwirtschaft bei der Auslegung und Herstellung von Fahrzeugen<\/strong>&nbsp;wird dazu beitragen, dass diese leicht abgebaut werden k\u00f6nnen. Die Automobilhersteller m\u00fcssen den Demontagebetrieben klare und detaillierte Anweisungen dazu geben, wie Teile und Bauteile w\u00e4hrend der Nutzung und am Ende der Lebensdauer eines Fahrzeugs ersetzt und entfernt werden k\u00f6nnen.<\/li>\n\n\n\n<li><strong>\u201eRecyclat-Verbrauchsanteil\u201c<\/strong>: 25&nbsp;Prozent des Kunststoffs, der f\u00fcr den Bau eines neuen Fahrzeugs verwendet wird, m\u00fcssen aus dem Recycling stammen, von denen 25&nbsp;Prozent aus Altfahrzeugen rezykliert werden m\u00fcssen.<\/li>\n\n\n\n<li><strong>\u201eBesseres Leben\u201c:<\/strong>&nbsp;Die Ma\u00dfnahmen werden dazu f\u00fchren, dass mehr und hochwertigere Rohstoffe wie kritische Rohstoffe, Kunststoffe, Stahl und Aluminium zur\u00fcckgewonnen werden.&nbsp; 30&nbsp;Prozent der Kunststoffe aus Altfahrzeugen sollten recycelt werden. Zus\u00e4tzliche Ma\u00dfnahmen werden den Markt f\u00fcr die Wiederverwendung, Wiederaufarbeitung und Modernisierung von Fahrzeugteilen und -komponenten unterst\u00fctzen. Die Mitgliedstaaten werden aufgefordert, Anreize f\u00fcr Werkst\u00e4tten und Reparaturwerkst\u00e4tten zu schaffen, umden Verkauf von Ersatzteilen zu unterst\u00fctzen.<\/li>\n\n\n\n<li><strong>\u201eVerbesserung der Governance\u201c<\/strong>: Die neuen Vorschriften werden die Herstellerverantwortung st\u00e4rken, indem unter einheitlichen Anforderungen nationale Systeme der erweiterten Herstellerverantwortung eingef\u00fchrt werden. Diese Systeme zielen darauf ab, eine angemessene Finanzierung f\u00fcr obligatorische Abfallbehandlungsverfahren bereitzustellen, Anreize f\u00fcr Recyclingunternehmen zu schaffen, die Qualit\u00e4t recycelter Materialien aus Altfahrzeugen zu verbessern, und so eine verst\u00e4rkte Zusammenarbeit zwischen den Betreibern der Behandlung und den Herstellern zu f\u00f6rdern.<\/li>\n\n\n\n<li><strong>\u201eMehr und intelligenter sammeln\u201c<\/strong>: Um das Verschwinden von Fahrzeugen zu stoppen, sieht der Vorschlag eine bessere Durchsetzung der geltenden Vorschriften vor und erh\u00f6ht die Transparenz. Dies bedeutet mehr Inspektionen, die digitale Verfolgung von Altfahrzeugen in der gesamten EU, eine bessere Trennung von Altfahrzeugen und Altfahrzeugen, mehr Geldbu\u00dfen f\u00fcr Verst\u00f6\u00dfe und ein Verbot der Ausfuhr nicht verkehrstauglicher Gebrauchtfahrzeuge.<\/li>\n\n\n\n<li><strong>\u201eMehr Fahrzeuge abdecken\u201c<\/strong>: Der Anwendungsbereich dieser Ma\u00dfnahmen wird schrittweise auf neue Kategorien wie Motorr\u00e4der, Lastkraftwagen und Busse ausgeweitet, um eine umfassendere Abdeckung zu gew\u00e4hrleisten.<\/li>\n<\/ul>\n\n\n\n<p><strong>N\u00e4chste Schritte<\/strong><\/p>\n\n\n\n<p>Der Vorschlag der Kommission f\u00fcr eine Verordnung \u00fcber Anforderungen an die Kreislaufwirtschaft an die Fahrzeuggestaltung und das Management von Altfahrzeugen wird nun vom Europ\u00e4ischen Parlament und vom Rat im Rahmen des ordentlichen Gesetzgebungsverfahrens gepr\u00fcft.<\/p>\n\n\n\n<p><strong>Hintergrund<\/strong><\/p>\n\n\n\n<p>Jedes Jahr erreichen mehr als sechs Millionen Fahrzeuge in Europa das Ende ihrer Lebensdauer. Eine unzureichende Handhabung von Fahrzeugen am Ende ihrer Lebensdauer f\u00fchrt zu einem Wertverlust und einer Umweltverschmutzung. Die j\u00fcngste Bewertung der bestehenden EU-<a href=\"https:\/\/eur-lex.europa.eu\/legal-content\/EN\/TXT\/?uri=CELEX%3A02000L0053-20230330\">Rechtsvorschriften in diesem Bereich \u2013 Richtlinie 2000\/53\/EG \u00fcber Altfahrzeuge (\u201eELV-<\/a>&nbsp;Richtlinie\u201c, angenommen im Jahr 2000) und&nbsp;<a href=\"https:\/\/eur-lex.europa.eu\/legal-content\/EN\/TXT\/?uri=CELEX%3A02005L0064-20090203\">Richtlinie 2005\/64\/EG \u00fcber die Typgenehmigung von Kraftfahrzeugen hinsichtlich ihrer Wiederverwendbarkeit, Recyclingf\u00e4higkeit und Verwertbarkeit<\/a>&nbsp;(\u201e3R-Typgenehmigungsrichtlinie\u201c, angenommen 2005) \u2013 hat gezeigt, dass erhebliche Verbesserungen erforderlich sind, um den \u00dcbergang der Automobilindustrie zu einer Kreislaufwirtschaft voranzutreiben und so die Umweltauswirkungen im Zusammenhang mit der Herstellung und Entsorgung von Fahrzeugen zu verringern und die Nachhaltigkeit der Automobil- und Recyclingindustrie in Europa zu st\u00e4rken.<\/p>\n\n\n\n<p>Die vorgeschlagene Verordnung steht im Einklang mit dem Ziel des&nbsp;<a href=\"https:\/\/commission.europa.eu\/publications\/communication-european-green-deal_en\">europ\u00e4ischen Gr\u00fcnen Deals<\/a> und&nbsp;<a href=\"https:\/\/environment.ec.europa.eu\/strategy\/circular-economy-action-plan_en\">des Aktionsplans f\u00fcr die Kreislaufwirtschaft<\/a>, eine nachhaltigere und widerstandsf\u00e4higere Automobilindustrie zu erreichen. Sie ist eng mit mehreren wichtigen Gesetzgebungsinitiativen verkn\u00fcpft und unterst\u00fctzt deren Umsetzung, darunter das&nbsp;<a href=\"https:\/\/ec.europa.eu\/commission\/presscorner\/detail\/en\/ip_23_1661\">Gesetz \u00fcber kritische Rohstoffe, die<\/a>&nbsp;<a href=\"https:\/\/environment.ec.europa.eu\/topics\/waste-and-recycling\/batteries_en\">Batterieverordnung, die Abfallrahmenrichtlinie<\/a><a href=\"https:\/\/environment.ec.europa.eu\/topics\/waste-and-recycling\/waste-framework-directive_en\">, die&nbsp;<\/a><a href=\"https:\/\/environment.ec.europa.eu\/topics\/waste-and-recycling\/waste-electrical-and-electronic-equipment-weee_en\">EEAG-Richtlinie<\/a>&nbsp;und die&nbsp;<a href=\"https:\/\/commission.europa.eu\/energy-climate-change-environment\/standards-tools-and-labels\/products-labelling-rules-and-requirements\/sustainable-products\/ecodesign-sustainable-products_en\">\u00d6kodesign-Verordnung f\u00fcr nachhaltige Produkte<\/a>.<\/p>\n\n\n\n<p><strong>Quellen und weitere Informationen<\/strong><\/p>\n\n\n\n<ul class=\"wp-block-list\">\n<li><a href=\"https:\/\/ec.europa.eu\/commission\/presscorner\/detail\/de\/ip_23_3819\" target=\"_blank\" rel=\"noreferrer noopener\">ec.europa.eu\/ip_23_3819<\/a><\/li>\n\n\n\n<li><a href=\"https:\/\/germany.representation.ec.europa.eu\/news\/kreislaufwirtschaft-eu-kommission-legt-eine-verordnung-fur-recycling-von-fahrzeugen-vor-2023-07-13_de\" target=\"_blank\" rel=\"noreferrer noopener\">germany.representation.ec.europa.eu\/kreislaufwirtschaft-eu-kommission-legt-eine-verordnung-fur-recycling-von-fahrzeugen-vor<\/a><\/li>\n\n\n\n<li><a href=\"https:\/\/ec.europa.eu\/commission\/presscorner\/detail\/en\/qanda_23_3820\">Fragen und Antworten Vorschriften f\u00fcr die kreislauforientierte Gestaltung von Fahrzeugen und das Management am Ende der Lebensdauer<\/a><\/li>\n\n\n\n<li><a href=\"https:\/\/environment.ec.europa.eu\/topics\/waste-and-recycling\/end-life-vehicles_en\">Vorschlag der Kommission f\u00fcr eine Verordnung \u00fcber Altfahrzeuge<\/a><\/li>\n\n\n\n<li><a href=\"https:\/\/environment.ec.europa.eu\/topics\/waste-and-recycling\/end-life-vehicles\/end-life-vehicles-regulation_en\">Website zu vorgeschlagenen Vorschriften f\u00fcr Altfahrzeuge<\/a><\/li>\n<\/ul>\n\n\n<h5 class=\"green\">Quelle<\/h5>\r\n\n\n\n<p><a href=\"https:\/\/ec.europa.eu\/commission\/presscorner\/detail\/de\/ip_23_3819\">Europ\u00e4ische Kommission 2023<\/a> \/ Der Bericht wurde von der\u00a0<a href=\"https:\/\/www.solarify.eu\/2023\/07\/14\/840-kreislaufwirtschaft-alt-autos-als-ressource\/\">Redaktion &#8222;SOLARIFY\u201c 2023<\/a>\u00a0verfasst!\u00a0<\/p>\n<div class=\"shariff shariff-align-flex-start shariff-widget-align-flex-start\"><div class=\"ShariffHeadline\">Diese Meldung teilen<\/div><ul class=\"shariff-buttons theme-round orientation-horizontal buttonsize-medium\"><li class=\"shariff-button facebook shariff-nocustomcolor\" style=\"background-color:#4273c8;border-radius:1%\"><a href=\"https:\/\/www.facebook.com\/sharer\/sharer.php?u=https%3A%2F%2Fwww.sonnenseite.com%2Fde%2Fmobilitaet%2Fkreislaufwirtschaft-alt-autos-als-ressource%2F\" title=\"Bei Facebook teilen\" aria-label=\"Bei Facebook teilen\" role=\"button\" rel=\"nofollow\" class=\"shariff-link\" style=\";border-radius:1%; background-color:#3b5998; color:#fff\" target=\"_blank\"><span class=\"shariff-icon\" style=\"\"><svg width=\"32px\" height=\"20px\" xmlns=\"http:\/\/www.w3.org\/2000\/svg\" viewBox=\"0 0 18 32\"><path fill=\"#3b5998\" d=\"M17.1 0.2v4.7h-2.8q-1.5 0-2.1 0.6t-0.5 1.9v3.4h5.2l-0.7 5.3h-4.5v13.6h-5.5v-13.6h-4.5v-5.3h4.5v-3.9q0-3.3 1.9-5.2t5-1.8q2.6 0 4.1 0.2z\"\/><\/svg><\/span><\/a><\/li><li class=\"shariff-button twitter shariff-nocustomcolor\" style=\"background-color:#595959;border-radius:1%\"><a href=\"https:\/\/twitter.com\/share?url=https%3A%2F%2Fwww.sonnenseite.com%2Fde%2Fmobilitaet%2Fkreislaufwirtschaft-alt-autos-als-ressource%2F&text=Kreislaufwirtschaft%3A%20Alt-Autos%20als%20Ressource\" title=\"Bei X teilen\" aria-label=\"Bei X teilen\" role=\"button\" rel=\"noopener nofollow\" class=\"shariff-link\" style=\";border-radius:1%; background-color:#000; color:#fff\" target=\"_blank\"><span class=\"shariff-icon\" style=\"\"><svg width=\"32px\" height=\"20px\" xmlns=\"http:\/\/www.w3.org\/2000\/svg\" viewBox=\"0 0 24 24\"><path fill=\"#000\" d=\"M14.258 10.152L23.176 0h-2.113l-7.747 8.813L7.133 0H0l9.352 13.328L0 23.973h2.113l8.176-9.309 6.531 9.309h7.133zm-2.895 3.293l-.949-1.328L2.875 1.56h3.246l6.086 8.523.945 1.328 7.91 11.078h-3.246zm0 0\"\/><\/svg><\/span><\/a><\/li><li class=\"shariff-button xing shariff-nocustomcolor\" style=\"background-color:#29888a;border-radius:1%\"><a href=\"https:\/\/www.xing.com\/spi\/shares\/new?url=https%3A%2F%2Fwww.sonnenseite.com%2Fde%2Fmobilitaet%2Fkreislaufwirtschaft-alt-autos-als-ressource%2F\" title=\"Bei XING teilen\" aria-label=\"Bei XING teilen\" role=\"button\" rel=\"noopener nofollow\" class=\"shariff-link\" style=\";border-radius:1%; background-color:#126567; color:#fff\" target=\"_blank\"><span class=\"shariff-icon\" style=\"\"><svg width=\"32px\" height=\"20px\" xmlns=\"http:\/\/www.w3.org\/2000\/svg\" viewBox=\"0 0 25 32\"><path fill=\"#126567\" d=\"M10.7 11.9q-0.2 0.3-4.6 8.2-0.5 0.8-1.2 0.8h-4.3q-0.4 0-0.5-0.3t0-0.6l4.5-8q0 0 0 0l-2.9-5q-0.2-0.4 0-0.7 0.2-0.3 0.5-0.3h4.3q0.7 0 1.2 0.8zM25.1 0.4q0.2 0.3 0 0.7l-9.4 16.7 6 11q0.2 0.4 0 0.6-0.2 0.3-0.6 0.3h-4.3q-0.7 0-1.2-0.8l-6-11.1q0.3-0.6 9.5-16.8 0.4-0.8 1.2-0.8h4.3q0.4 0 0.5 0.3z\"\/><\/svg><\/span><\/a><\/li><li class=\"shariff-button linkedin shariff-nocustomcolor\" style=\"background-color:#1488bf;border-radius:1%\"><a href=\"https:\/\/www.linkedin.com\/sharing\/share-offsite\/?url=https%3A%2F%2Fwww.sonnenseite.com%2Fde%2Fmobilitaet%2Fkreislaufwirtschaft-alt-autos-als-ressource%2F\" title=\"Bei LinkedIn teilen\" aria-label=\"Bei LinkedIn teilen\" role=\"button\" rel=\"noopener nofollow\" class=\"shariff-link\" style=\";border-radius:1%; background-color:#0077b5; color:#fff\" target=\"_blank\"><span class=\"shariff-icon\" style=\"\"><svg width=\"32px\" height=\"20px\" xmlns=\"http:\/\/www.w3.org\/2000\/svg\" viewBox=\"0 0 27 32\"><path fill=\"#0077b5\" d=\"M6.2 11.2v17.7h-5.9v-17.7h5.9zM6.6 5.7q0 1.3-0.9 2.2t-2.4 0.9h0q-1.5 0-2.4-0.9t-0.9-2.2 0.9-2.2 2.4-0.9 2.4 0.9 0.9 2.2zM27.4 18.7v10.1h-5.9v-9.5q0-1.9-0.7-2.9t-2.3-1.1q-1.1 0-1.9 0.6t-1.2 1.5q-0.2 0.5-0.2 1.4v9.9h-5.9q0-7.1 0-11.6t0-5.3l0-0.9h5.9v2.6h0q0.4-0.6 0.7-1t1-0.9 1.6-0.8 2-0.3q3 0 4.9 2t1.9 6z\"\/><\/svg><\/span><\/a><\/li><li class=\"shariff-button printer shariff-nocustomcolor\" style=\"background-color:#a8a8a8;border-radius:1%\"><a href=\"javascript:window.print()\" title=\"drucken\" aria-label=\"drucken\" role=\"button\" rel=\"noopener nofollow\" class=\"shariff-link\" style=\";border-radius:1%; background-color:#999; color:#fff\"><span class=\"shariff-icon\" style=\"\"><svg width=\"32px\" height=\"20px\" xmlns=\"http:\/\/www.w3.org\/2000\/svg\" viewBox=\"0 0 30 32\"><path fill=\"#999\" d=\"M6.8 27.4h16v-4.6h-16v4.6zM6.8 16h16v-6.8h-2.8q-0.7 0-1.2-0.5t-0.5-1.2v-2.8h-11.4v11.4zM27.4 17.2q0-0.5-0.3-0.8t-0.8-0.4-0.8 0.4-0.3 0.8 0.3 0.8 0.8 0.3 0.8-0.3 0.3-0.8zM29.7 17.2v7.4q0 0.2-0.2 0.4t-0.4 0.2h-4v2.8q0 0.7-0.5 1.2t-1.2 0.5h-17.2q-0.7 0-1.2-0.5t-0.5-1.2v-2.8h-4q-0.2 0-0.4-0.2t-0.2-0.4v-7.4q0-1.4 1-2.4t2.4-1h1.2v-9.7q0-0.7 0.5-1.2t1.2-0.5h12q0.7 0 1.6 0.4t1.3 0.8l2.7 2.7q0.5 0.5 0.9 1.4t0.4 1.6v4.6h1.1q1.4 0 2.4 1t1 2.4z\"\/><\/svg><\/span><\/a><\/li><li class=\"shariff-button mailto shariff-nocustomcolor\" style=\"background-color:#a8a8a8;border-radius:1%\"><a href=\"mailto:?body=https%3A%2F%2Fwww.sonnenseite.com%2Fde%2Fmobilitaet%2Fkreislaufwirtschaft-alt-autos-als-ressource%2F&subject=Kreislaufwirtschaft%3A%20Alt-Autos%20als%20Ressource\" title=\"Per E-Mail versenden\" aria-label=\"Per E-Mail versenden\" role=\"button\" rel=\"noopener nofollow\" class=\"shariff-link\" style=\";border-radius:1%; background-color:#999; color:#fff\"><span class=\"shariff-icon\" style=\"\"><svg width=\"32px\" height=\"20px\" xmlns=\"http:\/\/www.w3.org\/2000\/svg\" viewBox=\"0 0 32 32\"><path fill=\"#999\" d=\"M32 12.7v14.2q0 1.2-0.8 2t-2 0.9h-26.3q-1.2 0-2-0.9t-0.8-2v-14.2q0.8 0.9 1.8 1.6 6.5 4.4 8.9 6.1 1 0.8 1.6 1.2t1.7 0.9 2 0.4h0.1q0.9 0 2-0.4t1.7-0.9 1.6-1.2q3-2.2 8.9-6.1 1-0.7 1.8-1.6zM32 7.4q0 1.4-0.9 2.7t-2.2 2.2q-6.7 4.7-8.4 5.8-0.2 0.1-0.7 0.5t-1 0.7-0.9 0.6-1.1 0.5-0.9 0.2h-0.1q-0.4 0-0.9-0.2t-1.1-0.5-0.9-0.6-1-0.7-0.7-0.5q-1.6-1.1-4.7-3.2t-3.6-2.6q-1.1-0.7-2.1-2t-1-2.5q0-1.4 0.7-2.3t2.1-0.9h26.3q1.2 0 2 0.8t0.9 2z\"\/><\/svg><\/span><\/a><\/li><\/ul><\/div>","protected":false},"excerpt":{"rendered":"<p>EU-Kommission legt Verordnung f\u00fcr Recycling von Fahrzeugen vor Die EU-Kommission hat die bestehenden Regeln f\u00fcr die [&hellip;]<\/p>\n","protected":false},"author":3,"featured_media":22704,"comment_status":"closed","ping_status":"closed","sticky":false,"template":"","format":"standard","meta":{"inline_featured_image":false,"footnotes":""},"categories":[25],"tags":[],"class_list":["post-92589","post","type-post","status-publish","format-standard","has-post-thumbnail","hentry","category-mobilitaet"],"yoast_head":"<!-- This site is optimized with the Yoast SEO plugin v26.5 - https:\/\/yoast.com\/wordpress\/plugins\/seo\/ -->\n<title>Kreislaufwirtschaft: Alt-Autos als Ressource - Sonnenseite - \u00d6kologische Kommunikation mit Franz Alt<\/title>\n<meta name=\"description\" content=\"EU-Kommission legt Verordnung f\u00fcr Recycling von Fahrzeugen vor Die EU-Kommission hat die bestehenden Regeln f\u00fcr die Wiederverwendung, Recycling und\" \/>\n<meta name=\"robots\" content=\"index, follow, max-snippet:-1, max-image-preview:large, max-video-preview:-1\" \/>\n<link rel=\"canonical\" href=\"https:\/\/www.sonnenseite.com\/de\/mobilitaet\/kreislaufwirtschaft-alt-autos-als-ressource\/\" \/>\n<meta property=\"og:locale\" content=\"de_DE\" \/>\n<meta property=\"og:type\" content=\"article\" \/>\n<meta property=\"og:title\" content=\"Kreislaufwirtschaft: Alt-Autos als Ressource - Sonnenseite - \u00d6kologische Kommunikation mit Franz Alt\" \/>\n<meta property=\"og:description\" content=\"EU-Kommission legt Verordnung f\u00fcr Recycling von Fahrzeugen vor Die EU-Kommission hat die bestehenden Regeln f\u00fcr die Wiederverwendung, Recycling und\" \/>\n<meta property=\"og:url\" content=\"https:\/\/www.sonnenseite.com\/de\/mobilitaet\/kreislaufwirtschaft-alt-autos-als-ressource\/\" \/>\n<meta property=\"og:site_name\" content=\"Sonnenseite\" \/>\n<meta property=\"article:publisher\" content=\"https:\/\/www.facebook.com\/pages\/Franz-Alt-SONNENSEITECOM\/221072987903953?fref=ts\" \/>\n<meta property=\"article:published_time\" content=\"2023-07-14T07:42:19+00:00\" \/>\n<meta property=\"article:modified_time\" content=\"2023-07-14T07:42:25+00:00\" \/>\n<meta property=\"og:image\" content=\"https:\/\/www.sonnenseite.com\/wp-content\/uploads\/2017\/11\/Auto_Navi_SeanPrior.jpg\" \/>\n\t<meta property=\"og:image:width\" content=\"533\" \/>\n\t<meta property=\"og:image:height\" content=\"281\" \/>\n\t<meta property=\"og:image:type\" content=\"image\/jpeg\" \/>\n<meta name=\"author\" content=\"Bigi Alt\" \/>\n<meta name=\"twitter:card\" content=\"summary_large_image\" \/>\n<meta name=\"twitter:creator\" content=\"@franzalt\" \/>\n<meta name=\"twitter:site\" content=\"@franzalt\" \/>\n<meta name=\"twitter:label1\" content=\"Verfasst von\" \/>\n\t<meta name=\"twitter:data1\" content=\"Bigi Alt\" \/>\n\t<meta name=\"twitter:label2\" content=\"Gesch\u00e4tzte Lesezeit\" \/>\n\t<meta name=\"twitter:data2\" content=\"6\u00a0Minuten\" \/>\n<script type=\"application\/ld+json\" class=\"yoast-schema-graph\">{\"@context\":\"https:\/\/schema.org\",\"@graph\":[{\"@type\":\"Article\",\"@id\":\"https:\/\/www.sonnenseite.com\/de\/mobilitaet\/kreislaufwirtschaft-alt-autos-als-ressource\/#article\",\"isPartOf\":{\"@id\":\"https:\/\/www.sonnenseite.com\/de\/mobilitaet\/kreislaufwirtschaft-alt-autos-als-ressource\/\"},\"author\":{\"name\":\"Bigi Alt\",\"@id\":\"https:\/\/www.sonnenseite.com\/de\/#\/schema\/person\/50fda0e926597684c7cc6695238a4eb9\"},\"headline\":\"Kreislaufwirtschaft: Alt-Autos als Ressource\",\"datePublished\":\"2023-07-14T07:42:19+00:00\",\"dateModified\":\"2023-07-14T07:42:25+00:00\",\"mainEntityOfPage\":{\"@id\":\"https:\/\/www.sonnenseite.com\/de\/mobilitaet\/kreislaufwirtschaft-alt-autos-als-ressource\/\"},\"wordCount\":1123,\"publisher\":{\"@id\":\"https:\/\/www.sonnenseite.com\/de\/#organization\"},\"image\":{\"@id\":\"https:\/\/www.sonnenseite.com\/de\/mobilitaet\/kreislaufwirtschaft-alt-autos-als-ressource\/#primaryimage\"},\"thumbnailUrl\":\"https:\/\/www.sonnenseite.com\/wp-content\/uploads\/2017\/11\/Auto_Navi_SeanPrior.jpg\",\"articleSection\":[\"Mobilit\u00e4t\"],\"inLanguage\":\"de\"},{\"@type\":\"WebPage\",\"@id\":\"https:\/\/www.sonnenseite.com\/de\/mobilitaet\/kreislaufwirtschaft-alt-autos-als-ressource\/\",\"url\":\"https:\/\/www.sonnenseite.com\/de\/mobilitaet\/kreislaufwirtschaft-alt-autos-als-ressource\/\",\"name\":\"Kreislaufwirtschaft: Alt-Autos als Ressource - Sonnenseite - \u00d6kologische Kommunikation mit Franz Alt\",\"isPartOf\":{\"@id\":\"https:\/\/www.sonnenseite.com\/de\/#website\"},\"primaryImageOfPage\":{\"@id\":\"https:\/\/www.sonnenseite.com\/de\/mobilitaet\/kreislaufwirtschaft-alt-autos-als-ressource\/#primaryimage\"},\"image\":{\"@id\":\"https:\/\/www.sonnenseite.com\/de\/mobilitaet\/kreislaufwirtschaft-alt-autos-als-ressource\/#primaryimage\"},\"thumbnailUrl\":\"https:\/\/www.sonnenseite.com\/wp-content\/uploads\/2017\/11\/Auto_Navi_SeanPrior.jpg\",\"datePublished\":\"2023-07-14T07:42:19+00:00\",\"dateModified\":\"2023-07-14T07:42:25+00:00\",\"description\":\"EU-Kommission legt Verordnung f\u00fcr Recycling von Fahrzeugen vor Die EU-Kommission hat die bestehenden Regeln f\u00fcr die Wiederverwendung, Recycling und\",\"breadcrumb\":{\"@id\":\"https:\/\/www.sonnenseite.com\/de\/mobilitaet\/kreislaufwirtschaft-alt-autos-als-ressource\/#breadcrumb\"},\"inLanguage\":\"de\",\"potentialAction\":[{\"@type\":\"ReadAction\",\"target\":[\"https:\/\/www.sonnenseite.com\/de\/mobilitaet\/kreislaufwirtschaft-alt-autos-als-ressource\/\"]}]},{\"@type\":\"ImageObject\",\"inLanguage\":\"de\",\"@id\":\"https:\/\/www.sonnenseite.com\/de\/mobilitaet\/kreislaufwirtschaft-alt-autos-als-ressource\/#primaryimage\",\"url\":\"https:\/\/www.sonnenseite.com\/wp-content\/uploads\/2017\/11\/Auto_Navi_SeanPrior.jpg\",\"contentUrl\":\"https:\/\/www.sonnenseite.com\/wp-content\/uploads\/2017\/11\/Auto_Navi_SeanPrior.jpg\",\"width\":533,\"height\":281,\"caption\":\"ClipDealer.com | SeanPrior\"},{\"@type\":\"BreadcrumbList\",\"@id\":\"https:\/\/www.sonnenseite.com\/de\/mobilitaet\/kreislaufwirtschaft-alt-autos-als-ressource\/#breadcrumb\",\"itemListElement\":[{\"@type\":\"ListItem\",\"position\":1,\"name\":\"Startseite\",\"item\":\"https:\/\/www.sonnenseite.com\/de\/\"},{\"@type\":\"ListItem\",\"position\":2,\"name\":\"Kreislaufwirtschaft: Alt-Autos als Ressource\"}]},{\"@type\":\"WebSite\",\"@id\":\"https:\/\/www.sonnenseite.com\/de\/#website\",\"url\":\"https:\/\/www.sonnenseite.com\/de\/\",\"name\":\"Sonnenseite\",\"description\":\"\u00d6kologische Kommunikation mit Franz Alt\",\"publisher\":{\"@id\":\"https:\/\/www.sonnenseite.com\/de\/#organization\"},\"potentialAction\":[{\"@type\":\"SearchAction\",\"target\":{\"@type\":\"EntryPoint\",\"urlTemplate\":\"https:\/\/www.sonnenseite.com\/de\/?s={search_term_string}\"},\"query-input\":{\"@type\":\"PropertyValueSpecification\",\"valueRequired\":true,\"valueName\":\"search_term_string\"}}],\"inLanguage\":\"de\"},{\"@type\":\"Organization\",\"@id\":\"https:\/\/www.sonnenseite.com\/de\/#organization\",\"name\":\"Sonnenseite\",\"url\":\"https:\/\/www.sonnenseite.com\/de\/\",\"logo\":{\"@type\":\"ImageObject\",\"inLanguage\":\"de\",\"@id\":\"https:\/\/www.sonnenseite.com\/de\/#\/schema\/logo\/image\/\",\"url\":\"https:\/\/www.sonnenseite.com\/wp-content\/uploads\/2020\/05\/Sonnenseite_Logo.png\",\"contentUrl\":\"https:\/\/www.sonnenseite.com\/wp-content\/uploads\/2020\/05\/Sonnenseite_Logo.png\",\"width\":377,\"height\":90,\"caption\":\"Sonnenseite\"},\"image\":{\"@id\":\"https:\/\/www.sonnenseite.com\/de\/#\/schema\/logo\/image\/\"},\"sameAs\":[\"https:\/\/www.facebook.com\/pages\/Franz-Alt-SONNENSEITECOM\/221072987903953?fref=ts\",\"https:\/\/x.com\/franzalt\",\"http:\/\/www.youtube.com\/results?search_query&amp;amp;quot;franz_alt&amp;amp;quot;&amp;amp;amp;amp;search_type&amp;amp;amp;amp;aq=f\"]},{\"@type\":\"Person\",\"@id\":\"https:\/\/www.sonnenseite.com\/de\/#\/schema\/person\/50fda0e926597684c7cc6695238a4eb9\",\"name\":\"Bigi Alt\"}]}<\/script>\n<!-- \/ Yoast SEO plugin. -->","yoast_head_json":{"title":"Kreislaufwirtschaft: Alt-Autos als Ressource - Sonnenseite - \u00d6kologische Kommunikation mit Franz Alt","description":"EU-Kommission legt Verordnung f\u00fcr Recycling von Fahrzeugen vor Die EU-Kommission hat die bestehenden Regeln f\u00fcr die Wiederverwendung, Recycling und","robots":{"index":"index","follow":"follow","max-snippet":"max-snippet:-1","max-image-preview":"max-image-preview:large","max-video-preview":"max-video-preview:-1"},"canonical":"https:\/\/www.sonnenseite.com\/de\/mobilitaet\/kreislaufwirtschaft-alt-autos-als-ressource\/","og_locale":"de_DE","og_type":"article","og_title":"Kreislaufwirtschaft: Alt-Autos als Ressource - Sonnenseite - \u00d6kologische Kommunikation mit Franz Alt","og_description":"EU-Kommission legt Verordnung f\u00fcr Recycling von Fahrzeugen vor Die EU-Kommission hat die bestehenden Regeln f\u00fcr die Wiederverwendung, Recycling und","og_url":"https:\/\/www.sonnenseite.com\/de\/mobilitaet\/kreislaufwirtschaft-alt-autos-als-ressource\/","og_site_name":"Sonnenseite","article_publisher":"https:\/\/www.facebook.com\/pages\/Franz-Alt-SONNENSEITECOM\/221072987903953?fref=ts","article_published_time":"2023-07-14T07:42:19+00:00","article_modified_time":"2023-07-14T07:42:25+00:00","og_image":[{"width":533,"height":281,"url":"https:\/\/www.sonnenseite.com\/wp-content\/uploads\/2017\/11\/Auto_Navi_SeanPrior.jpg","type":"image\/jpeg"}],"author":"Bigi Alt","twitter_card":"summary_large_image","twitter_creator":"@franzalt","twitter_site":"@franzalt","twitter_misc":{"Verfasst von":"Bigi Alt","Gesch\u00e4tzte Lesezeit":"6\u00a0Minuten"},"schema":{"@context":"https:\/\/schema.org","@graph":[{"@type":"Article","@id":"https:\/\/www.sonnenseite.com\/de\/mobilitaet\/kreislaufwirtschaft-alt-autos-als-ressource\/#article","isPartOf":{"@id":"https:\/\/www.sonnenseite.com\/de\/mobilitaet\/kreislaufwirtschaft-alt-autos-als-ressource\/"},"author":{"name":"Bigi Alt","@id":"https:\/\/www.sonnenseite.com\/de\/#\/schema\/person\/50fda0e926597684c7cc6695238a4eb9"},"headline":"Kreislaufwirtschaft: Alt-Autos als Ressource","datePublished":"2023-07-14T07:42:19+00:00","dateModified":"2023-07-14T07:42:25+00:00","mainEntityOfPage":{"@id":"https:\/\/www.sonnenseite.com\/de\/mobilitaet\/kreislaufwirtschaft-alt-autos-als-ressource\/"},"wordCount":1123,"publisher":{"@id":"https:\/\/www.sonnenseite.com\/de\/#organization"},"image":{"@id":"https:\/\/www.sonnenseite.com\/de\/mobilitaet\/kreislaufwirtschaft-alt-autos-als-ressource\/#primaryimage"},"thumbnailUrl":"https:\/\/www.sonnenseite.com\/wp-content\/uploads\/2017\/11\/Auto_Navi_SeanPrior.jpg","articleSection":["Mobilit\u00e4t"],"inLanguage":"de"},{"@type":"WebPage","@id":"https:\/\/www.sonnenseite.com\/de\/mobilitaet\/kreislaufwirtschaft-alt-autos-als-ressource\/","url":"https:\/\/www.sonnenseite.com\/de\/mobilitaet\/kreislaufwirtschaft-alt-autos-als-ressource\/","name":"Kreislaufwirtschaft: Alt-Autos als Ressource - Sonnenseite - \u00d6kologische Kommunikation mit Franz Alt","isPartOf":{"@id":"https:\/\/www.sonnenseite.com\/de\/#website"},"primaryImageOfPage":{"@id":"https:\/\/www.sonnenseite.com\/de\/mobilitaet\/kreislaufwirtschaft-alt-autos-als-ressource\/#primaryimage"},"image":{"@id":"https:\/\/www.sonnenseite.com\/de\/mobilitaet\/kreislaufwirtschaft-alt-autos-als-ressource\/#primaryimage"},"thumbnailUrl":"https:\/\/www.sonnenseite.com\/wp-content\/uploads\/2017\/11\/Auto_Navi_SeanPrior.jpg","datePublished":"2023-07-14T07:42:19+00:00","dateModified":"2023-07-14T07:42:25+00:00","description":"EU-Kommission legt Verordnung f\u00fcr Recycling von Fahrzeugen vor Die EU-Kommission hat die bestehenden Regeln f\u00fcr die Wiederverwendung, Recycling und","breadcrumb":{"@id":"https:\/\/www.sonnenseite.com\/de\/mobilitaet\/kreislaufwirtschaft-alt-autos-als-ressource\/#breadcrumb"},"inLanguage":"de","potentialAction":[{"@type":"ReadAction","target":["https:\/\/www.sonnenseite.com\/de\/mobilitaet\/kreislaufwirtschaft-alt-autos-als-ressource\/"]}]},{"@type":"ImageObject","inLanguage":"de","@id":"https:\/\/www.sonnenseite.com\/de\/mobilitaet\/kreislaufwirtschaft-alt-autos-als-ressource\/#primaryimage","url":"https:\/\/www.sonnenseite.com\/wp-content\/uploads\/2017\/11\/Auto_Navi_SeanPrior.jpg","contentUrl":"https:\/\/www.sonnenseite.com\/wp-content\/uploads\/2017\/11\/Auto_Navi_SeanPrior.jpg","width":533,"height":281,"caption":"ClipDealer.com | SeanPrior"},{"@type":"BreadcrumbList","@id":"https:\/\/www.sonnenseite.com\/de\/mobilitaet\/kreislaufwirtschaft-alt-autos-als-ressource\/#breadcrumb","itemListElement":[{"@type":"ListItem","position":1,"name":"Startseite","item":"https:\/\/www.sonnenseite.com\/de\/"},{"@type":"ListItem","position":2,"name":"Kreislaufwirtschaft: Alt-Autos als Ressource"}]},{"@type":"WebSite","@id":"https:\/\/www.sonnenseite.com\/de\/#website","url":"https:\/\/www.sonnenseite.com\/de\/","name":"Sonnenseite","description":"\u00d6kologische Kommunikation mit Franz Alt","publisher":{"@id":"https:\/\/www.sonnenseite.com\/de\/#organization"},"potentialAction":[{"@type":"SearchAction","target":{"@type":"EntryPoint","urlTemplate":"https:\/\/www.sonnenseite.com\/de\/?s={search_term_string}"},"query-input":{"@type":"PropertyValueSpecification","valueRequired":true,"valueName":"search_term_string"}}],"inLanguage":"de"},{"@type":"Organization","@id":"https:\/\/www.sonnenseite.com\/de\/#organization","name":"Sonnenseite","url":"https:\/\/www.sonnenseite.com\/de\/","logo":{"@type":"ImageObject","inLanguage":"de","@id":"https:\/\/www.sonnenseite.com\/de\/#\/schema\/logo\/image\/","url":"https:\/\/www.sonnenseite.com\/wp-content\/uploads\/2020\/05\/Sonnenseite_Logo.png","contentUrl":"https:\/\/www.sonnenseite.com\/wp-content\/uploads\/2020\/05\/Sonnenseite_Logo.png","width":377,"height":90,"caption":"Sonnenseite"},"image":{"@id":"https:\/\/www.sonnenseite.com\/de\/#\/schema\/logo\/image\/"},"sameAs":["https:\/\/www.facebook.com\/pages\/Franz-Alt-SONNENSEITECOM\/221072987903953?fref=ts","https:\/\/x.com\/franzalt","http:\/\/www.youtube.com\/results?search_query&amp;amp;quot;franz_alt&amp;amp;quot;&amp;amp;amp;amp;search_type&amp;amp;amp;amp;aq=f"]},{"@type":"Person","@id":"https:\/\/www.sonnenseite.com\/de\/#\/schema\/person\/50fda0e926597684c7cc6695238a4eb9","name":"Bigi Alt"}]}},"_links":{"self":[{"href":"https:\/\/www.sonnenseite.com\/de\/wp-json\/wp\/v2\/posts\/92589","targetHints":{"allow":["GET"]}}],"collection":[{"href":"https:\/\/www.sonnenseite.com\/de\/wp-json\/wp\/v2\/posts"}],"about":[{"href":"https:\/\/www.sonnenseite.com\/de\/wp-json\/wp\/v2\/types\/post"}],"author":[{"embeddable":true,"href":"https:\/\/www.sonnenseite.com\/de\/wp-json\/wp\/v2\/users\/3"}],"replies":[{"embeddable":true,"href":"https:\/\/www.sonnenseite.com\/de\/wp-json\/wp\/v2\/comments?post=92589"}],"version-history":[{"count":1,"href":"https:\/\/www.sonnenseite.com\/de\/wp-json\/wp\/v2\/posts\/92589\/revisions"}],"predecessor-version":[{"id":92590,"href":"https:\/\/www.sonnenseite.com\/de\/wp-json\/wp\/v2\/posts\/92589\/revisions\/92590"}],"wp:featuredmedia":[{"embeddable":true,"href":"https:\/\/www.sonnenseite.com\/de\/wp-json\/wp\/v2\/media\/22704"}],"wp:attachment":[{"href":"https:\/\/www.sonnenseite.com\/de\/wp-json\/wp\/v2\/media?parent=92589"}],"wp:term":[{"taxonomy":"category","embeddable":true,"href":"https:\/\/www.sonnenseite.com\/de\/wp-json\/wp\/v2\/categories?post=92589"},{"taxonomy":"post_tag","embeddable":true,"href":"https:\/\/www.sonnenseite.com\/de\/wp-json\/wp\/v2\/tags?post=92589"}],"curies":[{"name":"wp","href":"https:\/\/api.w.org\/{rel}","templated":true}]}}