{"id":92640,"date":"2023-07-18T02:30:00","date_gmt":"2023-07-18T00:30:00","guid":{"rendered":"https:\/\/www.sonnenseite.com\/?p=92640"},"modified":"2023-07-16T17:00:22","modified_gmt":"2023-07-16T15:00:22","slug":"amazonas-in-der-feuerfalle","status":"publish","type":"post","link":"https:\/\/www.sonnenseite.com\/de\/umwelt\/amazonas-in-der-feuerfalle\/","title":{"rendered":"Amazonas in der Feuerfalle"},"content":{"rendered":"\n<p>Abholzung und Erw\u00e4rmung k\u00f6nnen aus Regenwald auf lange Sicht besch\u00e4digtes Grasland machen.<\/p>\n\n\n\n<p>Die Kombination aus globaler Erw\u00e4rmung und drastischer Abholzung k\u00f6nnte den Amazonas schneller austrocknen lassen und zu einer regelrechten Feuerfalle f\u00fcr den Regenwald f\u00fchren. Das zeigt eine neue Studie, die im Fachjournal \u201eNature Communications Earth and Environment\u201c ver\u00f6ffentlicht wurde. Feuer kann ein entscheidender Faktor f\u00fcr ein potenzielles Kippen des Amazonas-Regenwaldes sein, da es in der Lage ist, gro\u00dfe Teile des Amazonas in einem baumlosen Zustand zu halten. Obwohl Feuer in Regenw\u00e4ldern eigentlich nicht vorkommt, spielt es eine zunehmende Rolle, wenn der Wald besch\u00e4digt oder ausged\u00fcnnt wird oder ganz verloren geht. Diese Spirale kann sich soweit fortsetzen, dass Feuer zum dominierenden Treiber des \u00d6kosystems wird.<\/p>\n\n\n\n<blockquote class=\"wp-block-quote is-layout-flow wp-block-quote-is-layout-flow\">\n<p>\u00a0&#8222;Es stellt sich heraus, dass Feuer der wichtigste Faktor sein kann, der das Amazonasgebiet nach massiver Entwaldung in einem Graslandzustand h\u00e4lt. Je nach St\u00e4rke des Klimawandels werden so in unseren Simulationen 56-86% des Amazonaswaldes am Nachwachsen gehindert&#8220;, erkl\u00e4rt der Leitautor Markus Dr\u00fcke vom Potsdam-Institut f\u00fcr Klimafolgenforschung (PIK). &#8222;Wir wissen bereits, dass es umso schwieriger wird, den Waldverlust im Amazonasgebiet r\u00fcckg\u00e4ngig zu machen, desto mehr Wald verloren geht. Unsere Studie belegt jetzt, dass Feuer hier den Hebel verst\u00e4rkt\u201c.\u00a0<\/p>\n<\/blockquote>\n\n\n\n<p>Normalerweise transportieren die B\u00e4ume des Amazonas enorme Mengen an Wasser zur\u00fcck in die Atmosph\u00e4re, welches sie urspr\u00fcnglich als Regen erhalten haben. Dieses Feuchtigkeitsrecycling bildet lokal oder windabw\u00e4rts neuen Regen, im Grunde &#8222;fliegende Fl\u00fcsse&#8220;, die den Amazonas als Ganzes stabilisieren. Weiterhin erm\u00f6glichen sie es dem Amazonas auch, sich in Regionen auszudehnen, die ohne diesen Prozess zu trocken w\u00e4ren. <\/p>\n\n\n\n<p>Dieser Zusammenhang ist der Hauptgrund daf\u00fcr, dass der Amazonas als ein Kippelement des Erdsystems gilt. Die globale Erw\u00e4rmung und die Entwaldung k\u00f6nnen diese fliegenden Fl\u00fcsse sch\u00e4digen, was zu einer sich selbst verst\u00e4rkenden R\u00fcckkopplung des Waldverlustes f\u00fchren kann. Die neue Studie zeigt nun auf, wie die Feuerdynamik dazu beitragen kann, den Amazonas vom Regenwald in Richtung eines savannen\u00e4hnlichen oder baumlosen Zustands zu dr\u00e4ngen und dort zu halten.<\/p>\n\n\n\n<h4 class=\"wp-block-heading\">Feuer spielt eine Schl\u00fcsselrolle bei unumkehrbaren \u00dcberg\u00e4ngen von einem \u00d6kosystem-Zustand in einen anderen<\/h4>\n\n\n\n<p>Im Gegensatz dazu konnte sich der Wald in Simulationen ohne Feuer trotz Entwaldung \u00fcber einen l\u00e4ngeren Zeitraum von bis zu 250 Jahren theoretisch wieder erholen. Diese Ergebnisse unterstreichen, was f\u00fcr eine wichtige Rolle Feuer f\u00fcr die potenzielle Unumkehrbarkeit der tropischen Entwaldung spielt. &#8222;<\/p>\n\n\n\n<blockquote class=\"wp-block-quote is-layout-flow wp-block-quote-is-layout-flow\">\n<p>&#8222;Wir k\u00f6nnen erstmals die komplexe R\u00fcckkopplungen zwischen Feuer, Regenwald und Klimaver\u00e4nderungen prozessbasiert mit dem Erdsystemmodell POEM (Potsdam Earth Model) berechnen&#8220;, erg\u00e4nzt Mitautorin Kirsten Thonicke, stellvertretende Leiterin der Forschungsabteilung Erdsystemanalyse und Arbeitsgruppenleiterin \u00d6kosystem in Transitionen am PIK. &#8222;Unsere Ergebnisse zeigen auf, wie wichtig es ist, das Erdsystem innerhalb stabiler Grenzen zu halten. Mit der Begrenzung von Klimawandel und Abholzung vermindern wir das Risiko einen irreversiblen vom Feuer bestimmten Kipppunkt von Tropenw\u00e4ldern zu \u00fcberschreiten&#8220;, fasst sie zusammen.<\/p>\n<\/blockquote>\n\n\n\n<ul class=\"wp-block-list\">\n<li><a href=\"https:\/\/www.nature.com\/articles\/s43247-023-00911-5\">Nature communications earth&amp;environment &#8222;Fire may prevent future Amazon forest recovery after large-scale deforestation&#8220;<\/a><\/li>\n<\/ul>\n\n\n<h5 class=\"green\">Quelle<\/h5>\r\n\n\n\n<p><a href=\"https:\/\/www.pik-potsdam.de\/de\/aktuelles\/nachrichten\/amazonas-in-der-feuerfalle-abholzung-und-erwaermung-koennen-aus-regenwald-auf-lange-sicht-beschaedigtes-grasland-machen\">Potsdam-Institut f\u00fcr Klimafolgenforschung 2023<\/a><\/p>\n<div class=\"shariff shariff-align-flex-start shariff-widget-align-flex-start\"><div class=\"ShariffHeadline\">Diese Meldung teilen<\/div><ul class=\"shariff-buttons theme-round orientation-horizontal buttonsize-medium\"><li class=\"shariff-button facebook shariff-nocustomcolor\" style=\"background-color:#4273c8;border-radius:1%\"><a href=\"https:\/\/www.facebook.com\/sharer\/sharer.php?u=https%3A%2F%2Fwww.sonnenseite.com%2Fde%2Fumwelt%2Famazonas-in-der-feuerfalle%2F\" title=\"Bei Facebook teilen\" aria-label=\"Bei Facebook teilen\" role=\"button\" rel=\"nofollow\" class=\"shariff-link\" style=\";border-radius:1%; background-color:#3b5998; color:#fff\" target=\"_blank\"><span class=\"shariff-icon\" style=\"\"><svg width=\"32px\" height=\"20px\" xmlns=\"http:\/\/www.w3.org\/2000\/svg\" viewBox=\"0 0 18 32\"><path fill=\"#3b5998\" d=\"M17.1 0.2v4.7h-2.8q-1.5 0-2.1 0.6t-0.5 1.9v3.4h5.2l-0.7 5.3h-4.5v13.6h-5.5v-13.6h-4.5v-5.3h4.5v-3.9q0-3.3 1.9-5.2t5-1.8q2.6 0 4.1 0.2z\"\/><\/svg><\/span><\/a><\/li><li class=\"shariff-button twitter shariff-nocustomcolor\" style=\"background-color:#595959;border-radius:1%\"><a href=\"https:\/\/twitter.com\/share?url=https%3A%2F%2Fwww.sonnenseite.com%2Fde%2Fumwelt%2Famazonas-in-der-feuerfalle%2F&text=Amazonas%20in%20der%20Feuerfalle\" title=\"Bei X teilen\" aria-label=\"Bei X teilen\" role=\"button\" rel=\"noopener nofollow\" class=\"shariff-link\" style=\";border-radius:1%; background-color:#000; color:#fff\" target=\"_blank\"><span class=\"shariff-icon\" style=\"\"><svg width=\"32px\" height=\"20px\" xmlns=\"http:\/\/www.w3.org\/2000\/svg\" viewBox=\"0 0 24 24\"><path fill=\"#000\" d=\"M14.258 10.152L23.176 0h-2.113l-7.747 8.813L7.133 0H0l9.352 13.328L0 23.973h2.113l8.176-9.309 6.531 9.309h7.133zm-2.895 3.293l-.949-1.328L2.875 1.56h3.246l6.086 8.523.945 1.328 7.91 11.078h-3.246zm0 0\"\/><\/svg><\/span><\/a><\/li><li class=\"shariff-button xing shariff-nocustomcolor\" style=\"background-color:#29888a;border-radius:1%\"><a href=\"https:\/\/www.xing.com\/spi\/shares\/new?url=https%3A%2F%2Fwww.sonnenseite.com%2Fde%2Fumwelt%2Famazonas-in-der-feuerfalle%2F\" title=\"Bei XING teilen\" aria-label=\"Bei XING teilen\" role=\"button\" rel=\"noopener nofollow\" class=\"shariff-link\" style=\";border-radius:1%; background-color:#126567; color:#fff\" target=\"_blank\"><span class=\"shariff-icon\" style=\"\"><svg width=\"32px\" height=\"20px\" xmlns=\"http:\/\/www.w3.org\/2000\/svg\" viewBox=\"0 0 25 32\"><path fill=\"#126567\" d=\"M10.7 11.9q-0.2 0.3-4.6 8.2-0.5 0.8-1.2 0.8h-4.3q-0.4 0-0.5-0.3t0-0.6l4.5-8q0 0 0 0l-2.9-5q-0.2-0.4 0-0.7 0.2-0.3 0.5-0.3h4.3q0.7 0 1.2 0.8zM25.1 0.4q0.2 0.3 0 0.7l-9.4 16.7 6 11q0.2 0.4 0 0.6-0.2 0.3-0.6 0.3h-4.3q-0.7 0-1.2-0.8l-6-11.1q0.3-0.6 9.5-16.8 0.4-0.8 1.2-0.8h4.3q0.4 0 0.5 0.3z\"\/><\/svg><\/span><\/a><\/li><li class=\"shariff-button linkedin shariff-nocustomcolor\" style=\"background-color:#1488bf;border-radius:1%\"><a href=\"https:\/\/www.linkedin.com\/sharing\/share-offsite\/?url=https%3A%2F%2Fwww.sonnenseite.com%2Fde%2Fumwelt%2Famazonas-in-der-feuerfalle%2F\" title=\"Bei LinkedIn teilen\" aria-label=\"Bei LinkedIn teilen\" role=\"button\" rel=\"noopener nofollow\" class=\"shariff-link\" style=\";border-radius:1%; background-color:#0077b5; color:#fff\" target=\"_blank\"><span class=\"shariff-icon\" style=\"\"><svg width=\"32px\" height=\"20px\" xmlns=\"http:\/\/www.w3.org\/2000\/svg\" viewBox=\"0 0 27 32\"><path fill=\"#0077b5\" d=\"M6.2 11.2v17.7h-5.9v-17.7h5.9zM6.6 5.7q0 1.3-0.9 2.2t-2.4 0.9h0q-1.5 0-2.4-0.9t-0.9-2.2 0.9-2.2 2.4-0.9 2.4 0.9 0.9 2.2zM27.4 18.7v10.1h-5.9v-9.5q0-1.9-0.7-2.9t-2.3-1.1q-1.1 0-1.9 0.6t-1.2 1.5q-0.2 0.5-0.2 1.4v9.9h-5.9q0-7.1 0-11.6t0-5.3l0-0.9h5.9v2.6h0q0.4-0.6 0.7-1t1-0.9 1.6-0.8 2-0.3q3 0 4.9 2t1.9 6z\"\/><\/svg><\/span><\/a><\/li><li class=\"shariff-button printer shariff-nocustomcolor\" style=\"background-color:#a8a8a8;border-radius:1%\"><a href=\"javascript:window.print()\" title=\"drucken\" aria-label=\"drucken\" role=\"button\" rel=\"noopener nofollow\" class=\"shariff-link\" style=\";border-radius:1%; background-color:#999; color:#fff\"><span class=\"shariff-icon\" style=\"\"><svg width=\"32px\" height=\"20px\" xmlns=\"http:\/\/www.w3.org\/2000\/svg\" viewBox=\"0 0 30 32\"><path fill=\"#999\" d=\"M6.8 27.4h16v-4.6h-16v4.6zM6.8 16h16v-6.8h-2.8q-0.7 0-1.2-0.5t-0.5-1.2v-2.8h-11.4v11.4zM27.4 17.2q0-0.5-0.3-0.8t-0.8-0.4-0.8 0.4-0.3 0.8 0.3 0.8 0.8 0.3 0.8-0.3 0.3-0.8zM29.7 17.2v7.4q0 0.2-0.2 0.4t-0.4 0.2h-4v2.8q0 0.7-0.5 1.2t-1.2 0.5h-17.2q-0.7 0-1.2-0.5t-0.5-1.2v-2.8h-4q-0.2 0-0.4-0.2t-0.2-0.4v-7.4q0-1.4 1-2.4t2.4-1h1.2v-9.7q0-0.7 0.5-1.2t1.2-0.5h12q0.7 0 1.6 0.4t1.3 0.8l2.7 2.7q0.5 0.5 0.9 1.4t0.4 1.6v4.6h1.1q1.4 0 2.4 1t1 2.4z\"\/><\/svg><\/span><\/a><\/li><li class=\"shariff-button mailto shariff-nocustomcolor\" style=\"background-color:#a8a8a8;border-radius:1%\"><a href=\"mailto:?body=https%3A%2F%2Fwww.sonnenseite.com%2Fde%2Fumwelt%2Famazonas-in-der-feuerfalle%2F&subject=Amazonas%20in%20der%20Feuerfalle\" title=\"Per E-Mail versenden\" aria-label=\"Per E-Mail versenden\" role=\"button\" rel=\"noopener nofollow\" class=\"shariff-link\" style=\";border-radius:1%; background-color:#999; color:#fff\"><span class=\"shariff-icon\" style=\"\"><svg width=\"32px\" height=\"20px\" xmlns=\"http:\/\/www.w3.org\/2000\/svg\" viewBox=\"0 0 32 32\"><path fill=\"#999\" d=\"M32 12.7v14.2q0 1.2-0.8 2t-2 0.9h-26.3q-1.2 0-2-0.9t-0.8-2v-14.2q0.8 0.9 1.8 1.6 6.5 4.4 8.9 6.1 1 0.8 1.6 1.2t1.7 0.9 2 0.4h0.1q0.9 0 2-0.4t1.7-0.9 1.6-1.2q3-2.2 8.9-6.1 1-0.7 1.8-1.6zM32 7.4q0 1.4-0.9 2.7t-2.2 2.2q-6.7 4.7-8.4 5.8-0.2 0.1-0.7 0.5t-1 0.7-0.9 0.6-1.1 0.5-0.9 0.2h-0.1q-0.4 0-0.9-0.2t-1.1-0.5-0.9-0.6-1-0.7-0.7-0.5q-1.6-1.1-4.7-3.2t-3.6-2.6q-1.1-0.7-2.1-2t-1-2.5q0-1.4 0.7-2.3t2.1-0.9h26.3q1.2 0 2 0.8t0.9 2z\"\/><\/svg><\/span><\/a><\/li><\/ul><\/div>","protected":false},"excerpt":{"rendered":"<p>Abholzung und Erw\u00e4rmung k\u00f6nnen aus Regenwald auf lange Sicht besch\u00e4digtes Grasland machen. Die Kombination aus globaler [&hellip;]<\/p>\n","protected":false},"author":3,"featured_media":92644,"comment_status":"closed","ping_status":"closed","sticky":false,"template":"","format":"standard","meta":{"inline_featured_image":false,"footnotes":""},"categories":[23],"tags":[],"class_list":["post-92640","post","type-post","status-publish","format-standard","has-post-thumbnail","hentry","category-umwelt"],"yoast_head":"<!-- This site is optimized with the Yoast SEO plugin v26.5 - https:\/\/yoast.com\/wordpress\/plugins\/seo\/ -->\n<title>Amazonas in der Feuerfalle - Sonnenseite - \u00d6kologische Kommunikation mit Franz Alt<\/title>\n<meta name=\"description\" content=\"Abholzung und Erw\u00e4rmung k\u00f6nnen aus Regenwald auf lange Sicht besch\u00e4digtes Grasland machen. Die Kombination aus globaler Erw\u00e4rmung und drastischer\" \/>\n<meta name=\"robots\" content=\"index, follow, max-snippet:-1, max-image-preview:large, max-video-preview:-1\" \/>\n<link rel=\"canonical\" href=\"https:\/\/www.sonnenseite.com\/de\/umwelt\/amazonas-in-der-feuerfalle\/\" \/>\n<meta property=\"og:locale\" content=\"de_DE\" \/>\n<meta property=\"og:type\" content=\"article\" \/>\n<meta property=\"og:title\" content=\"Amazonas in der Feuerfalle - Sonnenseite - \u00d6kologische Kommunikation mit Franz Alt\" \/>\n<meta property=\"og:description\" content=\"Abholzung und Erw\u00e4rmung k\u00f6nnen aus Regenwald auf lange Sicht besch\u00e4digtes Grasland machen. Die Kombination aus globaler Erw\u00e4rmung und drastischer\" \/>\n<meta property=\"og:url\" content=\"https:\/\/www.sonnenseite.com\/de\/umwelt\/amazonas-in-der-feuerfalle\/\" \/>\n<meta property=\"og:site_name\" content=\"Sonnenseite\" \/>\n<meta property=\"article:publisher\" content=\"https:\/\/www.facebook.com\/pages\/Franz-Alt-SONNENSEITECOM\/221072987903953?fref=ts\" \/>\n<meta property=\"article:published_time\" content=\"2023-07-18T00:30:00+00:00\" \/>\n<meta property=\"og:image\" content=\"https:\/\/www.sonnenseite.com\/wp-content\/uploads\/2023\/07\/wald_grasland_brennt_LaureenRaftopulos.jpg\" \/>\n\t<meta property=\"og:image:width\" content=\"770\" \/>\n\t<meta property=\"og:image:height\" content=\"420\" \/>\n\t<meta property=\"og:image:type\" content=\"image\/jpeg\" \/>\n<meta name=\"author\" content=\"Bigi Alt\" \/>\n<meta name=\"twitter:card\" content=\"summary_large_image\" \/>\n<meta name=\"twitter:creator\" content=\"@franzalt\" \/>\n<meta name=\"twitter:site\" content=\"@franzalt\" \/>\n<meta name=\"twitter:label1\" content=\"Verfasst von\" \/>\n\t<meta name=\"twitter:data1\" content=\"Bigi Alt\" \/>\n\t<meta name=\"twitter:label2\" content=\"Gesch\u00e4tzte Lesezeit\" \/>\n\t<meta name=\"twitter:data2\" content=\"3\u00a0Minuten\" \/>\n<script type=\"application\/ld+json\" class=\"yoast-schema-graph\">{\"@context\":\"https:\/\/schema.org\",\"@graph\":[{\"@type\":\"Article\",\"@id\":\"https:\/\/www.sonnenseite.com\/de\/umwelt\/amazonas-in-der-feuerfalle\/#article\",\"isPartOf\":{\"@id\":\"https:\/\/www.sonnenseite.com\/de\/umwelt\/amazonas-in-der-feuerfalle\/\"},\"author\":{\"name\":\"Bigi Alt\",\"@id\":\"https:\/\/www.sonnenseite.com\/de\/#\/schema\/person\/50fda0e926597684c7cc6695238a4eb9\"},\"headline\":\"Amazonas in der Feuerfalle\",\"datePublished\":\"2023-07-18T00:30:00+00:00\",\"mainEntityOfPage\":{\"@id\":\"https:\/\/www.sonnenseite.com\/de\/umwelt\/amazonas-in-der-feuerfalle\/\"},\"wordCount\":516,\"publisher\":{\"@id\":\"https:\/\/www.sonnenseite.com\/de\/#organization\"},\"image\":{\"@id\":\"https:\/\/www.sonnenseite.com\/de\/umwelt\/amazonas-in-der-feuerfalle\/#primaryimage\"},\"thumbnailUrl\":\"https:\/\/www.sonnenseite.com\/wp-content\/uploads\/2023\/07\/wald_grasland_brennt_LaureenRaftopulos.jpg\",\"articleSection\":[\"Umwelt\"],\"inLanguage\":\"de\"},{\"@type\":\"WebPage\",\"@id\":\"https:\/\/www.sonnenseite.com\/de\/umwelt\/amazonas-in-der-feuerfalle\/\",\"url\":\"https:\/\/www.sonnenseite.com\/de\/umwelt\/amazonas-in-der-feuerfalle\/\",\"name\":\"Amazonas in der Feuerfalle - Sonnenseite - \u00d6kologische Kommunikation mit Franz Alt\",\"isPartOf\":{\"@id\":\"https:\/\/www.sonnenseite.com\/de\/#website\"},\"primaryImageOfPage\":{\"@id\":\"https:\/\/www.sonnenseite.com\/de\/umwelt\/amazonas-in-der-feuerfalle\/#primaryimage\"},\"image\":{\"@id\":\"https:\/\/www.sonnenseite.com\/de\/umwelt\/amazonas-in-der-feuerfalle\/#primaryimage\"},\"thumbnailUrl\":\"https:\/\/www.sonnenseite.com\/wp-content\/uploads\/2023\/07\/wald_grasland_brennt_LaureenRaftopulos.jpg\",\"datePublished\":\"2023-07-18T00:30:00+00:00\",\"description\":\"Abholzung und Erw\u00e4rmung k\u00f6nnen aus Regenwald auf lange Sicht besch\u00e4digtes Grasland machen. Die Kombination aus globaler Erw\u00e4rmung und drastischer\",\"breadcrumb\":{\"@id\":\"https:\/\/www.sonnenseite.com\/de\/umwelt\/amazonas-in-der-feuerfalle\/#breadcrumb\"},\"inLanguage\":\"de\",\"potentialAction\":[{\"@type\":\"ReadAction\",\"target\":[\"https:\/\/www.sonnenseite.com\/de\/umwelt\/amazonas-in-der-feuerfalle\/\"]}]},{\"@type\":\"ImageObject\",\"inLanguage\":\"de\",\"@id\":\"https:\/\/www.sonnenseite.com\/de\/umwelt\/amazonas-in-der-feuerfalle\/#primaryimage\",\"url\":\"https:\/\/www.sonnenseite.com\/wp-content\/uploads\/2023\/07\/wald_grasland_brennt_LaureenRaftopulos.jpg\",\"contentUrl\":\"https:\/\/www.sonnenseite.com\/wp-content\/uploads\/2023\/07\/wald_grasland_brennt_LaureenRaftopulos.jpg\",\"width\":770,\"height\":420,\"caption\":\"pexels.com | Laureen Raftopulos | Feuer ist der wichtigste Faktor, der den Amazonas in einem Graslandzustand h\u00e4lt.\"},{\"@type\":\"BreadcrumbList\",\"@id\":\"https:\/\/www.sonnenseite.com\/de\/umwelt\/amazonas-in-der-feuerfalle\/#breadcrumb\",\"itemListElement\":[{\"@type\":\"ListItem\",\"position\":1,\"name\":\"Startseite\",\"item\":\"https:\/\/www.sonnenseite.com\/de\/\"},{\"@type\":\"ListItem\",\"position\":2,\"name\":\"Amazonas in der Feuerfalle\"}]},{\"@type\":\"WebSite\",\"@id\":\"https:\/\/www.sonnenseite.com\/de\/#website\",\"url\":\"https:\/\/www.sonnenseite.com\/de\/\",\"name\":\"Sonnenseite\",\"description\":\"\u00d6kologische Kommunikation mit Franz Alt\",\"publisher\":{\"@id\":\"https:\/\/www.sonnenseite.com\/de\/#organization\"},\"potentialAction\":[{\"@type\":\"SearchAction\",\"target\":{\"@type\":\"EntryPoint\",\"urlTemplate\":\"https:\/\/www.sonnenseite.com\/de\/?s={search_term_string}\"},\"query-input\":{\"@type\":\"PropertyValueSpecification\",\"valueRequired\":true,\"valueName\":\"search_term_string\"}}],\"inLanguage\":\"de\"},{\"@type\":\"Organization\",\"@id\":\"https:\/\/www.sonnenseite.com\/de\/#organization\",\"name\":\"Sonnenseite\",\"url\":\"https:\/\/www.sonnenseite.com\/de\/\",\"logo\":{\"@type\":\"ImageObject\",\"inLanguage\":\"de\",\"@id\":\"https:\/\/www.sonnenseite.com\/de\/#\/schema\/logo\/image\/\",\"url\":\"https:\/\/www.sonnenseite.com\/wp-content\/uploads\/2020\/05\/Sonnenseite_Logo.png\",\"contentUrl\":\"https:\/\/www.sonnenseite.com\/wp-content\/uploads\/2020\/05\/Sonnenseite_Logo.png\",\"width\":377,\"height\":90,\"caption\":\"Sonnenseite\"},\"image\":{\"@id\":\"https:\/\/www.sonnenseite.com\/de\/#\/schema\/logo\/image\/\"},\"sameAs\":[\"https:\/\/www.facebook.com\/pages\/Franz-Alt-SONNENSEITECOM\/221072987903953?fref=ts\",\"https:\/\/x.com\/franzalt\",\"http:\/\/www.youtube.com\/results?search_query&amp;amp;quot;franz_alt&amp;amp;quot;&amp;amp;amp;amp;search_type&amp;amp;amp;amp;aq=f\"]},{\"@type\":\"Person\",\"@id\":\"https:\/\/www.sonnenseite.com\/de\/#\/schema\/person\/50fda0e926597684c7cc6695238a4eb9\",\"name\":\"Bigi Alt\"}]}<\/script>\n<!-- \/ Yoast SEO plugin. -->","yoast_head_json":{"title":"Amazonas in der Feuerfalle - Sonnenseite - \u00d6kologische Kommunikation mit Franz Alt","description":"Abholzung und Erw\u00e4rmung k\u00f6nnen aus Regenwald auf lange Sicht besch\u00e4digtes Grasland machen. Die Kombination aus globaler Erw\u00e4rmung und drastischer","robots":{"index":"index","follow":"follow","max-snippet":"max-snippet:-1","max-image-preview":"max-image-preview:large","max-video-preview":"max-video-preview:-1"},"canonical":"https:\/\/www.sonnenseite.com\/de\/umwelt\/amazonas-in-der-feuerfalle\/","og_locale":"de_DE","og_type":"article","og_title":"Amazonas in der Feuerfalle - Sonnenseite - \u00d6kologische Kommunikation mit Franz Alt","og_description":"Abholzung und Erw\u00e4rmung k\u00f6nnen aus Regenwald auf lange Sicht besch\u00e4digtes Grasland machen. Die Kombination aus globaler Erw\u00e4rmung und drastischer","og_url":"https:\/\/www.sonnenseite.com\/de\/umwelt\/amazonas-in-der-feuerfalle\/","og_site_name":"Sonnenseite","article_publisher":"https:\/\/www.facebook.com\/pages\/Franz-Alt-SONNENSEITECOM\/221072987903953?fref=ts","article_published_time":"2023-07-18T00:30:00+00:00","og_image":[{"width":770,"height":420,"url":"https:\/\/www.sonnenseite.com\/wp-content\/uploads\/2023\/07\/wald_grasland_brennt_LaureenRaftopulos.jpg","type":"image\/jpeg"}],"author":"Bigi Alt","twitter_card":"summary_large_image","twitter_creator":"@franzalt","twitter_site":"@franzalt","twitter_misc":{"Verfasst von":"Bigi Alt","Gesch\u00e4tzte Lesezeit":"3\u00a0Minuten"},"schema":{"@context":"https:\/\/schema.org","@graph":[{"@type":"Article","@id":"https:\/\/www.sonnenseite.com\/de\/umwelt\/amazonas-in-der-feuerfalle\/#article","isPartOf":{"@id":"https:\/\/www.sonnenseite.com\/de\/umwelt\/amazonas-in-der-feuerfalle\/"},"author":{"name":"Bigi Alt","@id":"https:\/\/www.sonnenseite.com\/de\/#\/schema\/person\/50fda0e926597684c7cc6695238a4eb9"},"headline":"Amazonas in der Feuerfalle","datePublished":"2023-07-18T00:30:00+00:00","mainEntityOfPage":{"@id":"https:\/\/www.sonnenseite.com\/de\/umwelt\/amazonas-in-der-feuerfalle\/"},"wordCount":516,"publisher":{"@id":"https:\/\/www.sonnenseite.com\/de\/#organization"},"image":{"@id":"https:\/\/www.sonnenseite.com\/de\/umwelt\/amazonas-in-der-feuerfalle\/#primaryimage"},"thumbnailUrl":"https:\/\/www.sonnenseite.com\/wp-content\/uploads\/2023\/07\/wald_grasland_brennt_LaureenRaftopulos.jpg","articleSection":["Umwelt"],"inLanguage":"de"},{"@type":"WebPage","@id":"https:\/\/www.sonnenseite.com\/de\/umwelt\/amazonas-in-der-feuerfalle\/","url":"https:\/\/www.sonnenseite.com\/de\/umwelt\/amazonas-in-der-feuerfalle\/","name":"Amazonas in der Feuerfalle - Sonnenseite - \u00d6kologische Kommunikation mit Franz Alt","isPartOf":{"@id":"https:\/\/www.sonnenseite.com\/de\/#website"},"primaryImageOfPage":{"@id":"https:\/\/www.sonnenseite.com\/de\/umwelt\/amazonas-in-der-feuerfalle\/#primaryimage"},"image":{"@id":"https:\/\/www.sonnenseite.com\/de\/umwelt\/amazonas-in-der-feuerfalle\/#primaryimage"},"thumbnailUrl":"https:\/\/www.sonnenseite.com\/wp-content\/uploads\/2023\/07\/wald_grasland_brennt_LaureenRaftopulos.jpg","datePublished":"2023-07-18T00:30:00+00:00","description":"Abholzung und Erw\u00e4rmung k\u00f6nnen aus Regenwald auf lange Sicht besch\u00e4digtes Grasland machen. Die Kombination aus globaler Erw\u00e4rmung und drastischer","breadcrumb":{"@id":"https:\/\/www.sonnenseite.com\/de\/umwelt\/amazonas-in-der-feuerfalle\/#breadcrumb"},"inLanguage":"de","potentialAction":[{"@type":"ReadAction","target":["https:\/\/www.sonnenseite.com\/de\/umwelt\/amazonas-in-der-feuerfalle\/"]}]},{"@type":"ImageObject","inLanguage":"de","@id":"https:\/\/www.sonnenseite.com\/de\/umwelt\/amazonas-in-der-feuerfalle\/#primaryimage","url":"https:\/\/www.sonnenseite.com\/wp-content\/uploads\/2023\/07\/wald_grasland_brennt_LaureenRaftopulos.jpg","contentUrl":"https:\/\/www.sonnenseite.com\/wp-content\/uploads\/2023\/07\/wald_grasland_brennt_LaureenRaftopulos.jpg","width":770,"height":420,"caption":"pexels.com | Laureen Raftopulos | Feuer ist der wichtigste Faktor, der den Amazonas in einem Graslandzustand h\u00e4lt."},{"@type":"BreadcrumbList","@id":"https:\/\/www.sonnenseite.com\/de\/umwelt\/amazonas-in-der-feuerfalle\/#breadcrumb","itemListElement":[{"@type":"ListItem","position":1,"name":"Startseite","item":"https:\/\/www.sonnenseite.com\/de\/"},{"@type":"ListItem","position":2,"name":"Amazonas in der Feuerfalle"}]},{"@type":"WebSite","@id":"https:\/\/www.sonnenseite.com\/de\/#website","url":"https:\/\/www.sonnenseite.com\/de\/","name":"Sonnenseite","description":"\u00d6kologische Kommunikation mit Franz Alt","publisher":{"@id":"https:\/\/www.sonnenseite.com\/de\/#organization"},"potentialAction":[{"@type":"SearchAction","target":{"@type":"EntryPoint","urlTemplate":"https:\/\/www.sonnenseite.com\/de\/?s={search_term_string}"},"query-input":{"@type":"PropertyValueSpecification","valueRequired":true,"valueName":"search_term_string"}}],"inLanguage":"de"},{"@type":"Organization","@id":"https:\/\/www.sonnenseite.com\/de\/#organization","name":"Sonnenseite","url":"https:\/\/www.sonnenseite.com\/de\/","logo":{"@type":"ImageObject","inLanguage":"de","@id":"https:\/\/www.sonnenseite.com\/de\/#\/schema\/logo\/image\/","url":"https:\/\/www.sonnenseite.com\/wp-content\/uploads\/2020\/05\/Sonnenseite_Logo.png","contentUrl":"https:\/\/www.sonnenseite.com\/wp-content\/uploads\/2020\/05\/Sonnenseite_Logo.png","width":377,"height":90,"caption":"Sonnenseite"},"image":{"@id":"https:\/\/www.sonnenseite.com\/de\/#\/schema\/logo\/image\/"},"sameAs":["https:\/\/www.facebook.com\/pages\/Franz-Alt-SONNENSEITECOM\/221072987903953?fref=ts","https:\/\/x.com\/franzalt","http:\/\/www.youtube.com\/results?search_query&amp;amp;quot;franz_alt&amp;amp;quot;&amp;amp;amp;amp;search_type&amp;amp;amp;amp;aq=f"]},{"@type":"Person","@id":"https:\/\/www.sonnenseite.com\/de\/#\/schema\/person\/50fda0e926597684c7cc6695238a4eb9","name":"Bigi Alt"}]}},"_links":{"self":[{"href":"https:\/\/www.sonnenseite.com\/de\/wp-json\/wp\/v2\/posts\/92640","targetHints":{"allow":["GET"]}}],"collection":[{"href":"https:\/\/www.sonnenseite.com\/de\/wp-json\/wp\/v2\/posts"}],"about":[{"href":"https:\/\/www.sonnenseite.com\/de\/wp-json\/wp\/v2\/types\/post"}],"author":[{"embeddable":true,"href":"https:\/\/www.sonnenseite.com\/de\/wp-json\/wp\/v2\/users\/3"}],"replies":[{"embeddable":true,"href":"https:\/\/www.sonnenseite.com\/de\/wp-json\/wp\/v2\/comments?post=92640"}],"version-history":[{"count":3,"href":"https:\/\/www.sonnenseite.com\/de\/wp-json\/wp\/v2\/posts\/92640\/revisions"}],"predecessor-version":[{"id":92643,"href":"https:\/\/www.sonnenseite.com\/de\/wp-json\/wp\/v2\/posts\/92640\/revisions\/92643"}],"wp:featuredmedia":[{"embeddable":true,"href":"https:\/\/www.sonnenseite.com\/de\/wp-json\/wp\/v2\/media\/92644"}],"wp:attachment":[{"href":"https:\/\/www.sonnenseite.com\/de\/wp-json\/wp\/v2\/media?parent=92640"}],"wp:term":[{"taxonomy":"category","embeddable":true,"href":"https:\/\/www.sonnenseite.com\/de\/wp-json\/wp\/v2\/categories?post=92640"},{"taxonomy":"post_tag","embeddable":true,"href":"https:\/\/www.sonnenseite.com\/de\/wp-json\/wp\/v2\/tags?post=92640"}],"curies":[{"name":"wp","href":"https:\/\/api.w.org\/{rel}","templated":true}]}}