{"id":92767,"date":"2023-07-22T02:50:00","date_gmt":"2023-07-22T00:50:00","guid":{"rendered":"https:\/\/www.sonnenseite.com\/?p=92767"},"modified":"2023-07-29T14:22:33","modified_gmt":"2023-07-29T12:22:33","slug":"trockenheit-und-rekordtemperaturen-staedte-drohen-zur-hitzefalle-zu-werden","status":"publish","type":"post","link":"https:\/\/www.sonnenseite.com\/de\/umwelt\/trockenheit-und-rekordtemperaturen-staedte-drohen-zur-hitzefalle-zu-werden\/","title":{"rendered":"Trockenheit und Rekordtemperaturen: St\u00e4dte drohen zur Hitzefalle zu werden"},"content":{"rendered":"\n<p>BUND fordert angesichts der fortschreitenden Klimakrise mehr Gr\u00fcn in den St\u00e4dten.<\/p>\n\n\n\n<ul class=\"wp-block-list\">\n<li>Stadtnatur zentraler Schl\u00fcssel gegen Hitzestress in St\u00e4dten<\/li>\n\n\n\n<li>Schnellere und konsequentere F\u00f6rderung der Stadtnatur notwendig<\/li>\n\n\n\n<li>Wasser st\u00e4rker in den St\u00e4dten halten<\/li>\n<\/ul>\n\n\n\n<p>Vier von f\u00fcnf Menschen in Deutschland leben in St\u00e4dten. Die Klimakrise und die damit verbundene Hitze und Trockenheit trifft die Menschen hier besonders stark. Denn St\u00e4dte sind W\u00e4rme- und Trockeninseln vor allem aufgrund der versiegelten Oberfl\u00e4chen und der schlechteren Luftzirkulation. Die Temperaturdifferenz zwischen dicht bebauten Stadtzentren und dem Umland kann im Hochsommer bis \u00fcber 10 Grad betragen. F\u00fcr die Bewohner*innen stellt das ein erhebliches gesundheitliches Risiko dar.<\/p>\n\n\n\n<p><strong>Sarah Buron, BUND-Expertin f\u00fcr Stadtnatur:&nbsp;<\/strong>\u201eEin zentraler Schl\u00fcssel gegen die Hitzefalle Stadt ist mehr Stadtgr\u00fcn: B\u00e4ume helfen als Schattenspender, Temperatursenker und Luftreiniger. Dach- und Fassadenbegr\u00fcnung mildern die Aufheizung von Geb\u00e4uden. Parkanlagen k\u00fchlen sich und auch ihre Umgebung in der Nacht viel schneller ab. Selbst Wildwuchs zwischen Pflasterritzen senkt die Bodentemperaturen um bis zu 28 Grad. Obwohl das alles bekannt ist, sind vielerorts nackter Beton und Glasfassaden weiter Normalit\u00e4t und mehr als 70 Prozent der Stadtb\u00e4ume krank.\u201c<\/p>\n\n\n\n<p>Und auch die Artenvielfalt leidet unter Hitze- und Trockenstress &#8211; dabei sind St\u00e4dte als R\u00fcckzugsorte auch f\u00fcr gef\u00e4hrdete Arten wie den Gartenschl\u00e4fer, das Tier des Jahres 2023, \u00fcberlebenswichtig.. G\u00e4rtnern ohne Gift, Gr\u00fcnfl\u00e4chen, die naturnah gepflegt werden, artenreiche Hecken, Wegr\u00e4nder und Gew\u00e4sserufer sind entscheidend. Diese sind nicht nur widerstandsf\u00e4higer als Rasen und Blumenrabatten und Lebensraum f\u00fcr Tiere und Pflanzen, sondern auch ein deutlich stabilerer Hitzeschutz f\u00fcr die Stadt. Angesichts immer h\u00e4ufiger auftretender Hitzesommer fordert der BUND von Bundesregierung, L\u00e4ndern und Kommunen, die Stadtnatur als der zentrale Faktor f\u00fcr lebenswerte, klimaresiliente St\u00e4dte noch schneller und konsequenter zu f\u00f6rdern.&nbsp;<\/p>\n\n\n\n<p><strong>Buron:<\/strong> \u201eDie Klimakrise ist da. Die Bundesregierung ist in der Verantwortung, f\u00fcr unseren Schutz zu sorgen &#8211; doch sie handelt noch nicht danach. St\u00e4dte und Kommunen lassen eine immer st\u00e4rkere Versiegelung von Fl\u00e4chen zu, der alte Stadtb\u00e4ume zum Opfer fallen und die die dringend ben\u00f6tigten Gr\u00fcnfl\u00e4chen zerst\u00f6rt und bedroht. Neupflanzungen sind nur eine schwache L\u00f6sung, denn es braucht Jahrzehnte, bis neue B\u00e4ume eine mit einem alten Baum vergleichbare Leistung in Sachen K\u00fchlung, Feinstaubfilterung und Sauerstoffproduktion erf\u00fcllen kann.\u201c<\/p>\n\n\n\n<h4 class=\"wp-block-heading\">Wasserhaushalt f\u00fcr St\u00e4dte entscheidend<\/h4>\n\n\n\n<p>F\u00fcr den Wasserhaushalt in St\u00e4dten gibt es durch die Versiegelung vorrangig zwei Herausforderungen: Einerseits kann Regenwasser vielerorts nicht gut versickern. Zum anderen steigt das Risiko, dass es bei starken Regenereignissen zu \u00f6rtlichen \u00dcberschwemmungen kommt, da die Kanalisation die oberfl\u00e4chlich abflie\u00dfenden Wassermassen nicht fassen kann. F\u00fcr das Wassermanagement in St\u00e4dten gibt es daf\u00fcr das Konzept der Schwammstadt: Statt Fl\u00e4chen zu versiegeln, m\u00fcssen St\u00e4dte das Regenwasser selbst aufnehmen k\u00f6nnen und dem nat\u00fcrlichen Kreislauf zur\u00fcckf\u00fchren.&nbsp;<\/p>\n\n\n\n<p><strong>Buron weiter:<\/strong> Das freiwillige Gie\u00dfen von Stadtb\u00e4umen durch die Anwohner*innen ist ein wichtiges Zeichen, aber es ist nicht mehr als ein Tropfen auf den hei\u00dfen Stein. St\u00e4dte m\u00fcssen mit Stadtgr\u00fcn und Wassermanagement konsequent auf die Klimakrise eingestellt werden, um die Gesundheit ihrer Bewohnerinnen und Bewohner langfristig zu sichern. Die Zeit zu handeln ist jetzt. \u201c<\/p>\n\n\n\n<h4 class=\"wp-block-heading\">Hintergrund<\/h4>\n\n\n\n<p>Der BUND fordert eine nachhaltige Siedlungsentwicklung, um weitere Versiegelung zu vermeiden. Dabei muss das Konzept der \u201eDoppelten Innenentwicklung\u201c angewendet werden. Das hei\u00dft, Fl\u00e4chenreserven im Siedlungsbestand nicht nur baulich, sondern auch mit Blick auf urbanes Gr\u00fcn zu entwickeln. Eine weitere Fl\u00e4cheninanspruchnahme soll verhindert und gleichzeitig die \u00f6kologischen Funktionen des urbanen Gr\u00fcns gesch\u00fctzt und qualifiziert werden. Stadtnatur muss integrativer Bestandteil von Stadtplanung werden.&nbsp;<\/p>\n\n\n\n<p>Die EU-Biodiversit\u00e4tsstrategie 2030 fordert bereits alle europ\u00e4ischen St\u00e4dte ab 20.000 Einwohner*innen dazu auf, ambitionierte \u201eUrban Greening Plans\u201c zu entwickeln. Bisher sind nur wenige St\u00e4dte und Gemeinden dem Aufruf gefolgt. Der BUND setzt sich daf\u00fcr ein, dass kommunale Biodiversit\u00e4tsstrategien in Zusammenarbeit mit Zivilgesellschaft entwickelt werden.&nbsp;<\/p>\n\n\n\n<ul class=\"wp-block-list\">\n<li><a href=\"http:\/\/www.bund.net\/stadtnatur\" target=\"_blank\" rel=\"noreferrer noopener\">BUND Projekt zur F\u00f6rderung von Stadtnatur&nbsp;<\/a><\/li>\n\n\n\n<li><a href=\"http:\/\/www.bund.net\/service\/publikationen\/detail\/publication\/mehr-biologische-vielfalt-in-der-kommune\/\" target=\"_blank\" rel=\"noreferrer noopener\">Leitfaden f\u00fcr mehr biologische Vielfalt in den Kommunen<\/a><\/li>\n\n\n\n<li><a href=\"http:\/\/www.bund.net\/bund-tipps\/detail-tipps\/tip\/stadtbaeumen-durch-die-trockenheit-helfen\/\" target=\"_blank\" rel=\"noreferrer noopener\">\u00d6kotipp Stadtb\u00e4ume gie\u00dfen<\/a><\/li>\n<\/ul>\n\n\n<h5 class=\"green\">Quelle<\/h5>\r\n\n\n\n<p><a href=\"https:\/\/www.bund.net\/service\/presse\/pressemitteilungen\/detail\/news\/trockenheit-und-rekordtemperaturen-staedte-drohen-zur-hitzefalle-zu-werden\/\">BUND.net 2023<\/a><\/p>\n<div class=\"shariff shariff-align-flex-start shariff-widget-align-flex-start\"><div class=\"ShariffHeadline\">Diese Meldung teilen<\/div><ul class=\"shariff-buttons theme-round orientation-horizontal buttonsize-medium\"><li class=\"shariff-button facebook shariff-nocustomcolor\" style=\"background-color:#4273c8;border-radius:1%\"><a href=\"https:\/\/www.facebook.com\/sharer\/sharer.php?u=https%3A%2F%2Fwww.sonnenseite.com%2Fde%2Fumwelt%2Ftrockenheit-und-rekordtemperaturen-staedte-drohen-zur-hitzefalle-zu-werden%2F\" title=\"Bei Facebook teilen\" aria-label=\"Bei Facebook teilen\" role=\"button\" rel=\"nofollow\" class=\"shariff-link\" style=\";border-radius:1%; background-color:#3b5998; color:#fff\" target=\"_blank\"><span class=\"shariff-icon\" style=\"\"><svg width=\"32px\" height=\"20px\" xmlns=\"http:\/\/www.w3.org\/2000\/svg\" viewBox=\"0 0 18 32\"><path fill=\"#3b5998\" d=\"M17.1 0.2v4.7h-2.8q-1.5 0-2.1 0.6t-0.5 1.9v3.4h5.2l-0.7 5.3h-4.5v13.6h-5.5v-13.6h-4.5v-5.3h4.5v-3.9q0-3.3 1.9-5.2t5-1.8q2.6 0 4.1 0.2z\"\/><\/svg><\/span><\/a><\/li><li class=\"shariff-button twitter shariff-nocustomcolor\" style=\"background-color:#595959;border-radius:1%\"><a href=\"https:\/\/twitter.com\/share?url=https%3A%2F%2Fwww.sonnenseite.com%2Fde%2Fumwelt%2Ftrockenheit-und-rekordtemperaturen-staedte-drohen-zur-hitzefalle-zu-werden%2F&text=Trockenheit%20und%20Rekordtemperaturen%3A%20St%C3%A4dte%20drohen%20zur%20Hitzefalle%20zu%20werden\" title=\"Bei X teilen\" aria-label=\"Bei X teilen\" role=\"button\" rel=\"noopener nofollow\" class=\"shariff-link\" style=\";border-radius:1%; background-color:#000; color:#fff\" target=\"_blank\"><span class=\"shariff-icon\" style=\"\"><svg width=\"32px\" height=\"20px\" xmlns=\"http:\/\/www.w3.org\/2000\/svg\" viewBox=\"0 0 24 24\"><path fill=\"#000\" d=\"M14.258 10.152L23.176 0h-2.113l-7.747 8.813L7.133 0H0l9.352 13.328L0 23.973h2.113l8.176-9.309 6.531 9.309h7.133zm-2.895 3.293l-.949-1.328L2.875 1.56h3.246l6.086 8.523.945 1.328 7.91 11.078h-3.246zm0 0\"\/><\/svg><\/span><\/a><\/li><li class=\"shariff-button xing shariff-nocustomcolor\" style=\"background-color:#29888a;border-radius:1%\"><a href=\"https:\/\/www.xing.com\/spi\/shares\/new?url=https%3A%2F%2Fwww.sonnenseite.com%2Fde%2Fumwelt%2Ftrockenheit-und-rekordtemperaturen-staedte-drohen-zur-hitzefalle-zu-werden%2F\" title=\"Bei XING teilen\" aria-label=\"Bei XING teilen\" role=\"button\" rel=\"noopener nofollow\" class=\"shariff-link\" style=\";border-radius:1%; background-color:#126567; color:#fff\" target=\"_blank\"><span class=\"shariff-icon\" style=\"\"><svg width=\"32px\" height=\"20px\" xmlns=\"http:\/\/www.w3.org\/2000\/svg\" viewBox=\"0 0 25 32\"><path fill=\"#126567\" d=\"M10.7 11.9q-0.2 0.3-4.6 8.2-0.5 0.8-1.2 0.8h-4.3q-0.4 0-0.5-0.3t0-0.6l4.5-8q0 0 0 0l-2.9-5q-0.2-0.4 0-0.7 0.2-0.3 0.5-0.3h4.3q0.7 0 1.2 0.8zM25.1 0.4q0.2 0.3 0 0.7l-9.4 16.7 6 11q0.2 0.4 0 0.6-0.2 0.3-0.6 0.3h-4.3q-0.7 0-1.2-0.8l-6-11.1q0.3-0.6 9.5-16.8 0.4-0.8 1.2-0.8h4.3q0.4 0 0.5 0.3z\"\/><\/svg><\/span><\/a><\/li><li class=\"shariff-button linkedin shariff-nocustomcolor\" style=\"background-color:#1488bf;border-radius:1%\"><a href=\"https:\/\/www.linkedin.com\/sharing\/share-offsite\/?url=https%3A%2F%2Fwww.sonnenseite.com%2Fde%2Fumwelt%2Ftrockenheit-und-rekordtemperaturen-staedte-drohen-zur-hitzefalle-zu-werden%2F\" title=\"Bei LinkedIn teilen\" aria-label=\"Bei LinkedIn teilen\" role=\"button\" rel=\"noopener nofollow\" class=\"shariff-link\" style=\";border-radius:1%; background-color:#0077b5; color:#fff\" target=\"_blank\"><span class=\"shariff-icon\" style=\"\"><svg width=\"32px\" height=\"20px\" xmlns=\"http:\/\/www.w3.org\/2000\/svg\" viewBox=\"0 0 27 32\"><path fill=\"#0077b5\" d=\"M6.2 11.2v17.7h-5.9v-17.7h5.9zM6.6 5.7q0 1.3-0.9 2.2t-2.4 0.9h0q-1.5 0-2.4-0.9t-0.9-2.2 0.9-2.2 2.4-0.9 2.4 0.9 0.9 2.2zM27.4 18.7v10.1h-5.9v-9.5q0-1.9-0.7-2.9t-2.3-1.1q-1.1 0-1.9 0.6t-1.2 1.5q-0.2 0.5-0.2 1.4v9.9h-5.9q0-7.1 0-11.6t0-5.3l0-0.9h5.9v2.6h0q0.4-0.6 0.7-1t1-0.9 1.6-0.8 2-0.3q3 0 4.9 2t1.9 6z\"\/><\/svg><\/span><\/a><\/li><li class=\"shariff-button printer shariff-nocustomcolor\" style=\"background-color:#a8a8a8;border-radius:1%\"><a href=\"javascript:window.print()\" title=\"drucken\" aria-label=\"drucken\" role=\"button\" rel=\"noopener nofollow\" class=\"shariff-link\" style=\";border-radius:1%; background-color:#999; color:#fff\"><span class=\"shariff-icon\" style=\"\"><svg width=\"32px\" height=\"20px\" xmlns=\"http:\/\/www.w3.org\/2000\/svg\" viewBox=\"0 0 30 32\"><path fill=\"#999\" d=\"M6.8 27.4h16v-4.6h-16v4.6zM6.8 16h16v-6.8h-2.8q-0.7 0-1.2-0.5t-0.5-1.2v-2.8h-11.4v11.4zM27.4 17.2q0-0.5-0.3-0.8t-0.8-0.4-0.8 0.4-0.3 0.8 0.3 0.8 0.8 0.3 0.8-0.3 0.3-0.8zM29.7 17.2v7.4q0 0.2-0.2 0.4t-0.4 0.2h-4v2.8q0 0.7-0.5 1.2t-1.2 0.5h-17.2q-0.7 0-1.2-0.5t-0.5-1.2v-2.8h-4q-0.2 0-0.4-0.2t-0.2-0.4v-7.4q0-1.4 1-2.4t2.4-1h1.2v-9.7q0-0.7 0.5-1.2t1.2-0.5h12q0.7 0 1.6 0.4t1.3 0.8l2.7 2.7q0.5 0.5 0.9 1.4t0.4 1.6v4.6h1.1q1.4 0 2.4 1t1 2.4z\"\/><\/svg><\/span><\/a><\/li><li class=\"shariff-button mailto shariff-nocustomcolor\" style=\"background-color:#a8a8a8;border-radius:1%\"><a href=\"mailto:?body=https%3A%2F%2Fwww.sonnenseite.com%2Fde%2Fumwelt%2Ftrockenheit-und-rekordtemperaturen-staedte-drohen-zur-hitzefalle-zu-werden%2F&subject=Trockenheit%20und%20Rekordtemperaturen%3A%20St%C3%A4dte%20drohen%20zur%20Hitzefalle%20zu%20werden\" title=\"Per E-Mail versenden\" aria-label=\"Per E-Mail versenden\" role=\"button\" rel=\"noopener nofollow\" class=\"shariff-link\" style=\";border-radius:1%; background-color:#999; color:#fff\"><span class=\"shariff-icon\" style=\"\"><svg width=\"32px\" height=\"20px\" xmlns=\"http:\/\/www.w3.org\/2000\/svg\" viewBox=\"0 0 32 32\"><path fill=\"#999\" d=\"M32 12.7v14.2q0 1.2-0.8 2t-2 0.9h-26.3q-1.2 0-2-0.9t-0.8-2v-14.2q0.8 0.9 1.8 1.6 6.5 4.4 8.9 6.1 1 0.8 1.6 1.2t1.7 0.9 2 0.4h0.1q0.9 0 2-0.4t1.7-0.9 1.6-1.2q3-2.2 8.9-6.1 1-0.7 1.8-1.6zM32 7.4q0 1.4-0.9 2.7t-2.2 2.2q-6.7 4.7-8.4 5.8-0.2 0.1-0.7 0.5t-1 0.7-0.9 0.6-1.1 0.5-0.9 0.2h-0.1q-0.4 0-0.9-0.2t-1.1-0.5-0.9-0.6-1-0.7-0.7-0.5q-1.6-1.1-4.7-3.2t-3.6-2.6q-1.1-0.7-2.1-2t-1-2.5q0-1.4 0.7-2.3t2.1-0.9h26.3q1.2 0 2 0.8t0.9 2z\"\/><\/svg><\/span><\/a><\/li><\/ul><\/div>","protected":false},"excerpt":{"rendered":"<p>BUND fordert angesichts der fortschreitenden Klimakrise mehr Gr\u00fcn in den St\u00e4dten. Vier von f\u00fcnf Menschen in [&hellip;]<\/p>\n","protected":false},"author":3,"featured_media":1119,"comment_status":"closed","ping_status":"closed","sticky":false,"template":"","format":"standard","meta":{"inline_featured_image":false,"footnotes":""},"categories":[23],"tags":[],"class_list":["post-92767","post","type-post","status-publish","format-standard","has-post-thumbnail","hentry","category-umwelt"],"yoast_head":"<!-- This site is optimized with the Yoast SEO plugin v26.5 - https:\/\/yoast.com\/wordpress\/plugins\/seo\/ -->\n<title>Trockenheit und Rekordtemperaturen: St\u00e4dte drohen zur Hitzefalle zu werden - Sonnenseite - \u00d6kologische Kommunikation mit Franz Alt<\/title>\n<meta name=\"description\" content=\"BUND fordert angesichts der fortschreitenden Klimakrise mehr Gr\u00fcn in den St\u00e4dten. Stadtnatur zentraler Schl\u00fcssel gegen Hitzestress in St\u00e4dten Schnellere\" \/>\n<meta name=\"robots\" content=\"index, follow, max-snippet:-1, max-image-preview:large, max-video-preview:-1\" \/>\n<link rel=\"canonical\" href=\"https:\/\/www.sonnenseite.com\/de\/umwelt\/trockenheit-und-rekordtemperaturen-staedte-drohen-zur-hitzefalle-zu-werden\/\" \/>\n<meta property=\"og:locale\" content=\"de_DE\" \/>\n<meta property=\"og:type\" content=\"article\" \/>\n<meta property=\"og:title\" content=\"Trockenheit und Rekordtemperaturen: St\u00e4dte drohen zur Hitzefalle zu werden - Sonnenseite - \u00d6kologische Kommunikation mit Franz Alt\" \/>\n<meta property=\"og:description\" content=\"BUND fordert angesichts der fortschreitenden Klimakrise mehr Gr\u00fcn in den St\u00e4dten. Stadtnatur zentraler Schl\u00fcssel gegen Hitzestress in St\u00e4dten Schnellere\" \/>\n<meta property=\"og:url\" content=\"https:\/\/www.sonnenseite.com\/de\/umwelt\/trockenheit-und-rekordtemperaturen-staedte-drohen-zur-hitzefalle-zu-werden\/\" \/>\n<meta property=\"og:site_name\" content=\"Sonnenseite\" \/>\n<meta property=\"article:publisher\" content=\"https:\/\/www.facebook.com\/pages\/Franz-Alt-SONNENSEITECOM\/221072987903953?fref=ts\" \/>\n<meta property=\"article:published_time\" content=\"2023-07-22T00:50:00+00:00\" \/>\n<meta property=\"article:modified_time\" content=\"2023-07-29T12:22:33+00:00\" \/>\n<meta property=\"og:image\" content=\"https:\/\/www.sonnenseite.com\/wp-content\/uploads\/2020\/05\/Stadt-gruen_SergeNivens770.jpg\" \/>\n\t<meta property=\"og:image:width\" content=\"770\" \/>\n\t<meta property=\"og:image:height\" content=\"420\" \/>\n\t<meta property=\"og:image:type\" content=\"image\/jpeg\" \/>\n<meta name=\"author\" content=\"Bigi Alt\" \/>\n<meta name=\"twitter:card\" content=\"summary_large_image\" \/>\n<meta name=\"twitter:creator\" content=\"@franzalt\" \/>\n<meta name=\"twitter:site\" content=\"@franzalt\" \/>\n<meta name=\"twitter:label1\" content=\"Verfasst von\" \/>\n\t<meta name=\"twitter:data1\" content=\"Bigi Alt\" \/>\n\t<meta name=\"twitter:label2\" content=\"Gesch\u00e4tzte Lesezeit\" \/>\n\t<meta name=\"twitter:data2\" content=\"4\u00a0Minuten\" \/>\n<script type=\"application\/ld+json\" class=\"yoast-schema-graph\">{\"@context\":\"https:\/\/schema.org\",\"@graph\":[{\"@type\":\"Article\",\"@id\":\"https:\/\/www.sonnenseite.com\/de\/umwelt\/trockenheit-und-rekordtemperaturen-staedte-drohen-zur-hitzefalle-zu-werden\/#article\",\"isPartOf\":{\"@id\":\"https:\/\/www.sonnenseite.com\/de\/umwelt\/trockenheit-und-rekordtemperaturen-staedte-drohen-zur-hitzefalle-zu-werden\/\"},\"author\":{\"name\":\"Bigi Alt\",\"@id\":\"https:\/\/www.sonnenseite.com\/de\/#\/schema\/person\/50fda0e926597684c7cc6695238a4eb9\"},\"headline\":\"Trockenheit und Rekordtemperaturen: St\u00e4dte drohen zur Hitzefalle zu werden\",\"datePublished\":\"2023-07-22T00:50:00+00:00\",\"dateModified\":\"2023-07-29T12:22:33+00:00\",\"mainEntityOfPage\":{\"@id\":\"https:\/\/www.sonnenseite.com\/de\/umwelt\/trockenheit-und-rekordtemperaturen-staedte-drohen-zur-hitzefalle-zu-werden\/\"},\"wordCount\":706,\"publisher\":{\"@id\":\"https:\/\/www.sonnenseite.com\/de\/#organization\"},\"image\":{\"@id\":\"https:\/\/www.sonnenseite.com\/de\/umwelt\/trockenheit-und-rekordtemperaturen-staedte-drohen-zur-hitzefalle-zu-werden\/#primaryimage\"},\"thumbnailUrl\":\"https:\/\/www.sonnenseite.com\/wp-content\/uploads\/2020\/05\/Stadt-gruen_SergeNivens770.jpg\",\"articleSection\":[\"Umwelt\"],\"inLanguage\":\"de\"},{\"@type\":\"WebPage\",\"@id\":\"https:\/\/www.sonnenseite.com\/de\/umwelt\/trockenheit-und-rekordtemperaturen-staedte-drohen-zur-hitzefalle-zu-werden\/\",\"url\":\"https:\/\/www.sonnenseite.com\/de\/umwelt\/trockenheit-und-rekordtemperaturen-staedte-drohen-zur-hitzefalle-zu-werden\/\",\"name\":\"Trockenheit und Rekordtemperaturen: St\u00e4dte drohen zur Hitzefalle zu werden - Sonnenseite - \u00d6kologische Kommunikation mit Franz Alt\",\"isPartOf\":{\"@id\":\"https:\/\/www.sonnenseite.com\/de\/#website\"},\"primaryImageOfPage\":{\"@id\":\"https:\/\/www.sonnenseite.com\/de\/umwelt\/trockenheit-und-rekordtemperaturen-staedte-drohen-zur-hitzefalle-zu-werden\/#primaryimage\"},\"image\":{\"@id\":\"https:\/\/www.sonnenseite.com\/de\/umwelt\/trockenheit-und-rekordtemperaturen-staedte-drohen-zur-hitzefalle-zu-werden\/#primaryimage\"},\"thumbnailUrl\":\"https:\/\/www.sonnenseite.com\/wp-content\/uploads\/2020\/05\/Stadt-gruen_SergeNivens770.jpg\",\"datePublished\":\"2023-07-22T00:50:00+00:00\",\"dateModified\":\"2023-07-29T12:22:33+00:00\",\"description\":\"BUND fordert angesichts der fortschreitenden Klimakrise mehr Gr\u00fcn in den St\u00e4dten. Stadtnatur zentraler Schl\u00fcssel gegen Hitzestress in St\u00e4dten Schnellere\",\"breadcrumb\":{\"@id\":\"https:\/\/www.sonnenseite.com\/de\/umwelt\/trockenheit-und-rekordtemperaturen-staedte-drohen-zur-hitzefalle-zu-werden\/#breadcrumb\"},\"inLanguage\":\"de\",\"potentialAction\":[{\"@type\":\"ReadAction\",\"target\":[\"https:\/\/www.sonnenseite.com\/de\/umwelt\/trockenheit-und-rekordtemperaturen-staedte-drohen-zur-hitzefalle-zu-werden\/\"]}]},{\"@type\":\"ImageObject\",\"inLanguage\":\"de\",\"@id\":\"https:\/\/www.sonnenseite.com\/de\/umwelt\/trockenheit-und-rekordtemperaturen-staedte-drohen-zur-hitzefalle-zu-werden\/#primaryimage\",\"url\":\"https:\/\/www.sonnenseite.com\/wp-content\/uploads\/2020\/05\/Stadt-gruen_SergeNivens770.jpg\",\"contentUrl\":\"https:\/\/www.sonnenseite.com\/wp-content\/uploads\/2020\/05\/Stadt-gruen_SergeNivens770.jpg\",\"width\":770,\"height\":420,\"caption\":\"Depositphotos | SergeNivens\"},{\"@type\":\"BreadcrumbList\",\"@id\":\"https:\/\/www.sonnenseite.com\/de\/umwelt\/trockenheit-und-rekordtemperaturen-staedte-drohen-zur-hitzefalle-zu-werden\/#breadcrumb\",\"itemListElement\":[{\"@type\":\"ListItem\",\"position\":1,\"name\":\"Startseite\",\"item\":\"https:\/\/www.sonnenseite.com\/de\/\"},{\"@type\":\"ListItem\",\"position\":2,\"name\":\"Trockenheit und Rekordtemperaturen: St\u00e4dte drohen zur Hitzefalle zu werden\"}]},{\"@type\":\"WebSite\",\"@id\":\"https:\/\/www.sonnenseite.com\/de\/#website\",\"url\":\"https:\/\/www.sonnenseite.com\/de\/\",\"name\":\"Sonnenseite\",\"description\":\"\u00d6kologische Kommunikation mit Franz Alt\",\"publisher\":{\"@id\":\"https:\/\/www.sonnenseite.com\/de\/#organization\"},\"potentialAction\":[{\"@type\":\"SearchAction\",\"target\":{\"@type\":\"EntryPoint\",\"urlTemplate\":\"https:\/\/www.sonnenseite.com\/de\/?s={search_term_string}\"},\"query-input\":{\"@type\":\"PropertyValueSpecification\",\"valueRequired\":true,\"valueName\":\"search_term_string\"}}],\"inLanguage\":\"de\"},{\"@type\":\"Organization\",\"@id\":\"https:\/\/www.sonnenseite.com\/de\/#organization\",\"name\":\"Sonnenseite\",\"url\":\"https:\/\/www.sonnenseite.com\/de\/\",\"logo\":{\"@type\":\"ImageObject\",\"inLanguage\":\"de\",\"@id\":\"https:\/\/www.sonnenseite.com\/de\/#\/schema\/logo\/image\/\",\"url\":\"https:\/\/www.sonnenseite.com\/wp-content\/uploads\/2020\/05\/Sonnenseite_Logo.png\",\"contentUrl\":\"https:\/\/www.sonnenseite.com\/wp-content\/uploads\/2020\/05\/Sonnenseite_Logo.png\",\"width\":377,\"height\":90,\"caption\":\"Sonnenseite\"},\"image\":{\"@id\":\"https:\/\/www.sonnenseite.com\/de\/#\/schema\/logo\/image\/\"},\"sameAs\":[\"https:\/\/www.facebook.com\/pages\/Franz-Alt-SONNENSEITECOM\/221072987903953?fref=ts\",\"https:\/\/x.com\/franzalt\",\"http:\/\/www.youtube.com\/results?search_query&amp;amp;quot;franz_alt&amp;amp;quot;&amp;amp;amp;amp;search_type&amp;amp;amp;amp;aq=f\"]},{\"@type\":\"Person\",\"@id\":\"https:\/\/www.sonnenseite.com\/de\/#\/schema\/person\/50fda0e926597684c7cc6695238a4eb9\",\"name\":\"Bigi Alt\"}]}<\/script>\n<!-- \/ Yoast SEO plugin. -->","yoast_head_json":{"title":"Trockenheit und Rekordtemperaturen: St\u00e4dte drohen zur Hitzefalle zu werden - Sonnenseite - \u00d6kologische Kommunikation mit Franz Alt","description":"BUND fordert angesichts der fortschreitenden Klimakrise mehr Gr\u00fcn in den St\u00e4dten. Stadtnatur zentraler Schl\u00fcssel gegen Hitzestress in St\u00e4dten Schnellere","robots":{"index":"index","follow":"follow","max-snippet":"max-snippet:-1","max-image-preview":"max-image-preview:large","max-video-preview":"max-video-preview:-1"},"canonical":"https:\/\/www.sonnenseite.com\/de\/umwelt\/trockenheit-und-rekordtemperaturen-staedte-drohen-zur-hitzefalle-zu-werden\/","og_locale":"de_DE","og_type":"article","og_title":"Trockenheit und Rekordtemperaturen: St\u00e4dte drohen zur Hitzefalle zu werden - Sonnenseite - \u00d6kologische Kommunikation mit Franz Alt","og_description":"BUND fordert angesichts der fortschreitenden Klimakrise mehr Gr\u00fcn in den St\u00e4dten. Stadtnatur zentraler Schl\u00fcssel gegen Hitzestress in St\u00e4dten Schnellere","og_url":"https:\/\/www.sonnenseite.com\/de\/umwelt\/trockenheit-und-rekordtemperaturen-staedte-drohen-zur-hitzefalle-zu-werden\/","og_site_name":"Sonnenseite","article_publisher":"https:\/\/www.facebook.com\/pages\/Franz-Alt-SONNENSEITECOM\/221072987903953?fref=ts","article_published_time":"2023-07-22T00:50:00+00:00","article_modified_time":"2023-07-29T12:22:33+00:00","og_image":[{"width":770,"height":420,"url":"https:\/\/www.sonnenseite.com\/wp-content\/uploads\/2020\/05\/Stadt-gruen_SergeNivens770.jpg","type":"image\/jpeg"}],"author":"Bigi Alt","twitter_card":"summary_large_image","twitter_creator":"@franzalt","twitter_site":"@franzalt","twitter_misc":{"Verfasst von":"Bigi Alt","Gesch\u00e4tzte Lesezeit":"4\u00a0Minuten"},"schema":{"@context":"https:\/\/schema.org","@graph":[{"@type":"Article","@id":"https:\/\/www.sonnenseite.com\/de\/umwelt\/trockenheit-und-rekordtemperaturen-staedte-drohen-zur-hitzefalle-zu-werden\/#article","isPartOf":{"@id":"https:\/\/www.sonnenseite.com\/de\/umwelt\/trockenheit-und-rekordtemperaturen-staedte-drohen-zur-hitzefalle-zu-werden\/"},"author":{"name":"Bigi Alt","@id":"https:\/\/www.sonnenseite.com\/de\/#\/schema\/person\/50fda0e926597684c7cc6695238a4eb9"},"headline":"Trockenheit und Rekordtemperaturen: St\u00e4dte drohen zur Hitzefalle zu werden","datePublished":"2023-07-22T00:50:00+00:00","dateModified":"2023-07-29T12:22:33+00:00","mainEntityOfPage":{"@id":"https:\/\/www.sonnenseite.com\/de\/umwelt\/trockenheit-und-rekordtemperaturen-staedte-drohen-zur-hitzefalle-zu-werden\/"},"wordCount":706,"publisher":{"@id":"https:\/\/www.sonnenseite.com\/de\/#organization"},"image":{"@id":"https:\/\/www.sonnenseite.com\/de\/umwelt\/trockenheit-und-rekordtemperaturen-staedte-drohen-zur-hitzefalle-zu-werden\/#primaryimage"},"thumbnailUrl":"https:\/\/www.sonnenseite.com\/wp-content\/uploads\/2020\/05\/Stadt-gruen_SergeNivens770.jpg","articleSection":["Umwelt"],"inLanguage":"de"},{"@type":"WebPage","@id":"https:\/\/www.sonnenseite.com\/de\/umwelt\/trockenheit-und-rekordtemperaturen-staedte-drohen-zur-hitzefalle-zu-werden\/","url":"https:\/\/www.sonnenseite.com\/de\/umwelt\/trockenheit-und-rekordtemperaturen-staedte-drohen-zur-hitzefalle-zu-werden\/","name":"Trockenheit und Rekordtemperaturen: St\u00e4dte drohen zur Hitzefalle zu werden - Sonnenseite - \u00d6kologische Kommunikation mit Franz Alt","isPartOf":{"@id":"https:\/\/www.sonnenseite.com\/de\/#website"},"primaryImageOfPage":{"@id":"https:\/\/www.sonnenseite.com\/de\/umwelt\/trockenheit-und-rekordtemperaturen-staedte-drohen-zur-hitzefalle-zu-werden\/#primaryimage"},"image":{"@id":"https:\/\/www.sonnenseite.com\/de\/umwelt\/trockenheit-und-rekordtemperaturen-staedte-drohen-zur-hitzefalle-zu-werden\/#primaryimage"},"thumbnailUrl":"https:\/\/www.sonnenseite.com\/wp-content\/uploads\/2020\/05\/Stadt-gruen_SergeNivens770.jpg","datePublished":"2023-07-22T00:50:00+00:00","dateModified":"2023-07-29T12:22:33+00:00","description":"BUND fordert angesichts der fortschreitenden Klimakrise mehr Gr\u00fcn in den St\u00e4dten. Stadtnatur zentraler Schl\u00fcssel gegen Hitzestress in St\u00e4dten Schnellere","breadcrumb":{"@id":"https:\/\/www.sonnenseite.com\/de\/umwelt\/trockenheit-und-rekordtemperaturen-staedte-drohen-zur-hitzefalle-zu-werden\/#breadcrumb"},"inLanguage":"de","potentialAction":[{"@type":"ReadAction","target":["https:\/\/www.sonnenseite.com\/de\/umwelt\/trockenheit-und-rekordtemperaturen-staedte-drohen-zur-hitzefalle-zu-werden\/"]}]},{"@type":"ImageObject","inLanguage":"de","@id":"https:\/\/www.sonnenseite.com\/de\/umwelt\/trockenheit-und-rekordtemperaturen-staedte-drohen-zur-hitzefalle-zu-werden\/#primaryimage","url":"https:\/\/www.sonnenseite.com\/wp-content\/uploads\/2020\/05\/Stadt-gruen_SergeNivens770.jpg","contentUrl":"https:\/\/www.sonnenseite.com\/wp-content\/uploads\/2020\/05\/Stadt-gruen_SergeNivens770.jpg","width":770,"height":420,"caption":"Depositphotos | SergeNivens"},{"@type":"BreadcrumbList","@id":"https:\/\/www.sonnenseite.com\/de\/umwelt\/trockenheit-und-rekordtemperaturen-staedte-drohen-zur-hitzefalle-zu-werden\/#breadcrumb","itemListElement":[{"@type":"ListItem","position":1,"name":"Startseite","item":"https:\/\/www.sonnenseite.com\/de\/"},{"@type":"ListItem","position":2,"name":"Trockenheit und Rekordtemperaturen: St\u00e4dte drohen zur Hitzefalle zu werden"}]},{"@type":"WebSite","@id":"https:\/\/www.sonnenseite.com\/de\/#website","url":"https:\/\/www.sonnenseite.com\/de\/","name":"Sonnenseite","description":"\u00d6kologische Kommunikation mit Franz Alt","publisher":{"@id":"https:\/\/www.sonnenseite.com\/de\/#organization"},"potentialAction":[{"@type":"SearchAction","target":{"@type":"EntryPoint","urlTemplate":"https:\/\/www.sonnenseite.com\/de\/?s={search_term_string}"},"query-input":{"@type":"PropertyValueSpecification","valueRequired":true,"valueName":"search_term_string"}}],"inLanguage":"de"},{"@type":"Organization","@id":"https:\/\/www.sonnenseite.com\/de\/#organization","name":"Sonnenseite","url":"https:\/\/www.sonnenseite.com\/de\/","logo":{"@type":"ImageObject","inLanguage":"de","@id":"https:\/\/www.sonnenseite.com\/de\/#\/schema\/logo\/image\/","url":"https:\/\/www.sonnenseite.com\/wp-content\/uploads\/2020\/05\/Sonnenseite_Logo.png","contentUrl":"https:\/\/www.sonnenseite.com\/wp-content\/uploads\/2020\/05\/Sonnenseite_Logo.png","width":377,"height":90,"caption":"Sonnenseite"},"image":{"@id":"https:\/\/www.sonnenseite.com\/de\/#\/schema\/logo\/image\/"},"sameAs":["https:\/\/www.facebook.com\/pages\/Franz-Alt-SONNENSEITECOM\/221072987903953?fref=ts","https:\/\/x.com\/franzalt","http:\/\/www.youtube.com\/results?search_query&amp;amp;quot;franz_alt&amp;amp;quot;&amp;amp;amp;amp;search_type&amp;amp;amp;amp;aq=f"]},{"@type":"Person","@id":"https:\/\/www.sonnenseite.com\/de\/#\/schema\/person\/50fda0e926597684c7cc6695238a4eb9","name":"Bigi Alt"}]}},"_links":{"self":[{"href":"https:\/\/www.sonnenseite.com\/de\/wp-json\/wp\/v2\/posts\/92767","targetHints":{"allow":["GET"]}}],"collection":[{"href":"https:\/\/www.sonnenseite.com\/de\/wp-json\/wp\/v2\/posts"}],"about":[{"href":"https:\/\/www.sonnenseite.com\/de\/wp-json\/wp\/v2\/types\/post"}],"author":[{"embeddable":true,"href":"https:\/\/www.sonnenseite.com\/de\/wp-json\/wp\/v2\/users\/3"}],"replies":[{"embeddable":true,"href":"https:\/\/www.sonnenseite.com\/de\/wp-json\/wp\/v2\/comments?post=92767"}],"version-history":[{"count":1,"href":"https:\/\/www.sonnenseite.com\/de\/wp-json\/wp\/v2\/posts\/92767\/revisions"}],"predecessor-version":[{"id":92768,"href":"https:\/\/www.sonnenseite.com\/de\/wp-json\/wp\/v2\/posts\/92767\/revisions\/92768"}],"wp:featuredmedia":[{"embeddable":true,"href":"https:\/\/www.sonnenseite.com\/de\/wp-json\/wp\/v2\/media\/1119"}],"wp:attachment":[{"href":"https:\/\/www.sonnenseite.com\/de\/wp-json\/wp\/v2\/media?parent=92767"}],"wp:term":[{"taxonomy":"category","embeddable":true,"href":"https:\/\/www.sonnenseite.com\/de\/wp-json\/wp\/v2\/categories?post=92767"},{"taxonomy":"post_tag","embeddable":true,"href":"https:\/\/www.sonnenseite.com\/de\/wp-json\/wp\/v2\/tags?post=92767"}],"curies":[{"name":"wp","href":"https:\/\/api.w.org\/{rel}","templated":true}]}}