{"id":93488,"date":"2023-08-22T15:10:05","date_gmt":"2023-08-22T13:10:05","guid":{"rendered":"https:\/\/www.sonnenseite.com\/?p=93488"},"modified":"2023-08-22T15:10:14","modified_gmt":"2023-08-22T13:10:14","slug":"ampel-verletzt-klimagesetz-deutschland-wird-klimaziele-fuer-2030-deutlich-verfehlen","status":"publish","type":"post","link":"https:\/\/www.sonnenseite.com\/de\/politik\/ampel-verletzt-klimagesetz-deutschland-wird-klimaziele-fuer-2030-deutlich-verfehlen\/","title":{"rendered":"Ampel verletzt Klimagesetz: Deutschland wird Klimaziele f\u00fcr 2030 deutlich verfehlen"},"content":{"rendered":"\n<p>Das Umweltbundesamt ver\u00f6ffentlicht heute den <a href=\"https:\/\/www.umweltbundesamt.de\/publikationen\/projektionsbericht-2023-fuer-deutschland\">Projektionsbericht 2023<\/a>. Demnach wird Deutschland die bis 2030 erlaubten CO<sub>2<\/sub>-Emissionen um bis zu 331 Millionen Tonnen \u00fcberziehen. Zeitgleich pr\u00e4sentiert der <a href=\"https:\/\/initiative-klimaneutral.de\/presse\/klimaschutz-ungenuegend-kritik-vom-expertenrat\">Klima-Expertenrat<\/a> seine Einsch\u00e4tzung des Klimaschutzprogramms der Regierung.<\/p>\n\n\n\n<p>Seit Wochen warten die Medien in Deutschland auf den sogenannten Projektionsbericht 2023. Alle <a href=\"https:\/\/www.klimareporter.de\/energiewende\/klimaziele-in-weiter-ferne\" target=\"_blank\" rel=\"noreferrer noopener\">zwei Jahre<\/a> \u2013 und von jetzt an jedes Jahr \u2013 muss die Bundesregierung anhand einer Prognose kl\u00e4ren, ob Deutschland mit der aktuellen Politik seine Klimaziele erreicht.<\/p>\n\n\n\n<p>Vor zwei Monaten, Mitte Juli, gab es erste <a href=\"https:\/\/www.klimareporter.de\/deutschland\/die-oekologische-welle-blockaden-in-der-klimakrise-und-die-atomare-lektion\" target=\"_blank\" rel=\"noreferrer noopener\">Medienberichte<\/a> \u00fcber einen Entwurf der Projektion 2023. Zuletzt soll das Papier in der Ressortabstimmung zwischen den Ministerien geschmort haben. Nunmehr gab das Umweltbundesamt den <a href=\"https:\/\/www.umweltbundesamt.de\/publikationen\/projektionsbericht-2023-fuer-deutschland\" target=\"_blank\" rel=\"noreferrer noopener\">aktuellen Projektionsbericht<\/a> ab 10&nbsp;Uhr am heutigen Dienstag frei.<\/p>\n\n\n\n<p>Beobachtern erscheint dies keineswegs zuf\u00e4llig. Gerade heute stellt auch der Expertenrat f\u00fcr Klimafragen seine Stellungnahme zum Klimaschutzprogramm 2023 sowie seinen Pr\u00fcfbericht zu den Problemsektoren Geb\u00e4ude und Verkehr vor.<\/p>\n\n\n\n<p>Ganz offensichtlich soll mit der gleichzeitigen Ver\u00f6ffentlichung des Projektionsberichts der <a href=\"https:\/\/www.klimareporter.de\/deutschland\/energiekrise-ist-kein-klimaschutz\" target=\"_blank\" rel=\"noreferrer noopener\">zu erwartenden Kritik<\/a> des Expertenrats die Spitze genommen werden. Dazu passen die in den letzten Wochen verst\u00e4rkten Bem\u00fchungen besonders von Wirtschaftsminister Robert Habeck (Gr\u00fcne), die <a href=\"https:\/\/www.klimareporter.de\/gesellschaft\/die-mediale-macht-des-heizhammers\" target=\"_blank\" rel=\"noreferrer noopener\">ins Abseits geratene<\/a> Klimapolitik der Ampel in ein besseres Licht zu r\u00fccken.<\/p>\n\n\n\n<h4 class=\"wp-block-heading\">Ergebnis best\u00e4tigt Ank\u00fcndigung des Ministers<\/h4>\n\n\n\n<p>Der Projektionsbericht best\u00e4tigt denn auch bisherige Angaben aus dem Wirtschaftsministerium: Mit den derzeit geltenden klimapolitischen Ma\u00dfnahmen l\u00e4sst sich die bestehende Emissionsl\u00fccke zum Klimaziel f\u00fcr 2030 nur zu 70 Prozent schlie\u00dfen. Falls weitere konkret geplante, jedoch noch nicht im Klimaschutzprogramm festgeschriebene Ma\u00dfnahmen einbezogen werden, kann die L\u00fccke zu 80 Prozent geschlossen werden, hei\u00dft es weiter im Bericht.<\/p>\n\n\n\n<p>Was hatte Habeck schon am 21. Juni anl\u00e4sslich <a href=\"https:\/\/www.klimareporter.de\/deutschland\/habecks-klima-bilanz-verbreitet-optimismus\" target=\"_blank\" rel=\"noreferrer noopener\">des Kabinettsbeschlusses<\/a> zum Klimaschutzprogramm gesagt? &#8222;Wir schlie\u00dfen die Klimaschutzl\u00fccke, die die Vorg\u00e4ngerregierung uns hinterlassen hat, um bis zu 80 Prozent.&#8220; Damit r\u00fccke das 2030er Klimaziel in Reichweite, so Habeck. Dieses Ziel ist eine Reduktion der CO<sub>2<\/sub>-Emissionen <a href=\"https:\/\/www.bundesregierung.de\/breg-de\/schwerpunkte\/klimaschutz\/klimaschutzgesetz-2021-1913672\" target=\"_blank\" rel=\"noreferrer noopener\">um 65 Prozent<\/a> gegen\u00fcber 1990.<\/p>\n\n\n\n<p>Dass der, wie das Umweltbundesamt betont, von einem &#8222;unabh\u00e4ngigen Forschungskonsortium&#8220; erarbeitete Bericht jetzt Habecks zwei Monate alte Aussage best\u00e4tigt, ist sicher ganz im Sinne der Regierung.<\/p>\n\n\n\n<p>Das Problem dabei: Das <a href=\"https:\/\/www.klimareporter.de\/deutschland\/bundestag-beschliesst-neues-klimaschutzgesetz\" target=\"_blank\" rel=\"noreferrer noopener\">Klimaschutzgesetz<\/a> beruht auf dem sogenannten Budgetansatz. Das Klimaziel muss nicht nur im Jahr 2030 eingehalten werden, sondern in jedem Jahr bis dahin muss der CO<sub>2<\/sub>-Minderungspfad stimmen.<\/p>\n\n\n\n<p>Auch die von Habeck angef\u00fchrte Emissionsl\u00fccke bezieht sich nicht aufs Zieljahr 2030, sondern geht auf den <a href=\"https:\/\/www.klimareporter.de\/energiewende\/klimaziele-in-weiter-ferne\" target=\"_blank\" rel=\"noreferrer noopener\">Projektionsbericht 2021<\/a> zur\u00fcck. Und der beziffert die CO<sub>2<\/sub>-L\u00fccke f\u00fcr den gesamten Zeitraum von 2021 bis 2030 auf 1,1 Milliarden Tonnen.<\/p>\n\n\n\n<h4 class=\"wp-block-heading\">Verkehr verantwortet rund zwei Drittel der L\u00fccke<\/h4>\n\n\n\n<p>Und auch wenn diese L\u00fccke mit jetzigen oder k\u00fcnftigen Ma\u00dfnahmen zu 70 oder 80 Prozent geschlossen wird, bleiben mehrere hundert Millionen Tonnen an Emissionen &#8222;\u00fcbrig&#8220;.<\/p>\n\n\n\n<p>Laut dem jetzigen Projektionsbericht werden die ohnehin problematischen Bereiche ihre Vorgaben deutlich rei\u00dfen: Der Verkehr \u00fcberzieht sein bisheriges Budget bis 2030 um bis zu 210 Millionen Tonnen, der Geb\u00e4udesektor um bis zu 96 Millionen und die Industrie um bis zu 83 Millionen Tonnen.<\/p>\n\n\n\n<p>Dass gerade der Verkehr klimapolitisch auf Abwegen ist, zieht ein weiteres Desaster nach sich. Laut dem Projektionsbericht wird Deutschland seine Klimapflichten auf europ\u00e4ischer Ebene, die sich <a href=\"https:\/\/www.klimareporter.de\/deutschland\/leckerbissen-leerstellen-und-ein-schimmelfleck\" target=\"_blank\" rel=\"noreferrer noopener\">aus der Lastenteilungsverordnung<\/a> ergeben, im Abrechnungszeitraum von 2021 bis 2030 m\u00f6glicherweise um bis 299 Millionen Tonnen verletzen.<\/p>\n\n\n\n<p>Passiert hier nichts Entscheidendes, wird Deutschland f\u00fcr einen Gro\u00dfteil dieser Emissionen freie Emissionsrechte bei anderen L\u00e4ndern oder auf dem freien Markt <a href=\"https:\/\/www.klimareporter.de\/deutschland\/deutschlands-klima-nachzahlung-welt-auf-2-5-grad-kurs-klimakrise-bedroht-gesundheit\" target=\"_blank\" rel=\"noreferrer noopener\">kaufen m\u00fcssen<\/a>. Das kann sehr teuer werden.<\/p>\n\n\n\n<p>In Europa hilft es nicht, dass Energiewirtschaft, Landwirtschaft und Abfallwirtschaft ihre jeweiligen Ziele hierzulande laut Projektionsbericht \u00fcbererf\u00fcllen werden. In Deutschland erlaubt es die von der Ampel <a href=\"https:\/\/www.klimareporter.de\/deutschland\/habeck-streicht-die-sektorziele\" target=\"_blank\" rel=\"noreferrer noopener\">beschlossene Reform<\/a> des Klimaschutzgesetzes, dass diese Sektoren k\u00fcnftig das Versagen in anderen Sektoren teilweise kompensieren k\u00f6nnen.<\/p>\n\n\n\n<p>Ganz unter den Tisch f\u00e4llt dabei \u00fcbrigens, dass die Landwirtschaft nur deswegen so viel einspart, weil der Weltklimarat vor einiger Zeit die Klimawirkung von Lachgas-Emissionen aus der D\u00fcngung <a href=\"https:\/\/www.klimareporter.de\/deutschland\/heisse-luft-im-klimaschutzgesetz\" target=\"_blank\" rel=\"noreferrer noopener\">neu bewertet hat<\/a>. Dadurch bekommt der deutsche Agrarsektor bis 2030 rund zehn Millionen Tonnen CO<sub>2<\/sub> in seinem Emissionsbudget praktisch geschenkt.<\/p>\n\n\n\n<h4 class=\"wp-block-heading\">In sechs Jahren fast einen halben Jahresaussto\u00df einsparen<\/h4>\n\n\n\n<p>Trotz allem \u00fcberzieht Deutschland sein CO<sub>2<\/sub>-Budget, das aus dem Klimagesetz resultiert, bis 2030 um bis zu 331 Millionen Tonnen, rechnet der Projektionsbericht am Ende zusammen. So wird das Ziel der Netto-Treibhausgasneutralit\u00e4t bis 2045 aus heutiger Sicht nicht erreicht, stellt der Bericht fest.<\/p>\n\n\n\n<p>Der neue Projektionsbericht zeige deutlich, dass zus\u00e4tzliche Ma\u00dfnahmen n\u00f6tig seien, um die Klimaziele noch zu erreichen, betonte Umweltbundesamts-Pr\u00e4sident Dirk Messner am Dienstag. In den n\u00e4chsten sechs Jahren m\u00fcssten Treibhausgasemissionen in einem Umfang zus\u00e4tzlich reduziert werden, die etwa 40 Prozent der Emissionen Deutschlands im Jahr 2022 entspr\u00e4chen, umriss Messner die Aufgabe.<\/p>\n\n\n\n<p>Seine Beh\u00f6rde macht keine eigenen Einsparvorschl\u00e4ge, sondern zitiert aus anderen Studien, wonach unter anderem mehr <a href=\"https:\/\/www.klimareporter.de\/tag\/bahn\" target=\"_blank\" rel=\"noreferrer noopener\">Schienenverkehr<\/a>, eine Reform <a href=\"https:\/\/www.klimareporter.de\/verkehr\/die-verkehrswende-steht-auf-gelb\" target=\"_blank\" rel=\"noreferrer noopener\">der Kfz-Steuer<\/a> sowie die Beschr\u00e4nkung fossiler <a href=\"https:\/\/www.klimareporter.de\/tag\/waermewende\" target=\"_blank\" rel=\"noreferrer noopener\">Heizungen<\/a> n\u00f6tig w\u00e4ren, um die L\u00fccke bis 2030 zu schlie\u00dfen.<\/p>\n\n\n\n<p>\u00dcber das klimagesetzliche Budget hinaus rei\u00dft Deutschland ganz klar auch die eigenen Vorgaben im Bereich Landnutzung, Landnutzungs\u00e4nderungen und Forst, fachsprachlich <a href=\"https:\/\/www.klimareporter.de\/lexikon\/lulucf\" target=\"_blank\" rel=\"noreferrer noopener\">LULUCF<\/a>. An den Zielen, diese Emissionen bis 2040 oder 2045 um 35 beziehungsweise 40 Millionen Tonnen <a href=\"https:\/\/www.klimareporter.de\/lexikon\/co2-aequivalent\" target=\"_blank\" rel=\"noreferrer noopener\">CO<sub>2<\/sub>-\u00c4quivalent<\/a> zu senken, werden laut Projektionsbericht jeweils zehn bis 20 Millionen Tonnen fehlen.<\/p>\n\n\n\n<p>Die Ampel-Regierung wird das noch weniger st\u00f6ren als die 331 Millionen Tonnen. Und das nicht nur wegen der geringeren Zahlen: Die Ziele im Landnutzungssektor haben keinen Gesetzesrang.<\/p>\n\n\n\n<ul class=\"wp-block-list\">\n<li><a href=\"https:\/\/initiative-klimaneutral.de\/presse\/klimaschutz-ungenuegend-kritik-vom-expertenrat\" target=\"_blank\" rel=\"noreferrer noopener\">\u201eKlima\u00adschutz unge\u00adn\u00fcgend \u2013 Kritik vom Experten\u00adrat\u201c<\/a><\/li>\n\n\n\n<li>Der vollst\u00e4ndige Bericht kann <a href=\"https:\/\/expertenrat-klima.de\/\" target=\"_blank\" rel=\"noreferrer noopener\">hier<\/a> eingesehen werden<\/li>\n\n\n\n<li><a href=\"https:\/\/www.umweltbundesamt.de\/sites\/default\/files\/medien\/11740\/publikationen\/2023_08_21_climate_change_39_2023_projektionsbericht_2023_0.pdf\">Umweltbundesamt &#8222;Projektionsbericht 2023 f\u00fcr Deutschland&#8220;<\/a><\/li>\n<\/ul>\n\n\n<h5 class=\"green\">Quelle<\/h5>\r\n\n\n\n<p>Der Bericht wurde von der\u00a0<a href=\"https:\/\/www.klimareporter.de\/deutschland\/deutschland-wird-klimaziele-fuer-2030-deutlich-verfehlen\">Redaktion \u201eklimareporter.de\u201c (J\u00f6rg Staude) 2023<\/a>\u00a0verfasst &#8211; der Artikel darf nicht ohne Genehmigung\u00a0(<a href=\"mailto:post@klimareporter.de\">post@klimareporter.de<\/a>) weiterverbreitet werden!\u00a0<\/p>\n<div class=\"shariff shariff-align-flex-start shariff-widget-align-flex-start\"><div class=\"ShariffHeadline\">Diese Meldung teilen<\/div><ul class=\"shariff-buttons theme-round orientation-horizontal buttonsize-medium\"><li class=\"shariff-button facebook shariff-nocustomcolor\" style=\"background-color:#4273c8;border-radius:1%\"><a href=\"https:\/\/www.facebook.com\/sharer\/sharer.php?u=https%3A%2F%2Fwww.sonnenseite.com%2Fde%2Fpolitik%2Fampel-verletzt-klimagesetz-deutschland-wird-klimaziele-fuer-2030-deutlich-verfehlen%2F\" title=\"Bei Facebook teilen\" aria-label=\"Bei Facebook teilen\" role=\"button\" rel=\"nofollow\" class=\"shariff-link\" style=\";border-radius:1%; background-color:#3b5998; color:#fff\" target=\"_blank\"><span class=\"shariff-icon\" style=\"\"><svg width=\"32px\" height=\"20px\" xmlns=\"http:\/\/www.w3.org\/2000\/svg\" viewBox=\"0 0 18 32\"><path fill=\"#3b5998\" d=\"M17.1 0.2v4.7h-2.8q-1.5 0-2.1 0.6t-0.5 1.9v3.4h5.2l-0.7 5.3h-4.5v13.6h-5.5v-13.6h-4.5v-5.3h4.5v-3.9q0-3.3 1.9-5.2t5-1.8q2.6 0 4.1 0.2z\"\/><\/svg><\/span><\/a><\/li><li class=\"shariff-button twitter shariff-nocustomcolor\" style=\"background-color:#595959;border-radius:1%\"><a href=\"https:\/\/twitter.com\/share?url=https%3A%2F%2Fwww.sonnenseite.com%2Fde%2Fpolitik%2Fampel-verletzt-klimagesetz-deutschland-wird-klimaziele-fuer-2030-deutlich-verfehlen%2F&text=Ampel%20verletzt%20Klimagesetz%3A%20Deutschland%20wird%20Klimaziele%20f%C3%BCr%202030%20deutlich%20verfehlen\" title=\"Bei X teilen\" aria-label=\"Bei X teilen\" role=\"button\" rel=\"noopener nofollow\" class=\"shariff-link\" style=\";border-radius:1%; background-color:#000; color:#fff\" target=\"_blank\"><span class=\"shariff-icon\" style=\"\"><svg width=\"32px\" height=\"20px\" xmlns=\"http:\/\/www.w3.org\/2000\/svg\" viewBox=\"0 0 24 24\"><path fill=\"#000\" d=\"M14.258 10.152L23.176 0h-2.113l-7.747 8.813L7.133 0H0l9.352 13.328L0 23.973h2.113l8.176-9.309 6.531 9.309h7.133zm-2.895 3.293l-.949-1.328L2.875 1.56h3.246l6.086 8.523.945 1.328 7.91 11.078h-3.246zm0 0\"\/><\/svg><\/span><\/a><\/li><li class=\"shariff-button xing shariff-nocustomcolor\" style=\"background-color:#29888a;border-radius:1%\"><a href=\"https:\/\/www.xing.com\/spi\/shares\/new?url=https%3A%2F%2Fwww.sonnenseite.com%2Fde%2Fpolitik%2Fampel-verletzt-klimagesetz-deutschland-wird-klimaziele-fuer-2030-deutlich-verfehlen%2F\" title=\"Bei XING teilen\" aria-label=\"Bei XING teilen\" role=\"button\" rel=\"noopener nofollow\" class=\"shariff-link\" style=\";border-radius:1%; background-color:#126567; color:#fff\" target=\"_blank\"><span class=\"shariff-icon\" style=\"\"><svg width=\"32px\" height=\"20px\" xmlns=\"http:\/\/www.w3.org\/2000\/svg\" viewBox=\"0 0 25 32\"><path fill=\"#126567\" d=\"M10.7 11.9q-0.2 0.3-4.6 8.2-0.5 0.8-1.2 0.8h-4.3q-0.4 0-0.5-0.3t0-0.6l4.5-8q0 0 0 0l-2.9-5q-0.2-0.4 0-0.7 0.2-0.3 0.5-0.3h4.3q0.7 0 1.2 0.8zM25.1 0.4q0.2 0.3 0 0.7l-9.4 16.7 6 11q0.2 0.4 0 0.6-0.2 0.3-0.6 0.3h-4.3q-0.7 0-1.2-0.8l-6-11.1q0.3-0.6 9.5-16.8 0.4-0.8 1.2-0.8h4.3q0.4 0 0.5 0.3z\"\/><\/svg><\/span><\/a><\/li><li class=\"shariff-button linkedin shariff-nocustomcolor\" style=\"background-color:#1488bf;border-radius:1%\"><a href=\"https:\/\/www.linkedin.com\/sharing\/share-offsite\/?url=https%3A%2F%2Fwww.sonnenseite.com%2Fde%2Fpolitik%2Fampel-verletzt-klimagesetz-deutschland-wird-klimaziele-fuer-2030-deutlich-verfehlen%2F\" title=\"Bei LinkedIn teilen\" aria-label=\"Bei LinkedIn teilen\" role=\"button\" rel=\"noopener nofollow\" class=\"shariff-link\" style=\";border-radius:1%; background-color:#0077b5; color:#fff\" target=\"_blank\"><span class=\"shariff-icon\" style=\"\"><svg width=\"32px\" height=\"20px\" xmlns=\"http:\/\/www.w3.org\/2000\/svg\" viewBox=\"0 0 27 32\"><path fill=\"#0077b5\" d=\"M6.2 11.2v17.7h-5.9v-17.7h5.9zM6.6 5.7q0 1.3-0.9 2.2t-2.4 0.9h0q-1.5 0-2.4-0.9t-0.9-2.2 0.9-2.2 2.4-0.9 2.4 0.9 0.9 2.2zM27.4 18.7v10.1h-5.9v-9.5q0-1.9-0.7-2.9t-2.3-1.1q-1.1 0-1.9 0.6t-1.2 1.5q-0.2 0.5-0.2 1.4v9.9h-5.9q0-7.1 0-11.6t0-5.3l0-0.9h5.9v2.6h0q0.4-0.6 0.7-1t1-0.9 1.6-0.8 2-0.3q3 0 4.9 2t1.9 6z\"\/><\/svg><\/span><\/a><\/li><li class=\"shariff-button printer shariff-nocustomcolor\" style=\"background-color:#a8a8a8;border-radius:1%\"><a href=\"javascript:window.print()\" title=\"drucken\" aria-label=\"drucken\" role=\"button\" rel=\"noopener nofollow\" class=\"shariff-link\" style=\";border-radius:1%; background-color:#999; color:#fff\"><span class=\"shariff-icon\" style=\"\"><svg width=\"32px\" height=\"20px\" xmlns=\"http:\/\/www.w3.org\/2000\/svg\" viewBox=\"0 0 30 32\"><path fill=\"#999\" d=\"M6.8 27.4h16v-4.6h-16v4.6zM6.8 16h16v-6.8h-2.8q-0.7 0-1.2-0.5t-0.5-1.2v-2.8h-11.4v11.4zM27.4 17.2q0-0.5-0.3-0.8t-0.8-0.4-0.8 0.4-0.3 0.8 0.3 0.8 0.8 0.3 0.8-0.3 0.3-0.8zM29.7 17.2v7.4q0 0.2-0.2 0.4t-0.4 0.2h-4v2.8q0 0.7-0.5 1.2t-1.2 0.5h-17.2q-0.7 0-1.2-0.5t-0.5-1.2v-2.8h-4q-0.2 0-0.4-0.2t-0.2-0.4v-7.4q0-1.4 1-2.4t2.4-1h1.2v-9.7q0-0.7 0.5-1.2t1.2-0.5h12q0.7 0 1.6 0.4t1.3 0.8l2.7 2.7q0.5 0.5 0.9 1.4t0.4 1.6v4.6h1.1q1.4 0 2.4 1t1 2.4z\"\/><\/svg><\/span><\/a><\/li><li class=\"shariff-button mailto shariff-nocustomcolor\" style=\"background-color:#a8a8a8;border-radius:1%\"><a href=\"mailto:?body=https%3A%2F%2Fwww.sonnenseite.com%2Fde%2Fpolitik%2Fampel-verletzt-klimagesetz-deutschland-wird-klimaziele-fuer-2030-deutlich-verfehlen%2F&subject=Ampel%20verletzt%20Klimagesetz%3A%20Deutschland%20wird%20Klimaziele%20f%C3%BCr%202030%20deutlich%20verfehlen\" title=\"Per E-Mail versenden\" aria-label=\"Per E-Mail versenden\" role=\"button\" rel=\"noopener nofollow\" class=\"shariff-link\" style=\";border-radius:1%; background-color:#999; color:#fff\"><span class=\"shariff-icon\" style=\"\"><svg width=\"32px\" height=\"20px\" xmlns=\"http:\/\/www.w3.org\/2000\/svg\" viewBox=\"0 0 32 32\"><path fill=\"#999\" d=\"M32 12.7v14.2q0 1.2-0.8 2t-2 0.9h-26.3q-1.2 0-2-0.9t-0.8-2v-14.2q0.8 0.9 1.8 1.6 6.5 4.4 8.9 6.1 1 0.8 1.6 1.2t1.7 0.9 2 0.4h0.1q0.9 0 2-0.4t1.7-0.9 1.6-1.2q3-2.2 8.9-6.1 1-0.7 1.8-1.6zM32 7.4q0 1.4-0.9 2.7t-2.2 2.2q-6.7 4.7-8.4 5.8-0.2 0.1-0.7 0.5t-1 0.7-0.9 0.6-1.1 0.5-0.9 0.2h-0.1q-0.4 0-0.9-0.2t-1.1-0.5-0.9-0.6-1-0.7-0.7-0.5q-1.6-1.1-4.7-3.2t-3.6-2.6q-1.1-0.7-2.1-2t-1-2.5q0-1.4 0.7-2.3t2.1-0.9h26.3q1.2 0 2 0.8t0.9 2z\"\/><\/svg><\/span><\/a><\/li><\/ul><\/div>","protected":false},"excerpt":{"rendered":"<p>Das Umweltbundesamt ver\u00f6ffentlicht heute den Projektionsbericht 2023. Demnach wird Deutschland die bis 2030 erlaubten CO2-Emissionen um [&hellip;]<\/p>\n","protected":false},"author":3,"featured_media":89037,"comment_status":"closed","ping_status":"closed","sticky":false,"template":"","format":"standard","meta":{"inline_featured_image":false,"footnotes":""},"categories":[21],"tags":[],"class_list":["post-93488","post","type-post","status-publish","format-standard","has-post-thumbnail","hentry","category-politik"],"yoast_head":"<!-- This site is optimized with the Yoast SEO plugin v26.5 - https:\/\/yoast.com\/wordpress\/plugins\/seo\/ -->\n<title>Ampel verletzt Klimagesetz: Deutschland wird Klimaziele f\u00fcr 2030 deutlich verfehlen - Sonnenseite - \u00d6kologische Kommunikation mit Franz Alt<\/title>\n<meta name=\"description\" content=\"Das Umweltbundesamt ver\u00f6ffentlicht heute den Projektionsbericht 2023. Demnach wird Deutschland die bis 2030 erlaubten CO2-Emissionen um bis zu 331\" \/>\n<meta name=\"robots\" content=\"index, follow, max-snippet:-1, max-image-preview:large, max-video-preview:-1\" \/>\n<link rel=\"canonical\" href=\"https:\/\/www.sonnenseite.com\/de\/politik\/ampel-verletzt-klimagesetz-deutschland-wird-klimaziele-fuer-2030-deutlich-verfehlen\/\" \/>\n<meta property=\"og:locale\" content=\"de_DE\" \/>\n<meta property=\"og:type\" content=\"article\" \/>\n<meta property=\"og:title\" content=\"Ampel verletzt Klimagesetz: Deutschland wird Klimaziele f\u00fcr 2030 deutlich verfehlen - Sonnenseite - \u00d6kologische Kommunikation mit Franz Alt\" \/>\n<meta property=\"og:description\" content=\"Das Umweltbundesamt ver\u00f6ffentlicht heute den Projektionsbericht 2023. Demnach wird Deutschland die bis 2030 erlaubten CO2-Emissionen um bis zu 331\" \/>\n<meta property=\"og:url\" content=\"https:\/\/www.sonnenseite.com\/de\/politik\/ampel-verletzt-klimagesetz-deutschland-wird-klimaziele-fuer-2030-deutlich-verfehlen\/\" \/>\n<meta property=\"og:site_name\" content=\"Sonnenseite\" \/>\n<meta property=\"article:publisher\" content=\"https:\/\/www.facebook.com\/pages\/Franz-Alt-SONNENSEITECOM\/221072987903953?fref=ts\" \/>\n<meta property=\"article:published_time\" content=\"2023-08-22T13:10:05+00:00\" \/>\n<meta property=\"article:modified_time\" content=\"2023-08-22T13:10:14+00:00\" \/>\n<meta property=\"og:image\" content=\"https:\/\/www.sonnenseite.com\/wp-content\/uploads\/2023\/02\/Verkehr_oeffentlich_MichaelGaida.jpg\" \/>\n\t<meta property=\"og:image:width\" content=\"770\" \/>\n\t<meta property=\"og:image:height\" content=\"420\" \/>\n\t<meta property=\"og:image:type\" content=\"image\/jpeg\" \/>\n<meta name=\"author\" content=\"Bigi Alt\" \/>\n<meta name=\"twitter:card\" content=\"summary_large_image\" \/>\n<meta name=\"twitter:creator\" content=\"@franzalt\" \/>\n<meta name=\"twitter:site\" content=\"@franzalt\" \/>\n<meta name=\"twitter:label1\" content=\"Verfasst von\" \/>\n\t<meta name=\"twitter:data1\" content=\"Bigi Alt\" \/>\n\t<meta name=\"twitter:label2\" content=\"Gesch\u00e4tzte Lesezeit\" \/>\n\t<meta name=\"twitter:data2\" content=\"5\u00a0Minuten\" \/>\n<script type=\"application\/ld+json\" class=\"yoast-schema-graph\">{\"@context\":\"https:\/\/schema.org\",\"@graph\":[{\"@type\":\"Article\",\"@id\":\"https:\/\/www.sonnenseite.com\/de\/politik\/ampel-verletzt-klimagesetz-deutschland-wird-klimaziele-fuer-2030-deutlich-verfehlen\/#article\",\"isPartOf\":{\"@id\":\"https:\/\/www.sonnenseite.com\/de\/politik\/ampel-verletzt-klimagesetz-deutschland-wird-klimaziele-fuer-2030-deutlich-verfehlen\/\"},\"author\":{\"name\":\"Bigi Alt\",\"@id\":\"https:\/\/www.sonnenseite.com\/de\/#\/schema\/person\/50fda0e926597684c7cc6695238a4eb9\"},\"headline\":\"Ampel verletzt Klimagesetz: Deutschland wird Klimaziele f\u00fcr 2030 deutlich verfehlen\",\"datePublished\":\"2023-08-22T13:10:05+00:00\",\"dateModified\":\"2023-08-22T13:10:14+00:00\",\"mainEntityOfPage\":{\"@id\":\"https:\/\/www.sonnenseite.com\/de\/politik\/ampel-verletzt-klimagesetz-deutschland-wird-klimaziele-fuer-2030-deutlich-verfehlen\/\"},\"wordCount\":928,\"publisher\":{\"@id\":\"https:\/\/www.sonnenseite.com\/de\/#organization\"},\"image\":{\"@id\":\"https:\/\/www.sonnenseite.com\/de\/politik\/ampel-verletzt-klimagesetz-deutschland-wird-klimaziele-fuer-2030-deutlich-verfehlen\/#primaryimage\"},\"thumbnailUrl\":\"https:\/\/www.sonnenseite.com\/wp-content\/uploads\/2023\/02\/Verkehr_oeffentlich_MichaelGaida.jpg\",\"articleSection\":[\"Politik\"],\"inLanguage\":\"de\"},{\"@type\":\"WebPage\",\"@id\":\"https:\/\/www.sonnenseite.com\/de\/politik\/ampel-verletzt-klimagesetz-deutschland-wird-klimaziele-fuer-2030-deutlich-verfehlen\/\",\"url\":\"https:\/\/www.sonnenseite.com\/de\/politik\/ampel-verletzt-klimagesetz-deutschland-wird-klimaziele-fuer-2030-deutlich-verfehlen\/\",\"name\":\"Ampel verletzt Klimagesetz: Deutschland wird Klimaziele f\u00fcr 2030 deutlich verfehlen - Sonnenseite - \u00d6kologische Kommunikation mit Franz Alt\",\"isPartOf\":{\"@id\":\"https:\/\/www.sonnenseite.com\/de\/#website\"},\"primaryImageOfPage\":{\"@id\":\"https:\/\/www.sonnenseite.com\/de\/politik\/ampel-verletzt-klimagesetz-deutschland-wird-klimaziele-fuer-2030-deutlich-verfehlen\/#primaryimage\"},\"image\":{\"@id\":\"https:\/\/www.sonnenseite.com\/de\/politik\/ampel-verletzt-klimagesetz-deutschland-wird-klimaziele-fuer-2030-deutlich-verfehlen\/#primaryimage\"},\"thumbnailUrl\":\"https:\/\/www.sonnenseite.com\/wp-content\/uploads\/2023\/02\/Verkehr_oeffentlich_MichaelGaida.jpg\",\"datePublished\":\"2023-08-22T13:10:05+00:00\",\"dateModified\":\"2023-08-22T13:10:14+00:00\",\"description\":\"Das Umweltbundesamt ver\u00f6ffentlicht heute den Projektionsbericht 2023. Demnach wird Deutschland die bis 2030 erlaubten CO2-Emissionen um bis zu 331\",\"breadcrumb\":{\"@id\":\"https:\/\/www.sonnenseite.com\/de\/politik\/ampel-verletzt-klimagesetz-deutschland-wird-klimaziele-fuer-2030-deutlich-verfehlen\/#breadcrumb\"},\"inLanguage\":\"de\",\"potentialAction\":[{\"@type\":\"ReadAction\",\"target\":[\"https:\/\/www.sonnenseite.com\/de\/politik\/ampel-verletzt-klimagesetz-deutschland-wird-klimaziele-fuer-2030-deutlich-verfehlen\/\"]}]},{\"@type\":\"ImageObject\",\"inLanguage\":\"de\",\"@id\":\"https:\/\/www.sonnenseite.com\/de\/politik\/ampel-verletzt-klimagesetz-deutschland-wird-klimaziele-fuer-2030-deutlich-verfehlen\/#primaryimage\",\"url\":\"https:\/\/www.sonnenseite.com\/wp-content\/uploads\/2023\/02\/Verkehr_oeffentlich_MichaelGaida.jpg\",\"contentUrl\":\"https:\/\/www.sonnenseite.com\/wp-content\/uploads\/2023\/02\/Verkehr_oeffentlich_MichaelGaida.jpg\",\"width\":770,\"height\":420,\"caption\":\"pixabay.com | Michael Gaida | Die EU-Staaten sollen den \u00f6ffentlichen Verkehr g\u00fcnstiger machen, um schneller vom \u00d6l wegzukommen.\"},{\"@type\":\"BreadcrumbList\",\"@id\":\"https:\/\/www.sonnenseite.com\/de\/politik\/ampel-verletzt-klimagesetz-deutschland-wird-klimaziele-fuer-2030-deutlich-verfehlen\/#breadcrumb\",\"itemListElement\":[{\"@type\":\"ListItem\",\"position\":1,\"name\":\"Startseite\",\"item\":\"https:\/\/www.sonnenseite.com\/de\/\"},{\"@type\":\"ListItem\",\"position\":2,\"name\":\"Ampel verletzt Klimagesetz: Deutschland wird Klimaziele f\u00fcr 2030 deutlich verfehlen\"}]},{\"@type\":\"WebSite\",\"@id\":\"https:\/\/www.sonnenseite.com\/de\/#website\",\"url\":\"https:\/\/www.sonnenseite.com\/de\/\",\"name\":\"Sonnenseite\",\"description\":\"\u00d6kologische Kommunikation mit Franz Alt\",\"publisher\":{\"@id\":\"https:\/\/www.sonnenseite.com\/de\/#organization\"},\"potentialAction\":[{\"@type\":\"SearchAction\",\"target\":{\"@type\":\"EntryPoint\",\"urlTemplate\":\"https:\/\/www.sonnenseite.com\/de\/?s={search_term_string}\"},\"query-input\":{\"@type\":\"PropertyValueSpecification\",\"valueRequired\":true,\"valueName\":\"search_term_string\"}}],\"inLanguage\":\"de\"},{\"@type\":\"Organization\",\"@id\":\"https:\/\/www.sonnenseite.com\/de\/#organization\",\"name\":\"Sonnenseite\",\"url\":\"https:\/\/www.sonnenseite.com\/de\/\",\"logo\":{\"@type\":\"ImageObject\",\"inLanguage\":\"de\",\"@id\":\"https:\/\/www.sonnenseite.com\/de\/#\/schema\/logo\/image\/\",\"url\":\"https:\/\/www.sonnenseite.com\/wp-content\/uploads\/2020\/05\/Sonnenseite_Logo.png\",\"contentUrl\":\"https:\/\/www.sonnenseite.com\/wp-content\/uploads\/2020\/05\/Sonnenseite_Logo.png\",\"width\":377,\"height\":90,\"caption\":\"Sonnenseite\"},\"image\":{\"@id\":\"https:\/\/www.sonnenseite.com\/de\/#\/schema\/logo\/image\/\"},\"sameAs\":[\"https:\/\/www.facebook.com\/pages\/Franz-Alt-SONNENSEITECOM\/221072987903953?fref=ts\",\"https:\/\/x.com\/franzalt\",\"http:\/\/www.youtube.com\/results?search_query&amp;amp;quot;franz_alt&amp;amp;quot;&amp;amp;amp;amp;search_type&amp;amp;amp;amp;aq=f\"]},{\"@type\":\"Person\",\"@id\":\"https:\/\/www.sonnenseite.com\/de\/#\/schema\/person\/50fda0e926597684c7cc6695238a4eb9\",\"name\":\"Bigi Alt\"}]}<\/script>\n<!-- \/ Yoast SEO plugin. -->","yoast_head_json":{"title":"Ampel verletzt Klimagesetz: Deutschland wird Klimaziele f\u00fcr 2030 deutlich verfehlen - Sonnenseite - \u00d6kologische Kommunikation mit Franz Alt","description":"Das Umweltbundesamt ver\u00f6ffentlicht heute den Projektionsbericht 2023. Demnach wird Deutschland die bis 2030 erlaubten CO2-Emissionen um bis zu 331","robots":{"index":"index","follow":"follow","max-snippet":"max-snippet:-1","max-image-preview":"max-image-preview:large","max-video-preview":"max-video-preview:-1"},"canonical":"https:\/\/www.sonnenseite.com\/de\/politik\/ampel-verletzt-klimagesetz-deutschland-wird-klimaziele-fuer-2030-deutlich-verfehlen\/","og_locale":"de_DE","og_type":"article","og_title":"Ampel verletzt Klimagesetz: Deutschland wird Klimaziele f\u00fcr 2030 deutlich verfehlen - Sonnenseite - \u00d6kologische Kommunikation mit Franz Alt","og_description":"Das Umweltbundesamt ver\u00f6ffentlicht heute den Projektionsbericht 2023. Demnach wird Deutschland die bis 2030 erlaubten CO2-Emissionen um bis zu 331","og_url":"https:\/\/www.sonnenseite.com\/de\/politik\/ampel-verletzt-klimagesetz-deutschland-wird-klimaziele-fuer-2030-deutlich-verfehlen\/","og_site_name":"Sonnenseite","article_publisher":"https:\/\/www.facebook.com\/pages\/Franz-Alt-SONNENSEITECOM\/221072987903953?fref=ts","article_published_time":"2023-08-22T13:10:05+00:00","article_modified_time":"2023-08-22T13:10:14+00:00","og_image":[{"width":770,"height":420,"url":"https:\/\/www.sonnenseite.com\/wp-content\/uploads\/2023\/02\/Verkehr_oeffentlich_MichaelGaida.jpg","type":"image\/jpeg"}],"author":"Bigi Alt","twitter_card":"summary_large_image","twitter_creator":"@franzalt","twitter_site":"@franzalt","twitter_misc":{"Verfasst von":"Bigi Alt","Gesch\u00e4tzte Lesezeit":"5\u00a0Minuten"},"schema":{"@context":"https:\/\/schema.org","@graph":[{"@type":"Article","@id":"https:\/\/www.sonnenseite.com\/de\/politik\/ampel-verletzt-klimagesetz-deutschland-wird-klimaziele-fuer-2030-deutlich-verfehlen\/#article","isPartOf":{"@id":"https:\/\/www.sonnenseite.com\/de\/politik\/ampel-verletzt-klimagesetz-deutschland-wird-klimaziele-fuer-2030-deutlich-verfehlen\/"},"author":{"name":"Bigi Alt","@id":"https:\/\/www.sonnenseite.com\/de\/#\/schema\/person\/50fda0e926597684c7cc6695238a4eb9"},"headline":"Ampel verletzt Klimagesetz: Deutschland wird Klimaziele f\u00fcr 2030 deutlich verfehlen","datePublished":"2023-08-22T13:10:05+00:00","dateModified":"2023-08-22T13:10:14+00:00","mainEntityOfPage":{"@id":"https:\/\/www.sonnenseite.com\/de\/politik\/ampel-verletzt-klimagesetz-deutschland-wird-klimaziele-fuer-2030-deutlich-verfehlen\/"},"wordCount":928,"publisher":{"@id":"https:\/\/www.sonnenseite.com\/de\/#organization"},"image":{"@id":"https:\/\/www.sonnenseite.com\/de\/politik\/ampel-verletzt-klimagesetz-deutschland-wird-klimaziele-fuer-2030-deutlich-verfehlen\/#primaryimage"},"thumbnailUrl":"https:\/\/www.sonnenseite.com\/wp-content\/uploads\/2023\/02\/Verkehr_oeffentlich_MichaelGaida.jpg","articleSection":["Politik"],"inLanguage":"de"},{"@type":"WebPage","@id":"https:\/\/www.sonnenseite.com\/de\/politik\/ampel-verletzt-klimagesetz-deutschland-wird-klimaziele-fuer-2030-deutlich-verfehlen\/","url":"https:\/\/www.sonnenseite.com\/de\/politik\/ampel-verletzt-klimagesetz-deutschland-wird-klimaziele-fuer-2030-deutlich-verfehlen\/","name":"Ampel verletzt Klimagesetz: Deutschland wird Klimaziele f\u00fcr 2030 deutlich verfehlen - Sonnenseite - \u00d6kologische Kommunikation mit Franz Alt","isPartOf":{"@id":"https:\/\/www.sonnenseite.com\/de\/#website"},"primaryImageOfPage":{"@id":"https:\/\/www.sonnenseite.com\/de\/politik\/ampel-verletzt-klimagesetz-deutschland-wird-klimaziele-fuer-2030-deutlich-verfehlen\/#primaryimage"},"image":{"@id":"https:\/\/www.sonnenseite.com\/de\/politik\/ampel-verletzt-klimagesetz-deutschland-wird-klimaziele-fuer-2030-deutlich-verfehlen\/#primaryimage"},"thumbnailUrl":"https:\/\/www.sonnenseite.com\/wp-content\/uploads\/2023\/02\/Verkehr_oeffentlich_MichaelGaida.jpg","datePublished":"2023-08-22T13:10:05+00:00","dateModified":"2023-08-22T13:10:14+00:00","description":"Das Umweltbundesamt ver\u00f6ffentlicht heute den Projektionsbericht 2023. Demnach wird Deutschland die bis 2030 erlaubten CO2-Emissionen um bis zu 331","breadcrumb":{"@id":"https:\/\/www.sonnenseite.com\/de\/politik\/ampel-verletzt-klimagesetz-deutschland-wird-klimaziele-fuer-2030-deutlich-verfehlen\/#breadcrumb"},"inLanguage":"de","potentialAction":[{"@type":"ReadAction","target":["https:\/\/www.sonnenseite.com\/de\/politik\/ampel-verletzt-klimagesetz-deutschland-wird-klimaziele-fuer-2030-deutlich-verfehlen\/"]}]},{"@type":"ImageObject","inLanguage":"de","@id":"https:\/\/www.sonnenseite.com\/de\/politik\/ampel-verletzt-klimagesetz-deutschland-wird-klimaziele-fuer-2030-deutlich-verfehlen\/#primaryimage","url":"https:\/\/www.sonnenseite.com\/wp-content\/uploads\/2023\/02\/Verkehr_oeffentlich_MichaelGaida.jpg","contentUrl":"https:\/\/www.sonnenseite.com\/wp-content\/uploads\/2023\/02\/Verkehr_oeffentlich_MichaelGaida.jpg","width":770,"height":420,"caption":"pixabay.com | Michael Gaida | Die EU-Staaten sollen den \u00f6ffentlichen Verkehr g\u00fcnstiger machen, um schneller vom \u00d6l wegzukommen."},{"@type":"BreadcrumbList","@id":"https:\/\/www.sonnenseite.com\/de\/politik\/ampel-verletzt-klimagesetz-deutschland-wird-klimaziele-fuer-2030-deutlich-verfehlen\/#breadcrumb","itemListElement":[{"@type":"ListItem","position":1,"name":"Startseite","item":"https:\/\/www.sonnenseite.com\/de\/"},{"@type":"ListItem","position":2,"name":"Ampel verletzt Klimagesetz: Deutschland wird Klimaziele f\u00fcr 2030 deutlich verfehlen"}]},{"@type":"WebSite","@id":"https:\/\/www.sonnenseite.com\/de\/#website","url":"https:\/\/www.sonnenseite.com\/de\/","name":"Sonnenseite","description":"\u00d6kologische Kommunikation mit Franz Alt","publisher":{"@id":"https:\/\/www.sonnenseite.com\/de\/#organization"},"potentialAction":[{"@type":"SearchAction","target":{"@type":"EntryPoint","urlTemplate":"https:\/\/www.sonnenseite.com\/de\/?s={search_term_string}"},"query-input":{"@type":"PropertyValueSpecification","valueRequired":true,"valueName":"search_term_string"}}],"inLanguage":"de"},{"@type":"Organization","@id":"https:\/\/www.sonnenseite.com\/de\/#organization","name":"Sonnenseite","url":"https:\/\/www.sonnenseite.com\/de\/","logo":{"@type":"ImageObject","inLanguage":"de","@id":"https:\/\/www.sonnenseite.com\/de\/#\/schema\/logo\/image\/","url":"https:\/\/www.sonnenseite.com\/wp-content\/uploads\/2020\/05\/Sonnenseite_Logo.png","contentUrl":"https:\/\/www.sonnenseite.com\/wp-content\/uploads\/2020\/05\/Sonnenseite_Logo.png","width":377,"height":90,"caption":"Sonnenseite"},"image":{"@id":"https:\/\/www.sonnenseite.com\/de\/#\/schema\/logo\/image\/"},"sameAs":["https:\/\/www.facebook.com\/pages\/Franz-Alt-SONNENSEITECOM\/221072987903953?fref=ts","https:\/\/x.com\/franzalt","http:\/\/www.youtube.com\/results?search_query&amp;amp;quot;franz_alt&amp;amp;quot;&amp;amp;amp;amp;search_type&amp;amp;amp;amp;aq=f"]},{"@type":"Person","@id":"https:\/\/www.sonnenseite.com\/de\/#\/schema\/person\/50fda0e926597684c7cc6695238a4eb9","name":"Bigi Alt"}]}},"_links":{"self":[{"href":"https:\/\/www.sonnenseite.com\/de\/wp-json\/wp\/v2\/posts\/93488","targetHints":{"allow":["GET"]}}],"collection":[{"href":"https:\/\/www.sonnenseite.com\/de\/wp-json\/wp\/v2\/posts"}],"about":[{"href":"https:\/\/www.sonnenseite.com\/de\/wp-json\/wp\/v2\/types\/post"}],"author":[{"embeddable":true,"href":"https:\/\/www.sonnenseite.com\/de\/wp-json\/wp\/v2\/users\/3"}],"replies":[{"embeddable":true,"href":"https:\/\/www.sonnenseite.com\/de\/wp-json\/wp\/v2\/comments?post=93488"}],"version-history":[{"count":3,"href":"https:\/\/www.sonnenseite.com\/de\/wp-json\/wp\/v2\/posts\/93488\/revisions"}],"predecessor-version":[{"id":93491,"href":"https:\/\/www.sonnenseite.com\/de\/wp-json\/wp\/v2\/posts\/93488\/revisions\/93491"}],"wp:featuredmedia":[{"embeddable":true,"href":"https:\/\/www.sonnenseite.com\/de\/wp-json\/wp\/v2\/media\/89037"}],"wp:attachment":[{"href":"https:\/\/www.sonnenseite.com\/de\/wp-json\/wp\/v2\/media?parent=93488"}],"wp:term":[{"taxonomy":"category","embeddable":true,"href":"https:\/\/www.sonnenseite.com\/de\/wp-json\/wp\/v2\/categories?post=93488"},{"taxonomy":"post_tag","embeddable":true,"href":"https:\/\/www.sonnenseite.com\/de\/wp-json\/wp\/v2\/tags?post=93488"}],"curies":[{"name":"wp","href":"https:\/\/api.w.org\/{rel}","templated":true}]}}