{"id":93581,"date":"2023-08-25T02:06:00","date_gmt":"2023-08-25T00:06:00","guid":{"rendered":"https:\/\/www.sonnenseite.com\/?p=93581"},"modified":"2023-08-27T09:59:53","modified_gmt":"2023-08-27T07:59:53","slug":"deutsche-umwelthilfe-unterstuetzt-erstmals-klage-von-mietern-gegen-verbot-von-balkonkraftwerken","status":"publish","type":"post","link":"https:\/\/www.sonnenseite.com\/de\/tipps\/deutsche-umwelthilfe-unterstuetzt-erstmals-klage-von-mietern-gegen-verbot-von-balkonkraftwerken\/","title":{"rendered":"Deutsche Umwelthilfe unterst\u00fctzt erstmals Klage von Mietern gegen Verbot von Balkonkraftwerken"},"content":{"rendered":"\n<p>Fall einer Mieterin und eines Mieters einer Wohnung in Kiel, denen ihr Balkonkraftwerk von der Hausverwaltung \u201eHaus &amp; Grund\u201c untersagt wird.<\/p>\n\n\n\n<p>Die Deutsche Umwelthilfe (DUH) unterst\u00fctzt eine Mieterin und einen Mieter einer Wohnung in Kiel bei ihrer Klage auf Genehmigung eines Balkonkraftwerks. Sie leiden wie viele Mieterinnen und Mieter in Deutschland darunter, dass ihnen die einfache Anbringung der Balkon-Solaranlage von ihrer Hausverwaltung \u201eHaus &amp; Grund\u201c mit unsachlichen und \u00fcberzogenen Forderungen untersagt wird. Nach Ansicht der DUH und der Klagenden ist diese Verz\u00f6gerungstaktik rechtsmissbr\u00e4uchlich: Die Energieerzeugung aus Erneuerbaren Energien besitzt l\u00e4ngst gesetzlich den Rang des \u201e\u00fcberragenden \u00f6ffentlichen Interesses\u201c, die Installation ist zudem r\u00fcckbaubar und absolut sicher. Es gibt keinen sachlich nachvollziehbaren Grund gegen das Balkonkraftwerk der Mietenden und ein solcher wird von der Hausverwaltung der Vermieterin auch nicht angef\u00fchrt.<br><br>Seit November 2022 versucht das klagende Paar, eine Erlaubnis von der Hausverwaltung zu erhalten. Zun\u00e4chst untersagte die Hausverwaltung die Anbringung aus optischen Gr\u00fcnden. Nach zwei weiteren Ersuchen sollten die Mieterin und der Mieter pl\u00f6tzlich unter anderem ein Gutachten zur Statik des Balkons, ein Brandschutz-Gutachten und die Pr\u00fcfung der gesamten Hauselektrik vorlegen \u2013 alles Dinge, die eigentlich in der Verantwortung der Vermieterin liegen. Durch diese v\u00f6llig \u00fcberzogenen Forderungen w\u00fcrde sich das ganze Projekt nicht mehr rentieren.<br><br>Matthias Weyland, Kl\u00e4ger aus Kiel: <em>\u201eWir wollen unseren Beitrag zur Energiewende leisten und gleichzeitig die steigenden Strompreise besser abfedern. Leider wird uns das von unserer Hausverwaltung bisher unm\u00f6glich gemacht. In den letzten Monaten ist bei uns der Eindruck entstanden, dass Haus &amp; Grund bewusst versucht, unser Anliegen mit absurden Forderungen und Nachweisen zu verz\u00f6gern. Wir waren fassungslos als wir festgestellt haben, dass Haus &amp; Grund hier immer wieder neue Forderungen erhebt, um unsere oder \u00e4hnliche Anfragen ins Leere laufen zu lassen. Wir lassen uns nicht l\u00e4nger ausbremsen, sondern werden nun von unserem Klagerecht Gebrauch machen. Wir hoffen, dass wir mit Unterst\u00fctzung der Deutschen Umwelthilfe f\u00fcr alle Verbraucherinnen und Verbraucher eine gerichtliche Klarstellung erwirken k\u00f6nnen.\u201c<\/em><br><br>Barbara Metz, Bundesgesch\u00e4ftsf\u00fchrerin der DUH: <em>\u201eDie zahlreichen F\u00f6rdert\u00f6pfe in verschiedenen Bundesl\u00e4ndern zur Finanzierung von Balkonsolarkraftwerken zeigen: Politikerinnen und Politiker haben die Notwendigkeit erkannt, viele Menschen an der Energiewende zu beteiligen \u2013 sie haben das allerdings nicht zu Ende gedacht. Denn die gr\u00f6\u00dfte H\u00fcrde ist immer noch, die Zustimmung der Eigent\u00fcmerinnen und Eigent\u00fcmer zu erhalten. Wir fordern Bundesjustizminister Buschmann auf, jetzt im Turbo die Anbringung von Balkonsolarmodulen als privilegierte Ma\u00dfnahme im Sinne des Klimaschutzes in Gesetzesform zu gie\u00dfen. Unser Rechtsstreit wird au\u00dferdem Klarheit bringen, welche Anforderungen an Mieterinnen und Mieter bei der Anbringung gestellt werden k\u00f6nnen oder eben auch nicht. Sonst m\u00fcssen Mieterinnen und Mieter jeden Einzelfall juristisch durchk\u00e4mpfen \u2013 wobei die wenigsten Betroffenen diese M\u00f6glichkeit haben. Das w\u00fcrde nicht nur die \u201aEnergiewende f\u00fcr alle\u2018 im Keim ersticken, sondern auch das gro\u00dfe Potential, dezentral saubere Energie zu erzeugen.\u201c<\/em><br><br>Dirk Legler, Rechtsanwalt und Partner bei Rechtsanw\u00e4lte G\u00fcnther: <em>\u201eDer Ausbau der Erneuerbaren Energien geht gerade im Geb\u00e4udesektor viel zu langsam voran. Aus Sicht des Klimaschutzes ist hier viel mehr zu tun. Zwar haben wir mittlerweile einen Referentenentwurf aus dem Wirtschafts- und Klimaschutzministerium, der vom Bundeskabinett auf den Weg gebracht wurde und weitreichende Vereinfachungen f\u00fcr Balkonkraftwerke bringen wird. Das Dilemma, dass viele Vermieterinnen und Vermieter die Installation eines Balkonkraftwerkes aus fadenscheinigen Gr\u00fcnden ablehnen, wird dadurch aber nicht adressiert. Hier sollte ein gerichtliches Verfahren mehr Sachlichkeit in die Diskussion bringen und dem Klimaschutz im Geb\u00e4udesektor mit rechtsstaatlichen Mitteln zum Erfolg verhelfen. Mein Credo: Ein Balkonkraftwerk sollte nur aus sachlichen Gr\u00fcnden abgelehnt werden d\u00fcrfen und genau danach sollten sich Vermieterinnen und Vermieter richten.\u201c<br><\/em><\/p>\n\n\n\n<h4 class=\"wp-block-heading\">Hintergrund:<\/h4>\n\n\n\n<p>Steckersolarger\u00e4te, sogenannte Balkonkraftwerke, f\u00fcr den Balkon, den Vorgarten, die Terrasse oder das Garagendach sind eine einfache und effektive M\u00f6glichkeit, Strom dezentral zu erzeugen, steigende Strompreise abzufedern und den eigenen Klima-Fu\u00dfabdruck zu senken. Neben der unmittelbaren Kostenersparnis k\u00f6nnen Balkonkraftwerke auch zu einer h\u00f6heren Sensibilisierung der Nutzerinnen und Nutzer in Bezug auf den eigenen Stromverbrauch beitragen. Dies kann zu langfristigen Verhaltens\u00e4nderungen f\u00fchren. Nicht zuletzt sind Balkonkraftwerke geeignet, um die Akzeptanz f\u00fcr die Energiewende in der Breite der Bev\u00f6lkerung hochzuhalten und schaffen das auch, wie aktuelle Zahlen zeigen. In Deutschland sind 230.000 Anlagen registriert. Davon wurden alleine in diesem Jahr 137.000 in Betrieb genommen. Die DUH geht sch\u00e4tzungsweise von einer halben Million installierter Anlagen aus und das Potential ist gro\u00df. Von 43 Millionen Wohnungen sind ca. 20 Millionen Haushalte f\u00fcr ein Balkonkraftwerk geeignet. Allein damit k\u00f6nnten j\u00e4hrlich 3,6 Millionen Tonnen CO2 eingespart werden, bis 2030 25 Millionen Tonnen CO2.<\/p>\n\n\n\n<ul class=\"wp-block-list\">\n<li><a href=\"https:\/\/www.duh.de\/fileadmin\/user_upload\/download\/Pressemitteilungen\/Kommunal\/230824_DUH_BKW_Klage.pdf\" target=\"_blank\" rel=\"noreferrer noopener\">230824_DUH_BKW_Klage<\/a><\/li>\n<\/ul>\n\n\n<h5 class=\"green\">Quelle<\/h5>\r\n\n\n\n<p><a href=\"http:\/\/www.duh.de\">Deutsche Umwelthilfe 2023<\/a><\/p>\n<div class=\"shariff shariff-align-flex-start shariff-widget-align-flex-start\"><div class=\"ShariffHeadline\">Diese Meldung teilen<\/div><ul class=\"shariff-buttons theme-round orientation-horizontal buttonsize-medium\"><li class=\"shariff-button facebook shariff-nocustomcolor\" style=\"background-color:#4273c8;border-radius:1%\"><a href=\"https:\/\/www.facebook.com\/sharer\/sharer.php?u=https%3A%2F%2Fwww.sonnenseite.com%2Fde%2Ftipps%2Fdeutsche-umwelthilfe-unterstuetzt-erstmals-klage-von-mietern-gegen-verbot-von-balkonkraftwerken%2F\" title=\"Bei Facebook teilen\" aria-label=\"Bei Facebook teilen\" role=\"button\" rel=\"nofollow\" class=\"shariff-link\" style=\";border-radius:1%; background-color:#3b5998; color:#fff\" target=\"_blank\"><span class=\"shariff-icon\" style=\"\"><svg width=\"32px\" height=\"20px\" xmlns=\"http:\/\/www.w3.org\/2000\/svg\" viewBox=\"0 0 18 32\"><path fill=\"#3b5998\" d=\"M17.1 0.2v4.7h-2.8q-1.5 0-2.1 0.6t-0.5 1.9v3.4h5.2l-0.7 5.3h-4.5v13.6h-5.5v-13.6h-4.5v-5.3h4.5v-3.9q0-3.3 1.9-5.2t5-1.8q2.6 0 4.1 0.2z\"\/><\/svg><\/span><\/a><\/li><li class=\"shariff-button twitter shariff-nocustomcolor\" style=\"background-color:#595959;border-radius:1%\"><a href=\"https:\/\/twitter.com\/share?url=https%3A%2F%2Fwww.sonnenseite.com%2Fde%2Ftipps%2Fdeutsche-umwelthilfe-unterstuetzt-erstmals-klage-von-mietern-gegen-verbot-von-balkonkraftwerken%2F&text=Deutsche%20Umwelthilfe%20unterst%C3%BCtzt%20erstmals%20Klage%20von%20Mietern%20gegen%20Verbot%20von%20Balkonkraftwerken\" title=\"Bei X teilen\" aria-label=\"Bei X teilen\" role=\"button\" rel=\"noopener nofollow\" class=\"shariff-link\" style=\";border-radius:1%; background-color:#000; color:#fff\" target=\"_blank\"><span class=\"shariff-icon\" style=\"\"><svg width=\"32px\" height=\"20px\" xmlns=\"http:\/\/www.w3.org\/2000\/svg\" viewBox=\"0 0 24 24\"><path fill=\"#000\" d=\"M14.258 10.152L23.176 0h-2.113l-7.747 8.813L7.133 0H0l9.352 13.328L0 23.973h2.113l8.176-9.309 6.531 9.309h7.133zm-2.895 3.293l-.949-1.328L2.875 1.56h3.246l6.086 8.523.945 1.328 7.91 11.078h-3.246zm0 0\"\/><\/svg><\/span><\/a><\/li><li class=\"shariff-button xing shariff-nocustomcolor\" style=\"background-color:#29888a;border-radius:1%\"><a href=\"https:\/\/www.xing.com\/spi\/shares\/new?url=https%3A%2F%2Fwww.sonnenseite.com%2Fde%2Ftipps%2Fdeutsche-umwelthilfe-unterstuetzt-erstmals-klage-von-mietern-gegen-verbot-von-balkonkraftwerken%2F\" title=\"Bei XING teilen\" aria-label=\"Bei XING teilen\" role=\"button\" rel=\"noopener nofollow\" class=\"shariff-link\" style=\";border-radius:1%; background-color:#126567; color:#fff\" target=\"_blank\"><span class=\"shariff-icon\" style=\"\"><svg width=\"32px\" height=\"20px\" xmlns=\"http:\/\/www.w3.org\/2000\/svg\" viewBox=\"0 0 25 32\"><path fill=\"#126567\" d=\"M10.7 11.9q-0.2 0.3-4.6 8.2-0.5 0.8-1.2 0.8h-4.3q-0.4 0-0.5-0.3t0-0.6l4.5-8q0 0 0 0l-2.9-5q-0.2-0.4 0-0.7 0.2-0.3 0.5-0.3h4.3q0.7 0 1.2 0.8zM25.1 0.4q0.2 0.3 0 0.7l-9.4 16.7 6 11q0.2 0.4 0 0.6-0.2 0.3-0.6 0.3h-4.3q-0.7 0-1.2-0.8l-6-11.1q0.3-0.6 9.5-16.8 0.4-0.8 1.2-0.8h4.3q0.4 0 0.5 0.3z\"\/><\/svg><\/span><\/a><\/li><li class=\"shariff-button linkedin shariff-nocustomcolor\" style=\"background-color:#1488bf;border-radius:1%\"><a href=\"https:\/\/www.linkedin.com\/sharing\/share-offsite\/?url=https%3A%2F%2Fwww.sonnenseite.com%2Fde%2Ftipps%2Fdeutsche-umwelthilfe-unterstuetzt-erstmals-klage-von-mietern-gegen-verbot-von-balkonkraftwerken%2F\" title=\"Bei LinkedIn teilen\" aria-label=\"Bei LinkedIn teilen\" role=\"button\" rel=\"noopener nofollow\" class=\"shariff-link\" style=\";border-radius:1%; background-color:#0077b5; color:#fff\" target=\"_blank\"><span class=\"shariff-icon\" style=\"\"><svg width=\"32px\" height=\"20px\" xmlns=\"http:\/\/www.w3.org\/2000\/svg\" viewBox=\"0 0 27 32\"><path fill=\"#0077b5\" d=\"M6.2 11.2v17.7h-5.9v-17.7h5.9zM6.6 5.7q0 1.3-0.9 2.2t-2.4 0.9h0q-1.5 0-2.4-0.9t-0.9-2.2 0.9-2.2 2.4-0.9 2.4 0.9 0.9 2.2zM27.4 18.7v10.1h-5.9v-9.5q0-1.9-0.7-2.9t-2.3-1.1q-1.1 0-1.9 0.6t-1.2 1.5q-0.2 0.5-0.2 1.4v9.9h-5.9q0-7.1 0-11.6t0-5.3l0-0.9h5.9v2.6h0q0.4-0.6 0.7-1t1-0.9 1.6-0.8 2-0.3q3 0 4.9 2t1.9 6z\"\/><\/svg><\/span><\/a><\/li><li class=\"shariff-button printer shariff-nocustomcolor\" style=\"background-color:#a8a8a8;border-radius:1%\"><a href=\"javascript:window.print()\" title=\"drucken\" aria-label=\"drucken\" role=\"button\" rel=\"noopener nofollow\" class=\"shariff-link\" style=\";border-radius:1%; background-color:#999; color:#fff\"><span class=\"shariff-icon\" style=\"\"><svg width=\"32px\" height=\"20px\" xmlns=\"http:\/\/www.w3.org\/2000\/svg\" viewBox=\"0 0 30 32\"><path fill=\"#999\" d=\"M6.8 27.4h16v-4.6h-16v4.6zM6.8 16h16v-6.8h-2.8q-0.7 0-1.2-0.5t-0.5-1.2v-2.8h-11.4v11.4zM27.4 17.2q0-0.5-0.3-0.8t-0.8-0.4-0.8 0.4-0.3 0.8 0.3 0.8 0.8 0.3 0.8-0.3 0.3-0.8zM29.7 17.2v7.4q0 0.2-0.2 0.4t-0.4 0.2h-4v2.8q0 0.7-0.5 1.2t-1.2 0.5h-17.2q-0.7 0-1.2-0.5t-0.5-1.2v-2.8h-4q-0.2 0-0.4-0.2t-0.2-0.4v-7.4q0-1.4 1-2.4t2.4-1h1.2v-9.7q0-0.7 0.5-1.2t1.2-0.5h12q0.7 0 1.6 0.4t1.3 0.8l2.7 2.7q0.5 0.5 0.9 1.4t0.4 1.6v4.6h1.1q1.4 0 2.4 1t1 2.4z\"\/><\/svg><\/span><\/a><\/li><li class=\"shariff-button mailto shariff-nocustomcolor\" style=\"background-color:#a8a8a8;border-radius:1%\"><a href=\"mailto:?body=https%3A%2F%2Fwww.sonnenseite.com%2Fde%2Ftipps%2Fdeutsche-umwelthilfe-unterstuetzt-erstmals-klage-von-mietern-gegen-verbot-von-balkonkraftwerken%2F&subject=Deutsche%20Umwelthilfe%20unterst%C3%BCtzt%20erstmals%20Klage%20von%20Mietern%20gegen%20Verbot%20von%20Balkonkraftwerken\" title=\"Per E-Mail versenden\" aria-label=\"Per E-Mail versenden\" role=\"button\" rel=\"noopener nofollow\" class=\"shariff-link\" style=\";border-radius:1%; background-color:#999; color:#fff\"><span class=\"shariff-icon\" style=\"\"><svg width=\"32px\" height=\"20px\" xmlns=\"http:\/\/www.w3.org\/2000\/svg\" viewBox=\"0 0 32 32\"><path fill=\"#999\" d=\"M32 12.7v14.2q0 1.2-0.8 2t-2 0.9h-26.3q-1.2 0-2-0.9t-0.8-2v-14.2q0.8 0.9 1.8 1.6 6.5 4.4 8.9 6.1 1 0.8 1.6 1.2t1.7 0.9 2 0.4h0.1q0.9 0 2-0.4t1.7-0.9 1.6-1.2q3-2.2 8.9-6.1 1-0.7 1.8-1.6zM32 7.4q0 1.4-0.9 2.7t-2.2 2.2q-6.7 4.7-8.4 5.8-0.2 0.1-0.7 0.5t-1 0.7-0.9 0.6-1.1 0.5-0.9 0.2h-0.1q-0.4 0-0.9-0.2t-1.1-0.5-0.9-0.6-1-0.7-0.7-0.5q-1.6-1.1-4.7-3.2t-3.6-2.6q-1.1-0.7-2.1-2t-1-2.5q0-1.4 0.7-2.3t2.1-0.9h26.3q1.2 0 2 0.8t0.9 2z\"\/><\/svg><\/span><\/a><\/li><\/ul><\/div>","protected":false},"excerpt":{"rendered":"<p>Fall einer Mieterin und eines Mieters einer Wohnung in Kiel, denen ihr Balkonkraftwerk von der Hausverwaltung [&hellip;]<\/p>\n","protected":false},"author":3,"featured_media":6621,"comment_status":"closed","ping_status":"closed","sticky":false,"template":"","format":"standard","meta":{"inline_featured_image":false,"footnotes":""},"categories":[28],"tags":[],"class_list":["post-93581","post","type-post","status-publish","format-standard","has-post-thumbnail","hentry","category-tipps"],"yoast_head":"<!-- This site is optimized with the Yoast SEO plugin v26.5 - https:\/\/yoast.com\/wordpress\/plugins\/seo\/ -->\n<title>Deutsche Umwelthilfe unterst\u00fctzt erstmals Klage von Mietern gegen Verbot von Balkonkraftwerken - Sonnenseite - \u00d6kologische Kommunikation mit Franz Alt<\/title>\n<meta name=\"description\" content=\"Fall einer Mieterin und eines Mieters einer Wohnung in Kiel, denen ihr Balkonkraftwerk von der Hausverwaltung \u201eHaus &amp; Grund\u201c untersagt wird. Die\" \/>\n<meta name=\"robots\" content=\"index, follow, max-snippet:-1, max-image-preview:large, max-video-preview:-1\" \/>\n<link rel=\"canonical\" href=\"https:\/\/www.sonnenseite.com\/de\/tipps\/deutsche-umwelthilfe-unterstuetzt-erstmals-klage-von-mietern-gegen-verbot-von-balkonkraftwerken\/\" \/>\n<meta property=\"og:locale\" content=\"de_DE\" \/>\n<meta property=\"og:type\" content=\"article\" \/>\n<meta property=\"og:title\" content=\"Deutsche Umwelthilfe unterst\u00fctzt erstmals Klage von Mietern gegen Verbot von Balkonkraftwerken - Sonnenseite - \u00d6kologische Kommunikation mit Franz Alt\" \/>\n<meta property=\"og:description\" content=\"Fall einer Mieterin und eines Mieters einer Wohnung in Kiel, denen ihr Balkonkraftwerk von der Hausverwaltung \u201eHaus &amp; Grund\u201c untersagt wird. Die\" \/>\n<meta property=\"og:url\" content=\"https:\/\/www.sonnenseite.com\/de\/tipps\/deutsche-umwelthilfe-unterstuetzt-erstmals-klage-von-mietern-gegen-verbot-von-balkonkraftwerken\/\" \/>\n<meta property=\"og:site_name\" content=\"Sonnenseite\" \/>\n<meta property=\"article:publisher\" content=\"https:\/\/www.facebook.com\/pages\/Franz-Alt-SONNENSEITECOM\/221072987903953?fref=ts\" \/>\n<meta property=\"article:published_time\" content=\"2023-08-25T00:06:00+00:00\" \/>\n<meta property=\"article:modified_time\" content=\"2023-08-27T07:59:53+00:00\" \/>\n<meta property=\"og:image\" content=\"https:\/\/www.sonnenseite.com\/wp-content\/uploads\/2019\/09\/Solaranlage_Balkon_SandraZuerlein.jpg\" \/>\n\t<meta property=\"og:image:width\" content=\"770\" \/>\n\t<meta property=\"og:image:height\" content=\"420\" \/>\n\t<meta property=\"og:image:type\" content=\"image\/jpeg\" \/>\n<meta name=\"author\" content=\"Bigi Alt\" \/>\n<meta name=\"twitter:card\" content=\"summary_large_image\" \/>\n<meta name=\"twitter:creator\" content=\"@franzalt\" \/>\n<meta name=\"twitter:site\" content=\"@franzalt\" \/>\n<meta name=\"twitter:label1\" content=\"Verfasst von\" \/>\n\t<meta name=\"twitter:data1\" content=\"Bigi Alt\" \/>\n\t<meta name=\"twitter:label2\" content=\"Gesch\u00e4tzte Lesezeit\" \/>\n\t<meta name=\"twitter:data2\" content=\"5\u00a0Minuten\" \/>\n<script type=\"application\/ld+json\" class=\"yoast-schema-graph\">{\"@context\":\"https:\/\/schema.org\",\"@graph\":[{\"@type\":\"Article\",\"@id\":\"https:\/\/www.sonnenseite.com\/de\/tipps\/deutsche-umwelthilfe-unterstuetzt-erstmals-klage-von-mietern-gegen-verbot-von-balkonkraftwerken\/#article\",\"isPartOf\":{\"@id\":\"https:\/\/www.sonnenseite.com\/de\/tipps\/deutsche-umwelthilfe-unterstuetzt-erstmals-klage-von-mietern-gegen-verbot-von-balkonkraftwerken\/\"},\"author\":{\"name\":\"Bigi Alt\",\"@id\":\"https:\/\/www.sonnenseite.com\/de\/#\/schema\/person\/50fda0e926597684c7cc6695238a4eb9\"},\"headline\":\"Deutsche Umwelthilfe unterst\u00fctzt erstmals Klage von Mietern gegen Verbot von Balkonkraftwerken\",\"datePublished\":\"2023-08-25T00:06:00+00:00\",\"dateModified\":\"2023-08-27T07:59:53+00:00\",\"mainEntityOfPage\":{\"@id\":\"https:\/\/www.sonnenseite.com\/de\/tipps\/deutsche-umwelthilfe-unterstuetzt-erstmals-klage-von-mietern-gegen-verbot-von-balkonkraftwerken\/\"},\"wordCount\":787,\"publisher\":{\"@id\":\"https:\/\/www.sonnenseite.com\/de\/#organization\"},\"image\":{\"@id\":\"https:\/\/www.sonnenseite.com\/de\/tipps\/deutsche-umwelthilfe-unterstuetzt-erstmals-klage-von-mietern-gegen-verbot-von-balkonkraftwerken\/#primaryimage\"},\"thumbnailUrl\":\"https:\/\/www.sonnenseite.com\/wp-content\/uploads\/2019\/09\/Solaranlage_Balkon_SandraZuerlein.jpg\",\"articleSection\":[\"Tipps\"],\"inLanguage\":\"de\"},{\"@type\":\"WebPage\",\"@id\":\"https:\/\/www.sonnenseite.com\/de\/tipps\/deutsche-umwelthilfe-unterstuetzt-erstmals-klage-von-mietern-gegen-verbot-von-balkonkraftwerken\/\",\"url\":\"https:\/\/www.sonnenseite.com\/de\/tipps\/deutsche-umwelthilfe-unterstuetzt-erstmals-klage-von-mietern-gegen-verbot-von-balkonkraftwerken\/\",\"name\":\"Deutsche Umwelthilfe unterst\u00fctzt erstmals Klage von Mietern gegen Verbot von Balkonkraftwerken - Sonnenseite - \u00d6kologische Kommunikation mit Franz Alt\",\"isPartOf\":{\"@id\":\"https:\/\/www.sonnenseite.com\/de\/#website\"},\"primaryImageOfPage\":{\"@id\":\"https:\/\/www.sonnenseite.com\/de\/tipps\/deutsche-umwelthilfe-unterstuetzt-erstmals-klage-von-mietern-gegen-verbot-von-balkonkraftwerken\/#primaryimage\"},\"image\":{\"@id\":\"https:\/\/www.sonnenseite.com\/de\/tipps\/deutsche-umwelthilfe-unterstuetzt-erstmals-klage-von-mietern-gegen-verbot-von-balkonkraftwerken\/#primaryimage\"},\"thumbnailUrl\":\"https:\/\/www.sonnenseite.com\/wp-content\/uploads\/2019\/09\/Solaranlage_Balkon_SandraZuerlein.jpg\",\"datePublished\":\"2023-08-25T00:06:00+00:00\",\"dateModified\":\"2023-08-27T07:59:53+00:00\",\"description\":\"Fall einer Mieterin und eines Mieters einer Wohnung in Kiel, denen ihr Balkonkraftwerk von der Hausverwaltung \u201eHaus &amp; Grund\u201c untersagt wird. Die\",\"breadcrumb\":{\"@id\":\"https:\/\/www.sonnenseite.com\/de\/tipps\/deutsche-umwelthilfe-unterstuetzt-erstmals-klage-von-mietern-gegen-verbot-von-balkonkraftwerken\/#breadcrumb\"},\"inLanguage\":\"de\",\"potentialAction\":[{\"@type\":\"ReadAction\",\"target\":[\"https:\/\/www.sonnenseite.com\/de\/tipps\/deutsche-umwelthilfe-unterstuetzt-erstmals-klage-von-mietern-gegen-verbot-von-balkonkraftwerken\/\"]}]},{\"@type\":\"ImageObject\",\"inLanguage\":\"de\",\"@id\":\"https:\/\/www.sonnenseite.com\/de\/tipps\/deutsche-umwelthilfe-unterstuetzt-erstmals-klage-von-mietern-gegen-verbot-von-balkonkraftwerken\/#primaryimage\",\"url\":\"https:\/\/www.sonnenseite.com\/wp-content\/uploads\/2019\/09\/Solaranlage_Balkon_SandraZuerlein.jpg\",\"contentUrl\":\"https:\/\/www.sonnenseite.com\/wp-content\/uploads\/2019\/09\/Solaranlage_Balkon_SandraZuerlein.jpg\",\"width\":770,\"height\":420,\"caption\":\"Fotolia.com | SandraZuerlein\"},{\"@type\":\"BreadcrumbList\",\"@id\":\"https:\/\/www.sonnenseite.com\/de\/tipps\/deutsche-umwelthilfe-unterstuetzt-erstmals-klage-von-mietern-gegen-verbot-von-balkonkraftwerken\/#breadcrumb\",\"itemListElement\":[{\"@type\":\"ListItem\",\"position\":1,\"name\":\"Startseite\",\"item\":\"https:\/\/www.sonnenseite.com\/de\/\"},{\"@type\":\"ListItem\",\"position\":2,\"name\":\"Deutsche Umwelthilfe unterst\u00fctzt erstmals Klage von Mietern gegen Verbot von Balkonkraftwerken\"}]},{\"@type\":\"WebSite\",\"@id\":\"https:\/\/www.sonnenseite.com\/de\/#website\",\"url\":\"https:\/\/www.sonnenseite.com\/de\/\",\"name\":\"Sonnenseite\",\"description\":\"\u00d6kologische Kommunikation mit Franz Alt\",\"publisher\":{\"@id\":\"https:\/\/www.sonnenseite.com\/de\/#organization\"},\"potentialAction\":[{\"@type\":\"SearchAction\",\"target\":{\"@type\":\"EntryPoint\",\"urlTemplate\":\"https:\/\/www.sonnenseite.com\/de\/?s={search_term_string}\"},\"query-input\":{\"@type\":\"PropertyValueSpecification\",\"valueRequired\":true,\"valueName\":\"search_term_string\"}}],\"inLanguage\":\"de\"},{\"@type\":\"Organization\",\"@id\":\"https:\/\/www.sonnenseite.com\/de\/#organization\",\"name\":\"Sonnenseite\",\"url\":\"https:\/\/www.sonnenseite.com\/de\/\",\"logo\":{\"@type\":\"ImageObject\",\"inLanguage\":\"de\",\"@id\":\"https:\/\/www.sonnenseite.com\/de\/#\/schema\/logo\/image\/\",\"url\":\"https:\/\/www.sonnenseite.com\/wp-content\/uploads\/2020\/05\/Sonnenseite_Logo.png\",\"contentUrl\":\"https:\/\/www.sonnenseite.com\/wp-content\/uploads\/2020\/05\/Sonnenseite_Logo.png\",\"width\":377,\"height\":90,\"caption\":\"Sonnenseite\"},\"image\":{\"@id\":\"https:\/\/www.sonnenseite.com\/de\/#\/schema\/logo\/image\/\"},\"sameAs\":[\"https:\/\/www.facebook.com\/pages\/Franz-Alt-SONNENSEITECOM\/221072987903953?fref=ts\",\"https:\/\/x.com\/franzalt\",\"http:\/\/www.youtube.com\/results?search_query&amp;amp;quot;franz_alt&amp;amp;quot;&amp;amp;amp;amp;search_type&amp;amp;amp;amp;aq=f\"]},{\"@type\":\"Person\",\"@id\":\"https:\/\/www.sonnenseite.com\/de\/#\/schema\/person\/50fda0e926597684c7cc6695238a4eb9\",\"name\":\"Bigi Alt\"}]}<\/script>\n<!-- \/ Yoast SEO plugin. -->","yoast_head_json":{"title":"Deutsche Umwelthilfe unterst\u00fctzt erstmals Klage von Mietern gegen Verbot von Balkonkraftwerken - Sonnenseite - \u00d6kologische Kommunikation mit Franz Alt","description":"Fall einer Mieterin und eines Mieters einer Wohnung in Kiel, denen ihr Balkonkraftwerk von der Hausverwaltung \u201eHaus &amp; Grund\u201c untersagt wird. Die","robots":{"index":"index","follow":"follow","max-snippet":"max-snippet:-1","max-image-preview":"max-image-preview:large","max-video-preview":"max-video-preview:-1"},"canonical":"https:\/\/www.sonnenseite.com\/de\/tipps\/deutsche-umwelthilfe-unterstuetzt-erstmals-klage-von-mietern-gegen-verbot-von-balkonkraftwerken\/","og_locale":"de_DE","og_type":"article","og_title":"Deutsche Umwelthilfe unterst\u00fctzt erstmals Klage von Mietern gegen Verbot von Balkonkraftwerken - Sonnenseite - \u00d6kologische Kommunikation mit Franz Alt","og_description":"Fall einer Mieterin und eines Mieters einer Wohnung in Kiel, denen ihr Balkonkraftwerk von der Hausverwaltung \u201eHaus &amp; Grund\u201c untersagt wird. Die","og_url":"https:\/\/www.sonnenseite.com\/de\/tipps\/deutsche-umwelthilfe-unterstuetzt-erstmals-klage-von-mietern-gegen-verbot-von-balkonkraftwerken\/","og_site_name":"Sonnenseite","article_publisher":"https:\/\/www.facebook.com\/pages\/Franz-Alt-SONNENSEITECOM\/221072987903953?fref=ts","article_published_time":"2023-08-25T00:06:00+00:00","article_modified_time":"2023-08-27T07:59:53+00:00","og_image":[{"width":770,"height":420,"url":"https:\/\/www.sonnenseite.com\/wp-content\/uploads\/2019\/09\/Solaranlage_Balkon_SandraZuerlein.jpg","type":"image\/jpeg"}],"author":"Bigi Alt","twitter_card":"summary_large_image","twitter_creator":"@franzalt","twitter_site":"@franzalt","twitter_misc":{"Verfasst von":"Bigi Alt","Gesch\u00e4tzte Lesezeit":"5\u00a0Minuten"},"schema":{"@context":"https:\/\/schema.org","@graph":[{"@type":"Article","@id":"https:\/\/www.sonnenseite.com\/de\/tipps\/deutsche-umwelthilfe-unterstuetzt-erstmals-klage-von-mietern-gegen-verbot-von-balkonkraftwerken\/#article","isPartOf":{"@id":"https:\/\/www.sonnenseite.com\/de\/tipps\/deutsche-umwelthilfe-unterstuetzt-erstmals-klage-von-mietern-gegen-verbot-von-balkonkraftwerken\/"},"author":{"name":"Bigi Alt","@id":"https:\/\/www.sonnenseite.com\/de\/#\/schema\/person\/50fda0e926597684c7cc6695238a4eb9"},"headline":"Deutsche Umwelthilfe unterst\u00fctzt erstmals Klage von Mietern gegen Verbot von Balkonkraftwerken","datePublished":"2023-08-25T00:06:00+00:00","dateModified":"2023-08-27T07:59:53+00:00","mainEntityOfPage":{"@id":"https:\/\/www.sonnenseite.com\/de\/tipps\/deutsche-umwelthilfe-unterstuetzt-erstmals-klage-von-mietern-gegen-verbot-von-balkonkraftwerken\/"},"wordCount":787,"publisher":{"@id":"https:\/\/www.sonnenseite.com\/de\/#organization"},"image":{"@id":"https:\/\/www.sonnenseite.com\/de\/tipps\/deutsche-umwelthilfe-unterstuetzt-erstmals-klage-von-mietern-gegen-verbot-von-balkonkraftwerken\/#primaryimage"},"thumbnailUrl":"https:\/\/www.sonnenseite.com\/wp-content\/uploads\/2019\/09\/Solaranlage_Balkon_SandraZuerlein.jpg","articleSection":["Tipps"],"inLanguage":"de"},{"@type":"WebPage","@id":"https:\/\/www.sonnenseite.com\/de\/tipps\/deutsche-umwelthilfe-unterstuetzt-erstmals-klage-von-mietern-gegen-verbot-von-balkonkraftwerken\/","url":"https:\/\/www.sonnenseite.com\/de\/tipps\/deutsche-umwelthilfe-unterstuetzt-erstmals-klage-von-mietern-gegen-verbot-von-balkonkraftwerken\/","name":"Deutsche Umwelthilfe unterst\u00fctzt erstmals Klage von Mietern gegen Verbot von Balkonkraftwerken - Sonnenseite - \u00d6kologische Kommunikation mit Franz Alt","isPartOf":{"@id":"https:\/\/www.sonnenseite.com\/de\/#website"},"primaryImageOfPage":{"@id":"https:\/\/www.sonnenseite.com\/de\/tipps\/deutsche-umwelthilfe-unterstuetzt-erstmals-klage-von-mietern-gegen-verbot-von-balkonkraftwerken\/#primaryimage"},"image":{"@id":"https:\/\/www.sonnenseite.com\/de\/tipps\/deutsche-umwelthilfe-unterstuetzt-erstmals-klage-von-mietern-gegen-verbot-von-balkonkraftwerken\/#primaryimage"},"thumbnailUrl":"https:\/\/www.sonnenseite.com\/wp-content\/uploads\/2019\/09\/Solaranlage_Balkon_SandraZuerlein.jpg","datePublished":"2023-08-25T00:06:00+00:00","dateModified":"2023-08-27T07:59:53+00:00","description":"Fall einer Mieterin und eines Mieters einer Wohnung in Kiel, denen ihr Balkonkraftwerk von der Hausverwaltung \u201eHaus &amp; Grund\u201c untersagt wird. Die","breadcrumb":{"@id":"https:\/\/www.sonnenseite.com\/de\/tipps\/deutsche-umwelthilfe-unterstuetzt-erstmals-klage-von-mietern-gegen-verbot-von-balkonkraftwerken\/#breadcrumb"},"inLanguage":"de","potentialAction":[{"@type":"ReadAction","target":["https:\/\/www.sonnenseite.com\/de\/tipps\/deutsche-umwelthilfe-unterstuetzt-erstmals-klage-von-mietern-gegen-verbot-von-balkonkraftwerken\/"]}]},{"@type":"ImageObject","inLanguage":"de","@id":"https:\/\/www.sonnenseite.com\/de\/tipps\/deutsche-umwelthilfe-unterstuetzt-erstmals-klage-von-mietern-gegen-verbot-von-balkonkraftwerken\/#primaryimage","url":"https:\/\/www.sonnenseite.com\/wp-content\/uploads\/2019\/09\/Solaranlage_Balkon_SandraZuerlein.jpg","contentUrl":"https:\/\/www.sonnenseite.com\/wp-content\/uploads\/2019\/09\/Solaranlage_Balkon_SandraZuerlein.jpg","width":770,"height":420,"caption":"Fotolia.com | SandraZuerlein"},{"@type":"BreadcrumbList","@id":"https:\/\/www.sonnenseite.com\/de\/tipps\/deutsche-umwelthilfe-unterstuetzt-erstmals-klage-von-mietern-gegen-verbot-von-balkonkraftwerken\/#breadcrumb","itemListElement":[{"@type":"ListItem","position":1,"name":"Startseite","item":"https:\/\/www.sonnenseite.com\/de\/"},{"@type":"ListItem","position":2,"name":"Deutsche Umwelthilfe unterst\u00fctzt erstmals Klage von Mietern gegen Verbot von Balkonkraftwerken"}]},{"@type":"WebSite","@id":"https:\/\/www.sonnenseite.com\/de\/#website","url":"https:\/\/www.sonnenseite.com\/de\/","name":"Sonnenseite","description":"\u00d6kologische Kommunikation mit Franz Alt","publisher":{"@id":"https:\/\/www.sonnenseite.com\/de\/#organization"},"potentialAction":[{"@type":"SearchAction","target":{"@type":"EntryPoint","urlTemplate":"https:\/\/www.sonnenseite.com\/de\/?s={search_term_string}"},"query-input":{"@type":"PropertyValueSpecification","valueRequired":true,"valueName":"search_term_string"}}],"inLanguage":"de"},{"@type":"Organization","@id":"https:\/\/www.sonnenseite.com\/de\/#organization","name":"Sonnenseite","url":"https:\/\/www.sonnenseite.com\/de\/","logo":{"@type":"ImageObject","inLanguage":"de","@id":"https:\/\/www.sonnenseite.com\/de\/#\/schema\/logo\/image\/","url":"https:\/\/www.sonnenseite.com\/wp-content\/uploads\/2020\/05\/Sonnenseite_Logo.png","contentUrl":"https:\/\/www.sonnenseite.com\/wp-content\/uploads\/2020\/05\/Sonnenseite_Logo.png","width":377,"height":90,"caption":"Sonnenseite"},"image":{"@id":"https:\/\/www.sonnenseite.com\/de\/#\/schema\/logo\/image\/"},"sameAs":["https:\/\/www.facebook.com\/pages\/Franz-Alt-SONNENSEITECOM\/221072987903953?fref=ts","https:\/\/x.com\/franzalt","http:\/\/www.youtube.com\/results?search_query&amp;amp;quot;franz_alt&amp;amp;quot;&amp;amp;amp;amp;search_type&amp;amp;amp;amp;aq=f"]},{"@type":"Person","@id":"https:\/\/www.sonnenseite.com\/de\/#\/schema\/person\/50fda0e926597684c7cc6695238a4eb9","name":"Bigi Alt"}]}},"_links":{"self":[{"href":"https:\/\/www.sonnenseite.com\/de\/wp-json\/wp\/v2\/posts\/93581","targetHints":{"allow":["GET"]}}],"collection":[{"href":"https:\/\/www.sonnenseite.com\/de\/wp-json\/wp\/v2\/posts"}],"about":[{"href":"https:\/\/www.sonnenseite.com\/de\/wp-json\/wp\/v2\/types\/post"}],"author":[{"embeddable":true,"href":"https:\/\/www.sonnenseite.com\/de\/wp-json\/wp\/v2\/users\/3"}],"replies":[{"embeddable":true,"href":"https:\/\/www.sonnenseite.com\/de\/wp-json\/wp\/v2\/comments?post=93581"}],"version-history":[{"count":1,"href":"https:\/\/www.sonnenseite.com\/de\/wp-json\/wp\/v2\/posts\/93581\/revisions"}],"predecessor-version":[{"id":93582,"href":"https:\/\/www.sonnenseite.com\/de\/wp-json\/wp\/v2\/posts\/93581\/revisions\/93582"}],"wp:featuredmedia":[{"embeddable":true,"href":"https:\/\/www.sonnenseite.com\/de\/wp-json\/wp\/v2\/media\/6621"}],"wp:attachment":[{"href":"https:\/\/www.sonnenseite.com\/de\/wp-json\/wp\/v2\/media?parent=93581"}],"wp:term":[{"taxonomy":"category","embeddable":true,"href":"https:\/\/www.sonnenseite.com\/de\/wp-json\/wp\/v2\/categories?post=93581"},{"taxonomy":"post_tag","embeddable":true,"href":"https:\/\/www.sonnenseite.com\/de\/wp-json\/wp\/v2\/tags?post=93581"}],"curies":[{"name":"wp","href":"https:\/\/api.w.org\/{rel}","templated":true}]}}