{"id":93895,"date":"2023-09-07T08:52:04","date_gmt":"2023-09-07T06:52:04","guid":{"rendered":"https:\/\/www.sonnenseite.com\/?p=93895"},"modified":"2023-09-07T08:52:05","modified_gmt":"2023-09-07T06:52:05","slug":"kleine-gewaesser-grosse-sorgen-klimawandel-und-wassermangel-gefaehrden-teiche-und-tuempel","status":"publish","type":"post","link":"https:\/\/www.sonnenseite.com\/de\/umwelt\/kleine-gewaesser-grosse-sorgen-klimawandel-und-wassermangel-gefaehrden-teiche-und-tuempel\/","title":{"rendered":"Kleine Gew\u00e4sser, gro\u00dfe Sorgen: Klimawandel und Wassermangel gef\u00e4hrden Teiche und T\u00fcmpel"},"content":{"rendered":"\n<p><\/p>\n\n\n\n<p>Der Wassermangel in Deutschland und Europa besch\u00e4ftigt auch in diesem Sommer Politik und \u00d6ffentlichkeit. Im Fokus stehen dabei meist gr\u00f6\u00dfere Fl\u00fcsse, Seen und das Grundwasser. Neues IGB\u00a0Dossier zeigt Handlungsm\u00f6glichkeiten auf.<\/p>\n\n\n\n<p>Doch w\u00e4hrend die Gesellschaft\u00a0besorgt auf deren Wasserst\u00e4nde blickt, sind andere Gew\u00e4sser zu diesem Zeitpunkt schon l\u00e4ngst verschwunden: Kleine Stillgew\u00e4sser wie nat\u00fcrliche oder k\u00fcnstliche Teiche, S\u00f6lle, Pfuhle oder Parkgew\u00e4sser leiden besonders unter dem Wassermangel. Europaweit verzeichnen sie historische Tiefst\u00e4nde, viele sind vollst\u00e4ndig ausgetrocknet. \u00dcbersehen und untersch\u00e4tzt werden kleine Stillgew\u00e4sser aufgrund ihrer geringen Gr\u00f6\u00dfe \u2013 dabei machen sie insgesamt\u00a0mehr als 30 Prozent der weltweiten Fl\u00e4che von Binnengew\u00e4ssern aus und sind von gro\u00dfer \u00f6kologischer und gesellschaftlicher Bedeutung. Um f\u00fcr dieses Problem zu sensibilisieren und Handlungsoptionen f\u00fcr Politik, Beh\u00f6rden und Zivilgesellschaft\u00a0aufzuzeigen, hat das IGB heute ein neues IGB\u00a0Dossier zu diesem wichtigen Gew\u00e4ssertyp ver\u00f6ffentlicht.<\/p>\n\n\n\n<p>\u201eNat\u00fcrliche oder naturnahe Kleingew\u00e4sser sind h\u00e4ufig Hotspots der biologischen Vielfalt&nbsp;und k\u00f6nnen daher als \u201akleine Oasen\u2018 bezeichnet werden.&nbsp;Doch Wassermangel, steigender Nutzungsdruck&nbsp;und der Klimawandel mit seinen Wetterextremen setzen diesen&nbsp;\u00d6kosystemen und allen Pflanzen- und Tierarten, die auf sie angewiesen sind, stark zu\u201c, erkl\u00e4rt IGB-Direktor Prof. Luc De Meester. \u201eAber es geht nicht nur um die Natur \u2013 bedroht sind auch die \u00d6kosystemleistungen, die diese Kleingew\u00e4sser in ihrer Gesamtheit f\u00fcr den Menschen erbringen. Sie k\u00f6nnen eine wichtige Rolle beim Wasserr\u00fcckhalt und Hochwasserschutz spielen und sich positiv auf das lokale Mikroklima auswirken.\u201c<\/p>\n\n\n\n<h4 class=\"wp-block-heading\">Vielf\u00e4ltige Leistungen trotz kleiner Gr\u00f6\u00dfe<\/h4>\n\n\n\n<p>Das Forschungsteam unterstreicht im neuen IGB&nbsp;Dossier auch,&nbsp;dass kleine Stillgew\u00e4sser je nach Typ und Region noch vielen weiteren Zwecken dienen, zum Beispiel dem Tr\u00e4nken von Vieh, der Bew\u00e4sserung oder der Brandbek\u00e4mpfung. Au\u00dferdem bieten Kleingew\u00e4sser vielf\u00e4ltige Erholungsm\u00f6glichkeiten, die die menschliche Gesundheit und Lebensqualit\u00e4t f\u00f6rdern, insbesondere in st\u00e4dtischen Gebieten.&nbsp;<\/p>\n\n\n\n<p>Neben diesen vielf\u00e4ltigen gesellschaftlichen Vorteilen sind kleine stehende Gew\u00e4sser von besonderer Bedeutung f\u00fcr das Leben im S\u00fc\u00dfwasser. Ihr Beitrag zur regionalen Vielfalt ist nachweislich der gr\u00f6\u00dfte aller Binnengew\u00e4sser&nbsp;<em>\u2013<\/em>&nbsp;insgesamt beherbergen sie 70 Prozent des regionalen S\u00fc\u00dfwasser-Artenpools in europ\u00e4ischen Landschaften. Dies liegt daran, dass sie selbst zahlreich und sehr vielf\u00e4ltig sind. Gleichzeitig sind kleine stehende Gew\u00e4sser aufgrund ihrer Gr\u00f6\u00dfe besonders empfindlich gegen\u00fcber den oben genannten St\u00f6rungen.<\/p>\n\n\n\n<h4 class=\"wp-block-heading\">Neue Managementans\u00e4tze n\u00f6tig: Teichlandschaften als naturbasierte L\u00f6sungen<\/h4>\n\n\n\n<p>Doch Kleingew\u00e4sser ist nicht gleich Kleingew\u00e4sser, auch darauf weisen die Autor*innen hin: Je nach Typ, Region und Lage k\u00f6nnen die Anforderungen an Schutz, Nutzung und Management ganz unterschiedlich sein.&nbsp;<\/p>\n\n\n\n<p>\u201eIm neuen IGB&nbsp;Dossier haben wir deshalb den aktuellen Forschungsstand kompakt zusammengefasst und&nbsp;zeigen M\u00f6glichkeiten auf, wie kleine Stillgew\u00e4sser&nbsp;besser gesch\u00fctzt, wiederhergestellt oder neu angelegt werden k\u00f6nnen. Trotz der besorgniserregenden Lage haben Kleingew\u00e4sser einen entscheidenden Vorteil&nbsp;\u2013 Teiche und Teichlandschaften eignen sich hervorragend als naturbasierte L\u00f6sungen und k\u00f6nnen damit auch die Anpassung an den Klimawandel und die Abmilderung seiner Folgen unterst\u00fctzen\u201c, erl\u00e4utert Dr. Thomas Mehner, IGB-Vizedirektor und Mitautor des IGB&nbsp;Dossiers.&nbsp;<\/p>\n\n\n\n<p>Dabei sollten nicht nur einzelne Gew\u00e4sser im Fokus stehen, sondern ihr Potenzial als vernetztes \u00d6kosystem. Ein solches Netzwerk aus tempor\u00e4ren und permanenten Gew\u00e4ssern \u2013 eine Teichlandschaft\u00a0\u2013 kann die regionale Biodiversit\u00e4t besonders nachhaltig f\u00f6rdern. Zus\u00e4tzlich empfehlen die Forschenden u.a. das Sicherstellen einer ausreichenden Wassermenge und -qualit\u00e4t, um kleine Gew\u00e4sser als wertvolle Lebensr\u00e4ume zu erhalten, sowie die Einrichtung von gut bemessenen Uferstreifen und Pufferzonen zur Abschw\u00e4chung sch\u00e4dlicher Auswirkungen auf die Kleingew\u00e4sser.<\/p>\n\n\n\n<ul class=\"wp-block-list\">\n<li><a href=\"https:\/\/www.igb-berlin.de\/sites\/default\/files\/media-files\/download-files\/IGB_Dossier_Kleine_Stillgewaesser_2023.pdf\">IGB Dossier: Kleine Stillgew\u00e4sser: Hotspots der Biodiversit\u00e4t \u2013 besonders wertvoll, aber stark bedroht (pdf)<\/a> | \u00dcbersehen und untersch\u00e4tzt werden kleine Stillgew\u00e4sser aufgrund ihrer geringen Gr\u00f6\u00dfe \u2013 dabei machen sie insgesamt\u00a0mehr als 30 Prozent der weltweiten Fl\u00e4che von Binnengew\u00e4ssern aus und sind von gro\u00dfer \u00f6kologischer und gesellschaftlicher Bedeutung. Um f\u00fcr dieses Problem zu sensibilisieren und Handlungsoptionen f\u00fcr Politik, Beh\u00f6rden und Zivilgesellschaft\u00a0aufzuzeigen, hat das IGB ein Dossier zu diesem wichtigen Gew\u00e4ssertyp ver\u00f6ffentlicht.<\/li>\n<\/ul>\n\n\n<h5 class=\"green\">Quelle<\/h5>\r\n\n\n\n<p><a href=\"https:\/\/www.igb-berlin.de\/news\/kleine-gewaesser-grosse-sorgen-klimawandel-und-wassermangel-gefaehrden-teiche-und-tuempel\">IGB \/ Leibniz-Institut f\u00fcr Gew\u00e4sser\u00f6kologie und Binnenfischerei 2023<\/a><\/p>\n<div class=\"shariff shariff-align-flex-start shariff-widget-align-flex-start\"><div class=\"ShariffHeadline\">Diese Meldung teilen<\/div><ul class=\"shariff-buttons theme-round orientation-horizontal buttonsize-medium\"><li class=\"shariff-button facebook shariff-nocustomcolor\" style=\"background-color:#4273c8;border-radius:1%\"><a href=\"https:\/\/www.facebook.com\/sharer\/sharer.php?u=https%3A%2F%2Fwww.sonnenseite.com%2Fde%2Fumwelt%2Fkleine-gewaesser-grosse-sorgen-klimawandel-und-wassermangel-gefaehrden-teiche-und-tuempel%2F\" title=\"Bei Facebook teilen\" aria-label=\"Bei Facebook teilen\" role=\"button\" rel=\"nofollow\" class=\"shariff-link\" style=\";border-radius:1%; background-color:#3b5998; color:#fff\" target=\"_blank\"><span class=\"shariff-icon\" style=\"\"><svg width=\"32px\" height=\"20px\" xmlns=\"http:\/\/www.w3.org\/2000\/svg\" viewBox=\"0 0 18 32\"><path fill=\"#3b5998\" d=\"M17.1 0.2v4.7h-2.8q-1.5 0-2.1 0.6t-0.5 1.9v3.4h5.2l-0.7 5.3h-4.5v13.6h-5.5v-13.6h-4.5v-5.3h4.5v-3.9q0-3.3 1.9-5.2t5-1.8q2.6 0 4.1 0.2z\"\/><\/svg><\/span><\/a><\/li><li class=\"shariff-button twitter shariff-nocustomcolor\" style=\"background-color:#595959;border-radius:1%\"><a href=\"https:\/\/twitter.com\/share?url=https%3A%2F%2Fwww.sonnenseite.com%2Fde%2Fumwelt%2Fkleine-gewaesser-grosse-sorgen-klimawandel-und-wassermangel-gefaehrden-teiche-und-tuempel%2F&text=Kleine%20Gew%C3%A4sser%2C%20gro%C3%9Fe%20Sorgen%3A%20Klimawandel%20und%20Wassermangel%20gef%C3%A4hrden%20Teiche%20und%20T%C3%BCmpel\" title=\"Bei X teilen\" aria-label=\"Bei X teilen\" role=\"button\" rel=\"noopener nofollow\" class=\"shariff-link\" style=\";border-radius:1%; background-color:#000; color:#fff\" target=\"_blank\"><span class=\"shariff-icon\" style=\"\"><svg width=\"32px\" height=\"20px\" xmlns=\"http:\/\/www.w3.org\/2000\/svg\" viewBox=\"0 0 24 24\"><path fill=\"#000\" d=\"M14.258 10.152L23.176 0h-2.113l-7.747 8.813L7.133 0H0l9.352 13.328L0 23.973h2.113l8.176-9.309 6.531 9.309h7.133zm-2.895 3.293l-.949-1.328L2.875 1.56h3.246l6.086 8.523.945 1.328 7.91 11.078h-3.246zm0 0\"\/><\/svg><\/span><\/a><\/li><li class=\"shariff-button xing shariff-nocustomcolor\" style=\"background-color:#29888a;border-radius:1%\"><a href=\"https:\/\/www.xing.com\/spi\/shares\/new?url=https%3A%2F%2Fwww.sonnenseite.com%2Fde%2Fumwelt%2Fkleine-gewaesser-grosse-sorgen-klimawandel-und-wassermangel-gefaehrden-teiche-und-tuempel%2F\" title=\"Bei XING teilen\" aria-label=\"Bei XING teilen\" role=\"button\" rel=\"noopener nofollow\" class=\"shariff-link\" style=\";border-radius:1%; background-color:#126567; color:#fff\" target=\"_blank\"><span class=\"shariff-icon\" style=\"\"><svg width=\"32px\" height=\"20px\" xmlns=\"http:\/\/www.w3.org\/2000\/svg\" viewBox=\"0 0 25 32\"><path fill=\"#126567\" d=\"M10.7 11.9q-0.2 0.3-4.6 8.2-0.5 0.8-1.2 0.8h-4.3q-0.4 0-0.5-0.3t0-0.6l4.5-8q0 0 0 0l-2.9-5q-0.2-0.4 0-0.7 0.2-0.3 0.5-0.3h4.3q0.7 0 1.2 0.8zM25.1 0.4q0.2 0.3 0 0.7l-9.4 16.7 6 11q0.2 0.4 0 0.6-0.2 0.3-0.6 0.3h-4.3q-0.7 0-1.2-0.8l-6-11.1q0.3-0.6 9.5-16.8 0.4-0.8 1.2-0.8h4.3q0.4 0 0.5 0.3z\"\/><\/svg><\/span><\/a><\/li><li class=\"shariff-button linkedin shariff-nocustomcolor\" style=\"background-color:#1488bf;border-radius:1%\"><a href=\"https:\/\/www.linkedin.com\/sharing\/share-offsite\/?url=https%3A%2F%2Fwww.sonnenseite.com%2Fde%2Fumwelt%2Fkleine-gewaesser-grosse-sorgen-klimawandel-und-wassermangel-gefaehrden-teiche-und-tuempel%2F\" title=\"Bei LinkedIn teilen\" aria-label=\"Bei LinkedIn teilen\" role=\"button\" rel=\"noopener nofollow\" class=\"shariff-link\" style=\";border-radius:1%; background-color:#0077b5; color:#fff\" target=\"_blank\"><span class=\"shariff-icon\" style=\"\"><svg width=\"32px\" height=\"20px\" xmlns=\"http:\/\/www.w3.org\/2000\/svg\" viewBox=\"0 0 27 32\"><path fill=\"#0077b5\" d=\"M6.2 11.2v17.7h-5.9v-17.7h5.9zM6.6 5.7q0 1.3-0.9 2.2t-2.4 0.9h0q-1.5 0-2.4-0.9t-0.9-2.2 0.9-2.2 2.4-0.9 2.4 0.9 0.9 2.2zM27.4 18.7v10.1h-5.9v-9.5q0-1.9-0.7-2.9t-2.3-1.1q-1.1 0-1.9 0.6t-1.2 1.5q-0.2 0.5-0.2 1.4v9.9h-5.9q0-7.1 0-11.6t0-5.3l0-0.9h5.9v2.6h0q0.4-0.6 0.7-1t1-0.9 1.6-0.8 2-0.3q3 0 4.9 2t1.9 6z\"\/><\/svg><\/span><\/a><\/li><li class=\"shariff-button printer shariff-nocustomcolor\" style=\"background-color:#a8a8a8;border-radius:1%\"><a href=\"javascript:window.print()\" title=\"drucken\" aria-label=\"drucken\" role=\"button\" rel=\"noopener nofollow\" class=\"shariff-link\" style=\";border-radius:1%; background-color:#999; color:#fff\"><span class=\"shariff-icon\" style=\"\"><svg width=\"32px\" height=\"20px\" xmlns=\"http:\/\/www.w3.org\/2000\/svg\" viewBox=\"0 0 30 32\"><path fill=\"#999\" d=\"M6.8 27.4h16v-4.6h-16v4.6zM6.8 16h16v-6.8h-2.8q-0.7 0-1.2-0.5t-0.5-1.2v-2.8h-11.4v11.4zM27.4 17.2q0-0.5-0.3-0.8t-0.8-0.4-0.8 0.4-0.3 0.8 0.3 0.8 0.8 0.3 0.8-0.3 0.3-0.8zM29.7 17.2v7.4q0 0.2-0.2 0.4t-0.4 0.2h-4v2.8q0 0.7-0.5 1.2t-1.2 0.5h-17.2q-0.7 0-1.2-0.5t-0.5-1.2v-2.8h-4q-0.2 0-0.4-0.2t-0.2-0.4v-7.4q0-1.4 1-2.4t2.4-1h1.2v-9.7q0-0.7 0.5-1.2t1.2-0.5h12q0.7 0 1.6 0.4t1.3 0.8l2.7 2.7q0.5 0.5 0.9 1.4t0.4 1.6v4.6h1.1q1.4 0 2.4 1t1 2.4z\"\/><\/svg><\/span><\/a><\/li><li class=\"shariff-button mailto shariff-nocustomcolor\" style=\"background-color:#a8a8a8;border-radius:1%\"><a href=\"mailto:?body=https%3A%2F%2Fwww.sonnenseite.com%2Fde%2Fumwelt%2Fkleine-gewaesser-grosse-sorgen-klimawandel-und-wassermangel-gefaehrden-teiche-und-tuempel%2F&subject=Kleine%20Gew%C3%A4sser%2C%20gro%C3%9Fe%20Sorgen%3A%20Klimawandel%20und%20Wassermangel%20gef%C3%A4hrden%20Teiche%20und%20T%C3%BCmpel\" title=\"Per E-Mail versenden\" aria-label=\"Per E-Mail versenden\" role=\"button\" rel=\"noopener nofollow\" class=\"shariff-link\" style=\";border-radius:1%; background-color:#999; color:#fff\"><span class=\"shariff-icon\" style=\"\"><svg width=\"32px\" height=\"20px\" xmlns=\"http:\/\/www.w3.org\/2000\/svg\" viewBox=\"0 0 32 32\"><path fill=\"#999\" d=\"M32 12.7v14.2q0 1.2-0.8 2t-2 0.9h-26.3q-1.2 0-2-0.9t-0.8-2v-14.2q0.8 0.9 1.8 1.6 6.5 4.4 8.9 6.1 1 0.8 1.6 1.2t1.7 0.9 2 0.4h0.1q0.9 0 2-0.4t1.7-0.9 1.6-1.2q3-2.2 8.9-6.1 1-0.7 1.8-1.6zM32 7.4q0 1.4-0.9 2.7t-2.2 2.2q-6.7 4.7-8.4 5.8-0.2 0.1-0.7 0.5t-1 0.7-0.9 0.6-1.1 0.5-0.9 0.2h-0.1q-0.4 0-0.9-0.2t-1.1-0.5-0.9-0.6-1-0.7-0.7-0.5q-1.6-1.1-4.7-3.2t-3.6-2.6q-1.1-0.7-2.1-2t-1-2.5q0-1.4 0.7-2.3t2.1-0.9h26.3q1.2 0 2 0.8t0.9 2z\"\/><\/svg><\/span><\/a><\/li><\/ul><\/div>","protected":false},"excerpt":{"rendered":"<p>Der Wassermangel in Deutschland und Europa besch\u00e4ftigt auch in diesem Sommer Politik und \u00d6ffentlichkeit. Im Fokus [&hellip;]<\/p>\n","protected":false},"author":3,"featured_media":79133,"comment_status":"closed","ping_status":"closed","sticky":false,"template":"","format":"standard","meta":{"inline_featured_image":false,"footnotes":""},"categories":[23],"tags":[],"class_list":["post-93895","post","type-post","status-publish","format-standard","has-post-thumbnail","hentry","category-umwelt"],"yoast_head":"<!-- This site is optimized with the Yoast SEO plugin v26.5 - https:\/\/yoast.com\/wordpress\/plugins\/seo\/ -->\n<title>Kleine Gew\u00e4sser, gro\u00dfe Sorgen: Klimawandel und Wassermangel gef\u00e4hrden Teiche und T\u00fcmpel - Sonnenseite - \u00d6kologische Kommunikation mit Franz Alt<\/title>\n<meta name=\"description\" content=\"Der Wassermangel in Deutschland und Europa besch\u00e4ftigt auch in diesem Sommer Politik und \u00d6ffentlichkeit. Im Fokus stehen dabei meist gr\u00f6\u00dfere Fl\u00fcsse, Seen\" \/>\n<meta name=\"robots\" content=\"index, follow, max-snippet:-1, max-image-preview:large, max-video-preview:-1\" \/>\n<link rel=\"canonical\" href=\"https:\/\/www.sonnenseite.com\/de\/umwelt\/kleine-gewaesser-grosse-sorgen-klimawandel-und-wassermangel-gefaehrden-teiche-und-tuempel\/\" \/>\n<meta property=\"og:locale\" content=\"de_DE\" \/>\n<meta property=\"og:type\" content=\"article\" \/>\n<meta property=\"og:title\" content=\"Kleine Gew\u00e4sser, gro\u00dfe Sorgen: Klimawandel und Wassermangel gef\u00e4hrden Teiche und T\u00fcmpel - Sonnenseite - \u00d6kologische Kommunikation mit Franz Alt\" \/>\n<meta property=\"og:description\" content=\"Der Wassermangel in Deutschland und Europa besch\u00e4ftigt auch in diesem Sommer Politik und \u00d6ffentlichkeit. Im Fokus stehen dabei meist gr\u00f6\u00dfere Fl\u00fcsse, Seen\" \/>\n<meta property=\"og:url\" content=\"https:\/\/www.sonnenseite.com\/de\/umwelt\/kleine-gewaesser-grosse-sorgen-klimawandel-und-wassermangel-gefaehrden-teiche-und-tuempel\/\" \/>\n<meta property=\"og:site_name\" content=\"Sonnenseite\" \/>\n<meta property=\"article:publisher\" content=\"https:\/\/www.facebook.com\/pages\/Franz-Alt-SONNENSEITECOM\/221072987903953?fref=ts\" \/>\n<meta property=\"article:published_time\" content=\"2023-09-07T06:52:04+00:00\" \/>\n<meta property=\"article:modified_time\" content=\"2023-09-07T06:52:05+00:00\" \/>\n<meta property=\"og:image\" content=\"https:\/\/www.sonnenseite.com\/wp-content\/uploads\/2022\/02\/Moore_harrybeugelink@gmail.com_.jpg\" \/>\n\t<meta property=\"og:image:width\" content=\"770\" \/>\n\t<meta property=\"og:image:height\" content=\"420\" \/>\n\t<meta property=\"og:image:type\" content=\"image\/jpeg\" \/>\n<meta name=\"author\" content=\"Bigi Alt\" \/>\n<meta name=\"twitter:card\" content=\"summary_large_image\" \/>\n<meta name=\"twitter:creator\" content=\"@franzalt\" \/>\n<meta name=\"twitter:site\" content=\"@franzalt\" \/>\n<meta name=\"twitter:label1\" content=\"Verfasst von\" \/>\n\t<meta name=\"twitter:data1\" content=\"Bigi Alt\" \/>\n\t<meta name=\"twitter:label2\" content=\"Gesch\u00e4tzte Lesezeit\" \/>\n\t<meta name=\"twitter:data2\" content=\"4\u00a0Minuten\" \/>\n<script type=\"application\/ld+json\" class=\"yoast-schema-graph\">{\"@context\":\"https:\/\/schema.org\",\"@graph\":[{\"@type\":\"Article\",\"@id\":\"https:\/\/www.sonnenseite.com\/de\/umwelt\/kleine-gewaesser-grosse-sorgen-klimawandel-und-wassermangel-gefaehrden-teiche-und-tuempel\/#article\",\"isPartOf\":{\"@id\":\"https:\/\/www.sonnenseite.com\/de\/umwelt\/kleine-gewaesser-grosse-sorgen-klimawandel-und-wassermangel-gefaehrden-teiche-und-tuempel\/\"},\"author\":{\"name\":\"Bigi Alt\",\"@id\":\"https:\/\/www.sonnenseite.com\/de\/#\/schema\/person\/50fda0e926597684c7cc6695238a4eb9\"},\"headline\":\"Kleine Gew\u00e4sser, gro\u00dfe Sorgen: Klimawandel und Wassermangel gef\u00e4hrden Teiche und T\u00fcmpel\",\"datePublished\":\"2023-09-07T06:52:04+00:00\",\"dateModified\":\"2023-09-07T06:52:05+00:00\",\"mainEntityOfPage\":{\"@id\":\"https:\/\/www.sonnenseite.com\/de\/umwelt\/kleine-gewaesser-grosse-sorgen-klimawandel-und-wassermangel-gefaehrden-teiche-und-tuempel\/\"},\"wordCount\":724,\"publisher\":{\"@id\":\"https:\/\/www.sonnenseite.com\/de\/#organization\"},\"image\":{\"@id\":\"https:\/\/www.sonnenseite.com\/de\/umwelt\/kleine-gewaesser-grosse-sorgen-klimawandel-und-wassermangel-gefaehrden-teiche-und-tuempel\/#primaryimage\"},\"thumbnailUrl\":\"https:\/\/www.sonnenseite.com\/wp-content\/uploads\/2022\/02\/Moore_harrybeugelink@gmail.com_.jpg\",\"articleSection\":[\"Umwelt\"],\"inLanguage\":\"de\"},{\"@type\":\"WebPage\",\"@id\":\"https:\/\/www.sonnenseite.com\/de\/umwelt\/kleine-gewaesser-grosse-sorgen-klimawandel-und-wassermangel-gefaehrden-teiche-und-tuempel\/\",\"url\":\"https:\/\/www.sonnenseite.com\/de\/umwelt\/kleine-gewaesser-grosse-sorgen-klimawandel-und-wassermangel-gefaehrden-teiche-und-tuempel\/\",\"name\":\"Kleine Gew\u00e4sser, gro\u00dfe Sorgen: Klimawandel und Wassermangel gef\u00e4hrden Teiche und T\u00fcmpel - Sonnenseite - \u00d6kologische Kommunikation mit Franz Alt\",\"isPartOf\":{\"@id\":\"https:\/\/www.sonnenseite.com\/de\/#website\"},\"primaryImageOfPage\":{\"@id\":\"https:\/\/www.sonnenseite.com\/de\/umwelt\/kleine-gewaesser-grosse-sorgen-klimawandel-und-wassermangel-gefaehrden-teiche-und-tuempel\/#primaryimage\"},\"image\":{\"@id\":\"https:\/\/www.sonnenseite.com\/de\/umwelt\/kleine-gewaesser-grosse-sorgen-klimawandel-und-wassermangel-gefaehrden-teiche-und-tuempel\/#primaryimage\"},\"thumbnailUrl\":\"https:\/\/www.sonnenseite.com\/wp-content\/uploads\/2022\/02\/Moore_harrybeugelink@gmail.com_.jpg\",\"datePublished\":\"2023-09-07T06:52:04+00:00\",\"dateModified\":\"2023-09-07T06:52:05+00:00\",\"description\":\"Der Wassermangel in Deutschland und Europa besch\u00e4ftigt auch in diesem Sommer Politik und \u00d6ffentlichkeit. Im Fokus stehen dabei meist gr\u00f6\u00dfere Fl\u00fcsse, Seen\",\"breadcrumb\":{\"@id\":\"https:\/\/www.sonnenseite.com\/de\/umwelt\/kleine-gewaesser-grosse-sorgen-klimawandel-und-wassermangel-gefaehrden-teiche-und-tuempel\/#breadcrumb\"},\"inLanguage\":\"de\",\"potentialAction\":[{\"@type\":\"ReadAction\",\"target\":[\"https:\/\/www.sonnenseite.com\/de\/umwelt\/kleine-gewaesser-grosse-sorgen-klimawandel-und-wassermangel-gefaehrden-teiche-und-tuempel\/\"]}]},{\"@type\":\"ImageObject\",\"inLanguage\":\"de\",\"@id\":\"https:\/\/www.sonnenseite.com\/de\/umwelt\/kleine-gewaesser-grosse-sorgen-klimawandel-und-wassermangel-gefaehrden-teiche-und-tuempel\/#primaryimage\",\"url\":\"https:\/\/www.sonnenseite.com\/wp-content\/uploads\/2022\/02\/Moore_harrybeugelink@gmail.com_.jpg\",\"contentUrl\":\"https:\/\/www.sonnenseite.com\/wp-content\/uploads\/2022\/02\/Moore_harrybeugelink@gmail.com_.jpg\",\"width\":770,\"height\":420,\"caption\":\"Depositphotos.com | harrybeugelink@gmail.com\"},{\"@type\":\"BreadcrumbList\",\"@id\":\"https:\/\/www.sonnenseite.com\/de\/umwelt\/kleine-gewaesser-grosse-sorgen-klimawandel-und-wassermangel-gefaehrden-teiche-und-tuempel\/#breadcrumb\",\"itemListElement\":[{\"@type\":\"ListItem\",\"position\":1,\"name\":\"Startseite\",\"item\":\"https:\/\/www.sonnenseite.com\/de\/\"},{\"@type\":\"ListItem\",\"position\":2,\"name\":\"Kleine Gew\u00e4sser, gro\u00dfe Sorgen: Klimawandel und Wassermangel gef\u00e4hrden Teiche und T\u00fcmpel\"}]},{\"@type\":\"WebSite\",\"@id\":\"https:\/\/www.sonnenseite.com\/de\/#website\",\"url\":\"https:\/\/www.sonnenseite.com\/de\/\",\"name\":\"Sonnenseite\",\"description\":\"\u00d6kologische Kommunikation mit Franz Alt\",\"publisher\":{\"@id\":\"https:\/\/www.sonnenseite.com\/de\/#organization\"},\"potentialAction\":[{\"@type\":\"SearchAction\",\"target\":{\"@type\":\"EntryPoint\",\"urlTemplate\":\"https:\/\/www.sonnenseite.com\/de\/?s={search_term_string}\"},\"query-input\":{\"@type\":\"PropertyValueSpecification\",\"valueRequired\":true,\"valueName\":\"search_term_string\"}}],\"inLanguage\":\"de\"},{\"@type\":\"Organization\",\"@id\":\"https:\/\/www.sonnenseite.com\/de\/#organization\",\"name\":\"Sonnenseite\",\"url\":\"https:\/\/www.sonnenseite.com\/de\/\",\"logo\":{\"@type\":\"ImageObject\",\"inLanguage\":\"de\",\"@id\":\"https:\/\/www.sonnenseite.com\/de\/#\/schema\/logo\/image\/\",\"url\":\"https:\/\/www.sonnenseite.com\/wp-content\/uploads\/2020\/05\/Sonnenseite_Logo.png\",\"contentUrl\":\"https:\/\/www.sonnenseite.com\/wp-content\/uploads\/2020\/05\/Sonnenseite_Logo.png\",\"width\":377,\"height\":90,\"caption\":\"Sonnenseite\"},\"image\":{\"@id\":\"https:\/\/www.sonnenseite.com\/de\/#\/schema\/logo\/image\/\"},\"sameAs\":[\"https:\/\/www.facebook.com\/pages\/Franz-Alt-SONNENSEITECOM\/221072987903953?fref=ts\",\"https:\/\/x.com\/franzalt\",\"http:\/\/www.youtube.com\/results?search_query&amp;amp;quot;franz_alt&amp;amp;quot;&amp;amp;amp;amp;search_type&amp;amp;amp;amp;aq=f\"]},{\"@type\":\"Person\",\"@id\":\"https:\/\/www.sonnenseite.com\/de\/#\/schema\/person\/50fda0e926597684c7cc6695238a4eb9\",\"name\":\"Bigi Alt\"}]}<\/script>\n<!-- \/ Yoast SEO plugin. -->","yoast_head_json":{"title":"Kleine Gew\u00e4sser, gro\u00dfe Sorgen: Klimawandel und Wassermangel gef\u00e4hrden Teiche und T\u00fcmpel - Sonnenseite - \u00d6kologische Kommunikation mit Franz Alt","description":"Der Wassermangel in Deutschland und Europa besch\u00e4ftigt auch in diesem Sommer Politik und \u00d6ffentlichkeit. Im Fokus stehen dabei meist gr\u00f6\u00dfere Fl\u00fcsse, Seen","robots":{"index":"index","follow":"follow","max-snippet":"max-snippet:-1","max-image-preview":"max-image-preview:large","max-video-preview":"max-video-preview:-1"},"canonical":"https:\/\/www.sonnenseite.com\/de\/umwelt\/kleine-gewaesser-grosse-sorgen-klimawandel-und-wassermangel-gefaehrden-teiche-und-tuempel\/","og_locale":"de_DE","og_type":"article","og_title":"Kleine Gew\u00e4sser, gro\u00dfe Sorgen: Klimawandel und Wassermangel gef\u00e4hrden Teiche und T\u00fcmpel - Sonnenseite - \u00d6kologische Kommunikation mit Franz Alt","og_description":"Der Wassermangel in Deutschland und Europa besch\u00e4ftigt auch in diesem Sommer Politik und \u00d6ffentlichkeit. Im Fokus stehen dabei meist gr\u00f6\u00dfere Fl\u00fcsse, Seen","og_url":"https:\/\/www.sonnenseite.com\/de\/umwelt\/kleine-gewaesser-grosse-sorgen-klimawandel-und-wassermangel-gefaehrden-teiche-und-tuempel\/","og_site_name":"Sonnenseite","article_publisher":"https:\/\/www.facebook.com\/pages\/Franz-Alt-SONNENSEITECOM\/221072987903953?fref=ts","article_published_time":"2023-09-07T06:52:04+00:00","article_modified_time":"2023-09-07T06:52:05+00:00","og_image":[{"width":770,"height":420,"url":"https:\/\/www.sonnenseite.com\/wp-content\/uploads\/2022\/02\/Moore_harrybeugelink@gmail.com_.jpg","type":"image\/jpeg"}],"author":"Bigi Alt","twitter_card":"summary_large_image","twitter_creator":"@franzalt","twitter_site":"@franzalt","twitter_misc":{"Verfasst von":"Bigi Alt","Gesch\u00e4tzte Lesezeit":"4\u00a0Minuten"},"schema":{"@context":"https:\/\/schema.org","@graph":[{"@type":"Article","@id":"https:\/\/www.sonnenseite.com\/de\/umwelt\/kleine-gewaesser-grosse-sorgen-klimawandel-und-wassermangel-gefaehrden-teiche-und-tuempel\/#article","isPartOf":{"@id":"https:\/\/www.sonnenseite.com\/de\/umwelt\/kleine-gewaesser-grosse-sorgen-klimawandel-und-wassermangel-gefaehrden-teiche-und-tuempel\/"},"author":{"name":"Bigi Alt","@id":"https:\/\/www.sonnenseite.com\/de\/#\/schema\/person\/50fda0e926597684c7cc6695238a4eb9"},"headline":"Kleine Gew\u00e4sser, gro\u00dfe Sorgen: Klimawandel und Wassermangel gef\u00e4hrden Teiche und T\u00fcmpel","datePublished":"2023-09-07T06:52:04+00:00","dateModified":"2023-09-07T06:52:05+00:00","mainEntityOfPage":{"@id":"https:\/\/www.sonnenseite.com\/de\/umwelt\/kleine-gewaesser-grosse-sorgen-klimawandel-und-wassermangel-gefaehrden-teiche-und-tuempel\/"},"wordCount":724,"publisher":{"@id":"https:\/\/www.sonnenseite.com\/de\/#organization"},"image":{"@id":"https:\/\/www.sonnenseite.com\/de\/umwelt\/kleine-gewaesser-grosse-sorgen-klimawandel-und-wassermangel-gefaehrden-teiche-und-tuempel\/#primaryimage"},"thumbnailUrl":"https:\/\/www.sonnenseite.com\/wp-content\/uploads\/2022\/02\/Moore_harrybeugelink@gmail.com_.jpg","articleSection":["Umwelt"],"inLanguage":"de"},{"@type":"WebPage","@id":"https:\/\/www.sonnenseite.com\/de\/umwelt\/kleine-gewaesser-grosse-sorgen-klimawandel-und-wassermangel-gefaehrden-teiche-und-tuempel\/","url":"https:\/\/www.sonnenseite.com\/de\/umwelt\/kleine-gewaesser-grosse-sorgen-klimawandel-und-wassermangel-gefaehrden-teiche-und-tuempel\/","name":"Kleine Gew\u00e4sser, gro\u00dfe Sorgen: Klimawandel und Wassermangel gef\u00e4hrden Teiche und T\u00fcmpel - Sonnenseite - \u00d6kologische Kommunikation mit Franz Alt","isPartOf":{"@id":"https:\/\/www.sonnenseite.com\/de\/#website"},"primaryImageOfPage":{"@id":"https:\/\/www.sonnenseite.com\/de\/umwelt\/kleine-gewaesser-grosse-sorgen-klimawandel-und-wassermangel-gefaehrden-teiche-und-tuempel\/#primaryimage"},"image":{"@id":"https:\/\/www.sonnenseite.com\/de\/umwelt\/kleine-gewaesser-grosse-sorgen-klimawandel-und-wassermangel-gefaehrden-teiche-und-tuempel\/#primaryimage"},"thumbnailUrl":"https:\/\/www.sonnenseite.com\/wp-content\/uploads\/2022\/02\/Moore_harrybeugelink@gmail.com_.jpg","datePublished":"2023-09-07T06:52:04+00:00","dateModified":"2023-09-07T06:52:05+00:00","description":"Der Wassermangel in Deutschland und Europa besch\u00e4ftigt auch in diesem Sommer Politik und \u00d6ffentlichkeit. Im Fokus stehen dabei meist gr\u00f6\u00dfere Fl\u00fcsse, Seen","breadcrumb":{"@id":"https:\/\/www.sonnenseite.com\/de\/umwelt\/kleine-gewaesser-grosse-sorgen-klimawandel-und-wassermangel-gefaehrden-teiche-und-tuempel\/#breadcrumb"},"inLanguage":"de","potentialAction":[{"@type":"ReadAction","target":["https:\/\/www.sonnenseite.com\/de\/umwelt\/kleine-gewaesser-grosse-sorgen-klimawandel-und-wassermangel-gefaehrden-teiche-und-tuempel\/"]}]},{"@type":"ImageObject","inLanguage":"de","@id":"https:\/\/www.sonnenseite.com\/de\/umwelt\/kleine-gewaesser-grosse-sorgen-klimawandel-und-wassermangel-gefaehrden-teiche-und-tuempel\/#primaryimage","url":"https:\/\/www.sonnenseite.com\/wp-content\/uploads\/2022\/02\/Moore_harrybeugelink@gmail.com_.jpg","contentUrl":"https:\/\/www.sonnenseite.com\/wp-content\/uploads\/2022\/02\/Moore_harrybeugelink@gmail.com_.jpg","width":770,"height":420,"caption":"Depositphotos.com | harrybeugelink@gmail.com"},{"@type":"BreadcrumbList","@id":"https:\/\/www.sonnenseite.com\/de\/umwelt\/kleine-gewaesser-grosse-sorgen-klimawandel-und-wassermangel-gefaehrden-teiche-und-tuempel\/#breadcrumb","itemListElement":[{"@type":"ListItem","position":1,"name":"Startseite","item":"https:\/\/www.sonnenseite.com\/de\/"},{"@type":"ListItem","position":2,"name":"Kleine Gew\u00e4sser, gro\u00dfe Sorgen: Klimawandel und Wassermangel gef\u00e4hrden Teiche und T\u00fcmpel"}]},{"@type":"WebSite","@id":"https:\/\/www.sonnenseite.com\/de\/#website","url":"https:\/\/www.sonnenseite.com\/de\/","name":"Sonnenseite","description":"\u00d6kologische Kommunikation mit Franz Alt","publisher":{"@id":"https:\/\/www.sonnenseite.com\/de\/#organization"},"potentialAction":[{"@type":"SearchAction","target":{"@type":"EntryPoint","urlTemplate":"https:\/\/www.sonnenseite.com\/de\/?s={search_term_string}"},"query-input":{"@type":"PropertyValueSpecification","valueRequired":true,"valueName":"search_term_string"}}],"inLanguage":"de"},{"@type":"Organization","@id":"https:\/\/www.sonnenseite.com\/de\/#organization","name":"Sonnenseite","url":"https:\/\/www.sonnenseite.com\/de\/","logo":{"@type":"ImageObject","inLanguage":"de","@id":"https:\/\/www.sonnenseite.com\/de\/#\/schema\/logo\/image\/","url":"https:\/\/www.sonnenseite.com\/wp-content\/uploads\/2020\/05\/Sonnenseite_Logo.png","contentUrl":"https:\/\/www.sonnenseite.com\/wp-content\/uploads\/2020\/05\/Sonnenseite_Logo.png","width":377,"height":90,"caption":"Sonnenseite"},"image":{"@id":"https:\/\/www.sonnenseite.com\/de\/#\/schema\/logo\/image\/"},"sameAs":["https:\/\/www.facebook.com\/pages\/Franz-Alt-SONNENSEITECOM\/221072987903953?fref=ts","https:\/\/x.com\/franzalt","http:\/\/www.youtube.com\/results?search_query&amp;amp;quot;franz_alt&amp;amp;quot;&amp;amp;amp;amp;search_type&amp;amp;amp;amp;aq=f"]},{"@type":"Person","@id":"https:\/\/www.sonnenseite.com\/de\/#\/schema\/person\/50fda0e926597684c7cc6695238a4eb9","name":"Bigi Alt"}]}},"_links":{"self":[{"href":"https:\/\/www.sonnenseite.com\/de\/wp-json\/wp\/v2\/posts\/93895","targetHints":{"allow":["GET"]}}],"collection":[{"href":"https:\/\/www.sonnenseite.com\/de\/wp-json\/wp\/v2\/posts"}],"about":[{"href":"https:\/\/www.sonnenseite.com\/de\/wp-json\/wp\/v2\/types\/post"}],"author":[{"embeddable":true,"href":"https:\/\/www.sonnenseite.com\/de\/wp-json\/wp\/v2\/users\/3"}],"replies":[{"embeddable":true,"href":"https:\/\/www.sonnenseite.com\/de\/wp-json\/wp\/v2\/comments?post=93895"}],"version-history":[{"count":2,"href":"https:\/\/www.sonnenseite.com\/de\/wp-json\/wp\/v2\/posts\/93895\/revisions"}],"predecessor-version":[{"id":93897,"href":"https:\/\/www.sonnenseite.com\/de\/wp-json\/wp\/v2\/posts\/93895\/revisions\/93897"}],"wp:featuredmedia":[{"embeddable":true,"href":"https:\/\/www.sonnenseite.com\/de\/wp-json\/wp\/v2\/media\/79133"}],"wp:attachment":[{"href":"https:\/\/www.sonnenseite.com\/de\/wp-json\/wp\/v2\/media?parent=93895"}],"wp:term":[{"taxonomy":"category","embeddable":true,"href":"https:\/\/www.sonnenseite.com\/de\/wp-json\/wp\/v2\/categories?post=93895"},{"taxonomy":"post_tag","embeddable":true,"href":"https:\/\/www.sonnenseite.com\/de\/wp-json\/wp\/v2\/tags?post=93895"}],"curies":[{"name":"wp","href":"https:\/\/api.w.org\/{rel}","templated":true}]}}