{"id":94163,"date":"2023-09-20T07:08:00","date_gmt":"2023-09-20T05:08:00","guid":{"rendered":"https:\/\/www.sonnenseite.com\/?p=94163"},"modified":"2023-10-10T11:43:01","modified_gmt":"2023-10-10T09:43:01","slug":"94163","status":"publish","type":"post","link":"https:\/\/www.sonnenseite.com\/de\/politik\/94163\/","title":{"rendered":"EU-Klimapolitik zu wenig ehrgeizig"},"content":{"rendered":"\n<p>EU-Klimaschutzpolitik angesichts der rasanten Zunahme der globalen Klimakatastrophen und der Herausforderung der chinesischen Klimaschutzindustrie weiter viel zu schwach.<\/p>\n\n\n\n<p>Letzte Woche gab es drei Gro\u00dfereignisse auf EU-Ebene, die sich mit zentralen Elementen der EU-Klimapolitik befassten: Die Beschl\u00fcsse im EU-Parlament zur EU-Richtline f\u00fcr den Ausbau der Erneuerbaren Energien RED III und der Strombinnenmarktrichtlinie. Au\u00dferdem den Green Deal, der insbesondere in der Regierungsrede von EU-Kommissionspr\u00e4sidenten Ursula von der Leyen eine wichtige Rolle spielte.<\/p>\n\n\n\n<p>Alle Beschl\u00fcsse und politischen Absichtserkl\u00e4rungen sind immer noch weit weg von dem, was ein wirksamer Klimaschutz angesichts der immer schlimmer um sich greifenden Katastrophen erfordern w\u00fcrde: Das Ende aller Emissionen bis 2030, verbunden mit dem Ausbau von starken Kohlenstoffsenken.<\/p>\n\n\n\n<h4 class=\"wp-block-heading\">Die Klimakatastrophen haben diesen Sommer eine neue Schreckensdimension erreicht, doch es gibt keine angemessene Versch\u00e4rfung der Klimapolitik als Reaktion darauf<\/h4>\n\n\n\n<p>Auf der Nordhalbkugel hat es in diesem Jahr&nbsp;<strong>katastrophale Waldbr\u00e4nde<\/strong>&nbsp;von rekordverd\u00e4chtigem Ausma\u00df mit ebenfalls rekordverd\u00e4chtigen Emissionen gegeben, so die&nbsp;<a href=\"https:\/\/www.fr.de\/wissen\/eu-dienst-waldbraende-auf-nordhalbkugel-rekordverdaechtig-zr-92518699.html\" target=\"_blank\" rel=\"noreferrer noopener\">vorl\u00e4ufige Bilanz des EU-Atmosph\u00e4rendienstes CAMS (Copernicus Atmosphere Monitoring Service).<\/a><\/p>\n\n\n\n<p>Auch Kalifornien wird seit Jahren von schlimmsten Klimakatstrophen mit gro\u00dfen Sch\u00e4den heimgesucht. Nun hat der Staat Kalifornien die f\u00fcnf gr\u00f6\u00dften dort operierenden \u00d6lkonzerne \u2013 Exxon-Mobil, Shell, BP, Conoco-Phillips und Chevron \u2013 sowie den Industrieverband American Petroleum Institute&nbsp;<a href=\"https:\/\/www.deutschlandfunk.de\/kalifornien-verklagt-weltgroesste-oelfirmen-wegen-klimawandels-100.html\" target=\"_blank\" rel=\"noreferrer noopener\">auf Schadensersatz verklagt.<\/a><\/p>\n\n\n\n<p>Auch in Europa haben sich besonders heftige Hitzewellen und D\u00fcrren \u2013 \u00e4hnlich wie in Kalifornien \u2013 mit verheerenden Starkregenf\u00e4llen abgewechselt. Schlimmste Verw\u00fcstungen durch Starkregen gab es insbesondere in Slowenien, K\u00e4rnten, Spanien, Italien \u2013 und j\u00fcngst erst in Griechenland, Bulgarien und der T\u00fcrkei. Doch eine Reaktion wie in Kalifornien, n\u00e4mlich rechtliche Schritte gegen die Verursacher, wird auf EU-F\u00fchrungsebene nicht einmal erwogen.<\/p>\n\n\n\n<h4 class=\"wp-block-heading\">Starkregenkatastrophe in Libyen \u2013 wer ist schuldig?<\/h4>\n\n\n\n<p>Die Regen- und Sturmkatastrophe in Libyen zeigt eine Schreckensdimension, wie sie bisher in dieser W\u00fcstengegend noch nie erlebt wurde. Alleine in der Stadt Darna sind viele tausend Tote zu beklagen. Ein Drittel der Stadt mit ca. 100 Tausend Einwohner existiert nicht mehr. Zwei Staud\u00e4mme brachen unter der Flut der Regenmassen. Die Wassermassen haben H\u00e4user, Br\u00fccken, Stra\u00dfen, Autos, Menschen und Tiere ins Meer geschwemmt. Inzwischen breitet sich Cholera aus, weil das Grundwasser zum Teil mit Leichen verseucht ist.<\/p>\n\n\n\n<p>Nun werden Schuldige gesucht, die angeblich versagt haben sollen, indem sie die Staud\u00e4mme nicht richtig gewartet haben. Ganz in dem Glauben, dass man solche Wassermassen nur durch die richtige Bauweise ohne Sch\u00e4den beherrschen k\u00f6nnte. Doch das wird nie gelingen.<\/p>\n\n\n\n<p>Aber die wahren Schuldigen sucht man dort nicht: Die Manager der fossilen Wirtschaft mit ihren Gesch\u00e4ften rund um Erd\u00f6l, Erdgas und Kohle. Sie sitzen gerade auch in Libyen selbst. Das Land ist als Mitglied der OPEC einer der gro\u00dfen \u00d6lf\u00f6rderer und hatte&nbsp;<a href=\"https:\/\/de.wikipedia.org\/wiki\/Erd%C3%B6l\/Tabellen_und_Grafiken\" target=\"_blank\" rel=\"noreferrer noopener\">im Jahr 2022 einen Anteil von etwa 1,2 Prozent<\/a>&nbsp;an der gesamten Welt\u00f6lf\u00f6rderung.<\/p>\n\n\n\n<p>Doch nirgends habe ich gelesen, dass nun der Erd\u00f6l-, Erdgas- und Kohlewirtschaft die Schuld zugeschrieben wird, dass Starkregen wie auch dieser in Libyen immer mehr zunehmen. Dabei w\u00e4re es dringend erforderlich, dies zu tun und sie vor Gericht zu ziehen, so wie es Kalifornien nun tut.<\/p>\n\n\n\n<p>Unwidersprochen, als ob es keine solche Katastrophe gegeben h\u00e4tte, haben die libyschen \u00d6lh\u00e4fen jedoch inzwischen die Verschiffung des klimasch\u00e4dlichen Erd\u00f6ls wieder aufgenommen, wie Tecson am 15. September berichtete. Ein Innehalten, ob dies angesichts der Toten in Derna sinnvoll ist, gibt es nicht, und so tr\u00e4gt auch Libyen fortw\u00e4hrend zur weiteren Erw\u00e4rmung der Atmosph\u00e4re bei, und die kommenden Katastrophen werden immer schlimmer.<\/p>\n\n\n\n<p>Klar ist doch: Je mehr Treibhausgasemissionen weiterhin in die Atmosph\u00e4re freigesetzt werden, desto st\u00e4rker wird sich die Erde erw\u00e4rmen, und Katastrophen wie in Griechenland, Kalifornien, Libyen und anderen Regionen werden immer h\u00e4ufiger und schwerwiegender auftreten.<\/p>\n\n\n\n<h4 class=\"wp-block-heading\">EU-Parlament beschlie\u00dft h\u00f6heres aber immer noch komplett unzul\u00e4ngliches Ziel f\u00fcr Erneuerbare Energien<\/h4>\n\n\n\n<p>Da klingt es scheinbar gut, dass das EU-Parlament nun mit der EU-Richtlinie RED III das Ziel des Ausbaus der Erneuerbaren Energien angehoben hat. Anstelle der bisherigen 32 % ist nun geplant, bis 2030 einen Anteil von 45 % an der Gesamtenergieversorgung durch erneuerbare Energien zu erreichen. Dies bedeutet, dass auch nach 2030 immer noch mehr als 50 % fossile Energien genutzt werden sollen, die hohe Emissionen verursachen.<\/p>\n\n\n\n<p>Selbst im Jahr 2030, wenn die globalen Katastrophen voraussichtlich ein noch schlimmeres Ausma\u00df als die diesj\u00e4hrigen Waldbr\u00e4nde in Kanada oder Starkregenereignisse wie in Griechenland oder Libyen angenommen haben werden, plant die EU weiterhin eine betr\u00e4chtliche Emission von Klimagasen, was die Katastrophen weiterhin massiv versch\u00e4rfen wird.<\/p>\n\n\n\n<p>Dies wird von immer mehr Menschen zu Recht als unverantwortlicher Irrsinn angesehen, und sie protestieren gewaltfrei dagegen, werden jedoch daf\u00fcr verhaftet, wie&nbsp;<a href=\"https:\/\/www.tagesschau.de\/ausland\/festnahmen-den-haag-100.html\" target=\"_blank\" rel=\"noreferrer noopener\">Tausende Klimaprotestierende in den Niederlanden letzte Woche<\/a>.<\/p>\n\n\n\n<h4 class=\"wp-block-heading\">EU-Parlament hat durchaus auch neue gute Ma\u00dfnahmen f\u00fcr Erneuerbare Energien beschlossen<\/h4>\n\n\n\n<p>So unzureichend das Ziel von 45 Prozent Erneuerbaren Energien bis 2030 in der EU auch sein mag, hat das EU-Parlament dennoch neue Ma\u00dfnahmen beschlossen, die ihren Ausbau beschleunigen sollen. Insbesondere das Konzept des Energy Sharing, das in Deutschland immer noch nicht vollst\u00e4ndig umgesetzt ist, wurde vom EU-Parlament weiter gest\u00e4rkt.<\/p>\n\n\n\n<p>Es soll ein&nbsp;<a href=\"https:\/\/michaelbloss.eu\/de\/presse\/themenhintergrund\/eu-strommarkt-ausschuss-beschliesst-parlamentsposition\" target=\"_blank\" rel=\"noreferrer noopener\">Recht auf Energy Sharing<\/a>&nbsp;(das Teilen von Energie mit anderen) geben: Jeder Kleinerzeuger kann seinen Strom formlos per App an jeden Verbraucher in derselben Preiszone weitergeben. Auch Unternehmen wie Superm\u00e4rkte sollen ihren Solarstrom mit ihren Nachbarn teilen d\u00fcrfen.<\/p>\n\n\n\n<p>Endlich hat auch das EU-Parlament Erneuerbare Energien nach dem Vorbild Deutschlands in den Rang des \u00fcberragenden \u00f6ffentlichen Interesses erhoben. Damit verbunden sind Auflagen, die die Mitgliedsstaaten zwingen werden, die Genehmigung von Anlagen f\u00fcr Erneuerbare Energien massiv zu beschleunigen. Die Beschl\u00fcsse des EU-Parlaments m\u00fcssen jedoch noch vom Rat best\u00e4tigt werden, bevor sie in Kraft treten k\u00f6nnen.<\/p>\n\n\n\n<h4 class=\"wp-block-heading\">Kommissionspr\u00e4sidentin von der Leyen hat keine Industrie-Rezepte, will aber Antidumping gegen China und wird so die Durchdringung der emissionsfreien Techniken in der EU behindern<\/h4>\n\n\n\n<p>In ihrer Rede zur Lage der EU letzte Woche k\u00fcndigte die Kommissionspr\u00e4sidentin an, die Subventionen Chinas f\u00fcr Elektroautos zu \u00fcberpr\u00fcfen. Ihr Ziel ist es, die deutsche Automobilindustrie vor angeblich unfairen Subventionen zu sch\u00fctzen. Am Ende des \u00dcberpr\u00fcfungsverfahrens k\u00f6nnten EU-Einfuhrz\u00f6lle auf chinesische E-Autos erhoben werden. Dies wird mit angeblich unfairen Subventionen seitens des chinesischen Staates, die gegen WTO-Regeln versto\u00dfen w\u00fcrden, begr\u00fcndet.<\/p>\n\n\n\n<p>Allerdings gibt es auch heftige Kritik aus der betroffenen deutschen Wirtschaft, insbesondere von der Automobilindustrie,&nbsp;<a href=\"https:\/\/www.faz.net\/aktuell\/wirtschaft\/zoelle-auf-chinesische-e-autos-die-panische-reaktion-der-eu-19173904.html\" target=\"_blank\" rel=\"noreferrer noopener\">wie die wirtschaftsnahe FAZ zu Recht kommentiert.<\/a><\/p>\n\n\n\n<p>Die Erinnerung an die Solarz\u00f6lle auf chinesische Importmodule im letzten Jahrzehnt ist noch frisch. Frau von der Leyen hat offenbar nicht erkannt, dass diese Solarz\u00f6lle zusammen mit anderen von der EU-Kommission ergriffenen Ma\u00dfnahmen, wie Ausschreibungen, zu einem drastischen Einbruch des Marktes in der EU gef\u00fchrt haben und somit dem Klimaschutz einen B\u00e4rendienst erwiesen haben. Das urspr\u00fcngliche Ziel, den Schutz der deutschen Solarindustrie, wurde vollkommen verfehlt.&nbsp;<a href=\"https:\/\/hans-josef-fell.de\/2022\/06\/08\/ein-eindrucksvoller-film-zur-deutsch-chinesischen-solargeschichte\/\" target=\"_blank\" rel=\"noreferrer noopener\">Heutzutage ist die chinesische Solarindustrie der europ\u00e4ischen Solarindustrie gegen\u00fcber \u00fcberm\u00e4chtig.<\/a><\/p>\n\n\n\n<p>Die Solarz\u00f6lle haben also die chinesische Solarindustrie gest\u00e4rkt, aber gleichzeitig den Solarmarkt in der EU massiv dezimiert und damit den Klimaschutz behindert.<\/p>\n\n\n\n<p>Es sollte allen klar sein, dass EU-Z\u00f6lle auf E-Autos das gleiche bewirken werden: Die chinesischen Hersteller werden ihre Absatzm\u00e4rkte in anderen Teilen der Welt st\u00e4rken und somit ihre Dominanz in der E-Auto-Produktion ausbauen. Gleichzeitig wird der E-Automarkt in der EU nicht so stark wachsen, wie er m\u00fcsste, um der Klimakatastrophe entgegenzuwirken, und der gesch\u00fctzte EU-Markt wird die Tr\u00e4gheit der europ\u00e4ischen E-Autohersteller weiter belohnen, wodurch sie noch mehr den Anschluss an China und Tesla verlieren werden.<\/p>\n\n\n\n<p>Die EU-Klimapolitik der Kommission unter von der Leyen ist schlichtweg ein Desaster: Die Ziele f\u00fcr den Ausbau Erneuerbarer Energien sind zu schwach, die Abschottung von M\u00e4rkten im Bereich CleanTech wird den Markthochlauf emissionsfreier Technologien in der EU bremsen. Neue gro\u00dfe CleanTech-Industrien werden so nicht aufgebaut, weil die chinesische und US-Konkurrenz inzwischen viel zu stark ist. Ein industrieller Zwerg in der CleanTech-Industrie wie die EU kann den chinesischen Riesen nicht mit Z\u00f6llen und Abschottung bezwingen. Es f\u00fchrt kein Weg an Kooperationen vorbei. Andernfalls werden Klimaschutz und der Aufbau einer starken Klimaschutzindustrie in der EU die Verlierer sein.<\/p>\n\n\n<h5 class=\"green\">Quelle<\/h5>\r\n\n\n\n<p><a href=\"https:\/\/hans-josef-fell.de\/2023\/05\/23\/verschieben-ist-keine-option-mein-interview-in-der-fr\/\" target=\"_blank\" rel=\"noreferrer noopener\"><a href=\"http:\/\/www.hans-josef-fell.de\/\" target=\"_blank\" rel=\"noreferrer noopener\">Hans-Josef Fell 2023<\/a><\/a>\u00a0|\u00a0<a href=\"http:\/\/energywatchgroup.org\/\" target=\"_blank\" rel=\"noreferrer noopener\">Pr\u00e4sident der Energy Watch Group (EWG) und Autor des EEG<\/a><\/p>\n<div class=\"shariff shariff-align-flex-start shariff-widget-align-flex-start\"><div class=\"ShariffHeadline\">Diese Meldung teilen<\/div><ul class=\"shariff-buttons theme-round orientation-horizontal buttonsize-medium\"><li class=\"shariff-button facebook shariff-nocustomcolor\" style=\"background-color:#4273c8;border-radius:1%\"><a href=\"https:\/\/www.facebook.com\/sharer\/sharer.php?u=https%3A%2F%2Fwww.sonnenseite.com%2Fde%2Fpolitik%2F94163%2F\" title=\"Bei Facebook teilen\" aria-label=\"Bei Facebook teilen\" role=\"button\" rel=\"nofollow\" class=\"shariff-link\" style=\";border-radius:1%; background-color:#3b5998; color:#fff\" target=\"_blank\"><span class=\"shariff-icon\" style=\"\"><svg width=\"32px\" height=\"20px\" xmlns=\"http:\/\/www.w3.org\/2000\/svg\" viewBox=\"0 0 18 32\"><path fill=\"#3b5998\" d=\"M17.1 0.2v4.7h-2.8q-1.5 0-2.1 0.6t-0.5 1.9v3.4h5.2l-0.7 5.3h-4.5v13.6h-5.5v-13.6h-4.5v-5.3h4.5v-3.9q0-3.3 1.9-5.2t5-1.8q2.6 0 4.1 0.2z\"\/><\/svg><\/span><\/a><\/li><li class=\"shariff-button twitter shariff-nocustomcolor\" style=\"background-color:#595959;border-radius:1%\"><a href=\"https:\/\/twitter.com\/share?url=https%3A%2F%2Fwww.sonnenseite.com%2Fde%2Fpolitik%2F94163%2F&text=EU-Klimapolitik%20zu%20wenig%20ehrgeizig\" title=\"Bei X teilen\" aria-label=\"Bei X teilen\" role=\"button\" rel=\"noopener nofollow\" class=\"shariff-link\" style=\";border-radius:1%; background-color:#000; color:#fff\" target=\"_blank\"><span class=\"shariff-icon\" style=\"\"><svg width=\"32px\" height=\"20px\" xmlns=\"http:\/\/www.w3.org\/2000\/svg\" viewBox=\"0 0 24 24\"><path fill=\"#000\" d=\"M14.258 10.152L23.176 0h-2.113l-7.747 8.813L7.133 0H0l9.352 13.328L0 23.973h2.113l8.176-9.309 6.531 9.309h7.133zm-2.895 3.293l-.949-1.328L2.875 1.56h3.246l6.086 8.523.945 1.328 7.91 11.078h-3.246zm0 0\"\/><\/svg><\/span><\/a><\/li><li class=\"shariff-button xing shariff-nocustomcolor\" style=\"background-color:#29888a;border-radius:1%\"><a href=\"https:\/\/www.xing.com\/spi\/shares\/new?url=https%3A%2F%2Fwww.sonnenseite.com%2Fde%2Fpolitik%2F94163%2F\" title=\"Bei XING teilen\" aria-label=\"Bei XING teilen\" role=\"button\" rel=\"noopener nofollow\" class=\"shariff-link\" style=\";border-radius:1%; background-color:#126567; color:#fff\" target=\"_blank\"><span class=\"shariff-icon\" style=\"\"><svg width=\"32px\" height=\"20px\" xmlns=\"http:\/\/www.w3.org\/2000\/svg\" viewBox=\"0 0 25 32\"><path fill=\"#126567\" d=\"M10.7 11.9q-0.2 0.3-4.6 8.2-0.5 0.8-1.2 0.8h-4.3q-0.4 0-0.5-0.3t0-0.6l4.5-8q0 0 0 0l-2.9-5q-0.2-0.4 0-0.7 0.2-0.3 0.5-0.3h4.3q0.7 0 1.2 0.8zM25.1 0.4q0.2 0.3 0 0.7l-9.4 16.7 6 11q0.2 0.4 0 0.6-0.2 0.3-0.6 0.3h-4.3q-0.7 0-1.2-0.8l-6-11.1q0.3-0.6 9.5-16.8 0.4-0.8 1.2-0.8h4.3q0.4 0 0.5 0.3z\"\/><\/svg><\/span><\/a><\/li><li class=\"shariff-button linkedin shariff-nocustomcolor\" style=\"background-color:#1488bf;border-radius:1%\"><a href=\"https:\/\/www.linkedin.com\/sharing\/share-offsite\/?url=https%3A%2F%2Fwww.sonnenseite.com%2Fde%2Fpolitik%2F94163%2F\" title=\"Bei LinkedIn teilen\" aria-label=\"Bei LinkedIn teilen\" role=\"button\" rel=\"noopener nofollow\" class=\"shariff-link\" style=\";border-radius:1%; background-color:#0077b5; color:#fff\" target=\"_blank\"><span class=\"shariff-icon\" style=\"\"><svg width=\"32px\" height=\"20px\" xmlns=\"http:\/\/www.w3.org\/2000\/svg\" viewBox=\"0 0 27 32\"><path fill=\"#0077b5\" d=\"M6.2 11.2v17.7h-5.9v-17.7h5.9zM6.6 5.7q0 1.3-0.9 2.2t-2.4 0.9h0q-1.5 0-2.4-0.9t-0.9-2.2 0.9-2.2 2.4-0.9 2.4 0.9 0.9 2.2zM27.4 18.7v10.1h-5.9v-9.5q0-1.9-0.7-2.9t-2.3-1.1q-1.1 0-1.9 0.6t-1.2 1.5q-0.2 0.5-0.2 1.4v9.9h-5.9q0-7.1 0-11.6t0-5.3l0-0.9h5.9v2.6h0q0.4-0.6 0.7-1t1-0.9 1.6-0.8 2-0.3q3 0 4.9 2t1.9 6z\"\/><\/svg><\/span><\/a><\/li><li class=\"shariff-button printer shariff-nocustomcolor\" style=\"background-color:#a8a8a8;border-radius:1%\"><a href=\"javascript:window.print()\" title=\"drucken\" aria-label=\"drucken\" role=\"button\" rel=\"noopener nofollow\" class=\"shariff-link\" style=\";border-radius:1%; background-color:#999; color:#fff\"><span class=\"shariff-icon\" style=\"\"><svg width=\"32px\" height=\"20px\" xmlns=\"http:\/\/www.w3.org\/2000\/svg\" viewBox=\"0 0 30 32\"><path fill=\"#999\" d=\"M6.8 27.4h16v-4.6h-16v4.6zM6.8 16h16v-6.8h-2.8q-0.7 0-1.2-0.5t-0.5-1.2v-2.8h-11.4v11.4zM27.4 17.2q0-0.5-0.3-0.8t-0.8-0.4-0.8 0.4-0.3 0.8 0.3 0.8 0.8 0.3 0.8-0.3 0.3-0.8zM29.7 17.2v7.4q0 0.2-0.2 0.4t-0.4 0.2h-4v2.8q0 0.7-0.5 1.2t-1.2 0.5h-17.2q-0.7 0-1.2-0.5t-0.5-1.2v-2.8h-4q-0.2 0-0.4-0.2t-0.2-0.4v-7.4q0-1.4 1-2.4t2.4-1h1.2v-9.7q0-0.7 0.5-1.2t1.2-0.5h12q0.7 0 1.6 0.4t1.3 0.8l2.7 2.7q0.5 0.5 0.9 1.4t0.4 1.6v4.6h1.1q1.4 0 2.4 1t1 2.4z\"\/><\/svg><\/span><\/a><\/li><li class=\"shariff-button mailto shariff-nocustomcolor\" style=\"background-color:#a8a8a8;border-radius:1%\"><a href=\"mailto:?body=https%3A%2F%2Fwww.sonnenseite.com%2Fde%2Fpolitik%2F94163%2F&subject=EU-Klimapolitik%20zu%20wenig%20ehrgeizig\" title=\"Per E-Mail versenden\" aria-label=\"Per E-Mail versenden\" role=\"button\" rel=\"noopener nofollow\" class=\"shariff-link\" style=\";border-radius:1%; background-color:#999; color:#fff\"><span class=\"shariff-icon\" style=\"\"><svg width=\"32px\" height=\"20px\" xmlns=\"http:\/\/www.w3.org\/2000\/svg\" viewBox=\"0 0 32 32\"><path fill=\"#999\" d=\"M32 12.7v14.2q0 1.2-0.8 2t-2 0.9h-26.3q-1.2 0-2-0.9t-0.8-2v-14.2q0.8 0.9 1.8 1.6 6.5 4.4 8.9 6.1 1 0.8 1.6 1.2t1.7 0.9 2 0.4h0.1q0.9 0 2-0.4t1.7-0.9 1.6-1.2q3-2.2 8.9-6.1 1-0.7 1.8-1.6zM32 7.4q0 1.4-0.9 2.7t-2.2 2.2q-6.7 4.7-8.4 5.8-0.2 0.1-0.7 0.5t-1 0.7-0.9 0.6-1.1 0.5-0.9 0.2h-0.1q-0.4 0-0.9-0.2t-1.1-0.5-0.9-0.6-1-0.7-0.7-0.5q-1.6-1.1-4.7-3.2t-3.6-2.6q-1.1-0.7-2.1-2t-1-2.5q0-1.4 0.7-2.3t2.1-0.9h26.3q1.2 0 2 0.8t0.9 2z\"\/><\/svg><\/span><\/a><\/li><\/ul><\/div>","protected":false},"excerpt":{"rendered":"<p>EU-Klimaschutzpolitik angesichts der rasanten Zunahme der globalen Klimakatastrophen und der Herausforderung der chinesischen Klimaschutzindustrie weiter viel [&hellip;]<\/p>\n","protected":false},"author":3,"featured_media":30588,"comment_status":"closed","ping_status":"closed","sticky":false,"template":"","format":"standard","meta":{"inline_featured_image":false,"footnotes":""},"categories":[21],"tags":[],"class_list":["post-94163","post","type-post","status-publish","format-standard","has-post-thumbnail","hentry","category-politik"],"yoast_head":"<!-- This site is optimized with the Yoast SEO plugin v26.5 - https:\/\/yoast.com\/wordpress\/plugins\/seo\/ -->\n<title>EU-Klimapolitik zu wenig ehrgeizig - Sonnenseite - \u00d6kologische Kommunikation mit Franz Alt<\/title>\n<meta name=\"description\" content=\"EU-Klimaschutzpolitik angesichts der rasanten Zunahme der globalen Klimakatastrophen und der Herausforderung der chinesischen Klimaschutzindustrie weiter\" \/>\n<meta name=\"robots\" content=\"index, follow, max-snippet:-1, max-image-preview:large, max-video-preview:-1\" \/>\n<link rel=\"canonical\" href=\"https:\/\/www.sonnenseite.com\/de\/politik\/94163\/\" \/>\n<meta property=\"og:locale\" content=\"de_DE\" \/>\n<meta property=\"og:type\" content=\"article\" \/>\n<meta property=\"og:title\" content=\"EU-Klimapolitik zu wenig ehrgeizig - Sonnenseite - \u00d6kologische Kommunikation mit Franz Alt\" \/>\n<meta property=\"og:description\" content=\"EU-Klimaschutzpolitik angesichts der rasanten Zunahme der globalen Klimakatastrophen und der Herausforderung der chinesischen Klimaschutzindustrie weiter\" \/>\n<meta property=\"og:url\" content=\"https:\/\/www.sonnenseite.com\/de\/politik\/94163\/\" \/>\n<meta property=\"og:site_name\" content=\"Sonnenseite\" \/>\n<meta property=\"article:publisher\" content=\"https:\/\/www.facebook.com\/pages\/Franz-Alt-SONNENSEITECOM\/221072987903953?fref=ts\" \/>\n<meta property=\"article:published_time\" content=\"2023-09-20T05:08:00+00:00\" \/>\n<meta property=\"article:modified_time\" content=\"2023-10-10T09:43:01+00:00\" \/>\n<meta property=\"og:image\" content=\"https:\/\/www.sonnenseite.com\/wp-content\/uploads\/2017\/02\/europa_Tanja-Bagusat.jpg\" \/>\n\t<meta property=\"og:image:width\" content=\"770\" \/>\n\t<meta property=\"og:image:height\" content=\"420\" \/>\n\t<meta property=\"og:image:type\" content=\"image\/jpeg\" \/>\n<meta name=\"author\" content=\"Bigi Alt\" \/>\n<meta name=\"twitter:card\" content=\"summary_large_image\" \/>\n<meta name=\"twitter:creator\" content=\"@franzalt\" \/>\n<meta name=\"twitter:site\" content=\"@franzalt\" \/>\n<meta name=\"twitter:label1\" content=\"Verfasst von\" \/>\n\t<meta name=\"twitter:data1\" content=\"Bigi Alt\" \/>\n\t<meta name=\"twitter:label2\" content=\"Gesch\u00e4tzte Lesezeit\" \/>\n\t<meta name=\"twitter:data2\" content=\"8\u00a0Minuten\" \/>\n<script type=\"application\/ld+json\" class=\"yoast-schema-graph\">{\"@context\":\"https:\/\/schema.org\",\"@graph\":[{\"@type\":\"Article\",\"@id\":\"https:\/\/www.sonnenseite.com\/de\/politik\/94163\/#article\",\"isPartOf\":{\"@id\":\"https:\/\/www.sonnenseite.com\/de\/politik\/94163\/\"},\"author\":{\"name\":\"Bigi Alt\",\"@id\":\"https:\/\/www.sonnenseite.com\/de\/#\/schema\/person\/50fda0e926597684c7cc6695238a4eb9\"},\"headline\":\"EU-Klimapolitik zu wenig ehrgeizig\",\"datePublished\":\"2023-09-20T05:08:00+00:00\",\"dateModified\":\"2023-10-10T09:43:01+00:00\",\"mainEntityOfPage\":{\"@id\":\"https:\/\/www.sonnenseite.com\/de\/politik\/94163\/\"},\"wordCount\":1377,\"publisher\":{\"@id\":\"https:\/\/www.sonnenseite.com\/de\/#organization\"},\"image\":{\"@id\":\"https:\/\/www.sonnenseite.com\/de\/politik\/94163\/#primaryimage\"},\"thumbnailUrl\":\"https:\/\/www.sonnenseite.com\/wp-content\/uploads\/2017\/02\/europa_Tanja-Bagusat.jpg\",\"articleSection\":[\"Politik\"],\"inLanguage\":\"de\"},{\"@type\":\"WebPage\",\"@id\":\"https:\/\/www.sonnenseite.com\/de\/politik\/94163\/\",\"url\":\"https:\/\/www.sonnenseite.com\/de\/politik\/94163\/\",\"name\":\"EU-Klimapolitik zu wenig ehrgeizig - Sonnenseite - \u00d6kologische Kommunikation mit Franz Alt\",\"isPartOf\":{\"@id\":\"https:\/\/www.sonnenseite.com\/de\/#website\"},\"primaryImageOfPage\":{\"@id\":\"https:\/\/www.sonnenseite.com\/de\/politik\/94163\/#primaryimage\"},\"image\":{\"@id\":\"https:\/\/www.sonnenseite.com\/de\/politik\/94163\/#primaryimage\"},\"thumbnailUrl\":\"https:\/\/www.sonnenseite.com\/wp-content\/uploads\/2017\/02\/europa_Tanja-Bagusat.jpg\",\"datePublished\":\"2023-09-20T05:08:00+00:00\",\"dateModified\":\"2023-10-10T09:43:01+00:00\",\"description\":\"EU-Klimaschutzpolitik angesichts der rasanten Zunahme der globalen Klimakatastrophen und der Herausforderung der chinesischen Klimaschutzindustrie weiter\",\"breadcrumb\":{\"@id\":\"https:\/\/www.sonnenseite.com\/de\/politik\/94163\/#breadcrumb\"},\"inLanguage\":\"de\",\"potentialAction\":[{\"@type\":\"ReadAction\",\"target\":[\"https:\/\/www.sonnenseite.com\/de\/politik\/94163\/\"]}]},{\"@type\":\"ImageObject\",\"inLanguage\":\"de\",\"@id\":\"https:\/\/www.sonnenseite.com\/de\/politik\/94163\/#primaryimage\",\"url\":\"https:\/\/www.sonnenseite.com\/wp-content\/uploads\/2017\/02\/europa_Tanja-Bagusat.jpg\",\"contentUrl\":\"https:\/\/www.sonnenseite.com\/wp-content\/uploads\/2017\/02\/europa_Tanja-Bagusat.jpg\",\"width\":770,\"height\":420,\"caption\":\"Fotolia.com | Tanja-Bagusat\"},{\"@type\":\"BreadcrumbList\",\"@id\":\"https:\/\/www.sonnenseite.com\/de\/politik\/94163\/#breadcrumb\",\"itemListElement\":[{\"@type\":\"ListItem\",\"position\":1,\"name\":\"Startseite\",\"item\":\"https:\/\/www.sonnenseite.com\/de\/\"},{\"@type\":\"ListItem\",\"position\":2,\"name\":\"EU-Klimapolitik zu wenig ehrgeizig\"}]},{\"@type\":\"WebSite\",\"@id\":\"https:\/\/www.sonnenseite.com\/de\/#website\",\"url\":\"https:\/\/www.sonnenseite.com\/de\/\",\"name\":\"Sonnenseite\",\"description\":\"\u00d6kologische Kommunikation mit Franz Alt\",\"publisher\":{\"@id\":\"https:\/\/www.sonnenseite.com\/de\/#organization\"},\"potentialAction\":[{\"@type\":\"SearchAction\",\"target\":{\"@type\":\"EntryPoint\",\"urlTemplate\":\"https:\/\/www.sonnenseite.com\/de\/?s={search_term_string}\"},\"query-input\":{\"@type\":\"PropertyValueSpecification\",\"valueRequired\":true,\"valueName\":\"search_term_string\"}}],\"inLanguage\":\"de\"},{\"@type\":\"Organization\",\"@id\":\"https:\/\/www.sonnenseite.com\/de\/#organization\",\"name\":\"Sonnenseite\",\"url\":\"https:\/\/www.sonnenseite.com\/de\/\",\"logo\":{\"@type\":\"ImageObject\",\"inLanguage\":\"de\",\"@id\":\"https:\/\/www.sonnenseite.com\/de\/#\/schema\/logo\/image\/\",\"url\":\"https:\/\/www.sonnenseite.com\/wp-content\/uploads\/2020\/05\/Sonnenseite_Logo.png\",\"contentUrl\":\"https:\/\/www.sonnenseite.com\/wp-content\/uploads\/2020\/05\/Sonnenseite_Logo.png\",\"width\":377,\"height\":90,\"caption\":\"Sonnenseite\"},\"image\":{\"@id\":\"https:\/\/www.sonnenseite.com\/de\/#\/schema\/logo\/image\/\"},\"sameAs\":[\"https:\/\/www.facebook.com\/pages\/Franz-Alt-SONNENSEITECOM\/221072987903953?fref=ts\",\"https:\/\/x.com\/franzalt\",\"http:\/\/www.youtube.com\/results?search_query&amp;amp;quot;franz_alt&amp;amp;quot;&amp;amp;amp;amp;search_type&amp;amp;amp;amp;aq=f\"]},{\"@type\":\"Person\",\"@id\":\"https:\/\/www.sonnenseite.com\/de\/#\/schema\/person\/50fda0e926597684c7cc6695238a4eb9\",\"name\":\"Bigi Alt\"}]}<\/script>\n<!-- \/ Yoast SEO plugin. -->","yoast_head_json":{"title":"EU-Klimapolitik zu wenig ehrgeizig - Sonnenseite - \u00d6kologische Kommunikation mit Franz Alt","description":"EU-Klimaschutzpolitik angesichts der rasanten Zunahme der globalen Klimakatastrophen und der Herausforderung der chinesischen Klimaschutzindustrie weiter","robots":{"index":"index","follow":"follow","max-snippet":"max-snippet:-1","max-image-preview":"max-image-preview:large","max-video-preview":"max-video-preview:-1"},"canonical":"https:\/\/www.sonnenseite.com\/de\/politik\/94163\/","og_locale":"de_DE","og_type":"article","og_title":"EU-Klimapolitik zu wenig ehrgeizig - Sonnenseite - \u00d6kologische Kommunikation mit Franz Alt","og_description":"EU-Klimaschutzpolitik angesichts der rasanten Zunahme der globalen Klimakatastrophen und der Herausforderung der chinesischen Klimaschutzindustrie weiter","og_url":"https:\/\/www.sonnenseite.com\/de\/politik\/94163\/","og_site_name":"Sonnenseite","article_publisher":"https:\/\/www.facebook.com\/pages\/Franz-Alt-SONNENSEITECOM\/221072987903953?fref=ts","article_published_time":"2023-09-20T05:08:00+00:00","article_modified_time":"2023-10-10T09:43:01+00:00","og_image":[{"width":770,"height":420,"url":"https:\/\/www.sonnenseite.com\/wp-content\/uploads\/2017\/02\/europa_Tanja-Bagusat.jpg","type":"image\/jpeg"}],"author":"Bigi Alt","twitter_card":"summary_large_image","twitter_creator":"@franzalt","twitter_site":"@franzalt","twitter_misc":{"Verfasst von":"Bigi Alt","Gesch\u00e4tzte Lesezeit":"8\u00a0Minuten"},"schema":{"@context":"https:\/\/schema.org","@graph":[{"@type":"Article","@id":"https:\/\/www.sonnenseite.com\/de\/politik\/94163\/#article","isPartOf":{"@id":"https:\/\/www.sonnenseite.com\/de\/politik\/94163\/"},"author":{"name":"Bigi Alt","@id":"https:\/\/www.sonnenseite.com\/de\/#\/schema\/person\/50fda0e926597684c7cc6695238a4eb9"},"headline":"EU-Klimapolitik zu wenig ehrgeizig","datePublished":"2023-09-20T05:08:00+00:00","dateModified":"2023-10-10T09:43:01+00:00","mainEntityOfPage":{"@id":"https:\/\/www.sonnenseite.com\/de\/politik\/94163\/"},"wordCount":1377,"publisher":{"@id":"https:\/\/www.sonnenseite.com\/de\/#organization"},"image":{"@id":"https:\/\/www.sonnenseite.com\/de\/politik\/94163\/#primaryimage"},"thumbnailUrl":"https:\/\/www.sonnenseite.com\/wp-content\/uploads\/2017\/02\/europa_Tanja-Bagusat.jpg","articleSection":["Politik"],"inLanguage":"de"},{"@type":"WebPage","@id":"https:\/\/www.sonnenseite.com\/de\/politik\/94163\/","url":"https:\/\/www.sonnenseite.com\/de\/politik\/94163\/","name":"EU-Klimapolitik zu wenig ehrgeizig - Sonnenseite - \u00d6kologische Kommunikation mit Franz Alt","isPartOf":{"@id":"https:\/\/www.sonnenseite.com\/de\/#website"},"primaryImageOfPage":{"@id":"https:\/\/www.sonnenseite.com\/de\/politik\/94163\/#primaryimage"},"image":{"@id":"https:\/\/www.sonnenseite.com\/de\/politik\/94163\/#primaryimage"},"thumbnailUrl":"https:\/\/www.sonnenseite.com\/wp-content\/uploads\/2017\/02\/europa_Tanja-Bagusat.jpg","datePublished":"2023-09-20T05:08:00+00:00","dateModified":"2023-10-10T09:43:01+00:00","description":"EU-Klimaschutzpolitik angesichts der rasanten Zunahme der globalen Klimakatastrophen und der Herausforderung der chinesischen Klimaschutzindustrie weiter","breadcrumb":{"@id":"https:\/\/www.sonnenseite.com\/de\/politik\/94163\/#breadcrumb"},"inLanguage":"de","potentialAction":[{"@type":"ReadAction","target":["https:\/\/www.sonnenseite.com\/de\/politik\/94163\/"]}]},{"@type":"ImageObject","inLanguage":"de","@id":"https:\/\/www.sonnenseite.com\/de\/politik\/94163\/#primaryimage","url":"https:\/\/www.sonnenseite.com\/wp-content\/uploads\/2017\/02\/europa_Tanja-Bagusat.jpg","contentUrl":"https:\/\/www.sonnenseite.com\/wp-content\/uploads\/2017\/02\/europa_Tanja-Bagusat.jpg","width":770,"height":420,"caption":"Fotolia.com | Tanja-Bagusat"},{"@type":"BreadcrumbList","@id":"https:\/\/www.sonnenseite.com\/de\/politik\/94163\/#breadcrumb","itemListElement":[{"@type":"ListItem","position":1,"name":"Startseite","item":"https:\/\/www.sonnenseite.com\/de\/"},{"@type":"ListItem","position":2,"name":"EU-Klimapolitik zu wenig ehrgeizig"}]},{"@type":"WebSite","@id":"https:\/\/www.sonnenseite.com\/de\/#website","url":"https:\/\/www.sonnenseite.com\/de\/","name":"Sonnenseite","description":"\u00d6kologische Kommunikation mit Franz Alt","publisher":{"@id":"https:\/\/www.sonnenseite.com\/de\/#organization"},"potentialAction":[{"@type":"SearchAction","target":{"@type":"EntryPoint","urlTemplate":"https:\/\/www.sonnenseite.com\/de\/?s={search_term_string}"},"query-input":{"@type":"PropertyValueSpecification","valueRequired":true,"valueName":"search_term_string"}}],"inLanguage":"de"},{"@type":"Organization","@id":"https:\/\/www.sonnenseite.com\/de\/#organization","name":"Sonnenseite","url":"https:\/\/www.sonnenseite.com\/de\/","logo":{"@type":"ImageObject","inLanguage":"de","@id":"https:\/\/www.sonnenseite.com\/de\/#\/schema\/logo\/image\/","url":"https:\/\/www.sonnenseite.com\/wp-content\/uploads\/2020\/05\/Sonnenseite_Logo.png","contentUrl":"https:\/\/www.sonnenseite.com\/wp-content\/uploads\/2020\/05\/Sonnenseite_Logo.png","width":377,"height":90,"caption":"Sonnenseite"},"image":{"@id":"https:\/\/www.sonnenseite.com\/de\/#\/schema\/logo\/image\/"},"sameAs":["https:\/\/www.facebook.com\/pages\/Franz-Alt-SONNENSEITECOM\/221072987903953?fref=ts","https:\/\/x.com\/franzalt","http:\/\/www.youtube.com\/results?search_query&amp;amp;quot;franz_alt&amp;amp;quot;&amp;amp;amp;amp;search_type&amp;amp;amp;amp;aq=f"]},{"@type":"Person","@id":"https:\/\/www.sonnenseite.com\/de\/#\/schema\/person\/50fda0e926597684c7cc6695238a4eb9","name":"Bigi Alt"}]}},"_links":{"self":[{"href":"https:\/\/www.sonnenseite.com\/de\/wp-json\/wp\/v2\/posts\/94163","targetHints":{"allow":["GET"]}}],"collection":[{"href":"https:\/\/www.sonnenseite.com\/de\/wp-json\/wp\/v2\/posts"}],"about":[{"href":"https:\/\/www.sonnenseite.com\/de\/wp-json\/wp\/v2\/types\/post"}],"author":[{"embeddable":true,"href":"https:\/\/www.sonnenseite.com\/de\/wp-json\/wp\/v2\/users\/3"}],"replies":[{"embeddable":true,"href":"https:\/\/www.sonnenseite.com\/de\/wp-json\/wp\/v2\/comments?post=94163"}],"version-history":[{"count":3,"href":"https:\/\/www.sonnenseite.com\/de\/wp-json\/wp\/v2\/posts\/94163\/revisions"}],"predecessor-version":[{"id":94620,"href":"https:\/\/www.sonnenseite.com\/de\/wp-json\/wp\/v2\/posts\/94163\/revisions\/94620"}],"wp:featuredmedia":[{"embeddable":true,"href":"https:\/\/www.sonnenseite.com\/de\/wp-json\/wp\/v2\/media\/30588"}],"wp:attachment":[{"href":"https:\/\/www.sonnenseite.com\/de\/wp-json\/wp\/v2\/media?parent=94163"}],"wp:term":[{"taxonomy":"category","embeddable":true,"href":"https:\/\/www.sonnenseite.com\/de\/wp-json\/wp\/v2\/categories?post=94163"},{"taxonomy":"post_tag","embeddable":true,"href":"https:\/\/www.sonnenseite.com\/de\/wp-json\/wp\/v2\/tags?post=94163"}],"curies":[{"name":"wp","href":"https:\/\/api.w.org\/{rel}","templated":true}]}}