{"id":94336,"date":"2023-09-30T03:00:00","date_gmt":"2023-09-30T01:00:00","guid":{"rendered":"https:\/\/www.sonnenseite.com\/?p=94336"},"modified":"2023-10-16T08:47:14","modified_gmt":"2023-10-16T06:47:14","slug":"die-stadt-als-schwamm-von-der-hitzeinsel-zum-wasserspeicher","status":"publish","type":"post","link":"https:\/\/www.sonnenseite.com\/de\/umwelt\/die-stadt-als-schwamm-von-der-hitzeinsel-zum-wasserspeicher\/","title":{"rendered":"Die Stadt als Schwamm: Von der Hitzeinsel zum Wasserspeicher"},"content":{"rendered":"\n<p>Im Projekt PeriSponge entwickelt ein Team um Eva Schwab vom Institut f\u00fcr St\u00e4dtebau einen evidenzbasierten Werkzeugkasten, mit dem Gemeinden Bodenversiegelung und damit das \u00dcberschwemmungsrisiko minimieren k\u00f6nnen.<\/p>\n\n\n\n<p>Aller Initiativen und Debatten zum Trotz steigt der Fl\u00e4chenverbrauch in \u00d6sterreich nahezu ungebremst. Im vergangenen Jahr lag er bei zw\u00f6lf Hektar &#8211; pro Tag. Knapp die H\u00e4lfte davon wurde versiegelt, also \u00fcberbaut, asphaltiert oder gepflastert. Das entspricht acht Fu\u00dfballfeldern, die sich im Sommer auf bis zu 50 Grad Celsius aufheizen k\u00f6nnen und wo Regen nicht versickern kann. Derart versiegelte Fl\u00e4chen f\u00fchren zu Hitzeinseln und steigern das \u00dcberschwemmungsrisiko bei Starkregen.<\/p>\n\n\n\n<p>Im Inneren der St\u00e4dte ist nahezu jeder Quadratmeter genutzt, daher kommen neu versiegelte Fl\u00e4chen vor allem am Stadtrand hinzu, im so genannten peri-urbanen Raum: \u201eDas pr\u00e4gende Element ist hier die Verkehrsinfrastruktur mit Stra\u00dfen und Parkpl\u00e4tzen. Alles andere wird praktisch drumherum etabliert\u201c, sagt Eva Schwab vom Institut f\u00fcr St\u00e4dtebau der TU Graz. Oft sind dies Gewerbefl\u00e4chen und Baum\u00e4rkte, an Gr\u00fcn- und Gew\u00e4sserfl\u00e4chen wird zu wenig gedacht. Peri-urbane R\u00e4ume sind dadurch oft fragmentiert und in ihrem Funktionsmix aus gro\u00dffl\u00e4chigem Gewerbe, Wohnen und Verkehrsinfrastruktur unwirtlich.<\/p>\n\n\n<div class=\"wp-block-image\">\n<figure class=\"aligncenter size-full\"><a href=\"https:\/\/www.sonnenseite.com\/wp-content\/uploads\/2023\/09\/TU-Graz_PeriSponge_Fotogenia.jpg\"><img loading=\"lazy\" decoding=\"async\" width=\"888\" height=\"444\" src=\"https:\/\/www.sonnenseite.com\/wp-content\/uploads\/2023\/09\/TU-Graz_PeriSponge_Fotogenia.jpg\" alt=\"\" class=\"wp-image-94339\" srcset=\"https:\/\/www.sonnenseite.com\/wp-content\/uploads\/2023\/09\/TU-Graz_PeriSponge_Fotogenia.jpg 888w, https:\/\/www.sonnenseite.com\/wp-content\/uploads\/2023\/09\/TU-Graz_PeriSponge_Fotogenia-300x150.jpg 300w, https:\/\/www.sonnenseite.com\/wp-content\/uploads\/2023\/09\/TU-Graz_PeriSponge_Fotogenia-768x384.jpg 768w\" sizes=\"auto, (max-width: 888px) 100vw, 888px\" \/><\/a><figcaption class=\"wp-element-caption\">Eva Schwab vom Institut f\u00fcr St\u00e4dtebau entwickelt in ihrem Forschungsprojekt PeriSponge Methoden und idealtypische Vorgehensweisen, mit denen Gemeinden Versiegelung in bestehenden und neuen Quartieren minimieren k\u00f6nnen. (Bildquelle: Fotogenia\/PeriSponge)<\/figcaption><\/figure>\n<\/div>\n\n\n<h4 class=\"wp-block-heading\">Topographie, Bodenbeschaffenheit und Kontaminationen als Einflussfaktoren<\/h4>\n\n\n\n<p>Dabei k\u00f6nnen urbane und peri-urbane R\u00e4ume auch anders gestaltet werden \u2013 mit minimaler Versiegelung und ausreichend Fl\u00e4chen, auf denen B\u00fcsche und B\u00e4ume Schatten spenden. An geeigneten Stellen werden Mulden geschaffen, wo sich Regenwasser sammeln und in den Untergrund versickern kann. So kann der st\u00e4dtische Raum mehr Wasser aufnehmen und langsam \u00fcber die Vegetation an die Umgebung zur\u00fcckgeben \u2013 wie ein Schwamm. Das Prinzip ist schon l\u00e4nger bekannt, doch wie so oft steckt der Teufel im Detail. \u201eDas Schwammstadtkonzept muss auf die lokalen Gegebenheiten angepasst werden\u201c, sagt Eva Schwab. Wichtige Faktoren sind unter anderem die Topographie, der Grundwasserstand, die Bodenbeschaffenheit und m\u00f6gliche Kontaminationen. \u201eIst beispielsweise der Untergrund wasserstauend, kommt eine Versickerungsfl\u00e4che nicht in Frage\u201c, sagt Schwab. Als Alternative eignet sich in so einem Fall aber vielleicht ein kleiner Teich, der im Sommer durch Verdunstung die Umgebung k\u00fchlen kann. Oder das Regenwasser kann an einen anderen Ort abgeleitet werden, wo es versickern kann.<\/p>\n\n\n\n<p>Wie sich diese Konzepte in der Realit\u00e4t umsetzen lassen, erforscht Eva Schwab im Projekt PeriSponge, an dem auch das Institut f\u00fcr Siedlungswasserwirtschaft und Landschaftswasserbau der TU Graz beteiligt ist. PeriSponge arbeitet mit den St\u00e4dten Feldbach, Wels und Feldkirchen zusammen und entwickelt dort jeweils ma\u00dfgeschneiderte gr\u00fcn-blaue, also vegetations- und wasserbezogene Ma\u00dfnahmen. F\u00fcr das Projektkonsortium konnten zahlreiche Expert*innen gewonnen werden, um den notwenigen integralen Ansatz in der Planung und Gestaltung zu gew\u00e4hrleisten. Die Planer*innen von Verkehrplus liefern wichtige aktuelle Verkehrsdaten, auf deren Basis z. B. Stra\u00dfenbreiten \u00fcberdacht werden k\u00f6nnen. bgmr Landschaftsarchitekten aus Berlin haben das Gestaltungskonzept f\u00fcr das Pilotprojekt in Feldbach erarbeitet, an dem auch Gr\u00fcn statt Grau mit Know-how zu Geb\u00e4udebegr\u00fcnung beteiligt ist. Die Grazer Landschaftsplanerin Maria Baumgartner bringt ihre langj\u00e4hrige Erfahrung in Beteiligungsverfahren in die Kommunikation mit den Feldbacher B\u00fcrger*innen ein, um praktisches Erleben, Ideen und Sorgen in die Planung aufnehmen zu k\u00f6nnen.<\/p>\n\n\n\n<h4 class=\"wp-block-heading\">Sieben Ma\u00dfnahmen in Feldbach<\/h4>\n\n\n\n<p>In Voruntersuchungen wurden in Feldbach, Wels und Feldkirchen neuralgische Punkte gefunden, an denen es h\u00e4ufig zu Kanal\u00fcberlastungen, \u00dcberschwemmungen oder Hitzestau kommt. Gemeinsam mit Politik, Verwaltung, aber auch Anwohner*innen und Gewerbetreibenden diskutierten die Forschenden anschlie\u00dfend gr\u00fcn-blaue Ma\u00dfnahmen, die die lokalen Probleme bestm\u00f6glich mildern oder gar beseitigen k\u00f6nnen. In Feldbach etwa werden auf einem 300 Meter langen Stra\u00dfenabschnitt insgesamt sieben Ma\u00dfnahmen umgesetzt: einzelne Geb\u00e4ude werden vom Kanalnetz abgekoppelt, so dass das Regenwasser auf dem Grundst\u00fcck versickert; die Stra\u00dfenbreite wird reduziert, um Platz f\u00fcr Gr\u00fcnstreifen zu gewinnen; Parkpl\u00e4tze bekommen durchl\u00e4ssige Oberfl\u00e4chen und am Friedhof fallen einige Parkpl\u00e4tze weg, um B\u00e4ume pflanzen zu k\u00f6nnen.<\/p>\n\n\n\n<p>Wenn die Bau- und Pflanzarbeiten abgeschlossen sind, wird Schwabs Team im letzten Projektjahr detailliert messen, wie sich das Mikroklima ge\u00e4ndert hat, wie viel Wasser nun versickert, aber auch ob die Gr\u00fcnfl\u00e4chen sowie die Fu\u00df- und Radwege h\u00e4ufiger frequentiert werden als zuvor.<\/p>\n\n\n\n<p>Aufbauend auf den Ergebnissen aus Feldbach, Wels und Feldkirchen m\u00f6chte Schwab eine Toolbox erstellen, aus der sich andere Gemeinden bedienen k\u00f6nnen, wenn sie gr\u00fcn-blaue Ma\u00dfnahmen umsetzen m\u00f6chten. Diese Tools umfassen einerseits Informationen zu den (landschafts-)baulichen Ma\u00dfnahmen, wie diese technisch umzusetzen sind, f\u00fcr welche Standorte sie geeignet sind und welche Effekte sie haben. \u201eZum anderen bezieht sich unsere Toolbox auf das Projektmanagement\u201c, sagt Eva Schwab, \u201eWie sollte eine Gemeinde solch einen Prozess angehen? Wen sollte sie einbeziehen? Was sind kritische Momente in der Kommunikation?\u201c Im Rahmen von PeriSponge wird dazu ein idealtypisches Vorgehen ausgearbeitet.<\/p>\n\n\n\n<p>Bedarf an diesem systematischen Planungswerkzeugkasten d\u00fcrfte in vielen Gemeinden in \u00d6sterreich und auch dar\u00fcber hinaus bestehen. \u201eDenn Wasser\u201c, sagt Eva Schwab, \u201eist nicht etwas, das schnellstm\u00f6glich weggeleitet werden muss. Wir m\u00fcssen es auf intelligente Weise in der Stadt halten, um es nutzen zu k\u00f6nnen: gegen die Hitze und f\u00fcr mehr Lebensqualit\u00e4t.\u201c<\/p>\n\n\n<h5 class=\"green\">Quelle<\/h5>\r\n\n\n\n<p><a href=\"https:\/\/www.tugraz.at\/tu-graz\/services\/news-stories\/tu-graz-news\/einzelansicht\/article\/die-stadt-als-schwamm-von-der-hitzeinsel-zum-wasserspeicher\">TU Graz | Graz University of Technology 2023 | Philipp Jarke<\/a><\/p>\n<div class=\"shariff shariff-align-flex-start shariff-widget-align-flex-start\"><div class=\"ShariffHeadline\">Diese Meldung teilen<\/div><ul class=\"shariff-buttons theme-round orientation-horizontal buttonsize-medium\"><li class=\"shariff-button facebook shariff-nocustomcolor\" style=\"background-color:#4273c8;border-radius:1%\"><a href=\"https:\/\/www.facebook.com\/sharer\/sharer.php?u=https%3A%2F%2Fwww.sonnenseite.com%2Fde%2Fumwelt%2Fdie-stadt-als-schwamm-von-der-hitzeinsel-zum-wasserspeicher%2F\" title=\"Bei Facebook teilen\" aria-label=\"Bei Facebook teilen\" role=\"button\" rel=\"nofollow\" class=\"shariff-link\" style=\";border-radius:1%; background-color:#3b5998; color:#fff\" target=\"_blank\"><span class=\"shariff-icon\" style=\"\"><svg width=\"32px\" height=\"20px\" xmlns=\"http:\/\/www.w3.org\/2000\/svg\" viewBox=\"0 0 18 32\"><path fill=\"#3b5998\" d=\"M17.1 0.2v4.7h-2.8q-1.5 0-2.1 0.6t-0.5 1.9v3.4h5.2l-0.7 5.3h-4.5v13.6h-5.5v-13.6h-4.5v-5.3h4.5v-3.9q0-3.3 1.9-5.2t5-1.8q2.6 0 4.1 0.2z\"\/><\/svg><\/span><\/a><\/li><li class=\"shariff-button twitter shariff-nocustomcolor\" style=\"background-color:#595959;border-radius:1%\"><a href=\"https:\/\/twitter.com\/share?url=https%3A%2F%2Fwww.sonnenseite.com%2Fde%2Fumwelt%2Fdie-stadt-als-schwamm-von-der-hitzeinsel-zum-wasserspeicher%2F&text=Die%20Stadt%20als%20Schwamm%3A%20Von%20der%20Hitzeinsel%20zum%20Wasserspeicher\" title=\"Bei X teilen\" aria-label=\"Bei X teilen\" role=\"button\" rel=\"noopener nofollow\" class=\"shariff-link\" style=\";border-radius:1%; background-color:#000; color:#fff\" target=\"_blank\"><span class=\"shariff-icon\" style=\"\"><svg width=\"32px\" height=\"20px\" xmlns=\"http:\/\/www.w3.org\/2000\/svg\" viewBox=\"0 0 24 24\"><path fill=\"#000\" d=\"M14.258 10.152L23.176 0h-2.113l-7.747 8.813L7.133 0H0l9.352 13.328L0 23.973h2.113l8.176-9.309 6.531 9.309h7.133zm-2.895 3.293l-.949-1.328L2.875 1.56h3.246l6.086 8.523.945 1.328 7.91 11.078h-3.246zm0 0\"\/><\/svg><\/span><\/a><\/li><li class=\"shariff-button xing shariff-nocustomcolor\" style=\"background-color:#29888a;border-radius:1%\"><a href=\"https:\/\/www.xing.com\/spi\/shares\/new?url=https%3A%2F%2Fwww.sonnenseite.com%2Fde%2Fumwelt%2Fdie-stadt-als-schwamm-von-der-hitzeinsel-zum-wasserspeicher%2F\" title=\"Bei XING teilen\" aria-label=\"Bei XING teilen\" role=\"button\" rel=\"noopener nofollow\" class=\"shariff-link\" style=\";border-radius:1%; background-color:#126567; color:#fff\" target=\"_blank\"><span class=\"shariff-icon\" style=\"\"><svg width=\"32px\" height=\"20px\" xmlns=\"http:\/\/www.w3.org\/2000\/svg\" viewBox=\"0 0 25 32\"><path fill=\"#126567\" d=\"M10.7 11.9q-0.2 0.3-4.6 8.2-0.5 0.8-1.2 0.8h-4.3q-0.4 0-0.5-0.3t0-0.6l4.5-8q0 0 0 0l-2.9-5q-0.2-0.4 0-0.7 0.2-0.3 0.5-0.3h4.3q0.7 0 1.2 0.8zM25.1 0.4q0.2 0.3 0 0.7l-9.4 16.7 6 11q0.2 0.4 0 0.6-0.2 0.3-0.6 0.3h-4.3q-0.7 0-1.2-0.8l-6-11.1q0.3-0.6 9.5-16.8 0.4-0.8 1.2-0.8h4.3q0.4 0 0.5 0.3z\"\/><\/svg><\/span><\/a><\/li><li class=\"shariff-button linkedin shariff-nocustomcolor\" style=\"background-color:#1488bf;border-radius:1%\"><a href=\"https:\/\/www.linkedin.com\/sharing\/share-offsite\/?url=https%3A%2F%2Fwww.sonnenseite.com%2Fde%2Fumwelt%2Fdie-stadt-als-schwamm-von-der-hitzeinsel-zum-wasserspeicher%2F\" title=\"Bei LinkedIn teilen\" aria-label=\"Bei LinkedIn teilen\" role=\"button\" rel=\"noopener nofollow\" class=\"shariff-link\" style=\";border-radius:1%; background-color:#0077b5; color:#fff\" target=\"_blank\"><span class=\"shariff-icon\" style=\"\"><svg width=\"32px\" height=\"20px\" xmlns=\"http:\/\/www.w3.org\/2000\/svg\" viewBox=\"0 0 27 32\"><path fill=\"#0077b5\" d=\"M6.2 11.2v17.7h-5.9v-17.7h5.9zM6.6 5.7q0 1.3-0.9 2.2t-2.4 0.9h0q-1.5 0-2.4-0.9t-0.9-2.2 0.9-2.2 2.4-0.9 2.4 0.9 0.9 2.2zM27.4 18.7v10.1h-5.9v-9.5q0-1.9-0.7-2.9t-2.3-1.1q-1.1 0-1.9 0.6t-1.2 1.5q-0.2 0.5-0.2 1.4v9.9h-5.9q0-7.1 0-11.6t0-5.3l0-0.9h5.9v2.6h0q0.4-0.6 0.7-1t1-0.9 1.6-0.8 2-0.3q3 0 4.9 2t1.9 6z\"\/><\/svg><\/span><\/a><\/li><li class=\"shariff-button printer shariff-nocustomcolor\" style=\"background-color:#a8a8a8;border-radius:1%\"><a href=\"javascript:window.print()\" title=\"drucken\" aria-label=\"drucken\" role=\"button\" rel=\"noopener nofollow\" class=\"shariff-link\" style=\";border-radius:1%; background-color:#999; color:#fff\"><span class=\"shariff-icon\" style=\"\"><svg width=\"32px\" height=\"20px\" xmlns=\"http:\/\/www.w3.org\/2000\/svg\" viewBox=\"0 0 30 32\"><path fill=\"#999\" d=\"M6.8 27.4h16v-4.6h-16v4.6zM6.8 16h16v-6.8h-2.8q-0.7 0-1.2-0.5t-0.5-1.2v-2.8h-11.4v11.4zM27.4 17.2q0-0.5-0.3-0.8t-0.8-0.4-0.8 0.4-0.3 0.8 0.3 0.8 0.8 0.3 0.8-0.3 0.3-0.8zM29.7 17.2v7.4q0 0.2-0.2 0.4t-0.4 0.2h-4v2.8q0 0.7-0.5 1.2t-1.2 0.5h-17.2q-0.7 0-1.2-0.5t-0.5-1.2v-2.8h-4q-0.2 0-0.4-0.2t-0.2-0.4v-7.4q0-1.4 1-2.4t2.4-1h1.2v-9.7q0-0.7 0.5-1.2t1.2-0.5h12q0.7 0 1.6 0.4t1.3 0.8l2.7 2.7q0.5 0.5 0.9 1.4t0.4 1.6v4.6h1.1q1.4 0 2.4 1t1 2.4z\"\/><\/svg><\/span><\/a><\/li><li class=\"shariff-button mailto shariff-nocustomcolor\" style=\"background-color:#a8a8a8;border-radius:1%\"><a href=\"mailto:?body=https%3A%2F%2Fwww.sonnenseite.com%2Fde%2Fumwelt%2Fdie-stadt-als-schwamm-von-der-hitzeinsel-zum-wasserspeicher%2F&subject=Die%20Stadt%20als%20Schwamm%3A%20Von%20der%20Hitzeinsel%20zum%20Wasserspeicher\" title=\"Per E-Mail versenden\" aria-label=\"Per E-Mail versenden\" role=\"button\" rel=\"noopener nofollow\" class=\"shariff-link\" style=\";border-radius:1%; background-color:#999; color:#fff\"><span class=\"shariff-icon\" style=\"\"><svg width=\"32px\" height=\"20px\" xmlns=\"http:\/\/www.w3.org\/2000\/svg\" viewBox=\"0 0 32 32\"><path fill=\"#999\" d=\"M32 12.7v14.2q0 1.2-0.8 2t-2 0.9h-26.3q-1.2 0-2-0.9t-0.8-2v-14.2q0.8 0.9 1.8 1.6 6.5 4.4 8.9 6.1 1 0.8 1.6 1.2t1.7 0.9 2 0.4h0.1q0.9 0 2-0.4t1.7-0.9 1.6-1.2q3-2.2 8.9-6.1 1-0.7 1.8-1.6zM32 7.4q0 1.4-0.9 2.7t-2.2 2.2q-6.7 4.7-8.4 5.8-0.2 0.1-0.7 0.5t-1 0.7-0.9 0.6-1.1 0.5-0.9 0.2h-0.1q-0.4 0-0.9-0.2t-1.1-0.5-0.9-0.6-1-0.7-0.7-0.5q-1.6-1.1-4.7-3.2t-3.6-2.6q-1.1-0.7-2.1-2t-1-2.5q0-1.4 0.7-2.3t2.1-0.9h26.3q1.2 0 2 0.8t0.9 2z\"\/><\/svg><\/span><\/a><\/li><\/ul><\/div>","protected":false},"excerpt":{"rendered":"<p>Im Projekt PeriSponge entwickelt ein Team um Eva Schwab vom Institut f\u00fcr St\u00e4dtebau einen evidenzbasierten Werkzeugkasten, [&hellip;]<\/p>\n","protected":false},"author":3,"featured_media":94341,"comment_status":"closed","ping_status":"closed","sticky":false,"template":"","format":"standard","meta":{"inline_featured_image":false,"footnotes":""},"categories":[23],"tags":[],"class_list":["post-94336","post","type-post","status-publish","format-standard","has-post-thumbnail","hentry","category-umwelt"],"yoast_head":"<!-- This site is optimized with the Yoast SEO plugin v26.5 - https:\/\/yoast.com\/wordpress\/plugins\/seo\/ -->\n<title>Die Stadt als Schwamm: Von der Hitzeinsel zum Wasserspeicher - Sonnenseite - \u00d6kologische Kommunikation mit Franz Alt<\/title>\n<meta name=\"description\" content=\"Im Projekt PeriSponge entwickelt ein Team um Eva Schwab vom Institut f\u00fcr St\u00e4dtebau einen evidenzbasierten Werkzeugkasten, mit dem Gemeinden\" \/>\n<meta name=\"robots\" content=\"index, follow, max-snippet:-1, max-image-preview:large, max-video-preview:-1\" \/>\n<link rel=\"canonical\" href=\"https:\/\/www.sonnenseite.com\/de\/umwelt\/die-stadt-als-schwamm-von-der-hitzeinsel-zum-wasserspeicher\/\" \/>\n<meta property=\"og:locale\" content=\"de_DE\" \/>\n<meta property=\"og:type\" content=\"article\" \/>\n<meta property=\"og:title\" content=\"Die Stadt als Schwamm: Von der Hitzeinsel zum Wasserspeicher - Sonnenseite - \u00d6kologische Kommunikation mit Franz Alt\" \/>\n<meta property=\"og:description\" content=\"Im Projekt PeriSponge entwickelt ein Team um Eva Schwab vom Institut f\u00fcr St\u00e4dtebau einen evidenzbasierten Werkzeugkasten, mit dem Gemeinden\" \/>\n<meta property=\"og:url\" content=\"https:\/\/www.sonnenseite.com\/de\/umwelt\/die-stadt-als-schwamm-von-der-hitzeinsel-zum-wasserspeicher\/\" \/>\n<meta property=\"og:site_name\" content=\"Sonnenseite\" \/>\n<meta property=\"article:publisher\" content=\"https:\/\/www.facebook.com\/pages\/Franz-Alt-SONNENSEITECOM\/221072987903953?fref=ts\" \/>\n<meta property=\"article:published_time\" content=\"2023-09-30T01:00:00+00:00\" \/>\n<meta property=\"article:modified_time\" content=\"2023-10-16T06:47:14+00:00\" \/>\n<meta property=\"og:image\" content=\"https:\/\/www.sonnenseite.com\/wp-content\/uploads\/2023\/09\/Stadt_gruen_Huhli13.jpg\" \/>\n\t<meta property=\"og:image:width\" content=\"770\" \/>\n\t<meta property=\"og:image:height\" content=\"420\" \/>\n\t<meta property=\"og:image:type\" content=\"image\/jpeg\" \/>\n<meta name=\"author\" content=\"Bigi Alt\" \/>\n<meta name=\"twitter:card\" content=\"summary_large_image\" \/>\n<meta name=\"twitter:creator\" content=\"@franzalt\" \/>\n<meta name=\"twitter:site\" content=\"@franzalt\" \/>\n<meta name=\"twitter:label1\" content=\"Verfasst von\" \/>\n\t<meta name=\"twitter:data1\" content=\"Bigi Alt\" \/>\n\t<meta name=\"twitter:label2\" content=\"Gesch\u00e4tzte Lesezeit\" \/>\n\t<meta name=\"twitter:data2\" content=\"5\u00a0Minuten\" \/>\n<script type=\"application\/ld+json\" class=\"yoast-schema-graph\">{\"@context\":\"https:\/\/schema.org\",\"@graph\":[{\"@type\":\"Article\",\"@id\":\"https:\/\/www.sonnenseite.com\/de\/umwelt\/die-stadt-als-schwamm-von-der-hitzeinsel-zum-wasserspeicher\/#article\",\"isPartOf\":{\"@id\":\"https:\/\/www.sonnenseite.com\/de\/umwelt\/die-stadt-als-schwamm-von-der-hitzeinsel-zum-wasserspeicher\/\"},\"author\":{\"name\":\"Bigi Alt\",\"@id\":\"https:\/\/www.sonnenseite.com\/de\/#\/schema\/person\/50fda0e926597684c7cc6695238a4eb9\"},\"headline\":\"Die Stadt als Schwamm: Von der Hitzeinsel zum Wasserspeicher\",\"datePublished\":\"2023-09-30T01:00:00+00:00\",\"dateModified\":\"2023-10-16T06:47:14+00:00\",\"mainEntityOfPage\":{\"@id\":\"https:\/\/www.sonnenseite.com\/de\/umwelt\/die-stadt-als-schwamm-von-der-hitzeinsel-zum-wasserspeicher\/\"},\"wordCount\":909,\"publisher\":{\"@id\":\"https:\/\/www.sonnenseite.com\/de\/#organization\"},\"image\":{\"@id\":\"https:\/\/www.sonnenseite.com\/de\/umwelt\/die-stadt-als-schwamm-von-der-hitzeinsel-zum-wasserspeicher\/#primaryimage\"},\"thumbnailUrl\":\"https:\/\/www.sonnenseite.com\/wp-content\/uploads\/2023\/09\/Stadt_gruen_Huhli13.jpg\",\"articleSection\":[\"Umwelt\"],\"inLanguage\":\"de\"},{\"@type\":\"WebPage\",\"@id\":\"https:\/\/www.sonnenseite.com\/de\/umwelt\/die-stadt-als-schwamm-von-der-hitzeinsel-zum-wasserspeicher\/\",\"url\":\"https:\/\/www.sonnenseite.com\/de\/umwelt\/die-stadt-als-schwamm-von-der-hitzeinsel-zum-wasserspeicher\/\",\"name\":\"Die Stadt als Schwamm: Von der Hitzeinsel zum Wasserspeicher - Sonnenseite - \u00d6kologische Kommunikation mit Franz Alt\",\"isPartOf\":{\"@id\":\"https:\/\/www.sonnenseite.com\/de\/#website\"},\"primaryImageOfPage\":{\"@id\":\"https:\/\/www.sonnenseite.com\/de\/umwelt\/die-stadt-als-schwamm-von-der-hitzeinsel-zum-wasserspeicher\/#primaryimage\"},\"image\":{\"@id\":\"https:\/\/www.sonnenseite.com\/de\/umwelt\/die-stadt-als-schwamm-von-der-hitzeinsel-zum-wasserspeicher\/#primaryimage\"},\"thumbnailUrl\":\"https:\/\/www.sonnenseite.com\/wp-content\/uploads\/2023\/09\/Stadt_gruen_Huhli13.jpg\",\"datePublished\":\"2023-09-30T01:00:00+00:00\",\"dateModified\":\"2023-10-16T06:47:14+00:00\",\"description\":\"Im Projekt PeriSponge entwickelt ein Team um Eva Schwab vom Institut f\u00fcr St\u00e4dtebau einen evidenzbasierten Werkzeugkasten, mit dem Gemeinden\",\"breadcrumb\":{\"@id\":\"https:\/\/www.sonnenseite.com\/de\/umwelt\/die-stadt-als-schwamm-von-der-hitzeinsel-zum-wasserspeicher\/#breadcrumb\"},\"inLanguage\":\"de\",\"potentialAction\":[{\"@type\":\"ReadAction\",\"target\":[\"https:\/\/www.sonnenseite.com\/de\/umwelt\/die-stadt-als-schwamm-von-der-hitzeinsel-zum-wasserspeicher\/\"]}]},{\"@type\":\"ImageObject\",\"inLanguage\":\"de\",\"@id\":\"https:\/\/www.sonnenseite.com\/de\/umwelt\/die-stadt-als-schwamm-von-der-hitzeinsel-zum-wasserspeicher\/#primaryimage\",\"url\":\"https:\/\/www.sonnenseite.com\/wp-content\/uploads\/2023\/09\/Stadt_gruen_Huhli13.jpg\",\"contentUrl\":\"https:\/\/www.sonnenseite.com\/wp-content\/uploads\/2023\/09\/Stadt_gruen_Huhli13.jpg\",\"width\":770,\"height\":420,\"caption\":\"Depositphotos.com | Huhli13\"},{\"@type\":\"BreadcrumbList\",\"@id\":\"https:\/\/www.sonnenseite.com\/de\/umwelt\/die-stadt-als-schwamm-von-der-hitzeinsel-zum-wasserspeicher\/#breadcrumb\",\"itemListElement\":[{\"@type\":\"ListItem\",\"position\":1,\"name\":\"Startseite\",\"item\":\"https:\/\/www.sonnenseite.com\/de\/\"},{\"@type\":\"ListItem\",\"position\":2,\"name\":\"Die Stadt als Schwamm: Von der Hitzeinsel zum Wasserspeicher\"}]},{\"@type\":\"WebSite\",\"@id\":\"https:\/\/www.sonnenseite.com\/de\/#website\",\"url\":\"https:\/\/www.sonnenseite.com\/de\/\",\"name\":\"Sonnenseite\",\"description\":\"\u00d6kologische Kommunikation mit Franz Alt\",\"publisher\":{\"@id\":\"https:\/\/www.sonnenseite.com\/de\/#organization\"},\"potentialAction\":[{\"@type\":\"SearchAction\",\"target\":{\"@type\":\"EntryPoint\",\"urlTemplate\":\"https:\/\/www.sonnenseite.com\/de\/?s={search_term_string}\"},\"query-input\":{\"@type\":\"PropertyValueSpecification\",\"valueRequired\":true,\"valueName\":\"search_term_string\"}}],\"inLanguage\":\"de\"},{\"@type\":\"Organization\",\"@id\":\"https:\/\/www.sonnenseite.com\/de\/#organization\",\"name\":\"Sonnenseite\",\"url\":\"https:\/\/www.sonnenseite.com\/de\/\",\"logo\":{\"@type\":\"ImageObject\",\"inLanguage\":\"de\",\"@id\":\"https:\/\/www.sonnenseite.com\/de\/#\/schema\/logo\/image\/\",\"url\":\"https:\/\/www.sonnenseite.com\/wp-content\/uploads\/2020\/05\/Sonnenseite_Logo.png\",\"contentUrl\":\"https:\/\/www.sonnenseite.com\/wp-content\/uploads\/2020\/05\/Sonnenseite_Logo.png\",\"width\":377,\"height\":90,\"caption\":\"Sonnenseite\"},\"image\":{\"@id\":\"https:\/\/www.sonnenseite.com\/de\/#\/schema\/logo\/image\/\"},\"sameAs\":[\"https:\/\/www.facebook.com\/pages\/Franz-Alt-SONNENSEITECOM\/221072987903953?fref=ts\",\"https:\/\/x.com\/franzalt\",\"http:\/\/www.youtube.com\/results?search_query&amp;amp;quot;franz_alt&amp;amp;quot;&amp;amp;amp;amp;search_type&amp;amp;amp;amp;aq=f\"]},{\"@type\":\"Person\",\"@id\":\"https:\/\/www.sonnenseite.com\/de\/#\/schema\/person\/50fda0e926597684c7cc6695238a4eb9\",\"name\":\"Bigi Alt\"}]}<\/script>\n<!-- \/ Yoast SEO plugin. -->","yoast_head_json":{"title":"Die Stadt als Schwamm: Von der Hitzeinsel zum Wasserspeicher - Sonnenseite - \u00d6kologische Kommunikation mit Franz Alt","description":"Im Projekt PeriSponge entwickelt ein Team um Eva Schwab vom Institut f\u00fcr St\u00e4dtebau einen evidenzbasierten Werkzeugkasten, mit dem Gemeinden","robots":{"index":"index","follow":"follow","max-snippet":"max-snippet:-1","max-image-preview":"max-image-preview:large","max-video-preview":"max-video-preview:-1"},"canonical":"https:\/\/www.sonnenseite.com\/de\/umwelt\/die-stadt-als-schwamm-von-der-hitzeinsel-zum-wasserspeicher\/","og_locale":"de_DE","og_type":"article","og_title":"Die Stadt als Schwamm: Von der Hitzeinsel zum Wasserspeicher - Sonnenseite - \u00d6kologische Kommunikation mit Franz Alt","og_description":"Im Projekt PeriSponge entwickelt ein Team um Eva Schwab vom Institut f\u00fcr St\u00e4dtebau einen evidenzbasierten Werkzeugkasten, mit dem Gemeinden","og_url":"https:\/\/www.sonnenseite.com\/de\/umwelt\/die-stadt-als-schwamm-von-der-hitzeinsel-zum-wasserspeicher\/","og_site_name":"Sonnenseite","article_publisher":"https:\/\/www.facebook.com\/pages\/Franz-Alt-SONNENSEITECOM\/221072987903953?fref=ts","article_published_time":"2023-09-30T01:00:00+00:00","article_modified_time":"2023-10-16T06:47:14+00:00","og_image":[{"width":770,"height":420,"url":"https:\/\/www.sonnenseite.com\/wp-content\/uploads\/2023\/09\/Stadt_gruen_Huhli13.jpg","type":"image\/jpeg"}],"author":"Bigi Alt","twitter_card":"summary_large_image","twitter_creator":"@franzalt","twitter_site":"@franzalt","twitter_misc":{"Verfasst von":"Bigi Alt","Gesch\u00e4tzte Lesezeit":"5\u00a0Minuten"},"schema":{"@context":"https:\/\/schema.org","@graph":[{"@type":"Article","@id":"https:\/\/www.sonnenseite.com\/de\/umwelt\/die-stadt-als-schwamm-von-der-hitzeinsel-zum-wasserspeicher\/#article","isPartOf":{"@id":"https:\/\/www.sonnenseite.com\/de\/umwelt\/die-stadt-als-schwamm-von-der-hitzeinsel-zum-wasserspeicher\/"},"author":{"name":"Bigi Alt","@id":"https:\/\/www.sonnenseite.com\/de\/#\/schema\/person\/50fda0e926597684c7cc6695238a4eb9"},"headline":"Die Stadt als Schwamm: Von der Hitzeinsel zum Wasserspeicher","datePublished":"2023-09-30T01:00:00+00:00","dateModified":"2023-10-16T06:47:14+00:00","mainEntityOfPage":{"@id":"https:\/\/www.sonnenseite.com\/de\/umwelt\/die-stadt-als-schwamm-von-der-hitzeinsel-zum-wasserspeicher\/"},"wordCount":909,"publisher":{"@id":"https:\/\/www.sonnenseite.com\/de\/#organization"},"image":{"@id":"https:\/\/www.sonnenseite.com\/de\/umwelt\/die-stadt-als-schwamm-von-der-hitzeinsel-zum-wasserspeicher\/#primaryimage"},"thumbnailUrl":"https:\/\/www.sonnenseite.com\/wp-content\/uploads\/2023\/09\/Stadt_gruen_Huhli13.jpg","articleSection":["Umwelt"],"inLanguage":"de"},{"@type":"WebPage","@id":"https:\/\/www.sonnenseite.com\/de\/umwelt\/die-stadt-als-schwamm-von-der-hitzeinsel-zum-wasserspeicher\/","url":"https:\/\/www.sonnenseite.com\/de\/umwelt\/die-stadt-als-schwamm-von-der-hitzeinsel-zum-wasserspeicher\/","name":"Die Stadt als Schwamm: Von der Hitzeinsel zum Wasserspeicher - Sonnenseite - \u00d6kologische Kommunikation mit Franz Alt","isPartOf":{"@id":"https:\/\/www.sonnenseite.com\/de\/#website"},"primaryImageOfPage":{"@id":"https:\/\/www.sonnenseite.com\/de\/umwelt\/die-stadt-als-schwamm-von-der-hitzeinsel-zum-wasserspeicher\/#primaryimage"},"image":{"@id":"https:\/\/www.sonnenseite.com\/de\/umwelt\/die-stadt-als-schwamm-von-der-hitzeinsel-zum-wasserspeicher\/#primaryimage"},"thumbnailUrl":"https:\/\/www.sonnenseite.com\/wp-content\/uploads\/2023\/09\/Stadt_gruen_Huhli13.jpg","datePublished":"2023-09-30T01:00:00+00:00","dateModified":"2023-10-16T06:47:14+00:00","description":"Im Projekt PeriSponge entwickelt ein Team um Eva Schwab vom Institut f\u00fcr St\u00e4dtebau einen evidenzbasierten Werkzeugkasten, mit dem Gemeinden","breadcrumb":{"@id":"https:\/\/www.sonnenseite.com\/de\/umwelt\/die-stadt-als-schwamm-von-der-hitzeinsel-zum-wasserspeicher\/#breadcrumb"},"inLanguage":"de","potentialAction":[{"@type":"ReadAction","target":["https:\/\/www.sonnenseite.com\/de\/umwelt\/die-stadt-als-schwamm-von-der-hitzeinsel-zum-wasserspeicher\/"]}]},{"@type":"ImageObject","inLanguage":"de","@id":"https:\/\/www.sonnenseite.com\/de\/umwelt\/die-stadt-als-schwamm-von-der-hitzeinsel-zum-wasserspeicher\/#primaryimage","url":"https:\/\/www.sonnenseite.com\/wp-content\/uploads\/2023\/09\/Stadt_gruen_Huhli13.jpg","contentUrl":"https:\/\/www.sonnenseite.com\/wp-content\/uploads\/2023\/09\/Stadt_gruen_Huhli13.jpg","width":770,"height":420,"caption":"Depositphotos.com | Huhli13"},{"@type":"BreadcrumbList","@id":"https:\/\/www.sonnenseite.com\/de\/umwelt\/die-stadt-als-schwamm-von-der-hitzeinsel-zum-wasserspeicher\/#breadcrumb","itemListElement":[{"@type":"ListItem","position":1,"name":"Startseite","item":"https:\/\/www.sonnenseite.com\/de\/"},{"@type":"ListItem","position":2,"name":"Die Stadt als Schwamm: Von der Hitzeinsel zum Wasserspeicher"}]},{"@type":"WebSite","@id":"https:\/\/www.sonnenseite.com\/de\/#website","url":"https:\/\/www.sonnenseite.com\/de\/","name":"Sonnenseite","description":"\u00d6kologische Kommunikation mit Franz Alt","publisher":{"@id":"https:\/\/www.sonnenseite.com\/de\/#organization"},"potentialAction":[{"@type":"SearchAction","target":{"@type":"EntryPoint","urlTemplate":"https:\/\/www.sonnenseite.com\/de\/?s={search_term_string}"},"query-input":{"@type":"PropertyValueSpecification","valueRequired":true,"valueName":"search_term_string"}}],"inLanguage":"de"},{"@type":"Organization","@id":"https:\/\/www.sonnenseite.com\/de\/#organization","name":"Sonnenseite","url":"https:\/\/www.sonnenseite.com\/de\/","logo":{"@type":"ImageObject","inLanguage":"de","@id":"https:\/\/www.sonnenseite.com\/de\/#\/schema\/logo\/image\/","url":"https:\/\/www.sonnenseite.com\/wp-content\/uploads\/2020\/05\/Sonnenseite_Logo.png","contentUrl":"https:\/\/www.sonnenseite.com\/wp-content\/uploads\/2020\/05\/Sonnenseite_Logo.png","width":377,"height":90,"caption":"Sonnenseite"},"image":{"@id":"https:\/\/www.sonnenseite.com\/de\/#\/schema\/logo\/image\/"},"sameAs":["https:\/\/www.facebook.com\/pages\/Franz-Alt-SONNENSEITECOM\/221072987903953?fref=ts","https:\/\/x.com\/franzalt","http:\/\/www.youtube.com\/results?search_query&amp;amp;quot;franz_alt&amp;amp;quot;&amp;amp;amp;amp;search_type&amp;amp;amp;amp;aq=f"]},{"@type":"Person","@id":"https:\/\/www.sonnenseite.com\/de\/#\/schema\/person\/50fda0e926597684c7cc6695238a4eb9","name":"Bigi Alt"}]}},"_links":{"self":[{"href":"https:\/\/www.sonnenseite.com\/de\/wp-json\/wp\/v2\/posts\/94336","targetHints":{"allow":["GET"]}}],"collection":[{"href":"https:\/\/www.sonnenseite.com\/de\/wp-json\/wp\/v2\/posts"}],"about":[{"href":"https:\/\/www.sonnenseite.com\/de\/wp-json\/wp\/v2\/types\/post"}],"author":[{"embeddable":true,"href":"https:\/\/www.sonnenseite.com\/de\/wp-json\/wp\/v2\/users\/3"}],"replies":[{"embeddable":true,"href":"https:\/\/www.sonnenseite.com\/de\/wp-json\/wp\/v2\/comments?post=94336"}],"version-history":[{"count":4,"href":"https:\/\/www.sonnenseite.com\/de\/wp-json\/wp\/v2\/posts\/94336\/revisions"}],"predecessor-version":[{"id":94344,"href":"https:\/\/www.sonnenseite.com\/de\/wp-json\/wp\/v2\/posts\/94336\/revisions\/94344"}],"wp:featuredmedia":[{"embeddable":true,"href":"https:\/\/www.sonnenseite.com\/de\/wp-json\/wp\/v2\/media\/94341"}],"wp:attachment":[{"href":"https:\/\/www.sonnenseite.com\/de\/wp-json\/wp\/v2\/media?parent=94336"}],"wp:term":[{"taxonomy":"category","embeddable":true,"href":"https:\/\/www.sonnenseite.com\/de\/wp-json\/wp\/v2\/categories?post=94336"},{"taxonomy":"post_tag","embeddable":true,"href":"https:\/\/www.sonnenseite.com\/de\/wp-json\/wp\/v2\/tags?post=94336"}],"curies":[{"name":"wp","href":"https:\/\/api.w.org\/{rel}","templated":true}]}}