{"id":94368,"date":"2023-09-29T10:20:19","date_gmt":"2023-09-29T08:20:19","guid":{"rendered":"https:\/\/www.sonnenseite.com\/?p=94368"},"modified":"2023-10-16T08:47:34","modified_gmt":"2023-10-16T06:47:34","slug":"sechs-kinder-und-jugendliche-gegen-32-regierungen","status":"publish","type":"post","link":"https:\/\/www.sonnenseite.com\/de\/franz-alt\/kommentare-interviews\/sechs-kinder-und-jugendliche-gegen-32-regierungen\/","title":{"rendered":"\u00a0Sechs Kinder und Jugendliche gegen 32 Regierungen"},"content":{"rendered":"\n<p>Es geht um den bahnbrechendsten Prozess aller Zeiten.<\/p>\n\n\n<div class=\"wp-block-image\">\n<figure class=\"alignleft size-full is-resized\"><img loading=\"lazy\" decoding=\"async\" src=\"https:\/\/www.sonnenseite.com\/wp-content\/uploads\/2023\/09\/GlobalLegalActionNetwork-glan.jpg\" alt=\"www.glanlaw.org\/\" class=\"wp-image-94354\" style=\"width:410px;height:181px\" width=\"410\" height=\"181\" srcset=\"https:\/\/www.sonnenseite.com\/wp-content\/uploads\/2023\/09\/GlobalLegalActionNetwork-glan.jpg 951w, https:\/\/www.sonnenseite.com\/wp-content\/uploads\/2023\/09\/GlobalLegalActionNetwork-glan-300x132.jpg 300w, https:\/\/www.sonnenseite.com\/wp-content\/uploads\/2023\/09\/GlobalLegalActionNetwork-glan-768x339.jpg 768w\" sizes=\"auto, (max-width: 410px) 100vw, 410px\" \/><figcaption class=\"wp-element-caption\">\u00a9 www.glanlaw.org | youth4climatejustice.org<\/figcaption><\/figure>\n<\/div>\n\n\n<p>Der <a href=\"https:\/\/www.coe.int\/de\/web\/portal\/gerichtshof-fur-menschenrechte\">Europ\u00e4ische Gerichtshof<\/a> f\u00fcr Menschenrechte wurde nach dem zweiten Weltkrieg gegr\u00fcndet, um die europ\u00e4ischen Regierungen zur Rechenschaft ziehen zu k\u00f6nnen, wenn sie es vers\u00e4umen, die Menschenrechte zu sch\u00fctzen. Jetzt verklagen sechs Kinder und Jugendliche aus Portugal 32 europ\u00e4ische Regierungen wegen ihrer laschen Klimaschutzpolitik. Es geht um nichts weniger als um die \u00dcberlebensfrage der Menschheit.\u00a0 <\/p>\n\n\n\n<p>Es ist jetzt in Stra\u00dfburg einer der spektakul\u00e4rsten und wichtigsten Prozesse aller Zeiten. Denn noch nie waren die Menschenrechte und die Freiheitsrechte von allen k\u00fcnftigen Generationen so in Gefahr wie heute. Die jungen Leute klagen im Namen ihrer Zukunft, nicht nur einer Generation, sondern aller Generationen.<\/p>\n\n\n\n<h4 class=\"wp-block-heading\">Tausende Klimawissenschaftler geben den Kl\u00e4gern Recht <\/h4>\n\n\n\n<p>Sie warnen vor einer globalen Klimakatastrophe. Im Sommer 2023 erlebten wir extreme St\u00fcrme, Waldbr\u00e4nde in der halben Welt, Hitzewellen wie noch nie sowie Wetterextreme mit \u00fcber 40 Grad Hitze zum Beispiel in Deutschland. <\/p>\n\n\n\n<h4 class=\"wp-block-heading\">Ist die Chance schon verpasst, die Klimaerw\u00e4rmung noch bei 1.5 Grad zu stoppen? <\/h4>\n\n\n\n<p>2022 gab es weltweit bereits f\u00fcr 270 Milliarden Dollar Sch\u00e4den durch die Klimaerhitzung. Und das ist erst der Anfang. Wir laufen zurzeit auf eine Erw\u00e4rmung von 3.5 Grad plus bis zum Ende des Jahrhunderts zu. Kaum zu beziffern sind die Gesundheitssch\u00e4den, welche Millionen Menschen durch die Hitzewellen und die schlechte Luftqualit\u00e4t erleiden. Hinzu kommen j\u00e4hrlich tausende Tote und Millionen Klimafl\u00fcchtlinge in wachsender Zahl. Allein in China sind 2022 \u00fcber 600.000 Menschen durch den Klimawandel fr\u00fchzeitig gestorben. Vorbeugende Klimapolitik ist die beste, preiswerteste und wichtigste Sozialpolitik.<\/p>\n\n\n\n<h4 class=\"wp-block-heading\">Sind wir noch zu retten?<\/h4>\n\n\n\n<p>Ja, meint der Weltenergierat in Paris und ja meint auch noch die Mehrheit der Klimaforscher. Die Regierungen m\u00fcssten dazu allerdings das Tempo des Ausbaus der erneuerbaren Energien mindestens verdreifachen. Zur Rettung kann auch das Urteil des Europ\u00e4ischen Gerichtshofs f\u00fcr Menschenrechte beitragen. So wie schon 2021 das Urteil des deutschen Bundesverfassungsgerichts geholfen hat. Die damalige Gro\u00dfe Koalition unter Angela Merkel musste in einem Gesetz die Klimaneutralit\u00e4t Deutschlands von 2050 auf 2045 vorziehen. Vielleicht m\u00fcssen k\u00fcnftig die 32 beklagten europ\u00e4ischen Regierungen \u00a0(27 EU-Staaten, England, die T\u00fcrkei, Zypern, Armenien und Georgien) \u00e4hnlich oder noch mehr nachbessern.<\/p>\n\n\n\n<p><strong>Denn die Klimaforscher haben sich bislang nur in einem Punkt geirrt:<\/strong> Die Katastrophe der Klimaerhitzung kommt schneller als von der Wissenschaft bisher bef\u00fcrchtet. Den kompletten Umstieg auf erneuerbare Energien m\u00fcssen wir nicht bis 2045 schaffen, sondern bis 2035. Das ist machbar \u2013 Costa Rica und Island sind schon heute so weit und Kenia in Afrika will schon bis 2030 so weit sein.<\/p>\n\n\n\n<p>Klimaklagen k\u00f6nnen mehr bewirken als Klimakleben. Wobei alle Formen des gewaltfreien Protests hilfreich sein k\u00f6nnen. Die TAZ dazu: \u201eWas es braucht, ist eine Vielfalt des Protests.\u201c<\/p>\n\n\n\n<ul class=\"wp-block-list\">\n<li><a href=\"https:\/\/www.sonnenseite.com\/de\/politik\/europa-wird-in-einem-bahnbrechenden-prozess-zum-thema-klima-verurteilt\/\">&#8222;EUROPA wird in einem bahnbrechenden Prozess zum Thema Klima verurteilt&#8220;<\/a> | Sechs jugendlichen Kl\u00e4ger machen geltend, dass diese Staaten ihre Menschenrechte verletzen, weil sie ihre Emissionen nicht schnell genug senken.<\/li>\n\n\n\n<li><a href=\"https:\/\/youth4climatejustice.org\" target=\"_blank\" rel=\"noreferrer noopener\">Youth4 Climate Justice 2023<\/a> | <a href=\"https:\/\/www.glanlaw.org\/\" target=\"_blank\" rel=\"noreferrer noopener\">GlobalLegalActionNetwork \u2013 glan<\/a><\/li>\n<\/ul>\n\n\n<h5 class=\"green\">Quelle<\/h5>\r\n\n\n\n<p><a href=\"mailto:franzalt@sonnenseite.com\">Franz Alt 2023<\/a><\/p>\n<div class=\"shariff shariff-align-flex-start shariff-widget-align-flex-start\"><div class=\"ShariffHeadline\">Diese Meldung teilen<\/div><ul class=\"shariff-buttons theme-round orientation-horizontal buttonsize-medium\"><li class=\"shariff-button facebook shariff-nocustomcolor\" style=\"background-color:#4273c8;border-radius:1%\"><a href=\"https:\/\/www.facebook.com\/sharer\/sharer.php?u=https%3A%2F%2Fwww.sonnenseite.com%2Fde%2Ffranz-alt%2Fkommentare-interviews%2Fsechs-kinder-und-jugendliche-gegen-32-regierungen%2F\" title=\"Bei Facebook teilen\" aria-label=\"Bei Facebook teilen\" role=\"button\" rel=\"nofollow\" class=\"shariff-link\" style=\";border-radius:1%; background-color:#3b5998; color:#fff\" target=\"_blank\"><span class=\"shariff-icon\" style=\"\"><svg width=\"32px\" height=\"20px\" xmlns=\"http:\/\/www.w3.org\/2000\/svg\" viewBox=\"0 0 18 32\"><path fill=\"#3b5998\" d=\"M17.1 0.2v4.7h-2.8q-1.5 0-2.1 0.6t-0.5 1.9v3.4h5.2l-0.7 5.3h-4.5v13.6h-5.5v-13.6h-4.5v-5.3h4.5v-3.9q0-3.3 1.9-5.2t5-1.8q2.6 0 4.1 0.2z\"\/><\/svg><\/span><\/a><\/li><li class=\"shariff-button twitter shariff-nocustomcolor\" style=\"background-color:#595959;border-radius:1%\"><a href=\"https:\/\/twitter.com\/share?url=https%3A%2F%2Fwww.sonnenseite.com%2Fde%2Ffranz-alt%2Fkommentare-interviews%2Fsechs-kinder-und-jugendliche-gegen-32-regierungen%2F&text=%C2%A0Sechs%20Kinder%20und%20Jugendliche%20gegen%2032%20Regierungen\" title=\"Bei X teilen\" aria-label=\"Bei X teilen\" role=\"button\" rel=\"noopener nofollow\" class=\"shariff-link\" style=\";border-radius:1%; background-color:#000; color:#fff\" target=\"_blank\"><span class=\"shariff-icon\" style=\"\"><svg width=\"32px\" height=\"20px\" xmlns=\"http:\/\/www.w3.org\/2000\/svg\" viewBox=\"0 0 24 24\"><path fill=\"#000\" d=\"M14.258 10.152L23.176 0h-2.113l-7.747 8.813L7.133 0H0l9.352 13.328L0 23.973h2.113l8.176-9.309 6.531 9.309h7.133zm-2.895 3.293l-.949-1.328L2.875 1.56h3.246l6.086 8.523.945 1.328 7.91 11.078h-3.246zm0 0\"\/><\/svg><\/span><\/a><\/li><li class=\"shariff-button xing shariff-nocustomcolor\" style=\"background-color:#29888a;border-radius:1%\"><a href=\"https:\/\/www.xing.com\/spi\/shares\/new?url=https%3A%2F%2Fwww.sonnenseite.com%2Fde%2Ffranz-alt%2Fkommentare-interviews%2Fsechs-kinder-und-jugendliche-gegen-32-regierungen%2F\" title=\"Bei XING teilen\" aria-label=\"Bei XING teilen\" role=\"button\" rel=\"noopener nofollow\" class=\"shariff-link\" style=\";border-radius:1%; background-color:#126567; color:#fff\" target=\"_blank\"><span class=\"shariff-icon\" style=\"\"><svg width=\"32px\" height=\"20px\" xmlns=\"http:\/\/www.w3.org\/2000\/svg\" viewBox=\"0 0 25 32\"><path fill=\"#126567\" d=\"M10.7 11.9q-0.2 0.3-4.6 8.2-0.5 0.8-1.2 0.8h-4.3q-0.4 0-0.5-0.3t0-0.6l4.5-8q0 0 0 0l-2.9-5q-0.2-0.4 0-0.7 0.2-0.3 0.5-0.3h4.3q0.7 0 1.2 0.8zM25.1 0.4q0.2 0.3 0 0.7l-9.4 16.7 6 11q0.2 0.4 0 0.6-0.2 0.3-0.6 0.3h-4.3q-0.7 0-1.2-0.8l-6-11.1q0.3-0.6 9.5-16.8 0.4-0.8 1.2-0.8h4.3q0.4 0 0.5 0.3z\"\/><\/svg><\/span><\/a><\/li><li class=\"shariff-button linkedin shariff-nocustomcolor\" style=\"background-color:#1488bf;border-radius:1%\"><a href=\"https:\/\/www.linkedin.com\/sharing\/share-offsite\/?url=https%3A%2F%2Fwww.sonnenseite.com%2Fde%2Ffranz-alt%2Fkommentare-interviews%2Fsechs-kinder-und-jugendliche-gegen-32-regierungen%2F\" title=\"Bei LinkedIn teilen\" aria-label=\"Bei LinkedIn teilen\" role=\"button\" rel=\"noopener nofollow\" class=\"shariff-link\" style=\";border-radius:1%; background-color:#0077b5; color:#fff\" target=\"_blank\"><span class=\"shariff-icon\" style=\"\"><svg width=\"32px\" height=\"20px\" xmlns=\"http:\/\/www.w3.org\/2000\/svg\" viewBox=\"0 0 27 32\"><path fill=\"#0077b5\" d=\"M6.2 11.2v17.7h-5.9v-17.7h5.9zM6.6 5.7q0 1.3-0.9 2.2t-2.4 0.9h0q-1.5 0-2.4-0.9t-0.9-2.2 0.9-2.2 2.4-0.9 2.4 0.9 0.9 2.2zM27.4 18.7v10.1h-5.9v-9.5q0-1.9-0.7-2.9t-2.3-1.1q-1.1 0-1.9 0.6t-1.2 1.5q-0.2 0.5-0.2 1.4v9.9h-5.9q0-7.1 0-11.6t0-5.3l0-0.9h5.9v2.6h0q0.4-0.6 0.7-1t1-0.9 1.6-0.8 2-0.3q3 0 4.9 2t1.9 6z\"\/><\/svg><\/span><\/a><\/li><li class=\"shariff-button printer shariff-nocustomcolor\" style=\"background-color:#a8a8a8;border-radius:1%\"><a href=\"javascript:window.print()\" title=\"drucken\" aria-label=\"drucken\" role=\"button\" rel=\"noopener nofollow\" class=\"shariff-link\" style=\";border-radius:1%; background-color:#999; color:#fff\"><span class=\"shariff-icon\" style=\"\"><svg width=\"32px\" height=\"20px\" xmlns=\"http:\/\/www.w3.org\/2000\/svg\" viewBox=\"0 0 30 32\"><path fill=\"#999\" d=\"M6.8 27.4h16v-4.6h-16v4.6zM6.8 16h16v-6.8h-2.8q-0.7 0-1.2-0.5t-0.5-1.2v-2.8h-11.4v11.4zM27.4 17.2q0-0.5-0.3-0.8t-0.8-0.4-0.8 0.4-0.3 0.8 0.3 0.8 0.8 0.3 0.8-0.3 0.3-0.8zM29.7 17.2v7.4q0 0.2-0.2 0.4t-0.4 0.2h-4v2.8q0 0.7-0.5 1.2t-1.2 0.5h-17.2q-0.7 0-1.2-0.5t-0.5-1.2v-2.8h-4q-0.2 0-0.4-0.2t-0.2-0.4v-7.4q0-1.4 1-2.4t2.4-1h1.2v-9.7q0-0.7 0.5-1.2t1.2-0.5h12q0.7 0 1.6 0.4t1.3 0.8l2.7 2.7q0.5 0.5 0.9 1.4t0.4 1.6v4.6h1.1q1.4 0 2.4 1t1 2.4z\"\/><\/svg><\/span><\/a><\/li><li class=\"shariff-button mailto shariff-nocustomcolor\" style=\"background-color:#a8a8a8;border-radius:1%\"><a href=\"mailto:?body=https%3A%2F%2Fwww.sonnenseite.com%2Fde%2Ffranz-alt%2Fkommentare-interviews%2Fsechs-kinder-und-jugendliche-gegen-32-regierungen%2F&subject=%C2%A0Sechs%20Kinder%20und%20Jugendliche%20gegen%2032%20Regierungen\" title=\"Per E-Mail versenden\" aria-label=\"Per E-Mail versenden\" role=\"button\" rel=\"noopener nofollow\" class=\"shariff-link\" style=\";border-radius:1%; background-color:#999; color:#fff\"><span class=\"shariff-icon\" style=\"\"><svg width=\"32px\" height=\"20px\" xmlns=\"http:\/\/www.w3.org\/2000\/svg\" viewBox=\"0 0 32 32\"><path fill=\"#999\" d=\"M32 12.7v14.2q0 1.2-0.8 2t-2 0.9h-26.3q-1.2 0-2-0.9t-0.8-2v-14.2q0.8 0.9 1.8 1.6 6.5 4.4 8.9 6.1 1 0.8 1.6 1.2t1.7 0.9 2 0.4h0.1q0.9 0 2-0.4t1.7-0.9 1.6-1.2q3-2.2 8.9-6.1 1-0.7 1.8-1.6zM32 7.4q0 1.4-0.9 2.7t-2.2 2.2q-6.7 4.7-8.4 5.8-0.2 0.1-0.7 0.5t-1 0.7-0.9 0.6-1.1 0.5-0.9 0.2h-0.1q-0.4 0-0.9-0.2t-1.1-0.5-0.9-0.6-1-0.7-0.7-0.5q-1.6-1.1-4.7-3.2t-3.6-2.6q-1.1-0.7-2.1-2t-1-2.5q0-1.4 0.7-2.3t2.1-0.9h26.3q1.2 0 2 0.8t0.9 2z\"\/><\/svg><\/span><\/a><\/li><\/ul><\/div>","protected":false},"excerpt":{"rendered":"<p>Es geht um den bahnbrechendsten Prozess aller Zeiten. Der Europ\u00e4ische Gerichtshof f\u00fcr Menschenrechte wurde nach dem [&hellip;]<\/p>\n","protected":false},"author":3,"featured_media":37017,"comment_status":"closed","ping_status":"closed","sticky":false,"template":"","format":"standard","meta":{"inline_featured_image":false,"footnotes":""},"categories":[29],"tags":[],"class_list":["post-94368","post","type-post","status-publish","format-standard","has-post-thumbnail","hentry","category-kommentare-interviews"],"yoast_head":"<!-- This site is optimized with the Yoast SEO plugin v26.5 - https:\/\/yoast.com\/wordpress\/plugins\/seo\/ -->\n<title>\u00a0Sechs Kinder und Jugendliche gegen 32 Regierungen - Sonnenseite - \u00d6kologische Kommunikation mit Franz Alt<\/title>\n<meta name=\"description\" content=\"Es geht um den bahnbrechendsten Prozess aller Zeiten. \u00a9 www.glanlaw.org | youth4climatejustice.org Der Europ\u00e4ische Gerichtshof f\u00fcr Menschenrechte wurde\" \/>\n<meta name=\"robots\" content=\"index, follow, max-snippet:-1, max-image-preview:large, max-video-preview:-1\" \/>\n<link rel=\"canonical\" href=\"https:\/\/www.sonnenseite.com\/de\/franz-alt\/kommentare-interviews\/sechs-kinder-und-jugendliche-gegen-32-regierungen\/\" \/>\n<meta property=\"og:locale\" content=\"de_DE\" \/>\n<meta property=\"og:type\" content=\"article\" \/>\n<meta property=\"og:title\" content=\"\u00a0Sechs Kinder und Jugendliche gegen 32 Regierungen - Sonnenseite - \u00d6kologische Kommunikation mit Franz Alt\" \/>\n<meta property=\"og:description\" content=\"Es geht um den bahnbrechendsten Prozess aller Zeiten. \u00a9 www.glanlaw.org | youth4climatejustice.org Der Europ\u00e4ische Gerichtshof f\u00fcr Menschenrechte wurde\" \/>\n<meta property=\"og:url\" content=\"https:\/\/www.sonnenseite.com\/de\/franz-alt\/kommentare-interviews\/sechs-kinder-und-jugendliche-gegen-32-regierungen\/\" \/>\n<meta property=\"og:site_name\" content=\"Sonnenseite\" \/>\n<meta property=\"article:publisher\" content=\"https:\/\/www.facebook.com\/pages\/Franz-Alt-SONNENSEITECOM\/221072987903953?fref=ts\" \/>\n<meta property=\"article:published_time\" content=\"2023-09-29T08:20:19+00:00\" \/>\n<meta property=\"article:modified_time\" content=\"2023-10-16T06:47:34+00:00\" \/>\n<meta property=\"og:image\" content=\"https:\/\/www.sonnenseite.com\/wp-content\/uploads\/2016\/05\/EuropischerGerichtshof_hpgruesen.jpg\" \/>\n\t<meta property=\"og:image:width\" content=\"770\" \/>\n\t<meta property=\"og:image:height\" content=\"420\" \/>\n\t<meta property=\"og:image:type\" content=\"image\/jpeg\" \/>\n<meta name=\"author\" content=\"Bigi Alt\" \/>\n<meta name=\"twitter:card\" content=\"summary_large_image\" \/>\n<meta name=\"twitter:creator\" content=\"@franzalt\" \/>\n<meta name=\"twitter:site\" content=\"@franzalt\" \/>\n<meta name=\"twitter:label1\" content=\"Verfasst von\" \/>\n\t<meta name=\"twitter:data1\" content=\"Bigi Alt\" \/>\n\t<meta name=\"twitter:label2\" content=\"Gesch\u00e4tzte Lesezeit\" \/>\n\t<meta name=\"twitter:data2\" content=\"3\u00a0Minuten\" \/>\n<script type=\"application\/ld+json\" class=\"yoast-schema-graph\">{\"@context\":\"https:\/\/schema.org\",\"@graph\":[{\"@type\":\"Article\",\"@id\":\"https:\/\/www.sonnenseite.com\/de\/franz-alt\/kommentare-interviews\/sechs-kinder-und-jugendliche-gegen-32-regierungen\/#article\",\"isPartOf\":{\"@id\":\"https:\/\/www.sonnenseite.com\/de\/franz-alt\/kommentare-interviews\/sechs-kinder-und-jugendliche-gegen-32-regierungen\/\"},\"author\":{\"name\":\"Bigi Alt\",\"@id\":\"https:\/\/www.sonnenseite.com\/de\/#\/schema\/person\/50fda0e926597684c7cc6695238a4eb9\"},\"headline\":\"\u00a0Sechs Kinder und Jugendliche gegen 32 Regierungen\",\"datePublished\":\"2023-09-29T08:20:19+00:00\",\"dateModified\":\"2023-10-16T06:47:34+00:00\",\"mainEntityOfPage\":{\"@id\":\"https:\/\/www.sonnenseite.com\/de\/franz-alt\/kommentare-interviews\/sechs-kinder-und-jugendliche-gegen-32-regierungen\/\"},\"wordCount\":498,\"publisher\":{\"@id\":\"https:\/\/www.sonnenseite.com\/de\/#organization\"},\"image\":{\"@id\":\"https:\/\/www.sonnenseite.com\/de\/franz-alt\/kommentare-interviews\/sechs-kinder-und-jugendliche-gegen-32-regierungen\/#primaryimage\"},\"thumbnailUrl\":\"https:\/\/www.sonnenseite.com\/wp-content\/uploads\/2016\/05\/EuropischerGerichtshof_hpgruesen.jpg\",\"articleSection\":[\"Kommentare &amp; Interviews\"],\"inLanguage\":\"de\"},{\"@type\":\"WebPage\",\"@id\":\"https:\/\/www.sonnenseite.com\/de\/franz-alt\/kommentare-interviews\/sechs-kinder-und-jugendliche-gegen-32-regierungen\/\",\"url\":\"https:\/\/www.sonnenseite.com\/de\/franz-alt\/kommentare-interviews\/sechs-kinder-und-jugendliche-gegen-32-regierungen\/\",\"name\":\"\u00a0Sechs Kinder und Jugendliche gegen 32 Regierungen - Sonnenseite - \u00d6kologische Kommunikation mit Franz Alt\",\"isPartOf\":{\"@id\":\"https:\/\/www.sonnenseite.com\/de\/#website\"},\"primaryImageOfPage\":{\"@id\":\"https:\/\/www.sonnenseite.com\/de\/franz-alt\/kommentare-interviews\/sechs-kinder-und-jugendliche-gegen-32-regierungen\/#primaryimage\"},\"image\":{\"@id\":\"https:\/\/www.sonnenseite.com\/de\/franz-alt\/kommentare-interviews\/sechs-kinder-und-jugendliche-gegen-32-regierungen\/#primaryimage\"},\"thumbnailUrl\":\"https:\/\/www.sonnenseite.com\/wp-content\/uploads\/2016\/05\/EuropischerGerichtshof_hpgruesen.jpg\",\"datePublished\":\"2023-09-29T08:20:19+00:00\",\"dateModified\":\"2023-10-16T06:47:34+00:00\",\"description\":\"Es geht um den bahnbrechendsten Prozess aller Zeiten. \u00a9 www.glanlaw.org | youth4climatejustice.org Der Europ\u00e4ische Gerichtshof f\u00fcr Menschenrechte wurde\",\"breadcrumb\":{\"@id\":\"https:\/\/www.sonnenseite.com\/de\/franz-alt\/kommentare-interviews\/sechs-kinder-und-jugendliche-gegen-32-regierungen\/#breadcrumb\"},\"inLanguage\":\"de\",\"potentialAction\":[{\"@type\":\"ReadAction\",\"target\":[\"https:\/\/www.sonnenseite.com\/de\/franz-alt\/kommentare-interviews\/sechs-kinder-und-jugendliche-gegen-32-regierungen\/\"]}]},{\"@type\":\"ImageObject\",\"inLanguage\":\"de\",\"@id\":\"https:\/\/www.sonnenseite.com\/de\/franz-alt\/kommentare-interviews\/sechs-kinder-und-jugendliche-gegen-32-regierungen\/#primaryimage\",\"url\":\"https:\/\/www.sonnenseite.com\/wp-content\/uploads\/2016\/05\/EuropischerGerichtshof_hpgruesen.jpg\",\"contentUrl\":\"https:\/\/www.sonnenseite.com\/wp-content\/uploads\/2016\/05\/EuropischerGerichtshof_hpgruesen.jpg\",\"width\":770,\"height\":420,\"caption\":\"pixabay.com | hpgruesen\"},{\"@type\":\"BreadcrumbList\",\"@id\":\"https:\/\/www.sonnenseite.com\/de\/franz-alt\/kommentare-interviews\/sechs-kinder-und-jugendliche-gegen-32-regierungen\/#breadcrumb\",\"itemListElement\":[{\"@type\":\"ListItem\",\"position\":1,\"name\":\"Startseite\",\"item\":\"https:\/\/www.sonnenseite.com\/de\/\"},{\"@type\":\"ListItem\",\"position\":2,\"name\":\"\u00a0Sechs Kinder und Jugendliche gegen 32 Regierungen\"}]},{\"@type\":\"WebSite\",\"@id\":\"https:\/\/www.sonnenseite.com\/de\/#website\",\"url\":\"https:\/\/www.sonnenseite.com\/de\/\",\"name\":\"Sonnenseite\",\"description\":\"\u00d6kologische Kommunikation mit Franz Alt\",\"publisher\":{\"@id\":\"https:\/\/www.sonnenseite.com\/de\/#organization\"},\"potentialAction\":[{\"@type\":\"SearchAction\",\"target\":{\"@type\":\"EntryPoint\",\"urlTemplate\":\"https:\/\/www.sonnenseite.com\/de\/?s={search_term_string}\"},\"query-input\":{\"@type\":\"PropertyValueSpecification\",\"valueRequired\":true,\"valueName\":\"search_term_string\"}}],\"inLanguage\":\"de\"},{\"@type\":\"Organization\",\"@id\":\"https:\/\/www.sonnenseite.com\/de\/#organization\",\"name\":\"Sonnenseite\",\"url\":\"https:\/\/www.sonnenseite.com\/de\/\",\"logo\":{\"@type\":\"ImageObject\",\"inLanguage\":\"de\",\"@id\":\"https:\/\/www.sonnenseite.com\/de\/#\/schema\/logo\/image\/\",\"url\":\"https:\/\/www.sonnenseite.com\/wp-content\/uploads\/2020\/05\/Sonnenseite_Logo.png\",\"contentUrl\":\"https:\/\/www.sonnenseite.com\/wp-content\/uploads\/2020\/05\/Sonnenseite_Logo.png\",\"width\":377,\"height\":90,\"caption\":\"Sonnenseite\"},\"image\":{\"@id\":\"https:\/\/www.sonnenseite.com\/de\/#\/schema\/logo\/image\/\"},\"sameAs\":[\"https:\/\/www.facebook.com\/pages\/Franz-Alt-SONNENSEITECOM\/221072987903953?fref=ts\",\"https:\/\/x.com\/franzalt\",\"http:\/\/www.youtube.com\/results?search_query&amp;amp;quot;franz_alt&amp;amp;quot;&amp;amp;amp;amp;search_type&amp;amp;amp;amp;aq=f\"]},{\"@type\":\"Person\",\"@id\":\"https:\/\/www.sonnenseite.com\/de\/#\/schema\/person\/50fda0e926597684c7cc6695238a4eb9\",\"name\":\"Bigi Alt\"}]}<\/script>\n<!-- \/ Yoast SEO plugin. -->","yoast_head_json":{"title":"\u00a0Sechs Kinder und Jugendliche gegen 32 Regierungen - Sonnenseite - \u00d6kologische Kommunikation mit Franz Alt","description":"Es geht um den bahnbrechendsten Prozess aller Zeiten. \u00a9 www.glanlaw.org | youth4climatejustice.org Der Europ\u00e4ische Gerichtshof f\u00fcr Menschenrechte wurde","robots":{"index":"index","follow":"follow","max-snippet":"max-snippet:-1","max-image-preview":"max-image-preview:large","max-video-preview":"max-video-preview:-1"},"canonical":"https:\/\/www.sonnenseite.com\/de\/franz-alt\/kommentare-interviews\/sechs-kinder-und-jugendliche-gegen-32-regierungen\/","og_locale":"de_DE","og_type":"article","og_title":"\u00a0Sechs Kinder und Jugendliche gegen 32 Regierungen - Sonnenseite - \u00d6kologische Kommunikation mit Franz Alt","og_description":"Es geht um den bahnbrechendsten Prozess aller Zeiten. \u00a9 www.glanlaw.org | youth4climatejustice.org Der Europ\u00e4ische Gerichtshof f\u00fcr Menschenrechte wurde","og_url":"https:\/\/www.sonnenseite.com\/de\/franz-alt\/kommentare-interviews\/sechs-kinder-und-jugendliche-gegen-32-regierungen\/","og_site_name":"Sonnenseite","article_publisher":"https:\/\/www.facebook.com\/pages\/Franz-Alt-SONNENSEITECOM\/221072987903953?fref=ts","article_published_time":"2023-09-29T08:20:19+00:00","article_modified_time":"2023-10-16T06:47:34+00:00","og_image":[{"width":770,"height":420,"url":"https:\/\/www.sonnenseite.com\/wp-content\/uploads\/2016\/05\/EuropischerGerichtshof_hpgruesen.jpg","type":"image\/jpeg"}],"author":"Bigi Alt","twitter_card":"summary_large_image","twitter_creator":"@franzalt","twitter_site":"@franzalt","twitter_misc":{"Verfasst von":"Bigi Alt","Gesch\u00e4tzte Lesezeit":"3\u00a0Minuten"},"schema":{"@context":"https:\/\/schema.org","@graph":[{"@type":"Article","@id":"https:\/\/www.sonnenseite.com\/de\/franz-alt\/kommentare-interviews\/sechs-kinder-und-jugendliche-gegen-32-regierungen\/#article","isPartOf":{"@id":"https:\/\/www.sonnenseite.com\/de\/franz-alt\/kommentare-interviews\/sechs-kinder-und-jugendliche-gegen-32-regierungen\/"},"author":{"name":"Bigi Alt","@id":"https:\/\/www.sonnenseite.com\/de\/#\/schema\/person\/50fda0e926597684c7cc6695238a4eb9"},"headline":"\u00a0Sechs Kinder und Jugendliche gegen 32 Regierungen","datePublished":"2023-09-29T08:20:19+00:00","dateModified":"2023-10-16T06:47:34+00:00","mainEntityOfPage":{"@id":"https:\/\/www.sonnenseite.com\/de\/franz-alt\/kommentare-interviews\/sechs-kinder-und-jugendliche-gegen-32-regierungen\/"},"wordCount":498,"publisher":{"@id":"https:\/\/www.sonnenseite.com\/de\/#organization"},"image":{"@id":"https:\/\/www.sonnenseite.com\/de\/franz-alt\/kommentare-interviews\/sechs-kinder-und-jugendliche-gegen-32-regierungen\/#primaryimage"},"thumbnailUrl":"https:\/\/www.sonnenseite.com\/wp-content\/uploads\/2016\/05\/EuropischerGerichtshof_hpgruesen.jpg","articleSection":["Kommentare &amp; Interviews"],"inLanguage":"de"},{"@type":"WebPage","@id":"https:\/\/www.sonnenseite.com\/de\/franz-alt\/kommentare-interviews\/sechs-kinder-und-jugendliche-gegen-32-regierungen\/","url":"https:\/\/www.sonnenseite.com\/de\/franz-alt\/kommentare-interviews\/sechs-kinder-und-jugendliche-gegen-32-regierungen\/","name":"\u00a0Sechs Kinder und Jugendliche gegen 32 Regierungen - Sonnenseite - \u00d6kologische Kommunikation mit Franz Alt","isPartOf":{"@id":"https:\/\/www.sonnenseite.com\/de\/#website"},"primaryImageOfPage":{"@id":"https:\/\/www.sonnenseite.com\/de\/franz-alt\/kommentare-interviews\/sechs-kinder-und-jugendliche-gegen-32-regierungen\/#primaryimage"},"image":{"@id":"https:\/\/www.sonnenseite.com\/de\/franz-alt\/kommentare-interviews\/sechs-kinder-und-jugendliche-gegen-32-regierungen\/#primaryimage"},"thumbnailUrl":"https:\/\/www.sonnenseite.com\/wp-content\/uploads\/2016\/05\/EuropischerGerichtshof_hpgruesen.jpg","datePublished":"2023-09-29T08:20:19+00:00","dateModified":"2023-10-16T06:47:34+00:00","description":"Es geht um den bahnbrechendsten Prozess aller Zeiten. \u00a9 www.glanlaw.org | youth4climatejustice.org Der Europ\u00e4ische Gerichtshof f\u00fcr Menschenrechte wurde","breadcrumb":{"@id":"https:\/\/www.sonnenseite.com\/de\/franz-alt\/kommentare-interviews\/sechs-kinder-und-jugendliche-gegen-32-regierungen\/#breadcrumb"},"inLanguage":"de","potentialAction":[{"@type":"ReadAction","target":["https:\/\/www.sonnenseite.com\/de\/franz-alt\/kommentare-interviews\/sechs-kinder-und-jugendliche-gegen-32-regierungen\/"]}]},{"@type":"ImageObject","inLanguage":"de","@id":"https:\/\/www.sonnenseite.com\/de\/franz-alt\/kommentare-interviews\/sechs-kinder-und-jugendliche-gegen-32-regierungen\/#primaryimage","url":"https:\/\/www.sonnenseite.com\/wp-content\/uploads\/2016\/05\/EuropischerGerichtshof_hpgruesen.jpg","contentUrl":"https:\/\/www.sonnenseite.com\/wp-content\/uploads\/2016\/05\/EuropischerGerichtshof_hpgruesen.jpg","width":770,"height":420,"caption":"pixabay.com | hpgruesen"},{"@type":"BreadcrumbList","@id":"https:\/\/www.sonnenseite.com\/de\/franz-alt\/kommentare-interviews\/sechs-kinder-und-jugendliche-gegen-32-regierungen\/#breadcrumb","itemListElement":[{"@type":"ListItem","position":1,"name":"Startseite","item":"https:\/\/www.sonnenseite.com\/de\/"},{"@type":"ListItem","position":2,"name":"\u00a0Sechs Kinder und Jugendliche gegen 32 Regierungen"}]},{"@type":"WebSite","@id":"https:\/\/www.sonnenseite.com\/de\/#website","url":"https:\/\/www.sonnenseite.com\/de\/","name":"Sonnenseite","description":"\u00d6kologische Kommunikation mit Franz Alt","publisher":{"@id":"https:\/\/www.sonnenseite.com\/de\/#organization"},"potentialAction":[{"@type":"SearchAction","target":{"@type":"EntryPoint","urlTemplate":"https:\/\/www.sonnenseite.com\/de\/?s={search_term_string}"},"query-input":{"@type":"PropertyValueSpecification","valueRequired":true,"valueName":"search_term_string"}}],"inLanguage":"de"},{"@type":"Organization","@id":"https:\/\/www.sonnenseite.com\/de\/#organization","name":"Sonnenseite","url":"https:\/\/www.sonnenseite.com\/de\/","logo":{"@type":"ImageObject","inLanguage":"de","@id":"https:\/\/www.sonnenseite.com\/de\/#\/schema\/logo\/image\/","url":"https:\/\/www.sonnenseite.com\/wp-content\/uploads\/2020\/05\/Sonnenseite_Logo.png","contentUrl":"https:\/\/www.sonnenseite.com\/wp-content\/uploads\/2020\/05\/Sonnenseite_Logo.png","width":377,"height":90,"caption":"Sonnenseite"},"image":{"@id":"https:\/\/www.sonnenseite.com\/de\/#\/schema\/logo\/image\/"},"sameAs":["https:\/\/www.facebook.com\/pages\/Franz-Alt-SONNENSEITECOM\/221072987903953?fref=ts","https:\/\/x.com\/franzalt","http:\/\/www.youtube.com\/results?search_query&amp;amp;quot;franz_alt&amp;amp;quot;&amp;amp;amp;amp;search_type&amp;amp;amp;amp;aq=f"]},{"@type":"Person","@id":"https:\/\/www.sonnenseite.com\/de\/#\/schema\/person\/50fda0e926597684c7cc6695238a4eb9","name":"Bigi Alt"}]}},"_links":{"self":[{"href":"https:\/\/www.sonnenseite.com\/de\/wp-json\/wp\/v2\/posts\/94368","targetHints":{"allow":["GET"]}}],"collection":[{"href":"https:\/\/www.sonnenseite.com\/de\/wp-json\/wp\/v2\/posts"}],"about":[{"href":"https:\/\/www.sonnenseite.com\/de\/wp-json\/wp\/v2\/types\/post"}],"author":[{"embeddable":true,"href":"https:\/\/www.sonnenseite.com\/de\/wp-json\/wp\/v2\/users\/3"}],"replies":[{"embeddable":true,"href":"https:\/\/www.sonnenseite.com\/de\/wp-json\/wp\/v2\/comments?post=94368"}],"version-history":[{"count":2,"href":"https:\/\/www.sonnenseite.com\/de\/wp-json\/wp\/v2\/posts\/94368\/revisions"}],"predecessor-version":[{"id":94370,"href":"https:\/\/www.sonnenseite.com\/de\/wp-json\/wp\/v2\/posts\/94368\/revisions\/94370"}],"wp:featuredmedia":[{"embeddable":true,"href":"https:\/\/www.sonnenseite.com\/de\/wp-json\/wp\/v2\/media\/37017"}],"wp:attachment":[{"href":"https:\/\/www.sonnenseite.com\/de\/wp-json\/wp\/v2\/media?parent=94368"}],"wp:term":[{"taxonomy":"category","embeddable":true,"href":"https:\/\/www.sonnenseite.com\/de\/wp-json\/wp\/v2\/categories?post=94368"},{"taxonomy":"post_tag","embeddable":true,"href":"https:\/\/www.sonnenseite.com\/de\/wp-json\/wp\/v2\/tags?post=94368"}],"curies":[{"name":"wp","href":"https:\/\/api.w.org\/{rel}","templated":true}]}}