{"id":94476,"date":"2023-10-07T02:22:00","date_gmt":"2023-10-07T00:22:00","guid":{"rendered":"https:\/\/www.sonnenseite.com\/?p=94476"},"modified":"2023-10-04T16:24:28","modified_gmt":"2023-10-04T14:24:28","slug":"der-energiewirt-der-fuer-erneuerbare-brennt","status":"publish","type":"post","link":"https:\/\/www.sonnenseite.com\/de\/energie\/der-energiewirt-der-fuer-erneuerbare-brennt\/","title":{"rendered":"Der Energiewirt, der f\u00fcr Erneuerbare brennt"},"content":{"rendered":"\n<ul class=\"wp-block-list\"><\/ul>\n\n\n\n<p><a target=\"_blank\" href=\"https:\/\/www.facebook.com\/sharer.php?u=https:\/\/www.igwindkraft.at\/?mdoc_id=1052120\" rel=\"noreferrer noopener\"><\/a><a target=\"_blank\" href=\"https:\/\/twitter.com\/share\/?url=https:\/\/www.igwindkraft.at\/?mdoc_id=1052120\" rel=\"noreferrer noopener\"><\/a><\/p>\n\n\n\n<ul class=\"wp-block-list\"><\/ul>\n\n\n\n<p>Portr\u00e4t Windmensch Matth\u00e4us Gollackner.<\/p>\n\n\n\n<p>Wenn ein Mann wahrlich erneuerbare Energie im Blut hat, dann ist es Matth\u00e4us \u201eHias\u201c Gollackner. Schon sein Urgro\u00dfvater versorgte am Familien-Erbhof in Eugendorf bei Salzburg den Ortsteil Schw\u00f6llern mit der Kraft seines Hausm\u00fchlrads am Reitbach und betrieb dazu allerlei landwirtschaftliche Maschinen, etwa zum Dreschen von Getreide oder zur Milchverarbeitung. Bis heute hat Matth\u00e4us Gollackner seinen Hof zu einem Kraftwerk umgebaut. Windrad, PV, Biogas und Biomasse \u2013 kaum ein erneuerbarer Energietr\u00e4ger, den Gol- lackner nicht technisch durchforscht und auf seinem Hof installiert hat: \u201eHias\u201c Gollackner hat den Umstieg vom Land- zum Energiewirt l\u00e4ngst vollzogen.<\/p>\n\n\n\n<p>Vor allem aber ist er ein wahres Urgestein der \u00f6sterreichischen Windkraft-Historie. Von Kindheitsalter an \u00fcbten Windr\u00e4der eine Faszination auf Gollackner aus. \u201eSchon als Volksschulkind habe ich im Garten kleine windbetriebene Ger\u00e4te aufgestellt und sp\u00e4ter Fahrr\u00e4der zu Propellern umfunktioniert und L\u00e4mpchen betrieben\u201c, erz\u00e4hlt er. Bereits in den 70er Jahren fuhr Gollackner in Europa herum, um so viele Informationen wie m\u00f6glich zu diesem Thema zusammenzutragen, bis er 1981 schlie\u00dflich drei Windr\u00e4der der Marke Br\u00fcmmer mit 10 kW Leistung erwarb und bei sich am Hof \u2013 sowie bei Bekannten in der Umgebung \u2013 aufstellte. Schon damals kamen hunderte Leute vorbei, um sich das \u201eWunderwerk der Technik\u201c anzusehen, erinnert sich Gollackner. Hans Winkelmeier war einer von ihnen. <\/p>\n\n\n\n<p>Die beiden Pioniere verband und verbindet bis heute eine intensive Leidenschaft f\u00fcr die Windenergie, deren Entwicklung in \u00d6sterreich sie von Anfang an begleitet haben. Neben ihrer Arbeit im Verein Energiewerkstatt waren sie auch Gr\u00fcndungsmitglieder der IG Windkraft und sind bis heute davon \u00fcberzeugt, dass die Erfolge der Windenergie auf zwei S\u00e4ulen ruhen: Der Zusammenhalt der Branche und die Freude an der praktischen Umsetzung, auch wenn in fr\u00fchen Jahren viel Gegenwind aus Politik, Wirtschaft und Wissenschaft entgegengeblasen hatte.<\/p>\n\n\n\n<p>R\u00fcckblickend res\u00fcmiert Gollackner: \u201eWir haben \u00fcber die Jahre viele praktische Erfahrungen gemacht und dazugelernt \u2013 unter anderem wie wichtig die Windmessungen zur Absch\u00e4tzung der Windausbeute an zuk\u00fcnftigen Standorten sind.\u201c Und Gollackner wurde einer der Experten in diesem Bereich. Noch heute verlangen Branchenkenner bei anstehenden Messungen dezidiert nach dem hierzulande wohl langj\u00e4hrigs- ten Experten f\u00fcr diese T\u00e4tigkeit.<\/p>\n\n\n\n<h4 class=\"wp-block-heading\">\u201eDie Windenergie und ihre Technologie lebt immer mehr auf und ich bin mittendrin.\u201c<\/h4>\n\n\n<div class=\"wp-block-image\">\n<figure class=\"alignright size-full is-resized\"><img loading=\"lazy\" decoding=\"async\" src=\"https:\/\/www.sonnenseite.com\/wp-content\/uploads\/2023\/10\/IG-Windkraft_MatthaeusGollacker01.png\" alt=\"\" class=\"wp-image-94477\" style=\"width:281px;height:229px\" width=\"281\" height=\"229\" srcset=\"https:\/\/www.sonnenseite.com\/wp-content\/uploads\/2023\/10\/IG-Windkraft_MatthaeusGollacker01.png 411w, https:\/\/www.sonnenseite.com\/wp-content\/uploads\/2023\/10\/IG-Windkraft_MatthaeusGollacker01-300x245.png 300w\" sizes=\"auto, (max-width: 281px) 100vw, 281px\" \/><\/figure>\n<\/div>\n\n\n<p>Seine eigene Anlage lief etwa 20 Jahre im Inselbetrieb. \u201eNach mehreren Umr\u00fcstungen betreiben wir heute eine AeroCraft mit 1,5 kW Leistung und verwenden sie netzparallel f\u00fcr den Eigenbedarf und zur Notstromversorgung\u201c, sagt Gollackner. Auch wenn mit dem Wind alles begonnen hat, dreht sich das Kleinwindrad an der Hofeinfahrt heute nur mehr als Randerscheinung. Denn der Gollackner Hof hat sich im Lauf der Jahre zu einem erneuerbaren Allround-Kraftwerk entwickelt. 2004 errichtete der Landwirt eine Biogasanlage,<\/p>\n\n\n\n<p>in der Wiesengras als G\u00e4rsubstrat eingesetzt wird. In diesem ersten \u201eGraskraftwerk\u201c \u00d6sterreichs wird noch heute Biogas erzeugt, \u00fcber ein innovatives Reinigungsverfahren auf Erdgasqualit\u00e4t gebracht und ins \u00f6ffentliche Erdgasnetz eingespeist. Wieder schuf Gollackner \u2013 unter anderem gemeinsam mit seinen drei S\u00f6hnen \u2013 durch intensive technische T\u00fcftelei eine einzigartige Anlage, die als Vorbild f\u00fcr weitere Biogaswerke dienen k\u00f6nnte. Beim Aufreinigungsverfahren f\u00e4llt zudem Schwachgas an, womit \u00fcber eine Mikrogasturbine \u00d6kostrom und \u2013 als \u201eAbfallprodukt\u201c \u2013 Biow\u00e4rme erzeugt werden. 32 Haushalte werden so versorgt, die an ein Fernw\u00e4rmenetz an- geschlossen sind. Zwischenzeitlich wur- de sogar eine Gastankstelle betrieben.<\/p>\n\n\n\n<p>Neben Wind und Gas wird am Hof auch die Energie der Sonne gro\u00dffl\u00e4chig genutzt. S\u00e4mtliche D\u00e4cher sind mit PV-Modulen ausgestattet \u2013 nat\u00fcrlich von Matth\u00e4us Gollackner selbst. Seit den 80ern montiert er \u00f6sterreichweit \u201eneben- bei\u201c PV-Anlagen. Um den Kreis zu schlie\u00dfen, vertreibt er seit einigen Jahren auch Biomasse-Heizl\u00f6sungen, ist ausgebildeter Heizungsinstallateur und betreibt einen Agrarservice f\u00fcr Landwirte in der Region. Am meisten aber besch\u00e4ftigt ihn nach wie vor die Windbranche: Am Tag nach unserem Interview wird er nach Vorarlberg bestellt, am Wochenende nach Rum\u00e4nien \u2013 auch Auftr\u00e4ge in Armenien und Kuba stehen an. \u201eDie Windenergie lebt immer mehr auf und ich bin mitten- drin, auch weil ich mit dieser Technologie \u00fcber die Jahre mitgewachsen bin.\u201c (Wind-)Stille ist f\u00fcr Matth\u00e4us Gollackner noch lange nicht in Sicht: \u201eAuch wenn ich schon im Pensionsalter w\u00e4re, ich kann mir ein Leben ohne Arbeit und Werken rund um erneuerbare Energie \u00fcberhaupt nicht vorstellen.\u201c<\/p>\n\n\n\n<ul class=\"wp-block-list\">\n<li><a href=\"https:\/\/www.igwindkraft.at\/mmedia\/download\/2023.09.21\/1695302252032237.pdf\">Windpionier Matth\u00e4us Gollackner<\/a> (Seite 20) hat seinen Hof zu einem Allrounder-Kraftwerk umgebaut.<\/li>\n\n\n\n<li><a href=\"https:\/\/www.igwindkraft.at\/index.php?xmlval_ID_KEY[0]=1032\" target=\"_blank\" rel=\"noreferrer noopener\">Die Serie &#8222;Windmenschen&#8220; erscheint in der Mitglieder-Zeitung &#8222;windenergie&#8220;. Portr\u00e4tiert werden verschiedene Menschen, die in der Windbranche arbeiten &#8211; meist &#8222;aktiv&#8220;, direkt am Windrad.<\/a><\/li>\n<\/ul>\n\n\n\n<p><\/p>\n<div class=\"shariff shariff-align-flex-start shariff-widget-align-flex-start\"><div class=\"ShariffHeadline\">Diese Meldung teilen<\/div><ul class=\"shariff-buttons theme-round orientation-horizontal buttonsize-medium\"><li class=\"shariff-button facebook shariff-nocustomcolor\" style=\"background-color:#4273c8;border-radius:1%\"><a href=\"https:\/\/www.facebook.com\/sharer\/sharer.php?u=https%3A%2F%2Fwww.sonnenseite.com%2Fde%2Fenergie%2Fder-energiewirt-der-fuer-erneuerbare-brennt%2F\" title=\"Bei Facebook teilen\" aria-label=\"Bei Facebook teilen\" role=\"button\" rel=\"nofollow\" class=\"shariff-link\" style=\";border-radius:1%; background-color:#3b5998; color:#fff\" target=\"_blank\"><span class=\"shariff-icon\" style=\"\"><svg width=\"32px\" height=\"20px\" xmlns=\"http:\/\/www.w3.org\/2000\/svg\" viewBox=\"0 0 18 32\"><path fill=\"#3b5998\" d=\"M17.1 0.2v4.7h-2.8q-1.5 0-2.1 0.6t-0.5 1.9v3.4h5.2l-0.7 5.3h-4.5v13.6h-5.5v-13.6h-4.5v-5.3h4.5v-3.9q0-3.3 1.9-5.2t5-1.8q2.6 0 4.1 0.2z\"\/><\/svg><\/span><\/a><\/li><li class=\"shariff-button twitter shariff-nocustomcolor\" style=\"background-color:#595959;border-radius:1%\"><a href=\"https:\/\/twitter.com\/share?url=https%3A%2F%2Fwww.sonnenseite.com%2Fde%2Fenergie%2Fder-energiewirt-der-fuer-erneuerbare-brennt%2F&text=Der%20Energiewirt%2C%20der%20f%C3%BCr%20Erneuerbare%20brennt\" title=\"Bei X teilen\" aria-label=\"Bei X teilen\" role=\"button\" rel=\"noopener nofollow\" class=\"shariff-link\" style=\";border-radius:1%; background-color:#000; color:#fff\" target=\"_blank\"><span class=\"shariff-icon\" style=\"\"><svg width=\"32px\" height=\"20px\" xmlns=\"http:\/\/www.w3.org\/2000\/svg\" viewBox=\"0 0 24 24\"><path fill=\"#000\" d=\"M14.258 10.152L23.176 0h-2.113l-7.747 8.813L7.133 0H0l9.352 13.328L0 23.973h2.113l8.176-9.309 6.531 9.309h7.133zm-2.895 3.293l-.949-1.328L2.875 1.56h3.246l6.086 8.523.945 1.328 7.91 11.078h-3.246zm0 0\"\/><\/svg><\/span><\/a><\/li><li class=\"shariff-button xing shariff-nocustomcolor\" style=\"background-color:#29888a;border-radius:1%\"><a href=\"https:\/\/www.xing.com\/spi\/shares\/new?url=https%3A%2F%2Fwww.sonnenseite.com%2Fde%2Fenergie%2Fder-energiewirt-der-fuer-erneuerbare-brennt%2F\" title=\"Bei XING teilen\" aria-label=\"Bei XING teilen\" role=\"button\" rel=\"noopener nofollow\" class=\"shariff-link\" style=\";border-radius:1%; background-color:#126567; color:#fff\" target=\"_blank\"><span class=\"shariff-icon\" style=\"\"><svg width=\"32px\" height=\"20px\" xmlns=\"http:\/\/www.w3.org\/2000\/svg\" viewBox=\"0 0 25 32\"><path fill=\"#126567\" d=\"M10.7 11.9q-0.2 0.3-4.6 8.2-0.5 0.8-1.2 0.8h-4.3q-0.4 0-0.5-0.3t0-0.6l4.5-8q0 0 0 0l-2.9-5q-0.2-0.4 0-0.7 0.2-0.3 0.5-0.3h4.3q0.7 0 1.2 0.8zM25.1 0.4q0.2 0.3 0 0.7l-9.4 16.7 6 11q0.2 0.4 0 0.6-0.2 0.3-0.6 0.3h-4.3q-0.7 0-1.2-0.8l-6-11.1q0.3-0.6 9.5-16.8 0.4-0.8 1.2-0.8h4.3q0.4 0 0.5 0.3z\"\/><\/svg><\/span><\/a><\/li><li class=\"shariff-button linkedin shariff-nocustomcolor\" style=\"background-color:#1488bf;border-radius:1%\"><a href=\"https:\/\/www.linkedin.com\/sharing\/share-offsite\/?url=https%3A%2F%2Fwww.sonnenseite.com%2Fde%2Fenergie%2Fder-energiewirt-der-fuer-erneuerbare-brennt%2F\" title=\"Bei LinkedIn teilen\" aria-label=\"Bei LinkedIn teilen\" role=\"button\" rel=\"noopener nofollow\" class=\"shariff-link\" style=\";border-radius:1%; background-color:#0077b5; color:#fff\" target=\"_blank\"><span class=\"shariff-icon\" style=\"\"><svg width=\"32px\" height=\"20px\" xmlns=\"http:\/\/www.w3.org\/2000\/svg\" viewBox=\"0 0 27 32\"><path fill=\"#0077b5\" d=\"M6.2 11.2v17.7h-5.9v-17.7h5.9zM6.6 5.7q0 1.3-0.9 2.2t-2.4 0.9h0q-1.5 0-2.4-0.9t-0.9-2.2 0.9-2.2 2.4-0.9 2.4 0.9 0.9 2.2zM27.4 18.7v10.1h-5.9v-9.5q0-1.9-0.7-2.9t-2.3-1.1q-1.1 0-1.9 0.6t-1.2 1.5q-0.2 0.5-0.2 1.4v9.9h-5.9q0-7.1 0-11.6t0-5.3l0-0.9h5.9v2.6h0q0.4-0.6 0.7-1t1-0.9 1.6-0.8 2-0.3q3 0 4.9 2t1.9 6z\"\/><\/svg><\/span><\/a><\/li><li class=\"shariff-button printer shariff-nocustomcolor\" style=\"background-color:#a8a8a8;border-radius:1%\"><a href=\"javascript:window.print()\" title=\"drucken\" aria-label=\"drucken\" role=\"button\" rel=\"noopener nofollow\" class=\"shariff-link\" style=\";border-radius:1%; background-color:#999; color:#fff\"><span class=\"shariff-icon\" style=\"\"><svg width=\"32px\" height=\"20px\" xmlns=\"http:\/\/www.w3.org\/2000\/svg\" viewBox=\"0 0 30 32\"><path fill=\"#999\" d=\"M6.8 27.4h16v-4.6h-16v4.6zM6.8 16h16v-6.8h-2.8q-0.7 0-1.2-0.5t-0.5-1.2v-2.8h-11.4v11.4zM27.4 17.2q0-0.5-0.3-0.8t-0.8-0.4-0.8 0.4-0.3 0.8 0.3 0.8 0.8 0.3 0.8-0.3 0.3-0.8zM29.7 17.2v7.4q0 0.2-0.2 0.4t-0.4 0.2h-4v2.8q0 0.7-0.5 1.2t-1.2 0.5h-17.2q-0.7 0-1.2-0.5t-0.5-1.2v-2.8h-4q-0.2 0-0.4-0.2t-0.2-0.4v-7.4q0-1.4 1-2.4t2.4-1h1.2v-9.7q0-0.7 0.5-1.2t1.2-0.5h12q0.7 0 1.6 0.4t1.3 0.8l2.7 2.7q0.5 0.5 0.9 1.4t0.4 1.6v4.6h1.1q1.4 0 2.4 1t1 2.4z\"\/><\/svg><\/span><\/a><\/li><li class=\"shariff-button mailto shariff-nocustomcolor\" style=\"background-color:#a8a8a8;border-radius:1%\"><a href=\"mailto:?body=https%3A%2F%2Fwww.sonnenseite.com%2Fde%2Fenergie%2Fder-energiewirt-der-fuer-erneuerbare-brennt%2F&subject=Der%20Energiewirt%2C%20der%20f%C3%BCr%20Erneuerbare%20brennt\" title=\"Per E-Mail versenden\" aria-label=\"Per E-Mail versenden\" role=\"button\" rel=\"noopener nofollow\" class=\"shariff-link\" style=\";border-radius:1%; background-color:#999; color:#fff\"><span class=\"shariff-icon\" style=\"\"><svg width=\"32px\" height=\"20px\" xmlns=\"http:\/\/www.w3.org\/2000\/svg\" viewBox=\"0 0 32 32\"><path fill=\"#999\" d=\"M32 12.7v14.2q0 1.2-0.8 2t-2 0.9h-26.3q-1.2 0-2-0.9t-0.8-2v-14.2q0.8 0.9 1.8 1.6 6.5 4.4 8.9 6.1 1 0.8 1.6 1.2t1.7 0.9 2 0.4h0.1q0.9 0 2-0.4t1.7-0.9 1.6-1.2q3-2.2 8.9-6.1 1-0.7 1.8-1.6zM32 7.4q0 1.4-0.9 2.7t-2.2 2.2q-6.7 4.7-8.4 5.8-0.2 0.1-0.7 0.5t-1 0.7-0.9 0.6-1.1 0.5-0.9 0.2h-0.1q-0.4 0-0.9-0.2t-1.1-0.5-0.9-0.6-1-0.7-0.7-0.5q-1.6-1.1-4.7-3.2t-3.6-2.6q-1.1-0.7-2.1-2t-1-2.5q0-1.4 0.7-2.3t2.1-0.9h26.3q1.2 0 2 0.8t0.9 2z\"\/><\/svg><\/span><\/a><\/li><\/ul><\/div>","protected":false},"excerpt":{"rendered":"<p>Portr\u00e4t Windmensch Matth\u00e4us Gollackner. Wenn ein Mann wahrlich erneuerbare Energie im Blut hat, dann ist es [&hellip;]<\/p>\n","protected":false},"author":3,"featured_media":94480,"comment_status":"closed","ping_status":"closed","sticky":false,"template":"","format":"standard","meta":{"inline_featured_image":false,"footnotes":""},"categories":[22],"tags":[],"class_list":["post-94476","post","type-post","status-publish","format-standard","has-post-thumbnail","hentry","category-energie"],"yoast_head":"<!-- This site is optimized with the Yoast SEO plugin v26.5 - https:\/\/yoast.com\/wordpress\/plugins\/seo\/ -->\n<title>Der Energiewirt, der f\u00fcr Erneuerbare brennt - Sonnenseite - \u00d6kologische Kommunikation mit Franz Alt<\/title>\n<meta name=\"description\" content=\"Portr\u00e4t Windmensch Matth\u00e4us Gollackner. Wenn ein Mann wahrlich erneuerbare Energie im Blut hat, dann ist es Matth\u00e4us \u201eHias\u201c Gollackner. Schon sein\" \/>\n<meta name=\"robots\" content=\"index, follow, max-snippet:-1, max-image-preview:large, max-video-preview:-1\" \/>\n<link rel=\"canonical\" href=\"https:\/\/www.sonnenseite.com\/de\/energie\/der-energiewirt-der-fuer-erneuerbare-brennt\/\" \/>\n<meta property=\"og:locale\" content=\"de_DE\" \/>\n<meta property=\"og:type\" content=\"article\" \/>\n<meta property=\"og:title\" content=\"Der Energiewirt, der f\u00fcr Erneuerbare brennt - Sonnenseite - \u00d6kologische Kommunikation mit Franz Alt\" \/>\n<meta property=\"og:description\" content=\"Portr\u00e4t Windmensch Matth\u00e4us Gollackner. Wenn ein Mann wahrlich erneuerbare Energie im Blut hat, dann ist es Matth\u00e4us \u201eHias\u201c Gollackner. Schon sein\" \/>\n<meta property=\"og:url\" content=\"https:\/\/www.sonnenseite.com\/de\/energie\/der-energiewirt-der-fuer-erneuerbare-brennt\/\" \/>\n<meta property=\"og:site_name\" content=\"Sonnenseite\" \/>\n<meta property=\"article:publisher\" content=\"https:\/\/www.facebook.com\/pages\/Franz-Alt-SONNENSEITECOM\/221072987903953?fref=ts\" \/>\n<meta property=\"article:published_time\" content=\"2023-10-07T00:22:00+00:00\" \/>\n<meta property=\"og:image\" content=\"https:\/\/www.sonnenseite.com\/wp-content\/uploads\/2023\/10\/IG-Windkraft_MatthaeusGollacker.jpg\" \/>\n\t<meta property=\"og:image:width\" content=\"1005\" \/>\n\t<meta property=\"og:image:height\" content=\"403\" \/>\n\t<meta property=\"og:image:type\" content=\"image\/jpeg\" \/>\n<meta name=\"author\" content=\"Bigi Alt\" \/>\n<meta name=\"twitter:card\" content=\"summary_large_image\" \/>\n<meta name=\"twitter:creator\" content=\"@franzalt\" \/>\n<meta name=\"twitter:site\" content=\"@franzalt\" \/>\n<meta name=\"twitter:label1\" content=\"Verfasst von\" \/>\n\t<meta name=\"twitter:data1\" content=\"Bigi Alt\" \/>\n\t<meta name=\"twitter:label2\" content=\"Gesch\u00e4tzte Lesezeit\" \/>\n\t<meta name=\"twitter:data2\" content=\"5\u00a0Minuten\" \/>\n<script type=\"application\/ld+json\" class=\"yoast-schema-graph\">{\"@context\":\"https:\/\/schema.org\",\"@graph\":[{\"@type\":\"Article\",\"@id\":\"https:\/\/www.sonnenseite.com\/de\/energie\/der-energiewirt-der-fuer-erneuerbare-brennt\/#article\",\"isPartOf\":{\"@id\":\"https:\/\/www.sonnenseite.com\/de\/energie\/der-energiewirt-der-fuer-erneuerbare-brennt\/\"},\"author\":{\"name\":\"Bigi Alt\",\"@id\":\"https:\/\/www.sonnenseite.com\/de\/#\/schema\/person\/50fda0e926597684c7cc6695238a4eb9\"},\"headline\":\"Der Energiewirt, der f\u00fcr Erneuerbare brennt\",\"datePublished\":\"2023-10-07T00:22:00+00:00\",\"mainEntityOfPage\":{\"@id\":\"https:\/\/www.sonnenseite.com\/de\/energie\/der-energiewirt-der-fuer-erneuerbare-brennt\/\"},\"wordCount\":755,\"publisher\":{\"@id\":\"https:\/\/www.sonnenseite.com\/de\/#organization\"},\"image\":{\"@id\":\"https:\/\/www.sonnenseite.com\/de\/energie\/der-energiewirt-der-fuer-erneuerbare-brennt\/#primaryimage\"},\"thumbnailUrl\":\"https:\/\/www.sonnenseite.com\/wp-content\/uploads\/2023\/10\/IG-Windkraft_MatthaeusGollacker.jpg\",\"articleSection\":[\"Energie\"],\"inLanguage\":\"de\"},{\"@type\":\"WebPage\",\"@id\":\"https:\/\/www.sonnenseite.com\/de\/energie\/der-energiewirt-der-fuer-erneuerbare-brennt\/\",\"url\":\"https:\/\/www.sonnenseite.com\/de\/energie\/der-energiewirt-der-fuer-erneuerbare-brennt\/\",\"name\":\"Der Energiewirt, der f\u00fcr Erneuerbare brennt - Sonnenseite - \u00d6kologische Kommunikation mit Franz Alt\",\"isPartOf\":{\"@id\":\"https:\/\/www.sonnenseite.com\/de\/#website\"},\"primaryImageOfPage\":{\"@id\":\"https:\/\/www.sonnenseite.com\/de\/energie\/der-energiewirt-der-fuer-erneuerbare-brennt\/#primaryimage\"},\"image\":{\"@id\":\"https:\/\/www.sonnenseite.com\/de\/energie\/der-energiewirt-der-fuer-erneuerbare-brennt\/#primaryimage\"},\"thumbnailUrl\":\"https:\/\/www.sonnenseite.com\/wp-content\/uploads\/2023\/10\/IG-Windkraft_MatthaeusGollacker.jpg\",\"datePublished\":\"2023-10-07T00:22:00+00:00\",\"description\":\"Portr\u00e4t Windmensch Matth\u00e4us Gollackner. Wenn ein Mann wahrlich erneuerbare Energie im Blut hat, dann ist es Matth\u00e4us \u201eHias\u201c Gollackner. Schon sein\",\"breadcrumb\":{\"@id\":\"https:\/\/www.sonnenseite.com\/de\/energie\/der-energiewirt-der-fuer-erneuerbare-brennt\/#breadcrumb\"},\"inLanguage\":\"de\",\"potentialAction\":[{\"@type\":\"ReadAction\",\"target\":[\"https:\/\/www.sonnenseite.com\/de\/energie\/der-energiewirt-der-fuer-erneuerbare-brennt\/\"]}]},{\"@type\":\"ImageObject\",\"inLanguage\":\"de\",\"@id\":\"https:\/\/www.sonnenseite.com\/de\/energie\/der-energiewirt-der-fuer-erneuerbare-brennt\/#primaryimage\",\"url\":\"https:\/\/www.sonnenseite.com\/wp-content\/uploads\/2023\/10\/IG-Windkraft_MatthaeusGollacker.jpg\",\"contentUrl\":\"https:\/\/www.sonnenseite.com\/wp-content\/uploads\/2023\/10\/IG-Windkraft_MatthaeusGollacker.jpg\",\"width\":1005,\"height\":403,\"caption\":\"IG Windkraft | Matth\u00e4us Gollackner\"},{\"@type\":\"BreadcrumbList\",\"@id\":\"https:\/\/www.sonnenseite.com\/de\/energie\/der-energiewirt-der-fuer-erneuerbare-brennt\/#breadcrumb\",\"itemListElement\":[{\"@type\":\"ListItem\",\"position\":1,\"name\":\"Startseite\",\"item\":\"https:\/\/www.sonnenseite.com\/de\/\"},{\"@type\":\"ListItem\",\"position\":2,\"name\":\"Der Energiewirt, der f\u00fcr Erneuerbare brennt\"}]},{\"@type\":\"WebSite\",\"@id\":\"https:\/\/www.sonnenseite.com\/de\/#website\",\"url\":\"https:\/\/www.sonnenseite.com\/de\/\",\"name\":\"Sonnenseite\",\"description\":\"\u00d6kologische Kommunikation mit Franz Alt\",\"publisher\":{\"@id\":\"https:\/\/www.sonnenseite.com\/de\/#organization\"},\"potentialAction\":[{\"@type\":\"SearchAction\",\"target\":{\"@type\":\"EntryPoint\",\"urlTemplate\":\"https:\/\/www.sonnenseite.com\/de\/?s={search_term_string}\"},\"query-input\":{\"@type\":\"PropertyValueSpecification\",\"valueRequired\":true,\"valueName\":\"search_term_string\"}}],\"inLanguage\":\"de\"},{\"@type\":\"Organization\",\"@id\":\"https:\/\/www.sonnenseite.com\/de\/#organization\",\"name\":\"Sonnenseite\",\"url\":\"https:\/\/www.sonnenseite.com\/de\/\",\"logo\":{\"@type\":\"ImageObject\",\"inLanguage\":\"de\",\"@id\":\"https:\/\/www.sonnenseite.com\/de\/#\/schema\/logo\/image\/\",\"url\":\"https:\/\/www.sonnenseite.com\/wp-content\/uploads\/2020\/05\/Sonnenseite_Logo.png\",\"contentUrl\":\"https:\/\/www.sonnenseite.com\/wp-content\/uploads\/2020\/05\/Sonnenseite_Logo.png\",\"width\":377,\"height\":90,\"caption\":\"Sonnenseite\"},\"image\":{\"@id\":\"https:\/\/www.sonnenseite.com\/de\/#\/schema\/logo\/image\/\"},\"sameAs\":[\"https:\/\/www.facebook.com\/pages\/Franz-Alt-SONNENSEITECOM\/221072987903953?fref=ts\",\"https:\/\/x.com\/franzalt\",\"http:\/\/www.youtube.com\/results?search_query&amp;amp;quot;franz_alt&amp;amp;quot;&amp;amp;amp;amp;search_type&amp;amp;amp;amp;aq=f\"]},{\"@type\":\"Person\",\"@id\":\"https:\/\/www.sonnenseite.com\/de\/#\/schema\/person\/50fda0e926597684c7cc6695238a4eb9\",\"name\":\"Bigi Alt\"}]}<\/script>\n<!-- \/ Yoast SEO plugin. -->","yoast_head_json":{"title":"Der Energiewirt, der f\u00fcr Erneuerbare brennt - Sonnenseite - \u00d6kologische Kommunikation mit Franz Alt","description":"Portr\u00e4t Windmensch Matth\u00e4us Gollackner. Wenn ein Mann wahrlich erneuerbare Energie im Blut hat, dann ist es Matth\u00e4us \u201eHias\u201c Gollackner. Schon sein","robots":{"index":"index","follow":"follow","max-snippet":"max-snippet:-1","max-image-preview":"max-image-preview:large","max-video-preview":"max-video-preview:-1"},"canonical":"https:\/\/www.sonnenseite.com\/de\/energie\/der-energiewirt-der-fuer-erneuerbare-brennt\/","og_locale":"de_DE","og_type":"article","og_title":"Der Energiewirt, der f\u00fcr Erneuerbare brennt - Sonnenseite - \u00d6kologische Kommunikation mit Franz Alt","og_description":"Portr\u00e4t Windmensch Matth\u00e4us Gollackner. Wenn ein Mann wahrlich erneuerbare Energie im Blut hat, dann ist es Matth\u00e4us \u201eHias\u201c Gollackner. Schon sein","og_url":"https:\/\/www.sonnenseite.com\/de\/energie\/der-energiewirt-der-fuer-erneuerbare-brennt\/","og_site_name":"Sonnenseite","article_publisher":"https:\/\/www.facebook.com\/pages\/Franz-Alt-SONNENSEITECOM\/221072987903953?fref=ts","article_published_time":"2023-10-07T00:22:00+00:00","og_image":[{"width":1005,"height":403,"url":"https:\/\/www.sonnenseite.com\/wp-content\/uploads\/2023\/10\/IG-Windkraft_MatthaeusGollacker.jpg","type":"image\/jpeg"}],"author":"Bigi Alt","twitter_card":"summary_large_image","twitter_creator":"@franzalt","twitter_site":"@franzalt","twitter_misc":{"Verfasst von":"Bigi Alt","Gesch\u00e4tzte Lesezeit":"5\u00a0Minuten"},"schema":{"@context":"https:\/\/schema.org","@graph":[{"@type":"Article","@id":"https:\/\/www.sonnenseite.com\/de\/energie\/der-energiewirt-der-fuer-erneuerbare-brennt\/#article","isPartOf":{"@id":"https:\/\/www.sonnenseite.com\/de\/energie\/der-energiewirt-der-fuer-erneuerbare-brennt\/"},"author":{"name":"Bigi Alt","@id":"https:\/\/www.sonnenseite.com\/de\/#\/schema\/person\/50fda0e926597684c7cc6695238a4eb9"},"headline":"Der Energiewirt, der f\u00fcr Erneuerbare brennt","datePublished":"2023-10-07T00:22:00+00:00","mainEntityOfPage":{"@id":"https:\/\/www.sonnenseite.com\/de\/energie\/der-energiewirt-der-fuer-erneuerbare-brennt\/"},"wordCount":755,"publisher":{"@id":"https:\/\/www.sonnenseite.com\/de\/#organization"},"image":{"@id":"https:\/\/www.sonnenseite.com\/de\/energie\/der-energiewirt-der-fuer-erneuerbare-brennt\/#primaryimage"},"thumbnailUrl":"https:\/\/www.sonnenseite.com\/wp-content\/uploads\/2023\/10\/IG-Windkraft_MatthaeusGollacker.jpg","articleSection":["Energie"],"inLanguage":"de"},{"@type":"WebPage","@id":"https:\/\/www.sonnenseite.com\/de\/energie\/der-energiewirt-der-fuer-erneuerbare-brennt\/","url":"https:\/\/www.sonnenseite.com\/de\/energie\/der-energiewirt-der-fuer-erneuerbare-brennt\/","name":"Der Energiewirt, der f\u00fcr Erneuerbare brennt - Sonnenseite - \u00d6kologische Kommunikation mit Franz Alt","isPartOf":{"@id":"https:\/\/www.sonnenseite.com\/de\/#website"},"primaryImageOfPage":{"@id":"https:\/\/www.sonnenseite.com\/de\/energie\/der-energiewirt-der-fuer-erneuerbare-brennt\/#primaryimage"},"image":{"@id":"https:\/\/www.sonnenseite.com\/de\/energie\/der-energiewirt-der-fuer-erneuerbare-brennt\/#primaryimage"},"thumbnailUrl":"https:\/\/www.sonnenseite.com\/wp-content\/uploads\/2023\/10\/IG-Windkraft_MatthaeusGollacker.jpg","datePublished":"2023-10-07T00:22:00+00:00","description":"Portr\u00e4t Windmensch Matth\u00e4us Gollackner. Wenn ein Mann wahrlich erneuerbare Energie im Blut hat, dann ist es Matth\u00e4us \u201eHias\u201c Gollackner. Schon sein","breadcrumb":{"@id":"https:\/\/www.sonnenseite.com\/de\/energie\/der-energiewirt-der-fuer-erneuerbare-brennt\/#breadcrumb"},"inLanguage":"de","potentialAction":[{"@type":"ReadAction","target":["https:\/\/www.sonnenseite.com\/de\/energie\/der-energiewirt-der-fuer-erneuerbare-brennt\/"]}]},{"@type":"ImageObject","inLanguage":"de","@id":"https:\/\/www.sonnenseite.com\/de\/energie\/der-energiewirt-der-fuer-erneuerbare-brennt\/#primaryimage","url":"https:\/\/www.sonnenseite.com\/wp-content\/uploads\/2023\/10\/IG-Windkraft_MatthaeusGollacker.jpg","contentUrl":"https:\/\/www.sonnenseite.com\/wp-content\/uploads\/2023\/10\/IG-Windkraft_MatthaeusGollacker.jpg","width":1005,"height":403,"caption":"IG Windkraft | Matth\u00e4us Gollackner"},{"@type":"BreadcrumbList","@id":"https:\/\/www.sonnenseite.com\/de\/energie\/der-energiewirt-der-fuer-erneuerbare-brennt\/#breadcrumb","itemListElement":[{"@type":"ListItem","position":1,"name":"Startseite","item":"https:\/\/www.sonnenseite.com\/de\/"},{"@type":"ListItem","position":2,"name":"Der Energiewirt, der f\u00fcr Erneuerbare brennt"}]},{"@type":"WebSite","@id":"https:\/\/www.sonnenseite.com\/de\/#website","url":"https:\/\/www.sonnenseite.com\/de\/","name":"Sonnenseite","description":"\u00d6kologische Kommunikation mit Franz Alt","publisher":{"@id":"https:\/\/www.sonnenseite.com\/de\/#organization"},"potentialAction":[{"@type":"SearchAction","target":{"@type":"EntryPoint","urlTemplate":"https:\/\/www.sonnenseite.com\/de\/?s={search_term_string}"},"query-input":{"@type":"PropertyValueSpecification","valueRequired":true,"valueName":"search_term_string"}}],"inLanguage":"de"},{"@type":"Organization","@id":"https:\/\/www.sonnenseite.com\/de\/#organization","name":"Sonnenseite","url":"https:\/\/www.sonnenseite.com\/de\/","logo":{"@type":"ImageObject","inLanguage":"de","@id":"https:\/\/www.sonnenseite.com\/de\/#\/schema\/logo\/image\/","url":"https:\/\/www.sonnenseite.com\/wp-content\/uploads\/2020\/05\/Sonnenseite_Logo.png","contentUrl":"https:\/\/www.sonnenseite.com\/wp-content\/uploads\/2020\/05\/Sonnenseite_Logo.png","width":377,"height":90,"caption":"Sonnenseite"},"image":{"@id":"https:\/\/www.sonnenseite.com\/de\/#\/schema\/logo\/image\/"},"sameAs":["https:\/\/www.facebook.com\/pages\/Franz-Alt-SONNENSEITECOM\/221072987903953?fref=ts","https:\/\/x.com\/franzalt","http:\/\/www.youtube.com\/results?search_query&amp;amp;quot;franz_alt&amp;amp;quot;&amp;amp;amp;amp;search_type&amp;amp;amp;amp;aq=f"]},{"@type":"Person","@id":"https:\/\/www.sonnenseite.com\/de\/#\/schema\/person\/50fda0e926597684c7cc6695238a4eb9","name":"Bigi Alt"}]}},"_links":{"self":[{"href":"https:\/\/www.sonnenseite.com\/de\/wp-json\/wp\/v2\/posts\/94476","targetHints":{"allow":["GET"]}}],"collection":[{"href":"https:\/\/www.sonnenseite.com\/de\/wp-json\/wp\/v2\/posts"}],"about":[{"href":"https:\/\/www.sonnenseite.com\/de\/wp-json\/wp\/v2\/types\/post"}],"author":[{"embeddable":true,"href":"https:\/\/www.sonnenseite.com\/de\/wp-json\/wp\/v2\/users\/3"}],"replies":[{"embeddable":true,"href":"https:\/\/www.sonnenseite.com\/de\/wp-json\/wp\/v2\/comments?post=94476"}],"version-history":[{"count":2,"href":"https:\/\/www.sonnenseite.com\/de\/wp-json\/wp\/v2\/posts\/94476\/revisions"}],"predecessor-version":[{"id":94482,"href":"https:\/\/www.sonnenseite.com\/de\/wp-json\/wp\/v2\/posts\/94476\/revisions\/94482"}],"wp:featuredmedia":[{"embeddable":true,"href":"https:\/\/www.sonnenseite.com\/de\/wp-json\/wp\/v2\/media\/94480"}],"wp:attachment":[{"href":"https:\/\/www.sonnenseite.com\/de\/wp-json\/wp\/v2\/media?parent=94476"}],"wp:term":[{"taxonomy":"category","embeddable":true,"href":"https:\/\/www.sonnenseite.com\/de\/wp-json\/wp\/v2\/categories?post=94476"},{"taxonomy":"post_tag","embeddable":true,"href":"https:\/\/www.sonnenseite.com\/de\/wp-json\/wp\/v2\/tags?post=94476"}],"curies":[{"name":"wp","href":"https:\/\/api.w.org\/{rel}","templated":true}]}}