{"id":94582,"date":"2023-10-10T08:04:29","date_gmt":"2023-10-10T06:04:29","guid":{"rendered":"https:\/\/www.sonnenseite.com\/?p=94582"},"modified":"2023-10-10T08:04:34","modified_gmt":"2023-10-10T06:04:34","slug":"fuer-arme-haushalte-ist-die-energiekrise-teuer","status":"publish","type":"post","link":"https:\/\/www.sonnenseite.com\/de\/energie\/fuer-arme-haushalte-ist-die-energiekrise-teuer\/","title":{"rendered":"F\u00fcr arme Haushalte ist die Energiekrise teuer"},"content":{"rendered":"\n<p>H\u00f6here Energiepreise belasten nicht nur st\u00e4rker das Budget einkommensschwacher Haushalte, diese sind auch viel weniger in der Lage, Energie zu sparen oder zu g\u00fcnstigeren Heizungen zu wechseln. Das ergibt eine Untersuchung des Sachverst\u00e4ndigenrats f\u00fcr Verbraucherfragen.<\/p>\n\n\n\n<p>Seit mit dem Ukraine-Krieg das russische Erdgas <a href=\"https:\/\/www.klimareporter.de\/finanzen-wirtschaft\/moerderische-geldstroeme-nach-russland-stoppen\" target=\"_blank\" rel=\"noreferrer noopener\">nach und nach wegfiel<\/a>, erlebten viele Menschen in Deutschland eine Explosion der Energiepreise&nbsp;\u2013 mit der zugleich gef\u00fchlten Ungerechtigkeit, sozial schw\u00e4chere Haushalte w\u00fcrden besonders stark unter den Kosten leiden. Und daran h\u00e4tten auch <a href=\"https:\/\/www.klimareporter.de\/strom\/erloesabschoepfung-bringt-wohl-nur-millionen-keine-milliarden\" target=\"_blank\" rel=\"noreferrer noopener\">die Preisbremsen<\/a> bei Strom und Gas wenig ge\u00e4ndert.<\/p>\n\n\n\n<p>Wie real die gef\u00fchlte Mehrbelastung gerade f\u00fcr \u00e4rmere Haushalte ist, best\u00e4tigt eine am Montag ver\u00f6ffentlichte <a href=\"https:\/\/svr-verbraucherfragen.de\/publication\/SVRV-Policy-Brief-Folgen-der-Energiekrise.pdf\" target=\"_blank\" rel=\"noreferrer noopener\">Umfrage<\/a> des Sachverst\u00e4ndigenrats f\u00fcr Verbraucherfragen. Das <a href=\"https:\/\/de.wikipedia.org\/wiki\/Sachverst%C3%A4ndigenrat_f%C3%BCr_Verbraucherfragen\" target=\"_blank\" rel=\"noreferrer noopener\">Beratungsgremium<\/a> der Bundesregierung hatte zusammen mit dem Umfrageinstitut Forsa genaue Daten von mehr als 4.400 Haushalten erhoben.<\/p>\n\n\n\n<p>Danach haben die Haushalte seit M\u00e4rz 2022 im Schnitt monatlich 52 Euro mehr f\u00fcr Strom und Heizung zu zahlen\u00a0\u2013 eine Steigerung um ein Drittel. F\u00fcr Haushalte mit mittleren Einkommen liegt die Mehrbelastung bei 57 bis 60 Euro monatlich, f\u00fcr wohlhabende Haushalte um die 50 Euro.<\/p>\n\n\n\n<p>\u00c4hnlich hoch fiel mit 45 Euro \u00fcber die Zeit der Aufschlag f\u00fcr die einkommensschw\u00e4chsten Haushalte aus. Gerade bei diesen habe die Belastung durch Energiekosten &#8222;besonders stark&#8220; zugenommen, stellt Sachverst\u00e4ndigenrats-Mitglied <a href=\"https:\/\/www.sachverstaendigenrat-wirtschaft.de\/ueber-uns\/ratsmitglieder\/prof-dr-veronika-grimm.html\" target=\"_blank\" rel=\"noreferrer noopener\">Veronika Grimm<\/a> am Montag fest.<\/p>\n\n\n\n<h4 class=\"wp-block-heading\">40 Prozent der Haushalte sind finanziell \u00fcberlastet<\/h4>\n\n\n\n<p>Mussten im M\u00e4rz 2022 \u00e4rmere Haushalte &#8222;erst&#8220; zw\u00f6lf Prozent ihres Einkommens f\u00fcr Strom und Heizung ausgeben, so belief sich dieser Anteil im Juni 2023 auf 16 Prozent. F\u00fcr mittlere Einkommen erh\u00f6hte sich der Anteil von acht auf elf Prozent. F\u00fcr wohlhabende Haushalte stieg die Belastung dagegen im Schnitt nur von vier auf f\u00fcnf Prozent ihres Einkommens.<\/p>\n\n\n\n<p>Haushalte mit einem Nettoeinkommen bis etwa 1.330 Euro gelten dabei in der Untersuchung als am einkommensschw\u00e4chsten, mittlere Einkommen reichen von rund 1.800 bis 2.200 Euro. Wohlhabend sind Haushalte jenseits von 2.860 Euro Nettoeinkommen. Bei diesen Angaben sind zum Beispiel die Zahl und das Alter der Kinder in den Haushalten entsprechend ber\u00fccksichtigt.<\/p>\n\n\n\n<p>Betr\u00e4gt der Anteil der Energiekosten mehr als zehn Prozent des Nettoeinkommens, sind die Haushalte nach Ansicht des Verbraucherrats finanziell \u00fcberlastet. Im M\u00e4rz 2022 traf dies laut Umfrage auf rund ein Viertel aller Haushalte zu, im Juni 2023 waren es schon mehr als 40 Prozent, darunter neun von zehn der einkommensschw\u00e4chsten Haushalte.<\/p>\n\n\n\n<p>&#8222;Die Energiearmut hat substanziell zugenommen&#8220;, betont Veronika Grimm angesichts der Ergebnisse. F\u00fcr sie besteht politischer Handlungsbedarf. &#8222;Kurz- und mittelfristig sollte das Ausma\u00df der Energiearmut in Deutschland nochmal eingehender untersucht werden&#8220;, meint die Volkswirtschaftlerin.<\/p>\n\n\n\n<h4 class=\"wp-block-heading\">\u00c4rmere haben h\u00f6heren Energiebedarf pro Quadratmeter<\/h4>\n\n\n\n<p>Ursachen f\u00fcr die gravierenden Unterschiede liegen dabei nicht nur in der Einkommensh\u00f6he. \u00c4rmere Haushalte wohnten auch \u00f6fter zur Miete und in schlechter isolierten Wohnungen, erl\u00e4utert Grimm weiter. Auch heizten sie h\u00e4ufiger mit \u00d6l und Gas, die sich in der Energiekrise besonders stark verteuerten.<\/p>\n\n\n\n<p>Der Anteil von \u00d6l und Gas bei \u00e4rmeren Haushalten betr\u00e4gt nach den Angaben etwa 84 Prozent, bei den Wohlhabenden lediglich 76 Prozent. Letztere heizen auch \u00fcberdurchschnittlich viel mit <a href=\"https:\/\/www.klimareporter.de\/gebaeude\/was-bringt-die-waermepumpe-fuers-klima\" target=\"_blank\" rel=\"noreferrer noopener\">W\u00e4rmepumpen<\/a> oder <a href=\"https:\/\/www.klimareporter.de\/gebaeude\/biogas-die-neue-brueckenenergie\" target=\"_blank\" rel=\"noreferrer noopener\">Biomasse<\/a>, also Technologien, die mit niedrigeren Heizkosten verbunden sind, wie der Sachverst\u00e4ndigenrat betont.<\/p>\n\n\n\n<p>Konsequenz all dessen ist der Studie zufolge, dass der Energiebedarf des Hauses pro Quadratmeter umso h\u00f6her ausf\u00e4llt, je niedriger das Haushaltseinkommen ist.<\/p>\n\n\n\n<p>Auch M\u00f6glichkeiten <a href=\"https:\/\/www.klimareporter.de\/finanzen-wirtschaft\/loesungen-oder-scheinloesungen\" target=\"_blank\" rel=\"noreferrer noopener\">zum Energiesparen<\/a> h\u00e4ngen laut den Ergebnissen stark vom Einkommen ab. Haushalte im unteren Einkommensbereich h\u00e4tten sich zwar sehr gro\u00dfe M\u00fche gegeben, <a href=\"https:\/\/www.klimareporter.de\/finanzen-wirtschaft\/im-privaten-kam-der-deckel-drauf\" target=\"_blank\" rel=\"noreferrer noopener\">Energie zu sparen<\/a>. Dennoch sei im oberen Einkommensbereich das realisierte Einsparpotenzial h\u00f6her, erkl\u00e4rt Grimm.<\/p>\n\n\n\n<p>Diese Haushalte h\u00e4tten einfach mehr finanzielle M\u00f6glichkeiten, die Wohnungen besser zu isolieren, eine neue Heizung zu installieren oder einfach auch R\u00e4ume ungeheizt zu lassen.<\/p>\n\n\n\n<h4 class=\"wp-block-heading\">Verl\u00e4ngerung der Preisbremsen noch offen<\/h4>\n\n\n\n<p>Die Umfrageergebnisse zeigen aber auch, dass die Preisbremsen bei Strom und Gas durchaus ihre Wirkung taten. &#8222;Der H\u00f6hepunkt der Kostensteigerung scheint f\u00fcr die meisten Haushalte \u00fcberschritten zu sein&#8220;, erl\u00e4utert Veronika Grimm. Dennoch bewegten sich die Energiekosten weiter auf h\u00f6herem Niveau als vor der Krise.<\/p>\n\n\n\n<p>Das wird laut dem Sachverst\u00e4ndigenrat mittelfristig auch so bleiben. Das Gremium spricht sich deshalb f\u00fcr eine Verl\u00e4ngerung der Preisbremsen f\u00fcr Gas und Strom bis Ende April 2024 aus&nbsp;\u2013 auch wenn die Bremsen die Kostensteigerung nicht komplett abfangen, sondern nur auf ein m\u00f6glichst ertr\u00e4gliches Ma\u00df deckeln k\u00f6nnten, so Grimm.<\/p>\n\n\n\n<p>Der Rat pl\u00e4diert auch daf\u00fcr, die Einnahmen aus der CO<sub>2<\/sub>-Bepreisung von Kraft- und Brennstoffen <a href=\"https:\/\/www.klimareporter.de\/finanzen-wirtschaft\/das-klimageld-wo-bleibt-es-nur\" target=\"_blank\" rel=\"noreferrer noopener\">in Form des Klimageldes<\/a> an die Bev\u00f6lkerung zur\u00fcckzugeben. Davon k\u00f6nnten Haushalte im niedrigen Einkommensbereich unterm Strich profitieren.<\/p>\n\n\n\n<p>Ob die Preisbremsen bis April n\u00e4chsten Jahren verl\u00e4ngert werden&nbsp;\u2013 dazu kann das Bundesumweltministerium anl\u00e4sslich der Pr\u00e4sentation der Kostenstudie nichts weiter sagen. Man hoffe, dass die EU-Kommission die Verl\u00e4ngerung zeitnah genehmigt, sagt die auch f\u00fcr Verbraucherschutz zust\u00e4ndige Staatssekret\u00e4rin <a href=\"https:\/\/www.bmuv.de\/ministerium\/hausleitung\/dr-christiane-rohleder\/lebenslauf-der-staatssekretaerin-dr-christiane-rohleder\" target=\"_blank\" rel=\"noreferrer noopener\">Christiane Rohleder<\/a> am Montag.<\/p>\n\n\n\n<p>Ihr Ministerium setze sich ebenfalls daf\u00fcr ein, dass Haushalten auch im kommenden Winter Strom und Gas nicht abgestellt werden, so Rohleder. Hier wolle man zudem eine generelle Entfristung erreichen, so die Staatssekret\u00e4rin. Diese Schutzregeln sollten dauerhaft gelten.<\/p>\n\n\n<h5 class=\"green\">Quelle<\/h5>\r\n\n\n\n<p>Der Bericht wurde von der\u00a0<a href=\"https:\/\/www.klimareporter.de\/finanzen-wirtschaft\/fuer-arme-haushalte-ist-die-energiekrise-teuer\">Redaktion \u201eklimareporter.de\u201c (J\u00f6rg Staude) 2023<\/a>\u00a0verfasst &#8211; der Artikel darf nicht ohne Genehmigung\u00a0(<a href=\"mailto:post@klimareporter.de\">post@klimareporter.de<\/a>) weiterverbreitet werden!\u00a0<\/p>\n<div class=\"shariff shariff-align-flex-start shariff-widget-align-flex-start\"><div class=\"ShariffHeadline\">Diese Meldung teilen<\/div><ul class=\"shariff-buttons theme-round orientation-horizontal buttonsize-medium\"><li class=\"shariff-button facebook shariff-nocustomcolor\" style=\"background-color:#4273c8;border-radius:1%\"><a href=\"https:\/\/www.facebook.com\/sharer\/sharer.php?u=https%3A%2F%2Fwww.sonnenseite.com%2Fde%2Fenergie%2Ffuer-arme-haushalte-ist-die-energiekrise-teuer%2F\" title=\"Bei Facebook teilen\" aria-label=\"Bei Facebook teilen\" role=\"button\" rel=\"nofollow\" class=\"shariff-link\" style=\";border-radius:1%; background-color:#3b5998; color:#fff\" target=\"_blank\"><span class=\"shariff-icon\" style=\"\"><svg width=\"32px\" height=\"20px\" xmlns=\"http:\/\/www.w3.org\/2000\/svg\" viewBox=\"0 0 18 32\"><path fill=\"#3b5998\" d=\"M17.1 0.2v4.7h-2.8q-1.5 0-2.1 0.6t-0.5 1.9v3.4h5.2l-0.7 5.3h-4.5v13.6h-5.5v-13.6h-4.5v-5.3h4.5v-3.9q0-3.3 1.9-5.2t5-1.8q2.6 0 4.1 0.2z\"\/><\/svg><\/span><\/a><\/li><li class=\"shariff-button twitter shariff-nocustomcolor\" style=\"background-color:#595959;border-radius:1%\"><a href=\"https:\/\/twitter.com\/share?url=https%3A%2F%2Fwww.sonnenseite.com%2Fde%2Fenergie%2Ffuer-arme-haushalte-ist-die-energiekrise-teuer%2F&text=F%C3%BCr%20arme%20Haushalte%20ist%20die%20Energiekrise%20teuer\" title=\"Bei X teilen\" aria-label=\"Bei X teilen\" role=\"button\" rel=\"noopener nofollow\" class=\"shariff-link\" style=\";border-radius:1%; background-color:#000; color:#fff\" target=\"_blank\"><span class=\"shariff-icon\" style=\"\"><svg width=\"32px\" height=\"20px\" xmlns=\"http:\/\/www.w3.org\/2000\/svg\" viewBox=\"0 0 24 24\"><path fill=\"#000\" d=\"M14.258 10.152L23.176 0h-2.113l-7.747 8.813L7.133 0H0l9.352 13.328L0 23.973h2.113l8.176-9.309 6.531 9.309h7.133zm-2.895 3.293l-.949-1.328L2.875 1.56h3.246l6.086 8.523.945 1.328 7.91 11.078h-3.246zm0 0\"\/><\/svg><\/span><\/a><\/li><li class=\"shariff-button xing shariff-nocustomcolor\" style=\"background-color:#29888a;border-radius:1%\"><a href=\"https:\/\/www.xing.com\/spi\/shares\/new?url=https%3A%2F%2Fwww.sonnenseite.com%2Fde%2Fenergie%2Ffuer-arme-haushalte-ist-die-energiekrise-teuer%2F\" title=\"Bei XING teilen\" aria-label=\"Bei XING teilen\" role=\"button\" rel=\"noopener nofollow\" class=\"shariff-link\" style=\";border-radius:1%; background-color:#126567; color:#fff\" target=\"_blank\"><span class=\"shariff-icon\" style=\"\"><svg width=\"32px\" height=\"20px\" xmlns=\"http:\/\/www.w3.org\/2000\/svg\" viewBox=\"0 0 25 32\"><path fill=\"#126567\" d=\"M10.7 11.9q-0.2 0.3-4.6 8.2-0.5 0.8-1.2 0.8h-4.3q-0.4 0-0.5-0.3t0-0.6l4.5-8q0 0 0 0l-2.9-5q-0.2-0.4 0-0.7 0.2-0.3 0.5-0.3h4.3q0.7 0 1.2 0.8zM25.1 0.4q0.2 0.3 0 0.7l-9.4 16.7 6 11q0.2 0.4 0 0.6-0.2 0.3-0.6 0.3h-4.3q-0.7 0-1.2-0.8l-6-11.1q0.3-0.6 9.5-16.8 0.4-0.8 1.2-0.8h4.3q0.4 0 0.5 0.3z\"\/><\/svg><\/span><\/a><\/li><li class=\"shariff-button linkedin shariff-nocustomcolor\" style=\"background-color:#1488bf;border-radius:1%\"><a href=\"https:\/\/www.linkedin.com\/sharing\/share-offsite\/?url=https%3A%2F%2Fwww.sonnenseite.com%2Fde%2Fenergie%2Ffuer-arme-haushalte-ist-die-energiekrise-teuer%2F\" title=\"Bei LinkedIn teilen\" aria-label=\"Bei LinkedIn teilen\" role=\"button\" rel=\"noopener nofollow\" class=\"shariff-link\" style=\";border-radius:1%; background-color:#0077b5; color:#fff\" target=\"_blank\"><span class=\"shariff-icon\" style=\"\"><svg width=\"32px\" height=\"20px\" xmlns=\"http:\/\/www.w3.org\/2000\/svg\" viewBox=\"0 0 27 32\"><path fill=\"#0077b5\" d=\"M6.2 11.2v17.7h-5.9v-17.7h5.9zM6.6 5.7q0 1.3-0.9 2.2t-2.4 0.9h0q-1.5 0-2.4-0.9t-0.9-2.2 0.9-2.2 2.4-0.9 2.4 0.9 0.9 2.2zM27.4 18.7v10.1h-5.9v-9.5q0-1.9-0.7-2.9t-2.3-1.1q-1.1 0-1.9 0.6t-1.2 1.5q-0.2 0.5-0.2 1.4v9.9h-5.9q0-7.1 0-11.6t0-5.3l0-0.9h5.9v2.6h0q0.4-0.6 0.7-1t1-0.9 1.6-0.8 2-0.3q3 0 4.9 2t1.9 6z\"\/><\/svg><\/span><\/a><\/li><li class=\"shariff-button printer shariff-nocustomcolor\" style=\"background-color:#a8a8a8;border-radius:1%\"><a href=\"javascript:window.print()\" title=\"drucken\" aria-label=\"drucken\" role=\"button\" rel=\"noopener nofollow\" class=\"shariff-link\" style=\";border-radius:1%; background-color:#999; color:#fff\"><span class=\"shariff-icon\" style=\"\"><svg width=\"32px\" height=\"20px\" xmlns=\"http:\/\/www.w3.org\/2000\/svg\" viewBox=\"0 0 30 32\"><path fill=\"#999\" d=\"M6.8 27.4h16v-4.6h-16v4.6zM6.8 16h16v-6.8h-2.8q-0.7 0-1.2-0.5t-0.5-1.2v-2.8h-11.4v11.4zM27.4 17.2q0-0.5-0.3-0.8t-0.8-0.4-0.8 0.4-0.3 0.8 0.3 0.8 0.8 0.3 0.8-0.3 0.3-0.8zM29.7 17.2v7.4q0 0.2-0.2 0.4t-0.4 0.2h-4v2.8q0 0.7-0.5 1.2t-1.2 0.5h-17.2q-0.7 0-1.2-0.5t-0.5-1.2v-2.8h-4q-0.2 0-0.4-0.2t-0.2-0.4v-7.4q0-1.4 1-2.4t2.4-1h1.2v-9.7q0-0.7 0.5-1.2t1.2-0.5h12q0.7 0 1.6 0.4t1.3 0.8l2.7 2.7q0.5 0.5 0.9 1.4t0.4 1.6v4.6h1.1q1.4 0 2.4 1t1 2.4z\"\/><\/svg><\/span><\/a><\/li><li class=\"shariff-button mailto shariff-nocustomcolor\" style=\"background-color:#a8a8a8;border-radius:1%\"><a href=\"mailto:?body=https%3A%2F%2Fwww.sonnenseite.com%2Fde%2Fenergie%2Ffuer-arme-haushalte-ist-die-energiekrise-teuer%2F&subject=F%C3%BCr%20arme%20Haushalte%20ist%20die%20Energiekrise%20teuer\" title=\"Per E-Mail versenden\" aria-label=\"Per E-Mail versenden\" role=\"button\" rel=\"noopener nofollow\" class=\"shariff-link\" style=\";border-radius:1%; background-color:#999; color:#fff\"><span class=\"shariff-icon\" style=\"\"><svg width=\"32px\" height=\"20px\" xmlns=\"http:\/\/www.w3.org\/2000\/svg\" viewBox=\"0 0 32 32\"><path fill=\"#999\" d=\"M32 12.7v14.2q0 1.2-0.8 2t-2 0.9h-26.3q-1.2 0-2-0.9t-0.8-2v-14.2q0.8 0.9 1.8 1.6 6.5 4.4 8.9 6.1 1 0.8 1.6 1.2t1.7 0.9 2 0.4h0.1q0.9 0 2-0.4t1.7-0.9 1.6-1.2q3-2.2 8.9-6.1 1-0.7 1.8-1.6zM32 7.4q0 1.4-0.9 2.7t-2.2 2.2q-6.7 4.7-8.4 5.8-0.2 0.1-0.7 0.5t-1 0.7-0.9 0.6-1.1 0.5-0.9 0.2h-0.1q-0.4 0-0.9-0.2t-1.1-0.5-0.9-0.6-1-0.7-0.7-0.5q-1.6-1.1-4.7-3.2t-3.6-2.6q-1.1-0.7-2.1-2t-1-2.5q0-1.4 0.7-2.3t2.1-0.9h26.3q1.2 0 2 0.8t0.9 2z\"\/><\/svg><\/span><\/a><\/li><\/ul><\/div>","protected":false},"excerpt":{"rendered":"<p>H\u00f6here Energiepreise belasten nicht nur st\u00e4rker das Budget einkommensschwacher Haushalte, diese sind auch viel weniger in [&hellip;]<\/p>\n","protected":false},"author":3,"featured_media":92380,"comment_status":"closed","ping_status":"closed","sticky":false,"template":"","format":"standard","meta":{"inline_featured_image":false,"footnotes":""},"categories":[22],"tags":[],"class_list":["post-94582","post","type-post","status-publish","format-standard","has-post-thumbnail","hentry","category-energie"],"yoast_head":"<!-- This site is optimized with the Yoast SEO plugin v26.5 - https:\/\/yoast.com\/wordpress\/plugins\/seo\/ -->\n<title>F\u00fcr arme Haushalte ist die Energiekrise teuer - Sonnenseite - \u00d6kologische Kommunikation mit Franz Alt<\/title>\n<meta name=\"description\" content=\"H\u00f6here Energiepreise belasten nicht nur st\u00e4rker das Budget einkommensschwacher Haushalte, diese sind auch viel weniger in der Lage, Energie zu sparen oder\" \/>\n<meta name=\"robots\" content=\"index, follow, max-snippet:-1, max-image-preview:large, max-video-preview:-1\" \/>\n<link rel=\"canonical\" href=\"https:\/\/www.sonnenseite.com\/de\/energie\/fuer-arme-haushalte-ist-die-energiekrise-teuer\/\" \/>\n<meta property=\"og:locale\" content=\"de_DE\" \/>\n<meta property=\"og:type\" content=\"article\" \/>\n<meta property=\"og:title\" content=\"F\u00fcr arme Haushalte ist die Energiekrise teuer - Sonnenseite - \u00d6kologische Kommunikation mit Franz Alt\" \/>\n<meta property=\"og:description\" content=\"H\u00f6here Energiepreise belasten nicht nur st\u00e4rker das Budget einkommensschwacher Haushalte, diese sind auch viel weniger in der Lage, Energie zu sparen oder\" \/>\n<meta property=\"og:url\" content=\"https:\/\/www.sonnenseite.com\/de\/energie\/fuer-arme-haushalte-ist-die-energiekrise-teuer\/\" \/>\n<meta property=\"og:site_name\" content=\"Sonnenseite\" \/>\n<meta property=\"article:publisher\" content=\"https:\/\/www.facebook.com\/pages\/Franz-Alt-SONNENSEITECOM\/221072987903953?fref=ts\" \/>\n<meta property=\"article:published_time\" content=\"2023-10-10T06:04:29+00:00\" \/>\n<meta property=\"article:modified_time\" content=\"2023-10-10T06:04:34+00:00\" \/>\n<meta property=\"og:image\" content=\"https:\/\/www.sonnenseite.com\/wp-content\/uploads\/2023\/07\/Waermepumpe_rudolfgeiger.jpg\" \/>\n\t<meta property=\"og:image:width\" content=\"770\" \/>\n\t<meta property=\"og:image:height\" content=\"420\" \/>\n\t<meta property=\"og:image:type\" content=\"image\/jpeg\" \/>\n<meta name=\"author\" content=\"Bigi Alt\" \/>\n<meta name=\"twitter:card\" content=\"summary_large_image\" \/>\n<meta name=\"twitter:creator\" content=\"@franzalt\" \/>\n<meta name=\"twitter:site\" content=\"@franzalt\" \/>\n<meta name=\"twitter:label1\" content=\"Verfasst von\" \/>\n\t<meta name=\"twitter:data1\" content=\"Bigi Alt\" \/>\n\t<meta name=\"twitter:label2\" content=\"Gesch\u00e4tzte Lesezeit\" \/>\n\t<meta name=\"twitter:data2\" content=\"5\u00a0Minuten\" \/>\n<script type=\"application\/ld+json\" class=\"yoast-schema-graph\">{\"@context\":\"https:\/\/schema.org\",\"@graph\":[{\"@type\":\"Article\",\"@id\":\"https:\/\/www.sonnenseite.com\/de\/energie\/fuer-arme-haushalte-ist-die-energiekrise-teuer\/#article\",\"isPartOf\":{\"@id\":\"https:\/\/www.sonnenseite.com\/de\/energie\/fuer-arme-haushalte-ist-die-energiekrise-teuer\/\"},\"author\":{\"name\":\"Bigi Alt\",\"@id\":\"https:\/\/www.sonnenseite.com\/de\/#\/schema\/person\/50fda0e926597684c7cc6695238a4eb9\"},\"headline\":\"F\u00fcr arme Haushalte ist die Energiekrise teuer\",\"datePublished\":\"2023-10-10T06:04:29+00:00\",\"dateModified\":\"2023-10-10T06:04:34+00:00\",\"mainEntityOfPage\":{\"@id\":\"https:\/\/www.sonnenseite.com\/de\/energie\/fuer-arme-haushalte-ist-die-energiekrise-teuer\/\"},\"wordCount\":876,\"publisher\":{\"@id\":\"https:\/\/www.sonnenseite.com\/de\/#organization\"},\"image\":{\"@id\":\"https:\/\/www.sonnenseite.com\/de\/energie\/fuer-arme-haushalte-ist-die-energiekrise-teuer\/#primaryimage\"},\"thumbnailUrl\":\"https:\/\/www.sonnenseite.com\/wp-content\/uploads\/2023\/07\/Waermepumpe_rudolfgeiger.jpg\",\"articleSection\":[\"Energie\"],\"inLanguage\":\"de\"},{\"@type\":\"WebPage\",\"@id\":\"https:\/\/www.sonnenseite.com\/de\/energie\/fuer-arme-haushalte-ist-die-energiekrise-teuer\/\",\"url\":\"https:\/\/www.sonnenseite.com\/de\/energie\/fuer-arme-haushalte-ist-die-energiekrise-teuer\/\",\"name\":\"F\u00fcr arme Haushalte ist die Energiekrise teuer - Sonnenseite - \u00d6kologische Kommunikation mit Franz Alt\",\"isPartOf\":{\"@id\":\"https:\/\/www.sonnenseite.com\/de\/#website\"},\"primaryImageOfPage\":{\"@id\":\"https:\/\/www.sonnenseite.com\/de\/energie\/fuer-arme-haushalte-ist-die-energiekrise-teuer\/#primaryimage\"},\"image\":{\"@id\":\"https:\/\/www.sonnenseite.com\/de\/energie\/fuer-arme-haushalte-ist-die-energiekrise-teuer\/#primaryimage\"},\"thumbnailUrl\":\"https:\/\/www.sonnenseite.com\/wp-content\/uploads\/2023\/07\/Waermepumpe_rudolfgeiger.jpg\",\"datePublished\":\"2023-10-10T06:04:29+00:00\",\"dateModified\":\"2023-10-10T06:04:34+00:00\",\"description\":\"H\u00f6here Energiepreise belasten nicht nur st\u00e4rker das Budget einkommensschwacher Haushalte, diese sind auch viel weniger in der Lage, Energie zu sparen oder\",\"breadcrumb\":{\"@id\":\"https:\/\/www.sonnenseite.com\/de\/energie\/fuer-arme-haushalte-ist-die-energiekrise-teuer\/#breadcrumb\"},\"inLanguage\":\"de\",\"potentialAction\":[{\"@type\":\"ReadAction\",\"target\":[\"https:\/\/www.sonnenseite.com\/de\/energie\/fuer-arme-haushalte-ist-die-energiekrise-teuer\/\"]}]},{\"@type\":\"ImageObject\",\"inLanguage\":\"de\",\"@id\":\"https:\/\/www.sonnenseite.com\/de\/energie\/fuer-arme-haushalte-ist-die-energiekrise-teuer\/#primaryimage\",\"url\":\"https:\/\/www.sonnenseite.com\/wp-content\/uploads\/2023\/07\/Waermepumpe_rudolfgeiger.jpg\",\"contentUrl\":\"https:\/\/www.sonnenseite.com\/wp-content\/uploads\/2023\/07\/Waermepumpe_rudolfgeiger.jpg\",\"width\":770,\"height\":420,\"caption\":\"Depositphotos.com | rudolfgeiger\"},{\"@type\":\"BreadcrumbList\",\"@id\":\"https:\/\/www.sonnenseite.com\/de\/energie\/fuer-arme-haushalte-ist-die-energiekrise-teuer\/#breadcrumb\",\"itemListElement\":[{\"@type\":\"ListItem\",\"position\":1,\"name\":\"Startseite\",\"item\":\"https:\/\/www.sonnenseite.com\/de\/\"},{\"@type\":\"ListItem\",\"position\":2,\"name\":\"F\u00fcr arme Haushalte ist die Energiekrise teuer\"}]},{\"@type\":\"WebSite\",\"@id\":\"https:\/\/www.sonnenseite.com\/de\/#website\",\"url\":\"https:\/\/www.sonnenseite.com\/de\/\",\"name\":\"Sonnenseite\",\"description\":\"\u00d6kologische Kommunikation mit Franz Alt\",\"publisher\":{\"@id\":\"https:\/\/www.sonnenseite.com\/de\/#organization\"},\"potentialAction\":[{\"@type\":\"SearchAction\",\"target\":{\"@type\":\"EntryPoint\",\"urlTemplate\":\"https:\/\/www.sonnenseite.com\/de\/?s={search_term_string}\"},\"query-input\":{\"@type\":\"PropertyValueSpecification\",\"valueRequired\":true,\"valueName\":\"search_term_string\"}}],\"inLanguage\":\"de\"},{\"@type\":\"Organization\",\"@id\":\"https:\/\/www.sonnenseite.com\/de\/#organization\",\"name\":\"Sonnenseite\",\"url\":\"https:\/\/www.sonnenseite.com\/de\/\",\"logo\":{\"@type\":\"ImageObject\",\"inLanguage\":\"de\",\"@id\":\"https:\/\/www.sonnenseite.com\/de\/#\/schema\/logo\/image\/\",\"url\":\"https:\/\/www.sonnenseite.com\/wp-content\/uploads\/2020\/05\/Sonnenseite_Logo.png\",\"contentUrl\":\"https:\/\/www.sonnenseite.com\/wp-content\/uploads\/2020\/05\/Sonnenseite_Logo.png\",\"width\":377,\"height\":90,\"caption\":\"Sonnenseite\"},\"image\":{\"@id\":\"https:\/\/www.sonnenseite.com\/de\/#\/schema\/logo\/image\/\"},\"sameAs\":[\"https:\/\/www.facebook.com\/pages\/Franz-Alt-SONNENSEITECOM\/221072987903953?fref=ts\",\"https:\/\/x.com\/franzalt\",\"http:\/\/www.youtube.com\/results?search_query&amp;amp;quot;franz_alt&amp;amp;quot;&amp;amp;amp;amp;search_type&amp;amp;amp;amp;aq=f\"]},{\"@type\":\"Person\",\"@id\":\"https:\/\/www.sonnenseite.com\/de\/#\/schema\/person\/50fda0e926597684c7cc6695238a4eb9\",\"name\":\"Bigi Alt\"}]}<\/script>\n<!-- \/ Yoast SEO plugin. -->","yoast_head_json":{"title":"F\u00fcr arme Haushalte ist die Energiekrise teuer - Sonnenseite - \u00d6kologische Kommunikation mit Franz Alt","description":"H\u00f6here Energiepreise belasten nicht nur st\u00e4rker das Budget einkommensschwacher Haushalte, diese sind auch viel weniger in der Lage, Energie zu sparen oder","robots":{"index":"index","follow":"follow","max-snippet":"max-snippet:-1","max-image-preview":"max-image-preview:large","max-video-preview":"max-video-preview:-1"},"canonical":"https:\/\/www.sonnenseite.com\/de\/energie\/fuer-arme-haushalte-ist-die-energiekrise-teuer\/","og_locale":"de_DE","og_type":"article","og_title":"F\u00fcr arme Haushalte ist die Energiekrise teuer - Sonnenseite - \u00d6kologische Kommunikation mit Franz Alt","og_description":"H\u00f6here Energiepreise belasten nicht nur st\u00e4rker das Budget einkommensschwacher Haushalte, diese sind auch viel weniger in der Lage, Energie zu sparen oder","og_url":"https:\/\/www.sonnenseite.com\/de\/energie\/fuer-arme-haushalte-ist-die-energiekrise-teuer\/","og_site_name":"Sonnenseite","article_publisher":"https:\/\/www.facebook.com\/pages\/Franz-Alt-SONNENSEITECOM\/221072987903953?fref=ts","article_published_time":"2023-10-10T06:04:29+00:00","article_modified_time":"2023-10-10T06:04:34+00:00","og_image":[{"width":770,"height":420,"url":"https:\/\/www.sonnenseite.com\/wp-content\/uploads\/2023\/07\/Waermepumpe_rudolfgeiger.jpg","type":"image\/jpeg"}],"author":"Bigi Alt","twitter_card":"summary_large_image","twitter_creator":"@franzalt","twitter_site":"@franzalt","twitter_misc":{"Verfasst von":"Bigi Alt","Gesch\u00e4tzte Lesezeit":"5\u00a0Minuten"},"schema":{"@context":"https:\/\/schema.org","@graph":[{"@type":"Article","@id":"https:\/\/www.sonnenseite.com\/de\/energie\/fuer-arme-haushalte-ist-die-energiekrise-teuer\/#article","isPartOf":{"@id":"https:\/\/www.sonnenseite.com\/de\/energie\/fuer-arme-haushalte-ist-die-energiekrise-teuer\/"},"author":{"name":"Bigi Alt","@id":"https:\/\/www.sonnenseite.com\/de\/#\/schema\/person\/50fda0e926597684c7cc6695238a4eb9"},"headline":"F\u00fcr arme Haushalte ist die Energiekrise teuer","datePublished":"2023-10-10T06:04:29+00:00","dateModified":"2023-10-10T06:04:34+00:00","mainEntityOfPage":{"@id":"https:\/\/www.sonnenseite.com\/de\/energie\/fuer-arme-haushalte-ist-die-energiekrise-teuer\/"},"wordCount":876,"publisher":{"@id":"https:\/\/www.sonnenseite.com\/de\/#organization"},"image":{"@id":"https:\/\/www.sonnenseite.com\/de\/energie\/fuer-arme-haushalte-ist-die-energiekrise-teuer\/#primaryimage"},"thumbnailUrl":"https:\/\/www.sonnenseite.com\/wp-content\/uploads\/2023\/07\/Waermepumpe_rudolfgeiger.jpg","articleSection":["Energie"],"inLanguage":"de"},{"@type":"WebPage","@id":"https:\/\/www.sonnenseite.com\/de\/energie\/fuer-arme-haushalte-ist-die-energiekrise-teuer\/","url":"https:\/\/www.sonnenseite.com\/de\/energie\/fuer-arme-haushalte-ist-die-energiekrise-teuer\/","name":"F\u00fcr arme Haushalte ist die Energiekrise teuer - Sonnenseite - \u00d6kologische Kommunikation mit Franz Alt","isPartOf":{"@id":"https:\/\/www.sonnenseite.com\/de\/#website"},"primaryImageOfPage":{"@id":"https:\/\/www.sonnenseite.com\/de\/energie\/fuer-arme-haushalte-ist-die-energiekrise-teuer\/#primaryimage"},"image":{"@id":"https:\/\/www.sonnenseite.com\/de\/energie\/fuer-arme-haushalte-ist-die-energiekrise-teuer\/#primaryimage"},"thumbnailUrl":"https:\/\/www.sonnenseite.com\/wp-content\/uploads\/2023\/07\/Waermepumpe_rudolfgeiger.jpg","datePublished":"2023-10-10T06:04:29+00:00","dateModified":"2023-10-10T06:04:34+00:00","description":"H\u00f6here Energiepreise belasten nicht nur st\u00e4rker das Budget einkommensschwacher Haushalte, diese sind auch viel weniger in der Lage, Energie zu sparen oder","breadcrumb":{"@id":"https:\/\/www.sonnenseite.com\/de\/energie\/fuer-arme-haushalte-ist-die-energiekrise-teuer\/#breadcrumb"},"inLanguage":"de","potentialAction":[{"@type":"ReadAction","target":["https:\/\/www.sonnenseite.com\/de\/energie\/fuer-arme-haushalte-ist-die-energiekrise-teuer\/"]}]},{"@type":"ImageObject","inLanguage":"de","@id":"https:\/\/www.sonnenseite.com\/de\/energie\/fuer-arme-haushalte-ist-die-energiekrise-teuer\/#primaryimage","url":"https:\/\/www.sonnenseite.com\/wp-content\/uploads\/2023\/07\/Waermepumpe_rudolfgeiger.jpg","contentUrl":"https:\/\/www.sonnenseite.com\/wp-content\/uploads\/2023\/07\/Waermepumpe_rudolfgeiger.jpg","width":770,"height":420,"caption":"Depositphotos.com | rudolfgeiger"},{"@type":"BreadcrumbList","@id":"https:\/\/www.sonnenseite.com\/de\/energie\/fuer-arme-haushalte-ist-die-energiekrise-teuer\/#breadcrumb","itemListElement":[{"@type":"ListItem","position":1,"name":"Startseite","item":"https:\/\/www.sonnenseite.com\/de\/"},{"@type":"ListItem","position":2,"name":"F\u00fcr arme Haushalte ist die Energiekrise teuer"}]},{"@type":"WebSite","@id":"https:\/\/www.sonnenseite.com\/de\/#website","url":"https:\/\/www.sonnenseite.com\/de\/","name":"Sonnenseite","description":"\u00d6kologische Kommunikation mit Franz Alt","publisher":{"@id":"https:\/\/www.sonnenseite.com\/de\/#organization"},"potentialAction":[{"@type":"SearchAction","target":{"@type":"EntryPoint","urlTemplate":"https:\/\/www.sonnenseite.com\/de\/?s={search_term_string}"},"query-input":{"@type":"PropertyValueSpecification","valueRequired":true,"valueName":"search_term_string"}}],"inLanguage":"de"},{"@type":"Organization","@id":"https:\/\/www.sonnenseite.com\/de\/#organization","name":"Sonnenseite","url":"https:\/\/www.sonnenseite.com\/de\/","logo":{"@type":"ImageObject","inLanguage":"de","@id":"https:\/\/www.sonnenseite.com\/de\/#\/schema\/logo\/image\/","url":"https:\/\/www.sonnenseite.com\/wp-content\/uploads\/2020\/05\/Sonnenseite_Logo.png","contentUrl":"https:\/\/www.sonnenseite.com\/wp-content\/uploads\/2020\/05\/Sonnenseite_Logo.png","width":377,"height":90,"caption":"Sonnenseite"},"image":{"@id":"https:\/\/www.sonnenseite.com\/de\/#\/schema\/logo\/image\/"},"sameAs":["https:\/\/www.facebook.com\/pages\/Franz-Alt-SONNENSEITECOM\/221072987903953?fref=ts","https:\/\/x.com\/franzalt","http:\/\/www.youtube.com\/results?search_query&amp;amp;quot;franz_alt&amp;amp;quot;&amp;amp;amp;amp;search_type&amp;amp;amp;amp;aq=f"]},{"@type":"Person","@id":"https:\/\/www.sonnenseite.com\/de\/#\/schema\/person\/50fda0e926597684c7cc6695238a4eb9","name":"Bigi Alt"}]}},"_links":{"self":[{"href":"https:\/\/www.sonnenseite.com\/de\/wp-json\/wp\/v2\/posts\/94582","targetHints":{"allow":["GET"]}}],"collection":[{"href":"https:\/\/www.sonnenseite.com\/de\/wp-json\/wp\/v2\/posts"}],"about":[{"href":"https:\/\/www.sonnenseite.com\/de\/wp-json\/wp\/v2\/types\/post"}],"author":[{"embeddable":true,"href":"https:\/\/www.sonnenseite.com\/de\/wp-json\/wp\/v2\/users\/3"}],"replies":[{"embeddable":true,"href":"https:\/\/www.sonnenseite.com\/de\/wp-json\/wp\/v2\/comments?post=94582"}],"version-history":[{"count":1,"href":"https:\/\/www.sonnenseite.com\/de\/wp-json\/wp\/v2\/posts\/94582\/revisions"}],"predecessor-version":[{"id":94583,"href":"https:\/\/www.sonnenseite.com\/de\/wp-json\/wp\/v2\/posts\/94582\/revisions\/94583"}],"wp:featuredmedia":[{"embeddable":true,"href":"https:\/\/www.sonnenseite.com\/de\/wp-json\/wp\/v2\/media\/92380"}],"wp:attachment":[{"href":"https:\/\/www.sonnenseite.com\/de\/wp-json\/wp\/v2\/media?parent=94582"}],"wp:term":[{"taxonomy":"category","embeddable":true,"href":"https:\/\/www.sonnenseite.com\/de\/wp-json\/wp\/v2\/categories?post=94582"},{"taxonomy":"post_tag","embeddable":true,"href":"https:\/\/www.sonnenseite.com\/de\/wp-json\/wp\/v2\/tags?post=94582"}],"curies":[{"name":"wp","href":"https:\/\/api.w.org\/{rel}","templated":true}]}}