{"id":94586,"date":"2023-10-10T03:24:09","date_gmt":"2023-10-10T01:24:09","guid":{"rendered":"https:\/\/www.sonnenseite.com\/?p=94586"},"modified":"2023-10-10T08:24:53","modified_gmt":"2023-10-10T06:24:53","slug":"klimawandel-verstaerkt-extreme-hitze-im-boden","status":"publish","type":"post","link":"https:\/\/www.sonnenseite.com\/de\/umwelt\/klimawandel-verstaerkt-extreme-hitze-im-boden\/","title":{"rendered":"Klimawandel verst\u00e4rkt extreme Hitze im Boden"},"content":{"rendered":"\n<p>Die Temperaturen im Boden steigen schneller als in der Luft. <\/p>\n\n\n\n<p>Bodentemperaturen wurden lange Zeit wenig beachtet, weil im Unterschied zu den oberfl\u00e4chennahen Lufttemperaturen aufgrund der deutlich aufwendigeren Messung kaum verl\u00e4ssliche Daten vorlagen. Ein vom Helmholtz-Zentrum f\u00fcr Umweltforschung (UFZ) angef\u00fchrtes Forschungsteam hat nun festgestellt, dass sich Boden- und Lufttemperaturen nicht nur unterscheiden k\u00f6nnen, sondern auch, dass sich der Klimawandel auf die Intensit\u00e4t und H\u00e4ufigkeit von Hitzeextremen im Boden deutlich st\u00e4rker auswirkt als in der Luft. Vor allem in Mitteleuropa sei dies der Fall, schreiben sie im Fachjournal <em>Nature Climate Change<\/em>.\u00a0<\/p>\n\n\n\n<p>Das Forschungsteam unter der Koordination der UFZ-Fernerkundlerin Dr. Almudena Garc\u00eda-Garc\u00eda hat f\u00fcr seine Studie Daten aus den unterschiedlichsten Quellen zusammengetragen: Daten aus meteorologischen Messstationen, von Fernerkundungssatelliten, aus dem Datenanalyseset ERA5-Land sowie aus Simulationen von Erdsystemmodellen. Damit f\u00fctterten die Forschenden den Index TX7d &#8211; einen in der Wissenschaft g\u00e4ngigen Index, der als Durchschnitt der t\u00e4glichen H\u00f6chsttemperatur in der hei\u00dfesten Woche des Jahres definiert wird. Er gibt die Intensit\u00e4t der Hitzeextreme wieder, also wie hoch Extremtemperaturen ausfallen. So berechneten sie den Index f\u00fcr die 10 Zentimeter dicke obere Bodenschicht und f\u00fcr die oberfl\u00e4chennahe Luft in bis zu 2 Metern H\u00f6he f\u00fcr die Jahre 1996 bis 2021. Der Trend in den Hitzeextremen im Boden ist an zwei Dritteln der insgesamt 118 ausgewerteten meteorologischen Messstationen st\u00e4rker als in der Luft. &#8222;Das bedeutet, dass Hitzeextreme im Boden viel schneller entstehen als in der Luft&#8220;, sagt die Erstautorin Almudena Garc\u00eda-Garc\u00eda. Wie die verf\u00fcgbaren Daten zeigen, trifft das vor allem auf Deutschland, Italien und S\u00fcdfrankreich zu. In Mitteleuropa beispielsweise nimmt laut den Stationsdaten die Intensit\u00e4t der Hitzeextreme im Boden um 0,7 Grad Celsius\/Jahrzehnt schneller zu als in der Luft.&nbsp;<\/p>\n\n\n\n<p>Das Forschungsteam untersuchte aber nicht nur die Intensit\u00e4t, sondern auch die H\u00e4ufigkeit von Hitzeextremen im Boden. Um diese zu berechnen, nutzten die Wissenschaftler den Index TX90p. Er ber\u00fccksichtigt den Prozentsatz der Tage pro Monat, an denen die Tagesh\u00f6chsttemperatur zwischen 1996 und 2021 h\u00f6her war als der statistische Grenzwert. Das Ergebnis: Die Anzahl der Tage mit Hitzeextremen nimmt im Boden doppelt so schnell zu wie in der Luft. &#8222;Gibt es zum Beispiel monatlich 10 Prozent hei\u00dfe Tage im Boden und in der Luft, wird es ein Jahrzehnt sp\u00e4ter 15 Prozent hei\u00dfe Tage in der Luft und 20 Prozent hei\u00dfe Tage im Boden haben&#8220;, sagt Almudena Garc\u00eda-Garc\u00eda. Ausschlaggebend daf\u00fcr ist die Bodenfeuchtigkeit, die eine wichtige thermische Rolle im Austausch zwischen Luft- und Bodentemperaturen spielt. Die Bodenfeuchtigkeit ist stark von der Landbedeckung abh\u00e4ngig: So k\u00f6nnen in W\u00e4ldern B\u00e4ume mit ihren Wurzeln tiefer liegendes Bodenwasser ziehen und im Sommer die Verluste durch Verdunstung reduzieren. Landwirtschaftliche Nutzpflanzen oder Gr\u00fcnl\u00e4nder k\u00f6nnen dagegen nur auf oberfl\u00e4chennahes Bodenwasser zugreifen.<\/p>\n\n\n\n<p>Dass sich im Boden extreme Temperaturen schnell entwickeln k\u00f6nnen und dabei von denen in der bodennahen Luftschicht deutlich unterscheiden, hat Folgen. Ist die Temperatur im Boden h\u00f6her als in der Luft, wird zus\u00e4tzliche W\u00e4rme an die untere Atmosph\u00e4re abgegeben &#8211; und l\u00e4sst die Temperaturen in der Atmosph\u00e4re steigen. &#8222;Die Bodentemperatur wirkt als ein Faktor in der R\u00fcckkopplung zwischen Bodenfeuchte und Temperatur und kann so in bestimmten Regionen Hitzeperioden verst\u00e4rken&#8220;, erkl\u00e4rt Prof. Dr. Jian Peng, Co-Autor und Leiter des UFZ-Departments Remote Sensing. Diese R\u00fcckkopplung hat Einfluss auf viele hydrologische Prozesse, die etwa f\u00fcr die Landwirtschaft und damit f\u00fcr die Nahrungsmittelsicherheit bedeutsam sind, auf \u00d6kosysteme, weil temperaturtolerante Arten beg\u00fcnstigt werden k\u00f6nnten, oder auf die Speicherung des terrestrischen Kohlenstoffs. &#8222;Angesichts dieser Ergebnisse w\u00e4ren Studien \u00fcber die Auswirkungen von Hitze-Extremen, die vor allem die Lufttemperaturen ber\u00fccksichtigen, den Faktor der Hitze-Extreme im Boden aber untersch\u00e4tzt haben, neu zu bewerten&#8220;, sagt er.<\/p>\n\n\n\n<p>Das Forschungsteam untersuchte zudem anhand der Daten aus Erdsystemmodellen, wie h\u00e4ufig extreme Bodentemperaturen in Zukunft Hitzewellen in der Atmosph\u00e4re verst\u00e4rken k\u00f6nnten &#8211; in Abh\u00e4ngigkeit des zu erwartenden globalen Klimaszenarios. Das Ergebnis: Tritt das 2 Grad- beziehungsweise das 3 Grad-Szenario ein, wirkt sich das insbesondere auf Mitteleuropa deutlich st\u00e4rker aus als eine 1,5 Grad-Erw\u00e4rmung. So k\u00f6nnte es in Zukunft beispielsweise 8 Prozent mehr hei\u00dfe Tage geben, an denen der Boden W\u00e4rme an die Atmosph\u00e4re abgibt. &#8222;Dies verst\u00e4rkt wiederum die Hitzeperioden in der Luft&#8220;, sagt Almudena Garc\u00eda-Garc\u00eda. Es ist also davon auszugehen, dass B\u00f6den in Zukunft eine wichtigere Rolle bei der Entwicklung von Hitzeextremen spielen.<\/p>\n\n\n\n<ul class=\"wp-block-list\">\n<li>Almudena Garc\u00eda-Garc\u00eda, Francisco Jos\u00e9 Cuesta-Valero, Diego G. Miralles, Miguel D. Mahecha, Johannes Quaas, Markus Reichstein, Jakob Zscheischler and Jian Peng. Soil heat extremes can outpace air temperature extremes, <a href=\"https:\/\/www.nature.com\/articles\/s41558-023-01812-3\">Nature Climate Change, doi: 10.1038\/s41558-023-01812-3<\/a><\/li>\n\n\n\n<li><\/li>\n<\/ul>\n\n\n<h5 class=\"green\">Quelle<\/h5>\r\n\n\n\n<p><a href=\"https:\/\/www.ufz.de\/index.php?de=36336&amp;webc_pm=32\/2023\">Helmholtz-Zentrum f\u00fcr Umweltforschung (UFZ) 2023<\/a><\/p>\n<div class=\"shariff shariff-align-flex-start shariff-widget-align-flex-start\"><div class=\"ShariffHeadline\">Diese Meldung teilen<\/div><ul class=\"shariff-buttons theme-round orientation-horizontal buttonsize-medium\"><li class=\"shariff-button facebook shariff-nocustomcolor\" style=\"background-color:#4273c8;border-radius:1%\"><a href=\"https:\/\/www.facebook.com\/sharer\/sharer.php?u=https%3A%2F%2Fwww.sonnenseite.com%2Fde%2Fumwelt%2Fklimawandel-verstaerkt-extreme-hitze-im-boden%2F\" title=\"Bei Facebook teilen\" aria-label=\"Bei Facebook teilen\" role=\"button\" rel=\"nofollow\" class=\"shariff-link\" style=\";border-radius:1%; background-color:#3b5998; color:#fff\" target=\"_blank\"><span class=\"shariff-icon\" style=\"\"><svg width=\"32px\" height=\"20px\" xmlns=\"http:\/\/www.w3.org\/2000\/svg\" viewBox=\"0 0 18 32\"><path fill=\"#3b5998\" d=\"M17.1 0.2v4.7h-2.8q-1.5 0-2.1 0.6t-0.5 1.9v3.4h5.2l-0.7 5.3h-4.5v13.6h-5.5v-13.6h-4.5v-5.3h4.5v-3.9q0-3.3 1.9-5.2t5-1.8q2.6 0 4.1 0.2z\"\/><\/svg><\/span><\/a><\/li><li class=\"shariff-button twitter shariff-nocustomcolor\" style=\"background-color:#595959;border-radius:1%\"><a href=\"https:\/\/twitter.com\/share?url=https%3A%2F%2Fwww.sonnenseite.com%2Fde%2Fumwelt%2Fklimawandel-verstaerkt-extreme-hitze-im-boden%2F&text=Klimawandel%20verst%C3%A4rkt%20extreme%20Hitze%20im%20Boden\" title=\"Bei X teilen\" aria-label=\"Bei X teilen\" role=\"button\" rel=\"noopener nofollow\" class=\"shariff-link\" style=\";border-radius:1%; background-color:#000; color:#fff\" target=\"_blank\"><span class=\"shariff-icon\" style=\"\"><svg width=\"32px\" height=\"20px\" xmlns=\"http:\/\/www.w3.org\/2000\/svg\" viewBox=\"0 0 24 24\"><path fill=\"#000\" d=\"M14.258 10.152L23.176 0h-2.113l-7.747 8.813L7.133 0H0l9.352 13.328L0 23.973h2.113l8.176-9.309 6.531 9.309h7.133zm-2.895 3.293l-.949-1.328L2.875 1.56h3.246l6.086 8.523.945 1.328 7.91 11.078h-3.246zm0 0\"\/><\/svg><\/span><\/a><\/li><li class=\"shariff-button xing shariff-nocustomcolor\" style=\"background-color:#29888a;border-radius:1%\"><a href=\"https:\/\/www.xing.com\/spi\/shares\/new?url=https%3A%2F%2Fwww.sonnenseite.com%2Fde%2Fumwelt%2Fklimawandel-verstaerkt-extreme-hitze-im-boden%2F\" title=\"Bei XING teilen\" aria-label=\"Bei XING teilen\" role=\"button\" rel=\"noopener nofollow\" class=\"shariff-link\" style=\";border-radius:1%; background-color:#126567; color:#fff\" target=\"_blank\"><span class=\"shariff-icon\" style=\"\"><svg width=\"32px\" height=\"20px\" xmlns=\"http:\/\/www.w3.org\/2000\/svg\" viewBox=\"0 0 25 32\"><path fill=\"#126567\" d=\"M10.7 11.9q-0.2 0.3-4.6 8.2-0.5 0.8-1.2 0.8h-4.3q-0.4 0-0.5-0.3t0-0.6l4.5-8q0 0 0 0l-2.9-5q-0.2-0.4 0-0.7 0.2-0.3 0.5-0.3h4.3q0.7 0 1.2 0.8zM25.1 0.4q0.2 0.3 0 0.7l-9.4 16.7 6 11q0.2 0.4 0 0.6-0.2 0.3-0.6 0.3h-4.3q-0.7 0-1.2-0.8l-6-11.1q0.3-0.6 9.5-16.8 0.4-0.8 1.2-0.8h4.3q0.4 0 0.5 0.3z\"\/><\/svg><\/span><\/a><\/li><li class=\"shariff-button linkedin shariff-nocustomcolor\" style=\"background-color:#1488bf;border-radius:1%\"><a href=\"https:\/\/www.linkedin.com\/sharing\/share-offsite\/?url=https%3A%2F%2Fwww.sonnenseite.com%2Fde%2Fumwelt%2Fklimawandel-verstaerkt-extreme-hitze-im-boden%2F\" title=\"Bei LinkedIn teilen\" aria-label=\"Bei LinkedIn teilen\" role=\"button\" rel=\"noopener nofollow\" class=\"shariff-link\" style=\";border-radius:1%; background-color:#0077b5; color:#fff\" target=\"_blank\"><span class=\"shariff-icon\" style=\"\"><svg width=\"32px\" height=\"20px\" xmlns=\"http:\/\/www.w3.org\/2000\/svg\" viewBox=\"0 0 27 32\"><path fill=\"#0077b5\" d=\"M6.2 11.2v17.7h-5.9v-17.7h5.9zM6.6 5.7q0 1.3-0.9 2.2t-2.4 0.9h0q-1.5 0-2.4-0.9t-0.9-2.2 0.9-2.2 2.4-0.9 2.4 0.9 0.9 2.2zM27.4 18.7v10.1h-5.9v-9.5q0-1.9-0.7-2.9t-2.3-1.1q-1.1 0-1.9 0.6t-1.2 1.5q-0.2 0.5-0.2 1.4v9.9h-5.9q0-7.1 0-11.6t0-5.3l0-0.9h5.9v2.6h0q0.4-0.6 0.7-1t1-0.9 1.6-0.8 2-0.3q3 0 4.9 2t1.9 6z\"\/><\/svg><\/span><\/a><\/li><li class=\"shariff-button printer shariff-nocustomcolor\" style=\"background-color:#a8a8a8;border-radius:1%\"><a href=\"javascript:window.print()\" title=\"drucken\" aria-label=\"drucken\" role=\"button\" rel=\"noopener nofollow\" class=\"shariff-link\" style=\";border-radius:1%; background-color:#999; color:#fff\"><span class=\"shariff-icon\" style=\"\"><svg width=\"32px\" height=\"20px\" xmlns=\"http:\/\/www.w3.org\/2000\/svg\" viewBox=\"0 0 30 32\"><path fill=\"#999\" d=\"M6.8 27.4h16v-4.6h-16v4.6zM6.8 16h16v-6.8h-2.8q-0.7 0-1.2-0.5t-0.5-1.2v-2.8h-11.4v11.4zM27.4 17.2q0-0.5-0.3-0.8t-0.8-0.4-0.8 0.4-0.3 0.8 0.3 0.8 0.8 0.3 0.8-0.3 0.3-0.8zM29.7 17.2v7.4q0 0.2-0.2 0.4t-0.4 0.2h-4v2.8q0 0.7-0.5 1.2t-1.2 0.5h-17.2q-0.7 0-1.2-0.5t-0.5-1.2v-2.8h-4q-0.2 0-0.4-0.2t-0.2-0.4v-7.4q0-1.4 1-2.4t2.4-1h1.2v-9.7q0-0.7 0.5-1.2t1.2-0.5h12q0.7 0 1.6 0.4t1.3 0.8l2.7 2.7q0.5 0.5 0.9 1.4t0.4 1.6v4.6h1.1q1.4 0 2.4 1t1 2.4z\"\/><\/svg><\/span><\/a><\/li><li class=\"shariff-button mailto shariff-nocustomcolor\" style=\"background-color:#a8a8a8;border-radius:1%\"><a href=\"mailto:?body=https%3A%2F%2Fwww.sonnenseite.com%2Fde%2Fumwelt%2Fklimawandel-verstaerkt-extreme-hitze-im-boden%2F&subject=Klimawandel%20verst%C3%A4rkt%20extreme%20Hitze%20im%20Boden\" title=\"Per E-Mail versenden\" aria-label=\"Per E-Mail versenden\" role=\"button\" rel=\"noopener nofollow\" class=\"shariff-link\" style=\";border-radius:1%; background-color:#999; color:#fff\"><span class=\"shariff-icon\" style=\"\"><svg width=\"32px\" height=\"20px\" xmlns=\"http:\/\/www.w3.org\/2000\/svg\" viewBox=\"0 0 32 32\"><path fill=\"#999\" d=\"M32 12.7v14.2q0 1.2-0.8 2t-2 0.9h-26.3q-1.2 0-2-0.9t-0.8-2v-14.2q0.8 0.9 1.8 1.6 6.5 4.4 8.9 6.1 1 0.8 1.6 1.2t1.7 0.9 2 0.4h0.1q0.9 0 2-0.4t1.7-0.9 1.6-1.2q3-2.2 8.9-6.1 1-0.7 1.8-1.6zM32 7.4q0 1.4-0.9 2.7t-2.2 2.2q-6.7 4.7-8.4 5.8-0.2 0.1-0.7 0.5t-1 0.7-0.9 0.6-1.1 0.5-0.9 0.2h-0.1q-0.4 0-0.9-0.2t-1.1-0.5-0.9-0.6-1-0.7-0.7-0.5q-1.6-1.1-4.7-3.2t-3.6-2.6q-1.1-0.7-2.1-2t-1-2.5q0-1.4 0.7-2.3t2.1-0.9h26.3q1.2 0 2 0.8t0.9 2z\"\/><\/svg><\/span><\/a><\/li><\/ul><\/div>","protected":false},"excerpt":{"rendered":"<p>Die Temperaturen im Boden steigen schneller als in der Luft. Bodentemperaturen wurden lange Zeit wenig beachtet, [&hellip;]<\/p>\n","protected":false},"author":3,"featured_media":94588,"comment_status":"closed","ping_status":"closed","sticky":false,"template":"","format":"standard","meta":{"inline_featured_image":false,"footnotes":""},"categories":[23],"tags":[],"class_list":["post-94586","post","type-post","status-publish","format-standard","has-post-thumbnail","hentry","category-umwelt"],"yoast_head":"<!-- This site is optimized with the Yoast SEO plugin v26.5 - https:\/\/yoast.com\/wordpress\/plugins\/seo\/ -->\n<title>Klimawandel verst\u00e4rkt extreme Hitze im Boden - Sonnenseite - \u00d6kologische Kommunikation mit Franz Alt<\/title>\n<meta name=\"description\" content=\"Die Temperaturen im Boden steigen schneller als in der Luft. Bodentemperaturen wurden lange Zeit wenig beachtet, weil im Unterschied zu den\" \/>\n<meta name=\"robots\" content=\"index, follow, max-snippet:-1, max-image-preview:large, max-video-preview:-1\" \/>\n<link rel=\"canonical\" href=\"https:\/\/www.sonnenseite.com\/de\/umwelt\/klimawandel-verstaerkt-extreme-hitze-im-boden\/\" \/>\n<meta property=\"og:locale\" content=\"de_DE\" \/>\n<meta property=\"og:type\" content=\"article\" \/>\n<meta property=\"og:title\" content=\"Klimawandel verst\u00e4rkt extreme Hitze im Boden - Sonnenseite - \u00d6kologische Kommunikation mit Franz Alt\" \/>\n<meta property=\"og:description\" content=\"Die Temperaturen im Boden steigen schneller als in der Luft. Bodentemperaturen wurden lange Zeit wenig beachtet, weil im Unterschied zu den\" \/>\n<meta property=\"og:url\" content=\"https:\/\/www.sonnenseite.com\/de\/umwelt\/klimawandel-verstaerkt-extreme-hitze-im-boden\/\" \/>\n<meta property=\"og:site_name\" content=\"Sonnenseite\" \/>\n<meta property=\"article:publisher\" content=\"https:\/\/www.facebook.com\/pages\/Franz-Alt-SONNENSEITECOM\/221072987903953?fref=ts\" \/>\n<meta property=\"article:published_time\" content=\"2023-10-10T01:24:09+00:00\" \/>\n<meta property=\"article:modified_time\" content=\"2023-10-10T06:24:53+00:00\" \/>\n<meta property=\"og:image\" content=\"https:\/\/www.sonnenseite.com\/wp-content\/uploads\/2023\/10\/UFZ_Andre-Kuenzelmann-Boden.jpg\" \/>\n\t<meta property=\"og:image:width\" content=\"770\" \/>\n\t<meta property=\"og:image:height\" content=\"420\" \/>\n\t<meta property=\"og:image:type\" content=\"image\/jpeg\" \/>\n<meta name=\"author\" content=\"Bigi Alt\" \/>\n<meta name=\"twitter:card\" content=\"summary_large_image\" \/>\n<meta name=\"twitter:creator\" content=\"@franzalt\" \/>\n<meta name=\"twitter:site\" content=\"@franzalt\" \/>\n<meta name=\"twitter:label1\" content=\"Verfasst von\" \/>\n\t<meta name=\"twitter:data1\" content=\"Bigi Alt\" \/>\n\t<meta name=\"twitter:label2\" content=\"Gesch\u00e4tzte Lesezeit\" \/>\n\t<meta name=\"twitter:data2\" content=\"4\u00a0Minuten\" \/>\n<script type=\"application\/ld+json\" class=\"yoast-schema-graph\">{\"@context\":\"https:\/\/schema.org\",\"@graph\":[{\"@type\":\"Article\",\"@id\":\"https:\/\/www.sonnenseite.com\/de\/umwelt\/klimawandel-verstaerkt-extreme-hitze-im-boden\/#article\",\"isPartOf\":{\"@id\":\"https:\/\/www.sonnenseite.com\/de\/umwelt\/klimawandel-verstaerkt-extreme-hitze-im-boden\/\"},\"author\":{\"name\":\"Bigi Alt\",\"@id\":\"https:\/\/www.sonnenseite.com\/de\/#\/schema\/person\/50fda0e926597684c7cc6695238a4eb9\"},\"headline\":\"Klimawandel verst\u00e4rkt extreme Hitze im Boden\",\"datePublished\":\"2023-10-10T01:24:09+00:00\",\"dateModified\":\"2023-10-10T06:24:53+00:00\",\"mainEntityOfPage\":{\"@id\":\"https:\/\/www.sonnenseite.com\/de\/umwelt\/klimawandel-verstaerkt-extreme-hitze-im-boden\/\"},\"wordCount\":802,\"publisher\":{\"@id\":\"https:\/\/www.sonnenseite.com\/de\/#organization\"},\"image\":{\"@id\":\"https:\/\/www.sonnenseite.com\/de\/umwelt\/klimawandel-verstaerkt-extreme-hitze-im-boden\/#primaryimage\"},\"thumbnailUrl\":\"https:\/\/www.sonnenseite.com\/wp-content\/uploads\/2023\/10\/UFZ_Andre-Kuenzelmann-Boden.jpg\",\"articleSection\":[\"Umwelt\"],\"inLanguage\":\"de\"},{\"@type\":\"WebPage\",\"@id\":\"https:\/\/www.sonnenseite.com\/de\/umwelt\/klimawandel-verstaerkt-extreme-hitze-im-boden\/\",\"url\":\"https:\/\/www.sonnenseite.com\/de\/umwelt\/klimawandel-verstaerkt-extreme-hitze-im-boden\/\",\"name\":\"Klimawandel verst\u00e4rkt extreme Hitze im Boden - Sonnenseite - \u00d6kologische Kommunikation mit Franz Alt\",\"isPartOf\":{\"@id\":\"https:\/\/www.sonnenseite.com\/de\/#website\"},\"primaryImageOfPage\":{\"@id\":\"https:\/\/www.sonnenseite.com\/de\/umwelt\/klimawandel-verstaerkt-extreme-hitze-im-boden\/#primaryimage\"},\"image\":{\"@id\":\"https:\/\/www.sonnenseite.com\/de\/umwelt\/klimawandel-verstaerkt-extreme-hitze-im-boden\/#primaryimage\"},\"thumbnailUrl\":\"https:\/\/www.sonnenseite.com\/wp-content\/uploads\/2023\/10\/UFZ_Andre-Kuenzelmann-Boden.jpg\",\"datePublished\":\"2023-10-10T01:24:09+00:00\",\"dateModified\":\"2023-10-10T06:24:53+00:00\",\"description\":\"Die Temperaturen im Boden steigen schneller als in der Luft. Bodentemperaturen wurden lange Zeit wenig beachtet, weil im Unterschied zu den\",\"breadcrumb\":{\"@id\":\"https:\/\/www.sonnenseite.com\/de\/umwelt\/klimawandel-verstaerkt-extreme-hitze-im-boden\/#breadcrumb\"},\"inLanguage\":\"de\",\"potentialAction\":[{\"@type\":\"ReadAction\",\"target\":[\"https:\/\/www.sonnenseite.com\/de\/umwelt\/klimawandel-verstaerkt-extreme-hitze-im-boden\/\"]}]},{\"@type\":\"ImageObject\",\"inLanguage\":\"de\",\"@id\":\"https:\/\/www.sonnenseite.com\/de\/umwelt\/klimawandel-verstaerkt-extreme-hitze-im-boden\/#primaryimage\",\"url\":\"https:\/\/www.sonnenseite.com\/wp-content\/uploads\/2023\/10\/UFZ_Andre-Kuenzelmann-Boden.jpg\",\"contentUrl\":\"https:\/\/www.sonnenseite.com\/wp-content\/uploads\/2023\/10\/UFZ_Andre-Kuenzelmann-Boden.jpg\",\"width\":770,\"height\":420,\"caption\":\"UFZ | Andr\u00e9 K\u00fcnzelmann | Hitzeextreme im Boden werden untersch\u00e4tzt\"},{\"@type\":\"BreadcrumbList\",\"@id\":\"https:\/\/www.sonnenseite.com\/de\/umwelt\/klimawandel-verstaerkt-extreme-hitze-im-boden\/#breadcrumb\",\"itemListElement\":[{\"@type\":\"ListItem\",\"position\":1,\"name\":\"Startseite\",\"item\":\"https:\/\/www.sonnenseite.com\/de\/\"},{\"@type\":\"ListItem\",\"position\":2,\"name\":\"Klimawandel verst\u00e4rkt extreme Hitze im Boden\"}]},{\"@type\":\"WebSite\",\"@id\":\"https:\/\/www.sonnenseite.com\/de\/#website\",\"url\":\"https:\/\/www.sonnenseite.com\/de\/\",\"name\":\"Sonnenseite\",\"description\":\"\u00d6kologische Kommunikation mit Franz Alt\",\"publisher\":{\"@id\":\"https:\/\/www.sonnenseite.com\/de\/#organization\"},\"potentialAction\":[{\"@type\":\"SearchAction\",\"target\":{\"@type\":\"EntryPoint\",\"urlTemplate\":\"https:\/\/www.sonnenseite.com\/de\/?s={search_term_string}\"},\"query-input\":{\"@type\":\"PropertyValueSpecification\",\"valueRequired\":true,\"valueName\":\"search_term_string\"}}],\"inLanguage\":\"de\"},{\"@type\":\"Organization\",\"@id\":\"https:\/\/www.sonnenseite.com\/de\/#organization\",\"name\":\"Sonnenseite\",\"url\":\"https:\/\/www.sonnenseite.com\/de\/\",\"logo\":{\"@type\":\"ImageObject\",\"inLanguage\":\"de\",\"@id\":\"https:\/\/www.sonnenseite.com\/de\/#\/schema\/logo\/image\/\",\"url\":\"https:\/\/www.sonnenseite.com\/wp-content\/uploads\/2020\/05\/Sonnenseite_Logo.png\",\"contentUrl\":\"https:\/\/www.sonnenseite.com\/wp-content\/uploads\/2020\/05\/Sonnenseite_Logo.png\",\"width\":377,\"height\":90,\"caption\":\"Sonnenseite\"},\"image\":{\"@id\":\"https:\/\/www.sonnenseite.com\/de\/#\/schema\/logo\/image\/\"},\"sameAs\":[\"https:\/\/www.facebook.com\/pages\/Franz-Alt-SONNENSEITECOM\/221072987903953?fref=ts\",\"https:\/\/x.com\/franzalt\",\"http:\/\/www.youtube.com\/results?search_query&amp;amp;quot;franz_alt&amp;amp;quot;&amp;amp;amp;amp;search_type&amp;amp;amp;amp;aq=f\"]},{\"@type\":\"Person\",\"@id\":\"https:\/\/www.sonnenseite.com\/de\/#\/schema\/person\/50fda0e926597684c7cc6695238a4eb9\",\"name\":\"Bigi Alt\"}]}<\/script>\n<!-- \/ Yoast SEO plugin. -->","yoast_head_json":{"title":"Klimawandel verst\u00e4rkt extreme Hitze im Boden - Sonnenseite - \u00d6kologische Kommunikation mit Franz Alt","description":"Die Temperaturen im Boden steigen schneller als in der Luft. Bodentemperaturen wurden lange Zeit wenig beachtet, weil im Unterschied zu den","robots":{"index":"index","follow":"follow","max-snippet":"max-snippet:-1","max-image-preview":"max-image-preview:large","max-video-preview":"max-video-preview:-1"},"canonical":"https:\/\/www.sonnenseite.com\/de\/umwelt\/klimawandel-verstaerkt-extreme-hitze-im-boden\/","og_locale":"de_DE","og_type":"article","og_title":"Klimawandel verst\u00e4rkt extreme Hitze im Boden - Sonnenseite - \u00d6kologische Kommunikation mit Franz Alt","og_description":"Die Temperaturen im Boden steigen schneller als in der Luft. Bodentemperaturen wurden lange Zeit wenig beachtet, weil im Unterschied zu den","og_url":"https:\/\/www.sonnenseite.com\/de\/umwelt\/klimawandel-verstaerkt-extreme-hitze-im-boden\/","og_site_name":"Sonnenseite","article_publisher":"https:\/\/www.facebook.com\/pages\/Franz-Alt-SONNENSEITECOM\/221072987903953?fref=ts","article_published_time":"2023-10-10T01:24:09+00:00","article_modified_time":"2023-10-10T06:24:53+00:00","og_image":[{"width":770,"height":420,"url":"https:\/\/www.sonnenseite.com\/wp-content\/uploads\/2023\/10\/UFZ_Andre-Kuenzelmann-Boden.jpg","type":"image\/jpeg"}],"author":"Bigi Alt","twitter_card":"summary_large_image","twitter_creator":"@franzalt","twitter_site":"@franzalt","twitter_misc":{"Verfasst von":"Bigi Alt","Gesch\u00e4tzte Lesezeit":"4\u00a0Minuten"},"schema":{"@context":"https:\/\/schema.org","@graph":[{"@type":"Article","@id":"https:\/\/www.sonnenseite.com\/de\/umwelt\/klimawandel-verstaerkt-extreme-hitze-im-boden\/#article","isPartOf":{"@id":"https:\/\/www.sonnenseite.com\/de\/umwelt\/klimawandel-verstaerkt-extreme-hitze-im-boden\/"},"author":{"name":"Bigi Alt","@id":"https:\/\/www.sonnenseite.com\/de\/#\/schema\/person\/50fda0e926597684c7cc6695238a4eb9"},"headline":"Klimawandel verst\u00e4rkt extreme Hitze im Boden","datePublished":"2023-10-10T01:24:09+00:00","dateModified":"2023-10-10T06:24:53+00:00","mainEntityOfPage":{"@id":"https:\/\/www.sonnenseite.com\/de\/umwelt\/klimawandel-verstaerkt-extreme-hitze-im-boden\/"},"wordCount":802,"publisher":{"@id":"https:\/\/www.sonnenseite.com\/de\/#organization"},"image":{"@id":"https:\/\/www.sonnenseite.com\/de\/umwelt\/klimawandel-verstaerkt-extreme-hitze-im-boden\/#primaryimage"},"thumbnailUrl":"https:\/\/www.sonnenseite.com\/wp-content\/uploads\/2023\/10\/UFZ_Andre-Kuenzelmann-Boden.jpg","articleSection":["Umwelt"],"inLanguage":"de"},{"@type":"WebPage","@id":"https:\/\/www.sonnenseite.com\/de\/umwelt\/klimawandel-verstaerkt-extreme-hitze-im-boden\/","url":"https:\/\/www.sonnenseite.com\/de\/umwelt\/klimawandel-verstaerkt-extreme-hitze-im-boden\/","name":"Klimawandel verst\u00e4rkt extreme Hitze im Boden - Sonnenseite - \u00d6kologische Kommunikation mit Franz Alt","isPartOf":{"@id":"https:\/\/www.sonnenseite.com\/de\/#website"},"primaryImageOfPage":{"@id":"https:\/\/www.sonnenseite.com\/de\/umwelt\/klimawandel-verstaerkt-extreme-hitze-im-boden\/#primaryimage"},"image":{"@id":"https:\/\/www.sonnenseite.com\/de\/umwelt\/klimawandel-verstaerkt-extreme-hitze-im-boden\/#primaryimage"},"thumbnailUrl":"https:\/\/www.sonnenseite.com\/wp-content\/uploads\/2023\/10\/UFZ_Andre-Kuenzelmann-Boden.jpg","datePublished":"2023-10-10T01:24:09+00:00","dateModified":"2023-10-10T06:24:53+00:00","description":"Die Temperaturen im Boden steigen schneller als in der Luft. Bodentemperaturen wurden lange Zeit wenig beachtet, weil im Unterschied zu den","breadcrumb":{"@id":"https:\/\/www.sonnenseite.com\/de\/umwelt\/klimawandel-verstaerkt-extreme-hitze-im-boden\/#breadcrumb"},"inLanguage":"de","potentialAction":[{"@type":"ReadAction","target":["https:\/\/www.sonnenseite.com\/de\/umwelt\/klimawandel-verstaerkt-extreme-hitze-im-boden\/"]}]},{"@type":"ImageObject","inLanguage":"de","@id":"https:\/\/www.sonnenseite.com\/de\/umwelt\/klimawandel-verstaerkt-extreme-hitze-im-boden\/#primaryimage","url":"https:\/\/www.sonnenseite.com\/wp-content\/uploads\/2023\/10\/UFZ_Andre-Kuenzelmann-Boden.jpg","contentUrl":"https:\/\/www.sonnenseite.com\/wp-content\/uploads\/2023\/10\/UFZ_Andre-Kuenzelmann-Boden.jpg","width":770,"height":420,"caption":"UFZ | Andr\u00e9 K\u00fcnzelmann | Hitzeextreme im Boden werden untersch\u00e4tzt"},{"@type":"BreadcrumbList","@id":"https:\/\/www.sonnenseite.com\/de\/umwelt\/klimawandel-verstaerkt-extreme-hitze-im-boden\/#breadcrumb","itemListElement":[{"@type":"ListItem","position":1,"name":"Startseite","item":"https:\/\/www.sonnenseite.com\/de\/"},{"@type":"ListItem","position":2,"name":"Klimawandel verst\u00e4rkt extreme Hitze im Boden"}]},{"@type":"WebSite","@id":"https:\/\/www.sonnenseite.com\/de\/#website","url":"https:\/\/www.sonnenseite.com\/de\/","name":"Sonnenseite","description":"\u00d6kologische Kommunikation mit Franz Alt","publisher":{"@id":"https:\/\/www.sonnenseite.com\/de\/#organization"},"potentialAction":[{"@type":"SearchAction","target":{"@type":"EntryPoint","urlTemplate":"https:\/\/www.sonnenseite.com\/de\/?s={search_term_string}"},"query-input":{"@type":"PropertyValueSpecification","valueRequired":true,"valueName":"search_term_string"}}],"inLanguage":"de"},{"@type":"Organization","@id":"https:\/\/www.sonnenseite.com\/de\/#organization","name":"Sonnenseite","url":"https:\/\/www.sonnenseite.com\/de\/","logo":{"@type":"ImageObject","inLanguage":"de","@id":"https:\/\/www.sonnenseite.com\/de\/#\/schema\/logo\/image\/","url":"https:\/\/www.sonnenseite.com\/wp-content\/uploads\/2020\/05\/Sonnenseite_Logo.png","contentUrl":"https:\/\/www.sonnenseite.com\/wp-content\/uploads\/2020\/05\/Sonnenseite_Logo.png","width":377,"height":90,"caption":"Sonnenseite"},"image":{"@id":"https:\/\/www.sonnenseite.com\/de\/#\/schema\/logo\/image\/"},"sameAs":["https:\/\/www.facebook.com\/pages\/Franz-Alt-SONNENSEITECOM\/221072987903953?fref=ts","https:\/\/x.com\/franzalt","http:\/\/www.youtube.com\/results?search_query&amp;amp;quot;franz_alt&amp;amp;quot;&amp;amp;amp;amp;search_type&amp;amp;amp;amp;aq=f"]},{"@type":"Person","@id":"https:\/\/www.sonnenseite.com\/de\/#\/schema\/person\/50fda0e926597684c7cc6695238a4eb9","name":"Bigi Alt"}]}},"_links":{"self":[{"href":"https:\/\/www.sonnenseite.com\/de\/wp-json\/wp\/v2\/posts\/94586","targetHints":{"allow":["GET"]}}],"collection":[{"href":"https:\/\/www.sonnenseite.com\/de\/wp-json\/wp\/v2\/posts"}],"about":[{"href":"https:\/\/www.sonnenseite.com\/de\/wp-json\/wp\/v2\/types\/post"}],"author":[{"embeddable":true,"href":"https:\/\/www.sonnenseite.com\/de\/wp-json\/wp\/v2\/users\/3"}],"replies":[{"embeddable":true,"href":"https:\/\/www.sonnenseite.com\/de\/wp-json\/wp\/v2\/comments?post=94586"}],"version-history":[{"count":2,"href":"https:\/\/www.sonnenseite.com\/de\/wp-json\/wp\/v2\/posts\/94586\/revisions"}],"predecessor-version":[{"id":94590,"href":"https:\/\/www.sonnenseite.com\/de\/wp-json\/wp\/v2\/posts\/94586\/revisions\/94590"}],"wp:featuredmedia":[{"embeddable":true,"href":"https:\/\/www.sonnenseite.com\/de\/wp-json\/wp\/v2\/media\/94588"}],"wp:attachment":[{"href":"https:\/\/www.sonnenseite.com\/de\/wp-json\/wp\/v2\/media?parent=94586"}],"wp:term":[{"taxonomy":"category","embeddable":true,"href":"https:\/\/www.sonnenseite.com\/de\/wp-json\/wp\/v2\/categories?post=94586"},{"taxonomy":"post_tag","embeddable":true,"href":"https:\/\/www.sonnenseite.com\/de\/wp-json\/wp\/v2\/tags?post=94586"}],"curies":[{"name":"wp","href":"https:\/\/api.w.org\/{rel}","templated":true}]}}