{"id":94593,"date":"2023-10-10T08:38:10","date_gmt":"2023-10-10T06:38:10","guid":{"rendered":"https:\/\/www.sonnenseite.com\/?p=94593"},"modified":"2023-10-10T08:38:11","modified_gmt":"2023-10-10T06:38:11","slug":"aermere-menschen-haben-weniger-moeglichkeiten-ihre-mobilitaet-an-hitze-anzupassen","status":"publish","type":"post","link":"https:\/\/www.sonnenseite.com\/de\/mobilitaet\/aermere-menschen-haben-weniger-moeglichkeiten-ihre-mobilitaet-an-hitze-anzupassen\/","title":{"rendered":"\u00c4rmere Menschen haben weniger M\u00f6glichkeiten, ihre Mobilit\u00e4t an Hitze anzupassen"},"content":{"rendered":"\n<p>Extreme Hitze versch\u00e4rft soziale Ungleichheiten mit Hinblick auf die Nutzung der U-Bahn und Mobilit\u00e4t in Gro\u00dfst\u00e4dten. <\/p>\n\n\n\n<p>Das zeigt eine neue Studie von Forscherinnen des Potsdam-Instituts f\u00fcr Klimafolgenforschung (PIK). Die Analyse von Temperaturauswirkungen auf die U-Bahn Nutzung der Menschen in New York City stellt fest, dass es vor allem in einkommensschwachen Gegenden weniger Kapazit\u00e4t gibt, Hitze durch ein ver\u00e4ndertes Mobilit\u00e4tsverhaltens zu vermeiden. Dies kann zu zus\u00e4tzlichem Hitzestress f\u00fchren und Gesundheitsrisiken erh\u00f6hen.<\/p>\n\n\n\n<p>&#8222;Wir haben herausgefunden, dass in weniger privilegierten Gegenden von New York City &#8211; anders als in anderen Teilen der Stadt &#8211; die U-Bahn bei hei\u00dfem Wetter weiterhin viel genutzt wird. Das bedeutet, dass in Nachbarschaften, in denen Menschen mit geringerem Einkommen, kleineren Wohnungen, kaum Krankenversicherungen und weniger Klimaanlagen leben, auch an hei\u00dfen Tagen die U-Bahn Nutzung nicht vermieden wird&#8220;, betont Annika Stechemesser, Forscherin am PIK und Hauptautorin der Studie. &#8222;Dies gilt sogar f\u00fcr die Wochenenden, an denen Menschen \u00fcberwiegend mehr Entscheidungsfreiheit haben als an Arbeitstagen. Es sind also vor allem Menschen, die bereits ein h\u00f6heres Hitzerisiko tragen, die offenbar die wenigsten M\u00f6glichkeiten haben, ihre Mobilit\u00e4t anzupassen, um Hitze zu vermeiden.&#8220;<\/p>\n\n\n\n<p>Extreme Hitzeperioden sind in den letzten Jahrzehnten h\u00e4ufiger geworden und werden aufgrund des menschengemachten Klimawandels voraussichtlich weiter zunehmen. Dies wirkt sich vor allem in dicht besiedelten St\u00e4dten negativ aus. Die U-Bahn-Stationen in New York haben bereits ein ernsthaftes Hitzeproblem: Dort herrschen h\u00e4ufig bis zu 6\u00b0C h\u00f6here Temperaturen als an der Oberfl\u00e4che. H\u00e4ufige Versp\u00e4tungen im U-Bahn-System k\u00f6nnen zu langen Wartezeiten in \u00fcberhitzten und \u00fcberf\u00fcllten Stationen f\u00fchren.<\/p>\n\n\n\n<p>Daten von 438 U-Bahn-Stationen in New York zeigen: Menschen, die bereits h\u00f6herem Hitzerisiko ausgesetzt sind, haben am wenigsten M\u00f6glichkeiten, sich anzupassen<\/p>\n\n\n\n<p>T\u00e4glicher Hitzestress wird nicht nur dadurch bestimmt, wie stark man der Hitze ausgesetzt ist, sondern auch durch die F\u00e4higkeit, Hitze zu vermeiden. Konkret kann dies beispielsweise bedeuten, die U-Bahn weniger zu nutzen. Die M\u00f6glichkeit, das eigene Mobilit\u00e4tsverhaltens an hohe Temperaturen anzupassen ist jedoch ein Privileg, das oft mit anderen Privilegien wie einer guten Krankenversicherung einhergeht, betonen die Forscherinnen.<\/p>\n\n\n\n<p>F\u00fcr ihre Studie, die in der Fachzeitschrift The Lancet Planetary Health ver\u00f6ffentlicht wird, analysierten die Wissenschaftlerinnen mit statistischen Methoden Mobilit\u00e4tsdaten von 438 New Yorker U-Bahn Stationen in verschiedenen Stadtvierteln im Zeitraum vor der Covid19-Pandemie von 2014 bis 2019. Sie fanden heraus, dass an hei\u00dfen Tagen insgesamt weniger Menschen die U-Bahn nutzten, selbst dann, wenn man andere Faktoren wie Tourismus und Feiertage ber\u00fccksichtigt. Es wurde allerdings deutlich, dass es vor allem die reicheren, privilegierteren Viertel waren, in denen die Nutzung der U-Bahn bei Hitze zur\u00fcckging.<\/p>\n\n\n\n<p>Als m\u00f6gliche Gr\u00fcnde f\u00fcr die eingeschr\u00e4nkte Anpassungsf\u00e4higkeit in weniger privilegierten Stadtvierteln nennen die Autorinnen, dass Menschen mit geringer bezahlten Jobs seltener Homeoffice in Anspruch nehmen k\u00f6nnen. Zus\u00e4tzlich m\u00fcssen sie h\u00e4ufiger am Wochenende arbeiten oder sogar einen zweiten Job annehmen, um \u00fcber die Runden zu kommen. Dies kann zu mehr U-Bahn Nutzung f\u00fchren. Mit einem kleinen Budget zu leben verringert auch die M\u00f6glichkeit, bei Hitze die Stadt zu verlassen und in den Urlaub zu fahren. Zudem sind Menschen in hitzeexponierten, einkommensschwachen Vierteln wahrscheinlich auf die U-Bahn angewiesen, um k\u00fchlere Ecken der Stadt zu erreichen.<\/p>\n\n\n\n<p>&#8222;Nicht nur die Auswirkungen des Klimawandels sind sehr ungleich verteilt und treffen oft die \u00c4rmsten am h\u00e4rtesten. Es geht auch um die M\u00f6glichkeiten der Anpassung. Selbst innerhalb ein und derselben Stadt haben weniger privilegierte Menschen geringere M\u00f6glichkeiten sich zu sch\u00fctzen, indem sie zum Beispiel ihr Mobilit\u00e4tsverhalten anpassen. Wir m\u00fcssen diese Ungleichheiten ber\u00fccksichtigen, um zu vermeiden, dass sich Hitze- und Gesundheitsrisiken verst\u00e4rken&#8220;, sagt Leonie Wenz, Mitautorin der Studie und stellvertretende Leiterin der Forschungsabteilung &#8222;Komplexit\u00e4tsforschung&#8220; am PIK.<\/p>\n\n\n\n<ul class=\"wp-block-list\">\n<li><\/li>\n\n\n\n<li>Artikel: <a href=\"https:\/\/www.thelancet.com\/journals\/lanplh\/article\/PIIS2542-5196(23)00195-X\/fulltext\">Annika Stechemesser, Leonie Wenz (2023): Inequality in behavioural heat adaptation: an empirical study using mobility data from the New York City transport system. The Lancet Planetary Health. [DOI: 10.1016\/S2542-5196(23)00195-X]<\/a><\/li>\n<\/ul>\n\n\n<h5 class=\"green\">Quelle<\/h5>\r\n\n\n\n<p><a href=\"http:\/\/www.pik-potsdam.de\">Potsdam-Institut f\u00fcr Klimafolgenforschung (PIK) 2023<\/a><\/p>\n<div class=\"shariff shariff-align-flex-start shariff-widget-align-flex-start\"><div class=\"ShariffHeadline\">Diese Meldung teilen<\/div><ul class=\"shariff-buttons theme-round orientation-horizontal buttonsize-medium\"><li class=\"shariff-button facebook shariff-nocustomcolor\" style=\"background-color:#4273c8;border-radius:1%\"><a href=\"https:\/\/www.facebook.com\/sharer\/sharer.php?u=https%3A%2F%2Fwww.sonnenseite.com%2Fde%2Fmobilitaet%2Faermere-menschen-haben-weniger-moeglichkeiten-ihre-mobilitaet-an-hitze-anzupassen%2F\" title=\"Bei Facebook teilen\" aria-label=\"Bei Facebook teilen\" role=\"button\" rel=\"nofollow\" class=\"shariff-link\" style=\";border-radius:1%; background-color:#3b5998; color:#fff\" target=\"_blank\"><span class=\"shariff-icon\" style=\"\"><svg width=\"32px\" height=\"20px\" xmlns=\"http:\/\/www.w3.org\/2000\/svg\" viewBox=\"0 0 18 32\"><path fill=\"#3b5998\" d=\"M17.1 0.2v4.7h-2.8q-1.5 0-2.1 0.6t-0.5 1.9v3.4h5.2l-0.7 5.3h-4.5v13.6h-5.5v-13.6h-4.5v-5.3h4.5v-3.9q0-3.3 1.9-5.2t5-1.8q2.6 0 4.1 0.2z\"\/><\/svg><\/span><\/a><\/li><li class=\"shariff-button twitter shariff-nocustomcolor\" style=\"background-color:#595959;border-radius:1%\"><a href=\"https:\/\/twitter.com\/share?url=https%3A%2F%2Fwww.sonnenseite.com%2Fde%2Fmobilitaet%2Faermere-menschen-haben-weniger-moeglichkeiten-ihre-mobilitaet-an-hitze-anzupassen%2F&text=%C3%84rmere%20Menschen%20haben%20weniger%20M%C3%B6glichkeiten%2C%20ihre%20Mobilit%C3%A4t%20an%20Hitze%20anzupassen\" title=\"Bei X teilen\" aria-label=\"Bei X teilen\" role=\"button\" rel=\"noopener nofollow\" class=\"shariff-link\" style=\";border-radius:1%; background-color:#000; color:#fff\" target=\"_blank\"><span class=\"shariff-icon\" style=\"\"><svg width=\"32px\" height=\"20px\" xmlns=\"http:\/\/www.w3.org\/2000\/svg\" viewBox=\"0 0 24 24\"><path fill=\"#000\" d=\"M14.258 10.152L23.176 0h-2.113l-7.747 8.813L7.133 0H0l9.352 13.328L0 23.973h2.113l8.176-9.309 6.531 9.309h7.133zm-2.895 3.293l-.949-1.328L2.875 1.56h3.246l6.086 8.523.945 1.328 7.91 11.078h-3.246zm0 0\"\/><\/svg><\/span><\/a><\/li><li class=\"shariff-button xing shariff-nocustomcolor\" style=\"background-color:#29888a;border-radius:1%\"><a href=\"https:\/\/www.xing.com\/spi\/shares\/new?url=https%3A%2F%2Fwww.sonnenseite.com%2Fde%2Fmobilitaet%2Faermere-menschen-haben-weniger-moeglichkeiten-ihre-mobilitaet-an-hitze-anzupassen%2F\" title=\"Bei XING teilen\" aria-label=\"Bei XING teilen\" role=\"button\" rel=\"noopener nofollow\" class=\"shariff-link\" style=\";border-radius:1%; background-color:#126567; color:#fff\" target=\"_blank\"><span class=\"shariff-icon\" style=\"\"><svg width=\"32px\" height=\"20px\" xmlns=\"http:\/\/www.w3.org\/2000\/svg\" viewBox=\"0 0 25 32\"><path fill=\"#126567\" d=\"M10.7 11.9q-0.2 0.3-4.6 8.2-0.5 0.8-1.2 0.8h-4.3q-0.4 0-0.5-0.3t0-0.6l4.5-8q0 0 0 0l-2.9-5q-0.2-0.4 0-0.7 0.2-0.3 0.5-0.3h4.3q0.7 0 1.2 0.8zM25.1 0.4q0.2 0.3 0 0.7l-9.4 16.7 6 11q0.2 0.4 0 0.6-0.2 0.3-0.6 0.3h-4.3q-0.7 0-1.2-0.8l-6-11.1q0.3-0.6 9.5-16.8 0.4-0.8 1.2-0.8h4.3q0.4 0 0.5 0.3z\"\/><\/svg><\/span><\/a><\/li><li class=\"shariff-button linkedin shariff-nocustomcolor\" style=\"background-color:#1488bf;border-radius:1%\"><a href=\"https:\/\/www.linkedin.com\/sharing\/share-offsite\/?url=https%3A%2F%2Fwww.sonnenseite.com%2Fde%2Fmobilitaet%2Faermere-menschen-haben-weniger-moeglichkeiten-ihre-mobilitaet-an-hitze-anzupassen%2F\" title=\"Bei LinkedIn teilen\" aria-label=\"Bei LinkedIn teilen\" role=\"button\" rel=\"noopener nofollow\" class=\"shariff-link\" style=\";border-radius:1%; background-color:#0077b5; color:#fff\" target=\"_blank\"><span class=\"shariff-icon\" style=\"\"><svg width=\"32px\" height=\"20px\" xmlns=\"http:\/\/www.w3.org\/2000\/svg\" viewBox=\"0 0 27 32\"><path fill=\"#0077b5\" d=\"M6.2 11.2v17.7h-5.9v-17.7h5.9zM6.6 5.7q0 1.3-0.9 2.2t-2.4 0.9h0q-1.5 0-2.4-0.9t-0.9-2.2 0.9-2.2 2.4-0.9 2.4 0.9 0.9 2.2zM27.4 18.7v10.1h-5.9v-9.5q0-1.9-0.7-2.9t-2.3-1.1q-1.1 0-1.9 0.6t-1.2 1.5q-0.2 0.5-0.2 1.4v9.9h-5.9q0-7.1 0-11.6t0-5.3l0-0.9h5.9v2.6h0q0.4-0.6 0.7-1t1-0.9 1.6-0.8 2-0.3q3 0 4.9 2t1.9 6z\"\/><\/svg><\/span><\/a><\/li><li class=\"shariff-button printer shariff-nocustomcolor\" style=\"background-color:#a8a8a8;border-radius:1%\"><a href=\"javascript:window.print()\" title=\"drucken\" aria-label=\"drucken\" role=\"button\" rel=\"noopener nofollow\" class=\"shariff-link\" style=\";border-radius:1%; background-color:#999; color:#fff\"><span class=\"shariff-icon\" style=\"\"><svg width=\"32px\" height=\"20px\" xmlns=\"http:\/\/www.w3.org\/2000\/svg\" viewBox=\"0 0 30 32\"><path fill=\"#999\" d=\"M6.8 27.4h16v-4.6h-16v4.6zM6.8 16h16v-6.8h-2.8q-0.7 0-1.2-0.5t-0.5-1.2v-2.8h-11.4v11.4zM27.4 17.2q0-0.5-0.3-0.8t-0.8-0.4-0.8 0.4-0.3 0.8 0.3 0.8 0.8 0.3 0.8-0.3 0.3-0.8zM29.7 17.2v7.4q0 0.2-0.2 0.4t-0.4 0.2h-4v2.8q0 0.7-0.5 1.2t-1.2 0.5h-17.2q-0.7 0-1.2-0.5t-0.5-1.2v-2.8h-4q-0.2 0-0.4-0.2t-0.2-0.4v-7.4q0-1.4 1-2.4t2.4-1h1.2v-9.7q0-0.7 0.5-1.2t1.2-0.5h12q0.7 0 1.6 0.4t1.3 0.8l2.7 2.7q0.5 0.5 0.9 1.4t0.4 1.6v4.6h1.1q1.4 0 2.4 1t1 2.4z\"\/><\/svg><\/span><\/a><\/li><li class=\"shariff-button mailto shariff-nocustomcolor\" style=\"background-color:#a8a8a8;border-radius:1%\"><a href=\"mailto:?body=https%3A%2F%2Fwww.sonnenseite.com%2Fde%2Fmobilitaet%2Faermere-menschen-haben-weniger-moeglichkeiten-ihre-mobilitaet-an-hitze-anzupassen%2F&subject=%C3%84rmere%20Menschen%20haben%20weniger%20M%C3%B6glichkeiten%2C%20ihre%20Mobilit%C3%A4t%20an%20Hitze%20anzupassen\" title=\"Per E-Mail versenden\" aria-label=\"Per E-Mail versenden\" role=\"button\" rel=\"noopener nofollow\" class=\"shariff-link\" style=\";border-radius:1%; background-color:#999; color:#fff\"><span class=\"shariff-icon\" style=\"\"><svg width=\"32px\" height=\"20px\" xmlns=\"http:\/\/www.w3.org\/2000\/svg\" viewBox=\"0 0 32 32\"><path fill=\"#999\" d=\"M32 12.7v14.2q0 1.2-0.8 2t-2 0.9h-26.3q-1.2 0-2-0.9t-0.8-2v-14.2q0.8 0.9 1.8 1.6 6.5 4.4 8.9 6.1 1 0.8 1.6 1.2t1.7 0.9 2 0.4h0.1q0.9 0 2-0.4t1.7-0.9 1.6-1.2q3-2.2 8.9-6.1 1-0.7 1.8-1.6zM32 7.4q0 1.4-0.9 2.7t-2.2 2.2q-6.7 4.7-8.4 5.8-0.2 0.1-0.7 0.5t-1 0.7-0.9 0.6-1.1 0.5-0.9 0.2h-0.1q-0.4 0-0.9-0.2t-1.1-0.5-0.9-0.6-1-0.7-0.7-0.5q-1.6-1.1-4.7-3.2t-3.6-2.6q-1.1-0.7-2.1-2t-1-2.5q0-1.4 0.7-2.3t2.1-0.9h26.3q1.2 0 2 0.8t0.9 2z\"\/><\/svg><\/span><\/a><\/li><\/ul><\/div>","protected":false},"excerpt":{"rendered":"<p>Extreme Hitze versch\u00e4rft soziale Ungleichheiten mit Hinblick auf die Nutzung der U-Bahn und Mobilit\u00e4t in Gro\u00dfst\u00e4dten. [&hellip;]<\/p>\n","protected":false},"author":3,"featured_media":94596,"comment_status":"closed","ping_status":"closed","sticky":false,"template":"","format":"standard","meta":{"inline_featured_image":false,"footnotes":""},"categories":[25],"tags":[],"class_list":["post-94593","post","type-post","status-publish","format-standard","has-post-thumbnail","hentry","category-mobilitaet"],"yoast_head":"<!-- This site is optimized with the Yoast SEO plugin v26.5 - https:\/\/yoast.com\/wordpress\/plugins\/seo\/ -->\n<title>\u00c4rmere Menschen haben weniger M\u00f6glichkeiten, ihre Mobilit\u00e4t an Hitze anzupassen - Sonnenseite - \u00d6kologische Kommunikation mit Franz Alt<\/title>\n<meta name=\"description\" content=\"Extreme Hitze versch\u00e4rft soziale Ungleichheiten mit Hinblick auf die Nutzung der U-Bahn und Mobilit\u00e4t in Gro\u00dfst\u00e4dten. Das zeigt eine neue Studie von\" \/>\n<meta name=\"robots\" content=\"index, follow, max-snippet:-1, max-image-preview:large, max-video-preview:-1\" \/>\n<link rel=\"canonical\" href=\"https:\/\/www.sonnenseite.com\/de\/mobilitaet\/aermere-menschen-haben-weniger-moeglichkeiten-ihre-mobilitaet-an-hitze-anzupassen\/\" \/>\n<meta property=\"og:locale\" content=\"de_DE\" \/>\n<meta property=\"og:type\" content=\"article\" \/>\n<meta property=\"og:title\" content=\"\u00c4rmere Menschen haben weniger M\u00f6glichkeiten, ihre Mobilit\u00e4t an Hitze anzupassen - Sonnenseite - \u00d6kologische Kommunikation mit Franz Alt\" \/>\n<meta property=\"og:description\" content=\"Extreme Hitze versch\u00e4rft soziale Ungleichheiten mit Hinblick auf die Nutzung der U-Bahn und Mobilit\u00e4t in Gro\u00dfst\u00e4dten. Das zeigt eine neue Studie von\" \/>\n<meta property=\"og:url\" content=\"https:\/\/www.sonnenseite.com\/de\/mobilitaet\/aermere-menschen-haben-weniger-moeglichkeiten-ihre-mobilitaet-an-hitze-anzupassen\/\" \/>\n<meta property=\"og:site_name\" content=\"Sonnenseite\" \/>\n<meta property=\"article:publisher\" content=\"https:\/\/www.facebook.com\/pages\/Franz-Alt-SONNENSEITECOM\/221072987903953?fref=ts\" \/>\n<meta property=\"article:published_time\" content=\"2023-10-10T06:38:10+00:00\" \/>\n<meta property=\"article:modified_time\" content=\"2023-10-10T06:38:11+00:00\" \/>\n<meta property=\"og:image\" content=\"https:\/\/www.sonnenseite.com\/wp-content\/uploads\/2023\/10\/U-Bahn_MichaelaGaida.jpg\" \/>\n\t<meta property=\"og:image:width\" content=\"770\" \/>\n\t<meta property=\"og:image:height\" content=\"420\" \/>\n\t<meta property=\"og:image:type\" content=\"image\/jpeg\" \/>\n<meta name=\"author\" content=\"Bigi Alt\" \/>\n<meta name=\"twitter:card\" content=\"summary_large_image\" \/>\n<meta name=\"twitter:creator\" content=\"@franzalt\" \/>\n<meta name=\"twitter:site\" content=\"@franzalt\" \/>\n<meta name=\"twitter:label1\" content=\"Verfasst von\" \/>\n\t<meta name=\"twitter:data1\" content=\"Bigi Alt\" \/>\n\t<meta name=\"twitter:label2\" content=\"Gesch\u00e4tzte Lesezeit\" \/>\n\t<meta name=\"twitter:data2\" content=\"4\u00a0Minuten\" \/>\n<script type=\"application\/ld+json\" class=\"yoast-schema-graph\">{\"@context\":\"https:\/\/schema.org\",\"@graph\":[{\"@type\":\"Article\",\"@id\":\"https:\/\/www.sonnenseite.com\/de\/mobilitaet\/aermere-menschen-haben-weniger-moeglichkeiten-ihre-mobilitaet-an-hitze-anzupassen\/#article\",\"isPartOf\":{\"@id\":\"https:\/\/www.sonnenseite.com\/de\/mobilitaet\/aermere-menschen-haben-weniger-moeglichkeiten-ihre-mobilitaet-an-hitze-anzupassen\/\"},\"author\":{\"name\":\"Bigi Alt\",\"@id\":\"https:\/\/www.sonnenseite.com\/de\/#\/schema\/person\/50fda0e926597684c7cc6695238a4eb9\"},\"headline\":\"\u00c4rmere Menschen haben weniger M\u00f6glichkeiten, ihre Mobilit\u00e4t an Hitze anzupassen\",\"datePublished\":\"2023-10-10T06:38:10+00:00\",\"dateModified\":\"2023-10-10T06:38:11+00:00\",\"mainEntityOfPage\":{\"@id\":\"https:\/\/www.sonnenseite.com\/de\/mobilitaet\/aermere-menschen-haben-weniger-moeglichkeiten-ihre-mobilitaet-an-hitze-anzupassen\/\"},\"wordCount\":681,\"publisher\":{\"@id\":\"https:\/\/www.sonnenseite.com\/de\/#organization\"},\"image\":{\"@id\":\"https:\/\/www.sonnenseite.com\/de\/mobilitaet\/aermere-menschen-haben-weniger-moeglichkeiten-ihre-mobilitaet-an-hitze-anzupassen\/#primaryimage\"},\"thumbnailUrl\":\"https:\/\/www.sonnenseite.com\/wp-content\/uploads\/2023\/10\/U-Bahn_MichaelaGaida.jpg\",\"articleSection\":[\"Mobilit\u00e4t\"],\"inLanguage\":\"de\"},{\"@type\":\"WebPage\",\"@id\":\"https:\/\/www.sonnenseite.com\/de\/mobilitaet\/aermere-menschen-haben-weniger-moeglichkeiten-ihre-mobilitaet-an-hitze-anzupassen\/\",\"url\":\"https:\/\/www.sonnenseite.com\/de\/mobilitaet\/aermere-menschen-haben-weniger-moeglichkeiten-ihre-mobilitaet-an-hitze-anzupassen\/\",\"name\":\"\u00c4rmere Menschen haben weniger M\u00f6glichkeiten, ihre Mobilit\u00e4t an Hitze anzupassen - Sonnenseite - \u00d6kologische Kommunikation mit Franz Alt\",\"isPartOf\":{\"@id\":\"https:\/\/www.sonnenseite.com\/de\/#website\"},\"primaryImageOfPage\":{\"@id\":\"https:\/\/www.sonnenseite.com\/de\/mobilitaet\/aermere-menschen-haben-weniger-moeglichkeiten-ihre-mobilitaet-an-hitze-anzupassen\/#primaryimage\"},\"image\":{\"@id\":\"https:\/\/www.sonnenseite.com\/de\/mobilitaet\/aermere-menschen-haben-weniger-moeglichkeiten-ihre-mobilitaet-an-hitze-anzupassen\/#primaryimage\"},\"thumbnailUrl\":\"https:\/\/www.sonnenseite.com\/wp-content\/uploads\/2023\/10\/U-Bahn_MichaelaGaida.jpg\",\"datePublished\":\"2023-10-10T06:38:10+00:00\",\"dateModified\":\"2023-10-10T06:38:11+00:00\",\"description\":\"Extreme Hitze versch\u00e4rft soziale Ungleichheiten mit Hinblick auf die Nutzung der U-Bahn und Mobilit\u00e4t in Gro\u00dfst\u00e4dten. Das zeigt eine neue Studie von\",\"breadcrumb\":{\"@id\":\"https:\/\/www.sonnenseite.com\/de\/mobilitaet\/aermere-menschen-haben-weniger-moeglichkeiten-ihre-mobilitaet-an-hitze-anzupassen\/#breadcrumb\"},\"inLanguage\":\"de\",\"potentialAction\":[{\"@type\":\"ReadAction\",\"target\":[\"https:\/\/www.sonnenseite.com\/de\/mobilitaet\/aermere-menschen-haben-weniger-moeglichkeiten-ihre-mobilitaet-an-hitze-anzupassen\/\"]}]},{\"@type\":\"ImageObject\",\"inLanguage\":\"de\",\"@id\":\"https:\/\/www.sonnenseite.com\/de\/mobilitaet\/aermere-menschen-haben-weniger-moeglichkeiten-ihre-mobilitaet-an-hitze-anzupassen\/#primaryimage\",\"url\":\"https:\/\/www.sonnenseite.com\/wp-content\/uploads\/2023\/10\/U-Bahn_MichaelaGaida.jpg\",\"contentUrl\":\"https:\/\/www.sonnenseite.com\/wp-content\/uploads\/2023\/10\/U-Bahn_MichaelaGaida.jpg\",\"width\":770,\"height\":420,\"caption\":\"pixabay.com | Michaela Gaida | U-Bahn\"},{\"@type\":\"BreadcrumbList\",\"@id\":\"https:\/\/www.sonnenseite.com\/de\/mobilitaet\/aermere-menschen-haben-weniger-moeglichkeiten-ihre-mobilitaet-an-hitze-anzupassen\/#breadcrumb\",\"itemListElement\":[{\"@type\":\"ListItem\",\"position\":1,\"name\":\"Startseite\",\"item\":\"https:\/\/www.sonnenseite.com\/de\/\"},{\"@type\":\"ListItem\",\"position\":2,\"name\":\"\u00c4rmere Menschen haben weniger M\u00f6glichkeiten, ihre Mobilit\u00e4t an Hitze anzupassen\"}]},{\"@type\":\"WebSite\",\"@id\":\"https:\/\/www.sonnenseite.com\/de\/#website\",\"url\":\"https:\/\/www.sonnenseite.com\/de\/\",\"name\":\"Sonnenseite\",\"description\":\"\u00d6kologische Kommunikation mit Franz Alt\",\"publisher\":{\"@id\":\"https:\/\/www.sonnenseite.com\/de\/#organization\"},\"potentialAction\":[{\"@type\":\"SearchAction\",\"target\":{\"@type\":\"EntryPoint\",\"urlTemplate\":\"https:\/\/www.sonnenseite.com\/de\/?s={search_term_string}\"},\"query-input\":{\"@type\":\"PropertyValueSpecification\",\"valueRequired\":true,\"valueName\":\"search_term_string\"}}],\"inLanguage\":\"de\"},{\"@type\":\"Organization\",\"@id\":\"https:\/\/www.sonnenseite.com\/de\/#organization\",\"name\":\"Sonnenseite\",\"url\":\"https:\/\/www.sonnenseite.com\/de\/\",\"logo\":{\"@type\":\"ImageObject\",\"inLanguage\":\"de\",\"@id\":\"https:\/\/www.sonnenseite.com\/de\/#\/schema\/logo\/image\/\",\"url\":\"https:\/\/www.sonnenseite.com\/wp-content\/uploads\/2020\/05\/Sonnenseite_Logo.png\",\"contentUrl\":\"https:\/\/www.sonnenseite.com\/wp-content\/uploads\/2020\/05\/Sonnenseite_Logo.png\",\"width\":377,\"height\":90,\"caption\":\"Sonnenseite\"},\"image\":{\"@id\":\"https:\/\/www.sonnenseite.com\/de\/#\/schema\/logo\/image\/\"},\"sameAs\":[\"https:\/\/www.facebook.com\/pages\/Franz-Alt-SONNENSEITECOM\/221072987903953?fref=ts\",\"https:\/\/x.com\/franzalt\",\"http:\/\/www.youtube.com\/results?search_query&amp;amp;quot;franz_alt&amp;amp;quot;&amp;amp;amp;amp;search_type&amp;amp;amp;amp;aq=f\"]},{\"@type\":\"Person\",\"@id\":\"https:\/\/www.sonnenseite.com\/de\/#\/schema\/person\/50fda0e926597684c7cc6695238a4eb9\",\"name\":\"Bigi Alt\"}]}<\/script>\n<!-- \/ Yoast SEO plugin. -->","yoast_head_json":{"title":"\u00c4rmere Menschen haben weniger M\u00f6glichkeiten, ihre Mobilit\u00e4t an Hitze anzupassen - Sonnenseite - \u00d6kologische Kommunikation mit Franz Alt","description":"Extreme Hitze versch\u00e4rft soziale Ungleichheiten mit Hinblick auf die Nutzung der U-Bahn und Mobilit\u00e4t in Gro\u00dfst\u00e4dten. Das zeigt eine neue Studie von","robots":{"index":"index","follow":"follow","max-snippet":"max-snippet:-1","max-image-preview":"max-image-preview:large","max-video-preview":"max-video-preview:-1"},"canonical":"https:\/\/www.sonnenseite.com\/de\/mobilitaet\/aermere-menschen-haben-weniger-moeglichkeiten-ihre-mobilitaet-an-hitze-anzupassen\/","og_locale":"de_DE","og_type":"article","og_title":"\u00c4rmere Menschen haben weniger M\u00f6glichkeiten, ihre Mobilit\u00e4t an Hitze anzupassen - Sonnenseite - \u00d6kologische Kommunikation mit Franz Alt","og_description":"Extreme Hitze versch\u00e4rft soziale Ungleichheiten mit Hinblick auf die Nutzung der U-Bahn und Mobilit\u00e4t in Gro\u00dfst\u00e4dten. Das zeigt eine neue Studie von","og_url":"https:\/\/www.sonnenseite.com\/de\/mobilitaet\/aermere-menschen-haben-weniger-moeglichkeiten-ihre-mobilitaet-an-hitze-anzupassen\/","og_site_name":"Sonnenseite","article_publisher":"https:\/\/www.facebook.com\/pages\/Franz-Alt-SONNENSEITECOM\/221072987903953?fref=ts","article_published_time":"2023-10-10T06:38:10+00:00","article_modified_time":"2023-10-10T06:38:11+00:00","og_image":[{"width":770,"height":420,"url":"https:\/\/www.sonnenseite.com\/wp-content\/uploads\/2023\/10\/U-Bahn_MichaelaGaida.jpg","type":"image\/jpeg"}],"author":"Bigi Alt","twitter_card":"summary_large_image","twitter_creator":"@franzalt","twitter_site":"@franzalt","twitter_misc":{"Verfasst von":"Bigi Alt","Gesch\u00e4tzte Lesezeit":"4\u00a0Minuten"},"schema":{"@context":"https:\/\/schema.org","@graph":[{"@type":"Article","@id":"https:\/\/www.sonnenseite.com\/de\/mobilitaet\/aermere-menschen-haben-weniger-moeglichkeiten-ihre-mobilitaet-an-hitze-anzupassen\/#article","isPartOf":{"@id":"https:\/\/www.sonnenseite.com\/de\/mobilitaet\/aermere-menschen-haben-weniger-moeglichkeiten-ihre-mobilitaet-an-hitze-anzupassen\/"},"author":{"name":"Bigi Alt","@id":"https:\/\/www.sonnenseite.com\/de\/#\/schema\/person\/50fda0e926597684c7cc6695238a4eb9"},"headline":"\u00c4rmere Menschen haben weniger M\u00f6glichkeiten, ihre Mobilit\u00e4t an Hitze anzupassen","datePublished":"2023-10-10T06:38:10+00:00","dateModified":"2023-10-10T06:38:11+00:00","mainEntityOfPage":{"@id":"https:\/\/www.sonnenseite.com\/de\/mobilitaet\/aermere-menschen-haben-weniger-moeglichkeiten-ihre-mobilitaet-an-hitze-anzupassen\/"},"wordCount":681,"publisher":{"@id":"https:\/\/www.sonnenseite.com\/de\/#organization"},"image":{"@id":"https:\/\/www.sonnenseite.com\/de\/mobilitaet\/aermere-menschen-haben-weniger-moeglichkeiten-ihre-mobilitaet-an-hitze-anzupassen\/#primaryimage"},"thumbnailUrl":"https:\/\/www.sonnenseite.com\/wp-content\/uploads\/2023\/10\/U-Bahn_MichaelaGaida.jpg","articleSection":["Mobilit\u00e4t"],"inLanguage":"de"},{"@type":"WebPage","@id":"https:\/\/www.sonnenseite.com\/de\/mobilitaet\/aermere-menschen-haben-weniger-moeglichkeiten-ihre-mobilitaet-an-hitze-anzupassen\/","url":"https:\/\/www.sonnenseite.com\/de\/mobilitaet\/aermere-menschen-haben-weniger-moeglichkeiten-ihre-mobilitaet-an-hitze-anzupassen\/","name":"\u00c4rmere Menschen haben weniger M\u00f6glichkeiten, ihre Mobilit\u00e4t an Hitze anzupassen - Sonnenseite - \u00d6kologische Kommunikation mit Franz Alt","isPartOf":{"@id":"https:\/\/www.sonnenseite.com\/de\/#website"},"primaryImageOfPage":{"@id":"https:\/\/www.sonnenseite.com\/de\/mobilitaet\/aermere-menschen-haben-weniger-moeglichkeiten-ihre-mobilitaet-an-hitze-anzupassen\/#primaryimage"},"image":{"@id":"https:\/\/www.sonnenseite.com\/de\/mobilitaet\/aermere-menschen-haben-weniger-moeglichkeiten-ihre-mobilitaet-an-hitze-anzupassen\/#primaryimage"},"thumbnailUrl":"https:\/\/www.sonnenseite.com\/wp-content\/uploads\/2023\/10\/U-Bahn_MichaelaGaida.jpg","datePublished":"2023-10-10T06:38:10+00:00","dateModified":"2023-10-10T06:38:11+00:00","description":"Extreme Hitze versch\u00e4rft soziale Ungleichheiten mit Hinblick auf die Nutzung der U-Bahn und Mobilit\u00e4t in Gro\u00dfst\u00e4dten. Das zeigt eine neue Studie von","breadcrumb":{"@id":"https:\/\/www.sonnenseite.com\/de\/mobilitaet\/aermere-menschen-haben-weniger-moeglichkeiten-ihre-mobilitaet-an-hitze-anzupassen\/#breadcrumb"},"inLanguage":"de","potentialAction":[{"@type":"ReadAction","target":["https:\/\/www.sonnenseite.com\/de\/mobilitaet\/aermere-menschen-haben-weniger-moeglichkeiten-ihre-mobilitaet-an-hitze-anzupassen\/"]}]},{"@type":"ImageObject","inLanguage":"de","@id":"https:\/\/www.sonnenseite.com\/de\/mobilitaet\/aermere-menschen-haben-weniger-moeglichkeiten-ihre-mobilitaet-an-hitze-anzupassen\/#primaryimage","url":"https:\/\/www.sonnenseite.com\/wp-content\/uploads\/2023\/10\/U-Bahn_MichaelaGaida.jpg","contentUrl":"https:\/\/www.sonnenseite.com\/wp-content\/uploads\/2023\/10\/U-Bahn_MichaelaGaida.jpg","width":770,"height":420,"caption":"pixabay.com | Michaela Gaida | U-Bahn"},{"@type":"BreadcrumbList","@id":"https:\/\/www.sonnenseite.com\/de\/mobilitaet\/aermere-menschen-haben-weniger-moeglichkeiten-ihre-mobilitaet-an-hitze-anzupassen\/#breadcrumb","itemListElement":[{"@type":"ListItem","position":1,"name":"Startseite","item":"https:\/\/www.sonnenseite.com\/de\/"},{"@type":"ListItem","position":2,"name":"\u00c4rmere Menschen haben weniger M\u00f6glichkeiten, ihre Mobilit\u00e4t an Hitze anzupassen"}]},{"@type":"WebSite","@id":"https:\/\/www.sonnenseite.com\/de\/#website","url":"https:\/\/www.sonnenseite.com\/de\/","name":"Sonnenseite","description":"\u00d6kologische Kommunikation mit Franz Alt","publisher":{"@id":"https:\/\/www.sonnenseite.com\/de\/#organization"},"potentialAction":[{"@type":"SearchAction","target":{"@type":"EntryPoint","urlTemplate":"https:\/\/www.sonnenseite.com\/de\/?s={search_term_string}"},"query-input":{"@type":"PropertyValueSpecification","valueRequired":true,"valueName":"search_term_string"}}],"inLanguage":"de"},{"@type":"Organization","@id":"https:\/\/www.sonnenseite.com\/de\/#organization","name":"Sonnenseite","url":"https:\/\/www.sonnenseite.com\/de\/","logo":{"@type":"ImageObject","inLanguage":"de","@id":"https:\/\/www.sonnenseite.com\/de\/#\/schema\/logo\/image\/","url":"https:\/\/www.sonnenseite.com\/wp-content\/uploads\/2020\/05\/Sonnenseite_Logo.png","contentUrl":"https:\/\/www.sonnenseite.com\/wp-content\/uploads\/2020\/05\/Sonnenseite_Logo.png","width":377,"height":90,"caption":"Sonnenseite"},"image":{"@id":"https:\/\/www.sonnenseite.com\/de\/#\/schema\/logo\/image\/"},"sameAs":["https:\/\/www.facebook.com\/pages\/Franz-Alt-SONNENSEITECOM\/221072987903953?fref=ts","https:\/\/x.com\/franzalt","http:\/\/www.youtube.com\/results?search_query&amp;amp;quot;franz_alt&amp;amp;quot;&amp;amp;amp;amp;search_type&amp;amp;amp;amp;aq=f"]},{"@type":"Person","@id":"https:\/\/www.sonnenseite.com\/de\/#\/schema\/person\/50fda0e926597684c7cc6695238a4eb9","name":"Bigi Alt"}]}},"_links":{"self":[{"href":"https:\/\/www.sonnenseite.com\/de\/wp-json\/wp\/v2\/posts\/94593","targetHints":{"allow":["GET"]}}],"collection":[{"href":"https:\/\/www.sonnenseite.com\/de\/wp-json\/wp\/v2\/posts"}],"about":[{"href":"https:\/\/www.sonnenseite.com\/de\/wp-json\/wp\/v2\/types\/post"}],"author":[{"embeddable":true,"href":"https:\/\/www.sonnenseite.com\/de\/wp-json\/wp\/v2\/users\/3"}],"replies":[{"embeddable":true,"href":"https:\/\/www.sonnenseite.com\/de\/wp-json\/wp\/v2\/comments?post=94593"}],"version-history":[{"count":2,"href":"https:\/\/www.sonnenseite.com\/de\/wp-json\/wp\/v2\/posts\/94593\/revisions"}],"predecessor-version":[{"id":94595,"href":"https:\/\/www.sonnenseite.com\/de\/wp-json\/wp\/v2\/posts\/94593\/revisions\/94595"}],"wp:featuredmedia":[{"embeddable":true,"href":"https:\/\/www.sonnenseite.com\/de\/wp-json\/wp\/v2\/media\/94596"}],"wp:attachment":[{"href":"https:\/\/www.sonnenseite.com\/de\/wp-json\/wp\/v2\/media?parent=94593"}],"wp:term":[{"taxonomy":"category","embeddable":true,"href":"https:\/\/www.sonnenseite.com\/de\/wp-json\/wp\/v2\/categories?post=94593"},{"taxonomy":"post_tag","embeddable":true,"href":"https:\/\/www.sonnenseite.com\/de\/wp-json\/wp\/v2\/tags?post=94593"}],"curies":[{"name":"wp","href":"https:\/\/api.w.org\/{rel}","templated":true}]}}