{"id":94613,"date":"2023-10-11T04:22:00","date_gmt":"2023-10-11T02:22:00","guid":{"rendered":"https:\/\/www.sonnenseite.com\/?p=94613"},"modified":"2023-10-10T11:22:57","modified_gmt":"2023-10-10T09:22:57","slug":"warum-importiert-deutschland-strom","status":"publish","type":"post","link":"https:\/\/www.sonnenseite.com\/de\/energie\/warum-importiert-deutschland-strom\/","title":{"rendered":"Warum importiert Deutschland Strom?"},"content":{"rendered":"\n<p id=\"viewer-5e1ks\">Deutschland importiert so viel Strom wie nie zuvor. Ist der Atomausstieg schuld? Eine Einordnung von Wolfgang Gr\u00fcndinger.<\/p>\n\n\n\n<p id=\"viewer-5e1ks\">F\u00fcr Atomkraft mag es gute Argumente geben. Doch der aktuelle Import\u00fcberschuss geh\u00f6rt nur sehr bedingt dazu.<\/p>\n\n\n\n<p id=\"viewer-8qmv4\">Die Stromimporte betrugen 5,8 Terrawattstunden (TWh) im August 2023. Die Atomstromproduktion im August 2022 belief sich dagegen auf nur 2,9 TWh, also rund die H\u00e4lfte. Der Atomausstieg allein kann also die hohe Importquote nicht erkl\u00e4ren.<\/p>\n\n\n\n<p id=\"viewer-du3m6\">Die Ursachen <a href=\"https:\/\/ag-energiebilanzen.de\/wp-content\/uploads\/2023\/08\/quartalsbericht_q2_2023-1.pdf\" target=\"_blank\" rel=\"noreferrer noopener\"><u>liegen anderswo<\/u><\/a>: die h\u00f6here Stromerzeugung aus Wasserkraft in den Alpen und Skandinavien, der Ausbau kosteng\u00fcnstiger erneuerbarer Energien in den Nachbarl\u00e4ndern, und die h\u00f6here Verf\u00fcgbarkeit von franz\u00f6sischer Atomkraft im Vergleich zum Vorjahr 2022, als der franz\u00f6sische AKW-Park zu betr\u00e4chtlichen Teilen stillstand und Deutschland aushelfen musste. Hinzu kommen die CO2-Kosten f\u00fcr Kohle.<\/p>\n\n\n\n<p id=\"viewer-3pck0\">Die Kohleverstromung brach in ganz Europa ein. In Deutschland <a href=\"https:\/\/www.energy-charts.info\/charts\/energy\/chart.htm?l=de&amp;c=DE&amp;chartColumnSorting=default&amp;month=08&amp;year=2022\" target=\"_blank\" rel=\"noreferrer noopener\"><u>stammten nur noch<\/u><\/a> 7,5 TWh aus Kohle, rund die H\u00e4lfte der 14 TWh im Vorjahresmonat &#8211; und das ganz ohne Kohleausstieg.<\/p>\n\n\n\n<p id=\"viewer-b08ob\">Deutschland hat also mehr als genug Stromerzeugungskapazit\u00e4t, aber muss diese nicht einsetzen. Es ist einfach billiger geworden, Strom aus erneuerbaren Energiequellen aus Europa zu importieren. Das senkt hierzulande die Strompreise.<\/p>\n\n\n\n<p id=\"viewer-1ggi0\"><a href=\"https:\/\/www.energy-charts.info\/charts\/import_export\/chart.htm?l=de&amp;c=DE&amp;interval=month&amp;month=08\" target=\"_blank\" rel=\"noreferrer noopener\"><u>Am meisten Strom<\/u><\/a> importiert Deutschland aus D\u00e4nemark (<a href=\"https:\/\/de.statista.com\/statistik\/daten\/studie\/182164\/umfrage\/struktur-der-bruttostromerzeugung-in-daenemark\/\" target=\"_blank\" rel=\"noreferrer noopener\"><u>76% regenerativ, Rest fossil)<\/u><\/a>, gefolgt von der Schweiz (<a href=\"https:\/\/www.strom.ch\/de\/wissen\/stromproduktion-stromkennzeichnung\" target=\"_blank\" rel=\"noreferrer noopener\"><u>60% regenerativ,36% Atom<\/u><\/a>) und &#8211; erst an dritter Stelle &#8211; Frankreich (<a href=\"https:\/\/www.spektrum.de\/news\/energiesystem-deutschland-oder-frankreich-wer-ist-gruener\/2131461\" target=\"_blank\" rel=\"noreferrer noopener\"><u>63% Atom, 25% regenerativ<\/u><\/a>).<\/p>\n\n\n\n<p id=\"viewer-d93ri\">\u201cOb wir Strom importieren oder exportieren, sagt nichts dar\u00fcber aus, wie viel eigene Erzeugung wir zur Verf\u00fcgung haben\u201d, <a href=\"https:\/\/www.spiegel.de\/wirtschaft\/energie-deutschlands-stromimporte-legen-im-august-weiter-zu-a-74f4c21f-fc78-4bec-9b8e-866b7ae15fc9\" target=\"_blank\" rel=\"noreferrer noopener\"><u>sagt daher auch Tim Meyerj\u00fcrgens<\/u><\/a>, Gesch\u00e4ftsf\u00fchrer des gr\u00f6\u00dften deutschen \u00dcbertragungsnetzbetreibers Tennet. Kohle und Gas seien \u201coft teurer als Erneuerbare und auch Atomstrom im Ausland\u201d, so Meyerj\u00fcrgens. Doch das \u00e4ndere sich immer wieder: \u201cWir exportieren zwischenzeitlich, dann importieren wir wieder mehr.\u201d<\/p>\n\n\n\n<p id=\"viewer-1dim2\">H\u00e4tte der Weiterbetrieb der deutschen Atomkraftwerke die Importe reduziert? Nat\u00fcrlich ja, aber nur bedingt. Denn die Ursachen f\u00fcr die gestiegene Importquote sind ja vielf\u00e4ltig.<\/p>\n\n\n\n<p id=\"viewer-cmcj1\">Die wichtigere Frage ist eine andere: W\u00e4re der Weiterbetrieb der drei letzten AKW machbar gewesen? Und da gibt es eben Schwierigkeiten: Es h\u00e4tten entweder Sicherheitspr\u00fcfungen erfolgen m\u00fcssen &#8211; die nur wegen des Atomausstiegs ausgesetzt worden waren &#8211; oder man h\u00e4tte die Sicherheitsstandards senken m\u00fcssen. Es h\u00e4tten neue Brennst\u00e4be beschafft werden m\u00fcssen. Personal h\u00e4tte wieder eingesetzt werden m\u00fcssen, das schon anders verplant war.<\/p>\n\n\n\n<p id=\"viewer-40f6e\">Der \u00d6konom Prof. Christian von Hirschhausen von der TU Berlin kommentierte im<a href=\"https:\/\/www.handelsblatt.com\/unternehmen\/energie\/energieversorgung-warum-laengere-laufzeiten-fuer-atomkraftwerke-aktuell-nicht-helfen\/28146598.html\" target=\"_blank\" rel=\"noreferrer noopener\"> <em><u>Handelsblatt<\/u><\/em><\/a>: Die Kosten einer Laufzeitverl\u00e4ngerung durch Genehmigungsverfahren, Personal und Sicherheits\u00fcberpr\u00fcfungen seien &#8222;v\u00f6llig unrentabel&#8220;. Der Reaktorsicherheitsexperte Prof. Martin Mertins von der TH Brandenburg<a href=\"https:\/\/www.spiegel.de\/wissenschaft\/frankreichs-atommeiler-in-der-krise-frieren-mit-atomkraft-a-503fb1d1-a818-4a01-bc34-5bfdff2d2857\" target=\"_blank\" rel=\"noreferrer noopener\"> <u>erkl\u00e4rte<\/u><\/a>: Eine Laufzeitverl\u00e4ngerung sei &#8222;\u00e4u\u00dferst schwierig&#8220; und w\u00e4re mit einer &#8222;gewaltigen Kostensteigerung&#8220; verbunden. Die AKW-Betreiberin Preussen Elektra (eine E.on-Tochterfirma)<a href=\"https:\/\/www.spiegel.de\/wirtschaft\/unternehmen\/atomkonzerne-verweisen-auf-hohe-huerden-fuer-laufzeitverlaengerung-a-1ca69d07-b502-4c66-b999-ec3a22f9d905\" target=\"_blank\" rel=\"noreferrer noopener\"><u> teilte mit<\/u><\/a>: Neue Brennst\u00e4be zu beschaffen, um die AKWs l\u00e4nger am Netz zu lassen, w\u00fcrde \u00fcber anderthalb Jahr dauern. Der Atomkonzern RWE<a href=\"https:\/\/www.spiegel.de\/wirtschaft\/unternehmen\/atomkonzerne-verweisen-auf-hohe-huerden-fuer-laufzeitverlaengerung-a-1ca69d07-b502-4c66-b999-ec3a22f9d905\" target=\"_blank\" rel=\"noreferrer noopener\"><u> erkl\u00e4rte<\/u><\/a>: &#8222;Die genehmigungsrechtlichen und technischen H\u00fcrden f\u00fcr eine Verl\u00e4ngerung w\u00e4ren allerdings sehr hoch.&#8220;<\/p>\n\n\n\n<p id=\"viewer-4rsou\">Stromimporte sind nicht per se schlecht. Wir importieren ja auch Kohle, \u00d6l, Gas und Uran, und keiner findet dabei etwas schlimm oder auch nur ungew\u00f6hnlich.<\/p>\n\n\n\n<p id=\"viewer-5raeg\">Wer aber findet, wir sollten die Importe reduzieren, f\u00fcr den steht eine einfache L\u00f6sung bereit: Je mehr Erneuerbare wir in Deutschland ausbauen, desto g\u00fcnstiger wird der Strom. Und desto weniger m\u00fcssen wir importieren.<\/p>\n\n\n<h5 class=\"green\">Quelle<\/h5>\r\n\n\n\n<p><a href=\"https:\/\/www.wolfgang-gruendinger.de\/post\/warum-importiert-deutschland-strom\">Wolfgang Gr\u00fcndinger 2023<\/a><\/p>\n<div class=\"shariff shariff-align-flex-start shariff-widget-align-flex-start\"><div class=\"ShariffHeadline\">Diese Meldung teilen<\/div><ul class=\"shariff-buttons theme-round orientation-horizontal buttonsize-medium\"><li class=\"shariff-button facebook shariff-nocustomcolor\" style=\"background-color:#4273c8;border-radius:1%\"><a href=\"https:\/\/www.facebook.com\/sharer\/sharer.php?u=https%3A%2F%2Fwww.sonnenseite.com%2Fde%2Fenergie%2Fwarum-importiert-deutschland-strom%2F\" title=\"Bei Facebook teilen\" aria-label=\"Bei Facebook teilen\" role=\"button\" rel=\"nofollow\" class=\"shariff-link\" style=\";border-radius:1%; background-color:#3b5998; color:#fff\" target=\"_blank\"><span class=\"shariff-icon\" style=\"\"><svg width=\"32px\" height=\"20px\" xmlns=\"http:\/\/www.w3.org\/2000\/svg\" viewBox=\"0 0 18 32\"><path fill=\"#3b5998\" d=\"M17.1 0.2v4.7h-2.8q-1.5 0-2.1 0.6t-0.5 1.9v3.4h5.2l-0.7 5.3h-4.5v13.6h-5.5v-13.6h-4.5v-5.3h4.5v-3.9q0-3.3 1.9-5.2t5-1.8q2.6 0 4.1 0.2z\"\/><\/svg><\/span><\/a><\/li><li class=\"shariff-button twitter shariff-nocustomcolor\" style=\"background-color:#595959;border-radius:1%\"><a href=\"https:\/\/twitter.com\/share?url=https%3A%2F%2Fwww.sonnenseite.com%2Fde%2Fenergie%2Fwarum-importiert-deutschland-strom%2F&text=Warum%20importiert%20Deutschland%20Strom%3F\" title=\"Bei X teilen\" aria-label=\"Bei X teilen\" role=\"button\" rel=\"noopener nofollow\" class=\"shariff-link\" style=\";border-radius:1%; background-color:#000; color:#fff\" target=\"_blank\"><span class=\"shariff-icon\" style=\"\"><svg width=\"32px\" height=\"20px\" xmlns=\"http:\/\/www.w3.org\/2000\/svg\" viewBox=\"0 0 24 24\"><path fill=\"#000\" d=\"M14.258 10.152L23.176 0h-2.113l-7.747 8.813L7.133 0H0l9.352 13.328L0 23.973h2.113l8.176-9.309 6.531 9.309h7.133zm-2.895 3.293l-.949-1.328L2.875 1.56h3.246l6.086 8.523.945 1.328 7.91 11.078h-3.246zm0 0\"\/><\/svg><\/span><\/a><\/li><li class=\"shariff-button xing shariff-nocustomcolor\" style=\"background-color:#29888a;border-radius:1%\"><a href=\"https:\/\/www.xing.com\/spi\/shares\/new?url=https%3A%2F%2Fwww.sonnenseite.com%2Fde%2Fenergie%2Fwarum-importiert-deutschland-strom%2F\" title=\"Bei XING teilen\" aria-label=\"Bei XING teilen\" role=\"button\" rel=\"noopener nofollow\" class=\"shariff-link\" style=\";border-radius:1%; background-color:#126567; color:#fff\" target=\"_blank\"><span class=\"shariff-icon\" style=\"\"><svg width=\"32px\" height=\"20px\" xmlns=\"http:\/\/www.w3.org\/2000\/svg\" viewBox=\"0 0 25 32\"><path fill=\"#126567\" d=\"M10.7 11.9q-0.2 0.3-4.6 8.2-0.5 0.8-1.2 0.8h-4.3q-0.4 0-0.5-0.3t0-0.6l4.5-8q0 0 0 0l-2.9-5q-0.2-0.4 0-0.7 0.2-0.3 0.5-0.3h4.3q0.7 0 1.2 0.8zM25.1 0.4q0.2 0.3 0 0.7l-9.4 16.7 6 11q0.2 0.4 0 0.6-0.2 0.3-0.6 0.3h-4.3q-0.7 0-1.2-0.8l-6-11.1q0.3-0.6 9.5-16.8 0.4-0.8 1.2-0.8h4.3q0.4 0 0.5 0.3z\"\/><\/svg><\/span><\/a><\/li><li class=\"shariff-button linkedin shariff-nocustomcolor\" style=\"background-color:#1488bf;border-radius:1%\"><a href=\"https:\/\/www.linkedin.com\/sharing\/share-offsite\/?url=https%3A%2F%2Fwww.sonnenseite.com%2Fde%2Fenergie%2Fwarum-importiert-deutschland-strom%2F\" title=\"Bei LinkedIn teilen\" aria-label=\"Bei LinkedIn teilen\" role=\"button\" rel=\"noopener nofollow\" class=\"shariff-link\" style=\";border-radius:1%; background-color:#0077b5; color:#fff\" target=\"_blank\"><span class=\"shariff-icon\" style=\"\"><svg width=\"32px\" height=\"20px\" xmlns=\"http:\/\/www.w3.org\/2000\/svg\" viewBox=\"0 0 27 32\"><path fill=\"#0077b5\" d=\"M6.2 11.2v17.7h-5.9v-17.7h5.9zM6.6 5.7q0 1.3-0.9 2.2t-2.4 0.9h0q-1.5 0-2.4-0.9t-0.9-2.2 0.9-2.2 2.4-0.9 2.4 0.9 0.9 2.2zM27.4 18.7v10.1h-5.9v-9.5q0-1.9-0.7-2.9t-2.3-1.1q-1.1 0-1.9 0.6t-1.2 1.5q-0.2 0.5-0.2 1.4v9.9h-5.9q0-7.1 0-11.6t0-5.3l0-0.9h5.9v2.6h0q0.4-0.6 0.7-1t1-0.9 1.6-0.8 2-0.3q3 0 4.9 2t1.9 6z\"\/><\/svg><\/span><\/a><\/li><li class=\"shariff-button printer shariff-nocustomcolor\" style=\"background-color:#a8a8a8;border-radius:1%\"><a href=\"javascript:window.print()\" title=\"drucken\" aria-label=\"drucken\" role=\"button\" rel=\"noopener nofollow\" class=\"shariff-link\" style=\";border-radius:1%; background-color:#999; color:#fff\"><span class=\"shariff-icon\" style=\"\"><svg width=\"32px\" height=\"20px\" xmlns=\"http:\/\/www.w3.org\/2000\/svg\" viewBox=\"0 0 30 32\"><path fill=\"#999\" d=\"M6.8 27.4h16v-4.6h-16v4.6zM6.8 16h16v-6.8h-2.8q-0.7 0-1.2-0.5t-0.5-1.2v-2.8h-11.4v11.4zM27.4 17.2q0-0.5-0.3-0.8t-0.8-0.4-0.8 0.4-0.3 0.8 0.3 0.8 0.8 0.3 0.8-0.3 0.3-0.8zM29.7 17.2v7.4q0 0.2-0.2 0.4t-0.4 0.2h-4v2.8q0 0.7-0.5 1.2t-1.2 0.5h-17.2q-0.7 0-1.2-0.5t-0.5-1.2v-2.8h-4q-0.2 0-0.4-0.2t-0.2-0.4v-7.4q0-1.4 1-2.4t2.4-1h1.2v-9.7q0-0.7 0.5-1.2t1.2-0.5h12q0.7 0 1.6 0.4t1.3 0.8l2.7 2.7q0.5 0.5 0.9 1.4t0.4 1.6v4.6h1.1q1.4 0 2.4 1t1 2.4z\"\/><\/svg><\/span><\/a><\/li><li class=\"shariff-button mailto shariff-nocustomcolor\" style=\"background-color:#a8a8a8;border-radius:1%\"><a href=\"mailto:?body=https%3A%2F%2Fwww.sonnenseite.com%2Fde%2Fenergie%2Fwarum-importiert-deutschland-strom%2F&subject=Warum%20importiert%20Deutschland%20Strom%3F\" title=\"Per E-Mail versenden\" aria-label=\"Per E-Mail versenden\" role=\"button\" rel=\"noopener nofollow\" class=\"shariff-link\" style=\";border-radius:1%; background-color:#999; color:#fff\"><span class=\"shariff-icon\" style=\"\"><svg width=\"32px\" height=\"20px\" xmlns=\"http:\/\/www.w3.org\/2000\/svg\" viewBox=\"0 0 32 32\"><path fill=\"#999\" d=\"M32 12.7v14.2q0 1.2-0.8 2t-2 0.9h-26.3q-1.2 0-2-0.9t-0.8-2v-14.2q0.8 0.9 1.8 1.6 6.5 4.4 8.9 6.1 1 0.8 1.6 1.2t1.7 0.9 2 0.4h0.1q0.9 0 2-0.4t1.7-0.9 1.6-1.2q3-2.2 8.9-6.1 1-0.7 1.8-1.6zM32 7.4q0 1.4-0.9 2.7t-2.2 2.2q-6.7 4.7-8.4 5.8-0.2 0.1-0.7 0.5t-1 0.7-0.9 0.6-1.1 0.5-0.9 0.2h-0.1q-0.4 0-0.9-0.2t-1.1-0.5-0.9-0.6-1-0.7-0.7-0.5q-1.6-1.1-4.7-3.2t-3.6-2.6q-1.1-0.7-2.1-2t-1-2.5q0-1.4 0.7-2.3t2.1-0.9h26.3q1.2 0 2 0.8t0.9 2z\"\/><\/svg><\/span><\/a><\/li><\/ul><\/div>","protected":false},"excerpt":{"rendered":"<p>Deutschland importiert so viel Strom wie nie zuvor. Ist der Atomausstieg schuld? Eine Einordnung von Wolfgang [&hellip;]<\/p>\n","protected":false},"author":3,"featured_media":64864,"comment_status":"closed","ping_status":"closed","sticky":false,"template":"","format":"standard","meta":{"inline_featured_image":false,"footnotes":""},"categories":[22],"tags":[],"class_list":["post-94613","post","type-post","status-publish","format-standard","has-post-thumbnail","hentry","category-energie"],"yoast_head":"<!-- This site is optimized with the Yoast SEO plugin v26.5 - https:\/\/yoast.com\/wordpress\/plugins\/seo\/ -->\n<title>Warum importiert Deutschland Strom? - Sonnenseite - \u00d6kologische Kommunikation mit Franz Alt<\/title>\n<meta name=\"description\" content=\"Deutschland importiert so viel Strom wie nie zuvor. Ist der Atomausstieg schuld? Eine Einordnung von Wolfgang Gr\u00fcndinger. F\u00fcr Atomkraft mag es gute\" \/>\n<meta name=\"robots\" content=\"index, follow, max-snippet:-1, max-image-preview:large, max-video-preview:-1\" \/>\n<link rel=\"canonical\" href=\"https:\/\/www.sonnenseite.com\/de\/energie\/warum-importiert-deutschland-strom\/\" \/>\n<meta property=\"og:locale\" content=\"de_DE\" \/>\n<meta property=\"og:type\" content=\"article\" \/>\n<meta property=\"og:title\" content=\"Warum importiert Deutschland Strom? - Sonnenseite - \u00d6kologische Kommunikation mit Franz Alt\" \/>\n<meta property=\"og:description\" content=\"Deutschland importiert so viel Strom wie nie zuvor. Ist der Atomausstieg schuld? Eine Einordnung von Wolfgang Gr\u00fcndinger. F\u00fcr Atomkraft mag es gute\" \/>\n<meta property=\"og:url\" content=\"https:\/\/www.sonnenseite.com\/de\/energie\/warum-importiert-deutschland-strom\/\" \/>\n<meta property=\"og:site_name\" content=\"Sonnenseite\" \/>\n<meta property=\"article:publisher\" content=\"https:\/\/www.facebook.com\/pages\/Franz-Alt-SONNENSEITECOM\/221072987903953?fref=ts\" \/>\n<meta property=\"article:published_time\" content=\"2023-10-11T02:22:00+00:00\" \/>\n<meta property=\"og:image\" content=\"https:\/\/www.sonnenseite.com\/wp-content\/uploads\/2020\/11\/Strom_MarkusDistelrath.jpg\" \/>\n\t<meta property=\"og:image:width\" content=\"770\" \/>\n\t<meta property=\"og:image:height\" content=\"420\" \/>\n\t<meta property=\"og:image:type\" content=\"image\/jpeg\" \/>\n<meta name=\"author\" content=\"Bigi Alt\" \/>\n<meta name=\"twitter:card\" content=\"summary_large_image\" \/>\n<meta name=\"twitter:creator\" content=\"@franzalt\" \/>\n<meta name=\"twitter:site\" content=\"@franzalt\" \/>\n<meta name=\"twitter:label1\" content=\"Verfasst von\" \/>\n\t<meta name=\"twitter:data1\" content=\"Bigi Alt\" \/>\n\t<meta name=\"twitter:label2\" content=\"Gesch\u00e4tzte Lesezeit\" \/>\n\t<meta name=\"twitter:data2\" content=\"3\u00a0Minuten\" \/>\n<script type=\"application\/ld+json\" class=\"yoast-schema-graph\">{\"@context\":\"https:\/\/schema.org\",\"@graph\":[{\"@type\":\"Article\",\"@id\":\"https:\/\/www.sonnenseite.com\/de\/energie\/warum-importiert-deutschland-strom\/#article\",\"isPartOf\":{\"@id\":\"https:\/\/www.sonnenseite.com\/de\/energie\/warum-importiert-deutschland-strom\/\"},\"author\":{\"name\":\"Bigi Alt\",\"@id\":\"https:\/\/www.sonnenseite.com\/de\/#\/schema\/person\/50fda0e926597684c7cc6695238a4eb9\"},\"headline\":\"Warum importiert Deutschland Strom?\",\"datePublished\":\"2023-10-11T02:22:00+00:00\",\"mainEntityOfPage\":{\"@id\":\"https:\/\/www.sonnenseite.com\/de\/energie\/warum-importiert-deutschland-strom\/\"},\"wordCount\":559,\"publisher\":{\"@id\":\"https:\/\/www.sonnenseite.com\/de\/#organization\"},\"image\":{\"@id\":\"https:\/\/www.sonnenseite.com\/de\/energie\/warum-importiert-deutschland-strom\/#primaryimage\"},\"thumbnailUrl\":\"https:\/\/www.sonnenseite.com\/wp-content\/uploads\/2020\/11\/Strom_MarkusDistelrath.jpg\",\"articleSection\":[\"Energie\"],\"inLanguage\":\"de\"},{\"@type\":\"WebPage\",\"@id\":\"https:\/\/www.sonnenseite.com\/de\/energie\/warum-importiert-deutschland-strom\/\",\"url\":\"https:\/\/www.sonnenseite.com\/de\/energie\/warum-importiert-deutschland-strom\/\",\"name\":\"Warum importiert Deutschland Strom? - Sonnenseite - \u00d6kologische Kommunikation mit Franz Alt\",\"isPartOf\":{\"@id\":\"https:\/\/www.sonnenseite.com\/de\/#website\"},\"primaryImageOfPage\":{\"@id\":\"https:\/\/www.sonnenseite.com\/de\/energie\/warum-importiert-deutschland-strom\/#primaryimage\"},\"image\":{\"@id\":\"https:\/\/www.sonnenseite.com\/de\/energie\/warum-importiert-deutschland-strom\/#primaryimage\"},\"thumbnailUrl\":\"https:\/\/www.sonnenseite.com\/wp-content\/uploads\/2020\/11\/Strom_MarkusDistelrath.jpg\",\"datePublished\":\"2023-10-11T02:22:00+00:00\",\"description\":\"Deutschland importiert so viel Strom wie nie zuvor. Ist der Atomausstieg schuld? Eine Einordnung von Wolfgang Gr\u00fcndinger. F\u00fcr Atomkraft mag es gute\",\"breadcrumb\":{\"@id\":\"https:\/\/www.sonnenseite.com\/de\/energie\/warum-importiert-deutschland-strom\/#breadcrumb\"},\"inLanguage\":\"de\",\"potentialAction\":[{\"@type\":\"ReadAction\",\"target\":[\"https:\/\/www.sonnenseite.com\/de\/energie\/warum-importiert-deutschland-strom\/\"]}]},{\"@type\":\"ImageObject\",\"inLanguage\":\"de\",\"@id\":\"https:\/\/www.sonnenseite.com\/de\/energie\/warum-importiert-deutschland-strom\/#primaryimage\",\"url\":\"https:\/\/www.sonnenseite.com\/wp-content\/uploads\/2020\/11\/Strom_MarkusDistelrath.jpg\",\"contentUrl\":\"https:\/\/www.sonnenseite.com\/wp-content\/uploads\/2020\/11\/Strom_MarkusDistelrath.jpg\",\"width\":770,\"height\":420,\"caption\":\"pixabay.com | Markus Distelrath\"},{\"@type\":\"BreadcrumbList\",\"@id\":\"https:\/\/www.sonnenseite.com\/de\/energie\/warum-importiert-deutschland-strom\/#breadcrumb\",\"itemListElement\":[{\"@type\":\"ListItem\",\"position\":1,\"name\":\"Startseite\",\"item\":\"https:\/\/www.sonnenseite.com\/de\/\"},{\"@type\":\"ListItem\",\"position\":2,\"name\":\"Warum importiert Deutschland Strom?\"}]},{\"@type\":\"WebSite\",\"@id\":\"https:\/\/www.sonnenseite.com\/de\/#website\",\"url\":\"https:\/\/www.sonnenseite.com\/de\/\",\"name\":\"Sonnenseite\",\"description\":\"\u00d6kologische Kommunikation mit Franz Alt\",\"publisher\":{\"@id\":\"https:\/\/www.sonnenseite.com\/de\/#organization\"},\"potentialAction\":[{\"@type\":\"SearchAction\",\"target\":{\"@type\":\"EntryPoint\",\"urlTemplate\":\"https:\/\/www.sonnenseite.com\/de\/?s={search_term_string}\"},\"query-input\":{\"@type\":\"PropertyValueSpecification\",\"valueRequired\":true,\"valueName\":\"search_term_string\"}}],\"inLanguage\":\"de\"},{\"@type\":\"Organization\",\"@id\":\"https:\/\/www.sonnenseite.com\/de\/#organization\",\"name\":\"Sonnenseite\",\"url\":\"https:\/\/www.sonnenseite.com\/de\/\",\"logo\":{\"@type\":\"ImageObject\",\"inLanguage\":\"de\",\"@id\":\"https:\/\/www.sonnenseite.com\/de\/#\/schema\/logo\/image\/\",\"url\":\"https:\/\/www.sonnenseite.com\/wp-content\/uploads\/2020\/05\/Sonnenseite_Logo.png\",\"contentUrl\":\"https:\/\/www.sonnenseite.com\/wp-content\/uploads\/2020\/05\/Sonnenseite_Logo.png\",\"width\":377,\"height\":90,\"caption\":\"Sonnenseite\"},\"image\":{\"@id\":\"https:\/\/www.sonnenseite.com\/de\/#\/schema\/logo\/image\/\"},\"sameAs\":[\"https:\/\/www.facebook.com\/pages\/Franz-Alt-SONNENSEITECOM\/221072987903953?fref=ts\",\"https:\/\/x.com\/franzalt\",\"http:\/\/www.youtube.com\/results?search_query&amp;amp;quot;franz_alt&amp;amp;quot;&amp;amp;amp;amp;search_type&amp;amp;amp;amp;aq=f\"]},{\"@type\":\"Person\",\"@id\":\"https:\/\/www.sonnenseite.com\/de\/#\/schema\/person\/50fda0e926597684c7cc6695238a4eb9\",\"name\":\"Bigi Alt\"}]}<\/script>\n<!-- \/ Yoast SEO plugin. -->","yoast_head_json":{"title":"Warum importiert Deutschland Strom? - Sonnenseite - \u00d6kologische Kommunikation mit Franz Alt","description":"Deutschland importiert so viel Strom wie nie zuvor. Ist der Atomausstieg schuld? Eine Einordnung von Wolfgang Gr\u00fcndinger. F\u00fcr Atomkraft mag es gute","robots":{"index":"index","follow":"follow","max-snippet":"max-snippet:-1","max-image-preview":"max-image-preview:large","max-video-preview":"max-video-preview:-1"},"canonical":"https:\/\/www.sonnenseite.com\/de\/energie\/warum-importiert-deutschland-strom\/","og_locale":"de_DE","og_type":"article","og_title":"Warum importiert Deutschland Strom? - Sonnenseite - \u00d6kologische Kommunikation mit Franz Alt","og_description":"Deutschland importiert so viel Strom wie nie zuvor. Ist der Atomausstieg schuld? Eine Einordnung von Wolfgang Gr\u00fcndinger. F\u00fcr Atomkraft mag es gute","og_url":"https:\/\/www.sonnenseite.com\/de\/energie\/warum-importiert-deutschland-strom\/","og_site_name":"Sonnenseite","article_publisher":"https:\/\/www.facebook.com\/pages\/Franz-Alt-SONNENSEITECOM\/221072987903953?fref=ts","article_published_time":"2023-10-11T02:22:00+00:00","og_image":[{"width":770,"height":420,"url":"https:\/\/www.sonnenseite.com\/wp-content\/uploads\/2020\/11\/Strom_MarkusDistelrath.jpg","type":"image\/jpeg"}],"author":"Bigi Alt","twitter_card":"summary_large_image","twitter_creator":"@franzalt","twitter_site":"@franzalt","twitter_misc":{"Verfasst von":"Bigi Alt","Gesch\u00e4tzte Lesezeit":"3\u00a0Minuten"},"schema":{"@context":"https:\/\/schema.org","@graph":[{"@type":"Article","@id":"https:\/\/www.sonnenseite.com\/de\/energie\/warum-importiert-deutschland-strom\/#article","isPartOf":{"@id":"https:\/\/www.sonnenseite.com\/de\/energie\/warum-importiert-deutschland-strom\/"},"author":{"name":"Bigi Alt","@id":"https:\/\/www.sonnenseite.com\/de\/#\/schema\/person\/50fda0e926597684c7cc6695238a4eb9"},"headline":"Warum importiert Deutschland Strom?","datePublished":"2023-10-11T02:22:00+00:00","mainEntityOfPage":{"@id":"https:\/\/www.sonnenseite.com\/de\/energie\/warum-importiert-deutschland-strom\/"},"wordCount":559,"publisher":{"@id":"https:\/\/www.sonnenseite.com\/de\/#organization"},"image":{"@id":"https:\/\/www.sonnenseite.com\/de\/energie\/warum-importiert-deutschland-strom\/#primaryimage"},"thumbnailUrl":"https:\/\/www.sonnenseite.com\/wp-content\/uploads\/2020\/11\/Strom_MarkusDistelrath.jpg","articleSection":["Energie"],"inLanguage":"de"},{"@type":"WebPage","@id":"https:\/\/www.sonnenseite.com\/de\/energie\/warum-importiert-deutschland-strom\/","url":"https:\/\/www.sonnenseite.com\/de\/energie\/warum-importiert-deutschland-strom\/","name":"Warum importiert Deutschland Strom? - Sonnenseite - \u00d6kologische Kommunikation mit Franz Alt","isPartOf":{"@id":"https:\/\/www.sonnenseite.com\/de\/#website"},"primaryImageOfPage":{"@id":"https:\/\/www.sonnenseite.com\/de\/energie\/warum-importiert-deutschland-strom\/#primaryimage"},"image":{"@id":"https:\/\/www.sonnenseite.com\/de\/energie\/warum-importiert-deutschland-strom\/#primaryimage"},"thumbnailUrl":"https:\/\/www.sonnenseite.com\/wp-content\/uploads\/2020\/11\/Strom_MarkusDistelrath.jpg","datePublished":"2023-10-11T02:22:00+00:00","description":"Deutschland importiert so viel Strom wie nie zuvor. Ist der Atomausstieg schuld? Eine Einordnung von Wolfgang Gr\u00fcndinger. F\u00fcr Atomkraft mag es gute","breadcrumb":{"@id":"https:\/\/www.sonnenseite.com\/de\/energie\/warum-importiert-deutschland-strom\/#breadcrumb"},"inLanguage":"de","potentialAction":[{"@type":"ReadAction","target":["https:\/\/www.sonnenseite.com\/de\/energie\/warum-importiert-deutschland-strom\/"]}]},{"@type":"ImageObject","inLanguage":"de","@id":"https:\/\/www.sonnenseite.com\/de\/energie\/warum-importiert-deutschland-strom\/#primaryimage","url":"https:\/\/www.sonnenseite.com\/wp-content\/uploads\/2020\/11\/Strom_MarkusDistelrath.jpg","contentUrl":"https:\/\/www.sonnenseite.com\/wp-content\/uploads\/2020\/11\/Strom_MarkusDistelrath.jpg","width":770,"height":420,"caption":"pixabay.com | Markus Distelrath"},{"@type":"BreadcrumbList","@id":"https:\/\/www.sonnenseite.com\/de\/energie\/warum-importiert-deutschland-strom\/#breadcrumb","itemListElement":[{"@type":"ListItem","position":1,"name":"Startseite","item":"https:\/\/www.sonnenseite.com\/de\/"},{"@type":"ListItem","position":2,"name":"Warum importiert Deutschland Strom?"}]},{"@type":"WebSite","@id":"https:\/\/www.sonnenseite.com\/de\/#website","url":"https:\/\/www.sonnenseite.com\/de\/","name":"Sonnenseite","description":"\u00d6kologische Kommunikation mit Franz Alt","publisher":{"@id":"https:\/\/www.sonnenseite.com\/de\/#organization"},"potentialAction":[{"@type":"SearchAction","target":{"@type":"EntryPoint","urlTemplate":"https:\/\/www.sonnenseite.com\/de\/?s={search_term_string}"},"query-input":{"@type":"PropertyValueSpecification","valueRequired":true,"valueName":"search_term_string"}}],"inLanguage":"de"},{"@type":"Organization","@id":"https:\/\/www.sonnenseite.com\/de\/#organization","name":"Sonnenseite","url":"https:\/\/www.sonnenseite.com\/de\/","logo":{"@type":"ImageObject","inLanguage":"de","@id":"https:\/\/www.sonnenseite.com\/de\/#\/schema\/logo\/image\/","url":"https:\/\/www.sonnenseite.com\/wp-content\/uploads\/2020\/05\/Sonnenseite_Logo.png","contentUrl":"https:\/\/www.sonnenseite.com\/wp-content\/uploads\/2020\/05\/Sonnenseite_Logo.png","width":377,"height":90,"caption":"Sonnenseite"},"image":{"@id":"https:\/\/www.sonnenseite.com\/de\/#\/schema\/logo\/image\/"},"sameAs":["https:\/\/www.facebook.com\/pages\/Franz-Alt-SONNENSEITECOM\/221072987903953?fref=ts","https:\/\/x.com\/franzalt","http:\/\/www.youtube.com\/results?search_query&amp;amp;quot;franz_alt&amp;amp;quot;&amp;amp;amp;amp;search_type&amp;amp;amp;amp;aq=f"]},{"@type":"Person","@id":"https:\/\/www.sonnenseite.com\/de\/#\/schema\/person\/50fda0e926597684c7cc6695238a4eb9","name":"Bigi Alt"}]}},"_links":{"self":[{"href":"https:\/\/www.sonnenseite.com\/de\/wp-json\/wp\/v2\/posts\/94613","targetHints":{"allow":["GET"]}}],"collection":[{"href":"https:\/\/www.sonnenseite.com\/de\/wp-json\/wp\/v2\/posts"}],"about":[{"href":"https:\/\/www.sonnenseite.com\/de\/wp-json\/wp\/v2\/types\/post"}],"author":[{"embeddable":true,"href":"https:\/\/www.sonnenseite.com\/de\/wp-json\/wp\/v2\/users\/3"}],"replies":[{"embeddable":true,"href":"https:\/\/www.sonnenseite.com\/de\/wp-json\/wp\/v2\/comments?post=94613"}],"version-history":[{"count":2,"href":"https:\/\/www.sonnenseite.com\/de\/wp-json\/wp\/v2\/posts\/94613\/revisions"}],"predecessor-version":[{"id":94615,"href":"https:\/\/www.sonnenseite.com\/de\/wp-json\/wp\/v2\/posts\/94613\/revisions\/94615"}],"wp:featuredmedia":[{"embeddable":true,"href":"https:\/\/www.sonnenseite.com\/de\/wp-json\/wp\/v2\/media\/64864"}],"wp:attachment":[{"href":"https:\/\/www.sonnenseite.com\/de\/wp-json\/wp\/v2\/media?parent=94613"}],"wp:term":[{"taxonomy":"category","embeddable":true,"href":"https:\/\/www.sonnenseite.com\/de\/wp-json\/wp\/v2\/categories?post=94613"},{"taxonomy":"post_tag","embeddable":true,"href":"https:\/\/www.sonnenseite.com\/de\/wp-json\/wp\/v2\/tags?post=94613"}],"curies":[{"name":"wp","href":"https:\/\/api.w.org\/{rel}","templated":true}]}}