{"id":94654,"date":"2023-10-14T02:55:00","date_gmt":"2023-10-14T00:55:00","guid":{"rendered":"https:\/\/www.sonnenseite.com\/?p=94654"},"modified":"2023-10-29T09:47:07","modified_gmt":"2023-10-29T08:47:07","slug":"ist-das-haus-fit-fuer-die-waermepumpe","status":"publish","type":"post","link":"https:\/\/www.sonnenseite.com\/de\/tipps\/ist-das-haus-fit-fuer-die-waermepumpe\/","title":{"rendered":"Ist das Haus fit f\u00fcr die W\u00e4rmepumpe?"},"content":{"rendered":"\n<p>Tipps zum Eignungstest der bestehenden Heiztechnik<\/p>\n\n\n\n<p>Rund um die Verabschiedung des Geb\u00e4udeenergiegesetzes (GEG) stellt sich f\u00fcr viele Verbraucher:innen die Frage, ob der Einsatz einer W\u00e4rmepumpe f\u00fcr ihr Haus technisch in Frage kommt. Ein Vorteil dieser Heiztechnologie ist, dass sie neben dem Haushaltsstrom die kostenfreie Umweltw\u00e4rme aus Luft, Erde und Wasser nutzt. \u201eW\u00e4rmepumpen werden in Zukunft ein wesentlicher Baustein f\u00fcr die W\u00e4rmeversorgung von Wohngeb\u00e4uden sein\u201c, sagt Stephan Herpertz, Energieexperte der Verbraucherzentrale NRW. <\/p>\n\n\n\n<p>\u201eDamit m\u00f6glichst viel Umweltw\u00e4rme f\u00fcr die Beheizung genutzt werden kann, sollte die W\u00e4rmepumpe gerade in der kalten Jahreszeit m\u00f6glichst effizient betrieben werden. Ob die vorhandene Haustechnik schon fit genug f\u00fcr den W\u00e4rmepumpenbetrieb ist, l\u00e4sst sich mit dem sogenannten 50-Grad-Temperatur-Test eigenh\u00e4ndig \u00fcberpr\u00fcfen\u201c. Wie dieser Eignungstest f\u00fcr das Haus funktioniert und was zu beachten ist, hat die Verbraucherzentrale NRW in vier Tipps zusammengestellt.<\/p>\n\n\n\n<ul class=\"wp-block-list\">\n<li><strong>Technische Voraussetzungen kl\u00e4ren<\/strong><br>F\u00fcr die Durchf\u00fchrung des 50-Grad-Temperatur-Tests sollte die bestehende Heizung \u00fcber einen Au\u00dfentemperaturf\u00fchler verf\u00fcgen. In diesem Fall kann die Vorlauftemperatur in Abh\u00e4ngigkeit von der Au\u00dfentemperatur geregelt werden. Diese Abh\u00e4ngigkeit ist als sogenannte Heizkurve in der Heizungsregelung hinterlegt. Der Vorlauf ist der Teil des Heizkreises, \u00fcber den das warme Wasser vom Heizkessel oder der W\u00e4rmepumpe bzw. einem zwischengeschalteten Speicher zu den einzelnen Heizk\u00f6rpern flie\u00dft. Wichtig ist auch, dass die Heizkurve in der Heizungsregelung angepasst werden kann. Der Test liefert noch aussagekr\u00e4ftigere Ergebnisse, wenn bereits ein hydraulischer Abgleich durchgef\u00fchrt worden ist.<\/li>\n\n\n\n<li><strong>50-Grad-Temperatur-Test durchf\u00fchren<\/strong><br>Im ersten Schritt ist die Neigung der Heizkurve so einzustellen, dass im Vorlauf &nbsp;eine Temperatur von 50 bis maximal 55 Grad Celsius nicht \u00fcberschritten wird. F\u00fcr den effizienten Betrieb einer W\u00e4rmpumpe ist diese Vorlauftemperatur erstrebenswert. Im zweiten Schritt sollten Verbraucher:innen pr\u00fcfen, ob sich das Haus bei voll aufgedrehten Thermostatventilen an mehreren kalten Tagen hintereinander (Temperaturen m\u00f6glichst unterhalb von 0 Grad Celsius) mit dieser Einstellung der Heizkurve ausreichend heizen l\u00e4sst. Verl\u00e4uft der Test erfolgreich, ist dies ein wichtiger Indikator, dass im Geb\u00e4ude eine W\u00e4rmepumpe effizient betrieben werden kann. Positiver Nebeneffekt nach bestandenem 50-Grad-Temperatur-Test: Verbraucher:innen k\u00f6nnen die vorgenommene Einstellung der Heizkurve so bestehen lassen. Denn durch die Absenkung der Vorlauftemperatur werden gleichzeitig W\u00e4rmeverluste im Heizkreislauf reduziert. Das spart zus\u00e4tzlich Energiekosten.<\/li>\n\n\n\n<li><strong>Was tun, wenn 55 Grad Celsius im Vorlauf nicht reichen<\/strong><strong><br><\/strong>Reicht die Heizleistung bei reduzierter Vorlauftemperatur nicht aus, gilt es, die Neigung der Heizkurve Schritt f\u00fcr Schritt zu erh\u00f6hen, bis die Heizleistung ausreicht. Dabei sollte die Heizkurve so wenig wie m\u00f6glich und so viel wie n\u00f6tig erh\u00f6ht werden. Wissen Verbraucher:innen nicht, wie sich die passende Einstellung vornehmen l\u00e4sst, k\u00f6nnen sie sich dazu bei ihrem Heizungsinstallateur erkundigen oder in der Bedienungsanleitung ihrer Heizung nachschauen. Ein negativer Test schlie\u00dft die Inbetriebnahme einer W\u00e4rmepumpe aber nicht zwangsl\u00e4ufig aus. Er ist aber ein wichtiger Indikator daf\u00fcr, ob die geplante W\u00e4rmepumpe \u00f6konomisch und \u00f6kologisch effizient betrieben werden kann oder weitere Optimierungsarbeiten notwendig sind.<\/li>\n\n\n\n<li><strong>Optimierungsarbeiten vor dem Einbau der W\u00e4rmepumpe<\/strong><strong><br><\/strong>Die n\u00e4chsten Schritte zur Ert\u00fcchtigung des vorhandenen Heizsystems sind eine raumweise Heizlastberechnung. Diese bildet die Grundlage f\u00fcr den hydraulischen Abgleich des gesamten Heizsystems und die Bewertung der einzelnen Heizk\u00f6rper hinsichtlich ihrer Leistung. Es kann schon ausreichen, einzelne Heizk\u00f6rper gegen gr\u00f6\u00dfere auszutauschen, um die Vorlauftemperaturen abzusenken. Auch der hydraulische Abgleich kann eine effektive Ma\u00dfnahme zur Optimierung der Heizanlage sein. Vereinfacht ausgedr\u00fcckt sorgt der hydraulische Abgleich daf\u00fcr, dass durch alle Heizk\u00f6rper die richtige Wassermenge flie\u00dfen kann, um die einzelnen R\u00e4ume auf die gew\u00fcnschte Temperatur &nbsp;aufzuheizen. Dieser sollte nur von Fachkr\u00e4ften des Heizungsbaugewerbes ausgef\u00fchrt werden. Diese und weitere Ma\u00dfnahmen zur Optimierung der Heizungsanlage k\u00f6nnen durch die Bundesf\u00f6rderung f\u00fcr effiziente Geb\u00e4ude (BEG) mit 15 bis 20 Prozent der f\u00f6rderf\u00e4higen Kosten bezuschusst werden.<\/li>\n<\/ul>\n\n\n\n<p><strong>Weitere Informationen und Links:<\/strong><\/p>\n\n\n\n<ul class=\"wp-block-list\">\n<li>Onlinetool zur \u00dcberpr\u00fcfung, ob das Geb\u00e4ude fit f\u00fcr den Einsatz einer W\u00e4rmpumpe ist:<br><a href=\"http:\/\/www.verbraucherzentrale.nrw\/node\/71237\" target=\"_blank\" rel=\"noreferrer noopener\">ww.verbraucherzentrale.nrw\/node\/71237<\/a><\/li>\n\n\n\n<li>Informationen zur Optimierung der Heizungsanlage und zum Heizkostensparen:<br><a href=\"https:\/\/www.verbraucherzentrale.nrw\/node\/30096\" target=\"_blank\" rel=\"noreferrer noopener\">https:\/\/www.verbraucherzentrale.nrw\/node\/30096<\/a><\/li>\n\n\n\n<li>Informationen zur Wahl des richtigen F\u00f6rderprogramms:<br><a href=\"https:\/\/www.verbraucherzentrale.nrw\/node\/43745\" target=\"_blank\" rel=\"noreferrer noopener\">https:\/\/www.verbraucherzentrale.nrw\/node\/43745<\/a><\/li>\n<\/ul>\n\n\n\n<p><\/p>\n\n\n<h5 class=\"green\">Quelle<\/h5>\r\n\n\n\n<p><a href=\"https:\/\/www.verbraucherzentrale.nrw\/\">Verbraucherzentrale NRW 2023<\/a><\/p>\n<div class=\"shariff shariff-align-flex-start shariff-widget-align-flex-start\"><div class=\"ShariffHeadline\">Diese Meldung teilen<\/div><ul class=\"shariff-buttons theme-round orientation-horizontal buttonsize-medium\"><li class=\"shariff-button facebook shariff-nocustomcolor\" style=\"background-color:#4273c8;border-radius:1%\"><a href=\"https:\/\/www.facebook.com\/sharer\/sharer.php?u=https%3A%2F%2Fwww.sonnenseite.com%2Fde%2Ftipps%2Fist-das-haus-fit-fuer-die-waermepumpe%2F\" title=\"Bei Facebook teilen\" aria-label=\"Bei Facebook teilen\" role=\"button\" rel=\"nofollow\" class=\"shariff-link\" style=\";border-radius:1%; background-color:#3b5998; color:#fff\" target=\"_blank\"><span class=\"shariff-icon\" style=\"\"><svg width=\"32px\" height=\"20px\" xmlns=\"http:\/\/www.w3.org\/2000\/svg\" viewBox=\"0 0 18 32\"><path fill=\"#3b5998\" d=\"M17.1 0.2v4.7h-2.8q-1.5 0-2.1 0.6t-0.5 1.9v3.4h5.2l-0.7 5.3h-4.5v13.6h-5.5v-13.6h-4.5v-5.3h4.5v-3.9q0-3.3 1.9-5.2t5-1.8q2.6 0 4.1 0.2z\"\/><\/svg><\/span><\/a><\/li><li class=\"shariff-button twitter shariff-nocustomcolor\" style=\"background-color:#595959;border-radius:1%\"><a href=\"https:\/\/twitter.com\/share?url=https%3A%2F%2Fwww.sonnenseite.com%2Fde%2Ftipps%2Fist-das-haus-fit-fuer-die-waermepumpe%2F&text=Ist%20das%20Haus%20fit%20f%C3%BCr%20die%20W%C3%A4rmepumpe%3F\" title=\"Bei X teilen\" aria-label=\"Bei X teilen\" role=\"button\" rel=\"noopener nofollow\" class=\"shariff-link\" style=\";border-radius:1%; background-color:#000; color:#fff\" target=\"_blank\"><span class=\"shariff-icon\" style=\"\"><svg width=\"32px\" height=\"20px\" xmlns=\"http:\/\/www.w3.org\/2000\/svg\" viewBox=\"0 0 24 24\"><path fill=\"#000\" d=\"M14.258 10.152L23.176 0h-2.113l-7.747 8.813L7.133 0H0l9.352 13.328L0 23.973h2.113l8.176-9.309 6.531 9.309h7.133zm-2.895 3.293l-.949-1.328L2.875 1.56h3.246l6.086 8.523.945 1.328 7.91 11.078h-3.246zm0 0\"\/><\/svg><\/span><\/a><\/li><li class=\"shariff-button xing shariff-nocustomcolor\" style=\"background-color:#29888a;border-radius:1%\"><a href=\"https:\/\/www.xing.com\/spi\/shares\/new?url=https%3A%2F%2Fwww.sonnenseite.com%2Fde%2Ftipps%2Fist-das-haus-fit-fuer-die-waermepumpe%2F\" title=\"Bei XING teilen\" aria-label=\"Bei XING teilen\" role=\"button\" rel=\"noopener nofollow\" class=\"shariff-link\" style=\";border-radius:1%; background-color:#126567; color:#fff\" target=\"_blank\"><span class=\"shariff-icon\" style=\"\"><svg width=\"32px\" height=\"20px\" xmlns=\"http:\/\/www.w3.org\/2000\/svg\" viewBox=\"0 0 25 32\"><path fill=\"#126567\" d=\"M10.7 11.9q-0.2 0.3-4.6 8.2-0.5 0.8-1.2 0.8h-4.3q-0.4 0-0.5-0.3t0-0.6l4.5-8q0 0 0 0l-2.9-5q-0.2-0.4 0-0.7 0.2-0.3 0.5-0.3h4.3q0.7 0 1.2 0.8zM25.1 0.4q0.2 0.3 0 0.7l-9.4 16.7 6 11q0.2 0.4 0 0.6-0.2 0.3-0.6 0.3h-4.3q-0.7 0-1.2-0.8l-6-11.1q0.3-0.6 9.5-16.8 0.4-0.8 1.2-0.8h4.3q0.4 0 0.5 0.3z\"\/><\/svg><\/span><\/a><\/li><li class=\"shariff-button linkedin shariff-nocustomcolor\" style=\"background-color:#1488bf;border-radius:1%\"><a href=\"https:\/\/www.linkedin.com\/sharing\/share-offsite\/?url=https%3A%2F%2Fwww.sonnenseite.com%2Fde%2Ftipps%2Fist-das-haus-fit-fuer-die-waermepumpe%2F\" title=\"Bei LinkedIn teilen\" aria-label=\"Bei LinkedIn teilen\" role=\"button\" rel=\"noopener nofollow\" class=\"shariff-link\" style=\";border-radius:1%; background-color:#0077b5; color:#fff\" target=\"_blank\"><span class=\"shariff-icon\" style=\"\"><svg width=\"32px\" height=\"20px\" xmlns=\"http:\/\/www.w3.org\/2000\/svg\" viewBox=\"0 0 27 32\"><path fill=\"#0077b5\" d=\"M6.2 11.2v17.7h-5.9v-17.7h5.9zM6.6 5.7q0 1.3-0.9 2.2t-2.4 0.9h0q-1.5 0-2.4-0.9t-0.9-2.2 0.9-2.2 2.4-0.9 2.4 0.9 0.9 2.2zM27.4 18.7v10.1h-5.9v-9.5q0-1.9-0.7-2.9t-2.3-1.1q-1.1 0-1.9 0.6t-1.2 1.5q-0.2 0.5-0.2 1.4v9.9h-5.9q0-7.1 0-11.6t0-5.3l0-0.9h5.9v2.6h0q0.4-0.6 0.7-1t1-0.9 1.6-0.8 2-0.3q3 0 4.9 2t1.9 6z\"\/><\/svg><\/span><\/a><\/li><li class=\"shariff-button printer shariff-nocustomcolor\" style=\"background-color:#a8a8a8;border-radius:1%\"><a href=\"javascript:window.print()\" title=\"drucken\" aria-label=\"drucken\" role=\"button\" rel=\"noopener nofollow\" class=\"shariff-link\" style=\";border-radius:1%; background-color:#999; color:#fff\"><span class=\"shariff-icon\" style=\"\"><svg width=\"32px\" height=\"20px\" xmlns=\"http:\/\/www.w3.org\/2000\/svg\" viewBox=\"0 0 30 32\"><path fill=\"#999\" d=\"M6.8 27.4h16v-4.6h-16v4.6zM6.8 16h16v-6.8h-2.8q-0.7 0-1.2-0.5t-0.5-1.2v-2.8h-11.4v11.4zM27.4 17.2q0-0.5-0.3-0.8t-0.8-0.4-0.8 0.4-0.3 0.8 0.3 0.8 0.8 0.3 0.8-0.3 0.3-0.8zM29.7 17.2v7.4q0 0.2-0.2 0.4t-0.4 0.2h-4v2.8q0 0.7-0.5 1.2t-1.2 0.5h-17.2q-0.7 0-1.2-0.5t-0.5-1.2v-2.8h-4q-0.2 0-0.4-0.2t-0.2-0.4v-7.4q0-1.4 1-2.4t2.4-1h1.2v-9.7q0-0.7 0.5-1.2t1.2-0.5h12q0.7 0 1.6 0.4t1.3 0.8l2.7 2.7q0.5 0.5 0.9 1.4t0.4 1.6v4.6h1.1q1.4 0 2.4 1t1 2.4z\"\/><\/svg><\/span><\/a><\/li><li class=\"shariff-button mailto shariff-nocustomcolor\" style=\"background-color:#a8a8a8;border-radius:1%\"><a href=\"mailto:?body=https%3A%2F%2Fwww.sonnenseite.com%2Fde%2Ftipps%2Fist-das-haus-fit-fuer-die-waermepumpe%2F&subject=Ist%20das%20Haus%20fit%20f%C3%BCr%20die%20W%C3%A4rmepumpe%3F\" title=\"Per E-Mail versenden\" aria-label=\"Per E-Mail versenden\" role=\"button\" rel=\"noopener nofollow\" class=\"shariff-link\" style=\";border-radius:1%; background-color:#999; color:#fff\"><span class=\"shariff-icon\" style=\"\"><svg width=\"32px\" height=\"20px\" xmlns=\"http:\/\/www.w3.org\/2000\/svg\" viewBox=\"0 0 32 32\"><path fill=\"#999\" d=\"M32 12.7v14.2q0 1.2-0.8 2t-2 0.9h-26.3q-1.2 0-2-0.9t-0.8-2v-14.2q0.8 0.9 1.8 1.6 6.5 4.4 8.9 6.1 1 0.8 1.6 1.2t1.7 0.9 2 0.4h0.1q0.9 0 2-0.4t1.7-0.9 1.6-1.2q3-2.2 8.9-6.1 1-0.7 1.8-1.6zM32 7.4q0 1.4-0.9 2.7t-2.2 2.2q-6.7 4.7-8.4 5.8-0.2 0.1-0.7 0.5t-1 0.7-0.9 0.6-1.1 0.5-0.9 0.2h-0.1q-0.4 0-0.9-0.2t-1.1-0.5-0.9-0.6-1-0.7-0.7-0.5q-1.6-1.1-4.7-3.2t-3.6-2.6q-1.1-0.7-2.1-2t-1-2.5q0-1.4 0.7-2.3t2.1-0.9h26.3q1.2 0 2 0.8t0.9 2z\"\/><\/svg><\/span><\/a><\/li><\/ul><\/div>","protected":false},"excerpt":{"rendered":"<p>Tipps zum Eignungstest der bestehenden Heiztechnik Rund um die Verabschiedung des Geb\u00e4udeenergiegesetzes (GEG) stellt sich f\u00fcr [&hellip;]<\/p>\n","protected":false},"author":3,"featured_media":88322,"comment_status":"closed","ping_status":"closed","sticky":false,"template":"","format":"standard","meta":{"inline_featured_image":false,"footnotes":""},"categories":[28],"tags":[],"class_list":["post-94654","post","type-post","status-publish","format-standard","has-post-thumbnail","hentry","category-tipps"],"yoast_head":"<!-- This site is optimized with the Yoast SEO plugin v26.5 - https:\/\/yoast.com\/wordpress\/plugins\/seo\/ -->\n<title>Ist das Haus fit f\u00fcr die W\u00e4rmepumpe? - Sonnenseite - \u00d6kologische Kommunikation mit Franz Alt<\/title>\n<meta name=\"description\" content=\"Tipps zum Eignungstest der bestehenden Heiztechnik Rund um die Verabschiedung des Geb\u00e4udeenergiegesetzes (GEG) stellt sich f\u00fcr viele Verbraucher:innen die\" \/>\n<meta name=\"robots\" content=\"index, follow, max-snippet:-1, max-image-preview:large, max-video-preview:-1\" \/>\n<link rel=\"canonical\" href=\"https:\/\/www.sonnenseite.com\/de\/tipps\/ist-das-haus-fit-fuer-die-waermepumpe\/\" \/>\n<meta property=\"og:locale\" content=\"de_DE\" \/>\n<meta property=\"og:type\" content=\"article\" \/>\n<meta property=\"og:title\" content=\"Ist das Haus fit f\u00fcr die W\u00e4rmepumpe? - Sonnenseite - \u00d6kologische Kommunikation mit Franz Alt\" \/>\n<meta property=\"og:description\" content=\"Tipps zum Eignungstest der bestehenden Heiztechnik Rund um die Verabschiedung des Geb\u00e4udeenergiegesetzes (GEG) stellt sich f\u00fcr viele Verbraucher:innen die\" \/>\n<meta property=\"og:url\" content=\"https:\/\/www.sonnenseite.com\/de\/tipps\/ist-das-haus-fit-fuer-die-waermepumpe\/\" \/>\n<meta property=\"og:site_name\" content=\"Sonnenseite\" \/>\n<meta property=\"article:publisher\" content=\"https:\/\/www.facebook.com\/pages\/Franz-Alt-SONNENSEITECOM\/221072987903953?fref=ts\" \/>\n<meta property=\"article:published_time\" content=\"2023-10-14T00:55:00+00:00\" \/>\n<meta property=\"article:modified_time\" content=\"2023-10-29T08:47:07+00:00\" \/>\n<meta property=\"og:image\" content=\"https:\/\/www.sonnenseite.com\/wp-content\/uploads\/2023\/01\/Waermepumpe_welcomia.jpg\" \/>\n\t<meta property=\"og:image:width\" content=\"770\" \/>\n\t<meta property=\"og:image:height\" content=\"420\" \/>\n\t<meta property=\"og:image:type\" content=\"image\/jpeg\" \/>\n<meta name=\"author\" content=\"Bigi Alt\" \/>\n<meta name=\"twitter:card\" content=\"summary_large_image\" \/>\n<meta name=\"twitter:creator\" content=\"@franzalt\" \/>\n<meta name=\"twitter:site\" content=\"@franzalt\" \/>\n<meta name=\"twitter:label1\" content=\"Verfasst von\" \/>\n\t<meta name=\"twitter:data1\" content=\"Bigi Alt\" \/>\n\t<meta name=\"twitter:label2\" content=\"Gesch\u00e4tzte Lesezeit\" \/>\n\t<meta name=\"twitter:data2\" content=\"4\u00a0Minuten\" \/>\n<script type=\"application\/ld+json\" class=\"yoast-schema-graph\">{\"@context\":\"https:\/\/schema.org\",\"@graph\":[{\"@type\":\"Article\",\"@id\":\"https:\/\/www.sonnenseite.com\/de\/tipps\/ist-das-haus-fit-fuer-die-waermepumpe\/#article\",\"isPartOf\":{\"@id\":\"https:\/\/www.sonnenseite.com\/de\/tipps\/ist-das-haus-fit-fuer-die-waermepumpe\/\"},\"author\":{\"name\":\"Bigi Alt\",\"@id\":\"https:\/\/www.sonnenseite.com\/de\/#\/schema\/person\/50fda0e926597684c7cc6695238a4eb9\"},\"headline\":\"Ist das Haus fit f\u00fcr die W\u00e4rmepumpe?\",\"datePublished\":\"2023-10-14T00:55:00+00:00\",\"dateModified\":\"2023-10-29T08:47:07+00:00\",\"mainEntityOfPage\":{\"@id\":\"https:\/\/www.sonnenseite.com\/de\/tipps\/ist-das-haus-fit-fuer-die-waermepumpe\/\"},\"wordCount\":717,\"publisher\":{\"@id\":\"https:\/\/www.sonnenseite.com\/de\/#organization\"},\"image\":{\"@id\":\"https:\/\/www.sonnenseite.com\/de\/tipps\/ist-das-haus-fit-fuer-die-waermepumpe\/#primaryimage\"},\"thumbnailUrl\":\"https:\/\/www.sonnenseite.com\/wp-content\/uploads\/2023\/01\/Waermepumpe_welcomia.jpg\",\"articleSection\":[\"Tipps\"],\"inLanguage\":\"de\"},{\"@type\":\"WebPage\",\"@id\":\"https:\/\/www.sonnenseite.com\/de\/tipps\/ist-das-haus-fit-fuer-die-waermepumpe\/\",\"url\":\"https:\/\/www.sonnenseite.com\/de\/tipps\/ist-das-haus-fit-fuer-die-waermepumpe\/\",\"name\":\"Ist das Haus fit f\u00fcr die W\u00e4rmepumpe? - Sonnenseite - \u00d6kologische Kommunikation mit Franz Alt\",\"isPartOf\":{\"@id\":\"https:\/\/www.sonnenseite.com\/de\/#website\"},\"primaryImageOfPage\":{\"@id\":\"https:\/\/www.sonnenseite.com\/de\/tipps\/ist-das-haus-fit-fuer-die-waermepumpe\/#primaryimage\"},\"image\":{\"@id\":\"https:\/\/www.sonnenseite.com\/de\/tipps\/ist-das-haus-fit-fuer-die-waermepumpe\/#primaryimage\"},\"thumbnailUrl\":\"https:\/\/www.sonnenseite.com\/wp-content\/uploads\/2023\/01\/Waermepumpe_welcomia.jpg\",\"datePublished\":\"2023-10-14T00:55:00+00:00\",\"dateModified\":\"2023-10-29T08:47:07+00:00\",\"description\":\"Tipps zum Eignungstest der bestehenden Heiztechnik Rund um die Verabschiedung des Geb\u00e4udeenergiegesetzes (GEG) stellt sich f\u00fcr viele Verbraucher:innen die\",\"breadcrumb\":{\"@id\":\"https:\/\/www.sonnenseite.com\/de\/tipps\/ist-das-haus-fit-fuer-die-waermepumpe\/#breadcrumb\"},\"inLanguage\":\"de\",\"potentialAction\":[{\"@type\":\"ReadAction\",\"target\":[\"https:\/\/www.sonnenseite.com\/de\/tipps\/ist-das-haus-fit-fuer-die-waermepumpe\/\"]}]},{\"@type\":\"ImageObject\",\"inLanguage\":\"de\",\"@id\":\"https:\/\/www.sonnenseite.com\/de\/tipps\/ist-das-haus-fit-fuer-die-waermepumpe\/#primaryimage\",\"url\":\"https:\/\/www.sonnenseite.com\/wp-content\/uploads\/2023\/01\/Waermepumpe_welcomia.jpg\",\"contentUrl\":\"https:\/\/www.sonnenseite.com\/wp-content\/uploads\/2023\/01\/Waermepumpe_welcomia.jpg\",\"width\":770,\"height\":420,\"caption\":\"Depositphotos.com | welcomia | W\u00e4rmepumpe\"},{\"@type\":\"BreadcrumbList\",\"@id\":\"https:\/\/www.sonnenseite.com\/de\/tipps\/ist-das-haus-fit-fuer-die-waermepumpe\/#breadcrumb\",\"itemListElement\":[{\"@type\":\"ListItem\",\"position\":1,\"name\":\"Startseite\",\"item\":\"https:\/\/www.sonnenseite.com\/de\/\"},{\"@type\":\"ListItem\",\"position\":2,\"name\":\"Ist das Haus fit f\u00fcr die W\u00e4rmepumpe?\"}]},{\"@type\":\"WebSite\",\"@id\":\"https:\/\/www.sonnenseite.com\/de\/#website\",\"url\":\"https:\/\/www.sonnenseite.com\/de\/\",\"name\":\"Sonnenseite\",\"description\":\"\u00d6kologische Kommunikation mit Franz Alt\",\"publisher\":{\"@id\":\"https:\/\/www.sonnenseite.com\/de\/#organization\"},\"potentialAction\":[{\"@type\":\"SearchAction\",\"target\":{\"@type\":\"EntryPoint\",\"urlTemplate\":\"https:\/\/www.sonnenseite.com\/de\/?s={search_term_string}\"},\"query-input\":{\"@type\":\"PropertyValueSpecification\",\"valueRequired\":true,\"valueName\":\"search_term_string\"}}],\"inLanguage\":\"de\"},{\"@type\":\"Organization\",\"@id\":\"https:\/\/www.sonnenseite.com\/de\/#organization\",\"name\":\"Sonnenseite\",\"url\":\"https:\/\/www.sonnenseite.com\/de\/\",\"logo\":{\"@type\":\"ImageObject\",\"inLanguage\":\"de\",\"@id\":\"https:\/\/www.sonnenseite.com\/de\/#\/schema\/logo\/image\/\",\"url\":\"https:\/\/www.sonnenseite.com\/wp-content\/uploads\/2020\/05\/Sonnenseite_Logo.png\",\"contentUrl\":\"https:\/\/www.sonnenseite.com\/wp-content\/uploads\/2020\/05\/Sonnenseite_Logo.png\",\"width\":377,\"height\":90,\"caption\":\"Sonnenseite\"},\"image\":{\"@id\":\"https:\/\/www.sonnenseite.com\/de\/#\/schema\/logo\/image\/\"},\"sameAs\":[\"https:\/\/www.facebook.com\/pages\/Franz-Alt-SONNENSEITECOM\/221072987903953?fref=ts\",\"https:\/\/x.com\/franzalt\",\"http:\/\/www.youtube.com\/results?search_query&amp;amp;quot;franz_alt&amp;amp;quot;&amp;amp;amp;amp;search_type&amp;amp;amp;amp;aq=f\"]},{\"@type\":\"Person\",\"@id\":\"https:\/\/www.sonnenseite.com\/de\/#\/schema\/person\/50fda0e926597684c7cc6695238a4eb9\",\"name\":\"Bigi Alt\"}]}<\/script>\n<!-- \/ Yoast SEO plugin. -->","yoast_head_json":{"title":"Ist das Haus fit f\u00fcr die W\u00e4rmepumpe? - Sonnenseite - \u00d6kologische Kommunikation mit Franz Alt","description":"Tipps zum Eignungstest der bestehenden Heiztechnik Rund um die Verabschiedung des Geb\u00e4udeenergiegesetzes (GEG) stellt sich f\u00fcr viele Verbraucher:innen die","robots":{"index":"index","follow":"follow","max-snippet":"max-snippet:-1","max-image-preview":"max-image-preview:large","max-video-preview":"max-video-preview:-1"},"canonical":"https:\/\/www.sonnenseite.com\/de\/tipps\/ist-das-haus-fit-fuer-die-waermepumpe\/","og_locale":"de_DE","og_type":"article","og_title":"Ist das Haus fit f\u00fcr die W\u00e4rmepumpe? - Sonnenseite - \u00d6kologische Kommunikation mit Franz Alt","og_description":"Tipps zum Eignungstest der bestehenden Heiztechnik Rund um die Verabschiedung des Geb\u00e4udeenergiegesetzes (GEG) stellt sich f\u00fcr viele Verbraucher:innen die","og_url":"https:\/\/www.sonnenseite.com\/de\/tipps\/ist-das-haus-fit-fuer-die-waermepumpe\/","og_site_name":"Sonnenseite","article_publisher":"https:\/\/www.facebook.com\/pages\/Franz-Alt-SONNENSEITECOM\/221072987903953?fref=ts","article_published_time":"2023-10-14T00:55:00+00:00","article_modified_time":"2023-10-29T08:47:07+00:00","og_image":[{"width":770,"height":420,"url":"https:\/\/www.sonnenseite.com\/wp-content\/uploads\/2023\/01\/Waermepumpe_welcomia.jpg","type":"image\/jpeg"}],"author":"Bigi Alt","twitter_card":"summary_large_image","twitter_creator":"@franzalt","twitter_site":"@franzalt","twitter_misc":{"Verfasst von":"Bigi Alt","Gesch\u00e4tzte Lesezeit":"4\u00a0Minuten"},"schema":{"@context":"https:\/\/schema.org","@graph":[{"@type":"Article","@id":"https:\/\/www.sonnenseite.com\/de\/tipps\/ist-das-haus-fit-fuer-die-waermepumpe\/#article","isPartOf":{"@id":"https:\/\/www.sonnenseite.com\/de\/tipps\/ist-das-haus-fit-fuer-die-waermepumpe\/"},"author":{"name":"Bigi Alt","@id":"https:\/\/www.sonnenseite.com\/de\/#\/schema\/person\/50fda0e926597684c7cc6695238a4eb9"},"headline":"Ist das Haus fit f\u00fcr die W\u00e4rmepumpe?","datePublished":"2023-10-14T00:55:00+00:00","dateModified":"2023-10-29T08:47:07+00:00","mainEntityOfPage":{"@id":"https:\/\/www.sonnenseite.com\/de\/tipps\/ist-das-haus-fit-fuer-die-waermepumpe\/"},"wordCount":717,"publisher":{"@id":"https:\/\/www.sonnenseite.com\/de\/#organization"},"image":{"@id":"https:\/\/www.sonnenseite.com\/de\/tipps\/ist-das-haus-fit-fuer-die-waermepumpe\/#primaryimage"},"thumbnailUrl":"https:\/\/www.sonnenseite.com\/wp-content\/uploads\/2023\/01\/Waermepumpe_welcomia.jpg","articleSection":["Tipps"],"inLanguage":"de"},{"@type":"WebPage","@id":"https:\/\/www.sonnenseite.com\/de\/tipps\/ist-das-haus-fit-fuer-die-waermepumpe\/","url":"https:\/\/www.sonnenseite.com\/de\/tipps\/ist-das-haus-fit-fuer-die-waermepumpe\/","name":"Ist das Haus fit f\u00fcr die W\u00e4rmepumpe? - Sonnenseite - \u00d6kologische Kommunikation mit Franz Alt","isPartOf":{"@id":"https:\/\/www.sonnenseite.com\/de\/#website"},"primaryImageOfPage":{"@id":"https:\/\/www.sonnenseite.com\/de\/tipps\/ist-das-haus-fit-fuer-die-waermepumpe\/#primaryimage"},"image":{"@id":"https:\/\/www.sonnenseite.com\/de\/tipps\/ist-das-haus-fit-fuer-die-waermepumpe\/#primaryimage"},"thumbnailUrl":"https:\/\/www.sonnenseite.com\/wp-content\/uploads\/2023\/01\/Waermepumpe_welcomia.jpg","datePublished":"2023-10-14T00:55:00+00:00","dateModified":"2023-10-29T08:47:07+00:00","description":"Tipps zum Eignungstest der bestehenden Heiztechnik Rund um die Verabschiedung des Geb\u00e4udeenergiegesetzes (GEG) stellt sich f\u00fcr viele Verbraucher:innen die","breadcrumb":{"@id":"https:\/\/www.sonnenseite.com\/de\/tipps\/ist-das-haus-fit-fuer-die-waermepumpe\/#breadcrumb"},"inLanguage":"de","potentialAction":[{"@type":"ReadAction","target":["https:\/\/www.sonnenseite.com\/de\/tipps\/ist-das-haus-fit-fuer-die-waermepumpe\/"]}]},{"@type":"ImageObject","inLanguage":"de","@id":"https:\/\/www.sonnenseite.com\/de\/tipps\/ist-das-haus-fit-fuer-die-waermepumpe\/#primaryimage","url":"https:\/\/www.sonnenseite.com\/wp-content\/uploads\/2023\/01\/Waermepumpe_welcomia.jpg","contentUrl":"https:\/\/www.sonnenseite.com\/wp-content\/uploads\/2023\/01\/Waermepumpe_welcomia.jpg","width":770,"height":420,"caption":"Depositphotos.com | welcomia | W\u00e4rmepumpe"},{"@type":"BreadcrumbList","@id":"https:\/\/www.sonnenseite.com\/de\/tipps\/ist-das-haus-fit-fuer-die-waermepumpe\/#breadcrumb","itemListElement":[{"@type":"ListItem","position":1,"name":"Startseite","item":"https:\/\/www.sonnenseite.com\/de\/"},{"@type":"ListItem","position":2,"name":"Ist das Haus fit f\u00fcr die W\u00e4rmepumpe?"}]},{"@type":"WebSite","@id":"https:\/\/www.sonnenseite.com\/de\/#website","url":"https:\/\/www.sonnenseite.com\/de\/","name":"Sonnenseite","description":"\u00d6kologische Kommunikation mit Franz Alt","publisher":{"@id":"https:\/\/www.sonnenseite.com\/de\/#organization"},"potentialAction":[{"@type":"SearchAction","target":{"@type":"EntryPoint","urlTemplate":"https:\/\/www.sonnenseite.com\/de\/?s={search_term_string}"},"query-input":{"@type":"PropertyValueSpecification","valueRequired":true,"valueName":"search_term_string"}}],"inLanguage":"de"},{"@type":"Organization","@id":"https:\/\/www.sonnenseite.com\/de\/#organization","name":"Sonnenseite","url":"https:\/\/www.sonnenseite.com\/de\/","logo":{"@type":"ImageObject","inLanguage":"de","@id":"https:\/\/www.sonnenseite.com\/de\/#\/schema\/logo\/image\/","url":"https:\/\/www.sonnenseite.com\/wp-content\/uploads\/2020\/05\/Sonnenseite_Logo.png","contentUrl":"https:\/\/www.sonnenseite.com\/wp-content\/uploads\/2020\/05\/Sonnenseite_Logo.png","width":377,"height":90,"caption":"Sonnenseite"},"image":{"@id":"https:\/\/www.sonnenseite.com\/de\/#\/schema\/logo\/image\/"},"sameAs":["https:\/\/www.facebook.com\/pages\/Franz-Alt-SONNENSEITECOM\/221072987903953?fref=ts","https:\/\/x.com\/franzalt","http:\/\/www.youtube.com\/results?search_query&amp;amp;quot;franz_alt&amp;amp;quot;&amp;amp;amp;amp;search_type&amp;amp;amp;amp;aq=f"]},{"@type":"Person","@id":"https:\/\/www.sonnenseite.com\/de\/#\/schema\/person\/50fda0e926597684c7cc6695238a4eb9","name":"Bigi Alt"}]}},"_links":{"self":[{"href":"https:\/\/www.sonnenseite.com\/de\/wp-json\/wp\/v2\/posts\/94654","targetHints":{"allow":["GET"]}}],"collection":[{"href":"https:\/\/www.sonnenseite.com\/de\/wp-json\/wp\/v2\/posts"}],"about":[{"href":"https:\/\/www.sonnenseite.com\/de\/wp-json\/wp\/v2\/types\/post"}],"author":[{"embeddable":true,"href":"https:\/\/www.sonnenseite.com\/de\/wp-json\/wp\/v2\/users\/3"}],"replies":[{"embeddable":true,"href":"https:\/\/www.sonnenseite.com\/de\/wp-json\/wp\/v2\/comments?post=94654"}],"version-history":[{"count":1,"href":"https:\/\/www.sonnenseite.com\/de\/wp-json\/wp\/v2\/posts\/94654\/revisions"}],"predecessor-version":[{"id":94655,"href":"https:\/\/www.sonnenseite.com\/de\/wp-json\/wp\/v2\/posts\/94654\/revisions\/94655"}],"wp:featuredmedia":[{"embeddable":true,"href":"https:\/\/www.sonnenseite.com\/de\/wp-json\/wp\/v2\/media\/88322"}],"wp:attachment":[{"href":"https:\/\/www.sonnenseite.com\/de\/wp-json\/wp\/v2\/media?parent=94654"}],"wp:term":[{"taxonomy":"category","embeddable":true,"href":"https:\/\/www.sonnenseite.com\/de\/wp-json\/wp\/v2\/categories?post=94654"},{"taxonomy":"post_tag","embeddable":true,"href":"https:\/\/www.sonnenseite.com\/de\/wp-json\/wp\/v2\/tags?post=94654"}],"curies":[{"name":"wp","href":"https:\/\/api.w.org\/{rel}","templated":true}]}}