{"id":94666,"date":"2023-10-12T10:19:29","date_gmt":"2023-10-12T08:19:29","guid":{"rendered":"https:\/\/www.sonnenseite.com\/?p=94666"},"modified":"2023-10-29T09:47:28","modified_gmt":"2023-10-29T08:47:28","slug":"gaza-krieg-gewalt-und-chaos-in-nahost-sind-nicht-alternativlos","status":"publish","type":"post","link":"https:\/\/www.sonnenseite.com\/de\/politik\/gaza-krieg-gewalt-und-chaos-in-nahost-sind-nicht-alternativlos\/","title":{"rendered":"Gaza-Krieg: Gewalt und Chaos in Nahost sind nicht alternativlos"},"content":{"rendered":"\n<p>Die j\u00fcngste Eskalation ist nicht vom Himmel gefallen. Seit Jahrzehnten stellt Israel Expansion \u00fcber Sicherheit. Wie eine friedliche L\u00f6sung weiter blockiert wird, mithilfe der USA.<\/p>\n\n\n\n<p>Das Ausma\u00df der Zerst\u00f6rung ist jetzt schon erschreckend, und es wird aller Wahrscheinlichkeit nach dramatischer werden, wenn weiter auf Waffengewalt gesetzt wird.<\/p>\n\n\n\n<p><a href=\"https:\/\/www.tagesschau.de\/ausland\/asien\/israel-gaza-hamas-krieg-102.html\" rel=\"noreferrer noopener\" target=\"_blank\">Nach neuen Angaben<\/a> sind in Israel durch den \u00dcberraschungsangriff des militanten Arms der Hamas am Samstag 1.200 Menschen get\u00f6tet worden. Bei den blutigen \u00dcbergriffen wurden Besucher:innen eines Musikfestivals, Israelis in Siedlungen nahe dem Gazastreifen sowie israelische Soldaten umgebracht. Die K\u00e4mpfer sollen dabei rund 150 Geiseln genommen und verschleppt haben.<\/p>\n\n\n\n<p>Die pal\u00e4stinensischen Beh\u00f6rden <a href=\"https:\/\/www.aljazeera.com\/news\/liveblog\/2023\/10\/10\/israel-hamas-war-live-appeals-for-safe-corridor-gaza-toll-goes-past-700\" rel=\"noreferrer noopener\" target=\"_blank\">erkl\u00e4rten<\/a>, dass bei den israelischen Bombardierungen von unter anderem Wohnh\u00e4usern, Schulen und medizinischen Einrichtungen im Gazastreifen bis jetzt mindestens 1.100 Pal\u00e4stinenser, darunter Hunderte Kinder, <a href=\"https:\/\/www.commondreams.org\/news\/sanders-israel-gaza\" rel=\"noreferrer noopener\" target=\"_blank\">get\u00f6tet wurden<\/a>. Zudem hat das israelische Milit\u00e4r die Leichen von <a href=\"https:\/\/abcnews.go.com\/International\/live-updates\/israel-gaza-hamas\/1500-palestinian-militants-found-dead-along-israeligaza-border-idf-says-103856155?id=103804516\" rel=\"noreferrer noopener\" target=\"_blank\">1.500 zus\u00e4tzlichen Pal\u00e4stinensern<\/a> entlang der Grenze zwischen Israel und Gaza gefunden.<\/p>\n\n\n\n<p>Viele weitere Pal\u00e4stinenser werden ihr Leben verlieren, wenn die Bombardierungen weitergehen. Auch die Totalblockade Gazas vonseiten Israels (keine Lebensmittel, kein Strom, kein Treibstoff, keine Medizin) wird die schon geschw\u00e4chte Bev\u00f6lkerung in der pal\u00e4stinensischen Enklave, die viele als &#8222;Freiluftgef\u00e4ngnis&#8220; bezeichnen, weiter strangulieren. Wenn es zu einer israelischen Invasion in den Gazastreifen kommen sollte, wird ein Blutbad in der extrem dicht besiedelten Region <a href=\"https:\/\/www.telepolis.de\/features\/Netanjahu-hat-den-Gaza-Krieg-bereits-verloren-aber-wird-er-nachgeben-9330921.html\" rel=\"noreferrer noopener\" target=\"_blank\">erwartet<\/a>, bei dem auch viele israelischen Soldaten fallen w\u00fcrden.<\/p>\n\n\n\n<p>Wenn man den Ank\u00fcndigungen aus Israel, den <a href=\"https:\/\/www.telepolis.de\/features\/US-Historiker-Aera-in-Nahost-endet-nachdem-Gaza-Kaefig-explodierte-9329720.html\" rel=\"noreferrer noopener\" target=\"_blank\">Erkl\u00e4rungen aus westlichen Hauptst\u00e4dten<\/a>, die sich uneingeschr\u00e4nkt hinter die Regierung in Jerusalem stellen, und den gro\u00dfen Medien dort zuh\u00f6rt, dann entsteht der Eindruck, als ob die milit\u00e4rische Reaktion Israels unausweichlich und gerechtfertigt ist \u2013 trotz aller H\u00e4rten, die damit einhergehen.<\/p>\n\n\n\n<p>Es ist ein <a href=\"https:\/\/www.kontext-tv.de\/de\/blog\/nahost-nicht-neues\" rel=\"noreferrer noopener\" target=\"_blank\">Narrativ<\/a>, wie es in den vorherigen f\u00fcnf Gaza-Kriegen schon verwendet wurde.<\/p>\n\n\n\n<p>Doch die Rahmung der Ereignisse sollte infrage gestellt werden. Nat\u00fcrlich hat Israel wie jeder Staat das Recht, seine B\u00fcrger:innen gegen Gewalt zu sch\u00fctzen. Gegen die Hamas-K\u00e4mpfer, die nach Israel eindrangen, versuchten die Streitkr\u00e4fte, milit\u00e4risch vorzugehen, wenn auch unzul\u00e4nglich, wodurch viele sterben mussten.<\/p>\n\n\n\n<p>Aber die Bomben auf den Gazastreifen sind keine Selbstverteidigung nach internationalem Recht. Es sind Vergeltungsakte, <a href=\"https:\/\/www.jpost.com\/arab-israeli-conflict\/article-763179\" rel=\"noreferrer noopener\" target=\"_blank\">eingestandenerma\u00dfen<\/a>, die die dort lebenden Menschen in Kollektivhaftung nehmen, vor allem, weil sie nirgendwo hin fliehen k\u00f6nnen.<\/p>\n\n\n\n<p>Die Medien zitieren dabei das israelische Milit\u00e4r, dass die Luftangriffe <a href=\"https:\/\/www.spiegel.de\/ausland\/israel-beschiesst-hamas-stellungen-als-reaktion-auf-raketenangriff-a-f483ec9f-1f52-4445-a38f-227308534042\" target=\"_blank\" rel=\"noreferrer noopener\">gegen Hamas-Stellungen gerichtet seien<\/a>. Nicht neu, altbekannt. Aber diese Erkl\u00e4rungen sind wertlos, da es Behauptungen des Aggressors sind, die nicht \u00fcberpr\u00fcfbar sind. Auch gibt es kein Recht auf <em>gewaltsame<\/em> Selbstverteidigung, wenn nicht zuvor nachweislich alle friedlichen Mittel ausgesch\u00f6pft wurden gegen eine imminente Bedrohung.<\/p>\n\n\n\n<p>Israel gibt diesmal auch gar nicht mehr vor, &#8222;Pr\u00e4zisionsschl\u00e4ge&#8220; auszuf\u00fchren. Ein Milit\u00e4rsprecher gestand am Dienstag ein, was f\u00fcr Beobachter der Bombardierungsoffensiven im belagerten Gazastreifen offensichtlich war: dass das Ziel der laufenden israelischen Angriffe darin besteht, dem besetzten Gebiet schweren Schaden zuzuf\u00fcgen, und nicht, milit\u00e4rische Einrichtungen der Hamas zu treffen.<\/p>\n\n\n\n<blockquote class=\"wp-block-quote is-layout-flow wp-block-quote-is-layout-flow\">\n<p>Der Schwerpunkt liegt auf dem Schaden und nicht auf der Genauigkeit,<\/p>\n<\/blockquote>\n\n\n\n<p>\u2026 sagte Daniel Hagari von den israelischen Verteidigungsstreitkr\u00e4ften <a href=\"https:\/\/twitter.com\/Ha_Matar\/status\/1711658832580018446\" rel=\"noreferrer noopener\" target=\"_blank\">laut <em>Haaretz<\/em><\/a>.<\/p>\n\n\n\n<p>Wie in den Gaza-Kriegen Israels zuvor, die genau genommen keine Kriege waren, sondern <a href=\"https:\/\/chomsky.info\/20090119\/\" rel=\"noreferrer noopener\" target=\"_blank\">Massaker an einer eingesperrten Bev\u00f6lkerung<\/a>, sterben \u00fcberwiegend Zivilisten in gro\u00dfer Zahl, ganze Familien werden ausgel\u00f6scht. Die Berichte von pal\u00e4stinensischen M\u00fcttern und V\u00e4tern, <a href=\"https:\/\/www.democracynow.org\/2023\/10\/9\/israel_human_rights_lawyer_hamas_israel\" rel=\"noreferrer noopener\" target=\"_blank\">die Kinder und Angeh\u00f6rige verloren haben<\/a>, sind genauso erdr\u00fcckend wie die auf israelischer Seite.<\/p>\n\n\n\n<p>Selbst wenn nur Hamas-K\u00e4mpfer ins Visier genommen und get\u00f6tet w\u00fcrden, wird daraus kein legitimer, legaler Akt. Oder anders formuliert: D\u00fcrfen Pal\u00e4stinenser sich auch selbst verteidigen, indem sie Milit\u00e4rstellungen der israelischen Streitkr\u00e4fte angreifen, von denen sie sich bedroht f\u00fchlen? Oder St\u00e4dte bombardieren, weil man dort gegnerische K\u00e4mpfer vermutet?<\/p>\n\n\n\n<p>Nat\u00fcrlich werden die Bestrafungsaktionen aus der Luft die Hamas nicht ausl\u00f6schen. Und eine m\u00f6gliche Invasion mit Bodentruppen wird den Geiseln, die aus Israel verschleppt wurden, mehr schaden als nutzen. Auch das ist jedem klar.<\/p>\n\n\n\n<p>Wenn man am Leben der Geiseln interessiert ist, gibt es einen Weg. Katar versucht gerade, einen ersten Gefangenenaustausch, den die Hamas fordert, bezogen auf Kinder und Frauen (Hamas-Geiseln gegen pal\u00e4stinensische Kinder und Frauen in israelischen Gef\u00e4ngnissen) <a href=\"https:\/\/www.reuters.com\/world\/middle-east\/qatar-leads-talks-swap-hamas-held-hostages-palestinians-israeli-jails-2023-10-09\/\" rel=\"noreferrer noopener\" target=\"_blank\">zu organisieren<\/a>.<\/p>\n\n\n\n<p>Von dort k\u00f6nnte man weitergehen. Viele Pal\u00e4stinenser sitzen ohne Gerichtsverfahren und vielfach zu Unrecht <a href=\"https:\/\/apnews.com\/article\/prison-israel-palestinians-administrative-detention-e4ffd1744a9692c2539a78a8d916176e\" rel=\"noreferrer noopener\" target=\"_blank\">in israelischen Gef\u00e4ngnissen<\/a>.<\/p>\n\n\n\n<h4 class=\"wp-block-heading\">Der Elefant im Raum<\/h4>\n\n\n\n<p>Schlie\u00dflich muss \u00fcber den Elefanten im Raum gesprochen werden. Das st\u00e4ndige Blutvergie\u00dfen geht ja nicht zur\u00fcck auf einen unl\u00f6sbaren Konflikt. Ursache und N\u00e4hrboden f\u00fcr Gewalt und Chaos in Nahost sind keineswegs der Kampf von zwei Streith\u00e4hnen, gefangen in irrationalen Gewaltspiralen, wobei freilich nur einer Seite im Westen die Anwendung von Gewalt zur Selbstverteidigung zugesprochen wird.<\/p>\n\n\n\n<p>Denn eine friedliche und gerechte L\u00f6sung w\u00e4re jederzeit m\u00f6glich. Die minimale Basis daf\u00fcr ist allerdings Respekt vor internationalem Recht. Das betrifft die Blockade des Gazastreifens, das Apartheidregime, die Besatzung und die Verhinderung der nationalen Selbstbestimmung der Pal\u00e4stinenser in einem eigenen Staat.<\/p>\n\n\n\n<p>Hier kann es keinen Zweifel geben, dass der Ball im Feld Israels liegt. Es muss die <a href=\"https:\/\/www.kontext-tv.de\/de\/sendungen\/wer-unrecht-nicht-anspricht-wird-zum-mittaeter-die-juedische-nahostexpertin-sara-roy-ueber\" rel=\"noreferrer noopener\" target=\"_blank\">menschenverachtende Gaza-Blockade<\/a> in einem ersten Schritt aufheben, was eine auch jetzt wieder gestellte Kernforderung der Hamas ist, wie sie zudem von der Weltgemeinschaft bei den Vereinten Nationen j\u00e4hrlich in Resolutionen erhoben wird (das <a href=\"https:\/\/press.un.org\/en\/2022\/ga12475.doc.htm\" rel=\"noreferrer noopener\" target=\"_blank\">letzte Paket<\/a> diesbez\u00fcglich wurde im Dezember 2022 <a href=\"https:\/\/www.un.org\/unispal\/document\/third-committee-approves-draft-resolution-on-the-right-of-palestinian-people-to-self-determination-press-release-ga-shc-4370-excerpts\/\" rel=\"noreferrer noopener\" target=\"_blank\">verabschiedet<\/a>, aber wer nimmt schon Notiz davon?), wobei vor allem die USA und Israel dagegen stimmen.<\/p>\n\n\n\n<p>Das V\u00f6lkerrecht l\u00e4sst zudem kaum Spielr\u00e4ume: Die Besatzung Gazas, wie sie von UN-Beh\u00f6rden als solche <a href=\"https:\/\/www.ochaopt.org\/country\/opt\" rel=\"noreferrer noopener\" target=\"_blank\">definiert wird<\/a>, ist ein Akt des Krieges und die Blockade <a href=\"https:\/\/www.oxfam.org.uk\/documents\/69\/oxfam_position_opt.pdf\" rel=\"noreferrer noopener\" target=\"_blank\">ein Versto\u00df<\/a> gegen die Resolution 1860 des UN-Sicherheitsrats. Die UN-Sonderberichterstatterin f\u00fcr die besetzten pal\u00e4stinensischen Gebiete hat daher die &#8222;selektive Emp\u00f6rung&#8220; vieler westlicher Staaten nach dem Ausbruch des Konflikts angeprangert, da sie die anhaltende Gewalt gegen Pal\u00e4stinenser nicht anerkennen. Francesca Albanese <a href=\"https:\/\/www.democracynow.org\/2023\/10\/9\/headlines\/us_beefing_up_military_support_to_israel_un_expert_blasts_selective_outrage_over_conflict\" rel=\"noreferrer noopener\" target=\"_blank\">sagte<\/a>:<\/p>\n\n\n\n<blockquote class=\"wp-block-quote is-layout-flow wp-block-quote-is-layout-flow\">\n<p>Menschenrechtsorganisationen haben immer wieder darauf hingewiesen, dass die fortgesetzte Unterdr\u00fcckung einer Bev\u00f6lkerung, die v\u00f6llig ungestraft bleibt, zu einer Katastrophe f\u00fchren w\u00fcrde, und genau das geschieht jetzt. &#8230; Die Verantwortung liegt auch bei der internationalen Gemeinschaft, die jetzt eine Gelegenheit hat, weise und gerecht zu sein.<\/p>\n<\/blockquote>\n\n\n\n<p>Zweitens muss das illegale Apartheid-System und Besatzungsregime Israels beendet werden. Die <a href=\"https:\/\/www.telepolis.de\/features\/Open-Fire-Das-toedlichste-Jahr-fuer-Palaestinenser-unter-israelischer-Besatzung-7460611.html?seite=all\" rel=\"noreferrer noopener\" target=\"_blank\">permanenten T\u00f6tungen<\/a>, Entw\u00fcrdigungen und systematischen Menschenrechtsbr\u00fcche gegen Pal\u00e4stinenser:innen, wie sie von diversen UN-Stellen und Menschenrechtsorganisationen <a href=\"https:\/\/www.hrw.org\/de\/news\/2021\/07\/26\/die-realitaet-der-apartheid\" rel=\"noreferrer noopener\" target=\"_blank\">in Studien belegt werden<\/a>, sind nicht nur kriminell, rassistisch und inhuman, sondern struktureller Treiber von Rechtsbruch und Gewalt.<\/p>\n\n\n\n<p>Sollte Israel gar dem internationalen Recht, der internationalen Gemeinschaft und dem Internationalen Strafgerichtshof auf einem anderen Feld folgen wollen, d\u00fcrfte es nicht nur kein Weiterwuchern von israelischen Siedlungen im Westjordanland geben. Vielmehr sind alle Siedlungen dort <a href=\"https:\/\/news.un.org\/en\/story\/2004\/07\/108912\" rel=\"noreferrer noopener\" target=\"_blank\">illegal und m\u00fcssen ger\u00e4umt werden<\/a>.<\/p>\n\n\n\n<p>Das Gleiche gilt auch f\u00fcr die widerrechtliche Annexionsmauer, die fruchtbares pal\u00e4stinensisches Land Israel einverleibt. Das sind bisher rund zehn Prozent der Landfl\u00e4che im Westjordanland, vor allem rund um Ostjerusalem. Aber die Vetomacht USA <a href=\"https:\/\/press.un.org\/en\/2022\/ga12475.doc.htm\" rel=\"noreferrer noopener\" target=\"_blank\">sch\u00fctzt die israelische Regierung bei der Uno Jahr f\u00fcr Jahr vor Konsequenzen<\/a>, w\u00e4hrend Regierungsvertreter in Jerusalem erkl\u00e4ren, dass die Mauer <a href=\"https:\/\/www.btselem.org\/download\/201210_arrested_development_eng.pdf\" rel=\"noreferrer noopener\" target=\"_blank\">die neue Grenze von Israel ist<\/a>.<\/p>\n\n\n\n<p>Der schwerste Brocken ist die vom V\u00f6lkerrecht und der internationalen Gemeinschaft geforderte Zwei-Staaten-L\u00f6sung, mit einem Pal\u00e4stinenserstaat innerhalb der Grenzen von vor 1967 \u2013 als Israel im Sechs-Tage-Krieg unrechtm\u00e4\u00dfig Land okkupierte \u2013, eventuell mit kleinen Gebietsanpassungen und -austauschen.<\/p>\n\n\n\n<p>Die arabischen Staaten und die pal\u00e4stinensische Seite haben Israel immer wieder Frieden im Zuge einer Zwei-Staaten-L\u00f6sung in den v\u00f6lkerrechtlichen Grenzen angeboten, mit einem pal\u00e4stinensischen und israelischen Staat, basierend auf UN Resolution 242, verabschiedet nach dem Krieg.<\/p>\n\n\n\n<p>Bereits 1976 \u00fcbergaben arabische Staaten dem UN-Sicherheitsrat <a href=\"https:\/\/tomdispatch.com\/noam-chomsky-eyeless-in-gaza\/\" rel=\"noreferrer noopener\" target=\"_blank\">eine Resolution<\/a>, verfasst von der &#8222;Terrororganisation&#8220; PLO unter Jassir Arafat, die diese Einigung enthielt. Seitdem sind immer wieder Resolutionen bei den Vereinten Nationen zur Abstimmung eingebracht worden, um einen Pal\u00e4stinenserstaat m\u00f6glich zu machen.<\/p>\n\n\n\n<p>Die L\u00f6sung wird de facto von allen Staaten der Welt, eingeschlossen der arabischen Staaten, der Arabischen Liga, des Iran, der PLO und letztlich auch der Hamas <a href=\"https:\/\/tomdispatch.com\/noam-chomsky-eyeless-in-gaza\/\" rel=\"noreferrer noopener\" target=\"_blank\">unterst\u00fctzt<\/a>. Die pal\u00e4stinensischen Unterh\u00e4ndler haben in den direkten Verhandlungen mit Israel zudem gro\u00dfe Zugest\u00e4ndnisse gemacht in Hinsicht auf die Einverleibung von Teilen der illegal errichteten Siedlungen im Westjordanland in das israelische Staatsgebiet sowie bei der Fl\u00fcchtlingsfrage \u2013 und damit einige ihrer v\u00f6lkerrechtlichen Anspr\u00fcche fallen gelassen.<\/p>\n\n\n\n<p>Doch alle diese Angebote <a href=\"https:\/\/www.kas.de\/c\/document_library\/get_file?uuid=a39016ef-9123-41dc-9903-d1a7e200ab58&amp;groupId=252038\" target=\"_blank\" rel=\"noreferrer noopener\">wurden von Israel mit Unterst\u00fctzung der USA abgelehnt<\/a>. Bei jeder entsprechenden UN-Abstimmung seit den 1970er-Jahren haben sie gegen die Friedensl\u00f6sung gestimmt. Die Vetomacht USA verhinderte die Umsetzung. Bei der j\u00fcngsten Resolution Ende 2022 <a href=\"https:\/\/usun.usmission.gov\/general-statement-on-the-un-general-assembly-fourth-committee-resolutions-on-israeli-palestinian-issues\/\" target=\"_blank\" rel=\"noreferrer noopener\">stimmten sie erneut dagegen<\/a>.<\/p>\n\n\n\n<p>Auch bei den direkten Verhandlungen, auf die die USA bei ihren UN-Vetos immer verweisen, haben die &#8222;Vermittler&#8220; aus Washington Israel vor einem Ende des Expansionskurses im Westjordanland bis heute bewahrt. Angeboten wurden den Pal\u00e4stinensern n\u00e4mlich h\u00f6chstens <a href=\"http:\/\/www.ajtransparency.com\/files\/3463.PDF\" rel=\"noreferrer noopener\" target=\"_blank\">Kantone<\/a>, zerst\u00fcckeltes Land, ein nicht lebensf\u00e4higer &#8222;Pseudo-Staat&#8220;, <a href=\"https:\/\/www.haaretz.com\/2003-05-13\/ty-article\/people-and-politics-sharons-bantustans-are-far-from-copenhagens-hope\/0000017f-df00-df7c-a5ff-df7ad5a90000\" rel=\"noreferrer noopener\" target=\"_blank\">\u00e4hnlich den Bantustans in S\u00fcdafrika<\/a> f\u00fcr die schwarze Bev\u00f6lkerung.<\/p>\n\n\n\n<p>Es waren <a href=\"https:\/\/monde-diplomatique.de\/artikel\/!1100106\" rel=\"noreferrer noopener\" target=\"_blank\">Nichtofferten<\/a>, mit viel PR als &#8222;gro\u00dfz\u00fcgige Angebote&#8220; an die \u00d6ffentlichkeit verkauft, die die Gegenseite wegen ihrer &#8222;Maximalforderungen&#8220; aber verschm\u00e4ht h\u00e4tten. Sie waren so &#8222;gro\u00dfz\u00fcgig&#8220;, dass weder die <a href=\"https:\/\/www.un.org\/unispal\/document\/auto-insert-203539\/\" rel=\"noreferrer noopener\" target=\"_blank\">UN, die EU, die Weltbank<\/a>, Menschenrechtsorganisationen oder <a href=\"https:\/\/drive.google.com\/file\/d\/1Fwxze78kLBrICyFvlnATUZJhxb8ZnPqS\/view\" rel=\"noreferrer noopener\" target=\"_blank\">f\u00fchrende Spezialisten f\u00fcr das Westjordanland<\/a> in ihnen einen funktionst\u00fcchtigen Staat erkennen konnten.<\/p>\n\n\n\n<p>Selbst <a href=\"http:\/\/www.democracynow.org\/2006\/2\/14\/fmr_israeli_foreign_minister_shlomo_ben\" rel=\"noreferrer noopener\" target=\"_blank\">Vertreter der israelischen Verhandlungsseite<\/a> bezeichneten die Angebote im Nachhinein als inakzeptabel. W\u00e4hrenddessen verschwinden immer mehr wertvolles Land, Wasserreserven und wichtige Gebiete um Ostjerusalem hinter israelischen Separationsanlagen und Mauern.<\/p>\n\n\n\n<p>Wenn Israel am Expansionskurs festhalten will, wie die israelischen Verhandlungsangebote von Camp David bis Annapolis <a href=\"https:\/\/www.kontext-tv.de\/de\/sendungen\/der-diplomatische-prozess-blockade-der-friedensloesung\" rel=\"noreferrer noopener\" target=\"_blank\">dokumentieren<\/a>, und damit einen lebensf\u00e4higen Pal\u00e4stinenserstaat verhindert, dann sind gewaltsame Eskalationen auch in Zukunft zu erwarten.<\/p>\n\n\n\n<p>\u00dcber die reichlich dokumentierte Blockade eines Pal\u00e4stinenserstaats, die von den USA unterst\u00fctzt und von Europa geduldet wird, und das Schweigen der westlichen Medien dazu, lie\u00dfe sich viel sagen. Es ist eines der traurigsten Kapitel historischer Amnesie in Bezug auf den Nahostkonflikt.<\/p>\n\n\n\n<p>Die Sicherheit der israelischen B\u00fcrger:innen ist br\u00fcchig und illusion\u00e4r \u2013 was nicht zuletzt die j\u00fcngsten Ereignisse zeigen \u2013, weil sie auf der systematischen Entrechtung eines ganzen Volks beruht. Der politische Kurs Israels ist am Ende ein zerst\u00f6rerischer Selbstzerst\u00f6rungskurs, der Expansion \u00fcber Sicherheit stellt. Aber, auch das ist wichtig festzustellen, er ist nicht alternativlos und unausweichlich.<\/p>\n\n\n\n<p>Sicherlich, im Moment wirkt ein Kurswechsel utopisch. Aber das k\u00f6nnte sich \u00e4ndern.<\/p>\n\n\n<h5 class=\"green\">Quelle<\/h5>\r\n\n\n\n<p>Der Bericht wurde von der\u00a0<a href=\"https:\/\/www.telepolis.de\/features\/Gaza-Krieg-Gewalt-und-Chaos-in-Nahost-sind-nicht-alternativlos-9331865.html\">Redaktion \u201eTELEPOLIS\u201c (David Goe\u00dfmann) 2023<\/a>\u00a0verfasst \u2013 der Artikel darf nicht ohne Genehmigung von\u00a0<a href=\"https:\/\/www.telepolis.de\/autoren\/David-Goessmann-7143590.html\">David Goe\u00dfmann 2023<\/a>\u00a0weiterverbreitet werden!\u00a0| Weitere Analysen von David Goe\u00dfmann <a href=\"https:\/\/www.heise.de\/tp\/autoren\/David-Goessmann-7143590.html\">finden Sie auf Telepolis<\/a>.<\/p>\n<div class=\"shariff shariff-align-flex-start shariff-widget-align-flex-start\"><div class=\"ShariffHeadline\">Diese Meldung teilen<\/div><ul class=\"shariff-buttons theme-round orientation-horizontal buttonsize-medium\"><li class=\"shariff-button facebook shariff-nocustomcolor\" style=\"background-color:#4273c8;border-radius:1%\"><a href=\"https:\/\/www.facebook.com\/sharer\/sharer.php?u=https%3A%2F%2Fwww.sonnenseite.com%2Fde%2Fpolitik%2Fgaza-krieg-gewalt-und-chaos-in-nahost-sind-nicht-alternativlos%2F\" title=\"Bei Facebook teilen\" aria-label=\"Bei Facebook teilen\" role=\"button\" rel=\"nofollow\" class=\"shariff-link\" style=\";border-radius:1%; background-color:#3b5998; color:#fff\" target=\"_blank\"><span class=\"shariff-icon\" style=\"\"><svg width=\"32px\" height=\"20px\" xmlns=\"http:\/\/www.w3.org\/2000\/svg\" viewBox=\"0 0 18 32\"><path fill=\"#3b5998\" d=\"M17.1 0.2v4.7h-2.8q-1.5 0-2.1 0.6t-0.5 1.9v3.4h5.2l-0.7 5.3h-4.5v13.6h-5.5v-13.6h-4.5v-5.3h4.5v-3.9q0-3.3 1.9-5.2t5-1.8q2.6 0 4.1 0.2z\"\/><\/svg><\/span><\/a><\/li><li class=\"shariff-button twitter shariff-nocustomcolor\" style=\"background-color:#595959;border-radius:1%\"><a href=\"https:\/\/twitter.com\/share?url=https%3A%2F%2Fwww.sonnenseite.com%2Fde%2Fpolitik%2Fgaza-krieg-gewalt-und-chaos-in-nahost-sind-nicht-alternativlos%2F&text=Gaza-Krieg%3A%20Gewalt%20und%20Chaos%20in%20Nahost%20sind%20nicht%20alternativlos\" title=\"Bei X teilen\" aria-label=\"Bei X teilen\" role=\"button\" rel=\"noopener nofollow\" class=\"shariff-link\" style=\";border-radius:1%; background-color:#000; color:#fff\" target=\"_blank\"><span class=\"shariff-icon\" style=\"\"><svg width=\"32px\" height=\"20px\" xmlns=\"http:\/\/www.w3.org\/2000\/svg\" viewBox=\"0 0 24 24\"><path fill=\"#000\" d=\"M14.258 10.152L23.176 0h-2.113l-7.747 8.813L7.133 0H0l9.352 13.328L0 23.973h2.113l8.176-9.309 6.531 9.309h7.133zm-2.895 3.293l-.949-1.328L2.875 1.56h3.246l6.086 8.523.945 1.328 7.91 11.078h-3.246zm0 0\"\/><\/svg><\/span><\/a><\/li><li class=\"shariff-button xing shariff-nocustomcolor\" style=\"background-color:#29888a;border-radius:1%\"><a href=\"https:\/\/www.xing.com\/spi\/shares\/new?url=https%3A%2F%2Fwww.sonnenseite.com%2Fde%2Fpolitik%2Fgaza-krieg-gewalt-und-chaos-in-nahost-sind-nicht-alternativlos%2F\" title=\"Bei XING teilen\" aria-label=\"Bei XING teilen\" role=\"button\" rel=\"noopener nofollow\" class=\"shariff-link\" style=\";border-radius:1%; background-color:#126567; color:#fff\" target=\"_blank\"><span class=\"shariff-icon\" style=\"\"><svg width=\"32px\" height=\"20px\" xmlns=\"http:\/\/www.w3.org\/2000\/svg\" viewBox=\"0 0 25 32\"><path fill=\"#126567\" d=\"M10.7 11.9q-0.2 0.3-4.6 8.2-0.5 0.8-1.2 0.8h-4.3q-0.4 0-0.5-0.3t0-0.6l4.5-8q0 0 0 0l-2.9-5q-0.2-0.4 0-0.7 0.2-0.3 0.5-0.3h4.3q0.7 0 1.2 0.8zM25.1 0.4q0.2 0.3 0 0.7l-9.4 16.7 6 11q0.2 0.4 0 0.6-0.2 0.3-0.6 0.3h-4.3q-0.7 0-1.2-0.8l-6-11.1q0.3-0.6 9.5-16.8 0.4-0.8 1.2-0.8h4.3q0.4 0 0.5 0.3z\"\/><\/svg><\/span><\/a><\/li><li class=\"shariff-button linkedin shariff-nocustomcolor\" style=\"background-color:#1488bf;border-radius:1%\"><a href=\"https:\/\/www.linkedin.com\/sharing\/share-offsite\/?url=https%3A%2F%2Fwww.sonnenseite.com%2Fde%2Fpolitik%2Fgaza-krieg-gewalt-und-chaos-in-nahost-sind-nicht-alternativlos%2F\" title=\"Bei LinkedIn teilen\" aria-label=\"Bei LinkedIn teilen\" role=\"button\" rel=\"noopener nofollow\" class=\"shariff-link\" style=\";border-radius:1%; background-color:#0077b5; color:#fff\" target=\"_blank\"><span class=\"shariff-icon\" style=\"\"><svg width=\"32px\" height=\"20px\" xmlns=\"http:\/\/www.w3.org\/2000\/svg\" viewBox=\"0 0 27 32\"><path fill=\"#0077b5\" d=\"M6.2 11.2v17.7h-5.9v-17.7h5.9zM6.6 5.7q0 1.3-0.9 2.2t-2.4 0.9h0q-1.5 0-2.4-0.9t-0.9-2.2 0.9-2.2 2.4-0.9 2.4 0.9 0.9 2.2zM27.4 18.7v10.1h-5.9v-9.5q0-1.9-0.7-2.9t-2.3-1.1q-1.1 0-1.9 0.6t-1.2 1.5q-0.2 0.5-0.2 1.4v9.9h-5.9q0-7.1 0-11.6t0-5.3l0-0.9h5.9v2.6h0q0.4-0.6 0.7-1t1-0.9 1.6-0.8 2-0.3q3 0 4.9 2t1.9 6z\"\/><\/svg><\/span><\/a><\/li><li class=\"shariff-button printer shariff-nocustomcolor\" style=\"background-color:#a8a8a8;border-radius:1%\"><a href=\"javascript:window.print()\" title=\"drucken\" aria-label=\"drucken\" role=\"button\" rel=\"noopener nofollow\" class=\"shariff-link\" style=\";border-radius:1%; background-color:#999; color:#fff\"><span class=\"shariff-icon\" style=\"\"><svg width=\"32px\" height=\"20px\" xmlns=\"http:\/\/www.w3.org\/2000\/svg\" viewBox=\"0 0 30 32\"><path fill=\"#999\" d=\"M6.8 27.4h16v-4.6h-16v4.6zM6.8 16h16v-6.8h-2.8q-0.7 0-1.2-0.5t-0.5-1.2v-2.8h-11.4v11.4zM27.4 17.2q0-0.5-0.3-0.8t-0.8-0.4-0.8 0.4-0.3 0.8 0.3 0.8 0.8 0.3 0.8-0.3 0.3-0.8zM29.7 17.2v7.4q0 0.2-0.2 0.4t-0.4 0.2h-4v2.8q0 0.7-0.5 1.2t-1.2 0.5h-17.2q-0.7 0-1.2-0.5t-0.5-1.2v-2.8h-4q-0.2 0-0.4-0.2t-0.2-0.4v-7.4q0-1.4 1-2.4t2.4-1h1.2v-9.7q0-0.7 0.5-1.2t1.2-0.5h12q0.7 0 1.6 0.4t1.3 0.8l2.7 2.7q0.5 0.5 0.9 1.4t0.4 1.6v4.6h1.1q1.4 0 2.4 1t1 2.4z\"\/><\/svg><\/span><\/a><\/li><li class=\"shariff-button mailto shariff-nocustomcolor\" style=\"background-color:#a8a8a8;border-radius:1%\"><a href=\"mailto:?body=https%3A%2F%2Fwww.sonnenseite.com%2Fde%2Fpolitik%2Fgaza-krieg-gewalt-und-chaos-in-nahost-sind-nicht-alternativlos%2F&subject=Gaza-Krieg%3A%20Gewalt%20und%20Chaos%20in%20Nahost%20sind%20nicht%20alternativlos\" title=\"Per E-Mail versenden\" aria-label=\"Per E-Mail versenden\" role=\"button\" rel=\"noopener nofollow\" class=\"shariff-link\" style=\";border-radius:1%; background-color:#999; color:#fff\"><span class=\"shariff-icon\" style=\"\"><svg width=\"32px\" height=\"20px\" xmlns=\"http:\/\/www.w3.org\/2000\/svg\" viewBox=\"0 0 32 32\"><path fill=\"#999\" d=\"M32 12.7v14.2q0 1.2-0.8 2t-2 0.9h-26.3q-1.2 0-2-0.9t-0.8-2v-14.2q0.8 0.9 1.8 1.6 6.5 4.4 8.9 6.1 1 0.8 1.6 1.2t1.7 0.9 2 0.4h0.1q0.9 0 2-0.4t1.7-0.9 1.6-1.2q3-2.2 8.9-6.1 1-0.7 1.8-1.6zM32 7.4q0 1.4-0.9 2.7t-2.2 2.2q-6.7 4.7-8.4 5.8-0.2 0.1-0.7 0.5t-1 0.7-0.9 0.6-1.1 0.5-0.9 0.2h-0.1q-0.4 0-0.9-0.2t-1.1-0.5-0.9-0.6-1-0.7-0.7-0.5q-1.6-1.1-4.7-3.2t-3.6-2.6q-1.1-0.7-2.1-2t-1-2.5q0-1.4 0.7-2.3t2.1-0.9h26.3q1.2 0 2 0.8t0.9 2z\"\/><\/svg><\/span><\/a><\/li><\/ul><\/div>","protected":false},"excerpt":{"rendered":"<p>Die j\u00fcngste Eskalation ist nicht vom Himmel gefallen. Seit Jahrzehnten stellt Israel Expansion \u00fcber Sicherheit. Wie [&hellip;]<\/p>\n","protected":false},"author":3,"featured_media":94669,"comment_status":"closed","ping_status":"closed","sticky":false,"template":"","format":"standard","meta":{"inline_featured_image":false,"footnotes":""},"categories":[21],"tags":[],"class_list":["post-94666","post","type-post","status-publish","format-standard","has-post-thumbnail","hentry","category-politik"],"yoast_head":"<!-- This site is optimized with the Yoast SEO plugin v26.5 - https:\/\/yoast.com\/wordpress\/plugins\/seo\/ -->\n<title>Gaza-Krieg: Gewalt und Chaos in Nahost sind nicht alternativlos - Sonnenseite - \u00d6kologische Kommunikation mit Franz Alt<\/title>\n<meta name=\"description\" content=\"Die j\u00fcngste Eskalation ist nicht vom Himmel gefallen. Seit Jahrzehnten stellt Israel Expansion \u00fcber Sicherheit. Wie eine friedliche L\u00f6sung weiter\" \/>\n<meta name=\"robots\" content=\"index, follow, max-snippet:-1, max-image-preview:large, max-video-preview:-1\" \/>\n<link rel=\"canonical\" href=\"https:\/\/www.sonnenseite.com\/de\/politik\/gaza-krieg-gewalt-und-chaos-in-nahost-sind-nicht-alternativlos\/\" \/>\n<meta property=\"og:locale\" content=\"de_DE\" \/>\n<meta property=\"og:type\" content=\"article\" \/>\n<meta property=\"og:title\" content=\"Gaza-Krieg: Gewalt und Chaos in Nahost sind nicht alternativlos - Sonnenseite - \u00d6kologische Kommunikation mit Franz Alt\" \/>\n<meta property=\"og:description\" content=\"Die j\u00fcngste Eskalation ist nicht vom Himmel gefallen. Seit Jahrzehnten stellt Israel Expansion \u00fcber Sicherheit. Wie eine friedliche L\u00f6sung weiter\" \/>\n<meta property=\"og:url\" content=\"https:\/\/www.sonnenseite.com\/de\/politik\/gaza-krieg-gewalt-und-chaos-in-nahost-sind-nicht-alternativlos\/\" \/>\n<meta property=\"og:site_name\" content=\"Sonnenseite\" \/>\n<meta property=\"article:publisher\" content=\"https:\/\/www.facebook.com\/pages\/Franz-Alt-SONNENSEITECOM\/221072987903953?fref=ts\" \/>\n<meta property=\"article:published_time\" content=\"2023-10-12T08:19:29+00:00\" \/>\n<meta property=\"article:modified_time\" content=\"2023-10-29T08:47:28+00:00\" \/>\n<meta property=\"og:image\" content=\"https:\/\/www.sonnenseite.com\/wp-content\/uploads\/2023\/10\/Israel_Palaestina_ruskpp.jpg\" \/>\n\t<meta property=\"og:image:width\" content=\"770\" \/>\n\t<meta property=\"og:image:height\" content=\"420\" \/>\n\t<meta property=\"og:image:type\" content=\"image\/jpeg\" \/>\n<meta name=\"author\" content=\"Bigi Alt\" \/>\n<meta name=\"twitter:card\" content=\"summary_large_image\" \/>\n<meta name=\"twitter:creator\" content=\"@franzalt\" \/>\n<meta name=\"twitter:site\" content=\"@franzalt\" \/>\n<meta name=\"twitter:label1\" content=\"Verfasst von\" \/>\n\t<meta name=\"twitter:data1\" content=\"Bigi Alt\" \/>\n\t<meta name=\"twitter:label2\" content=\"Gesch\u00e4tzte Lesezeit\" \/>\n\t<meta name=\"twitter:data2\" content=\"9\u00a0Minuten\" \/>\n<script type=\"application\/ld+json\" class=\"yoast-schema-graph\">{\"@context\":\"https:\/\/schema.org\",\"@graph\":[{\"@type\":\"Article\",\"@id\":\"https:\/\/www.sonnenseite.com\/de\/politik\/gaza-krieg-gewalt-und-chaos-in-nahost-sind-nicht-alternativlos\/#article\",\"isPartOf\":{\"@id\":\"https:\/\/www.sonnenseite.com\/de\/politik\/gaza-krieg-gewalt-und-chaos-in-nahost-sind-nicht-alternativlos\/\"},\"author\":{\"name\":\"Bigi Alt\",\"@id\":\"https:\/\/www.sonnenseite.com\/de\/#\/schema\/person\/50fda0e926597684c7cc6695238a4eb9\"},\"headline\":\"Gaza-Krieg: Gewalt und Chaos in Nahost sind nicht alternativlos\",\"datePublished\":\"2023-10-12T08:19:29+00:00\",\"dateModified\":\"2023-10-29T08:47:28+00:00\",\"mainEntityOfPage\":{\"@id\":\"https:\/\/www.sonnenseite.com\/de\/politik\/gaza-krieg-gewalt-und-chaos-in-nahost-sind-nicht-alternativlos\/\"},\"wordCount\":1775,\"publisher\":{\"@id\":\"https:\/\/www.sonnenseite.com\/de\/#organization\"},\"image\":{\"@id\":\"https:\/\/www.sonnenseite.com\/de\/politik\/gaza-krieg-gewalt-und-chaos-in-nahost-sind-nicht-alternativlos\/#primaryimage\"},\"thumbnailUrl\":\"https:\/\/www.sonnenseite.com\/wp-content\/uploads\/2023\/10\/Israel_Palaestina_ruskpp.jpg\",\"articleSection\":[\"Politik\"],\"inLanguage\":\"de\"},{\"@type\":\"WebPage\",\"@id\":\"https:\/\/www.sonnenseite.com\/de\/politik\/gaza-krieg-gewalt-und-chaos-in-nahost-sind-nicht-alternativlos\/\",\"url\":\"https:\/\/www.sonnenseite.com\/de\/politik\/gaza-krieg-gewalt-und-chaos-in-nahost-sind-nicht-alternativlos\/\",\"name\":\"Gaza-Krieg: Gewalt und Chaos in Nahost sind nicht alternativlos - Sonnenseite - \u00d6kologische Kommunikation mit Franz Alt\",\"isPartOf\":{\"@id\":\"https:\/\/www.sonnenseite.com\/de\/#website\"},\"primaryImageOfPage\":{\"@id\":\"https:\/\/www.sonnenseite.com\/de\/politik\/gaza-krieg-gewalt-und-chaos-in-nahost-sind-nicht-alternativlos\/#primaryimage\"},\"image\":{\"@id\":\"https:\/\/www.sonnenseite.com\/de\/politik\/gaza-krieg-gewalt-und-chaos-in-nahost-sind-nicht-alternativlos\/#primaryimage\"},\"thumbnailUrl\":\"https:\/\/www.sonnenseite.com\/wp-content\/uploads\/2023\/10\/Israel_Palaestina_ruskpp.jpg\",\"datePublished\":\"2023-10-12T08:19:29+00:00\",\"dateModified\":\"2023-10-29T08:47:28+00:00\",\"description\":\"Die j\u00fcngste Eskalation ist nicht vom Himmel gefallen. Seit Jahrzehnten stellt Israel Expansion \u00fcber Sicherheit. Wie eine friedliche L\u00f6sung weiter\",\"breadcrumb\":{\"@id\":\"https:\/\/www.sonnenseite.com\/de\/politik\/gaza-krieg-gewalt-und-chaos-in-nahost-sind-nicht-alternativlos\/#breadcrumb\"},\"inLanguage\":\"de\",\"potentialAction\":[{\"@type\":\"ReadAction\",\"target\":[\"https:\/\/www.sonnenseite.com\/de\/politik\/gaza-krieg-gewalt-und-chaos-in-nahost-sind-nicht-alternativlos\/\"]}]},{\"@type\":\"ImageObject\",\"inLanguage\":\"de\",\"@id\":\"https:\/\/www.sonnenseite.com\/de\/politik\/gaza-krieg-gewalt-und-chaos-in-nahost-sind-nicht-alternativlos\/#primaryimage\",\"url\":\"https:\/\/www.sonnenseite.com\/wp-content\/uploads\/2023\/10\/Israel_Palaestina_ruskpp.jpg\",\"contentUrl\":\"https:\/\/www.sonnenseite.com\/wp-content\/uploads\/2023\/10\/Israel_Palaestina_ruskpp.jpg\",\"width\":770,\"height\":420,\"caption\":\"Depositphotos.com | ruskpp | Israel Pal\u00e4stina\"},{\"@type\":\"BreadcrumbList\",\"@id\":\"https:\/\/www.sonnenseite.com\/de\/politik\/gaza-krieg-gewalt-und-chaos-in-nahost-sind-nicht-alternativlos\/#breadcrumb\",\"itemListElement\":[{\"@type\":\"ListItem\",\"position\":1,\"name\":\"Startseite\",\"item\":\"https:\/\/www.sonnenseite.com\/de\/\"},{\"@type\":\"ListItem\",\"position\":2,\"name\":\"Gaza-Krieg: Gewalt und Chaos in Nahost sind nicht alternativlos\"}]},{\"@type\":\"WebSite\",\"@id\":\"https:\/\/www.sonnenseite.com\/de\/#website\",\"url\":\"https:\/\/www.sonnenseite.com\/de\/\",\"name\":\"Sonnenseite\",\"description\":\"\u00d6kologische Kommunikation mit Franz Alt\",\"publisher\":{\"@id\":\"https:\/\/www.sonnenseite.com\/de\/#organization\"},\"potentialAction\":[{\"@type\":\"SearchAction\",\"target\":{\"@type\":\"EntryPoint\",\"urlTemplate\":\"https:\/\/www.sonnenseite.com\/de\/?s={search_term_string}\"},\"query-input\":{\"@type\":\"PropertyValueSpecification\",\"valueRequired\":true,\"valueName\":\"search_term_string\"}}],\"inLanguage\":\"de\"},{\"@type\":\"Organization\",\"@id\":\"https:\/\/www.sonnenseite.com\/de\/#organization\",\"name\":\"Sonnenseite\",\"url\":\"https:\/\/www.sonnenseite.com\/de\/\",\"logo\":{\"@type\":\"ImageObject\",\"inLanguage\":\"de\",\"@id\":\"https:\/\/www.sonnenseite.com\/de\/#\/schema\/logo\/image\/\",\"url\":\"https:\/\/www.sonnenseite.com\/wp-content\/uploads\/2020\/05\/Sonnenseite_Logo.png\",\"contentUrl\":\"https:\/\/www.sonnenseite.com\/wp-content\/uploads\/2020\/05\/Sonnenseite_Logo.png\",\"width\":377,\"height\":90,\"caption\":\"Sonnenseite\"},\"image\":{\"@id\":\"https:\/\/www.sonnenseite.com\/de\/#\/schema\/logo\/image\/\"},\"sameAs\":[\"https:\/\/www.facebook.com\/pages\/Franz-Alt-SONNENSEITECOM\/221072987903953?fref=ts\",\"https:\/\/x.com\/franzalt\",\"http:\/\/www.youtube.com\/results?search_query&amp;amp;quot;franz_alt&amp;amp;quot;&amp;amp;amp;amp;search_type&amp;amp;amp;amp;aq=f\"]},{\"@type\":\"Person\",\"@id\":\"https:\/\/www.sonnenseite.com\/de\/#\/schema\/person\/50fda0e926597684c7cc6695238a4eb9\",\"name\":\"Bigi Alt\"}]}<\/script>\n<!-- \/ Yoast SEO plugin. -->","yoast_head_json":{"title":"Gaza-Krieg: Gewalt und Chaos in Nahost sind nicht alternativlos - Sonnenseite - \u00d6kologische Kommunikation mit Franz Alt","description":"Die j\u00fcngste Eskalation ist nicht vom Himmel gefallen. Seit Jahrzehnten stellt Israel Expansion \u00fcber Sicherheit. Wie eine friedliche L\u00f6sung weiter","robots":{"index":"index","follow":"follow","max-snippet":"max-snippet:-1","max-image-preview":"max-image-preview:large","max-video-preview":"max-video-preview:-1"},"canonical":"https:\/\/www.sonnenseite.com\/de\/politik\/gaza-krieg-gewalt-und-chaos-in-nahost-sind-nicht-alternativlos\/","og_locale":"de_DE","og_type":"article","og_title":"Gaza-Krieg: Gewalt und Chaos in Nahost sind nicht alternativlos - Sonnenseite - \u00d6kologische Kommunikation mit Franz Alt","og_description":"Die j\u00fcngste Eskalation ist nicht vom Himmel gefallen. Seit Jahrzehnten stellt Israel Expansion \u00fcber Sicherheit. Wie eine friedliche L\u00f6sung weiter","og_url":"https:\/\/www.sonnenseite.com\/de\/politik\/gaza-krieg-gewalt-und-chaos-in-nahost-sind-nicht-alternativlos\/","og_site_name":"Sonnenseite","article_publisher":"https:\/\/www.facebook.com\/pages\/Franz-Alt-SONNENSEITECOM\/221072987903953?fref=ts","article_published_time":"2023-10-12T08:19:29+00:00","article_modified_time":"2023-10-29T08:47:28+00:00","og_image":[{"width":770,"height":420,"url":"https:\/\/www.sonnenseite.com\/wp-content\/uploads\/2023\/10\/Israel_Palaestina_ruskpp.jpg","type":"image\/jpeg"}],"author":"Bigi Alt","twitter_card":"summary_large_image","twitter_creator":"@franzalt","twitter_site":"@franzalt","twitter_misc":{"Verfasst von":"Bigi Alt","Gesch\u00e4tzte Lesezeit":"9\u00a0Minuten"},"schema":{"@context":"https:\/\/schema.org","@graph":[{"@type":"Article","@id":"https:\/\/www.sonnenseite.com\/de\/politik\/gaza-krieg-gewalt-und-chaos-in-nahost-sind-nicht-alternativlos\/#article","isPartOf":{"@id":"https:\/\/www.sonnenseite.com\/de\/politik\/gaza-krieg-gewalt-und-chaos-in-nahost-sind-nicht-alternativlos\/"},"author":{"name":"Bigi Alt","@id":"https:\/\/www.sonnenseite.com\/de\/#\/schema\/person\/50fda0e926597684c7cc6695238a4eb9"},"headline":"Gaza-Krieg: Gewalt und Chaos in Nahost sind nicht alternativlos","datePublished":"2023-10-12T08:19:29+00:00","dateModified":"2023-10-29T08:47:28+00:00","mainEntityOfPage":{"@id":"https:\/\/www.sonnenseite.com\/de\/politik\/gaza-krieg-gewalt-und-chaos-in-nahost-sind-nicht-alternativlos\/"},"wordCount":1775,"publisher":{"@id":"https:\/\/www.sonnenseite.com\/de\/#organization"},"image":{"@id":"https:\/\/www.sonnenseite.com\/de\/politik\/gaza-krieg-gewalt-und-chaos-in-nahost-sind-nicht-alternativlos\/#primaryimage"},"thumbnailUrl":"https:\/\/www.sonnenseite.com\/wp-content\/uploads\/2023\/10\/Israel_Palaestina_ruskpp.jpg","articleSection":["Politik"],"inLanguage":"de"},{"@type":"WebPage","@id":"https:\/\/www.sonnenseite.com\/de\/politik\/gaza-krieg-gewalt-und-chaos-in-nahost-sind-nicht-alternativlos\/","url":"https:\/\/www.sonnenseite.com\/de\/politik\/gaza-krieg-gewalt-und-chaos-in-nahost-sind-nicht-alternativlos\/","name":"Gaza-Krieg: Gewalt und Chaos in Nahost sind nicht alternativlos - Sonnenseite - \u00d6kologische Kommunikation mit Franz Alt","isPartOf":{"@id":"https:\/\/www.sonnenseite.com\/de\/#website"},"primaryImageOfPage":{"@id":"https:\/\/www.sonnenseite.com\/de\/politik\/gaza-krieg-gewalt-und-chaos-in-nahost-sind-nicht-alternativlos\/#primaryimage"},"image":{"@id":"https:\/\/www.sonnenseite.com\/de\/politik\/gaza-krieg-gewalt-und-chaos-in-nahost-sind-nicht-alternativlos\/#primaryimage"},"thumbnailUrl":"https:\/\/www.sonnenseite.com\/wp-content\/uploads\/2023\/10\/Israel_Palaestina_ruskpp.jpg","datePublished":"2023-10-12T08:19:29+00:00","dateModified":"2023-10-29T08:47:28+00:00","description":"Die j\u00fcngste Eskalation ist nicht vom Himmel gefallen. Seit Jahrzehnten stellt Israel Expansion \u00fcber Sicherheit. Wie eine friedliche L\u00f6sung weiter","breadcrumb":{"@id":"https:\/\/www.sonnenseite.com\/de\/politik\/gaza-krieg-gewalt-und-chaos-in-nahost-sind-nicht-alternativlos\/#breadcrumb"},"inLanguage":"de","potentialAction":[{"@type":"ReadAction","target":["https:\/\/www.sonnenseite.com\/de\/politik\/gaza-krieg-gewalt-und-chaos-in-nahost-sind-nicht-alternativlos\/"]}]},{"@type":"ImageObject","inLanguage":"de","@id":"https:\/\/www.sonnenseite.com\/de\/politik\/gaza-krieg-gewalt-und-chaos-in-nahost-sind-nicht-alternativlos\/#primaryimage","url":"https:\/\/www.sonnenseite.com\/wp-content\/uploads\/2023\/10\/Israel_Palaestina_ruskpp.jpg","contentUrl":"https:\/\/www.sonnenseite.com\/wp-content\/uploads\/2023\/10\/Israel_Palaestina_ruskpp.jpg","width":770,"height":420,"caption":"Depositphotos.com | ruskpp | Israel Pal\u00e4stina"},{"@type":"BreadcrumbList","@id":"https:\/\/www.sonnenseite.com\/de\/politik\/gaza-krieg-gewalt-und-chaos-in-nahost-sind-nicht-alternativlos\/#breadcrumb","itemListElement":[{"@type":"ListItem","position":1,"name":"Startseite","item":"https:\/\/www.sonnenseite.com\/de\/"},{"@type":"ListItem","position":2,"name":"Gaza-Krieg: Gewalt und Chaos in Nahost sind nicht alternativlos"}]},{"@type":"WebSite","@id":"https:\/\/www.sonnenseite.com\/de\/#website","url":"https:\/\/www.sonnenseite.com\/de\/","name":"Sonnenseite","description":"\u00d6kologische Kommunikation mit Franz Alt","publisher":{"@id":"https:\/\/www.sonnenseite.com\/de\/#organization"},"potentialAction":[{"@type":"SearchAction","target":{"@type":"EntryPoint","urlTemplate":"https:\/\/www.sonnenseite.com\/de\/?s={search_term_string}"},"query-input":{"@type":"PropertyValueSpecification","valueRequired":true,"valueName":"search_term_string"}}],"inLanguage":"de"},{"@type":"Organization","@id":"https:\/\/www.sonnenseite.com\/de\/#organization","name":"Sonnenseite","url":"https:\/\/www.sonnenseite.com\/de\/","logo":{"@type":"ImageObject","inLanguage":"de","@id":"https:\/\/www.sonnenseite.com\/de\/#\/schema\/logo\/image\/","url":"https:\/\/www.sonnenseite.com\/wp-content\/uploads\/2020\/05\/Sonnenseite_Logo.png","contentUrl":"https:\/\/www.sonnenseite.com\/wp-content\/uploads\/2020\/05\/Sonnenseite_Logo.png","width":377,"height":90,"caption":"Sonnenseite"},"image":{"@id":"https:\/\/www.sonnenseite.com\/de\/#\/schema\/logo\/image\/"},"sameAs":["https:\/\/www.facebook.com\/pages\/Franz-Alt-SONNENSEITECOM\/221072987903953?fref=ts","https:\/\/x.com\/franzalt","http:\/\/www.youtube.com\/results?search_query&amp;amp;quot;franz_alt&amp;amp;quot;&amp;amp;amp;amp;search_type&amp;amp;amp;amp;aq=f"]},{"@type":"Person","@id":"https:\/\/www.sonnenseite.com\/de\/#\/schema\/person\/50fda0e926597684c7cc6695238a4eb9","name":"Bigi Alt"}]}},"_links":{"self":[{"href":"https:\/\/www.sonnenseite.com\/de\/wp-json\/wp\/v2\/posts\/94666","targetHints":{"allow":["GET"]}}],"collection":[{"href":"https:\/\/www.sonnenseite.com\/de\/wp-json\/wp\/v2\/posts"}],"about":[{"href":"https:\/\/www.sonnenseite.com\/de\/wp-json\/wp\/v2\/types\/post"}],"author":[{"embeddable":true,"href":"https:\/\/www.sonnenseite.com\/de\/wp-json\/wp\/v2\/users\/3"}],"replies":[{"embeddable":true,"href":"https:\/\/www.sonnenseite.com\/de\/wp-json\/wp\/v2\/comments?post=94666"}],"version-history":[{"count":3,"href":"https:\/\/www.sonnenseite.com\/de\/wp-json\/wp\/v2\/posts\/94666\/revisions"}],"predecessor-version":[{"id":94671,"href":"https:\/\/www.sonnenseite.com\/de\/wp-json\/wp\/v2\/posts\/94666\/revisions\/94671"}],"wp:featuredmedia":[{"embeddable":true,"href":"https:\/\/www.sonnenseite.com\/de\/wp-json\/wp\/v2\/media\/94669"}],"wp:attachment":[{"href":"https:\/\/www.sonnenseite.com\/de\/wp-json\/wp\/v2\/media?parent=94666"}],"wp:term":[{"taxonomy":"category","embeddable":true,"href":"https:\/\/www.sonnenseite.com\/de\/wp-json\/wp\/v2\/categories?post=94666"},{"taxonomy":"post_tag","embeddable":true,"href":"https:\/\/www.sonnenseite.com\/de\/wp-json\/wp\/v2\/tags?post=94666"}],"curies":[{"name":"wp","href":"https:\/\/api.w.org\/{rel}","templated":true}]}}