{"id":94779,"date":"2023-10-18T10:11:42","date_gmt":"2023-10-18T08:11:42","guid":{"rendered":"https:\/\/www.sonnenseite.com\/?p=94779"},"modified":"2023-10-18T10:18:20","modified_gmt":"2023-10-18T08:18:20","slug":"ohne-stromnetze-keine-energiewende","status":"publish","type":"post","link":"https:\/\/www.sonnenseite.com\/de\/wirtschaft\/ohne-stromnetze-keine-energiewende\/","title":{"rendered":"Ohne Stromnetze keine Energiewende"},"content":{"rendered":"\n<p>Mangelnder Ehrgeiz und mangelnde Aufmerksamkeit bergen die Gefahr, dass die Stromnetze zum schwachen Glied bei der Umstellung auf saubere Energie werden.<\/p>\n\n\n\n<p>Die erste globale Studie ihrer Art kommt zu dem Ergebnis, dass die Welt bis 2040 80 Millionen km Netze hinzuf\u00fcgen oder ersetzen muss, was der Gesamtzahl aller heutigen Netze weltweit entspricht, um nationale Klimaziele zu erreichen und die Energiesicherheit zu unterst\u00fctzen.<\/p>\n\n\n\n<p>Die Bem\u00fchungen zur Bek\u00e4mpfung des Klimawandels und zur Gew\u00e4hrleistung einer zuverl\u00e4ssigen Stromversorgung k\u00f6nnten gef\u00e4hrdet sein, wenn politische Entscheidungstr\u00e4ger und Unternehmen nicht schnell Ma\u00dfnahmen ergreifen, um die Stromnetze der Welt zu verbessern und auszubauen, hei\u00dft es in einem heute von der IEA ver\u00f6ffentlichten Sonderbericht.<\/p>\n\n\n\n<p>Netze bilden seit mehr als einem Jahrhundert das R\u00fcckgrat von Elektrizit\u00e4tssystemen und versorgen Haushalte, Fabriken, B\u00fcros und Krankenh\u00e4user mit Strom \u2013 und ihre Bedeutung wird mit zunehmender Rolle der Elektrizit\u00e4t in Energiesystemen nur noch zunehmen. Doch der neue Bericht \u201e <em>Electricity Grids and Secure Energy Transitions\u201c<\/em> , der eine einzigartige Bestandsaufnahme der Netze weltweit bietet, findet Anzeichen daf\u00fcr, dass sie mit dem schnellen Wachstum wichtiger sauberer Energietechnologien wie Sonne, Wind und Elektrizit\u00e4t nicht Schritt halten Autos und W\u00e4rmepumpen. Ohne gr\u00f6\u00dfere politische Aufmerksamkeit und Investitionen k\u00f6nnten Defizite in der Reichweite und Qualit\u00e4t der Netzinfrastruktur dazu f\u00fchren, dass das Ziel, die globale Erw\u00e4rmung auf 1,5 \u00b0C zu begrenzen, unerreichbar wird und die Energiesicherheit untergraben wird, warnt der Bericht.<\/p>\n\n\n\n<p>Um alle nationalen Klima- und Energieziele zu erreichen, m\u00fcssen laut einer f\u00fcr den Bericht durchgef\u00fchrten detaillierten L\u00e4nderanalyse bis 2040 80 Millionen Kilometer Stromleitungen hinzugef\u00fcgt oder ersetzt werden \u2013 eine Menge, die dem gesamten bestehenden globalen Stromnetz entspricht. Wesentliche Ver\u00e4nderungen in der Art und Weise, wie Netze funktionieren und reguliert werden, sind ebenfalls unerl\u00e4sslich, w\u00e4hrend sich die j\u00e4hrlichen Investitionen in Netze, die weitgehend stagnieren, bis 2030 auf mehr als 600 Milliarden US-Dollar pro Jahr verdoppeln m\u00fcssen.<\/p>\n\n\n\n<p>Es zeichnen sich bereits Probleme ab. Der Bericht identifiziert eine gro\u00dfe und wachsende Schlange von Projekten im Bereich der erneuerbaren Energien, die auf gr\u00fcnes Licht f\u00fcr den Netzanschluss warten, und nennt 1.500 Gigawatt dieser Projekte, die sich in einem fortgeschrittenen Entwicklungsstadium befinden. Das ist das F\u00fcnffache der Menge an Solar-PV- und Windkapazit\u00e4t, die im vergangenen Jahr weltweit neu hinzugekommen ist.<\/p>\n\n\n\n<p>\u201eDie j\u00fcngsten Fortschritte bei sauberer Energie, die wir in vielen L\u00e4ndern gesehen haben, sind beispiellos und geben Anlass zu Optimismus. Sie k\u00f6nnten jedoch gef\u00e4hrdet werden, wenn Regierungen und Unternehmen nicht zusammenarbeiten, um sicherzustellen, dass die Stromnetze der Welt f\u00fcr die neue globale Energiewirtschaft bereit sind.\u201c \u201eEs entwickelt sich schnell\u201c, sagte IEA-Exekutivdirektor Fatih Birol. \u201eDieser Bericht zeigt, was auf dem Spiel steht und was getan werden muss. Wir m\u00fcssen heute in die Netze investieren, sonst stehen wir morgen vor dem Stillstand.\u201c<\/p>\n\n\n\n<p>Die Rolle der Elektrizit\u00e4t wird weiterhin stark zunehmen und die Anforderungen an die Netze steigen. Die Einf\u00fchrung neuer Technologien wie Elektroautos und W\u00e4rmepumpen bedeutet, dass die Elektrizit\u00e4t in Bereiche expandiert, die zuvor von fossilen Brennstoffen dominiert wurden. Mittlerweile bauen L\u00e4nder in rasantem Tempo Projekte f\u00fcr erneuerbare Energien auf. Sie ben\u00f6tigen mehr Stromleitungen, um sie an die Stromnetze anzuschlie\u00dfen, und hochfunktionierende Verteilernetze, um eine zuverl\u00e4ssige Versorgung der Endkunden zu gew\u00e4hrleisten. Dazu geh\u00f6ren die Digitalisierung von Verteilnetzen und die Erm\u00f6glichung von mehr Flexibilit\u00e4t durch Demand Response und Energiespeicherung.<\/p>\n\n\n\n<p>Ein f\u00fcr den Bericht entwickeltes neues Szenario, der Grid Delay Case, untersucht, was passieren w\u00fcrde, wenn die Netzinvestitionen nicht schnell genug erh\u00f6ht w\u00fcrden und die Regulierungsreformen f\u00fcr Netze nur langsam voranschreiten. Es wird festgestellt, dass die kumulierten Kohlendioxidemissionen (CO2) zwischen 2030 und 2050 aufgrund einer langsameren Einf\u00fchrung erneuerbarer Energien, die zu einem h\u00f6heren Verbrauch fossiler Brennstoffe f\u00fchrt, um fast 60 Milliarden Tonnen h\u00f6her w\u00e4ren. Dies entspricht den gesamten CO2-Emissionen des globalen Energiesektors in den letzten vier Jahren. Damit w\u00fcrde der globale Temperaturanstieg deutlich \u00fcber dem Ziel des Pariser Abkommens von 1,5 \u00b0C liegen, mit einer Wahrscheinlichkeit von 40 %, dass er 2 \u00b0C \u00fcbersteigt.<\/p>\n\n\n\n<p>Der Bericht identifiziert mehrere strategische Ma\u00dfnahmen, die einen Unterschied machen k\u00f6nnen. Dazu geh\u00f6rt der Ausbau und die St\u00e4rkung der Netzverbindungen innerhalb von L\u00e4ndern, zwischen L\u00e4ndern und \u00fcber Regionen hinweg, um die Stromsysteme widerstandsf\u00e4higer zu machen und es ihnen zu erm\u00f6glichen, steigende Anteile von Solar- und Windenergie besser zu integrieren. Der Bericht empfiehlt den Regierungen, gro\u00dfe \u00dcbertragungsprojekte zu unterst\u00fctzen, um sicherzustellen, dass die Netze auf ein weiteres starkes Wachstum der erneuerbaren Energien vorbereitet sind. Und es fordert Netzentwickler und -betreiber dringend auf, die Digitalisierung zu nutzen, um die Netze der Zukunft widerstandsf\u00e4higer und flexibler zu machen.<\/p>\n\n\n\n<p>Aufgrund der langen Vorlaufzeiten f\u00fcr die Modernisierung und den Ausbau der Netze besteht dringender Handlungsbedarf. Die Planung, Genehmigung und Fertigstellung einer neuen Netzinfrastruktur dauert oft 5 bis 15 Jahre \u2013 verglichen mit 1 bis 5 Jahren f\u00fcr neue Projekte im Bereich erneuerbare Energien und weniger als 2 Jahren f\u00fcr neue Ladeinfrastruktur f\u00fcr Elektrofahrzeuge.<\/p>\n\n\n<div class=\"wp-block-image\">\n<figure class=\"alignright size-full is-resized\"><img loading=\"lazy\" decoding=\"async\" src=\"https:\/\/www.sonnenseite.com\/wp-content\/uploads\/2023\/10\/iea.org_ElectricityGrids.jpg\" alt=\"\" class=\"wp-image-94783\" style=\"width:264px;height:379px\" width=\"264\" height=\"379\" srcset=\"https:\/\/www.sonnenseite.com\/wp-content\/uploads\/2023\/10\/iea.org_ElectricityGrids.jpg 400w, https:\/\/www.sonnenseite.com\/wp-content\/uploads\/2023\/10\/iea.org_ElectricityGrids-209x300.jpg 209w\" sizes=\"auto, (max-width: 264px) 100vw, 264px\" \/><\/figure>\n<\/div>\n\n\n<p>Die Verbesserung und der Ausbau der Netzinfrastruktur in L\u00e4ndern weltweit erfordert eine st\u00e4rkere internationale Zusammenarbeit. In den Schwellen- und Entwicklungsl\u00e4ndern mit Ausnahme Chinas ist in den letzten Jahren ein R\u00fcckgang der Netzinvestitionen zu verzeichnen, obwohl die Stromnachfrage kr\u00e4ftig w\u00e4chst und die Ziele f\u00fcr den Energiezugang weiterhin angestrebt werden.<\/p>\n\n\n\n<p>\u201eSicherzustellen, dass die Entwicklungsl\u00e4nder \u00fcber die Ressourcen verf\u00fcgen, die sie f\u00fcr den Aufbau und die Modernisierung von Stromnetzen ben\u00f6tigen, ist eine wesentliche Aufgabe der internationalen Gemeinschaft\u201c, sagte Dr. Birol. \u201eDurch die Mobilisierung von Finanzmitteln, die Bereitstellung von Zugang zu Technologie und den Austausch bew\u00e4hrter Verfahren in der Politik k\u00f6nnen f\u00fchrende Volkswirtschaften dazu beitragen, das Leben der Menschen zu verbessern, eine nachhaltige Entwicklung zu st\u00e4rken und die Risiken des Klimawandels zu verringern.\u201c<\/p>\n\n\n\n<ul class=\"wp-block-list\">\n<li><a href=\"https:\/\/iea.blob.core.windows.net\/assets\/70f2de45-6d84-4e07-bfd0-93833e205c81\/ElectricityGridsandSecureEnergyTransitions.pdf\">Report &#8222;Electricity Grids and Secure Energy Transitions | Enhancing the foundations of resilient, sustainable and affordable power systems&#8220; (pdf)<\/a><\/li>\n<\/ul>\n\n\n<h5 class=\"green\">Quelle<\/h5>\r\n\n\n\n<p><a href=\"http:\/\/www.iea.org\">Internationalen Energieagentur (IEA) 2023<\/a><\/p>\n<div class=\"shariff shariff-align-flex-start shariff-widget-align-flex-start\"><div class=\"ShariffHeadline\">Diese Meldung teilen<\/div><ul class=\"shariff-buttons theme-round orientation-horizontal buttonsize-medium\"><li class=\"shariff-button facebook shariff-nocustomcolor\" style=\"background-color:#4273c8;border-radius:1%\"><a href=\"https:\/\/www.facebook.com\/sharer\/sharer.php?u=https%3A%2F%2Fwww.sonnenseite.com%2Fde%2Fwirtschaft%2Fohne-stromnetze-keine-energiewende%2F\" title=\"Bei Facebook teilen\" aria-label=\"Bei Facebook teilen\" role=\"button\" rel=\"nofollow\" class=\"shariff-link\" style=\";border-radius:1%; background-color:#3b5998; color:#fff\" target=\"_blank\"><span class=\"shariff-icon\" style=\"\"><svg width=\"32px\" height=\"20px\" xmlns=\"http:\/\/www.w3.org\/2000\/svg\" viewBox=\"0 0 18 32\"><path fill=\"#3b5998\" d=\"M17.1 0.2v4.7h-2.8q-1.5 0-2.1 0.6t-0.5 1.9v3.4h5.2l-0.7 5.3h-4.5v13.6h-5.5v-13.6h-4.5v-5.3h4.5v-3.9q0-3.3 1.9-5.2t5-1.8q2.6 0 4.1 0.2z\"\/><\/svg><\/span><\/a><\/li><li class=\"shariff-button twitter shariff-nocustomcolor\" style=\"background-color:#595959;border-radius:1%\"><a href=\"https:\/\/twitter.com\/share?url=https%3A%2F%2Fwww.sonnenseite.com%2Fde%2Fwirtschaft%2Fohne-stromnetze-keine-energiewende%2F&text=Ohne%20Stromnetze%20keine%20Energiewende\" title=\"Bei X teilen\" aria-label=\"Bei X teilen\" role=\"button\" rel=\"noopener nofollow\" class=\"shariff-link\" style=\";border-radius:1%; background-color:#000; color:#fff\" target=\"_blank\"><span class=\"shariff-icon\" style=\"\"><svg width=\"32px\" height=\"20px\" xmlns=\"http:\/\/www.w3.org\/2000\/svg\" viewBox=\"0 0 24 24\"><path fill=\"#000\" d=\"M14.258 10.152L23.176 0h-2.113l-7.747 8.813L7.133 0H0l9.352 13.328L0 23.973h2.113l8.176-9.309 6.531 9.309h7.133zm-2.895 3.293l-.949-1.328L2.875 1.56h3.246l6.086 8.523.945 1.328 7.91 11.078h-3.246zm0 0\"\/><\/svg><\/span><\/a><\/li><li class=\"shariff-button xing shariff-nocustomcolor\" style=\"background-color:#29888a;border-radius:1%\"><a href=\"https:\/\/www.xing.com\/spi\/shares\/new?url=https%3A%2F%2Fwww.sonnenseite.com%2Fde%2Fwirtschaft%2Fohne-stromnetze-keine-energiewende%2F\" title=\"Bei XING teilen\" aria-label=\"Bei XING teilen\" role=\"button\" rel=\"noopener nofollow\" class=\"shariff-link\" style=\";border-radius:1%; background-color:#126567; color:#fff\" target=\"_blank\"><span class=\"shariff-icon\" style=\"\"><svg width=\"32px\" height=\"20px\" xmlns=\"http:\/\/www.w3.org\/2000\/svg\" viewBox=\"0 0 25 32\"><path fill=\"#126567\" d=\"M10.7 11.9q-0.2 0.3-4.6 8.2-0.5 0.8-1.2 0.8h-4.3q-0.4 0-0.5-0.3t0-0.6l4.5-8q0 0 0 0l-2.9-5q-0.2-0.4 0-0.7 0.2-0.3 0.5-0.3h4.3q0.7 0 1.2 0.8zM25.1 0.4q0.2 0.3 0 0.7l-9.4 16.7 6 11q0.2 0.4 0 0.6-0.2 0.3-0.6 0.3h-4.3q-0.7 0-1.2-0.8l-6-11.1q0.3-0.6 9.5-16.8 0.4-0.8 1.2-0.8h4.3q0.4 0 0.5 0.3z\"\/><\/svg><\/span><\/a><\/li><li class=\"shariff-button linkedin shariff-nocustomcolor\" style=\"background-color:#1488bf;border-radius:1%\"><a href=\"https:\/\/www.linkedin.com\/sharing\/share-offsite\/?url=https%3A%2F%2Fwww.sonnenseite.com%2Fde%2Fwirtschaft%2Fohne-stromnetze-keine-energiewende%2F\" title=\"Bei LinkedIn teilen\" aria-label=\"Bei LinkedIn teilen\" role=\"button\" rel=\"noopener nofollow\" class=\"shariff-link\" style=\";border-radius:1%; background-color:#0077b5; color:#fff\" target=\"_blank\"><span class=\"shariff-icon\" style=\"\"><svg width=\"32px\" height=\"20px\" xmlns=\"http:\/\/www.w3.org\/2000\/svg\" viewBox=\"0 0 27 32\"><path fill=\"#0077b5\" d=\"M6.2 11.2v17.7h-5.9v-17.7h5.9zM6.6 5.7q0 1.3-0.9 2.2t-2.4 0.9h0q-1.5 0-2.4-0.9t-0.9-2.2 0.9-2.2 2.4-0.9 2.4 0.9 0.9 2.2zM27.4 18.7v10.1h-5.9v-9.5q0-1.9-0.7-2.9t-2.3-1.1q-1.1 0-1.9 0.6t-1.2 1.5q-0.2 0.5-0.2 1.4v9.9h-5.9q0-7.1 0-11.6t0-5.3l0-0.9h5.9v2.6h0q0.4-0.6 0.7-1t1-0.9 1.6-0.8 2-0.3q3 0 4.9 2t1.9 6z\"\/><\/svg><\/span><\/a><\/li><li class=\"shariff-button printer shariff-nocustomcolor\" style=\"background-color:#a8a8a8;border-radius:1%\"><a href=\"javascript:window.print()\" title=\"drucken\" aria-label=\"drucken\" role=\"button\" rel=\"noopener nofollow\" class=\"shariff-link\" style=\";border-radius:1%; background-color:#999; color:#fff\"><span class=\"shariff-icon\" style=\"\"><svg width=\"32px\" height=\"20px\" xmlns=\"http:\/\/www.w3.org\/2000\/svg\" viewBox=\"0 0 30 32\"><path fill=\"#999\" d=\"M6.8 27.4h16v-4.6h-16v4.6zM6.8 16h16v-6.8h-2.8q-0.7 0-1.2-0.5t-0.5-1.2v-2.8h-11.4v11.4zM27.4 17.2q0-0.5-0.3-0.8t-0.8-0.4-0.8 0.4-0.3 0.8 0.3 0.8 0.8 0.3 0.8-0.3 0.3-0.8zM29.7 17.2v7.4q0 0.2-0.2 0.4t-0.4 0.2h-4v2.8q0 0.7-0.5 1.2t-1.2 0.5h-17.2q-0.7 0-1.2-0.5t-0.5-1.2v-2.8h-4q-0.2 0-0.4-0.2t-0.2-0.4v-7.4q0-1.4 1-2.4t2.4-1h1.2v-9.7q0-0.7 0.5-1.2t1.2-0.5h12q0.7 0 1.6 0.4t1.3 0.8l2.7 2.7q0.5 0.5 0.9 1.4t0.4 1.6v4.6h1.1q1.4 0 2.4 1t1 2.4z\"\/><\/svg><\/span><\/a><\/li><li class=\"shariff-button mailto shariff-nocustomcolor\" style=\"background-color:#a8a8a8;border-radius:1%\"><a href=\"mailto:?body=https%3A%2F%2Fwww.sonnenseite.com%2Fde%2Fwirtschaft%2Fohne-stromnetze-keine-energiewende%2F&subject=Ohne%20Stromnetze%20keine%20Energiewende\" title=\"Per E-Mail versenden\" aria-label=\"Per E-Mail versenden\" role=\"button\" rel=\"noopener nofollow\" class=\"shariff-link\" style=\";border-radius:1%; background-color:#999; color:#fff\"><span class=\"shariff-icon\" style=\"\"><svg width=\"32px\" height=\"20px\" xmlns=\"http:\/\/www.w3.org\/2000\/svg\" viewBox=\"0 0 32 32\"><path fill=\"#999\" d=\"M32 12.7v14.2q0 1.2-0.8 2t-2 0.9h-26.3q-1.2 0-2-0.9t-0.8-2v-14.2q0.8 0.9 1.8 1.6 6.5 4.4 8.9 6.1 1 0.8 1.6 1.2t1.7 0.9 2 0.4h0.1q0.9 0 2-0.4t1.7-0.9 1.6-1.2q3-2.2 8.9-6.1 1-0.7 1.8-1.6zM32 7.4q0 1.4-0.9 2.7t-2.2 2.2q-6.7 4.7-8.4 5.8-0.2 0.1-0.7 0.5t-1 0.7-0.9 0.6-1.1 0.5-0.9 0.2h-0.1q-0.4 0-0.9-0.2t-1.1-0.5-0.9-0.6-1-0.7-0.7-0.5q-1.6-1.1-4.7-3.2t-3.6-2.6q-1.1-0.7-2.1-2t-1-2.5q0-1.4 0.7-2.3t2.1-0.9h26.3q1.2 0 2 0.8t0.9 2z\"\/><\/svg><\/span><\/a><\/li><\/ul><\/div>","protected":false},"excerpt":{"rendered":"<p>Mangelnder Ehrgeiz und mangelnde Aufmerksamkeit bergen die Gefahr, dass die Stromnetze zum schwachen Glied bei der [&hellip;]<\/p>\n","protected":false},"author":3,"featured_media":25129,"comment_status":"closed","ping_status":"closed","sticky":false,"template":"","format":"standard","meta":{"inline_featured_image":false,"footnotes":""},"categories":[24],"tags":[],"class_list":["post-94779","post","type-post","status-publish","format-standard","has-post-thumbnail","hentry","category-wirtschaft"],"yoast_head":"<!-- This site is optimized with the Yoast SEO plugin v26.5 - https:\/\/yoast.com\/wordpress\/plugins\/seo\/ -->\n<title>Ohne Stromnetze keine Energiewende - Sonnenseite - \u00d6kologische Kommunikation mit Franz Alt<\/title>\n<meta name=\"description\" content=\"Mangelnder Ehrgeiz und mangelnde Aufmerksamkeit bergen die Gefahr, dass die Stromnetze zum schwachen Glied bei der Umstellung auf saubere Energie werden.\" \/>\n<meta name=\"robots\" content=\"index, follow, max-snippet:-1, max-image-preview:large, max-video-preview:-1\" \/>\n<link rel=\"canonical\" href=\"https:\/\/www.sonnenseite.com\/de\/wirtschaft\/ohne-stromnetze-keine-energiewende\/\" \/>\n<meta property=\"og:locale\" content=\"de_DE\" \/>\n<meta property=\"og:type\" content=\"article\" \/>\n<meta property=\"og:title\" content=\"Ohne Stromnetze keine Energiewende - Sonnenseite - \u00d6kologische Kommunikation mit Franz Alt\" \/>\n<meta property=\"og:description\" content=\"Mangelnder Ehrgeiz und mangelnde Aufmerksamkeit bergen die Gefahr, dass die Stromnetze zum schwachen Glied bei der Umstellung auf saubere Energie werden.\" \/>\n<meta property=\"og:url\" content=\"https:\/\/www.sonnenseite.com\/de\/wirtschaft\/ohne-stromnetze-keine-energiewende\/\" \/>\n<meta property=\"og:site_name\" content=\"Sonnenseite\" \/>\n<meta property=\"article:publisher\" content=\"https:\/\/www.facebook.com\/pages\/Franz-Alt-SONNENSEITECOM\/221072987903953?fref=ts\" \/>\n<meta property=\"article:published_time\" content=\"2023-10-18T08:11:42+00:00\" \/>\n<meta property=\"article:modified_time\" content=\"2023-10-18T08:18:20+00:00\" \/>\n<meta property=\"og:image\" content=\"https:\/\/www.sonnenseite.com\/wp-content\/uploads\/2017\/08\/Stromnetz_markusspiske.jpg\" \/>\n\t<meta property=\"og:image:width\" content=\"770\" \/>\n\t<meta property=\"og:image:height\" content=\"420\" \/>\n\t<meta property=\"og:image:type\" content=\"image\/jpeg\" \/>\n<meta name=\"author\" content=\"Bigi Alt\" \/>\n<meta name=\"twitter:card\" content=\"summary_large_image\" \/>\n<meta name=\"twitter:creator\" content=\"@franzalt\" \/>\n<meta name=\"twitter:site\" content=\"@franzalt\" \/>\n<meta name=\"twitter:label1\" content=\"Verfasst von\" \/>\n\t<meta name=\"twitter:data1\" content=\"Bigi Alt\" \/>\n\t<meta name=\"twitter:label2\" content=\"Gesch\u00e4tzte Lesezeit\" \/>\n\t<meta name=\"twitter:data2\" content=\"6\u00a0Minuten\" \/>\n<script type=\"application\/ld+json\" class=\"yoast-schema-graph\">{\"@context\":\"https:\/\/schema.org\",\"@graph\":[{\"@type\":\"Article\",\"@id\":\"https:\/\/www.sonnenseite.com\/de\/wirtschaft\/ohne-stromnetze-keine-energiewende\/#article\",\"isPartOf\":{\"@id\":\"https:\/\/www.sonnenseite.com\/de\/wirtschaft\/ohne-stromnetze-keine-energiewende\/\"},\"author\":{\"name\":\"Bigi Alt\",\"@id\":\"https:\/\/www.sonnenseite.com\/de\/#\/schema\/person\/50fda0e926597684c7cc6695238a4eb9\"},\"headline\":\"Ohne Stromnetze keine Energiewende\",\"datePublished\":\"2023-10-18T08:11:42+00:00\",\"dateModified\":\"2023-10-18T08:18:20+00:00\",\"mainEntityOfPage\":{\"@id\":\"https:\/\/www.sonnenseite.com\/de\/wirtschaft\/ohne-stromnetze-keine-energiewende\/\"},\"wordCount\":994,\"publisher\":{\"@id\":\"https:\/\/www.sonnenseite.com\/de\/#organization\"},\"image\":{\"@id\":\"https:\/\/www.sonnenseite.com\/de\/wirtschaft\/ohne-stromnetze-keine-energiewende\/#primaryimage\"},\"thumbnailUrl\":\"https:\/\/www.sonnenseite.com\/wp-content\/uploads\/2017\/08\/Stromnetz_markusspiske.jpg\",\"articleSection\":[\"Wirtschaft\"],\"inLanguage\":\"de\"},{\"@type\":\"WebPage\",\"@id\":\"https:\/\/www.sonnenseite.com\/de\/wirtschaft\/ohne-stromnetze-keine-energiewende\/\",\"url\":\"https:\/\/www.sonnenseite.com\/de\/wirtschaft\/ohne-stromnetze-keine-energiewende\/\",\"name\":\"Ohne Stromnetze keine Energiewende - Sonnenseite - \u00d6kologische Kommunikation mit Franz Alt\",\"isPartOf\":{\"@id\":\"https:\/\/www.sonnenseite.com\/de\/#website\"},\"primaryImageOfPage\":{\"@id\":\"https:\/\/www.sonnenseite.com\/de\/wirtschaft\/ohne-stromnetze-keine-energiewende\/#primaryimage\"},\"image\":{\"@id\":\"https:\/\/www.sonnenseite.com\/de\/wirtschaft\/ohne-stromnetze-keine-energiewende\/#primaryimage\"},\"thumbnailUrl\":\"https:\/\/www.sonnenseite.com\/wp-content\/uploads\/2017\/08\/Stromnetz_markusspiske.jpg\",\"datePublished\":\"2023-10-18T08:11:42+00:00\",\"dateModified\":\"2023-10-18T08:18:20+00:00\",\"description\":\"Mangelnder Ehrgeiz und mangelnde Aufmerksamkeit bergen die Gefahr, dass die Stromnetze zum schwachen Glied bei der Umstellung auf saubere Energie werden.\",\"breadcrumb\":{\"@id\":\"https:\/\/www.sonnenseite.com\/de\/wirtschaft\/ohne-stromnetze-keine-energiewende\/#breadcrumb\"},\"inLanguage\":\"de\",\"potentialAction\":[{\"@type\":\"ReadAction\",\"target\":[\"https:\/\/www.sonnenseite.com\/de\/wirtschaft\/ohne-stromnetze-keine-energiewende\/\"]}]},{\"@type\":\"ImageObject\",\"inLanguage\":\"de\",\"@id\":\"https:\/\/www.sonnenseite.com\/de\/wirtschaft\/ohne-stromnetze-keine-energiewende\/#primaryimage\",\"url\":\"https:\/\/www.sonnenseite.com\/wp-content\/uploads\/2017\/08\/Stromnetz_markusspiske.jpg\",\"contentUrl\":\"https:\/\/www.sonnenseite.com\/wp-content\/uploads\/2017\/08\/Stromnetz_markusspiske.jpg\",\"width\":770,\"height\":420,\"caption\":\"pixabay.com | markusspiske\"},{\"@type\":\"BreadcrumbList\",\"@id\":\"https:\/\/www.sonnenseite.com\/de\/wirtschaft\/ohne-stromnetze-keine-energiewende\/#breadcrumb\",\"itemListElement\":[{\"@type\":\"ListItem\",\"position\":1,\"name\":\"Startseite\",\"item\":\"https:\/\/www.sonnenseite.com\/de\/\"},{\"@type\":\"ListItem\",\"position\":2,\"name\":\"Ohne Stromnetze keine Energiewende\"}]},{\"@type\":\"WebSite\",\"@id\":\"https:\/\/www.sonnenseite.com\/de\/#website\",\"url\":\"https:\/\/www.sonnenseite.com\/de\/\",\"name\":\"Sonnenseite\",\"description\":\"\u00d6kologische Kommunikation mit Franz Alt\",\"publisher\":{\"@id\":\"https:\/\/www.sonnenseite.com\/de\/#organization\"},\"potentialAction\":[{\"@type\":\"SearchAction\",\"target\":{\"@type\":\"EntryPoint\",\"urlTemplate\":\"https:\/\/www.sonnenseite.com\/de\/?s={search_term_string}\"},\"query-input\":{\"@type\":\"PropertyValueSpecification\",\"valueRequired\":true,\"valueName\":\"search_term_string\"}}],\"inLanguage\":\"de\"},{\"@type\":\"Organization\",\"@id\":\"https:\/\/www.sonnenseite.com\/de\/#organization\",\"name\":\"Sonnenseite\",\"url\":\"https:\/\/www.sonnenseite.com\/de\/\",\"logo\":{\"@type\":\"ImageObject\",\"inLanguage\":\"de\",\"@id\":\"https:\/\/www.sonnenseite.com\/de\/#\/schema\/logo\/image\/\",\"url\":\"https:\/\/www.sonnenseite.com\/wp-content\/uploads\/2020\/05\/Sonnenseite_Logo.png\",\"contentUrl\":\"https:\/\/www.sonnenseite.com\/wp-content\/uploads\/2020\/05\/Sonnenseite_Logo.png\",\"width\":377,\"height\":90,\"caption\":\"Sonnenseite\"},\"image\":{\"@id\":\"https:\/\/www.sonnenseite.com\/de\/#\/schema\/logo\/image\/\"},\"sameAs\":[\"https:\/\/www.facebook.com\/pages\/Franz-Alt-SONNENSEITECOM\/221072987903953?fref=ts\",\"https:\/\/x.com\/franzalt\",\"http:\/\/www.youtube.com\/results?search_query&amp;amp;quot;franz_alt&amp;amp;quot;&amp;amp;amp;amp;search_type&amp;amp;amp;amp;aq=f\"]},{\"@type\":\"Person\",\"@id\":\"https:\/\/www.sonnenseite.com\/de\/#\/schema\/person\/50fda0e926597684c7cc6695238a4eb9\",\"name\":\"Bigi Alt\"}]}<\/script>\n<!-- \/ Yoast SEO plugin. -->","yoast_head_json":{"title":"Ohne Stromnetze keine Energiewende - Sonnenseite - \u00d6kologische Kommunikation mit Franz Alt","description":"Mangelnder Ehrgeiz und mangelnde Aufmerksamkeit bergen die Gefahr, dass die Stromnetze zum schwachen Glied bei der Umstellung auf saubere Energie werden.","robots":{"index":"index","follow":"follow","max-snippet":"max-snippet:-1","max-image-preview":"max-image-preview:large","max-video-preview":"max-video-preview:-1"},"canonical":"https:\/\/www.sonnenseite.com\/de\/wirtschaft\/ohne-stromnetze-keine-energiewende\/","og_locale":"de_DE","og_type":"article","og_title":"Ohne Stromnetze keine Energiewende - Sonnenseite - \u00d6kologische Kommunikation mit Franz Alt","og_description":"Mangelnder Ehrgeiz und mangelnde Aufmerksamkeit bergen die Gefahr, dass die Stromnetze zum schwachen Glied bei der Umstellung auf saubere Energie werden.","og_url":"https:\/\/www.sonnenseite.com\/de\/wirtschaft\/ohne-stromnetze-keine-energiewende\/","og_site_name":"Sonnenseite","article_publisher":"https:\/\/www.facebook.com\/pages\/Franz-Alt-SONNENSEITECOM\/221072987903953?fref=ts","article_published_time":"2023-10-18T08:11:42+00:00","article_modified_time":"2023-10-18T08:18:20+00:00","og_image":[{"width":770,"height":420,"url":"https:\/\/www.sonnenseite.com\/wp-content\/uploads\/2017\/08\/Stromnetz_markusspiske.jpg","type":"image\/jpeg"}],"author":"Bigi Alt","twitter_card":"summary_large_image","twitter_creator":"@franzalt","twitter_site":"@franzalt","twitter_misc":{"Verfasst von":"Bigi Alt","Gesch\u00e4tzte Lesezeit":"6\u00a0Minuten"},"schema":{"@context":"https:\/\/schema.org","@graph":[{"@type":"Article","@id":"https:\/\/www.sonnenseite.com\/de\/wirtschaft\/ohne-stromnetze-keine-energiewende\/#article","isPartOf":{"@id":"https:\/\/www.sonnenseite.com\/de\/wirtschaft\/ohne-stromnetze-keine-energiewende\/"},"author":{"name":"Bigi Alt","@id":"https:\/\/www.sonnenseite.com\/de\/#\/schema\/person\/50fda0e926597684c7cc6695238a4eb9"},"headline":"Ohne Stromnetze keine Energiewende","datePublished":"2023-10-18T08:11:42+00:00","dateModified":"2023-10-18T08:18:20+00:00","mainEntityOfPage":{"@id":"https:\/\/www.sonnenseite.com\/de\/wirtschaft\/ohne-stromnetze-keine-energiewende\/"},"wordCount":994,"publisher":{"@id":"https:\/\/www.sonnenseite.com\/de\/#organization"},"image":{"@id":"https:\/\/www.sonnenseite.com\/de\/wirtschaft\/ohne-stromnetze-keine-energiewende\/#primaryimage"},"thumbnailUrl":"https:\/\/www.sonnenseite.com\/wp-content\/uploads\/2017\/08\/Stromnetz_markusspiske.jpg","articleSection":["Wirtschaft"],"inLanguage":"de"},{"@type":"WebPage","@id":"https:\/\/www.sonnenseite.com\/de\/wirtschaft\/ohne-stromnetze-keine-energiewende\/","url":"https:\/\/www.sonnenseite.com\/de\/wirtschaft\/ohne-stromnetze-keine-energiewende\/","name":"Ohne Stromnetze keine Energiewende - Sonnenseite - \u00d6kologische Kommunikation mit Franz Alt","isPartOf":{"@id":"https:\/\/www.sonnenseite.com\/de\/#website"},"primaryImageOfPage":{"@id":"https:\/\/www.sonnenseite.com\/de\/wirtschaft\/ohne-stromnetze-keine-energiewende\/#primaryimage"},"image":{"@id":"https:\/\/www.sonnenseite.com\/de\/wirtschaft\/ohne-stromnetze-keine-energiewende\/#primaryimage"},"thumbnailUrl":"https:\/\/www.sonnenseite.com\/wp-content\/uploads\/2017\/08\/Stromnetz_markusspiske.jpg","datePublished":"2023-10-18T08:11:42+00:00","dateModified":"2023-10-18T08:18:20+00:00","description":"Mangelnder Ehrgeiz und mangelnde Aufmerksamkeit bergen die Gefahr, dass die Stromnetze zum schwachen Glied bei der Umstellung auf saubere Energie werden.","breadcrumb":{"@id":"https:\/\/www.sonnenseite.com\/de\/wirtschaft\/ohne-stromnetze-keine-energiewende\/#breadcrumb"},"inLanguage":"de","potentialAction":[{"@type":"ReadAction","target":["https:\/\/www.sonnenseite.com\/de\/wirtschaft\/ohne-stromnetze-keine-energiewende\/"]}]},{"@type":"ImageObject","inLanguage":"de","@id":"https:\/\/www.sonnenseite.com\/de\/wirtschaft\/ohne-stromnetze-keine-energiewende\/#primaryimage","url":"https:\/\/www.sonnenseite.com\/wp-content\/uploads\/2017\/08\/Stromnetz_markusspiske.jpg","contentUrl":"https:\/\/www.sonnenseite.com\/wp-content\/uploads\/2017\/08\/Stromnetz_markusspiske.jpg","width":770,"height":420,"caption":"pixabay.com | markusspiske"},{"@type":"BreadcrumbList","@id":"https:\/\/www.sonnenseite.com\/de\/wirtschaft\/ohne-stromnetze-keine-energiewende\/#breadcrumb","itemListElement":[{"@type":"ListItem","position":1,"name":"Startseite","item":"https:\/\/www.sonnenseite.com\/de\/"},{"@type":"ListItem","position":2,"name":"Ohne Stromnetze keine Energiewende"}]},{"@type":"WebSite","@id":"https:\/\/www.sonnenseite.com\/de\/#website","url":"https:\/\/www.sonnenseite.com\/de\/","name":"Sonnenseite","description":"\u00d6kologische Kommunikation mit Franz Alt","publisher":{"@id":"https:\/\/www.sonnenseite.com\/de\/#organization"},"potentialAction":[{"@type":"SearchAction","target":{"@type":"EntryPoint","urlTemplate":"https:\/\/www.sonnenseite.com\/de\/?s={search_term_string}"},"query-input":{"@type":"PropertyValueSpecification","valueRequired":true,"valueName":"search_term_string"}}],"inLanguage":"de"},{"@type":"Organization","@id":"https:\/\/www.sonnenseite.com\/de\/#organization","name":"Sonnenseite","url":"https:\/\/www.sonnenseite.com\/de\/","logo":{"@type":"ImageObject","inLanguage":"de","@id":"https:\/\/www.sonnenseite.com\/de\/#\/schema\/logo\/image\/","url":"https:\/\/www.sonnenseite.com\/wp-content\/uploads\/2020\/05\/Sonnenseite_Logo.png","contentUrl":"https:\/\/www.sonnenseite.com\/wp-content\/uploads\/2020\/05\/Sonnenseite_Logo.png","width":377,"height":90,"caption":"Sonnenseite"},"image":{"@id":"https:\/\/www.sonnenseite.com\/de\/#\/schema\/logo\/image\/"},"sameAs":["https:\/\/www.facebook.com\/pages\/Franz-Alt-SONNENSEITECOM\/221072987903953?fref=ts","https:\/\/x.com\/franzalt","http:\/\/www.youtube.com\/results?search_query&amp;amp;quot;franz_alt&amp;amp;quot;&amp;amp;amp;amp;search_type&amp;amp;amp;amp;aq=f"]},{"@type":"Person","@id":"https:\/\/www.sonnenseite.com\/de\/#\/schema\/person\/50fda0e926597684c7cc6695238a4eb9","name":"Bigi Alt"}]}},"_links":{"self":[{"href":"https:\/\/www.sonnenseite.com\/de\/wp-json\/wp\/v2\/posts\/94779","targetHints":{"allow":["GET"]}}],"collection":[{"href":"https:\/\/www.sonnenseite.com\/de\/wp-json\/wp\/v2\/posts"}],"about":[{"href":"https:\/\/www.sonnenseite.com\/de\/wp-json\/wp\/v2\/types\/post"}],"author":[{"embeddable":true,"href":"https:\/\/www.sonnenseite.com\/de\/wp-json\/wp\/v2\/users\/3"}],"replies":[{"embeddable":true,"href":"https:\/\/www.sonnenseite.com\/de\/wp-json\/wp\/v2\/comments?post=94779"}],"version-history":[{"count":2,"href":"https:\/\/www.sonnenseite.com\/de\/wp-json\/wp\/v2\/posts\/94779\/revisions"}],"predecessor-version":[{"id":94785,"href":"https:\/\/www.sonnenseite.com\/de\/wp-json\/wp\/v2\/posts\/94779\/revisions\/94785"}],"wp:featuredmedia":[{"embeddable":true,"href":"https:\/\/www.sonnenseite.com\/de\/wp-json\/wp\/v2\/media\/25129"}],"wp:attachment":[{"href":"https:\/\/www.sonnenseite.com\/de\/wp-json\/wp\/v2\/media?parent=94779"}],"wp:term":[{"taxonomy":"category","embeddable":true,"href":"https:\/\/www.sonnenseite.com\/de\/wp-json\/wp\/v2\/categories?post=94779"},{"taxonomy":"post_tag","embeddable":true,"href":"https:\/\/www.sonnenseite.com\/de\/wp-json\/wp\/v2\/tags?post=94779"}],"curies":[{"name":"wp","href":"https:\/\/api.w.org\/{rel}","templated":true}]}}