{"id":94824,"date":"2023-10-21T02:10:00","date_gmt":"2023-10-21T00:10:00","guid":{"rendered":"https:\/\/www.sonnenseite.com\/?p=94824"},"modified":"2023-10-21T09:56:52","modified_gmt":"2023-10-21T07:56:52","slug":"zwischen-arktischem-land-und-meer","status":"publish","type":"post","link":"https:\/\/www.sonnenseite.com\/de\/umwelt\/zwischen-arktischem-land-und-meer\/","title":{"rendered":"Zwischen arktischem Land und Meer"},"content":{"rendered":"\n<p><a href=\"https:\/\/nunataryuk.org\/news\/atlas\">Neuer Atlas<\/a> dokumentiert das Auftauen des Permafrosts und seine Folgen.<\/p>\n\n\n\n<p>Der Untergrund im hohen Norden der Erde ver\u00e4ndert sich rasant. Typisch f\u00fcr weite Regionen der Arktis sind B\u00f6den, die im Sommer an der Oberfl\u00e4che ein St\u00fcck weit auftauen, ansonsten aber das ganze Jahr hindurch gefroren bleiben. Doch die steigenden Temperaturen setzen diesem sogenannten Permafrost immer mehr zu. Welche Folgen hat das f\u00fcr das Klima, die Wirtschaft und die Menschen, die dort leben? Und wie kann man sich langfristig darauf einstellen? Solchen Fragen ist das vom Alfred-Wegener-Institut koordinierte EU-Projekt Nunataryuk in den letzten sechs Jahren nachgegangen. Die Erkenntnisse sind in den neuartigen \u201eArctic Permafrost Atlas\u201c eingeflossen, der am 20. Oktober online und kurz danach auch in gedruckter Form erscheint.<\/p>\n\n\n\n<p>\u201eNunataryuk\u201c. Viele der mehr als 150 beteiligten Wissenschaftlerinnen und Wissenschaftler d\u00fcrften im Rahmen des nun beendeten Forschungsprojekts ein neues Wort gelernt haben. Der Name des Vorhabens stammt aus der im Nordwesten Kanadas gesprochenen Inuit-Sprache Inuvialuktun und bedeutet so viel wie \u201ezwischen Land und Meer\u201c. Er bezieht sich auf die K\u00fcsten des Nordpolarmeers \u2013 und damit genau auf die Regionen der Arktis, in denen sich die meisten menschlichen Aktivit\u00e4ten konzentrieren. Wer dort lebt und arbeitet, ist mit Permafrost in all seinen Erscheinungsformen konfrontiert: Der gefrorene Boden pr\u00e4gt sowohl das Land als auch die K\u00fcste und den Meeresgrund. Und \u00fcberall hat der Klimawandel schon seine Spuren hinterlassen.<\/p>\n\n\n\n<p>\u201eDer einst zuverl\u00e4ssig gefrorene Untergrund taut jetzt rund um die Welt auf\u201c, berichtet Projekt-Koordinator Prof. Dr. Hugues Lantuit, Leiter der Arbeitsgruppe Permafrost-K\u00fcsten am Alfred-Wegener-Institut, Helmholtz-Zentrum f\u00fcr Polar- und Meeresforschung (AWI) in Potsdam. Durch diese Prozesse aber wird das Erdreich weniger stabil. Oft sackt es zusammen, ganze K\u00fcstenabschnitte werden vom Meer davongerissen. \u201eDas ver\u00e4ndert die \u00d6kosysteme, besch\u00e4digt die Infrastruktur und beeinflusst das Leben und die Arbeit der Menschen in der Arktis\u201c, erkl\u00e4rt der Forscher. Doch auch global gesehen kann der Wandel im hohen Norden zu gef\u00e4hrlichen Entwicklungen f\u00fchren. Denn der gefrorene Untergrund gilt als eines der gr\u00f6\u00dften Kohlenstoff-Lager der Erde. Wenn er auftaut, k\u00f6nnte er Treibhausgase freisetzen, die so wirksam sind wie 50 bis 200 Milliarden Tonnen Kohlendioxid. \u201eDiese atemberaubende Menge k\u00f6nnte einen gewaltigen Effekt auf unser Klima haben\u201c, betont Hugues Lantuit.<\/p>\n\n\n\n<p>Es gibt also Gr\u00fcnde genug, die Vorg\u00e4nge im Untergrund der Arktis genauer unter die Lupe zu nehmen. Denn nur so l\u00e4sst sich einsch\u00e4tzen, welche Risiken die Ver\u00e4nderungen mit sich bringen und wie man diese minimieren kann. Seit dem Start des Projekts im November 2017 sind Fachleute von 26 Partner-Institutionen aus 13 L\u00e4ndern diesen Fragen nachgegangen. Sie haben Permafrost-Forschung vor Ort mit Simulationen im Computer und mit sozio-\u00f6konomischen Analysen kombiniert und dabei auch die Stimmen von Interessensgruppen aus der gesamten Arktis mit einbezogen. Die EU hat im Rahmen ihres Rahmenprogramms Horizon 2020 11,5 Millionen Euro in das Vorhaben investiert.<\/p>\n\n\n\n<p>Die Ergebnisse beleuchten den gefrorenen Boden aus ganz unterschiedlichen Perspektiven. Wer die k\u00fcnftigen Ver\u00e4nderungen beobachten will, braucht zum Beispiel erst einmal einen \u00dcberblick \u00fcber den heute noch vorhandenen Permafrost an Land und im Meer. Den liefert eine neue Karte, die das Zentrum f\u00fcr Umweltkommunikation GRID-Arendal in Norwegen aus Projekt-Daten erstellt hat. Zum ersten Mal l\u00e4sst sich nun auch einsch\u00e4tzen, wie viele Menschen in den Eisschr\u00e4nken der Erde leben. \u201eEs handelt sich dabei um rund f\u00fcnf Millionen Leute\u201c, sagt Co-Koordinator Dr. Paul Overduin vom AWI. Computermodelle zeigen allerdings, dass viele von ihnen im Jahr 2050 wohl keinen gefrorenen Boden mehr unter den F\u00fc\u00dfen haben werden: In fast der H\u00e4lfte der 1162 heutigen Siedlungen d\u00fcrfte der Permafrost erst degenerieren und dann ganz verschwinden. Das w\u00fcrde das Leben von mehr als drei Millionen Menschen drastisch ver\u00e4ndern. \u00c4hnlich beunruhigende Nachrichten gibt es auch f\u00fcr die Wirtschaft. So droht bis 2050 mehr als die H\u00e4lfte der Fl\u00e4chen aufzutauen, auf denen \u00d6l- und Gasf\u00f6rderung, Bergbau und \u00e4hnliche Aktivit\u00e4ten stattfinden.<\/p>\n\n\n\n<p>Doch nicht nur der instabiler werdende Untergrund und die damit verbundenen Sch\u00e4den an Geb\u00e4uden und Stra\u00dfen, Pipelines und anderer Infrastruktur sind ein Problem. \u201eIm Permafrost sind auch Schadstoffe und Krankheitserreger eingefroren, die bei steigenden Temperaturen freigesetzt werden k\u00f6nnen\u201c, erkl\u00e4rt Paul Overduin. Ein Beispiel ist das Milzbrand-Bakterium, das vor allem Huftiere bef\u00e4llt, aber auch Menschen infizieren kann. Seine \u00e4u\u00dferst robusten Sporen k\u00f6nnen im Boden Jahrzehnte lang \u00fcberleben, bis das gro\u00dfe Tauen sie wieder aktiv werden l\u00e4sst. M\u00f6glicherweise erkl\u00e4rt das, warum sich in Sibirien in letzter Zeit so viele Rentiere mit Milzbrand infiziert haben. Im Rahmen des Projekts haben Fachleute ein neues und speziell auf die Verh\u00e4ltnisse in der Arktis abgestimmtes Modell zur \u00dcbertragung der Krankheit entwickelt. Es soll helfen zu verstehen, ob und wie man k\u00fcnftige Ausbr\u00fcche eind\u00e4mmen kann.<\/p>\n\n\n\n<p>Die Erkenntnisse aus Nunataryuk sind so weitreichend, dass sie einem m\u00f6glichst breiten Publikum zug\u00e4nglich gemacht werden sollen. Genau dazu ist der neue \u201eArctic Permafrost Atlas\u201c gedacht, den GRID-Arendal zusammen mit allen Projekt-Partnern herausgegeben hat. Auf 156 Seiten pr\u00e4sentiert er Karten und Illustrationen, Fotos und kurze Texte rund um den gefrorenen Boden und seine Ver\u00e4nderungen. Neun Portraits von Menschen, die im Permafrost leben und arbeiten, runden die visuelle Reise in die Arktis ab. Jede Seite ist dabei eine Warnung vor den dramatischen Folgen des Klimawandels, findet Hugues Lantuit: \u201eDas Wissen in diesem Atlas ist ein dringender Aufruf zum Handeln.\u201c<\/p>\n\n\n\n<ul class=\"wp-block-list\">\n<li><a href=\"https:\/\/nunataryuk.org\/news\/atlas\">Der neuen Arctic Permafrost Atlas<\/a> <\/li>\n<\/ul>\n\n\n<h5 class=\"green\">Quelle<\/h5>\r\n\n\n\n<p><a href=\"http:\/\/www.awi.de\">Alfred-Wegener-Institut 2023<\/a><\/p>\n<div class=\"shariff shariff-align-flex-start shariff-widget-align-flex-start\"><div class=\"ShariffHeadline\">Diese Meldung teilen<\/div><ul class=\"shariff-buttons theme-round orientation-horizontal buttonsize-medium\"><li class=\"shariff-button facebook shariff-nocustomcolor\" style=\"background-color:#4273c8;border-radius:1%\"><a href=\"https:\/\/www.facebook.com\/sharer\/sharer.php?u=https%3A%2F%2Fwww.sonnenseite.com%2Fde%2Fumwelt%2Fzwischen-arktischem-land-und-meer%2F\" title=\"Bei Facebook teilen\" aria-label=\"Bei Facebook teilen\" role=\"button\" rel=\"nofollow\" class=\"shariff-link\" style=\";border-radius:1%; background-color:#3b5998; color:#fff\" target=\"_blank\"><span class=\"shariff-icon\" style=\"\"><svg width=\"32px\" height=\"20px\" xmlns=\"http:\/\/www.w3.org\/2000\/svg\" viewBox=\"0 0 18 32\"><path fill=\"#3b5998\" d=\"M17.1 0.2v4.7h-2.8q-1.5 0-2.1 0.6t-0.5 1.9v3.4h5.2l-0.7 5.3h-4.5v13.6h-5.5v-13.6h-4.5v-5.3h4.5v-3.9q0-3.3 1.9-5.2t5-1.8q2.6 0 4.1 0.2z\"\/><\/svg><\/span><\/a><\/li><li class=\"shariff-button twitter shariff-nocustomcolor\" style=\"background-color:#595959;border-radius:1%\"><a href=\"https:\/\/twitter.com\/share?url=https%3A%2F%2Fwww.sonnenseite.com%2Fde%2Fumwelt%2Fzwischen-arktischem-land-und-meer%2F&text=Zwischen%20arktischem%20Land%20und%20Meer\" title=\"Bei X teilen\" aria-label=\"Bei X teilen\" role=\"button\" rel=\"noopener nofollow\" class=\"shariff-link\" style=\";border-radius:1%; background-color:#000; color:#fff\" target=\"_blank\"><span class=\"shariff-icon\" style=\"\"><svg width=\"32px\" height=\"20px\" xmlns=\"http:\/\/www.w3.org\/2000\/svg\" viewBox=\"0 0 24 24\"><path fill=\"#000\" d=\"M14.258 10.152L23.176 0h-2.113l-7.747 8.813L7.133 0H0l9.352 13.328L0 23.973h2.113l8.176-9.309 6.531 9.309h7.133zm-2.895 3.293l-.949-1.328L2.875 1.56h3.246l6.086 8.523.945 1.328 7.91 11.078h-3.246zm0 0\"\/><\/svg><\/span><\/a><\/li><li class=\"shariff-button xing shariff-nocustomcolor\" style=\"background-color:#29888a;border-radius:1%\"><a href=\"https:\/\/www.xing.com\/spi\/shares\/new?url=https%3A%2F%2Fwww.sonnenseite.com%2Fde%2Fumwelt%2Fzwischen-arktischem-land-und-meer%2F\" title=\"Bei XING teilen\" aria-label=\"Bei XING teilen\" role=\"button\" rel=\"noopener nofollow\" class=\"shariff-link\" style=\";border-radius:1%; background-color:#126567; color:#fff\" target=\"_blank\"><span class=\"shariff-icon\" style=\"\"><svg width=\"32px\" height=\"20px\" xmlns=\"http:\/\/www.w3.org\/2000\/svg\" viewBox=\"0 0 25 32\"><path fill=\"#126567\" d=\"M10.7 11.9q-0.2 0.3-4.6 8.2-0.5 0.8-1.2 0.8h-4.3q-0.4 0-0.5-0.3t0-0.6l4.5-8q0 0 0 0l-2.9-5q-0.2-0.4 0-0.7 0.2-0.3 0.5-0.3h4.3q0.7 0 1.2 0.8zM25.1 0.4q0.2 0.3 0 0.7l-9.4 16.7 6 11q0.2 0.4 0 0.6-0.2 0.3-0.6 0.3h-4.3q-0.7 0-1.2-0.8l-6-11.1q0.3-0.6 9.5-16.8 0.4-0.8 1.2-0.8h4.3q0.4 0 0.5 0.3z\"\/><\/svg><\/span><\/a><\/li><li class=\"shariff-button linkedin shariff-nocustomcolor\" style=\"background-color:#1488bf;border-radius:1%\"><a href=\"https:\/\/www.linkedin.com\/sharing\/share-offsite\/?url=https%3A%2F%2Fwww.sonnenseite.com%2Fde%2Fumwelt%2Fzwischen-arktischem-land-und-meer%2F\" title=\"Bei LinkedIn teilen\" aria-label=\"Bei LinkedIn teilen\" role=\"button\" rel=\"noopener nofollow\" class=\"shariff-link\" style=\";border-radius:1%; background-color:#0077b5; color:#fff\" target=\"_blank\"><span class=\"shariff-icon\" style=\"\"><svg width=\"32px\" height=\"20px\" xmlns=\"http:\/\/www.w3.org\/2000\/svg\" viewBox=\"0 0 27 32\"><path fill=\"#0077b5\" d=\"M6.2 11.2v17.7h-5.9v-17.7h5.9zM6.6 5.7q0 1.3-0.9 2.2t-2.4 0.9h0q-1.5 0-2.4-0.9t-0.9-2.2 0.9-2.2 2.4-0.9 2.4 0.9 0.9 2.2zM27.4 18.7v10.1h-5.9v-9.5q0-1.9-0.7-2.9t-2.3-1.1q-1.1 0-1.9 0.6t-1.2 1.5q-0.2 0.5-0.2 1.4v9.9h-5.9q0-7.1 0-11.6t0-5.3l0-0.9h5.9v2.6h0q0.4-0.6 0.7-1t1-0.9 1.6-0.8 2-0.3q3 0 4.9 2t1.9 6z\"\/><\/svg><\/span><\/a><\/li><li class=\"shariff-button printer shariff-nocustomcolor\" style=\"background-color:#a8a8a8;border-radius:1%\"><a href=\"javascript:window.print()\" title=\"drucken\" aria-label=\"drucken\" role=\"button\" rel=\"noopener nofollow\" class=\"shariff-link\" style=\";border-radius:1%; background-color:#999; color:#fff\"><span class=\"shariff-icon\" style=\"\"><svg width=\"32px\" height=\"20px\" xmlns=\"http:\/\/www.w3.org\/2000\/svg\" viewBox=\"0 0 30 32\"><path fill=\"#999\" d=\"M6.8 27.4h16v-4.6h-16v4.6zM6.8 16h16v-6.8h-2.8q-0.7 0-1.2-0.5t-0.5-1.2v-2.8h-11.4v11.4zM27.4 17.2q0-0.5-0.3-0.8t-0.8-0.4-0.8 0.4-0.3 0.8 0.3 0.8 0.8 0.3 0.8-0.3 0.3-0.8zM29.7 17.2v7.4q0 0.2-0.2 0.4t-0.4 0.2h-4v2.8q0 0.7-0.5 1.2t-1.2 0.5h-17.2q-0.7 0-1.2-0.5t-0.5-1.2v-2.8h-4q-0.2 0-0.4-0.2t-0.2-0.4v-7.4q0-1.4 1-2.4t2.4-1h1.2v-9.7q0-0.7 0.5-1.2t1.2-0.5h12q0.7 0 1.6 0.4t1.3 0.8l2.7 2.7q0.5 0.5 0.9 1.4t0.4 1.6v4.6h1.1q1.4 0 2.4 1t1 2.4z\"\/><\/svg><\/span><\/a><\/li><li class=\"shariff-button mailto shariff-nocustomcolor\" style=\"background-color:#a8a8a8;border-radius:1%\"><a href=\"mailto:?body=https%3A%2F%2Fwww.sonnenseite.com%2Fde%2Fumwelt%2Fzwischen-arktischem-land-und-meer%2F&subject=Zwischen%20arktischem%20Land%20und%20Meer\" title=\"Per E-Mail versenden\" aria-label=\"Per E-Mail versenden\" role=\"button\" rel=\"noopener nofollow\" class=\"shariff-link\" style=\";border-radius:1%; background-color:#999; color:#fff\"><span class=\"shariff-icon\" style=\"\"><svg width=\"32px\" height=\"20px\" xmlns=\"http:\/\/www.w3.org\/2000\/svg\" viewBox=\"0 0 32 32\"><path fill=\"#999\" d=\"M32 12.7v14.2q0 1.2-0.8 2t-2 0.9h-26.3q-1.2 0-2-0.9t-0.8-2v-14.2q0.8 0.9 1.8 1.6 6.5 4.4 8.9 6.1 1 0.8 1.6 1.2t1.7 0.9 2 0.4h0.1q0.9 0 2-0.4t1.7-0.9 1.6-1.2q3-2.2 8.9-6.1 1-0.7 1.8-1.6zM32 7.4q0 1.4-0.9 2.7t-2.2 2.2q-6.7 4.7-8.4 5.8-0.2 0.1-0.7 0.5t-1 0.7-0.9 0.6-1.1 0.5-0.9 0.2h-0.1q-0.4 0-0.9-0.2t-1.1-0.5-0.9-0.6-1-0.7-0.7-0.5q-1.6-1.1-4.7-3.2t-3.6-2.6q-1.1-0.7-2.1-2t-1-2.5q0-1.4 0.7-2.3t2.1-0.9h26.3q1.2 0 2 0.8t0.9 2z\"\/><\/svg><\/span><\/a><\/li><\/ul><\/div>","protected":false},"excerpt":{"rendered":"<p>Neuer Atlas dokumentiert das Auftauen des Permafrosts und seine Folgen. Der Untergrund im hohen Norden der [&hellip;]<\/p>\n","protected":false},"author":3,"featured_media":94825,"comment_status":"closed","ping_status":"closed","sticky":false,"template":"","format":"standard","meta":{"inline_featured_image":false,"footnotes":""},"categories":[23],"tags":[],"class_list":["post-94824","post","type-post","status-publish","format-standard","has-post-thumbnail","hentry","category-umwelt"],"yoast_head":"<!-- This site is optimized with the Yoast SEO plugin v26.5 - https:\/\/yoast.com\/wordpress\/plugins\/seo\/ -->\n<title>Zwischen arktischem Land und Meer - Sonnenseite - \u00d6kologische Kommunikation mit Franz Alt<\/title>\n<meta name=\"description\" content=\"Neuer Atlas dokumentiert das Auftauen des Permafrosts und seine Folgen. Der Untergrund im hohen Norden der Erde ver\u00e4ndert sich rasant. Typisch f\u00fcr weite\" \/>\n<meta name=\"robots\" content=\"index, follow, max-snippet:-1, max-image-preview:large, max-video-preview:-1\" \/>\n<link rel=\"canonical\" href=\"https:\/\/www.sonnenseite.com\/de\/umwelt\/zwischen-arktischem-land-und-meer\/\" \/>\n<meta property=\"og:locale\" content=\"de_DE\" \/>\n<meta property=\"og:type\" content=\"article\" \/>\n<meta property=\"og:title\" content=\"Zwischen arktischem Land und Meer - Sonnenseite - \u00d6kologische Kommunikation mit Franz Alt\" \/>\n<meta property=\"og:description\" content=\"Neuer Atlas dokumentiert das Auftauen des Permafrosts und seine Folgen. Der Untergrund im hohen Norden der Erde ver\u00e4ndert sich rasant. Typisch f\u00fcr weite\" \/>\n<meta property=\"og:url\" content=\"https:\/\/www.sonnenseite.com\/de\/umwelt\/zwischen-arktischem-land-und-meer\/\" \/>\n<meta property=\"og:site_name\" content=\"Sonnenseite\" \/>\n<meta property=\"article:publisher\" content=\"https:\/\/www.facebook.com\/pages\/Franz-Alt-SONNENSEITECOM\/221072987903953?fref=ts\" \/>\n<meta property=\"article:published_time\" content=\"2023-10-21T00:10:00+00:00\" \/>\n<meta property=\"article:modified_time\" content=\"2023-10-21T07:56:52+00:00\" \/>\n<meta property=\"og:image\" content=\"https:\/\/www.sonnenseite.com\/wp-content\/uploads\/2023\/10\/AWI_Permafrost-Atlas.jpg\" \/>\n\t<meta property=\"og:image:width\" content=\"770\" \/>\n\t<meta property=\"og:image:height\" content=\"420\" \/>\n\t<meta property=\"og:image:type\" content=\"image\/jpeg\" \/>\n<meta name=\"author\" content=\"Bigi Alt\" \/>\n<meta name=\"twitter:card\" content=\"summary_large_image\" \/>\n<meta name=\"twitter:creator\" content=\"@franzalt\" \/>\n<meta name=\"twitter:site\" content=\"@franzalt\" \/>\n<meta name=\"twitter:label1\" content=\"Verfasst von\" \/>\n\t<meta name=\"twitter:data1\" content=\"Bigi Alt\" \/>\n\t<meta name=\"twitter:label2\" content=\"Gesch\u00e4tzte Lesezeit\" \/>\n\t<meta name=\"twitter:data2\" content=\"5\u00a0Minuten\" \/>\n<script type=\"application\/ld+json\" class=\"yoast-schema-graph\">{\"@context\":\"https:\/\/schema.org\",\"@graph\":[{\"@type\":\"Article\",\"@id\":\"https:\/\/www.sonnenseite.com\/de\/umwelt\/zwischen-arktischem-land-und-meer\/#article\",\"isPartOf\":{\"@id\":\"https:\/\/www.sonnenseite.com\/de\/umwelt\/zwischen-arktischem-land-und-meer\/\"},\"author\":{\"name\":\"Bigi Alt\",\"@id\":\"https:\/\/www.sonnenseite.com\/de\/#\/schema\/person\/50fda0e926597684c7cc6695238a4eb9\"},\"headline\":\"Zwischen arktischem Land und Meer\",\"datePublished\":\"2023-10-21T00:10:00+00:00\",\"dateModified\":\"2023-10-21T07:56:52+00:00\",\"mainEntityOfPage\":{\"@id\":\"https:\/\/www.sonnenseite.com\/de\/umwelt\/zwischen-arktischem-land-und-meer\/\"},\"wordCount\":905,\"publisher\":{\"@id\":\"https:\/\/www.sonnenseite.com\/de\/#organization\"},\"image\":{\"@id\":\"https:\/\/www.sonnenseite.com\/de\/umwelt\/zwischen-arktischem-land-und-meer\/#primaryimage\"},\"thumbnailUrl\":\"https:\/\/www.sonnenseite.com\/wp-content\/uploads\/2023\/10\/AWI_Permafrost-Atlas.jpg\",\"articleSection\":[\"Umwelt\"],\"inLanguage\":\"de\"},{\"@type\":\"WebPage\",\"@id\":\"https:\/\/www.sonnenseite.com\/de\/umwelt\/zwischen-arktischem-land-und-meer\/\",\"url\":\"https:\/\/www.sonnenseite.com\/de\/umwelt\/zwischen-arktischem-land-und-meer\/\",\"name\":\"Zwischen arktischem Land und Meer - Sonnenseite - \u00d6kologische Kommunikation mit Franz Alt\",\"isPartOf\":{\"@id\":\"https:\/\/www.sonnenseite.com\/de\/#website\"},\"primaryImageOfPage\":{\"@id\":\"https:\/\/www.sonnenseite.com\/de\/umwelt\/zwischen-arktischem-land-und-meer\/#primaryimage\"},\"image\":{\"@id\":\"https:\/\/www.sonnenseite.com\/de\/umwelt\/zwischen-arktischem-land-und-meer\/#primaryimage\"},\"thumbnailUrl\":\"https:\/\/www.sonnenseite.com\/wp-content\/uploads\/2023\/10\/AWI_Permafrost-Atlas.jpg\",\"datePublished\":\"2023-10-21T00:10:00+00:00\",\"dateModified\":\"2023-10-21T07:56:52+00:00\",\"description\":\"Neuer Atlas dokumentiert das Auftauen des Permafrosts und seine Folgen. Der Untergrund im hohen Norden der Erde ver\u00e4ndert sich rasant. Typisch f\u00fcr weite\",\"breadcrumb\":{\"@id\":\"https:\/\/www.sonnenseite.com\/de\/umwelt\/zwischen-arktischem-land-und-meer\/#breadcrumb\"},\"inLanguage\":\"de\",\"potentialAction\":[{\"@type\":\"ReadAction\",\"target\":[\"https:\/\/www.sonnenseite.com\/de\/umwelt\/zwischen-arktischem-land-und-meer\/\"]}]},{\"@type\":\"ImageObject\",\"inLanguage\":\"de\",\"@id\":\"https:\/\/www.sonnenseite.com\/de\/umwelt\/zwischen-arktischem-land-und-meer\/#primaryimage\",\"url\":\"https:\/\/www.sonnenseite.com\/wp-content\/uploads\/2023\/10\/AWI_Permafrost-Atlas.jpg\",\"contentUrl\":\"https:\/\/www.sonnenseite.com\/wp-content\/uploads\/2023\/10\/AWI_Permafrost-Atlas.jpg\",\"width\":770,\"height\":420,\"caption\":\"Permafrost Atlas | Alfred-Wegener-Institut\"},{\"@type\":\"BreadcrumbList\",\"@id\":\"https:\/\/www.sonnenseite.com\/de\/umwelt\/zwischen-arktischem-land-und-meer\/#breadcrumb\",\"itemListElement\":[{\"@type\":\"ListItem\",\"position\":1,\"name\":\"Startseite\",\"item\":\"https:\/\/www.sonnenseite.com\/de\/\"},{\"@type\":\"ListItem\",\"position\":2,\"name\":\"Zwischen arktischem Land und Meer\"}]},{\"@type\":\"WebSite\",\"@id\":\"https:\/\/www.sonnenseite.com\/de\/#website\",\"url\":\"https:\/\/www.sonnenseite.com\/de\/\",\"name\":\"Sonnenseite\",\"description\":\"\u00d6kologische Kommunikation mit Franz Alt\",\"publisher\":{\"@id\":\"https:\/\/www.sonnenseite.com\/de\/#organization\"},\"potentialAction\":[{\"@type\":\"SearchAction\",\"target\":{\"@type\":\"EntryPoint\",\"urlTemplate\":\"https:\/\/www.sonnenseite.com\/de\/?s={search_term_string}\"},\"query-input\":{\"@type\":\"PropertyValueSpecification\",\"valueRequired\":true,\"valueName\":\"search_term_string\"}}],\"inLanguage\":\"de\"},{\"@type\":\"Organization\",\"@id\":\"https:\/\/www.sonnenseite.com\/de\/#organization\",\"name\":\"Sonnenseite\",\"url\":\"https:\/\/www.sonnenseite.com\/de\/\",\"logo\":{\"@type\":\"ImageObject\",\"inLanguage\":\"de\",\"@id\":\"https:\/\/www.sonnenseite.com\/de\/#\/schema\/logo\/image\/\",\"url\":\"https:\/\/www.sonnenseite.com\/wp-content\/uploads\/2020\/05\/Sonnenseite_Logo.png\",\"contentUrl\":\"https:\/\/www.sonnenseite.com\/wp-content\/uploads\/2020\/05\/Sonnenseite_Logo.png\",\"width\":377,\"height\":90,\"caption\":\"Sonnenseite\"},\"image\":{\"@id\":\"https:\/\/www.sonnenseite.com\/de\/#\/schema\/logo\/image\/\"},\"sameAs\":[\"https:\/\/www.facebook.com\/pages\/Franz-Alt-SONNENSEITECOM\/221072987903953?fref=ts\",\"https:\/\/x.com\/franzalt\",\"http:\/\/www.youtube.com\/results?search_query&amp;amp;quot;franz_alt&amp;amp;quot;&amp;amp;amp;amp;search_type&amp;amp;amp;amp;aq=f\"]},{\"@type\":\"Person\",\"@id\":\"https:\/\/www.sonnenseite.com\/de\/#\/schema\/person\/50fda0e926597684c7cc6695238a4eb9\",\"name\":\"Bigi Alt\"}]}<\/script>\n<!-- \/ Yoast SEO plugin. -->","yoast_head_json":{"title":"Zwischen arktischem Land und Meer - Sonnenseite - \u00d6kologische Kommunikation mit Franz Alt","description":"Neuer Atlas dokumentiert das Auftauen des Permafrosts und seine Folgen. Der Untergrund im hohen Norden der Erde ver\u00e4ndert sich rasant. Typisch f\u00fcr weite","robots":{"index":"index","follow":"follow","max-snippet":"max-snippet:-1","max-image-preview":"max-image-preview:large","max-video-preview":"max-video-preview:-1"},"canonical":"https:\/\/www.sonnenseite.com\/de\/umwelt\/zwischen-arktischem-land-und-meer\/","og_locale":"de_DE","og_type":"article","og_title":"Zwischen arktischem Land und Meer - Sonnenseite - \u00d6kologische Kommunikation mit Franz Alt","og_description":"Neuer Atlas dokumentiert das Auftauen des Permafrosts und seine Folgen. Der Untergrund im hohen Norden der Erde ver\u00e4ndert sich rasant. Typisch f\u00fcr weite","og_url":"https:\/\/www.sonnenseite.com\/de\/umwelt\/zwischen-arktischem-land-und-meer\/","og_site_name":"Sonnenseite","article_publisher":"https:\/\/www.facebook.com\/pages\/Franz-Alt-SONNENSEITECOM\/221072987903953?fref=ts","article_published_time":"2023-10-21T00:10:00+00:00","article_modified_time":"2023-10-21T07:56:52+00:00","og_image":[{"width":770,"height":420,"url":"https:\/\/www.sonnenseite.com\/wp-content\/uploads\/2023\/10\/AWI_Permafrost-Atlas.jpg","type":"image\/jpeg"}],"author":"Bigi Alt","twitter_card":"summary_large_image","twitter_creator":"@franzalt","twitter_site":"@franzalt","twitter_misc":{"Verfasst von":"Bigi Alt","Gesch\u00e4tzte Lesezeit":"5\u00a0Minuten"},"schema":{"@context":"https:\/\/schema.org","@graph":[{"@type":"Article","@id":"https:\/\/www.sonnenseite.com\/de\/umwelt\/zwischen-arktischem-land-und-meer\/#article","isPartOf":{"@id":"https:\/\/www.sonnenseite.com\/de\/umwelt\/zwischen-arktischem-land-und-meer\/"},"author":{"name":"Bigi Alt","@id":"https:\/\/www.sonnenseite.com\/de\/#\/schema\/person\/50fda0e926597684c7cc6695238a4eb9"},"headline":"Zwischen arktischem Land und Meer","datePublished":"2023-10-21T00:10:00+00:00","dateModified":"2023-10-21T07:56:52+00:00","mainEntityOfPage":{"@id":"https:\/\/www.sonnenseite.com\/de\/umwelt\/zwischen-arktischem-land-und-meer\/"},"wordCount":905,"publisher":{"@id":"https:\/\/www.sonnenseite.com\/de\/#organization"},"image":{"@id":"https:\/\/www.sonnenseite.com\/de\/umwelt\/zwischen-arktischem-land-und-meer\/#primaryimage"},"thumbnailUrl":"https:\/\/www.sonnenseite.com\/wp-content\/uploads\/2023\/10\/AWI_Permafrost-Atlas.jpg","articleSection":["Umwelt"],"inLanguage":"de"},{"@type":"WebPage","@id":"https:\/\/www.sonnenseite.com\/de\/umwelt\/zwischen-arktischem-land-und-meer\/","url":"https:\/\/www.sonnenseite.com\/de\/umwelt\/zwischen-arktischem-land-und-meer\/","name":"Zwischen arktischem Land und Meer - Sonnenseite - \u00d6kologische Kommunikation mit Franz Alt","isPartOf":{"@id":"https:\/\/www.sonnenseite.com\/de\/#website"},"primaryImageOfPage":{"@id":"https:\/\/www.sonnenseite.com\/de\/umwelt\/zwischen-arktischem-land-und-meer\/#primaryimage"},"image":{"@id":"https:\/\/www.sonnenseite.com\/de\/umwelt\/zwischen-arktischem-land-und-meer\/#primaryimage"},"thumbnailUrl":"https:\/\/www.sonnenseite.com\/wp-content\/uploads\/2023\/10\/AWI_Permafrost-Atlas.jpg","datePublished":"2023-10-21T00:10:00+00:00","dateModified":"2023-10-21T07:56:52+00:00","description":"Neuer Atlas dokumentiert das Auftauen des Permafrosts und seine Folgen. Der Untergrund im hohen Norden der Erde ver\u00e4ndert sich rasant. Typisch f\u00fcr weite","breadcrumb":{"@id":"https:\/\/www.sonnenseite.com\/de\/umwelt\/zwischen-arktischem-land-und-meer\/#breadcrumb"},"inLanguage":"de","potentialAction":[{"@type":"ReadAction","target":["https:\/\/www.sonnenseite.com\/de\/umwelt\/zwischen-arktischem-land-und-meer\/"]}]},{"@type":"ImageObject","inLanguage":"de","@id":"https:\/\/www.sonnenseite.com\/de\/umwelt\/zwischen-arktischem-land-und-meer\/#primaryimage","url":"https:\/\/www.sonnenseite.com\/wp-content\/uploads\/2023\/10\/AWI_Permafrost-Atlas.jpg","contentUrl":"https:\/\/www.sonnenseite.com\/wp-content\/uploads\/2023\/10\/AWI_Permafrost-Atlas.jpg","width":770,"height":420,"caption":"Permafrost Atlas | Alfred-Wegener-Institut"},{"@type":"BreadcrumbList","@id":"https:\/\/www.sonnenseite.com\/de\/umwelt\/zwischen-arktischem-land-und-meer\/#breadcrumb","itemListElement":[{"@type":"ListItem","position":1,"name":"Startseite","item":"https:\/\/www.sonnenseite.com\/de\/"},{"@type":"ListItem","position":2,"name":"Zwischen arktischem Land und Meer"}]},{"@type":"WebSite","@id":"https:\/\/www.sonnenseite.com\/de\/#website","url":"https:\/\/www.sonnenseite.com\/de\/","name":"Sonnenseite","description":"\u00d6kologische Kommunikation mit Franz Alt","publisher":{"@id":"https:\/\/www.sonnenseite.com\/de\/#organization"},"potentialAction":[{"@type":"SearchAction","target":{"@type":"EntryPoint","urlTemplate":"https:\/\/www.sonnenseite.com\/de\/?s={search_term_string}"},"query-input":{"@type":"PropertyValueSpecification","valueRequired":true,"valueName":"search_term_string"}}],"inLanguage":"de"},{"@type":"Organization","@id":"https:\/\/www.sonnenseite.com\/de\/#organization","name":"Sonnenseite","url":"https:\/\/www.sonnenseite.com\/de\/","logo":{"@type":"ImageObject","inLanguage":"de","@id":"https:\/\/www.sonnenseite.com\/de\/#\/schema\/logo\/image\/","url":"https:\/\/www.sonnenseite.com\/wp-content\/uploads\/2020\/05\/Sonnenseite_Logo.png","contentUrl":"https:\/\/www.sonnenseite.com\/wp-content\/uploads\/2020\/05\/Sonnenseite_Logo.png","width":377,"height":90,"caption":"Sonnenseite"},"image":{"@id":"https:\/\/www.sonnenseite.com\/de\/#\/schema\/logo\/image\/"},"sameAs":["https:\/\/www.facebook.com\/pages\/Franz-Alt-SONNENSEITECOM\/221072987903953?fref=ts","https:\/\/x.com\/franzalt","http:\/\/www.youtube.com\/results?search_query&amp;amp;quot;franz_alt&amp;amp;quot;&amp;amp;amp;amp;search_type&amp;amp;amp;amp;aq=f"]},{"@type":"Person","@id":"https:\/\/www.sonnenseite.com\/de\/#\/schema\/person\/50fda0e926597684c7cc6695238a4eb9","name":"Bigi Alt"}]}},"_links":{"self":[{"href":"https:\/\/www.sonnenseite.com\/de\/wp-json\/wp\/v2\/posts\/94824","targetHints":{"allow":["GET"]}}],"collection":[{"href":"https:\/\/www.sonnenseite.com\/de\/wp-json\/wp\/v2\/posts"}],"about":[{"href":"https:\/\/www.sonnenseite.com\/de\/wp-json\/wp\/v2\/types\/post"}],"author":[{"embeddable":true,"href":"https:\/\/www.sonnenseite.com\/de\/wp-json\/wp\/v2\/users\/3"}],"replies":[{"embeddable":true,"href":"https:\/\/www.sonnenseite.com\/de\/wp-json\/wp\/v2\/comments?post=94824"}],"version-history":[{"count":1,"href":"https:\/\/www.sonnenseite.com\/de\/wp-json\/wp\/v2\/posts\/94824\/revisions"}],"predecessor-version":[{"id":94827,"href":"https:\/\/www.sonnenseite.com\/de\/wp-json\/wp\/v2\/posts\/94824\/revisions\/94827"}],"wp:featuredmedia":[{"embeddable":true,"href":"https:\/\/www.sonnenseite.com\/de\/wp-json\/wp\/v2\/media\/94825"}],"wp:attachment":[{"href":"https:\/\/www.sonnenseite.com\/de\/wp-json\/wp\/v2\/media?parent=94824"}],"wp:term":[{"taxonomy":"category","embeddable":true,"href":"https:\/\/www.sonnenseite.com\/de\/wp-json\/wp\/v2\/categories?post=94824"},{"taxonomy":"post_tag","embeddable":true,"href":"https:\/\/www.sonnenseite.com\/de\/wp-json\/wp\/v2\/tags?post=94824"}],"curies":[{"name":"wp","href":"https:\/\/api.w.org\/{rel}","templated":true}]}}