{"id":94860,"date":"2023-10-23T09:37:58","date_gmt":"2023-10-23T07:37:58","guid":{"rendered":"https:\/\/www.sonnenseite.com\/?p=94860"},"modified":"2023-10-23T09:37:59","modified_gmt":"2023-10-23T07:37:59","slug":"neue-studie-belegt-recycling-traegt-deutlich-zum-nachhaltigen-wirtschaften-bei","status":"publish","type":"post","link":"https:\/\/www.sonnenseite.com\/de\/wirtschaft\/neue-studie-belegt-recycling-traegt-deutlich-zum-nachhaltigen-wirtschaften-bei\/","title":{"rendered":"Neue Studie belegt: Recycling tr\u00e4gt deutlich zum nachhaltigen Wirtschaften bei"},"content":{"rendered":"\n<p>Interzero spart mit seinen Kunden rund 1 Millionen Tonnen Treibhausgase und 8,7 Millionen Tonnen Prim\u00e4rressourcen. <\/p>\n\n\n\n<p>Das konsequente Recycling von Werkstoffen in einer Kreislaufwirtschaft tr\u00e4gt somit betr\u00e4chtlich zum Klimaschutz bei und macht gleichzeitig den Lebens- und Wirtschaftsstandort Deutschland und Europa zukunftsf\u00e4hig.<\/p>\n\n\n\n<p>Fraunhofer UMSICHT untersucht j\u00e4hrlich f\u00fcr Interzero \u2013 bereits seit 2008 \u2013 welche Effekte die Kreislaufl\u00f6sungen auf die Umwelt und Wirtschaft haben. Als Experte f\u00fcr \u00d6kobilanzen und die Circular Economy liefert das Forschungsinstitut strategische Entscheidungsgrundlagen f\u00fcr nachhaltiges Handeln. \u00bbMit der Studie gelingt es nun im f\u00fcnfzehnten Jahr, die Umweltvorteile des Recyclings zu quantifizieren und greifbar zu machen. Dies ist insbesondere auch in Zukunft wichtig, um sowohl Akteure in der Industrie als auch Konsument*innen f\u00fcr Klimaschutz und einen nachhaltigen Umgang mit unseren Rohstoffen zu sensibilisieren\u00ab, so Dr. Markus Hiebel, Abteilungsleiter Nachhaltigkeit und Partizipation, Fraunhofer UMSICHT.<\/p>\n\n\n<div class=\"wp-block-image\">\n<figure class=\"aligncenter size-full is-resized\"><a href=\"https:\/\/www.sonnenseite.com\/wp-content\/uploads\/2023\/10\/Interzero-resources-saved.jpg\"><img loading=\"lazy\" decoding=\"async\" width=\"1000\" height=\"750\" src=\"https:\/\/www.sonnenseite.com\/wp-content\/uploads\/2023\/10\/Interzero-resources-saved.jpg\" alt=\"\" class=\"wp-image-94863\" style=\"aspect-ratio:1.3333333333333333;width:466px;height:auto\" srcset=\"https:\/\/www.sonnenseite.com\/wp-content\/uploads\/2023\/10\/Interzero-resources-saved.jpg 1000w, https:\/\/www.sonnenseite.com\/wp-content\/uploads\/2023\/10\/Interzero-resources-saved-300x225.jpg 300w, https:\/\/www.sonnenseite.com\/wp-content\/uploads\/2023\/10\/Interzero-resources-saved-768x576.jpg 768w\" sizes=\"auto, (max-width: 1000px) 100vw, 1000px\" \/><\/a><figcaption class=\"wp-element-caption\">\u00a9 www.enkoy.com<\/figcaption><\/figure>\n<\/div>\n\n\n<p>Interzero ist einer der f\u00fchrenden Dienstleister rund um die Schlie\u00dfung von Produkt-, Material- und Logistikkreisl\u00e4ufen sowie Innovationsf\u00fchrer im Kunststoffrecycling mit der gr\u00f6\u00dften Sortierkapazit\u00e4t Europas. Die heute ver\u00f6ffentlichte Studie \u00bbresources SAVED by recycling\u00ab belegt, dass Interzero in Zusammenarbeit mit deren Kunden im Jahr 2022 insgesamt 2,1 Millionen Tonnen Wertstoffe im Kreislauf gef\u00fchrt hat. Dadurch konnten rund eine Million Tonnen Treibhausgasemissionen vermieden werden. Das entspricht dem j\u00e4hrlichen CO<sub>2<\/sub>-Aussto\u00df von \u00fcber 100 000 Vier-Personen-Haushalten f\u00fcr Heizung und Strom. Gleichzeitig wurden rund 8,7 Millionen Tonnen Prim\u00e4rressourcen eingespart, die nicht der Natur entnommen werden mussten.<\/p>\n\n\n\n<h4 class=\"wp-block-heading\">Ziel: Transformation zu einer echten Kreislaufwirtschaft<\/h4>\n\n\n\n<p>Basis f\u00fcr die umfassende Umweltbilanzierung, die vom Fraunhofer UMSICHT erstellt wird, ist ein detaillierter Vergleich von Prim\u00e4rproduktion und Recycling \u2013 inklusive aller daf\u00fcr notwendigen Prozessschritte. Die standardisierte Methodik erm\u00f6glicht es, die Einsparungen von Ressourcen und Treibhausgasemissionen genau zu beziffern.<\/p>\n\n\n\n<p>\u00bbIn der aktuellen Diskussion um Klimaschutzma\u00dfnahmen kommt die Kreislauff\u00fchrung von Rohstoffen h\u00e4ufig zu kurz\u00ab, sagt Sebastiaan Krol, CEO von Interzero Circular Solutions. \u00abMit unserer Studie wollen wir zeigen, dass Recycling ein ebenso wirksamer wie notwendiger Faktor ist, um klimasch\u00e4dliche Emissionen zu reduzieren und wertvolle Rohstoffe zu sichern. Wir brauchen die Transformation zu einer echten Kreislaufwirtschaft, um die Lebensqualit\u00e4t auf unserem Planeten zu erhalten. Das ist heute die \u00fcberragende Gemeinschaftsaufgabe, die alle haben.\u00ab<\/p>\n\n\n\n<ul class=\"wp-block-list\">\n<li><a href=\"https:\/\/www.interzero.de\/medien\/service-fuer-journalisten\/pressemitteilungen\/detailseite\/resources-saved-by-recycling-2022\/\" target=\"_blank\" rel=\"noreferrer noopener\">interzero.de\/resources-saved-by-recycling-2022<\/a><\/li>\n<\/ul>\n\n\n<h5 class=\"green\">Quelle<\/h5>\r\n\n\n\n<p><a href=\"https:\/\/www.umsicht.fraunhofer.de\/de\/presse-medien\/pressemitteilungen\/2023\/studie-interzero-recycling.html\">Fraunhofer UMSICHT 2023<\/a><\/p>\n<div class=\"shariff shariff-align-flex-start shariff-widget-align-flex-start\"><div class=\"ShariffHeadline\">Diese Meldung teilen<\/div><ul class=\"shariff-buttons theme-round orientation-horizontal buttonsize-medium\"><li class=\"shariff-button facebook shariff-nocustomcolor\" style=\"background-color:#4273c8;border-radius:1%\"><a href=\"https:\/\/www.facebook.com\/sharer\/sharer.php?u=https%3A%2F%2Fwww.sonnenseite.com%2Fde%2Fwirtschaft%2Fneue-studie-belegt-recycling-traegt-deutlich-zum-nachhaltigen-wirtschaften-bei%2F\" title=\"Bei Facebook teilen\" aria-label=\"Bei Facebook teilen\" role=\"button\" rel=\"nofollow\" class=\"shariff-link\" style=\";border-radius:1%; background-color:#3b5998; color:#fff\" target=\"_blank\"><span class=\"shariff-icon\" style=\"\"><svg width=\"32px\" height=\"20px\" xmlns=\"http:\/\/www.w3.org\/2000\/svg\" viewBox=\"0 0 18 32\"><path fill=\"#3b5998\" d=\"M17.1 0.2v4.7h-2.8q-1.5 0-2.1 0.6t-0.5 1.9v3.4h5.2l-0.7 5.3h-4.5v13.6h-5.5v-13.6h-4.5v-5.3h4.5v-3.9q0-3.3 1.9-5.2t5-1.8q2.6 0 4.1 0.2z\"\/><\/svg><\/span><\/a><\/li><li class=\"shariff-button twitter shariff-nocustomcolor\" style=\"background-color:#595959;border-radius:1%\"><a href=\"https:\/\/twitter.com\/share?url=https%3A%2F%2Fwww.sonnenseite.com%2Fde%2Fwirtschaft%2Fneue-studie-belegt-recycling-traegt-deutlich-zum-nachhaltigen-wirtschaften-bei%2F&text=Neue%20Studie%20belegt%3A%20Recycling%20tr%C3%A4gt%20deutlich%20zum%20nachhaltigen%20Wirtschaften%20bei\" title=\"Bei X teilen\" aria-label=\"Bei X teilen\" role=\"button\" rel=\"noopener nofollow\" class=\"shariff-link\" style=\";border-radius:1%; background-color:#000; color:#fff\" target=\"_blank\"><span class=\"shariff-icon\" style=\"\"><svg width=\"32px\" height=\"20px\" xmlns=\"http:\/\/www.w3.org\/2000\/svg\" viewBox=\"0 0 24 24\"><path fill=\"#000\" d=\"M14.258 10.152L23.176 0h-2.113l-7.747 8.813L7.133 0H0l9.352 13.328L0 23.973h2.113l8.176-9.309 6.531 9.309h7.133zm-2.895 3.293l-.949-1.328L2.875 1.56h3.246l6.086 8.523.945 1.328 7.91 11.078h-3.246zm0 0\"\/><\/svg><\/span><\/a><\/li><li class=\"shariff-button xing shariff-nocustomcolor\" style=\"background-color:#29888a;border-radius:1%\"><a href=\"https:\/\/www.xing.com\/spi\/shares\/new?url=https%3A%2F%2Fwww.sonnenseite.com%2Fde%2Fwirtschaft%2Fneue-studie-belegt-recycling-traegt-deutlich-zum-nachhaltigen-wirtschaften-bei%2F\" title=\"Bei XING teilen\" aria-label=\"Bei XING teilen\" role=\"button\" rel=\"noopener nofollow\" class=\"shariff-link\" style=\";border-radius:1%; background-color:#126567; color:#fff\" target=\"_blank\"><span class=\"shariff-icon\" style=\"\"><svg width=\"32px\" height=\"20px\" xmlns=\"http:\/\/www.w3.org\/2000\/svg\" viewBox=\"0 0 25 32\"><path fill=\"#126567\" d=\"M10.7 11.9q-0.2 0.3-4.6 8.2-0.5 0.8-1.2 0.8h-4.3q-0.4 0-0.5-0.3t0-0.6l4.5-8q0 0 0 0l-2.9-5q-0.2-0.4 0-0.7 0.2-0.3 0.5-0.3h4.3q0.7 0 1.2 0.8zM25.1 0.4q0.2 0.3 0 0.7l-9.4 16.7 6 11q0.2 0.4 0 0.6-0.2 0.3-0.6 0.3h-4.3q-0.7 0-1.2-0.8l-6-11.1q0.3-0.6 9.5-16.8 0.4-0.8 1.2-0.8h4.3q0.4 0 0.5 0.3z\"\/><\/svg><\/span><\/a><\/li><li class=\"shariff-button linkedin shariff-nocustomcolor\" style=\"background-color:#1488bf;border-radius:1%\"><a href=\"https:\/\/www.linkedin.com\/sharing\/share-offsite\/?url=https%3A%2F%2Fwww.sonnenseite.com%2Fde%2Fwirtschaft%2Fneue-studie-belegt-recycling-traegt-deutlich-zum-nachhaltigen-wirtschaften-bei%2F\" title=\"Bei LinkedIn teilen\" aria-label=\"Bei LinkedIn teilen\" role=\"button\" rel=\"noopener nofollow\" class=\"shariff-link\" style=\";border-radius:1%; background-color:#0077b5; color:#fff\" target=\"_blank\"><span class=\"shariff-icon\" style=\"\"><svg width=\"32px\" height=\"20px\" xmlns=\"http:\/\/www.w3.org\/2000\/svg\" viewBox=\"0 0 27 32\"><path fill=\"#0077b5\" d=\"M6.2 11.2v17.7h-5.9v-17.7h5.9zM6.6 5.7q0 1.3-0.9 2.2t-2.4 0.9h0q-1.5 0-2.4-0.9t-0.9-2.2 0.9-2.2 2.4-0.9 2.4 0.9 0.9 2.2zM27.4 18.7v10.1h-5.9v-9.5q0-1.9-0.7-2.9t-2.3-1.1q-1.1 0-1.9 0.6t-1.2 1.5q-0.2 0.5-0.2 1.4v9.9h-5.9q0-7.1 0-11.6t0-5.3l0-0.9h5.9v2.6h0q0.4-0.6 0.7-1t1-0.9 1.6-0.8 2-0.3q3 0 4.9 2t1.9 6z\"\/><\/svg><\/span><\/a><\/li><li class=\"shariff-button printer shariff-nocustomcolor\" style=\"background-color:#a8a8a8;border-radius:1%\"><a href=\"javascript:window.print()\" title=\"drucken\" aria-label=\"drucken\" role=\"button\" rel=\"noopener nofollow\" class=\"shariff-link\" style=\";border-radius:1%; background-color:#999; color:#fff\"><span class=\"shariff-icon\" style=\"\"><svg width=\"32px\" height=\"20px\" xmlns=\"http:\/\/www.w3.org\/2000\/svg\" viewBox=\"0 0 30 32\"><path fill=\"#999\" d=\"M6.8 27.4h16v-4.6h-16v4.6zM6.8 16h16v-6.8h-2.8q-0.7 0-1.2-0.5t-0.5-1.2v-2.8h-11.4v11.4zM27.4 17.2q0-0.5-0.3-0.8t-0.8-0.4-0.8 0.4-0.3 0.8 0.3 0.8 0.8 0.3 0.8-0.3 0.3-0.8zM29.7 17.2v7.4q0 0.2-0.2 0.4t-0.4 0.2h-4v2.8q0 0.7-0.5 1.2t-1.2 0.5h-17.2q-0.7 0-1.2-0.5t-0.5-1.2v-2.8h-4q-0.2 0-0.4-0.2t-0.2-0.4v-7.4q0-1.4 1-2.4t2.4-1h1.2v-9.7q0-0.7 0.5-1.2t1.2-0.5h12q0.7 0 1.6 0.4t1.3 0.8l2.7 2.7q0.5 0.5 0.9 1.4t0.4 1.6v4.6h1.1q1.4 0 2.4 1t1 2.4z\"\/><\/svg><\/span><\/a><\/li><li class=\"shariff-button mailto shariff-nocustomcolor\" style=\"background-color:#a8a8a8;border-radius:1%\"><a href=\"mailto:?body=https%3A%2F%2Fwww.sonnenseite.com%2Fde%2Fwirtschaft%2Fneue-studie-belegt-recycling-traegt-deutlich-zum-nachhaltigen-wirtschaften-bei%2F&subject=Neue%20Studie%20belegt%3A%20Recycling%20tr%C3%A4gt%20deutlich%20zum%20nachhaltigen%20Wirtschaften%20bei\" title=\"Per E-Mail versenden\" aria-label=\"Per E-Mail versenden\" role=\"button\" rel=\"noopener nofollow\" class=\"shariff-link\" style=\";border-radius:1%; background-color:#999; color:#fff\"><span class=\"shariff-icon\" style=\"\"><svg width=\"32px\" height=\"20px\" xmlns=\"http:\/\/www.w3.org\/2000\/svg\" viewBox=\"0 0 32 32\"><path fill=\"#999\" d=\"M32 12.7v14.2q0 1.2-0.8 2t-2 0.9h-26.3q-1.2 0-2-0.9t-0.8-2v-14.2q0.8 0.9 1.8 1.6 6.5 4.4 8.9 6.1 1 0.8 1.6 1.2t1.7 0.9 2 0.4h0.1q0.9 0 2-0.4t1.7-0.9 1.6-1.2q3-2.2 8.9-6.1 1-0.7 1.8-1.6zM32 7.4q0 1.4-0.9 2.7t-2.2 2.2q-6.7 4.7-8.4 5.8-0.2 0.1-0.7 0.5t-1 0.7-0.9 0.6-1.1 0.5-0.9 0.2h-0.1q-0.4 0-0.9-0.2t-1.1-0.5-0.9-0.6-1-0.7-0.7-0.5q-1.6-1.1-4.7-3.2t-3.6-2.6q-1.1-0.7-2.1-2t-1-2.5q0-1.4 0.7-2.3t2.1-0.9h26.3q1.2 0 2 0.8t0.9 2z\"\/><\/svg><\/span><\/a><\/li><\/ul><\/div>","protected":false},"excerpt":{"rendered":"<p>Interzero spart mit seinen Kunden rund 1 Millionen Tonnen Treibhausgase und 8,7 Millionen Tonnen Prim\u00e4rressourcen. Das [&hellip;]<\/p>\n","protected":false},"author":3,"featured_media":12614,"comment_status":"closed","ping_status":"closed","sticky":false,"template":"","format":"standard","meta":{"inline_featured_image":false,"footnotes":""},"categories":[24],"tags":[],"class_list":["post-94860","post","type-post","status-publish","format-standard","has-post-thumbnail","hentry","category-wirtschaft"],"yoast_head":"<!-- This site is optimized with the Yoast SEO plugin v26.5 - https:\/\/yoast.com\/wordpress\/plugins\/seo\/ -->\n<title>Neue Studie belegt: Recycling tr\u00e4gt deutlich zum nachhaltigen Wirtschaften bei - Sonnenseite - \u00d6kologische Kommunikation mit Franz Alt<\/title>\n<meta name=\"description\" content=\"Interzero spart mit seinen Kunden rund 1 Millionen Tonnen Treibhausgase und 8,7 Millionen Tonnen Prim\u00e4rressourcen. Das konsequente Recycling von\" \/>\n<meta name=\"robots\" content=\"index, follow, max-snippet:-1, max-image-preview:large, max-video-preview:-1\" \/>\n<link rel=\"canonical\" href=\"https:\/\/www.sonnenseite.com\/de\/wirtschaft\/neue-studie-belegt-recycling-traegt-deutlich-zum-nachhaltigen-wirtschaften-bei\/\" \/>\n<meta property=\"og:locale\" content=\"de_DE\" \/>\n<meta property=\"og:type\" content=\"article\" \/>\n<meta property=\"og:title\" content=\"Neue Studie belegt: Recycling tr\u00e4gt deutlich zum nachhaltigen Wirtschaften bei - Sonnenseite - \u00d6kologische Kommunikation mit Franz Alt\" \/>\n<meta property=\"og:description\" content=\"Interzero spart mit seinen Kunden rund 1 Millionen Tonnen Treibhausgase und 8,7 Millionen Tonnen Prim\u00e4rressourcen. Das konsequente Recycling von\" \/>\n<meta property=\"og:url\" content=\"https:\/\/www.sonnenseite.com\/de\/wirtschaft\/neue-studie-belegt-recycling-traegt-deutlich-zum-nachhaltigen-wirtschaften-bei\/\" \/>\n<meta property=\"og:site_name\" content=\"Sonnenseite\" \/>\n<meta property=\"article:publisher\" content=\"https:\/\/www.facebook.com\/pages\/Franz-Alt-SONNENSEITECOM\/221072987903953?fref=ts\" \/>\n<meta property=\"article:published_time\" content=\"2023-10-23T07:37:58+00:00\" \/>\n<meta property=\"article:modified_time\" content=\"2023-10-23T07:37:59+00:00\" \/>\n<meta property=\"og:image\" content=\"https:\/\/www.sonnenseite.com\/wp-content\/uploads\/2019\/01\/Recycling_Eray-Haciosmanogl.jpg\" \/>\n\t<meta property=\"og:image:width\" content=\"770\" \/>\n\t<meta property=\"og:image:height\" content=\"420\" \/>\n\t<meta property=\"og:image:type\" content=\"image\/jpeg\" \/>\n<meta name=\"author\" content=\"Bigi Alt\" \/>\n<meta name=\"twitter:card\" content=\"summary_large_image\" \/>\n<meta name=\"twitter:creator\" content=\"@franzalt\" \/>\n<meta name=\"twitter:site\" content=\"@franzalt\" \/>\n<meta name=\"twitter:label1\" content=\"Verfasst von\" \/>\n\t<meta name=\"twitter:data1\" content=\"Bigi Alt\" \/>\n\t<meta name=\"twitter:label2\" content=\"Gesch\u00e4tzte Lesezeit\" \/>\n\t<meta name=\"twitter:data2\" content=\"3\u00a0Minuten\" \/>\n<script type=\"application\/ld+json\" class=\"yoast-schema-graph\">{\"@context\":\"https:\/\/schema.org\",\"@graph\":[{\"@type\":\"Article\",\"@id\":\"https:\/\/www.sonnenseite.com\/de\/wirtschaft\/neue-studie-belegt-recycling-traegt-deutlich-zum-nachhaltigen-wirtschaften-bei\/#article\",\"isPartOf\":{\"@id\":\"https:\/\/www.sonnenseite.com\/de\/wirtschaft\/neue-studie-belegt-recycling-traegt-deutlich-zum-nachhaltigen-wirtschaften-bei\/\"},\"author\":{\"name\":\"Bigi Alt\",\"@id\":\"https:\/\/www.sonnenseite.com\/de\/#\/schema\/person\/50fda0e926597684c7cc6695238a4eb9\"},\"headline\":\"Neue Studie belegt: Recycling tr\u00e4gt deutlich zum nachhaltigen Wirtschaften bei\",\"datePublished\":\"2023-10-23T07:37:58+00:00\",\"dateModified\":\"2023-10-23T07:37:59+00:00\",\"mainEntityOfPage\":{\"@id\":\"https:\/\/www.sonnenseite.com\/de\/wirtschaft\/neue-studie-belegt-recycling-traegt-deutlich-zum-nachhaltigen-wirtschaften-bei\/\"},\"wordCount\":381,\"publisher\":{\"@id\":\"https:\/\/www.sonnenseite.com\/de\/#organization\"},\"image\":{\"@id\":\"https:\/\/www.sonnenseite.com\/de\/wirtschaft\/neue-studie-belegt-recycling-traegt-deutlich-zum-nachhaltigen-wirtschaften-bei\/#primaryimage\"},\"thumbnailUrl\":\"https:\/\/www.sonnenseite.com\/wp-content\/uploads\/2019\/01\/Recycling_Eray-Haciosmanogl.jpg\",\"articleSection\":[\"Wirtschaft\"],\"inLanguage\":\"de\"},{\"@type\":\"WebPage\",\"@id\":\"https:\/\/www.sonnenseite.com\/de\/wirtschaft\/neue-studie-belegt-recycling-traegt-deutlich-zum-nachhaltigen-wirtschaften-bei\/\",\"url\":\"https:\/\/www.sonnenseite.com\/de\/wirtschaft\/neue-studie-belegt-recycling-traegt-deutlich-zum-nachhaltigen-wirtschaften-bei\/\",\"name\":\"Neue Studie belegt: Recycling tr\u00e4gt deutlich zum nachhaltigen Wirtschaften bei - Sonnenseite - \u00d6kologische Kommunikation mit Franz Alt\",\"isPartOf\":{\"@id\":\"https:\/\/www.sonnenseite.com\/de\/#website\"},\"primaryImageOfPage\":{\"@id\":\"https:\/\/www.sonnenseite.com\/de\/wirtschaft\/neue-studie-belegt-recycling-traegt-deutlich-zum-nachhaltigen-wirtschaften-bei\/#primaryimage\"},\"image\":{\"@id\":\"https:\/\/www.sonnenseite.com\/de\/wirtschaft\/neue-studie-belegt-recycling-traegt-deutlich-zum-nachhaltigen-wirtschaften-bei\/#primaryimage\"},\"thumbnailUrl\":\"https:\/\/www.sonnenseite.com\/wp-content\/uploads\/2019\/01\/Recycling_Eray-Haciosmanogl.jpg\",\"datePublished\":\"2023-10-23T07:37:58+00:00\",\"dateModified\":\"2023-10-23T07:37:59+00:00\",\"description\":\"Interzero spart mit seinen Kunden rund 1 Millionen Tonnen Treibhausgase und 8,7 Millionen Tonnen Prim\u00e4rressourcen. Das konsequente Recycling von\",\"breadcrumb\":{\"@id\":\"https:\/\/www.sonnenseite.com\/de\/wirtschaft\/neue-studie-belegt-recycling-traegt-deutlich-zum-nachhaltigen-wirtschaften-bei\/#breadcrumb\"},\"inLanguage\":\"de\",\"potentialAction\":[{\"@type\":\"ReadAction\",\"target\":[\"https:\/\/www.sonnenseite.com\/de\/wirtschaft\/neue-studie-belegt-recycling-traegt-deutlich-zum-nachhaltigen-wirtschaften-bei\/\"]}]},{\"@type\":\"ImageObject\",\"inLanguage\":\"de\",\"@id\":\"https:\/\/www.sonnenseite.com\/de\/wirtschaft\/neue-studie-belegt-recycling-traegt-deutlich-zum-nachhaltigen-wirtschaften-bei\/#primaryimage\",\"url\":\"https:\/\/www.sonnenseite.com\/wp-content\/uploads\/2019\/01\/Recycling_Eray-Haciosmanogl.jpg\",\"contentUrl\":\"https:\/\/www.sonnenseite.com\/wp-content\/uploads\/2019\/01\/Recycling_Eray-Haciosmanogl.jpg\",\"width\":770,\"height\":420,\"caption\":\"Fotolia.com | Eray-Haciosmanogl\"},{\"@type\":\"BreadcrumbList\",\"@id\":\"https:\/\/www.sonnenseite.com\/de\/wirtschaft\/neue-studie-belegt-recycling-traegt-deutlich-zum-nachhaltigen-wirtschaften-bei\/#breadcrumb\",\"itemListElement\":[{\"@type\":\"ListItem\",\"position\":1,\"name\":\"Startseite\",\"item\":\"https:\/\/www.sonnenseite.com\/de\/\"},{\"@type\":\"ListItem\",\"position\":2,\"name\":\"Neue Studie belegt: Recycling tr\u00e4gt deutlich zum nachhaltigen Wirtschaften bei\"}]},{\"@type\":\"WebSite\",\"@id\":\"https:\/\/www.sonnenseite.com\/de\/#website\",\"url\":\"https:\/\/www.sonnenseite.com\/de\/\",\"name\":\"Sonnenseite\",\"description\":\"\u00d6kologische Kommunikation mit Franz Alt\",\"publisher\":{\"@id\":\"https:\/\/www.sonnenseite.com\/de\/#organization\"},\"potentialAction\":[{\"@type\":\"SearchAction\",\"target\":{\"@type\":\"EntryPoint\",\"urlTemplate\":\"https:\/\/www.sonnenseite.com\/de\/?s={search_term_string}\"},\"query-input\":{\"@type\":\"PropertyValueSpecification\",\"valueRequired\":true,\"valueName\":\"search_term_string\"}}],\"inLanguage\":\"de\"},{\"@type\":\"Organization\",\"@id\":\"https:\/\/www.sonnenseite.com\/de\/#organization\",\"name\":\"Sonnenseite\",\"url\":\"https:\/\/www.sonnenseite.com\/de\/\",\"logo\":{\"@type\":\"ImageObject\",\"inLanguage\":\"de\",\"@id\":\"https:\/\/www.sonnenseite.com\/de\/#\/schema\/logo\/image\/\",\"url\":\"https:\/\/www.sonnenseite.com\/wp-content\/uploads\/2020\/05\/Sonnenseite_Logo.png\",\"contentUrl\":\"https:\/\/www.sonnenseite.com\/wp-content\/uploads\/2020\/05\/Sonnenseite_Logo.png\",\"width\":377,\"height\":90,\"caption\":\"Sonnenseite\"},\"image\":{\"@id\":\"https:\/\/www.sonnenseite.com\/de\/#\/schema\/logo\/image\/\"},\"sameAs\":[\"https:\/\/www.facebook.com\/pages\/Franz-Alt-SONNENSEITECOM\/221072987903953?fref=ts\",\"https:\/\/x.com\/franzalt\",\"http:\/\/www.youtube.com\/results?search_query&amp;amp;quot;franz_alt&amp;amp;quot;&amp;amp;amp;amp;search_type&amp;amp;amp;amp;aq=f\"]},{\"@type\":\"Person\",\"@id\":\"https:\/\/www.sonnenseite.com\/de\/#\/schema\/person\/50fda0e926597684c7cc6695238a4eb9\",\"name\":\"Bigi Alt\"}]}<\/script>\n<!-- \/ Yoast SEO plugin. -->","yoast_head_json":{"title":"Neue Studie belegt: Recycling tr\u00e4gt deutlich zum nachhaltigen Wirtschaften bei - Sonnenseite - \u00d6kologische Kommunikation mit Franz Alt","description":"Interzero spart mit seinen Kunden rund 1 Millionen Tonnen Treibhausgase und 8,7 Millionen Tonnen Prim\u00e4rressourcen. Das konsequente Recycling von","robots":{"index":"index","follow":"follow","max-snippet":"max-snippet:-1","max-image-preview":"max-image-preview:large","max-video-preview":"max-video-preview:-1"},"canonical":"https:\/\/www.sonnenseite.com\/de\/wirtschaft\/neue-studie-belegt-recycling-traegt-deutlich-zum-nachhaltigen-wirtschaften-bei\/","og_locale":"de_DE","og_type":"article","og_title":"Neue Studie belegt: Recycling tr\u00e4gt deutlich zum nachhaltigen Wirtschaften bei - Sonnenseite - \u00d6kologische Kommunikation mit Franz Alt","og_description":"Interzero spart mit seinen Kunden rund 1 Millionen Tonnen Treibhausgase und 8,7 Millionen Tonnen Prim\u00e4rressourcen. Das konsequente Recycling von","og_url":"https:\/\/www.sonnenseite.com\/de\/wirtschaft\/neue-studie-belegt-recycling-traegt-deutlich-zum-nachhaltigen-wirtschaften-bei\/","og_site_name":"Sonnenseite","article_publisher":"https:\/\/www.facebook.com\/pages\/Franz-Alt-SONNENSEITECOM\/221072987903953?fref=ts","article_published_time":"2023-10-23T07:37:58+00:00","article_modified_time":"2023-10-23T07:37:59+00:00","og_image":[{"width":770,"height":420,"url":"https:\/\/www.sonnenseite.com\/wp-content\/uploads\/2019\/01\/Recycling_Eray-Haciosmanogl.jpg","type":"image\/jpeg"}],"author":"Bigi Alt","twitter_card":"summary_large_image","twitter_creator":"@franzalt","twitter_site":"@franzalt","twitter_misc":{"Verfasst von":"Bigi Alt","Gesch\u00e4tzte Lesezeit":"3\u00a0Minuten"},"schema":{"@context":"https:\/\/schema.org","@graph":[{"@type":"Article","@id":"https:\/\/www.sonnenseite.com\/de\/wirtschaft\/neue-studie-belegt-recycling-traegt-deutlich-zum-nachhaltigen-wirtschaften-bei\/#article","isPartOf":{"@id":"https:\/\/www.sonnenseite.com\/de\/wirtschaft\/neue-studie-belegt-recycling-traegt-deutlich-zum-nachhaltigen-wirtschaften-bei\/"},"author":{"name":"Bigi Alt","@id":"https:\/\/www.sonnenseite.com\/de\/#\/schema\/person\/50fda0e926597684c7cc6695238a4eb9"},"headline":"Neue Studie belegt: Recycling tr\u00e4gt deutlich zum nachhaltigen Wirtschaften bei","datePublished":"2023-10-23T07:37:58+00:00","dateModified":"2023-10-23T07:37:59+00:00","mainEntityOfPage":{"@id":"https:\/\/www.sonnenseite.com\/de\/wirtschaft\/neue-studie-belegt-recycling-traegt-deutlich-zum-nachhaltigen-wirtschaften-bei\/"},"wordCount":381,"publisher":{"@id":"https:\/\/www.sonnenseite.com\/de\/#organization"},"image":{"@id":"https:\/\/www.sonnenseite.com\/de\/wirtschaft\/neue-studie-belegt-recycling-traegt-deutlich-zum-nachhaltigen-wirtschaften-bei\/#primaryimage"},"thumbnailUrl":"https:\/\/www.sonnenseite.com\/wp-content\/uploads\/2019\/01\/Recycling_Eray-Haciosmanogl.jpg","articleSection":["Wirtschaft"],"inLanguage":"de"},{"@type":"WebPage","@id":"https:\/\/www.sonnenseite.com\/de\/wirtschaft\/neue-studie-belegt-recycling-traegt-deutlich-zum-nachhaltigen-wirtschaften-bei\/","url":"https:\/\/www.sonnenseite.com\/de\/wirtschaft\/neue-studie-belegt-recycling-traegt-deutlich-zum-nachhaltigen-wirtschaften-bei\/","name":"Neue Studie belegt: Recycling tr\u00e4gt deutlich zum nachhaltigen Wirtschaften bei - Sonnenseite - \u00d6kologische Kommunikation mit Franz Alt","isPartOf":{"@id":"https:\/\/www.sonnenseite.com\/de\/#website"},"primaryImageOfPage":{"@id":"https:\/\/www.sonnenseite.com\/de\/wirtschaft\/neue-studie-belegt-recycling-traegt-deutlich-zum-nachhaltigen-wirtschaften-bei\/#primaryimage"},"image":{"@id":"https:\/\/www.sonnenseite.com\/de\/wirtschaft\/neue-studie-belegt-recycling-traegt-deutlich-zum-nachhaltigen-wirtschaften-bei\/#primaryimage"},"thumbnailUrl":"https:\/\/www.sonnenseite.com\/wp-content\/uploads\/2019\/01\/Recycling_Eray-Haciosmanogl.jpg","datePublished":"2023-10-23T07:37:58+00:00","dateModified":"2023-10-23T07:37:59+00:00","description":"Interzero spart mit seinen Kunden rund 1 Millionen Tonnen Treibhausgase und 8,7 Millionen Tonnen Prim\u00e4rressourcen. Das konsequente Recycling von","breadcrumb":{"@id":"https:\/\/www.sonnenseite.com\/de\/wirtschaft\/neue-studie-belegt-recycling-traegt-deutlich-zum-nachhaltigen-wirtschaften-bei\/#breadcrumb"},"inLanguage":"de","potentialAction":[{"@type":"ReadAction","target":["https:\/\/www.sonnenseite.com\/de\/wirtschaft\/neue-studie-belegt-recycling-traegt-deutlich-zum-nachhaltigen-wirtschaften-bei\/"]}]},{"@type":"ImageObject","inLanguage":"de","@id":"https:\/\/www.sonnenseite.com\/de\/wirtschaft\/neue-studie-belegt-recycling-traegt-deutlich-zum-nachhaltigen-wirtschaften-bei\/#primaryimage","url":"https:\/\/www.sonnenseite.com\/wp-content\/uploads\/2019\/01\/Recycling_Eray-Haciosmanogl.jpg","contentUrl":"https:\/\/www.sonnenseite.com\/wp-content\/uploads\/2019\/01\/Recycling_Eray-Haciosmanogl.jpg","width":770,"height":420,"caption":"Fotolia.com | Eray-Haciosmanogl"},{"@type":"BreadcrumbList","@id":"https:\/\/www.sonnenseite.com\/de\/wirtschaft\/neue-studie-belegt-recycling-traegt-deutlich-zum-nachhaltigen-wirtschaften-bei\/#breadcrumb","itemListElement":[{"@type":"ListItem","position":1,"name":"Startseite","item":"https:\/\/www.sonnenseite.com\/de\/"},{"@type":"ListItem","position":2,"name":"Neue Studie belegt: Recycling tr\u00e4gt deutlich zum nachhaltigen Wirtschaften bei"}]},{"@type":"WebSite","@id":"https:\/\/www.sonnenseite.com\/de\/#website","url":"https:\/\/www.sonnenseite.com\/de\/","name":"Sonnenseite","description":"\u00d6kologische Kommunikation mit Franz Alt","publisher":{"@id":"https:\/\/www.sonnenseite.com\/de\/#organization"},"potentialAction":[{"@type":"SearchAction","target":{"@type":"EntryPoint","urlTemplate":"https:\/\/www.sonnenseite.com\/de\/?s={search_term_string}"},"query-input":{"@type":"PropertyValueSpecification","valueRequired":true,"valueName":"search_term_string"}}],"inLanguage":"de"},{"@type":"Organization","@id":"https:\/\/www.sonnenseite.com\/de\/#organization","name":"Sonnenseite","url":"https:\/\/www.sonnenseite.com\/de\/","logo":{"@type":"ImageObject","inLanguage":"de","@id":"https:\/\/www.sonnenseite.com\/de\/#\/schema\/logo\/image\/","url":"https:\/\/www.sonnenseite.com\/wp-content\/uploads\/2020\/05\/Sonnenseite_Logo.png","contentUrl":"https:\/\/www.sonnenseite.com\/wp-content\/uploads\/2020\/05\/Sonnenseite_Logo.png","width":377,"height":90,"caption":"Sonnenseite"},"image":{"@id":"https:\/\/www.sonnenseite.com\/de\/#\/schema\/logo\/image\/"},"sameAs":["https:\/\/www.facebook.com\/pages\/Franz-Alt-SONNENSEITECOM\/221072987903953?fref=ts","https:\/\/x.com\/franzalt","http:\/\/www.youtube.com\/results?search_query&amp;amp;quot;franz_alt&amp;amp;quot;&amp;amp;amp;amp;search_type&amp;amp;amp;amp;aq=f"]},{"@type":"Person","@id":"https:\/\/www.sonnenseite.com\/de\/#\/schema\/person\/50fda0e926597684c7cc6695238a4eb9","name":"Bigi Alt"}]}},"_links":{"self":[{"href":"https:\/\/www.sonnenseite.com\/de\/wp-json\/wp\/v2\/posts\/94860","targetHints":{"allow":["GET"]}}],"collection":[{"href":"https:\/\/www.sonnenseite.com\/de\/wp-json\/wp\/v2\/posts"}],"about":[{"href":"https:\/\/www.sonnenseite.com\/de\/wp-json\/wp\/v2\/types\/post"}],"author":[{"embeddable":true,"href":"https:\/\/www.sonnenseite.com\/de\/wp-json\/wp\/v2\/users\/3"}],"replies":[{"embeddable":true,"href":"https:\/\/www.sonnenseite.com\/de\/wp-json\/wp\/v2\/comments?post=94860"}],"version-history":[{"count":3,"href":"https:\/\/www.sonnenseite.com\/de\/wp-json\/wp\/v2\/posts\/94860\/revisions"}],"predecessor-version":[{"id":94865,"href":"https:\/\/www.sonnenseite.com\/de\/wp-json\/wp\/v2\/posts\/94860\/revisions\/94865"}],"wp:featuredmedia":[{"embeddable":true,"href":"https:\/\/www.sonnenseite.com\/de\/wp-json\/wp\/v2\/media\/12614"}],"wp:attachment":[{"href":"https:\/\/www.sonnenseite.com\/de\/wp-json\/wp\/v2\/media?parent=94860"}],"wp:term":[{"taxonomy":"category","embeddable":true,"href":"https:\/\/www.sonnenseite.com\/de\/wp-json\/wp\/v2\/categories?post=94860"},{"taxonomy":"post_tag","embeddable":true,"href":"https:\/\/www.sonnenseite.com\/de\/wp-json\/wp\/v2\/tags?post=94860"}],"curies":[{"name":"wp","href":"https:\/\/api.w.org\/{rel}","templated":true}]}}