{"id":95114,"date":"2023-11-04T10:55:05","date_gmt":"2023-11-04T09:55:05","guid":{"rendered":"https:\/\/www.sonnenseite.com\/?p=95114"},"modified":"2023-11-04T10:55:13","modified_gmt":"2023-11-04T09:55:13","slug":"die-klimakrise-ist-auch-eine-gesundheitskrise","status":"publish","type":"post","link":"https:\/\/www.sonnenseite.com\/de\/politik\/die-klimakrise-ist-auch-eine-gesundheitskrise\/","title":{"rendered":"Die Klimakrise ist auch eine Gesundheitskrise"},"content":{"rendered":"\n<p>Vor dem Klimagipfel in Dubai: Gesundheitsexpert:innen fordern Ausstieg aus fossilen Energien.<\/p>\n\n\n\n<p> Schon heute sterben zahlreiche Menschen vorzeitig an den Folgen des Klimawandels oder an Krankheiten, die durch den Klimawandel beeinflusst werden.<\/p>\n\n\n\n<p>Gesundheitsfachleute aus aller Welt fordern in einem <a href=\"https:\/\/cop28healthletter.com\/\" target=\"_blank\" rel=\"noreferrer noopener\">offenen Brief<\/a> an den Pr\u00e4sidenten der diesj\u00e4hrigen Klimakonferenz, <a href=\"https:\/\/www.klimareporter.de\/klimakonferenzen\/oelmagnat-ist-oberster-klimaschuetzer\" target=\"_blank\" rel=\"noreferrer noopener\">Sultan Al-Jaber<\/a>, einen schnellen und gerechten Ausstieg aus Kohle, Erd\u00f6l und Erdgas. Erneuerbare Energien sollen daf\u00fcr so schnell wie m\u00f6glich ausgebaut werden. Unterzeichnet haben auch drei Gesundheitsorganisationen aus Deutschland.<\/p>\n\n\n\n<p>Die Begr\u00fcndung: Die fossilen Energien bedrohen massiv die Gesundheit der Menschen weltweit \u2013 in Zukunft, aber <a href=\"https:\/\/www.klimareporter.de\/gesellschaft\/krank-durch-kohle-oel-und-gas\" target=\"_blank\" rel=\"noreferrer noopener\">auch schon jetzt<\/a>. Und das, obwohl im Pariser Klimaabkommen das Recht auf Gesundheit <a href=\"https:\/\/www.bmuv.de\/fileadmin\/Daten_BMU\/Download_PDF\/Klimaschutz\/paris_abkommen_bf.pdf\" target=\"_blank\" rel=\"noreferrer noopener\">verankert<\/a> ist. Die Staaten der Welt haben sich mit ihrer Unterschrift also auch verpflichtet, die Gesundheit der Menschen zu achten und zu f\u00f6rdern.<\/p>\n\n\n\n<p>Durch den Klimawandel h\u00e4ufen sich extreme Wettereignisse wie Hitzewellen, \u00dcberschwemmungen und Trockenperioden. Sie bedrohen die Gesundheit der Menschen sowohl direkt, etwa durch Hitzetod, als auch indirekt durch fehlende Wasser- und Ern\u00e4hrungssicherheit und <a href=\"https:\/\/www.klimareporter.de\/international\/globale-energiewende-als-friedensprojekt\" target=\"_blank\" rel=\"noreferrer noopener\">dadurch entstehende<\/a> Konflikte und Kriege.<\/p>\n\n\n\n<p>Die Verbrennung fossiler Energien f\u00fchrt aber auch <a href=\"https:\/\/www.klimareporter.de\/international\/zu-viel-dicke-luft\" target=\"_blank\" rel=\"noreferrer noopener\">zu Luftverschmutzung<\/a>. Damit sei sie mitverantwortlich f\u00fcr Krankheiten wie verschiedene Krebsarten, Herz- und Atemwegserkrankungen sowie Schlaganf\u00e4lle und f\u00fchre dadurch zu j\u00e4hrlich rund sieben Millionen fr\u00fchzeitigen Todesf\u00e4llen, listet der offene Brief auf.<\/p>\n\n\n\n<p>Au\u00dferdem breiten sich durch den Klimawandel Krankheiten in neue Regionen aus und mehr Menschen erkranken. <a href=\"https:\/\/www.klimareporter.de\/gesellschaft\/krankheitsbeschleuniger-klimawandel\" target=\"_blank\" rel=\"noreferrer noopener\">Beispiele sind<\/a> Malaria und das Dengue-Fieber, die beide durch M\u00fccken \u00fcbertragen werden.<\/p>\n\n\n\n<h4 class=\"wp-block-heading\">Klimaschutz spart Gesundheitskosten<\/h4>\n\n\n\n<p>Der Ausstieg aus den fossilen Energien w\u00fcrde daher auch Geld sparen. Allein die Luftverschmutzung und ihre gesundheitlichen Auswirkungen h\u00e4tten im Jahr 2021 rund 8,1 Billionen US-Dollar gekostet, 6,1 Prozent des globalen Bruttoinlandsprodukts, rechnet das Schreiben vor.<\/p>\n\n\n\n<p>Allein bei den Gesundheitskosten durch Luftverschmutzung k\u00f6nnten laut den Expert:innen j\u00e4hrlich mehrere hundert Milliarden Dollar gespart werden. Dazu k\u00e4me die Vermeidung von Verlusten durch Extremwetterereignisse.<\/p>\n\n\n\n<p>Sich auf <a href=\"https:\/\/de.wikipedia.org\/wiki\/End-of-pipe-Technologie\" target=\"_blank\" rel=\"noreferrer noopener\">End-of-Pipe-L\u00f6sungen<\/a> wie CO<sub>2<\/sub>-Abscheidung und -Speicherung (CCS) <a href=\"https:\/\/www.klimareporter.de\/deutschland\/nun-doch-ab-in-die-erde\" target=\"_blank\" rel=\"noreferrer noopener\">zu&nbsp;verlassen<\/a>, ist f\u00fcr die Unterzeichnenden der falsche Weg. Die Methode sei weder im Umfang ausreichend noch gen\u00fcgend zuverl\u00e4ssig. Bei CCS wird Kohlendioxid aus Verbrennungsprozessen aufgefangen und im Boden beziehungsweise <a href=\"https:\/\/www.klimareporter.de\/erdsystem\/auch-deutschland-soll-co2-unter-die-nordsee-verfrachten\" target=\"_blank\" rel=\"noreferrer noopener\">unter dem Meeresgrund<\/a> gespeichert.<\/p>\n\n\n\n<p>Die Gesundheitsexpert:innen sehen au\u00dferdem die Gefahr, dass durch solche technischen Ma\u00dfnahmen die Emissionen noch steigen. Ob CCS wie versprochen 65 bis 80 Prozent der CO<sub>2<\/sub>-Emissionen bei der Verbrennung fossiler Energietr\u00e4ger dauerhaft aus der Atmosph\u00e4re fernhalten kann, sei nicht gekl\u00e4rt, zitieren sie <a href=\"https:\/\/www.umweltbundesamt.de\/themen\/wasser\/gewaesser\/grundwasser\/nutzung-belastungen\/carbon-capture-storage\" target=\"_blank\" rel=\"noreferrer noopener\">das Umweltbundesamt<\/a>.<\/p>\n\n\n\n<p>Stattdessen sei es wichtig, <a href=\"https:\/\/www.klimareporter.de\/finanzen-wirtschaft\/g20-stoppt-klimaschaedliche-subventionen-nicht\" target=\"_blank\" rel=\"noreferrer noopener\">die Subventionen<\/a> f\u00fcr fossile Energien in H\u00f6he von j\u00e4hrlich hunderten Milliarden Dollar zu stoppen und die n\u00f6tigen Finanzmittel f\u00fcr den Umbau zu erneuerbaren Energien bereitzustellen.<\/p>\n\n\n\n<h4 class=\"wp-block-heading\">Ausschluss von Lobbyist:innen vom Klimagipfel gefordert<\/h4>\n\n\n\n<p>Um schneller aus den fossilen Energien aussteigen zu k\u00f6nnen, wird in dem Brief gefordert, die Kohle-, Gas- und \u00d6lindustrie von den UN-Klimakonferenzen auszuschlie\u00dfen. Schlie\u00dflich d\u00fcrften an <a href=\"https:\/\/de.wikipedia.org\/wiki\/Rahmen%C3%BCbereinkommen_der_WHO_zur_Eind%C3%A4mmung_des_Tabakgebrauchs\" target=\"_blank\" rel=\"noreferrer noopener\">den WHO-Konferenzen<\/a> zur Eind\u00e4mmung des Tabakgebrauchs auch keine Abgesandten der Tabakindustrie teilnehmen.<\/p>\n\n\n\n<ul class=\"wp-block-list\">\n<li><a href=\"https:\/\/www.klimareporter.de\/gesellschaft\/gesundheitsexpertinnen-fordern-ausstieg-aus-fossilen-energien\">Hier k\u00f6nnen Sie den Bericht weiterlesen<\/a><\/li>\n<\/ul>\n\n\n<h5 class=\"green\">Quelle<\/h5>\r\n\n\n\n<p>Der Bericht wurde von der\u00a0<a href=\"https:\/\/www.klimareporter.de\/gesellschaft\/gesundheitsexpertinnen-fordern-ausstieg-aus-fossilen-energien\">Redaktion \u201eklimareporter.de\u201c (Leonie Vogelsang) 2023<\/a>\u00a0verfasst &#8211; der Artikel darf nicht ohne Genehmigung\u00a0(<a href=\"mailto:post@klimareporter.de\">post@klimareporter.de<\/a>) weiterverbreitet werden!\u00a0(Bild: <a href=\"https:\/\/healthforfuture.de\/aktiv-werden-fuer-klimaschutz\/eigene-aktion-organisieren\/\" target=\"_blank\" rel=\"noreferrer noopener\">Health for Future<\/a>)<\/p>\n<div class=\"shariff shariff-align-flex-start shariff-widget-align-flex-start\"><div class=\"ShariffHeadline\">Diese Meldung teilen<\/div><ul class=\"shariff-buttons theme-round orientation-horizontal buttonsize-medium\"><li class=\"shariff-button facebook shariff-nocustomcolor\" style=\"background-color:#4273c8;border-radius:1%\"><a href=\"https:\/\/www.facebook.com\/sharer\/sharer.php?u=https%3A%2F%2Fwww.sonnenseite.com%2Fde%2Fpolitik%2Fdie-klimakrise-ist-auch-eine-gesundheitskrise%2F\" title=\"Bei Facebook teilen\" aria-label=\"Bei Facebook teilen\" role=\"button\" rel=\"nofollow\" class=\"shariff-link\" style=\";border-radius:1%; background-color:#3b5998; color:#fff\" target=\"_blank\"><span class=\"shariff-icon\" style=\"\"><svg width=\"32px\" height=\"20px\" xmlns=\"http:\/\/www.w3.org\/2000\/svg\" viewBox=\"0 0 18 32\"><path fill=\"#3b5998\" d=\"M17.1 0.2v4.7h-2.8q-1.5 0-2.1 0.6t-0.5 1.9v3.4h5.2l-0.7 5.3h-4.5v13.6h-5.5v-13.6h-4.5v-5.3h4.5v-3.9q0-3.3 1.9-5.2t5-1.8q2.6 0 4.1 0.2z\"\/><\/svg><\/span><\/a><\/li><li class=\"shariff-button twitter shariff-nocustomcolor\" style=\"background-color:#595959;border-radius:1%\"><a href=\"https:\/\/twitter.com\/share?url=https%3A%2F%2Fwww.sonnenseite.com%2Fde%2Fpolitik%2Fdie-klimakrise-ist-auch-eine-gesundheitskrise%2F&text=Die%20Klimakrise%20ist%20auch%20eine%20Gesundheitskrise\" title=\"Bei X teilen\" aria-label=\"Bei X teilen\" role=\"button\" rel=\"noopener nofollow\" class=\"shariff-link\" style=\";border-radius:1%; background-color:#000; color:#fff\" target=\"_blank\"><span class=\"shariff-icon\" style=\"\"><svg width=\"32px\" height=\"20px\" xmlns=\"http:\/\/www.w3.org\/2000\/svg\" viewBox=\"0 0 24 24\"><path fill=\"#000\" d=\"M14.258 10.152L23.176 0h-2.113l-7.747 8.813L7.133 0H0l9.352 13.328L0 23.973h2.113l8.176-9.309 6.531 9.309h7.133zm-2.895 3.293l-.949-1.328L2.875 1.56h3.246l6.086 8.523.945 1.328 7.91 11.078h-3.246zm0 0\"\/><\/svg><\/span><\/a><\/li><li class=\"shariff-button xing shariff-nocustomcolor\" style=\"background-color:#29888a;border-radius:1%\"><a href=\"https:\/\/www.xing.com\/spi\/shares\/new?url=https%3A%2F%2Fwww.sonnenseite.com%2Fde%2Fpolitik%2Fdie-klimakrise-ist-auch-eine-gesundheitskrise%2F\" title=\"Bei XING teilen\" aria-label=\"Bei XING teilen\" role=\"button\" rel=\"noopener nofollow\" class=\"shariff-link\" style=\";border-radius:1%; background-color:#126567; color:#fff\" target=\"_blank\"><span class=\"shariff-icon\" style=\"\"><svg width=\"32px\" height=\"20px\" xmlns=\"http:\/\/www.w3.org\/2000\/svg\" viewBox=\"0 0 25 32\"><path fill=\"#126567\" d=\"M10.7 11.9q-0.2 0.3-4.6 8.2-0.5 0.8-1.2 0.8h-4.3q-0.4 0-0.5-0.3t0-0.6l4.5-8q0 0 0 0l-2.9-5q-0.2-0.4 0-0.7 0.2-0.3 0.5-0.3h4.3q0.7 0 1.2 0.8zM25.1 0.4q0.2 0.3 0 0.7l-9.4 16.7 6 11q0.2 0.4 0 0.6-0.2 0.3-0.6 0.3h-4.3q-0.7 0-1.2-0.8l-6-11.1q0.3-0.6 9.5-16.8 0.4-0.8 1.2-0.8h4.3q0.4 0 0.5 0.3z\"\/><\/svg><\/span><\/a><\/li><li class=\"shariff-button linkedin shariff-nocustomcolor\" style=\"background-color:#1488bf;border-radius:1%\"><a href=\"https:\/\/www.linkedin.com\/sharing\/share-offsite\/?url=https%3A%2F%2Fwww.sonnenseite.com%2Fde%2Fpolitik%2Fdie-klimakrise-ist-auch-eine-gesundheitskrise%2F\" title=\"Bei LinkedIn teilen\" aria-label=\"Bei LinkedIn teilen\" role=\"button\" rel=\"noopener nofollow\" class=\"shariff-link\" style=\";border-radius:1%; background-color:#0077b5; color:#fff\" target=\"_blank\"><span class=\"shariff-icon\" style=\"\"><svg width=\"32px\" height=\"20px\" xmlns=\"http:\/\/www.w3.org\/2000\/svg\" viewBox=\"0 0 27 32\"><path fill=\"#0077b5\" d=\"M6.2 11.2v17.7h-5.9v-17.7h5.9zM6.6 5.7q0 1.3-0.9 2.2t-2.4 0.9h0q-1.5 0-2.4-0.9t-0.9-2.2 0.9-2.2 2.4-0.9 2.4 0.9 0.9 2.2zM27.4 18.7v10.1h-5.9v-9.5q0-1.9-0.7-2.9t-2.3-1.1q-1.1 0-1.9 0.6t-1.2 1.5q-0.2 0.5-0.2 1.4v9.9h-5.9q0-7.1 0-11.6t0-5.3l0-0.9h5.9v2.6h0q0.4-0.6 0.7-1t1-0.9 1.6-0.8 2-0.3q3 0 4.9 2t1.9 6z\"\/><\/svg><\/span><\/a><\/li><li class=\"shariff-button printer shariff-nocustomcolor\" style=\"background-color:#a8a8a8;border-radius:1%\"><a href=\"javascript:window.print()\" title=\"drucken\" aria-label=\"drucken\" role=\"button\" rel=\"noopener nofollow\" class=\"shariff-link\" style=\";border-radius:1%; background-color:#999; color:#fff\"><span class=\"shariff-icon\" style=\"\"><svg width=\"32px\" height=\"20px\" xmlns=\"http:\/\/www.w3.org\/2000\/svg\" viewBox=\"0 0 30 32\"><path fill=\"#999\" d=\"M6.8 27.4h16v-4.6h-16v4.6zM6.8 16h16v-6.8h-2.8q-0.7 0-1.2-0.5t-0.5-1.2v-2.8h-11.4v11.4zM27.4 17.2q0-0.5-0.3-0.8t-0.8-0.4-0.8 0.4-0.3 0.8 0.3 0.8 0.8 0.3 0.8-0.3 0.3-0.8zM29.7 17.2v7.4q0 0.2-0.2 0.4t-0.4 0.2h-4v2.8q0 0.7-0.5 1.2t-1.2 0.5h-17.2q-0.7 0-1.2-0.5t-0.5-1.2v-2.8h-4q-0.2 0-0.4-0.2t-0.2-0.4v-7.4q0-1.4 1-2.4t2.4-1h1.2v-9.7q0-0.7 0.5-1.2t1.2-0.5h12q0.7 0 1.6 0.4t1.3 0.8l2.7 2.7q0.5 0.5 0.9 1.4t0.4 1.6v4.6h1.1q1.4 0 2.4 1t1 2.4z\"\/><\/svg><\/span><\/a><\/li><li class=\"shariff-button mailto shariff-nocustomcolor\" style=\"background-color:#a8a8a8;border-radius:1%\"><a href=\"mailto:?body=https%3A%2F%2Fwww.sonnenseite.com%2Fde%2Fpolitik%2Fdie-klimakrise-ist-auch-eine-gesundheitskrise%2F&subject=Die%20Klimakrise%20ist%20auch%20eine%20Gesundheitskrise\" title=\"Per E-Mail versenden\" aria-label=\"Per E-Mail versenden\" role=\"button\" rel=\"noopener nofollow\" class=\"shariff-link\" style=\";border-radius:1%; background-color:#999; color:#fff\"><span class=\"shariff-icon\" style=\"\"><svg width=\"32px\" height=\"20px\" xmlns=\"http:\/\/www.w3.org\/2000\/svg\" viewBox=\"0 0 32 32\"><path fill=\"#999\" d=\"M32 12.7v14.2q0 1.2-0.8 2t-2 0.9h-26.3q-1.2 0-2-0.9t-0.8-2v-14.2q0.8 0.9 1.8 1.6 6.5 4.4 8.9 6.1 1 0.8 1.6 1.2t1.7 0.9 2 0.4h0.1q0.9 0 2-0.4t1.7-0.9 1.6-1.2q3-2.2 8.9-6.1 1-0.7 1.8-1.6zM32 7.4q0 1.4-0.9 2.7t-2.2 2.2q-6.7 4.7-8.4 5.8-0.2 0.1-0.7 0.5t-1 0.7-0.9 0.6-1.1 0.5-0.9 0.2h-0.1q-0.4 0-0.9-0.2t-1.1-0.5-0.9-0.6-1-0.7-0.7-0.5q-1.6-1.1-4.7-3.2t-3.6-2.6q-1.1-0.7-2.1-2t-1-2.5q0-1.4 0.7-2.3t2.1-0.9h26.3q1.2 0 2 0.8t0.9 2z\"\/><\/svg><\/span><\/a><\/li><\/ul><\/div>","protected":false},"excerpt":{"rendered":"<p>Vor dem Klimagipfel in Dubai: Gesundheitsexpert:innen fordern Ausstieg aus fossilen Energien. Schon heute sterben zahlreiche Menschen [&hellip;]<\/p>\n","protected":false},"author":3,"featured_media":95116,"comment_status":"closed","ping_status":"closed","sticky":false,"template":"","format":"standard","meta":{"inline_featured_image":false,"footnotes":""},"categories":[21],"tags":[],"class_list":["post-95114","post","type-post","status-publish","format-standard","has-post-thumbnail","hentry","category-politik"],"yoast_head":"<!-- This site is optimized with the Yoast SEO plugin v26.5 - https:\/\/yoast.com\/wordpress\/plugins\/seo\/ -->\n<title>Die Klimakrise ist auch eine Gesundheitskrise - Sonnenseite - \u00d6kologische Kommunikation mit Franz Alt<\/title>\n<meta name=\"description\" content=\"Vor dem Klimagipfel in Dubai: Gesundheitsexpert:innen fordern Ausstieg aus fossilen Energien. Schon heute sterben zahlreiche Menschen vorzeitig an den\" \/>\n<meta name=\"robots\" content=\"index, follow, max-snippet:-1, max-image-preview:large, max-video-preview:-1\" \/>\n<link rel=\"canonical\" href=\"https:\/\/www.sonnenseite.com\/de\/politik\/die-klimakrise-ist-auch-eine-gesundheitskrise\/\" \/>\n<meta property=\"og:locale\" content=\"de_DE\" \/>\n<meta property=\"og:type\" content=\"article\" \/>\n<meta property=\"og:title\" content=\"Die Klimakrise ist auch eine Gesundheitskrise - Sonnenseite - \u00d6kologische Kommunikation mit Franz Alt\" \/>\n<meta property=\"og:description\" content=\"Vor dem Klimagipfel in Dubai: Gesundheitsexpert:innen fordern Ausstieg aus fossilen Energien. Schon heute sterben zahlreiche Menschen vorzeitig an den\" \/>\n<meta property=\"og:url\" content=\"https:\/\/www.sonnenseite.com\/de\/politik\/die-klimakrise-ist-auch-eine-gesundheitskrise\/\" \/>\n<meta property=\"og:site_name\" content=\"Sonnenseite\" \/>\n<meta property=\"article:publisher\" content=\"https:\/\/www.facebook.com\/pages\/Franz-Alt-SONNENSEITECOM\/221072987903953?fref=ts\" \/>\n<meta property=\"article:published_time\" content=\"2023-11-04T09:55:05+00:00\" \/>\n<meta property=\"article:modified_time\" content=\"2023-11-04T09:55:13+00:00\" \/>\n<meta property=\"og:image\" content=\"https:\/\/www.sonnenseite.com\/wp-content\/uploads\/2023\/11\/Health-for-Future_gesundheit-streik.jpg\" \/>\n\t<meta property=\"og:image:width\" content=\"770\" \/>\n\t<meta property=\"og:image:height\" content=\"420\" \/>\n\t<meta property=\"og:image:type\" content=\"image\/jpeg\" \/>\n<meta name=\"author\" content=\"Bigi Alt\" \/>\n<meta name=\"twitter:card\" content=\"summary_large_image\" \/>\n<meta name=\"twitter:creator\" content=\"@franzalt\" \/>\n<meta name=\"twitter:site\" content=\"@franzalt\" \/>\n<meta name=\"twitter:label1\" content=\"Verfasst von\" \/>\n\t<meta name=\"twitter:data1\" content=\"Bigi Alt\" \/>\n\t<meta name=\"twitter:label2\" content=\"Gesch\u00e4tzte Lesezeit\" \/>\n\t<meta name=\"twitter:data2\" content=\"3\u00a0Minuten\" \/>\n<script type=\"application\/ld+json\" class=\"yoast-schema-graph\">{\"@context\":\"https:\/\/schema.org\",\"@graph\":[{\"@type\":\"Article\",\"@id\":\"https:\/\/www.sonnenseite.com\/de\/politik\/die-klimakrise-ist-auch-eine-gesundheitskrise\/#article\",\"isPartOf\":{\"@id\":\"https:\/\/www.sonnenseite.com\/de\/politik\/die-klimakrise-ist-auch-eine-gesundheitskrise\/\"},\"author\":{\"name\":\"Bigi Alt\",\"@id\":\"https:\/\/www.sonnenseite.com\/de\/#\/schema\/person\/50fda0e926597684c7cc6695238a4eb9\"},\"headline\":\"Die Klimakrise ist auch eine Gesundheitskrise\",\"datePublished\":\"2023-11-04T09:55:05+00:00\",\"dateModified\":\"2023-11-04T09:55:13+00:00\",\"mainEntityOfPage\":{\"@id\":\"https:\/\/www.sonnenseite.com\/de\/politik\/die-klimakrise-ist-auch-eine-gesundheitskrise\/\"},\"wordCount\":534,\"publisher\":{\"@id\":\"https:\/\/www.sonnenseite.com\/de\/#organization\"},\"image\":{\"@id\":\"https:\/\/www.sonnenseite.com\/de\/politik\/die-klimakrise-ist-auch-eine-gesundheitskrise\/#primaryimage\"},\"thumbnailUrl\":\"https:\/\/www.sonnenseite.com\/wp-content\/uploads\/2023\/11\/Health-for-Future_gesundheit-streik.jpg\",\"articleSection\":[\"Politik\"],\"inLanguage\":\"de\"},{\"@type\":\"WebPage\",\"@id\":\"https:\/\/www.sonnenseite.com\/de\/politik\/die-klimakrise-ist-auch-eine-gesundheitskrise\/\",\"url\":\"https:\/\/www.sonnenseite.com\/de\/politik\/die-klimakrise-ist-auch-eine-gesundheitskrise\/\",\"name\":\"Die Klimakrise ist auch eine Gesundheitskrise - Sonnenseite - \u00d6kologische Kommunikation mit Franz Alt\",\"isPartOf\":{\"@id\":\"https:\/\/www.sonnenseite.com\/de\/#website\"},\"primaryImageOfPage\":{\"@id\":\"https:\/\/www.sonnenseite.com\/de\/politik\/die-klimakrise-ist-auch-eine-gesundheitskrise\/#primaryimage\"},\"image\":{\"@id\":\"https:\/\/www.sonnenseite.com\/de\/politik\/die-klimakrise-ist-auch-eine-gesundheitskrise\/#primaryimage\"},\"thumbnailUrl\":\"https:\/\/www.sonnenseite.com\/wp-content\/uploads\/2023\/11\/Health-for-Future_gesundheit-streik.jpg\",\"datePublished\":\"2023-11-04T09:55:05+00:00\",\"dateModified\":\"2023-11-04T09:55:13+00:00\",\"description\":\"Vor dem Klimagipfel in Dubai: Gesundheitsexpert:innen fordern Ausstieg aus fossilen Energien. Schon heute sterben zahlreiche Menschen vorzeitig an den\",\"breadcrumb\":{\"@id\":\"https:\/\/www.sonnenseite.com\/de\/politik\/die-klimakrise-ist-auch-eine-gesundheitskrise\/#breadcrumb\"},\"inLanguage\":\"de\",\"potentialAction\":[{\"@type\":\"ReadAction\",\"target\":[\"https:\/\/www.sonnenseite.com\/de\/politik\/die-klimakrise-ist-auch-eine-gesundheitskrise\/\"]}]},{\"@type\":\"ImageObject\",\"inLanguage\":\"de\",\"@id\":\"https:\/\/www.sonnenseite.com\/de\/politik\/die-klimakrise-ist-auch-eine-gesundheitskrise\/#primaryimage\",\"url\":\"https:\/\/www.sonnenseite.com\/wp-content\/uploads\/2023\/11\/Health-for-Future_gesundheit-streik.jpg\",\"contentUrl\":\"https:\/\/www.sonnenseite.com\/wp-content\/uploads\/2023\/11\/Health-for-Future_gesundheit-streik.jpg\",\"width\":770,\"height\":420,\"caption\":\"Health for Future | Mediziner:innen machen auch \u00f6ffentlich Druck f\u00fcr den schnellen Ausstieg aus Erd\u00f6l und Co.\"},{\"@type\":\"BreadcrumbList\",\"@id\":\"https:\/\/www.sonnenseite.com\/de\/politik\/die-klimakrise-ist-auch-eine-gesundheitskrise\/#breadcrumb\",\"itemListElement\":[{\"@type\":\"ListItem\",\"position\":1,\"name\":\"Startseite\",\"item\":\"https:\/\/www.sonnenseite.com\/de\/\"},{\"@type\":\"ListItem\",\"position\":2,\"name\":\"Die Klimakrise ist auch eine Gesundheitskrise\"}]},{\"@type\":\"WebSite\",\"@id\":\"https:\/\/www.sonnenseite.com\/de\/#website\",\"url\":\"https:\/\/www.sonnenseite.com\/de\/\",\"name\":\"Sonnenseite\",\"description\":\"\u00d6kologische Kommunikation mit Franz Alt\",\"publisher\":{\"@id\":\"https:\/\/www.sonnenseite.com\/de\/#organization\"},\"potentialAction\":[{\"@type\":\"SearchAction\",\"target\":{\"@type\":\"EntryPoint\",\"urlTemplate\":\"https:\/\/www.sonnenseite.com\/de\/?s={search_term_string}\"},\"query-input\":{\"@type\":\"PropertyValueSpecification\",\"valueRequired\":true,\"valueName\":\"search_term_string\"}}],\"inLanguage\":\"de\"},{\"@type\":\"Organization\",\"@id\":\"https:\/\/www.sonnenseite.com\/de\/#organization\",\"name\":\"Sonnenseite\",\"url\":\"https:\/\/www.sonnenseite.com\/de\/\",\"logo\":{\"@type\":\"ImageObject\",\"inLanguage\":\"de\",\"@id\":\"https:\/\/www.sonnenseite.com\/de\/#\/schema\/logo\/image\/\",\"url\":\"https:\/\/www.sonnenseite.com\/wp-content\/uploads\/2020\/05\/Sonnenseite_Logo.png\",\"contentUrl\":\"https:\/\/www.sonnenseite.com\/wp-content\/uploads\/2020\/05\/Sonnenseite_Logo.png\",\"width\":377,\"height\":90,\"caption\":\"Sonnenseite\"},\"image\":{\"@id\":\"https:\/\/www.sonnenseite.com\/de\/#\/schema\/logo\/image\/\"},\"sameAs\":[\"https:\/\/www.facebook.com\/pages\/Franz-Alt-SONNENSEITECOM\/221072987903953?fref=ts\",\"https:\/\/x.com\/franzalt\",\"http:\/\/www.youtube.com\/results?search_query&amp;amp;quot;franz_alt&amp;amp;quot;&amp;amp;amp;amp;search_type&amp;amp;amp;amp;aq=f\"]},{\"@type\":\"Person\",\"@id\":\"https:\/\/www.sonnenseite.com\/de\/#\/schema\/person\/50fda0e926597684c7cc6695238a4eb9\",\"name\":\"Bigi Alt\"}]}<\/script>\n<!-- \/ Yoast SEO plugin. -->","yoast_head_json":{"title":"Die Klimakrise ist auch eine Gesundheitskrise - Sonnenseite - \u00d6kologische Kommunikation mit Franz Alt","description":"Vor dem Klimagipfel in Dubai: Gesundheitsexpert:innen fordern Ausstieg aus fossilen Energien. Schon heute sterben zahlreiche Menschen vorzeitig an den","robots":{"index":"index","follow":"follow","max-snippet":"max-snippet:-1","max-image-preview":"max-image-preview:large","max-video-preview":"max-video-preview:-1"},"canonical":"https:\/\/www.sonnenseite.com\/de\/politik\/die-klimakrise-ist-auch-eine-gesundheitskrise\/","og_locale":"de_DE","og_type":"article","og_title":"Die Klimakrise ist auch eine Gesundheitskrise - Sonnenseite - \u00d6kologische Kommunikation mit Franz Alt","og_description":"Vor dem Klimagipfel in Dubai: Gesundheitsexpert:innen fordern Ausstieg aus fossilen Energien. Schon heute sterben zahlreiche Menschen vorzeitig an den","og_url":"https:\/\/www.sonnenseite.com\/de\/politik\/die-klimakrise-ist-auch-eine-gesundheitskrise\/","og_site_name":"Sonnenseite","article_publisher":"https:\/\/www.facebook.com\/pages\/Franz-Alt-SONNENSEITECOM\/221072987903953?fref=ts","article_published_time":"2023-11-04T09:55:05+00:00","article_modified_time":"2023-11-04T09:55:13+00:00","og_image":[{"width":770,"height":420,"url":"https:\/\/www.sonnenseite.com\/wp-content\/uploads\/2023\/11\/Health-for-Future_gesundheit-streik.jpg","type":"image\/jpeg"}],"author":"Bigi Alt","twitter_card":"summary_large_image","twitter_creator":"@franzalt","twitter_site":"@franzalt","twitter_misc":{"Verfasst von":"Bigi Alt","Gesch\u00e4tzte Lesezeit":"3\u00a0Minuten"},"schema":{"@context":"https:\/\/schema.org","@graph":[{"@type":"Article","@id":"https:\/\/www.sonnenseite.com\/de\/politik\/die-klimakrise-ist-auch-eine-gesundheitskrise\/#article","isPartOf":{"@id":"https:\/\/www.sonnenseite.com\/de\/politik\/die-klimakrise-ist-auch-eine-gesundheitskrise\/"},"author":{"name":"Bigi Alt","@id":"https:\/\/www.sonnenseite.com\/de\/#\/schema\/person\/50fda0e926597684c7cc6695238a4eb9"},"headline":"Die Klimakrise ist auch eine Gesundheitskrise","datePublished":"2023-11-04T09:55:05+00:00","dateModified":"2023-11-04T09:55:13+00:00","mainEntityOfPage":{"@id":"https:\/\/www.sonnenseite.com\/de\/politik\/die-klimakrise-ist-auch-eine-gesundheitskrise\/"},"wordCount":534,"publisher":{"@id":"https:\/\/www.sonnenseite.com\/de\/#organization"},"image":{"@id":"https:\/\/www.sonnenseite.com\/de\/politik\/die-klimakrise-ist-auch-eine-gesundheitskrise\/#primaryimage"},"thumbnailUrl":"https:\/\/www.sonnenseite.com\/wp-content\/uploads\/2023\/11\/Health-for-Future_gesundheit-streik.jpg","articleSection":["Politik"],"inLanguage":"de"},{"@type":"WebPage","@id":"https:\/\/www.sonnenseite.com\/de\/politik\/die-klimakrise-ist-auch-eine-gesundheitskrise\/","url":"https:\/\/www.sonnenseite.com\/de\/politik\/die-klimakrise-ist-auch-eine-gesundheitskrise\/","name":"Die Klimakrise ist auch eine Gesundheitskrise - Sonnenseite - \u00d6kologische Kommunikation mit Franz Alt","isPartOf":{"@id":"https:\/\/www.sonnenseite.com\/de\/#website"},"primaryImageOfPage":{"@id":"https:\/\/www.sonnenseite.com\/de\/politik\/die-klimakrise-ist-auch-eine-gesundheitskrise\/#primaryimage"},"image":{"@id":"https:\/\/www.sonnenseite.com\/de\/politik\/die-klimakrise-ist-auch-eine-gesundheitskrise\/#primaryimage"},"thumbnailUrl":"https:\/\/www.sonnenseite.com\/wp-content\/uploads\/2023\/11\/Health-for-Future_gesundheit-streik.jpg","datePublished":"2023-11-04T09:55:05+00:00","dateModified":"2023-11-04T09:55:13+00:00","description":"Vor dem Klimagipfel in Dubai: Gesundheitsexpert:innen fordern Ausstieg aus fossilen Energien. Schon heute sterben zahlreiche Menschen vorzeitig an den","breadcrumb":{"@id":"https:\/\/www.sonnenseite.com\/de\/politik\/die-klimakrise-ist-auch-eine-gesundheitskrise\/#breadcrumb"},"inLanguage":"de","potentialAction":[{"@type":"ReadAction","target":["https:\/\/www.sonnenseite.com\/de\/politik\/die-klimakrise-ist-auch-eine-gesundheitskrise\/"]}]},{"@type":"ImageObject","inLanguage":"de","@id":"https:\/\/www.sonnenseite.com\/de\/politik\/die-klimakrise-ist-auch-eine-gesundheitskrise\/#primaryimage","url":"https:\/\/www.sonnenseite.com\/wp-content\/uploads\/2023\/11\/Health-for-Future_gesundheit-streik.jpg","contentUrl":"https:\/\/www.sonnenseite.com\/wp-content\/uploads\/2023\/11\/Health-for-Future_gesundheit-streik.jpg","width":770,"height":420,"caption":"Health for Future | Mediziner:innen machen auch \u00f6ffentlich Druck f\u00fcr den schnellen Ausstieg aus Erd\u00f6l und Co."},{"@type":"BreadcrumbList","@id":"https:\/\/www.sonnenseite.com\/de\/politik\/die-klimakrise-ist-auch-eine-gesundheitskrise\/#breadcrumb","itemListElement":[{"@type":"ListItem","position":1,"name":"Startseite","item":"https:\/\/www.sonnenseite.com\/de\/"},{"@type":"ListItem","position":2,"name":"Die Klimakrise ist auch eine Gesundheitskrise"}]},{"@type":"WebSite","@id":"https:\/\/www.sonnenseite.com\/de\/#website","url":"https:\/\/www.sonnenseite.com\/de\/","name":"Sonnenseite","description":"\u00d6kologische Kommunikation mit Franz Alt","publisher":{"@id":"https:\/\/www.sonnenseite.com\/de\/#organization"},"potentialAction":[{"@type":"SearchAction","target":{"@type":"EntryPoint","urlTemplate":"https:\/\/www.sonnenseite.com\/de\/?s={search_term_string}"},"query-input":{"@type":"PropertyValueSpecification","valueRequired":true,"valueName":"search_term_string"}}],"inLanguage":"de"},{"@type":"Organization","@id":"https:\/\/www.sonnenseite.com\/de\/#organization","name":"Sonnenseite","url":"https:\/\/www.sonnenseite.com\/de\/","logo":{"@type":"ImageObject","inLanguage":"de","@id":"https:\/\/www.sonnenseite.com\/de\/#\/schema\/logo\/image\/","url":"https:\/\/www.sonnenseite.com\/wp-content\/uploads\/2020\/05\/Sonnenseite_Logo.png","contentUrl":"https:\/\/www.sonnenseite.com\/wp-content\/uploads\/2020\/05\/Sonnenseite_Logo.png","width":377,"height":90,"caption":"Sonnenseite"},"image":{"@id":"https:\/\/www.sonnenseite.com\/de\/#\/schema\/logo\/image\/"},"sameAs":["https:\/\/www.facebook.com\/pages\/Franz-Alt-SONNENSEITECOM\/221072987903953?fref=ts","https:\/\/x.com\/franzalt","http:\/\/www.youtube.com\/results?search_query&amp;amp;quot;franz_alt&amp;amp;quot;&amp;amp;amp;amp;search_type&amp;amp;amp;amp;aq=f"]},{"@type":"Person","@id":"https:\/\/www.sonnenseite.com\/de\/#\/schema\/person\/50fda0e926597684c7cc6695238a4eb9","name":"Bigi Alt"}]}},"_links":{"self":[{"href":"https:\/\/www.sonnenseite.com\/de\/wp-json\/wp\/v2\/posts\/95114","targetHints":{"allow":["GET"]}}],"collection":[{"href":"https:\/\/www.sonnenseite.com\/de\/wp-json\/wp\/v2\/posts"}],"about":[{"href":"https:\/\/www.sonnenseite.com\/de\/wp-json\/wp\/v2\/types\/post"}],"author":[{"embeddable":true,"href":"https:\/\/www.sonnenseite.com\/de\/wp-json\/wp\/v2\/users\/3"}],"replies":[{"embeddable":true,"href":"https:\/\/www.sonnenseite.com\/de\/wp-json\/wp\/v2\/comments?post=95114"}],"version-history":[{"count":2,"href":"https:\/\/www.sonnenseite.com\/de\/wp-json\/wp\/v2\/posts\/95114\/revisions"}],"predecessor-version":[{"id":95118,"href":"https:\/\/www.sonnenseite.com\/de\/wp-json\/wp\/v2\/posts\/95114\/revisions\/95118"}],"wp:featuredmedia":[{"embeddable":true,"href":"https:\/\/www.sonnenseite.com\/de\/wp-json\/wp\/v2\/media\/95116"}],"wp:attachment":[{"href":"https:\/\/www.sonnenseite.com\/de\/wp-json\/wp\/v2\/media?parent=95114"}],"wp:term":[{"taxonomy":"category","embeddable":true,"href":"https:\/\/www.sonnenseite.com\/de\/wp-json\/wp\/v2\/categories?post=95114"},{"taxonomy":"post_tag","embeddable":true,"href":"https:\/\/www.sonnenseite.com\/de\/wp-json\/wp\/v2\/tags?post=95114"}],"curies":[{"name":"wp","href":"https:\/\/api.w.org\/{rel}","templated":true}]}}