{"id":95166,"date":"2023-11-07T02:30:00","date_gmt":"2023-11-07T01:30:00","guid":{"rendered":"https:\/\/www.sonnenseite.com\/?p=95166"},"modified":"2023-11-06T14:01:05","modified_gmt":"2023-11-06T13:01:05","slug":"klimawandel-wird-von-lebensmittelindustrie-befeuert","status":"publish","type":"post","link":"https:\/\/www.sonnenseite.com\/de\/wirtschaft\/klimawandel-wird-von-lebensmittelindustrie-befeuert\/","title":{"rendered":"Klimawandel wird von Lebensmittelindustrie befeuert"},"content":{"rendered":"\n<p>Etwa 15 Prozent der weltweit eingesetzten fossilen Brennstoffe werden in der Lebensmittelproduktion verbraucht. F\u00fcr eine erfolgreiche Transformation gilt es, die enge Verflechtung zwischen Ern\u00e4hrungs- und fossilen Energiesystemen aufzubrechen.<\/p>\n\n\n\n<p>Die Lebensmittelindustrie ist verantwortlich f\u00fcr mindestens 15 Prozent des weltweiten Verbrauchs an fossilen Brennstoffen. Mit einem j\u00e4hrlichen Aussto\u00df von 4,6 Gigatonnen CO<sub>2<\/sub>-\u00c4quivalenten verursacht sie so viele Emissionen wie alle EU-L\u00e4nder und Russland zusammen, so ein aktueller Bericht der Global Alliance for the Future of Food.<\/p>\n\n\n\n<p>Dies ist das erste Mal, dass Forscher den weltweiten Verbrauch fossiler Brennstoffe \u00fcber die gesamte Lebensmittelversorgungskette hinweg absch\u00e4tzen \u2013 vom Bauernhof bis zum Teller. Selbst wenn alle Regierungen ihre Klimaversprechen f\u00fcr 2030 einhalten w\u00fcrden, w\u00fcrde die Nutzung fossiler Brennstoffe in unserem Lebensmittelsystem unser 1,5-Grad-Kohlenstoffbudget bis 2037 immer noch sprengen.<\/p>\n\n\n\n<p>In einem begleitenden Diskussionspapier zeigt die Organisation den engen Zusammenhang zwischen Lebensmittel- und Energiesystemen auf. D\u00fcngemittel, Verarbeitung, Produktion und Verpackung basieren zum gr\u00f6\u00dften Teil auf fossilen Brennstoffen und die \u00d6lindustrie tut einiges daf\u00fcr, damit sich die Lebensmittelindustrie nicht aus der Abh\u00e4ngigkeit von Pestiziden, D\u00fcngemitteln und Plastikverpackungen befreit.<\/p>\n\n\n\n<h4 class=\"wp-block-heading\">Trend bei Emissionen zeigt nach oben<\/h4>\n\n\n\n<p>Die Energieintensit\u00e4t der Lebensmittelindustrie nimmt sogar zu: Immer mehr Schritte in Anbau und Verarbeitung werden mechanisiert, der Einsatz von D\u00fcngemitteln und anderen auf fossilen Brennstoffen basierenden Betriebsmitteln nimmt zu; die Lieferketten werden immer globaler; die Nachfrage nach Fleisch, Milchprodukten und ultra-verarbeiteten Lebensmitteln steigt; auch neue Food-Trends wie alternative Proteine schlagen in der Emissionsbilanz zu Buche.<\/p>\n\n\n\n<p>So zeigt der Bericht die Investitionen der fossilen Brennstoffindustrie in chemische Produkte aus Roh\u00f6l oder Erdgas: Kunststoffe, Pestizide und D\u00fcngemittel. Im Zeitraum 2016 bis 2023 wurden allein in den USA die Investitionen in die Petrochemie auf etwa 164 Milliarden US-Dollar gesch\u00e4tzt. Lebensmittelbezogene Kunststoffe und D\u00fcngemittel machen zusammen etwa 40 Prozent der gesamten petrochemischen Produkte aus.<\/p>\n\n\n\n<p>Der Gro\u00dfteil des Verbrauchs fossiler Brennstoffe entf\u00e4llt auf die Verarbeitungs- und Verpackungsphase (42 Prozent) sowie auf den Verbrauch und die Abfallentsorgung im Einzelhandel (38 Prozent). Die Stufen der Input- und der landwirtschaftlichen Produktion machen zusammen 20 Prozent des Energieverbrauchs in Lebensmittelsystemen aus, wobei der Verbrauch fossiler Brennstoffe zur Herstellung von D\u00fcngemitteln bis 2050 voraussichtlich erheblich zunehmen wird.<\/p>\n\n\n\n<h4 class=\"wp-block-heading\">Verwendung von Agrochemikalien schrittweise stoppen<\/h4>\n\n\n<div class=\"wp-block-image\">\n<figure class=\"alignright size-full is-resized\"><a href=\"https:\/\/www.sonnenseite.com\/wp-content\/uploads\/2023\/11\/GlobalAlliance_POWER-SHIFT.png\"><img loading=\"lazy\" decoding=\"async\" width=\"700\" height=\"852\" src=\"https:\/\/www.sonnenseite.com\/wp-content\/uploads\/2023\/11\/GlobalAlliance_POWER-SHIFT.png\" alt=\"\" class=\"wp-image-95161\" style=\"aspect-ratio:0.8215962441314554;width:275px;height:auto\" srcset=\"https:\/\/www.sonnenseite.com\/wp-content\/uploads\/2023\/11\/GlobalAlliance_POWER-SHIFT.png 700w, https:\/\/www.sonnenseite.com\/wp-content\/uploads\/2023\/11\/GlobalAlliance_POWER-SHIFT-246x300.png 246w\" sizes=\"auto, (max-width: 700px) 100vw, 700px\" \/><\/a><\/figure>\n<\/div>\n\n\n<p>Patty Fong von der Global Alliance for the Future of Food zeigt auf: \u201eIndustrielle Lebensmittelsysteme haben ein Problem mit fossilen Brennstoffen. Um einen katastrophalen Klimakollaps zu verhindern, m\u00fcssen wir unsere Ern\u00e4hrungssysteme \u2013 wie auch andere Wirtschaftssektoren \u2013 dringend von fossilen Brennstoffen entw\u00f6hnen. Die Abkehr von der Abh\u00e4ngigkeit von fossilen Brennstoffen hin zu erneuerbaren Energien und regenerativer und agrar\u00f6kologischer Landwirtschaft w\u00fcrde nicht nur unseren Planeten sch\u00fctzen, sondern auch Lebensmittel erschwinglicher machen, die Ern\u00e4hrungssicherheit erh\u00f6hen, Arbeitspl\u00e4tze schaffen, die Gesundheit verbessern und zur Bek\u00e4mpfung des Hungers beitragen.\u201c<\/p>\n\n\n\n<p>Der Appell der Organisation: Die politischen Entscheider sollen die Verwendung von Agrochemikalien auf Basis fossiler Brennstoffe schrittweise stoppen und daf\u00fcr sorgen, dass auch in der Lebensmittelindustrie auf Erneuerbare Energien gesetzt wird, Subventionen f\u00fcr Biogas- und Biokraftstofferzeuger neu bewertet werden und vermehrt in nachhaltige landwirtschaftliche Praktiken wie Agrar\u00f6kologie und regenerative Landwirtschaft investiert wird.<\/p>\n\n\n\n<ul class=\"wp-block-list\">\n<li><a href=\"https:\/\/futureoffood.org\/wp-content\/uploads\/2023\/10\/ga_food-energy-nexus_report.pdf\" target=\"_blank\" rel=\"noreferrer noopener\">\u201cPOWER SHIFT \u2013 Why We Need to Wean Industrial Food Systems Off Fossil Fuels\u201d (pdf)<\/a><\/li>\n\n\n\n<li><a href=\"https:\/\/futureoffood.org\/\" target=\"_blank\" rel=\"noreferrer noopener\">Global Alliance for the Future of Food 2023<\/a><\/li>\n<\/ul>\n\n\n<h5 class=\"green\">Quelle<\/h5>\r\n\n\n\n<p>Der Bericht wurde von der\u00a0<a href=\"https:\/\/www.energiezukunft.eu\/wirtschaft\/klimawandel-wird-von-lebensmittelindustrie-befeuert\/\">Redaktion \u201cenergiezukunft\u201c (pf) 2023<\/a>\u00a0verfasst\u00a0\u2013 der Artikel darf\u00a0<a href=\"mailto:portal@energiezukunft.eu\" target=\"_blank\" rel=\"noreferrer noopener\">nicht ohne Genehmigung<\/a>\u00a0weiterverbreitet werden!\u00a0|\u00a0<strong>energiezukunft<\/strong>\u00a0| Heft 34\/2022 | \u201eDie Kraft der Kommunen\u201c\u00a0|\u00a0\u00a0<a href=\"https:\/\/www.energiezukunft.eu\/service\/magazine\/\" target=\"_blank\" rel=\"noreferrer noopener\">Jetzt lesen<\/a>\u00a0|\u00a0<a href=\"https:\/\/www.energiezukunft.eu\/fileadmin\/user_upload\/Magazin-PDFs\/energiezukunft\/energiezukunft_2023_34.pdf\" target=\"_blank\" rel=\"noreferrer noopener\">Download<\/a><\/p>\n<div class=\"shariff shariff-align-flex-start shariff-widget-align-flex-start\"><div class=\"ShariffHeadline\">Diese Meldung teilen<\/div><ul class=\"shariff-buttons theme-round orientation-horizontal buttonsize-medium\"><li class=\"shariff-button facebook shariff-nocustomcolor\" style=\"background-color:#4273c8;border-radius:1%\"><a href=\"https:\/\/www.facebook.com\/sharer\/sharer.php?u=https%3A%2F%2Fwww.sonnenseite.com%2Fde%2Fwirtschaft%2Fklimawandel-wird-von-lebensmittelindustrie-befeuert%2F\" title=\"Bei Facebook teilen\" aria-label=\"Bei Facebook teilen\" role=\"button\" rel=\"nofollow\" class=\"shariff-link\" style=\";border-radius:1%; background-color:#3b5998; color:#fff\" target=\"_blank\"><span class=\"shariff-icon\" style=\"\"><svg width=\"32px\" height=\"20px\" xmlns=\"http:\/\/www.w3.org\/2000\/svg\" viewBox=\"0 0 18 32\"><path fill=\"#3b5998\" d=\"M17.1 0.2v4.7h-2.8q-1.5 0-2.1 0.6t-0.5 1.9v3.4h5.2l-0.7 5.3h-4.5v13.6h-5.5v-13.6h-4.5v-5.3h4.5v-3.9q0-3.3 1.9-5.2t5-1.8q2.6 0 4.1 0.2z\"\/><\/svg><\/span><\/a><\/li><li class=\"shariff-button twitter shariff-nocustomcolor\" style=\"background-color:#595959;border-radius:1%\"><a href=\"https:\/\/twitter.com\/share?url=https%3A%2F%2Fwww.sonnenseite.com%2Fde%2Fwirtschaft%2Fklimawandel-wird-von-lebensmittelindustrie-befeuert%2F&text=Klimawandel%20wird%20von%20Lebensmittelindustrie%20befeuert\" title=\"Bei X teilen\" aria-label=\"Bei X teilen\" role=\"button\" rel=\"noopener nofollow\" class=\"shariff-link\" style=\";border-radius:1%; background-color:#000; color:#fff\" target=\"_blank\"><span class=\"shariff-icon\" style=\"\"><svg width=\"32px\" height=\"20px\" xmlns=\"http:\/\/www.w3.org\/2000\/svg\" viewBox=\"0 0 24 24\"><path fill=\"#000\" d=\"M14.258 10.152L23.176 0h-2.113l-7.747 8.813L7.133 0H0l9.352 13.328L0 23.973h2.113l8.176-9.309 6.531 9.309h7.133zm-2.895 3.293l-.949-1.328L2.875 1.56h3.246l6.086 8.523.945 1.328 7.91 11.078h-3.246zm0 0\"\/><\/svg><\/span><\/a><\/li><li class=\"shariff-button xing shariff-nocustomcolor\" style=\"background-color:#29888a;border-radius:1%\"><a href=\"https:\/\/www.xing.com\/spi\/shares\/new?url=https%3A%2F%2Fwww.sonnenseite.com%2Fde%2Fwirtschaft%2Fklimawandel-wird-von-lebensmittelindustrie-befeuert%2F\" title=\"Bei XING teilen\" aria-label=\"Bei XING teilen\" role=\"button\" rel=\"noopener nofollow\" class=\"shariff-link\" style=\";border-radius:1%; background-color:#126567; color:#fff\" target=\"_blank\"><span class=\"shariff-icon\" style=\"\"><svg width=\"32px\" height=\"20px\" xmlns=\"http:\/\/www.w3.org\/2000\/svg\" viewBox=\"0 0 25 32\"><path fill=\"#126567\" d=\"M10.7 11.9q-0.2 0.3-4.6 8.2-0.5 0.8-1.2 0.8h-4.3q-0.4 0-0.5-0.3t0-0.6l4.5-8q0 0 0 0l-2.9-5q-0.2-0.4 0-0.7 0.2-0.3 0.5-0.3h4.3q0.7 0 1.2 0.8zM25.1 0.4q0.2 0.3 0 0.7l-9.4 16.7 6 11q0.2 0.4 0 0.6-0.2 0.3-0.6 0.3h-4.3q-0.7 0-1.2-0.8l-6-11.1q0.3-0.6 9.5-16.8 0.4-0.8 1.2-0.8h4.3q0.4 0 0.5 0.3z\"\/><\/svg><\/span><\/a><\/li><li class=\"shariff-button linkedin shariff-nocustomcolor\" style=\"background-color:#1488bf;border-radius:1%\"><a href=\"https:\/\/www.linkedin.com\/sharing\/share-offsite\/?url=https%3A%2F%2Fwww.sonnenseite.com%2Fde%2Fwirtschaft%2Fklimawandel-wird-von-lebensmittelindustrie-befeuert%2F\" title=\"Bei LinkedIn teilen\" aria-label=\"Bei LinkedIn teilen\" role=\"button\" rel=\"noopener nofollow\" class=\"shariff-link\" style=\";border-radius:1%; background-color:#0077b5; color:#fff\" target=\"_blank\"><span class=\"shariff-icon\" style=\"\"><svg width=\"32px\" height=\"20px\" xmlns=\"http:\/\/www.w3.org\/2000\/svg\" viewBox=\"0 0 27 32\"><path fill=\"#0077b5\" d=\"M6.2 11.2v17.7h-5.9v-17.7h5.9zM6.6 5.7q0 1.3-0.9 2.2t-2.4 0.9h0q-1.5 0-2.4-0.9t-0.9-2.2 0.9-2.2 2.4-0.9 2.4 0.9 0.9 2.2zM27.4 18.7v10.1h-5.9v-9.5q0-1.9-0.7-2.9t-2.3-1.1q-1.1 0-1.9 0.6t-1.2 1.5q-0.2 0.5-0.2 1.4v9.9h-5.9q0-7.1 0-11.6t0-5.3l0-0.9h5.9v2.6h0q0.4-0.6 0.7-1t1-0.9 1.6-0.8 2-0.3q3 0 4.9 2t1.9 6z\"\/><\/svg><\/span><\/a><\/li><li class=\"shariff-button printer shariff-nocustomcolor\" style=\"background-color:#a8a8a8;border-radius:1%\"><a href=\"javascript:window.print()\" title=\"drucken\" aria-label=\"drucken\" role=\"button\" rel=\"noopener nofollow\" class=\"shariff-link\" style=\";border-radius:1%; background-color:#999; color:#fff\"><span class=\"shariff-icon\" style=\"\"><svg width=\"32px\" height=\"20px\" xmlns=\"http:\/\/www.w3.org\/2000\/svg\" viewBox=\"0 0 30 32\"><path fill=\"#999\" d=\"M6.8 27.4h16v-4.6h-16v4.6zM6.8 16h16v-6.8h-2.8q-0.7 0-1.2-0.5t-0.5-1.2v-2.8h-11.4v11.4zM27.4 17.2q0-0.5-0.3-0.8t-0.8-0.4-0.8 0.4-0.3 0.8 0.3 0.8 0.8 0.3 0.8-0.3 0.3-0.8zM29.7 17.2v7.4q0 0.2-0.2 0.4t-0.4 0.2h-4v2.8q0 0.7-0.5 1.2t-1.2 0.5h-17.2q-0.7 0-1.2-0.5t-0.5-1.2v-2.8h-4q-0.2 0-0.4-0.2t-0.2-0.4v-7.4q0-1.4 1-2.4t2.4-1h1.2v-9.7q0-0.7 0.5-1.2t1.2-0.5h12q0.7 0 1.6 0.4t1.3 0.8l2.7 2.7q0.5 0.5 0.9 1.4t0.4 1.6v4.6h1.1q1.4 0 2.4 1t1 2.4z\"\/><\/svg><\/span><\/a><\/li><li class=\"shariff-button mailto shariff-nocustomcolor\" style=\"background-color:#a8a8a8;border-radius:1%\"><a href=\"mailto:?body=https%3A%2F%2Fwww.sonnenseite.com%2Fde%2Fwirtschaft%2Fklimawandel-wird-von-lebensmittelindustrie-befeuert%2F&subject=Klimawandel%20wird%20von%20Lebensmittelindustrie%20befeuert\" title=\"Per E-Mail versenden\" aria-label=\"Per E-Mail versenden\" role=\"button\" rel=\"noopener nofollow\" class=\"shariff-link\" style=\";border-radius:1%; background-color:#999; color:#fff\"><span class=\"shariff-icon\" style=\"\"><svg width=\"32px\" height=\"20px\" xmlns=\"http:\/\/www.w3.org\/2000\/svg\" viewBox=\"0 0 32 32\"><path fill=\"#999\" d=\"M32 12.7v14.2q0 1.2-0.8 2t-2 0.9h-26.3q-1.2 0-2-0.9t-0.8-2v-14.2q0.8 0.9 1.8 1.6 6.5 4.4 8.9 6.1 1 0.8 1.6 1.2t1.7 0.9 2 0.4h0.1q0.9 0 2-0.4t1.7-0.9 1.6-1.2q3-2.2 8.9-6.1 1-0.7 1.8-1.6zM32 7.4q0 1.4-0.9 2.7t-2.2 2.2q-6.7 4.7-8.4 5.8-0.2 0.1-0.7 0.5t-1 0.7-0.9 0.6-1.1 0.5-0.9 0.2h-0.1q-0.4 0-0.9-0.2t-1.1-0.5-0.9-0.6-1-0.7-0.7-0.5q-1.6-1.1-4.7-3.2t-3.6-2.6q-1.1-0.7-2.1-2t-1-2.5q0-1.4 0.7-2.3t2.1-0.9h26.3q1.2 0 2 0.8t0.9 2z\"\/><\/svg><\/span><\/a><\/li><\/ul><\/div>","protected":false},"excerpt":{"rendered":"<p>Etwa 15 Prozent der weltweit eingesetzten fossilen Brennstoffe werden in der Lebensmittelproduktion verbraucht. F\u00fcr eine erfolgreiche [&hellip;]<\/p>\n","protected":false},"author":3,"featured_media":95163,"comment_status":"closed","ping_status":"closed","sticky":false,"template":"","format":"standard","meta":{"inline_featured_image":false,"footnotes":""},"categories":[24],"tags":[],"class_list":["post-95166","post","type-post","status-publish","format-standard","has-post-thumbnail","hentry","category-wirtschaft"],"yoast_head":"<!-- This site is optimized with the Yoast SEO plugin v26.5 - https:\/\/yoast.com\/wordpress\/plugins\/seo\/ -->\n<title>Klimawandel wird von Lebensmittelindustrie befeuert - Sonnenseite - \u00d6kologische Kommunikation mit Franz Alt<\/title>\n<meta name=\"description\" content=\"Etwa 15 Prozent der weltweit eingesetzten fossilen Brennstoffe werden in der Lebensmittelproduktion verbraucht. F\u00fcr eine erfolgreiche Transformation gilt\" \/>\n<meta name=\"robots\" content=\"index, follow, max-snippet:-1, max-image-preview:large, max-video-preview:-1\" \/>\n<link rel=\"canonical\" href=\"https:\/\/www.sonnenseite.com\/de\/wirtschaft\/klimawandel-wird-von-lebensmittelindustrie-befeuert\/\" \/>\n<meta property=\"og:locale\" content=\"de_DE\" \/>\n<meta property=\"og:type\" content=\"article\" \/>\n<meta property=\"og:title\" content=\"Klimawandel wird von Lebensmittelindustrie befeuert - Sonnenseite - \u00d6kologische Kommunikation mit Franz Alt\" \/>\n<meta property=\"og:description\" content=\"Etwa 15 Prozent der weltweit eingesetzten fossilen Brennstoffe werden in der Lebensmittelproduktion verbraucht. F\u00fcr eine erfolgreiche Transformation gilt\" \/>\n<meta property=\"og:url\" content=\"https:\/\/www.sonnenseite.com\/de\/wirtschaft\/klimawandel-wird-von-lebensmittelindustrie-befeuert\/\" \/>\n<meta property=\"og:site_name\" content=\"Sonnenseite\" \/>\n<meta property=\"article:publisher\" content=\"https:\/\/www.facebook.com\/pages\/Franz-Alt-SONNENSEITECOM\/221072987903953?fref=ts\" \/>\n<meta property=\"article:published_time\" content=\"2023-11-07T01:30:00+00:00\" \/>\n<meta property=\"og:image\" content=\"https:\/\/www.sonnenseite.com\/wp-content\/uploads\/2023\/11\/Lebensmittelindustri_dusanpetkovic.jpg\" \/>\n\t<meta property=\"og:image:width\" content=\"770\" \/>\n\t<meta property=\"og:image:height\" content=\"420\" \/>\n\t<meta property=\"og:image:type\" content=\"image\/jpeg\" \/>\n<meta name=\"author\" content=\"Bigi Alt\" \/>\n<meta name=\"twitter:card\" content=\"summary_large_image\" \/>\n<meta name=\"twitter:creator\" content=\"@franzalt\" \/>\n<meta name=\"twitter:site\" content=\"@franzalt\" \/>\n<meta name=\"twitter:label1\" content=\"Verfasst von\" \/>\n\t<meta name=\"twitter:data1\" content=\"Bigi Alt\" \/>\n\t<meta name=\"twitter:label2\" content=\"Gesch\u00e4tzte Lesezeit\" \/>\n\t<meta name=\"twitter:data2\" content=\"4\u00a0Minuten\" \/>\n<script type=\"application\/ld+json\" class=\"yoast-schema-graph\">{\"@context\":\"https:\/\/schema.org\",\"@graph\":[{\"@type\":\"Article\",\"@id\":\"https:\/\/www.sonnenseite.com\/de\/wirtschaft\/klimawandel-wird-von-lebensmittelindustrie-befeuert\/#article\",\"isPartOf\":{\"@id\":\"https:\/\/www.sonnenseite.com\/de\/wirtschaft\/klimawandel-wird-von-lebensmittelindustrie-befeuert\/\"},\"author\":{\"name\":\"Bigi Alt\",\"@id\":\"https:\/\/www.sonnenseite.com\/de\/#\/schema\/person\/50fda0e926597684c7cc6695238a4eb9\"},\"headline\":\"Klimawandel wird von Lebensmittelindustrie befeuert\",\"datePublished\":\"2023-11-07T01:30:00+00:00\",\"mainEntityOfPage\":{\"@id\":\"https:\/\/www.sonnenseite.com\/de\/wirtschaft\/klimawandel-wird-von-lebensmittelindustrie-befeuert\/\"},\"wordCount\":558,\"publisher\":{\"@id\":\"https:\/\/www.sonnenseite.com\/de\/#organization\"},\"image\":{\"@id\":\"https:\/\/www.sonnenseite.com\/de\/wirtschaft\/klimawandel-wird-von-lebensmittelindustrie-befeuert\/#primaryimage\"},\"thumbnailUrl\":\"https:\/\/www.sonnenseite.com\/wp-content\/uploads\/2023\/11\/Lebensmittelindustri_dusanpetkovic.jpg\",\"articleSection\":[\"Wirtschaft\"],\"inLanguage\":\"de\"},{\"@type\":\"WebPage\",\"@id\":\"https:\/\/www.sonnenseite.com\/de\/wirtschaft\/klimawandel-wird-von-lebensmittelindustrie-befeuert\/\",\"url\":\"https:\/\/www.sonnenseite.com\/de\/wirtschaft\/klimawandel-wird-von-lebensmittelindustrie-befeuert\/\",\"name\":\"Klimawandel wird von Lebensmittelindustrie befeuert - Sonnenseite - \u00d6kologische Kommunikation mit Franz Alt\",\"isPartOf\":{\"@id\":\"https:\/\/www.sonnenseite.com\/de\/#website\"},\"primaryImageOfPage\":{\"@id\":\"https:\/\/www.sonnenseite.com\/de\/wirtschaft\/klimawandel-wird-von-lebensmittelindustrie-befeuert\/#primaryimage\"},\"image\":{\"@id\":\"https:\/\/www.sonnenseite.com\/de\/wirtschaft\/klimawandel-wird-von-lebensmittelindustrie-befeuert\/#primaryimage\"},\"thumbnailUrl\":\"https:\/\/www.sonnenseite.com\/wp-content\/uploads\/2023\/11\/Lebensmittelindustri_dusanpetkovic.jpg\",\"datePublished\":\"2023-11-07T01:30:00+00:00\",\"description\":\"Etwa 15 Prozent der weltweit eingesetzten fossilen Brennstoffe werden in der Lebensmittelproduktion verbraucht. F\u00fcr eine erfolgreiche Transformation gilt\",\"breadcrumb\":{\"@id\":\"https:\/\/www.sonnenseite.com\/de\/wirtschaft\/klimawandel-wird-von-lebensmittelindustrie-befeuert\/#breadcrumb\"},\"inLanguage\":\"de\",\"potentialAction\":[{\"@type\":\"ReadAction\",\"target\":[\"https:\/\/www.sonnenseite.com\/de\/wirtschaft\/klimawandel-wird-von-lebensmittelindustrie-befeuert\/\"]}]},{\"@type\":\"ImageObject\",\"inLanguage\":\"de\",\"@id\":\"https:\/\/www.sonnenseite.com\/de\/wirtschaft\/klimawandel-wird-von-lebensmittelindustrie-befeuert\/#primaryimage\",\"url\":\"https:\/\/www.sonnenseite.com\/wp-content\/uploads\/2023\/11\/Lebensmittelindustri_dusanpetkovic.jpg\",\"contentUrl\":\"https:\/\/www.sonnenseite.com\/wp-content\/uploads\/2023\/11\/Lebensmittelindustri_dusanpetkovic.jpg\",\"width\":770,\"height\":420,\"caption\":\"Depositphotos.com | dusanpetkovic | D\u00fcngemittel auf dem Feld, die sp\u00e4tere Verarbeitung, Verpackung und lange Transportwege machen unsere Lebensmittel zu Klimakillern.\"},{\"@type\":\"BreadcrumbList\",\"@id\":\"https:\/\/www.sonnenseite.com\/de\/wirtschaft\/klimawandel-wird-von-lebensmittelindustrie-befeuert\/#breadcrumb\",\"itemListElement\":[{\"@type\":\"ListItem\",\"position\":1,\"name\":\"Startseite\",\"item\":\"https:\/\/www.sonnenseite.com\/de\/\"},{\"@type\":\"ListItem\",\"position\":2,\"name\":\"Klimawandel wird von Lebensmittelindustrie befeuert\"}]},{\"@type\":\"WebSite\",\"@id\":\"https:\/\/www.sonnenseite.com\/de\/#website\",\"url\":\"https:\/\/www.sonnenseite.com\/de\/\",\"name\":\"Sonnenseite\",\"description\":\"\u00d6kologische Kommunikation mit Franz Alt\",\"publisher\":{\"@id\":\"https:\/\/www.sonnenseite.com\/de\/#organization\"},\"potentialAction\":[{\"@type\":\"SearchAction\",\"target\":{\"@type\":\"EntryPoint\",\"urlTemplate\":\"https:\/\/www.sonnenseite.com\/de\/?s={search_term_string}\"},\"query-input\":{\"@type\":\"PropertyValueSpecification\",\"valueRequired\":true,\"valueName\":\"search_term_string\"}}],\"inLanguage\":\"de\"},{\"@type\":\"Organization\",\"@id\":\"https:\/\/www.sonnenseite.com\/de\/#organization\",\"name\":\"Sonnenseite\",\"url\":\"https:\/\/www.sonnenseite.com\/de\/\",\"logo\":{\"@type\":\"ImageObject\",\"inLanguage\":\"de\",\"@id\":\"https:\/\/www.sonnenseite.com\/de\/#\/schema\/logo\/image\/\",\"url\":\"https:\/\/www.sonnenseite.com\/wp-content\/uploads\/2020\/05\/Sonnenseite_Logo.png\",\"contentUrl\":\"https:\/\/www.sonnenseite.com\/wp-content\/uploads\/2020\/05\/Sonnenseite_Logo.png\",\"width\":377,\"height\":90,\"caption\":\"Sonnenseite\"},\"image\":{\"@id\":\"https:\/\/www.sonnenseite.com\/de\/#\/schema\/logo\/image\/\"},\"sameAs\":[\"https:\/\/www.facebook.com\/pages\/Franz-Alt-SONNENSEITECOM\/221072987903953?fref=ts\",\"https:\/\/x.com\/franzalt\",\"http:\/\/www.youtube.com\/results?search_query&amp;amp;quot;franz_alt&amp;amp;quot;&amp;amp;amp;amp;search_type&amp;amp;amp;amp;aq=f\"]},{\"@type\":\"Person\",\"@id\":\"https:\/\/www.sonnenseite.com\/de\/#\/schema\/person\/50fda0e926597684c7cc6695238a4eb9\",\"name\":\"Bigi Alt\"}]}<\/script>\n<!-- \/ Yoast SEO plugin. -->","yoast_head_json":{"title":"Klimawandel wird von Lebensmittelindustrie befeuert - Sonnenseite - \u00d6kologische Kommunikation mit Franz Alt","description":"Etwa 15 Prozent der weltweit eingesetzten fossilen Brennstoffe werden in der Lebensmittelproduktion verbraucht. F\u00fcr eine erfolgreiche Transformation gilt","robots":{"index":"index","follow":"follow","max-snippet":"max-snippet:-1","max-image-preview":"max-image-preview:large","max-video-preview":"max-video-preview:-1"},"canonical":"https:\/\/www.sonnenseite.com\/de\/wirtschaft\/klimawandel-wird-von-lebensmittelindustrie-befeuert\/","og_locale":"de_DE","og_type":"article","og_title":"Klimawandel wird von Lebensmittelindustrie befeuert - Sonnenseite - \u00d6kologische Kommunikation mit Franz Alt","og_description":"Etwa 15 Prozent der weltweit eingesetzten fossilen Brennstoffe werden in der Lebensmittelproduktion verbraucht. F\u00fcr eine erfolgreiche Transformation gilt","og_url":"https:\/\/www.sonnenseite.com\/de\/wirtschaft\/klimawandel-wird-von-lebensmittelindustrie-befeuert\/","og_site_name":"Sonnenseite","article_publisher":"https:\/\/www.facebook.com\/pages\/Franz-Alt-SONNENSEITECOM\/221072987903953?fref=ts","article_published_time":"2023-11-07T01:30:00+00:00","og_image":[{"width":770,"height":420,"url":"https:\/\/www.sonnenseite.com\/wp-content\/uploads\/2023\/11\/Lebensmittelindustri_dusanpetkovic.jpg","type":"image\/jpeg"}],"author":"Bigi Alt","twitter_card":"summary_large_image","twitter_creator":"@franzalt","twitter_site":"@franzalt","twitter_misc":{"Verfasst von":"Bigi Alt","Gesch\u00e4tzte Lesezeit":"4\u00a0Minuten"},"schema":{"@context":"https:\/\/schema.org","@graph":[{"@type":"Article","@id":"https:\/\/www.sonnenseite.com\/de\/wirtschaft\/klimawandel-wird-von-lebensmittelindustrie-befeuert\/#article","isPartOf":{"@id":"https:\/\/www.sonnenseite.com\/de\/wirtschaft\/klimawandel-wird-von-lebensmittelindustrie-befeuert\/"},"author":{"name":"Bigi Alt","@id":"https:\/\/www.sonnenseite.com\/de\/#\/schema\/person\/50fda0e926597684c7cc6695238a4eb9"},"headline":"Klimawandel wird von Lebensmittelindustrie befeuert","datePublished":"2023-11-07T01:30:00+00:00","mainEntityOfPage":{"@id":"https:\/\/www.sonnenseite.com\/de\/wirtschaft\/klimawandel-wird-von-lebensmittelindustrie-befeuert\/"},"wordCount":558,"publisher":{"@id":"https:\/\/www.sonnenseite.com\/de\/#organization"},"image":{"@id":"https:\/\/www.sonnenseite.com\/de\/wirtschaft\/klimawandel-wird-von-lebensmittelindustrie-befeuert\/#primaryimage"},"thumbnailUrl":"https:\/\/www.sonnenseite.com\/wp-content\/uploads\/2023\/11\/Lebensmittelindustri_dusanpetkovic.jpg","articleSection":["Wirtschaft"],"inLanguage":"de"},{"@type":"WebPage","@id":"https:\/\/www.sonnenseite.com\/de\/wirtschaft\/klimawandel-wird-von-lebensmittelindustrie-befeuert\/","url":"https:\/\/www.sonnenseite.com\/de\/wirtschaft\/klimawandel-wird-von-lebensmittelindustrie-befeuert\/","name":"Klimawandel wird von Lebensmittelindustrie befeuert - Sonnenseite - \u00d6kologische Kommunikation mit Franz Alt","isPartOf":{"@id":"https:\/\/www.sonnenseite.com\/de\/#website"},"primaryImageOfPage":{"@id":"https:\/\/www.sonnenseite.com\/de\/wirtschaft\/klimawandel-wird-von-lebensmittelindustrie-befeuert\/#primaryimage"},"image":{"@id":"https:\/\/www.sonnenseite.com\/de\/wirtschaft\/klimawandel-wird-von-lebensmittelindustrie-befeuert\/#primaryimage"},"thumbnailUrl":"https:\/\/www.sonnenseite.com\/wp-content\/uploads\/2023\/11\/Lebensmittelindustri_dusanpetkovic.jpg","datePublished":"2023-11-07T01:30:00+00:00","description":"Etwa 15 Prozent der weltweit eingesetzten fossilen Brennstoffe werden in der Lebensmittelproduktion verbraucht. F\u00fcr eine erfolgreiche Transformation gilt","breadcrumb":{"@id":"https:\/\/www.sonnenseite.com\/de\/wirtschaft\/klimawandel-wird-von-lebensmittelindustrie-befeuert\/#breadcrumb"},"inLanguage":"de","potentialAction":[{"@type":"ReadAction","target":["https:\/\/www.sonnenseite.com\/de\/wirtschaft\/klimawandel-wird-von-lebensmittelindustrie-befeuert\/"]}]},{"@type":"ImageObject","inLanguage":"de","@id":"https:\/\/www.sonnenseite.com\/de\/wirtschaft\/klimawandel-wird-von-lebensmittelindustrie-befeuert\/#primaryimage","url":"https:\/\/www.sonnenseite.com\/wp-content\/uploads\/2023\/11\/Lebensmittelindustri_dusanpetkovic.jpg","contentUrl":"https:\/\/www.sonnenseite.com\/wp-content\/uploads\/2023\/11\/Lebensmittelindustri_dusanpetkovic.jpg","width":770,"height":420,"caption":"Depositphotos.com | dusanpetkovic | D\u00fcngemittel auf dem Feld, die sp\u00e4tere Verarbeitung, Verpackung und lange Transportwege machen unsere Lebensmittel zu Klimakillern."},{"@type":"BreadcrumbList","@id":"https:\/\/www.sonnenseite.com\/de\/wirtschaft\/klimawandel-wird-von-lebensmittelindustrie-befeuert\/#breadcrumb","itemListElement":[{"@type":"ListItem","position":1,"name":"Startseite","item":"https:\/\/www.sonnenseite.com\/de\/"},{"@type":"ListItem","position":2,"name":"Klimawandel wird von Lebensmittelindustrie befeuert"}]},{"@type":"WebSite","@id":"https:\/\/www.sonnenseite.com\/de\/#website","url":"https:\/\/www.sonnenseite.com\/de\/","name":"Sonnenseite","description":"\u00d6kologische Kommunikation mit Franz Alt","publisher":{"@id":"https:\/\/www.sonnenseite.com\/de\/#organization"},"potentialAction":[{"@type":"SearchAction","target":{"@type":"EntryPoint","urlTemplate":"https:\/\/www.sonnenseite.com\/de\/?s={search_term_string}"},"query-input":{"@type":"PropertyValueSpecification","valueRequired":true,"valueName":"search_term_string"}}],"inLanguage":"de"},{"@type":"Organization","@id":"https:\/\/www.sonnenseite.com\/de\/#organization","name":"Sonnenseite","url":"https:\/\/www.sonnenseite.com\/de\/","logo":{"@type":"ImageObject","inLanguage":"de","@id":"https:\/\/www.sonnenseite.com\/de\/#\/schema\/logo\/image\/","url":"https:\/\/www.sonnenseite.com\/wp-content\/uploads\/2020\/05\/Sonnenseite_Logo.png","contentUrl":"https:\/\/www.sonnenseite.com\/wp-content\/uploads\/2020\/05\/Sonnenseite_Logo.png","width":377,"height":90,"caption":"Sonnenseite"},"image":{"@id":"https:\/\/www.sonnenseite.com\/de\/#\/schema\/logo\/image\/"},"sameAs":["https:\/\/www.facebook.com\/pages\/Franz-Alt-SONNENSEITECOM\/221072987903953?fref=ts","https:\/\/x.com\/franzalt","http:\/\/www.youtube.com\/results?search_query&amp;amp;quot;franz_alt&amp;amp;quot;&amp;amp;amp;amp;search_type&amp;amp;amp;amp;aq=f"]},{"@type":"Person","@id":"https:\/\/www.sonnenseite.com\/de\/#\/schema\/person\/50fda0e926597684c7cc6695238a4eb9","name":"Bigi Alt"}]}},"_links":{"self":[{"href":"https:\/\/www.sonnenseite.com\/de\/wp-json\/wp\/v2\/posts\/95166","targetHints":{"allow":["GET"]}}],"collection":[{"href":"https:\/\/www.sonnenseite.com\/de\/wp-json\/wp\/v2\/posts"}],"about":[{"href":"https:\/\/www.sonnenseite.com\/de\/wp-json\/wp\/v2\/types\/post"}],"author":[{"embeddable":true,"href":"https:\/\/www.sonnenseite.com\/de\/wp-json\/wp\/v2\/users\/3"}],"replies":[{"embeddable":true,"href":"https:\/\/www.sonnenseite.com\/de\/wp-json\/wp\/v2\/comments?post=95166"}],"version-history":[{"count":2,"href":"https:\/\/www.sonnenseite.com\/de\/wp-json\/wp\/v2\/posts\/95166\/revisions"}],"predecessor-version":[{"id":95168,"href":"https:\/\/www.sonnenseite.com\/de\/wp-json\/wp\/v2\/posts\/95166\/revisions\/95168"}],"wp:featuredmedia":[{"embeddable":true,"href":"https:\/\/www.sonnenseite.com\/de\/wp-json\/wp\/v2\/media\/95163"}],"wp:attachment":[{"href":"https:\/\/www.sonnenseite.com\/de\/wp-json\/wp\/v2\/media?parent=95166"}],"wp:term":[{"taxonomy":"category","embeddable":true,"href":"https:\/\/www.sonnenseite.com\/de\/wp-json\/wp\/v2\/categories?post=95166"},{"taxonomy":"post_tag","embeddable":true,"href":"https:\/\/www.sonnenseite.com\/de\/wp-json\/wp\/v2\/tags?post=95166"}],"curies":[{"name":"wp","href":"https:\/\/api.w.org\/{rel}","templated":true}]}}