{"id":95304,"date":"2023-11-14T09:52:55","date_gmt":"2023-11-14T08:52:55","guid":{"rendered":"https:\/\/www.sonnenseite.com\/?p=95304"},"modified":"2023-12-04T13:02:51","modified_gmt":"2023-12-04T12:02:51","slug":"pflanzlich-oekologisch-regional-die-ernaehrung-der-zukunft","status":"publish","type":"post","link":"https:\/\/www.sonnenseite.com\/de\/umwelt\/pflanzlich-oekologisch-regional-die-ernaehrung-der-zukunft\/","title":{"rendered":"Pflanzlich, \u00f6kologisch, regional \u2013 die Ern\u00e4hrung der Zukunft"},"content":{"rendered":"\n<p>Mehr pflanzliche und \u00f6kologisch erzeugte Lebensmittel, die regional angebaut und verarbeitet werden \u2013 mit dieser Formel kann die nachhaltige Transformation des Ern\u00e4hrungssystems gelingen. <\/p>\n\n\n\n<p>Wie diese drei Strategien f\u00fcr eine umweltfreundliche, gesundheitsf\u00f6rdernde, alltagstaugliche, ethisch verantwortungsvolle, sozial gerechte und wirtschaftlich tragf\u00e4hige Ern\u00e4hrung konkret umgesetzt werden k\u00f6nnen, hat jetzt ein Forschungsteam aus <a href=\"http:\/\/www.oeko.de\">\u00d6ko-Institut<\/a>, <a href=\"http:\/\/www.ecologic.eu\">Ecologic Institut<\/a> und <a href=\"http:\/\/www.boelw.de\">Bund \u00d6kologische Lebensmittelwirtschaft (B\u00d6LW)<\/a> im Auftrag des Umweltbundesamtes beschrieben.<\/p>\n\n\n\n<blockquote class=\"wp-block-quote is-layout-flow wp-block-quote-is-layout-flow\">\n<p>Die drei Strategien \u2013 pflanzenbetonte Ern\u00e4hrung, \u00f6kologische Landwirtschaft und regionale Erzeugung \u2013 m\u00fcssen dabei sehr gut ineinandergreifen, um Synergien zu nutzen und Zielkonflikte zu vermeiden. Wir schlagen Ma\u00dfnahmen und Politikinstrumente vor, die in die Ern\u00e4hrungsstrategie der Bundesregierung eingehen k\u00f6nnen, deren Erarbeitung dieses Jahr auf der Agenda des Bundesministeriums f\u00fcr Ern\u00e4hrung und Landwirtschaft steht.<\/p>\n<cite><a href=\"https:\/\/www.oeko.de\/das-institut\/team\/team-detail\/gerolf-hanke\/\">Gerolf Hanke<\/a> | Projektleiter und Experte f\u00fcr nachhaltige Ern\u00e4hrung<\/cite><\/blockquote>\n\n\n\n<h4 class=\"wp-block-heading\">Strategie 1: pflanzenbasierte Ern\u00e4hrung<\/h4>\n\n\n\n<p>Eine st\u00e4rker pflanzenbasierte Ern\u00e4hrung zu f\u00f6rdern, ist der wirkungsvollste Hebel, um unsere Ern\u00e4hrung nachhaltiger zu gestalten. Essen wir mehr Obst, Gem\u00fcse, H\u00fclsenfr\u00fcchte und N\u00fcsse und weniger tierische Produkte, kann der Tierbestand reduziert werden, was sich positiv auf Umwelt, Klima und Biodiversit\u00e4t auswirkt. Diese Ern\u00e4hrungsweise ist zudem ges\u00fcnder als die derzeitig in Deutschland g\u00e4ngige und tr\u00e4gt dazu bei, die Nahrungsversorgung einer wachsenden Weltbev\u00f6lkerung sicherzustellen.<\/p>\n\n\n<div class=\"wp-block-image\">\n<figure class=\"alignleft size-full is-resized\"><img loading=\"lazy\" decoding=\"async\" width=\"770\" height=\"420\" src=\"https:\/\/www.sonnenseite.com\/wp-content\/uploads\/2022\/02\/Gemuesekorb_SvenHilker.jpg\" alt=\"pixabay.com | SvenHilker | Gem\u00fcsekorb\" class=\"wp-image-79160\" style=\"aspect-ratio:1.8333333333333333;width:408px;height:auto\" srcset=\"https:\/\/www.sonnenseite.com\/wp-content\/uploads\/2022\/02\/Gemuesekorb_SvenHilker.jpg 770w, https:\/\/www.sonnenseite.com\/wp-content\/uploads\/2022\/02\/Gemuesekorb_SvenHilker-300x164.jpg 300w, https:\/\/www.sonnenseite.com\/wp-content\/uploads\/2022\/02\/Gemuesekorb_SvenHilker-768x419.jpg 768w\" sizes=\"auto, (max-width: 770px) 100vw, 770px\" \/><figcaption class=\"wp-element-caption\">\u00a9 pixabay.com | SvenHilker | Gem\u00fcsekorb<\/figcaption><\/figure>\n<\/div>\n\n\n<p>\u201ePolitische Ma\u00dfnahmen k\u00f6nnen dazu beitragen, dass wir mehr Gem\u00fcse und pflanzenbasierte statt tierischer Lebensmittel auf unsere Teller legen\u201c, stellt Julia J\u00e4gle, Wissenschaftliche Mitarbeiterin am Ecologic Institut, fest. \u201eUm es Konsumentinnen und Konsumenten m\u00f6glichst einfach zu machen, pflanzenbetonte Lebensmittel und Speisen zu w\u00e4hlen, braucht es zum Beispiel attraktive Angebote im Einzelhandel und in der Gemeinschaftsverpflegung sowie einen erm\u00e4\u00dfigten Mehrwertsteuersatz f\u00fcr alle pflanzlichen Nahrungsmittel.\u201c &nbsp;<\/p>\n\n\n\n<p>Auch die betriebliche Aus- und Weiterbildung sollte so gestaltet werden, dass K\u00f6chinnen und K\u00f6che sowie anderes Fachpersonal attraktive Speisen- und Lebensmittelangebote mit mehr Gem\u00fcse, N\u00fcssen oder H\u00fclsenfr\u00fcchten bereitstellen k\u00f6nnen. Das Forschungsteam schl\u00e4gt zudem vor, eine gemeinn\u00fctzige Organisation f\u00fcr die St\u00e4rkung einer pflanzenbetonten Ern\u00e4hrung zu etablieren, die f\u00fcr die Vernetzung aller Akteure sorgt.<\/p>\n\n\n\n<h4 class=\"wp-block-heading\">Strategie 2: \u00f6kologische Land- und Lebensmittelwirtschaft<\/h4>\n\n\n\n<p>Der \u00f6kologische Landbau wirkt sich vorteilhaft auf B\u00f6den, Gew\u00e4sser, biologische Vielfalt und Klima aus. Den Bioanbau von Lebensmitteln zu st\u00e4rken und gleichzeitig die Produktivit\u00e4t \u00f6kologischer Landwirtschaft zu verbessern, tr\u00e4gt daher unmittelbar zur nachhaltigen Ern\u00e4hrung bei.<\/p>\n\n\n\n<p>\u201eAus diesem Grund sollte die Bio-Lebensmittelwirtschaft weiter konsequent gef\u00f6rdert werden und Forschungsaktivit\u00e4ten gezielt auf eine Verbesserung ihrer Umweltleistungen, etwa f\u00fcr die Boden- und Pflanzengesundheit oder das Tierwohl, hinwirken\u201c, betont Friedhelm von Mering, Referent f\u00fcr Politik beim Bund \u00d6kologische Lebensmittelwirtschaft.<\/p>\n\n\n\n<p>Dabei m\u00fcsse neben der Landwirtschaft auch die Lebensmittelverarbeitung ber\u00fccksichtigt werden. Aber auch weitere Ma\u00dfnahmen, etwa eine Ausbildungsoffensive \u00f6kologische Landwirtschaft, der Wissenstransfer an Praktikerinnen und Praktiker, mehr Bio in der Gemeinschaftsverpflegung oder die Weiterentwicklung von Z\u00fcchtungsstrategien f\u00fcr Pflanzen und Tiere werden vom Projektteam vorgeschlagen.<\/p>\n\n\n\n<h4 class=\"wp-block-heading\">Strategie 3: regionale Wertsch\u00f6pfungsketten<\/h4>\n\n\n\n<p>Kurze Wertsch\u00f6pfungsketten f\u00fcr Lebensmittel sind eine weitere Strategie f\u00fcr ein nachhaltiges Ern\u00e4hrungssystem. So wird der Anbau kleinteiliger und vielf\u00e4ltiger, bleibt die Wertsch\u00f6pfung in der Region und schafft Vertrauen und Wertsch\u00e4tzung f\u00fcr die Nahrungsmittelproduktion vor Ort. Nicht zuletzt steigt die Krisensicherheit durch ein ausgewogeneres Verh\u00e4ltnis zwischen regionalen und \u00fcberregionalen Strukturen.<\/p>\n\n\n\n<p>Die politische F\u00f6rderung regionaler Wertsch\u00f6pfungsketten sollte dabei nicht pauschal erfolgen, sondern an \u00f6kologische oder soziale Bedingungen gekn\u00fcpft werden. Das k\u00f6nnen der Erhalt alter Sorten oder Tierrassen ebenso sein wie die \u00f6kologische Produktion oder die Pflege von Kulturlandschaften.<\/p>\n\n\n\n<p>Die Wissenschaftlerinnen und Wissenschaftler schlagen daf\u00fcr unter anderem folgende Ma\u00dfnahmen vor: ein Rettungsprogramm f\u00fcr regionale Lebensmittel-Verarbeitungsbetriebe wie B\u00e4ckereien oder Molkereien mit gezielter F\u00f6rderung und Entb\u00fcrokratisierung sowie die fl\u00e4chendeckende Einrichtung und Finanzierung von Vernetzungsstellen f\u00fcr den Aufbau regionaler Wertsch\u00f6pfungsketten.<\/p>\n\n\n\n<ul class=\"wp-block-list\">\n<li><a href=\"https:\/\/www.oeko.de\/publikation\/bausteine-fuer-die-transformation-zu-einem-nachhaltigen-ernaehrungssystem\/\" target=\"_blank\" rel=\"noreferrer noopener\">Brosch\u00fcre \u201eBausteine f\u00fcr die Transformation zu einem nachhaltigen Ern\u00e4hrungssystem\u201c von \u00d6ko-Institut, Ecologic Institut, B\u00d6LW f\u00fcr das Umweltbundesamt<\/a><\/li>\n<\/ul>\n\n\n\n<p><\/p>\n\n\n\n<p><strong>Ausf\u00fchrliche Teilberichte im Projekt \u201eNachhaltiges Wirtschaften: Sozial\u00f6kologische Transformation des Ern\u00e4hrungssystems (STErn)\u201c:<\/strong><\/p>\n\n\n\n<ul class=\"wp-block-list\">\n<li><a href=\"https:\/\/www.oeko.de\/publikationen\/p-details\/entwicklung-von-politischen-handlungsansaetzen-fuer-die-unterstuetzung-staerker-pflanzenbasierter-ernaehrungsweisen\" target=\"_blank\" rel=\"noreferrer noopener\">\u201eEntwicklung von politischen Handlungsans\u00e4tzen f\u00fcr die Unterst\u00fctzung st\u00e4rker pflanzenbasierter Ern\u00e4hrungsweisen\u201c<\/a><\/li>\n\n\n\n<li><a href=\"https:\/\/www.oeko.de\/publikationen\/p-details\/die-oekologische-land-und-lebensmittelwirtschaft-als-hebel-zur-transformation-des-ernaehrungssystems\" target=\"_blank\" rel=\"noreferrer noopener\">\u201eDie \u00d6kologische Land- und Lebensmittelwirtschaft als Hebel zur Transformation des Ern\u00e4hrungssystems\u201c<\/a><\/li>\n\n\n\n<li><a href=\"https:\/\/www.oeko.de\/publikationen\/p-details\/regionalisierung-von-ernaehrungssystemen-einschaetzung-von-nachhaltigkeitspotenzialen-und-darstellung-politischer-handlungsansaetze\" target=\"_blank\" rel=\"noreferrer noopener\">\u201eRegionalisierung von Ern\u00e4hrungssystemen: Einsch\u00e4tzung von Nachhaltigkeitspotenzialen und Darstellung politischer Handlungsans\u00e4tze\u201c<\/a><\/li>\n<\/ul>\n\n\n<h5 class=\"green\">Quelle<\/h5>\r\n\n\n\n<p><a href=\"https:\/\/www.oeko.de\/news\/pressemeldungen\/pflanzlich-oekologisch-regional-die-ernaehrung-der-zukunft\/\">\u00d6ko-Institut 2023<\/a><\/p>\n<div class=\"shariff shariff-align-flex-start shariff-widget-align-flex-start\"><div class=\"ShariffHeadline\">Diese Meldung teilen<\/div><ul class=\"shariff-buttons theme-round orientation-horizontal buttonsize-medium\"><li class=\"shariff-button facebook shariff-nocustomcolor\" style=\"background-color:#4273c8;border-radius:1%\"><a href=\"https:\/\/www.facebook.com\/sharer\/sharer.php?u=https%3A%2F%2Fwww.sonnenseite.com%2Fde%2Fumwelt%2Fpflanzlich-oekologisch-regional-die-ernaehrung-der-zukunft%2F\" title=\"Bei Facebook teilen\" aria-label=\"Bei Facebook teilen\" role=\"button\" rel=\"nofollow\" class=\"shariff-link\" style=\";border-radius:1%; background-color:#3b5998; color:#fff\" target=\"_blank\"><span class=\"shariff-icon\" style=\"\"><svg width=\"32px\" height=\"20px\" xmlns=\"http:\/\/www.w3.org\/2000\/svg\" viewBox=\"0 0 18 32\"><path fill=\"#3b5998\" d=\"M17.1 0.2v4.7h-2.8q-1.5 0-2.1 0.6t-0.5 1.9v3.4h5.2l-0.7 5.3h-4.5v13.6h-5.5v-13.6h-4.5v-5.3h4.5v-3.9q0-3.3 1.9-5.2t5-1.8q2.6 0 4.1 0.2z\"\/><\/svg><\/span><\/a><\/li><li class=\"shariff-button twitter shariff-nocustomcolor\" style=\"background-color:#595959;border-radius:1%\"><a href=\"https:\/\/twitter.com\/share?url=https%3A%2F%2Fwww.sonnenseite.com%2Fde%2Fumwelt%2Fpflanzlich-oekologisch-regional-die-ernaehrung-der-zukunft%2F&text=Pflanzlich%2C%20%C3%B6kologisch%2C%20regional%20%E2%80%93%20die%20Ern%C3%A4hrung%20der%20Zukunft\" title=\"Bei X teilen\" aria-label=\"Bei X teilen\" role=\"button\" rel=\"noopener nofollow\" class=\"shariff-link\" style=\";border-radius:1%; background-color:#000; color:#fff\" target=\"_blank\"><span class=\"shariff-icon\" style=\"\"><svg width=\"32px\" height=\"20px\" xmlns=\"http:\/\/www.w3.org\/2000\/svg\" viewBox=\"0 0 24 24\"><path fill=\"#000\" d=\"M14.258 10.152L23.176 0h-2.113l-7.747 8.813L7.133 0H0l9.352 13.328L0 23.973h2.113l8.176-9.309 6.531 9.309h7.133zm-2.895 3.293l-.949-1.328L2.875 1.56h3.246l6.086 8.523.945 1.328 7.91 11.078h-3.246zm0 0\"\/><\/svg><\/span><\/a><\/li><li class=\"shariff-button xing shariff-nocustomcolor\" style=\"background-color:#29888a;border-radius:1%\"><a href=\"https:\/\/www.xing.com\/spi\/shares\/new?url=https%3A%2F%2Fwww.sonnenseite.com%2Fde%2Fumwelt%2Fpflanzlich-oekologisch-regional-die-ernaehrung-der-zukunft%2F\" title=\"Bei XING teilen\" aria-label=\"Bei XING teilen\" role=\"button\" rel=\"noopener nofollow\" class=\"shariff-link\" style=\";border-radius:1%; background-color:#126567; color:#fff\" target=\"_blank\"><span class=\"shariff-icon\" style=\"\"><svg width=\"32px\" height=\"20px\" xmlns=\"http:\/\/www.w3.org\/2000\/svg\" viewBox=\"0 0 25 32\"><path fill=\"#126567\" d=\"M10.7 11.9q-0.2 0.3-4.6 8.2-0.5 0.8-1.2 0.8h-4.3q-0.4 0-0.5-0.3t0-0.6l4.5-8q0 0 0 0l-2.9-5q-0.2-0.4 0-0.7 0.2-0.3 0.5-0.3h4.3q0.7 0 1.2 0.8zM25.1 0.4q0.2 0.3 0 0.7l-9.4 16.7 6 11q0.2 0.4 0 0.6-0.2 0.3-0.6 0.3h-4.3q-0.7 0-1.2-0.8l-6-11.1q0.3-0.6 9.5-16.8 0.4-0.8 1.2-0.8h4.3q0.4 0 0.5 0.3z\"\/><\/svg><\/span><\/a><\/li><li class=\"shariff-button linkedin shariff-nocustomcolor\" style=\"background-color:#1488bf;border-radius:1%\"><a href=\"https:\/\/www.linkedin.com\/sharing\/share-offsite\/?url=https%3A%2F%2Fwww.sonnenseite.com%2Fde%2Fumwelt%2Fpflanzlich-oekologisch-regional-die-ernaehrung-der-zukunft%2F\" title=\"Bei LinkedIn teilen\" aria-label=\"Bei LinkedIn teilen\" role=\"button\" rel=\"noopener nofollow\" class=\"shariff-link\" style=\";border-radius:1%; background-color:#0077b5; color:#fff\" target=\"_blank\"><span class=\"shariff-icon\" style=\"\"><svg width=\"32px\" height=\"20px\" xmlns=\"http:\/\/www.w3.org\/2000\/svg\" viewBox=\"0 0 27 32\"><path fill=\"#0077b5\" d=\"M6.2 11.2v17.7h-5.9v-17.7h5.9zM6.6 5.7q0 1.3-0.9 2.2t-2.4 0.9h0q-1.5 0-2.4-0.9t-0.9-2.2 0.9-2.2 2.4-0.9 2.4 0.9 0.9 2.2zM27.4 18.7v10.1h-5.9v-9.5q0-1.9-0.7-2.9t-2.3-1.1q-1.1 0-1.9 0.6t-1.2 1.5q-0.2 0.5-0.2 1.4v9.9h-5.9q0-7.1 0-11.6t0-5.3l0-0.9h5.9v2.6h0q0.4-0.6 0.7-1t1-0.9 1.6-0.8 2-0.3q3 0 4.9 2t1.9 6z\"\/><\/svg><\/span><\/a><\/li><li class=\"shariff-button printer shariff-nocustomcolor\" style=\"background-color:#a8a8a8;border-radius:1%\"><a href=\"javascript:window.print()\" title=\"drucken\" aria-label=\"drucken\" role=\"button\" rel=\"noopener nofollow\" class=\"shariff-link\" style=\";border-radius:1%; background-color:#999; color:#fff\"><span class=\"shariff-icon\" style=\"\"><svg width=\"32px\" height=\"20px\" xmlns=\"http:\/\/www.w3.org\/2000\/svg\" viewBox=\"0 0 30 32\"><path fill=\"#999\" d=\"M6.8 27.4h16v-4.6h-16v4.6zM6.8 16h16v-6.8h-2.8q-0.7 0-1.2-0.5t-0.5-1.2v-2.8h-11.4v11.4zM27.4 17.2q0-0.5-0.3-0.8t-0.8-0.4-0.8 0.4-0.3 0.8 0.3 0.8 0.8 0.3 0.8-0.3 0.3-0.8zM29.7 17.2v7.4q0 0.2-0.2 0.4t-0.4 0.2h-4v2.8q0 0.7-0.5 1.2t-1.2 0.5h-17.2q-0.7 0-1.2-0.5t-0.5-1.2v-2.8h-4q-0.2 0-0.4-0.2t-0.2-0.4v-7.4q0-1.4 1-2.4t2.4-1h1.2v-9.7q0-0.7 0.5-1.2t1.2-0.5h12q0.7 0 1.6 0.4t1.3 0.8l2.7 2.7q0.5 0.5 0.9 1.4t0.4 1.6v4.6h1.1q1.4 0 2.4 1t1 2.4z\"\/><\/svg><\/span><\/a><\/li><li class=\"shariff-button mailto shariff-nocustomcolor\" style=\"background-color:#a8a8a8;border-radius:1%\"><a href=\"mailto:?body=https%3A%2F%2Fwww.sonnenseite.com%2Fde%2Fumwelt%2Fpflanzlich-oekologisch-regional-die-ernaehrung-der-zukunft%2F&subject=Pflanzlich%2C%20%C3%B6kologisch%2C%20regional%20%E2%80%93%20die%20Ern%C3%A4hrung%20der%20Zukunft\" title=\"Per E-Mail versenden\" aria-label=\"Per E-Mail versenden\" role=\"button\" rel=\"noopener nofollow\" class=\"shariff-link\" style=\";border-radius:1%; background-color:#999; color:#fff\"><span class=\"shariff-icon\" style=\"\"><svg width=\"32px\" height=\"20px\" xmlns=\"http:\/\/www.w3.org\/2000\/svg\" viewBox=\"0 0 32 32\"><path fill=\"#999\" d=\"M32 12.7v14.2q0 1.2-0.8 2t-2 0.9h-26.3q-1.2 0-2-0.9t-0.8-2v-14.2q0.8 0.9 1.8 1.6 6.5 4.4 8.9 6.1 1 0.8 1.6 1.2t1.7 0.9 2 0.4h0.1q0.9 0 2-0.4t1.7-0.9 1.6-1.2q3-2.2 8.9-6.1 1-0.7 1.8-1.6zM32 7.4q0 1.4-0.9 2.7t-2.2 2.2q-6.7 4.7-8.4 5.8-0.2 0.1-0.7 0.5t-1 0.7-0.9 0.6-1.1 0.5-0.9 0.2h-0.1q-0.4 0-0.9-0.2t-1.1-0.5-0.9-0.6-1-0.7-0.7-0.5q-1.6-1.1-4.7-3.2t-3.6-2.6q-1.1-0.7-2.1-2t-1-2.5q0-1.4 0.7-2.3t2.1-0.9h26.3q1.2 0 2 0.8t0.9 2z\"\/><\/svg><\/span><\/a><\/li><\/ul><\/div>","protected":false},"excerpt":{"rendered":"<p>Mehr pflanzliche und \u00f6kologisch erzeugte Lebensmittel, die regional angebaut und verarbeitet werden \u2013 mit dieser Formel [&hellip;]<\/p>\n","protected":false},"author":3,"featured_media":82264,"comment_status":"closed","ping_status":"closed","sticky":false,"template":"","format":"standard","meta":{"inline_featured_image":false,"footnotes":""},"categories":[23],"tags":[],"class_list":["post-95304","post","type-post","status-publish","format-standard","has-post-thumbnail","hentry","category-umwelt"],"yoast_head":"<!-- This site is optimized with the Yoast SEO plugin v26.5 - https:\/\/yoast.com\/wordpress\/plugins\/seo\/ -->\n<title>Pflanzlich, \u00f6kologisch, regional \u2013 die Ern\u00e4hrung der Zukunft - Sonnenseite - \u00d6kologische Kommunikation mit Franz Alt<\/title>\n<meta name=\"description\" content=\"Mehr pflanzliche und \u00f6kologisch erzeugte Lebensmittel, die regional angebaut und verarbeitet werden \u2013 mit dieser Formel kann die nachhaltige\" \/>\n<meta name=\"robots\" content=\"index, follow, max-snippet:-1, max-image-preview:large, max-video-preview:-1\" \/>\n<link rel=\"canonical\" href=\"https:\/\/www.sonnenseite.com\/de\/umwelt\/pflanzlich-oekologisch-regional-die-ernaehrung-der-zukunft\/\" \/>\n<meta property=\"og:locale\" content=\"de_DE\" \/>\n<meta property=\"og:type\" content=\"article\" \/>\n<meta property=\"og:title\" content=\"Pflanzlich, \u00f6kologisch, regional \u2013 die Ern\u00e4hrung der Zukunft - Sonnenseite - \u00d6kologische Kommunikation mit Franz Alt\" \/>\n<meta property=\"og:description\" content=\"Mehr pflanzliche und \u00f6kologisch erzeugte Lebensmittel, die regional angebaut und verarbeitet werden \u2013 mit dieser Formel kann die nachhaltige\" \/>\n<meta property=\"og:url\" content=\"https:\/\/www.sonnenseite.com\/de\/umwelt\/pflanzlich-oekologisch-regional-die-ernaehrung-der-zukunft\/\" \/>\n<meta property=\"og:site_name\" content=\"Sonnenseite\" \/>\n<meta property=\"article:publisher\" content=\"https:\/\/www.facebook.com\/pages\/Franz-Alt-SONNENSEITECOM\/221072987903953?fref=ts\" \/>\n<meta property=\"article:published_time\" content=\"2023-11-14T08:52:55+00:00\" \/>\n<meta property=\"article:modified_time\" content=\"2023-12-04T12:02:51+00:00\" \/>\n<meta property=\"og:image\" content=\"https:\/\/www.sonnenseite.com\/wp-content\/uploads\/2022\/05\/Gemuese_Obst_DevonBreen.jpg\" \/>\n\t<meta property=\"og:image:width\" content=\"770\" \/>\n\t<meta property=\"og:image:height\" content=\"420\" \/>\n\t<meta property=\"og:image:type\" content=\"image\/jpeg\" \/>\n<meta name=\"author\" content=\"Bigi Alt\" \/>\n<meta name=\"twitter:card\" content=\"summary_large_image\" \/>\n<meta name=\"twitter:creator\" content=\"@franzalt\" \/>\n<meta name=\"twitter:site\" content=\"@franzalt\" \/>\n<meta name=\"twitter:label1\" content=\"Verfasst von\" \/>\n\t<meta name=\"twitter:data1\" content=\"Bigi Alt\" \/>\n\t<meta name=\"twitter:label2\" content=\"Gesch\u00e4tzte Lesezeit\" \/>\n\t<meta name=\"twitter:data2\" content=\"4\u00a0Minuten\" \/>\n<script type=\"application\/ld+json\" class=\"yoast-schema-graph\">{\"@context\":\"https:\/\/schema.org\",\"@graph\":[{\"@type\":\"Article\",\"@id\":\"https:\/\/www.sonnenseite.com\/de\/umwelt\/pflanzlich-oekologisch-regional-die-ernaehrung-der-zukunft\/#article\",\"isPartOf\":{\"@id\":\"https:\/\/www.sonnenseite.com\/de\/umwelt\/pflanzlich-oekologisch-regional-die-ernaehrung-der-zukunft\/\"},\"author\":{\"name\":\"Bigi Alt\",\"@id\":\"https:\/\/www.sonnenseite.com\/de\/#\/schema\/person\/50fda0e926597684c7cc6695238a4eb9\"},\"headline\":\"Pflanzlich, \u00f6kologisch, regional \u2013 die Ern\u00e4hrung der Zukunft\",\"datePublished\":\"2023-11-14T08:52:55+00:00\",\"dateModified\":\"2023-12-04T12:02:51+00:00\",\"mainEntityOfPage\":{\"@id\":\"https:\/\/www.sonnenseite.com\/de\/umwelt\/pflanzlich-oekologisch-regional-die-ernaehrung-der-zukunft\/\"},\"wordCount\":730,\"publisher\":{\"@id\":\"https:\/\/www.sonnenseite.com\/de\/#organization\"},\"image\":{\"@id\":\"https:\/\/www.sonnenseite.com\/de\/umwelt\/pflanzlich-oekologisch-regional-die-ernaehrung-der-zukunft\/#primaryimage\"},\"thumbnailUrl\":\"https:\/\/www.sonnenseite.com\/wp-content\/uploads\/2022\/05\/Gemuese_Obst_DevonBreen.jpg\",\"articleSection\":[\"Umwelt\"],\"inLanguage\":\"de\"},{\"@type\":\"WebPage\",\"@id\":\"https:\/\/www.sonnenseite.com\/de\/umwelt\/pflanzlich-oekologisch-regional-die-ernaehrung-der-zukunft\/\",\"url\":\"https:\/\/www.sonnenseite.com\/de\/umwelt\/pflanzlich-oekologisch-regional-die-ernaehrung-der-zukunft\/\",\"name\":\"Pflanzlich, \u00f6kologisch, regional \u2013 die Ern\u00e4hrung der Zukunft - Sonnenseite - \u00d6kologische Kommunikation mit Franz Alt\",\"isPartOf\":{\"@id\":\"https:\/\/www.sonnenseite.com\/de\/#website\"},\"primaryImageOfPage\":{\"@id\":\"https:\/\/www.sonnenseite.com\/de\/umwelt\/pflanzlich-oekologisch-regional-die-ernaehrung-der-zukunft\/#primaryimage\"},\"image\":{\"@id\":\"https:\/\/www.sonnenseite.com\/de\/umwelt\/pflanzlich-oekologisch-regional-die-ernaehrung-der-zukunft\/#primaryimage\"},\"thumbnailUrl\":\"https:\/\/www.sonnenseite.com\/wp-content\/uploads\/2022\/05\/Gemuese_Obst_DevonBreen.jpg\",\"datePublished\":\"2023-11-14T08:52:55+00:00\",\"dateModified\":\"2023-12-04T12:02:51+00:00\",\"description\":\"Mehr pflanzliche und \u00f6kologisch erzeugte Lebensmittel, die regional angebaut und verarbeitet werden \u2013 mit dieser Formel kann die nachhaltige\",\"breadcrumb\":{\"@id\":\"https:\/\/www.sonnenseite.com\/de\/umwelt\/pflanzlich-oekologisch-regional-die-ernaehrung-der-zukunft\/#breadcrumb\"},\"inLanguage\":\"de\",\"potentialAction\":[{\"@type\":\"ReadAction\",\"target\":[\"https:\/\/www.sonnenseite.com\/de\/umwelt\/pflanzlich-oekologisch-regional-die-ernaehrung-der-zukunft\/\"]}]},{\"@type\":\"ImageObject\",\"inLanguage\":\"de\",\"@id\":\"https:\/\/www.sonnenseite.com\/de\/umwelt\/pflanzlich-oekologisch-regional-die-ernaehrung-der-zukunft\/#primaryimage\",\"url\":\"https:\/\/www.sonnenseite.com\/wp-content\/uploads\/2022\/05\/Gemuese_Obst_DevonBreen.jpg\",\"contentUrl\":\"https:\/\/www.sonnenseite.com\/wp-content\/uploads\/2022\/05\/Gemuese_Obst_DevonBreen.jpg\",\"width\":770,\"height\":420,\"caption\":\"pixabay.com | Devon Breen\"},{\"@type\":\"BreadcrumbList\",\"@id\":\"https:\/\/www.sonnenseite.com\/de\/umwelt\/pflanzlich-oekologisch-regional-die-ernaehrung-der-zukunft\/#breadcrumb\",\"itemListElement\":[{\"@type\":\"ListItem\",\"position\":1,\"name\":\"Startseite\",\"item\":\"https:\/\/www.sonnenseite.com\/de\/\"},{\"@type\":\"ListItem\",\"position\":2,\"name\":\"Pflanzlich, \u00f6kologisch, regional \u2013 die Ern\u00e4hrung der Zukunft\"}]},{\"@type\":\"WebSite\",\"@id\":\"https:\/\/www.sonnenseite.com\/de\/#website\",\"url\":\"https:\/\/www.sonnenseite.com\/de\/\",\"name\":\"Sonnenseite\",\"description\":\"\u00d6kologische Kommunikation mit Franz Alt\",\"publisher\":{\"@id\":\"https:\/\/www.sonnenseite.com\/de\/#organization\"},\"potentialAction\":[{\"@type\":\"SearchAction\",\"target\":{\"@type\":\"EntryPoint\",\"urlTemplate\":\"https:\/\/www.sonnenseite.com\/de\/?s={search_term_string}\"},\"query-input\":{\"@type\":\"PropertyValueSpecification\",\"valueRequired\":true,\"valueName\":\"search_term_string\"}}],\"inLanguage\":\"de\"},{\"@type\":\"Organization\",\"@id\":\"https:\/\/www.sonnenseite.com\/de\/#organization\",\"name\":\"Sonnenseite\",\"url\":\"https:\/\/www.sonnenseite.com\/de\/\",\"logo\":{\"@type\":\"ImageObject\",\"inLanguage\":\"de\",\"@id\":\"https:\/\/www.sonnenseite.com\/de\/#\/schema\/logo\/image\/\",\"url\":\"https:\/\/www.sonnenseite.com\/wp-content\/uploads\/2020\/05\/Sonnenseite_Logo.png\",\"contentUrl\":\"https:\/\/www.sonnenseite.com\/wp-content\/uploads\/2020\/05\/Sonnenseite_Logo.png\",\"width\":377,\"height\":90,\"caption\":\"Sonnenseite\"},\"image\":{\"@id\":\"https:\/\/www.sonnenseite.com\/de\/#\/schema\/logo\/image\/\"},\"sameAs\":[\"https:\/\/www.facebook.com\/pages\/Franz-Alt-SONNENSEITECOM\/221072987903953?fref=ts\",\"https:\/\/x.com\/franzalt\",\"http:\/\/www.youtube.com\/results?search_query&amp;amp;quot;franz_alt&amp;amp;quot;&amp;amp;amp;amp;search_type&amp;amp;amp;amp;aq=f\"]},{\"@type\":\"Person\",\"@id\":\"https:\/\/www.sonnenseite.com\/de\/#\/schema\/person\/50fda0e926597684c7cc6695238a4eb9\",\"name\":\"Bigi Alt\"}]}<\/script>\n<!-- \/ Yoast SEO plugin. -->","yoast_head_json":{"title":"Pflanzlich, \u00f6kologisch, regional \u2013 die Ern\u00e4hrung der Zukunft - Sonnenseite - \u00d6kologische Kommunikation mit Franz Alt","description":"Mehr pflanzliche und \u00f6kologisch erzeugte Lebensmittel, die regional angebaut und verarbeitet werden \u2013 mit dieser Formel kann die nachhaltige","robots":{"index":"index","follow":"follow","max-snippet":"max-snippet:-1","max-image-preview":"max-image-preview:large","max-video-preview":"max-video-preview:-1"},"canonical":"https:\/\/www.sonnenseite.com\/de\/umwelt\/pflanzlich-oekologisch-regional-die-ernaehrung-der-zukunft\/","og_locale":"de_DE","og_type":"article","og_title":"Pflanzlich, \u00f6kologisch, regional \u2013 die Ern\u00e4hrung der Zukunft - Sonnenseite - \u00d6kologische Kommunikation mit Franz Alt","og_description":"Mehr pflanzliche und \u00f6kologisch erzeugte Lebensmittel, die regional angebaut und verarbeitet werden \u2013 mit dieser Formel kann die nachhaltige","og_url":"https:\/\/www.sonnenseite.com\/de\/umwelt\/pflanzlich-oekologisch-regional-die-ernaehrung-der-zukunft\/","og_site_name":"Sonnenseite","article_publisher":"https:\/\/www.facebook.com\/pages\/Franz-Alt-SONNENSEITECOM\/221072987903953?fref=ts","article_published_time":"2023-11-14T08:52:55+00:00","article_modified_time":"2023-12-04T12:02:51+00:00","og_image":[{"width":770,"height":420,"url":"https:\/\/www.sonnenseite.com\/wp-content\/uploads\/2022\/05\/Gemuese_Obst_DevonBreen.jpg","type":"image\/jpeg"}],"author":"Bigi Alt","twitter_card":"summary_large_image","twitter_creator":"@franzalt","twitter_site":"@franzalt","twitter_misc":{"Verfasst von":"Bigi Alt","Gesch\u00e4tzte Lesezeit":"4\u00a0Minuten"},"schema":{"@context":"https:\/\/schema.org","@graph":[{"@type":"Article","@id":"https:\/\/www.sonnenseite.com\/de\/umwelt\/pflanzlich-oekologisch-regional-die-ernaehrung-der-zukunft\/#article","isPartOf":{"@id":"https:\/\/www.sonnenseite.com\/de\/umwelt\/pflanzlich-oekologisch-regional-die-ernaehrung-der-zukunft\/"},"author":{"name":"Bigi Alt","@id":"https:\/\/www.sonnenseite.com\/de\/#\/schema\/person\/50fda0e926597684c7cc6695238a4eb9"},"headline":"Pflanzlich, \u00f6kologisch, regional \u2013 die Ern\u00e4hrung der Zukunft","datePublished":"2023-11-14T08:52:55+00:00","dateModified":"2023-12-04T12:02:51+00:00","mainEntityOfPage":{"@id":"https:\/\/www.sonnenseite.com\/de\/umwelt\/pflanzlich-oekologisch-regional-die-ernaehrung-der-zukunft\/"},"wordCount":730,"publisher":{"@id":"https:\/\/www.sonnenseite.com\/de\/#organization"},"image":{"@id":"https:\/\/www.sonnenseite.com\/de\/umwelt\/pflanzlich-oekologisch-regional-die-ernaehrung-der-zukunft\/#primaryimage"},"thumbnailUrl":"https:\/\/www.sonnenseite.com\/wp-content\/uploads\/2022\/05\/Gemuese_Obst_DevonBreen.jpg","articleSection":["Umwelt"],"inLanguage":"de"},{"@type":"WebPage","@id":"https:\/\/www.sonnenseite.com\/de\/umwelt\/pflanzlich-oekologisch-regional-die-ernaehrung-der-zukunft\/","url":"https:\/\/www.sonnenseite.com\/de\/umwelt\/pflanzlich-oekologisch-regional-die-ernaehrung-der-zukunft\/","name":"Pflanzlich, \u00f6kologisch, regional \u2013 die Ern\u00e4hrung der Zukunft - Sonnenseite - \u00d6kologische Kommunikation mit Franz Alt","isPartOf":{"@id":"https:\/\/www.sonnenseite.com\/de\/#website"},"primaryImageOfPage":{"@id":"https:\/\/www.sonnenseite.com\/de\/umwelt\/pflanzlich-oekologisch-regional-die-ernaehrung-der-zukunft\/#primaryimage"},"image":{"@id":"https:\/\/www.sonnenseite.com\/de\/umwelt\/pflanzlich-oekologisch-regional-die-ernaehrung-der-zukunft\/#primaryimage"},"thumbnailUrl":"https:\/\/www.sonnenseite.com\/wp-content\/uploads\/2022\/05\/Gemuese_Obst_DevonBreen.jpg","datePublished":"2023-11-14T08:52:55+00:00","dateModified":"2023-12-04T12:02:51+00:00","description":"Mehr pflanzliche und \u00f6kologisch erzeugte Lebensmittel, die regional angebaut und verarbeitet werden \u2013 mit dieser Formel kann die nachhaltige","breadcrumb":{"@id":"https:\/\/www.sonnenseite.com\/de\/umwelt\/pflanzlich-oekologisch-regional-die-ernaehrung-der-zukunft\/#breadcrumb"},"inLanguage":"de","potentialAction":[{"@type":"ReadAction","target":["https:\/\/www.sonnenseite.com\/de\/umwelt\/pflanzlich-oekologisch-regional-die-ernaehrung-der-zukunft\/"]}]},{"@type":"ImageObject","inLanguage":"de","@id":"https:\/\/www.sonnenseite.com\/de\/umwelt\/pflanzlich-oekologisch-regional-die-ernaehrung-der-zukunft\/#primaryimage","url":"https:\/\/www.sonnenseite.com\/wp-content\/uploads\/2022\/05\/Gemuese_Obst_DevonBreen.jpg","contentUrl":"https:\/\/www.sonnenseite.com\/wp-content\/uploads\/2022\/05\/Gemuese_Obst_DevonBreen.jpg","width":770,"height":420,"caption":"pixabay.com | Devon Breen"},{"@type":"BreadcrumbList","@id":"https:\/\/www.sonnenseite.com\/de\/umwelt\/pflanzlich-oekologisch-regional-die-ernaehrung-der-zukunft\/#breadcrumb","itemListElement":[{"@type":"ListItem","position":1,"name":"Startseite","item":"https:\/\/www.sonnenseite.com\/de\/"},{"@type":"ListItem","position":2,"name":"Pflanzlich, \u00f6kologisch, regional \u2013 die Ern\u00e4hrung der Zukunft"}]},{"@type":"WebSite","@id":"https:\/\/www.sonnenseite.com\/de\/#website","url":"https:\/\/www.sonnenseite.com\/de\/","name":"Sonnenseite","description":"\u00d6kologische Kommunikation mit Franz Alt","publisher":{"@id":"https:\/\/www.sonnenseite.com\/de\/#organization"},"potentialAction":[{"@type":"SearchAction","target":{"@type":"EntryPoint","urlTemplate":"https:\/\/www.sonnenseite.com\/de\/?s={search_term_string}"},"query-input":{"@type":"PropertyValueSpecification","valueRequired":true,"valueName":"search_term_string"}}],"inLanguage":"de"},{"@type":"Organization","@id":"https:\/\/www.sonnenseite.com\/de\/#organization","name":"Sonnenseite","url":"https:\/\/www.sonnenseite.com\/de\/","logo":{"@type":"ImageObject","inLanguage":"de","@id":"https:\/\/www.sonnenseite.com\/de\/#\/schema\/logo\/image\/","url":"https:\/\/www.sonnenseite.com\/wp-content\/uploads\/2020\/05\/Sonnenseite_Logo.png","contentUrl":"https:\/\/www.sonnenseite.com\/wp-content\/uploads\/2020\/05\/Sonnenseite_Logo.png","width":377,"height":90,"caption":"Sonnenseite"},"image":{"@id":"https:\/\/www.sonnenseite.com\/de\/#\/schema\/logo\/image\/"},"sameAs":["https:\/\/www.facebook.com\/pages\/Franz-Alt-SONNENSEITECOM\/221072987903953?fref=ts","https:\/\/x.com\/franzalt","http:\/\/www.youtube.com\/results?search_query&amp;amp;quot;franz_alt&amp;amp;quot;&amp;amp;amp;amp;search_type&amp;amp;amp;amp;aq=f"]},{"@type":"Person","@id":"https:\/\/www.sonnenseite.com\/de\/#\/schema\/person\/50fda0e926597684c7cc6695238a4eb9","name":"Bigi Alt"}]}},"_links":{"self":[{"href":"https:\/\/www.sonnenseite.com\/de\/wp-json\/wp\/v2\/posts\/95304","targetHints":{"allow":["GET"]}}],"collection":[{"href":"https:\/\/www.sonnenseite.com\/de\/wp-json\/wp\/v2\/posts"}],"about":[{"href":"https:\/\/www.sonnenseite.com\/de\/wp-json\/wp\/v2\/types\/post"}],"author":[{"embeddable":true,"href":"https:\/\/www.sonnenseite.com\/de\/wp-json\/wp\/v2\/users\/3"}],"replies":[{"embeddable":true,"href":"https:\/\/www.sonnenseite.com\/de\/wp-json\/wp\/v2\/comments?post=95304"}],"version-history":[{"count":3,"href":"https:\/\/www.sonnenseite.com\/de\/wp-json\/wp\/v2\/posts\/95304\/revisions"}],"predecessor-version":[{"id":95307,"href":"https:\/\/www.sonnenseite.com\/de\/wp-json\/wp\/v2\/posts\/95304\/revisions\/95307"}],"wp:featuredmedia":[{"embeddable":true,"href":"https:\/\/www.sonnenseite.com\/de\/wp-json\/wp\/v2\/media\/82264"}],"wp:attachment":[{"href":"https:\/\/www.sonnenseite.com\/de\/wp-json\/wp\/v2\/media?parent=95304"}],"wp:term":[{"taxonomy":"category","embeddable":true,"href":"https:\/\/www.sonnenseite.com\/de\/wp-json\/wp\/v2\/categories?post=95304"},{"taxonomy":"post_tag","embeddable":true,"href":"https:\/\/www.sonnenseite.com\/de\/wp-json\/wp\/v2\/tags?post=95304"}],"curies":[{"name":"wp","href":"https:\/\/api.w.org\/{rel}","templated":true}]}}