{"id":95314,"date":"2023-11-15T09:03:03","date_gmt":"2023-11-15T08:03:03","guid":{"rendered":"https:\/\/www.sonnenseite.com\/?p=95314"},"modified":"2023-12-04T13:02:40","modified_gmt":"2023-12-04T12:02:40","slug":"weltgroesstes-projekt-fuer-kleine-und-mittlere-atomreaktoren-abgesagt","status":"publish","type":"post","link":"https:\/\/www.sonnenseite.com\/de\/energie\/weltgroesstes-projekt-fuer-kleine-und-mittlere-atomreaktoren-abgesagt\/","title":{"rendered":"Weltgr\u00f6\u00dftes Projekt f\u00fcr kleine und mittlere Atomreaktoren abgesagt"},"content":{"rendered":"\n<p>Seit vielen Jahren redet die Atomwirtschaft und mit ihr verbandelte Politiker und Medien von der gro\u00dfen Renaissance der Atomenergie. Nur die \u201edummen Deutschen\u201c w\u00fcrden aussteigen und der Rest der Welt w\u00fcrdeChoos weiterhin auf Atomenergie setzen. Besonders begeistert ist die Atomindustrie von einer neuen Serie von Atomreaktoren, den sogenannten kleinen und mittleren Reaktoren (englisch: Small and Medium Reactors, SMR), die angeblich besonders kosteng\u00fcnstig und schnell zu errichten sein sollen.<\/p>\n\n\n\n<h4 class=\"wp-block-heading\">S\u00f6der will die R\u00fcckkehr zur Atomenergie<\/h4>\n\n\n\n<p>Der bayrische Ministerpr\u00e4sident <a href=\"https:\/\/www.br.de\/nachrichten\/bayern\/markus-soeder-ard-sommerinterview-landtagswahl-wahlkampf-bayern-ministerpraesident-csu-ampel,Tm9gX9H\" target=\"_blank\" rel=\"noreferrer noopener\">S\u00f6der hat im August dieses Jahres sogar die R\u00fcckkehr zur Atomkraft gefordert<\/a> und uns alle wegen des Atomausstiegs als \u201eenergiepolitische Geisterfahrer\u201c bezeichnet.<\/p>\n\n\n\n<p>Auch CDU-Vorsitzender Merz und FDP-Vorsitzender Lindner reden unentwegt von der Notwendigkeit und R\u00fcckkehr zur Atomenergie.<\/p>\n\n\n\n<p>Tats\u00e4chlich beschlie\u00dfen viele L\u00e4nder, vor allem in Osteuropa, neue Pl\u00e4ne f\u00fcr den Ausbau der Atomenergie, darunter Polen, Tschechien, die Slowakei, Bulgarien, die Ukraine und einige andere. Diese Pl\u00e4ne sind jedoch seit Jahren oder sogar Jahrzehnten faktisch erfolglos. Bislang sind dort trotz fr\u00fcherer Beschl\u00fcsse zum Ausbau der Atomenergie noch keine neuen Reaktoren gebaut worden.<\/p>\n\n\n\n<p>Alle diese L\u00e4nder setzen dabei auch auf eine neue Generation von kleinen und mittleren Atomreaktoren (SMR). Diese sollen angeblich besonders schnell und kosteng\u00fcnstig errichtet werden k\u00f6nnen. Immer wieder verweisen sie vor allem auf die Firma NuScale in den USA, die diese SMRs entwickelt und den Bau angeblich z\u00fcgig vorantreibt. NuScale ist bisher die einzige Firma, die eine US-Designlizenz f\u00fcr ihre Reaktoren erhalten hat.<\/p>\n\n\n\n<p><a href=\"https:\/\/www.br.de\/nachrichten\/bayern\/mini-atomkraftwerke-zukunftstraechtig-oder-unsicher-und-teuer,TLNdHEz\" target=\"_blank\" rel=\"noreferrer noopener\">So plant beispielsweise Tschechien an der bayrischen Grenze den Bau solcher SMRs<\/a>, was bei der angrenzenden bayerischen Bev\u00f6lkerung f\u00fcr Entsetzen sorgt.<\/p>\n\n\n\n<h4 class=\"wp-block-heading\">Unabh\u00e4ngige Wissenschaft zeigt die Unwirtschaftlichkeit der Atomkraft<\/h4>\n\n\n\n<p>Seit geraumer Zeit belegen seri\u00f6se wissenschaftliche Untersuchungen, dass gerade SMR noch nicht ausreichend entwickelt sind, \u00fcberm\u00e4\u00dfig hohe Kosten verursachen und im besten Fall mit sehr langen Bauzeiten verbunden w\u00e4ren. <a href=\"https:\/\/www.diw.de\/de\/diw_01.c.867887.de\/publikationen\/wochenberichte\/2023_10_1\/ausbau_von_kernkraftwerken_entbehrt_technischer_und_oekonomischer_grundlagen.html\" target=\"_blank\" rel=\"noreferrer noopener\">Das Deutsche Institut f\u00fcr Wirtschaft (DIW) pr\u00e4sentierte erst in diesem Jahr eine umfangreiche Analyse,<\/a> die diese Erkenntnisse untermauert.<\/p>\n\n\n\n<p>Doch diese wissenschaftlich klaren Belege werden von Union, FDP und AFD in den Wind geschlagen und von vielen Medien einfach ignoriert.<\/p>\n\n\n\n<h4 class=\"wp-block-heading\">Kostenexplosion f\u00fchrte zur Absage des weltgr\u00f6\u00dften SMR-Projektes<\/h4>\n\n\n\n<p>Dabei entpuppt sich Markus S\u00f6der jetzt als energiepolitischer Geisterfahrer. In den USA wurde das gr\u00f6\u00dfte Projekt f\u00fcr SMR abgesagt, was der Beginn des Platzens der Seifenblase der kleinen und mittleren Atomreaktoren in der Welt sein d\u00fcrfte.<\/p>\n\n\n\n<p>NuScale hatte im Rahmen eines hochgelobten Vorschlags den Bau von sechs solchen 77- Megawatt-Reaktoren in Utah, USA, geplant.<\/p>\n\n\n\n<p>Der Vertrag wurde jedoch gek\u00fcndigt, da die vorgesehenen Kunden \u2013 haupts\u00e4chlich kommunale Energieversorger \u2013 sich weigerten, den hohen Strompreis aus dieser Kernenergieanlage zu zahlen. <a href=\"https:\/\/reneweconomy.com.au\/coalitions-nuclear-smr-poster-boy-cancels-flagship-project-due-to-soaring-costs\/\" target=\"_blank\" rel=\"noreferrer noopener\">Dieser wurde Anfang des Jahres um 53 Prozent auf 89 US-Dollar pro Megawattstunde erh\u00f6ht,<\/a> trotz einer Subvention von 30 US-Dollar\/MWh durch die US-Regierung. Zum Vergleich: Solarstrom ist in dieser sonnenreichen Gegend f\u00fcr unter 30 US-Dollar\/MWh erh\u00e4ltlich.<\/p>\n\n\n\n<p>Dies entspricht Kapitalkosten von 20.000 US-Dollar\/kW, was 70 Prozent h\u00f6her ist als die von CSIRO f\u00fcr die australische Regierung im Jahr 2030 prognostizierten Kosten von 18.167 US-Dollar\/kW. Mitglieder der atomfreundlichen australischen Regierung hatten CSIRO oft vorgeworfen, die Kosten \u00fcbertrieben darzustellen. Nun stellt sich heraus, dass selbst die Angaben von CSIRO viel zu niedrig waren.<\/p>\n\n\n\n<p>Das US-Energieministerium hatte stark auf die Technologie von NuScale gesetzt und seit 2014 600 Millionen US-Dollar bereitgestellt. F\u00fcr das Utah-Projekt wurden weitere 1,35 Milliarden US-Dollar im Jahr 2020 angek\u00fcndigt, <a href=\"https:\/\/www.bnnbloomberg.ca\/first-us-small-nuclear-project-canceled-after-costs-climb-53-1.1995934#:~:text=\" target=\"_blank\" rel=\"noreferrer noopener\">von denen laut Bloomberg bereits 232 Millionen US-Dollar gezahlt wurden.<\/a><\/p>\n\n\n\n<p>Insgesamt also eine ungeheure Steuerverschwendung und ein Beweis daf\u00fcr, dass Atomprojekte niemals ohne massive staatliche Unterst\u00fctzung auskommen, da rein private Atominvestoren keine Rentabilit\u00e4t erreichen k\u00f6nnen.<\/p>\n\n\n\n<p><a href=\"https:\/\/www.nytimes.com\/2023\/11\/08\/business\/energy-environment\/nuclear-energy-idaho-nuscale.html?unlocked_article_code=1.9Ew.Xo6A.Ojlm9g1IGYal&amp;smid=url-share\" target=\"_blank\" rel=\"noreferrer noopener\">Die New York Times berichtete,<\/a> dass die Entscheidung, das Projekt abzubrechen, auf einem Kostenupdate von NuScale in diesem Jahr f\u00fcr den Bau der Reaktoren basierte. Die Kosten sind von 5,3 Milliarden US-Dollar auf 9,3 Milliarden US-Dollar gestiegen, und das nur f\u00fcr eine Kapazit\u00e4t von 462 MW.<\/p>\n\n\n\n<p>Es ist nur eine Frage der Zeit, bis auch die anderen SMR-Reaktorfirmen scheitern werden. Selbst das von Bill Gates gegr\u00fcndete Unternehmen Terrapower hat bisher nichts Substanzielles geliefert, abgesehen von gro\u00dfspurigen Ank\u00fcndigungen, genau wie NuScale. <a href=\"https:\/\/www.forbes.com\/sites\/scottcarpenter\/2020\/08\/31\/bill-gates-nuclear-firm-says-new-reactor-can-backstop-grid-with-molten-salt-storage\/\" target=\"_blank\" rel=\"noreferrer noopener\">Letzteres hatte geplant, bereits 2023 in Utah mit dem Bau zu beginnen<\/a>. 2026 sollte der erste Reaktor in Betrieb gehen und 2027 weitere 11 \u2013 nun ist alles abgesagt.<\/p>\n\n\n\n<h4 class=\"wp-block-heading\">Die deutsche atomfreundliche Presse schweigt<\/h4>\n\n\n\n<p>Nun sind alle Ank\u00fcndigungen von NuScale in Utah abgesagt und Milliarden privates wie \u00f6ffentliches Kapital in den Sand gesetzt. Ein Desaster f\u00fcr die Firma, die als gr\u00f6\u00dfter Hoffnungstr\u00e4ger in der Atomindustrie gilt. Die Aktienkurse sind in den Keller gerauscht und die Frage des \u00dcberlebens wird bald gestellt werden m\u00fcssen.<\/p>\n\n\n\n<p>Aber merkw\u00fcrdig ist schon: \u00dcber vollmundige Ank\u00fcndigungen der Atomindustrie wie von NuScale wird auch in der deutschen Presse viel berichtet. \u00dcber das kl\u00e4gliche Scheitern des Flaggschiffs NuScale in Utah habe ich in der deutschen atomfreundlichen Presse bisher nichts gefunden.<\/p>\n\n\n\n<p>Sollen etwa die Atombef\u00fcrworter S\u00f6der, Merz und Lindner vor eine Blamage gesch\u00fctzt werden?<\/p>\n\n\n\n<p>Soll denn eine Debatte unterdr\u00fcckt werden, die darauf abzielt, die wirklichen \u201eenergiepolitischen Geisterfahrer\u201c zu benennen, wie es S\u00f6der den Gr\u00fcnen und der SPD vorwirft? M\u00f6glicherweise versuchen viele Journalisten auch, sich selbst vor einer Blamage zu sch\u00fctzen, da viele von ihnen einfach die euphorischen Ank\u00fcndigungen von Unternehmen wie NuScale ungepr\u00fcft abgedruckt haben, ohne sie kritisch zu hinterfragen oder beispielsweise wissenschaftliche Analysen des DIW heranzuziehen.<\/p>\n\n\n\n<p>Es wird Zeit, dass die Energiedebatte endlich auch in Deutschland wieder faktenorientiert gef\u00fchrt wird und die Atomenergie als das bezeichnet wird, was die Fakten wirklich zeigen: Zu teuer, zu unsicher, mit viel zu langen Bauzeiten und als potentieller Lieferant f\u00fcr Atombombenmaterial.<\/p>\n\n\n<h5 class=\"green\">Quelle<\/h5>\r\n\n\n\n<p><a href=\"http:\/\/www.hans-josef-fell.de\" target=\"_blank\" rel=\"noreferrer noopener\">Hans-Josef Fell 2023<\/a>\u00a0|\u00a0<a href=\"http:\/\/energywatchgroup.org\/\" target=\"_blank\" rel=\"noreferrer noopener\">Pr\u00e4sident der Energy Watch Group (EWG) und Autor des EEG<\/a><\/p>\n<div class=\"shariff shariff-align-flex-start shariff-widget-align-flex-start\"><div class=\"ShariffHeadline\">Diese Meldung teilen<\/div><ul class=\"shariff-buttons theme-round orientation-horizontal buttonsize-medium\"><li class=\"shariff-button facebook shariff-nocustomcolor\" style=\"background-color:#4273c8;border-radius:1%\"><a href=\"https:\/\/www.facebook.com\/sharer\/sharer.php?u=https%3A%2F%2Fwww.sonnenseite.com%2Fde%2Fenergie%2Fweltgroesstes-projekt-fuer-kleine-und-mittlere-atomreaktoren-abgesagt%2F\" title=\"Bei Facebook teilen\" aria-label=\"Bei Facebook teilen\" role=\"button\" rel=\"nofollow\" class=\"shariff-link\" style=\";border-radius:1%; background-color:#3b5998; color:#fff\" target=\"_blank\"><span class=\"shariff-icon\" style=\"\"><svg width=\"32px\" height=\"20px\" xmlns=\"http:\/\/www.w3.org\/2000\/svg\" viewBox=\"0 0 18 32\"><path fill=\"#3b5998\" d=\"M17.1 0.2v4.7h-2.8q-1.5 0-2.1 0.6t-0.5 1.9v3.4h5.2l-0.7 5.3h-4.5v13.6h-5.5v-13.6h-4.5v-5.3h4.5v-3.9q0-3.3 1.9-5.2t5-1.8q2.6 0 4.1 0.2z\"\/><\/svg><\/span><\/a><\/li><li class=\"shariff-button twitter shariff-nocustomcolor\" style=\"background-color:#595959;border-radius:1%\"><a href=\"https:\/\/twitter.com\/share?url=https%3A%2F%2Fwww.sonnenseite.com%2Fde%2Fenergie%2Fweltgroesstes-projekt-fuer-kleine-und-mittlere-atomreaktoren-abgesagt%2F&text=Weltgr%C3%B6%C3%9Ftes%20Projekt%20f%C3%BCr%20kleine%20und%20mittlere%20Atomreaktoren%20abgesagt\" title=\"Bei X teilen\" aria-label=\"Bei X teilen\" role=\"button\" rel=\"noopener nofollow\" class=\"shariff-link\" style=\";border-radius:1%; background-color:#000; color:#fff\" target=\"_blank\"><span class=\"shariff-icon\" style=\"\"><svg width=\"32px\" height=\"20px\" xmlns=\"http:\/\/www.w3.org\/2000\/svg\" viewBox=\"0 0 24 24\"><path fill=\"#000\" d=\"M14.258 10.152L23.176 0h-2.113l-7.747 8.813L7.133 0H0l9.352 13.328L0 23.973h2.113l8.176-9.309 6.531 9.309h7.133zm-2.895 3.293l-.949-1.328L2.875 1.56h3.246l6.086 8.523.945 1.328 7.91 11.078h-3.246zm0 0\"\/><\/svg><\/span><\/a><\/li><li class=\"shariff-button xing shariff-nocustomcolor\" style=\"background-color:#29888a;border-radius:1%\"><a href=\"https:\/\/www.xing.com\/spi\/shares\/new?url=https%3A%2F%2Fwww.sonnenseite.com%2Fde%2Fenergie%2Fweltgroesstes-projekt-fuer-kleine-und-mittlere-atomreaktoren-abgesagt%2F\" title=\"Bei XING teilen\" aria-label=\"Bei XING teilen\" role=\"button\" rel=\"noopener nofollow\" class=\"shariff-link\" style=\";border-radius:1%; background-color:#126567; color:#fff\" target=\"_blank\"><span class=\"shariff-icon\" style=\"\"><svg width=\"32px\" height=\"20px\" xmlns=\"http:\/\/www.w3.org\/2000\/svg\" viewBox=\"0 0 25 32\"><path fill=\"#126567\" d=\"M10.7 11.9q-0.2 0.3-4.6 8.2-0.5 0.8-1.2 0.8h-4.3q-0.4 0-0.5-0.3t0-0.6l4.5-8q0 0 0 0l-2.9-5q-0.2-0.4 0-0.7 0.2-0.3 0.5-0.3h4.3q0.7 0 1.2 0.8zM25.1 0.4q0.2 0.3 0 0.7l-9.4 16.7 6 11q0.2 0.4 0 0.6-0.2 0.3-0.6 0.3h-4.3q-0.7 0-1.2-0.8l-6-11.1q0.3-0.6 9.5-16.8 0.4-0.8 1.2-0.8h4.3q0.4 0 0.5 0.3z\"\/><\/svg><\/span><\/a><\/li><li class=\"shariff-button linkedin shariff-nocustomcolor\" style=\"background-color:#1488bf;border-radius:1%\"><a href=\"https:\/\/www.linkedin.com\/sharing\/share-offsite\/?url=https%3A%2F%2Fwww.sonnenseite.com%2Fde%2Fenergie%2Fweltgroesstes-projekt-fuer-kleine-und-mittlere-atomreaktoren-abgesagt%2F\" title=\"Bei LinkedIn teilen\" aria-label=\"Bei LinkedIn teilen\" role=\"button\" rel=\"noopener nofollow\" class=\"shariff-link\" style=\";border-radius:1%; background-color:#0077b5; color:#fff\" target=\"_blank\"><span class=\"shariff-icon\" style=\"\"><svg width=\"32px\" height=\"20px\" xmlns=\"http:\/\/www.w3.org\/2000\/svg\" viewBox=\"0 0 27 32\"><path fill=\"#0077b5\" d=\"M6.2 11.2v17.7h-5.9v-17.7h5.9zM6.6 5.7q0 1.3-0.9 2.2t-2.4 0.9h0q-1.5 0-2.4-0.9t-0.9-2.2 0.9-2.2 2.4-0.9 2.4 0.9 0.9 2.2zM27.4 18.7v10.1h-5.9v-9.5q0-1.9-0.7-2.9t-2.3-1.1q-1.1 0-1.9 0.6t-1.2 1.5q-0.2 0.5-0.2 1.4v9.9h-5.9q0-7.1 0-11.6t0-5.3l0-0.9h5.9v2.6h0q0.4-0.6 0.7-1t1-0.9 1.6-0.8 2-0.3q3 0 4.9 2t1.9 6z\"\/><\/svg><\/span><\/a><\/li><li class=\"shariff-button printer shariff-nocustomcolor\" style=\"background-color:#a8a8a8;border-radius:1%\"><a href=\"javascript:window.print()\" title=\"drucken\" aria-label=\"drucken\" role=\"button\" rel=\"noopener nofollow\" class=\"shariff-link\" style=\";border-radius:1%; background-color:#999; color:#fff\"><span class=\"shariff-icon\" style=\"\"><svg width=\"32px\" height=\"20px\" xmlns=\"http:\/\/www.w3.org\/2000\/svg\" viewBox=\"0 0 30 32\"><path fill=\"#999\" d=\"M6.8 27.4h16v-4.6h-16v4.6zM6.8 16h16v-6.8h-2.8q-0.7 0-1.2-0.5t-0.5-1.2v-2.8h-11.4v11.4zM27.4 17.2q0-0.5-0.3-0.8t-0.8-0.4-0.8 0.4-0.3 0.8 0.3 0.8 0.8 0.3 0.8-0.3 0.3-0.8zM29.7 17.2v7.4q0 0.2-0.2 0.4t-0.4 0.2h-4v2.8q0 0.7-0.5 1.2t-1.2 0.5h-17.2q-0.7 0-1.2-0.5t-0.5-1.2v-2.8h-4q-0.2 0-0.4-0.2t-0.2-0.4v-7.4q0-1.4 1-2.4t2.4-1h1.2v-9.7q0-0.7 0.5-1.2t1.2-0.5h12q0.7 0 1.6 0.4t1.3 0.8l2.7 2.7q0.5 0.5 0.9 1.4t0.4 1.6v4.6h1.1q1.4 0 2.4 1t1 2.4z\"\/><\/svg><\/span><\/a><\/li><li class=\"shariff-button mailto shariff-nocustomcolor\" style=\"background-color:#a8a8a8;border-radius:1%\"><a href=\"mailto:?body=https%3A%2F%2Fwww.sonnenseite.com%2Fde%2Fenergie%2Fweltgroesstes-projekt-fuer-kleine-und-mittlere-atomreaktoren-abgesagt%2F&subject=Weltgr%C3%B6%C3%9Ftes%20Projekt%20f%C3%BCr%20kleine%20und%20mittlere%20Atomreaktoren%20abgesagt\" title=\"Per E-Mail versenden\" aria-label=\"Per E-Mail versenden\" role=\"button\" rel=\"noopener nofollow\" class=\"shariff-link\" style=\";border-radius:1%; background-color:#999; color:#fff\"><span class=\"shariff-icon\" style=\"\"><svg width=\"32px\" height=\"20px\" xmlns=\"http:\/\/www.w3.org\/2000\/svg\" viewBox=\"0 0 32 32\"><path fill=\"#999\" d=\"M32 12.7v14.2q0 1.2-0.8 2t-2 0.9h-26.3q-1.2 0-2-0.9t-0.8-2v-14.2q0.8 0.9 1.8 1.6 6.5 4.4 8.9 6.1 1 0.8 1.6 1.2t1.7 0.9 2 0.4h0.1q0.9 0 2-0.4t1.7-0.9 1.6-1.2q3-2.2 8.9-6.1 1-0.7 1.8-1.6zM32 7.4q0 1.4-0.9 2.7t-2.2 2.2q-6.7 4.7-8.4 5.8-0.2 0.1-0.7 0.5t-1 0.7-0.9 0.6-1.1 0.5-0.9 0.2h-0.1q-0.4 0-0.9-0.2t-1.1-0.5-0.9-0.6-1-0.7-0.7-0.5q-1.6-1.1-4.7-3.2t-3.6-2.6q-1.1-0.7-2.1-2t-1-2.5q0-1.4 0.7-2.3t2.1-0.9h26.3q1.2 0 2 0.8t0.9 2z\"\/><\/svg><\/span><\/a><\/li><\/ul><\/div>","protected":false},"excerpt":{"rendered":"<p>Seit vielen Jahren redet die Atomwirtschaft und mit ihr verbandelte Politiker und Medien von der gro\u00dfen [&hellip;]<\/p>\n","protected":false},"author":3,"featured_media":34432,"comment_status":"closed","ping_status":"closed","sticky":false,"template":"","format":"standard","meta":{"inline_featured_image":false,"footnotes":""},"categories":[22],"tags":[],"class_list":["post-95314","post","type-post","status-publish","format-standard","has-post-thumbnail","hentry","category-energie"],"yoast_head":"<!-- This site is optimized with the Yoast SEO plugin v26.5 - https:\/\/yoast.com\/wordpress\/plugins\/seo\/ -->\n<title>Weltgr\u00f6\u00dftes Projekt f\u00fcr kleine und mittlere Atomreaktoren abgesagt - Sonnenseite - \u00d6kologische Kommunikation mit Franz Alt<\/title>\n<meta name=\"description\" content=\"Seit vielen Jahren redet die Atomwirtschaft und mit ihr verbandelte Politiker und Medien von der gro\u00dfen Renaissance der Atomenergie. Nur die \u201edummen\" \/>\n<meta name=\"robots\" content=\"index, follow, max-snippet:-1, max-image-preview:large, max-video-preview:-1\" \/>\n<link rel=\"canonical\" href=\"https:\/\/www.sonnenseite.com\/de\/energie\/weltgroesstes-projekt-fuer-kleine-und-mittlere-atomreaktoren-abgesagt\/\" \/>\n<meta property=\"og:locale\" content=\"de_DE\" \/>\n<meta property=\"og:type\" content=\"article\" \/>\n<meta property=\"og:title\" content=\"Weltgr\u00f6\u00dftes Projekt f\u00fcr kleine und mittlere Atomreaktoren abgesagt - Sonnenseite - \u00d6kologische Kommunikation mit Franz Alt\" \/>\n<meta property=\"og:description\" content=\"Seit vielen Jahren redet die Atomwirtschaft und mit ihr verbandelte Politiker und Medien von der gro\u00dfen Renaissance der Atomenergie. Nur die \u201edummen\" \/>\n<meta property=\"og:url\" content=\"https:\/\/www.sonnenseite.com\/de\/energie\/weltgroesstes-projekt-fuer-kleine-und-mittlere-atomreaktoren-abgesagt\/\" \/>\n<meta property=\"og:site_name\" content=\"Sonnenseite\" \/>\n<meta property=\"article:publisher\" content=\"https:\/\/www.facebook.com\/pages\/Franz-Alt-SONNENSEITECOM\/221072987903953?fref=ts\" \/>\n<meta property=\"article:published_time\" content=\"2023-11-15T08:03:03+00:00\" \/>\n<meta property=\"article:modified_time\" content=\"2023-12-04T12:02:40+00:00\" \/>\n<meta property=\"og:image\" content=\"https:\/\/www.sonnenseite.com\/wp-content\/uploads\/2016\/09\/Atom_Mensch_geralt.jpg\" \/>\n\t<meta property=\"og:image:width\" content=\"770\" \/>\n\t<meta property=\"og:image:height\" content=\"420\" \/>\n\t<meta property=\"og:image:type\" content=\"image\/jpeg\" \/>\n<meta name=\"author\" content=\"Bigi Alt\" \/>\n<meta name=\"twitter:card\" content=\"summary_large_image\" \/>\n<meta name=\"twitter:creator\" content=\"@franzalt\" \/>\n<meta name=\"twitter:site\" content=\"@franzalt\" \/>\n<meta name=\"twitter:label1\" content=\"Verfasst von\" \/>\n\t<meta name=\"twitter:data1\" content=\"Bigi Alt\" \/>\n\t<meta name=\"twitter:label2\" content=\"Gesch\u00e4tzte Lesezeit\" \/>\n\t<meta name=\"twitter:data2\" content=\"5\u00a0Minuten\" \/>\n<script type=\"application\/ld+json\" class=\"yoast-schema-graph\">{\"@context\":\"https:\/\/schema.org\",\"@graph\":[{\"@type\":\"Article\",\"@id\":\"https:\/\/www.sonnenseite.com\/de\/energie\/weltgroesstes-projekt-fuer-kleine-und-mittlere-atomreaktoren-abgesagt\/#article\",\"isPartOf\":{\"@id\":\"https:\/\/www.sonnenseite.com\/de\/energie\/weltgroesstes-projekt-fuer-kleine-und-mittlere-atomreaktoren-abgesagt\/\"},\"author\":{\"name\":\"Bigi Alt\",\"@id\":\"https:\/\/www.sonnenseite.com\/de\/#\/schema\/person\/50fda0e926597684c7cc6695238a4eb9\"},\"headline\":\"Weltgr\u00f6\u00dftes Projekt f\u00fcr kleine und mittlere Atomreaktoren abgesagt\",\"datePublished\":\"2023-11-15T08:03:03+00:00\",\"dateModified\":\"2023-12-04T12:02:40+00:00\",\"mainEntityOfPage\":{\"@id\":\"https:\/\/www.sonnenseite.com\/de\/energie\/weltgroesstes-projekt-fuer-kleine-und-mittlere-atomreaktoren-abgesagt\/\"},\"wordCount\":964,\"publisher\":{\"@id\":\"https:\/\/www.sonnenseite.com\/de\/#organization\"},\"image\":{\"@id\":\"https:\/\/www.sonnenseite.com\/de\/energie\/weltgroesstes-projekt-fuer-kleine-und-mittlere-atomreaktoren-abgesagt\/#primaryimage\"},\"thumbnailUrl\":\"https:\/\/www.sonnenseite.com\/wp-content\/uploads\/2016\/09\/Atom_Mensch_geralt.jpg\",\"articleSection\":[\"Energie\"],\"inLanguage\":\"de\"},{\"@type\":\"WebPage\",\"@id\":\"https:\/\/www.sonnenseite.com\/de\/energie\/weltgroesstes-projekt-fuer-kleine-und-mittlere-atomreaktoren-abgesagt\/\",\"url\":\"https:\/\/www.sonnenseite.com\/de\/energie\/weltgroesstes-projekt-fuer-kleine-und-mittlere-atomreaktoren-abgesagt\/\",\"name\":\"Weltgr\u00f6\u00dftes Projekt f\u00fcr kleine und mittlere Atomreaktoren abgesagt - Sonnenseite - \u00d6kologische Kommunikation mit Franz Alt\",\"isPartOf\":{\"@id\":\"https:\/\/www.sonnenseite.com\/de\/#website\"},\"primaryImageOfPage\":{\"@id\":\"https:\/\/www.sonnenseite.com\/de\/energie\/weltgroesstes-projekt-fuer-kleine-und-mittlere-atomreaktoren-abgesagt\/#primaryimage\"},\"image\":{\"@id\":\"https:\/\/www.sonnenseite.com\/de\/energie\/weltgroesstes-projekt-fuer-kleine-und-mittlere-atomreaktoren-abgesagt\/#primaryimage\"},\"thumbnailUrl\":\"https:\/\/www.sonnenseite.com\/wp-content\/uploads\/2016\/09\/Atom_Mensch_geralt.jpg\",\"datePublished\":\"2023-11-15T08:03:03+00:00\",\"dateModified\":\"2023-12-04T12:02:40+00:00\",\"description\":\"Seit vielen Jahren redet die Atomwirtschaft und mit ihr verbandelte Politiker und Medien von der gro\u00dfen Renaissance der Atomenergie. Nur die \u201edummen\",\"breadcrumb\":{\"@id\":\"https:\/\/www.sonnenseite.com\/de\/energie\/weltgroesstes-projekt-fuer-kleine-und-mittlere-atomreaktoren-abgesagt\/#breadcrumb\"},\"inLanguage\":\"de\",\"potentialAction\":[{\"@type\":\"ReadAction\",\"target\":[\"https:\/\/www.sonnenseite.com\/de\/energie\/weltgroesstes-projekt-fuer-kleine-und-mittlere-atomreaktoren-abgesagt\/\"]}]},{\"@type\":\"ImageObject\",\"inLanguage\":\"de\",\"@id\":\"https:\/\/www.sonnenseite.com\/de\/energie\/weltgroesstes-projekt-fuer-kleine-und-mittlere-atomreaktoren-abgesagt\/#primaryimage\",\"url\":\"https:\/\/www.sonnenseite.com\/wp-content\/uploads\/2016\/09\/Atom_Mensch_geralt.jpg\",\"contentUrl\":\"https:\/\/www.sonnenseite.com\/wp-content\/uploads\/2016\/09\/Atom_Mensch_geralt.jpg\",\"width\":770,\"height\":420,\"caption\":\"pixabay.com | geralt\"},{\"@type\":\"BreadcrumbList\",\"@id\":\"https:\/\/www.sonnenseite.com\/de\/energie\/weltgroesstes-projekt-fuer-kleine-und-mittlere-atomreaktoren-abgesagt\/#breadcrumb\",\"itemListElement\":[{\"@type\":\"ListItem\",\"position\":1,\"name\":\"Startseite\",\"item\":\"https:\/\/www.sonnenseite.com\/de\/\"},{\"@type\":\"ListItem\",\"position\":2,\"name\":\"Weltgr\u00f6\u00dftes Projekt f\u00fcr kleine und mittlere Atomreaktoren abgesagt\"}]},{\"@type\":\"WebSite\",\"@id\":\"https:\/\/www.sonnenseite.com\/de\/#website\",\"url\":\"https:\/\/www.sonnenseite.com\/de\/\",\"name\":\"Sonnenseite\",\"description\":\"\u00d6kologische Kommunikation mit Franz Alt\",\"publisher\":{\"@id\":\"https:\/\/www.sonnenseite.com\/de\/#organization\"},\"potentialAction\":[{\"@type\":\"SearchAction\",\"target\":{\"@type\":\"EntryPoint\",\"urlTemplate\":\"https:\/\/www.sonnenseite.com\/de\/?s={search_term_string}\"},\"query-input\":{\"@type\":\"PropertyValueSpecification\",\"valueRequired\":true,\"valueName\":\"search_term_string\"}}],\"inLanguage\":\"de\"},{\"@type\":\"Organization\",\"@id\":\"https:\/\/www.sonnenseite.com\/de\/#organization\",\"name\":\"Sonnenseite\",\"url\":\"https:\/\/www.sonnenseite.com\/de\/\",\"logo\":{\"@type\":\"ImageObject\",\"inLanguage\":\"de\",\"@id\":\"https:\/\/www.sonnenseite.com\/de\/#\/schema\/logo\/image\/\",\"url\":\"https:\/\/www.sonnenseite.com\/wp-content\/uploads\/2020\/05\/Sonnenseite_Logo.png\",\"contentUrl\":\"https:\/\/www.sonnenseite.com\/wp-content\/uploads\/2020\/05\/Sonnenseite_Logo.png\",\"width\":377,\"height\":90,\"caption\":\"Sonnenseite\"},\"image\":{\"@id\":\"https:\/\/www.sonnenseite.com\/de\/#\/schema\/logo\/image\/\"},\"sameAs\":[\"https:\/\/www.facebook.com\/pages\/Franz-Alt-SONNENSEITECOM\/221072987903953?fref=ts\",\"https:\/\/x.com\/franzalt\",\"http:\/\/www.youtube.com\/results?search_query&amp;amp;quot;franz_alt&amp;amp;quot;&amp;amp;amp;amp;search_type&amp;amp;amp;amp;aq=f\"]},{\"@type\":\"Person\",\"@id\":\"https:\/\/www.sonnenseite.com\/de\/#\/schema\/person\/50fda0e926597684c7cc6695238a4eb9\",\"name\":\"Bigi Alt\"}]}<\/script>\n<!-- \/ Yoast SEO plugin. -->","yoast_head_json":{"title":"Weltgr\u00f6\u00dftes Projekt f\u00fcr kleine und mittlere Atomreaktoren abgesagt - Sonnenseite - \u00d6kologische Kommunikation mit Franz Alt","description":"Seit vielen Jahren redet die Atomwirtschaft und mit ihr verbandelte Politiker und Medien von der gro\u00dfen Renaissance der Atomenergie. Nur die \u201edummen","robots":{"index":"index","follow":"follow","max-snippet":"max-snippet:-1","max-image-preview":"max-image-preview:large","max-video-preview":"max-video-preview:-1"},"canonical":"https:\/\/www.sonnenseite.com\/de\/energie\/weltgroesstes-projekt-fuer-kleine-und-mittlere-atomreaktoren-abgesagt\/","og_locale":"de_DE","og_type":"article","og_title":"Weltgr\u00f6\u00dftes Projekt f\u00fcr kleine und mittlere Atomreaktoren abgesagt - Sonnenseite - \u00d6kologische Kommunikation mit Franz Alt","og_description":"Seit vielen Jahren redet die Atomwirtschaft und mit ihr verbandelte Politiker und Medien von der gro\u00dfen Renaissance der Atomenergie. Nur die \u201edummen","og_url":"https:\/\/www.sonnenseite.com\/de\/energie\/weltgroesstes-projekt-fuer-kleine-und-mittlere-atomreaktoren-abgesagt\/","og_site_name":"Sonnenseite","article_publisher":"https:\/\/www.facebook.com\/pages\/Franz-Alt-SONNENSEITECOM\/221072987903953?fref=ts","article_published_time":"2023-11-15T08:03:03+00:00","article_modified_time":"2023-12-04T12:02:40+00:00","og_image":[{"width":770,"height":420,"url":"https:\/\/www.sonnenseite.com\/wp-content\/uploads\/2016\/09\/Atom_Mensch_geralt.jpg","type":"image\/jpeg"}],"author":"Bigi Alt","twitter_card":"summary_large_image","twitter_creator":"@franzalt","twitter_site":"@franzalt","twitter_misc":{"Verfasst von":"Bigi Alt","Gesch\u00e4tzte Lesezeit":"5\u00a0Minuten"},"schema":{"@context":"https:\/\/schema.org","@graph":[{"@type":"Article","@id":"https:\/\/www.sonnenseite.com\/de\/energie\/weltgroesstes-projekt-fuer-kleine-und-mittlere-atomreaktoren-abgesagt\/#article","isPartOf":{"@id":"https:\/\/www.sonnenseite.com\/de\/energie\/weltgroesstes-projekt-fuer-kleine-und-mittlere-atomreaktoren-abgesagt\/"},"author":{"name":"Bigi Alt","@id":"https:\/\/www.sonnenseite.com\/de\/#\/schema\/person\/50fda0e926597684c7cc6695238a4eb9"},"headline":"Weltgr\u00f6\u00dftes Projekt f\u00fcr kleine und mittlere Atomreaktoren abgesagt","datePublished":"2023-11-15T08:03:03+00:00","dateModified":"2023-12-04T12:02:40+00:00","mainEntityOfPage":{"@id":"https:\/\/www.sonnenseite.com\/de\/energie\/weltgroesstes-projekt-fuer-kleine-und-mittlere-atomreaktoren-abgesagt\/"},"wordCount":964,"publisher":{"@id":"https:\/\/www.sonnenseite.com\/de\/#organization"},"image":{"@id":"https:\/\/www.sonnenseite.com\/de\/energie\/weltgroesstes-projekt-fuer-kleine-und-mittlere-atomreaktoren-abgesagt\/#primaryimage"},"thumbnailUrl":"https:\/\/www.sonnenseite.com\/wp-content\/uploads\/2016\/09\/Atom_Mensch_geralt.jpg","articleSection":["Energie"],"inLanguage":"de"},{"@type":"WebPage","@id":"https:\/\/www.sonnenseite.com\/de\/energie\/weltgroesstes-projekt-fuer-kleine-und-mittlere-atomreaktoren-abgesagt\/","url":"https:\/\/www.sonnenseite.com\/de\/energie\/weltgroesstes-projekt-fuer-kleine-und-mittlere-atomreaktoren-abgesagt\/","name":"Weltgr\u00f6\u00dftes Projekt f\u00fcr kleine und mittlere Atomreaktoren abgesagt - Sonnenseite - \u00d6kologische Kommunikation mit Franz Alt","isPartOf":{"@id":"https:\/\/www.sonnenseite.com\/de\/#website"},"primaryImageOfPage":{"@id":"https:\/\/www.sonnenseite.com\/de\/energie\/weltgroesstes-projekt-fuer-kleine-und-mittlere-atomreaktoren-abgesagt\/#primaryimage"},"image":{"@id":"https:\/\/www.sonnenseite.com\/de\/energie\/weltgroesstes-projekt-fuer-kleine-und-mittlere-atomreaktoren-abgesagt\/#primaryimage"},"thumbnailUrl":"https:\/\/www.sonnenseite.com\/wp-content\/uploads\/2016\/09\/Atom_Mensch_geralt.jpg","datePublished":"2023-11-15T08:03:03+00:00","dateModified":"2023-12-04T12:02:40+00:00","description":"Seit vielen Jahren redet die Atomwirtschaft und mit ihr verbandelte Politiker und Medien von der gro\u00dfen Renaissance der Atomenergie. Nur die \u201edummen","breadcrumb":{"@id":"https:\/\/www.sonnenseite.com\/de\/energie\/weltgroesstes-projekt-fuer-kleine-und-mittlere-atomreaktoren-abgesagt\/#breadcrumb"},"inLanguage":"de","potentialAction":[{"@type":"ReadAction","target":["https:\/\/www.sonnenseite.com\/de\/energie\/weltgroesstes-projekt-fuer-kleine-und-mittlere-atomreaktoren-abgesagt\/"]}]},{"@type":"ImageObject","inLanguage":"de","@id":"https:\/\/www.sonnenseite.com\/de\/energie\/weltgroesstes-projekt-fuer-kleine-und-mittlere-atomreaktoren-abgesagt\/#primaryimage","url":"https:\/\/www.sonnenseite.com\/wp-content\/uploads\/2016\/09\/Atom_Mensch_geralt.jpg","contentUrl":"https:\/\/www.sonnenseite.com\/wp-content\/uploads\/2016\/09\/Atom_Mensch_geralt.jpg","width":770,"height":420,"caption":"pixabay.com | geralt"},{"@type":"BreadcrumbList","@id":"https:\/\/www.sonnenseite.com\/de\/energie\/weltgroesstes-projekt-fuer-kleine-und-mittlere-atomreaktoren-abgesagt\/#breadcrumb","itemListElement":[{"@type":"ListItem","position":1,"name":"Startseite","item":"https:\/\/www.sonnenseite.com\/de\/"},{"@type":"ListItem","position":2,"name":"Weltgr\u00f6\u00dftes Projekt f\u00fcr kleine und mittlere Atomreaktoren abgesagt"}]},{"@type":"WebSite","@id":"https:\/\/www.sonnenseite.com\/de\/#website","url":"https:\/\/www.sonnenseite.com\/de\/","name":"Sonnenseite","description":"\u00d6kologische Kommunikation mit Franz Alt","publisher":{"@id":"https:\/\/www.sonnenseite.com\/de\/#organization"},"potentialAction":[{"@type":"SearchAction","target":{"@type":"EntryPoint","urlTemplate":"https:\/\/www.sonnenseite.com\/de\/?s={search_term_string}"},"query-input":{"@type":"PropertyValueSpecification","valueRequired":true,"valueName":"search_term_string"}}],"inLanguage":"de"},{"@type":"Organization","@id":"https:\/\/www.sonnenseite.com\/de\/#organization","name":"Sonnenseite","url":"https:\/\/www.sonnenseite.com\/de\/","logo":{"@type":"ImageObject","inLanguage":"de","@id":"https:\/\/www.sonnenseite.com\/de\/#\/schema\/logo\/image\/","url":"https:\/\/www.sonnenseite.com\/wp-content\/uploads\/2020\/05\/Sonnenseite_Logo.png","contentUrl":"https:\/\/www.sonnenseite.com\/wp-content\/uploads\/2020\/05\/Sonnenseite_Logo.png","width":377,"height":90,"caption":"Sonnenseite"},"image":{"@id":"https:\/\/www.sonnenseite.com\/de\/#\/schema\/logo\/image\/"},"sameAs":["https:\/\/www.facebook.com\/pages\/Franz-Alt-SONNENSEITECOM\/221072987903953?fref=ts","https:\/\/x.com\/franzalt","http:\/\/www.youtube.com\/results?search_query&amp;amp;quot;franz_alt&amp;amp;quot;&amp;amp;amp;amp;search_type&amp;amp;amp;amp;aq=f"]},{"@type":"Person","@id":"https:\/\/www.sonnenseite.com\/de\/#\/schema\/person\/50fda0e926597684c7cc6695238a4eb9","name":"Bigi Alt"}]}},"_links":{"self":[{"href":"https:\/\/www.sonnenseite.com\/de\/wp-json\/wp\/v2\/posts\/95314","targetHints":{"allow":["GET"]}}],"collection":[{"href":"https:\/\/www.sonnenseite.com\/de\/wp-json\/wp\/v2\/posts"}],"about":[{"href":"https:\/\/www.sonnenseite.com\/de\/wp-json\/wp\/v2\/types\/post"}],"author":[{"embeddable":true,"href":"https:\/\/www.sonnenseite.com\/de\/wp-json\/wp\/v2\/users\/3"}],"replies":[{"embeddable":true,"href":"https:\/\/www.sonnenseite.com\/de\/wp-json\/wp\/v2\/comments?post=95314"}],"version-history":[{"count":2,"href":"https:\/\/www.sonnenseite.com\/de\/wp-json\/wp\/v2\/posts\/95314\/revisions"}],"predecessor-version":[{"id":95316,"href":"https:\/\/www.sonnenseite.com\/de\/wp-json\/wp\/v2\/posts\/95314\/revisions\/95316"}],"wp:featuredmedia":[{"embeddable":true,"href":"https:\/\/www.sonnenseite.com\/de\/wp-json\/wp\/v2\/media\/34432"}],"wp:attachment":[{"href":"https:\/\/www.sonnenseite.com\/de\/wp-json\/wp\/v2\/media?parent=95314"}],"wp:term":[{"taxonomy":"category","embeddable":true,"href":"https:\/\/www.sonnenseite.com\/de\/wp-json\/wp\/v2\/categories?post=95314"},{"taxonomy":"post_tag","embeddable":true,"href":"https:\/\/www.sonnenseite.com\/de\/wp-json\/wp\/v2\/tags?post=95314"}],"curies":[{"name":"wp","href":"https:\/\/api.w.org\/{rel}","templated":true}]}}