{"id":95380,"date":"2023-11-18T02:32:00","date_gmt":"2023-11-18T01:32:00","guid":{"rendered":"https:\/\/www.sonnenseite.com\/?p=95380"},"modified":"2023-11-16T16:33:13","modified_gmt":"2023-11-16T15:33:13","slug":"ungerechter-zugang-zu-klimafinanzierung","status":"publish","type":"post","link":"https:\/\/www.sonnenseite.com\/de\/umwelt\/ungerechter-zugang-zu-klimafinanzierung\/","title":{"rendered":"Ungerechter Zugang zu Klimafinanzierung"},"content":{"rendered":"\n<p>Brot f\u00fcr die Welt ermittelt mit Anpassungsindex erstmals Gerechtigkeitsl\u00fccken beim Zugang zu Klimafinanzierung.<\/p>\n\n\n\n<p>Bei der internationalen Klima-Anpassungsfinanzierung herrscht ein gravierender Mangel an Verteilungsgerechtigkeit: Die 14 Staaten mit dem h\u00f6chsten Klimarisiko sind zugleich die 14 am st\u00e4rksten unterfinanzierten Staaten. Das zeigt der neue Anpassungsindex von Brot f\u00fcr die Welt. Er ermittelt f\u00fcr 129 Staaten, ob ihr Anteil an der internationalen Klimaanpassungsfinanzierung dem l\u00e4nderbezogenen Klimarisiko gerecht wird. <\/p>\n\n\n\n<p>Afghanistan steht an der Spitze dieses negativen Rankings, gefolgt von S\u00fcdsudan, Niger, Sudan, Jemen, Uganda, Somalia, Mali, Irak, \u00c4thiopien, Syrien, Mauretanien und Mosambik. Bei der Verteilung der internationalen Klimaanpassungsfinanzierung spielt das Kriterium der Verletzlichkeit demnach kaum eine Rolle: Weniger als jedes vierte der untersuchten 129 L\u00e4nder hat einen &#8211; gemessen am Klimarisiko &#8211; einigerma\u00dfen fairen Anteil erhalten. <\/p>\n\n\n\n<p>\u201eAusgerechnet bei den L\u00e4ndern, die am st\u00e4rksten vom Klimawandel betroffen sind, kommt das ohnehin zu knappe Geld nicht an\u201c, sagt Dagmar Pruin, Pr\u00e4sidentin von Brot f\u00fcr die Welt. \u201eDamit droht den meisten L\u00e4ndern eine dauerhafte Resilienzl\u00fccke, die eine nachhaltige Entwicklung unm\u00f6glich macht.\u201c<\/p>\n\n\n\n<p>Mit Blick auf die Bundesregierung erg\u00e4nzt Pruin: \u201eDeutschland und die anderen Geberl\u00e4nder sind die Hauptverursacher der Klimakrise. Sie sollten dieser Verantwortung gerecht werden, indem sie f\u00fcr mehr Verteilungsgerechtigkeit beim Zugang zur internationalen Anpassungsfinanzierung sorgen. Besonders verletzliche Staaten ben\u00f6tigen einen besseren Zugang zu den Geldern und vor allem deutlich mehr Mittel, um sich an den Klimawandel anzupassen.\u201c<\/p>\n\n\n\n<p>Mit dem Anpassungsindex m\u00f6chte Brot f\u00fcr die Welt einen Impuls in der notwendigen Debatte \u00fcber die Richtung und die Priorit\u00e4ten der Anpassungsfinanzierung geben und ein Schlaglicht auf die besonders bed\u00fcrftigen Staaten werfen. Dar\u00fcber hinaus kann der Anpassungsindex auch bei den laufenden Verhandlungen \u00fcber den k\u00fcnftigen Einsatz von Geldern f\u00fcr die Bew\u00e4ltigung von klimabedingten Sch\u00e4den und Verlusten hilfreich sein. <\/p>\n\n\n\n<p>Sabine Minninger, Klimaexpertin von Brot f\u00fcr die Welt, dazu: \u201eDie Erkenntnisse aus dem Anpassungsindex werfen ein Schlaglicht auf das Thema Verteilungsgerechtigkeit. Beim Fonds f\u00fcr Klimasch\u00e4den, der bei der COP28 in Dubai im Dezember eingerichtet werden soll, m\u00fcssen die besonders vulnerablen Zielgruppen von Beginn an Priorit\u00e4t haben.\u201c<\/p>\n\n\n\n<p><strong>Hintergrund:<\/strong><\/p>\n\n\n\n<p>Der Anpassungsindex wurde von Climate &amp; Development Advice erstellt und von der Munich Climate Insurance Initiative gepr\u00fcft. Der Index ber\u00fccksichtigt zwei Faktoren: das l\u00e4nderspezifische Klimarisiko, basierend auf angepassten Daten aus dem EU Inform Risk Index, sowie die finanziellen Zufl\u00fcsse, basierend auf Daten aus der OECD-DAC-Datenbank zur Anpassungsfinanzierung. Untersucht wurde der Zeitraum von 2014-2020.<\/p>\n\n\n\n<p>Der<a href=\"https:\/\/www.brot-fuer-die-welt.de\/themen\/anpassungsindex\/\"> Anpassungsindex von Brot f\u00fcr die Welt<\/a> ist ein wichtiges, aber kein allein ausreichendes Bewertungskriterium f\u00fcr die Klimaanpassungsfinanzierung: Er misst nur die Verteilung von verf\u00fcgbaren Mitteln bezogen auf l\u00e4nderspezifische Klimarisiken und trifft keine Aussagen dar\u00fcber, welche absoluten Betr\u00e4ge erforderlich w\u00e4ren, um ein Land klimaresilient zu machen.<\/p>\n\n\n\n<ul class=\"wp-block-list\">\n<li><a href=\"https:\/\/www.brot-fuer-die-welt.de\/themen\/anpassungsindex\/\" target=\"_blank\" rel=\"noreferrer noopener\">&#8222;Anpassungsindex&#8220;<\/a><\/li>\n<\/ul>\n\n\n<h5 class=\"green\">Quelle<\/h5>\r\n\n\n\n<p><a href=\"https:\/\/www.brot-fuer-die-welt.de\/pressemeldung\/ungerechter-zugang-zu-klimafinanzierung\/\">Brot f\u00fcr die Welt 2023<\/a><\/p>\n<div class=\"shariff shariff-align-flex-start shariff-widget-align-flex-start\"><div class=\"ShariffHeadline\">Diese Meldung teilen<\/div><ul class=\"shariff-buttons theme-round orientation-horizontal buttonsize-medium\"><li class=\"shariff-button facebook shariff-nocustomcolor\" style=\"background-color:#4273c8;border-radius:1%\"><a href=\"https:\/\/www.facebook.com\/sharer\/sharer.php?u=https%3A%2F%2Fwww.sonnenseite.com%2Fde%2Fumwelt%2Fungerechter-zugang-zu-klimafinanzierung%2F\" title=\"Bei Facebook teilen\" aria-label=\"Bei Facebook teilen\" role=\"button\" rel=\"nofollow\" class=\"shariff-link\" style=\";border-radius:1%; background-color:#3b5998; color:#fff\" target=\"_blank\"><span class=\"shariff-icon\" style=\"\"><svg width=\"32px\" height=\"20px\" xmlns=\"http:\/\/www.w3.org\/2000\/svg\" viewBox=\"0 0 18 32\"><path fill=\"#3b5998\" d=\"M17.1 0.2v4.7h-2.8q-1.5 0-2.1 0.6t-0.5 1.9v3.4h5.2l-0.7 5.3h-4.5v13.6h-5.5v-13.6h-4.5v-5.3h4.5v-3.9q0-3.3 1.9-5.2t5-1.8q2.6 0 4.1 0.2z\"\/><\/svg><\/span><\/a><\/li><li class=\"shariff-button twitter shariff-nocustomcolor\" style=\"background-color:#595959;border-radius:1%\"><a href=\"https:\/\/twitter.com\/share?url=https%3A%2F%2Fwww.sonnenseite.com%2Fde%2Fumwelt%2Fungerechter-zugang-zu-klimafinanzierung%2F&text=Ungerechter%20Zugang%20zu%20Klimafinanzierung\" title=\"Bei X teilen\" aria-label=\"Bei X teilen\" role=\"button\" rel=\"noopener nofollow\" class=\"shariff-link\" style=\";border-radius:1%; background-color:#000; color:#fff\" target=\"_blank\"><span class=\"shariff-icon\" style=\"\"><svg width=\"32px\" height=\"20px\" xmlns=\"http:\/\/www.w3.org\/2000\/svg\" viewBox=\"0 0 24 24\"><path fill=\"#000\" d=\"M14.258 10.152L23.176 0h-2.113l-7.747 8.813L7.133 0H0l9.352 13.328L0 23.973h2.113l8.176-9.309 6.531 9.309h7.133zm-2.895 3.293l-.949-1.328L2.875 1.56h3.246l6.086 8.523.945 1.328 7.91 11.078h-3.246zm0 0\"\/><\/svg><\/span><\/a><\/li><li class=\"shariff-button xing shariff-nocustomcolor\" style=\"background-color:#29888a;border-radius:1%\"><a href=\"https:\/\/www.xing.com\/spi\/shares\/new?url=https%3A%2F%2Fwww.sonnenseite.com%2Fde%2Fumwelt%2Fungerechter-zugang-zu-klimafinanzierung%2F\" title=\"Bei XING teilen\" aria-label=\"Bei XING teilen\" role=\"button\" rel=\"noopener nofollow\" class=\"shariff-link\" style=\";border-radius:1%; background-color:#126567; color:#fff\" target=\"_blank\"><span class=\"shariff-icon\" style=\"\"><svg width=\"32px\" height=\"20px\" xmlns=\"http:\/\/www.w3.org\/2000\/svg\" viewBox=\"0 0 25 32\"><path fill=\"#126567\" d=\"M10.7 11.9q-0.2 0.3-4.6 8.2-0.5 0.8-1.2 0.8h-4.3q-0.4 0-0.5-0.3t0-0.6l4.5-8q0 0 0 0l-2.9-5q-0.2-0.4 0-0.7 0.2-0.3 0.5-0.3h4.3q0.7 0 1.2 0.8zM25.1 0.4q0.2 0.3 0 0.7l-9.4 16.7 6 11q0.2 0.4 0 0.6-0.2 0.3-0.6 0.3h-4.3q-0.7 0-1.2-0.8l-6-11.1q0.3-0.6 9.5-16.8 0.4-0.8 1.2-0.8h4.3q0.4 0 0.5 0.3z\"\/><\/svg><\/span><\/a><\/li><li class=\"shariff-button linkedin shariff-nocustomcolor\" style=\"background-color:#1488bf;border-radius:1%\"><a href=\"https:\/\/www.linkedin.com\/sharing\/share-offsite\/?url=https%3A%2F%2Fwww.sonnenseite.com%2Fde%2Fumwelt%2Fungerechter-zugang-zu-klimafinanzierung%2F\" title=\"Bei LinkedIn teilen\" aria-label=\"Bei LinkedIn teilen\" role=\"button\" rel=\"noopener nofollow\" class=\"shariff-link\" style=\";border-radius:1%; background-color:#0077b5; color:#fff\" target=\"_blank\"><span class=\"shariff-icon\" style=\"\"><svg width=\"32px\" height=\"20px\" xmlns=\"http:\/\/www.w3.org\/2000\/svg\" viewBox=\"0 0 27 32\"><path fill=\"#0077b5\" d=\"M6.2 11.2v17.7h-5.9v-17.7h5.9zM6.6 5.7q0 1.3-0.9 2.2t-2.4 0.9h0q-1.5 0-2.4-0.9t-0.9-2.2 0.9-2.2 2.4-0.9 2.4 0.9 0.9 2.2zM27.4 18.7v10.1h-5.9v-9.5q0-1.9-0.7-2.9t-2.3-1.1q-1.1 0-1.9 0.6t-1.2 1.5q-0.2 0.5-0.2 1.4v9.9h-5.9q0-7.1 0-11.6t0-5.3l0-0.9h5.9v2.6h0q0.4-0.6 0.7-1t1-0.9 1.6-0.8 2-0.3q3 0 4.9 2t1.9 6z\"\/><\/svg><\/span><\/a><\/li><li class=\"shariff-button printer shariff-nocustomcolor\" style=\"background-color:#a8a8a8;border-radius:1%\"><a href=\"javascript:window.print()\" title=\"drucken\" aria-label=\"drucken\" role=\"button\" rel=\"noopener nofollow\" class=\"shariff-link\" style=\";border-radius:1%; background-color:#999; color:#fff\"><span class=\"shariff-icon\" style=\"\"><svg width=\"32px\" height=\"20px\" xmlns=\"http:\/\/www.w3.org\/2000\/svg\" viewBox=\"0 0 30 32\"><path fill=\"#999\" d=\"M6.8 27.4h16v-4.6h-16v4.6zM6.8 16h16v-6.8h-2.8q-0.7 0-1.2-0.5t-0.5-1.2v-2.8h-11.4v11.4zM27.4 17.2q0-0.5-0.3-0.8t-0.8-0.4-0.8 0.4-0.3 0.8 0.3 0.8 0.8 0.3 0.8-0.3 0.3-0.8zM29.7 17.2v7.4q0 0.2-0.2 0.4t-0.4 0.2h-4v2.8q0 0.7-0.5 1.2t-1.2 0.5h-17.2q-0.7 0-1.2-0.5t-0.5-1.2v-2.8h-4q-0.2 0-0.4-0.2t-0.2-0.4v-7.4q0-1.4 1-2.4t2.4-1h1.2v-9.7q0-0.7 0.5-1.2t1.2-0.5h12q0.7 0 1.6 0.4t1.3 0.8l2.7 2.7q0.5 0.5 0.9 1.4t0.4 1.6v4.6h1.1q1.4 0 2.4 1t1 2.4z\"\/><\/svg><\/span><\/a><\/li><li class=\"shariff-button mailto shariff-nocustomcolor\" style=\"background-color:#a8a8a8;border-radius:1%\"><a href=\"mailto:?body=https%3A%2F%2Fwww.sonnenseite.com%2Fde%2Fumwelt%2Fungerechter-zugang-zu-klimafinanzierung%2F&subject=Ungerechter%20Zugang%20zu%20Klimafinanzierung\" title=\"Per E-Mail versenden\" aria-label=\"Per E-Mail versenden\" role=\"button\" rel=\"noopener nofollow\" class=\"shariff-link\" style=\";border-radius:1%; background-color:#999; color:#fff\"><span class=\"shariff-icon\" style=\"\"><svg width=\"32px\" height=\"20px\" xmlns=\"http:\/\/www.w3.org\/2000\/svg\" viewBox=\"0 0 32 32\"><path fill=\"#999\" d=\"M32 12.7v14.2q0 1.2-0.8 2t-2 0.9h-26.3q-1.2 0-2-0.9t-0.8-2v-14.2q0.8 0.9 1.8 1.6 6.5 4.4 8.9 6.1 1 0.8 1.6 1.2t1.7 0.9 2 0.4h0.1q0.9 0 2-0.4t1.7-0.9 1.6-1.2q3-2.2 8.9-6.1 1-0.7 1.8-1.6zM32 7.4q0 1.4-0.9 2.7t-2.2 2.2q-6.7 4.7-8.4 5.8-0.2 0.1-0.7 0.5t-1 0.7-0.9 0.6-1.1 0.5-0.9 0.2h-0.1q-0.4 0-0.9-0.2t-1.1-0.5-0.9-0.6-1-0.7-0.7-0.5q-1.6-1.1-4.7-3.2t-3.6-2.6q-1.1-0.7-2.1-2t-1-2.5q0-1.4 0.7-2.3t2.1-0.9h26.3q1.2 0 2 0.8t0.9 2z\"\/><\/svg><\/span><\/a><\/li><\/ul><\/div>","protected":false},"excerpt":{"rendered":"<p>Brot f\u00fcr die Welt ermittelt mit Anpassungsindex erstmals Gerechtigkeitsl\u00fccken beim Zugang zu Klimafinanzierung. Bei der internationalen [&hellip;]<\/p>\n","protected":false},"author":3,"featured_media":95382,"comment_status":"closed","ping_status":"closed","sticky":false,"template":"","format":"standard","meta":{"inline_featured_image":false,"footnotes":""},"categories":[23],"tags":[],"class_list":["post-95380","post","type-post","status-publish","format-standard","has-post-thumbnail","hentry","category-umwelt"],"yoast_head":"<!-- This site is optimized with the Yoast SEO plugin v26.5 - https:\/\/yoast.com\/wordpress\/plugins\/seo\/ -->\n<title>Ungerechter Zugang zu Klimafinanzierung - Sonnenseite - \u00d6kologische Kommunikation mit Franz Alt<\/title>\n<meta name=\"description\" content=\"Brot f\u00fcr die Welt ermittelt mit Anpassungsindex erstmals Gerechtigkeitsl\u00fccken beim Zugang zu Klimafinanzierung. Bei der internationalen\" \/>\n<meta name=\"robots\" content=\"index, follow, max-snippet:-1, max-image-preview:large, max-video-preview:-1\" \/>\n<link rel=\"canonical\" href=\"https:\/\/www.sonnenseite.com\/de\/umwelt\/ungerechter-zugang-zu-klimafinanzierung\/\" \/>\n<meta property=\"og:locale\" content=\"de_DE\" \/>\n<meta property=\"og:type\" content=\"article\" \/>\n<meta property=\"og:title\" content=\"Ungerechter Zugang zu Klimafinanzierung - Sonnenseite - \u00d6kologische Kommunikation mit Franz Alt\" \/>\n<meta property=\"og:description\" content=\"Brot f\u00fcr die Welt ermittelt mit Anpassungsindex erstmals Gerechtigkeitsl\u00fccken beim Zugang zu Klimafinanzierung. Bei der internationalen\" \/>\n<meta property=\"og:url\" content=\"https:\/\/www.sonnenseite.com\/de\/umwelt\/ungerechter-zugang-zu-klimafinanzierung\/\" \/>\n<meta property=\"og:site_name\" content=\"Sonnenseite\" \/>\n<meta property=\"article:publisher\" content=\"https:\/\/www.facebook.com\/pages\/Franz-Alt-SONNENSEITECOM\/221072987903953?fref=ts\" \/>\n<meta property=\"article:published_time\" content=\"2023-11-18T01:32:00+00:00\" \/>\n<meta property=\"og:image\" content=\"https:\/\/www.sonnenseite.com\/wp-content\/uploads\/2023\/11\/Brot-fuer-die-Welt_Bangladesch_Klimawandel.jpg\" \/>\n\t<meta property=\"og:image:width\" content=\"770\" \/>\n\t<meta property=\"og:image:height\" content=\"420\" \/>\n\t<meta property=\"og:image:type\" content=\"image\/jpeg\" \/>\n<meta name=\"author\" content=\"Bigi Alt\" \/>\n<meta name=\"twitter:card\" content=\"summary_large_image\" \/>\n<meta name=\"twitter:creator\" content=\"@franzalt\" \/>\n<meta name=\"twitter:site\" content=\"@franzalt\" \/>\n<meta name=\"twitter:label1\" content=\"Verfasst von\" \/>\n\t<meta name=\"twitter:data1\" content=\"Bigi Alt\" \/>\n\t<meta name=\"twitter:label2\" content=\"Gesch\u00e4tzte Lesezeit\" \/>\n\t<meta name=\"twitter:data2\" content=\"3\u00a0Minuten\" \/>\n<script type=\"application\/ld+json\" class=\"yoast-schema-graph\">{\"@context\":\"https:\/\/schema.org\",\"@graph\":[{\"@type\":\"Article\",\"@id\":\"https:\/\/www.sonnenseite.com\/de\/umwelt\/ungerechter-zugang-zu-klimafinanzierung\/#article\",\"isPartOf\":{\"@id\":\"https:\/\/www.sonnenseite.com\/de\/umwelt\/ungerechter-zugang-zu-klimafinanzierung\/\"},\"author\":{\"name\":\"Bigi Alt\",\"@id\":\"https:\/\/www.sonnenseite.com\/de\/#\/schema\/person\/50fda0e926597684c7cc6695238a4eb9\"},\"headline\":\"Ungerechter Zugang zu Klimafinanzierung\",\"datePublished\":\"2023-11-18T01:32:00+00:00\",\"mainEntityOfPage\":{\"@id\":\"https:\/\/www.sonnenseite.com\/de\/umwelt\/ungerechter-zugang-zu-klimafinanzierung\/\"},\"wordCount\":476,\"publisher\":{\"@id\":\"https:\/\/www.sonnenseite.com\/de\/#organization\"},\"image\":{\"@id\":\"https:\/\/www.sonnenseite.com\/de\/umwelt\/ungerechter-zugang-zu-klimafinanzierung\/#primaryimage\"},\"thumbnailUrl\":\"https:\/\/www.sonnenseite.com\/wp-content\/uploads\/2023\/11\/Brot-fuer-die-Welt_Bangladesch_Klimawandel.jpg\",\"articleSection\":[\"Umwelt\"],\"inLanguage\":\"de\"},{\"@type\":\"WebPage\",\"@id\":\"https:\/\/www.sonnenseite.com\/de\/umwelt\/ungerechter-zugang-zu-klimafinanzierung\/\",\"url\":\"https:\/\/www.sonnenseite.com\/de\/umwelt\/ungerechter-zugang-zu-klimafinanzierung\/\",\"name\":\"Ungerechter Zugang zu Klimafinanzierung - Sonnenseite - \u00d6kologische Kommunikation mit Franz Alt\",\"isPartOf\":{\"@id\":\"https:\/\/www.sonnenseite.com\/de\/#website\"},\"primaryImageOfPage\":{\"@id\":\"https:\/\/www.sonnenseite.com\/de\/umwelt\/ungerechter-zugang-zu-klimafinanzierung\/#primaryimage\"},\"image\":{\"@id\":\"https:\/\/www.sonnenseite.com\/de\/umwelt\/ungerechter-zugang-zu-klimafinanzierung\/#primaryimage\"},\"thumbnailUrl\":\"https:\/\/www.sonnenseite.com\/wp-content\/uploads\/2023\/11\/Brot-fuer-die-Welt_Bangladesch_Klimawandel.jpg\",\"datePublished\":\"2023-11-18T01:32:00+00:00\",\"description\":\"Brot f\u00fcr die Welt ermittelt mit Anpassungsindex erstmals Gerechtigkeitsl\u00fccken beim Zugang zu Klimafinanzierung. Bei der internationalen\",\"breadcrumb\":{\"@id\":\"https:\/\/www.sonnenseite.com\/de\/umwelt\/ungerechter-zugang-zu-klimafinanzierung\/#breadcrumb\"},\"inLanguage\":\"de\",\"potentialAction\":[{\"@type\":\"ReadAction\",\"target\":[\"https:\/\/www.sonnenseite.com\/de\/umwelt\/ungerechter-zugang-zu-klimafinanzierung\/\"]}]},{\"@type\":\"ImageObject\",\"inLanguage\":\"de\",\"@id\":\"https:\/\/www.sonnenseite.com\/de\/umwelt\/ungerechter-zugang-zu-klimafinanzierung\/#primaryimage\",\"url\":\"https:\/\/www.sonnenseite.com\/wp-content\/uploads\/2023\/11\/Brot-fuer-die-Welt_Bangladesch_Klimawandel.jpg\",\"contentUrl\":\"https:\/\/www.sonnenseite.com\/wp-content\/uploads\/2023\/11\/Brot-fuer-die-Welt_Bangladesch_Klimawandel.jpg\",\"width\":770,\"height\":420,\"caption\":\"Brot f\u00fcr die Welt | Bangladesch | Reisfeld | Klimawandel\"},{\"@type\":\"BreadcrumbList\",\"@id\":\"https:\/\/www.sonnenseite.com\/de\/umwelt\/ungerechter-zugang-zu-klimafinanzierung\/#breadcrumb\",\"itemListElement\":[{\"@type\":\"ListItem\",\"position\":1,\"name\":\"Startseite\",\"item\":\"https:\/\/www.sonnenseite.com\/de\/\"},{\"@type\":\"ListItem\",\"position\":2,\"name\":\"Ungerechter Zugang zu Klimafinanzierung\"}]},{\"@type\":\"WebSite\",\"@id\":\"https:\/\/www.sonnenseite.com\/de\/#website\",\"url\":\"https:\/\/www.sonnenseite.com\/de\/\",\"name\":\"Sonnenseite\",\"description\":\"\u00d6kologische Kommunikation mit Franz Alt\",\"publisher\":{\"@id\":\"https:\/\/www.sonnenseite.com\/de\/#organization\"},\"potentialAction\":[{\"@type\":\"SearchAction\",\"target\":{\"@type\":\"EntryPoint\",\"urlTemplate\":\"https:\/\/www.sonnenseite.com\/de\/?s={search_term_string}\"},\"query-input\":{\"@type\":\"PropertyValueSpecification\",\"valueRequired\":true,\"valueName\":\"search_term_string\"}}],\"inLanguage\":\"de\"},{\"@type\":\"Organization\",\"@id\":\"https:\/\/www.sonnenseite.com\/de\/#organization\",\"name\":\"Sonnenseite\",\"url\":\"https:\/\/www.sonnenseite.com\/de\/\",\"logo\":{\"@type\":\"ImageObject\",\"inLanguage\":\"de\",\"@id\":\"https:\/\/www.sonnenseite.com\/de\/#\/schema\/logo\/image\/\",\"url\":\"https:\/\/www.sonnenseite.com\/wp-content\/uploads\/2020\/05\/Sonnenseite_Logo.png\",\"contentUrl\":\"https:\/\/www.sonnenseite.com\/wp-content\/uploads\/2020\/05\/Sonnenseite_Logo.png\",\"width\":377,\"height\":90,\"caption\":\"Sonnenseite\"},\"image\":{\"@id\":\"https:\/\/www.sonnenseite.com\/de\/#\/schema\/logo\/image\/\"},\"sameAs\":[\"https:\/\/www.facebook.com\/pages\/Franz-Alt-SONNENSEITECOM\/221072987903953?fref=ts\",\"https:\/\/x.com\/franzalt\",\"http:\/\/www.youtube.com\/results?search_query&amp;amp;quot;franz_alt&amp;amp;quot;&amp;amp;amp;amp;search_type&amp;amp;amp;amp;aq=f\"]},{\"@type\":\"Person\",\"@id\":\"https:\/\/www.sonnenseite.com\/de\/#\/schema\/person\/50fda0e926597684c7cc6695238a4eb9\",\"name\":\"Bigi Alt\"}]}<\/script>\n<!-- \/ Yoast SEO plugin. -->","yoast_head_json":{"title":"Ungerechter Zugang zu Klimafinanzierung - Sonnenseite - \u00d6kologische Kommunikation mit Franz Alt","description":"Brot f\u00fcr die Welt ermittelt mit Anpassungsindex erstmals Gerechtigkeitsl\u00fccken beim Zugang zu Klimafinanzierung. Bei der internationalen","robots":{"index":"index","follow":"follow","max-snippet":"max-snippet:-1","max-image-preview":"max-image-preview:large","max-video-preview":"max-video-preview:-1"},"canonical":"https:\/\/www.sonnenseite.com\/de\/umwelt\/ungerechter-zugang-zu-klimafinanzierung\/","og_locale":"de_DE","og_type":"article","og_title":"Ungerechter Zugang zu Klimafinanzierung - Sonnenseite - \u00d6kologische Kommunikation mit Franz Alt","og_description":"Brot f\u00fcr die Welt ermittelt mit Anpassungsindex erstmals Gerechtigkeitsl\u00fccken beim Zugang zu Klimafinanzierung. Bei der internationalen","og_url":"https:\/\/www.sonnenseite.com\/de\/umwelt\/ungerechter-zugang-zu-klimafinanzierung\/","og_site_name":"Sonnenseite","article_publisher":"https:\/\/www.facebook.com\/pages\/Franz-Alt-SONNENSEITECOM\/221072987903953?fref=ts","article_published_time":"2023-11-18T01:32:00+00:00","og_image":[{"width":770,"height":420,"url":"https:\/\/www.sonnenseite.com\/wp-content\/uploads\/2023\/11\/Brot-fuer-die-Welt_Bangladesch_Klimawandel.jpg","type":"image\/jpeg"}],"author":"Bigi Alt","twitter_card":"summary_large_image","twitter_creator":"@franzalt","twitter_site":"@franzalt","twitter_misc":{"Verfasst von":"Bigi Alt","Gesch\u00e4tzte Lesezeit":"3\u00a0Minuten"},"schema":{"@context":"https:\/\/schema.org","@graph":[{"@type":"Article","@id":"https:\/\/www.sonnenseite.com\/de\/umwelt\/ungerechter-zugang-zu-klimafinanzierung\/#article","isPartOf":{"@id":"https:\/\/www.sonnenseite.com\/de\/umwelt\/ungerechter-zugang-zu-klimafinanzierung\/"},"author":{"name":"Bigi Alt","@id":"https:\/\/www.sonnenseite.com\/de\/#\/schema\/person\/50fda0e926597684c7cc6695238a4eb9"},"headline":"Ungerechter Zugang zu Klimafinanzierung","datePublished":"2023-11-18T01:32:00+00:00","mainEntityOfPage":{"@id":"https:\/\/www.sonnenseite.com\/de\/umwelt\/ungerechter-zugang-zu-klimafinanzierung\/"},"wordCount":476,"publisher":{"@id":"https:\/\/www.sonnenseite.com\/de\/#organization"},"image":{"@id":"https:\/\/www.sonnenseite.com\/de\/umwelt\/ungerechter-zugang-zu-klimafinanzierung\/#primaryimage"},"thumbnailUrl":"https:\/\/www.sonnenseite.com\/wp-content\/uploads\/2023\/11\/Brot-fuer-die-Welt_Bangladesch_Klimawandel.jpg","articleSection":["Umwelt"],"inLanguage":"de"},{"@type":"WebPage","@id":"https:\/\/www.sonnenseite.com\/de\/umwelt\/ungerechter-zugang-zu-klimafinanzierung\/","url":"https:\/\/www.sonnenseite.com\/de\/umwelt\/ungerechter-zugang-zu-klimafinanzierung\/","name":"Ungerechter Zugang zu Klimafinanzierung - Sonnenseite - \u00d6kologische Kommunikation mit Franz Alt","isPartOf":{"@id":"https:\/\/www.sonnenseite.com\/de\/#website"},"primaryImageOfPage":{"@id":"https:\/\/www.sonnenseite.com\/de\/umwelt\/ungerechter-zugang-zu-klimafinanzierung\/#primaryimage"},"image":{"@id":"https:\/\/www.sonnenseite.com\/de\/umwelt\/ungerechter-zugang-zu-klimafinanzierung\/#primaryimage"},"thumbnailUrl":"https:\/\/www.sonnenseite.com\/wp-content\/uploads\/2023\/11\/Brot-fuer-die-Welt_Bangladesch_Klimawandel.jpg","datePublished":"2023-11-18T01:32:00+00:00","description":"Brot f\u00fcr die Welt ermittelt mit Anpassungsindex erstmals Gerechtigkeitsl\u00fccken beim Zugang zu Klimafinanzierung. Bei der internationalen","breadcrumb":{"@id":"https:\/\/www.sonnenseite.com\/de\/umwelt\/ungerechter-zugang-zu-klimafinanzierung\/#breadcrumb"},"inLanguage":"de","potentialAction":[{"@type":"ReadAction","target":["https:\/\/www.sonnenseite.com\/de\/umwelt\/ungerechter-zugang-zu-klimafinanzierung\/"]}]},{"@type":"ImageObject","inLanguage":"de","@id":"https:\/\/www.sonnenseite.com\/de\/umwelt\/ungerechter-zugang-zu-klimafinanzierung\/#primaryimage","url":"https:\/\/www.sonnenseite.com\/wp-content\/uploads\/2023\/11\/Brot-fuer-die-Welt_Bangladesch_Klimawandel.jpg","contentUrl":"https:\/\/www.sonnenseite.com\/wp-content\/uploads\/2023\/11\/Brot-fuer-die-Welt_Bangladesch_Klimawandel.jpg","width":770,"height":420,"caption":"Brot f\u00fcr die Welt | Bangladesch | Reisfeld | Klimawandel"},{"@type":"BreadcrumbList","@id":"https:\/\/www.sonnenseite.com\/de\/umwelt\/ungerechter-zugang-zu-klimafinanzierung\/#breadcrumb","itemListElement":[{"@type":"ListItem","position":1,"name":"Startseite","item":"https:\/\/www.sonnenseite.com\/de\/"},{"@type":"ListItem","position":2,"name":"Ungerechter Zugang zu Klimafinanzierung"}]},{"@type":"WebSite","@id":"https:\/\/www.sonnenseite.com\/de\/#website","url":"https:\/\/www.sonnenseite.com\/de\/","name":"Sonnenseite","description":"\u00d6kologische Kommunikation mit Franz Alt","publisher":{"@id":"https:\/\/www.sonnenseite.com\/de\/#organization"},"potentialAction":[{"@type":"SearchAction","target":{"@type":"EntryPoint","urlTemplate":"https:\/\/www.sonnenseite.com\/de\/?s={search_term_string}"},"query-input":{"@type":"PropertyValueSpecification","valueRequired":true,"valueName":"search_term_string"}}],"inLanguage":"de"},{"@type":"Organization","@id":"https:\/\/www.sonnenseite.com\/de\/#organization","name":"Sonnenseite","url":"https:\/\/www.sonnenseite.com\/de\/","logo":{"@type":"ImageObject","inLanguage":"de","@id":"https:\/\/www.sonnenseite.com\/de\/#\/schema\/logo\/image\/","url":"https:\/\/www.sonnenseite.com\/wp-content\/uploads\/2020\/05\/Sonnenseite_Logo.png","contentUrl":"https:\/\/www.sonnenseite.com\/wp-content\/uploads\/2020\/05\/Sonnenseite_Logo.png","width":377,"height":90,"caption":"Sonnenseite"},"image":{"@id":"https:\/\/www.sonnenseite.com\/de\/#\/schema\/logo\/image\/"},"sameAs":["https:\/\/www.facebook.com\/pages\/Franz-Alt-SONNENSEITECOM\/221072987903953?fref=ts","https:\/\/x.com\/franzalt","http:\/\/www.youtube.com\/results?search_query&amp;amp;quot;franz_alt&amp;amp;quot;&amp;amp;amp;amp;search_type&amp;amp;amp;amp;aq=f"]},{"@type":"Person","@id":"https:\/\/www.sonnenseite.com\/de\/#\/schema\/person\/50fda0e926597684c7cc6695238a4eb9","name":"Bigi Alt"}]}},"_links":{"self":[{"href":"https:\/\/www.sonnenseite.com\/de\/wp-json\/wp\/v2\/posts\/95380","targetHints":{"allow":["GET"]}}],"collection":[{"href":"https:\/\/www.sonnenseite.com\/de\/wp-json\/wp\/v2\/posts"}],"about":[{"href":"https:\/\/www.sonnenseite.com\/de\/wp-json\/wp\/v2\/types\/post"}],"author":[{"embeddable":true,"href":"https:\/\/www.sonnenseite.com\/de\/wp-json\/wp\/v2\/users\/3"}],"replies":[{"embeddable":true,"href":"https:\/\/www.sonnenseite.com\/de\/wp-json\/wp\/v2\/comments?post=95380"}],"version-history":[{"count":2,"href":"https:\/\/www.sonnenseite.com\/de\/wp-json\/wp\/v2\/posts\/95380\/revisions"}],"predecessor-version":[{"id":95384,"href":"https:\/\/www.sonnenseite.com\/de\/wp-json\/wp\/v2\/posts\/95380\/revisions\/95384"}],"wp:featuredmedia":[{"embeddable":true,"href":"https:\/\/www.sonnenseite.com\/de\/wp-json\/wp\/v2\/media\/95382"}],"wp:attachment":[{"href":"https:\/\/www.sonnenseite.com\/de\/wp-json\/wp\/v2\/media?parent=95380"}],"wp:term":[{"taxonomy":"category","embeddable":true,"href":"https:\/\/www.sonnenseite.com\/de\/wp-json\/wp\/v2\/categories?post=95380"},{"taxonomy":"post_tag","embeddable":true,"href":"https:\/\/www.sonnenseite.com\/de\/wp-json\/wp\/v2\/tags?post=95380"}],"curies":[{"name":"wp","href":"https:\/\/api.w.org\/{rel}","templated":true}]}}