{"id":95414,"date":"2023-11-20T02:42:00","date_gmt":"2023-11-20T01:42:00","guid":{"rendered":"https:\/\/www.sonnenseite.com\/?p=95414"},"modified":"2023-11-19T10:42:52","modified_gmt":"2023-11-19T09:42:52","slug":"vielfaeltige-waelder-koennten-riesige-co2-speicher-sein","status":"publish","type":"post","link":"https:\/\/www.sonnenseite.com\/de\/umwelt\/vielfaeltige-waelder-koennten-riesige-co2-speicher-sein\/","title":{"rendered":"Vielf\u00e4ltige W\u00e4lder k\u00f6nnten riesige CO2-Speicher sein"},"content":{"rendered":"\n<p>Laut einer neuen Studie k\u00f6nnte die Wiederherstellung nat\u00fcrlicher W\u00e4lder rund 226 Gigatonnen Kohlenstoff binden \u2013 allerdings nur dann, wenn die Menschheit auch ihre Treibhausgasemissionen stark reduziert. Zudem braucht es gemeinsame Anstrengungen zum Erhalt und zur Wiederherstellung der biologischen Vielfalt.<\/p>\n\n\n\n<h4 class=\"wp-block-heading\">In K\u00fcrze<\/h4>\n\n\n\n<ul class=\"wp-block-list\">\n<li>W\u00e4lder k\u00f6nnten in Gebieten, wo sie nat\u00fcrlicherweise vorkommen, rund 226 Gigatonnen (Gt) Kohlenstoff binden.<\/li>\n\n\n\n<li>Dieses Potenzial kann nur ausgesch\u00f6pft werden, wenn die Menschheit gleichzeitig ihre Treibhausgasemissionen reduziert und damit Klimafolgesch\u00e4den wie D\u00fcrren und Hitze minimiert.<\/li>\n\n\n\n<li>61 Prozent des Potenzials k\u00f6nnten erreicht werden, indem bestehende W\u00e4lder gesch\u00fctzt werden und bis zu ihrer nat\u00fcrlichen Reife nachwachsen k\u00f6nnen.<\/li>\n\n\n\n<li>39 Prozent k\u00f6nnten erreicht werden, indem fragmentierte Landschaften durch die Wiederherstellung von \u00d6kosystemen durch lokale Gemeinschaften wieder miteinander verbunden werden.<\/li>\n\n\n\n<li>Nur durch die gleichzeitige F\u00f6rderung der nat\u00fcrlichen Artenvielfalt kann das CO<sub>2<\/sub>-\u200bSpeicherpotenzial der W\u00e4lder maximiert werden.<\/li>\n<\/ul>\n\n\n\n<p>Soeben wurde in der Fachzeitschrift <a href=\"https:\/\/www.nature.com\/articles\/s41586-023-06723-z\">externe SeiteNaturecall_made<\/a> eine neue Studie \u00fcber das Kohlenstoffspeicherpotenzial von W\u00e4ldern ver\u00f6ffentlicht. Sie zeigt, dass W\u00e4lder weltweit rund 226 Gigatonnen (Gt) Kohlenstoff zus\u00e4tzlich binden k\u00f6nnten. Die Studie unterstreicht die entscheidende Bedeutung der Erhaltung, Wiederherstellung und nachhaltigen Bewirtschaftung von W\u00e4ldern f\u00fcr das Erreichen der internationalen Klima-\u200b und Biodiversit\u00e4tsziele. Die Forschenden betonen, dass dieses Potenzial durch Anreize f\u00fcr gemeinschaftliche Anstrengungen zur F\u00f6rderung der Biodiversit\u00e4t erreicht werden kann. An der Studie waren Hunderte von Wissenschaftlern aus aller Welt beteiligt.<\/p>\n\n\n\n<h4 class=\"wp-block-heading\">Kontroverses Thema<\/h4>\n\n\n\n<p>Das CO<sub>2<\/sub>-\u200bSpeicherpotenzial von W\u00e4ldern ist ein kontrovers diskutiertes Thema. Eine \u00e4hnliche Studie, die vor vier Jahren in der Fachzeitschrift Science ver\u00f6ffentlicht wurde, ergab, dass durch Wiederaufforstung \u00fcber 200 Gt Kohlenstoff gebunden werden k\u00f6nnten \u2013 was etwa 30 Prozent des vom Menschen in die Atmosph\u00e4re freigesetzten Kohlenstoffs entspricht.<\/p>\n\n\n\n<p>Damit entbrannte nicht nur eine wissenschaftliche Debatte \u00fcber die Rolle der Natur im Kampf gegen den Klimawandel. W\u00e4hrend weitere Studien die Ergebnisse best\u00e4tigten, warnten andere davor, dass das Speicherpotenzial um das Vier-\u200b bis F\u00fcnffache \u00fcbersch\u00e4tzt worden sein k\u00f6nnte. Die Studie weckte zudem Bedenken bez\u00fcglich der negativen Auswirkungen von Massenaufforstungen, Kohlenstoffkompensationsprogrammen und Greenwashing.<\/p>\n\n\n\n<p>Um dieses kontroverse Thema anzugehen, hat sich ein internationales Team von hunderten Forschenden unter der Leitung des Crowther Lab der ETH Z\u00fcrich zusammengeschlossen und das Speicherpotenzial von W\u00e4ldern neu bewertet. Dazu verwendeten die Forschenden eine breite Palette von Ans\u00e4tzen, einschliesslich umfangreicher bodengest\u00fctzter Datenaufnahmen und Satellitendaten.<\/p>\n\n\n\n<h4 class=\"wp-block-heading\">Wege zu vollem CO<sub>2<\/sub>-\u200bSpeicherpotenzial der W\u00e4lder<\/h4>\n\n\n\n<p>Aufgrund der fortschreitenden Entwaldung liegt das Kohlenstoff-\u200bSpeicherverm\u00f6gen der W\u00e4lder weltweit um etwa 328 Gt unter seinem nat\u00fcrlichen Potenzial. Einen Grossteil der gerodeten Fl\u00e4chen nutzt der Mensch mittlerweile f\u00fcr Siedlungen und die Landwirtschaft. Ausserhalb dieser Gebiete, in nur d\u00fcnn besiedelten Regionen, k\u00f6nnte die Renaturierung von W\u00e4ldern den Forschenden zufolge noch rund 226 Gt Kohlenstoff binden. Etwa 61 Prozent dieses Potenzials k\u00f6nnen erreicht werden, indem bestehende W\u00e4lder gesch\u00fctzt werden und sich bis zur nat\u00fcrlichen Reife erholen k\u00f6nnen. Die restlichen 39 Prozent k\u00f6nnen durch die Wiedervernetzung fragmentierter Waldlandschaften, durch nachhaltiges Management und Wiederherstellung von \u00d6kosystemen erreicht werden.<\/p>\n\n\n\n<p>\u00abDie meisten W\u00e4lder der Erde sind stark gesch\u00e4digt. Die meisten Menschen waren noch nie in einem der wenigen Prim\u00e4rw\u00e4lder, die es noch gibt\u00bb, erkl\u00e4rt Lidong Mo, einer der Hauptautoren der Studie. \u00abUm die Biodiversit\u00e4t weltweit wiederherzustellen, muss vor allem die Entwaldung gestoppt werden.\u00bb<\/p>\n\n\n\n<blockquote class=\"wp-block-quote is-layout-flow wp-block-quote-is-layout-flow\">\n<p>\u00abNur wenn eine gesunde Artenvielfalt zur bevorzugten Wahl f\u00fcr lokale Gemeinschaften wird, erreichen wir langfristig als positiven Nebeneffekt das volle CO2-\u200b\u200bSpeicherpotenzial.\u00bb<\/p>\n<cite>Thomas Crowther<\/cite><\/blockquote>\n\n\n\n<p>Die neuen Daten zeigen weiter, dass ungef\u00e4hr die H\u00e4lfte des globalen Speicherpotenzials von W\u00e4ldern von der Biodiversit\u00e4t abh\u00e4ngt. Daher betonen die Forschenden, dass Wiederherstellungsmassnahmen auf die nat\u00fcrliche Artenvielfalt abst\u00fctzen m\u00fcssen, um das volle Speicherverm\u00f6gen zu erreichen. Zudem liesse sich dieses durch nachhaltige Land-\u200b und Forstwirtschaft sowie Wiederherstellungsmassnahmen zur F\u00f6rderung von Biodiversit\u00e4t maximieren.<\/p>\n\n\n\n<h4 class=\"wp-block-heading\">Wiederherstellung neu definiert<\/h4>\n\n\n\n<p>Die Autorinnen und Autoren betonen, dass verantwortungsvolle Wiederherstellung von \u00d6kosystemen eine grundlegend gesellschaftliche Aufgabe ist. Sie beinhaltet zahlreiche Massnahmen wie das Ausscheiden von Schutzgebieten, die nat\u00fcrliche Regenerierung, Renaturierung, Forstwirtschaft, Agroforstwirtschaft und alle anderen von der Gemeinschaft getragenen Bem\u00fchungen zur F\u00f6rderung der Biodiversit\u00e4t. N\u00f6tig ist dazu eine gerechte Entwicklung, die durch Richtlinien vorangetrieben wird, welche die Rechte lokaler Gemeinschaften und indigener V\u00f6lker priorisieren.<\/p>\n\n\n\n<p>\u00abWir m\u00fcssen bei vielen Menschen ein neues Verst\u00e4ndnis von Wiederherstellung verankern\u00bb, sagt Thomas Crowther, leitender Autor der Studie und Professor an der ETH Z\u00fcrich. \u00abWiederherstellung bedeutet nicht, massenhaft B\u00e4ume zu pflanzen, um Kohlenstoffemissionen auszugleichen. Wiederherstellung bedeutet, den Wohlstand zu Millionen von lokalen Gemeinschaften, indigenen V\u00f6lkern und Bauern umzulenken, die weltweit die biologische Vielfalt f\u00f6rdern. Nur wenn eine gesunde Artenvielfalt zur bevorzugten Wahl f\u00fcr lokale Gemeinschaften wird, erreichen wir langfristig als positiven Nebeneffekt das volle CO<sub>2<\/sub>-\u200bSpeicherpotenzial.\u00bb<\/p>\n\n\n\n<blockquote class=\"wp-block-quote is-layout-flow wp-block-quote-is-layout-flow\">\n<p>\u00abWir brauchen die Natur f\u00fcr das Klima und wir brauchen Klimaschutz f\u00fcr die Natur!\u00bb <\/p>\n<cite>Thomas Crowther<\/cite><\/blockquote>\n\n\n\n<p>Das Wissenschaftsteam kommt weiter zum Schluss, dass umweltgerechte Wiederherstellung nicht andere \u00d6kosysteme, die von Natur aus waldfrei sind, wie Tundren oder Grasl\u00e4nder, umfassen darf. \u00abBei der globalen Wiederherstellung von Natur geht es nicht nur um B\u00e4ume\u00bb, sagt Constantin Zohner, Senior Scientist an der ETH Z\u00fcrich. \u00abWir m\u00fcssen die nat\u00fcrliche Biodiversit\u00e4t aller \u00d6kosysteme, die f\u00fcr das Leben auf der Erde wichtig sind, sch\u00fctzen \u2013 dazu z\u00e4hlen auch Wiesen, Moore oder Feuchtgebiete.\u00bb<\/p>\n\n\n\n<h4 class=\"wp-block-heading\">Die Natur als Verb\u00fcndete im Kampf gegen den Klimawandel<\/h4>\n\n\n\n<p>Die Studie beleuchtet die entscheidende Bedeutung nat\u00fcrlicher, vielf\u00e4ltiger W\u00e4lder, die bis zu 30 Prozent des vom Menschen verursachten Kohlenstoffs binden k\u00f6nnten. Wiederherstellungsmassnahmen ersetzen jedoch keine der Massnahmen zur Reduzierung der Emissionen aus fossilen Brennstoffen. Wenn der Treibhausgasausstoss weiter steige, so warnt die Studie, w\u00fcrden W\u00e4lder durch anhaltende D\u00fcrren, Waldbr\u00e4nde und die Erderw\u00e4rmung bedroht. Dies w\u00fcrde auch ihr Kohlenstoff-\u200bSpeicherverm\u00f6gen massiv schm\u00e4lern.<\/p>\n\n\n\n<p>\u00abMeine gr\u00f6sste Bef\u00fcrchtung ist, dass Unternehmen die Erkenntnisse unserer Studie missbrauchen, um ihre Treibhausgasemissionen nicht senken zu m\u00fcssen. Aber je mehr Treibhausgase wir ausstossen, desto gr\u00f6sser ist die Gefahr f\u00fcr Mensch und Natur. Wir k\u00f6nnen allerdings nicht w\u00e4hlen, ob wir Emissionen senken oder die Natur sch\u00fctzen wollen \u2013 beides ist dringend n\u00f6tig. Wir brauchen die Natur f\u00fcr das Klima und wir brauchen Klimaschutz f\u00fcr die Natur\u00bb, betont Crowther.<a><\/a><\/p>\n\n\n\n<ul class=\"wp-block-list\">\n<li>Mo L, Zohner CM, Reich PB, et al. Integrated global assessment of the natural forest carbon potential. <em>Nature<\/em>, 13. November 2023, DOI: <a href=\"https:\/\/doi.org\/10.1038\/s41586-023-06723-z\">externe Seite10.1038\/s41586-\u200b023-06723-zcall_made<\/a><\/li>\n<\/ul>\n\n\n<h5 class=\"green\">Quelle<\/h5>\r\n\n\n\n<p><a href=\"https:\/\/ethz.ch\/de\/news-und-veranstaltungen\/eth-news\/news\/2023\/11\/vielfaeltige-waelder-koennten-riesige-co2-speicher-sein-aber-nur-wenn-die-emissionen-sinken.html\">ETH Z\u00fcrich 2023<\/a><\/p>\n<div class=\"shariff shariff-align-flex-start shariff-widget-align-flex-start\"><div class=\"ShariffHeadline\">Diese Meldung teilen<\/div><ul class=\"shariff-buttons theme-round orientation-horizontal buttonsize-medium\"><li class=\"shariff-button facebook shariff-nocustomcolor\" style=\"background-color:#4273c8;border-radius:1%\"><a href=\"https:\/\/www.facebook.com\/sharer\/sharer.php?u=https%3A%2F%2Fwww.sonnenseite.com%2Fde%2Fumwelt%2Fvielfaeltige-waelder-koennten-riesige-co2-speicher-sein%2F\" title=\"Bei Facebook teilen\" aria-label=\"Bei Facebook teilen\" role=\"button\" rel=\"nofollow\" class=\"shariff-link\" style=\";border-radius:1%; background-color:#3b5998; color:#fff\" target=\"_blank\"><span class=\"shariff-icon\" style=\"\"><svg width=\"32px\" height=\"20px\" xmlns=\"http:\/\/www.w3.org\/2000\/svg\" viewBox=\"0 0 18 32\"><path fill=\"#3b5998\" d=\"M17.1 0.2v4.7h-2.8q-1.5 0-2.1 0.6t-0.5 1.9v3.4h5.2l-0.7 5.3h-4.5v13.6h-5.5v-13.6h-4.5v-5.3h4.5v-3.9q0-3.3 1.9-5.2t5-1.8q2.6 0 4.1 0.2z\"\/><\/svg><\/span><\/a><\/li><li class=\"shariff-button twitter shariff-nocustomcolor\" style=\"background-color:#595959;border-radius:1%\"><a href=\"https:\/\/twitter.com\/share?url=https%3A%2F%2Fwww.sonnenseite.com%2Fde%2Fumwelt%2Fvielfaeltige-waelder-koennten-riesige-co2-speicher-sein%2F&text=Vielf%C3%A4ltige%20W%C3%A4lder%20k%C3%B6nnten%20riesige%20CO2-Speicher%20sein\" title=\"Bei X teilen\" aria-label=\"Bei X teilen\" role=\"button\" rel=\"noopener nofollow\" class=\"shariff-link\" style=\";border-radius:1%; background-color:#000; color:#fff\" target=\"_blank\"><span class=\"shariff-icon\" style=\"\"><svg width=\"32px\" height=\"20px\" xmlns=\"http:\/\/www.w3.org\/2000\/svg\" viewBox=\"0 0 24 24\"><path fill=\"#000\" d=\"M14.258 10.152L23.176 0h-2.113l-7.747 8.813L7.133 0H0l9.352 13.328L0 23.973h2.113l8.176-9.309 6.531 9.309h7.133zm-2.895 3.293l-.949-1.328L2.875 1.56h3.246l6.086 8.523.945 1.328 7.91 11.078h-3.246zm0 0\"\/><\/svg><\/span><\/a><\/li><li class=\"shariff-button xing shariff-nocustomcolor\" style=\"background-color:#29888a;border-radius:1%\"><a href=\"https:\/\/www.xing.com\/spi\/shares\/new?url=https%3A%2F%2Fwww.sonnenseite.com%2Fde%2Fumwelt%2Fvielfaeltige-waelder-koennten-riesige-co2-speicher-sein%2F\" title=\"Bei XING teilen\" aria-label=\"Bei XING teilen\" role=\"button\" rel=\"noopener nofollow\" class=\"shariff-link\" style=\";border-radius:1%; background-color:#126567; color:#fff\" target=\"_blank\"><span class=\"shariff-icon\" style=\"\"><svg width=\"32px\" height=\"20px\" xmlns=\"http:\/\/www.w3.org\/2000\/svg\" viewBox=\"0 0 25 32\"><path fill=\"#126567\" d=\"M10.7 11.9q-0.2 0.3-4.6 8.2-0.5 0.8-1.2 0.8h-4.3q-0.4 0-0.5-0.3t0-0.6l4.5-8q0 0 0 0l-2.9-5q-0.2-0.4 0-0.7 0.2-0.3 0.5-0.3h4.3q0.7 0 1.2 0.8zM25.1 0.4q0.2 0.3 0 0.7l-9.4 16.7 6 11q0.2 0.4 0 0.6-0.2 0.3-0.6 0.3h-4.3q-0.7 0-1.2-0.8l-6-11.1q0.3-0.6 9.5-16.8 0.4-0.8 1.2-0.8h4.3q0.4 0 0.5 0.3z\"\/><\/svg><\/span><\/a><\/li><li class=\"shariff-button linkedin shariff-nocustomcolor\" style=\"background-color:#1488bf;border-radius:1%\"><a href=\"https:\/\/www.linkedin.com\/sharing\/share-offsite\/?url=https%3A%2F%2Fwww.sonnenseite.com%2Fde%2Fumwelt%2Fvielfaeltige-waelder-koennten-riesige-co2-speicher-sein%2F\" title=\"Bei LinkedIn teilen\" aria-label=\"Bei LinkedIn teilen\" role=\"button\" rel=\"noopener nofollow\" class=\"shariff-link\" style=\";border-radius:1%; background-color:#0077b5; color:#fff\" target=\"_blank\"><span class=\"shariff-icon\" style=\"\"><svg width=\"32px\" height=\"20px\" xmlns=\"http:\/\/www.w3.org\/2000\/svg\" viewBox=\"0 0 27 32\"><path fill=\"#0077b5\" d=\"M6.2 11.2v17.7h-5.9v-17.7h5.9zM6.6 5.7q0 1.3-0.9 2.2t-2.4 0.9h0q-1.5 0-2.4-0.9t-0.9-2.2 0.9-2.2 2.4-0.9 2.4 0.9 0.9 2.2zM27.4 18.7v10.1h-5.9v-9.5q0-1.9-0.7-2.9t-2.3-1.1q-1.1 0-1.9 0.6t-1.2 1.5q-0.2 0.5-0.2 1.4v9.9h-5.9q0-7.1 0-11.6t0-5.3l0-0.9h5.9v2.6h0q0.4-0.6 0.7-1t1-0.9 1.6-0.8 2-0.3q3 0 4.9 2t1.9 6z\"\/><\/svg><\/span><\/a><\/li><li class=\"shariff-button printer shariff-nocustomcolor\" style=\"background-color:#a8a8a8;border-radius:1%\"><a href=\"javascript:window.print()\" title=\"drucken\" aria-label=\"drucken\" role=\"button\" rel=\"noopener nofollow\" class=\"shariff-link\" style=\";border-radius:1%; background-color:#999; color:#fff\"><span class=\"shariff-icon\" style=\"\"><svg width=\"32px\" height=\"20px\" xmlns=\"http:\/\/www.w3.org\/2000\/svg\" viewBox=\"0 0 30 32\"><path fill=\"#999\" d=\"M6.8 27.4h16v-4.6h-16v4.6zM6.8 16h16v-6.8h-2.8q-0.7 0-1.2-0.5t-0.5-1.2v-2.8h-11.4v11.4zM27.4 17.2q0-0.5-0.3-0.8t-0.8-0.4-0.8 0.4-0.3 0.8 0.3 0.8 0.8 0.3 0.8-0.3 0.3-0.8zM29.7 17.2v7.4q0 0.2-0.2 0.4t-0.4 0.2h-4v2.8q0 0.7-0.5 1.2t-1.2 0.5h-17.2q-0.7 0-1.2-0.5t-0.5-1.2v-2.8h-4q-0.2 0-0.4-0.2t-0.2-0.4v-7.4q0-1.4 1-2.4t2.4-1h1.2v-9.7q0-0.7 0.5-1.2t1.2-0.5h12q0.7 0 1.6 0.4t1.3 0.8l2.7 2.7q0.5 0.5 0.9 1.4t0.4 1.6v4.6h1.1q1.4 0 2.4 1t1 2.4z\"\/><\/svg><\/span><\/a><\/li><li class=\"shariff-button mailto shariff-nocustomcolor\" style=\"background-color:#a8a8a8;border-radius:1%\"><a href=\"mailto:?body=https%3A%2F%2Fwww.sonnenseite.com%2Fde%2Fumwelt%2Fvielfaeltige-waelder-koennten-riesige-co2-speicher-sein%2F&subject=Vielf%C3%A4ltige%20W%C3%A4lder%20k%C3%B6nnten%20riesige%20CO2-Speicher%20sein\" title=\"Per E-Mail versenden\" aria-label=\"Per E-Mail versenden\" role=\"button\" rel=\"noopener nofollow\" class=\"shariff-link\" style=\";border-radius:1%; background-color:#999; color:#fff\"><span class=\"shariff-icon\" style=\"\"><svg width=\"32px\" height=\"20px\" xmlns=\"http:\/\/www.w3.org\/2000\/svg\" viewBox=\"0 0 32 32\"><path fill=\"#999\" d=\"M32 12.7v14.2q0 1.2-0.8 2t-2 0.9h-26.3q-1.2 0-2-0.9t-0.8-2v-14.2q0.8 0.9 1.8 1.6 6.5 4.4 8.9 6.1 1 0.8 1.6 1.2t1.7 0.9 2 0.4h0.1q0.9 0 2-0.4t1.7-0.9 1.6-1.2q3-2.2 8.9-6.1 1-0.7 1.8-1.6zM32 7.4q0 1.4-0.9 2.7t-2.2 2.2q-6.7 4.7-8.4 5.8-0.2 0.1-0.7 0.5t-1 0.7-0.9 0.6-1.1 0.5-0.9 0.2h-0.1q-0.4 0-0.9-0.2t-1.1-0.5-0.9-0.6-1-0.7-0.7-0.5q-1.6-1.1-4.7-3.2t-3.6-2.6q-1.1-0.7-2.1-2t-1-2.5q0-1.4 0.7-2.3t2.1-0.9h26.3q1.2 0 2 0.8t0.9 2z\"\/><\/svg><\/span><\/a><\/li><\/ul><\/div>","protected":false},"excerpt":{"rendered":"<p>Laut einer neuen Studie k\u00f6nnte die Wiederherstellung nat\u00fcrlicher W\u00e4lder rund 226 Gigatonnen Kohlenstoff binden \u2013 allerdings [&hellip;]<\/p>\n","protected":false},"author":3,"featured_media":7223,"comment_status":"closed","ping_status":"closed","sticky":false,"template":"","format":"standard","meta":{"inline_featured_image":false,"footnotes":""},"categories":[23],"tags":[],"class_list":["post-95414","post","type-post","status-publish","format-standard","has-post-thumbnail","hentry","category-umwelt"],"yoast_head":"<!-- This site is optimized with the Yoast SEO plugin v26.5 - https:\/\/yoast.com\/wordpress\/plugins\/seo\/ -->\n<title>Vielf\u00e4ltige W\u00e4lder k\u00f6nnten riesige CO2-Speicher sein - Sonnenseite - \u00d6kologische Kommunikation mit Franz Alt<\/title>\n<meta name=\"description\" content=\"Laut einer neuen Studie k\u00f6nnte die Wiederherstellung nat\u00fcrlicher W\u00e4lder rund 226 Gigatonnen Kohlenstoff binden \u2013 allerdings nur dann, wenn die Menschheit\" \/>\n<meta name=\"robots\" content=\"index, follow, max-snippet:-1, max-image-preview:large, max-video-preview:-1\" \/>\n<link rel=\"canonical\" href=\"https:\/\/www.sonnenseite.com\/de\/umwelt\/vielfaeltige-waelder-koennten-riesige-co2-speicher-sein\/\" \/>\n<meta property=\"og:locale\" content=\"de_DE\" \/>\n<meta property=\"og:type\" content=\"article\" \/>\n<meta property=\"og:title\" content=\"Vielf\u00e4ltige W\u00e4lder k\u00f6nnten riesige CO2-Speicher sein - Sonnenseite - \u00d6kologische Kommunikation mit Franz Alt\" \/>\n<meta property=\"og:description\" content=\"Laut einer neuen Studie k\u00f6nnte die Wiederherstellung nat\u00fcrlicher W\u00e4lder rund 226 Gigatonnen Kohlenstoff binden \u2013 allerdings nur dann, wenn die Menschheit\" \/>\n<meta property=\"og:url\" content=\"https:\/\/www.sonnenseite.com\/de\/umwelt\/vielfaeltige-waelder-koennten-riesige-co2-speicher-sein\/\" \/>\n<meta property=\"og:site_name\" content=\"Sonnenseite\" \/>\n<meta property=\"article:publisher\" content=\"https:\/\/www.facebook.com\/pages\/Franz-Alt-SONNENSEITECOM\/221072987903953?fref=ts\" \/>\n<meta property=\"article:published_time\" content=\"2023-11-20T01:42:00+00:00\" \/>\n<meta property=\"og:image\" content=\"https:\/\/www.sonnenseite.com\/wp-content\/uploads\/2019\/08\/Wald_Wurzel_HerbertAust.jpg\" \/>\n\t<meta property=\"og:image:width\" content=\"770\" \/>\n\t<meta property=\"og:image:height\" content=\"420\" \/>\n\t<meta property=\"og:image:type\" content=\"image\/jpeg\" \/>\n<meta name=\"author\" content=\"Bigi Alt\" \/>\n<meta name=\"twitter:card\" content=\"summary_large_image\" \/>\n<meta name=\"twitter:creator\" content=\"@franzalt\" \/>\n<meta name=\"twitter:site\" content=\"@franzalt\" \/>\n<meta name=\"twitter:label1\" content=\"Verfasst von\" \/>\n\t<meta name=\"twitter:data1\" content=\"Bigi Alt\" \/>\n\t<meta name=\"twitter:label2\" content=\"Gesch\u00e4tzte Lesezeit\" \/>\n\t<meta name=\"twitter:data2\" content=\"6\u00a0Minuten\" \/>\n<script type=\"application\/ld+json\" class=\"yoast-schema-graph\">{\"@context\":\"https:\/\/schema.org\",\"@graph\":[{\"@type\":\"Article\",\"@id\":\"https:\/\/www.sonnenseite.com\/de\/umwelt\/vielfaeltige-waelder-koennten-riesige-co2-speicher-sein\/#article\",\"isPartOf\":{\"@id\":\"https:\/\/www.sonnenseite.com\/de\/umwelt\/vielfaeltige-waelder-koennten-riesige-co2-speicher-sein\/\"},\"author\":{\"name\":\"Bigi Alt\",\"@id\":\"https:\/\/www.sonnenseite.com\/de\/#\/schema\/person\/50fda0e926597684c7cc6695238a4eb9\"},\"headline\":\"Vielf\u00e4ltige W\u00e4lder k\u00f6nnten riesige CO2-Speicher sein\",\"datePublished\":\"2023-11-20T01:42:00+00:00\",\"mainEntityOfPage\":{\"@id\":\"https:\/\/www.sonnenseite.com\/de\/umwelt\/vielfaeltige-waelder-koennten-riesige-co2-speicher-sein\/\"},\"wordCount\":1100,\"publisher\":{\"@id\":\"https:\/\/www.sonnenseite.com\/de\/#organization\"},\"image\":{\"@id\":\"https:\/\/www.sonnenseite.com\/de\/umwelt\/vielfaeltige-waelder-koennten-riesige-co2-speicher-sein\/#primaryimage\"},\"thumbnailUrl\":\"https:\/\/www.sonnenseite.com\/wp-content\/uploads\/2019\/08\/Wald_Wurzel_HerbertAust.jpg\",\"articleSection\":[\"Umwelt\"],\"inLanguage\":\"de\"},{\"@type\":\"WebPage\",\"@id\":\"https:\/\/www.sonnenseite.com\/de\/umwelt\/vielfaeltige-waelder-koennten-riesige-co2-speicher-sein\/\",\"url\":\"https:\/\/www.sonnenseite.com\/de\/umwelt\/vielfaeltige-waelder-koennten-riesige-co2-speicher-sein\/\",\"name\":\"Vielf\u00e4ltige W\u00e4lder k\u00f6nnten riesige CO2-Speicher sein - Sonnenseite - \u00d6kologische Kommunikation mit Franz Alt\",\"isPartOf\":{\"@id\":\"https:\/\/www.sonnenseite.com\/de\/#website\"},\"primaryImageOfPage\":{\"@id\":\"https:\/\/www.sonnenseite.com\/de\/umwelt\/vielfaeltige-waelder-koennten-riesige-co2-speicher-sein\/#primaryimage\"},\"image\":{\"@id\":\"https:\/\/www.sonnenseite.com\/de\/umwelt\/vielfaeltige-waelder-koennten-riesige-co2-speicher-sein\/#primaryimage\"},\"thumbnailUrl\":\"https:\/\/www.sonnenseite.com\/wp-content\/uploads\/2019\/08\/Wald_Wurzel_HerbertAust.jpg\",\"datePublished\":\"2023-11-20T01:42:00+00:00\",\"description\":\"Laut einer neuen Studie k\u00f6nnte die Wiederherstellung nat\u00fcrlicher W\u00e4lder rund 226 Gigatonnen Kohlenstoff binden \u2013 allerdings nur dann, wenn die Menschheit\",\"breadcrumb\":{\"@id\":\"https:\/\/www.sonnenseite.com\/de\/umwelt\/vielfaeltige-waelder-koennten-riesige-co2-speicher-sein\/#breadcrumb\"},\"inLanguage\":\"de\",\"potentialAction\":[{\"@type\":\"ReadAction\",\"target\":[\"https:\/\/www.sonnenseite.com\/de\/umwelt\/vielfaeltige-waelder-koennten-riesige-co2-speicher-sein\/\"]}]},{\"@type\":\"ImageObject\",\"inLanguage\":\"de\",\"@id\":\"https:\/\/www.sonnenseite.com\/de\/umwelt\/vielfaeltige-waelder-koennten-riesige-co2-speicher-sein\/#primaryimage\",\"url\":\"https:\/\/www.sonnenseite.com\/wp-content\/uploads\/2019\/08\/Wald_Wurzel_HerbertAust.jpg\",\"contentUrl\":\"https:\/\/www.sonnenseite.com\/wp-content\/uploads\/2019\/08\/Wald_Wurzel_HerbertAust.jpg\",\"width\":770,\"height\":420,\"caption\":\"pixabay.com | Herbert Aust |\"},{\"@type\":\"BreadcrumbList\",\"@id\":\"https:\/\/www.sonnenseite.com\/de\/umwelt\/vielfaeltige-waelder-koennten-riesige-co2-speicher-sein\/#breadcrumb\",\"itemListElement\":[{\"@type\":\"ListItem\",\"position\":1,\"name\":\"Startseite\",\"item\":\"https:\/\/www.sonnenseite.com\/de\/\"},{\"@type\":\"ListItem\",\"position\":2,\"name\":\"Vielf\u00e4ltige W\u00e4lder k\u00f6nnten riesige CO2-Speicher sein\"}]},{\"@type\":\"WebSite\",\"@id\":\"https:\/\/www.sonnenseite.com\/de\/#website\",\"url\":\"https:\/\/www.sonnenseite.com\/de\/\",\"name\":\"Sonnenseite\",\"description\":\"\u00d6kologische Kommunikation mit Franz Alt\",\"publisher\":{\"@id\":\"https:\/\/www.sonnenseite.com\/de\/#organization\"},\"potentialAction\":[{\"@type\":\"SearchAction\",\"target\":{\"@type\":\"EntryPoint\",\"urlTemplate\":\"https:\/\/www.sonnenseite.com\/de\/?s={search_term_string}\"},\"query-input\":{\"@type\":\"PropertyValueSpecification\",\"valueRequired\":true,\"valueName\":\"search_term_string\"}}],\"inLanguage\":\"de\"},{\"@type\":\"Organization\",\"@id\":\"https:\/\/www.sonnenseite.com\/de\/#organization\",\"name\":\"Sonnenseite\",\"url\":\"https:\/\/www.sonnenseite.com\/de\/\",\"logo\":{\"@type\":\"ImageObject\",\"inLanguage\":\"de\",\"@id\":\"https:\/\/www.sonnenseite.com\/de\/#\/schema\/logo\/image\/\",\"url\":\"https:\/\/www.sonnenseite.com\/wp-content\/uploads\/2020\/05\/Sonnenseite_Logo.png\",\"contentUrl\":\"https:\/\/www.sonnenseite.com\/wp-content\/uploads\/2020\/05\/Sonnenseite_Logo.png\",\"width\":377,\"height\":90,\"caption\":\"Sonnenseite\"},\"image\":{\"@id\":\"https:\/\/www.sonnenseite.com\/de\/#\/schema\/logo\/image\/\"},\"sameAs\":[\"https:\/\/www.facebook.com\/pages\/Franz-Alt-SONNENSEITECOM\/221072987903953?fref=ts\",\"https:\/\/x.com\/franzalt\",\"http:\/\/www.youtube.com\/results?search_query&amp;amp;quot;franz_alt&amp;amp;quot;&amp;amp;amp;amp;search_type&amp;amp;amp;amp;aq=f\"]},{\"@type\":\"Person\",\"@id\":\"https:\/\/www.sonnenseite.com\/de\/#\/schema\/person\/50fda0e926597684c7cc6695238a4eb9\",\"name\":\"Bigi Alt\"}]}<\/script>\n<!-- \/ Yoast SEO plugin. -->","yoast_head_json":{"title":"Vielf\u00e4ltige W\u00e4lder k\u00f6nnten riesige CO2-Speicher sein - Sonnenseite - \u00d6kologische Kommunikation mit Franz Alt","description":"Laut einer neuen Studie k\u00f6nnte die Wiederherstellung nat\u00fcrlicher W\u00e4lder rund 226 Gigatonnen Kohlenstoff binden \u2013 allerdings nur dann, wenn die Menschheit","robots":{"index":"index","follow":"follow","max-snippet":"max-snippet:-1","max-image-preview":"max-image-preview:large","max-video-preview":"max-video-preview:-1"},"canonical":"https:\/\/www.sonnenseite.com\/de\/umwelt\/vielfaeltige-waelder-koennten-riesige-co2-speicher-sein\/","og_locale":"de_DE","og_type":"article","og_title":"Vielf\u00e4ltige W\u00e4lder k\u00f6nnten riesige CO2-Speicher sein - Sonnenseite - \u00d6kologische Kommunikation mit Franz Alt","og_description":"Laut einer neuen Studie k\u00f6nnte die Wiederherstellung nat\u00fcrlicher W\u00e4lder rund 226 Gigatonnen Kohlenstoff binden \u2013 allerdings nur dann, wenn die Menschheit","og_url":"https:\/\/www.sonnenseite.com\/de\/umwelt\/vielfaeltige-waelder-koennten-riesige-co2-speicher-sein\/","og_site_name":"Sonnenseite","article_publisher":"https:\/\/www.facebook.com\/pages\/Franz-Alt-SONNENSEITECOM\/221072987903953?fref=ts","article_published_time":"2023-11-20T01:42:00+00:00","og_image":[{"width":770,"height":420,"url":"https:\/\/www.sonnenseite.com\/wp-content\/uploads\/2019\/08\/Wald_Wurzel_HerbertAust.jpg","type":"image\/jpeg"}],"author":"Bigi Alt","twitter_card":"summary_large_image","twitter_creator":"@franzalt","twitter_site":"@franzalt","twitter_misc":{"Verfasst von":"Bigi Alt","Gesch\u00e4tzte Lesezeit":"6\u00a0Minuten"},"schema":{"@context":"https:\/\/schema.org","@graph":[{"@type":"Article","@id":"https:\/\/www.sonnenseite.com\/de\/umwelt\/vielfaeltige-waelder-koennten-riesige-co2-speicher-sein\/#article","isPartOf":{"@id":"https:\/\/www.sonnenseite.com\/de\/umwelt\/vielfaeltige-waelder-koennten-riesige-co2-speicher-sein\/"},"author":{"name":"Bigi Alt","@id":"https:\/\/www.sonnenseite.com\/de\/#\/schema\/person\/50fda0e926597684c7cc6695238a4eb9"},"headline":"Vielf\u00e4ltige W\u00e4lder k\u00f6nnten riesige CO2-Speicher sein","datePublished":"2023-11-20T01:42:00+00:00","mainEntityOfPage":{"@id":"https:\/\/www.sonnenseite.com\/de\/umwelt\/vielfaeltige-waelder-koennten-riesige-co2-speicher-sein\/"},"wordCount":1100,"publisher":{"@id":"https:\/\/www.sonnenseite.com\/de\/#organization"},"image":{"@id":"https:\/\/www.sonnenseite.com\/de\/umwelt\/vielfaeltige-waelder-koennten-riesige-co2-speicher-sein\/#primaryimage"},"thumbnailUrl":"https:\/\/www.sonnenseite.com\/wp-content\/uploads\/2019\/08\/Wald_Wurzel_HerbertAust.jpg","articleSection":["Umwelt"],"inLanguage":"de"},{"@type":"WebPage","@id":"https:\/\/www.sonnenseite.com\/de\/umwelt\/vielfaeltige-waelder-koennten-riesige-co2-speicher-sein\/","url":"https:\/\/www.sonnenseite.com\/de\/umwelt\/vielfaeltige-waelder-koennten-riesige-co2-speicher-sein\/","name":"Vielf\u00e4ltige W\u00e4lder k\u00f6nnten riesige CO2-Speicher sein - Sonnenseite - \u00d6kologische Kommunikation mit Franz Alt","isPartOf":{"@id":"https:\/\/www.sonnenseite.com\/de\/#website"},"primaryImageOfPage":{"@id":"https:\/\/www.sonnenseite.com\/de\/umwelt\/vielfaeltige-waelder-koennten-riesige-co2-speicher-sein\/#primaryimage"},"image":{"@id":"https:\/\/www.sonnenseite.com\/de\/umwelt\/vielfaeltige-waelder-koennten-riesige-co2-speicher-sein\/#primaryimage"},"thumbnailUrl":"https:\/\/www.sonnenseite.com\/wp-content\/uploads\/2019\/08\/Wald_Wurzel_HerbertAust.jpg","datePublished":"2023-11-20T01:42:00+00:00","description":"Laut einer neuen Studie k\u00f6nnte die Wiederherstellung nat\u00fcrlicher W\u00e4lder rund 226 Gigatonnen Kohlenstoff binden \u2013 allerdings nur dann, wenn die Menschheit","breadcrumb":{"@id":"https:\/\/www.sonnenseite.com\/de\/umwelt\/vielfaeltige-waelder-koennten-riesige-co2-speicher-sein\/#breadcrumb"},"inLanguage":"de","potentialAction":[{"@type":"ReadAction","target":["https:\/\/www.sonnenseite.com\/de\/umwelt\/vielfaeltige-waelder-koennten-riesige-co2-speicher-sein\/"]}]},{"@type":"ImageObject","inLanguage":"de","@id":"https:\/\/www.sonnenseite.com\/de\/umwelt\/vielfaeltige-waelder-koennten-riesige-co2-speicher-sein\/#primaryimage","url":"https:\/\/www.sonnenseite.com\/wp-content\/uploads\/2019\/08\/Wald_Wurzel_HerbertAust.jpg","contentUrl":"https:\/\/www.sonnenseite.com\/wp-content\/uploads\/2019\/08\/Wald_Wurzel_HerbertAust.jpg","width":770,"height":420,"caption":"pixabay.com | Herbert Aust |"},{"@type":"BreadcrumbList","@id":"https:\/\/www.sonnenseite.com\/de\/umwelt\/vielfaeltige-waelder-koennten-riesige-co2-speicher-sein\/#breadcrumb","itemListElement":[{"@type":"ListItem","position":1,"name":"Startseite","item":"https:\/\/www.sonnenseite.com\/de\/"},{"@type":"ListItem","position":2,"name":"Vielf\u00e4ltige W\u00e4lder k\u00f6nnten riesige CO2-Speicher sein"}]},{"@type":"WebSite","@id":"https:\/\/www.sonnenseite.com\/de\/#website","url":"https:\/\/www.sonnenseite.com\/de\/","name":"Sonnenseite","description":"\u00d6kologische Kommunikation mit Franz Alt","publisher":{"@id":"https:\/\/www.sonnenseite.com\/de\/#organization"},"potentialAction":[{"@type":"SearchAction","target":{"@type":"EntryPoint","urlTemplate":"https:\/\/www.sonnenseite.com\/de\/?s={search_term_string}"},"query-input":{"@type":"PropertyValueSpecification","valueRequired":true,"valueName":"search_term_string"}}],"inLanguage":"de"},{"@type":"Organization","@id":"https:\/\/www.sonnenseite.com\/de\/#organization","name":"Sonnenseite","url":"https:\/\/www.sonnenseite.com\/de\/","logo":{"@type":"ImageObject","inLanguage":"de","@id":"https:\/\/www.sonnenseite.com\/de\/#\/schema\/logo\/image\/","url":"https:\/\/www.sonnenseite.com\/wp-content\/uploads\/2020\/05\/Sonnenseite_Logo.png","contentUrl":"https:\/\/www.sonnenseite.com\/wp-content\/uploads\/2020\/05\/Sonnenseite_Logo.png","width":377,"height":90,"caption":"Sonnenseite"},"image":{"@id":"https:\/\/www.sonnenseite.com\/de\/#\/schema\/logo\/image\/"},"sameAs":["https:\/\/www.facebook.com\/pages\/Franz-Alt-SONNENSEITECOM\/221072987903953?fref=ts","https:\/\/x.com\/franzalt","http:\/\/www.youtube.com\/results?search_query&amp;amp;quot;franz_alt&amp;amp;quot;&amp;amp;amp;amp;search_type&amp;amp;amp;amp;aq=f"]},{"@type":"Person","@id":"https:\/\/www.sonnenseite.com\/de\/#\/schema\/person\/50fda0e926597684c7cc6695238a4eb9","name":"Bigi Alt"}]}},"_links":{"self":[{"href":"https:\/\/www.sonnenseite.com\/de\/wp-json\/wp\/v2\/posts\/95414","targetHints":{"allow":["GET"]}}],"collection":[{"href":"https:\/\/www.sonnenseite.com\/de\/wp-json\/wp\/v2\/posts"}],"about":[{"href":"https:\/\/www.sonnenseite.com\/de\/wp-json\/wp\/v2\/types\/post"}],"author":[{"embeddable":true,"href":"https:\/\/www.sonnenseite.com\/de\/wp-json\/wp\/v2\/users\/3"}],"replies":[{"embeddable":true,"href":"https:\/\/www.sonnenseite.com\/de\/wp-json\/wp\/v2\/comments?post=95414"}],"version-history":[{"count":2,"href":"https:\/\/www.sonnenseite.com\/de\/wp-json\/wp\/v2\/posts\/95414\/revisions"}],"predecessor-version":[{"id":95416,"href":"https:\/\/www.sonnenseite.com\/de\/wp-json\/wp\/v2\/posts\/95414\/revisions\/95416"}],"wp:featuredmedia":[{"embeddable":true,"href":"https:\/\/www.sonnenseite.com\/de\/wp-json\/wp\/v2\/media\/7223"}],"wp:attachment":[{"href":"https:\/\/www.sonnenseite.com\/de\/wp-json\/wp\/v2\/media?parent=95414"}],"wp:term":[{"taxonomy":"category","embeddable":true,"href":"https:\/\/www.sonnenseite.com\/de\/wp-json\/wp\/v2\/categories?post=95414"},{"taxonomy":"post_tag","embeddable":true,"href":"https:\/\/www.sonnenseite.com\/de\/wp-json\/wp\/v2\/tags?post=95414"}],"curies":[{"name":"wp","href":"https:\/\/api.w.org\/{rel}","templated":true}]}}