{"id":95532,"date":"2023-11-23T08:50:47","date_gmt":"2023-11-23T07:50:47","guid":{"rendered":"https:\/\/www.sonnenseite.com\/?p=95532"},"modified":"2023-11-23T08:50:52","modified_gmt":"2023-11-23T07:50:52","slug":"urteil-des-bundesverfassungsgerichts-fossile-subventionen-jetzt-abbauen-und-neue-eeg-anlagen-wieder-ueber-den-strompreis-vergueten","status":"publish","type":"post","link":"https:\/\/www.sonnenseite.com\/de\/politik\/urteil-des-bundesverfassungsgerichts-fossile-subventionen-jetzt-abbauen-und-neue-eeg-anlagen-wieder-ueber-den-strompreis-vergueten\/","title":{"rendered":"Urteil des Bundesverfassungsgerichts: Fossile Subventionen jetzt abbauen und neue EEG-Anlagen wieder \u00fcber den Strompreis verg\u00fcten"},"content":{"rendered":"\n<p>In der vergangenen Woche hat das Bundesverfassungsgericht (BVG) dem Klimaschutz in Deutschland eine schwere B\u00fcrde auferlegt.<\/p>\n\n\n\n<p><a href=\"https:\/\/www.tagesschau.de\/inland\/bundesverfassungsgericht-schuldenbremse-102.html\" target=\"_blank\" rel=\"noreferrer noopener\">In einem viel beachteten Urteil hat das BVG einer Klage der Union stattgegeben<\/a>, wonach die Umschichtung von Mitteln aus dem nicht genutzten Sonderverm\u00f6gen f\u00fcr Corona-Hilfen nicht in den Klima- und Transformationsfonds (KTF) h\u00e4tte \u00fcbertragen werden d\u00fcrfen.<\/p>\n\n\n\n<p>Damit stehen pl\u00f6tzlich 60 Milliarden Euro nicht mehr f\u00fcr die Klimaschutzfinanzierung zur Verf\u00fcgung.<\/p>\n\n\n\n<p>Das Urteil zeigt viele Verwerfungen in der aktuellen deutschen Politik und Rechtsprechung auf.<\/p>\n\n\n\n<h4 class=\"wp-block-heading\">Die Union zerst\u00f6rt weiterhin alle Ans\u00e4tze f\u00fcr wirksamen Klimaschutz<\/h4>\n\n\n\n<p>CDU und CSU geben immer wieder Lippenbekenntnisse ab, das Klima sch\u00fctzen zu wollen. Doch in 32 Jahren Unions-Regierung \u2013 16 Jahre unter Bundeskanzler Kohl und 16 Jahre unter Bundeskanzlerin Merkel \u2013 hat Deutschland als eine der gr\u00f6\u00dften Export-Nationen der Welt im Wesentlichen nur klimazerst\u00f6rende Technologien in die Welt gebracht: Autos mit fossilen Verbrennungsmotoren, Erd\u00f6l- und Erdgasheizungen, Kohle- und Erdgaskraftwerke, Flugzeuge, die mit fossilem Kerosin betrieben werden, Kunststoffe und Pestizide aus Erd\u00f6l und Erdgas. Mit seiner klimazerst\u00f6renden Exportindustrie tr\u00e4gt Deutschland also eine besonders gro\u00dfe Verantwortung f\u00fcr die dramatische Aufheizung der Erde. <a href=\"https:\/\/de.euronews.com\/2023\/11\/08\/copernicus-oktober-2023-so-warm-wie-nie\" target=\"_blank\" rel=\"noreferrer noopener\">In den ersten 10 Monaten des Jahres 2023 war es bereits 1,43 Grad Celcius w\u00e4rmer als im vorindustriellen Durchschnitt, also knapp unter der v\u00f6lkerrechtlich verbindlichen 1,5 Grad Celcius-Grenze<\/a>.<\/p>\n\n\n\n<p>Dar\u00fcber hinaus h\u00e4ufen sich die Meldungen, dass die Weltgemeinschaft <a href=\"https:\/\/www.tagesschau.de\/wissen\/klima\/unep-erwaermung-cop-100.html\" target=\"_blank\" rel=\"noreferrer noopener\">laut dem j\u00fcngsten UNEP-Bericht<\/a> mit voller Kraft ins Verderben auf einen Temperaturanstieg von 3 Grad Celcius zusteuert.<\/p>\n\n\n\n<p>Selbst die bisher einzige erfolgreiche Industrierevolution f\u00fcr den Klimaschutz in Deutschland \u2013 das unter Rot-Gr\u00fcn mit dem EEG angesto\u00dfene Aufbl\u00fchen der Solar- und Windkraftindustrie \u2013 hatte die Union unter Kanzlerin Merkel ab 2012 wieder j\u00e4h beendet.<\/p>\n\n\n\n<p>Vor diesem Hintergrund des jahrzehntelangen dramatischen Klimaschutzversagens von CDU und CSU ist die Klage der Unionsfraktion gegen die Umschichtung der Corona-Hilfen f\u00fcr den Klimaschutz besonders schwerwiegend. Sie zeigt, dass die Union unter Merz am Klimaschutz ebenso wenig interessiert ist wie die Union unter Kohl und Merkel. Sie hat keinen einzigen umsetzbaren Vorschlag zum Wegfall der 60 Milliarden Euro f\u00fcr die Klimaschutzfinanzierung gemacht. Destruktiver kann Politik nicht handeln.<\/p>\n\n\n\n<p>Dass es Merz nur um destruktive Politik ohne konstruktive Klimaschutz- und Politikvorschl\u00e4ge geht, zeigt jetzt die angek\u00fcndigte Pr\u00fcfung einer Klage vor dem Bundesverwaltungsgericht gegen das 200 Milliarden Euro schwere Sonderverm\u00f6gen des Wirtschafts- und Stabilit\u00e4tsfonds (WSF) der Bundesregierung, das zur Finanzierung der Energiepreisbremse dient. Zum Ergebnis dieser Pr\u00fcfung sagte Merz laut ARD w\u00f6rtlich:<\/p>\n\n\n\n<p><a href=\"https:\/\/www.tagesschau.de\/inland\/energiepreisbremse-maerz-100.html\" target=\"_blank\" rel=\"noreferrer noopener\">\u201eAuf dieser Grundlage werde ich dann die Entscheidung treffen, ob wir auch gegen den WSF nach Karlsruhe gehen.\u201c<\/a><\/p>\n\n\n\n<p>Eine unglaubliche verbale Entgleisung. Offensichtlich f\u00fchlt sich Merz schon als der kommende Alleinherrscher, der Entscheidungen ohne Abstimmung mit den zust\u00e4ndigen Gremien f\u00e4llen will.<\/p>\n\n\n\n<h4 class=\"wp-block-heading\">Selbst das Bundesverfassungsgericht erkennt nicht den Klimanotstand, in dem sich die Erde befindet<\/h4>\n\n\n\n<p>Auch das Bundesverfassungsgericht selbst ist widerspr\u00fcchlich. <a href=\"https:\/\/www.bundesverfassungsgericht.de\/SharedDocs\/Pressemitteilungen\/DE\/2021\/bvg21-031.html\" target=\"_blank\" rel=\"noreferrer noopener\">Erst am 24. M\u00e4rz 2021 stellte das BVG fest,<\/a> dass die heutigen politisch bestimmten Klimaschutzma\u00dfnahmen nicht ausreichen, um die Freiheitsrechte der jungen Generation auch nach 2030 zu gew\u00e4hrleisten.<\/p>\n\n\n\n<p>Da aber die globale Temperatur und damit auch die extremen Wetterkatastrophen seit 2021 massiv zugenommen haben, h\u00e4tte das BVG eigentlich selbst erkennen m\u00fcssen, dass ein Klimanotstand besteht. So wie es auch UN-Generalsekret\u00e4r Antonio Guterres unentwegt benennt: Er hat wiederholt gewarnt, dass sich die Menschheit auf dem Weg zum kollektiven Suizid in die Klimah\u00f6lle befindet. Dennoch kamen die Richterinnen und Richter des Bundesverwaltungsgerichts zu dem Schluss, dass die Bundesregierung die Umwidmung der Corona-Hilfen f\u00fcr den KTF nicht hinreichend begr\u00fcndet habe, als ob es keinen Klimanotstand g\u00e4be. Dies ist v\u00f6llig unverst\u00e4ndlich. Das BVG h\u00e4tte selbst den bestehenden globalen Klimanotstand als ausreichende Begr\u00fcndung zur Umschichtung der Mittel anerkennen k\u00f6nnen, auch wenn die Bundesregierung dies formal nicht ausreichend begr\u00fcndet habe.<\/p>\n\n\n\n<p>Dennoch sollte die Bundesregierung jetzt die richtige Konsequenz ziehen und z\u00fcgig den Klimanotstand formal ausrufen, um zuk\u00fcnftig mehr gesetzliche und grundgesetzliche Spielr\u00e4ume f\u00fcr Klimaschutzma\u00dfnahmen zu haben.<\/p>\n\n\n\n<h4 class=\"wp-block-heading\">Kanzler Scholz sieht noch immer keinen Klimanotstand<\/h4>\n\n\n\n<p>Allerdings wird sich die Bundesregierung damit schwertun, denn ausgerechnet Bundeskanzler Scholz verweigert bis heute eine Aussage, dass sich die Menschheit in einem Klimanotstand befindet. Ich war am 12. November 2021 dabei, als sich die Klimahunger-Streikenden der Letzten Generation mit dem neu gew\u00e4hlten Bundeskanzler Scholz getroffen haben. Beeindruckt war ich von der Hartn\u00e4ckigkeit von Henning Jeschke und Lea Bonasera, als sie in diesem Gespr\u00e4ch Kanzler Scholz dr\u00e4ngten, anzuerkennen, dass sich die Menschheit in einem dramatischen Klimanotstand befindet und so bedroht ist, wie es der UN-Generalsekret\u00e4r unentwegt mahnt. Doch Kanzler Scholz hat sich bisher konsequent geweigert, die Klimanotlage der Menschheit anzuerkennen, und an dieser Haltung hat sich bis heute nichts ge\u00e4ndert.<\/p>\n\n\n\n<p>H\u00e4tten die Bundesregierung mit Kanzler Scholz l\u00e4ngst den Klimanotstand ausgerufen, k\u00f6nnte sie jetzt wom\u00f6glich noch \u00fcber die 60 Milliarden Euro des KTF verf\u00fcgen, weil dann das BVG m\u00f6glicherweise die Klage der Union wegen ausreichender Begr\u00fcndung abgewiesen h\u00e4tte.<\/p>\n\n\n\n<h4 class=\"wp-block-heading\">Nun ist es wichtig endlich die fossilen Subventionen massiv abzubauen<\/h4>\n\n\n\n<p>Es ist v\u00f6llig klar, dass das BVG-Urteil respektiert werden muss. Dies bedeutet, dass die Bundesregierung neue finanzielle Spielr\u00e4ume im Bundeshaushalt schaffen muss, um Klimaschutzfinanzierungen zu schaffen. Dies gelingt am besten mit dem Abbau klimasch\u00e4dlicher fossiler Subventionen.<\/p>\n\n\n\n<p><a href=\"https:\/\/hans-josef-fell.de\/2023\/08\/04\/70-milliarden-euro-an-steuergeldern-fuer-fossile-energien\/\" target=\"_blank\" rel=\"noreferrer noopener\">Ca. 70 Milliarden Euro gibt die Bundesregierung j\u00e4hrlich an Steuergelder aus<\/a>, um die Nutzung von Erd\u00f6l, Erdgas und Kohle zu subventionieren. Das sind fast 100 Euro pro Tonne CO2-Emissionen.<\/p>\n\n\n\n<p>Wenn diese Subventionen gestrichen werden und das freiwerdende Geld in den KTF gesteckt werden, dann g\u00e4be es gleich eine doppelte Klimaschutzwirkung: Die Finanzierung von Klimagas-Emissionen mit Steuergeldern w\u00fcrde weitgehend beendet und gleichzeitig k\u00f6nnen mit diesen freiwerdenden Steuergeldern die 60 Milliarden des KTF finanziert werden, was das Bundesverfassungsgericht gerade unterbunden hat.<\/p>\n\n\n\n<h4 class=\"wp-block-heading\">EEG-Verg\u00fctung f\u00fcr neue Anlagen m\u00fcsste wieder aus dem Strompreis, statt aus dem Steuerhaushalt bezahlt werden<\/h4>\n\n\n\n<p>Parallel dazu sollten alle Ma\u00dfnahmen ergriffen werden, die eine Klimaschutzwirkung ohne steuerliche Subventionen entfachen. Die Verg\u00fctungen des EEG wurden fast 20 Jahre lang aus dem Strompreis und nicht aus dem Steuerhaushalt bezahlt. Nun wackelt nach dem BVG-Urteil auch die Finanzierung der EEG-Umlage, weil sie aus dem KTF finanziert wird. Die EEG-Umlage nicht mehr aus dem Strompreis, sondern aus dem Steuerhaushalt zu bezahlen, <a href=\"https:\/\/hans-josef-fell.de\/2021\/10\/15\/die-eeg-umlage-abschaffen-das-unsinnigste-und-unwirksamste-was-man-zur-eindaemmung-der-aktuell-hohen-energiepreise-machen-kann\/\" target=\"_blank\" rel=\"noreferrer noopener\">war von vornherein ein dramatischer Fehler, vor dem ich immer gewarnt hatte.<\/a><\/p>\n\n\n\n<p>Wenigstens die Verg\u00fctungen f\u00fcr neue EEG-Anlagen wieder aus dem Strompreis zu zahlen ist jetzt das Gebot der Stunde, damit es keinen Fadenriss beim Ausbau der Erneuerbaren Energien gibt. Dadurch w\u00fcrde der KTF nicht mehr f\u00fcr den weiteren Ausbau der Erneuerbaren Energien gebraucht und gleichzeitig w\u00fcrde die m\u00e4chtige EU-Kommission kaum mehr Forderungen an den Ausbau der Erneuerbaren Energien stellen k\u00f6nnen. Genau das hat sie aber getan, als sie die massiv bremsenden Ausschreibungen statt fester Einspeiseverg\u00fctung im Beihilferecht verordnete. Das EEG w\u00e4re dann keine Beihilfe mehr und Deutschland k\u00f6nnte die Kriterien des EEG endlich wieder alleine schaffen, <a href=\"https:\/\/hans-josef-fell.de\/2022\/03\/18\/fuer-die-notwendige-beschleunigung-des-ausbaus-erneuerbarer-energien-noch-in-diesem-sommer-braucht-es-eine-eeg-umlage-ii\/\" target=\"_blank\" rel=\"noreferrer noopener\">so dass es ein Zur\u00fcck zum exponentiellen Wachstum der Erneuerbaren Energien geben k\u00f6nnte.<\/a><\/p>\n\n\n\n<p>Wenn also die Ampelkoalition zur Finanzierung des Klimaschutzes angesichts des BVG-Urteils die fossilen Subventionen abbauen w\u00fcrde und die Verg\u00fctung f\u00fcr neue EEG-Anlagen wieder aus dem Strompreis finanziert, dann k\u00f6nnte das BVG-Urteil sogar zur Beschleunigung des Klimaschutzes beitragen und gleichzeitig Steuergelder einsparen \u2013 nur war dies aber gar nicht die Absicht der Union.<\/p>\n\n\n<h5 class=\"green\">Quelle<\/h5>\r\n\n\n\n<p><a href=\"http:\/\/www.hans-josef-fell.de\" target=\"_blank\" rel=\"noreferrer noopener\">Hans-Josef Fell 2023<\/a>\u00a0|\u00a0<a href=\"http:\/\/energywatchgroup.org\/\" target=\"_blank\" rel=\"noreferrer noopener\">Pr\u00e4sident der Energy Watch Group (EWG) und Autor des EEG<\/a><\/p>\n<div class=\"shariff shariff-align-flex-start shariff-widget-align-flex-start\"><div class=\"ShariffHeadline\">Diese Meldung teilen<\/div><ul class=\"shariff-buttons theme-round orientation-horizontal buttonsize-medium\"><li class=\"shariff-button facebook shariff-nocustomcolor\" style=\"background-color:#4273c8;border-radius:1%\"><a href=\"https:\/\/www.facebook.com\/sharer\/sharer.php?u=https%3A%2F%2Fwww.sonnenseite.com%2Fde%2Fpolitik%2Furteil-des-bundesverfassungsgerichts-fossile-subventionen-jetzt-abbauen-und-neue-eeg-anlagen-wieder-ueber-den-strompreis-vergueten%2F\" title=\"Bei Facebook teilen\" aria-label=\"Bei Facebook teilen\" role=\"button\" rel=\"nofollow\" class=\"shariff-link\" style=\";border-radius:1%; background-color:#3b5998; color:#fff\" target=\"_blank\"><span class=\"shariff-icon\" style=\"\"><svg width=\"32px\" height=\"20px\" xmlns=\"http:\/\/www.w3.org\/2000\/svg\" viewBox=\"0 0 18 32\"><path fill=\"#3b5998\" d=\"M17.1 0.2v4.7h-2.8q-1.5 0-2.1 0.6t-0.5 1.9v3.4h5.2l-0.7 5.3h-4.5v13.6h-5.5v-13.6h-4.5v-5.3h4.5v-3.9q0-3.3 1.9-5.2t5-1.8q2.6 0 4.1 0.2z\"\/><\/svg><\/span><\/a><\/li><li class=\"shariff-button twitter shariff-nocustomcolor\" style=\"background-color:#595959;border-radius:1%\"><a href=\"https:\/\/twitter.com\/share?url=https%3A%2F%2Fwww.sonnenseite.com%2Fde%2Fpolitik%2Furteil-des-bundesverfassungsgerichts-fossile-subventionen-jetzt-abbauen-und-neue-eeg-anlagen-wieder-ueber-den-strompreis-vergueten%2F&text=Urteil%20des%20Bundesverfassungsgerichts%3A%20Fossile%20Subventionen%20jetzt%20abbauen%20und%20neue%20EEG-Anlagen%20wieder%20%C3%BCber%20den%20Strompreis%20verg%C3%BCten\" title=\"Bei X teilen\" aria-label=\"Bei X teilen\" role=\"button\" rel=\"noopener nofollow\" class=\"shariff-link\" style=\";border-radius:1%; background-color:#000; color:#fff\" target=\"_blank\"><span class=\"shariff-icon\" style=\"\"><svg width=\"32px\" height=\"20px\" xmlns=\"http:\/\/www.w3.org\/2000\/svg\" viewBox=\"0 0 24 24\"><path fill=\"#000\" d=\"M14.258 10.152L23.176 0h-2.113l-7.747 8.813L7.133 0H0l9.352 13.328L0 23.973h2.113l8.176-9.309 6.531 9.309h7.133zm-2.895 3.293l-.949-1.328L2.875 1.56h3.246l6.086 8.523.945 1.328 7.91 11.078h-3.246zm0 0\"\/><\/svg><\/span><\/a><\/li><li class=\"shariff-button xing shariff-nocustomcolor\" style=\"background-color:#29888a;border-radius:1%\"><a href=\"https:\/\/www.xing.com\/spi\/shares\/new?url=https%3A%2F%2Fwww.sonnenseite.com%2Fde%2Fpolitik%2Furteil-des-bundesverfassungsgerichts-fossile-subventionen-jetzt-abbauen-und-neue-eeg-anlagen-wieder-ueber-den-strompreis-vergueten%2F\" title=\"Bei XING teilen\" aria-label=\"Bei XING teilen\" role=\"button\" rel=\"noopener nofollow\" class=\"shariff-link\" style=\";border-radius:1%; background-color:#126567; color:#fff\" target=\"_blank\"><span class=\"shariff-icon\" style=\"\"><svg width=\"32px\" height=\"20px\" xmlns=\"http:\/\/www.w3.org\/2000\/svg\" viewBox=\"0 0 25 32\"><path fill=\"#126567\" d=\"M10.7 11.9q-0.2 0.3-4.6 8.2-0.5 0.8-1.2 0.8h-4.3q-0.4 0-0.5-0.3t0-0.6l4.5-8q0 0 0 0l-2.9-5q-0.2-0.4 0-0.7 0.2-0.3 0.5-0.3h4.3q0.7 0 1.2 0.8zM25.1 0.4q0.2 0.3 0 0.7l-9.4 16.7 6 11q0.2 0.4 0 0.6-0.2 0.3-0.6 0.3h-4.3q-0.7 0-1.2-0.8l-6-11.1q0.3-0.6 9.5-16.8 0.4-0.8 1.2-0.8h4.3q0.4 0 0.5 0.3z\"\/><\/svg><\/span><\/a><\/li><li class=\"shariff-button linkedin shariff-nocustomcolor\" style=\"background-color:#1488bf;border-radius:1%\"><a href=\"https:\/\/www.linkedin.com\/sharing\/share-offsite\/?url=https%3A%2F%2Fwww.sonnenseite.com%2Fde%2Fpolitik%2Furteil-des-bundesverfassungsgerichts-fossile-subventionen-jetzt-abbauen-und-neue-eeg-anlagen-wieder-ueber-den-strompreis-vergueten%2F\" title=\"Bei LinkedIn teilen\" aria-label=\"Bei LinkedIn teilen\" role=\"button\" rel=\"noopener nofollow\" class=\"shariff-link\" style=\";border-radius:1%; background-color:#0077b5; color:#fff\" target=\"_blank\"><span class=\"shariff-icon\" style=\"\"><svg width=\"32px\" height=\"20px\" xmlns=\"http:\/\/www.w3.org\/2000\/svg\" viewBox=\"0 0 27 32\"><path fill=\"#0077b5\" d=\"M6.2 11.2v17.7h-5.9v-17.7h5.9zM6.6 5.7q0 1.3-0.9 2.2t-2.4 0.9h0q-1.5 0-2.4-0.9t-0.9-2.2 0.9-2.2 2.4-0.9 2.4 0.9 0.9 2.2zM27.4 18.7v10.1h-5.9v-9.5q0-1.9-0.7-2.9t-2.3-1.1q-1.1 0-1.9 0.6t-1.2 1.5q-0.2 0.5-0.2 1.4v9.9h-5.9q0-7.1 0-11.6t0-5.3l0-0.9h5.9v2.6h0q0.4-0.6 0.7-1t1-0.9 1.6-0.8 2-0.3q3 0 4.9 2t1.9 6z\"\/><\/svg><\/span><\/a><\/li><li class=\"shariff-button printer shariff-nocustomcolor\" style=\"background-color:#a8a8a8;border-radius:1%\"><a href=\"javascript:window.print()\" title=\"drucken\" aria-label=\"drucken\" role=\"button\" rel=\"noopener nofollow\" class=\"shariff-link\" style=\";border-radius:1%; background-color:#999; color:#fff\"><span class=\"shariff-icon\" style=\"\"><svg width=\"32px\" height=\"20px\" xmlns=\"http:\/\/www.w3.org\/2000\/svg\" viewBox=\"0 0 30 32\"><path fill=\"#999\" d=\"M6.8 27.4h16v-4.6h-16v4.6zM6.8 16h16v-6.8h-2.8q-0.7 0-1.2-0.5t-0.5-1.2v-2.8h-11.4v11.4zM27.4 17.2q0-0.5-0.3-0.8t-0.8-0.4-0.8 0.4-0.3 0.8 0.3 0.8 0.8 0.3 0.8-0.3 0.3-0.8zM29.7 17.2v7.4q0 0.2-0.2 0.4t-0.4 0.2h-4v2.8q0 0.7-0.5 1.2t-1.2 0.5h-17.2q-0.7 0-1.2-0.5t-0.5-1.2v-2.8h-4q-0.2 0-0.4-0.2t-0.2-0.4v-7.4q0-1.4 1-2.4t2.4-1h1.2v-9.7q0-0.7 0.5-1.2t1.2-0.5h12q0.7 0 1.6 0.4t1.3 0.8l2.7 2.7q0.5 0.5 0.9 1.4t0.4 1.6v4.6h1.1q1.4 0 2.4 1t1 2.4z\"\/><\/svg><\/span><\/a><\/li><li class=\"shariff-button mailto shariff-nocustomcolor\" style=\"background-color:#a8a8a8;border-radius:1%\"><a href=\"mailto:?body=https%3A%2F%2Fwww.sonnenseite.com%2Fde%2Fpolitik%2Furteil-des-bundesverfassungsgerichts-fossile-subventionen-jetzt-abbauen-und-neue-eeg-anlagen-wieder-ueber-den-strompreis-vergueten%2F&subject=Urteil%20des%20Bundesverfassungsgerichts%3A%20Fossile%20Subventionen%20jetzt%20abbauen%20und%20neue%20EEG-Anlagen%20wieder%20%C3%BCber%20den%20Strompreis%20verg%C3%BCten\" title=\"Per E-Mail versenden\" aria-label=\"Per E-Mail versenden\" role=\"button\" rel=\"noopener nofollow\" class=\"shariff-link\" style=\";border-radius:1%; background-color:#999; color:#fff\"><span class=\"shariff-icon\" style=\"\"><svg width=\"32px\" height=\"20px\" xmlns=\"http:\/\/www.w3.org\/2000\/svg\" viewBox=\"0 0 32 32\"><path fill=\"#999\" d=\"M32 12.7v14.2q0 1.2-0.8 2t-2 0.9h-26.3q-1.2 0-2-0.9t-0.8-2v-14.2q0.8 0.9 1.8 1.6 6.5 4.4 8.9 6.1 1 0.8 1.6 1.2t1.7 0.9 2 0.4h0.1q0.9 0 2-0.4t1.7-0.9 1.6-1.2q3-2.2 8.9-6.1 1-0.7 1.8-1.6zM32 7.4q0 1.4-0.9 2.7t-2.2 2.2q-6.7 4.7-8.4 5.8-0.2 0.1-0.7 0.5t-1 0.7-0.9 0.6-1.1 0.5-0.9 0.2h-0.1q-0.4 0-0.9-0.2t-1.1-0.5-0.9-0.6-1-0.7-0.7-0.5q-1.6-1.1-4.7-3.2t-3.6-2.6q-1.1-0.7-2.1-2t-1-2.5q0-1.4 0.7-2.3t2.1-0.9h26.3q1.2 0 2 0.8t0.9 2z\"\/><\/svg><\/span><\/a><\/li><\/ul><\/div>","protected":false},"excerpt":{"rendered":"<p>In der vergangenen Woche hat das Bundesverfassungsgericht (BVG) dem Klimaschutz in Deutschland eine schwere B\u00fcrde auferlegt. [&hellip;]<\/p>\n","protected":false},"author":3,"featured_media":11694,"comment_status":"closed","ping_status":"closed","sticky":false,"template":"","format":"standard","meta":{"inline_featured_image":false,"footnotes":""},"categories":[21],"tags":[],"class_list":["post-95532","post","type-post","status-publish","format-standard","has-post-thumbnail","hentry","category-politik"],"yoast_head":"<!-- This site is optimized with the Yoast SEO plugin v26.5 - https:\/\/yoast.com\/wordpress\/plugins\/seo\/ -->\n<title>Urteil des Bundesverfassungsgerichts: Fossile Subventionen jetzt abbauen und neue EEG-Anlagen wieder \u00fcber den Strompreis verg\u00fcten - Sonnenseite - \u00d6kologische Kommunikation mit Franz Alt<\/title>\n<meta name=\"description\" content=\"In der vergangenen Woche hat das Bundesverfassungsgericht (BVG) dem Klimaschutz in Deutschland eine schwere B\u00fcrde auferlegt. In einem viel beachteten\" \/>\n<meta name=\"robots\" content=\"index, follow, max-snippet:-1, max-image-preview:large, max-video-preview:-1\" \/>\n<link rel=\"canonical\" href=\"https:\/\/www.sonnenseite.com\/de\/politik\/urteil-des-bundesverfassungsgerichts-fossile-subventionen-jetzt-abbauen-und-neue-eeg-anlagen-wieder-ueber-den-strompreis-vergueten\/\" \/>\n<meta property=\"og:locale\" content=\"de_DE\" \/>\n<meta property=\"og:type\" content=\"article\" \/>\n<meta property=\"og:title\" content=\"Urteil des Bundesverfassungsgerichts: Fossile Subventionen jetzt abbauen und neue EEG-Anlagen wieder \u00fcber den Strompreis verg\u00fcten - Sonnenseite - \u00d6kologische Kommunikation mit Franz Alt\" \/>\n<meta property=\"og:description\" content=\"In der vergangenen Woche hat das Bundesverfassungsgericht (BVG) dem Klimaschutz in Deutschland eine schwere B\u00fcrde auferlegt. In einem viel beachteten\" \/>\n<meta property=\"og:url\" content=\"https:\/\/www.sonnenseite.com\/de\/politik\/urteil-des-bundesverfassungsgerichts-fossile-subventionen-jetzt-abbauen-und-neue-eeg-anlagen-wieder-ueber-den-strompreis-vergueten\/\" \/>\n<meta property=\"og:site_name\" content=\"Sonnenseite\" \/>\n<meta property=\"article:publisher\" content=\"https:\/\/www.facebook.com\/pages\/Franz-Alt-SONNENSEITECOM\/221072987903953?fref=ts\" \/>\n<meta property=\"article:published_time\" content=\"2023-11-23T07:50:47+00:00\" \/>\n<meta property=\"article:modified_time\" content=\"2023-11-23T07:50:52+00:00\" \/>\n<meta property=\"og:image\" content=\"https:\/\/www.sonnenseite.com\/wp-content\/uploads\/2019\/02\/Justiz_Deutschland_andriano_cz.jpg\" \/>\n\t<meta property=\"og:image:width\" content=\"770\" \/>\n\t<meta property=\"og:image:height\" content=\"420\" \/>\n\t<meta property=\"og:image:type\" content=\"image\/jpeg\" \/>\n<meta name=\"author\" content=\"Bigi Alt\" \/>\n<meta name=\"twitter:card\" content=\"summary_large_image\" \/>\n<meta name=\"twitter:creator\" content=\"@franzalt\" \/>\n<meta name=\"twitter:site\" content=\"@franzalt\" \/>\n<meta name=\"twitter:label1\" content=\"Verfasst von\" \/>\n\t<meta name=\"twitter:data1\" content=\"Bigi Alt\" \/>\n\t<meta name=\"twitter:label2\" content=\"Gesch\u00e4tzte Lesezeit\" \/>\n\t<meta name=\"twitter:data2\" content=\"7\u00a0Minuten\" \/>\n<script type=\"application\/ld+json\" class=\"yoast-schema-graph\">{\"@context\":\"https:\/\/schema.org\",\"@graph\":[{\"@type\":\"Article\",\"@id\":\"https:\/\/www.sonnenseite.com\/de\/politik\/urteil-des-bundesverfassungsgerichts-fossile-subventionen-jetzt-abbauen-und-neue-eeg-anlagen-wieder-ueber-den-strompreis-vergueten\/#article\",\"isPartOf\":{\"@id\":\"https:\/\/www.sonnenseite.com\/de\/politik\/urteil-des-bundesverfassungsgerichts-fossile-subventionen-jetzt-abbauen-und-neue-eeg-anlagen-wieder-ueber-den-strompreis-vergueten\/\"},\"author\":{\"name\":\"Bigi Alt\",\"@id\":\"https:\/\/www.sonnenseite.com\/de\/#\/schema\/person\/50fda0e926597684c7cc6695238a4eb9\"},\"headline\":\"Urteil des Bundesverfassungsgerichts: Fossile Subventionen jetzt abbauen und neue EEG-Anlagen wieder \u00fcber den Strompreis verg\u00fcten\",\"datePublished\":\"2023-11-23T07:50:47+00:00\",\"dateModified\":\"2023-11-23T07:50:52+00:00\",\"mainEntityOfPage\":{\"@id\":\"https:\/\/www.sonnenseite.com\/de\/politik\/urteil-des-bundesverfassungsgerichts-fossile-subventionen-jetzt-abbauen-und-neue-eeg-anlagen-wieder-ueber-den-strompreis-vergueten\/\"},\"wordCount\":1252,\"publisher\":{\"@id\":\"https:\/\/www.sonnenseite.com\/de\/#organization\"},\"image\":{\"@id\":\"https:\/\/www.sonnenseite.com\/de\/politik\/urteil-des-bundesverfassungsgerichts-fossile-subventionen-jetzt-abbauen-und-neue-eeg-anlagen-wieder-ueber-den-strompreis-vergueten\/#primaryimage\"},\"thumbnailUrl\":\"https:\/\/www.sonnenseite.com\/wp-content\/uploads\/2019\/02\/Justiz_Deutschland_andriano_cz.jpg\",\"articleSection\":[\"Politik\"],\"inLanguage\":\"de\"},{\"@type\":\"WebPage\",\"@id\":\"https:\/\/www.sonnenseite.com\/de\/politik\/urteil-des-bundesverfassungsgerichts-fossile-subventionen-jetzt-abbauen-und-neue-eeg-anlagen-wieder-ueber-den-strompreis-vergueten\/\",\"url\":\"https:\/\/www.sonnenseite.com\/de\/politik\/urteil-des-bundesverfassungsgerichts-fossile-subventionen-jetzt-abbauen-und-neue-eeg-anlagen-wieder-ueber-den-strompreis-vergueten\/\",\"name\":\"Urteil des Bundesverfassungsgerichts: Fossile Subventionen jetzt abbauen und neue EEG-Anlagen wieder \u00fcber den Strompreis verg\u00fcten - Sonnenseite - \u00d6kologische Kommunikation mit Franz Alt\",\"isPartOf\":{\"@id\":\"https:\/\/www.sonnenseite.com\/de\/#website\"},\"primaryImageOfPage\":{\"@id\":\"https:\/\/www.sonnenseite.com\/de\/politik\/urteil-des-bundesverfassungsgerichts-fossile-subventionen-jetzt-abbauen-und-neue-eeg-anlagen-wieder-ueber-den-strompreis-vergueten\/#primaryimage\"},\"image\":{\"@id\":\"https:\/\/www.sonnenseite.com\/de\/politik\/urteil-des-bundesverfassungsgerichts-fossile-subventionen-jetzt-abbauen-und-neue-eeg-anlagen-wieder-ueber-den-strompreis-vergueten\/#primaryimage\"},\"thumbnailUrl\":\"https:\/\/www.sonnenseite.com\/wp-content\/uploads\/2019\/02\/Justiz_Deutschland_andriano_cz.jpg\",\"datePublished\":\"2023-11-23T07:50:47+00:00\",\"dateModified\":\"2023-11-23T07:50:52+00:00\",\"description\":\"In der vergangenen Woche hat das Bundesverfassungsgericht (BVG) dem Klimaschutz in Deutschland eine schwere B\u00fcrde auferlegt. In einem viel beachteten\",\"breadcrumb\":{\"@id\":\"https:\/\/www.sonnenseite.com\/de\/politik\/urteil-des-bundesverfassungsgerichts-fossile-subventionen-jetzt-abbauen-und-neue-eeg-anlagen-wieder-ueber-den-strompreis-vergueten\/#breadcrumb\"},\"inLanguage\":\"de\",\"potentialAction\":[{\"@type\":\"ReadAction\",\"target\":[\"https:\/\/www.sonnenseite.com\/de\/politik\/urteil-des-bundesverfassungsgerichts-fossile-subventionen-jetzt-abbauen-und-neue-eeg-anlagen-wieder-ueber-den-strompreis-vergueten\/\"]}]},{\"@type\":\"ImageObject\",\"inLanguage\":\"de\",\"@id\":\"https:\/\/www.sonnenseite.com\/de\/politik\/urteil-des-bundesverfassungsgerichts-fossile-subventionen-jetzt-abbauen-und-neue-eeg-anlagen-wieder-ueber-den-strompreis-vergueten\/#primaryimage\",\"url\":\"https:\/\/www.sonnenseite.com\/wp-content\/uploads\/2019\/02\/Justiz_Deutschland_andriano_cz.jpg\",\"contentUrl\":\"https:\/\/www.sonnenseite.com\/wp-content\/uploads\/2019\/02\/Justiz_Deutschland_andriano_cz.jpg\",\"width\":770,\"height\":420,\"caption\":\"Depositphotos | andriano_cz\"},{\"@type\":\"BreadcrumbList\",\"@id\":\"https:\/\/www.sonnenseite.com\/de\/politik\/urteil-des-bundesverfassungsgerichts-fossile-subventionen-jetzt-abbauen-und-neue-eeg-anlagen-wieder-ueber-den-strompreis-vergueten\/#breadcrumb\",\"itemListElement\":[{\"@type\":\"ListItem\",\"position\":1,\"name\":\"Startseite\",\"item\":\"https:\/\/www.sonnenseite.com\/de\/\"},{\"@type\":\"ListItem\",\"position\":2,\"name\":\"Urteil des Bundesverfassungsgerichts: Fossile Subventionen jetzt abbauen und neue EEG-Anlagen wieder \u00fcber den Strompreis verg\u00fcten\"}]},{\"@type\":\"WebSite\",\"@id\":\"https:\/\/www.sonnenseite.com\/de\/#website\",\"url\":\"https:\/\/www.sonnenseite.com\/de\/\",\"name\":\"Sonnenseite\",\"description\":\"\u00d6kologische Kommunikation mit Franz Alt\",\"publisher\":{\"@id\":\"https:\/\/www.sonnenseite.com\/de\/#organization\"},\"potentialAction\":[{\"@type\":\"SearchAction\",\"target\":{\"@type\":\"EntryPoint\",\"urlTemplate\":\"https:\/\/www.sonnenseite.com\/de\/?s={search_term_string}\"},\"query-input\":{\"@type\":\"PropertyValueSpecification\",\"valueRequired\":true,\"valueName\":\"search_term_string\"}}],\"inLanguage\":\"de\"},{\"@type\":\"Organization\",\"@id\":\"https:\/\/www.sonnenseite.com\/de\/#organization\",\"name\":\"Sonnenseite\",\"url\":\"https:\/\/www.sonnenseite.com\/de\/\",\"logo\":{\"@type\":\"ImageObject\",\"inLanguage\":\"de\",\"@id\":\"https:\/\/www.sonnenseite.com\/de\/#\/schema\/logo\/image\/\",\"url\":\"https:\/\/www.sonnenseite.com\/wp-content\/uploads\/2020\/05\/Sonnenseite_Logo.png\",\"contentUrl\":\"https:\/\/www.sonnenseite.com\/wp-content\/uploads\/2020\/05\/Sonnenseite_Logo.png\",\"width\":377,\"height\":90,\"caption\":\"Sonnenseite\"},\"image\":{\"@id\":\"https:\/\/www.sonnenseite.com\/de\/#\/schema\/logo\/image\/\"},\"sameAs\":[\"https:\/\/www.facebook.com\/pages\/Franz-Alt-SONNENSEITECOM\/221072987903953?fref=ts\",\"https:\/\/x.com\/franzalt\",\"http:\/\/www.youtube.com\/results?search_query&amp;amp;quot;franz_alt&amp;amp;quot;&amp;amp;amp;amp;search_type&amp;amp;amp;amp;aq=f\"]},{\"@type\":\"Person\",\"@id\":\"https:\/\/www.sonnenseite.com\/de\/#\/schema\/person\/50fda0e926597684c7cc6695238a4eb9\",\"name\":\"Bigi Alt\"}]}<\/script>\n<!-- \/ Yoast SEO plugin. -->","yoast_head_json":{"title":"Urteil des Bundesverfassungsgerichts: Fossile Subventionen jetzt abbauen und neue EEG-Anlagen wieder \u00fcber den Strompreis verg\u00fcten - Sonnenseite - \u00d6kologische Kommunikation mit Franz Alt","description":"In der vergangenen Woche hat das Bundesverfassungsgericht (BVG) dem Klimaschutz in Deutschland eine schwere B\u00fcrde auferlegt. In einem viel beachteten","robots":{"index":"index","follow":"follow","max-snippet":"max-snippet:-1","max-image-preview":"max-image-preview:large","max-video-preview":"max-video-preview:-1"},"canonical":"https:\/\/www.sonnenseite.com\/de\/politik\/urteil-des-bundesverfassungsgerichts-fossile-subventionen-jetzt-abbauen-und-neue-eeg-anlagen-wieder-ueber-den-strompreis-vergueten\/","og_locale":"de_DE","og_type":"article","og_title":"Urteil des Bundesverfassungsgerichts: Fossile Subventionen jetzt abbauen und neue EEG-Anlagen wieder \u00fcber den Strompreis verg\u00fcten - Sonnenseite - \u00d6kologische Kommunikation mit Franz Alt","og_description":"In der vergangenen Woche hat das Bundesverfassungsgericht (BVG) dem Klimaschutz in Deutschland eine schwere B\u00fcrde auferlegt. In einem viel beachteten","og_url":"https:\/\/www.sonnenseite.com\/de\/politik\/urteil-des-bundesverfassungsgerichts-fossile-subventionen-jetzt-abbauen-und-neue-eeg-anlagen-wieder-ueber-den-strompreis-vergueten\/","og_site_name":"Sonnenseite","article_publisher":"https:\/\/www.facebook.com\/pages\/Franz-Alt-SONNENSEITECOM\/221072987903953?fref=ts","article_published_time":"2023-11-23T07:50:47+00:00","article_modified_time":"2023-11-23T07:50:52+00:00","og_image":[{"width":770,"height":420,"url":"https:\/\/www.sonnenseite.com\/wp-content\/uploads\/2019\/02\/Justiz_Deutschland_andriano_cz.jpg","type":"image\/jpeg"}],"author":"Bigi Alt","twitter_card":"summary_large_image","twitter_creator":"@franzalt","twitter_site":"@franzalt","twitter_misc":{"Verfasst von":"Bigi Alt","Gesch\u00e4tzte Lesezeit":"7\u00a0Minuten"},"schema":{"@context":"https:\/\/schema.org","@graph":[{"@type":"Article","@id":"https:\/\/www.sonnenseite.com\/de\/politik\/urteil-des-bundesverfassungsgerichts-fossile-subventionen-jetzt-abbauen-und-neue-eeg-anlagen-wieder-ueber-den-strompreis-vergueten\/#article","isPartOf":{"@id":"https:\/\/www.sonnenseite.com\/de\/politik\/urteil-des-bundesverfassungsgerichts-fossile-subventionen-jetzt-abbauen-und-neue-eeg-anlagen-wieder-ueber-den-strompreis-vergueten\/"},"author":{"name":"Bigi Alt","@id":"https:\/\/www.sonnenseite.com\/de\/#\/schema\/person\/50fda0e926597684c7cc6695238a4eb9"},"headline":"Urteil des Bundesverfassungsgerichts: Fossile Subventionen jetzt abbauen und neue EEG-Anlagen wieder \u00fcber den Strompreis verg\u00fcten","datePublished":"2023-11-23T07:50:47+00:00","dateModified":"2023-11-23T07:50:52+00:00","mainEntityOfPage":{"@id":"https:\/\/www.sonnenseite.com\/de\/politik\/urteil-des-bundesverfassungsgerichts-fossile-subventionen-jetzt-abbauen-und-neue-eeg-anlagen-wieder-ueber-den-strompreis-vergueten\/"},"wordCount":1252,"publisher":{"@id":"https:\/\/www.sonnenseite.com\/de\/#organization"},"image":{"@id":"https:\/\/www.sonnenseite.com\/de\/politik\/urteil-des-bundesverfassungsgerichts-fossile-subventionen-jetzt-abbauen-und-neue-eeg-anlagen-wieder-ueber-den-strompreis-vergueten\/#primaryimage"},"thumbnailUrl":"https:\/\/www.sonnenseite.com\/wp-content\/uploads\/2019\/02\/Justiz_Deutschland_andriano_cz.jpg","articleSection":["Politik"],"inLanguage":"de"},{"@type":"WebPage","@id":"https:\/\/www.sonnenseite.com\/de\/politik\/urteil-des-bundesverfassungsgerichts-fossile-subventionen-jetzt-abbauen-und-neue-eeg-anlagen-wieder-ueber-den-strompreis-vergueten\/","url":"https:\/\/www.sonnenseite.com\/de\/politik\/urteil-des-bundesverfassungsgerichts-fossile-subventionen-jetzt-abbauen-und-neue-eeg-anlagen-wieder-ueber-den-strompreis-vergueten\/","name":"Urteil des Bundesverfassungsgerichts: Fossile Subventionen jetzt abbauen und neue EEG-Anlagen wieder \u00fcber den Strompreis verg\u00fcten - Sonnenseite - \u00d6kologische Kommunikation mit Franz Alt","isPartOf":{"@id":"https:\/\/www.sonnenseite.com\/de\/#website"},"primaryImageOfPage":{"@id":"https:\/\/www.sonnenseite.com\/de\/politik\/urteil-des-bundesverfassungsgerichts-fossile-subventionen-jetzt-abbauen-und-neue-eeg-anlagen-wieder-ueber-den-strompreis-vergueten\/#primaryimage"},"image":{"@id":"https:\/\/www.sonnenseite.com\/de\/politik\/urteil-des-bundesverfassungsgerichts-fossile-subventionen-jetzt-abbauen-und-neue-eeg-anlagen-wieder-ueber-den-strompreis-vergueten\/#primaryimage"},"thumbnailUrl":"https:\/\/www.sonnenseite.com\/wp-content\/uploads\/2019\/02\/Justiz_Deutschland_andriano_cz.jpg","datePublished":"2023-11-23T07:50:47+00:00","dateModified":"2023-11-23T07:50:52+00:00","description":"In der vergangenen Woche hat das Bundesverfassungsgericht (BVG) dem Klimaschutz in Deutschland eine schwere B\u00fcrde auferlegt. In einem viel beachteten","breadcrumb":{"@id":"https:\/\/www.sonnenseite.com\/de\/politik\/urteil-des-bundesverfassungsgerichts-fossile-subventionen-jetzt-abbauen-und-neue-eeg-anlagen-wieder-ueber-den-strompreis-vergueten\/#breadcrumb"},"inLanguage":"de","potentialAction":[{"@type":"ReadAction","target":["https:\/\/www.sonnenseite.com\/de\/politik\/urteil-des-bundesverfassungsgerichts-fossile-subventionen-jetzt-abbauen-und-neue-eeg-anlagen-wieder-ueber-den-strompreis-vergueten\/"]}]},{"@type":"ImageObject","inLanguage":"de","@id":"https:\/\/www.sonnenseite.com\/de\/politik\/urteil-des-bundesverfassungsgerichts-fossile-subventionen-jetzt-abbauen-und-neue-eeg-anlagen-wieder-ueber-den-strompreis-vergueten\/#primaryimage","url":"https:\/\/www.sonnenseite.com\/wp-content\/uploads\/2019\/02\/Justiz_Deutschland_andriano_cz.jpg","contentUrl":"https:\/\/www.sonnenseite.com\/wp-content\/uploads\/2019\/02\/Justiz_Deutschland_andriano_cz.jpg","width":770,"height":420,"caption":"Depositphotos | andriano_cz"},{"@type":"BreadcrumbList","@id":"https:\/\/www.sonnenseite.com\/de\/politik\/urteil-des-bundesverfassungsgerichts-fossile-subventionen-jetzt-abbauen-und-neue-eeg-anlagen-wieder-ueber-den-strompreis-vergueten\/#breadcrumb","itemListElement":[{"@type":"ListItem","position":1,"name":"Startseite","item":"https:\/\/www.sonnenseite.com\/de\/"},{"@type":"ListItem","position":2,"name":"Urteil des Bundesverfassungsgerichts: Fossile Subventionen jetzt abbauen und neue EEG-Anlagen wieder \u00fcber den Strompreis verg\u00fcten"}]},{"@type":"WebSite","@id":"https:\/\/www.sonnenseite.com\/de\/#website","url":"https:\/\/www.sonnenseite.com\/de\/","name":"Sonnenseite","description":"\u00d6kologische Kommunikation mit Franz Alt","publisher":{"@id":"https:\/\/www.sonnenseite.com\/de\/#organization"},"potentialAction":[{"@type":"SearchAction","target":{"@type":"EntryPoint","urlTemplate":"https:\/\/www.sonnenseite.com\/de\/?s={search_term_string}"},"query-input":{"@type":"PropertyValueSpecification","valueRequired":true,"valueName":"search_term_string"}}],"inLanguage":"de"},{"@type":"Organization","@id":"https:\/\/www.sonnenseite.com\/de\/#organization","name":"Sonnenseite","url":"https:\/\/www.sonnenseite.com\/de\/","logo":{"@type":"ImageObject","inLanguage":"de","@id":"https:\/\/www.sonnenseite.com\/de\/#\/schema\/logo\/image\/","url":"https:\/\/www.sonnenseite.com\/wp-content\/uploads\/2020\/05\/Sonnenseite_Logo.png","contentUrl":"https:\/\/www.sonnenseite.com\/wp-content\/uploads\/2020\/05\/Sonnenseite_Logo.png","width":377,"height":90,"caption":"Sonnenseite"},"image":{"@id":"https:\/\/www.sonnenseite.com\/de\/#\/schema\/logo\/image\/"},"sameAs":["https:\/\/www.facebook.com\/pages\/Franz-Alt-SONNENSEITECOM\/221072987903953?fref=ts","https:\/\/x.com\/franzalt","http:\/\/www.youtube.com\/results?search_query&amp;amp;quot;franz_alt&amp;amp;quot;&amp;amp;amp;amp;search_type&amp;amp;amp;amp;aq=f"]},{"@type":"Person","@id":"https:\/\/www.sonnenseite.com\/de\/#\/schema\/person\/50fda0e926597684c7cc6695238a4eb9","name":"Bigi Alt"}]}},"_links":{"self":[{"href":"https:\/\/www.sonnenseite.com\/de\/wp-json\/wp\/v2\/posts\/95532","targetHints":{"allow":["GET"]}}],"collection":[{"href":"https:\/\/www.sonnenseite.com\/de\/wp-json\/wp\/v2\/posts"}],"about":[{"href":"https:\/\/www.sonnenseite.com\/de\/wp-json\/wp\/v2\/types\/post"}],"author":[{"embeddable":true,"href":"https:\/\/www.sonnenseite.com\/de\/wp-json\/wp\/v2\/users\/3"}],"replies":[{"embeddable":true,"href":"https:\/\/www.sonnenseite.com\/de\/wp-json\/wp\/v2\/comments?post=95532"}],"version-history":[{"count":1,"href":"https:\/\/www.sonnenseite.com\/de\/wp-json\/wp\/v2\/posts\/95532\/revisions"}],"predecessor-version":[{"id":95533,"href":"https:\/\/www.sonnenseite.com\/de\/wp-json\/wp\/v2\/posts\/95532\/revisions\/95533"}],"wp:featuredmedia":[{"embeddable":true,"href":"https:\/\/www.sonnenseite.com\/de\/wp-json\/wp\/v2\/media\/11694"}],"wp:attachment":[{"href":"https:\/\/www.sonnenseite.com\/de\/wp-json\/wp\/v2\/media?parent=95532"}],"wp:term":[{"taxonomy":"category","embeddable":true,"href":"https:\/\/www.sonnenseite.com\/de\/wp-json\/wp\/v2\/categories?post=95532"},{"taxonomy":"post_tag","embeddable":true,"href":"https:\/\/www.sonnenseite.com\/de\/wp-json\/wp\/v2\/tags?post=95532"}],"curies":[{"name":"wp","href":"https:\/\/api.w.org\/{rel}","templated":true}]}}