{"id":95571,"date":"2023-11-24T09:19:44","date_gmt":"2023-11-24T08:19:44","guid":{"rendered":"https:\/\/www.sonnenseite.com\/?p=95571"},"modified":"2023-11-24T09:19:48","modified_gmt":"2023-11-24T08:19:48","slug":"ist-jetzt-die-klimapolitik-der-ampel-kaputt","status":"publish","type":"post","link":"https:\/\/www.sonnenseite.com\/de\/franz-alt\/kommentare-interviews\/ist-jetzt-die-klimapolitik-der-ampel-kaputt\/","title":{"rendered":"Ist jetzt die Klimapolitik der Ampel kaputt?"},"content":{"rendered":"\n<p>Die Ampel verwandte Corona-Geld f\u00fcr Klimaschutz. Das soll verfassungswidrig sein. Jetzt fehlen 60 Milliarden f\u00fcrs Klima. Ist die Klimapolitik der Ampel nun am Ende? <\/p>\n\n\n\n<p>Hinzu kommt, dass <a href=\"https:\/\/fridaysforfuture.de\/\">Fridays for Future<\/a> wegen des Nahost-Konflikts zerstritten ist. Kommt nun auch noch zu wenig Druck von unten f\u00fcr eine effizientere Klimapolitik?<\/p>\n\n\n\n<p>Der <a href=\"https:\/\/www.unep.org\/resources\/emissions-gap-report-2023\" target=\"_blank\" rel=\"noreferrer noopener\">\u201eEmissions Gap Report 2023\u201c<\/a> des UN-Umweltprogramms Unep hat soeben gezeigt, dass Anspruch und Wirklichkeit beim Klimaschutz weit auseinander liegen. Global sind wir meilenweit davon entfernt, das Pariser 1,5 Grad-Klimaziel zu erreichen. Von Januar bis September 2023 war es im globalen Durchschnitt schon an 86 Tagen w\u00e4rmer als 1,5 Grad gegen\u00fcber der vorindustriellen Zeit. <\/p>\n\n\n\n<p>Das UNO-Umweltprogramm (UNEP) hat errechnet, dass sich die Luft an der Oberfl\u00e4che des Planeten schon jetzt um 1.2 Grad erw\u00e4rmt hat. Diese Erw\u00e4rmung umfasst auch die Luft oberhalb der Meere. Die Temperaturen an Land sind etwa doppelt so hoch. Deshalb ist es in Deutschland bereits \u00fcber zwei Grad w\u00e4rmer als noch vor 150 Jahren.<\/p>\n\n\n\n<p>Um das 1,5 Grad-Ziel noch zu erreichen, m\u00fcssten die Treibhausgas-Emissionen sofort sinken, doch sie steigen noch immer. Sie m\u00fcssten im Jahr 2030 um 42 Prozent niedriger sein als heute. Doch die Emissionen haben sich seit 1990 beinahe verdoppelt. Dazu tragen auch die Verluste von W\u00e4ldern bei, die einen Teil der Emissionen aufnehmen. Deshalb sagt auch UN-Generalsekret\u00e4r Guterres: \u201eEs klafft eine riesige L\u00fccke zwischen Anspruch und Wirklichkeit. Wir sind auf dem Weg zur Klimah\u00f6lle.\u201c<\/p>\n\n\n\n<p>Tats\u00e4chlich sind wir eher auf einem 3 Grad-Pfad als bei 1,5 Grad. Das hei\u00dft: in Deutschland kann \u00a0es bis zu sechs Grad w\u00e4rmer werden. Bei der Reduktion von Treibhausgasen kommt den G20-Staaten eine f\u00fchrende Rolle zu. Sie emittieren zur Zeit etwa drei Viertel aller Emissionen. Die <a href=\"https:\/\/www.sonnenseite.com\/de\/politik\/das-reichste-prozent-verursacht-soviel-treibhausgase-wie-zwei-drittel-der-weltbevoelkerung\/\">reichsten zehn Prozent der Weltbev\u00f6lkerung<\/a> verantworten allein die H\u00e4lfte aller Treibhausgase. Die \u00e4rmere H\u00e4lfte der Weltbev\u00f6lkerung kommt gerade mal auf einen Aussto\u00df von 12 Prozent.<\/p>\n\n\n\n<p>Einen Lichtblick im beschriebenen Klima-Schlamassel bietet zur Zeit nur der rasche Ausbau und Aufbau von Solarenergie sowie der schnell wachsende Verkauf von E-Autos. Der Bundesverband Erneuerbare Energien (BEE) fordert, \u201edie langfristige und ausk\u00f6mmliche Finanzierung f\u00fcr Klimaschutzinvestitionen sicherzustellen und auch die heimische, saubere Energieversorgung durch den weiteren Ausbau g\u00fcnstiger Erneuerbarer Energien von Speichern und Sektorenkopplung voranzutreiben. Erneuerbare Energien k\u00f6nnen Strom, W\u00e4rme und Molek\u00fcle liefern. Wie unsere Studien und Szenarien zeigen: zu 100 Prozent und potenziell auch heimisch.\u201c<\/p>\n\n\n\n<p>Um den Klimawandel wirklich zu bremsen, ist der rasche Ausstieg aus den fossilen Rohstoffen wie Kohle, Gas und Erd\u00f6l notwendig. Und in Deutschland der sofortige <a href=\"https:\/\/www.sonnenseite.com\/de\/politik\/haushaltsstreit-reformvorschlaege-fuer-den-abbau-klimaschaedlicher-subventionen\/\">Abschied von 65 Milliarden Euro staatlicher Subventionen f\u00fcr klimafeindliche Produkte<\/a>. So k\u00f6nnte die Bundesregierung auch das 60 Milliarden-Euro-Loch stopfen, das ihr das Bundesverfassungsgericht gerade beschert hat. Die <a href=\"https:\/\/www.sonnenseite.com\/de\/politik\/urteil-des-bundesverfassungsgerichts-fossile-subventionen-jetzt-abbauen-und-neue-eeg-anlagen-wieder-ueber-den-strompreis-vergueten\/\">Ohrfeige aus Karlsruhe<\/a> k\u00f6nnte so noch eine Chance f\u00fcr Klimaschutz in Deutschland werden. <\/p>\n\n\n\n<p>Alle Technologien f\u00fcr den Wandel sind vorhanden. Doch noch fehlt es am Wichtigsten f\u00fcr eine wirkliche Transformation: Am politischen Willen der meisten Regierungen. Die Menschheit muss sich entscheiden: Entweder noch mehr fossile Energie verbrennen und damit die Zukunft unserer Kinder und Enkel oder einen nachhaltigeren, besseren Planeten. Die n\u00e4chste Weltklimakonferenz vom 30. November bis zum 12. Dezember in Dubai wird eine Antwort finden m\u00fcssen.<\/p>\n\n\n\n<ul class=\"wp-block-list\">\n<li><a href=\"https:\/\/www.unep.org\/news-and-stories\/press-release\/nations-must-go-further-current-paris-pledges-or-face-global-warming\" target=\"_blank\" rel=\"noreferrer noopener\">UNEP \u201eNations must go further than current Paris pledges or face global warming of 2.5-2.9\u00b0C\u201c<\/a><\/li>\n\n\n\n<li><a href=\"https:\/\/www.unep.org\/resources\/emissions-gap-report-2023\" target=\"_blank\" rel=\"noreferrer noopener\">\u201eEmissions Gap Report 2023\u201c<\/a><\/li>\n\n\n\n<li><a href=\"https:\/\/www.sonnenseite.com\/de\/politik\/emissions-gap-report-2023-auf-dem-pfad-in-die-drei-grad-welt\/\">Klimareporter &#8222;Emissions Gap Report 2023: Auf dem Pfad in die Drei-Grad-Welt&#8220;<\/a><\/li>\n<\/ul>\n\n\n<h5 class=\"green\">Quelle<\/h5>\r\n\n\n\n<p><a href=\"mailte:franzalt@sonnenseite.com\">Franz Alt 2023<\/a><\/p>\n<div class=\"shariff shariff-align-flex-start shariff-widget-align-flex-start\"><div class=\"ShariffHeadline\">Diese Meldung teilen<\/div><ul class=\"shariff-buttons theme-round orientation-horizontal buttonsize-medium\"><li class=\"shariff-button facebook shariff-nocustomcolor\" style=\"background-color:#4273c8;border-radius:1%\"><a href=\"https:\/\/www.facebook.com\/sharer\/sharer.php?u=https%3A%2F%2Fwww.sonnenseite.com%2Fde%2Ffranz-alt%2Fkommentare-interviews%2Fist-jetzt-die-klimapolitik-der-ampel-kaputt%2F\" title=\"Bei Facebook teilen\" aria-label=\"Bei Facebook teilen\" role=\"button\" rel=\"nofollow\" class=\"shariff-link\" style=\";border-radius:1%; background-color:#3b5998; color:#fff\" target=\"_blank\"><span class=\"shariff-icon\" style=\"\"><svg width=\"32px\" height=\"20px\" xmlns=\"http:\/\/www.w3.org\/2000\/svg\" viewBox=\"0 0 18 32\"><path fill=\"#3b5998\" d=\"M17.1 0.2v4.7h-2.8q-1.5 0-2.1 0.6t-0.5 1.9v3.4h5.2l-0.7 5.3h-4.5v13.6h-5.5v-13.6h-4.5v-5.3h4.5v-3.9q0-3.3 1.9-5.2t5-1.8q2.6 0 4.1 0.2z\"\/><\/svg><\/span><\/a><\/li><li class=\"shariff-button twitter shariff-nocustomcolor\" style=\"background-color:#595959;border-radius:1%\"><a href=\"https:\/\/twitter.com\/share?url=https%3A%2F%2Fwww.sonnenseite.com%2Fde%2Ffranz-alt%2Fkommentare-interviews%2Fist-jetzt-die-klimapolitik-der-ampel-kaputt%2F&text=Ist%20jetzt%20die%20Klimapolitik%20der%20Ampel%20kaputt%3F\" title=\"Bei X teilen\" aria-label=\"Bei X teilen\" role=\"button\" rel=\"noopener nofollow\" class=\"shariff-link\" style=\";border-radius:1%; background-color:#000; color:#fff\" target=\"_blank\"><span class=\"shariff-icon\" style=\"\"><svg width=\"32px\" height=\"20px\" xmlns=\"http:\/\/www.w3.org\/2000\/svg\" viewBox=\"0 0 24 24\"><path fill=\"#000\" d=\"M14.258 10.152L23.176 0h-2.113l-7.747 8.813L7.133 0H0l9.352 13.328L0 23.973h2.113l8.176-9.309 6.531 9.309h7.133zm-2.895 3.293l-.949-1.328L2.875 1.56h3.246l6.086 8.523.945 1.328 7.91 11.078h-3.246zm0 0\"\/><\/svg><\/span><\/a><\/li><li class=\"shariff-button xing shariff-nocustomcolor\" style=\"background-color:#29888a;border-radius:1%\"><a href=\"https:\/\/www.xing.com\/spi\/shares\/new?url=https%3A%2F%2Fwww.sonnenseite.com%2Fde%2Ffranz-alt%2Fkommentare-interviews%2Fist-jetzt-die-klimapolitik-der-ampel-kaputt%2F\" title=\"Bei XING teilen\" aria-label=\"Bei XING teilen\" role=\"button\" rel=\"noopener nofollow\" class=\"shariff-link\" style=\";border-radius:1%; background-color:#126567; color:#fff\" target=\"_blank\"><span class=\"shariff-icon\" style=\"\"><svg width=\"32px\" height=\"20px\" xmlns=\"http:\/\/www.w3.org\/2000\/svg\" viewBox=\"0 0 25 32\"><path fill=\"#126567\" d=\"M10.7 11.9q-0.2 0.3-4.6 8.2-0.5 0.8-1.2 0.8h-4.3q-0.4 0-0.5-0.3t0-0.6l4.5-8q0 0 0 0l-2.9-5q-0.2-0.4 0-0.7 0.2-0.3 0.5-0.3h4.3q0.7 0 1.2 0.8zM25.1 0.4q0.2 0.3 0 0.7l-9.4 16.7 6 11q0.2 0.4 0 0.6-0.2 0.3-0.6 0.3h-4.3q-0.7 0-1.2-0.8l-6-11.1q0.3-0.6 9.5-16.8 0.4-0.8 1.2-0.8h4.3q0.4 0 0.5 0.3z\"\/><\/svg><\/span><\/a><\/li><li class=\"shariff-button linkedin shariff-nocustomcolor\" style=\"background-color:#1488bf;border-radius:1%\"><a href=\"https:\/\/www.linkedin.com\/sharing\/share-offsite\/?url=https%3A%2F%2Fwww.sonnenseite.com%2Fde%2Ffranz-alt%2Fkommentare-interviews%2Fist-jetzt-die-klimapolitik-der-ampel-kaputt%2F\" title=\"Bei LinkedIn teilen\" aria-label=\"Bei LinkedIn teilen\" role=\"button\" rel=\"noopener nofollow\" class=\"shariff-link\" style=\";border-radius:1%; background-color:#0077b5; color:#fff\" target=\"_blank\"><span class=\"shariff-icon\" style=\"\"><svg width=\"32px\" height=\"20px\" xmlns=\"http:\/\/www.w3.org\/2000\/svg\" viewBox=\"0 0 27 32\"><path fill=\"#0077b5\" d=\"M6.2 11.2v17.7h-5.9v-17.7h5.9zM6.6 5.7q0 1.3-0.9 2.2t-2.4 0.9h0q-1.5 0-2.4-0.9t-0.9-2.2 0.9-2.2 2.4-0.9 2.4 0.9 0.9 2.2zM27.4 18.7v10.1h-5.9v-9.5q0-1.9-0.7-2.9t-2.3-1.1q-1.1 0-1.9 0.6t-1.2 1.5q-0.2 0.5-0.2 1.4v9.9h-5.9q0-7.1 0-11.6t0-5.3l0-0.9h5.9v2.6h0q0.4-0.6 0.7-1t1-0.9 1.6-0.8 2-0.3q3 0 4.9 2t1.9 6z\"\/><\/svg><\/span><\/a><\/li><li class=\"shariff-button printer shariff-nocustomcolor\" style=\"background-color:#a8a8a8;border-radius:1%\"><a href=\"javascript:window.print()\" title=\"drucken\" aria-label=\"drucken\" role=\"button\" rel=\"noopener nofollow\" class=\"shariff-link\" style=\";border-radius:1%; background-color:#999; color:#fff\"><span class=\"shariff-icon\" style=\"\"><svg width=\"32px\" height=\"20px\" xmlns=\"http:\/\/www.w3.org\/2000\/svg\" viewBox=\"0 0 30 32\"><path fill=\"#999\" d=\"M6.8 27.4h16v-4.6h-16v4.6zM6.8 16h16v-6.8h-2.8q-0.7 0-1.2-0.5t-0.5-1.2v-2.8h-11.4v11.4zM27.4 17.2q0-0.5-0.3-0.8t-0.8-0.4-0.8 0.4-0.3 0.8 0.3 0.8 0.8 0.3 0.8-0.3 0.3-0.8zM29.7 17.2v7.4q0 0.2-0.2 0.4t-0.4 0.2h-4v2.8q0 0.7-0.5 1.2t-1.2 0.5h-17.2q-0.7 0-1.2-0.5t-0.5-1.2v-2.8h-4q-0.2 0-0.4-0.2t-0.2-0.4v-7.4q0-1.4 1-2.4t2.4-1h1.2v-9.7q0-0.7 0.5-1.2t1.2-0.5h12q0.7 0 1.6 0.4t1.3 0.8l2.7 2.7q0.5 0.5 0.9 1.4t0.4 1.6v4.6h1.1q1.4 0 2.4 1t1 2.4z\"\/><\/svg><\/span><\/a><\/li><li class=\"shariff-button mailto shariff-nocustomcolor\" style=\"background-color:#a8a8a8;border-radius:1%\"><a href=\"mailto:?body=https%3A%2F%2Fwww.sonnenseite.com%2Fde%2Ffranz-alt%2Fkommentare-interviews%2Fist-jetzt-die-klimapolitik-der-ampel-kaputt%2F&subject=Ist%20jetzt%20die%20Klimapolitik%20der%20Ampel%20kaputt%3F\" title=\"Per E-Mail versenden\" aria-label=\"Per E-Mail versenden\" role=\"button\" rel=\"noopener nofollow\" class=\"shariff-link\" style=\";border-radius:1%; background-color:#999; color:#fff\"><span class=\"shariff-icon\" style=\"\"><svg width=\"32px\" height=\"20px\" xmlns=\"http:\/\/www.w3.org\/2000\/svg\" viewBox=\"0 0 32 32\"><path fill=\"#999\" d=\"M32 12.7v14.2q0 1.2-0.8 2t-2 0.9h-26.3q-1.2 0-2-0.9t-0.8-2v-14.2q0.8 0.9 1.8 1.6 6.5 4.4 8.9 6.1 1 0.8 1.6 1.2t1.7 0.9 2 0.4h0.1q0.9 0 2-0.4t1.7-0.9 1.6-1.2q3-2.2 8.9-6.1 1-0.7 1.8-1.6zM32 7.4q0 1.4-0.9 2.7t-2.2 2.2q-6.7 4.7-8.4 5.8-0.2 0.1-0.7 0.5t-1 0.7-0.9 0.6-1.1 0.5-0.9 0.2h-0.1q-0.4 0-0.9-0.2t-1.1-0.5-0.9-0.6-1-0.7-0.7-0.5q-1.6-1.1-4.7-3.2t-3.6-2.6q-1.1-0.7-2.1-2t-1-2.5q0-1.4 0.7-2.3t2.1-0.9h26.3q1.2 0 2 0.8t0.9 2z\"\/><\/svg><\/span><\/a><\/li><\/ul><\/div>","protected":false},"excerpt":{"rendered":"<p>Die Ampel verwandte Corona-Geld f\u00fcr Klimaschutz. Das soll verfassungswidrig sein. Jetzt fehlen 60 Milliarden f\u00fcrs Klima. [&hellip;]<\/p>\n","protected":false},"author":3,"featured_media":3750,"comment_status":"closed","ping_status":"closed","sticky":false,"template":"","format":"standard","meta":{"inline_featured_image":false,"footnotes":""},"categories":[29],"tags":[],"class_list":["post-95571","post","type-post","status-publish","format-standard","has-post-thumbnail","hentry","category-kommentare-interviews"],"yoast_head":"<!-- This site is optimized with the Yoast SEO plugin v26.5 - https:\/\/yoast.com\/wordpress\/plugins\/seo\/ -->\n<title>Ist jetzt die Klimapolitik der Ampel kaputt? - Sonnenseite - \u00d6kologische Kommunikation mit Franz Alt<\/title>\n<meta name=\"description\" content=\"Die Ampel verwandte Corona-Geld f\u00fcr Klimaschutz. Das soll verfassungswidrig sein. Jetzt fehlen 60 Milliarden f\u00fcrs Klima. Ist die Klimapolitik der Ampel\" \/>\n<meta name=\"robots\" content=\"index, follow, max-snippet:-1, max-image-preview:large, max-video-preview:-1\" \/>\n<link rel=\"canonical\" href=\"https:\/\/www.sonnenseite.com\/de\/franz-alt\/kommentare-interviews\/ist-jetzt-die-klimapolitik-der-ampel-kaputt\/\" \/>\n<meta property=\"og:locale\" content=\"de_DE\" \/>\n<meta property=\"og:type\" content=\"article\" \/>\n<meta property=\"og:title\" content=\"Ist jetzt die Klimapolitik der Ampel kaputt? - Sonnenseite - \u00d6kologische Kommunikation mit Franz Alt\" \/>\n<meta property=\"og:description\" content=\"Die Ampel verwandte Corona-Geld f\u00fcr Klimaschutz. Das soll verfassungswidrig sein. Jetzt fehlen 60 Milliarden f\u00fcrs Klima. Ist die Klimapolitik der Ampel\" \/>\n<meta property=\"og:url\" content=\"https:\/\/www.sonnenseite.com\/de\/franz-alt\/kommentare-interviews\/ist-jetzt-die-klimapolitik-der-ampel-kaputt\/\" \/>\n<meta property=\"og:site_name\" content=\"Sonnenseite\" \/>\n<meta property=\"article:publisher\" content=\"https:\/\/www.facebook.com\/pages\/Franz-Alt-SONNENSEITECOM\/221072987903953?fref=ts\" \/>\n<meta property=\"article:published_time\" content=\"2023-11-24T08:19:44+00:00\" \/>\n<meta property=\"article:modified_time\" content=\"2023-11-24T08:19:48+00:00\" \/>\n<meta property=\"og:image\" content=\"https:\/\/www.sonnenseite.com\/wp-content\/uploads\/2020\/01\/Erde_schmelzen_rolffimages.jpg\" \/>\n\t<meta property=\"og:image:width\" content=\"770\" \/>\n\t<meta property=\"og:image:height\" content=\"420\" \/>\n\t<meta property=\"og:image:type\" content=\"image\/jpeg\" \/>\n<meta name=\"author\" content=\"Bigi Alt\" \/>\n<meta name=\"twitter:card\" content=\"summary_large_image\" \/>\n<meta name=\"twitter:creator\" content=\"@franzalt\" \/>\n<meta name=\"twitter:site\" content=\"@franzalt\" \/>\n<meta name=\"twitter:label1\" content=\"Verfasst von\" \/>\n\t<meta name=\"twitter:data1\" content=\"Bigi Alt\" \/>\n\t<meta name=\"twitter:label2\" content=\"Gesch\u00e4tzte Lesezeit\" \/>\n\t<meta name=\"twitter:data2\" content=\"4\u00a0Minuten\" \/>\n<script type=\"application\/ld+json\" class=\"yoast-schema-graph\">{\"@context\":\"https:\/\/schema.org\",\"@graph\":[{\"@type\":\"Article\",\"@id\":\"https:\/\/www.sonnenseite.com\/de\/franz-alt\/kommentare-interviews\/ist-jetzt-die-klimapolitik-der-ampel-kaputt\/#article\",\"isPartOf\":{\"@id\":\"https:\/\/www.sonnenseite.com\/de\/franz-alt\/kommentare-interviews\/ist-jetzt-die-klimapolitik-der-ampel-kaputt\/\"},\"author\":{\"name\":\"Bigi Alt\",\"@id\":\"https:\/\/www.sonnenseite.com\/de\/#\/schema\/person\/50fda0e926597684c7cc6695238a4eb9\"},\"headline\":\"Ist jetzt die Klimapolitik der Ampel kaputt?\",\"datePublished\":\"2023-11-24T08:19:44+00:00\",\"dateModified\":\"2023-11-24T08:19:48+00:00\",\"mainEntityOfPage\":{\"@id\":\"https:\/\/www.sonnenseite.com\/de\/franz-alt\/kommentare-interviews\/ist-jetzt-die-klimapolitik-der-ampel-kaputt\/\"},\"wordCount\":562,\"publisher\":{\"@id\":\"https:\/\/www.sonnenseite.com\/de\/#organization\"},\"image\":{\"@id\":\"https:\/\/www.sonnenseite.com\/de\/franz-alt\/kommentare-interviews\/ist-jetzt-die-klimapolitik-der-ampel-kaputt\/#primaryimage\"},\"thumbnailUrl\":\"https:\/\/www.sonnenseite.com\/wp-content\/uploads\/2020\/01\/Erde_schmelzen_rolffimages.jpg\",\"articleSection\":[\"Kommentare &amp; Interviews\"],\"inLanguage\":\"de\"},{\"@type\":\"WebPage\",\"@id\":\"https:\/\/www.sonnenseite.com\/de\/franz-alt\/kommentare-interviews\/ist-jetzt-die-klimapolitik-der-ampel-kaputt\/\",\"url\":\"https:\/\/www.sonnenseite.com\/de\/franz-alt\/kommentare-interviews\/ist-jetzt-die-klimapolitik-der-ampel-kaputt\/\",\"name\":\"Ist jetzt die Klimapolitik der Ampel kaputt? - Sonnenseite - \u00d6kologische Kommunikation mit Franz Alt\",\"isPartOf\":{\"@id\":\"https:\/\/www.sonnenseite.com\/de\/#website\"},\"primaryImageOfPage\":{\"@id\":\"https:\/\/www.sonnenseite.com\/de\/franz-alt\/kommentare-interviews\/ist-jetzt-die-klimapolitik-der-ampel-kaputt\/#primaryimage\"},\"image\":{\"@id\":\"https:\/\/www.sonnenseite.com\/de\/franz-alt\/kommentare-interviews\/ist-jetzt-die-klimapolitik-der-ampel-kaputt\/#primaryimage\"},\"thumbnailUrl\":\"https:\/\/www.sonnenseite.com\/wp-content\/uploads\/2020\/01\/Erde_schmelzen_rolffimages.jpg\",\"datePublished\":\"2023-11-24T08:19:44+00:00\",\"dateModified\":\"2023-11-24T08:19:48+00:00\",\"description\":\"Die Ampel verwandte Corona-Geld f\u00fcr Klimaschutz. Das soll verfassungswidrig sein. Jetzt fehlen 60 Milliarden f\u00fcrs Klima. Ist die Klimapolitik der Ampel\",\"breadcrumb\":{\"@id\":\"https:\/\/www.sonnenseite.com\/de\/franz-alt\/kommentare-interviews\/ist-jetzt-die-klimapolitik-der-ampel-kaputt\/#breadcrumb\"},\"inLanguage\":\"de\",\"potentialAction\":[{\"@type\":\"ReadAction\",\"target\":[\"https:\/\/www.sonnenseite.com\/de\/franz-alt\/kommentare-interviews\/ist-jetzt-die-klimapolitik-der-ampel-kaputt\/\"]}]},{\"@type\":\"ImageObject\",\"inLanguage\":\"de\",\"@id\":\"https:\/\/www.sonnenseite.com\/de\/franz-alt\/kommentare-interviews\/ist-jetzt-die-klimapolitik-der-ampel-kaputt\/#primaryimage\",\"url\":\"https:\/\/www.sonnenseite.com\/wp-content\/uploads\/2020\/01\/Erde_schmelzen_rolffimages.jpg\",\"contentUrl\":\"https:\/\/www.sonnenseite.com\/wp-content\/uploads\/2020\/01\/Erde_schmelzen_rolffimages.jpg\",\"width\":770,\"height\":420,\"caption\":\"Depositphotos | rolffimages\"},{\"@type\":\"BreadcrumbList\",\"@id\":\"https:\/\/www.sonnenseite.com\/de\/franz-alt\/kommentare-interviews\/ist-jetzt-die-klimapolitik-der-ampel-kaputt\/#breadcrumb\",\"itemListElement\":[{\"@type\":\"ListItem\",\"position\":1,\"name\":\"Startseite\",\"item\":\"https:\/\/www.sonnenseite.com\/de\/\"},{\"@type\":\"ListItem\",\"position\":2,\"name\":\"Ist jetzt die Klimapolitik der Ampel kaputt?\"}]},{\"@type\":\"WebSite\",\"@id\":\"https:\/\/www.sonnenseite.com\/de\/#website\",\"url\":\"https:\/\/www.sonnenseite.com\/de\/\",\"name\":\"Sonnenseite\",\"description\":\"\u00d6kologische Kommunikation mit Franz Alt\",\"publisher\":{\"@id\":\"https:\/\/www.sonnenseite.com\/de\/#organization\"},\"potentialAction\":[{\"@type\":\"SearchAction\",\"target\":{\"@type\":\"EntryPoint\",\"urlTemplate\":\"https:\/\/www.sonnenseite.com\/de\/?s={search_term_string}\"},\"query-input\":{\"@type\":\"PropertyValueSpecification\",\"valueRequired\":true,\"valueName\":\"search_term_string\"}}],\"inLanguage\":\"de\"},{\"@type\":\"Organization\",\"@id\":\"https:\/\/www.sonnenseite.com\/de\/#organization\",\"name\":\"Sonnenseite\",\"url\":\"https:\/\/www.sonnenseite.com\/de\/\",\"logo\":{\"@type\":\"ImageObject\",\"inLanguage\":\"de\",\"@id\":\"https:\/\/www.sonnenseite.com\/de\/#\/schema\/logo\/image\/\",\"url\":\"https:\/\/www.sonnenseite.com\/wp-content\/uploads\/2020\/05\/Sonnenseite_Logo.png\",\"contentUrl\":\"https:\/\/www.sonnenseite.com\/wp-content\/uploads\/2020\/05\/Sonnenseite_Logo.png\",\"width\":377,\"height\":90,\"caption\":\"Sonnenseite\"},\"image\":{\"@id\":\"https:\/\/www.sonnenseite.com\/de\/#\/schema\/logo\/image\/\"},\"sameAs\":[\"https:\/\/www.facebook.com\/pages\/Franz-Alt-SONNENSEITECOM\/221072987903953?fref=ts\",\"https:\/\/x.com\/franzalt\",\"http:\/\/www.youtube.com\/results?search_query&amp;amp;quot;franz_alt&amp;amp;quot;&amp;amp;amp;amp;search_type&amp;amp;amp;amp;aq=f\"]},{\"@type\":\"Person\",\"@id\":\"https:\/\/www.sonnenseite.com\/de\/#\/schema\/person\/50fda0e926597684c7cc6695238a4eb9\",\"name\":\"Bigi Alt\"}]}<\/script>\n<!-- \/ Yoast SEO plugin. -->","yoast_head_json":{"title":"Ist jetzt die Klimapolitik der Ampel kaputt? - Sonnenseite - \u00d6kologische Kommunikation mit Franz Alt","description":"Die Ampel verwandte Corona-Geld f\u00fcr Klimaschutz. Das soll verfassungswidrig sein. Jetzt fehlen 60 Milliarden f\u00fcrs Klima. Ist die Klimapolitik der Ampel","robots":{"index":"index","follow":"follow","max-snippet":"max-snippet:-1","max-image-preview":"max-image-preview:large","max-video-preview":"max-video-preview:-1"},"canonical":"https:\/\/www.sonnenseite.com\/de\/franz-alt\/kommentare-interviews\/ist-jetzt-die-klimapolitik-der-ampel-kaputt\/","og_locale":"de_DE","og_type":"article","og_title":"Ist jetzt die Klimapolitik der Ampel kaputt? - Sonnenseite - \u00d6kologische Kommunikation mit Franz Alt","og_description":"Die Ampel verwandte Corona-Geld f\u00fcr Klimaschutz. Das soll verfassungswidrig sein. Jetzt fehlen 60 Milliarden f\u00fcrs Klima. Ist die Klimapolitik der Ampel","og_url":"https:\/\/www.sonnenseite.com\/de\/franz-alt\/kommentare-interviews\/ist-jetzt-die-klimapolitik-der-ampel-kaputt\/","og_site_name":"Sonnenseite","article_publisher":"https:\/\/www.facebook.com\/pages\/Franz-Alt-SONNENSEITECOM\/221072987903953?fref=ts","article_published_time":"2023-11-24T08:19:44+00:00","article_modified_time":"2023-11-24T08:19:48+00:00","og_image":[{"width":770,"height":420,"url":"https:\/\/www.sonnenseite.com\/wp-content\/uploads\/2020\/01\/Erde_schmelzen_rolffimages.jpg","type":"image\/jpeg"}],"author":"Bigi Alt","twitter_card":"summary_large_image","twitter_creator":"@franzalt","twitter_site":"@franzalt","twitter_misc":{"Verfasst von":"Bigi Alt","Gesch\u00e4tzte Lesezeit":"4\u00a0Minuten"},"schema":{"@context":"https:\/\/schema.org","@graph":[{"@type":"Article","@id":"https:\/\/www.sonnenseite.com\/de\/franz-alt\/kommentare-interviews\/ist-jetzt-die-klimapolitik-der-ampel-kaputt\/#article","isPartOf":{"@id":"https:\/\/www.sonnenseite.com\/de\/franz-alt\/kommentare-interviews\/ist-jetzt-die-klimapolitik-der-ampel-kaputt\/"},"author":{"name":"Bigi Alt","@id":"https:\/\/www.sonnenseite.com\/de\/#\/schema\/person\/50fda0e926597684c7cc6695238a4eb9"},"headline":"Ist jetzt die Klimapolitik der Ampel kaputt?","datePublished":"2023-11-24T08:19:44+00:00","dateModified":"2023-11-24T08:19:48+00:00","mainEntityOfPage":{"@id":"https:\/\/www.sonnenseite.com\/de\/franz-alt\/kommentare-interviews\/ist-jetzt-die-klimapolitik-der-ampel-kaputt\/"},"wordCount":562,"publisher":{"@id":"https:\/\/www.sonnenseite.com\/de\/#organization"},"image":{"@id":"https:\/\/www.sonnenseite.com\/de\/franz-alt\/kommentare-interviews\/ist-jetzt-die-klimapolitik-der-ampel-kaputt\/#primaryimage"},"thumbnailUrl":"https:\/\/www.sonnenseite.com\/wp-content\/uploads\/2020\/01\/Erde_schmelzen_rolffimages.jpg","articleSection":["Kommentare &amp; Interviews"],"inLanguage":"de"},{"@type":"WebPage","@id":"https:\/\/www.sonnenseite.com\/de\/franz-alt\/kommentare-interviews\/ist-jetzt-die-klimapolitik-der-ampel-kaputt\/","url":"https:\/\/www.sonnenseite.com\/de\/franz-alt\/kommentare-interviews\/ist-jetzt-die-klimapolitik-der-ampel-kaputt\/","name":"Ist jetzt die Klimapolitik der Ampel kaputt? - Sonnenseite - \u00d6kologische Kommunikation mit Franz Alt","isPartOf":{"@id":"https:\/\/www.sonnenseite.com\/de\/#website"},"primaryImageOfPage":{"@id":"https:\/\/www.sonnenseite.com\/de\/franz-alt\/kommentare-interviews\/ist-jetzt-die-klimapolitik-der-ampel-kaputt\/#primaryimage"},"image":{"@id":"https:\/\/www.sonnenseite.com\/de\/franz-alt\/kommentare-interviews\/ist-jetzt-die-klimapolitik-der-ampel-kaputt\/#primaryimage"},"thumbnailUrl":"https:\/\/www.sonnenseite.com\/wp-content\/uploads\/2020\/01\/Erde_schmelzen_rolffimages.jpg","datePublished":"2023-11-24T08:19:44+00:00","dateModified":"2023-11-24T08:19:48+00:00","description":"Die Ampel verwandte Corona-Geld f\u00fcr Klimaschutz. Das soll verfassungswidrig sein. Jetzt fehlen 60 Milliarden f\u00fcrs Klima. Ist die Klimapolitik der Ampel","breadcrumb":{"@id":"https:\/\/www.sonnenseite.com\/de\/franz-alt\/kommentare-interviews\/ist-jetzt-die-klimapolitik-der-ampel-kaputt\/#breadcrumb"},"inLanguage":"de","potentialAction":[{"@type":"ReadAction","target":["https:\/\/www.sonnenseite.com\/de\/franz-alt\/kommentare-interviews\/ist-jetzt-die-klimapolitik-der-ampel-kaputt\/"]}]},{"@type":"ImageObject","inLanguage":"de","@id":"https:\/\/www.sonnenseite.com\/de\/franz-alt\/kommentare-interviews\/ist-jetzt-die-klimapolitik-der-ampel-kaputt\/#primaryimage","url":"https:\/\/www.sonnenseite.com\/wp-content\/uploads\/2020\/01\/Erde_schmelzen_rolffimages.jpg","contentUrl":"https:\/\/www.sonnenseite.com\/wp-content\/uploads\/2020\/01\/Erde_schmelzen_rolffimages.jpg","width":770,"height":420,"caption":"Depositphotos | rolffimages"},{"@type":"BreadcrumbList","@id":"https:\/\/www.sonnenseite.com\/de\/franz-alt\/kommentare-interviews\/ist-jetzt-die-klimapolitik-der-ampel-kaputt\/#breadcrumb","itemListElement":[{"@type":"ListItem","position":1,"name":"Startseite","item":"https:\/\/www.sonnenseite.com\/de\/"},{"@type":"ListItem","position":2,"name":"Ist jetzt die Klimapolitik der Ampel kaputt?"}]},{"@type":"WebSite","@id":"https:\/\/www.sonnenseite.com\/de\/#website","url":"https:\/\/www.sonnenseite.com\/de\/","name":"Sonnenseite","description":"\u00d6kologische Kommunikation mit Franz Alt","publisher":{"@id":"https:\/\/www.sonnenseite.com\/de\/#organization"},"potentialAction":[{"@type":"SearchAction","target":{"@type":"EntryPoint","urlTemplate":"https:\/\/www.sonnenseite.com\/de\/?s={search_term_string}"},"query-input":{"@type":"PropertyValueSpecification","valueRequired":true,"valueName":"search_term_string"}}],"inLanguage":"de"},{"@type":"Organization","@id":"https:\/\/www.sonnenseite.com\/de\/#organization","name":"Sonnenseite","url":"https:\/\/www.sonnenseite.com\/de\/","logo":{"@type":"ImageObject","inLanguage":"de","@id":"https:\/\/www.sonnenseite.com\/de\/#\/schema\/logo\/image\/","url":"https:\/\/www.sonnenseite.com\/wp-content\/uploads\/2020\/05\/Sonnenseite_Logo.png","contentUrl":"https:\/\/www.sonnenseite.com\/wp-content\/uploads\/2020\/05\/Sonnenseite_Logo.png","width":377,"height":90,"caption":"Sonnenseite"},"image":{"@id":"https:\/\/www.sonnenseite.com\/de\/#\/schema\/logo\/image\/"},"sameAs":["https:\/\/www.facebook.com\/pages\/Franz-Alt-SONNENSEITECOM\/221072987903953?fref=ts","https:\/\/x.com\/franzalt","http:\/\/www.youtube.com\/results?search_query&amp;amp;quot;franz_alt&amp;amp;quot;&amp;amp;amp;amp;search_type&amp;amp;amp;amp;aq=f"]},{"@type":"Person","@id":"https:\/\/www.sonnenseite.com\/de\/#\/schema\/person\/50fda0e926597684c7cc6695238a4eb9","name":"Bigi Alt"}]}},"_links":{"self":[{"href":"https:\/\/www.sonnenseite.com\/de\/wp-json\/wp\/v2\/posts\/95571","targetHints":{"allow":["GET"]}}],"collection":[{"href":"https:\/\/www.sonnenseite.com\/de\/wp-json\/wp\/v2\/posts"}],"about":[{"href":"https:\/\/www.sonnenseite.com\/de\/wp-json\/wp\/v2\/types\/post"}],"author":[{"embeddable":true,"href":"https:\/\/www.sonnenseite.com\/de\/wp-json\/wp\/v2\/users\/3"}],"replies":[{"embeddable":true,"href":"https:\/\/www.sonnenseite.com\/de\/wp-json\/wp\/v2\/comments?post=95571"}],"version-history":[{"count":7,"href":"https:\/\/www.sonnenseite.com\/de\/wp-json\/wp\/v2\/posts\/95571\/revisions"}],"predecessor-version":[{"id":95578,"href":"https:\/\/www.sonnenseite.com\/de\/wp-json\/wp\/v2\/posts\/95571\/revisions\/95578"}],"wp:featuredmedia":[{"embeddable":true,"href":"https:\/\/www.sonnenseite.com\/de\/wp-json\/wp\/v2\/media\/3750"}],"wp:attachment":[{"href":"https:\/\/www.sonnenseite.com\/de\/wp-json\/wp\/v2\/media?parent=95571"}],"wp:term":[{"taxonomy":"category","embeddable":true,"href":"https:\/\/www.sonnenseite.com\/de\/wp-json\/wp\/v2\/categories?post=95571"},{"taxonomy":"post_tag","embeddable":true,"href":"https:\/\/www.sonnenseite.com\/de\/wp-json\/wp\/v2\/tags?post=95571"}],"curies":[{"name":"wp","href":"https:\/\/api.w.org\/{rel}","templated":true}]}}