{"id":95644,"date":"2023-11-27T12:19:00","date_gmt":"2023-11-27T11:19:00","guid":{"rendered":"https:\/\/www.sonnenseite.com\/?p=95644"},"modified":"2023-11-27T14:20:29","modified_gmt":"2023-11-27T13:20:29","slug":"bundesnetzagentur-legt-regelungen-zur-integration-steuerbarer-verbrauchseinrichtungen-fest","status":"publish","type":"post","link":"https:\/\/www.sonnenseite.com\/de\/energie\/bundesnetzagentur-legt-regelungen-zur-integration-steuerbarer-verbrauchseinrichtungen-fest\/","title":{"rendered":"Bundesnetzagentur legt Regelungen zur Integration steuerbarer Verbrauchseinrichtungen fest"},"content":{"rendered":"\n<p>Die Bundesnetzagentur hat heute nach einer zweiten Konsultation die Regelungen festgelegt, wie steuerbare Verbrauchseinrichtungen (z.B. W\u00e4rmepumpen und Ladeeinrichtungen f\u00fcr E-Autos) sicher und z\u00fcgig in das Stromnetz integriert werden k\u00f6nnen.<\/p>\n\n\n\n<p><q>&#8222;Wir treffen heute Vorsorge, dass W\u00e4rmepumpen und Ladeeinrichtungen f\u00fcr E-Autos z\u00fcgig angeschlossen und sicher betrieben werden k\u00f6nnen. Wir wollen, dass jeder angeschlossen wird und gleichzeitig alle ein sicheres Netz haben. Ein Netzbetreiber darf nun den Anschluss von steuerbaren Verbrauchseinrichtungen nicht mehr mit Verweis auf m\u00f6gliche Engp\u00e4sse verweigern. Wir rechnen damit, dass Eingriffe des Netzbetreibers die zwingende Ausnahme bleiben. Wir st\u00e4rken in der finalen Regelung die M\u00f6glichkeiten der Verbraucher, Reduzierungen eigenst\u00e4ndig zu koordinieren und dabei selbst erzeugten Strom anzurechnen. Verbraucher werden Eingriffe meist kaum bemerken, da ein Basisbezug an Strom gesichert wird. Wenn Engp\u00e4sse auftreten, muss das Netz ausgebaut werden. Darauf werden wir achten&#8220;<\/q>, sagt Klaus M\u00fcller, Pr\u00e4sident der Bundesnetzagentur. <q>&#8222;Die offene und konstruktive Diskussion der Regelungen in den vergangenen Monaten mit allen Akteuren hat Ma\u00dfst\u00e4be gesetzt. Daf\u00fcr danken wir.&#8220;<\/q><\/p>\n\n\n\n<h4 class=\"wp-block-heading\">Inhalt der Festlegungen<\/h4>\n\n\n\n<p>Die Elektrifizierung des Verkehrs- und W\u00e4rmesektors reduziert die CO2-Emissionen erheblich. Deshalb begr\u00fc\u00dft die Bundesnetzagentur einen umfassenden Ausbau von E-Mobilit\u00e4t und W\u00e4rmepumpen ausdr\u00fccklich.<\/p>\n\n\n\n<p>Steuerbare Verbrauchseinrichtungen wie W\u00e4rmepumpen und private Ladeeinrichtungen f\u00fcr E-Autos haben h\u00f6here Leistungen als die meisten Haushaltsger\u00e4te. Auch beziehen steuerbare Verbrauchseinrichtungen h\u00e4ufiger gleichzeitig Strom. Das Niederspannungsnetz ist in der Lage, einzelne neue Anwendungen aufzunehmen. Auf einen schnellen Hochlauf ist der gr\u00f6\u00dfte Teil der Niederspannungsnetze aktuell allerdings noch nicht ausgelegt. Die Netze m\u00fcssen daher in einem hohen Tempo optimiert, digitalisiert und ausgebaut werden.<\/p>\n\n\n\n<p>Wo diese Netzoptimierung noch nicht stattgefunden hat, trifft die Bundesnetzagentur mit ihren Regelungen Vorsorge, um die Verkehrs- und W\u00e4rmewende zu beschleunigen und die Versorgungssicherheit auch in der Niederspannung zu gew\u00e4hrleisten. Die Bundesnetzagentur hat die Regelungen gegen\u00fcber dem Entwurf vom Juni 2023 in kleineren Punkten angepasst.<\/p>\n\n\n\n<p>Der Netzbetreiber darf den Anschluss von neuen W\u00e4rmepumpen oder privaten Ladeeinrichtungen f\u00fcr E-Autos zuk\u00fcnftig nicht mehr mit Verweis auf m\u00f6gliche lokale \u00dcberlastung seines Netzes ablehnen oder verz\u00f6gern. Im Gegenzug darf der Netzbetreiber, wenn eine akute Besch\u00e4digung oder \u00dcberlastung des Netzes droht, die Belastung des Netzes reduzieren, indem er den Strombezug steuerbarer Verbrauchseinrichtungen tempor\u00e4r \u201edimmt\u201c. Diese Ma\u00dfnahme muss sich aus objektiven Kriterien der Netzzustandsermittlung ableiten. Die Netzzustandsermittlung stellt die aktuelle Netzauslastung anhand von Echtzeit-Messwerten dar. Zu diesem Zweck ist eine z\u00fcgige Digitalisierung der Niederspannungsnetze inklusive Erhebung von Echtzeit-Messwerten notwendig.<\/p>\n\n\n\n<p>Dabei muss eine Mindestleistung immer zur Verf\u00fcgung stehen, so dass W\u00e4rmepumpen betrieben und Elektroautos weiter geladen werden k\u00f6nnen. Die Netzbetreiber d\u00fcrfen dabei den Bezug f\u00fcr die Dauer der konkreten \u00dcberlastung auf bis zu 4,2 kW senken. Damit k\u00f6nnen W\u00e4rmepumpen weiter betrieben und E-Autos in aller Regel in zwei Stunden f\u00fcr 50 Kilometer Strecke nachgeladen werden. Der regul\u00e4re Haushaltsstrom ist davon nicht betroffen. Die besonderen Anforderungen von Gro\u00dfw\u00e4rmepumpen werden ber\u00fccksichtigt.<\/p>\n\n\n\n<p>Die Bundesnetzagentur geht davon aus, dass Eingriffe nur in Ausnahmef\u00e4llen erfolgen m\u00fcssen und ohne wesentliche Komforteinbu\u00dfen verbunden sein werden. Vollst\u00e4ndige Abschaltungen der steuerbaren Verbrauchseinrichtungen sind nicht mehr zul\u00e4ssig.<\/p>\n\n\n\n<p>Die Bundesnetzagentur erh\u00f6ht in der Festlegung die Handlungsm\u00f6glichkeiten der Verbraucherinnen und Verbraucher. Sie k\u00f6nnen einzelne Anlagen direkt vom Netzbetreiber ansteuern lassen. Alternativ k\u00f6nnen sie w\u00e4hlen, von ihrem Netzbetreiber den Wert f\u00fcr einen zul\u00e4ssigen Strombezug zu erhalten, der insgesamt nicht \u00fcberschritten werden darf. In diesem Fall koordinieren sie die Reduzierung durch ein Energiemanagementsystem f\u00fcr mehrere steuerbare Verbrauchseinrichtungen eigenst\u00e4ndig. Selbst erzeugte Energiemengen k\u00f6nnen eingerechnet werden. Eine Wallbox darf also zum Beispiel mehr Strom beziehen, wenn dieser aus der eigenen Solaranlage stammt.<\/p>\n\n\n\n<p>Das Ziel ist es, regelm\u00e4\u00dfige netzorientierte Steuerungsma\u00dfnahmen zu vermeiden. Der Netzbetreiber ist daf\u00fcr verpflichtet, das Netz vorausschauend und bedarfsgerecht ausbauen. Wenn Ma\u00dfnahmen zur Leistungsreduzierung durchgef\u00fchrt werden und mit weiteren Ma\u00dfnahmen zu rechnen ist, muss der Netzbetreiber dies in seiner Netzausbauplanung ber\u00fccksichtigen.<\/p>\n\n\n\n<p>Netzbetreiber m\u00fcssen Steuerungseingriffe in einem einheitlichen Format auf einer gemeinsamen Internetplattform detailliert ausweisen. So ist auch f\u00fcr eine breite \u00d6ffentlichkeit nachvollziehbar, wenn in einzelnen Netzbereichen \u00dcberlastungsprobleme auftreten und der Netzbetreiber sein Netz besser ausstatten muss.<\/p>\n\n\n\n<p>Die Regelungen gelten ab 1. Januar 2024. F\u00fcr Bestandsanlagen, f\u00fcr die eine Vereinbarung zur Steuerung durch den Netzbetreiber besteht, sieht die Bundesnetzagentur \u00dcbergangsregelungen vor. Bestandsanlagen ohne eine solche Vereinbarung bleiben dauerhaft ausgenommen. Nachtspeicherheizungen sollen dauerhaft nicht unter die neuen Regelungen fallen.<\/p>\n\n\n\n<p>Auch f\u00fcr den Netzbetreiber gibt es \u00dcbergangsregelungen. Solange der Netzbetreiber noch nicht die notwendigen Vorbereitungen f\u00fcr die netzorientierte Steuerung getroffen hat, kann er maximal 24 Monate unter Beachtung einiger Rahmenbedingungen vorsorglich steuern. Diese sogenannte pr\u00e4ventive Steuerung ist eine regelm\u00e4\u00dfige Ma\u00dfnahme aufgrund einer prognostizierten \u00dcberlastung.<\/p>\n\n\n\n<p>Die Vorgaben der Festlegung sollen zeitnah praxistauglich konkretisiert werden. Die Bundesnetzagentur bittet die Netzbetreiber, gemeinsam mit anderen relevanten Marktteilnehmern Empfehlungen f\u00fcr die Standardisierung und massengesch\u00e4ftstaugliche Umsetzung der netzorientierten Steuerung auszuarbeiten. Das ist ein Beitrag zur effizienten Umsetzung der notwendigen Prozesse, aber keine Voraussetzung f\u00fcr deren Start.<\/p>\n\n\n\n<h4 class=\"wp-block-heading\">Reduzierung des Entgelts<\/h4>\n\n\n\n<p>Im Gegenzug f\u00fcr die netzorientierte Steuerung sollen die Betreiber der steuerbaren Verbrauchseinrichtungen ein reduziertes Netzentgelt zahlen. Die Bundesnetzagentur legt au\u00dferdem zukunftsgerichtet erstmals Rahmenbedingungen f\u00fcr ein variables Netzentgelt fest, die sicherstellen, dass zeitliche Verbrauchsverschiebungen belohnt werden k\u00f6nnen.<\/p>\n\n\n\n<p>Angesichts der gro\u00dfen Unterschiede der Anschluss- und Verbrauchssituationen legt die Bundesnetzagentur verschiedene Module zur Entgeltreduzierung fest. Die Reduzierung besteht entweder aus einem netzbetreiberindividuellen pauschalen Betrag (Modul 1) oder einer prozentualen Reduzierung des Arbeitspreises (Modul 2). Der Betreiber der steuerbaren Verbrauchseinrichtung kann zwischen Modul 1 und 2 ausw\u00e4hlen.<\/p>\n\n\n\n<p>F\u00fcr die Variante eines pauschalen Rabatts auf das Netzentgelt (Modul 1) gilt eine bundeseinheitliche Regelung zur Bestimmung des Rabatts je Netzbetreiber. Er kann je nach Netzgebiet zwischen 110 und 190 Euro (brutto) im Jahr betragen. Das entspricht einer Reduzierung um 50 bis 95 Prozent des f\u00fcr den j\u00e4hrlichen Verbrauch eines E-Autos (ca. 2.500 kWh) zu zahlenden Netzentgelts. Ein pauschaler Rabatt auf das Netzentgelt d\u00fcrfte zuk\u00fcnftig in Verbindung mit einem variablen Netzentgelt sehr attraktiv f\u00fcr die E-Mobilit\u00e4t sein.<\/p>\n\n\n\n<p>Das Modul 2 beinhaltet eine prozentuale Reduzierung des Arbeitspreises um 60 Prozent. Technische Voraussetzung hierf\u00fcr ist ein separater Z\u00e4hlpunkt f\u00fcr die steuerbare Verbrauchseinrichtung. Dieses Modell l\u00e4sst sich mit der Umlagebefreiung f\u00fcr W\u00e4rmestrom kombinieren (KWK- und Offshore-Umlage, Umlagebefreiung nach EnFG) und d\u00fcrfte sich daher in vielen F\u00e4llen besonders f\u00fcr W\u00e4rmepumpen eignen.<\/p>\n\n\n\n<p>Hat der Betreiber der steuerbaren Verbrauchseinrichtung Modul 1 gew\u00e4hlt, kann er sich zus\u00e4tzlich ab 2025 f\u00fcr ein zeitvariables Netzentgelt entscheiden (Modul 3). Durch dieses neu hinzugekommene zeitvariable Netzentgelt sollen Lastspitzen im Netz reduziert werden. Der Netzbetreiber legt unterschiedliche Preisstufen innerhalb eines Tages fest, die die typische Auslastung seines Netzes ber\u00fccksichtigen. Der Verbraucher wird \u00fcber ein besonders niedriges Entgelt angereizt, seine Verbr\u00e4uche in Zeiten zu verschieben, in denen die Netzauslastung niedrig ist.<\/p>\n\n\n\n<p>Modul 3 muss von den Netzbetreibern erst ab dem 1. April 2025 abgerechnet werden, da hierzu die Digitalisierung in der Niederspannung weiter fortgeschritten sein muss. Wenn der Netzbetreiber nicht sehen kann, welchen Effekt er durch die preislichen Anreize erzielt hat, kann er auch die Steuerungsma\u00dfnahmen nicht anpassen. Dazu kommt, dass der Umsetzungsaufwand die Marktakteure vor gr\u00f6\u00dfere Herausforderungen stellt. Diesem wird hier mehr Zeit einger\u00e4umt.<\/p>\n\n\n\n<p>Zur Abrechnung der reduzierten Entgelte soll die bestehende Struktur des Stromliefervertrages genutzt werden. Der Stromlieferant ist verpflichtet, die genutzten Module auf der Verbraucherrechnung transparent auszuweisen. Es wird kein neues Abrechnungsverh\u00e4ltnis zwischen Letztverbraucher und Netzbetreiber geschaffen.<\/p>\n\n\n\n<p>Die Festlegung enth\u00e4lt ebenfalls \u00dcbergangsregelungen f\u00fcr Verbrauchseinrichtungen, f\u00fcr die bereits vor dem 1. Januar 2024 ein reduziertes Netzentgelt nach \u00a7 14a EnWG zwischen Netzbetreiber und Netznutzer abgerechnet wurde.<\/p>\n\n\n\n<h4 class=\"wp-block-heading\">Bisheriges Verfahren und Konsultation der Festlegungsentw\u00fcrfe<\/h4>\n\n\n\n<p>Die Bundesnetzagentur hat im ersten Quartal dieses Jahres ein Eckpunktepapier mit ersten \u00dcberlegungen zu dem zuk\u00fcnftigen Modell konsultiert. Basierend auf den eingegangenen Stellungnahmen hat die Bundesnetzagentur detaillierte Regelungen ausgearbeitet und bis zum 27. Juli 2023 zur Konsultation gestellt.<\/p>\n\n\n\n<p>Die heute ver\u00f6ffentlichten Regelungen bestehen aus zwei Festlegungen. Eine Festlegung der Beschlusskammer 6 befasst sich mit der Integration von steuerbaren Verbrauchseinrichtungen und steuerbaren Netzanschl\u00fcssen nach \u00a7 14a Energiewirtschaftsgesetz. Eine Festlegung der Beschlusskammer 8 befasst sich mit der damit verbundenen Reduzierung der Netzentgelte.<\/p>\n\n\n\n<ul class=\"wp-block-list\">\n<li>Weitere Informationen zu den Festlegungen finden Sie unter <a href=\"https:\/\/www.bundesnetzagentur.de\/14aenwg.html?nn=659670\" target=\"_blank\" rel=\"noreferrer noopener\">www.bundesnetzagentur.de\/14aenwg<\/a> und unter <a href=\"https:\/\/www.bundesnetzagentur.de\/steuerbare-ve.html?nn=659670\" target=\"_blank\" rel=\"noreferrer noopener\">www.bundesnetzagentur.de\/steuerbare-ve<\/a>.<\/li>\n\n\n\n<li>\u2003<\/li>\n<\/ul>\n\n\n<h5 class=\"green\">Quelle<\/h5>\r\n\n\n\n<p><a href=\"https:\/\/www.bundesnetzagentur.de\">Bundesnetzagentur 2023<\/a><\/p>\n<div class=\"shariff shariff-align-flex-start shariff-widget-align-flex-start\"><div class=\"ShariffHeadline\">Diese Meldung teilen<\/div><ul class=\"shariff-buttons theme-round orientation-horizontal buttonsize-medium\"><li class=\"shariff-button facebook shariff-nocustomcolor\" style=\"background-color:#4273c8;border-radius:1%\"><a href=\"https:\/\/www.facebook.com\/sharer\/sharer.php?u=https%3A%2F%2Fwww.sonnenseite.com%2Fde%2Fenergie%2Fbundesnetzagentur-legt-regelungen-zur-integration-steuerbarer-verbrauchseinrichtungen-fest%2F\" title=\"Bei Facebook teilen\" aria-label=\"Bei Facebook teilen\" role=\"button\" rel=\"nofollow\" class=\"shariff-link\" style=\";border-radius:1%; background-color:#3b5998; color:#fff\" target=\"_blank\"><span class=\"shariff-icon\" style=\"\"><svg width=\"32px\" height=\"20px\" xmlns=\"http:\/\/www.w3.org\/2000\/svg\" viewBox=\"0 0 18 32\"><path fill=\"#3b5998\" d=\"M17.1 0.2v4.7h-2.8q-1.5 0-2.1 0.6t-0.5 1.9v3.4h5.2l-0.7 5.3h-4.5v13.6h-5.5v-13.6h-4.5v-5.3h4.5v-3.9q0-3.3 1.9-5.2t5-1.8q2.6 0 4.1 0.2z\"\/><\/svg><\/span><\/a><\/li><li class=\"shariff-button twitter shariff-nocustomcolor\" style=\"background-color:#595959;border-radius:1%\"><a href=\"https:\/\/twitter.com\/share?url=https%3A%2F%2Fwww.sonnenseite.com%2Fde%2Fenergie%2Fbundesnetzagentur-legt-regelungen-zur-integration-steuerbarer-verbrauchseinrichtungen-fest%2F&text=Bundesnetzagentur%20legt%20Regelungen%20zur%20Integration%20steuerbarer%20Verbrauchseinrichtungen%20fest\" title=\"Bei X teilen\" aria-label=\"Bei X teilen\" role=\"button\" rel=\"noopener nofollow\" class=\"shariff-link\" style=\";border-radius:1%; background-color:#000; color:#fff\" target=\"_blank\"><span class=\"shariff-icon\" style=\"\"><svg width=\"32px\" height=\"20px\" xmlns=\"http:\/\/www.w3.org\/2000\/svg\" viewBox=\"0 0 24 24\"><path fill=\"#000\" d=\"M14.258 10.152L23.176 0h-2.113l-7.747 8.813L7.133 0H0l9.352 13.328L0 23.973h2.113l8.176-9.309 6.531 9.309h7.133zm-2.895 3.293l-.949-1.328L2.875 1.56h3.246l6.086 8.523.945 1.328 7.91 11.078h-3.246zm0 0\"\/><\/svg><\/span><\/a><\/li><li class=\"shariff-button xing shariff-nocustomcolor\" style=\"background-color:#29888a;border-radius:1%\"><a href=\"https:\/\/www.xing.com\/spi\/shares\/new?url=https%3A%2F%2Fwww.sonnenseite.com%2Fde%2Fenergie%2Fbundesnetzagentur-legt-regelungen-zur-integration-steuerbarer-verbrauchseinrichtungen-fest%2F\" title=\"Bei XING teilen\" aria-label=\"Bei XING teilen\" role=\"button\" rel=\"noopener nofollow\" class=\"shariff-link\" style=\";border-radius:1%; background-color:#126567; color:#fff\" target=\"_blank\"><span class=\"shariff-icon\" style=\"\"><svg width=\"32px\" height=\"20px\" xmlns=\"http:\/\/www.w3.org\/2000\/svg\" viewBox=\"0 0 25 32\"><path fill=\"#126567\" d=\"M10.7 11.9q-0.2 0.3-4.6 8.2-0.5 0.8-1.2 0.8h-4.3q-0.4 0-0.5-0.3t0-0.6l4.5-8q0 0 0 0l-2.9-5q-0.2-0.4 0-0.7 0.2-0.3 0.5-0.3h4.3q0.7 0 1.2 0.8zM25.1 0.4q0.2 0.3 0 0.7l-9.4 16.7 6 11q0.2 0.4 0 0.6-0.2 0.3-0.6 0.3h-4.3q-0.7 0-1.2-0.8l-6-11.1q0.3-0.6 9.5-16.8 0.4-0.8 1.2-0.8h4.3q0.4 0 0.5 0.3z\"\/><\/svg><\/span><\/a><\/li><li class=\"shariff-button linkedin shariff-nocustomcolor\" style=\"background-color:#1488bf;border-radius:1%\"><a href=\"https:\/\/www.linkedin.com\/sharing\/share-offsite\/?url=https%3A%2F%2Fwww.sonnenseite.com%2Fde%2Fenergie%2Fbundesnetzagentur-legt-regelungen-zur-integration-steuerbarer-verbrauchseinrichtungen-fest%2F\" title=\"Bei LinkedIn teilen\" aria-label=\"Bei LinkedIn teilen\" role=\"button\" rel=\"noopener nofollow\" class=\"shariff-link\" style=\";border-radius:1%; background-color:#0077b5; color:#fff\" target=\"_blank\"><span class=\"shariff-icon\" style=\"\"><svg width=\"32px\" height=\"20px\" xmlns=\"http:\/\/www.w3.org\/2000\/svg\" viewBox=\"0 0 27 32\"><path fill=\"#0077b5\" d=\"M6.2 11.2v17.7h-5.9v-17.7h5.9zM6.6 5.7q0 1.3-0.9 2.2t-2.4 0.9h0q-1.5 0-2.4-0.9t-0.9-2.2 0.9-2.2 2.4-0.9 2.4 0.9 0.9 2.2zM27.4 18.7v10.1h-5.9v-9.5q0-1.9-0.7-2.9t-2.3-1.1q-1.1 0-1.9 0.6t-1.2 1.5q-0.2 0.5-0.2 1.4v9.9h-5.9q0-7.1 0-11.6t0-5.3l0-0.9h5.9v2.6h0q0.4-0.6 0.7-1t1-0.9 1.6-0.8 2-0.3q3 0 4.9 2t1.9 6z\"\/><\/svg><\/span><\/a><\/li><li class=\"shariff-button printer shariff-nocustomcolor\" style=\"background-color:#a8a8a8;border-radius:1%\"><a href=\"javascript:window.print()\" title=\"drucken\" aria-label=\"drucken\" role=\"button\" rel=\"noopener nofollow\" class=\"shariff-link\" style=\";border-radius:1%; background-color:#999; color:#fff\"><span class=\"shariff-icon\" style=\"\"><svg width=\"32px\" height=\"20px\" xmlns=\"http:\/\/www.w3.org\/2000\/svg\" viewBox=\"0 0 30 32\"><path fill=\"#999\" d=\"M6.8 27.4h16v-4.6h-16v4.6zM6.8 16h16v-6.8h-2.8q-0.7 0-1.2-0.5t-0.5-1.2v-2.8h-11.4v11.4zM27.4 17.2q0-0.5-0.3-0.8t-0.8-0.4-0.8 0.4-0.3 0.8 0.3 0.8 0.8 0.3 0.8-0.3 0.3-0.8zM29.7 17.2v7.4q0 0.2-0.2 0.4t-0.4 0.2h-4v2.8q0 0.7-0.5 1.2t-1.2 0.5h-17.2q-0.7 0-1.2-0.5t-0.5-1.2v-2.8h-4q-0.2 0-0.4-0.2t-0.2-0.4v-7.4q0-1.4 1-2.4t2.4-1h1.2v-9.7q0-0.7 0.5-1.2t1.2-0.5h12q0.7 0 1.6 0.4t1.3 0.8l2.7 2.7q0.5 0.5 0.9 1.4t0.4 1.6v4.6h1.1q1.4 0 2.4 1t1 2.4z\"\/><\/svg><\/span><\/a><\/li><li class=\"shariff-button mailto shariff-nocustomcolor\" style=\"background-color:#a8a8a8;border-radius:1%\"><a href=\"mailto:?body=https%3A%2F%2Fwww.sonnenseite.com%2Fde%2Fenergie%2Fbundesnetzagentur-legt-regelungen-zur-integration-steuerbarer-verbrauchseinrichtungen-fest%2F&subject=Bundesnetzagentur%20legt%20Regelungen%20zur%20Integration%20steuerbarer%20Verbrauchseinrichtungen%20fest\" title=\"Per E-Mail versenden\" aria-label=\"Per E-Mail versenden\" role=\"button\" rel=\"noopener nofollow\" class=\"shariff-link\" style=\";border-radius:1%; background-color:#999; color:#fff\"><span class=\"shariff-icon\" style=\"\"><svg width=\"32px\" height=\"20px\" xmlns=\"http:\/\/www.w3.org\/2000\/svg\" viewBox=\"0 0 32 32\"><path fill=\"#999\" d=\"M32 12.7v14.2q0 1.2-0.8 2t-2 0.9h-26.3q-1.2 0-2-0.9t-0.8-2v-14.2q0.8 0.9 1.8 1.6 6.5 4.4 8.9 6.1 1 0.8 1.6 1.2t1.7 0.9 2 0.4h0.1q0.9 0 2-0.4t1.7-0.9 1.6-1.2q3-2.2 8.9-6.1 1-0.7 1.8-1.6zM32 7.4q0 1.4-0.9 2.7t-2.2 2.2q-6.7 4.7-8.4 5.8-0.2 0.1-0.7 0.5t-1 0.7-0.9 0.6-1.1 0.5-0.9 0.2h-0.1q-0.4 0-0.9-0.2t-1.1-0.5-0.9-0.6-1-0.7-0.7-0.5q-1.6-1.1-4.7-3.2t-3.6-2.6q-1.1-0.7-2.1-2t-1-2.5q0-1.4 0.7-2.3t2.1-0.9h26.3q1.2 0 2 0.8t0.9 2z\"\/><\/svg><\/span><\/a><\/li><\/ul><\/div>","protected":false},"excerpt":{"rendered":"<p>Die Bundesnetzagentur hat heute nach einer zweiten Konsultation die Regelungen festgelegt, wie steuerbare Verbrauchseinrichtungen (z.B. W\u00e4rmepumpen [&hellip;]<\/p>\n","protected":false},"author":3,"featured_media":72982,"comment_status":"closed","ping_status":"closed","sticky":false,"template":"","format":"standard","meta":{"inline_featured_image":false,"footnotes":""},"categories":[22],"tags":[],"class_list":["post-95644","post","type-post","status-publish","format-standard","has-post-thumbnail","hentry","category-energie"],"yoast_head":"<!-- This site is optimized with the Yoast SEO plugin v26.5 - https:\/\/yoast.com\/wordpress\/plugins\/seo\/ -->\n<title>Bundesnetzagentur legt Regelungen zur Integration steuerbarer Verbrauchseinrichtungen fest - Sonnenseite - \u00d6kologische Kommunikation mit Franz Alt<\/title>\n<meta name=\"description\" content=\"Die Bundesnetzagentur hat heute nach einer zweiten Konsultation die Regelungen festgelegt, wie steuerbare Verbrauchseinrichtungen (z.B. W\u00e4rmepumpen und\" \/>\n<meta name=\"robots\" content=\"index, follow, max-snippet:-1, max-image-preview:large, max-video-preview:-1\" \/>\n<link rel=\"canonical\" href=\"https:\/\/www.sonnenseite.com\/de\/energie\/bundesnetzagentur-legt-regelungen-zur-integration-steuerbarer-verbrauchseinrichtungen-fest\/\" \/>\n<meta property=\"og:locale\" content=\"de_DE\" \/>\n<meta property=\"og:type\" content=\"article\" \/>\n<meta property=\"og:title\" content=\"Bundesnetzagentur legt Regelungen zur Integration steuerbarer Verbrauchseinrichtungen fest - Sonnenseite - \u00d6kologische Kommunikation mit Franz Alt\" \/>\n<meta property=\"og:description\" content=\"Die Bundesnetzagentur hat heute nach einer zweiten Konsultation die Regelungen festgelegt, wie steuerbare Verbrauchseinrichtungen (z.B. W\u00e4rmepumpen und\" \/>\n<meta property=\"og:url\" content=\"https:\/\/www.sonnenseite.com\/de\/energie\/bundesnetzagentur-legt-regelungen-zur-integration-steuerbarer-verbrauchseinrichtungen-fest\/\" \/>\n<meta property=\"og:site_name\" content=\"Sonnenseite\" \/>\n<meta property=\"article:publisher\" content=\"https:\/\/www.facebook.com\/pages\/Franz-Alt-SONNENSEITECOM\/221072987903953?fref=ts\" \/>\n<meta property=\"article:published_time\" content=\"2023-11-27T11:19:00+00:00\" \/>\n<meta property=\"article:modified_time\" content=\"2023-11-27T13:20:29+00:00\" \/>\n<meta property=\"og:image\" content=\"https:\/\/www.sonnenseite.com\/wp-content\/uploads\/2021\/07\/E-Auto_laden_petovarga.jpg\" \/>\n\t<meta property=\"og:image:width\" content=\"770\" \/>\n\t<meta property=\"og:image:height\" content=\"420\" \/>\n\t<meta property=\"og:image:type\" content=\"image\/jpeg\" \/>\n<meta name=\"author\" content=\"Bigi Alt\" \/>\n<meta name=\"twitter:card\" content=\"summary_large_image\" \/>\n<meta name=\"twitter:creator\" content=\"@franzalt\" \/>\n<meta name=\"twitter:site\" content=\"@franzalt\" \/>\n<meta name=\"twitter:label1\" content=\"Verfasst von\" \/>\n\t<meta name=\"twitter:data1\" content=\"Bigi Alt\" \/>\n\t<meta name=\"twitter:label2\" content=\"Gesch\u00e4tzte Lesezeit\" \/>\n\t<meta name=\"twitter:data2\" content=\"8\u00a0Minuten\" \/>\n<script type=\"application\/ld+json\" class=\"yoast-schema-graph\">{\"@context\":\"https:\/\/schema.org\",\"@graph\":[{\"@type\":\"Article\",\"@id\":\"https:\/\/www.sonnenseite.com\/de\/energie\/bundesnetzagentur-legt-regelungen-zur-integration-steuerbarer-verbrauchseinrichtungen-fest\/#article\",\"isPartOf\":{\"@id\":\"https:\/\/www.sonnenseite.com\/de\/energie\/bundesnetzagentur-legt-regelungen-zur-integration-steuerbarer-verbrauchseinrichtungen-fest\/\"},\"author\":{\"name\":\"Bigi Alt\",\"@id\":\"https:\/\/www.sonnenseite.com\/de\/#\/schema\/person\/50fda0e926597684c7cc6695238a4eb9\"},\"headline\":\"Bundesnetzagentur legt Regelungen zur Integration steuerbarer Verbrauchseinrichtungen fest\",\"datePublished\":\"2023-11-27T11:19:00+00:00\",\"dateModified\":\"2023-11-27T13:20:29+00:00\",\"mainEntityOfPage\":{\"@id\":\"https:\/\/www.sonnenseite.com\/de\/energie\/bundesnetzagentur-legt-regelungen-zur-integration-steuerbarer-verbrauchseinrichtungen-fest\/\"},\"wordCount\":1382,\"publisher\":{\"@id\":\"https:\/\/www.sonnenseite.com\/de\/#organization\"},\"image\":{\"@id\":\"https:\/\/www.sonnenseite.com\/de\/energie\/bundesnetzagentur-legt-regelungen-zur-integration-steuerbarer-verbrauchseinrichtungen-fest\/#primaryimage\"},\"thumbnailUrl\":\"https:\/\/www.sonnenseite.com\/wp-content\/uploads\/2021\/07\/E-Auto_laden_petovarga.jpg\",\"articleSection\":[\"Energie\"],\"inLanguage\":\"de\"},{\"@type\":\"WebPage\",\"@id\":\"https:\/\/www.sonnenseite.com\/de\/energie\/bundesnetzagentur-legt-regelungen-zur-integration-steuerbarer-verbrauchseinrichtungen-fest\/\",\"url\":\"https:\/\/www.sonnenseite.com\/de\/energie\/bundesnetzagentur-legt-regelungen-zur-integration-steuerbarer-verbrauchseinrichtungen-fest\/\",\"name\":\"Bundesnetzagentur legt Regelungen zur Integration steuerbarer Verbrauchseinrichtungen fest - Sonnenseite - \u00d6kologische Kommunikation mit Franz Alt\",\"isPartOf\":{\"@id\":\"https:\/\/www.sonnenseite.com\/de\/#website\"},\"primaryImageOfPage\":{\"@id\":\"https:\/\/www.sonnenseite.com\/de\/energie\/bundesnetzagentur-legt-regelungen-zur-integration-steuerbarer-verbrauchseinrichtungen-fest\/#primaryimage\"},\"image\":{\"@id\":\"https:\/\/www.sonnenseite.com\/de\/energie\/bundesnetzagentur-legt-regelungen-zur-integration-steuerbarer-verbrauchseinrichtungen-fest\/#primaryimage\"},\"thumbnailUrl\":\"https:\/\/www.sonnenseite.com\/wp-content\/uploads\/2021\/07\/E-Auto_laden_petovarga.jpg\",\"datePublished\":\"2023-11-27T11:19:00+00:00\",\"dateModified\":\"2023-11-27T13:20:29+00:00\",\"description\":\"Die Bundesnetzagentur hat heute nach einer zweiten Konsultation die Regelungen festgelegt, wie steuerbare Verbrauchseinrichtungen (z.B. W\u00e4rmepumpen und\",\"breadcrumb\":{\"@id\":\"https:\/\/www.sonnenseite.com\/de\/energie\/bundesnetzagentur-legt-regelungen-zur-integration-steuerbarer-verbrauchseinrichtungen-fest\/#breadcrumb\"},\"inLanguage\":\"de\",\"potentialAction\":[{\"@type\":\"ReadAction\",\"target\":[\"https:\/\/www.sonnenseite.com\/de\/energie\/bundesnetzagentur-legt-regelungen-zur-integration-steuerbarer-verbrauchseinrichtungen-fest\/\"]}]},{\"@type\":\"ImageObject\",\"inLanguage\":\"de\",\"@id\":\"https:\/\/www.sonnenseite.com\/de\/energie\/bundesnetzagentur-legt-regelungen-zur-integration-steuerbarer-verbrauchseinrichtungen-fest\/#primaryimage\",\"url\":\"https:\/\/www.sonnenseite.com\/wp-content\/uploads\/2021\/07\/E-Auto_laden_petovarga.jpg\",\"contentUrl\":\"https:\/\/www.sonnenseite.com\/wp-content\/uploads\/2021\/07\/E-Auto_laden_petovarga.jpg\",\"width\":770,\"height\":420,\"caption\":\"Depositphotos.com | petovarga\"},{\"@type\":\"BreadcrumbList\",\"@id\":\"https:\/\/www.sonnenseite.com\/de\/energie\/bundesnetzagentur-legt-regelungen-zur-integration-steuerbarer-verbrauchseinrichtungen-fest\/#breadcrumb\",\"itemListElement\":[{\"@type\":\"ListItem\",\"position\":1,\"name\":\"Startseite\",\"item\":\"https:\/\/www.sonnenseite.com\/de\/\"},{\"@type\":\"ListItem\",\"position\":2,\"name\":\"Bundesnetzagentur legt Regelungen zur Integration steuerbarer Verbrauchseinrichtungen fest\"}]},{\"@type\":\"WebSite\",\"@id\":\"https:\/\/www.sonnenseite.com\/de\/#website\",\"url\":\"https:\/\/www.sonnenseite.com\/de\/\",\"name\":\"Sonnenseite\",\"description\":\"\u00d6kologische Kommunikation mit Franz Alt\",\"publisher\":{\"@id\":\"https:\/\/www.sonnenseite.com\/de\/#organization\"},\"potentialAction\":[{\"@type\":\"SearchAction\",\"target\":{\"@type\":\"EntryPoint\",\"urlTemplate\":\"https:\/\/www.sonnenseite.com\/de\/?s={search_term_string}\"},\"query-input\":{\"@type\":\"PropertyValueSpecification\",\"valueRequired\":true,\"valueName\":\"search_term_string\"}}],\"inLanguage\":\"de\"},{\"@type\":\"Organization\",\"@id\":\"https:\/\/www.sonnenseite.com\/de\/#organization\",\"name\":\"Sonnenseite\",\"url\":\"https:\/\/www.sonnenseite.com\/de\/\",\"logo\":{\"@type\":\"ImageObject\",\"inLanguage\":\"de\",\"@id\":\"https:\/\/www.sonnenseite.com\/de\/#\/schema\/logo\/image\/\",\"url\":\"https:\/\/www.sonnenseite.com\/wp-content\/uploads\/2020\/05\/Sonnenseite_Logo.png\",\"contentUrl\":\"https:\/\/www.sonnenseite.com\/wp-content\/uploads\/2020\/05\/Sonnenseite_Logo.png\",\"width\":377,\"height\":90,\"caption\":\"Sonnenseite\"},\"image\":{\"@id\":\"https:\/\/www.sonnenseite.com\/de\/#\/schema\/logo\/image\/\"},\"sameAs\":[\"https:\/\/www.facebook.com\/pages\/Franz-Alt-SONNENSEITECOM\/221072987903953?fref=ts\",\"https:\/\/x.com\/franzalt\",\"http:\/\/www.youtube.com\/results?search_query&amp;amp;quot;franz_alt&amp;amp;quot;&amp;amp;amp;amp;search_type&amp;amp;amp;amp;aq=f\"]},{\"@type\":\"Person\",\"@id\":\"https:\/\/www.sonnenseite.com\/de\/#\/schema\/person\/50fda0e926597684c7cc6695238a4eb9\",\"name\":\"Bigi Alt\"}]}<\/script>\n<!-- \/ Yoast SEO plugin. -->","yoast_head_json":{"title":"Bundesnetzagentur legt Regelungen zur Integration steuerbarer Verbrauchseinrichtungen fest - Sonnenseite - \u00d6kologische Kommunikation mit Franz Alt","description":"Die Bundesnetzagentur hat heute nach einer zweiten Konsultation die Regelungen festgelegt, wie steuerbare Verbrauchseinrichtungen (z.B. W\u00e4rmepumpen und","robots":{"index":"index","follow":"follow","max-snippet":"max-snippet:-1","max-image-preview":"max-image-preview:large","max-video-preview":"max-video-preview:-1"},"canonical":"https:\/\/www.sonnenseite.com\/de\/energie\/bundesnetzagentur-legt-regelungen-zur-integration-steuerbarer-verbrauchseinrichtungen-fest\/","og_locale":"de_DE","og_type":"article","og_title":"Bundesnetzagentur legt Regelungen zur Integration steuerbarer Verbrauchseinrichtungen fest - Sonnenseite - \u00d6kologische Kommunikation mit Franz Alt","og_description":"Die Bundesnetzagentur hat heute nach einer zweiten Konsultation die Regelungen festgelegt, wie steuerbare Verbrauchseinrichtungen (z.B. W\u00e4rmepumpen und","og_url":"https:\/\/www.sonnenseite.com\/de\/energie\/bundesnetzagentur-legt-regelungen-zur-integration-steuerbarer-verbrauchseinrichtungen-fest\/","og_site_name":"Sonnenseite","article_publisher":"https:\/\/www.facebook.com\/pages\/Franz-Alt-SONNENSEITECOM\/221072987903953?fref=ts","article_published_time":"2023-11-27T11:19:00+00:00","article_modified_time":"2023-11-27T13:20:29+00:00","og_image":[{"width":770,"height":420,"url":"https:\/\/www.sonnenseite.com\/wp-content\/uploads\/2021\/07\/E-Auto_laden_petovarga.jpg","type":"image\/jpeg"}],"author":"Bigi Alt","twitter_card":"summary_large_image","twitter_creator":"@franzalt","twitter_site":"@franzalt","twitter_misc":{"Verfasst von":"Bigi Alt","Gesch\u00e4tzte Lesezeit":"8\u00a0Minuten"},"schema":{"@context":"https:\/\/schema.org","@graph":[{"@type":"Article","@id":"https:\/\/www.sonnenseite.com\/de\/energie\/bundesnetzagentur-legt-regelungen-zur-integration-steuerbarer-verbrauchseinrichtungen-fest\/#article","isPartOf":{"@id":"https:\/\/www.sonnenseite.com\/de\/energie\/bundesnetzagentur-legt-regelungen-zur-integration-steuerbarer-verbrauchseinrichtungen-fest\/"},"author":{"name":"Bigi Alt","@id":"https:\/\/www.sonnenseite.com\/de\/#\/schema\/person\/50fda0e926597684c7cc6695238a4eb9"},"headline":"Bundesnetzagentur legt Regelungen zur Integration steuerbarer Verbrauchseinrichtungen fest","datePublished":"2023-11-27T11:19:00+00:00","dateModified":"2023-11-27T13:20:29+00:00","mainEntityOfPage":{"@id":"https:\/\/www.sonnenseite.com\/de\/energie\/bundesnetzagentur-legt-regelungen-zur-integration-steuerbarer-verbrauchseinrichtungen-fest\/"},"wordCount":1382,"publisher":{"@id":"https:\/\/www.sonnenseite.com\/de\/#organization"},"image":{"@id":"https:\/\/www.sonnenseite.com\/de\/energie\/bundesnetzagentur-legt-regelungen-zur-integration-steuerbarer-verbrauchseinrichtungen-fest\/#primaryimage"},"thumbnailUrl":"https:\/\/www.sonnenseite.com\/wp-content\/uploads\/2021\/07\/E-Auto_laden_petovarga.jpg","articleSection":["Energie"],"inLanguage":"de"},{"@type":"WebPage","@id":"https:\/\/www.sonnenseite.com\/de\/energie\/bundesnetzagentur-legt-regelungen-zur-integration-steuerbarer-verbrauchseinrichtungen-fest\/","url":"https:\/\/www.sonnenseite.com\/de\/energie\/bundesnetzagentur-legt-regelungen-zur-integration-steuerbarer-verbrauchseinrichtungen-fest\/","name":"Bundesnetzagentur legt Regelungen zur Integration steuerbarer Verbrauchseinrichtungen fest - Sonnenseite - \u00d6kologische Kommunikation mit Franz Alt","isPartOf":{"@id":"https:\/\/www.sonnenseite.com\/de\/#website"},"primaryImageOfPage":{"@id":"https:\/\/www.sonnenseite.com\/de\/energie\/bundesnetzagentur-legt-regelungen-zur-integration-steuerbarer-verbrauchseinrichtungen-fest\/#primaryimage"},"image":{"@id":"https:\/\/www.sonnenseite.com\/de\/energie\/bundesnetzagentur-legt-regelungen-zur-integration-steuerbarer-verbrauchseinrichtungen-fest\/#primaryimage"},"thumbnailUrl":"https:\/\/www.sonnenseite.com\/wp-content\/uploads\/2021\/07\/E-Auto_laden_petovarga.jpg","datePublished":"2023-11-27T11:19:00+00:00","dateModified":"2023-11-27T13:20:29+00:00","description":"Die Bundesnetzagentur hat heute nach einer zweiten Konsultation die Regelungen festgelegt, wie steuerbare Verbrauchseinrichtungen (z.B. W\u00e4rmepumpen und","breadcrumb":{"@id":"https:\/\/www.sonnenseite.com\/de\/energie\/bundesnetzagentur-legt-regelungen-zur-integration-steuerbarer-verbrauchseinrichtungen-fest\/#breadcrumb"},"inLanguage":"de","potentialAction":[{"@type":"ReadAction","target":["https:\/\/www.sonnenseite.com\/de\/energie\/bundesnetzagentur-legt-regelungen-zur-integration-steuerbarer-verbrauchseinrichtungen-fest\/"]}]},{"@type":"ImageObject","inLanguage":"de","@id":"https:\/\/www.sonnenseite.com\/de\/energie\/bundesnetzagentur-legt-regelungen-zur-integration-steuerbarer-verbrauchseinrichtungen-fest\/#primaryimage","url":"https:\/\/www.sonnenseite.com\/wp-content\/uploads\/2021\/07\/E-Auto_laden_petovarga.jpg","contentUrl":"https:\/\/www.sonnenseite.com\/wp-content\/uploads\/2021\/07\/E-Auto_laden_petovarga.jpg","width":770,"height":420,"caption":"Depositphotos.com | petovarga"},{"@type":"BreadcrumbList","@id":"https:\/\/www.sonnenseite.com\/de\/energie\/bundesnetzagentur-legt-regelungen-zur-integration-steuerbarer-verbrauchseinrichtungen-fest\/#breadcrumb","itemListElement":[{"@type":"ListItem","position":1,"name":"Startseite","item":"https:\/\/www.sonnenseite.com\/de\/"},{"@type":"ListItem","position":2,"name":"Bundesnetzagentur legt Regelungen zur Integration steuerbarer Verbrauchseinrichtungen fest"}]},{"@type":"WebSite","@id":"https:\/\/www.sonnenseite.com\/de\/#website","url":"https:\/\/www.sonnenseite.com\/de\/","name":"Sonnenseite","description":"\u00d6kologische Kommunikation mit Franz Alt","publisher":{"@id":"https:\/\/www.sonnenseite.com\/de\/#organization"},"potentialAction":[{"@type":"SearchAction","target":{"@type":"EntryPoint","urlTemplate":"https:\/\/www.sonnenseite.com\/de\/?s={search_term_string}"},"query-input":{"@type":"PropertyValueSpecification","valueRequired":true,"valueName":"search_term_string"}}],"inLanguage":"de"},{"@type":"Organization","@id":"https:\/\/www.sonnenseite.com\/de\/#organization","name":"Sonnenseite","url":"https:\/\/www.sonnenseite.com\/de\/","logo":{"@type":"ImageObject","inLanguage":"de","@id":"https:\/\/www.sonnenseite.com\/de\/#\/schema\/logo\/image\/","url":"https:\/\/www.sonnenseite.com\/wp-content\/uploads\/2020\/05\/Sonnenseite_Logo.png","contentUrl":"https:\/\/www.sonnenseite.com\/wp-content\/uploads\/2020\/05\/Sonnenseite_Logo.png","width":377,"height":90,"caption":"Sonnenseite"},"image":{"@id":"https:\/\/www.sonnenseite.com\/de\/#\/schema\/logo\/image\/"},"sameAs":["https:\/\/www.facebook.com\/pages\/Franz-Alt-SONNENSEITECOM\/221072987903953?fref=ts","https:\/\/x.com\/franzalt","http:\/\/www.youtube.com\/results?search_query&amp;amp;quot;franz_alt&amp;amp;quot;&amp;amp;amp;amp;search_type&amp;amp;amp;amp;aq=f"]},{"@type":"Person","@id":"https:\/\/www.sonnenseite.com\/de\/#\/schema\/person\/50fda0e926597684c7cc6695238a4eb9","name":"Bigi Alt"}]}},"_links":{"self":[{"href":"https:\/\/www.sonnenseite.com\/de\/wp-json\/wp\/v2\/posts\/95644","targetHints":{"allow":["GET"]}}],"collection":[{"href":"https:\/\/www.sonnenseite.com\/de\/wp-json\/wp\/v2\/posts"}],"about":[{"href":"https:\/\/www.sonnenseite.com\/de\/wp-json\/wp\/v2\/types\/post"}],"author":[{"embeddable":true,"href":"https:\/\/www.sonnenseite.com\/de\/wp-json\/wp\/v2\/users\/3"}],"replies":[{"embeddable":true,"href":"https:\/\/www.sonnenseite.com\/de\/wp-json\/wp\/v2\/comments?post=95644"}],"version-history":[{"count":1,"href":"https:\/\/www.sonnenseite.com\/de\/wp-json\/wp\/v2\/posts\/95644\/revisions"}],"predecessor-version":[{"id":95645,"href":"https:\/\/www.sonnenseite.com\/de\/wp-json\/wp\/v2\/posts\/95644\/revisions\/95645"}],"wp:featuredmedia":[{"embeddable":true,"href":"https:\/\/www.sonnenseite.com\/de\/wp-json\/wp\/v2\/media\/72982"}],"wp:attachment":[{"href":"https:\/\/www.sonnenseite.com\/de\/wp-json\/wp\/v2\/media?parent=95644"}],"wp:term":[{"taxonomy":"category","embeddable":true,"href":"https:\/\/www.sonnenseite.com\/de\/wp-json\/wp\/v2\/categories?post=95644"},{"taxonomy":"post_tag","embeddable":true,"href":"https:\/\/www.sonnenseite.com\/de\/wp-json\/wp\/v2\/tags?post=95644"}],"curies":[{"name":"wp","href":"https:\/\/api.w.org\/{rel}","templated":true}]}}