{"id":95657,"date":"2023-11-28T02:05:00","date_gmt":"2023-11-28T01:05:00","guid":{"rendered":"https:\/\/www.sonnenseite.com\/?p=95657"},"modified":"2023-11-28T09:06:41","modified_gmt":"2023-11-28T08:06:41","slug":"tropische-wirbelstuerme-erhoehen-die-gesellschaftlichen-kosten-von-co2-emissionen-um-ein-fuenftel","status":"publish","type":"post","link":"https:\/\/www.sonnenseite.com\/de\/umwelt\/tropische-wirbelstuerme-erhoehen-die-gesellschaftlichen-kosten-von-co2-emissionen-um-ein-fuenftel\/","title":{"rendered":"Tropische Wirbelst\u00fcrme erh\u00f6hen die gesellschaftlichen Kosten von CO2- Emissionen um ein F\u00fcnftel"},"content":{"rendered":"\n<p>Extremwetterereignisse wie tropische Wirbelst\u00fcrme verursachen nicht nur direkte Sch\u00e4den, sondern haben auch langfristige Auswirkungen f\u00fcr die betroffenen Gesellschaften. <\/p>\n\n\n\n<p>Eine <a href=\"https:\/\/www.nature.com\/articles\/s41467-023-43114-4\">neue Studie im Fachjournal Nature Communications<\/a> zeigt: Ber\u00fccksichtigt man die Langfristfolgen dieser St\u00fcrme, erh\u00f6hen sich die derzeitigen Absch\u00e4tzungen der globalen gesellschaftlichen Kosten von CO2-Emissionen um mehr als 20 Prozent. Dieser Anstieg ist vor allem auf die absehbaren h\u00f6heren Sch\u00e4den durch tropische Wirbelst\u00fcrme in den gro\u00dfen Volkswirtschaften Indiens, der USA, Chinas, Taiwans und Japans im Zuge der globalen Erw\u00e4rmung zur\u00fcckzuf\u00fchren.<\/p>\n\n\n\n<p>&#8222;Unsere Analyse zeigt, dass schwere tropische Wirbelst\u00fcrme die wirtschaftliche Entwicklung eines Landes f\u00fcr mehr als ein Jahrzehnt ausbremsen k\u00f6nnen. Mit der globalen Erw\u00e4rmung wird sich der Anteil der schwersten tropischen Wirbelst\u00fcrme erh\u00f6hen. Dadurch wird es wahrscheinlicher, dass sich betroffene Volkswirtschaften zwischen aufeinanderfolgenden St\u00fcrmen nicht mehr vollst\u00e4ndig erholen k\u00f6nnen&#8220;, erkl\u00e4rt Autor Hazem Krichene vom Potsdam-Institut f\u00fcr Klimafolgenforschung (PIK). Diese Langfristfolgen k\u00f6nnen die wirtschaftliche Entwicklung betroffener Staaten st\u00e4rker hemmen als die direkten wirtschaftlichen Sch\u00e4den durch diese St\u00fcrme.<\/p>\n\n\n\n<p>Die so genannten gesellschaftlichen Kosten von CO<sub>2<\/sub>-Emissionen sind eine in US-Dollar ausgedr\u00fcckte Absch\u00e4tzung der Kosten, die einer Gesellschaft durch die Emission einer zus\u00e4tzlichen Tonne CO<sub>2<\/sub> in die Atmosph\u00e4re entstehen. Diese Kennzahl wird h\u00e4ufig f\u00fcr die Bewertung von Klimaschutzma\u00dfnahmen verwendet. Denn sie erm\u00f6glicht einen Vergleich der gesellschaftlichen Folgekosten des Klimawandels mit den Kosten von Ma\u00dfnahmen zu dessen Eind\u00e4mmung. &#8222;Die langfristigen Auswirkungen von Extremwetterereignissen werden allerdings bisher nicht bei der Berechnung der gesellschaftlichen Kosten von CO<sub>2<\/sub>-Emissionen ber\u00fccksichtigt, so dass die derzeitigen Absch\u00e4tzungen dieser Kosten der gesellschaftlichen Kosten von CO<sub>2<\/sub>-Emissionen nur einen Teil der tats\u00e4chlichen Kosten widerspiegeln. Das bedeutet, dass der Nutzen von Klimaschutzma\u00dfnahmen stark untersch\u00e4tzt wird, da die wahren Kosten wahrscheinlich weitaus h\u00f6her sind&#8220;, sagt Autorin Franziska Piontek vom PIK.<\/p>\n\n\n\n<h4 class=\"wp-block-heading\">Hei\u00dferes Klima, st\u00e4rkere tropische Wirbelst\u00fcrme, h\u00f6here Kosten<\/h4>\n\n\n\n<p>F\u00fcr ihre Studie analysierten die Forschenden wirtschaftliche Sch\u00e4den in 41 von tropischen Wirbelst\u00fcrmen betroffenen L\u00e4ndern im Zeitraum von 1981 bis 2015 und projizierten diese f\u00fcr verschiedene zuk\u00fcnftige Wirtschaftsentwicklungs- und Erw\u00e4rmungsszenarien. Im Gegensatz zu fr\u00fcheren Studien ber\u00fccksichtigten sie dabei die negativen langfristigen Auswirkungen dieser St\u00fcrme auf die wirtschaftliche Entwicklung. Die Forschenden fanden heraus, dass die Wirbelst\u00fcrme die gesellschaftlichen Kosten von CO<sub>2<\/sub>-Emissionen weltweit um mehr als 20 Prozent (von 173 US$ auf 212 US$ pro Tonne CO<sub>2<\/sub>) und in den untersuchten betroffenen L\u00e4ndern jeweils um mehr als 40 Prozent erh\u00f6hen &#8211; verglichen mit den derzeit f\u00fcr politische Analysen verwendeten Sch\u00e4tzungen.<\/p>\n\n\n\n<p>&#8222;Wenn es um Extremereignisse geht, liegt das Hauptaugenmerk oft auf den unmittelbaren wirtschaftlichen Sch\u00e4den. Es ist jedoch ebenso wichtig, die Gesamtkosten dieser Ereignisse zu beziffern, um die Gesellschaft \u00fcber die tats\u00e4chlichen Kosten des Klimawandels und die Klimafolgen, die durch ambitionierten Klimaschutz verhindert werden k\u00f6nnen, zu informieren&#8220;, erkl\u00e4rt Studienautor Christian Otto vom PIK abschlie\u00dfend.\u00a0<\/p>\n\n\n\n<ul class=\"wp-block-list\">\n<li>Hazem Krichene, Thomas Vogt, Franziska Piontek, Tobias Geiger, Christof Sch\u00f6tz, Christian Otto (2023): The Social Cost of Tropical Cyclones. Nature Communications <a href=\"https:\/\/www.nature.com\/articles\/s41467-023-43114-4\">[DOI: 10.1038\/s41467-023-43114-4]<\/a><\/li>\n<\/ul>\n\n\n<h5 class=\"green\">Quelle<\/h5>\r\n\n\n\n<p><a href=\"http:\/\/www.pik-potsdam.de\/\" target=\"_blank\" rel=\"noreferrer noopener\">Potsdam-Institut f\u00fcr Klimafolgenforschung (PIK) 2023<\/a><\/p>\n<div class=\"shariff shariff-align-flex-start shariff-widget-align-flex-start\"><div class=\"ShariffHeadline\">Diese Meldung teilen<\/div><ul class=\"shariff-buttons theme-round orientation-horizontal buttonsize-medium\"><li class=\"shariff-button facebook shariff-nocustomcolor\" style=\"background-color:#4273c8;border-radius:1%\"><a href=\"https:\/\/www.facebook.com\/sharer\/sharer.php?u=https%3A%2F%2Fwww.sonnenseite.com%2Fde%2Fumwelt%2Ftropische-wirbelstuerme-erhoehen-die-gesellschaftlichen-kosten-von-co2-emissionen-um-ein-fuenftel%2F\" title=\"Bei Facebook teilen\" aria-label=\"Bei Facebook teilen\" role=\"button\" rel=\"nofollow\" class=\"shariff-link\" style=\";border-radius:1%; background-color:#3b5998; color:#fff\" target=\"_blank\"><span class=\"shariff-icon\" style=\"\"><svg width=\"32px\" height=\"20px\" xmlns=\"http:\/\/www.w3.org\/2000\/svg\" viewBox=\"0 0 18 32\"><path fill=\"#3b5998\" d=\"M17.1 0.2v4.7h-2.8q-1.5 0-2.1 0.6t-0.5 1.9v3.4h5.2l-0.7 5.3h-4.5v13.6h-5.5v-13.6h-4.5v-5.3h4.5v-3.9q0-3.3 1.9-5.2t5-1.8q2.6 0 4.1 0.2z\"\/><\/svg><\/span><\/a><\/li><li class=\"shariff-button twitter shariff-nocustomcolor\" style=\"background-color:#595959;border-radius:1%\"><a href=\"https:\/\/twitter.com\/share?url=https%3A%2F%2Fwww.sonnenseite.com%2Fde%2Fumwelt%2Ftropische-wirbelstuerme-erhoehen-die-gesellschaftlichen-kosten-von-co2-emissionen-um-ein-fuenftel%2F&text=Tropische%20Wirbelst%C3%BCrme%20erh%C3%B6hen%20die%20gesellschaftlichen%20Kosten%20von%20CO2-%20Emissionen%20um%20ein%20F%C3%BCnftel\" title=\"Bei X teilen\" aria-label=\"Bei X teilen\" role=\"button\" rel=\"noopener nofollow\" class=\"shariff-link\" style=\";border-radius:1%; background-color:#000; color:#fff\" target=\"_blank\"><span class=\"shariff-icon\" style=\"\"><svg width=\"32px\" height=\"20px\" xmlns=\"http:\/\/www.w3.org\/2000\/svg\" viewBox=\"0 0 24 24\"><path fill=\"#000\" d=\"M14.258 10.152L23.176 0h-2.113l-7.747 8.813L7.133 0H0l9.352 13.328L0 23.973h2.113l8.176-9.309 6.531 9.309h7.133zm-2.895 3.293l-.949-1.328L2.875 1.56h3.246l6.086 8.523.945 1.328 7.91 11.078h-3.246zm0 0\"\/><\/svg><\/span><\/a><\/li><li class=\"shariff-button xing shariff-nocustomcolor\" style=\"background-color:#29888a;border-radius:1%\"><a href=\"https:\/\/www.xing.com\/spi\/shares\/new?url=https%3A%2F%2Fwww.sonnenseite.com%2Fde%2Fumwelt%2Ftropische-wirbelstuerme-erhoehen-die-gesellschaftlichen-kosten-von-co2-emissionen-um-ein-fuenftel%2F\" title=\"Bei XING teilen\" aria-label=\"Bei XING teilen\" role=\"button\" rel=\"noopener nofollow\" class=\"shariff-link\" style=\";border-radius:1%; background-color:#126567; color:#fff\" target=\"_blank\"><span class=\"shariff-icon\" style=\"\"><svg width=\"32px\" height=\"20px\" xmlns=\"http:\/\/www.w3.org\/2000\/svg\" viewBox=\"0 0 25 32\"><path fill=\"#126567\" d=\"M10.7 11.9q-0.2 0.3-4.6 8.2-0.5 0.8-1.2 0.8h-4.3q-0.4 0-0.5-0.3t0-0.6l4.5-8q0 0 0 0l-2.9-5q-0.2-0.4 0-0.7 0.2-0.3 0.5-0.3h4.3q0.7 0 1.2 0.8zM25.1 0.4q0.2 0.3 0 0.7l-9.4 16.7 6 11q0.2 0.4 0 0.6-0.2 0.3-0.6 0.3h-4.3q-0.7 0-1.2-0.8l-6-11.1q0.3-0.6 9.5-16.8 0.4-0.8 1.2-0.8h4.3q0.4 0 0.5 0.3z\"\/><\/svg><\/span><\/a><\/li><li class=\"shariff-button linkedin shariff-nocustomcolor\" style=\"background-color:#1488bf;border-radius:1%\"><a href=\"https:\/\/www.linkedin.com\/sharing\/share-offsite\/?url=https%3A%2F%2Fwww.sonnenseite.com%2Fde%2Fumwelt%2Ftropische-wirbelstuerme-erhoehen-die-gesellschaftlichen-kosten-von-co2-emissionen-um-ein-fuenftel%2F\" title=\"Bei LinkedIn teilen\" aria-label=\"Bei LinkedIn teilen\" role=\"button\" rel=\"noopener nofollow\" class=\"shariff-link\" style=\";border-radius:1%; background-color:#0077b5; color:#fff\" target=\"_blank\"><span class=\"shariff-icon\" style=\"\"><svg width=\"32px\" height=\"20px\" xmlns=\"http:\/\/www.w3.org\/2000\/svg\" viewBox=\"0 0 27 32\"><path fill=\"#0077b5\" d=\"M6.2 11.2v17.7h-5.9v-17.7h5.9zM6.6 5.7q0 1.3-0.9 2.2t-2.4 0.9h0q-1.5 0-2.4-0.9t-0.9-2.2 0.9-2.2 2.4-0.9 2.4 0.9 0.9 2.2zM27.4 18.7v10.1h-5.9v-9.5q0-1.9-0.7-2.9t-2.3-1.1q-1.1 0-1.9 0.6t-1.2 1.5q-0.2 0.5-0.2 1.4v9.9h-5.9q0-7.1 0-11.6t0-5.3l0-0.9h5.9v2.6h0q0.4-0.6 0.7-1t1-0.9 1.6-0.8 2-0.3q3 0 4.9 2t1.9 6z\"\/><\/svg><\/span><\/a><\/li><li class=\"shariff-button printer shariff-nocustomcolor\" style=\"background-color:#a8a8a8;border-radius:1%\"><a href=\"javascript:window.print()\" title=\"drucken\" aria-label=\"drucken\" role=\"button\" rel=\"noopener nofollow\" class=\"shariff-link\" style=\";border-radius:1%; background-color:#999; color:#fff\"><span class=\"shariff-icon\" style=\"\"><svg width=\"32px\" height=\"20px\" xmlns=\"http:\/\/www.w3.org\/2000\/svg\" viewBox=\"0 0 30 32\"><path fill=\"#999\" d=\"M6.8 27.4h16v-4.6h-16v4.6zM6.8 16h16v-6.8h-2.8q-0.7 0-1.2-0.5t-0.5-1.2v-2.8h-11.4v11.4zM27.4 17.2q0-0.5-0.3-0.8t-0.8-0.4-0.8 0.4-0.3 0.8 0.3 0.8 0.8 0.3 0.8-0.3 0.3-0.8zM29.7 17.2v7.4q0 0.2-0.2 0.4t-0.4 0.2h-4v2.8q0 0.7-0.5 1.2t-1.2 0.5h-17.2q-0.7 0-1.2-0.5t-0.5-1.2v-2.8h-4q-0.2 0-0.4-0.2t-0.2-0.4v-7.4q0-1.4 1-2.4t2.4-1h1.2v-9.7q0-0.7 0.5-1.2t1.2-0.5h12q0.7 0 1.6 0.4t1.3 0.8l2.7 2.7q0.5 0.5 0.9 1.4t0.4 1.6v4.6h1.1q1.4 0 2.4 1t1 2.4z\"\/><\/svg><\/span><\/a><\/li><li class=\"shariff-button mailto shariff-nocustomcolor\" style=\"background-color:#a8a8a8;border-radius:1%\"><a href=\"mailto:?body=https%3A%2F%2Fwww.sonnenseite.com%2Fde%2Fumwelt%2Ftropische-wirbelstuerme-erhoehen-die-gesellschaftlichen-kosten-von-co2-emissionen-um-ein-fuenftel%2F&subject=Tropische%20Wirbelst%C3%BCrme%20erh%C3%B6hen%20die%20gesellschaftlichen%20Kosten%20von%20CO2-%20Emissionen%20um%20ein%20F%C3%BCnftel\" title=\"Per E-Mail versenden\" aria-label=\"Per E-Mail versenden\" role=\"button\" rel=\"noopener nofollow\" class=\"shariff-link\" style=\";border-radius:1%; background-color:#999; color:#fff\"><span class=\"shariff-icon\" style=\"\"><svg width=\"32px\" height=\"20px\" xmlns=\"http:\/\/www.w3.org\/2000\/svg\" viewBox=\"0 0 32 32\"><path fill=\"#999\" d=\"M32 12.7v14.2q0 1.2-0.8 2t-2 0.9h-26.3q-1.2 0-2-0.9t-0.8-2v-14.2q0.8 0.9 1.8 1.6 6.5 4.4 8.9 6.1 1 0.8 1.6 1.2t1.7 0.9 2 0.4h0.1q0.9 0 2-0.4t1.7-0.9 1.6-1.2q3-2.2 8.9-6.1 1-0.7 1.8-1.6zM32 7.4q0 1.4-0.9 2.7t-2.2 2.2q-6.7 4.7-8.4 5.8-0.2 0.1-0.7 0.5t-1 0.7-0.9 0.6-1.1 0.5-0.9 0.2h-0.1q-0.4 0-0.9-0.2t-1.1-0.5-0.9-0.6-1-0.7-0.7-0.5q-1.6-1.1-4.7-3.2t-3.6-2.6q-1.1-0.7-2.1-2t-1-2.5q0-1.4 0.7-2.3t2.1-0.9h26.3q1.2 0 2 0.8t0.9 2z\"\/><\/svg><\/span><\/a><\/li><\/ul><\/div>","protected":false},"excerpt":{"rendered":"<p>Extremwetterereignisse wie tropische Wirbelst\u00fcrme verursachen nicht nur direkte Sch\u00e4den, sondern haben auch langfristige Auswirkungen f\u00fcr die [&hellip;]<\/p>\n","protected":false},"author":3,"featured_media":95658,"comment_status":"closed","ping_status":"closed","sticky":false,"template":"","format":"standard","meta":{"inline_featured_image":false,"footnotes":""},"categories":[23],"tags":[],"class_list":["post-95657","post","type-post","status-publish","format-standard","has-post-thumbnail","hentry","category-umwelt"],"yoast_head":"<!-- This site is optimized with the Yoast SEO plugin v26.5 - https:\/\/yoast.com\/wordpress\/plugins\/seo\/ -->\n<title>Tropische Wirbelst\u00fcrme erh\u00f6hen die gesellschaftlichen Kosten von CO2- Emissionen um ein F\u00fcnftel - Sonnenseite - \u00d6kologische Kommunikation mit Franz Alt<\/title>\n<meta name=\"description\" content=\"Extremwetterereignisse wie tropische Wirbelst\u00fcrme verursachen nicht nur direkte Sch\u00e4den, sondern haben auch langfristige Auswirkungen f\u00fcr die betroffenen\" \/>\n<meta name=\"robots\" content=\"index, follow, max-snippet:-1, max-image-preview:large, max-video-preview:-1\" \/>\n<link rel=\"canonical\" href=\"https:\/\/www.sonnenseite.com\/de\/umwelt\/tropische-wirbelstuerme-erhoehen-die-gesellschaftlichen-kosten-von-co2-emissionen-um-ein-fuenftel\/\" \/>\n<meta property=\"og:locale\" content=\"de_DE\" \/>\n<meta property=\"og:type\" content=\"article\" \/>\n<meta property=\"og:title\" content=\"Tropische Wirbelst\u00fcrme erh\u00f6hen die gesellschaftlichen Kosten von CO2- Emissionen um ein F\u00fcnftel - Sonnenseite - \u00d6kologische Kommunikation mit Franz Alt\" \/>\n<meta property=\"og:description\" content=\"Extremwetterereignisse wie tropische Wirbelst\u00fcrme verursachen nicht nur direkte Sch\u00e4den, sondern haben auch langfristige Auswirkungen f\u00fcr die betroffenen\" \/>\n<meta property=\"og:url\" content=\"https:\/\/www.sonnenseite.com\/de\/umwelt\/tropische-wirbelstuerme-erhoehen-die-gesellschaftlichen-kosten-von-co2-emissionen-um-ein-fuenftel\/\" \/>\n<meta property=\"og:site_name\" content=\"Sonnenseite\" \/>\n<meta property=\"article:publisher\" content=\"https:\/\/www.facebook.com\/pages\/Franz-Alt-SONNENSEITECOM\/221072987903953?fref=ts\" \/>\n<meta property=\"article:published_time\" content=\"2023-11-28T01:05:00+00:00\" \/>\n<meta property=\"article:modified_time\" content=\"2023-11-28T08:06:41+00:00\" \/>\n<meta property=\"og:image\" content=\"https:\/\/www.sonnenseite.com\/wp-content\/uploads\/2023\/11\/Cyclon_Wikilmages.jpg\" \/>\n\t<meta property=\"og:image:width\" content=\"770\" \/>\n\t<meta property=\"og:image:height\" content=\"420\" \/>\n\t<meta property=\"og:image:type\" content=\"image\/jpeg\" \/>\n<meta name=\"author\" content=\"Bigi Alt\" \/>\n<meta name=\"twitter:card\" content=\"summary_large_image\" \/>\n<meta name=\"twitter:creator\" content=\"@franzalt\" \/>\n<meta name=\"twitter:site\" content=\"@franzalt\" \/>\n<meta name=\"twitter:label1\" content=\"Verfasst von\" \/>\n\t<meta name=\"twitter:data1\" content=\"Bigi Alt\" \/>\n\t<meta name=\"twitter:label2\" content=\"Gesch\u00e4tzte Lesezeit\" \/>\n\t<meta name=\"twitter:data2\" content=\"3\u00a0Minuten\" \/>\n<script type=\"application\/ld+json\" class=\"yoast-schema-graph\">{\"@context\":\"https:\/\/schema.org\",\"@graph\":[{\"@type\":\"Article\",\"@id\":\"https:\/\/www.sonnenseite.com\/de\/umwelt\/tropische-wirbelstuerme-erhoehen-die-gesellschaftlichen-kosten-von-co2-emissionen-um-ein-fuenftel\/#article\",\"isPartOf\":{\"@id\":\"https:\/\/www.sonnenseite.com\/de\/umwelt\/tropische-wirbelstuerme-erhoehen-die-gesellschaftlichen-kosten-von-co2-emissionen-um-ein-fuenftel\/\"},\"author\":{\"name\":\"Bigi Alt\",\"@id\":\"https:\/\/www.sonnenseite.com\/de\/#\/schema\/person\/50fda0e926597684c7cc6695238a4eb9\"},\"headline\":\"Tropische Wirbelst\u00fcrme erh\u00f6hen die gesellschaftlichen Kosten von CO2- Emissionen um ein F\u00fcnftel\",\"datePublished\":\"2023-11-28T01:05:00+00:00\",\"dateModified\":\"2023-11-28T08:06:41+00:00\",\"mainEntityOfPage\":{\"@id\":\"https:\/\/www.sonnenseite.com\/de\/umwelt\/tropische-wirbelstuerme-erhoehen-die-gesellschaftlichen-kosten-von-co2-emissionen-um-ein-fuenftel\/\"},\"wordCount\":542,\"publisher\":{\"@id\":\"https:\/\/www.sonnenseite.com\/de\/#organization\"},\"image\":{\"@id\":\"https:\/\/www.sonnenseite.com\/de\/umwelt\/tropische-wirbelstuerme-erhoehen-die-gesellschaftlichen-kosten-von-co2-emissionen-um-ein-fuenftel\/#primaryimage\"},\"thumbnailUrl\":\"https:\/\/www.sonnenseite.com\/wp-content\/uploads\/2023\/11\/Cyclon_Wikilmages.jpg\",\"articleSection\":[\"Umwelt\"],\"inLanguage\":\"de\"},{\"@type\":\"WebPage\",\"@id\":\"https:\/\/www.sonnenseite.com\/de\/umwelt\/tropische-wirbelstuerme-erhoehen-die-gesellschaftlichen-kosten-von-co2-emissionen-um-ein-fuenftel\/\",\"url\":\"https:\/\/www.sonnenseite.com\/de\/umwelt\/tropische-wirbelstuerme-erhoehen-die-gesellschaftlichen-kosten-von-co2-emissionen-um-ein-fuenftel\/\",\"name\":\"Tropische Wirbelst\u00fcrme erh\u00f6hen die gesellschaftlichen Kosten von CO2- Emissionen um ein F\u00fcnftel - Sonnenseite - \u00d6kologische Kommunikation mit Franz Alt\",\"isPartOf\":{\"@id\":\"https:\/\/www.sonnenseite.com\/de\/#website\"},\"primaryImageOfPage\":{\"@id\":\"https:\/\/www.sonnenseite.com\/de\/umwelt\/tropische-wirbelstuerme-erhoehen-die-gesellschaftlichen-kosten-von-co2-emissionen-um-ein-fuenftel\/#primaryimage\"},\"image\":{\"@id\":\"https:\/\/www.sonnenseite.com\/de\/umwelt\/tropische-wirbelstuerme-erhoehen-die-gesellschaftlichen-kosten-von-co2-emissionen-um-ein-fuenftel\/#primaryimage\"},\"thumbnailUrl\":\"https:\/\/www.sonnenseite.com\/wp-content\/uploads\/2023\/11\/Cyclon_Wikilmages.jpg\",\"datePublished\":\"2023-11-28T01:05:00+00:00\",\"dateModified\":\"2023-11-28T08:06:41+00:00\",\"description\":\"Extremwetterereignisse wie tropische Wirbelst\u00fcrme verursachen nicht nur direkte Sch\u00e4den, sondern haben auch langfristige Auswirkungen f\u00fcr die betroffenen\",\"breadcrumb\":{\"@id\":\"https:\/\/www.sonnenseite.com\/de\/umwelt\/tropische-wirbelstuerme-erhoehen-die-gesellschaftlichen-kosten-von-co2-emissionen-um-ein-fuenftel\/#breadcrumb\"},\"inLanguage\":\"de\",\"potentialAction\":[{\"@type\":\"ReadAction\",\"target\":[\"https:\/\/www.sonnenseite.com\/de\/umwelt\/tropische-wirbelstuerme-erhoehen-die-gesellschaftlichen-kosten-von-co2-emissionen-um-ein-fuenftel\/\"]}]},{\"@type\":\"ImageObject\",\"inLanguage\":\"de\",\"@id\":\"https:\/\/www.sonnenseite.com\/de\/umwelt\/tropische-wirbelstuerme-erhoehen-die-gesellschaftlichen-kosten-von-co2-emissionen-um-ein-fuenftel\/#primaryimage\",\"url\":\"https:\/\/www.sonnenseite.com\/wp-content\/uploads\/2023\/11\/Cyclon_Wikilmages.jpg\",\"contentUrl\":\"https:\/\/www.sonnenseite.com\/wp-content\/uploads\/2023\/11\/Cyclon_Wikilmages.jpg\",\"width\":770,\"height\":420,\"caption\":\"pixabay.com | Wikilmages | Cyclon\"},{\"@type\":\"BreadcrumbList\",\"@id\":\"https:\/\/www.sonnenseite.com\/de\/umwelt\/tropische-wirbelstuerme-erhoehen-die-gesellschaftlichen-kosten-von-co2-emissionen-um-ein-fuenftel\/#breadcrumb\",\"itemListElement\":[{\"@type\":\"ListItem\",\"position\":1,\"name\":\"Startseite\",\"item\":\"https:\/\/www.sonnenseite.com\/de\/\"},{\"@type\":\"ListItem\",\"position\":2,\"name\":\"Tropische Wirbelst\u00fcrme erh\u00f6hen die gesellschaftlichen Kosten von CO2- Emissionen um ein F\u00fcnftel\"}]},{\"@type\":\"WebSite\",\"@id\":\"https:\/\/www.sonnenseite.com\/de\/#website\",\"url\":\"https:\/\/www.sonnenseite.com\/de\/\",\"name\":\"Sonnenseite\",\"description\":\"\u00d6kologische Kommunikation mit Franz Alt\",\"publisher\":{\"@id\":\"https:\/\/www.sonnenseite.com\/de\/#organization\"},\"potentialAction\":[{\"@type\":\"SearchAction\",\"target\":{\"@type\":\"EntryPoint\",\"urlTemplate\":\"https:\/\/www.sonnenseite.com\/de\/?s={search_term_string}\"},\"query-input\":{\"@type\":\"PropertyValueSpecification\",\"valueRequired\":true,\"valueName\":\"search_term_string\"}}],\"inLanguage\":\"de\"},{\"@type\":\"Organization\",\"@id\":\"https:\/\/www.sonnenseite.com\/de\/#organization\",\"name\":\"Sonnenseite\",\"url\":\"https:\/\/www.sonnenseite.com\/de\/\",\"logo\":{\"@type\":\"ImageObject\",\"inLanguage\":\"de\",\"@id\":\"https:\/\/www.sonnenseite.com\/de\/#\/schema\/logo\/image\/\",\"url\":\"https:\/\/www.sonnenseite.com\/wp-content\/uploads\/2020\/05\/Sonnenseite_Logo.png\",\"contentUrl\":\"https:\/\/www.sonnenseite.com\/wp-content\/uploads\/2020\/05\/Sonnenseite_Logo.png\",\"width\":377,\"height\":90,\"caption\":\"Sonnenseite\"},\"image\":{\"@id\":\"https:\/\/www.sonnenseite.com\/de\/#\/schema\/logo\/image\/\"},\"sameAs\":[\"https:\/\/www.facebook.com\/pages\/Franz-Alt-SONNENSEITECOM\/221072987903953?fref=ts\",\"https:\/\/x.com\/franzalt\",\"http:\/\/www.youtube.com\/results?search_query&amp;amp;quot;franz_alt&amp;amp;quot;&amp;amp;amp;amp;search_type&amp;amp;amp;amp;aq=f\"]},{\"@type\":\"Person\",\"@id\":\"https:\/\/www.sonnenseite.com\/de\/#\/schema\/person\/50fda0e926597684c7cc6695238a4eb9\",\"name\":\"Bigi Alt\"}]}<\/script>\n<!-- \/ Yoast SEO plugin. -->","yoast_head_json":{"title":"Tropische Wirbelst\u00fcrme erh\u00f6hen die gesellschaftlichen Kosten von CO2- Emissionen um ein F\u00fcnftel - Sonnenseite - \u00d6kologische Kommunikation mit Franz Alt","description":"Extremwetterereignisse wie tropische Wirbelst\u00fcrme verursachen nicht nur direkte Sch\u00e4den, sondern haben auch langfristige Auswirkungen f\u00fcr die betroffenen","robots":{"index":"index","follow":"follow","max-snippet":"max-snippet:-1","max-image-preview":"max-image-preview:large","max-video-preview":"max-video-preview:-1"},"canonical":"https:\/\/www.sonnenseite.com\/de\/umwelt\/tropische-wirbelstuerme-erhoehen-die-gesellschaftlichen-kosten-von-co2-emissionen-um-ein-fuenftel\/","og_locale":"de_DE","og_type":"article","og_title":"Tropische Wirbelst\u00fcrme erh\u00f6hen die gesellschaftlichen Kosten von CO2- Emissionen um ein F\u00fcnftel - Sonnenseite - \u00d6kologische Kommunikation mit Franz Alt","og_description":"Extremwetterereignisse wie tropische Wirbelst\u00fcrme verursachen nicht nur direkte Sch\u00e4den, sondern haben auch langfristige Auswirkungen f\u00fcr die betroffenen","og_url":"https:\/\/www.sonnenseite.com\/de\/umwelt\/tropische-wirbelstuerme-erhoehen-die-gesellschaftlichen-kosten-von-co2-emissionen-um-ein-fuenftel\/","og_site_name":"Sonnenseite","article_publisher":"https:\/\/www.facebook.com\/pages\/Franz-Alt-SONNENSEITECOM\/221072987903953?fref=ts","article_published_time":"2023-11-28T01:05:00+00:00","article_modified_time":"2023-11-28T08:06:41+00:00","og_image":[{"width":770,"height":420,"url":"https:\/\/www.sonnenseite.com\/wp-content\/uploads\/2023\/11\/Cyclon_Wikilmages.jpg","type":"image\/jpeg"}],"author":"Bigi Alt","twitter_card":"summary_large_image","twitter_creator":"@franzalt","twitter_site":"@franzalt","twitter_misc":{"Verfasst von":"Bigi Alt","Gesch\u00e4tzte Lesezeit":"3\u00a0Minuten"},"schema":{"@context":"https:\/\/schema.org","@graph":[{"@type":"Article","@id":"https:\/\/www.sonnenseite.com\/de\/umwelt\/tropische-wirbelstuerme-erhoehen-die-gesellschaftlichen-kosten-von-co2-emissionen-um-ein-fuenftel\/#article","isPartOf":{"@id":"https:\/\/www.sonnenseite.com\/de\/umwelt\/tropische-wirbelstuerme-erhoehen-die-gesellschaftlichen-kosten-von-co2-emissionen-um-ein-fuenftel\/"},"author":{"name":"Bigi Alt","@id":"https:\/\/www.sonnenseite.com\/de\/#\/schema\/person\/50fda0e926597684c7cc6695238a4eb9"},"headline":"Tropische Wirbelst\u00fcrme erh\u00f6hen die gesellschaftlichen Kosten von CO2- Emissionen um ein F\u00fcnftel","datePublished":"2023-11-28T01:05:00+00:00","dateModified":"2023-11-28T08:06:41+00:00","mainEntityOfPage":{"@id":"https:\/\/www.sonnenseite.com\/de\/umwelt\/tropische-wirbelstuerme-erhoehen-die-gesellschaftlichen-kosten-von-co2-emissionen-um-ein-fuenftel\/"},"wordCount":542,"publisher":{"@id":"https:\/\/www.sonnenseite.com\/de\/#organization"},"image":{"@id":"https:\/\/www.sonnenseite.com\/de\/umwelt\/tropische-wirbelstuerme-erhoehen-die-gesellschaftlichen-kosten-von-co2-emissionen-um-ein-fuenftel\/#primaryimage"},"thumbnailUrl":"https:\/\/www.sonnenseite.com\/wp-content\/uploads\/2023\/11\/Cyclon_Wikilmages.jpg","articleSection":["Umwelt"],"inLanguage":"de"},{"@type":"WebPage","@id":"https:\/\/www.sonnenseite.com\/de\/umwelt\/tropische-wirbelstuerme-erhoehen-die-gesellschaftlichen-kosten-von-co2-emissionen-um-ein-fuenftel\/","url":"https:\/\/www.sonnenseite.com\/de\/umwelt\/tropische-wirbelstuerme-erhoehen-die-gesellschaftlichen-kosten-von-co2-emissionen-um-ein-fuenftel\/","name":"Tropische Wirbelst\u00fcrme erh\u00f6hen die gesellschaftlichen Kosten von CO2- Emissionen um ein F\u00fcnftel - Sonnenseite - \u00d6kologische Kommunikation mit Franz Alt","isPartOf":{"@id":"https:\/\/www.sonnenseite.com\/de\/#website"},"primaryImageOfPage":{"@id":"https:\/\/www.sonnenseite.com\/de\/umwelt\/tropische-wirbelstuerme-erhoehen-die-gesellschaftlichen-kosten-von-co2-emissionen-um-ein-fuenftel\/#primaryimage"},"image":{"@id":"https:\/\/www.sonnenseite.com\/de\/umwelt\/tropische-wirbelstuerme-erhoehen-die-gesellschaftlichen-kosten-von-co2-emissionen-um-ein-fuenftel\/#primaryimage"},"thumbnailUrl":"https:\/\/www.sonnenseite.com\/wp-content\/uploads\/2023\/11\/Cyclon_Wikilmages.jpg","datePublished":"2023-11-28T01:05:00+00:00","dateModified":"2023-11-28T08:06:41+00:00","description":"Extremwetterereignisse wie tropische Wirbelst\u00fcrme verursachen nicht nur direkte Sch\u00e4den, sondern haben auch langfristige Auswirkungen f\u00fcr die betroffenen","breadcrumb":{"@id":"https:\/\/www.sonnenseite.com\/de\/umwelt\/tropische-wirbelstuerme-erhoehen-die-gesellschaftlichen-kosten-von-co2-emissionen-um-ein-fuenftel\/#breadcrumb"},"inLanguage":"de","potentialAction":[{"@type":"ReadAction","target":["https:\/\/www.sonnenseite.com\/de\/umwelt\/tropische-wirbelstuerme-erhoehen-die-gesellschaftlichen-kosten-von-co2-emissionen-um-ein-fuenftel\/"]}]},{"@type":"ImageObject","inLanguage":"de","@id":"https:\/\/www.sonnenseite.com\/de\/umwelt\/tropische-wirbelstuerme-erhoehen-die-gesellschaftlichen-kosten-von-co2-emissionen-um-ein-fuenftel\/#primaryimage","url":"https:\/\/www.sonnenseite.com\/wp-content\/uploads\/2023\/11\/Cyclon_Wikilmages.jpg","contentUrl":"https:\/\/www.sonnenseite.com\/wp-content\/uploads\/2023\/11\/Cyclon_Wikilmages.jpg","width":770,"height":420,"caption":"pixabay.com | Wikilmages | Cyclon"},{"@type":"BreadcrumbList","@id":"https:\/\/www.sonnenseite.com\/de\/umwelt\/tropische-wirbelstuerme-erhoehen-die-gesellschaftlichen-kosten-von-co2-emissionen-um-ein-fuenftel\/#breadcrumb","itemListElement":[{"@type":"ListItem","position":1,"name":"Startseite","item":"https:\/\/www.sonnenseite.com\/de\/"},{"@type":"ListItem","position":2,"name":"Tropische Wirbelst\u00fcrme erh\u00f6hen die gesellschaftlichen Kosten von CO2- Emissionen um ein F\u00fcnftel"}]},{"@type":"WebSite","@id":"https:\/\/www.sonnenseite.com\/de\/#website","url":"https:\/\/www.sonnenseite.com\/de\/","name":"Sonnenseite","description":"\u00d6kologische Kommunikation mit Franz Alt","publisher":{"@id":"https:\/\/www.sonnenseite.com\/de\/#organization"},"potentialAction":[{"@type":"SearchAction","target":{"@type":"EntryPoint","urlTemplate":"https:\/\/www.sonnenseite.com\/de\/?s={search_term_string}"},"query-input":{"@type":"PropertyValueSpecification","valueRequired":true,"valueName":"search_term_string"}}],"inLanguage":"de"},{"@type":"Organization","@id":"https:\/\/www.sonnenseite.com\/de\/#organization","name":"Sonnenseite","url":"https:\/\/www.sonnenseite.com\/de\/","logo":{"@type":"ImageObject","inLanguage":"de","@id":"https:\/\/www.sonnenseite.com\/de\/#\/schema\/logo\/image\/","url":"https:\/\/www.sonnenseite.com\/wp-content\/uploads\/2020\/05\/Sonnenseite_Logo.png","contentUrl":"https:\/\/www.sonnenseite.com\/wp-content\/uploads\/2020\/05\/Sonnenseite_Logo.png","width":377,"height":90,"caption":"Sonnenseite"},"image":{"@id":"https:\/\/www.sonnenseite.com\/de\/#\/schema\/logo\/image\/"},"sameAs":["https:\/\/www.facebook.com\/pages\/Franz-Alt-SONNENSEITECOM\/221072987903953?fref=ts","https:\/\/x.com\/franzalt","http:\/\/www.youtube.com\/results?search_query&amp;amp;quot;franz_alt&amp;amp;quot;&amp;amp;amp;amp;search_type&amp;amp;amp;amp;aq=f"]},{"@type":"Person","@id":"https:\/\/www.sonnenseite.com\/de\/#\/schema\/person\/50fda0e926597684c7cc6695238a4eb9","name":"Bigi Alt"}]}},"_links":{"self":[{"href":"https:\/\/www.sonnenseite.com\/de\/wp-json\/wp\/v2\/posts\/95657","targetHints":{"allow":["GET"]}}],"collection":[{"href":"https:\/\/www.sonnenseite.com\/de\/wp-json\/wp\/v2\/posts"}],"about":[{"href":"https:\/\/www.sonnenseite.com\/de\/wp-json\/wp\/v2\/types\/post"}],"author":[{"embeddable":true,"href":"https:\/\/www.sonnenseite.com\/de\/wp-json\/wp\/v2\/users\/3"}],"replies":[{"embeddable":true,"href":"https:\/\/www.sonnenseite.com\/de\/wp-json\/wp\/v2\/comments?post=95657"}],"version-history":[{"count":1,"href":"https:\/\/www.sonnenseite.com\/de\/wp-json\/wp\/v2\/posts\/95657\/revisions"}],"predecessor-version":[{"id":95660,"href":"https:\/\/www.sonnenseite.com\/de\/wp-json\/wp\/v2\/posts\/95657\/revisions\/95660"}],"wp:featuredmedia":[{"embeddable":true,"href":"https:\/\/www.sonnenseite.com\/de\/wp-json\/wp\/v2\/media\/95658"}],"wp:attachment":[{"href":"https:\/\/www.sonnenseite.com\/de\/wp-json\/wp\/v2\/media?parent=95657"}],"wp:term":[{"taxonomy":"category","embeddable":true,"href":"https:\/\/www.sonnenseite.com\/de\/wp-json\/wp\/v2\/categories?post=95657"},{"taxonomy":"post_tag","embeddable":true,"href":"https:\/\/www.sonnenseite.com\/de\/wp-json\/wp\/v2\/tags?post=95657"}],"curies":[{"name":"wp","href":"https:\/\/api.w.org\/{rel}","templated":true}]}}