{"id":95961,"date":"2023-12-07T09:59:33","date_gmt":"2023-12-07T08:59:33","guid":{"rendered":"https:\/\/www.sonnenseite.com\/?p=95961"},"modified":"2023-12-07T09:59:34","modified_gmt":"2023-12-07T08:59:34","slug":"elektroautos-werden-stromspeicher-fuer-gebaeude","status":"publish","type":"post","link":"https:\/\/www.sonnenseite.com\/de\/energie\/elektroautos-werden-stromspeicher-fuer-gebaeude\/","title":{"rendered":"Elektroautos werden Stromspeicher f\u00fcr Geb\u00e4ude"},"content":{"rendered":"\n<p>Bidirektional laden mit dem E3\/DC-Hauskraftwerk und ID. Modellen von Volkswagen.<\/p>\n\n\n\n<p>Mit EDISON V2H bietet der Stromspeicher-Spezialist E3\/DC ab sofort eine bidirektionale Ladeoption f\u00fcr das Hauskraftwerk. Die DC-Ladestation wird zun\u00e4chst in einer kleinen Serie \u00fcber geschulte E3\/DC-Fachpartner vertrieben. Den Marktstart begleitet Volkswagen mit der Freigabe bestimmter ID. Modelle f\u00fcr bidirektionales DC-Laden. Die Technologie ist in einem Pilotprojekt in Schweden bereits im Einsatz, erste Installationen in Deutschland erwarten die Partnerunternehmen Anfang 2024.<br><br>Die von E3\/DC entwickelte und bereits im Feldtest erprobte bidirektionale Ladel\u00f6sung EDISON V2H erweitert das intelligente Solarstrom-Speichersystem von E3\/DC funktional und kann auch nur gemeinsam mit dem Hauskraftwerk betrieben werden. Die L\u00f6sung besteht aus der bidirektionalen DC-Ladestation EDISON connect und dem DC\/DC-Wandler EDISON power. In Kombination mit einem neuen Hauskraftwerk S10 E COMPACT ist die Option EDISON V2H ab sofort bestellbar, in Zukunft wird E3\/DC weitere Hauskraftwerke daf\u00fcr freigeben. F\u00fcr die Installation ist zun\u00e4chst nur eine kleine Zahl von E3\/DC-Fachpartnern zertifiziert. In der Anlaufphase dieser neuen Technologie ist mit l\u00e4ngeren Lieferzeiten und mit begrenzter Verf\u00fcgbarkeit zu rechnen.<br><br><strong>Schl\u00fcssel zur perfekten solaren Eigenversorgung<\/strong><br><br>\u201eWir sehen das gleichstrombasierte bidirektionale Laden als entscheidende Erweiterung des Hauskraftwerk-Konzepts und als den Schl\u00fcssel zu einer rund um den Tag und rund ums Jahr funktionierenden dezentralen Energiewende\u201c, betont Dr. Andreas Piepenbrink, CEO der HagerEnergy GmbH und Gr\u00fcnder der Marke E3\/DC, zur Markteinf\u00fchrung von EDISON V2H. Erstmals haben Elektrofahrzeuge auch und gerade im Stillstand eine wichtige Funktion: Sie werden in Wohn- und Gewerbebauten zum zweiten Speicher f\u00fcr erneuerbare Energien und helfen, die Stromerzeugung vor Ort flexibel an den Bedarf anzupassen. E3\/DC setzt dabei vollst\u00e4ndig auf verlustarme Gleichstromtechnik: Mit EDISON V2H wird das Fahrzeug flexibel \u00fcber den CCS-Stecker mit Solarstrom geladen und gibt die Energie bei Bedarf ebenfalls ohne Wandlung an das E3\/DC-Hauskraftwerk zur\u00fcck. Dessen integrierter Wechselrichter nutzt die Fahrzeugbatterie somit als zweite DC-Stromquelle neben der PV-Anlage.<br><br>Die 2010 gegr\u00fcndete Marke E3\/DC sorgt seit \u00fcber zehn Jahren mit den Hauskraftwerken und mit softwaregesteuerten Ladestationen f\u00fcr maximale Energieautarkie und effiziente Sektorenkopplung im Geb\u00e4ude. Das Elektroauto spielte bereits bei der Entwicklung des Hauskraftwerks eine wichtige Rolle, denn es ist geradezu ideal geeignet f\u00fcr die Eigennutzung von Strom aus Photovoltaikanlagen. Mit dem bidirektionalen Laden aber wird die Batterie des E-Fahrzeugs nun zum Energielieferanten des Geb\u00e4udes und auch zu einem wichtigen Faktor f\u00fcr die Netzstabilit\u00e4t. Die gro\u00dfe Kapazit\u00e4t der Traktionsbatterie erg\u00e4nzt den station\u00e4ren Speicher flexibel bei l\u00e4ngeren Schlechtwetterphasen und erh\u00f6ht die Sicherheit bei Netzausf\u00e4llen entscheidend.<br><br><strong>ID. Familie von Volkswagen startet in die bidirektionale Zukunft<\/strong><\/p>\n\n\n<div class=\"wp-block-image\">\n<figure class=\"alignleft size-full is-resized\"><img loading=\"lazy\" decoding=\"async\" width=\"770\" height=\"420\" src=\"https:\/\/www.sonnenseite.com\/wp-content\/uploads\/2023\/12\/E3DC_BIDI_VW_2_Laden.jpg\" alt=\"\" class=\"wp-image-95965\" style=\"width:378px;height:auto\" srcset=\"https:\/\/www.sonnenseite.com\/wp-content\/uploads\/2023\/12\/E3DC_BIDI_VW_2_Laden.jpg 770w, https:\/\/www.sonnenseite.com\/wp-content\/uploads\/2023\/12\/E3DC_BIDI_VW_2_Laden-300x164.jpg 300w, https:\/\/www.sonnenseite.com\/wp-content\/uploads\/2023\/12\/E3DC_BIDI_VW_2_Laden-768x419.jpg 768w\" sizes=\"auto, (max-width: 770px) 100vw, 770px\" \/><figcaption class=\"wp-element-caption\">\u00a9 Volkswagen \/ E3\/DC |  E3\/DC und VW bringen erstmals eine bidirektionale Ladel\u00f6sung auf Basis des DC-Ladestandards CCS auf den Markt.<\/figcaption><\/figure>\n<\/div>\n\n\n<p>Bei zahlreichen aktuellen Modellen der ID. Familie von Volkswagen ist nun \u00fcber das Hauskraftwerk und die Option EDISON V2H von E3\/DC auch das Entladen der Fahrzeugbatterie m\u00f6glich, um dort gespeicherten Solarstrom gezielt in die Geb\u00e4udeversorgung einzubringen. ID. Modelle mit einer 77-kWh-Hochvoltbatterie und ab der ID. Software 3.5 k\u00f6nnen so in Interaktion mit dem Hauskraftwerk als erg\u00e4nzender Stromspeicher f\u00fcr das Geb\u00e4ude eingesetzt werden und die Eigennutzung von Solarstrom deutlich optimieren. Der Hersteller hat angek\u00fcndigt, die bidirektionale Ladefunktion auch f\u00fcr bereits ausgelieferte Fahrzeuge freischalten zu k\u00f6nnen, sobald diese ebenfalls die ID. Software 3.5 per Update erhalten haben. Durch die hohe Speicherkapazit\u00e4t des Fahrzeugs k\u00f6nnen Geb\u00e4ude auch \u00fcber bew\u00f6lkte Tage hinweg oder nach Sonnenuntergang mit Solarstrom versorgt werden.<br><br>Mit der Funktion des prognosebasierten Ladens wird E3\/DC k\u00fcnftig auch eine aktive Nutzung dynamischer Stromtarife erm\u00f6glichen. Auf diese Weise kann in der dunkleren Jahreszeit mit wenig Solarertrag nicht nur der station\u00e4re Speicher, sondern auch die gr\u00f6\u00dfere Fahrzeugbatterie in Zeiten eines hohen Windstromangebots geladen werden, um die Energie in Phasen hoher Strompreise im Geb\u00e4ude zu nutzen. Diese Ladestrategie dient sowohl der Kostensenkung als auch der Stabilisierung der Stromnetze.<br><br><strong>Pionierarbeit und gemeinsames Pilotprojekt in Schweden<\/strong><br><br>Mit der Kooperation von E3\/DC und Volkswagen wird erstmals eine bidirektionale Ladel\u00f6sung auf Basis des DC-Ladestandards CCS (Combined Charging System) verf\u00fcgbar, bei der die Kommunikation zwischen Elektrofahrzeug und Ladestation auf Grundlage der ISO-Norm 15118 erfolgt. Die Option EDISON V2H erweitert die Speicherung, das Hauskraftwerk steuert jedoch weiterhin die Versorgung des Geb\u00e4udes. Die ID. Fahrzeuge werden im gemeinsamen Betrieb nur aktiv, wenn \u00fcber die Kapazit\u00e4t der station\u00e4ren Batterie hinaus Energie ben\u00f6tigt wird. F\u00fcr die Hochvoltbatterie im Fahrzeug gilt eine untere Entladegrenze von 20 Prozent, um eine st\u00e4ndige Mobilit\u00e4tsbereitschaft zu gew\u00e4hrleisten. Die Funktionen Entladen und bidirektionales Laden sind fahrzeugseitig auf maximal 10.000 Kilowattstunden und auf 4.000 Betriebsstunden begrenzt.<br><br>HagerEnergy und Volkswagen arbeiten im schwedischen Hudiksvall auch bei einem Pilotprojekt zusammen: Dort wird die Siedlung Stenberg mit Fahrzeugen und der entsprechenden Ladeinfrastruktur versorgt. Kern der Siedlung ist ein 350 Jahre alter Hof, bei dessen Umbau der Unternehmer Klas Boman auf erneuerbare Energien und Elektromobilit\u00e4t setzte. Die Nutzung elektrischer Fahrzeuge als Energiespeicher war dabei von Anfang an angedacht. Die Bewohner der Siedlung profitieren also bereits von der neuen Technologie.<\/p>\n\n\n<h5 class=\"green\">Quelle<\/h5>\r\n\n\n\n<p><a href=\"http:\/\/www.e3dc.com\">E3\/DC 2023<\/a><\/p>\n<div class=\"shariff shariff-align-flex-start shariff-widget-align-flex-start\"><div class=\"ShariffHeadline\">Diese Meldung teilen<\/div><ul class=\"shariff-buttons theme-round orientation-horizontal buttonsize-medium\"><li class=\"shariff-button facebook shariff-nocustomcolor\" style=\"background-color:#4273c8;border-radius:1%\"><a href=\"https:\/\/www.facebook.com\/sharer\/sharer.php?u=https%3A%2F%2Fwww.sonnenseite.com%2Fde%2Fenergie%2Felektroautos-werden-stromspeicher-fuer-gebaeude%2F\" title=\"Bei Facebook teilen\" aria-label=\"Bei Facebook teilen\" role=\"button\" rel=\"nofollow\" class=\"shariff-link\" style=\";border-radius:1%; background-color:#3b5998; color:#fff\" target=\"_blank\"><span class=\"shariff-icon\" style=\"\"><svg width=\"32px\" height=\"20px\" xmlns=\"http:\/\/www.w3.org\/2000\/svg\" viewBox=\"0 0 18 32\"><path fill=\"#3b5998\" d=\"M17.1 0.2v4.7h-2.8q-1.5 0-2.1 0.6t-0.5 1.9v3.4h5.2l-0.7 5.3h-4.5v13.6h-5.5v-13.6h-4.5v-5.3h4.5v-3.9q0-3.3 1.9-5.2t5-1.8q2.6 0 4.1 0.2z\"\/><\/svg><\/span><\/a><\/li><li class=\"shariff-button twitter shariff-nocustomcolor\" style=\"background-color:#595959;border-radius:1%\"><a href=\"https:\/\/twitter.com\/share?url=https%3A%2F%2Fwww.sonnenseite.com%2Fde%2Fenergie%2Felektroautos-werden-stromspeicher-fuer-gebaeude%2F&text=Elektroautos%20werden%20Stromspeicher%20f%C3%BCr%20Geb%C3%A4ude\" title=\"Bei X teilen\" aria-label=\"Bei X teilen\" role=\"button\" rel=\"noopener nofollow\" class=\"shariff-link\" style=\";border-radius:1%; background-color:#000; color:#fff\" target=\"_blank\"><span class=\"shariff-icon\" style=\"\"><svg width=\"32px\" height=\"20px\" xmlns=\"http:\/\/www.w3.org\/2000\/svg\" viewBox=\"0 0 24 24\"><path fill=\"#000\" d=\"M14.258 10.152L23.176 0h-2.113l-7.747 8.813L7.133 0H0l9.352 13.328L0 23.973h2.113l8.176-9.309 6.531 9.309h7.133zm-2.895 3.293l-.949-1.328L2.875 1.56h3.246l6.086 8.523.945 1.328 7.91 11.078h-3.246zm0 0\"\/><\/svg><\/span><\/a><\/li><li class=\"shariff-button xing shariff-nocustomcolor\" style=\"background-color:#29888a;border-radius:1%\"><a href=\"https:\/\/www.xing.com\/spi\/shares\/new?url=https%3A%2F%2Fwww.sonnenseite.com%2Fde%2Fenergie%2Felektroautos-werden-stromspeicher-fuer-gebaeude%2F\" title=\"Bei XING teilen\" aria-label=\"Bei XING teilen\" role=\"button\" rel=\"noopener nofollow\" class=\"shariff-link\" style=\";border-radius:1%; background-color:#126567; color:#fff\" target=\"_blank\"><span class=\"shariff-icon\" style=\"\"><svg width=\"32px\" height=\"20px\" xmlns=\"http:\/\/www.w3.org\/2000\/svg\" viewBox=\"0 0 25 32\"><path fill=\"#126567\" d=\"M10.7 11.9q-0.2 0.3-4.6 8.2-0.5 0.8-1.2 0.8h-4.3q-0.4 0-0.5-0.3t0-0.6l4.5-8q0 0 0 0l-2.9-5q-0.2-0.4 0-0.7 0.2-0.3 0.5-0.3h4.3q0.7 0 1.2 0.8zM25.1 0.4q0.2 0.3 0 0.7l-9.4 16.7 6 11q0.2 0.4 0 0.6-0.2 0.3-0.6 0.3h-4.3q-0.7 0-1.2-0.8l-6-11.1q0.3-0.6 9.5-16.8 0.4-0.8 1.2-0.8h4.3q0.4 0 0.5 0.3z\"\/><\/svg><\/span><\/a><\/li><li class=\"shariff-button linkedin shariff-nocustomcolor\" style=\"background-color:#1488bf;border-radius:1%\"><a href=\"https:\/\/www.linkedin.com\/sharing\/share-offsite\/?url=https%3A%2F%2Fwww.sonnenseite.com%2Fde%2Fenergie%2Felektroautos-werden-stromspeicher-fuer-gebaeude%2F\" title=\"Bei LinkedIn teilen\" aria-label=\"Bei LinkedIn teilen\" role=\"button\" rel=\"noopener nofollow\" class=\"shariff-link\" style=\";border-radius:1%; background-color:#0077b5; color:#fff\" target=\"_blank\"><span class=\"shariff-icon\" style=\"\"><svg width=\"32px\" height=\"20px\" xmlns=\"http:\/\/www.w3.org\/2000\/svg\" viewBox=\"0 0 27 32\"><path fill=\"#0077b5\" d=\"M6.2 11.2v17.7h-5.9v-17.7h5.9zM6.6 5.7q0 1.3-0.9 2.2t-2.4 0.9h0q-1.5 0-2.4-0.9t-0.9-2.2 0.9-2.2 2.4-0.9 2.4 0.9 0.9 2.2zM27.4 18.7v10.1h-5.9v-9.5q0-1.9-0.7-2.9t-2.3-1.1q-1.1 0-1.9 0.6t-1.2 1.5q-0.2 0.5-0.2 1.4v9.9h-5.9q0-7.1 0-11.6t0-5.3l0-0.9h5.9v2.6h0q0.4-0.6 0.7-1t1-0.9 1.6-0.8 2-0.3q3 0 4.9 2t1.9 6z\"\/><\/svg><\/span><\/a><\/li><li class=\"shariff-button printer shariff-nocustomcolor\" style=\"background-color:#a8a8a8;border-radius:1%\"><a href=\"javascript:window.print()\" title=\"drucken\" aria-label=\"drucken\" role=\"button\" rel=\"noopener nofollow\" class=\"shariff-link\" style=\";border-radius:1%; background-color:#999; color:#fff\"><span class=\"shariff-icon\" style=\"\"><svg width=\"32px\" height=\"20px\" xmlns=\"http:\/\/www.w3.org\/2000\/svg\" viewBox=\"0 0 30 32\"><path fill=\"#999\" d=\"M6.8 27.4h16v-4.6h-16v4.6zM6.8 16h16v-6.8h-2.8q-0.7 0-1.2-0.5t-0.5-1.2v-2.8h-11.4v11.4zM27.4 17.2q0-0.5-0.3-0.8t-0.8-0.4-0.8 0.4-0.3 0.8 0.3 0.8 0.8 0.3 0.8-0.3 0.3-0.8zM29.7 17.2v7.4q0 0.2-0.2 0.4t-0.4 0.2h-4v2.8q0 0.7-0.5 1.2t-1.2 0.5h-17.2q-0.7 0-1.2-0.5t-0.5-1.2v-2.8h-4q-0.2 0-0.4-0.2t-0.2-0.4v-7.4q0-1.4 1-2.4t2.4-1h1.2v-9.7q0-0.7 0.5-1.2t1.2-0.5h12q0.7 0 1.6 0.4t1.3 0.8l2.7 2.7q0.5 0.5 0.9 1.4t0.4 1.6v4.6h1.1q1.4 0 2.4 1t1 2.4z\"\/><\/svg><\/span><\/a><\/li><li class=\"shariff-button mailto shariff-nocustomcolor\" style=\"background-color:#a8a8a8;border-radius:1%\"><a href=\"mailto:?body=https%3A%2F%2Fwww.sonnenseite.com%2Fde%2Fenergie%2Felektroautos-werden-stromspeicher-fuer-gebaeude%2F&subject=Elektroautos%20werden%20Stromspeicher%20f%C3%BCr%20Geb%C3%A4ude\" title=\"Per E-Mail versenden\" aria-label=\"Per E-Mail versenden\" role=\"button\" rel=\"noopener nofollow\" class=\"shariff-link\" style=\";border-radius:1%; background-color:#999; color:#fff\"><span class=\"shariff-icon\" style=\"\"><svg width=\"32px\" height=\"20px\" xmlns=\"http:\/\/www.w3.org\/2000\/svg\" viewBox=\"0 0 32 32\"><path fill=\"#999\" d=\"M32 12.7v14.2q0 1.2-0.8 2t-2 0.9h-26.3q-1.2 0-2-0.9t-0.8-2v-14.2q0.8 0.9 1.8 1.6 6.5 4.4 8.9 6.1 1 0.8 1.6 1.2t1.7 0.9 2 0.4h0.1q0.9 0 2-0.4t1.7-0.9 1.6-1.2q3-2.2 8.9-6.1 1-0.7 1.8-1.6zM32 7.4q0 1.4-0.9 2.7t-2.2 2.2q-6.7 4.7-8.4 5.8-0.2 0.1-0.7 0.5t-1 0.7-0.9 0.6-1.1 0.5-0.9 0.2h-0.1q-0.4 0-0.9-0.2t-1.1-0.5-0.9-0.6-1-0.7-0.7-0.5q-1.6-1.1-4.7-3.2t-3.6-2.6q-1.1-0.7-2.1-2t-1-2.5q0-1.4 0.7-2.3t2.1-0.9h26.3q1.2 0 2 0.8t0.9 2z\"\/><\/svg><\/span><\/a><\/li><\/ul><\/div>","protected":false},"excerpt":{"rendered":"<p>Bidirektional laden mit dem E3\/DC-Hauskraftwerk und ID. Modellen von Volkswagen. Mit EDISON V2H bietet der Stromspeicher-Spezialist [&hellip;]<\/p>\n","protected":false},"author":3,"featured_media":95963,"comment_status":"closed","ping_status":"closed","sticky":false,"template":"","format":"standard","meta":{"inline_featured_image":false,"footnotes":""},"categories":[22],"tags":[],"class_list":["post-95961","post","type-post","status-publish","format-standard","has-post-thumbnail","hentry","category-energie"],"yoast_head":"<!-- This site is optimized with the Yoast SEO plugin v26.5 - https:\/\/yoast.com\/wordpress\/plugins\/seo\/ -->\n<title>Elektroautos werden Stromspeicher f\u00fcr Geb\u00e4ude - Sonnenseite - \u00d6kologische Kommunikation mit Franz Alt<\/title>\n<meta name=\"description\" content=\"Bidirektional laden mit dem E3\/DC-Hauskraftwerk und ID. Modellen von Volkswagen. Mit EDISON V2H bietet der Stromspeicher-Spezialist E3\/DC ab sofort eine\" \/>\n<meta name=\"robots\" content=\"index, follow, max-snippet:-1, max-image-preview:large, max-video-preview:-1\" \/>\n<link rel=\"canonical\" href=\"https:\/\/www.sonnenseite.com\/de\/energie\/elektroautos-werden-stromspeicher-fuer-gebaeude\/\" \/>\n<meta property=\"og:locale\" content=\"de_DE\" \/>\n<meta property=\"og:type\" content=\"article\" \/>\n<meta property=\"og:title\" content=\"Elektroautos werden Stromspeicher f\u00fcr Geb\u00e4ude - Sonnenseite - \u00d6kologische Kommunikation mit Franz Alt\" \/>\n<meta property=\"og:description\" content=\"Bidirektional laden mit dem E3\/DC-Hauskraftwerk und ID. Modellen von Volkswagen. Mit EDISON V2H bietet der Stromspeicher-Spezialist E3\/DC ab sofort eine\" \/>\n<meta property=\"og:url\" content=\"https:\/\/www.sonnenseite.com\/de\/energie\/elektroautos-werden-stromspeicher-fuer-gebaeude\/\" \/>\n<meta property=\"og:site_name\" content=\"Sonnenseite\" \/>\n<meta property=\"article:publisher\" content=\"https:\/\/www.facebook.com\/pages\/Franz-Alt-SONNENSEITECOM\/221072987903953?fref=ts\" \/>\n<meta property=\"article:published_time\" content=\"2023-12-07T08:59:33+00:00\" \/>\n<meta property=\"article:modified_time\" content=\"2023-12-07T08:59:34+00:00\" \/>\n<meta property=\"og:image\" content=\"https:\/\/www.sonnenseite.com\/wp-content\/uploads\/2023\/12\/E3DC_BIDI_VW_1_ID.jpg\" \/>\n\t<meta property=\"og:image:width\" content=\"770\" \/>\n\t<meta property=\"og:image:height\" content=\"420\" \/>\n\t<meta property=\"og:image:type\" content=\"image\/jpeg\" \/>\n<meta name=\"author\" content=\"Bigi Alt\" \/>\n<meta name=\"twitter:card\" content=\"summary_large_image\" \/>\n<meta name=\"twitter:creator\" content=\"@franzalt\" \/>\n<meta name=\"twitter:site\" content=\"@franzalt\" \/>\n<meta name=\"twitter:label1\" content=\"Verfasst von\" \/>\n\t<meta name=\"twitter:data1\" content=\"Bigi Alt\" \/>\n\t<meta name=\"twitter:label2\" content=\"Gesch\u00e4tzte Lesezeit\" \/>\n\t<meta name=\"twitter:data2\" content=\"5\u00a0Minuten\" \/>\n<script type=\"application\/ld+json\" class=\"yoast-schema-graph\">{\"@context\":\"https:\/\/schema.org\",\"@graph\":[{\"@type\":\"Article\",\"@id\":\"https:\/\/www.sonnenseite.com\/de\/energie\/elektroautos-werden-stromspeicher-fuer-gebaeude\/#article\",\"isPartOf\":{\"@id\":\"https:\/\/www.sonnenseite.com\/de\/energie\/elektroautos-werden-stromspeicher-fuer-gebaeude\/\"},\"author\":{\"name\":\"Bigi Alt\",\"@id\":\"https:\/\/www.sonnenseite.com\/de\/#\/schema\/person\/50fda0e926597684c7cc6695238a4eb9\"},\"headline\":\"Elektroautos werden Stromspeicher f\u00fcr Geb\u00e4ude\",\"datePublished\":\"2023-12-07T08:59:33+00:00\",\"dateModified\":\"2023-12-07T08:59:34+00:00\",\"mainEntityOfPage\":{\"@id\":\"https:\/\/www.sonnenseite.com\/de\/energie\/elektroautos-werden-stromspeicher-fuer-gebaeude\/\"},\"wordCount\":867,\"publisher\":{\"@id\":\"https:\/\/www.sonnenseite.com\/de\/#organization\"},\"image\":{\"@id\":\"https:\/\/www.sonnenseite.com\/de\/energie\/elektroautos-werden-stromspeicher-fuer-gebaeude\/#primaryimage\"},\"thumbnailUrl\":\"https:\/\/www.sonnenseite.com\/wp-content\/uploads\/2023\/12\/E3DC_BIDI_VW_1_ID.jpg\",\"articleSection\":[\"Energie\"],\"inLanguage\":\"de\"},{\"@type\":\"WebPage\",\"@id\":\"https:\/\/www.sonnenseite.com\/de\/energie\/elektroautos-werden-stromspeicher-fuer-gebaeude\/\",\"url\":\"https:\/\/www.sonnenseite.com\/de\/energie\/elektroautos-werden-stromspeicher-fuer-gebaeude\/\",\"name\":\"Elektroautos werden Stromspeicher f\u00fcr Geb\u00e4ude - Sonnenseite - \u00d6kologische Kommunikation mit Franz Alt\",\"isPartOf\":{\"@id\":\"https:\/\/www.sonnenseite.com\/de\/#website\"},\"primaryImageOfPage\":{\"@id\":\"https:\/\/www.sonnenseite.com\/de\/energie\/elektroautos-werden-stromspeicher-fuer-gebaeude\/#primaryimage\"},\"image\":{\"@id\":\"https:\/\/www.sonnenseite.com\/de\/energie\/elektroautos-werden-stromspeicher-fuer-gebaeude\/#primaryimage\"},\"thumbnailUrl\":\"https:\/\/www.sonnenseite.com\/wp-content\/uploads\/2023\/12\/E3DC_BIDI_VW_1_ID.jpg\",\"datePublished\":\"2023-12-07T08:59:33+00:00\",\"dateModified\":\"2023-12-07T08:59:34+00:00\",\"description\":\"Bidirektional laden mit dem E3\/DC-Hauskraftwerk und ID. Modellen von Volkswagen. Mit EDISON V2H bietet der Stromspeicher-Spezialist E3\/DC ab sofort eine\",\"breadcrumb\":{\"@id\":\"https:\/\/www.sonnenseite.com\/de\/energie\/elektroautos-werden-stromspeicher-fuer-gebaeude\/#breadcrumb\"},\"inLanguage\":\"de\",\"potentialAction\":[{\"@type\":\"ReadAction\",\"target\":[\"https:\/\/www.sonnenseite.com\/de\/energie\/elektroautos-werden-stromspeicher-fuer-gebaeude\/\"]}]},{\"@type\":\"ImageObject\",\"inLanguage\":\"de\",\"@id\":\"https:\/\/www.sonnenseite.com\/de\/energie\/elektroautos-werden-stromspeicher-fuer-gebaeude\/#primaryimage\",\"url\":\"https:\/\/www.sonnenseite.com\/wp-content\/uploads\/2023\/12\/E3DC_BIDI_VW_1_ID.jpg\",\"contentUrl\":\"https:\/\/www.sonnenseite.com\/wp-content\/uploads\/2023\/12\/E3DC_BIDI_VW_1_ID.jpg\",\"width\":770,\"height\":420,\"caption\":\"Volkswagen \/ E3\/DC | Mit EDISON V2H wird das Fahrzeug flexibel \u00fcber den CCS-Stecker mit Solarstrom geladen und gibt bei Bedarf Energie an das E3\/DC-Hauskraftwerk zur\u00fcck.\"},{\"@type\":\"BreadcrumbList\",\"@id\":\"https:\/\/www.sonnenseite.com\/de\/energie\/elektroautos-werden-stromspeicher-fuer-gebaeude\/#breadcrumb\",\"itemListElement\":[{\"@type\":\"ListItem\",\"position\":1,\"name\":\"Startseite\",\"item\":\"https:\/\/www.sonnenseite.com\/de\/\"},{\"@type\":\"ListItem\",\"position\":2,\"name\":\"Elektroautos werden Stromspeicher f\u00fcr Geb\u00e4ude\"}]},{\"@type\":\"WebSite\",\"@id\":\"https:\/\/www.sonnenseite.com\/de\/#website\",\"url\":\"https:\/\/www.sonnenseite.com\/de\/\",\"name\":\"Sonnenseite\",\"description\":\"\u00d6kologische Kommunikation mit Franz Alt\",\"publisher\":{\"@id\":\"https:\/\/www.sonnenseite.com\/de\/#organization\"},\"potentialAction\":[{\"@type\":\"SearchAction\",\"target\":{\"@type\":\"EntryPoint\",\"urlTemplate\":\"https:\/\/www.sonnenseite.com\/de\/?s={search_term_string}\"},\"query-input\":{\"@type\":\"PropertyValueSpecification\",\"valueRequired\":true,\"valueName\":\"search_term_string\"}}],\"inLanguage\":\"de\"},{\"@type\":\"Organization\",\"@id\":\"https:\/\/www.sonnenseite.com\/de\/#organization\",\"name\":\"Sonnenseite\",\"url\":\"https:\/\/www.sonnenseite.com\/de\/\",\"logo\":{\"@type\":\"ImageObject\",\"inLanguage\":\"de\",\"@id\":\"https:\/\/www.sonnenseite.com\/de\/#\/schema\/logo\/image\/\",\"url\":\"https:\/\/www.sonnenseite.com\/wp-content\/uploads\/2020\/05\/Sonnenseite_Logo.png\",\"contentUrl\":\"https:\/\/www.sonnenseite.com\/wp-content\/uploads\/2020\/05\/Sonnenseite_Logo.png\",\"width\":377,\"height\":90,\"caption\":\"Sonnenseite\"},\"image\":{\"@id\":\"https:\/\/www.sonnenseite.com\/de\/#\/schema\/logo\/image\/\"},\"sameAs\":[\"https:\/\/www.facebook.com\/pages\/Franz-Alt-SONNENSEITECOM\/221072987903953?fref=ts\",\"https:\/\/x.com\/franzalt\",\"http:\/\/www.youtube.com\/results?search_query&amp;amp;quot;franz_alt&amp;amp;quot;&amp;amp;amp;amp;search_type&amp;amp;amp;amp;aq=f\"]},{\"@type\":\"Person\",\"@id\":\"https:\/\/www.sonnenseite.com\/de\/#\/schema\/person\/50fda0e926597684c7cc6695238a4eb9\",\"name\":\"Bigi Alt\"}]}<\/script>\n<!-- \/ Yoast SEO plugin. -->","yoast_head_json":{"title":"Elektroautos werden Stromspeicher f\u00fcr Geb\u00e4ude - Sonnenseite - \u00d6kologische Kommunikation mit Franz Alt","description":"Bidirektional laden mit dem E3\/DC-Hauskraftwerk und ID. Modellen von Volkswagen. Mit EDISON V2H bietet der Stromspeicher-Spezialist E3\/DC ab sofort eine","robots":{"index":"index","follow":"follow","max-snippet":"max-snippet:-1","max-image-preview":"max-image-preview:large","max-video-preview":"max-video-preview:-1"},"canonical":"https:\/\/www.sonnenseite.com\/de\/energie\/elektroautos-werden-stromspeicher-fuer-gebaeude\/","og_locale":"de_DE","og_type":"article","og_title":"Elektroautos werden Stromspeicher f\u00fcr Geb\u00e4ude - Sonnenseite - \u00d6kologische Kommunikation mit Franz Alt","og_description":"Bidirektional laden mit dem E3\/DC-Hauskraftwerk und ID. Modellen von Volkswagen. Mit EDISON V2H bietet der Stromspeicher-Spezialist E3\/DC ab sofort eine","og_url":"https:\/\/www.sonnenseite.com\/de\/energie\/elektroautos-werden-stromspeicher-fuer-gebaeude\/","og_site_name":"Sonnenseite","article_publisher":"https:\/\/www.facebook.com\/pages\/Franz-Alt-SONNENSEITECOM\/221072987903953?fref=ts","article_published_time":"2023-12-07T08:59:33+00:00","article_modified_time":"2023-12-07T08:59:34+00:00","og_image":[{"width":770,"height":420,"url":"https:\/\/www.sonnenseite.com\/wp-content\/uploads\/2023\/12\/E3DC_BIDI_VW_1_ID.jpg","type":"image\/jpeg"}],"author":"Bigi Alt","twitter_card":"summary_large_image","twitter_creator":"@franzalt","twitter_site":"@franzalt","twitter_misc":{"Verfasst von":"Bigi Alt","Gesch\u00e4tzte Lesezeit":"5\u00a0Minuten"},"schema":{"@context":"https:\/\/schema.org","@graph":[{"@type":"Article","@id":"https:\/\/www.sonnenseite.com\/de\/energie\/elektroautos-werden-stromspeicher-fuer-gebaeude\/#article","isPartOf":{"@id":"https:\/\/www.sonnenseite.com\/de\/energie\/elektroautos-werden-stromspeicher-fuer-gebaeude\/"},"author":{"name":"Bigi Alt","@id":"https:\/\/www.sonnenseite.com\/de\/#\/schema\/person\/50fda0e926597684c7cc6695238a4eb9"},"headline":"Elektroautos werden Stromspeicher f\u00fcr Geb\u00e4ude","datePublished":"2023-12-07T08:59:33+00:00","dateModified":"2023-12-07T08:59:34+00:00","mainEntityOfPage":{"@id":"https:\/\/www.sonnenseite.com\/de\/energie\/elektroautos-werden-stromspeicher-fuer-gebaeude\/"},"wordCount":867,"publisher":{"@id":"https:\/\/www.sonnenseite.com\/de\/#organization"},"image":{"@id":"https:\/\/www.sonnenseite.com\/de\/energie\/elektroautos-werden-stromspeicher-fuer-gebaeude\/#primaryimage"},"thumbnailUrl":"https:\/\/www.sonnenseite.com\/wp-content\/uploads\/2023\/12\/E3DC_BIDI_VW_1_ID.jpg","articleSection":["Energie"],"inLanguage":"de"},{"@type":"WebPage","@id":"https:\/\/www.sonnenseite.com\/de\/energie\/elektroautos-werden-stromspeicher-fuer-gebaeude\/","url":"https:\/\/www.sonnenseite.com\/de\/energie\/elektroautos-werden-stromspeicher-fuer-gebaeude\/","name":"Elektroautos werden Stromspeicher f\u00fcr Geb\u00e4ude - Sonnenseite - \u00d6kologische Kommunikation mit Franz Alt","isPartOf":{"@id":"https:\/\/www.sonnenseite.com\/de\/#website"},"primaryImageOfPage":{"@id":"https:\/\/www.sonnenseite.com\/de\/energie\/elektroautos-werden-stromspeicher-fuer-gebaeude\/#primaryimage"},"image":{"@id":"https:\/\/www.sonnenseite.com\/de\/energie\/elektroautos-werden-stromspeicher-fuer-gebaeude\/#primaryimage"},"thumbnailUrl":"https:\/\/www.sonnenseite.com\/wp-content\/uploads\/2023\/12\/E3DC_BIDI_VW_1_ID.jpg","datePublished":"2023-12-07T08:59:33+00:00","dateModified":"2023-12-07T08:59:34+00:00","description":"Bidirektional laden mit dem E3\/DC-Hauskraftwerk und ID. Modellen von Volkswagen. Mit EDISON V2H bietet der Stromspeicher-Spezialist E3\/DC ab sofort eine","breadcrumb":{"@id":"https:\/\/www.sonnenseite.com\/de\/energie\/elektroautos-werden-stromspeicher-fuer-gebaeude\/#breadcrumb"},"inLanguage":"de","potentialAction":[{"@type":"ReadAction","target":["https:\/\/www.sonnenseite.com\/de\/energie\/elektroautos-werden-stromspeicher-fuer-gebaeude\/"]}]},{"@type":"ImageObject","inLanguage":"de","@id":"https:\/\/www.sonnenseite.com\/de\/energie\/elektroautos-werden-stromspeicher-fuer-gebaeude\/#primaryimage","url":"https:\/\/www.sonnenseite.com\/wp-content\/uploads\/2023\/12\/E3DC_BIDI_VW_1_ID.jpg","contentUrl":"https:\/\/www.sonnenseite.com\/wp-content\/uploads\/2023\/12\/E3DC_BIDI_VW_1_ID.jpg","width":770,"height":420,"caption":"Volkswagen \/ E3\/DC | Mit EDISON V2H wird das Fahrzeug flexibel \u00fcber den CCS-Stecker mit Solarstrom geladen und gibt bei Bedarf Energie an das E3\/DC-Hauskraftwerk zur\u00fcck."},{"@type":"BreadcrumbList","@id":"https:\/\/www.sonnenseite.com\/de\/energie\/elektroautos-werden-stromspeicher-fuer-gebaeude\/#breadcrumb","itemListElement":[{"@type":"ListItem","position":1,"name":"Startseite","item":"https:\/\/www.sonnenseite.com\/de\/"},{"@type":"ListItem","position":2,"name":"Elektroautos werden Stromspeicher f\u00fcr Geb\u00e4ude"}]},{"@type":"WebSite","@id":"https:\/\/www.sonnenseite.com\/de\/#website","url":"https:\/\/www.sonnenseite.com\/de\/","name":"Sonnenseite","description":"\u00d6kologische Kommunikation mit Franz Alt","publisher":{"@id":"https:\/\/www.sonnenseite.com\/de\/#organization"},"potentialAction":[{"@type":"SearchAction","target":{"@type":"EntryPoint","urlTemplate":"https:\/\/www.sonnenseite.com\/de\/?s={search_term_string}"},"query-input":{"@type":"PropertyValueSpecification","valueRequired":true,"valueName":"search_term_string"}}],"inLanguage":"de"},{"@type":"Organization","@id":"https:\/\/www.sonnenseite.com\/de\/#organization","name":"Sonnenseite","url":"https:\/\/www.sonnenseite.com\/de\/","logo":{"@type":"ImageObject","inLanguage":"de","@id":"https:\/\/www.sonnenseite.com\/de\/#\/schema\/logo\/image\/","url":"https:\/\/www.sonnenseite.com\/wp-content\/uploads\/2020\/05\/Sonnenseite_Logo.png","contentUrl":"https:\/\/www.sonnenseite.com\/wp-content\/uploads\/2020\/05\/Sonnenseite_Logo.png","width":377,"height":90,"caption":"Sonnenseite"},"image":{"@id":"https:\/\/www.sonnenseite.com\/de\/#\/schema\/logo\/image\/"},"sameAs":["https:\/\/www.facebook.com\/pages\/Franz-Alt-SONNENSEITECOM\/221072987903953?fref=ts","https:\/\/x.com\/franzalt","http:\/\/www.youtube.com\/results?search_query&amp;amp;quot;franz_alt&amp;amp;quot;&amp;amp;amp;amp;search_type&amp;amp;amp;amp;aq=f"]},{"@type":"Person","@id":"https:\/\/www.sonnenseite.com\/de\/#\/schema\/person\/50fda0e926597684c7cc6695238a4eb9","name":"Bigi Alt"}]}},"_links":{"self":[{"href":"https:\/\/www.sonnenseite.com\/de\/wp-json\/wp\/v2\/posts\/95961","targetHints":{"allow":["GET"]}}],"collection":[{"href":"https:\/\/www.sonnenseite.com\/de\/wp-json\/wp\/v2\/posts"}],"about":[{"href":"https:\/\/www.sonnenseite.com\/de\/wp-json\/wp\/v2\/types\/post"}],"author":[{"embeddable":true,"href":"https:\/\/www.sonnenseite.com\/de\/wp-json\/wp\/v2\/users\/3"}],"replies":[{"embeddable":true,"href":"https:\/\/www.sonnenseite.com\/de\/wp-json\/wp\/v2\/comments?post=95961"}],"version-history":[{"count":2,"href":"https:\/\/www.sonnenseite.com\/de\/wp-json\/wp\/v2\/posts\/95961\/revisions"}],"predecessor-version":[{"id":95967,"href":"https:\/\/www.sonnenseite.com\/de\/wp-json\/wp\/v2\/posts\/95961\/revisions\/95967"}],"wp:featuredmedia":[{"embeddable":true,"href":"https:\/\/www.sonnenseite.com\/de\/wp-json\/wp\/v2\/media\/95963"}],"wp:attachment":[{"href":"https:\/\/www.sonnenseite.com\/de\/wp-json\/wp\/v2\/media?parent=95961"}],"wp:term":[{"taxonomy":"category","embeddable":true,"href":"https:\/\/www.sonnenseite.com\/de\/wp-json\/wp\/v2\/categories?post=95961"},{"taxonomy":"post_tag","embeddable":true,"href":"https:\/\/www.sonnenseite.com\/de\/wp-json\/wp\/v2\/tags?post=95961"}],"curies":[{"name":"wp","href":"https:\/\/api.w.org\/{rel}","templated":true}]}}