{"id":96006,"date":"2023-12-08T19:20:00","date_gmt":"2023-12-08T18:20:00","guid":{"rendered":"https:\/\/www.sonnenseite.com\/?p=96006"},"modified":"2023-12-08T20:10:38","modified_gmt":"2023-12-08T19:10:38","slug":"trotz-booms-bei-erneuerbaren-energien-welt-kommt-pariser-klimazielen-kaum-naeher","status":"publish","type":"post","link":"https:\/\/www.sonnenseite.com\/de\/politik\/trotz-booms-bei-erneuerbaren-energien-welt-kommt-pariser-klimazielen-kaum-naeher\/","title":{"rendered":"Trotz Booms bei Erneuerbaren Energien: Welt kommt Pariser Klimazielen kaum n\u00e4her"},"content":{"rendered":"\n<p>Klimaschutz-Index 2024 von Germanwatch und NewClimate Institute ver\u00f6ffentlicht: Ziele und Ausbau bei Erneuerbaren boomen, aber Klimapolitik in vielen Staaten verschlechtert \u2013 kein einziges Land kommt in dieser Kategorie noch auf \u201egut\u201c.<\/p>\n\n\n\n<p>D\u00e4nemark, Estland und Philippinen f\u00fchren das Ranking an \u2013 \u00d6lstaaten inklusive COP-Gastgeber \/ Vereinigte Arabische Emirate am Ende der Rangliste \/ Deutschland insgesamt leicht verbessert \u2013 Streit in der Ampel verhindert bessere Platzierung \/ Brasilien geh\u00f6rt zu den besten Aufsteigern \u2013 Italien und Gro\u00dfbritannien st\u00fcrzen ab.<\/p>\n\n\n\n<p>Ein zwiesp\u00e4ltiges Bild zeichnet der heute bei der Weltklimakonferenz in Dubai ver\u00f6ffentlichte Klimaschutz-Index 2024: Einerseits bietet der globale Boom der Erneuerbaren Energien, Batterien, W\u00e4rmepumpen und Elektromobilit\u00e4t Grund zur Hoffnung. Noch nie wurden weltweit so viele Kapazit\u00e4ten installiert wie 2022. Fast alle gro\u00dfen Volkswirtschaften setzen auf Wind, Sonne und Wasserkraft. Andererseits m\u00fcsste der Anstieg exponentiell weitergehen, um die nach wie vor dominanten fossilen Energietr\u00e4ger zur\u00fcckzudr\u00e4ngen. Zudem ist die Klimapolitik der meisten Staaten nicht ambitioniert genug, um dem Erreichen der Pariser Klimaziele entscheidend n\u00e4her zu kommen.<\/p>\n\n\n\n<p>\u201eDie Regierungen setzten weniger klimapolitische Ma\u00dfnahmen um und m\u00fcssen viele Krisen gleichzeitig l\u00f6sen. Erstmals ist in der Teilbewertung Klimapolitik kein einziges Land \u201egut\u201c. Selbst Staaten mit eher besserer Klimapolitik wie D\u00e4nemark scheinen heute weiter vom Erreichen der Pariser Klimaziele entfernt zu sein als in den vergangenen Jahren\u201c, sagt Niklas H\u00f6hne (NewClimate Institute), Co-Autor des Klimaschutz-Index. \u201eDoch wir kommen jetzt in eine ganz entscheidende Phase: Emissionen bis 2030 m\u00fcssen weltweit nahezu halbiert werden, um eine Eskalation der Klimakrise zu vermeiden. Wir m\u00fcssen jetzt in den Notfallmodus schalten und den entscheidenden Beitrag dazu m\u00fcssen die 63 Staaten und die EU leisten, die wir in diesem Index betrachten.\u201c<\/p>\n\n\n\n<p>\u00a0\u201eDie COP28 kann eine wichtige Rolle f\u00fcr den notwendigen Schub beim weltweiten Klimaschutz spielen. Wir brauchen bindende Beschl\u00fcsse, die Kapazit\u00e4t der Erneuerbaren Energien bis 2030 global zu verdreifachen, die Energieeffizienz zu verdoppeln und zeitgleich die Treibhausgas-Emissionen um die H\u00e4lfte zu reduzieren, wobei die Verringerung der fossilen Energien den Hauptteil leisten muss. Diese Beschl\u00fcsse m\u00fcssen dann aber auch von den Staaten umgesetzt werden\u201c, erg\u00e4nzt Jan Burck von Germanwatch, Co-Autor und Entwickler des Klimaschutz-Index.<\/p>\n\n\n\n<h4 class=\"wp-block-heading\">Deutschland auf Platz 14: Streit in der Ampel verhindert bessere Platzierung<\/h4>\n\n\n\n<p><strong>Deutschland<\/strong> hat sich mit Rang 14 im Vergleich zum vergangenen Jahr um zwei Pl\u00e4tze verbessert. Eine deutliche Verbesserung gelang nur beim 2030-Ziel f\u00fcr Erneuerbare Energien \u2013 dennoch reicht es in der Gesamtkategorie \u201eErneuerbare Energien\u201c nur f\u00fcr einen mittelm\u00e4\u00dfigen Platz 29. Deutschland schneidet unterm Strich in allen Kategorien mit der Bewertung \u201emittelm\u00e4\u00dfig\u201c ab und ist unter den EU-Staaten damit Sechster. Selbst bei der Bewertung der Klimapolitik, bei der Deutschland immerhin im oberen Viertel landet (15.), reicht es nur bei der internationalen Klimapolitik f\u00fcr ein \u201egut\u201c. \u201eMittelm\u00e4\u00dfig\u201c urteilen die Expert:innen bei der nationalen Politik. Jan Burck: \u201eDie Gr\u00fcnde f\u00fcr die eher m\u00e4\u00dfige Bewertung der nationalen Klimapolitik Deutschlands liegen vor allem in einer klimapolitisch zu schwachen Verkehrspolitik, der Abschw\u00e4chung des Klimaschutzgesetzes sowie einem am Ende verw\u00e4sserten Geb\u00e4udeenergiegesetz. Dies sind alles Ergebnisse der oft gegens\u00e4tzlichen klimapolitischen Ambitionen innerhalb der Ampelkoalition. Positiv schlagen hingegen die neuen politischen Ma\u00dfnahmen der Bundesregierung zur Beschleunigung des Erneuerbaren-Ausbaus zu Buche.\u201c<\/p>\n\n\n\n<h4 class=\"wp-block-heading\">Niederlande l\u00f6sen D\u00e4nemark als Spitzenreiter in der Kategorie Klimapolitik ab<\/h4>\n\n\n\n<p>Ein Blick auf die Spitzenregion des Rankings: Aufsteiger wie <strong>Estland<\/strong> (5.), die <strong>Philippinen<\/strong> (6.) oder die <strong>Niederlande<\/strong> (8.) haben es geschafft, nah an den Dauer-Spitzenreiter <strong>D\u00e4nemark<\/strong> (4.) heran zu r\u00fccken. Die ersten drei Pl\u00e4tze bleiben erneut leer, weil immer noch keiner der untersuchten Staaten auf einem 1,5 Grad-Pfad liegt. Bei den Philippinen waren f\u00fcr den Aufstieg vor allem sehr gute Platzierungen bei Emissionen und Energieverbrauch ausschlaggebend (jeweils an der Spitze), bei Estland und den Niederlanden insbesondere das gute Abschneiden bei Erneuerbaren Energien und Klimapolitik. In letztgenannter Kategorie l\u00f6sten die Niederlande sogar D\u00e4nemark als neuer Spitzenreiter ab \u2013 dennoch reichte es auch f\u00fcr sie in der Wertung der Klimapolitik nur f\u00fcr \u201emittelm\u00e4\u00dfig\u201c.<\/p>\n\n\n\n<h4 class=\"wp-block-heading\">Aufsteiger: Lula f\u00fchrt Brasilien in die obere H\u00e4lfte des Rankings<\/h4>\n\n\n\n<p>Zu den gr\u00f6\u00dften Aufsteigern des Jahres z\u00e4hlt <strong>Brasilien<\/strong> (von Rang 38 auf 23). Der Schwenk des neuen Pr\u00e4sidenten Lula zu ambitionierter Klimapolitik und insbesondere zur Eind\u00e4mmung der Regenwald-Abholzung hat Brasilien bei der Klimapolitik aus dem Keller in die oberste Gruppe gef\u00fchrt \u2013 der gr\u00f6\u00dfte Beitrag zum Aufstieg in der Gesamtwertung. Allerdings geben Expert:innen aus dem Land zu bedenken, dass Brasilien trotz der Fortschritte weiterhin die Produktion von Kohle, \u00d6l und Gas ausbaut und seine Klimaziele verfehlen k\u00f6nnte.<\/p>\n\n\n\n<h4 class=\"wp-block-heading\">Absteiger: Ehemaliger Vorreiter Gro\u00dfbritannien nur noch Mittelma\u00df nach Klima-Kehrtwende<\/h4>\n\n\n\n<p>Bei den gr\u00f6\u00dften Absteigern f\u00e4llt neben <strong>Italien<\/strong> (44., minus 15) vor allem <strong>Gro\u00dfbritannien<\/strong> auf. Gro\u00dfbritannien geh\u00f6rte bis zum vorletzten Index \u00fcber Jahre immer zu den Bestplatzierten im Klimaschutz-Index, st\u00fcrzt nun von Platz 11 auf 20 ab. \u201eDas ist vor allem Folge der Klima-Wende des neuen Premiers Sunak\u201c, kommentiert Thea Uhlich von Germanwatch. \u201eNachdem Sunak mehrere zentrale Teile der zuvor ambitionierteren Klimapolitik abgeschw\u00e4cht hat, ist das Land bei der Bewertung der nationalen Klimapolitik um 28 Pl\u00e4tze ins untere Viertel abgest\u00fcrzt. Zudem will Sunak die Kohle- und \u00d6lf\u00f6rderung sogar ausbauen. Auch bei den Erneuerbaren Energien rangiert Gro\u00dfbritannien nur noch im Bereich \u201eschwach\u201c. Setzt sich diese Entwicklung so fort, ist mit einem weiteren Abstieg Gro\u00dfbritanniens zu rechnen.\u201c<\/p>\n\n\n\n<h4 class=\"wp-block-heading\">EU uneinheitlich \u2013 G20 \u00fcberwiegend schwach bis sehr schwach<\/h4>\n\n\n\n<p>Sieben <strong>EU-Staaten<\/strong> liegen beim Index im Bereich \u201egut\u201c, sieben weitere im mittelm\u00e4\u00dfigen Bereich. <strong>D\u00e4nemark<\/strong> (4.), <strong>Estland <\/strong>(5.) und die <strong>Niederlande <\/strong>(8., in drei von vier Kategorien verbessert) k\u00f6nnen eine Vorreiter-Rolle f\u00fcr sich reklamieren. Auch die<strong> EU als Ganzes <\/strong>hat sich etwas verbessert und rangiert knapp in \u201egut\u201c. Hier macht sich vor allem das \u201eFit for 55\u201c-Paket positiv bemerkbar, auch wenn die Klimapolitik-Expert:innen des Index bem\u00e4ngeln, dass das Klimaziel f\u00fcr 2030 zu niedrig gesetzt sei. Zudem habe die EU deutliche Defizite bei der Verringerung des Energieverbrauchs. EU-Schlusslicht ist erneut <strong>Polen <\/strong>(55.), als einziges EU-Land in der Gesamtwertung in der Gruppe \u201esehr schwach\u201c. Hier sehen die Expert:innen allerdings unter einer voraussichtlich neuen Regierung Chancen auf Besserung. Nur wenige Pl\u00e4tze \u00fcber Polen liegen <strong>Tschechien<\/strong> (52.), <strong>Ungarn<\/strong> (49.) und &#8211; stark abgerutscht &#8211; <strong>Bulgarien<\/strong> (46.), <strong>Italien <\/strong>(44., in Kategorie Klimapolitik um 30 Pl\u00e4tze abgest\u00fcrzt) sowie <strong>Irland <\/strong>(43.).<\/p>\n\n\n\n<p>Bei den <strong>G20-Staaten<\/strong> \u2013 verantwortlich f\u00fcr rund 80 Prozent der weltweiten Treibhausgas-Emissionen \u2013 liegen nur <strong>Indien<\/strong> (7.), <strong>Deutschland <\/strong>und die <strong>EU<\/strong> im oberen Bereich. Sieben G20-Staaten rangieren hingegen unter \u201esehr schwach\u201c, weitere acht unter \u201eschwach\u201c. In diesen Bereichen liegen auch die beiden gr\u00f6\u00dften Emittenten <strong>China <\/strong>(51., unver\u00e4ndert) und <strong>USA <\/strong>(57., leicht verschlechtert).<\/p>\n\n\n\n<h4 class=\"wp-block-heading\">USA und China schwach \u2013 aber ermutigende Trends<\/h4>\n\n\n\n<p>Die USA, schneiden weiterhin bei Emissionen, Energieverbrauch und Erneuerbaren schlecht ab. Die Klimapolitik-Expert:innen loben aber die klimapolitische Wirkung von Bidens \u201eInflation Reduction Act\u201c, der zu deutlich gr\u00f6\u00dferen Investitionen in Erneuerbare Energien und Energieeffizienz gef\u00fchrt habe.<\/p>\n\n\n\n<p>China schneidet weiterhin vor allem bei Emissionen (62.) und Energieverbrauch (61.) sehr schwach ab. Spannend ist jedoch der Trend bei den Erneuerbaren Energien &#8211; hier geh\u00f6rt China zur Spitzengruppe (9.). Das Land \u00fcbertrifft seine selbst gesetzten Ziele bei Wind und Solar sowie beim Verkauf von E-Autos auf dem heimischen Markt. Dennoch ist der Kohleverbrauch noch immer hoch. Der Trend bei den Erneuerbaren zusammen mit ebenfalls langsam sichtbaren Verbesserungen bei der Energieeffizienz vermitteln jedoch die Hoffnung, dass China im kommenden Jahr den H\u00f6hepunkt bei der Kohlenutzung erreichen und danach ein Zur\u00fcckfahren einsetzen k\u00f6nnte.<\/p>\n\n\n\n<p>Die <strong>Vereinigten Arabischen Emirate<\/strong> (VAE), Gastgeber der diesj\u00e4hrigen Klimakonferenz, belegt den drittletzten Platz (65). Verantwortlich daf\u00fcr sind die hohen Pro-Kopf-Emissionen (rund 26 Tonnen) und ein Anteil von weniger als einem Prozent erneuerbarer Energien am Gesamtenergieverbrauch. Auf dem vorletzten und letzten Platz des Rankings befinden sich mit <strong>Iran<\/strong> (Platz 66) und <strong>Saudi-Arabien<\/strong> (Platz 67) zwei weitere \u00d6lstaaten.<\/p>\n\n\n\n<p><strong>Hintergrund zum Klimaschutz-Index:<\/strong> Der von Germanwatch und NewClimate Institute ver\u00f6ffentlichte Klimaschutz-Index (Climate Change Performance Index, CCPI) ist eine Rangliste von 63 L\u00e4ndern plus EU gesamt, die zusammen f\u00fcr mehr als 90 Prozent der weltweiten Treibhausgasemissionen verantwortlich sind. Neu dabei sind <strong>Nigeria, Pakistan, Usbekistan<\/strong> und COP-Gastgeber <strong>Vereinigte Arabische Emirate<\/strong>. Die vier bewerteten Kategorien sind: Treibhausgasemissionen (40%), Erneuerbare Energien (20%), Energieverbrauch (20%) und Klimapolitik (20%). Letztere basiert auf Expert:inneneinsch\u00e4tzungen von Organisationen und Think Tanks aus den jeweiligen L\u00e4ndern. In diesem Jahr haben den Index ca. 450 Expert:innen unterst\u00fctzt. Innerhalb der Kategorien Emissionen, Erneuerbare Energien und Energieverbrauch bewertet der Index auch, inwieweit die L\u00e4nder angemessene Ma\u00dfnahmen ergreifen, um auf einen Pfad zu gelangen, der mit dem Pariser Klimaabkommen vereinbar ist. Damit ist der Klimaschutz-Index ein wichtiges wissenschaftliches Instrument, das die Transparenz in der internationalen Klimapolitik erh\u00f6ht und einen Vergleich der Klimaschutzbem\u00fchungen der einzelnen L\u00e4nder erm\u00f6glicht. Er wird seit 2005 j\u00e4hrlich ver\u00f6ffentlicht.<\/p>\n\n\n\n<ul class=\"wp-block-list\">\n<li><a href=\"https:\/\/www.germanwatch.org\/de\/89895\">Klimaschutz-Index 2024: Die wichtigsten Ergebnisse<\/a><\/li>\n\n\n\n<li><a href=\"https:\/\/ccpi.org\/\" target=\"_blank\" rel=\"noreferrer noopener\">Website des Climate Change Performance Index<\/a><\/li>\n<\/ul>\n\n\n<h5 class=\"green\">Quelle<\/h5>\r\n\n\n\n<p><a href=\"https:\/\/www.germanwatch.org\/de\/89910\">Germanwatch.org 2023<\/a><\/p>\n<div class=\"shariff shariff-align-flex-start shariff-widget-align-flex-start\"><div class=\"ShariffHeadline\">Diese Meldung teilen<\/div><ul class=\"shariff-buttons theme-round orientation-horizontal buttonsize-medium\"><li class=\"shariff-button facebook shariff-nocustomcolor\" style=\"background-color:#4273c8;border-radius:1%\"><a href=\"https:\/\/www.facebook.com\/sharer\/sharer.php?u=https%3A%2F%2Fwww.sonnenseite.com%2Fde%2Fpolitik%2Ftrotz-booms-bei-erneuerbaren-energien-welt-kommt-pariser-klimazielen-kaum-naeher%2F\" title=\"Bei Facebook teilen\" aria-label=\"Bei Facebook teilen\" role=\"button\" rel=\"nofollow\" class=\"shariff-link\" style=\";border-radius:1%; background-color:#3b5998; color:#fff\" target=\"_blank\"><span class=\"shariff-icon\" style=\"\"><svg width=\"32px\" height=\"20px\" xmlns=\"http:\/\/www.w3.org\/2000\/svg\" viewBox=\"0 0 18 32\"><path fill=\"#3b5998\" d=\"M17.1 0.2v4.7h-2.8q-1.5 0-2.1 0.6t-0.5 1.9v3.4h5.2l-0.7 5.3h-4.5v13.6h-5.5v-13.6h-4.5v-5.3h4.5v-3.9q0-3.3 1.9-5.2t5-1.8q2.6 0 4.1 0.2z\"\/><\/svg><\/span><\/a><\/li><li class=\"shariff-button twitter shariff-nocustomcolor\" style=\"background-color:#595959;border-radius:1%\"><a href=\"https:\/\/twitter.com\/share?url=https%3A%2F%2Fwww.sonnenseite.com%2Fde%2Fpolitik%2Ftrotz-booms-bei-erneuerbaren-energien-welt-kommt-pariser-klimazielen-kaum-naeher%2F&text=Trotz%20Booms%20bei%20Erneuerbaren%20Energien%3A%20Welt%20kommt%20Pariser%20Klimazielen%20kaum%20n%C3%A4her\" title=\"Bei X teilen\" aria-label=\"Bei X teilen\" role=\"button\" rel=\"noopener nofollow\" class=\"shariff-link\" style=\";border-radius:1%; background-color:#000; color:#fff\" target=\"_blank\"><span class=\"shariff-icon\" style=\"\"><svg width=\"32px\" height=\"20px\" xmlns=\"http:\/\/www.w3.org\/2000\/svg\" viewBox=\"0 0 24 24\"><path fill=\"#000\" d=\"M14.258 10.152L23.176 0h-2.113l-7.747 8.813L7.133 0H0l9.352 13.328L0 23.973h2.113l8.176-9.309 6.531 9.309h7.133zm-2.895 3.293l-.949-1.328L2.875 1.56h3.246l6.086 8.523.945 1.328 7.91 11.078h-3.246zm0 0\"\/><\/svg><\/span><\/a><\/li><li class=\"shariff-button xing shariff-nocustomcolor\" style=\"background-color:#29888a;border-radius:1%\"><a href=\"https:\/\/www.xing.com\/spi\/shares\/new?url=https%3A%2F%2Fwww.sonnenseite.com%2Fde%2Fpolitik%2Ftrotz-booms-bei-erneuerbaren-energien-welt-kommt-pariser-klimazielen-kaum-naeher%2F\" title=\"Bei XING teilen\" aria-label=\"Bei XING teilen\" role=\"button\" rel=\"noopener nofollow\" class=\"shariff-link\" style=\";border-radius:1%; background-color:#126567; color:#fff\" target=\"_blank\"><span class=\"shariff-icon\" style=\"\"><svg width=\"32px\" height=\"20px\" xmlns=\"http:\/\/www.w3.org\/2000\/svg\" viewBox=\"0 0 25 32\"><path fill=\"#126567\" d=\"M10.7 11.9q-0.2 0.3-4.6 8.2-0.5 0.8-1.2 0.8h-4.3q-0.4 0-0.5-0.3t0-0.6l4.5-8q0 0 0 0l-2.9-5q-0.2-0.4 0-0.7 0.2-0.3 0.5-0.3h4.3q0.7 0 1.2 0.8zM25.1 0.4q0.2 0.3 0 0.7l-9.4 16.7 6 11q0.2 0.4 0 0.6-0.2 0.3-0.6 0.3h-4.3q-0.7 0-1.2-0.8l-6-11.1q0.3-0.6 9.5-16.8 0.4-0.8 1.2-0.8h4.3q0.4 0 0.5 0.3z\"\/><\/svg><\/span><\/a><\/li><li class=\"shariff-button linkedin shariff-nocustomcolor\" style=\"background-color:#1488bf;border-radius:1%\"><a href=\"https:\/\/www.linkedin.com\/sharing\/share-offsite\/?url=https%3A%2F%2Fwww.sonnenseite.com%2Fde%2Fpolitik%2Ftrotz-booms-bei-erneuerbaren-energien-welt-kommt-pariser-klimazielen-kaum-naeher%2F\" title=\"Bei LinkedIn teilen\" aria-label=\"Bei LinkedIn teilen\" role=\"button\" rel=\"noopener nofollow\" class=\"shariff-link\" style=\";border-radius:1%; background-color:#0077b5; color:#fff\" target=\"_blank\"><span class=\"shariff-icon\" style=\"\"><svg width=\"32px\" height=\"20px\" xmlns=\"http:\/\/www.w3.org\/2000\/svg\" viewBox=\"0 0 27 32\"><path fill=\"#0077b5\" d=\"M6.2 11.2v17.7h-5.9v-17.7h5.9zM6.6 5.7q0 1.3-0.9 2.2t-2.4 0.9h0q-1.5 0-2.4-0.9t-0.9-2.2 0.9-2.2 2.4-0.9 2.4 0.9 0.9 2.2zM27.4 18.7v10.1h-5.9v-9.5q0-1.9-0.7-2.9t-2.3-1.1q-1.1 0-1.9 0.6t-1.2 1.5q-0.2 0.5-0.2 1.4v9.9h-5.9q0-7.1 0-11.6t0-5.3l0-0.9h5.9v2.6h0q0.4-0.6 0.7-1t1-0.9 1.6-0.8 2-0.3q3 0 4.9 2t1.9 6z\"\/><\/svg><\/span><\/a><\/li><li class=\"shariff-button printer shariff-nocustomcolor\" style=\"background-color:#a8a8a8;border-radius:1%\"><a href=\"javascript:window.print()\" title=\"drucken\" aria-label=\"drucken\" role=\"button\" rel=\"noopener nofollow\" class=\"shariff-link\" style=\";border-radius:1%; background-color:#999; color:#fff\"><span class=\"shariff-icon\" style=\"\"><svg width=\"32px\" height=\"20px\" xmlns=\"http:\/\/www.w3.org\/2000\/svg\" viewBox=\"0 0 30 32\"><path fill=\"#999\" d=\"M6.8 27.4h16v-4.6h-16v4.6zM6.8 16h16v-6.8h-2.8q-0.7 0-1.2-0.5t-0.5-1.2v-2.8h-11.4v11.4zM27.4 17.2q0-0.5-0.3-0.8t-0.8-0.4-0.8 0.4-0.3 0.8 0.3 0.8 0.8 0.3 0.8-0.3 0.3-0.8zM29.7 17.2v7.4q0 0.2-0.2 0.4t-0.4 0.2h-4v2.8q0 0.7-0.5 1.2t-1.2 0.5h-17.2q-0.7 0-1.2-0.5t-0.5-1.2v-2.8h-4q-0.2 0-0.4-0.2t-0.2-0.4v-7.4q0-1.4 1-2.4t2.4-1h1.2v-9.7q0-0.7 0.5-1.2t1.2-0.5h12q0.7 0 1.6 0.4t1.3 0.8l2.7 2.7q0.5 0.5 0.9 1.4t0.4 1.6v4.6h1.1q1.4 0 2.4 1t1 2.4z\"\/><\/svg><\/span><\/a><\/li><li class=\"shariff-button mailto shariff-nocustomcolor\" style=\"background-color:#a8a8a8;border-radius:1%\"><a href=\"mailto:?body=https%3A%2F%2Fwww.sonnenseite.com%2Fde%2Fpolitik%2Ftrotz-booms-bei-erneuerbaren-energien-welt-kommt-pariser-klimazielen-kaum-naeher%2F&subject=Trotz%20Booms%20bei%20Erneuerbaren%20Energien%3A%20Welt%20kommt%20Pariser%20Klimazielen%20kaum%20n%C3%A4her\" title=\"Per E-Mail versenden\" aria-label=\"Per E-Mail versenden\" role=\"button\" rel=\"noopener nofollow\" class=\"shariff-link\" style=\";border-radius:1%; background-color:#999; color:#fff\"><span class=\"shariff-icon\" style=\"\"><svg width=\"32px\" height=\"20px\" xmlns=\"http:\/\/www.w3.org\/2000\/svg\" viewBox=\"0 0 32 32\"><path fill=\"#999\" d=\"M32 12.7v14.2q0 1.2-0.8 2t-2 0.9h-26.3q-1.2 0-2-0.9t-0.8-2v-14.2q0.8 0.9 1.8 1.6 6.5 4.4 8.9 6.1 1 0.8 1.6 1.2t1.7 0.9 2 0.4h0.1q0.9 0 2-0.4t1.7-0.9 1.6-1.2q3-2.2 8.9-6.1 1-0.7 1.8-1.6zM32 7.4q0 1.4-0.9 2.7t-2.2 2.2q-6.7 4.7-8.4 5.8-0.2 0.1-0.7 0.5t-1 0.7-0.9 0.6-1.1 0.5-0.9 0.2h-0.1q-0.4 0-0.9-0.2t-1.1-0.5-0.9-0.6-1-0.7-0.7-0.5q-1.6-1.1-4.7-3.2t-3.6-2.6q-1.1-0.7-2.1-2t-1-2.5q0-1.4 0.7-2.3t2.1-0.9h26.3q1.2 0 2 0.8t0.9 2z\"\/><\/svg><\/span><\/a><\/li><\/ul><\/div>","protected":false},"excerpt":{"rendered":"<p>Klimaschutz-Index 2024 von Germanwatch und NewClimate Institute ver\u00f6ffentlicht: Ziele und Ausbau bei Erneuerbaren boomen, aber Klimapolitik [&hellip;]<\/p>\n","protected":false},"author":3,"featured_media":1703,"comment_status":"closed","ping_status":"closed","sticky":false,"template":"","format":"standard","meta":{"inline_featured_image":false,"footnotes":""},"categories":[21],"tags":[],"class_list":["post-96006","post","type-post","status-publish","format-standard","has-post-thumbnail","hentry","category-politik"],"yoast_head":"<!-- This site is optimized with the Yoast SEO plugin v26.5 - https:\/\/yoast.com\/wordpress\/plugins\/seo\/ -->\n<title>Trotz Booms bei Erneuerbaren Energien: Welt kommt Pariser Klimazielen kaum n\u00e4her - Sonnenseite - \u00d6kologische Kommunikation mit Franz Alt<\/title>\n<meta name=\"description\" content=\"Klimaschutz-Index 2024 von Germanwatch und NewClimate Institute ver\u00f6ffentlicht: Ziele und Ausbau bei Erneuerbaren boomen, aber Klimapolitik in vielen\" \/>\n<meta name=\"robots\" content=\"index, follow, max-snippet:-1, max-image-preview:large, max-video-preview:-1\" \/>\n<link rel=\"canonical\" href=\"https:\/\/www.sonnenseite.com\/de\/politik\/trotz-booms-bei-erneuerbaren-energien-welt-kommt-pariser-klimazielen-kaum-naeher\/\" \/>\n<meta property=\"og:locale\" content=\"de_DE\" \/>\n<meta property=\"og:type\" content=\"article\" \/>\n<meta property=\"og:title\" content=\"Trotz Booms bei Erneuerbaren Energien: Welt kommt Pariser Klimazielen kaum n\u00e4her - Sonnenseite - \u00d6kologische Kommunikation mit Franz Alt\" \/>\n<meta property=\"og:description\" content=\"Klimaschutz-Index 2024 von Germanwatch und NewClimate Institute ver\u00f6ffentlicht: Ziele und Ausbau bei Erneuerbaren boomen, aber Klimapolitik in vielen\" \/>\n<meta property=\"og:url\" content=\"https:\/\/www.sonnenseite.com\/de\/politik\/trotz-booms-bei-erneuerbaren-energien-welt-kommt-pariser-klimazielen-kaum-naeher\/\" \/>\n<meta property=\"og:site_name\" content=\"Sonnenseite\" \/>\n<meta property=\"article:publisher\" content=\"https:\/\/www.facebook.com\/pages\/Franz-Alt-SONNENSEITECOM\/221072987903953?fref=ts\" \/>\n<meta property=\"article:published_time\" content=\"2023-12-08T18:20:00+00:00\" \/>\n<meta property=\"article:modified_time\" content=\"2023-12-08T19:10:38+00:00\" \/>\n<meta property=\"og:image\" content=\"https:\/\/www.sonnenseite.com\/wp-content\/uploads\/2020\/04\/Erde_gruen_WDGPhoto.jpg\" \/>\n\t<meta property=\"og:image:width\" content=\"770\" \/>\n\t<meta property=\"og:image:height\" content=\"420\" \/>\n\t<meta property=\"og:image:type\" content=\"image\/jpeg\" \/>\n<meta name=\"author\" content=\"Bigi Alt\" \/>\n<meta name=\"twitter:card\" content=\"summary_large_image\" \/>\n<meta name=\"twitter:creator\" content=\"@franzalt\" \/>\n<meta name=\"twitter:site\" content=\"@franzalt\" \/>\n<meta name=\"twitter:label1\" content=\"Verfasst von\" \/>\n\t<meta name=\"twitter:data1\" content=\"Bigi Alt\" \/>\n\t<meta name=\"twitter:label2\" content=\"Gesch\u00e4tzte Lesezeit\" \/>\n\t<meta name=\"twitter:data2\" content=\"8\u00a0Minuten\" \/>\n<script type=\"application\/ld+json\" class=\"yoast-schema-graph\">{\"@context\":\"https:\/\/schema.org\",\"@graph\":[{\"@type\":\"Article\",\"@id\":\"https:\/\/www.sonnenseite.com\/de\/politik\/trotz-booms-bei-erneuerbaren-energien-welt-kommt-pariser-klimazielen-kaum-naeher\/#article\",\"isPartOf\":{\"@id\":\"https:\/\/www.sonnenseite.com\/de\/politik\/trotz-booms-bei-erneuerbaren-energien-welt-kommt-pariser-klimazielen-kaum-naeher\/\"},\"author\":{\"name\":\"Bigi Alt\",\"@id\":\"https:\/\/www.sonnenseite.com\/de\/#\/schema\/person\/50fda0e926597684c7cc6695238a4eb9\"},\"headline\":\"Trotz Booms bei Erneuerbaren Energien: Welt kommt Pariser Klimazielen kaum n\u00e4her\",\"datePublished\":\"2023-12-08T18:20:00+00:00\",\"dateModified\":\"2023-12-08T19:10:38+00:00\",\"mainEntityOfPage\":{\"@id\":\"https:\/\/www.sonnenseite.com\/de\/politik\/trotz-booms-bei-erneuerbaren-energien-welt-kommt-pariser-klimazielen-kaum-naeher\/\"},\"wordCount\":1455,\"publisher\":{\"@id\":\"https:\/\/www.sonnenseite.com\/de\/#organization\"},\"image\":{\"@id\":\"https:\/\/www.sonnenseite.com\/de\/politik\/trotz-booms-bei-erneuerbaren-energien-welt-kommt-pariser-klimazielen-kaum-naeher\/#primaryimage\"},\"thumbnailUrl\":\"https:\/\/www.sonnenseite.com\/wp-content\/uploads\/2020\/04\/Erde_gruen_WDGPhoto.jpg\",\"articleSection\":[\"Politik\"],\"inLanguage\":\"de\"},{\"@type\":\"WebPage\",\"@id\":\"https:\/\/www.sonnenseite.com\/de\/politik\/trotz-booms-bei-erneuerbaren-energien-welt-kommt-pariser-klimazielen-kaum-naeher\/\",\"url\":\"https:\/\/www.sonnenseite.com\/de\/politik\/trotz-booms-bei-erneuerbaren-energien-welt-kommt-pariser-klimazielen-kaum-naeher\/\",\"name\":\"Trotz Booms bei Erneuerbaren Energien: Welt kommt Pariser Klimazielen kaum n\u00e4her - Sonnenseite - \u00d6kologische Kommunikation mit Franz Alt\",\"isPartOf\":{\"@id\":\"https:\/\/www.sonnenseite.com\/de\/#website\"},\"primaryImageOfPage\":{\"@id\":\"https:\/\/www.sonnenseite.com\/de\/politik\/trotz-booms-bei-erneuerbaren-energien-welt-kommt-pariser-klimazielen-kaum-naeher\/#primaryimage\"},\"image\":{\"@id\":\"https:\/\/www.sonnenseite.com\/de\/politik\/trotz-booms-bei-erneuerbaren-energien-welt-kommt-pariser-klimazielen-kaum-naeher\/#primaryimage\"},\"thumbnailUrl\":\"https:\/\/www.sonnenseite.com\/wp-content\/uploads\/2020\/04\/Erde_gruen_WDGPhoto.jpg\",\"datePublished\":\"2023-12-08T18:20:00+00:00\",\"dateModified\":\"2023-12-08T19:10:38+00:00\",\"description\":\"Klimaschutz-Index 2024 von Germanwatch und NewClimate Institute ver\u00f6ffentlicht: Ziele und Ausbau bei Erneuerbaren boomen, aber Klimapolitik in vielen\",\"breadcrumb\":{\"@id\":\"https:\/\/www.sonnenseite.com\/de\/politik\/trotz-booms-bei-erneuerbaren-energien-welt-kommt-pariser-klimazielen-kaum-naeher\/#breadcrumb\"},\"inLanguage\":\"de\",\"potentialAction\":[{\"@type\":\"ReadAction\",\"target\":[\"https:\/\/www.sonnenseite.com\/de\/politik\/trotz-booms-bei-erneuerbaren-energien-welt-kommt-pariser-klimazielen-kaum-naeher\/\"]}]},{\"@type\":\"ImageObject\",\"inLanguage\":\"de\",\"@id\":\"https:\/\/www.sonnenseite.com\/de\/politik\/trotz-booms-bei-erneuerbaren-energien-welt-kommt-pariser-klimazielen-kaum-naeher\/#primaryimage\",\"url\":\"https:\/\/www.sonnenseite.com\/wp-content\/uploads\/2020\/04\/Erde_gruen_WDGPhoto.jpg\",\"contentUrl\":\"https:\/\/www.sonnenseite.com\/wp-content\/uploads\/2020\/04\/Erde_gruen_WDGPhoto.jpg\",\"width\":770,\"height\":420,\"caption\":\"Depositphotos | WDGPhoto\"},{\"@type\":\"BreadcrumbList\",\"@id\":\"https:\/\/www.sonnenseite.com\/de\/politik\/trotz-booms-bei-erneuerbaren-energien-welt-kommt-pariser-klimazielen-kaum-naeher\/#breadcrumb\",\"itemListElement\":[{\"@type\":\"ListItem\",\"position\":1,\"name\":\"Startseite\",\"item\":\"https:\/\/www.sonnenseite.com\/de\/\"},{\"@type\":\"ListItem\",\"position\":2,\"name\":\"Trotz Booms bei Erneuerbaren Energien: Welt kommt Pariser Klimazielen kaum n\u00e4her\"}]},{\"@type\":\"WebSite\",\"@id\":\"https:\/\/www.sonnenseite.com\/de\/#website\",\"url\":\"https:\/\/www.sonnenseite.com\/de\/\",\"name\":\"Sonnenseite\",\"description\":\"\u00d6kologische Kommunikation mit Franz Alt\",\"publisher\":{\"@id\":\"https:\/\/www.sonnenseite.com\/de\/#organization\"},\"potentialAction\":[{\"@type\":\"SearchAction\",\"target\":{\"@type\":\"EntryPoint\",\"urlTemplate\":\"https:\/\/www.sonnenseite.com\/de\/?s={search_term_string}\"},\"query-input\":{\"@type\":\"PropertyValueSpecification\",\"valueRequired\":true,\"valueName\":\"search_term_string\"}}],\"inLanguage\":\"de\"},{\"@type\":\"Organization\",\"@id\":\"https:\/\/www.sonnenseite.com\/de\/#organization\",\"name\":\"Sonnenseite\",\"url\":\"https:\/\/www.sonnenseite.com\/de\/\",\"logo\":{\"@type\":\"ImageObject\",\"inLanguage\":\"de\",\"@id\":\"https:\/\/www.sonnenseite.com\/de\/#\/schema\/logo\/image\/\",\"url\":\"https:\/\/www.sonnenseite.com\/wp-content\/uploads\/2020\/05\/Sonnenseite_Logo.png\",\"contentUrl\":\"https:\/\/www.sonnenseite.com\/wp-content\/uploads\/2020\/05\/Sonnenseite_Logo.png\",\"width\":377,\"height\":90,\"caption\":\"Sonnenseite\"},\"image\":{\"@id\":\"https:\/\/www.sonnenseite.com\/de\/#\/schema\/logo\/image\/\"},\"sameAs\":[\"https:\/\/www.facebook.com\/pages\/Franz-Alt-SONNENSEITECOM\/221072987903953?fref=ts\",\"https:\/\/x.com\/franzalt\",\"http:\/\/www.youtube.com\/results?search_query&amp;amp;quot;franz_alt&amp;amp;quot;&amp;amp;amp;amp;search_type&amp;amp;amp;amp;aq=f\"]},{\"@type\":\"Person\",\"@id\":\"https:\/\/www.sonnenseite.com\/de\/#\/schema\/person\/50fda0e926597684c7cc6695238a4eb9\",\"name\":\"Bigi Alt\"}]}<\/script>\n<!-- \/ Yoast SEO plugin. -->","yoast_head_json":{"title":"Trotz Booms bei Erneuerbaren Energien: Welt kommt Pariser Klimazielen kaum n\u00e4her - Sonnenseite - \u00d6kologische Kommunikation mit Franz Alt","description":"Klimaschutz-Index 2024 von Germanwatch und NewClimate Institute ver\u00f6ffentlicht: Ziele und Ausbau bei Erneuerbaren boomen, aber Klimapolitik in vielen","robots":{"index":"index","follow":"follow","max-snippet":"max-snippet:-1","max-image-preview":"max-image-preview:large","max-video-preview":"max-video-preview:-1"},"canonical":"https:\/\/www.sonnenseite.com\/de\/politik\/trotz-booms-bei-erneuerbaren-energien-welt-kommt-pariser-klimazielen-kaum-naeher\/","og_locale":"de_DE","og_type":"article","og_title":"Trotz Booms bei Erneuerbaren Energien: Welt kommt Pariser Klimazielen kaum n\u00e4her - Sonnenseite - \u00d6kologische Kommunikation mit Franz Alt","og_description":"Klimaschutz-Index 2024 von Germanwatch und NewClimate Institute ver\u00f6ffentlicht: Ziele und Ausbau bei Erneuerbaren boomen, aber Klimapolitik in vielen","og_url":"https:\/\/www.sonnenseite.com\/de\/politik\/trotz-booms-bei-erneuerbaren-energien-welt-kommt-pariser-klimazielen-kaum-naeher\/","og_site_name":"Sonnenseite","article_publisher":"https:\/\/www.facebook.com\/pages\/Franz-Alt-SONNENSEITECOM\/221072987903953?fref=ts","article_published_time":"2023-12-08T18:20:00+00:00","article_modified_time":"2023-12-08T19:10:38+00:00","og_image":[{"width":770,"height":420,"url":"https:\/\/www.sonnenseite.com\/wp-content\/uploads\/2020\/04\/Erde_gruen_WDGPhoto.jpg","type":"image\/jpeg"}],"author":"Bigi Alt","twitter_card":"summary_large_image","twitter_creator":"@franzalt","twitter_site":"@franzalt","twitter_misc":{"Verfasst von":"Bigi Alt","Gesch\u00e4tzte Lesezeit":"8\u00a0Minuten"},"schema":{"@context":"https:\/\/schema.org","@graph":[{"@type":"Article","@id":"https:\/\/www.sonnenseite.com\/de\/politik\/trotz-booms-bei-erneuerbaren-energien-welt-kommt-pariser-klimazielen-kaum-naeher\/#article","isPartOf":{"@id":"https:\/\/www.sonnenseite.com\/de\/politik\/trotz-booms-bei-erneuerbaren-energien-welt-kommt-pariser-klimazielen-kaum-naeher\/"},"author":{"name":"Bigi Alt","@id":"https:\/\/www.sonnenseite.com\/de\/#\/schema\/person\/50fda0e926597684c7cc6695238a4eb9"},"headline":"Trotz Booms bei Erneuerbaren Energien: Welt kommt Pariser Klimazielen kaum n\u00e4her","datePublished":"2023-12-08T18:20:00+00:00","dateModified":"2023-12-08T19:10:38+00:00","mainEntityOfPage":{"@id":"https:\/\/www.sonnenseite.com\/de\/politik\/trotz-booms-bei-erneuerbaren-energien-welt-kommt-pariser-klimazielen-kaum-naeher\/"},"wordCount":1455,"publisher":{"@id":"https:\/\/www.sonnenseite.com\/de\/#organization"},"image":{"@id":"https:\/\/www.sonnenseite.com\/de\/politik\/trotz-booms-bei-erneuerbaren-energien-welt-kommt-pariser-klimazielen-kaum-naeher\/#primaryimage"},"thumbnailUrl":"https:\/\/www.sonnenseite.com\/wp-content\/uploads\/2020\/04\/Erde_gruen_WDGPhoto.jpg","articleSection":["Politik"],"inLanguage":"de"},{"@type":"WebPage","@id":"https:\/\/www.sonnenseite.com\/de\/politik\/trotz-booms-bei-erneuerbaren-energien-welt-kommt-pariser-klimazielen-kaum-naeher\/","url":"https:\/\/www.sonnenseite.com\/de\/politik\/trotz-booms-bei-erneuerbaren-energien-welt-kommt-pariser-klimazielen-kaum-naeher\/","name":"Trotz Booms bei Erneuerbaren Energien: Welt kommt Pariser Klimazielen kaum n\u00e4her - Sonnenseite - \u00d6kologische Kommunikation mit Franz Alt","isPartOf":{"@id":"https:\/\/www.sonnenseite.com\/de\/#website"},"primaryImageOfPage":{"@id":"https:\/\/www.sonnenseite.com\/de\/politik\/trotz-booms-bei-erneuerbaren-energien-welt-kommt-pariser-klimazielen-kaum-naeher\/#primaryimage"},"image":{"@id":"https:\/\/www.sonnenseite.com\/de\/politik\/trotz-booms-bei-erneuerbaren-energien-welt-kommt-pariser-klimazielen-kaum-naeher\/#primaryimage"},"thumbnailUrl":"https:\/\/www.sonnenseite.com\/wp-content\/uploads\/2020\/04\/Erde_gruen_WDGPhoto.jpg","datePublished":"2023-12-08T18:20:00+00:00","dateModified":"2023-12-08T19:10:38+00:00","description":"Klimaschutz-Index 2024 von Germanwatch und NewClimate Institute ver\u00f6ffentlicht: Ziele und Ausbau bei Erneuerbaren boomen, aber Klimapolitik in vielen","breadcrumb":{"@id":"https:\/\/www.sonnenseite.com\/de\/politik\/trotz-booms-bei-erneuerbaren-energien-welt-kommt-pariser-klimazielen-kaum-naeher\/#breadcrumb"},"inLanguage":"de","potentialAction":[{"@type":"ReadAction","target":["https:\/\/www.sonnenseite.com\/de\/politik\/trotz-booms-bei-erneuerbaren-energien-welt-kommt-pariser-klimazielen-kaum-naeher\/"]}]},{"@type":"ImageObject","inLanguage":"de","@id":"https:\/\/www.sonnenseite.com\/de\/politik\/trotz-booms-bei-erneuerbaren-energien-welt-kommt-pariser-klimazielen-kaum-naeher\/#primaryimage","url":"https:\/\/www.sonnenseite.com\/wp-content\/uploads\/2020\/04\/Erde_gruen_WDGPhoto.jpg","contentUrl":"https:\/\/www.sonnenseite.com\/wp-content\/uploads\/2020\/04\/Erde_gruen_WDGPhoto.jpg","width":770,"height":420,"caption":"Depositphotos | WDGPhoto"},{"@type":"BreadcrumbList","@id":"https:\/\/www.sonnenseite.com\/de\/politik\/trotz-booms-bei-erneuerbaren-energien-welt-kommt-pariser-klimazielen-kaum-naeher\/#breadcrumb","itemListElement":[{"@type":"ListItem","position":1,"name":"Startseite","item":"https:\/\/www.sonnenseite.com\/de\/"},{"@type":"ListItem","position":2,"name":"Trotz Booms bei Erneuerbaren Energien: Welt kommt Pariser Klimazielen kaum n\u00e4her"}]},{"@type":"WebSite","@id":"https:\/\/www.sonnenseite.com\/de\/#website","url":"https:\/\/www.sonnenseite.com\/de\/","name":"Sonnenseite","description":"\u00d6kologische Kommunikation mit Franz Alt","publisher":{"@id":"https:\/\/www.sonnenseite.com\/de\/#organization"},"potentialAction":[{"@type":"SearchAction","target":{"@type":"EntryPoint","urlTemplate":"https:\/\/www.sonnenseite.com\/de\/?s={search_term_string}"},"query-input":{"@type":"PropertyValueSpecification","valueRequired":true,"valueName":"search_term_string"}}],"inLanguage":"de"},{"@type":"Organization","@id":"https:\/\/www.sonnenseite.com\/de\/#organization","name":"Sonnenseite","url":"https:\/\/www.sonnenseite.com\/de\/","logo":{"@type":"ImageObject","inLanguage":"de","@id":"https:\/\/www.sonnenseite.com\/de\/#\/schema\/logo\/image\/","url":"https:\/\/www.sonnenseite.com\/wp-content\/uploads\/2020\/05\/Sonnenseite_Logo.png","contentUrl":"https:\/\/www.sonnenseite.com\/wp-content\/uploads\/2020\/05\/Sonnenseite_Logo.png","width":377,"height":90,"caption":"Sonnenseite"},"image":{"@id":"https:\/\/www.sonnenseite.com\/de\/#\/schema\/logo\/image\/"},"sameAs":["https:\/\/www.facebook.com\/pages\/Franz-Alt-SONNENSEITECOM\/221072987903953?fref=ts","https:\/\/x.com\/franzalt","http:\/\/www.youtube.com\/results?search_query&amp;amp;quot;franz_alt&amp;amp;quot;&amp;amp;amp;amp;search_type&amp;amp;amp;amp;aq=f"]},{"@type":"Person","@id":"https:\/\/www.sonnenseite.com\/de\/#\/schema\/person\/50fda0e926597684c7cc6695238a4eb9","name":"Bigi Alt"}]}},"_links":{"self":[{"href":"https:\/\/www.sonnenseite.com\/de\/wp-json\/wp\/v2\/posts\/96006","targetHints":{"allow":["GET"]}}],"collection":[{"href":"https:\/\/www.sonnenseite.com\/de\/wp-json\/wp\/v2\/posts"}],"about":[{"href":"https:\/\/www.sonnenseite.com\/de\/wp-json\/wp\/v2\/types\/post"}],"author":[{"embeddable":true,"href":"https:\/\/www.sonnenseite.com\/de\/wp-json\/wp\/v2\/users\/3"}],"replies":[{"embeddable":true,"href":"https:\/\/www.sonnenseite.com\/de\/wp-json\/wp\/v2\/comments?post=96006"}],"version-history":[{"count":3,"href":"https:\/\/www.sonnenseite.com\/de\/wp-json\/wp\/v2\/posts\/96006\/revisions"}],"predecessor-version":[{"id":96009,"href":"https:\/\/www.sonnenseite.com\/de\/wp-json\/wp\/v2\/posts\/96006\/revisions\/96009"}],"wp:featuredmedia":[{"embeddable":true,"href":"https:\/\/www.sonnenseite.com\/de\/wp-json\/wp\/v2\/media\/1703"}],"wp:attachment":[{"href":"https:\/\/www.sonnenseite.com\/de\/wp-json\/wp\/v2\/media?parent=96006"}],"wp:term":[{"taxonomy":"category","embeddable":true,"href":"https:\/\/www.sonnenseite.com\/de\/wp-json\/wp\/v2\/categories?post=96006"},{"taxonomy":"post_tag","embeddable":true,"href":"https:\/\/www.sonnenseite.com\/de\/wp-json\/wp\/v2\/tags?post=96006"}],"curies":[{"name":"wp","href":"https:\/\/api.w.org\/{rel}","templated":true}]}}