{"id":96024,"date":"2023-12-09T16:50:09","date_gmt":"2023-12-09T15:50:09","guid":{"rendered":"https:\/\/www.sonnenseite.com\/?p=96024"},"modified":"2023-12-18T16:30:18","modified_gmt":"2023-12-18T15:30:18","slug":"israel-in-der-hamas-falle","status":"publish","type":"post","link":"https:\/\/www.sonnenseite.com\/de\/franz-alt\/kommentare-interviews\/israel-in-der-hamas-falle\/","title":{"rendered":"Israel in der Hamas-Falle"},"content":{"rendered":"\n<p>Die pal\u00e4stinensische Terror-Organisation Hamas hat am 7. Oktober 2023 etwa 1.200 Israelis get\u00f6tet und 240 Geiseln entf\u00fchrt. In einem Rachefeldzug hat die israelische Regierung nach Hamas-Angaben in den folgenden vier Wochen etwa 16.000 Pal\u00e4stinenser get\u00f6tet, darunter 6.000 Kinder, und Nord-Gaza weitgehend in Tr\u00fcmmer gelegt. <\/p>\n\n\n\n<p>Die UNO h\u00e4lt die Zahlenangaben f\u00fcr glaubw\u00fcrdig. Und jetzt wird auch der S\u00fcden des Gaza-Streifens zerbombt. 75 Jahre nach Verabschiedung der Menschenrechte haben wir mehr Gewaltkonflikte auf der Welt als je zuvor: Den Klimawandel, den Ukraine-Krieg, den Nahostkonflikt, global 55 Kriege und die st\u00e4ndige Gefahr eines Atomkriegs. Diese Gewalt muss zu Ende kommen.<\/p>\n\n\n\n<p>Zum bisherigen Kriegsverlauf in Gaza: In vier Tagen Waffenruhe kamen 100 Geiseln frei. In 50 Tagen Krieg kam durch milit\u00e4rische Gewalt eine Geisel frei \u2013 auf Kosten tausender toter Zivilisten (<a href=\"https:\/\/www.standing-together.org\/en\">Standing Together<\/a> ist eine Basisbewegung, die j\u00fcdische und pal\u00e4stinensische B\u00fcrger Israels f\u00fcr Frieden, Gleichheit sowie soziale und Klimagerechtigkeit).<\/p>\n\n\n\n<p>Gleich nach dem 7. Oktober hatte US-Pr\u00e4sident Biden die israelische Regierung davor gewarnt, jetzt die Fehler der US-Regierung George W. Bush nach dem 11. September 2001 zu wiederholen und auf Rache zu setzen. Der Bush-\u201eKrieg gegen den Terror\u201c hatte dazu gef\u00fchrt, dass es heute mindestens zehnmal mehr Terroristen gibt als zuvor. Das Ergebnis eines Krieges gegen die Hamas d\u00fcrfte kaum anders ausfallen. <\/p>\n\n\n\n<p>Eine pal\u00e4stinensische Friedensaktivistin hat soeben bei <a href=\"https:\/\/www.zdf.de\/gesellschaft\/markus-lanz\">\u201eMarkus Lanz\u201c<\/a> vermutet, dass \u201eauf jeden get\u00f6teten Terroristen zehn neue Terroristen nachr\u00fccken werden\u201c. Je mehr Pal\u00e4stinenser get\u00f6tet werden, desto st\u00e4rker werde die Hamas. Doch die Natanjahu-Regierung l\u00e4uft zur Zeit wie blind in die Hamas-Falle.<\/p>\n\n\n\n<p>Davor warnt jetzt auch der UNO-Generalsekret\u00e4r Guterres in einem eindringlichen und dramatischen Appell und fordert einen <a href=\"https:\/\/www.spiegel.de\/ausland\/antonio-guterres-draengt-sicherheitsrat-aussergewoehnlich-stark-zu-handeln-im-gazakrieg-a-52e24115-1702-4d95-b517-d797c4ce8383\">sofortigen \u201ehumanit\u00e4ren Waffenstillstand&#8220;<\/a>. Guterres prognostiziert: \u201eF\u00fcrchterliches menschliches Leid, physisische Zerst\u00f6rung, und kollektives Trauma in ganz Israel und in dem besetzten Pal\u00e4stinenser-Gebiet\u201c und er prognostiziert eine Apokalypse. \u201eDie \u00f6ffentliche Ordnung d\u00fcrfte bald zusammenbrechen.\u201c Die israelische Regierung wies die Forderung des UNO-Generals nach einem Waffenstillstand emp\u00f6rt zur\u00fcck.<\/p>\n\n\n\n<p>Jeder humanistisch und ethisch empfindende Mensch, der die Bilder der Zerst\u00f6rung und die toten Zivilisten sowohl auf pal\u00e4stinensischer Seite heute sieht und auf israelischer Seite am 7. Oktober gesehen hat, wird dem UNO-Generalsekret\u00e4r zustimmen. Auch im Sinn der k\u00fcnftigen Sicherheit Israels. <\/p>\n\n\n\n<p>Die israelische Regierung hat die Gaza-Bewohner erst aufgefordert in den S\u00fcden des Landes zu fliehen, hat aber ihre Angriffe inzwischen auch auf den S\u00fcden &nbsp;ausgedehnt. Dort fragen die Bewohner jetzt verzweifelt, wohin sie noch fliehen sollen. Nach \u00c4gypten d\u00fcrfen sie auch nicht. Ihre Versorgung mit Wasser, Essen, Medikamenten und Energie ist zusammengebrochen. Die in Israel diskutierte Flutung des Tunnel-Systems mit Meer-Wasser k\u00f6nnte den gesamten Gaza-Streifen in eine unbewohnbare Salzw\u00fcste verwandeln.&nbsp;<\/p>\n\n\n\n<p>Dieser Krieg zerst\u00f6rt jede denkbare Aussicht auf eine friedliche L\u00f6sung irgendwann und damit auch die Sicherheit Israels. Noch nie sind in so kurzer Zeit in einem Krieg so viele UNO-Mitarbeiter und so viele Journalisten get\u00f6tet worden wie in den letzten Wochen in Gaza. Die UNO hat im Gaza bisher 150 tote Mitarbeiterinnen und Mitarbeiter zu beklagen \u2013 nach vier Wochen Krieg. Auf die Vernichtungssprache der Hamas gegen\u00fcber Israel antwortet die israelische Regierung mit einer ganz \u00e4hnlichen Vernichtungssprache gegen\u00fcber der Hamas. Diesen Hass und diese Gewalt m\u00fcssen wir \u00fcberwinden. Wir brauchen Kraft f\u00fcr Ver\u00e4nderungen.<\/p>\n\n\n\n<p>Guterres fordert \u201eFrieden um jeden Preis\u201c. Noch ist es dazu nicht zu sp\u00e4t. Jetzt ist der Weltsicherheitsrat, also die Weltm\u00e4chte, gefragt, einen Waffenstilstand zu organisieren. Dazu ist die UNO vor 75 Jahren gegr\u00fcndet worden. Wann wenn nicht jetzt?<\/p>\n\n\n\n<p>Bei den bisherigen Friedensbem\u00fchungen im Nahen Osten ist die Rolle der Religionen bei diesem Konflikt meist verdr\u00e4ngt oder vernachl\u00e4ssigt worden. Die pal\u00e4stinensischen Terroristen haben \u201eGott ist gro\u00df\u201c bei ihrem Massakern an israelischen Zivilisten gerufen und Teile der israelischen Regierung beruft sich mit den Siedlern im Westjordanland auf das Alte Testament. Mehr Gottesl\u00e4sterung geht gar nicht. <\/p>\n\n\n\n<p>Auch die \u201echristlichen\u201c Kreuzz\u00fcge waren nicht im Sinne des Bergpredigers. Alle drei abrahamischen Religionen sind wesentlich mit Schuld am jetzt hundertj\u00e4hrigen Schlamassel, am Chaos und der Gewalt im Nahen Osten. Religi\u00f6se Fundamentalisten m\u00f6gen rechtgl\u00e4ubig sein, menschlich sind sie nicht. Dabei k\u00f6nnten Religionen mit ihrer Grund-Botschaft von Frieden, Liebe, Vers\u00f6hnung und Mitgef\u00fchl einen wesentlichen Beitrag zur Vers\u00f6hnung leisten. Auch hier gilt: Wann, wenn nicht jetzt w\u00e4re es notwendig, sich aus der Hamas-Falle zu befreien?<\/p>\n\n\n\n<p>Ein Hoffnungsschimmer auch jetzt: Nach dem <a href=\"https:\/\/de.wikipedia.org\/wiki\/Jom-Kippur-Krieg\">Jom-Kippur-Krieg<\/a> gab es das Friedensabkommen zwischen \u00c4gypten und Israel. Nach der <a href=\"https:\/\/de.wikipedia.org\/wiki\/Erste_Intifada\">ersten Intifada<\/a> gab es die Friedensabkommen von Oslo und nach der <a href=\"https:\/\/de.wikipedia.org\/wiki\/Zweite_Intifada\">zweiten Intifada<\/a> den israelischen R\u00fcckzug aus dem Gaza-Streifen. Wenn nach 1945 Frieden zwischen Deutschland und Frankreich m\u00f6glich war, dann ist auch Frieden zwischen Israel und den Pal\u00e4stinensern m\u00f6glich. Vielleicht mit Hilfe der UNO und mutigen Religionsf\u00fchrern gerade jetzt. Sonst k\u00f6nnte Jerusalem noch der beste Ort sein, um Atheist zu werden. <\/p>\n\n\n\n<p>Der Dalai Lama sagt es so: \u201eWir werden zwar ohne Religion geboren, aber nicht ohne das Grundbed\u00fcrfnis nach Mitgef\u00fchl.\u201c Dazu geh\u00f6rt auch das Ur-Ethos aller Menschen aller Religionen und aller Weisheitslehren: \u201eDu sollst nicht t\u00f6ten.\u201c Mit Hilfe pazifistischer Religionsf\u00fchrer auf beiden Seiten kann vielleicht die Dynamik des Hasses und der Rache \u00fcberwunden werden. Wo wenn nicht im \u201eHeiligen Land\u201c?<\/p>\n\n\n\n<p>Vielleicht k\u00f6nnten dann im besten Fall beide Seiten erkennen: Das Land reicht f\u00fcr beide! Welch eine Chance f\u00fcr \u00f6konomische Kooperation, f\u00fcr Wohlstand, f\u00fcr Frieden und f\u00fcr eine nah\u00f6stliche wirtschaftliche Union nach dem Vorbild der Europ\u00e4ischen Union. Das war vor 80 Jahren in Europa so undenkbar wie heute in Nahost. Doch auch diese Vision wurde Realit\u00e4t.<\/p>\n\n\n\n<p>Gerade wir Deutsche k\u00f6nnten dabei helfen, auf beide Seiten des Konflikts zu schauen. Wir sind mit dem Trauma der Gewalt Im Nahen Osten verbunden. Die Traumata der Gewalt durch die <a href=\"https:\/\/de.wikipedia.org\/wiki\/Holocaust\">Shoa<\/a> und durch die <a href=\"https:\/\/de.wikipedia.org\/wiki\/Nakba\">Nakba<\/a> (Vertreibung der Pal\u00e4stinenser nach der Gr\u00fcndung Israels) l\u00e4sst sich nur durch ein klares Votum f\u00fcr Gewaltfreiheit von au\u00dfen stoppen. <\/p>\n\n\n\n<p>Dabei brauchen wir zun\u00e4chst eine politische Sprache, die das Existenzrecht beider V\u00f6lker anerkennt. Dann wird es vielleicht eines Tages auch m\u00f6glich, dass beide Konfliktparteien lernen, das Leid des Anderen zu verstehen, nachzuempfinden und anzuerkennen. Ein nachhaltiger und ehrenhafter Frieden wird m\u00f6glich durch eine Revolution des Mitgef\u00fchls. Daf\u00fcr ist es h\u00f6chste Zeit. Eine \u00dcberwindung der Spirale der Gewalt ist nur mit Hilfe der arabischen Staaten m\u00f6glich. Das Ziel muss ein gleichberechtigtes Zusammenleben der israelischen und der pal\u00e4stinensischen Bev\u00f6lkerung sein. Deutschland sollte sich f\u00fcr die Gr\u00fcndung einer Konferenz f\u00fcr Sicherheit und Zusammenarbeit im Mittleren und Nahen Osten (KSZMNO) einsetzen.<\/p>\n\n\n\n<p>Ich h\u00f6re immer wieder, dass dieser Konflikt unl\u00f6sbar sei. Das h\u00f6rte ich auch vor dem Fall der Berliner Mauer und vor der deutschen Wiedervereinigung. Dennoch ist die Mauer gefallen und Deutschland ist vereinigt. Die heutige Lage in Nahost ist so unertr\u00e4glich, dass versucht werden muss, das unm\u00f6glich Scheinende m\u00f6glich zu&nbsp; machen. Nur eine politische L\u00f6sung kann den Krieg \u00fcberwinden. Der erste Schritt hierzu: Israel h\u00e4lt sich im Gaza ans V\u00f6lkerrecht. Wer in der Politik nicht an Wunder glaubt, ist kein Realist.<\/p>\n\n\n\n<p>Sp\u00e4testens jetzt im Atomzeitalter m\u00fcssen wir Politik neu denken: Frieden ist n\u00f6tig und m\u00f6glich. Nicht weniger als unsere Menschlichkeit steht jetzt auf dem Spiel. F\u00fcr viele ist Frieden heute noch ein Traum. Doch ohne einen Traum vom Frieden wird es auch morgen keinen Frieden geben.<\/p>\n\n\n<h5 class=\"green\">Quelle<\/h5>\r\n\n\n\n<p><a href=\"mailto:franzalt@sonnenseite.com\">Franz Alt 2023<\/a><\/p>\n<div class=\"shariff shariff-align-flex-start shariff-widget-align-flex-start\"><div class=\"ShariffHeadline\">Diese Meldung teilen<\/div><ul class=\"shariff-buttons theme-round orientation-horizontal buttonsize-medium\"><li class=\"shariff-button facebook shariff-nocustomcolor\" style=\"background-color:#4273c8;border-radius:1%\"><a href=\"https:\/\/www.facebook.com\/sharer\/sharer.php?u=https%3A%2F%2Fwww.sonnenseite.com%2Fde%2Ffranz-alt%2Fkommentare-interviews%2Fisrael-in-der-hamas-falle%2F\" title=\"Bei Facebook teilen\" aria-label=\"Bei Facebook teilen\" role=\"button\" rel=\"nofollow\" class=\"shariff-link\" style=\";border-radius:1%; background-color:#3b5998; color:#fff\" target=\"_blank\"><span class=\"shariff-icon\" style=\"\"><svg width=\"32px\" height=\"20px\" xmlns=\"http:\/\/www.w3.org\/2000\/svg\" viewBox=\"0 0 18 32\"><path fill=\"#3b5998\" d=\"M17.1 0.2v4.7h-2.8q-1.5 0-2.1 0.6t-0.5 1.9v3.4h5.2l-0.7 5.3h-4.5v13.6h-5.5v-13.6h-4.5v-5.3h4.5v-3.9q0-3.3 1.9-5.2t5-1.8q2.6 0 4.1 0.2z\"\/><\/svg><\/span><\/a><\/li><li class=\"shariff-button twitter shariff-nocustomcolor\" style=\"background-color:#595959;border-radius:1%\"><a href=\"https:\/\/twitter.com\/share?url=https%3A%2F%2Fwww.sonnenseite.com%2Fde%2Ffranz-alt%2Fkommentare-interviews%2Fisrael-in-der-hamas-falle%2F&text=Israel%20in%20der%20Hamas-Falle\" title=\"Bei X teilen\" aria-label=\"Bei X teilen\" role=\"button\" rel=\"noopener nofollow\" class=\"shariff-link\" style=\";border-radius:1%; background-color:#000; color:#fff\" target=\"_blank\"><span class=\"shariff-icon\" style=\"\"><svg width=\"32px\" height=\"20px\" xmlns=\"http:\/\/www.w3.org\/2000\/svg\" viewBox=\"0 0 24 24\"><path fill=\"#000\" d=\"M14.258 10.152L23.176 0h-2.113l-7.747 8.813L7.133 0H0l9.352 13.328L0 23.973h2.113l8.176-9.309 6.531 9.309h7.133zm-2.895 3.293l-.949-1.328L2.875 1.56h3.246l6.086 8.523.945 1.328 7.91 11.078h-3.246zm0 0\"\/><\/svg><\/span><\/a><\/li><li class=\"shariff-button xing shariff-nocustomcolor\" style=\"background-color:#29888a;border-radius:1%\"><a href=\"https:\/\/www.xing.com\/spi\/shares\/new?url=https%3A%2F%2Fwww.sonnenseite.com%2Fde%2Ffranz-alt%2Fkommentare-interviews%2Fisrael-in-der-hamas-falle%2F\" title=\"Bei XING teilen\" aria-label=\"Bei XING teilen\" role=\"button\" rel=\"noopener nofollow\" class=\"shariff-link\" style=\";border-radius:1%; background-color:#126567; color:#fff\" target=\"_blank\"><span class=\"shariff-icon\" style=\"\"><svg width=\"32px\" height=\"20px\" xmlns=\"http:\/\/www.w3.org\/2000\/svg\" viewBox=\"0 0 25 32\"><path fill=\"#126567\" d=\"M10.7 11.9q-0.2 0.3-4.6 8.2-0.5 0.8-1.2 0.8h-4.3q-0.4 0-0.5-0.3t0-0.6l4.5-8q0 0 0 0l-2.9-5q-0.2-0.4 0-0.7 0.2-0.3 0.5-0.3h4.3q0.7 0 1.2 0.8zM25.1 0.4q0.2 0.3 0 0.7l-9.4 16.7 6 11q0.2 0.4 0 0.6-0.2 0.3-0.6 0.3h-4.3q-0.7 0-1.2-0.8l-6-11.1q0.3-0.6 9.5-16.8 0.4-0.8 1.2-0.8h4.3q0.4 0 0.5 0.3z\"\/><\/svg><\/span><\/a><\/li><li class=\"shariff-button linkedin shariff-nocustomcolor\" style=\"background-color:#1488bf;border-radius:1%\"><a href=\"https:\/\/www.linkedin.com\/sharing\/share-offsite\/?url=https%3A%2F%2Fwww.sonnenseite.com%2Fde%2Ffranz-alt%2Fkommentare-interviews%2Fisrael-in-der-hamas-falle%2F\" title=\"Bei LinkedIn teilen\" aria-label=\"Bei LinkedIn teilen\" role=\"button\" rel=\"noopener nofollow\" class=\"shariff-link\" style=\";border-radius:1%; background-color:#0077b5; color:#fff\" target=\"_blank\"><span class=\"shariff-icon\" style=\"\"><svg width=\"32px\" height=\"20px\" xmlns=\"http:\/\/www.w3.org\/2000\/svg\" viewBox=\"0 0 27 32\"><path fill=\"#0077b5\" d=\"M6.2 11.2v17.7h-5.9v-17.7h5.9zM6.6 5.7q0 1.3-0.9 2.2t-2.4 0.9h0q-1.5 0-2.4-0.9t-0.9-2.2 0.9-2.2 2.4-0.9 2.4 0.9 0.9 2.2zM27.4 18.7v10.1h-5.9v-9.5q0-1.9-0.7-2.9t-2.3-1.1q-1.1 0-1.9 0.6t-1.2 1.5q-0.2 0.5-0.2 1.4v9.9h-5.9q0-7.1 0-11.6t0-5.3l0-0.9h5.9v2.6h0q0.4-0.6 0.7-1t1-0.9 1.6-0.8 2-0.3q3 0 4.9 2t1.9 6z\"\/><\/svg><\/span><\/a><\/li><li class=\"shariff-button printer shariff-nocustomcolor\" style=\"background-color:#a8a8a8;border-radius:1%\"><a href=\"javascript:window.print()\" title=\"drucken\" aria-label=\"drucken\" role=\"button\" rel=\"noopener nofollow\" class=\"shariff-link\" style=\";border-radius:1%; background-color:#999; color:#fff\"><span class=\"shariff-icon\" style=\"\"><svg width=\"32px\" height=\"20px\" xmlns=\"http:\/\/www.w3.org\/2000\/svg\" viewBox=\"0 0 30 32\"><path fill=\"#999\" d=\"M6.8 27.4h16v-4.6h-16v4.6zM6.8 16h16v-6.8h-2.8q-0.7 0-1.2-0.5t-0.5-1.2v-2.8h-11.4v11.4zM27.4 17.2q0-0.5-0.3-0.8t-0.8-0.4-0.8 0.4-0.3 0.8 0.3 0.8 0.8 0.3 0.8-0.3 0.3-0.8zM29.7 17.2v7.4q0 0.2-0.2 0.4t-0.4 0.2h-4v2.8q0 0.7-0.5 1.2t-1.2 0.5h-17.2q-0.7 0-1.2-0.5t-0.5-1.2v-2.8h-4q-0.2 0-0.4-0.2t-0.2-0.4v-7.4q0-1.4 1-2.4t2.4-1h1.2v-9.7q0-0.7 0.5-1.2t1.2-0.5h12q0.7 0 1.6 0.4t1.3 0.8l2.7 2.7q0.5 0.5 0.9 1.4t0.4 1.6v4.6h1.1q1.4 0 2.4 1t1 2.4z\"\/><\/svg><\/span><\/a><\/li><li class=\"shariff-button mailto shariff-nocustomcolor\" style=\"background-color:#a8a8a8;border-radius:1%\"><a href=\"mailto:?body=https%3A%2F%2Fwww.sonnenseite.com%2Fde%2Ffranz-alt%2Fkommentare-interviews%2Fisrael-in-der-hamas-falle%2F&subject=Israel%20in%20der%20Hamas-Falle\" title=\"Per E-Mail versenden\" aria-label=\"Per E-Mail versenden\" role=\"button\" rel=\"noopener nofollow\" class=\"shariff-link\" style=\";border-radius:1%; background-color:#999; color:#fff\"><span class=\"shariff-icon\" style=\"\"><svg width=\"32px\" height=\"20px\" xmlns=\"http:\/\/www.w3.org\/2000\/svg\" viewBox=\"0 0 32 32\"><path fill=\"#999\" d=\"M32 12.7v14.2q0 1.2-0.8 2t-2 0.9h-26.3q-1.2 0-2-0.9t-0.8-2v-14.2q0.8 0.9 1.8 1.6 6.5 4.4 8.9 6.1 1 0.8 1.6 1.2t1.7 0.9 2 0.4h0.1q0.9 0 2-0.4t1.7-0.9 1.6-1.2q3-2.2 8.9-6.1 1-0.7 1.8-1.6zM32 7.4q0 1.4-0.9 2.7t-2.2 2.2q-6.7 4.7-8.4 5.8-0.2 0.1-0.7 0.5t-1 0.7-0.9 0.6-1.1 0.5-0.9 0.2h-0.1q-0.4 0-0.9-0.2t-1.1-0.5-0.9-0.6-1-0.7-0.7-0.5q-1.6-1.1-4.7-3.2t-3.6-2.6q-1.1-0.7-2.1-2t-1-2.5q0-1.4 0.7-2.3t2.1-0.9h26.3q1.2 0 2 0.8t0.9 2z\"\/><\/svg><\/span><\/a><\/li><\/ul><\/div>","protected":false},"excerpt":{"rendered":"<p>Die pal\u00e4stinensische Terror-Organisation Hamas hat am 7. Oktober 2023 etwa 1.200 Israelis get\u00f6tet und 240 Geiseln [&hellip;]<\/p>\n","protected":false},"author":3,"featured_media":17990,"comment_status":"closed","ping_status":"closed","sticky":false,"template":"","format":"standard","meta":{"inline_featured_image":false,"footnotes":""},"categories":[29],"tags":[],"class_list":["post-96024","post","type-post","status-publish","format-standard","has-post-thumbnail","hentry","category-kommentare-interviews"],"yoast_head":"<!-- This site is optimized with the Yoast SEO plugin v26.5 - https:\/\/yoast.com\/wordpress\/plugins\/seo\/ -->\n<title>Israel in der Hamas-Falle - Sonnenseite - \u00d6kologische Kommunikation mit Franz Alt<\/title>\n<meta name=\"description\" content=\"Die pal\u00e4stinensische Terror-Organisation Hamas hat am 7. Oktober 2023 etwa 1.200 Israelis get\u00f6tet und 240 Geiseln entf\u00fchrt. In einem Rachefeldzug hat die\" \/>\n<meta name=\"robots\" content=\"index, follow, max-snippet:-1, max-image-preview:large, max-video-preview:-1\" \/>\n<link rel=\"canonical\" href=\"https:\/\/www.sonnenseite.com\/de\/franz-alt\/kommentare-interviews\/israel-in-der-hamas-falle\/\" \/>\n<meta property=\"og:locale\" content=\"de_DE\" \/>\n<meta property=\"og:type\" content=\"article\" \/>\n<meta property=\"og:title\" content=\"Israel in der Hamas-Falle - Sonnenseite - \u00d6kologische Kommunikation mit Franz Alt\" \/>\n<meta property=\"og:description\" content=\"Die pal\u00e4stinensische Terror-Organisation Hamas hat am 7. Oktober 2023 etwa 1.200 Israelis get\u00f6tet und 240 Geiseln entf\u00fchrt. In einem Rachefeldzug hat die\" \/>\n<meta property=\"og:url\" content=\"https:\/\/www.sonnenseite.com\/de\/franz-alt\/kommentare-interviews\/israel-in-der-hamas-falle\/\" \/>\n<meta property=\"og:site_name\" content=\"Sonnenseite\" \/>\n<meta property=\"article:publisher\" content=\"https:\/\/www.facebook.com\/pages\/Franz-Alt-SONNENSEITECOM\/221072987903953?fref=ts\" \/>\n<meta property=\"article:published_time\" content=\"2023-12-09T15:50:09+00:00\" \/>\n<meta property=\"article:modified_time\" content=\"2023-12-18T15:30:18+00:00\" \/>\n<meta property=\"og:image\" content=\"https:\/\/www.sonnenseite.com\/wp-content\/uploads\/2018\/05\/IsraelPalaestina_get4net.jpg\" \/>\n\t<meta property=\"og:image:width\" content=\"770\" \/>\n\t<meta property=\"og:image:height\" content=\"420\" \/>\n\t<meta property=\"og:image:type\" content=\"image\/jpeg\" \/>\n<meta name=\"author\" content=\"Bigi Alt\" \/>\n<meta name=\"twitter:card\" content=\"summary_large_image\" \/>\n<meta name=\"twitter:creator\" content=\"@franzalt\" \/>\n<meta name=\"twitter:site\" content=\"@franzalt\" \/>\n<meta name=\"twitter:label1\" content=\"Verfasst von\" \/>\n\t<meta name=\"twitter:data1\" content=\"Bigi Alt\" \/>\n\t<meta name=\"twitter:label2\" content=\"Gesch\u00e4tzte Lesezeit\" \/>\n\t<meta name=\"twitter:data2\" content=\"7\u00a0Minuten\" \/>\n<script type=\"application\/ld+json\" class=\"yoast-schema-graph\">{\"@context\":\"https:\/\/schema.org\",\"@graph\":[{\"@type\":\"Article\",\"@id\":\"https:\/\/www.sonnenseite.com\/de\/franz-alt\/kommentare-interviews\/israel-in-der-hamas-falle\/#article\",\"isPartOf\":{\"@id\":\"https:\/\/www.sonnenseite.com\/de\/franz-alt\/kommentare-interviews\/israel-in-der-hamas-falle\/\"},\"author\":{\"name\":\"Bigi Alt\",\"@id\":\"https:\/\/www.sonnenseite.com\/de\/#\/schema\/person\/50fda0e926597684c7cc6695238a4eb9\"},\"headline\":\"Israel in der Hamas-Falle\",\"datePublished\":\"2023-12-09T15:50:09+00:00\",\"dateModified\":\"2023-12-18T15:30:18+00:00\",\"mainEntityOfPage\":{\"@id\":\"https:\/\/www.sonnenseite.com\/de\/franz-alt\/kommentare-interviews\/israel-in-der-hamas-falle\/\"},\"wordCount\":1259,\"publisher\":{\"@id\":\"https:\/\/www.sonnenseite.com\/de\/#organization\"},\"image\":{\"@id\":\"https:\/\/www.sonnenseite.com\/de\/franz-alt\/kommentare-interviews\/israel-in-der-hamas-falle\/#primaryimage\"},\"thumbnailUrl\":\"https:\/\/www.sonnenseite.com\/wp-content\/uploads\/2018\/05\/IsraelPalaestina_get4net.jpg\",\"articleSection\":[\"Kommentare &amp; Interviews\"],\"inLanguage\":\"de\"},{\"@type\":\"WebPage\",\"@id\":\"https:\/\/www.sonnenseite.com\/de\/franz-alt\/kommentare-interviews\/israel-in-der-hamas-falle\/\",\"url\":\"https:\/\/www.sonnenseite.com\/de\/franz-alt\/kommentare-interviews\/israel-in-der-hamas-falle\/\",\"name\":\"Israel in der Hamas-Falle - Sonnenseite - \u00d6kologische Kommunikation mit Franz Alt\",\"isPartOf\":{\"@id\":\"https:\/\/www.sonnenseite.com\/de\/#website\"},\"primaryImageOfPage\":{\"@id\":\"https:\/\/www.sonnenseite.com\/de\/franz-alt\/kommentare-interviews\/israel-in-der-hamas-falle\/#primaryimage\"},\"image\":{\"@id\":\"https:\/\/www.sonnenseite.com\/de\/franz-alt\/kommentare-interviews\/israel-in-der-hamas-falle\/#primaryimage\"},\"thumbnailUrl\":\"https:\/\/www.sonnenseite.com\/wp-content\/uploads\/2018\/05\/IsraelPalaestina_get4net.jpg\",\"datePublished\":\"2023-12-09T15:50:09+00:00\",\"dateModified\":\"2023-12-18T15:30:18+00:00\",\"description\":\"Die pal\u00e4stinensische Terror-Organisation Hamas hat am 7. Oktober 2023 etwa 1.200 Israelis get\u00f6tet und 240 Geiseln entf\u00fchrt. In einem Rachefeldzug hat die\",\"breadcrumb\":{\"@id\":\"https:\/\/www.sonnenseite.com\/de\/franz-alt\/kommentare-interviews\/israel-in-der-hamas-falle\/#breadcrumb\"},\"inLanguage\":\"de\",\"potentialAction\":[{\"@type\":\"ReadAction\",\"target\":[\"https:\/\/www.sonnenseite.com\/de\/franz-alt\/kommentare-interviews\/israel-in-der-hamas-falle\/\"]}]},{\"@type\":\"ImageObject\",\"inLanguage\":\"de\",\"@id\":\"https:\/\/www.sonnenseite.com\/de\/franz-alt\/kommentare-interviews\/israel-in-der-hamas-falle\/#primaryimage\",\"url\":\"https:\/\/www.sonnenseite.com\/wp-content\/uploads\/2018\/05\/IsraelPalaestina_get4net.jpg\",\"contentUrl\":\"https:\/\/www.sonnenseite.com\/wp-content\/uploads\/2018\/05\/IsraelPalaestina_get4net.jpg\",\"width\":770,\"height\":420,\"caption\":\"ClipDealer.com | get4net\"},{\"@type\":\"BreadcrumbList\",\"@id\":\"https:\/\/www.sonnenseite.com\/de\/franz-alt\/kommentare-interviews\/israel-in-der-hamas-falle\/#breadcrumb\",\"itemListElement\":[{\"@type\":\"ListItem\",\"position\":1,\"name\":\"Startseite\",\"item\":\"https:\/\/www.sonnenseite.com\/de\/\"},{\"@type\":\"ListItem\",\"position\":2,\"name\":\"Israel in der Hamas-Falle\"}]},{\"@type\":\"WebSite\",\"@id\":\"https:\/\/www.sonnenseite.com\/de\/#website\",\"url\":\"https:\/\/www.sonnenseite.com\/de\/\",\"name\":\"Sonnenseite\",\"description\":\"\u00d6kologische Kommunikation mit Franz Alt\",\"publisher\":{\"@id\":\"https:\/\/www.sonnenseite.com\/de\/#organization\"},\"potentialAction\":[{\"@type\":\"SearchAction\",\"target\":{\"@type\":\"EntryPoint\",\"urlTemplate\":\"https:\/\/www.sonnenseite.com\/de\/?s={search_term_string}\"},\"query-input\":{\"@type\":\"PropertyValueSpecification\",\"valueRequired\":true,\"valueName\":\"search_term_string\"}}],\"inLanguage\":\"de\"},{\"@type\":\"Organization\",\"@id\":\"https:\/\/www.sonnenseite.com\/de\/#organization\",\"name\":\"Sonnenseite\",\"url\":\"https:\/\/www.sonnenseite.com\/de\/\",\"logo\":{\"@type\":\"ImageObject\",\"inLanguage\":\"de\",\"@id\":\"https:\/\/www.sonnenseite.com\/de\/#\/schema\/logo\/image\/\",\"url\":\"https:\/\/www.sonnenseite.com\/wp-content\/uploads\/2020\/05\/Sonnenseite_Logo.png\",\"contentUrl\":\"https:\/\/www.sonnenseite.com\/wp-content\/uploads\/2020\/05\/Sonnenseite_Logo.png\",\"width\":377,\"height\":90,\"caption\":\"Sonnenseite\"},\"image\":{\"@id\":\"https:\/\/www.sonnenseite.com\/de\/#\/schema\/logo\/image\/\"},\"sameAs\":[\"https:\/\/www.facebook.com\/pages\/Franz-Alt-SONNENSEITECOM\/221072987903953?fref=ts\",\"https:\/\/x.com\/franzalt\",\"http:\/\/www.youtube.com\/results?search_query&amp;amp;quot;franz_alt&amp;amp;quot;&amp;amp;amp;amp;search_type&amp;amp;amp;amp;aq=f\"]},{\"@type\":\"Person\",\"@id\":\"https:\/\/www.sonnenseite.com\/de\/#\/schema\/person\/50fda0e926597684c7cc6695238a4eb9\",\"name\":\"Bigi Alt\"}]}<\/script>\n<!-- \/ Yoast SEO plugin. -->","yoast_head_json":{"title":"Israel in der Hamas-Falle - Sonnenseite - \u00d6kologische Kommunikation mit Franz Alt","description":"Die pal\u00e4stinensische Terror-Organisation Hamas hat am 7. Oktober 2023 etwa 1.200 Israelis get\u00f6tet und 240 Geiseln entf\u00fchrt. In einem Rachefeldzug hat die","robots":{"index":"index","follow":"follow","max-snippet":"max-snippet:-1","max-image-preview":"max-image-preview:large","max-video-preview":"max-video-preview:-1"},"canonical":"https:\/\/www.sonnenseite.com\/de\/franz-alt\/kommentare-interviews\/israel-in-der-hamas-falle\/","og_locale":"de_DE","og_type":"article","og_title":"Israel in der Hamas-Falle - Sonnenseite - \u00d6kologische Kommunikation mit Franz Alt","og_description":"Die pal\u00e4stinensische Terror-Organisation Hamas hat am 7. Oktober 2023 etwa 1.200 Israelis get\u00f6tet und 240 Geiseln entf\u00fchrt. In einem Rachefeldzug hat die","og_url":"https:\/\/www.sonnenseite.com\/de\/franz-alt\/kommentare-interviews\/israel-in-der-hamas-falle\/","og_site_name":"Sonnenseite","article_publisher":"https:\/\/www.facebook.com\/pages\/Franz-Alt-SONNENSEITECOM\/221072987903953?fref=ts","article_published_time":"2023-12-09T15:50:09+00:00","article_modified_time":"2023-12-18T15:30:18+00:00","og_image":[{"width":770,"height":420,"url":"https:\/\/www.sonnenseite.com\/wp-content\/uploads\/2018\/05\/IsraelPalaestina_get4net.jpg","type":"image\/jpeg"}],"author":"Bigi Alt","twitter_card":"summary_large_image","twitter_creator":"@franzalt","twitter_site":"@franzalt","twitter_misc":{"Verfasst von":"Bigi Alt","Gesch\u00e4tzte Lesezeit":"7\u00a0Minuten"},"schema":{"@context":"https:\/\/schema.org","@graph":[{"@type":"Article","@id":"https:\/\/www.sonnenseite.com\/de\/franz-alt\/kommentare-interviews\/israel-in-der-hamas-falle\/#article","isPartOf":{"@id":"https:\/\/www.sonnenseite.com\/de\/franz-alt\/kommentare-interviews\/israel-in-der-hamas-falle\/"},"author":{"name":"Bigi Alt","@id":"https:\/\/www.sonnenseite.com\/de\/#\/schema\/person\/50fda0e926597684c7cc6695238a4eb9"},"headline":"Israel in der Hamas-Falle","datePublished":"2023-12-09T15:50:09+00:00","dateModified":"2023-12-18T15:30:18+00:00","mainEntityOfPage":{"@id":"https:\/\/www.sonnenseite.com\/de\/franz-alt\/kommentare-interviews\/israel-in-der-hamas-falle\/"},"wordCount":1259,"publisher":{"@id":"https:\/\/www.sonnenseite.com\/de\/#organization"},"image":{"@id":"https:\/\/www.sonnenseite.com\/de\/franz-alt\/kommentare-interviews\/israel-in-der-hamas-falle\/#primaryimage"},"thumbnailUrl":"https:\/\/www.sonnenseite.com\/wp-content\/uploads\/2018\/05\/IsraelPalaestina_get4net.jpg","articleSection":["Kommentare &amp; Interviews"],"inLanguage":"de"},{"@type":"WebPage","@id":"https:\/\/www.sonnenseite.com\/de\/franz-alt\/kommentare-interviews\/israel-in-der-hamas-falle\/","url":"https:\/\/www.sonnenseite.com\/de\/franz-alt\/kommentare-interviews\/israel-in-der-hamas-falle\/","name":"Israel in der Hamas-Falle - Sonnenseite - \u00d6kologische Kommunikation mit Franz Alt","isPartOf":{"@id":"https:\/\/www.sonnenseite.com\/de\/#website"},"primaryImageOfPage":{"@id":"https:\/\/www.sonnenseite.com\/de\/franz-alt\/kommentare-interviews\/israel-in-der-hamas-falle\/#primaryimage"},"image":{"@id":"https:\/\/www.sonnenseite.com\/de\/franz-alt\/kommentare-interviews\/israel-in-der-hamas-falle\/#primaryimage"},"thumbnailUrl":"https:\/\/www.sonnenseite.com\/wp-content\/uploads\/2018\/05\/IsraelPalaestina_get4net.jpg","datePublished":"2023-12-09T15:50:09+00:00","dateModified":"2023-12-18T15:30:18+00:00","description":"Die pal\u00e4stinensische Terror-Organisation Hamas hat am 7. Oktober 2023 etwa 1.200 Israelis get\u00f6tet und 240 Geiseln entf\u00fchrt. In einem Rachefeldzug hat die","breadcrumb":{"@id":"https:\/\/www.sonnenseite.com\/de\/franz-alt\/kommentare-interviews\/israel-in-der-hamas-falle\/#breadcrumb"},"inLanguage":"de","potentialAction":[{"@type":"ReadAction","target":["https:\/\/www.sonnenseite.com\/de\/franz-alt\/kommentare-interviews\/israel-in-der-hamas-falle\/"]}]},{"@type":"ImageObject","inLanguage":"de","@id":"https:\/\/www.sonnenseite.com\/de\/franz-alt\/kommentare-interviews\/israel-in-der-hamas-falle\/#primaryimage","url":"https:\/\/www.sonnenseite.com\/wp-content\/uploads\/2018\/05\/IsraelPalaestina_get4net.jpg","contentUrl":"https:\/\/www.sonnenseite.com\/wp-content\/uploads\/2018\/05\/IsraelPalaestina_get4net.jpg","width":770,"height":420,"caption":"ClipDealer.com | get4net"},{"@type":"BreadcrumbList","@id":"https:\/\/www.sonnenseite.com\/de\/franz-alt\/kommentare-interviews\/israel-in-der-hamas-falle\/#breadcrumb","itemListElement":[{"@type":"ListItem","position":1,"name":"Startseite","item":"https:\/\/www.sonnenseite.com\/de\/"},{"@type":"ListItem","position":2,"name":"Israel in der Hamas-Falle"}]},{"@type":"WebSite","@id":"https:\/\/www.sonnenseite.com\/de\/#website","url":"https:\/\/www.sonnenseite.com\/de\/","name":"Sonnenseite","description":"\u00d6kologische Kommunikation mit Franz Alt","publisher":{"@id":"https:\/\/www.sonnenseite.com\/de\/#organization"},"potentialAction":[{"@type":"SearchAction","target":{"@type":"EntryPoint","urlTemplate":"https:\/\/www.sonnenseite.com\/de\/?s={search_term_string}"},"query-input":{"@type":"PropertyValueSpecification","valueRequired":true,"valueName":"search_term_string"}}],"inLanguage":"de"},{"@type":"Organization","@id":"https:\/\/www.sonnenseite.com\/de\/#organization","name":"Sonnenseite","url":"https:\/\/www.sonnenseite.com\/de\/","logo":{"@type":"ImageObject","inLanguage":"de","@id":"https:\/\/www.sonnenseite.com\/de\/#\/schema\/logo\/image\/","url":"https:\/\/www.sonnenseite.com\/wp-content\/uploads\/2020\/05\/Sonnenseite_Logo.png","contentUrl":"https:\/\/www.sonnenseite.com\/wp-content\/uploads\/2020\/05\/Sonnenseite_Logo.png","width":377,"height":90,"caption":"Sonnenseite"},"image":{"@id":"https:\/\/www.sonnenseite.com\/de\/#\/schema\/logo\/image\/"},"sameAs":["https:\/\/www.facebook.com\/pages\/Franz-Alt-SONNENSEITECOM\/221072987903953?fref=ts","https:\/\/x.com\/franzalt","http:\/\/www.youtube.com\/results?search_query&amp;amp;quot;franz_alt&amp;amp;quot;&amp;amp;amp;amp;search_type&amp;amp;amp;amp;aq=f"]},{"@type":"Person","@id":"https:\/\/www.sonnenseite.com\/de\/#\/schema\/person\/50fda0e926597684c7cc6695238a4eb9","name":"Bigi Alt"}]}},"_links":{"self":[{"href":"https:\/\/www.sonnenseite.com\/de\/wp-json\/wp\/v2\/posts\/96024","targetHints":{"allow":["GET"]}}],"collection":[{"href":"https:\/\/www.sonnenseite.com\/de\/wp-json\/wp\/v2\/posts"}],"about":[{"href":"https:\/\/www.sonnenseite.com\/de\/wp-json\/wp\/v2\/types\/post"}],"author":[{"embeddable":true,"href":"https:\/\/www.sonnenseite.com\/de\/wp-json\/wp\/v2\/users\/3"}],"replies":[{"embeddable":true,"href":"https:\/\/www.sonnenseite.com\/de\/wp-json\/wp\/v2\/comments?post=96024"}],"version-history":[{"count":3,"href":"https:\/\/www.sonnenseite.com\/de\/wp-json\/wp\/v2\/posts\/96024\/revisions"}],"predecessor-version":[{"id":96034,"href":"https:\/\/www.sonnenseite.com\/de\/wp-json\/wp\/v2\/posts\/96024\/revisions\/96034"}],"wp:featuredmedia":[{"embeddable":true,"href":"https:\/\/www.sonnenseite.com\/de\/wp-json\/wp\/v2\/media\/17990"}],"wp:attachment":[{"href":"https:\/\/www.sonnenseite.com\/de\/wp-json\/wp\/v2\/media?parent=96024"}],"wp:term":[{"taxonomy":"category","embeddable":true,"href":"https:\/\/www.sonnenseite.com\/de\/wp-json\/wp\/v2\/categories?post=96024"},{"taxonomy":"post_tag","embeddable":true,"href":"https:\/\/www.sonnenseite.com\/de\/wp-json\/wp\/v2\/tags?post=96024"}],"curies":[{"name":"wp","href":"https:\/\/api.w.org\/{rel}","templated":true}]}}