{"id":96039,"date":"2023-12-10T15:39:29","date_gmt":"2023-12-10T14:39:29","guid":{"rendered":"https:\/\/www.sonnenseite.com\/?p=96039"},"modified":"2023-12-25T09:49:18","modified_gmt":"2023-12-25T08:49:18","slug":"75-jahre-allgemeine-erklaerung-der-menschenrechte-ein-grund-zum-feiern","status":"publish","type":"post","link":"https:\/\/www.sonnenseite.com\/de\/politik\/75-jahre-allgemeine-erklaerung-der-menschenrechte-ein-grund-zum-feiern\/","title":{"rendered":"75 Jahre Allgemeine Erkl\u00e4rung der Menschenrechte &#8211; ein Grund zum Feiern?"},"content":{"rendered":"\n<p>F\u00fcr C<a href=\"http:\/\/www.christophquarch.de\">hristoph Quarch<\/a> ein Anlass zu einer leidenschaftlichen Kampagne f\u00fcr den Humanismus bei gleichzeitigem Abschied vom Neoliberalismus.<br><br><em>Am 10. Dezember j\u00e4hrt sich zum 75. Mal die Verk\u00fcndung der <\/em><a href=\"https:\/\/www.bpb.de\/themen\/recht-justiz\/dossier-menschenrechte\/38624\/allgemeine-erklaerung-der-menschenrechte\/\" target=\"_blank\" rel=\"noreferrer noopener\">Allgemeinen Erkl\u00e4rung der Menschenrechte<\/a><em>. Zum ersten Mal in der Geschichte wurde damit ein Dokument geschaffen, das den Anspruch erhebt, ein ethisches Fundament f\u00fcr das globale Miteinander zu formulieren \u2013 dessen Orientierungskraft allerdings seit Jahren erodiert: Der globale S\u00fcden, die arabische Welt aber auch Autokratien wie die Volksrepublik China stellen die Geltung der Allgemeinen Erkl\u00e4rung der Menschenrechte in Frage und erheben den Vorwurf, sie sei ein rein westliches Projekt. Haben die Menschenrechte ihre Strahlkraft eingeb\u00fc\u00dft? Dar\u00fcber reden wir mit dem Philosophen Christoph Quarch.<\/em><br><br><strong>Herr Quarch, sind 75 Jahre Allgemeine Erkl\u00e4rung der Menschenrechte f\u00fcr Sie ein Grund zum Feiern?<\/strong><br><br>Unbedingt. Bei allen m\u00f6glichen Vorbehalten gegen\u00fcber der Entstehung und dem Wortlaut der Erkl\u00e4rung, muss man doch sagen, dass ihr Geist und Inhalt \u00fcber allen Zweifeln erhaben sind. Die drei\u00dfig Artikel beschreiben nicht mehr und nicht weniger als die Bedingungen, die f\u00fcr ein menschenw\u00fcrdiges Leben erf\u00fcllt sein m\u00fcssen. Und es ist eine gro\u00dfe zivilisatorische Errungenschaft, einen Rechtsanspruch auf diese Bedingungen zu formulieren. Wo immer die W\u00fcrde von Menschen verletzt wird, ist es nun m\u00f6glich, unter Bezugnahme auf die UNO-Erkl\u00e4rung zu intervenieren und die Wahrung der Menschenrechte einzufordern.<br><br><strong>Organisationen wie\u00a0amnesty internationalprangern Jahr f\u00fcr Jahr mehr Menschenrechtsverletzungen an. Auch die Geltung der Menschenrechte wird zunehmend infrage gestellt. Wie berechtigt ist der Vorwurf, dass es sich bei ihnen um ein rein westliches Projekt handelt?<\/strong><br><br>Dass die Erkl\u00e4rung der Menschenrechte aus der europ\u00e4ischen Philosophie hervorgegangen ist, kann nicht bestritten werden. Es ist allerdings die Frage, ob man ihr das zum Vorwurf machen muss. Auch die moderne Wissenschaft und Medizin sind Erzeugnisse der europ\u00e4ischen Geistesgeschichte, aber man bedient sich ihrer trotzdem. Wahrscheinlich, weil sie unstrittige Erfolge dabei haben, das Wohlergehen der Menschen zu verbessern. Und k\u00f6nnte es nicht sein, dass es sich mit den Menschenrechten \u00e4hnlich verh\u00e4lt? Es ist doch kein Zufall, dass die globalen Fl\u00fcchtlingsstr\u00f6me immer die gleiche Richtung aufweisen: dorthin, wo die Menschenrechte geachtet werden und wo folglich ein w\u00fcrdevolles Leben m\u00f6glich ist.<br><br><strong>Was aber, wenn ausl\u00e4ndische Potentaten sich mit dem Hinweis auf die westlichen Wurzeln der Menschenrechte jegliche Kritik verbieten? Ist dann nicht jede \u201ewertebasierte Au\u00dfenpolitik&#8220; \u2013 wie Frau Baerbock sie vertritt \u2013 vergebliche Liebesm\u00fch?<\/strong><br><br>Ja und Nein. Ja, insofern man nicht erwarten kann, dass sich L\u00e4nder wie China, Saudi-Arabien oder der Iran von Appellen dieser Art beeindrucken lassen. China l\u00e4sst jede Intervention als Einmischung in die inneren Angelegenheiten abperlen, islamische Staaten verweisen auf ihre religi\u00f6sen Rechtskonzepte. Aber deswegen zu fordern, Deutschland oder der Westen sollten darauf verzichten, die Menschenrechte geltend zu machen, w\u00e4re die falsche Konsequenz. Nichts ist in der internationalen Politik sch\u00e4dlicher, als die eigenen Werte zu verleugnen oder den Eindruck zu erwecken, dass man selbst nicht an sie glaubt. Nein: Gerade im Gegen\u00fcber zu Autokratien oder einem aggressiven politischen Islam ist das konsequente Eintreten f\u00fcr die Menschenrechte der einzige Wege, sich Glaubw\u00fcrdigkeit und Respekt zu verschaffen.<br><br><strong>Aber ist es da nicht hinderlich, wenn man seinen eigenen Anspr\u00fcchen nicht gerecht wird und sich Doppelmoral vorwerfen lassen muss; etwa in der Migrationspolitik, wo man einerseits auf die Einhaltung der Menschenrechte pocht und andererseits zul\u00e4sst, dass Fl\u00fcchtlinge im Mittelmeer ertrinken?<\/strong><br><br>Der Vorwurf der Doppelmoral ist insofern nicht ganz unberechtigt, als die westliche Welt unter einer Art Schizophrenie leitet. Wir glauben an die humanistischen Werte, die in den Menschrechten operationalisiert worden sind. Und wie sollten wir auch nicht, wo sie doch intuitiv plausibel und gut begr\u00fcndet sind? Gleichzeitig aber folgen wir einem Menschenbild, das mit den Menschenrechten inkompatibel ist: Wir tun so, als sei der Mensch ein rationaler Egoist, der nur seinen eigenen Vorteil verfolgt. Dieses Menschenbild ist eingegossen in die Fundamente der globalen \u00d6konomie, deren Macht- und Profitgier einer der Hauptgr\u00fcnde globaler Menschenrechtsverletzungen ist. Das hei\u00dft: Der Westen hat das falsche Menschenbild globalisiert und muss mit ansehen, dass seine richtige Ethik regionalisiert wird. Genau das muss dringend revidiert werden. Dazu k\u00f6nnte dieses Jubil\u00e4um ein guter Anlass sein \u2013 ein Anlass zu einer leidenschaftlichen Kampagne f\u00fcr den Humanismus bei gleichzeitigem Abschied vom Neoliberalismus.\u00a0<\/p>\n\n\n\n<p>In diesem Sinne w\u00fcnschen wir einen erbaulichen 2. Advent, herzlich <a href=\"http:\/\/www.christophquarch.de\">Christoph und Christine Quarch<\/a><\/p>\n\n\n<div class=\"wp-block-image\">\n<figure class=\"alignright size-full\"><img loading=\"lazy\" decoding=\"async\" width=\"367\" height=\"225\" src=\"https:\/\/www.sonnenseite.com\/wp-content\/uploads\/2023\/12\/ChristophQuarch.png\" alt=\"\" class=\"wp-image-96041\" srcset=\"https:\/\/www.sonnenseite.com\/wp-content\/uploads\/2023\/12\/ChristophQuarch.png 367w, https:\/\/www.sonnenseite.com\/wp-content\/uploads\/2023\/12\/ChristophQuarch-300x184.png 300w\" sizes=\"auto, (max-width: 367px) 100vw, 367px\" \/><\/figure>\n<\/div>\n\n\n<ul class=\"wp-block-list\">\n<li><em>Der Bestseller-Autor\u00a0<\/em><strong>Christoph Quarch<\/strong><em>ist Philosoph aus Leidenschaft. Seit ihm als junger Mann ein B\u00fcchlein mit \u00bbPlatons Meisterdialogen\u00ab in die Hand fiel, beseelt ihn eine gl\u00fchende Liebe (philia) zur Weisheit (sophia), die er als Weg zu einem erf\u00fcllten und lebendigen Leben versteht. Als Autor, Publizist, Berater und Seminarleiter greift er auf die gro\u00dfen Werke der abendl\u00e4ndischen Philosophen zur\u00fcck, um diese in eine zeitgem\u00e4\u00dfe Lebenskunst und Weltdeutung zu \u00fcbersetzen.&#8220;<\/em> <em>In seinem neuen Buch &#8222;<\/em><a href=\"https:\/\/www.forum-csr.net\/News\/16104\/Begeistern-Wie-Unternehmen-ueber-sich-hinauswachsen.html\" target=\"_blank\" rel=\"noreferrer noopener\">Begeistern! Wie Unternehmen \u00fcber sich hinauswachsen<\/a><em>&#8220; geht&#8217;s um Fragen wie diese:<\/em> Wie kommt der Geist in unsere Unternehmen? \u2013 Durch Begeisterung! Und wie entsteht Begeisterung? Anders als die meisten glauben.<\/li>\n\n\n\n<li><strong>Lesen\u00a0<\/strong><em>Sie mehr von ihm unter<\/em><a href=\"http:\/\/www.christophquarch.de\/\" target=\"_blank\" rel=\"noreferrer noopener\">www.christophquarch.de<\/a><\/li>\n<\/ul>\n\n\n<h5 class=\"green\">Quelle<\/h5>\r\n\n\n\n<p><a href=\"https:\/\/www.swr.de\/swraktuell\/radio\/fruehstuecks-quarch-politik-und-moral-100.html\">SWRaktuell Fr\u00fchst\u00fccks-Quarch<\/a> vom 8.12.23 und im <a href=\"https:\/\/www.forum-csr.net\/\">Forum Nachhaltig Wirtschaften<\/a> &#8211; <em>Als forum-Redakteur zeichnete Christoph Quarch verantwortlich f\u00fcr den Sonderteil<\/em>\u00a0\u201e<a href=\"https:\/\/www.forum-csr.net\/Special_WIR__Menschen_im_Wandel.html\">WIR &#8211; Menschen im Wandel<\/a>&#8222;.\u00a0Danke f\u00fcr die Genehmigung des Interviews.<\/p>\n\n\n\n<p><br><br><\/p>\n<div class=\"shariff shariff-align-flex-start shariff-widget-align-flex-start\"><div class=\"ShariffHeadline\">Diese Meldung teilen<\/div><ul class=\"shariff-buttons theme-round orientation-horizontal buttonsize-medium\"><li class=\"shariff-button facebook shariff-nocustomcolor\" style=\"background-color:#4273c8;border-radius:1%\"><a href=\"https:\/\/www.facebook.com\/sharer\/sharer.php?u=https%3A%2F%2Fwww.sonnenseite.com%2Fde%2Fpolitik%2F75-jahre-allgemeine-erklaerung-der-menschenrechte-ein-grund-zum-feiern%2F\" title=\"Bei Facebook teilen\" aria-label=\"Bei Facebook teilen\" role=\"button\" rel=\"nofollow\" class=\"shariff-link\" style=\";border-radius:1%; background-color:#3b5998; color:#fff\" target=\"_blank\"><span class=\"shariff-icon\" style=\"\"><svg width=\"32px\" height=\"20px\" xmlns=\"http:\/\/www.w3.org\/2000\/svg\" viewBox=\"0 0 18 32\"><path fill=\"#3b5998\" d=\"M17.1 0.2v4.7h-2.8q-1.5 0-2.1 0.6t-0.5 1.9v3.4h5.2l-0.7 5.3h-4.5v13.6h-5.5v-13.6h-4.5v-5.3h4.5v-3.9q0-3.3 1.9-5.2t5-1.8q2.6 0 4.1 0.2z\"\/><\/svg><\/span><\/a><\/li><li class=\"shariff-button twitter shariff-nocustomcolor\" style=\"background-color:#595959;border-radius:1%\"><a href=\"https:\/\/twitter.com\/share?url=https%3A%2F%2Fwww.sonnenseite.com%2Fde%2Fpolitik%2F75-jahre-allgemeine-erklaerung-der-menschenrechte-ein-grund-zum-feiern%2F&text=75%20Jahre%20Allgemeine%20Erkl%C3%A4rung%20der%20Menschenrechte%20%E2%80%93%20ein%20Grund%20zum%20Feiern%3F\" title=\"Bei X teilen\" aria-label=\"Bei X teilen\" role=\"button\" rel=\"noopener nofollow\" class=\"shariff-link\" style=\";border-radius:1%; background-color:#000; color:#fff\" target=\"_blank\"><span class=\"shariff-icon\" style=\"\"><svg width=\"32px\" height=\"20px\" xmlns=\"http:\/\/www.w3.org\/2000\/svg\" viewBox=\"0 0 24 24\"><path fill=\"#000\" d=\"M14.258 10.152L23.176 0h-2.113l-7.747 8.813L7.133 0H0l9.352 13.328L0 23.973h2.113l8.176-9.309 6.531 9.309h7.133zm-2.895 3.293l-.949-1.328L2.875 1.56h3.246l6.086 8.523.945 1.328 7.91 11.078h-3.246zm0 0\"\/><\/svg><\/span><\/a><\/li><li class=\"shariff-button xing shariff-nocustomcolor\" style=\"background-color:#29888a;border-radius:1%\"><a href=\"https:\/\/www.xing.com\/spi\/shares\/new?url=https%3A%2F%2Fwww.sonnenseite.com%2Fde%2Fpolitik%2F75-jahre-allgemeine-erklaerung-der-menschenrechte-ein-grund-zum-feiern%2F\" title=\"Bei XING teilen\" aria-label=\"Bei XING teilen\" role=\"button\" rel=\"noopener nofollow\" class=\"shariff-link\" style=\";border-radius:1%; background-color:#126567; color:#fff\" target=\"_blank\"><span class=\"shariff-icon\" style=\"\"><svg width=\"32px\" height=\"20px\" xmlns=\"http:\/\/www.w3.org\/2000\/svg\" viewBox=\"0 0 25 32\"><path fill=\"#126567\" d=\"M10.7 11.9q-0.2 0.3-4.6 8.2-0.5 0.8-1.2 0.8h-4.3q-0.4 0-0.5-0.3t0-0.6l4.5-8q0 0 0 0l-2.9-5q-0.2-0.4 0-0.7 0.2-0.3 0.5-0.3h4.3q0.7 0 1.2 0.8zM25.1 0.4q0.2 0.3 0 0.7l-9.4 16.7 6 11q0.2 0.4 0 0.6-0.2 0.3-0.6 0.3h-4.3q-0.7 0-1.2-0.8l-6-11.1q0.3-0.6 9.5-16.8 0.4-0.8 1.2-0.8h4.3q0.4 0 0.5 0.3z\"\/><\/svg><\/span><\/a><\/li><li class=\"shariff-button linkedin shariff-nocustomcolor\" style=\"background-color:#1488bf;border-radius:1%\"><a href=\"https:\/\/www.linkedin.com\/sharing\/share-offsite\/?url=https%3A%2F%2Fwww.sonnenseite.com%2Fde%2Fpolitik%2F75-jahre-allgemeine-erklaerung-der-menschenrechte-ein-grund-zum-feiern%2F\" title=\"Bei LinkedIn teilen\" aria-label=\"Bei LinkedIn teilen\" role=\"button\" rel=\"noopener nofollow\" class=\"shariff-link\" style=\";border-radius:1%; background-color:#0077b5; color:#fff\" target=\"_blank\"><span class=\"shariff-icon\" style=\"\"><svg width=\"32px\" height=\"20px\" xmlns=\"http:\/\/www.w3.org\/2000\/svg\" viewBox=\"0 0 27 32\"><path fill=\"#0077b5\" d=\"M6.2 11.2v17.7h-5.9v-17.7h5.9zM6.6 5.7q0 1.3-0.9 2.2t-2.4 0.9h0q-1.5 0-2.4-0.9t-0.9-2.2 0.9-2.2 2.4-0.9 2.4 0.9 0.9 2.2zM27.4 18.7v10.1h-5.9v-9.5q0-1.9-0.7-2.9t-2.3-1.1q-1.1 0-1.9 0.6t-1.2 1.5q-0.2 0.5-0.2 1.4v9.9h-5.9q0-7.1 0-11.6t0-5.3l0-0.9h5.9v2.6h0q0.4-0.6 0.7-1t1-0.9 1.6-0.8 2-0.3q3 0 4.9 2t1.9 6z\"\/><\/svg><\/span><\/a><\/li><li class=\"shariff-button printer shariff-nocustomcolor\" style=\"background-color:#a8a8a8;border-radius:1%\"><a href=\"javascript:window.print()\" title=\"drucken\" aria-label=\"drucken\" role=\"button\" rel=\"noopener nofollow\" class=\"shariff-link\" style=\";border-radius:1%; background-color:#999; color:#fff\"><span class=\"shariff-icon\" style=\"\"><svg width=\"32px\" height=\"20px\" xmlns=\"http:\/\/www.w3.org\/2000\/svg\" viewBox=\"0 0 30 32\"><path fill=\"#999\" d=\"M6.8 27.4h16v-4.6h-16v4.6zM6.8 16h16v-6.8h-2.8q-0.7 0-1.2-0.5t-0.5-1.2v-2.8h-11.4v11.4zM27.4 17.2q0-0.5-0.3-0.8t-0.8-0.4-0.8 0.4-0.3 0.8 0.3 0.8 0.8 0.3 0.8-0.3 0.3-0.8zM29.7 17.2v7.4q0 0.2-0.2 0.4t-0.4 0.2h-4v2.8q0 0.7-0.5 1.2t-1.2 0.5h-17.2q-0.7 0-1.2-0.5t-0.5-1.2v-2.8h-4q-0.2 0-0.4-0.2t-0.2-0.4v-7.4q0-1.4 1-2.4t2.4-1h1.2v-9.7q0-0.7 0.5-1.2t1.2-0.5h12q0.7 0 1.6 0.4t1.3 0.8l2.7 2.7q0.5 0.5 0.9 1.4t0.4 1.6v4.6h1.1q1.4 0 2.4 1t1 2.4z\"\/><\/svg><\/span><\/a><\/li><li class=\"shariff-button mailto shariff-nocustomcolor\" style=\"background-color:#a8a8a8;border-radius:1%\"><a href=\"mailto:?body=https%3A%2F%2Fwww.sonnenseite.com%2Fde%2Fpolitik%2F75-jahre-allgemeine-erklaerung-der-menschenrechte-ein-grund-zum-feiern%2F&subject=75%20Jahre%20Allgemeine%20Erkl%C3%A4rung%20der%20Menschenrechte%20%E2%80%93%20ein%20Grund%20zum%20Feiern%3F\" title=\"Per E-Mail versenden\" aria-label=\"Per E-Mail versenden\" role=\"button\" rel=\"noopener nofollow\" class=\"shariff-link\" style=\";border-radius:1%; background-color:#999; color:#fff\"><span class=\"shariff-icon\" style=\"\"><svg width=\"32px\" height=\"20px\" xmlns=\"http:\/\/www.w3.org\/2000\/svg\" viewBox=\"0 0 32 32\"><path fill=\"#999\" d=\"M32 12.7v14.2q0 1.2-0.8 2t-2 0.9h-26.3q-1.2 0-2-0.9t-0.8-2v-14.2q0.8 0.9 1.8 1.6 6.5 4.4 8.9 6.1 1 0.8 1.6 1.2t1.7 0.9 2 0.4h0.1q0.9 0 2-0.4t1.7-0.9 1.6-1.2q3-2.2 8.9-6.1 1-0.7 1.8-1.6zM32 7.4q0 1.4-0.9 2.7t-2.2 2.2q-6.7 4.7-8.4 5.8-0.2 0.1-0.7 0.5t-1 0.7-0.9 0.6-1.1 0.5-0.9 0.2h-0.1q-0.4 0-0.9-0.2t-1.1-0.5-0.9-0.6-1-0.7-0.7-0.5q-1.6-1.1-4.7-3.2t-3.6-2.6q-1.1-0.7-2.1-2t-1-2.5q0-1.4 0.7-2.3t2.1-0.9h26.3q1.2 0 2 0.8t0.9 2z\"\/><\/svg><\/span><\/a><\/li><\/ul><\/div>","protected":false},"excerpt":{"rendered":"<p>F\u00fcr Christoph Quarch ein Anlass zu einer leidenschaftlichen Kampagne f\u00fcr den Humanismus bei gleichzeitigem Abschied vom [&hellip;]<\/p>\n","protected":false},"author":3,"featured_media":13191,"comment_status":"closed","ping_status":"closed","sticky":false,"template":"","format":"standard","meta":{"inline_featured_image":false,"footnotes":""},"categories":[21],"tags":[],"class_list":["post-96039","post","type-post","status-publish","format-standard","has-post-thumbnail","hentry","category-politik"],"yoast_head":"<!-- This site is optimized with the Yoast SEO plugin v26.5 - https:\/\/yoast.com\/wordpress\/plugins\/seo\/ -->\n<title>75 Jahre Allgemeine Erkl\u00e4rung der Menschenrechte - ein Grund zum Feiern? - Sonnenseite - \u00d6kologische Kommunikation mit Franz Alt<\/title>\n<meta name=\"description\" content=\"F\u00fcr Christoph Quarch ein Anlass zu einer leidenschaftlichen Kampagne f\u00fcr den Humanismus bei gleichzeitigem Abschied vom Neoliberalismus.Am 10. Dezember\" \/>\n<meta name=\"robots\" content=\"index, follow, max-snippet:-1, max-image-preview:large, max-video-preview:-1\" \/>\n<link rel=\"canonical\" href=\"https:\/\/www.sonnenseite.com\/de\/politik\/75-jahre-allgemeine-erklaerung-der-menschenrechte-ein-grund-zum-feiern\/\" \/>\n<meta property=\"og:locale\" content=\"de_DE\" \/>\n<meta property=\"og:type\" content=\"article\" \/>\n<meta property=\"og:title\" content=\"75 Jahre Allgemeine Erkl\u00e4rung der Menschenrechte - ein Grund zum Feiern? - Sonnenseite - \u00d6kologische Kommunikation mit Franz Alt\" \/>\n<meta property=\"og:description\" content=\"F\u00fcr Christoph Quarch ein Anlass zu einer leidenschaftlichen Kampagne f\u00fcr den Humanismus bei gleichzeitigem Abschied vom Neoliberalismus.Am 10. Dezember\" \/>\n<meta property=\"og:url\" content=\"https:\/\/www.sonnenseite.com\/de\/politik\/75-jahre-allgemeine-erklaerung-der-menschenrechte-ein-grund-zum-feiern\/\" \/>\n<meta property=\"og:site_name\" content=\"Sonnenseite\" \/>\n<meta property=\"article:publisher\" content=\"https:\/\/www.facebook.com\/pages\/Franz-Alt-SONNENSEITECOM\/221072987903953?fref=ts\" \/>\n<meta property=\"article:published_time\" content=\"2023-12-10T14:39:29+00:00\" \/>\n<meta property=\"article:modified_time\" content=\"2023-12-25T08:49:18+00:00\" \/>\n<meta property=\"og:image\" content=\"https:\/\/www.sonnenseite.com\/wp-content\/uploads\/2018\/12\/Menschenrechte_typographyimages.jpg\" \/>\n\t<meta property=\"og:image:width\" content=\"770\" \/>\n\t<meta property=\"og:image:height\" content=\"420\" \/>\n\t<meta property=\"og:image:type\" content=\"image\/jpeg\" \/>\n<meta name=\"author\" content=\"Bigi Alt\" \/>\n<meta name=\"twitter:card\" content=\"summary_large_image\" \/>\n<meta name=\"twitter:creator\" content=\"@franzalt\" \/>\n<meta name=\"twitter:site\" content=\"@franzalt\" \/>\n<meta name=\"twitter:label1\" content=\"Verfasst von\" \/>\n\t<meta name=\"twitter:data1\" content=\"Bigi Alt\" \/>\n\t<meta name=\"twitter:label2\" content=\"Gesch\u00e4tzte Lesezeit\" \/>\n\t<meta name=\"twitter:data2\" content=\"5\u00a0Minuten\" \/>\n<script type=\"application\/ld+json\" class=\"yoast-schema-graph\">{\"@context\":\"https:\/\/schema.org\",\"@graph\":[{\"@type\":\"Article\",\"@id\":\"https:\/\/www.sonnenseite.com\/de\/politik\/75-jahre-allgemeine-erklaerung-der-menschenrechte-ein-grund-zum-feiern\/#article\",\"isPartOf\":{\"@id\":\"https:\/\/www.sonnenseite.com\/de\/politik\/75-jahre-allgemeine-erklaerung-der-menschenrechte-ein-grund-zum-feiern\/\"},\"author\":{\"name\":\"Bigi Alt\",\"@id\":\"https:\/\/www.sonnenseite.com\/de\/#\/schema\/person\/50fda0e926597684c7cc6695238a4eb9\"},\"headline\":\"75 Jahre Allgemeine Erkl\u00e4rung der Menschenrechte &#8211; ein Grund zum Feiern?\",\"datePublished\":\"2023-12-10T14:39:29+00:00\",\"dateModified\":\"2023-12-25T08:49:18+00:00\",\"mainEntityOfPage\":{\"@id\":\"https:\/\/www.sonnenseite.com\/de\/politik\/75-jahre-allgemeine-erklaerung-der-menschenrechte-ein-grund-zum-feiern\/\"},\"wordCount\":898,\"publisher\":{\"@id\":\"https:\/\/www.sonnenseite.com\/de\/#organization\"},\"image\":{\"@id\":\"https:\/\/www.sonnenseite.com\/de\/politik\/75-jahre-allgemeine-erklaerung-der-menschenrechte-ein-grund-zum-feiern\/#primaryimage\"},\"thumbnailUrl\":\"https:\/\/www.sonnenseite.com\/wp-content\/uploads\/2018\/12\/Menschenrechte_typographyimages.jpg\",\"articleSection\":[\"Politik\"],\"inLanguage\":\"de\"},{\"@type\":\"WebPage\",\"@id\":\"https:\/\/www.sonnenseite.com\/de\/politik\/75-jahre-allgemeine-erklaerung-der-menschenrechte-ein-grund-zum-feiern\/\",\"url\":\"https:\/\/www.sonnenseite.com\/de\/politik\/75-jahre-allgemeine-erklaerung-der-menschenrechte-ein-grund-zum-feiern\/\",\"name\":\"75 Jahre Allgemeine Erkl\u00e4rung der Menschenrechte - ein Grund zum Feiern? - Sonnenseite - \u00d6kologische Kommunikation mit Franz Alt\",\"isPartOf\":{\"@id\":\"https:\/\/www.sonnenseite.com\/de\/#website\"},\"primaryImageOfPage\":{\"@id\":\"https:\/\/www.sonnenseite.com\/de\/politik\/75-jahre-allgemeine-erklaerung-der-menschenrechte-ein-grund-zum-feiern\/#primaryimage\"},\"image\":{\"@id\":\"https:\/\/www.sonnenseite.com\/de\/politik\/75-jahre-allgemeine-erklaerung-der-menschenrechte-ein-grund-zum-feiern\/#primaryimage\"},\"thumbnailUrl\":\"https:\/\/www.sonnenseite.com\/wp-content\/uploads\/2018\/12\/Menschenrechte_typographyimages.jpg\",\"datePublished\":\"2023-12-10T14:39:29+00:00\",\"dateModified\":\"2023-12-25T08:49:18+00:00\",\"description\":\"F\u00fcr Christoph Quarch ein Anlass zu einer leidenschaftlichen Kampagne f\u00fcr den Humanismus bei gleichzeitigem Abschied vom Neoliberalismus.Am 10. Dezember\",\"breadcrumb\":{\"@id\":\"https:\/\/www.sonnenseite.com\/de\/politik\/75-jahre-allgemeine-erklaerung-der-menschenrechte-ein-grund-zum-feiern\/#breadcrumb\"},\"inLanguage\":\"de\",\"potentialAction\":[{\"@type\":\"ReadAction\",\"target\":[\"https:\/\/www.sonnenseite.com\/de\/politik\/75-jahre-allgemeine-erklaerung-der-menschenrechte-ein-grund-zum-feiern\/\"]}]},{\"@type\":\"ImageObject\",\"inLanguage\":\"de\",\"@id\":\"https:\/\/www.sonnenseite.com\/de\/politik\/75-jahre-allgemeine-erklaerung-der-menschenrechte-ein-grund-zum-feiern\/#primaryimage\",\"url\":\"https:\/\/www.sonnenseite.com\/wp-content\/uploads\/2018\/12\/Menschenrechte_typographyimages.jpg\",\"contentUrl\":\"https:\/\/www.sonnenseite.com\/wp-content\/uploads\/2018\/12\/Menschenrechte_typographyimages.jpg\",\"width\":770,\"height\":420,\"caption\":\"pixabay.com | typographyimages | Die Allgemeine Erkl&auml;rung universeller Menschenrechte (AEM) vom Dezember 1948 fand ihren Niederschlag in vielen nationalen Verfassungen und Gesetzen. In der Bundesrepubik Deutschland wurden die AEM im Grundgesetz (GG) verankert, das im Mai 1949 beschlossen wurde.\"},{\"@type\":\"BreadcrumbList\",\"@id\":\"https:\/\/www.sonnenseite.com\/de\/politik\/75-jahre-allgemeine-erklaerung-der-menschenrechte-ein-grund-zum-feiern\/#breadcrumb\",\"itemListElement\":[{\"@type\":\"ListItem\",\"position\":1,\"name\":\"Startseite\",\"item\":\"https:\/\/www.sonnenseite.com\/de\/\"},{\"@type\":\"ListItem\",\"position\":2,\"name\":\"75 Jahre Allgemeine Erkl\u00e4rung der Menschenrechte &#8211; ein Grund zum Feiern?\"}]},{\"@type\":\"WebSite\",\"@id\":\"https:\/\/www.sonnenseite.com\/de\/#website\",\"url\":\"https:\/\/www.sonnenseite.com\/de\/\",\"name\":\"Sonnenseite\",\"description\":\"\u00d6kologische Kommunikation mit Franz Alt\",\"publisher\":{\"@id\":\"https:\/\/www.sonnenseite.com\/de\/#organization\"},\"potentialAction\":[{\"@type\":\"SearchAction\",\"target\":{\"@type\":\"EntryPoint\",\"urlTemplate\":\"https:\/\/www.sonnenseite.com\/de\/?s={search_term_string}\"},\"query-input\":{\"@type\":\"PropertyValueSpecification\",\"valueRequired\":true,\"valueName\":\"search_term_string\"}}],\"inLanguage\":\"de\"},{\"@type\":\"Organization\",\"@id\":\"https:\/\/www.sonnenseite.com\/de\/#organization\",\"name\":\"Sonnenseite\",\"url\":\"https:\/\/www.sonnenseite.com\/de\/\",\"logo\":{\"@type\":\"ImageObject\",\"inLanguage\":\"de\",\"@id\":\"https:\/\/www.sonnenseite.com\/de\/#\/schema\/logo\/image\/\",\"url\":\"https:\/\/www.sonnenseite.com\/wp-content\/uploads\/2020\/05\/Sonnenseite_Logo.png\",\"contentUrl\":\"https:\/\/www.sonnenseite.com\/wp-content\/uploads\/2020\/05\/Sonnenseite_Logo.png\",\"width\":377,\"height\":90,\"caption\":\"Sonnenseite\"},\"image\":{\"@id\":\"https:\/\/www.sonnenseite.com\/de\/#\/schema\/logo\/image\/\"},\"sameAs\":[\"https:\/\/www.facebook.com\/pages\/Franz-Alt-SONNENSEITECOM\/221072987903953?fref=ts\",\"https:\/\/x.com\/franzalt\",\"http:\/\/www.youtube.com\/results?search_query&amp;amp;quot;franz_alt&amp;amp;quot;&amp;amp;amp;amp;search_type&amp;amp;amp;amp;aq=f\"]},{\"@type\":\"Person\",\"@id\":\"https:\/\/www.sonnenseite.com\/de\/#\/schema\/person\/50fda0e926597684c7cc6695238a4eb9\",\"name\":\"Bigi Alt\"}]}<\/script>\n<!-- \/ Yoast SEO plugin. -->","yoast_head_json":{"title":"75 Jahre Allgemeine Erkl\u00e4rung der Menschenrechte - ein Grund zum Feiern? - Sonnenseite - \u00d6kologische Kommunikation mit Franz Alt","description":"F\u00fcr Christoph Quarch ein Anlass zu einer leidenschaftlichen Kampagne f\u00fcr den Humanismus bei gleichzeitigem Abschied vom Neoliberalismus.Am 10. Dezember","robots":{"index":"index","follow":"follow","max-snippet":"max-snippet:-1","max-image-preview":"max-image-preview:large","max-video-preview":"max-video-preview:-1"},"canonical":"https:\/\/www.sonnenseite.com\/de\/politik\/75-jahre-allgemeine-erklaerung-der-menschenrechte-ein-grund-zum-feiern\/","og_locale":"de_DE","og_type":"article","og_title":"75 Jahre Allgemeine Erkl\u00e4rung der Menschenrechte - ein Grund zum Feiern? - Sonnenseite - \u00d6kologische Kommunikation mit Franz Alt","og_description":"F\u00fcr Christoph Quarch ein Anlass zu einer leidenschaftlichen Kampagne f\u00fcr den Humanismus bei gleichzeitigem Abschied vom Neoliberalismus.Am 10. Dezember","og_url":"https:\/\/www.sonnenseite.com\/de\/politik\/75-jahre-allgemeine-erklaerung-der-menschenrechte-ein-grund-zum-feiern\/","og_site_name":"Sonnenseite","article_publisher":"https:\/\/www.facebook.com\/pages\/Franz-Alt-SONNENSEITECOM\/221072987903953?fref=ts","article_published_time":"2023-12-10T14:39:29+00:00","article_modified_time":"2023-12-25T08:49:18+00:00","og_image":[{"width":770,"height":420,"url":"https:\/\/www.sonnenseite.com\/wp-content\/uploads\/2018\/12\/Menschenrechte_typographyimages.jpg","type":"image\/jpeg"}],"author":"Bigi Alt","twitter_card":"summary_large_image","twitter_creator":"@franzalt","twitter_site":"@franzalt","twitter_misc":{"Verfasst von":"Bigi Alt","Gesch\u00e4tzte Lesezeit":"5\u00a0Minuten"},"schema":{"@context":"https:\/\/schema.org","@graph":[{"@type":"Article","@id":"https:\/\/www.sonnenseite.com\/de\/politik\/75-jahre-allgemeine-erklaerung-der-menschenrechte-ein-grund-zum-feiern\/#article","isPartOf":{"@id":"https:\/\/www.sonnenseite.com\/de\/politik\/75-jahre-allgemeine-erklaerung-der-menschenrechte-ein-grund-zum-feiern\/"},"author":{"name":"Bigi Alt","@id":"https:\/\/www.sonnenseite.com\/de\/#\/schema\/person\/50fda0e926597684c7cc6695238a4eb9"},"headline":"75 Jahre Allgemeine Erkl\u00e4rung der Menschenrechte &#8211; ein Grund zum Feiern?","datePublished":"2023-12-10T14:39:29+00:00","dateModified":"2023-12-25T08:49:18+00:00","mainEntityOfPage":{"@id":"https:\/\/www.sonnenseite.com\/de\/politik\/75-jahre-allgemeine-erklaerung-der-menschenrechte-ein-grund-zum-feiern\/"},"wordCount":898,"publisher":{"@id":"https:\/\/www.sonnenseite.com\/de\/#organization"},"image":{"@id":"https:\/\/www.sonnenseite.com\/de\/politik\/75-jahre-allgemeine-erklaerung-der-menschenrechte-ein-grund-zum-feiern\/#primaryimage"},"thumbnailUrl":"https:\/\/www.sonnenseite.com\/wp-content\/uploads\/2018\/12\/Menschenrechte_typographyimages.jpg","articleSection":["Politik"],"inLanguage":"de"},{"@type":"WebPage","@id":"https:\/\/www.sonnenseite.com\/de\/politik\/75-jahre-allgemeine-erklaerung-der-menschenrechte-ein-grund-zum-feiern\/","url":"https:\/\/www.sonnenseite.com\/de\/politik\/75-jahre-allgemeine-erklaerung-der-menschenrechte-ein-grund-zum-feiern\/","name":"75 Jahre Allgemeine Erkl\u00e4rung der Menschenrechte - ein Grund zum Feiern? - Sonnenseite - \u00d6kologische Kommunikation mit Franz Alt","isPartOf":{"@id":"https:\/\/www.sonnenseite.com\/de\/#website"},"primaryImageOfPage":{"@id":"https:\/\/www.sonnenseite.com\/de\/politik\/75-jahre-allgemeine-erklaerung-der-menschenrechte-ein-grund-zum-feiern\/#primaryimage"},"image":{"@id":"https:\/\/www.sonnenseite.com\/de\/politik\/75-jahre-allgemeine-erklaerung-der-menschenrechte-ein-grund-zum-feiern\/#primaryimage"},"thumbnailUrl":"https:\/\/www.sonnenseite.com\/wp-content\/uploads\/2018\/12\/Menschenrechte_typographyimages.jpg","datePublished":"2023-12-10T14:39:29+00:00","dateModified":"2023-12-25T08:49:18+00:00","description":"F\u00fcr Christoph Quarch ein Anlass zu einer leidenschaftlichen Kampagne f\u00fcr den Humanismus bei gleichzeitigem Abschied vom Neoliberalismus.Am 10. Dezember","breadcrumb":{"@id":"https:\/\/www.sonnenseite.com\/de\/politik\/75-jahre-allgemeine-erklaerung-der-menschenrechte-ein-grund-zum-feiern\/#breadcrumb"},"inLanguage":"de","potentialAction":[{"@type":"ReadAction","target":["https:\/\/www.sonnenseite.com\/de\/politik\/75-jahre-allgemeine-erklaerung-der-menschenrechte-ein-grund-zum-feiern\/"]}]},{"@type":"ImageObject","inLanguage":"de","@id":"https:\/\/www.sonnenseite.com\/de\/politik\/75-jahre-allgemeine-erklaerung-der-menschenrechte-ein-grund-zum-feiern\/#primaryimage","url":"https:\/\/www.sonnenseite.com\/wp-content\/uploads\/2018\/12\/Menschenrechte_typographyimages.jpg","contentUrl":"https:\/\/www.sonnenseite.com\/wp-content\/uploads\/2018\/12\/Menschenrechte_typographyimages.jpg","width":770,"height":420,"caption":"pixabay.com | typographyimages | Die Allgemeine Erkl&auml;rung universeller Menschenrechte (AEM) vom Dezember 1948 fand ihren Niederschlag in vielen nationalen Verfassungen und Gesetzen. In der Bundesrepubik Deutschland wurden die AEM im Grundgesetz (GG) verankert, das im Mai 1949 beschlossen wurde."},{"@type":"BreadcrumbList","@id":"https:\/\/www.sonnenseite.com\/de\/politik\/75-jahre-allgemeine-erklaerung-der-menschenrechte-ein-grund-zum-feiern\/#breadcrumb","itemListElement":[{"@type":"ListItem","position":1,"name":"Startseite","item":"https:\/\/www.sonnenseite.com\/de\/"},{"@type":"ListItem","position":2,"name":"75 Jahre Allgemeine Erkl\u00e4rung der Menschenrechte &#8211; ein Grund zum Feiern?"}]},{"@type":"WebSite","@id":"https:\/\/www.sonnenseite.com\/de\/#website","url":"https:\/\/www.sonnenseite.com\/de\/","name":"Sonnenseite","description":"\u00d6kologische Kommunikation mit Franz Alt","publisher":{"@id":"https:\/\/www.sonnenseite.com\/de\/#organization"},"potentialAction":[{"@type":"SearchAction","target":{"@type":"EntryPoint","urlTemplate":"https:\/\/www.sonnenseite.com\/de\/?s={search_term_string}"},"query-input":{"@type":"PropertyValueSpecification","valueRequired":true,"valueName":"search_term_string"}}],"inLanguage":"de"},{"@type":"Organization","@id":"https:\/\/www.sonnenseite.com\/de\/#organization","name":"Sonnenseite","url":"https:\/\/www.sonnenseite.com\/de\/","logo":{"@type":"ImageObject","inLanguage":"de","@id":"https:\/\/www.sonnenseite.com\/de\/#\/schema\/logo\/image\/","url":"https:\/\/www.sonnenseite.com\/wp-content\/uploads\/2020\/05\/Sonnenseite_Logo.png","contentUrl":"https:\/\/www.sonnenseite.com\/wp-content\/uploads\/2020\/05\/Sonnenseite_Logo.png","width":377,"height":90,"caption":"Sonnenseite"},"image":{"@id":"https:\/\/www.sonnenseite.com\/de\/#\/schema\/logo\/image\/"},"sameAs":["https:\/\/www.facebook.com\/pages\/Franz-Alt-SONNENSEITECOM\/221072987903953?fref=ts","https:\/\/x.com\/franzalt","http:\/\/www.youtube.com\/results?search_query&amp;amp;quot;franz_alt&amp;amp;quot;&amp;amp;amp;amp;search_type&amp;amp;amp;amp;aq=f"]},{"@type":"Person","@id":"https:\/\/www.sonnenseite.com\/de\/#\/schema\/person\/50fda0e926597684c7cc6695238a4eb9","name":"Bigi Alt"}]}},"_links":{"self":[{"href":"https:\/\/www.sonnenseite.com\/de\/wp-json\/wp\/v2\/posts\/96039","targetHints":{"allow":["GET"]}}],"collection":[{"href":"https:\/\/www.sonnenseite.com\/de\/wp-json\/wp\/v2\/posts"}],"about":[{"href":"https:\/\/www.sonnenseite.com\/de\/wp-json\/wp\/v2\/types\/post"}],"author":[{"embeddable":true,"href":"https:\/\/www.sonnenseite.com\/de\/wp-json\/wp\/v2\/users\/3"}],"replies":[{"embeddable":true,"href":"https:\/\/www.sonnenseite.com\/de\/wp-json\/wp\/v2\/comments?post=96039"}],"version-history":[{"count":3,"href":"https:\/\/www.sonnenseite.com\/de\/wp-json\/wp\/v2\/posts\/96039\/revisions"}],"predecessor-version":[{"id":96044,"href":"https:\/\/www.sonnenseite.com\/de\/wp-json\/wp\/v2\/posts\/96039\/revisions\/96044"}],"wp:featuredmedia":[{"embeddable":true,"href":"https:\/\/www.sonnenseite.com\/de\/wp-json\/wp\/v2\/media\/13191"}],"wp:attachment":[{"href":"https:\/\/www.sonnenseite.com\/de\/wp-json\/wp\/v2\/media?parent=96039"}],"wp:term":[{"taxonomy":"category","embeddable":true,"href":"https:\/\/www.sonnenseite.com\/de\/wp-json\/wp\/v2\/categories?post=96039"},{"taxonomy":"post_tag","embeddable":true,"href":"https:\/\/www.sonnenseite.com\/de\/wp-json\/wp\/v2\/tags?post=96039"}],"curies":[{"name":"wp","href":"https:\/\/api.w.org\/{rel}","templated":true}]}}