{"id":96094,"date":"2023-12-12T14:43:27","date_gmt":"2023-12-12T13:43:27","guid":{"rendered":"https:\/\/www.sonnenseite.com\/?p=96094"},"modified":"2023-12-12T14:43:28","modified_gmt":"2023-12-12T13:43:28","slug":"klimapolitik-im-bundestag-ampel-verschiebt-solarpaket-und-klimagesetz","status":"publish","type":"post","link":"https:\/\/www.sonnenseite.com\/de\/politik\/klimapolitik-im-bundestag-ampel-verschiebt-solarpaket-und-klimagesetz\/","title":{"rendered":"Klimapolitik im Bundestag: Ampel verschiebt Solarpaket und Klimagesetz"},"content":{"rendered":"\n<p>Nicht nur der Bundeshaushalt 2024 wird dieses Jahr nicht mehr beschlossen, auch die seit Monaten vorliegenden Gesetzentw\u00fcrfe zum Solarausbau und zur \u00c4nderung des Klimaschutzgesetzes werden ins neue Jahr verschoben.<\/p>\n\n\n\n<p>Auf der Tagesordnung der jetzigen letzten Bundestags-Sitzungswoche 2023 stehen sie nicht und werden dort auch, wie inzwischen bekannt, nicht mehr auftauchen: das &#8222;Gesetz zur Steigerung des Ausbaus photovoltaischer Energieerzeugung&#8220;, das sogenannte Solarpaket eins, sowie das &#8222;Zweite Gesetz zur \u00c4nderung des Bundes-Klimaschutzgesetzes&#8220;, also das neue Klimaschutzgesetz.<\/p>\n\n\n\n<p>Dabei <a href=\"https:\/\/www.klimareporter.de\/deutschland\/schneller-zur-sonne\" target=\"_blank\" rel=\"noreferrer noopener\">war das Solarpaket<\/a> bereits Mitte August vom Kabinett verabschiedet worden, der <a href=\"https:\/\/www.klimareporter.de\/deutschland\/habeck-streicht-die-sektorziele\" target=\"_blank\" rel=\"noreferrer noopener\">Entwurf des neuen Klimaschutzgesetzes<\/a> sogar schon am 21. Juni. Die monatelange und nun vorerst ergebnislose H\u00e4ngepartie sorgt unter Energiewende-Verb\u00e4nden und Umweltsch\u00fctzern f\u00fcr erhebliche Verstimmung.<\/p>\n\n\n\n<p>Es sei &#8222;bedauerlich, dass die Koalition nicht mehr die Kraft findet&#8220;, das Solarpaket, \u00fcber das sie sich eigentlich vollst\u00e4ndig geeinigt habe, in dieser Woche zu verabschieden, sagt <a href=\"https:\/\/www.bwe-seminare.de\/referenten-wolfram-axthelm\" target=\"_blank\" rel=\"noreferrer noopener\">Wolfram Axthelm<\/a>, Gesch\u00e4ftsf\u00fchrer beim Erneuerbaren-Verband BEE. Angesichts der <a href=\"https:\/\/www.klimareporter.de\/deutschland\/klimapolitik-neu-denken\" target=\"_blank\" rel=\"noreferrer noopener\">Herausforderungen<\/a> beim Haushalt w\u00e4re das zugleich ein gutes Zeichen der Handlungsbereitschaft der Ampel gewesen, so Axthelm.<\/p>\n\n\n\n<h4 class=\"wp-block-heading\">&#8222;Weiteres Armutszeugnis f\u00fcr die Ampel&#8220;<\/h4>\n\n\n\n<p>F\u00fcr <a href=\"https:\/\/twitter.com\/barbarahmetz\" target=\"_blank\" rel=\"noreferrer noopener\">Barbara Metz<\/a> von der Deutschen Umwelthilfe (DUH) ist der solare Aufschub nur ein weiteres Armutszeugnis f\u00fcr die Ampel. Durch deren Uneinigkeit w\u00fcrden zentrale Projekte wie <a href=\"https:\/\/www.klimareporter.de\/tag\/mieterstrom\" target=\"_blank\" rel=\"noreferrer noopener\">vereinfachter Nachbarschaftsstrom<\/a> und Regelungen <a href=\"https:\/\/www.klimareporter.de\/gebaeude\/steckersolargeraete-sind-kein-baulicher-eingriff\" target=\"_blank\" rel=\"noreferrer noopener\">f\u00fcr Solarbalkonmodule<\/a> weiter verschleppt.<\/p>\n\n\n\n<p>Die DUH-Gesch\u00e4ftsf\u00fchrerin hat eigentlich noch W\u00fcnsche f\u00fcr das Solarpaket. Bisher hat es beispielsweise der bundesweit einheitliche <a href=\"https:\/\/www.klimareporter.de\/strom\/solar-standard-fuer-alle-muss-her\" target=\"_blank\" rel=\"noreferrer noopener\">Solarstandard<\/a> f\u00fcr alle Geb\u00e4udetypen nicht in die Gesetzesvorlage geschafft. Auch das <a href=\"https:\/\/www.klimareporter.de\/tag\/mieterstrom\" target=\"_blank\" rel=\"noreferrer noopener\">Energy Sharing<\/a> werde nur stiefm\u00fctterlich behandelt, bem\u00e4ngelt Metz. Sie verlangt von der Bundesregierung, 2024 endlich den Solar-Turbo zu z\u00fcnden.<\/p>\n\n\n\n<p>Auch <a href=\"https:\/\/www.solarwirtschaft.de\/verband\/vorstand-team\/\" target=\"_blank\" rel=\"noreferrer noopener\">Carsten K\u00f6rnig<\/a> vom Branchenverband BSW Solar bedauert, dass eine Einigung der Koalition zum Solarpaket zu scheitern drohe. Den Beschluss des Bundesverfassungsgerichts l\u00e4sst er als Begr\u00fcndung daf\u00fcr nicht gelten. Unterm Strich, so K\u00f6rnig, seien mit dem Solarpaket &#8222;keine relevanten Mehrkosten&#8220; zu erwarten.<\/p>\n\n\n\n<p>Der BSW-Gesch\u00e4ftsf\u00fchrer bezieht sich dabei auf das k\u00fcrzliche <a href=\"https:\/\/www.klimareporter.de\/finanzen-wirtschaft\/verfassungsgericht-durchloechert-finanzpolitik-der-ampel\" target=\"_blank\" rel=\"noreferrer noopener\">Urteil aus Karlsruhe<\/a>, laut dem das Verschieben von 60 Milliarden Euro Coronahilfen in den Klima- und Transformationsfonds unrechtm\u00e4\u00dfig und nichtig ist. Das Urteil hat eine anhaltende <a href=\"https:\/\/www.klimareporter.de\/finanzen-wirtschaft\/nach-dem-verfassungsgerichtsurteil-was-tun-was-unterlassen\" target=\"_blank\" rel=\"noreferrer noopener\">Haushaltskrise ausgel\u00f6st<\/a>.<\/p>\n\n\n\n<p>Nach Einsch\u00e4tzung des BSW Solar sorgt das Photovoltaik-Paket mit einer Reihe von Ma\u00dfnahmen zum B\u00fcrokratieabbau f\u00fcr j\u00e4hrliche Einsparungen im mehrstelligen Millionenbereich. Damit lie\u00dfen sich die vor\u00fcbergehend h\u00f6heren Kosten von Solarprodukten aus europ\u00e4ischer Fertigung kompensieren, betont K\u00f6rnig.<\/p>\n\n\n\n<h4 class=\"wp-block-heading\">Windbranche hofft auf Fristverl\u00e4ngerung f\u00fcr Nachtkennzeichnung<\/h4>\n\n\n\n<p>Die Windkraft-Branche hofft ihrerseits, dass die Verschiebung des Solarpakets wenigstens genutzt wird, um in den letzten Beratungstagen des Bundestages noch einen am Wochenende bekannt gewordenen <a href=\"https:\/\/www.klimareporter.de\/images\/dokumente\/2023\/12\/20-25-534-formulierungshilfe-aea-koafraktionen-zum-ge-solarpaket-i-bt-drs-20-8657.pdf\" target=\"_blank\" rel=\"noreferrer noopener\">\u00c4nderungsantrag<\/a> zum Gesetz einflie\u00dfen zu lassen.<\/p>\n\n\n\n<ul class=\"wp-block-list\">\n<li><a href=\"https:\/\/www.klimareporter.de\/strom\/ampel-verschiebt-solarpaket-und-klimagesetz\">Hier k\u00f6nnen Sie den Bericht weiterlesen<\/a><\/li>\n<\/ul>\n\n\n<h5 class=\"green\">Quelle<\/h5>\r\n\n\n\n<p>Der Bericht wurde von der\u00a0<a href=\"https:\/\/www.klimareporter.de\/strom\/ampel-verschiebt-solarpaket-und-klimagesetz\">Redaktion \u201eklimareporter.de\u201c (J\u00f6rg Staude) 2023<\/a>\u00a0verfasst &#8211; der Artikel darf nicht ohne Genehmigung\u00a0(<a href=\"mailto:post@klimareporter.de\">post@klimareporter.de<\/a>) weiterverbreitet werden!\u00a0<\/p>\n<div class=\"shariff shariff-align-flex-start shariff-widget-align-flex-start\"><div class=\"ShariffHeadline\">Diese Meldung teilen<\/div><ul class=\"shariff-buttons theme-round orientation-horizontal buttonsize-medium\"><li class=\"shariff-button facebook shariff-nocustomcolor\" style=\"background-color:#4273c8;border-radius:1%\"><a href=\"https:\/\/www.facebook.com\/sharer\/sharer.php?u=https%3A%2F%2Fwww.sonnenseite.com%2Fde%2Fpolitik%2Fklimapolitik-im-bundestag-ampel-verschiebt-solarpaket-und-klimagesetz%2F\" title=\"Bei Facebook teilen\" aria-label=\"Bei Facebook teilen\" role=\"button\" rel=\"nofollow\" class=\"shariff-link\" style=\";border-radius:1%; background-color:#3b5998; color:#fff\" target=\"_blank\"><span class=\"shariff-icon\" style=\"\"><svg width=\"32px\" height=\"20px\" xmlns=\"http:\/\/www.w3.org\/2000\/svg\" viewBox=\"0 0 18 32\"><path fill=\"#3b5998\" d=\"M17.1 0.2v4.7h-2.8q-1.5 0-2.1 0.6t-0.5 1.9v3.4h5.2l-0.7 5.3h-4.5v13.6h-5.5v-13.6h-4.5v-5.3h4.5v-3.9q0-3.3 1.9-5.2t5-1.8q2.6 0 4.1 0.2z\"\/><\/svg><\/span><\/a><\/li><li class=\"shariff-button twitter shariff-nocustomcolor\" style=\"background-color:#595959;border-radius:1%\"><a href=\"https:\/\/twitter.com\/share?url=https%3A%2F%2Fwww.sonnenseite.com%2Fde%2Fpolitik%2Fklimapolitik-im-bundestag-ampel-verschiebt-solarpaket-und-klimagesetz%2F&text=Klimapolitik%20im%20Bundestag%3A%20Ampel%20verschiebt%20Solarpaket%20und%20Klimagesetz\" title=\"Bei X teilen\" aria-label=\"Bei X teilen\" role=\"button\" rel=\"noopener nofollow\" class=\"shariff-link\" style=\";border-radius:1%; background-color:#000; color:#fff\" target=\"_blank\"><span class=\"shariff-icon\" style=\"\"><svg width=\"32px\" height=\"20px\" xmlns=\"http:\/\/www.w3.org\/2000\/svg\" viewBox=\"0 0 24 24\"><path fill=\"#000\" d=\"M14.258 10.152L23.176 0h-2.113l-7.747 8.813L7.133 0H0l9.352 13.328L0 23.973h2.113l8.176-9.309 6.531 9.309h7.133zm-2.895 3.293l-.949-1.328L2.875 1.56h3.246l6.086 8.523.945 1.328 7.91 11.078h-3.246zm0 0\"\/><\/svg><\/span><\/a><\/li><li class=\"shariff-button xing shariff-nocustomcolor\" style=\"background-color:#29888a;border-radius:1%\"><a href=\"https:\/\/www.xing.com\/spi\/shares\/new?url=https%3A%2F%2Fwww.sonnenseite.com%2Fde%2Fpolitik%2Fklimapolitik-im-bundestag-ampel-verschiebt-solarpaket-und-klimagesetz%2F\" title=\"Bei XING teilen\" aria-label=\"Bei XING teilen\" role=\"button\" rel=\"noopener nofollow\" class=\"shariff-link\" style=\";border-radius:1%; background-color:#126567; color:#fff\" target=\"_blank\"><span class=\"shariff-icon\" style=\"\"><svg width=\"32px\" height=\"20px\" xmlns=\"http:\/\/www.w3.org\/2000\/svg\" viewBox=\"0 0 25 32\"><path fill=\"#126567\" d=\"M10.7 11.9q-0.2 0.3-4.6 8.2-0.5 0.8-1.2 0.8h-4.3q-0.4 0-0.5-0.3t0-0.6l4.5-8q0 0 0 0l-2.9-5q-0.2-0.4 0-0.7 0.2-0.3 0.5-0.3h4.3q0.7 0 1.2 0.8zM25.1 0.4q0.2 0.3 0 0.7l-9.4 16.7 6 11q0.2 0.4 0 0.6-0.2 0.3-0.6 0.3h-4.3q-0.7 0-1.2-0.8l-6-11.1q0.3-0.6 9.5-16.8 0.4-0.8 1.2-0.8h4.3q0.4 0 0.5 0.3z\"\/><\/svg><\/span><\/a><\/li><li class=\"shariff-button linkedin shariff-nocustomcolor\" style=\"background-color:#1488bf;border-radius:1%\"><a href=\"https:\/\/www.linkedin.com\/sharing\/share-offsite\/?url=https%3A%2F%2Fwww.sonnenseite.com%2Fde%2Fpolitik%2Fklimapolitik-im-bundestag-ampel-verschiebt-solarpaket-und-klimagesetz%2F\" title=\"Bei LinkedIn teilen\" aria-label=\"Bei LinkedIn teilen\" role=\"button\" rel=\"noopener nofollow\" class=\"shariff-link\" style=\";border-radius:1%; background-color:#0077b5; color:#fff\" target=\"_blank\"><span class=\"shariff-icon\" style=\"\"><svg width=\"32px\" height=\"20px\" xmlns=\"http:\/\/www.w3.org\/2000\/svg\" viewBox=\"0 0 27 32\"><path fill=\"#0077b5\" d=\"M6.2 11.2v17.7h-5.9v-17.7h5.9zM6.6 5.7q0 1.3-0.9 2.2t-2.4 0.9h0q-1.5 0-2.4-0.9t-0.9-2.2 0.9-2.2 2.4-0.9 2.4 0.9 0.9 2.2zM27.4 18.7v10.1h-5.9v-9.5q0-1.9-0.7-2.9t-2.3-1.1q-1.1 0-1.9 0.6t-1.2 1.5q-0.2 0.5-0.2 1.4v9.9h-5.9q0-7.1 0-11.6t0-5.3l0-0.9h5.9v2.6h0q0.4-0.6 0.7-1t1-0.9 1.6-0.8 2-0.3q3 0 4.9 2t1.9 6z\"\/><\/svg><\/span><\/a><\/li><li class=\"shariff-button printer shariff-nocustomcolor\" style=\"background-color:#a8a8a8;border-radius:1%\"><a href=\"javascript:window.print()\" title=\"drucken\" aria-label=\"drucken\" role=\"button\" rel=\"noopener nofollow\" class=\"shariff-link\" style=\";border-radius:1%; background-color:#999; color:#fff\"><span class=\"shariff-icon\" style=\"\"><svg width=\"32px\" height=\"20px\" xmlns=\"http:\/\/www.w3.org\/2000\/svg\" viewBox=\"0 0 30 32\"><path fill=\"#999\" d=\"M6.8 27.4h16v-4.6h-16v4.6zM6.8 16h16v-6.8h-2.8q-0.7 0-1.2-0.5t-0.5-1.2v-2.8h-11.4v11.4zM27.4 17.2q0-0.5-0.3-0.8t-0.8-0.4-0.8 0.4-0.3 0.8 0.3 0.8 0.8 0.3 0.8-0.3 0.3-0.8zM29.7 17.2v7.4q0 0.2-0.2 0.4t-0.4 0.2h-4v2.8q0 0.7-0.5 1.2t-1.2 0.5h-17.2q-0.7 0-1.2-0.5t-0.5-1.2v-2.8h-4q-0.2 0-0.4-0.2t-0.2-0.4v-7.4q0-1.4 1-2.4t2.4-1h1.2v-9.7q0-0.7 0.5-1.2t1.2-0.5h12q0.7 0 1.6 0.4t1.3 0.8l2.7 2.7q0.5 0.5 0.9 1.4t0.4 1.6v4.6h1.1q1.4 0 2.4 1t1 2.4z\"\/><\/svg><\/span><\/a><\/li><li class=\"shariff-button mailto shariff-nocustomcolor\" style=\"background-color:#a8a8a8;border-radius:1%\"><a href=\"mailto:?body=https%3A%2F%2Fwww.sonnenseite.com%2Fde%2Fpolitik%2Fklimapolitik-im-bundestag-ampel-verschiebt-solarpaket-und-klimagesetz%2F&subject=Klimapolitik%20im%20Bundestag%3A%20Ampel%20verschiebt%20Solarpaket%20und%20Klimagesetz\" title=\"Per E-Mail versenden\" aria-label=\"Per E-Mail versenden\" role=\"button\" rel=\"noopener nofollow\" class=\"shariff-link\" style=\";border-radius:1%; background-color:#999; color:#fff\"><span class=\"shariff-icon\" style=\"\"><svg width=\"32px\" height=\"20px\" xmlns=\"http:\/\/www.w3.org\/2000\/svg\" viewBox=\"0 0 32 32\"><path fill=\"#999\" d=\"M32 12.7v14.2q0 1.2-0.8 2t-2 0.9h-26.3q-1.2 0-2-0.9t-0.8-2v-14.2q0.8 0.9 1.8 1.6 6.5 4.4 8.9 6.1 1 0.8 1.6 1.2t1.7 0.9 2 0.4h0.1q0.9 0 2-0.4t1.7-0.9 1.6-1.2q3-2.2 8.9-6.1 1-0.7 1.8-1.6zM32 7.4q0 1.4-0.9 2.7t-2.2 2.2q-6.7 4.7-8.4 5.8-0.2 0.1-0.7 0.5t-1 0.7-0.9 0.6-1.1 0.5-0.9 0.2h-0.1q-0.4 0-0.9-0.2t-1.1-0.5-0.9-0.6-1-0.7-0.7-0.5q-1.6-1.1-4.7-3.2t-3.6-2.6q-1.1-0.7-2.1-2t-1-2.5q0-1.4 0.7-2.3t2.1-0.9h26.3q1.2 0 2 0.8t0.9 2z\"\/><\/svg><\/span><\/a><\/li><\/ul><\/div>","protected":false},"excerpt":{"rendered":"<p>Nicht nur der Bundeshaushalt 2024 wird dieses Jahr nicht mehr beschlossen, auch die seit Monaten vorliegenden [&hellip;]<\/p>\n","protected":false},"author":3,"featured_media":94202,"comment_status":"closed","ping_status":"closed","sticky":false,"template":"","format":"standard","meta":{"inline_featured_image":false,"footnotes":""},"categories":[21],"tags":[],"class_list":["post-96094","post","type-post","status-publish","format-standard","has-post-thumbnail","hentry","category-politik"],"yoast_head":"<!-- This site is optimized with the Yoast SEO plugin v26.5 - https:\/\/yoast.com\/wordpress\/plugins\/seo\/ -->\n<title>Klimapolitik im Bundestag: Ampel verschiebt Solarpaket und Klimagesetz - Sonnenseite - \u00d6kologische Kommunikation mit Franz Alt<\/title>\n<meta name=\"description\" content=\"Nicht nur der Bundeshaushalt 2024 wird dieses Jahr nicht mehr beschlossen, auch die seit Monaten vorliegenden Gesetzentw\u00fcrfe zum Solarausbau und zur\" \/>\n<meta name=\"robots\" content=\"index, follow, max-snippet:-1, max-image-preview:large, max-video-preview:-1\" \/>\n<link rel=\"canonical\" href=\"https:\/\/www.sonnenseite.com\/de\/politik\/klimapolitik-im-bundestag-ampel-verschiebt-solarpaket-und-klimagesetz\/\" \/>\n<meta property=\"og:locale\" content=\"de_DE\" \/>\n<meta property=\"og:type\" content=\"article\" \/>\n<meta property=\"og:title\" content=\"Klimapolitik im Bundestag: Ampel verschiebt Solarpaket und Klimagesetz - Sonnenseite - \u00d6kologische Kommunikation mit Franz Alt\" \/>\n<meta property=\"og:description\" content=\"Nicht nur der Bundeshaushalt 2024 wird dieses Jahr nicht mehr beschlossen, auch die seit Monaten vorliegenden Gesetzentw\u00fcrfe zum Solarausbau und zur\" \/>\n<meta property=\"og:url\" content=\"https:\/\/www.sonnenseite.com\/de\/politik\/klimapolitik-im-bundestag-ampel-verschiebt-solarpaket-und-klimagesetz\/\" \/>\n<meta property=\"og:site_name\" content=\"Sonnenseite\" \/>\n<meta property=\"article:publisher\" content=\"https:\/\/www.facebook.com\/pages\/Franz-Alt-SONNENSEITECOM\/221072987903953?fref=ts\" \/>\n<meta property=\"article:published_time\" content=\"2023-12-12T13:43:27+00:00\" \/>\n<meta property=\"article:modified_time\" content=\"2023-12-12T13:43:28+00:00\" \/>\n<meta property=\"og:image\" content=\"https:\/\/www.sonnenseite.com\/wp-content\/uploads\/2023\/09\/Bundestag_4-s.ukr_.jpg\" \/>\n\t<meta property=\"og:image:width\" content=\"770\" \/>\n\t<meta property=\"og:image:height\" content=\"420\" \/>\n\t<meta property=\"og:image:type\" content=\"image\/jpeg\" \/>\n<meta name=\"author\" content=\"Bigi Alt\" \/>\n<meta name=\"twitter:card\" content=\"summary_large_image\" \/>\n<meta name=\"twitter:creator\" content=\"@franzalt\" \/>\n<meta name=\"twitter:site\" content=\"@franzalt\" \/>\n<meta name=\"twitter:label1\" content=\"Verfasst von\" \/>\n\t<meta name=\"twitter:data1\" content=\"Bigi Alt\" \/>\n\t<meta name=\"twitter:label2\" content=\"Gesch\u00e4tzte Lesezeit\" \/>\n\t<meta name=\"twitter:data2\" content=\"3\u00a0Minuten\" \/>\n<script type=\"application\/ld+json\" class=\"yoast-schema-graph\">{\"@context\":\"https:\/\/schema.org\",\"@graph\":[{\"@type\":\"Article\",\"@id\":\"https:\/\/www.sonnenseite.com\/de\/politik\/klimapolitik-im-bundestag-ampel-verschiebt-solarpaket-und-klimagesetz\/#article\",\"isPartOf\":{\"@id\":\"https:\/\/www.sonnenseite.com\/de\/politik\/klimapolitik-im-bundestag-ampel-verschiebt-solarpaket-und-klimagesetz\/\"},\"author\":{\"name\":\"Bigi Alt\",\"@id\":\"https:\/\/www.sonnenseite.com\/de\/#\/schema\/person\/50fda0e926597684c7cc6695238a4eb9\"},\"headline\":\"Klimapolitik im Bundestag: Ampel verschiebt Solarpaket und Klimagesetz\",\"datePublished\":\"2023-12-12T13:43:27+00:00\",\"dateModified\":\"2023-12-12T13:43:28+00:00\",\"mainEntityOfPage\":{\"@id\":\"https:\/\/www.sonnenseite.com\/de\/politik\/klimapolitik-im-bundestag-ampel-verschiebt-solarpaket-und-klimagesetz\/\"},\"wordCount\":477,\"publisher\":{\"@id\":\"https:\/\/www.sonnenseite.com\/de\/#organization\"},\"image\":{\"@id\":\"https:\/\/www.sonnenseite.com\/de\/politik\/klimapolitik-im-bundestag-ampel-verschiebt-solarpaket-und-klimagesetz\/#primaryimage\"},\"thumbnailUrl\":\"https:\/\/www.sonnenseite.com\/wp-content\/uploads\/2023\/09\/Bundestag_4-s.ukr_.jpg\",\"articleSection\":[\"Politik\"],\"inLanguage\":\"de\"},{\"@type\":\"WebPage\",\"@id\":\"https:\/\/www.sonnenseite.com\/de\/politik\/klimapolitik-im-bundestag-ampel-verschiebt-solarpaket-und-klimagesetz\/\",\"url\":\"https:\/\/www.sonnenseite.com\/de\/politik\/klimapolitik-im-bundestag-ampel-verschiebt-solarpaket-und-klimagesetz\/\",\"name\":\"Klimapolitik im Bundestag: Ampel verschiebt Solarpaket und Klimagesetz - Sonnenseite - \u00d6kologische Kommunikation mit Franz Alt\",\"isPartOf\":{\"@id\":\"https:\/\/www.sonnenseite.com\/de\/#website\"},\"primaryImageOfPage\":{\"@id\":\"https:\/\/www.sonnenseite.com\/de\/politik\/klimapolitik-im-bundestag-ampel-verschiebt-solarpaket-und-klimagesetz\/#primaryimage\"},\"image\":{\"@id\":\"https:\/\/www.sonnenseite.com\/de\/politik\/klimapolitik-im-bundestag-ampel-verschiebt-solarpaket-und-klimagesetz\/#primaryimage\"},\"thumbnailUrl\":\"https:\/\/www.sonnenseite.com\/wp-content\/uploads\/2023\/09\/Bundestag_4-s.ukr_.jpg\",\"datePublished\":\"2023-12-12T13:43:27+00:00\",\"dateModified\":\"2023-12-12T13:43:28+00:00\",\"description\":\"Nicht nur der Bundeshaushalt 2024 wird dieses Jahr nicht mehr beschlossen, auch die seit Monaten vorliegenden Gesetzentw\u00fcrfe zum Solarausbau und zur\",\"breadcrumb\":{\"@id\":\"https:\/\/www.sonnenseite.com\/de\/politik\/klimapolitik-im-bundestag-ampel-verschiebt-solarpaket-und-klimagesetz\/#breadcrumb\"},\"inLanguage\":\"de\",\"potentialAction\":[{\"@type\":\"ReadAction\",\"target\":[\"https:\/\/www.sonnenseite.com\/de\/politik\/klimapolitik-im-bundestag-ampel-verschiebt-solarpaket-und-klimagesetz\/\"]}]},{\"@type\":\"ImageObject\",\"inLanguage\":\"de\",\"@id\":\"https:\/\/www.sonnenseite.com\/de\/politik\/klimapolitik-im-bundestag-ampel-verschiebt-solarpaket-und-klimagesetz\/#primaryimage\",\"url\":\"https:\/\/www.sonnenseite.com\/wp-content\/uploads\/2023\/09\/Bundestag_4-s.ukr_.jpg\",\"contentUrl\":\"https:\/\/www.sonnenseite.com\/wp-content\/uploads\/2023\/09\/Bundestag_4-s.ukr_.jpg\",\"width\":770,\"height\":420,\"caption\":\"Depositphotos.com | 4-s.ukr.net | Der Bundestag entscheidet heute \u00fcber eine \u00c4nderung des Grundgesetzes, die den Weg zum 500-Milliarden-Paket freimachen soll.\"},{\"@type\":\"BreadcrumbList\",\"@id\":\"https:\/\/www.sonnenseite.com\/de\/politik\/klimapolitik-im-bundestag-ampel-verschiebt-solarpaket-und-klimagesetz\/#breadcrumb\",\"itemListElement\":[{\"@type\":\"ListItem\",\"position\":1,\"name\":\"Startseite\",\"item\":\"https:\/\/www.sonnenseite.com\/de\/\"},{\"@type\":\"ListItem\",\"position\":2,\"name\":\"Klimapolitik im Bundestag: Ampel verschiebt Solarpaket und Klimagesetz\"}]},{\"@type\":\"WebSite\",\"@id\":\"https:\/\/www.sonnenseite.com\/de\/#website\",\"url\":\"https:\/\/www.sonnenseite.com\/de\/\",\"name\":\"Sonnenseite\",\"description\":\"\u00d6kologische Kommunikation mit Franz Alt\",\"publisher\":{\"@id\":\"https:\/\/www.sonnenseite.com\/de\/#organization\"},\"potentialAction\":[{\"@type\":\"SearchAction\",\"target\":{\"@type\":\"EntryPoint\",\"urlTemplate\":\"https:\/\/www.sonnenseite.com\/de\/?s={search_term_string}\"},\"query-input\":{\"@type\":\"PropertyValueSpecification\",\"valueRequired\":true,\"valueName\":\"search_term_string\"}}],\"inLanguage\":\"de\"},{\"@type\":\"Organization\",\"@id\":\"https:\/\/www.sonnenseite.com\/de\/#organization\",\"name\":\"Sonnenseite\",\"url\":\"https:\/\/www.sonnenseite.com\/de\/\",\"logo\":{\"@type\":\"ImageObject\",\"inLanguage\":\"de\",\"@id\":\"https:\/\/www.sonnenseite.com\/de\/#\/schema\/logo\/image\/\",\"url\":\"https:\/\/www.sonnenseite.com\/wp-content\/uploads\/2020\/05\/Sonnenseite_Logo.png\",\"contentUrl\":\"https:\/\/www.sonnenseite.com\/wp-content\/uploads\/2020\/05\/Sonnenseite_Logo.png\",\"width\":377,\"height\":90,\"caption\":\"Sonnenseite\"},\"image\":{\"@id\":\"https:\/\/www.sonnenseite.com\/de\/#\/schema\/logo\/image\/\"},\"sameAs\":[\"https:\/\/www.facebook.com\/pages\/Franz-Alt-SONNENSEITECOM\/221072987903953?fref=ts\",\"https:\/\/x.com\/franzalt\",\"http:\/\/www.youtube.com\/results?search_query&amp;amp;quot;franz_alt&amp;amp;quot;&amp;amp;amp;amp;search_type&amp;amp;amp;amp;aq=f\"]},{\"@type\":\"Person\",\"@id\":\"https:\/\/www.sonnenseite.com\/de\/#\/schema\/person\/50fda0e926597684c7cc6695238a4eb9\",\"name\":\"Bigi Alt\"}]}<\/script>\n<!-- \/ Yoast SEO plugin. -->","yoast_head_json":{"title":"Klimapolitik im Bundestag: Ampel verschiebt Solarpaket und Klimagesetz - Sonnenseite - \u00d6kologische Kommunikation mit Franz Alt","description":"Nicht nur der Bundeshaushalt 2024 wird dieses Jahr nicht mehr beschlossen, auch die seit Monaten vorliegenden Gesetzentw\u00fcrfe zum Solarausbau und zur","robots":{"index":"index","follow":"follow","max-snippet":"max-snippet:-1","max-image-preview":"max-image-preview:large","max-video-preview":"max-video-preview:-1"},"canonical":"https:\/\/www.sonnenseite.com\/de\/politik\/klimapolitik-im-bundestag-ampel-verschiebt-solarpaket-und-klimagesetz\/","og_locale":"de_DE","og_type":"article","og_title":"Klimapolitik im Bundestag: Ampel verschiebt Solarpaket und Klimagesetz - Sonnenseite - \u00d6kologische Kommunikation mit Franz Alt","og_description":"Nicht nur der Bundeshaushalt 2024 wird dieses Jahr nicht mehr beschlossen, auch die seit Monaten vorliegenden Gesetzentw\u00fcrfe zum Solarausbau und zur","og_url":"https:\/\/www.sonnenseite.com\/de\/politik\/klimapolitik-im-bundestag-ampel-verschiebt-solarpaket-und-klimagesetz\/","og_site_name":"Sonnenseite","article_publisher":"https:\/\/www.facebook.com\/pages\/Franz-Alt-SONNENSEITECOM\/221072987903953?fref=ts","article_published_time":"2023-12-12T13:43:27+00:00","article_modified_time":"2023-12-12T13:43:28+00:00","og_image":[{"width":770,"height":420,"url":"https:\/\/www.sonnenseite.com\/wp-content\/uploads\/2023\/09\/Bundestag_4-s.ukr_.jpg","type":"image\/jpeg"}],"author":"Bigi Alt","twitter_card":"summary_large_image","twitter_creator":"@franzalt","twitter_site":"@franzalt","twitter_misc":{"Verfasst von":"Bigi Alt","Gesch\u00e4tzte Lesezeit":"3\u00a0Minuten"},"schema":{"@context":"https:\/\/schema.org","@graph":[{"@type":"Article","@id":"https:\/\/www.sonnenseite.com\/de\/politik\/klimapolitik-im-bundestag-ampel-verschiebt-solarpaket-und-klimagesetz\/#article","isPartOf":{"@id":"https:\/\/www.sonnenseite.com\/de\/politik\/klimapolitik-im-bundestag-ampel-verschiebt-solarpaket-und-klimagesetz\/"},"author":{"name":"Bigi Alt","@id":"https:\/\/www.sonnenseite.com\/de\/#\/schema\/person\/50fda0e926597684c7cc6695238a4eb9"},"headline":"Klimapolitik im Bundestag: Ampel verschiebt Solarpaket und Klimagesetz","datePublished":"2023-12-12T13:43:27+00:00","dateModified":"2023-12-12T13:43:28+00:00","mainEntityOfPage":{"@id":"https:\/\/www.sonnenseite.com\/de\/politik\/klimapolitik-im-bundestag-ampel-verschiebt-solarpaket-und-klimagesetz\/"},"wordCount":477,"publisher":{"@id":"https:\/\/www.sonnenseite.com\/de\/#organization"},"image":{"@id":"https:\/\/www.sonnenseite.com\/de\/politik\/klimapolitik-im-bundestag-ampel-verschiebt-solarpaket-und-klimagesetz\/#primaryimage"},"thumbnailUrl":"https:\/\/www.sonnenseite.com\/wp-content\/uploads\/2023\/09\/Bundestag_4-s.ukr_.jpg","articleSection":["Politik"],"inLanguage":"de"},{"@type":"WebPage","@id":"https:\/\/www.sonnenseite.com\/de\/politik\/klimapolitik-im-bundestag-ampel-verschiebt-solarpaket-und-klimagesetz\/","url":"https:\/\/www.sonnenseite.com\/de\/politik\/klimapolitik-im-bundestag-ampel-verschiebt-solarpaket-und-klimagesetz\/","name":"Klimapolitik im Bundestag: Ampel verschiebt Solarpaket und Klimagesetz - Sonnenseite - \u00d6kologische Kommunikation mit Franz Alt","isPartOf":{"@id":"https:\/\/www.sonnenseite.com\/de\/#website"},"primaryImageOfPage":{"@id":"https:\/\/www.sonnenseite.com\/de\/politik\/klimapolitik-im-bundestag-ampel-verschiebt-solarpaket-und-klimagesetz\/#primaryimage"},"image":{"@id":"https:\/\/www.sonnenseite.com\/de\/politik\/klimapolitik-im-bundestag-ampel-verschiebt-solarpaket-und-klimagesetz\/#primaryimage"},"thumbnailUrl":"https:\/\/www.sonnenseite.com\/wp-content\/uploads\/2023\/09\/Bundestag_4-s.ukr_.jpg","datePublished":"2023-12-12T13:43:27+00:00","dateModified":"2023-12-12T13:43:28+00:00","description":"Nicht nur der Bundeshaushalt 2024 wird dieses Jahr nicht mehr beschlossen, auch die seit Monaten vorliegenden Gesetzentw\u00fcrfe zum Solarausbau und zur","breadcrumb":{"@id":"https:\/\/www.sonnenseite.com\/de\/politik\/klimapolitik-im-bundestag-ampel-verschiebt-solarpaket-und-klimagesetz\/#breadcrumb"},"inLanguage":"de","potentialAction":[{"@type":"ReadAction","target":["https:\/\/www.sonnenseite.com\/de\/politik\/klimapolitik-im-bundestag-ampel-verschiebt-solarpaket-und-klimagesetz\/"]}]},{"@type":"ImageObject","inLanguage":"de","@id":"https:\/\/www.sonnenseite.com\/de\/politik\/klimapolitik-im-bundestag-ampel-verschiebt-solarpaket-und-klimagesetz\/#primaryimage","url":"https:\/\/www.sonnenseite.com\/wp-content\/uploads\/2023\/09\/Bundestag_4-s.ukr_.jpg","contentUrl":"https:\/\/www.sonnenseite.com\/wp-content\/uploads\/2023\/09\/Bundestag_4-s.ukr_.jpg","width":770,"height":420,"caption":"Depositphotos.com | 4-s.ukr.net | Der Bundestag entscheidet heute \u00fcber eine \u00c4nderung des Grundgesetzes, die den Weg zum 500-Milliarden-Paket freimachen soll."},{"@type":"BreadcrumbList","@id":"https:\/\/www.sonnenseite.com\/de\/politik\/klimapolitik-im-bundestag-ampel-verschiebt-solarpaket-und-klimagesetz\/#breadcrumb","itemListElement":[{"@type":"ListItem","position":1,"name":"Startseite","item":"https:\/\/www.sonnenseite.com\/de\/"},{"@type":"ListItem","position":2,"name":"Klimapolitik im Bundestag: Ampel verschiebt Solarpaket und Klimagesetz"}]},{"@type":"WebSite","@id":"https:\/\/www.sonnenseite.com\/de\/#website","url":"https:\/\/www.sonnenseite.com\/de\/","name":"Sonnenseite","description":"\u00d6kologische Kommunikation mit Franz Alt","publisher":{"@id":"https:\/\/www.sonnenseite.com\/de\/#organization"},"potentialAction":[{"@type":"SearchAction","target":{"@type":"EntryPoint","urlTemplate":"https:\/\/www.sonnenseite.com\/de\/?s={search_term_string}"},"query-input":{"@type":"PropertyValueSpecification","valueRequired":true,"valueName":"search_term_string"}}],"inLanguage":"de"},{"@type":"Organization","@id":"https:\/\/www.sonnenseite.com\/de\/#organization","name":"Sonnenseite","url":"https:\/\/www.sonnenseite.com\/de\/","logo":{"@type":"ImageObject","inLanguage":"de","@id":"https:\/\/www.sonnenseite.com\/de\/#\/schema\/logo\/image\/","url":"https:\/\/www.sonnenseite.com\/wp-content\/uploads\/2020\/05\/Sonnenseite_Logo.png","contentUrl":"https:\/\/www.sonnenseite.com\/wp-content\/uploads\/2020\/05\/Sonnenseite_Logo.png","width":377,"height":90,"caption":"Sonnenseite"},"image":{"@id":"https:\/\/www.sonnenseite.com\/de\/#\/schema\/logo\/image\/"},"sameAs":["https:\/\/www.facebook.com\/pages\/Franz-Alt-SONNENSEITECOM\/221072987903953?fref=ts","https:\/\/x.com\/franzalt","http:\/\/www.youtube.com\/results?search_query&amp;amp;quot;franz_alt&amp;amp;quot;&amp;amp;amp;amp;search_type&amp;amp;amp;amp;aq=f"]},{"@type":"Person","@id":"https:\/\/www.sonnenseite.com\/de\/#\/schema\/person\/50fda0e926597684c7cc6695238a4eb9","name":"Bigi Alt"}]}},"_links":{"self":[{"href":"https:\/\/www.sonnenseite.com\/de\/wp-json\/wp\/v2\/posts\/96094","targetHints":{"allow":["GET"]}}],"collection":[{"href":"https:\/\/www.sonnenseite.com\/de\/wp-json\/wp\/v2\/posts"}],"about":[{"href":"https:\/\/www.sonnenseite.com\/de\/wp-json\/wp\/v2\/types\/post"}],"author":[{"embeddable":true,"href":"https:\/\/www.sonnenseite.com\/de\/wp-json\/wp\/v2\/users\/3"}],"replies":[{"embeddable":true,"href":"https:\/\/www.sonnenseite.com\/de\/wp-json\/wp\/v2\/comments?post=96094"}],"version-history":[{"count":2,"href":"https:\/\/www.sonnenseite.com\/de\/wp-json\/wp\/v2\/posts\/96094\/revisions"}],"predecessor-version":[{"id":96096,"href":"https:\/\/www.sonnenseite.com\/de\/wp-json\/wp\/v2\/posts\/96094\/revisions\/96096"}],"wp:featuredmedia":[{"embeddable":true,"href":"https:\/\/www.sonnenseite.com\/de\/wp-json\/wp\/v2\/media\/94202"}],"wp:attachment":[{"href":"https:\/\/www.sonnenseite.com\/de\/wp-json\/wp\/v2\/media?parent=96094"}],"wp:term":[{"taxonomy":"category","embeddable":true,"href":"https:\/\/www.sonnenseite.com\/de\/wp-json\/wp\/v2\/categories?post=96094"},{"taxonomy":"post_tag","embeddable":true,"href":"https:\/\/www.sonnenseite.com\/de\/wp-json\/wp\/v2\/tags?post=96094"}],"curies":[{"name":"wp","href":"https:\/\/api.w.org\/{rel}","templated":true}]}}