{"id":96312,"date":"2023-12-22T10:03:36","date_gmt":"2023-12-22T09:03:36","guid":{"rendered":"https:\/\/www.sonnenseite.com\/?p=96312"},"modified":"2023-12-22T10:03:37","modified_gmt":"2023-12-22T09:03:37","slug":"jetzt-braucht-es-starke-buergerliche-aktivitaeten-da-auch-cop28-keinen-klimaschutz-auf-den-weg-brachte","status":"publish","type":"post","link":"https:\/\/www.sonnenseite.com\/de\/politik\/jetzt-braucht-es-starke-buergerliche-aktivitaeten-da-auch-cop28-keinen-klimaschutz-auf-den-weg-brachte\/","title":{"rendered":"Jetzt braucht es starke b\u00fcrgerliche Aktivit\u00e4ten, da auch COP28 keinen Klimaschutz auf den Weg brachte"},"content":{"rendered":"\n<p>Obwohl die Erde in diesem Jahr die h\u00f6chste Temperatur <a href=\"https:\/\/www.tagesschau.de\/ausland\/klimawandel-hitze-extremwetter-100.html#:~:text=Laut%20EU%2DWissenschaftlern%20wird%202023,w%C3%A4rmste%20seit%20125.000%20Jahren%20werden\" target=\"_blank\" rel=\"noreferrer noopener\">seit mindestens 125 000 Jahren erreicht hat,<\/a> finden die Regierungen der Erde keinen Ausweg und beschleunigen weiterhin die Erdaufheizung.<\/p>\n\n\n\n<h4 class=\"wp-block-heading\">Die Erdaufheizung wird mit den Beschl\u00fcssen von Dubai weiter beschleunigt<\/h4>\n\n\n\n<p>Die Nutzung fossiler Rohstoffe (Erd\u00f6l, Erdgas, Kohle) verursacht zu \u00fcber 60 Prozent die globalen Klimagas-Emissionen.<\/p>\n\n\n\n<p>Vielfach gefeiert wurde daher der Beschluss auf der UN-Klimakonferenz in Dubai einen weltweiten <a href=\"https:\/\/www.deutschlandfunk.de\/cop-weltklimakonferenz-abschlusstext-fossile-energien-100.html#:~:text=Beschluss%20der%20COP28%3F-,Was%20genau%20steht%20im%20Schlussdokument%20der%20COP28%3F,netto%20null%20Emissionen%20erreicht%20werden\" target=\"_blank\" rel=\"noreferrer noopener\">\u00dcbergang weg von fossilen Energietr\u00e4gern<\/a> zu fordern.<\/p>\n\n\n\n<p>Doch was bedeutet dieser Beschluss wirklich? Das beschlossene Dokument ist viel zu vage, als dass es Wirkung erzielen k\u00f6nnte: Ein \u00dcbergang weg von fossilen Energien soll in einer gerechten, geordneten und ausgewogenen Weise erfolgen. Dieser \u00dcbergang soll in dieser Dekade beschleunigt werden, bis 2050 sollen netto null Emissionen erreicht werden.<\/p>\n\n\n\n<p>Im Klartext bedeutet dies nichts anderes als die Fortf\u00fchrung der Nutzung der fossilen Energietr\u00e4ger, welche die Hauptverschmutzer des Klimas sind. Jedes Jahr mindestens bis 2050 werden damit weitere riesige Mengen CO2 und Methan in die Atmosph\u00e4re geschickt. Angesichts der unbestechlichen physikalischen Naturgesetze wird sich damit die Antriebskraft der Temperaturaufheizung von Jahr zu Jahr weiter beschleunigen.<\/p>\n\n\n\n<p>Die UN-Klimakonferenz in Dubai wird daher in die Annalen der Erdgeschichte genauso als Versager eingehen, wie alle anderen Klimakonferenzen vor ihr. Insbesondere hat die viel umjubelte Klimakonferenz in Paris 2015 kein zufriedenstellendes Ergebnis gebracht. Es wurde beschlossen, die Erdtemperaturerh\u00f6hung m\u00f6glichst bei 1,5 Grad Celcius zu stoppen. Doch im Jahr 2023, nur acht Jahre sp\u00e4ter und gemessen bis Ende November, liegt die Erdtemperatur bereits bei einer Erh\u00f6hung von 1,46 Grad Celsius, fast dem Ziel von 1,5 Grad Celsius. Der Beschluss in Paris hat somit nichts gebracht.<\/p>\n\n\n\n<h4 class=\"wp-block-heading\">Nationale Regierungen mit viel zu schwachen Zielen und kontraproduktivem Handeln<\/h4>\n\n\n\n<p>Dabei haben sich einige Nationen \u2013 wie auch die deutsche Regierung in Dubai \u2013 vehement f\u00fcr einen wesentlich st\u00e4rkeren Klimaschutz eingesetzt.<\/p>\n\n\n\n<p>Zwei deutsche Vorschl\u00e4ge wurden auch beschlossen. Zum einen eine Verdopplung der Energieeffizienz und zum anderen eine Verdreifachung des Ausbaus der Erneuerbaren Energien jeweils bis 2030.<\/p>\n\n\n\n<p>Beides h\u00e4lt aber auch die deutsche Regierung mit der aktuellen Politik nicht ein. So wird in der kommenden Energiestrategie ein starker Fokus auf den Ausbau der Wasserstoffinfrastruktur gesetzt. Doch damit wird die Energieeffizienz drastisch verschlechtert, statt verdoppelt, <a href=\"https:\/\/www.duh.de\/fileadmin\/user_upload\/download\/Projektinformation\/230612_DUH_H2-Faktenpapier.pdf\" target=\"_blank\" rel=\"noreferrer noopener\">da Wasserstoff eben h\u00f6chst ineffizient ist.<\/a><\/p>\n\n\n\n<p>Auch die Ziele der Bundesregierung liegen weit unter einer Verdopplung der Erneuerbaren Energien bis 2030.<\/p>\n\n\n\n<p>Der Ausstieg Deutschlands aus der Nutzung fossiler Energien ist ebenfalls nicht ersichtlich, da die Bundesregierung langfristige Vertr\u00e4ge f\u00fcr die Lieferung von Erd\u00f6l, Erdgas, insbesondere LNG, mit vielen L\u00e4ndern der Erde abschlie\u00dft, wie etwa Nigeria, Katar, Saudi-Arabien, den USA und vielen anderen.<\/p>\n\n\n\n<p>Auch wenn die beschlossene Zielvorstellung einer Verdopplung des Ausbaus der Erneuerbaren Energien bis 2030 gut klingt, liegt sie dennoch weit unter den Notwendigkeiten und M\u00f6glichkeiten. Aktuell ist wie seit vielen Jahren die Photovoltaik \u2013 <a href=\"https:\/\/www.pv-magazine.de\/2023\/11\/29\/die-photovoltaik-entwickelt-sich-schneller-und-die-kosten-sinken-staerker-als-von-experten-geschaetzt-die-modellierung-auf-grundlage-empirischer-daten-liefert-bessere-prognosen\/\" target=\"_blank\" rel=\"noreferrer noopener\">die als entscheidende kommende Energiequelle gilt \u2013<\/a> dank China auf einem globalen Wachstumspfad von einer Verdopplung alle zwei Jahre.<\/p>\n\n\n\n<p>Bleibt diese exponentielle Wachstumskurve erhalten, w\u00fcrde sich bis 2030 eine Verachtfachung ergeben, sofern auch andere Erneuerbare Energien \u00e4hnlich stark wachsen wie die Photovoltaik (PV). Die in Dubai beschlossenen Ausbaupfade sind also wesentlich niedriger als die derzeit vorhandenen M\u00f6glichkeiten und bedeuten letztlich eine Ausbremsung des Potenzials dieser Energiequellen.<\/p>\n\n\n\n<h4 class=\"wp-block-heading\">Grund f\u00fcr das Versagen der Klimakonferenzen: Der massive Einfluss der fossilen Wirtschaft<\/h4>\n\n\n\n<p>Seit Jahrzehnten hat insbesondere Saudi-Arabien es geschafft, die Beschl\u00fcsse der UN-Konferenzen sowie die des Weltklimarates (IPCC) im Interesse ihrer Erd\u00f6l-Industrie zu diktieren. Das globale Forschungsnetzwerk Climate Social Science Network (CSSN) <a href=\"https:\/\/cssn.org\/wp-content\/uploads\/2023\/11\/Decades-of-Systematic-Obstructionism-CSSN-Issue-Paper3.pdf\" target=\"_blank\" rel=\"noreferrer noopener\">hat in akribischer Forschungsarbeit nachgewiesen<\/a>, dass die saudischen Regierungen seit Jahrzehnten systematisch die Beschl\u00fcsse des Weltklimarates zu ihren Gunsten beeinflussen.<\/p>\n\n\n\n<p>So ist es kein Wunder, dass selbst der Weltklimarat, wohl wissend, dass die Erdtemperatur bereits die Marke von 1,5 Grad Celsius Aufheizung \u00fcberschreitet, in Dubai die Botschaft setzte, man k\u00f6nne eine \u00dcberschreitung von 1,5 Grad Celsius verhindern, wenn die Weltgemeinschaft bis 2050 immer noch riesige Mengen an fossilen Rohstoffen nutzt. In einem k\u00fcrzlich ver\u00f6ffentlichten Papier unter der Leitung des Atmosph\u00e4renforschers Ploy Achakulwisut wurden die bestehenden Szenarien zur Begrenzung der Erw\u00e4rmung auf 1,5 Grad Celsius eingehend untersucht. <a href=\"https:\/\/www.solarify.eu\/2023\/12\/06\/264-cop28-praesident-irrt\/\" target=\"_blank\" rel=\"noreferrer noopener\">Bei Pfaden, die mit 1,5 Grad Celsius vereinbar sind, m\u00fcsste die Versorgung mit Kohle um 95 Prozent, mit \u00d6l um 62 Prozent und mit Gas um 42 Prozent zwischen 2020 und 2050 zur\u00fcckgehen.<\/a><\/p>\n\n\n\n<p>Eine vollkommen fehlerhafte Analyse, die ausschlie\u00dflich auf den massiven Einfluss der fossilen Wirtschaft auf die Klimawissenschaft des IPCC zur\u00fcckzuf\u00fchren ist. Hintergrund ist vor allem, dass durch Carbon Capture Storage (CCS) \u2013 also das Abscheiden von CO2 aus den Rauchgasen fossiler Verbrennung \u2013 Emissionsreduktionen m\u00f6glich w\u00e4ren. Trotz massiver \u00f6ffentlicher Subventionen ist CCS seit \u00fcber 20 Jahren bis heute nicht nennenswert verbreitet und wird es aufgrund der viel zu hohen Kosten auch in den n\u00e4chsten 50 Jahren nicht sein. Dennoch spielte CCS in Dubai eine entscheidende Rolle als Begr\u00fcndung f\u00fcr die weitere Nutzung fossiler Energien.<\/p>\n\n\n\n<h4 class=\"wp-block-heading\">Das jahrzehntelange Versagen der Weltklimakonferenzen kann und muss durch gesteigerte Aktivit\u00e4ten der Zivilgesellschaften ausgeglichen werden<\/h4>\n\n\n\n<p>Entscheidend wird nun sein, dass Zivilgesellschaften zusammen mit Unternehmen z\u00fcgig bis etwa 2030 den Ausbau der Erneuerbaren Energien vorantreiben und aus fossilen Energien aussteigen. Einige haben bereits gezeigt, wie es geht.<\/p>\n\n\n\n<p>Zwei Wege einer erfolgreichen Zivilgesellschaft sind neben anderen, wie beispielsweise die Gr\u00fcndung von Energiegemeinschaften, zielf\u00fchrend f\u00fcr einen Ausstieg aus fossilen Brennstoffen: Divestment und das gesellschaftliche Engagement.<\/p>\n\n\n\n<p><strong>Divestment<\/strong> bedeutet den Finanzentzug f\u00fcr Investitionen in fossile Gesch\u00e4fte. In den letzten Jahren hat <a href=\"https:\/\/divestmentdatabase.org\/\" target=\"_blank\" rel=\"noreferrer noopener\">die globale Divestmentbewegung<\/a> enormen Zulauf erhalten. Mehr als 1.600 Institutionen, darunter Universit\u00e4ten, Pensionsfonds und Regierungen mit einem Verm\u00f6gen von rund 41 Billionen Dollar, <a href=\"https:\/\/www.telepolis.de\/features\/Historisch-Ueber-1-600-Institutionen-mit-41-Billionen-Dollar-ziehen-Geld-aus-Kohle-Gas-Oel-9576464.html\" target=\"_blank\" rel=\"noreferrer noopener\">haben sich mittlerweile von fossilen Brennstoffen zur\u00fcckgezogen<\/a>, wie die Global Fossil Fuel Divestment Movement am letzten Freitag bekannt gab.<\/p>\n\n\n\n<p>Dies sollte Ansporn sein f\u00fcr uns alle, in unseren Institutionen darauf zu dr\u00e4ngen und bei der eigenen privaten Geldanlage jegliche Finanzierung von fossilen Gesch\u00e4ften zu vermeiden. Je mehr Menschen dies tun, desto schneller werden den Konzernen die finanziellen Mittel entzogen, um neue Erd\u00f6l- und Erdgasbohrungen oder Kohlekraftwerke zu errichten.<\/p>\n\n\n\n<h4 class=\"wp-block-heading\">Zwei erfolgreiche Beispiele f\u00fcr starkes kommunales Klimab\u00fcrgerInnen-Engagement<\/h4>\n\n\n\n<p>Sie kommen aus meiner fr\u00e4nkischen Heimat und k\u00f6nnen Vorbild daf\u00fcr sein, wie Klimaschutz von unten mit Empfehlungen f\u00fcr die Regionalpolitik gelingen kann. F\u00fcr die beiden Auftaktveranstaltungen hatte ich auch Mut machend motiviert.<\/p>\n\n\n\n<h4 class=\"wp-block-heading\">Die regionale Klimakonferenz (RegioCOP) f\u00fcr Oberfranken<\/h4>\n\n\n\n<p>Mit \u00fcber 300 TeilnehmerInnen und in 16 Teilkonferenzen wurden in Bayreuth 200 Seiten Status und Forderungen erarbeitet, die den \u00f6rtlichen Entscheidungstr\u00e4gern \u00fcbergeben wurden. Ein starkes Signal an die Kommunal- und Regionalpolitik endlich wirksame Klimaschutzma\u00dfnahmen zu ergreifen.<\/p>\n\n\n\n<h4 class=\"wp-block-heading\">In Schweinfurt wurde das Konzept der \u201aFutureLabs\u2018 vorgestellt<\/h4>\n\n\n\n<p>Lehrer Oliver Kunkel hat es mit vielen Unterst\u00fctzerInnen, Klimaforschungsinstituten, dem Bayerischen Elternverband und der Universit\u00e4t W\u00fcrzburg entwickelt. Sch\u00fclerInnen und Sch\u00fcler lernen anhand konkreter Aktionen Klimaschutzaktivit\u00e4ten kennen. Mit Partnern in Ghana wird das Konzept sogar international erfolgreich vorangetrieben. <a href=\"https:\/\/www.tagesschau.de\/inland\/mittendrin\/future-lab-schule-klimawandel-102.html\" target=\"_blank\" rel=\"noreferrer noopener\">Selbst die Tagesthemen berichteten \u00fcber diese besonders erfolgreiche und mutmachende Initiative.<\/a><\/p>\n\n\n\n<p>Es gib in Deutschland und auch in vielen anderen L\u00e4ndern sehr viele andere b\u00fcrgerliche Aktivit\u00e4ten in bunter Vielfalt f\u00fcr den Klimaschutz. Es lohnt sich, dass wir uns alle uns viel st\u00e4rker in diesem Sinne engagieren, jeder und jede entsprechend seiner oder ihrer Neigung und F\u00e4higkeiten, und auch Neues ansto\u00dfen. Diese Bewegungen von der Basis aus k\u00f6nnen regional und lokal umsetzen, was von oben auf den Weltklimakonferenzen seit Jahrzehnten nicht gelungen ist: wirksamer Klimaschutz.<\/p>\n\n\n<h5 class=\"green\">Quelle<\/h5>\r\n\n\n\n<p><a href=\"http:\/\/www.hans-josef-fell.de\" target=\"_blank\" rel=\"noreferrer noopener\">Hans-Josef Fell 2023<\/a>\u00a0|\u00a0<a href=\"http:\/\/energywatchgroup.org\/\" target=\"_blank\" rel=\"noreferrer noopener\">Pr\u00e4sident der Energy Watch Group (EWG) und Autor des EEG<\/a><\/p>\n<div class=\"shariff shariff-align-flex-start shariff-widget-align-flex-start\"><div class=\"ShariffHeadline\">Diese Meldung teilen<\/div><ul class=\"shariff-buttons theme-round orientation-horizontal buttonsize-medium\"><li class=\"shariff-button facebook shariff-nocustomcolor\" style=\"background-color:#4273c8;border-radius:1%\"><a href=\"https:\/\/www.facebook.com\/sharer\/sharer.php?u=https%3A%2F%2Fwww.sonnenseite.com%2Fde%2Fpolitik%2Fjetzt-braucht-es-starke-buergerliche-aktivitaeten-da-auch-cop28-keinen-klimaschutz-auf-den-weg-brachte%2F\" title=\"Bei Facebook teilen\" aria-label=\"Bei Facebook teilen\" role=\"button\" rel=\"nofollow\" class=\"shariff-link\" style=\";border-radius:1%; background-color:#3b5998; color:#fff\" target=\"_blank\"><span class=\"shariff-icon\" style=\"\"><svg width=\"32px\" height=\"20px\" xmlns=\"http:\/\/www.w3.org\/2000\/svg\" viewBox=\"0 0 18 32\"><path fill=\"#3b5998\" d=\"M17.1 0.2v4.7h-2.8q-1.5 0-2.1 0.6t-0.5 1.9v3.4h5.2l-0.7 5.3h-4.5v13.6h-5.5v-13.6h-4.5v-5.3h4.5v-3.9q0-3.3 1.9-5.2t5-1.8q2.6 0 4.1 0.2z\"\/><\/svg><\/span><\/a><\/li><li class=\"shariff-button twitter shariff-nocustomcolor\" style=\"background-color:#595959;border-radius:1%\"><a href=\"https:\/\/twitter.com\/share?url=https%3A%2F%2Fwww.sonnenseite.com%2Fde%2Fpolitik%2Fjetzt-braucht-es-starke-buergerliche-aktivitaeten-da-auch-cop28-keinen-klimaschutz-auf-den-weg-brachte%2F&text=Jetzt%20braucht%20es%20starke%20b%C3%BCrgerliche%20Aktivit%C3%A4ten%2C%20da%20auch%20COP28%20keinen%20Klimaschutz%20auf%20den%20Weg%20brachte\" title=\"Bei X teilen\" aria-label=\"Bei X teilen\" role=\"button\" rel=\"noopener nofollow\" class=\"shariff-link\" style=\";border-radius:1%; background-color:#000; color:#fff\" target=\"_blank\"><span class=\"shariff-icon\" style=\"\"><svg width=\"32px\" height=\"20px\" xmlns=\"http:\/\/www.w3.org\/2000\/svg\" viewBox=\"0 0 24 24\"><path fill=\"#000\" d=\"M14.258 10.152L23.176 0h-2.113l-7.747 8.813L7.133 0H0l9.352 13.328L0 23.973h2.113l8.176-9.309 6.531 9.309h7.133zm-2.895 3.293l-.949-1.328L2.875 1.56h3.246l6.086 8.523.945 1.328 7.91 11.078h-3.246zm0 0\"\/><\/svg><\/span><\/a><\/li><li class=\"shariff-button xing shariff-nocustomcolor\" style=\"background-color:#29888a;border-radius:1%\"><a href=\"https:\/\/www.xing.com\/spi\/shares\/new?url=https%3A%2F%2Fwww.sonnenseite.com%2Fde%2Fpolitik%2Fjetzt-braucht-es-starke-buergerliche-aktivitaeten-da-auch-cop28-keinen-klimaschutz-auf-den-weg-brachte%2F\" title=\"Bei XING teilen\" aria-label=\"Bei XING teilen\" role=\"button\" rel=\"noopener nofollow\" class=\"shariff-link\" style=\";border-radius:1%; background-color:#126567; color:#fff\" target=\"_blank\"><span class=\"shariff-icon\" style=\"\"><svg width=\"32px\" height=\"20px\" xmlns=\"http:\/\/www.w3.org\/2000\/svg\" viewBox=\"0 0 25 32\"><path fill=\"#126567\" d=\"M10.7 11.9q-0.2 0.3-4.6 8.2-0.5 0.8-1.2 0.8h-4.3q-0.4 0-0.5-0.3t0-0.6l4.5-8q0 0 0 0l-2.9-5q-0.2-0.4 0-0.7 0.2-0.3 0.5-0.3h4.3q0.7 0 1.2 0.8zM25.1 0.4q0.2 0.3 0 0.7l-9.4 16.7 6 11q0.2 0.4 0 0.6-0.2 0.3-0.6 0.3h-4.3q-0.7 0-1.2-0.8l-6-11.1q0.3-0.6 9.5-16.8 0.4-0.8 1.2-0.8h4.3q0.4 0 0.5 0.3z\"\/><\/svg><\/span><\/a><\/li><li class=\"shariff-button linkedin shariff-nocustomcolor\" style=\"background-color:#1488bf;border-radius:1%\"><a href=\"https:\/\/www.linkedin.com\/sharing\/share-offsite\/?url=https%3A%2F%2Fwww.sonnenseite.com%2Fde%2Fpolitik%2Fjetzt-braucht-es-starke-buergerliche-aktivitaeten-da-auch-cop28-keinen-klimaschutz-auf-den-weg-brachte%2F\" title=\"Bei LinkedIn teilen\" aria-label=\"Bei LinkedIn teilen\" role=\"button\" rel=\"noopener nofollow\" class=\"shariff-link\" style=\";border-radius:1%; background-color:#0077b5; color:#fff\" target=\"_blank\"><span class=\"shariff-icon\" style=\"\"><svg width=\"32px\" height=\"20px\" xmlns=\"http:\/\/www.w3.org\/2000\/svg\" viewBox=\"0 0 27 32\"><path fill=\"#0077b5\" d=\"M6.2 11.2v17.7h-5.9v-17.7h5.9zM6.6 5.7q0 1.3-0.9 2.2t-2.4 0.9h0q-1.5 0-2.4-0.9t-0.9-2.2 0.9-2.2 2.4-0.9 2.4 0.9 0.9 2.2zM27.4 18.7v10.1h-5.9v-9.5q0-1.9-0.7-2.9t-2.3-1.1q-1.1 0-1.9 0.6t-1.2 1.5q-0.2 0.5-0.2 1.4v9.9h-5.9q0-7.1 0-11.6t0-5.3l0-0.9h5.9v2.6h0q0.4-0.6 0.7-1t1-0.9 1.6-0.8 2-0.3q3 0 4.9 2t1.9 6z\"\/><\/svg><\/span><\/a><\/li><li class=\"shariff-button printer shariff-nocustomcolor\" style=\"background-color:#a8a8a8;border-radius:1%\"><a href=\"javascript:window.print()\" title=\"drucken\" aria-label=\"drucken\" role=\"button\" rel=\"noopener nofollow\" class=\"shariff-link\" style=\";border-radius:1%; background-color:#999; color:#fff\"><span class=\"shariff-icon\" style=\"\"><svg width=\"32px\" height=\"20px\" xmlns=\"http:\/\/www.w3.org\/2000\/svg\" viewBox=\"0 0 30 32\"><path fill=\"#999\" d=\"M6.8 27.4h16v-4.6h-16v4.6zM6.8 16h16v-6.8h-2.8q-0.7 0-1.2-0.5t-0.5-1.2v-2.8h-11.4v11.4zM27.4 17.2q0-0.5-0.3-0.8t-0.8-0.4-0.8 0.4-0.3 0.8 0.3 0.8 0.8 0.3 0.8-0.3 0.3-0.8zM29.7 17.2v7.4q0 0.2-0.2 0.4t-0.4 0.2h-4v2.8q0 0.7-0.5 1.2t-1.2 0.5h-17.2q-0.7 0-1.2-0.5t-0.5-1.2v-2.8h-4q-0.2 0-0.4-0.2t-0.2-0.4v-7.4q0-1.4 1-2.4t2.4-1h1.2v-9.7q0-0.7 0.5-1.2t1.2-0.5h12q0.7 0 1.6 0.4t1.3 0.8l2.7 2.7q0.5 0.5 0.9 1.4t0.4 1.6v4.6h1.1q1.4 0 2.4 1t1 2.4z\"\/><\/svg><\/span><\/a><\/li><li class=\"shariff-button mailto shariff-nocustomcolor\" style=\"background-color:#a8a8a8;border-radius:1%\"><a href=\"mailto:?body=https%3A%2F%2Fwww.sonnenseite.com%2Fde%2Fpolitik%2Fjetzt-braucht-es-starke-buergerliche-aktivitaeten-da-auch-cop28-keinen-klimaschutz-auf-den-weg-brachte%2F&subject=Jetzt%20braucht%20es%20starke%20b%C3%BCrgerliche%20Aktivit%C3%A4ten%2C%20da%20auch%20COP28%20keinen%20Klimaschutz%20auf%20den%20Weg%20brachte\" title=\"Per E-Mail versenden\" aria-label=\"Per E-Mail versenden\" role=\"button\" rel=\"noopener nofollow\" class=\"shariff-link\" style=\";border-radius:1%; background-color:#999; color:#fff\"><span class=\"shariff-icon\" style=\"\"><svg width=\"32px\" height=\"20px\" xmlns=\"http:\/\/www.w3.org\/2000\/svg\" viewBox=\"0 0 32 32\"><path fill=\"#999\" d=\"M32 12.7v14.2q0 1.2-0.8 2t-2 0.9h-26.3q-1.2 0-2-0.9t-0.8-2v-14.2q0.8 0.9 1.8 1.6 6.5 4.4 8.9 6.1 1 0.8 1.6 1.2t1.7 0.9 2 0.4h0.1q0.9 0 2-0.4t1.7-0.9 1.6-1.2q3-2.2 8.9-6.1 1-0.7 1.8-1.6zM32 7.4q0 1.4-0.9 2.7t-2.2 2.2q-6.7 4.7-8.4 5.8-0.2 0.1-0.7 0.5t-1 0.7-0.9 0.6-1.1 0.5-0.9 0.2h-0.1q-0.4 0-0.9-0.2t-1.1-0.5-0.9-0.6-1-0.7-0.7-0.5q-1.6-1.1-4.7-3.2t-3.6-2.6q-1.1-0.7-2.1-2t-1-2.5q0-1.4 0.7-2.3t2.1-0.9h26.3q1.2 0 2 0.8t0.9 2z\"\/><\/svg><\/span><\/a><\/li><\/ul><\/div>","protected":false},"excerpt":{"rendered":"<p>Obwohl die Erde in diesem Jahr die h\u00f6chste Temperatur seit mindestens 125 000 Jahren erreicht hat, [&hellip;]<\/p>\n","protected":false},"author":3,"featured_media":86738,"comment_status":"closed","ping_status":"closed","sticky":false,"template":"","format":"standard","meta":{"inline_featured_image":false,"footnotes":""},"categories":[21],"tags":[],"class_list":["post-96312","post","type-post","status-publish","format-standard","has-post-thumbnail","hentry","category-politik"],"yoast_head":"<!-- This site is optimized with the Yoast SEO plugin v26.5 - https:\/\/yoast.com\/wordpress\/plugins\/seo\/ -->\n<title>Jetzt braucht es starke b\u00fcrgerliche Aktivit\u00e4ten, da auch COP28 keinen Klimaschutz auf den Weg brachte - Sonnenseite - \u00d6kologische Kommunikation mit Franz Alt<\/title>\n<meta name=\"description\" content=\"Obwohl die Erde in diesem Jahr die h\u00f6chste Temperatur seit mindestens 125 000 Jahren erreicht hat, finden die Regierungen der Erde keinen Ausweg und\" \/>\n<meta name=\"robots\" content=\"index, follow, max-snippet:-1, max-image-preview:large, max-video-preview:-1\" \/>\n<link rel=\"canonical\" href=\"https:\/\/www.sonnenseite.com\/de\/politik\/jetzt-braucht-es-starke-buergerliche-aktivitaeten-da-auch-cop28-keinen-klimaschutz-auf-den-weg-brachte\/\" \/>\n<meta property=\"og:locale\" content=\"de_DE\" \/>\n<meta property=\"og:type\" content=\"article\" \/>\n<meta property=\"og:title\" content=\"Jetzt braucht es starke b\u00fcrgerliche Aktivit\u00e4ten, da auch COP28 keinen Klimaschutz auf den Weg brachte - Sonnenseite - \u00d6kologische Kommunikation mit Franz Alt\" \/>\n<meta property=\"og:description\" content=\"Obwohl die Erde in diesem Jahr die h\u00f6chste Temperatur seit mindestens 125 000 Jahren erreicht hat, finden die Regierungen der Erde keinen Ausweg und\" \/>\n<meta property=\"og:url\" content=\"https:\/\/www.sonnenseite.com\/de\/politik\/jetzt-braucht-es-starke-buergerliche-aktivitaeten-da-auch-cop28-keinen-klimaschutz-auf-den-weg-brachte\/\" \/>\n<meta property=\"og:site_name\" content=\"Sonnenseite\" \/>\n<meta property=\"article:publisher\" content=\"https:\/\/www.facebook.com\/pages\/Franz-Alt-SONNENSEITECOM\/221072987903953?fref=ts\" \/>\n<meta property=\"article:published_time\" content=\"2023-12-22T09:03:36+00:00\" \/>\n<meta property=\"article:modified_time\" content=\"2023-12-22T09:03:37+00:00\" \/>\n<meta property=\"og:image\" content=\"https:\/\/www.sonnenseite.com\/wp-content\/uploads\/2022\/11\/Umwelt_annca.jpg\" \/>\n\t<meta property=\"og:image:width\" content=\"770\" \/>\n\t<meta property=\"og:image:height\" content=\"420\" \/>\n\t<meta property=\"og:image:type\" content=\"image\/jpeg\" \/>\n<meta name=\"author\" content=\"Bigi Alt\" \/>\n<meta name=\"twitter:card\" content=\"summary_large_image\" \/>\n<meta name=\"twitter:creator\" content=\"@franzalt\" \/>\n<meta name=\"twitter:site\" content=\"@franzalt\" \/>\n<meta name=\"twitter:label1\" content=\"Verfasst von\" \/>\n\t<meta name=\"twitter:data1\" content=\"Bigi Alt\" \/>\n\t<meta name=\"twitter:label2\" content=\"Gesch\u00e4tzte Lesezeit\" \/>\n\t<meta name=\"twitter:data2\" content=\"7\u00a0Minuten\" \/>\n<script type=\"application\/ld+json\" class=\"yoast-schema-graph\">{\"@context\":\"https:\/\/schema.org\",\"@graph\":[{\"@type\":\"Article\",\"@id\":\"https:\/\/www.sonnenseite.com\/de\/politik\/jetzt-braucht-es-starke-buergerliche-aktivitaeten-da-auch-cop28-keinen-klimaschutz-auf-den-weg-brachte\/#article\",\"isPartOf\":{\"@id\":\"https:\/\/www.sonnenseite.com\/de\/politik\/jetzt-braucht-es-starke-buergerliche-aktivitaeten-da-auch-cop28-keinen-klimaschutz-auf-den-weg-brachte\/\"},\"author\":{\"name\":\"Bigi Alt\",\"@id\":\"https:\/\/www.sonnenseite.com\/de\/#\/schema\/person\/50fda0e926597684c7cc6695238a4eb9\"},\"headline\":\"Jetzt braucht es starke b\u00fcrgerliche Aktivit\u00e4ten, da auch COP28 keinen Klimaschutz auf den Weg brachte\",\"datePublished\":\"2023-12-22T09:03:36+00:00\",\"dateModified\":\"2023-12-22T09:03:37+00:00\",\"mainEntityOfPage\":{\"@id\":\"https:\/\/www.sonnenseite.com\/de\/politik\/jetzt-braucht-es-starke-buergerliche-aktivitaeten-da-auch-cop28-keinen-klimaschutz-auf-den-weg-brachte\/\"},\"wordCount\":1243,\"publisher\":{\"@id\":\"https:\/\/www.sonnenseite.com\/de\/#organization\"},\"image\":{\"@id\":\"https:\/\/www.sonnenseite.com\/de\/politik\/jetzt-braucht-es-starke-buergerliche-aktivitaeten-da-auch-cop28-keinen-klimaschutz-auf-den-weg-brachte\/#primaryimage\"},\"thumbnailUrl\":\"https:\/\/www.sonnenseite.com\/wp-content\/uploads\/2022\/11\/Umwelt_annca.jpg\",\"articleSection\":[\"Politik\"],\"inLanguage\":\"de\"},{\"@type\":\"WebPage\",\"@id\":\"https:\/\/www.sonnenseite.com\/de\/politik\/jetzt-braucht-es-starke-buergerliche-aktivitaeten-da-auch-cop28-keinen-klimaschutz-auf-den-weg-brachte\/\",\"url\":\"https:\/\/www.sonnenseite.com\/de\/politik\/jetzt-braucht-es-starke-buergerliche-aktivitaeten-da-auch-cop28-keinen-klimaschutz-auf-den-weg-brachte\/\",\"name\":\"Jetzt braucht es starke b\u00fcrgerliche Aktivit\u00e4ten, da auch COP28 keinen Klimaschutz auf den Weg brachte - Sonnenseite - \u00d6kologische Kommunikation mit Franz Alt\",\"isPartOf\":{\"@id\":\"https:\/\/www.sonnenseite.com\/de\/#website\"},\"primaryImageOfPage\":{\"@id\":\"https:\/\/www.sonnenseite.com\/de\/politik\/jetzt-braucht-es-starke-buergerliche-aktivitaeten-da-auch-cop28-keinen-klimaschutz-auf-den-weg-brachte\/#primaryimage\"},\"image\":{\"@id\":\"https:\/\/www.sonnenseite.com\/de\/politik\/jetzt-braucht-es-starke-buergerliche-aktivitaeten-da-auch-cop28-keinen-klimaschutz-auf-den-weg-brachte\/#primaryimage\"},\"thumbnailUrl\":\"https:\/\/www.sonnenseite.com\/wp-content\/uploads\/2022\/11\/Umwelt_annca.jpg\",\"datePublished\":\"2023-12-22T09:03:36+00:00\",\"dateModified\":\"2023-12-22T09:03:37+00:00\",\"description\":\"Obwohl die Erde in diesem Jahr die h\u00f6chste Temperatur seit mindestens 125 000 Jahren erreicht hat, finden die Regierungen der Erde keinen Ausweg und\",\"breadcrumb\":{\"@id\":\"https:\/\/www.sonnenseite.com\/de\/politik\/jetzt-braucht-es-starke-buergerliche-aktivitaeten-da-auch-cop28-keinen-klimaschutz-auf-den-weg-brachte\/#breadcrumb\"},\"inLanguage\":\"de\",\"potentialAction\":[{\"@type\":\"ReadAction\",\"target\":[\"https:\/\/www.sonnenseite.com\/de\/politik\/jetzt-braucht-es-starke-buergerliche-aktivitaeten-da-auch-cop28-keinen-klimaschutz-auf-den-weg-brachte\/\"]}]},{\"@type\":\"ImageObject\",\"inLanguage\":\"de\",\"@id\":\"https:\/\/www.sonnenseite.com\/de\/politik\/jetzt-braucht-es-starke-buergerliche-aktivitaeten-da-auch-cop28-keinen-klimaschutz-auf-den-weg-brachte\/#primaryimage\",\"url\":\"https:\/\/www.sonnenseite.com\/wp-content\/uploads\/2022\/11\/Umwelt_annca.jpg\",\"contentUrl\":\"https:\/\/www.sonnenseite.com\/wp-content\/uploads\/2022\/11\/Umwelt_annca.jpg\",\"width\":770,\"height\":420,\"caption\":\"pixabay.com | annca\"},{\"@type\":\"BreadcrumbList\",\"@id\":\"https:\/\/www.sonnenseite.com\/de\/politik\/jetzt-braucht-es-starke-buergerliche-aktivitaeten-da-auch-cop28-keinen-klimaschutz-auf-den-weg-brachte\/#breadcrumb\",\"itemListElement\":[{\"@type\":\"ListItem\",\"position\":1,\"name\":\"Startseite\",\"item\":\"https:\/\/www.sonnenseite.com\/de\/\"},{\"@type\":\"ListItem\",\"position\":2,\"name\":\"Jetzt braucht es starke b\u00fcrgerliche Aktivit\u00e4ten, da auch COP28 keinen Klimaschutz auf den Weg brachte\"}]},{\"@type\":\"WebSite\",\"@id\":\"https:\/\/www.sonnenseite.com\/de\/#website\",\"url\":\"https:\/\/www.sonnenseite.com\/de\/\",\"name\":\"Sonnenseite\",\"description\":\"\u00d6kologische Kommunikation mit Franz Alt\",\"publisher\":{\"@id\":\"https:\/\/www.sonnenseite.com\/de\/#organization\"},\"potentialAction\":[{\"@type\":\"SearchAction\",\"target\":{\"@type\":\"EntryPoint\",\"urlTemplate\":\"https:\/\/www.sonnenseite.com\/de\/?s={search_term_string}\"},\"query-input\":{\"@type\":\"PropertyValueSpecification\",\"valueRequired\":true,\"valueName\":\"search_term_string\"}}],\"inLanguage\":\"de\"},{\"@type\":\"Organization\",\"@id\":\"https:\/\/www.sonnenseite.com\/de\/#organization\",\"name\":\"Sonnenseite\",\"url\":\"https:\/\/www.sonnenseite.com\/de\/\",\"logo\":{\"@type\":\"ImageObject\",\"inLanguage\":\"de\",\"@id\":\"https:\/\/www.sonnenseite.com\/de\/#\/schema\/logo\/image\/\",\"url\":\"https:\/\/www.sonnenseite.com\/wp-content\/uploads\/2020\/05\/Sonnenseite_Logo.png\",\"contentUrl\":\"https:\/\/www.sonnenseite.com\/wp-content\/uploads\/2020\/05\/Sonnenseite_Logo.png\",\"width\":377,\"height\":90,\"caption\":\"Sonnenseite\"},\"image\":{\"@id\":\"https:\/\/www.sonnenseite.com\/de\/#\/schema\/logo\/image\/\"},\"sameAs\":[\"https:\/\/www.facebook.com\/pages\/Franz-Alt-SONNENSEITECOM\/221072987903953?fref=ts\",\"https:\/\/x.com\/franzalt\",\"http:\/\/www.youtube.com\/results?search_query&amp;amp;quot;franz_alt&amp;amp;quot;&amp;amp;amp;amp;search_type&amp;amp;amp;amp;aq=f\"]},{\"@type\":\"Person\",\"@id\":\"https:\/\/www.sonnenseite.com\/de\/#\/schema\/person\/50fda0e926597684c7cc6695238a4eb9\",\"name\":\"Bigi Alt\"}]}<\/script>\n<!-- \/ Yoast SEO plugin. -->","yoast_head_json":{"title":"Jetzt braucht es starke b\u00fcrgerliche Aktivit\u00e4ten, da auch COP28 keinen Klimaschutz auf den Weg brachte - Sonnenseite - \u00d6kologische Kommunikation mit Franz Alt","description":"Obwohl die Erde in diesem Jahr die h\u00f6chste Temperatur seit mindestens 125 000 Jahren erreicht hat, finden die Regierungen der Erde keinen Ausweg und","robots":{"index":"index","follow":"follow","max-snippet":"max-snippet:-1","max-image-preview":"max-image-preview:large","max-video-preview":"max-video-preview:-1"},"canonical":"https:\/\/www.sonnenseite.com\/de\/politik\/jetzt-braucht-es-starke-buergerliche-aktivitaeten-da-auch-cop28-keinen-klimaschutz-auf-den-weg-brachte\/","og_locale":"de_DE","og_type":"article","og_title":"Jetzt braucht es starke b\u00fcrgerliche Aktivit\u00e4ten, da auch COP28 keinen Klimaschutz auf den Weg brachte - Sonnenseite - \u00d6kologische Kommunikation mit Franz Alt","og_description":"Obwohl die Erde in diesem Jahr die h\u00f6chste Temperatur seit mindestens 125 000 Jahren erreicht hat, finden die Regierungen der Erde keinen Ausweg und","og_url":"https:\/\/www.sonnenseite.com\/de\/politik\/jetzt-braucht-es-starke-buergerliche-aktivitaeten-da-auch-cop28-keinen-klimaschutz-auf-den-weg-brachte\/","og_site_name":"Sonnenseite","article_publisher":"https:\/\/www.facebook.com\/pages\/Franz-Alt-SONNENSEITECOM\/221072987903953?fref=ts","article_published_time":"2023-12-22T09:03:36+00:00","article_modified_time":"2023-12-22T09:03:37+00:00","og_image":[{"width":770,"height":420,"url":"https:\/\/www.sonnenseite.com\/wp-content\/uploads\/2022\/11\/Umwelt_annca.jpg","type":"image\/jpeg"}],"author":"Bigi Alt","twitter_card":"summary_large_image","twitter_creator":"@franzalt","twitter_site":"@franzalt","twitter_misc":{"Verfasst von":"Bigi Alt","Gesch\u00e4tzte Lesezeit":"7\u00a0Minuten"},"schema":{"@context":"https:\/\/schema.org","@graph":[{"@type":"Article","@id":"https:\/\/www.sonnenseite.com\/de\/politik\/jetzt-braucht-es-starke-buergerliche-aktivitaeten-da-auch-cop28-keinen-klimaschutz-auf-den-weg-brachte\/#article","isPartOf":{"@id":"https:\/\/www.sonnenseite.com\/de\/politik\/jetzt-braucht-es-starke-buergerliche-aktivitaeten-da-auch-cop28-keinen-klimaschutz-auf-den-weg-brachte\/"},"author":{"name":"Bigi Alt","@id":"https:\/\/www.sonnenseite.com\/de\/#\/schema\/person\/50fda0e926597684c7cc6695238a4eb9"},"headline":"Jetzt braucht es starke b\u00fcrgerliche Aktivit\u00e4ten, da auch COP28 keinen Klimaschutz auf den Weg brachte","datePublished":"2023-12-22T09:03:36+00:00","dateModified":"2023-12-22T09:03:37+00:00","mainEntityOfPage":{"@id":"https:\/\/www.sonnenseite.com\/de\/politik\/jetzt-braucht-es-starke-buergerliche-aktivitaeten-da-auch-cop28-keinen-klimaschutz-auf-den-weg-brachte\/"},"wordCount":1243,"publisher":{"@id":"https:\/\/www.sonnenseite.com\/de\/#organization"},"image":{"@id":"https:\/\/www.sonnenseite.com\/de\/politik\/jetzt-braucht-es-starke-buergerliche-aktivitaeten-da-auch-cop28-keinen-klimaschutz-auf-den-weg-brachte\/#primaryimage"},"thumbnailUrl":"https:\/\/www.sonnenseite.com\/wp-content\/uploads\/2022\/11\/Umwelt_annca.jpg","articleSection":["Politik"],"inLanguage":"de"},{"@type":"WebPage","@id":"https:\/\/www.sonnenseite.com\/de\/politik\/jetzt-braucht-es-starke-buergerliche-aktivitaeten-da-auch-cop28-keinen-klimaschutz-auf-den-weg-brachte\/","url":"https:\/\/www.sonnenseite.com\/de\/politik\/jetzt-braucht-es-starke-buergerliche-aktivitaeten-da-auch-cop28-keinen-klimaschutz-auf-den-weg-brachte\/","name":"Jetzt braucht es starke b\u00fcrgerliche Aktivit\u00e4ten, da auch COP28 keinen Klimaschutz auf den Weg brachte - Sonnenseite - \u00d6kologische Kommunikation mit Franz Alt","isPartOf":{"@id":"https:\/\/www.sonnenseite.com\/de\/#website"},"primaryImageOfPage":{"@id":"https:\/\/www.sonnenseite.com\/de\/politik\/jetzt-braucht-es-starke-buergerliche-aktivitaeten-da-auch-cop28-keinen-klimaschutz-auf-den-weg-brachte\/#primaryimage"},"image":{"@id":"https:\/\/www.sonnenseite.com\/de\/politik\/jetzt-braucht-es-starke-buergerliche-aktivitaeten-da-auch-cop28-keinen-klimaschutz-auf-den-weg-brachte\/#primaryimage"},"thumbnailUrl":"https:\/\/www.sonnenseite.com\/wp-content\/uploads\/2022\/11\/Umwelt_annca.jpg","datePublished":"2023-12-22T09:03:36+00:00","dateModified":"2023-12-22T09:03:37+00:00","description":"Obwohl die Erde in diesem Jahr die h\u00f6chste Temperatur seit mindestens 125 000 Jahren erreicht hat, finden die Regierungen der Erde keinen Ausweg und","breadcrumb":{"@id":"https:\/\/www.sonnenseite.com\/de\/politik\/jetzt-braucht-es-starke-buergerliche-aktivitaeten-da-auch-cop28-keinen-klimaschutz-auf-den-weg-brachte\/#breadcrumb"},"inLanguage":"de","potentialAction":[{"@type":"ReadAction","target":["https:\/\/www.sonnenseite.com\/de\/politik\/jetzt-braucht-es-starke-buergerliche-aktivitaeten-da-auch-cop28-keinen-klimaschutz-auf-den-weg-brachte\/"]}]},{"@type":"ImageObject","inLanguage":"de","@id":"https:\/\/www.sonnenseite.com\/de\/politik\/jetzt-braucht-es-starke-buergerliche-aktivitaeten-da-auch-cop28-keinen-klimaschutz-auf-den-weg-brachte\/#primaryimage","url":"https:\/\/www.sonnenseite.com\/wp-content\/uploads\/2022\/11\/Umwelt_annca.jpg","contentUrl":"https:\/\/www.sonnenseite.com\/wp-content\/uploads\/2022\/11\/Umwelt_annca.jpg","width":770,"height":420,"caption":"pixabay.com | annca"},{"@type":"BreadcrumbList","@id":"https:\/\/www.sonnenseite.com\/de\/politik\/jetzt-braucht-es-starke-buergerliche-aktivitaeten-da-auch-cop28-keinen-klimaschutz-auf-den-weg-brachte\/#breadcrumb","itemListElement":[{"@type":"ListItem","position":1,"name":"Startseite","item":"https:\/\/www.sonnenseite.com\/de\/"},{"@type":"ListItem","position":2,"name":"Jetzt braucht es starke b\u00fcrgerliche Aktivit\u00e4ten, da auch COP28 keinen Klimaschutz auf den Weg brachte"}]},{"@type":"WebSite","@id":"https:\/\/www.sonnenseite.com\/de\/#website","url":"https:\/\/www.sonnenseite.com\/de\/","name":"Sonnenseite","description":"\u00d6kologische Kommunikation mit Franz Alt","publisher":{"@id":"https:\/\/www.sonnenseite.com\/de\/#organization"},"potentialAction":[{"@type":"SearchAction","target":{"@type":"EntryPoint","urlTemplate":"https:\/\/www.sonnenseite.com\/de\/?s={search_term_string}"},"query-input":{"@type":"PropertyValueSpecification","valueRequired":true,"valueName":"search_term_string"}}],"inLanguage":"de"},{"@type":"Organization","@id":"https:\/\/www.sonnenseite.com\/de\/#organization","name":"Sonnenseite","url":"https:\/\/www.sonnenseite.com\/de\/","logo":{"@type":"ImageObject","inLanguage":"de","@id":"https:\/\/www.sonnenseite.com\/de\/#\/schema\/logo\/image\/","url":"https:\/\/www.sonnenseite.com\/wp-content\/uploads\/2020\/05\/Sonnenseite_Logo.png","contentUrl":"https:\/\/www.sonnenseite.com\/wp-content\/uploads\/2020\/05\/Sonnenseite_Logo.png","width":377,"height":90,"caption":"Sonnenseite"},"image":{"@id":"https:\/\/www.sonnenseite.com\/de\/#\/schema\/logo\/image\/"},"sameAs":["https:\/\/www.facebook.com\/pages\/Franz-Alt-SONNENSEITECOM\/221072987903953?fref=ts","https:\/\/x.com\/franzalt","http:\/\/www.youtube.com\/results?search_query&amp;amp;quot;franz_alt&amp;amp;quot;&amp;amp;amp;amp;search_type&amp;amp;amp;amp;aq=f"]},{"@type":"Person","@id":"https:\/\/www.sonnenseite.com\/de\/#\/schema\/person\/50fda0e926597684c7cc6695238a4eb9","name":"Bigi Alt"}]}},"_links":{"self":[{"href":"https:\/\/www.sonnenseite.com\/de\/wp-json\/wp\/v2\/posts\/96312","targetHints":{"allow":["GET"]}}],"collection":[{"href":"https:\/\/www.sonnenseite.com\/de\/wp-json\/wp\/v2\/posts"}],"about":[{"href":"https:\/\/www.sonnenseite.com\/de\/wp-json\/wp\/v2\/types\/post"}],"author":[{"embeddable":true,"href":"https:\/\/www.sonnenseite.com\/de\/wp-json\/wp\/v2\/users\/3"}],"replies":[{"embeddable":true,"href":"https:\/\/www.sonnenseite.com\/de\/wp-json\/wp\/v2\/comments?post=96312"}],"version-history":[{"count":2,"href":"https:\/\/www.sonnenseite.com\/de\/wp-json\/wp\/v2\/posts\/96312\/revisions"}],"predecessor-version":[{"id":96314,"href":"https:\/\/www.sonnenseite.com\/de\/wp-json\/wp\/v2\/posts\/96312\/revisions\/96314"}],"wp:featuredmedia":[{"embeddable":true,"href":"https:\/\/www.sonnenseite.com\/de\/wp-json\/wp\/v2\/media\/86738"}],"wp:attachment":[{"href":"https:\/\/www.sonnenseite.com\/de\/wp-json\/wp\/v2\/media?parent=96312"}],"wp:term":[{"taxonomy":"category","embeddable":true,"href":"https:\/\/www.sonnenseite.com\/de\/wp-json\/wp\/v2\/categories?post=96312"},{"taxonomy":"post_tag","embeddable":true,"href":"https:\/\/www.sonnenseite.com\/de\/wp-json\/wp\/v2\/tags?post=96312"}],"curies":[{"name":"wp","href":"https:\/\/api.w.org\/{rel}","templated":true}]}}