{"id":96323,"date":"2023-12-23T14:01:55","date_gmt":"2023-12-23T13:01:55","guid":{"rendered":"https:\/\/www.sonnenseite.com\/?p=96323"},"modified":"2023-12-30T12:51:40","modified_gmt":"2023-12-30T11:51:40","slug":"wer-frieden-will-muss-den-frieden-vorbereiten-2","status":"publish","type":"post","link":"https:\/\/www.sonnenseite.com\/de\/franz-alt\/kommentare-interviews\/wer-frieden-will-muss-den-frieden-vorbereiten-2\/","title":{"rendered":"&#8222;Wer Frieden will, muss den Frieden vorbereiten&#8220;"},"content":{"rendered":"\n<p>Wie k\u00f6nnen Christen angesichts globaler Herausforderungen, Krisen und Kriege konkret Position beziehen? Kann die Botschaft Jesu in der Bergpredigt ein Wegweiser f\u00fcr unser Handeln sein? Franz Alt stellt sich im Interview diesen dr\u00e4ngenden Fragen &#8211; die Fragen stellte GUNNAR BACH<\/p>\n\n\n\n<p><strong>Sie gelten seit \u00fcber 40 Jahren als Nestor der christlichen Friedensbewegung. Haben Sie Ihre Einstellung ein oder mehrfach \u00e4ndern m\u00fcssen?<\/strong><\/p>\n\n\n<div class=\"wp-block-image\">\n<figure class=\"alignleft size-large is-resized\"><img loading=\"lazy\" decoding=\"async\" width=\"761\" height=\"1024\" src=\"https:\/\/www.sonnenseite.com\/wp-content\/uploads\/2023\/12\/FA_Frieden_BerndKamleitner01-761x1024.jpg\" alt=\"\" class=\"wp-image-96325\" style=\"width:287px;height:auto\" srcset=\"https:\/\/www.sonnenseite.com\/wp-content\/uploads\/2023\/12\/FA_Frieden_BerndKamleitner01-761x1024.jpg 761w, https:\/\/www.sonnenseite.com\/wp-content\/uploads\/2023\/12\/FA_Frieden_BerndKamleitner01-223x300.jpg 223w, https:\/\/www.sonnenseite.com\/wp-content\/uploads\/2023\/12\/FA_Frieden_BerndKamleitner01-768x1034.jpg 768w, https:\/\/www.sonnenseite.com\/wp-content\/uploads\/2023\/12\/FA_Frieden_BerndKamleitner01-1141x1536.jpg 1141w, https:\/\/www.sonnenseite.com\/wp-content\/uploads\/2023\/12\/FA_Frieden_BerndKamleitner01-1522x2048.jpg 1522w, https:\/\/www.sonnenseite.com\/wp-content\/uploads\/2023\/12\/FA_Frieden_BerndKamleitner01.jpg 2012w\" sizes=\"auto, (max-width: 761px) 100vw, 761px\" \/><figcaption class=\"wp-element-caption\">\u00a9 Bernd Kamleitner<\/figcaption><\/figure>\n<\/div>\n\n\n<p><strong>Franz Alt: <\/strong>Seit 40 Jahren bin ich davon \u00fcberzeugt, dass Atombomben die gr\u00f6\u00dfte Kriegsgefahr bedeuten. Entweder wir schaffen die Atombomben ab oder diese schaffen eines Tages uns ab. Die Gefahr eines technischen oder eines menschlichen Versagens ist riesig, solange es auch nur eine Atombombe gibt. \u00bbEin Atomkrieg w\u00e4re wahrscheinlich der letzte Krieg der Menschheit, weil es danach keine Menschen mehr g\u00e4be, die noch einen Krieg f\u00fchren k\u00f6nnten\u00ab. Das sagt Michail Gorbatschow in unserem gemeinsamen <a href=\"https:\/\/www.sonnenseite.com\/de\/franz-alt\/kommentare-interviews\/gorbatschow-wollte-eine-atomwaffenfreie-welt\/\">Buch \u00bbKommt endlich zur Vernunft \u2013 Nie wieder Krieg!\u00ab<\/a>. Im Ukraine-Krieg wurde mir klar, dass wir dieses Land mit Abwehr-Waffen unterst\u00fctzen m\u00fcssen. Es ist nicht christlich, die Ohren zuzuhalten, wenn mein Nachbar, der \u00fcberfallen wurde, um Hilfe ruft. In diesem Konflikt bin ich eher ein Real-Pazifist als ein Fundamental-Pazifist.<\/p>\n\n\n\n<p><strong>Kaum jemand spricht mehr von \u00bbFrieden\u00ab, sondern von L\u00f6sungen, Strategien oder von einem Waffenstillstand. Warum begr\u00fcnden Sie Ihren Friedensbegriff biblisch?<\/strong><\/p>\n\n\n\n<p><strong><strong>Franz Alt: <\/strong><\/strong>Mein Ma\u00dfstab ist die Bergpredigt Jesu. Seine \u00bbFeindesliebe\u00ab hei\u00dft ja nicht: \u00bbLass dir alles bieten\u00ab. Sondern: \u00bbSei kl\u00fcger als dein Feind\u00ab und \u00bbhabe den Mut zum ersten Schritt auf deinen Feind zu\u00ab. Einer muss anfangen, den Teufelskreis der ewigen Rache zu durchbrechen. Das angebliche Jesuswort \u00bbIch bin nicht gekommen, um Frieden zu bringen, sondern das Schwert\u00ab ( Mt 10,34), ist falsch \u00fcbersetzt. In seiner Muttersprache Aram\u00e4isch hat Jesus so gesprochen: \u00bbIch bin nicht gekommen Harmonie zu verbreiten, sondern Streitgespr\u00e4che zu f\u00fchren\u00ab. Nur das passt zu Jesus.<\/p>\n\n\n\n<p><strong>Der \u00dcberfall der Hamas auf Israel Anfang Oktober bildet eine historische Z\u00e4sur. Wie stehen Sie zur immer wieder betonten Staatsr\u00e4son und dem israelischen Selbstverteidigungsrecht?<\/strong><\/p>\n\n\n\n<p><strong>Franz Alt: <\/strong>Deutsche Staatsr\u00e4son f\u00fcr Israel habe ich immer kritisch gesehen. Wir k\u00f6nnen nie im vorhinein wissen, wie sich eine israelische Regierung entscheidet. Ob wir das mittragen k\u00f6nnen oder nicht. Israel hat wie jeder Staat das Recht, sich zu verteidigen. Es sollte klar sein, dass wir Israel dabei unterst\u00fctzen so wie auch die Ukraine. Der Nahostkonflikt kann nur durch eine Zweistaaten-L\u00f6sung befriedet werden. Das Land reicht f\u00fcr zwei.<\/p>\n\n\n\n<blockquote class=\"wp-block-quote is-layout-flow wp-block-quote-is-layout-flow\">\n<p>&#8222;Wir f\u00fchren heute einen dritten Weltkrieg gegen die Natur. Jeden Tag rotten wir \u00fcber 180 Tier- und Pflanzenarten aus&#8220;<\/p>\n<\/blockquote>\n\n\n\n<p><strong>Verteidigungsminister Boris Pistorius mahnt an, Deutschland m\u00fcsse \u00bbkriegst\u00fcchtig\u00ab werden. Sind Sie<\/strong> <strong>auch dieser Meinung?<\/strong><\/p>\n\n\n\n<p><strong>Franz Alt: <\/strong>Pistorius orientiert sich dabei am alten r\u00f6mischen Grundsatz: \u00bbWer den Frieden will, bereite den Krieg vor\u00ab. Doch dieses furchtbare Motto hat seit Jahrtausenden immer wieder zu Millionen Toten, zu Leid, Elend und Fl\u00fcchtlingsstr\u00f6men gef\u00fchrt. Wollen wir das auf ewige Zeit? Es ist hohe Zeit, dass wir diesen verheerenden Grundsatz vom Kopf auf die F\u00fc\u00dfe stellen: Wer Frieden will, muss den Frieden vorbereiten! Mir ist wichtig, dass Deutschland friedenst\u00fcchtig wird statt kriegst\u00fcchtig. Wir sollten nicht mehr Kriege gewinnen wollen, sondern endlich den Frieden. Das ist die Vision des jungen Mannes aus Nazareth.<\/p>\n\n\n\n<p><strong>Wie sollten sich Ihrer Meinung nach die Kirchen zu dem Thema verhalten?<\/strong><\/p>\n\n\n\n<p><strong><strong>Franz Alt: <\/strong><\/strong>Die Kirchen sollten sich eher an Jesus und seiner Bergpredigt orientieren als an den Taten und Forderungen der jeweiligen Regierungen. Das gilt in Deutschland auch f\u00fcr eine Partei, die das \u00bbC\u00ab im Namen tr\u00e4gt.<\/p>\n\n\n\n<p><strong>Wenn Sie dem orthodoxen Patriarchen Kyrill aus Moskau begegnen w\u00fcrden, was w\u00fcrden Sie ihm zum<\/strong> <strong>Thema Ukrainekrieg sagen?<\/strong><\/p>\n\n\n\n<p><strong>Franz Alt: <\/strong>Dieser Patriarch benimmt sich gottesl\u00e4sterlich, wenn er den \u00dcberfall Putins auf die Ukraine einen \u00bbheiligen Krieg\u00ab nennt und den Massenm\u00f6rder Putin \u00bbein Geschenk Gottes\u00ab. Ich w\u00fcrde ihm sagen, dass Jesus sein Chef ist und nicht Putin.<\/p>\n\n\n\n<p><strong>Sie setzen sich auch f\u00fcr Frieden mit der Natur ein. Was bedeutet \u00bbFrieden\u00ab in diesem Zusammenhang?<\/strong><\/p>\n\n\n\n<p><strong>Franz Alt: <\/strong>Wir f\u00fchren heute einen dritten Weltkrieg gegen die Natur. Jeden Tag rotten wir \u00fcber 180 Tierund Pflanzenarten aus. Wir produzieren t\u00e4glich 50.000 Hektar W\u00fcste. Wir zerst\u00f6ren t\u00e4glich 80.000 Tonnen fruchtbaren Boden und emittieren t\u00e4glich ca. 180.000 Tonnen Treibhausgase in die Atmosph\u00e4re. Dieser dritte Weltkrieg ist ein Krieg gegen unsere eigenen Kinder und Enkel. Noch nie hat eine Maus eine Mausefalle gebaut. Aber wir sind dabei, unsere Selbstausl\u00f6schung vorzubereiten. Das ist nicht homo sapiens, sondern homo Dummkopf. Diesen Krieg gegen unsere eigenen Kinder m\u00fcssen wir als ersten beenden, dann erst k\u00f6nnen wir einen Beitrag zur Bewahrung der Sch\u00f6pfung leisten. Der \u00f6kologische Jesus zeigt uns dazu einen Weg. Er spricht von der \u00bbSonne des Vaters\u00ab, die f\u00fcr alle scheint. <\/p>\n\n\n<div class=\"wp-block-image\">\n<figure class=\"alignright size-full is-resized\"><img loading=\"lazy\" decoding=\"async\" width=\"400\" height=\"533\" src=\"https:\/\/www.sonnenseite.com\/wp-content\/uploads\/2023\/12\/Eulenfisch.jpg\" alt=\"\" class=\"wp-image-96331\" style=\"width:256px;height:auto\" srcset=\"https:\/\/www.sonnenseite.com\/wp-content\/uploads\/2023\/12\/Eulenfisch.jpg 400w, https:\/\/www.sonnenseite.com\/wp-content\/uploads\/2023\/12\/Eulenfisch-225x300.jpg 225w\" sizes=\"auto, (max-width: 400px) 100vw, 400px\" \/><\/figure>\n<\/div>\n\n\n<p>Die L\u00f6sung der Energiefrage steht am Himmel. Allein die Sonne schickt uns 15.000 mal mehr Energie wie die gesamte Menschheit heute verbraucht. Mit Hilfe der Sonne k\u00f6nnen wir den alles entscheidenden Beitrag f\u00fcr die Bewahrung der Sch\u00f6pfung leisten. Hinzu kommen die Windkr\u00e4fte, die Bioenergie, die Geothermie, die Wasserkraft sowie die Str\u00f6mungs- und Wellenenergie der Ozeane. Die Welt ist voller erneuerbarer Energie. Der liebe Gott war nicht doof und die Evolution nicht bl\u00f6d. Wir haben alles, was wir brauchen in H\u00fclle und F\u00fclle. Wir m\u00fcssen es nur endlich umsetzen statt immer nur davon zu reden. Deshalb haben der Dalai Lama und ich unser Buch zu diesen Fragen so genannt: <a href=\"https:\/\/www.sonnenseite.com\/de\/franz-alt\/kommentare-interviews\/dalai-lama-ethik-ist-wichtiger-als-religion\/\">\u00bbEthik ist wichtiger als Religion\u00ab<\/a>.<\/p>\n\n\n\n<ul class=\"wp-block-list\">\n<li><em>Zusammen mit Michail Gorbatschow ver\u00f6ffentlichte er das Buch&nbsp;<\/em><a href=\"https:\/\/amzn.to\/3Wi9uro\" target=\"_blank\" rel=\"noreferrer noopener\"><em>\u201e<\/em>Nie wieder Krieg \u2013 Kommt endlich zur Vernunft<em>\u201e<\/em><\/a><em> . Zusammen mit dem Dalai Lama schrieb er: <a href=\"https:\/\/amzn.to\/3WjnTn1\" target=\"_blank\" rel=\"noreferrer noopener\">\u201eEthik ist wichtiger als Religion\u201c<\/a> und <a href=\"https:\/\/amzn.to\/3hDSFZ2\" target=\"_blank\" rel=\"noreferrer noopener\">\u201eSch\u00fctzt unser Klima\u201c<\/a>. Im Buch <a href=\"https:\/\/amzn.to\/3PJdkY5\" target=\"_blank\" rel=\"noreferrer noopener\">\u201eJesus \u2013 Liebe und Frieden sind m\u00f6glich\u201c<\/a> f\u00fchrt er ein fiktives Interview mit Jesus \u00fcber die Bergpredigt. Alle B\u00fccher im Benevento-Verlag. Sein neues Buch ist im Herder-Verlag soeben erschienen: <\/em><a href=\"https:\/\/www.sonnenseite.com\/de\/franz-alt\/kommentare-interviews\/frieden-ist-noch-immer-moeglich\/\"><em>\u201e<\/em>Frieden ist noch immer m\u00f6glich \u2013 Die Kraft der Bergpredigt<em>\u201e<\/em><\/a><em>.<\/em><\/li>\n\n\n\n<li><a href=\"https:\/\/www.sonnenseite.com\/de\/franz-alt\/kommentare-interviews\/frieden-ist-noch-immer-moeglich-2\/\">Ist Frieden noch immer m\u00f6glich?<\/a> | Ist Frieden gar jetzt mitten in Kriegszeiten noch m\u00f6glich? Das fragen sich viele Menschen an Weihnachten 2023. Zeigt die Bergpredigt Jesu auch in unserer Zeit einen Weg zum Frieden?<\/li>\n<\/ul>\n\n\n<h5 class=\"green\">Quelle<\/h5>\r\n\n\n\n<p>  <a href=\"https:\/\/www.eulenfisch.de\/magazin\/ausgaben\/02-2023-krieg-und-frieden\/\">EULENFISCH 2023 | Die Fragen stellte GUNNAR BACH<\/a><\/p>\n<div class=\"shariff shariff-align-flex-start shariff-widget-align-flex-start\"><div class=\"ShariffHeadline\">Diese Meldung teilen<\/div><ul class=\"shariff-buttons theme-round orientation-horizontal buttonsize-medium\"><li class=\"shariff-button facebook shariff-nocustomcolor\" style=\"background-color:#4273c8;border-radius:1%\"><a href=\"https:\/\/www.facebook.com\/sharer\/sharer.php?u=https%3A%2F%2Fwww.sonnenseite.com%2Fde%2Ffranz-alt%2Fkommentare-interviews%2Fwer-frieden-will-muss-den-frieden-vorbereiten-2%2F\" title=\"Bei Facebook teilen\" aria-label=\"Bei Facebook teilen\" role=\"button\" rel=\"nofollow\" class=\"shariff-link\" style=\";border-radius:1%; background-color:#3b5998; color:#fff\" target=\"_blank\"><span class=\"shariff-icon\" style=\"\"><svg width=\"32px\" height=\"20px\" xmlns=\"http:\/\/www.w3.org\/2000\/svg\" viewBox=\"0 0 18 32\"><path fill=\"#3b5998\" d=\"M17.1 0.2v4.7h-2.8q-1.5 0-2.1 0.6t-0.5 1.9v3.4h5.2l-0.7 5.3h-4.5v13.6h-5.5v-13.6h-4.5v-5.3h4.5v-3.9q0-3.3 1.9-5.2t5-1.8q2.6 0 4.1 0.2z\"\/><\/svg><\/span><\/a><\/li><li class=\"shariff-button twitter shariff-nocustomcolor\" style=\"background-color:#595959;border-radius:1%\"><a href=\"https:\/\/twitter.com\/share?url=https%3A%2F%2Fwww.sonnenseite.com%2Fde%2Ffranz-alt%2Fkommentare-interviews%2Fwer-frieden-will-muss-den-frieden-vorbereiten-2%2F&text=%E2%80%9EWer%20Frieden%20will%2C%20muss%20den%20Frieden%20vorbereiten%E2%80%9C\" title=\"Bei X teilen\" aria-label=\"Bei X teilen\" role=\"button\" rel=\"noopener nofollow\" class=\"shariff-link\" style=\";border-radius:1%; background-color:#000; color:#fff\" target=\"_blank\"><span class=\"shariff-icon\" style=\"\"><svg width=\"32px\" height=\"20px\" xmlns=\"http:\/\/www.w3.org\/2000\/svg\" viewBox=\"0 0 24 24\"><path fill=\"#000\" d=\"M14.258 10.152L23.176 0h-2.113l-7.747 8.813L7.133 0H0l9.352 13.328L0 23.973h2.113l8.176-9.309 6.531 9.309h7.133zm-2.895 3.293l-.949-1.328L2.875 1.56h3.246l6.086 8.523.945 1.328 7.91 11.078h-3.246zm0 0\"\/><\/svg><\/span><\/a><\/li><li class=\"shariff-button xing shariff-nocustomcolor\" style=\"background-color:#29888a;border-radius:1%\"><a href=\"https:\/\/www.xing.com\/spi\/shares\/new?url=https%3A%2F%2Fwww.sonnenseite.com%2Fde%2Ffranz-alt%2Fkommentare-interviews%2Fwer-frieden-will-muss-den-frieden-vorbereiten-2%2F\" title=\"Bei XING teilen\" aria-label=\"Bei XING teilen\" role=\"button\" rel=\"noopener nofollow\" class=\"shariff-link\" style=\";border-radius:1%; background-color:#126567; color:#fff\" target=\"_blank\"><span class=\"shariff-icon\" style=\"\"><svg width=\"32px\" height=\"20px\" xmlns=\"http:\/\/www.w3.org\/2000\/svg\" viewBox=\"0 0 25 32\"><path fill=\"#126567\" d=\"M10.7 11.9q-0.2 0.3-4.6 8.2-0.5 0.8-1.2 0.8h-4.3q-0.4 0-0.5-0.3t0-0.6l4.5-8q0 0 0 0l-2.9-5q-0.2-0.4 0-0.7 0.2-0.3 0.5-0.3h4.3q0.7 0 1.2 0.8zM25.1 0.4q0.2 0.3 0 0.7l-9.4 16.7 6 11q0.2 0.4 0 0.6-0.2 0.3-0.6 0.3h-4.3q-0.7 0-1.2-0.8l-6-11.1q0.3-0.6 9.5-16.8 0.4-0.8 1.2-0.8h4.3q0.4 0 0.5 0.3z\"\/><\/svg><\/span><\/a><\/li><li class=\"shariff-button linkedin shariff-nocustomcolor\" style=\"background-color:#1488bf;border-radius:1%\"><a href=\"https:\/\/www.linkedin.com\/sharing\/share-offsite\/?url=https%3A%2F%2Fwww.sonnenseite.com%2Fde%2Ffranz-alt%2Fkommentare-interviews%2Fwer-frieden-will-muss-den-frieden-vorbereiten-2%2F\" title=\"Bei LinkedIn teilen\" aria-label=\"Bei LinkedIn teilen\" role=\"button\" rel=\"noopener nofollow\" class=\"shariff-link\" style=\";border-radius:1%; background-color:#0077b5; color:#fff\" target=\"_blank\"><span class=\"shariff-icon\" style=\"\"><svg width=\"32px\" height=\"20px\" xmlns=\"http:\/\/www.w3.org\/2000\/svg\" viewBox=\"0 0 27 32\"><path fill=\"#0077b5\" d=\"M6.2 11.2v17.7h-5.9v-17.7h5.9zM6.6 5.7q0 1.3-0.9 2.2t-2.4 0.9h0q-1.5 0-2.4-0.9t-0.9-2.2 0.9-2.2 2.4-0.9 2.4 0.9 0.9 2.2zM27.4 18.7v10.1h-5.9v-9.5q0-1.9-0.7-2.9t-2.3-1.1q-1.1 0-1.9 0.6t-1.2 1.5q-0.2 0.5-0.2 1.4v9.9h-5.9q0-7.1 0-11.6t0-5.3l0-0.9h5.9v2.6h0q0.4-0.6 0.7-1t1-0.9 1.6-0.8 2-0.3q3 0 4.9 2t1.9 6z\"\/><\/svg><\/span><\/a><\/li><li class=\"shariff-button printer shariff-nocustomcolor\" style=\"background-color:#a8a8a8;border-radius:1%\"><a href=\"javascript:window.print()\" title=\"drucken\" aria-label=\"drucken\" role=\"button\" rel=\"noopener nofollow\" class=\"shariff-link\" style=\";border-radius:1%; background-color:#999; color:#fff\"><span class=\"shariff-icon\" style=\"\"><svg width=\"32px\" height=\"20px\" xmlns=\"http:\/\/www.w3.org\/2000\/svg\" viewBox=\"0 0 30 32\"><path fill=\"#999\" d=\"M6.8 27.4h16v-4.6h-16v4.6zM6.8 16h16v-6.8h-2.8q-0.7 0-1.2-0.5t-0.5-1.2v-2.8h-11.4v11.4zM27.4 17.2q0-0.5-0.3-0.8t-0.8-0.4-0.8 0.4-0.3 0.8 0.3 0.8 0.8 0.3 0.8-0.3 0.3-0.8zM29.7 17.2v7.4q0 0.2-0.2 0.4t-0.4 0.2h-4v2.8q0 0.7-0.5 1.2t-1.2 0.5h-17.2q-0.7 0-1.2-0.5t-0.5-1.2v-2.8h-4q-0.2 0-0.4-0.2t-0.2-0.4v-7.4q0-1.4 1-2.4t2.4-1h1.2v-9.7q0-0.7 0.5-1.2t1.2-0.5h12q0.7 0 1.6 0.4t1.3 0.8l2.7 2.7q0.5 0.5 0.9 1.4t0.4 1.6v4.6h1.1q1.4 0 2.4 1t1 2.4z\"\/><\/svg><\/span><\/a><\/li><li class=\"shariff-button mailto shariff-nocustomcolor\" style=\"background-color:#a8a8a8;border-radius:1%\"><a href=\"mailto:?body=https%3A%2F%2Fwww.sonnenseite.com%2Fde%2Ffranz-alt%2Fkommentare-interviews%2Fwer-frieden-will-muss-den-frieden-vorbereiten-2%2F&subject=%E2%80%9EWer%20Frieden%20will%2C%20muss%20den%20Frieden%20vorbereiten%E2%80%9C\" title=\"Per E-Mail versenden\" aria-label=\"Per E-Mail versenden\" role=\"button\" rel=\"noopener nofollow\" class=\"shariff-link\" style=\";border-radius:1%; background-color:#999; color:#fff\"><span class=\"shariff-icon\" style=\"\"><svg width=\"32px\" height=\"20px\" xmlns=\"http:\/\/www.w3.org\/2000\/svg\" viewBox=\"0 0 32 32\"><path fill=\"#999\" d=\"M32 12.7v14.2q0 1.2-0.8 2t-2 0.9h-26.3q-1.2 0-2-0.9t-0.8-2v-14.2q0.8 0.9 1.8 1.6 6.5 4.4 8.9 6.1 1 0.8 1.6 1.2t1.7 0.9 2 0.4h0.1q0.9 0 2-0.4t1.7-0.9 1.6-1.2q3-2.2 8.9-6.1 1-0.7 1.8-1.6zM32 7.4q0 1.4-0.9 2.7t-2.2 2.2q-6.7 4.7-8.4 5.8-0.2 0.1-0.7 0.5t-1 0.7-0.9 0.6-1.1 0.5-0.9 0.2h-0.1q-0.4 0-0.9-0.2t-1.1-0.5-0.9-0.6-1-0.7-0.7-0.5q-1.6-1.1-4.7-3.2t-3.6-2.6q-1.1-0.7-2.1-2t-1-2.5q0-1.4 0.7-2.3t2.1-0.9h26.3q1.2 0 2 0.8t0.9 2z\"\/><\/svg><\/span><\/a><\/li><\/ul><\/div>","protected":false},"excerpt":{"rendered":"<p>Wie k\u00f6nnen Christen angesichts globaler Herausforderungen, Krisen und Kriege konkret Position beziehen? Kann die Botschaft Jesu [&hellip;]<\/p>\n","protected":false},"author":3,"featured_media":28705,"comment_status":"closed","ping_status":"closed","sticky":false,"template":"","format":"standard","meta":{"inline_featured_image":false,"footnotes":""},"categories":[29],"tags":[],"class_list":["post-96323","post","type-post","status-publish","format-standard","has-post-thumbnail","hentry","category-kommentare-interviews"],"yoast_head":"<!-- This site is optimized with the Yoast SEO plugin v26.5 - https:\/\/yoast.com\/wordpress\/plugins\/seo\/ -->\n<title>&quot;Wer Frieden will, muss den Frieden vorbereiten&quot; - Sonnenseite - \u00d6kologische Kommunikation mit Franz Alt<\/title>\n<meta name=\"description\" content=\"Wie k\u00f6nnen Christen angesichts globaler Herausforderungen, Krisen und Kriege konkret Position beziehen? Kann die Botschaft Jesu in der Bergpredigt ein\" \/>\n<meta name=\"robots\" content=\"index, follow, max-snippet:-1, max-image-preview:large, max-video-preview:-1\" \/>\n<link rel=\"canonical\" href=\"https:\/\/www.sonnenseite.com\/de\/franz-alt\/kommentare-interviews\/wer-frieden-will-muss-den-frieden-vorbereiten-2\/\" \/>\n<meta property=\"og:locale\" content=\"de_DE\" \/>\n<meta property=\"og:type\" content=\"article\" \/>\n<meta property=\"og:title\" content=\"&quot;Wer Frieden will, muss den Frieden vorbereiten&quot; - Sonnenseite - \u00d6kologische Kommunikation mit Franz Alt\" \/>\n<meta property=\"og:description\" content=\"Wie k\u00f6nnen Christen angesichts globaler Herausforderungen, Krisen und Kriege konkret Position beziehen? Kann die Botschaft Jesu in der Bergpredigt ein\" \/>\n<meta property=\"og:url\" content=\"https:\/\/www.sonnenseite.com\/de\/franz-alt\/kommentare-interviews\/wer-frieden-will-muss-den-frieden-vorbereiten-2\/\" \/>\n<meta property=\"og:site_name\" content=\"Sonnenseite\" \/>\n<meta property=\"article:publisher\" content=\"https:\/\/www.facebook.com\/pages\/Franz-Alt-SONNENSEITECOM\/221072987903953?fref=ts\" \/>\n<meta property=\"article:published_time\" content=\"2023-12-23T13:01:55+00:00\" \/>\n<meta property=\"article:modified_time\" content=\"2023-12-30T11:51:40+00:00\" \/>\n<meta property=\"og:image\" content=\"https:\/\/www.sonnenseite.com\/wp-content\/uploads\/2017\/04\/Friedenstaube_GDJ.jpg\" \/>\n\t<meta property=\"og:image:width\" content=\"770\" \/>\n\t<meta property=\"og:image:height\" content=\"420\" \/>\n\t<meta property=\"og:image:type\" content=\"image\/jpeg\" \/>\n<meta name=\"author\" content=\"Bigi Alt\" \/>\n<meta name=\"twitter:card\" content=\"summary_large_image\" \/>\n<meta name=\"twitter:creator\" content=\"@franzalt\" \/>\n<meta name=\"twitter:site\" content=\"@franzalt\" \/>\n<meta name=\"twitter:label1\" content=\"Verfasst von\" \/>\n\t<meta name=\"twitter:data1\" content=\"Bigi Alt\" \/>\n\t<meta name=\"twitter:label2\" content=\"Gesch\u00e4tzte Lesezeit\" \/>\n\t<meta name=\"twitter:data2\" content=\"6\u00a0Minuten\" \/>\n<script type=\"application\/ld+json\" class=\"yoast-schema-graph\">{\"@context\":\"https:\/\/schema.org\",\"@graph\":[{\"@type\":\"Article\",\"@id\":\"https:\/\/www.sonnenseite.com\/de\/franz-alt\/kommentare-interviews\/wer-frieden-will-muss-den-frieden-vorbereiten-2\/#article\",\"isPartOf\":{\"@id\":\"https:\/\/www.sonnenseite.com\/de\/franz-alt\/kommentare-interviews\/wer-frieden-will-muss-den-frieden-vorbereiten-2\/\"},\"author\":{\"name\":\"Bigi Alt\",\"@id\":\"https:\/\/www.sonnenseite.com\/de\/#\/schema\/person\/50fda0e926597684c7cc6695238a4eb9\"},\"headline\":\"&#8222;Wer Frieden will, muss den Frieden vorbereiten&#8220;\",\"datePublished\":\"2023-12-23T13:01:55+00:00\",\"dateModified\":\"2023-12-30T11:51:40+00:00\",\"mainEntityOfPage\":{\"@id\":\"https:\/\/www.sonnenseite.com\/de\/franz-alt\/kommentare-interviews\/wer-frieden-will-muss-den-frieden-vorbereiten-2\/\"},\"wordCount\":1045,\"publisher\":{\"@id\":\"https:\/\/www.sonnenseite.com\/de\/#organization\"},\"image\":{\"@id\":\"https:\/\/www.sonnenseite.com\/de\/franz-alt\/kommentare-interviews\/wer-frieden-will-muss-den-frieden-vorbereiten-2\/#primaryimage\"},\"thumbnailUrl\":\"https:\/\/www.sonnenseite.com\/wp-content\/uploads\/2017\/04\/Friedenstaube_GDJ.jpg\",\"articleSection\":[\"Kommentare &amp; Interviews\"],\"inLanguage\":\"de\"},{\"@type\":\"WebPage\",\"@id\":\"https:\/\/www.sonnenseite.com\/de\/franz-alt\/kommentare-interviews\/wer-frieden-will-muss-den-frieden-vorbereiten-2\/\",\"url\":\"https:\/\/www.sonnenseite.com\/de\/franz-alt\/kommentare-interviews\/wer-frieden-will-muss-den-frieden-vorbereiten-2\/\",\"name\":\"\\\"Wer Frieden will, muss den Frieden vorbereiten\\\" - Sonnenseite - \u00d6kologische Kommunikation mit Franz Alt\",\"isPartOf\":{\"@id\":\"https:\/\/www.sonnenseite.com\/de\/#website\"},\"primaryImageOfPage\":{\"@id\":\"https:\/\/www.sonnenseite.com\/de\/franz-alt\/kommentare-interviews\/wer-frieden-will-muss-den-frieden-vorbereiten-2\/#primaryimage\"},\"image\":{\"@id\":\"https:\/\/www.sonnenseite.com\/de\/franz-alt\/kommentare-interviews\/wer-frieden-will-muss-den-frieden-vorbereiten-2\/#primaryimage\"},\"thumbnailUrl\":\"https:\/\/www.sonnenseite.com\/wp-content\/uploads\/2017\/04\/Friedenstaube_GDJ.jpg\",\"datePublished\":\"2023-12-23T13:01:55+00:00\",\"dateModified\":\"2023-12-30T11:51:40+00:00\",\"description\":\"Wie k\u00f6nnen Christen angesichts globaler Herausforderungen, Krisen und Kriege konkret Position beziehen? Kann die Botschaft Jesu in der Bergpredigt ein\",\"breadcrumb\":{\"@id\":\"https:\/\/www.sonnenseite.com\/de\/franz-alt\/kommentare-interviews\/wer-frieden-will-muss-den-frieden-vorbereiten-2\/#breadcrumb\"},\"inLanguage\":\"de\",\"potentialAction\":[{\"@type\":\"ReadAction\",\"target\":[\"https:\/\/www.sonnenseite.com\/de\/franz-alt\/kommentare-interviews\/wer-frieden-will-muss-den-frieden-vorbereiten-2\/\"]}]},{\"@type\":\"ImageObject\",\"inLanguage\":\"de\",\"@id\":\"https:\/\/www.sonnenseite.com\/de\/franz-alt\/kommentare-interviews\/wer-frieden-will-muss-den-frieden-vorbereiten-2\/#primaryimage\",\"url\":\"https:\/\/www.sonnenseite.com\/wp-content\/uploads\/2017\/04\/Friedenstaube_GDJ.jpg\",\"contentUrl\":\"https:\/\/www.sonnenseite.com\/wp-content\/uploads\/2017\/04\/Friedenstaube_GDJ.jpg\",\"width\":770,\"height\":420,\"caption\":\"pixabay.com | GDJ\"},{\"@type\":\"BreadcrumbList\",\"@id\":\"https:\/\/www.sonnenseite.com\/de\/franz-alt\/kommentare-interviews\/wer-frieden-will-muss-den-frieden-vorbereiten-2\/#breadcrumb\",\"itemListElement\":[{\"@type\":\"ListItem\",\"position\":1,\"name\":\"Startseite\",\"item\":\"https:\/\/www.sonnenseite.com\/de\/\"},{\"@type\":\"ListItem\",\"position\":2,\"name\":\"&#8222;Wer Frieden will, muss den Frieden vorbereiten&#8220;\"}]},{\"@type\":\"WebSite\",\"@id\":\"https:\/\/www.sonnenseite.com\/de\/#website\",\"url\":\"https:\/\/www.sonnenseite.com\/de\/\",\"name\":\"Sonnenseite\",\"description\":\"\u00d6kologische Kommunikation mit Franz Alt\",\"publisher\":{\"@id\":\"https:\/\/www.sonnenseite.com\/de\/#organization\"},\"potentialAction\":[{\"@type\":\"SearchAction\",\"target\":{\"@type\":\"EntryPoint\",\"urlTemplate\":\"https:\/\/www.sonnenseite.com\/de\/?s={search_term_string}\"},\"query-input\":{\"@type\":\"PropertyValueSpecification\",\"valueRequired\":true,\"valueName\":\"search_term_string\"}}],\"inLanguage\":\"de\"},{\"@type\":\"Organization\",\"@id\":\"https:\/\/www.sonnenseite.com\/de\/#organization\",\"name\":\"Sonnenseite\",\"url\":\"https:\/\/www.sonnenseite.com\/de\/\",\"logo\":{\"@type\":\"ImageObject\",\"inLanguage\":\"de\",\"@id\":\"https:\/\/www.sonnenseite.com\/de\/#\/schema\/logo\/image\/\",\"url\":\"https:\/\/www.sonnenseite.com\/wp-content\/uploads\/2020\/05\/Sonnenseite_Logo.png\",\"contentUrl\":\"https:\/\/www.sonnenseite.com\/wp-content\/uploads\/2020\/05\/Sonnenseite_Logo.png\",\"width\":377,\"height\":90,\"caption\":\"Sonnenseite\"},\"image\":{\"@id\":\"https:\/\/www.sonnenseite.com\/de\/#\/schema\/logo\/image\/\"},\"sameAs\":[\"https:\/\/www.facebook.com\/pages\/Franz-Alt-SONNENSEITECOM\/221072987903953?fref=ts\",\"https:\/\/x.com\/franzalt\",\"http:\/\/www.youtube.com\/results?search_query&amp;amp;quot;franz_alt&amp;amp;quot;&amp;amp;amp;amp;search_type&amp;amp;amp;amp;aq=f\"]},{\"@type\":\"Person\",\"@id\":\"https:\/\/www.sonnenseite.com\/de\/#\/schema\/person\/50fda0e926597684c7cc6695238a4eb9\",\"name\":\"Bigi Alt\"}]}<\/script>\n<!-- \/ Yoast SEO plugin. -->","yoast_head_json":{"title":"\"Wer Frieden will, muss den Frieden vorbereiten\" - Sonnenseite - \u00d6kologische Kommunikation mit Franz Alt","description":"Wie k\u00f6nnen Christen angesichts globaler Herausforderungen, Krisen und Kriege konkret Position beziehen? Kann die Botschaft Jesu in der Bergpredigt ein","robots":{"index":"index","follow":"follow","max-snippet":"max-snippet:-1","max-image-preview":"max-image-preview:large","max-video-preview":"max-video-preview:-1"},"canonical":"https:\/\/www.sonnenseite.com\/de\/franz-alt\/kommentare-interviews\/wer-frieden-will-muss-den-frieden-vorbereiten-2\/","og_locale":"de_DE","og_type":"article","og_title":"\"Wer Frieden will, muss den Frieden vorbereiten\" - Sonnenseite - \u00d6kologische Kommunikation mit Franz Alt","og_description":"Wie k\u00f6nnen Christen angesichts globaler Herausforderungen, Krisen und Kriege konkret Position beziehen? Kann die Botschaft Jesu in der Bergpredigt ein","og_url":"https:\/\/www.sonnenseite.com\/de\/franz-alt\/kommentare-interviews\/wer-frieden-will-muss-den-frieden-vorbereiten-2\/","og_site_name":"Sonnenseite","article_publisher":"https:\/\/www.facebook.com\/pages\/Franz-Alt-SONNENSEITECOM\/221072987903953?fref=ts","article_published_time":"2023-12-23T13:01:55+00:00","article_modified_time":"2023-12-30T11:51:40+00:00","og_image":[{"width":770,"height":420,"url":"https:\/\/www.sonnenseite.com\/wp-content\/uploads\/2017\/04\/Friedenstaube_GDJ.jpg","type":"image\/jpeg"}],"author":"Bigi Alt","twitter_card":"summary_large_image","twitter_creator":"@franzalt","twitter_site":"@franzalt","twitter_misc":{"Verfasst von":"Bigi Alt","Gesch\u00e4tzte Lesezeit":"6\u00a0Minuten"},"schema":{"@context":"https:\/\/schema.org","@graph":[{"@type":"Article","@id":"https:\/\/www.sonnenseite.com\/de\/franz-alt\/kommentare-interviews\/wer-frieden-will-muss-den-frieden-vorbereiten-2\/#article","isPartOf":{"@id":"https:\/\/www.sonnenseite.com\/de\/franz-alt\/kommentare-interviews\/wer-frieden-will-muss-den-frieden-vorbereiten-2\/"},"author":{"name":"Bigi Alt","@id":"https:\/\/www.sonnenseite.com\/de\/#\/schema\/person\/50fda0e926597684c7cc6695238a4eb9"},"headline":"&#8222;Wer Frieden will, muss den Frieden vorbereiten&#8220;","datePublished":"2023-12-23T13:01:55+00:00","dateModified":"2023-12-30T11:51:40+00:00","mainEntityOfPage":{"@id":"https:\/\/www.sonnenseite.com\/de\/franz-alt\/kommentare-interviews\/wer-frieden-will-muss-den-frieden-vorbereiten-2\/"},"wordCount":1045,"publisher":{"@id":"https:\/\/www.sonnenseite.com\/de\/#organization"},"image":{"@id":"https:\/\/www.sonnenseite.com\/de\/franz-alt\/kommentare-interviews\/wer-frieden-will-muss-den-frieden-vorbereiten-2\/#primaryimage"},"thumbnailUrl":"https:\/\/www.sonnenseite.com\/wp-content\/uploads\/2017\/04\/Friedenstaube_GDJ.jpg","articleSection":["Kommentare &amp; Interviews"],"inLanguage":"de"},{"@type":"WebPage","@id":"https:\/\/www.sonnenseite.com\/de\/franz-alt\/kommentare-interviews\/wer-frieden-will-muss-den-frieden-vorbereiten-2\/","url":"https:\/\/www.sonnenseite.com\/de\/franz-alt\/kommentare-interviews\/wer-frieden-will-muss-den-frieden-vorbereiten-2\/","name":"\"Wer Frieden will, muss den Frieden vorbereiten\" - Sonnenseite - \u00d6kologische Kommunikation mit Franz Alt","isPartOf":{"@id":"https:\/\/www.sonnenseite.com\/de\/#website"},"primaryImageOfPage":{"@id":"https:\/\/www.sonnenseite.com\/de\/franz-alt\/kommentare-interviews\/wer-frieden-will-muss-den-frieden-vorbereiten-2\/#primaryimage"},"image":{"@id":"https:\/\/www.sonnenseite.com\/de\/franz-alt\/kommentare-interviews\/wer-frieden-will-muss-den-frieden-vorbereiten-2\/#primaryimage"},"thumbnailUrl":"https:\/\/www.sonnenseite.com\/wp-content\/uploads\/2017\/04\/Friedenstaube_GDJ.jpg","datePublished":"2023-12-23T13:01:55+00:00","dateModified":"2023-12-30T11:51:40+00:00","description":"Wie k\u00f6nnen Christen angesichts globaler Herausforderungen, Krisen und Kriege konkret Position beziehen? Kann die Botschaft Jesu in der Bergpredigt ein","breadcrumb":{"@id":"https:\/\/www.sonnenseite.com\/de\/franz-alt\/kommentare-interviews\/wer-frieden-will-muss-den-frieden-vorbereiten-2\/#breadcrumb"},"inLanguage":"de","potentialAction":[{"@type":"ReadAction","target":["https:\/\/www.sonnenseite.com\/de\/franz-alt\/kommentare-interviews\/wer-frieden-will-muss-den-frieden-vorbereiten-2\/"]}]},{"@type":"ImageObject","inLanguage":"de","@id":"https:\/\/www.sonnenseite.com\/de\/franz-alt\/kommentare-interviews\/wer-frieden-will-muss-den-frieden-vorbereiten-2\/#primaryimage","url":"https:\/\/www.sonnenseite.com\/wp-content\/uploads\/2017\/04\/Friedenstaube_GDJ.jpg","contentUrl":"https:\/\/www.sonnenseite.com\/wp-content\/uploads\/2017\/04\/Friedenstaube_GDJ.jpg","width":770,"height":420,"caption":"pixabay.com | GDJ"},{"@type":"BreadcrumbList","@id":"https:\/\/www.sonnenseite.com\/de\/franz-alt\/kommentare-interviews\/wer-frieden-will-muss-den-frieden-vorbereiten-2\/#breadcrumb","itemListElement":[{"@type":"ListItem","position":1,"name":"Startseite","item":"https:\/\/www.sonnenseite.com\/de\/"},{"@type":"ListItem","position":2,"name":"&#8222;Wer Frieden will, muss den Frieden vorbereiten&#8220;"}]},{"@type":"WebSite","@id":"https:\/\/www.sonnenseite.com\/de\/#website","url":"https:\/\/www.sonnenseite.com\/de\/","name":"Sonnenseite","description":"\u00d6kologische Kommunikation mit Franz Alt","publisher":{"@id":"https:\/\/www.sonnenseite.com\/de\/#organization"},"potentialAction":[{"@type":"SearchAction","target":{"@type":"EntryPoint","urlTemplate":"https:\/\/www.sonnenseite.com\/de\/?s={search_term_string}"},"query-input":{"@type":"PropertyValueSpecification","valueRequired":true,"valueName":"search_term_string"}}],"inLanguage":"de"},{"@type":"Organization","@id":"https:\/\/www.sonnenseite.com\/de\/#organization","name":"Sonnenseite","url":"https:\/\/www.sonnenseite.com\/de\/","logo":{"@type":"ImageObject","inLanguage":"de","@id":"https:\/\/www.sonnenseite.com\/de\/#\/schema\/logo\/image\/","url":"https:\/\/www.sonnenseite.com\/wp-content\/uploads\/2020\/05\/Sonnenseite_Logo.png","contentUrl":"https:\/\/www.sonnenseite.com\/wp-content\/uploads\/2020\/05\/Sonnenseite_Logo.png","width":377,"height":90,"caption":"Sonnenseite"},"image":{"@id":"https:\/\/www.sonnenseite.com\/de\/#\/schema\/logo\/image\/"},"sameAs":["https:\/\/www.facebook.com\/pages\/Franz-Alt-SONNENSEITECOM\/221072987903953?fref=ts","https:\/\/x.com\/franzalt","http:\/\/www.youtube.com\/results?search_query&amp;amp;quot;franz_alt&amp;amp;quot;&amp;amp;amp;amp;search_type&amp;amp;amp;amp;aq=f"]},{"@type":"Person","@id":"https:\/\/www.sonnenseite.com\/de\/#\/schema\/person\/50fda0e926597684c7cc6695238a4eb9","name":"Bigi Alt"}]}},"_links":{"self":[{"href":"https:\/\/www.sonnenseite.com\/de\/wp-json\/wp\/v2\/posts\/96323","targetHints":{"allow":["GET"]}}],"collection":[{"href":"https:\/\/www.sonnenseite.com\/de\/wp-json\/wp\/v2\/posts"}],"about":[{"href":"https:\/\/www.sonnenseite.com\/de\/wp-json\/wp\/v2\/types\/post"}],"author":[{"embeddable":true,"href":"https:\/\/www.sonnenseite.com\/de\/wp-json\/wp\/v2\/users\/3"}],"replies":[{"embeddable":true,"href":"https:\/\/www.sonnenseite.com\/de\/wp-json\/wp\/v2\/comments?post=96323"}],"version-history":[{"count":5,"href":"https:\/\/www.sonnenseite.com\/de\/wp-json\/wp\/v2\/posts\/96323\/revisions"}],"predecessor-version":[{"id":96333,"href":"https:\/\/www.sonnenseite.com\/de\/wp-json\/wp\/v2\/posts\/96323\/revisions\/96333"}],"wp:featuredmedia":[{"embeddable":true,"href":"https:\/\/www.sonnenseite.com\/de\/wp-json\/wp\/v2\/media\/28705"}],"wp:attachment":[{"href":"https:\/\/www.sonnenseite.com\/de\/wp-json\/wp\/v2\/media?parent=96323"}],"wp:term":[{"taxonomy":"category","embeddable":true,"href":"https:\/\/www.sonnenseite.com\/de\/wp-json\/wp\/v2\/categories?post=96323"},{"taxonomy":"post_tag","embeddable":true,"href":"https:\/\/www.sonnenseite.com\/de\/wp-json\/wp\/v2\/tags?post=96323"}],"curies":[{"name":"wp","href":"https:\/\/api.w.org\/{rel}","templated":true}]}}