{"id":96397,"date":"2023-12-27T11:01:12","date_gmt":"2023-12-27T10:01:12","guid":{"rendered":"https:\/\/www.sonnenseite.com\/?p=96397"},"modified":"2024-01-05T09:00:07","modified_gmt":"2024-01-05T08:00:07","slug":"ausblick-2024-systemsetzende-erneuerbare-energien-ins-zentrum-der-energieversorgung-ruecken","status":"publish","type":"post","link":"https:\/\/www.sonnenseite.com\/de\/politik\/ausblick-2024-systemsetzende-erneuerbare-energien-ins-zentrum-der-energieversorgung-ruecken\/","title":{"rendered":"Ausblick 2024: Systemsetzende Erneuerbare Energien ins Zentrum der Energieversorgung r\u00fccken"},"content":{"rendered":"\n<p>Der Bundesverband Erneuerbare Energie e.V. (BEE) wirft zum Ende des energiepolitisch herausfordernden Jahres 2023 einen Blick auf das neue Jahr.<\/p>\n\n\n\n<p>Nach fossiler Versorgungskrise durch den Krieg in der Ukraine, vollendetem Atomausstieg und Bundesverfassungsgerichtsurteil zum Haushalt haben sich die Rahmenbedingungen f\u00fcr die Erneuerbaren Energien ver\u00e4ndert. \u201eDie Bundesregierung hat vor dem Hintergrund schwieriger Bedingungen viele wichtige Reformen angesto\u00dfen und die Energiewende nach Jahren des Stillstands in vielen Bereichen wieder zur\u00fcck aufs Gleis gesetzt. Im Schnitt erzeugen Erneuerbare in diesem Jahr mehr als die H\u00e4lfte des ben\u00f6tigten Strombedarfs, im W\u00e4rme- und Verkehrssektor hinken wir den Zielen weit hinterher. Hier muss 2024 der Turbo eingeschaltet werden\u201c, so BEE-Pr\u00e4sidentin Dr. Simone Peter.<\/p>\n\n\n\n<p>\u201eDamit der Ausbau der Erneuerbaren in allen Branchen und Sektoren, aber auch von Speichern und Sektorenkopplung an Fahrt gewinnt und systemisch anerkannt wird, dass Erneuerbare Energien nun ins Zentrum der Betrachtung geh\u00f6ren, m\u00fcssen im kommenden Jahr insbesondere drei zentrale Weichen gestellt werden.\u201c<\/p>\n\n\n\n<p><strong>1. Hemmnisse abbauen<\/strong><br>\u201e2024 ist der Ausbau von Wind- und Solarenergie weiter zu entfesseln, um die ambitionierten Ausbauziele zu schaffen. 2023 hat einen ermutigenden Elan bei Photovoltaik (wenn auch noch nicht in allen Segmenten) und Windenergie (mit weiter wachsenden Zuschl\u00e4gen und Genehmigungen) ausgel\u00f6st, der schnell weiter zu steigern ist. Jetzt muss z\u00fcgig das PV-Paket mit den von der Branche benannten <a href=\"https:\/\/www.bee-ev.de\/service\/publikationen-medien\/beitrag\/bee-stellungnahme-zum-gesetzentwurf-zur-umsetzung-des-solarpakets\" target=\"_blank\" rel=\"noreferrer noopener\">\u00c4nderungen<\/a> verabschiedet werden, die Novellen von Baugesetzbuch und Bundesimmissionsschutzgesetz sind in den Blick zu nehmen und RED III ist in nationales Recht umzusetzen. So werden Verfahren beschleunigt und vereinfacht.&nbsp;<\/p>\n\n\n\n<p>Dr\u00e4ngend sind zudem eine Biomasse-, Wasserkraft- und Geothermiestrategie, um das Erneuerbare Potential vollst\u00e4ndig zu heben. Allein Biogas bietet ein Potential von 17-27 GW gesicherter flexibler Leistung. Neue Bioenergie-BHKW erm\u00f6glichen zudem die systemdienliche Nutzung der W\u00e4rme in W\u00e4rmenetzen und Gasspeichern. Die lange ersehnten Gesetze GEG und WPG, die zum neuen Jahr in Kraft treten, und eine abgespeckte BEG-F\u00f6rderung m\u00fcssen nach einer H\u00e4ngepartie den Hochlauf der W\u00e4rmetechnologien, allen voran der W\u00e4rmepumpe, nun ankurbeln. W\u00e4rmenetze m\u00fcssen z\u00fcgig und mit ausk\u00f6mmlicher F\u00f6rderung der Kommunen ein-, aus- und umgebaut werden.\u201c<\/p>\n\n\n\n<p><strong>2. Strommarkt reformieren<\/strong><br>\u201e2024 m\u00fcssen die strukturellen Hindernisse f\u00fcr die Erneuerbaren im Strommarkt endlich abgebaut werden. Erneuerbare stemmen mit 52 Prozent zwar den Gro\u00dfteil der Stromerzeugung und sind mittlerweile systemsetzend, bewegen sich jedoch noch immer in einem Energiesystem von vorgestern. Die \u2018Plattform Klimaneutrales Stromsystem\u2019 hat hier wichtige Grundlagenarbeit geleistet, im kommenden Jahr muss es in die Umsetzung gehen. Bei der Frage der F\u00f6rderung ist es zentral, vermehrt auftretenden Zeiten mit negativen Strompreisen entgegenzuwirken und damit betriebswirtschaftliche Risiken f\u00fcr die Erneuerbaren zu d\u00e4mpfen. Daf\u00fcr muss zum einen die zeitliche F\u00f6rderung auf ein zeitbasiertes Konzept (Mengenf\u00f6rderung) umgestellt werden. Zum anderen braucht es unbedingt mehr Flexibilit\u00e4ten.<\/p>\n\n\n\n<p>Mit einer Flexibilit\u00e4ts- statt einer Kraftwerksstrategie kann ein heimisches Back-up-System f\u00fcr Wind und Sonne in Form von dezentralen erneuerbaren Kraftwerken geschaffen werden. Sie stellen Energie volks- und betriebswirtschaftlich g\u00fcnstiger und resilienter bereit als so mancher fossile Import, wie unsere <a href=\"https:\/\/www.klimaneutrales-stromsystem.de\/\" target=\"_blank\" rel=\"noreferrer noopener\">Studie<\/a> zum Klimaneutralen Stromsystem bereits vor zwei Jahren gezeigt hat. Preissignale m\u00fcssen auch im k\u00fcnftigen Stromsystem dringend erforderliche Investitionen aus dem Markt heraus anregen. Das ist bei der Debatte um die Einf\u00fchrung von CfDs zu ber\u00fccksichtigen.\u201c<\/p>\n\n\n\n<p><strong>3. Sektorenkopplung voranbringen<\/strong><br>\u201eDer Gesetzgeber hat 2023 im Bereich Wasserstoffwirtschaft erste Grundsteine gelegt, eine ausbaubare Speicherstrategie ist auf den Weg gebracht. 2024 ist der Aufbau einer flexiblen, systemdienlichen Wasserstoff-Strategie ma\u00dfgeblich, damit der Hochlauf der gr\u00fcnen Wasserstoffwirtschaft und der Ausbau der Erneuerbaren Hand in Hand gehen k\u00f6nnen. Mit der 37. Bundesimmissionsschutzverordnung, dem Herkunftsnachweisregistergesetz und perspektivisch einer Kraftwerks-\/Flexibilit\u00e4tsstrategie werden wichtige Weichen gestellt.<\/p>\n\n\n\n<p>Heimischer gr\u00fcner Wasserstoff ist nach einer <a href=\"https:\/\/www.lee-nrw.de\/data\/documents\/2023\/06\/26\/619-6499d6ada4f37.pdf\" target=\"_blank\" rel=\"noreferrer noopener\">Studie<\/a> des Wuppertal Instituts im Auftrag des LEE NRW wettbewerbs- und konkurrenzf\u00e4higer als Importe. Die zu erwartenden Produktionskosten f\u00fcr gr\u00fcnen Wasserstoff hierzulande liegen meist unterhalb der Importkosten von Wasserstoff, der per Schiff zu uns kommt, und sind in vielen F\u00e4llen auch konkurrenzf\u00e4hig zum Import von Wasserstoff per Pipeline. Gr\u00f6\u00dfere Mengen an blauem Wasserstoff werden zudem nicht vor dem Jahr 2030 verf\u00fcgbar sein und sind nicht CO2-neutral. Anwendungen von gr\u00fcnem Wasserstoff in der Industrie (von Stahl bis Chemie) sind zu priorisieren.\u201c<\/p>\n\n\n\n<p><br>Zu diesen und weiteren Themen wird der BEE u.a. mit Wirtschaftsminister Robert Habeck am 18. Januar beim <strong>ENERGIEDIALOG 2024<\/strong> sprechen. <a href=\"https:\/\/www.bee-ev.de\/projekte\/energiedialog-2024\" target=\"_blank\" rel=\"noreferrer noopener\">Hier<\/a> k\u00f6nnen Sie sich anmelden.<\/p>\n\n\n<h5 class=\"green\">Quelle<\/h5>\r\n\n\n\n<p><a href=\"http:\/\/www.bee-ev.de\">Bundesverband Erneuerbare Energie e.V. 2023<\/a><\/p>\n<div class=\"shariff shariff-align-flex-start shariff-widget-align-flex-start\"><div class=\"ShariffHeadline\">Diese Meldung teilen<\/div><ul class=\"shariff-buttons theme-round orientation-horizontal buttonsize-medium\"><li class=\"shariff-button facebook shariff-nocustomcolor\" style=\"background-color:#4273c8;border-radius:1%\"><a href=\"https:\/\/www.facebook.com\/sharer\/sharer.php?u=https%3A%2F%2Fwww.sonnenseite.com%2Fde%2Fpolitik%2Fausblick-2024-systemsetzende-erneuerbare-energien-ins-zentrum-der-energieversorgung-ruecken%2F\" title=\"Bei Facebook teilen\" aria-label=\"Bei Facebook teilen\" role=\"button\" rel=\"nofollow\" class=\"shariff-link\" style=\";border-radius:1%; background-color:#3b5998; color:#fff\" target=\"_blank\"><span class=\"shariff-icon\" style=\"\"><svg width=\"32px\" height=\"20px\" xmlns=\"http:\/\/www.w3.org\/2000\/svg\" viewBox=\"0 0 18 32\"><path fill=\"#3b5998\" d=\"M17.1 0.2v4.7h-2.8q-1.5 0-2.1 0.6t-0.5 1.9v3.4h5.2l-0.7 5.3h-4.5v13.6h-5.5v-13.6h-4.5v-5.3h4.5v-3.9q0-3.3 1.9-5.2t5-1.8q2.6 0 4.1 0.2z\"\/><\/svg><\/span><\/a><\/li><li class=\"shariff-button twitter shariff-nocustomcolor\" style=\"background-color:#595959;border-radius:1%\"><a href=\"https:\/\/twitter.com\/share?url=https%3A%2F%2Fwww.sonnenseite.com%2Fde%2Fpolitik%2Fausblick-2024-systemsetzende-erneuerbare-energien-ins-zentrum-der-energieversorgung-ruecken%2F&text=Ausblick%202024%3A%20Systemsetzende%20Erneuerbare%20Energien%20ins%20Zentrum%20der%20Energieversorgung%20r%C3%BCcken\" title=\"Bei X teilen\" aria-label=\"Bei X teilen\" role=\"button\" rel=\"noopener nofollow\" class=\"shariff-link\" style=\";border-radius:1%; background-color:#000; color:#fff\" target=\"_blank\"><span class=\"shariff-icon\" style=\"\"><svg width=\"32px\" height=\"20px\" xmlns=\"http:\/\/www.w3.org\/2000\/svg\" viewBox=\"0 0 24 24\"><path fill=\"#000\" d=\"M14.258 10.152L23.176 0h-2.113l-7.747 8.813L7.133 0H0l9.352 13.328L0 23.973h2.113l8.176-9.309 6.531 9.309h7.133zm-2.895 3.293l-.949-1.328L2.875 1.56h3.246l6.086 8.523.945 1.328 7.91 11.078h-3.246zm0 0\"\/><\/svg><\/span><\/a><\/li><li class=\"shariff-button xing shariff-nocustomcolor\" style=\"background-color:#29888a;border-radius:1%\"><a href=\"https:\/\/www.xing.com\/spi\/shares\/new?url=https%3A%2F%2Fwww.sonnenseite.com%2Fde%2Fpolitik%2Fausblick-2024-systemsetzende-erneuerbare-energien-ins-zentrum-der-energieversorgung-ruecken%2F\" title=\"Bei XING teilen\" aria-label=\"Bei XING teilen\" role=\"button\" rel=\"noopener nofollow\" class=\"shariff-link\" style=\";border-radius:1%; background-color:#126567; color:#fff\" target=\"_blank\"><span class=\"shariff-icon\" style=\"\"><svg width=\"32px\" height=\"20px\" xmlns=\"http:\/\/www.w3.org\/2000\/svg\" viewBox=\"0 0 25 32\"><path fill=\"#126567\" d=\"M10.7 11.9q-0.2 0.3-4.6 8.2-0.5 0.8-1.2 0.8h-4.3q-0.4 0-0.5-0.3t0-0.6l4.5-8q0 0 0 0l-2.9-5q-0.2-0.4 0-0.7 0.2-0.3 0.5-0.3h4.3q0.7 0 1.2 0.8zM25.1 0.4q0.2 0.3 0 0.7l-9.4 16.7 6 11q0.2 0.4 0 0.6-0.2 0.3-0.6 0.3h-4.3q-0.7 0-1.2-0.8l-6-11.1q0.3-0.6 9.5-16.8 0.4-0.8 1.2-0.8h4.3q0.4 0 0.5 0.3z\"\/><\/svg><\/span><\/a><\/li><li class=\"shariff-button linkedin shariff-nocustomcolor\" style=\"background-color:#1488bf;border-radius:1%\"><a href=\"https:\/\/www.linkedin.com\/sharing\/share-offsite\/?url=https%3A%2F%2Fwww.sonnenseite.com%2Fde%2Fpolitik%2Fausblick-2024-systemsetzende-erneuerbare-energien-ins-zentrum-der-energieversorgung-ruecken%2F\" title=\"Bei LinkedIn teilen\" aria-label=\"Bei LinkedIn teilen\" role=\"button\" rel=\"noopener nofollow\" class=\"shariff-link\" style=\";border-radius:1%; background-color:#0077b5; color:#fff\" target=\"_blank\"><span class=\"shariff-icon\" style=\"\"><svg width=\"32px\" height=\"20px\" xmlns=\"http:\/\/www.w3.org\/2000\/svg\" viewBox=\"0 0 27 32\"><path fill=\"#0077b5\" d=\"M6.2 11.2v17.7h-5.9v-17.7h5.9zM6.6 5.7q0 1.3-0.9 2.2t-2.4 0.9h0q-1.5 0-2.4-0.9t-0.9-2.2 0.9-2.2 2.4-0.9 2.4 0.9 0.9 2.2zM27.4 18.7v10.1h-5.9v-9.5q0-1.9-0.7-2.9t-2.3-1.1q-1.1 0-1.9 0.6t-1.2 1.5q-0.2 0.5-0.2 1.4v9.9h-5.9q0-7.1 0-11.6t0-5.3l0-0.9h5.9v2.6h0q0.4-0.6 0.7-1t1-0.9 1.6-0.8 2-0.3q3 0 4.9 2t1.9 6z\"\/><\/svg><\/span><\/a><\/li><li class=\"shariff-button printer shariff-nocustomcolor\" style=\"background-color:#a8a8a8;border-radius:1%\"><a href=\"javascript:window.print()\" title=\"drucken\" aria-label=\"drucken\" role=\"button\" rel=\"noopener nofollow\" class=\"shariff-link\" style=\";border-radius:1%; background-color:#999; color:#fff\"><span class=\"shariff-icon\" style=\"\"><svg width=\"32px\" height=\"20px\" xmlns=\"http:\/\/www.w3.org\/2000\/svg\" viewBox=\"0 0 30 32\"><path fill=\"#999\" d=\"M6.8 27.4h16v-4.6h-16v4.6zM6.8 16h16v-6.8h-2.8q-0.7 0-1.2-0.5t-0.5-1.2v-2.8h-11.4v11.4zM27.4 17.2q0-0.5-0.3-0.8t-0.8-0.4-0.8 0.4-0.3 0.8 0.3 0.8 0.8 0.3 0.8-0.3 0.3-0.8zM29.7 17.2v7.4q0 0.2-0.2 0.4t-0.4 0.2h-4v2.8q0 0.7-0.5 1.2t-1.2 0.5h-17.2q-0.7 0-1.2-0.5t-0.5-1.2v-2.8h-4q-0.2 0-0.4-0.2t-0.2-0.4v-7.4q0-1.4 1-2.4t2.4-1h1.2v-9.7q0-0.7 0.5-1.2t1.2-0.5h12q0.7 0 1.6 0.4t1.3 0.8l2.7 2.7q0.5 0.5 0.9 1.4t0.4 1.6v4.6h1.1q1.4 0 2.4 1t1 2.4z\"\/><\/svg><\/span><\/a><\/li><li class=\"shariff-button mailto shariff-nocustomcolor\" style=\"background-color:#a8a8a8;border-radius:1%\"><a href=\"mailto:?body=https%3A%2F%2Fwww.sonnenseite.com%2Fde%2Fpolitik%2Fausblick-2024-systemsetzende-erneuerbare-energien-ins-zentrum-der-energieversorgung-ruecken%2F&subject=Ausblick%202024%3A%20Systemsetzende%20Erneuerbare%20Energien%20ins%20Zentrum%20der%20Energieversorgung%20r%C3%BCcken\" title=\"Per E-Mail versenden\" aria-label=\"Per E-Mail versenden\" role=\"button\" rel=\"noopener nofollow\" class=\"shariff-link\" style=\";border-radius:1%; background-color:#999; color:#fff\"><span class=\"shariff-icon\" style=\"\"><svg width=\"32px\" height=\"20px\" xmlns=\"http:\/\/www.w3.org\/2000\/svg\" viewBox=\"0 0 32 32\"><path fill=\"#999\" d=\"M32 12.7v14.2q0 1.2-0.8 2t-2 0.9h-26.3q-1.2 0-2-0.9t-0.8-2v-14.2q0.8 0.9 1.8 1.6 6.5 4.4 8.9 6.1 1 0.8 1.6 1.2t1.7 0.9 2 0.4h0.1q0.9 0 2-0.4t1.7-0.9 1.6-1.2q3-2.2 8.9-6.1 1-0.7 1.8-1.6zM32 7.4q0 1.4-0.9 2.7t-2.2 2.2q-6.7 4.7-8.4 5.8-0.2 0.1-0.7 0.5t-1 0.7-0.9 0.6-1.1 0.5-0.9 0.2h-0.1q-0.4 0-0.9-0.2t-1.1-0.5-0.9-0.6-1-0.7-0.7-0.5q-1.6-1.1-4.7-3.2t-3.6-2.6q-1.1-0.7-2.1-2t-1-2.5q0-1.4 0.7-2.3t2.1-0.9h26.3q1.2 0 2 0.8t0.9 2z\"\/><\/svg><\/span><\/a><\/li><\/ul><\/div>","protected":false},"excerpt":{"rendered":"<p>Der Bundesverband Erneuerbare Energie e.V. (BEE) wirft zum Ende des energiepolitisch herausfordernden Jahres 2023 einen Blick [&hellip;]<\/p>\n","protected":false},"author":3,"featured_media":13128,"comment_status":"closed","ping_status":"closed","sticky":false,"template":"","format":"standard","meta":{"inline_featured_image":false,"footnotes":""},"categories":[21],"tags":[],"class_list":["post-96397","post","type-post","status-publish","format-standard","has-post-thumbnail","hentry","category-politik"],"yoast_head":"<!-- This site is optimized with the Yoast SEO plugin v26.5 - https:\/\/yoast.com\/wordpress\/plugins\/seo\/ -->\n<title>Ausblick 2024: Systemsetzende Erneuerbare Energien ins Zentrum der Energieversorgung r\u00fccken - Sonnenseite - \u00d6kologische Kommunikation mit Franz Alt<\/title>\n<meta name=\"description\" content=\"Der Bundesverband Erneuerbare Energie e.V. (BEE) wirft zum Ende des energiepolitisch herausfordernden Jahres 2023 einen Blick auf das neue Jahr. Nach\" \/>\n<meta name=\"robots\" content=\"index, follow, max-snippet:-1, max-image-preview:large, max-video-preview:-1\" \/>\n<link rel=\"canonical\" href=\"https:\/\/www.sonnenseite.com\/de\/politik\/ausblick-2024-systemsetzende-erneuerbare-energien-ins-zentrum-der-energieversorgung-ruecken\/\" \/>\n<meta property=\"og:locale\" content=\"de_DE\" \/>\n<meta property=\"og:type\" content=\"article\" \/>\n<meta property=\"og:title\" content=\"Ausblick 2024: Systemsetzende Erneuerbare Energien ins Zentrum der Energieversorgung r\u00fccken - Sonnenseite - \u00d6kologische Kommunikation mit Franz Alt\" \/>\n<meta property=\"og:description\" content=\"Der Bundesverband Erneuerbare Energie e.V. (BEE) wirft zum Ende des energiepolitisch herausfordernden Jahres 2023 einen Blick auf das neue Jahr. Nach\" \/>\n<meta property=\"og:url\" content=\"https:\/\/www.sonnenseite.com\/de\/politik\/ausblick-2024-systemsetzende-erneuerbare-energien-ins-zentrum-der-energieversorgung-ruecken\/\" \/>\n<meta property=\"og:site_name\" content=\"Sonnenseite\" \/>\n<meta property=\"article:publisher\" content=\"https:\/\/www.facebook.com\/pages\/Franz-Alt-SONNENSEITECOM\/221072987903953?fref=ts\" \/>\n<meta property=\"article:published_time\" content=\"2023-12-27T10:01:12+00:00\" \/>\n<meta property=\"article:modified_time\" content=\"2024-01-05T08:00:07+00:00\" \/>\n<meta property=\"og:image\" content=\"https:\/\/www.sonnenseite.com\/wp-content\/uploads\/2018\/12\/ErneuerbareEnergie_SG-Design.jpg\" \/>\n\t<meta property=\"og:image:width\" content=\"770\" \/>\n\t<meta property=\"og:image:height\" content=\"420\" \/>\n\t<meta property=\"og:image:type\" content=\"image\/jpeg\" \/>\n<meta name=\"author\" content=\"Bigi Alt\" \/>\n<meta name=\"twitter:card\" content=\"summary_large_image\" \/>\n<meta name=\"twitter:creator\" content=\"@franzalt\" \/>\n<meta name=\"twitter:site\" content=\"@franzalt\" \/>\n<meta name=\"twitter:label1\" content=\"Verfasst von\" \/>\n\t<meta name=\"twitter:data1\" content=\"Bigi Alt\" \/>\n\t<meta name=\"twitter:label2\" content=\"Gesch\u00e4tzte Lesezeit\" \/>\n\t<meta name=\"twitter:data2\" content=\"4\u00a0Minuten\" \/>\n<script type=\"application\/ld+json\" class=\"yoast-schema-graph\">{\"@context\":\"https:\/\/schema.org\",\"@graph\":[{\"@type\":\"Article\",\"@id\":\"https:\/\/www.sonnenseite.com\/de\/politik\/ausblick-2024-systemsetzende-erneuerbare-energien-ins-zentrum-der-energieversorgung-ruecken\/#article\",\"isPartOf\":{\"@id\":\"https:\/\/www.sonnenseite.com\/de\/politik\/ausblick-2024-systemsetzende-erneuerbare-energien-ins-zentrum-der-energieversorgung-ruecken\/\"},\"author\":{\"name\":\"Bigi Alt\",\"@id\":\"https:\/\/www.sonnenseite.com\/de\/#\/schema\/person\/50fda0e926597684c7cc6695238a4eb9\"},\"headline\":\"Ausblick 2024: Systemsetzende Erneuerbare Energien ins Zentrum der Energieversorgung r\u00fccken\",\"datePublished\":\"2023-12-27T10:01:12+00:00\",\"dateModified\":\"2024-01-05T08:00:07+00:00\",\"mainEntityOfPage\":{\"@id\":\"https:\/\/www.sonnenseite.com\/de\/politik\/ausblick-2024-systemsetzende-erneuerbare-energien-ins-zentrum-der-energieversorgung-ruecken\/\"},\"wordCount\":736,\"publisher\":{\"@id\":\"https:\/\/www.sonnenseite.com\/de\/#organization\"},\"image\":{\"@id\":\"https:\/\/www.sonnenseite.com\/de\/politik\/ausblick-2024-systemsetzende-erneuerbare-energien-ins-zentrum-der-energieversorgung-ruecken\/#primaryimage\"},\"thumbnailUrl\":\"https:\/\/www.sonnenseite.com\/wp-content\/uploads\/2018\/12\/ErneuerbareEnergie_SG-Design.jpg\",\"articleSection\":[\"Politik\"],\"inLanguage\":\"de\"},{\"@type\":\"WebPage\",\"@id\":\"https:\/\/www.sonnenseite.com\/de\/politik\/ausblick-2024-systemsetzende-erneuerbare-energien-ins-zentrum-der-energieversorgung-ruecken\/\",\"url\":\"https:\/\/www.sonnenseite.com\/de\/politik\/ausblick-2024-systemsetzende-erneuerbare-energien-ins-zentrum-der-energieversorgung-ruecken\/\",\"name\":\"Ausblick 2024: Systemsetzende Erneuerbare Energien ins Zentrum der Energieversorgung r\u00fccken - Sonnenseite - \u00d6kologische Kommunikation mit Franz Alt\",\"isPartOf\":{\"@id\":\"https:\/\/www.sonnenseite.com\/de\/#website\"},\"primaryImageOfPage\":{\"@id\":\"https:\/\/www.sonnenseite.com\/de\/politik\/ausblick-2024-systemsetzende-erneuerbare-energien-ins-zentrum-der-energieversorgung-ruecken\/#primaryimage\"},\"image\":{\"@id\":\"https:\/\/www.sonnenseite.com\/de\/politik\/ausblick-2024-systemsetzende-erneuerbare-energien-ins-zentrum-der-energieversorgung-ruecken\/#primaryimage\"},\"thumbnailUrl\":\"https:\/\/www.sonnenseite.com\/wp-content\/uploads\/2018\/12\/ErneuerbareEnergie_SG-Design.jpg\",\"datePublished\":\"2023-12-27T10:01:12+00:00\",\"dateModified\":\"2024-01-05T08:00:07+00:00\",\"description\":\"Der Bundesverband Erneuerbare Energie e.V. (BEE) wirft zum Ende des energiepolitisch herausfordernden Jahres 2023 einen Blick auf das neue Jahr. Nach\",\"breadcrumb\":{\"@id\":\"https:\/\/www.sonnenseite.com\/de\/politik\/ausblick-2024-systemsetzende-erneuerbare-energien-ins-zentrum-der-energieversorgung-ruecken\/#breadcrumb\"},\"inLanguage\":\"de\",\"potentialAction\":[{\"@type\":\"ReadAction\",\"target\":[\"https:\/\/www.sonnenseite.com\/de\/politik\/ausblick-2024-systemsetzende-erneuerbare-energien-ins-zentrum-der-energieversorgung-ruecken\/\"]}]},{\"@type\":\"ImageObject\",\"inLanguage\":\"de\",\"@id\":\"https:\/\/www.sonnenseite.com\/de\/politik\/ausblick-2024-systemsetzende-erneuerbare-energien-ins-zentrum-der-energieversorgung-ruecken\/#primaryimage\",\"url\":\"https:\/\/www.sonnenseite.com\/wp-content\/uploads\/2018\/12\/ErneuerbareEnergie_SG-Design.jpg\",\"contentUrl\":\"https:\/\/www.sonnenseite.com\/wp-content\/uploads\/2018\/12\/ErneuerbareEnergie_SG-Design.jpg\",\"width\":770,\"height\":420,\"caption\":\"panthermedia | SG-Design | Die Ergebnisse der Studie zeigen, dass die aktuellen Ziele des Pariser Klimaabkommens beschleunigt erreicht werden k&ouml;nnen und sollten. Eine Wende hin zu 100% sauberen, Erneuerbaren Energien ist sehr realistisch &ndash; schon jetzt, mit den heute verf&uuml;gbaren Technologien.\"},{\"@type\":\"BreadcrumbList\",\"@id\":\"https:\/\/www.sonnenseite.com\/de\/politik\/ausblick-2024-systemsetzende-erneuerbare-energien-ins-zentrum-der-energieversorgung-ruecken\/#breadcrumb\",\"itemListElement\":[{\"@type\":\"ListItem\",\"position\":1,\"name\":\"Startseite\",\"item\":\"https:\/\/www.sonnenseite.com\/de\/\"},{\"@type\":\"ListItem\",\"position\":2,\"name\":\"Ausblick 2024: Systemsetzende Erneuerbare Energien ins Zentrum der Energieversorgung r\u00fccken\"}]},{\"@type\":\"WebSite\",\"@id\":\"https:\/\/www.sonnenseite.com\/de\/#website\",\"url\":\"https:\/\/www.sonnenseite.com\/de\/\",\"name\":\"Sonnenseite\",\"description\":\"\u00d6kologische Kommunikation mit Franz Alt\",\"publisher\":{\"@id\":\"https:\/\/www.sonnenseite.com\/de\/#organization\"},\"potentialAction\":[{\"@type\":\"SearchAction\",\"target\":{\"@type\":\"EntryPoint\",\"urlTemplate\":\"https:\/\/www.sonnenseite.com\/de\/?s={search_term_string}\"},\"query-input\":{\"@type\":\"PropertyValueSpecification\",\"valueRequired\":true,\"valueName\":\"search_term_string\"}}],\"inLanguage\":\"de\"},{\"@type\":\"Organization\",\"@id\":\"https:\/\/www.sonnenseite.com\/de\/#organization\",\"name\":\"Sonnenseite\",\"url\":\"https:\/\/www.sonnenseite.com\/de\/\",\"logo\":{\"@type\":\"ImageObject\",\"inLanguage\":\"de\",\"@id\":\"https:\/\/www.sonnenseite.com\/de\/#\/schema\/logo\/image\/\",\"url\":\"https:\/\/www.sonnenseite.com\/wp-content\/uploads\/2020\/05\/Sonnenseite_Logo.png\",\"contentUrl\":\"https:\/\/www.sonnenseite.com\/wp-content\/uploads\/2020\/05\/Sonnenseite_Logo.png\",\"width\":377,\"height\":90,\"caption\":\"Sonnenseite\"},\"image\":{\"@id\":\"https:\/\/www.sonnenseite.com\/de\/#\/schema\/logo\/image\/\"},\"sameAs\":[\"https:\/\/www.facebook.com\/pages\/Franz-Alt-SONNENSEITECOM\/221072987903953?fref=ts\",\"https:\/\/x.com\/franzalt\",\"http:\/\/www.youtube.com\/results?search_query&amp;amp;quot;franz_alt&amp;amp;quot;&amp;amp;amp;amp;search_type&amp;amp;amp;amp;aq=f\"]},{\"@type\":\"Person\",\"@id\":\"https:\/\/www.sonnenseite.com\/de\/#\/schema\/person\/50fda0e926597684c7cc6695238a4eb9\",\"name\":\"Bigi Alt\"}]}<\/script>\n<!-- \/ Yoast SEO plugin. -->","yoast_head_json":{"title":"Ausblick 2024: Systemsetzende Erneuerbare Energien ins Zentrum der Energieversorgung r\u00fccken - Sonnenseite - \u00d6kologische Kommunikation mit Franz Alt","description":"Der Bundesverband Erneuerbare Energie e.V. (BEE) wirft zum Ende des energiepolitisch herausfordernden Jahres 2023 einen Blick auf das neue Jahr. Nach","robots":{"index":"index","follow":"follow","max-snippet":"max-snippet:-1","max-image-preview":"max-image-preview:large","max-video-preview":"max-video-preview:-1"},"canonical":"https:\/\/www.sonnenseite.com\/de\/politik\/ausblick-2024-systemsetzende-erneuerbare-energien-ins-zentrum-der-energieversorgung-ruecken\/","og_locale":"de_DE","og_type":"article","og_title":"Ausblick 2024: Systemsetzende Erneuerbare Energien ins Zentrum der Energieversorgung r\u00fccken - Sonnenseite - \u00d6kologische Kommunikation mit Franz Alt","og_description":"Der Bundesverband Erneuerbare Energie e.V. (BEE) wirft zum Ende des energiepolitisch herausfordernden Jahres 2023 einen Blick auf das neue Jahr. Nach","og_url":"https:\/\/www.sonnenseite.com\/de\/politik\/ausblick-2024-systemsetzende-erneuerbare-energien-ins-zentrum-der-energieversorgung-ruecken\/","og_site_name":"Sonnenseite","article_publisher":"https:\/\/www.facebook.com\/pages\/Franz-Alt-SONNENSEITECOM\/221072987903953?fref=ts","article_published_time":"2023-12-27T10:01:12+00:00","article_modified_time":"2024-01-05T08:00:07+00:00","og_image":[{"width":770,"height":420,"url":"https:\/\/www.sonnenseite.com\/wp-content\/uploads\/2018\/12\/ErneuerbareEnergie_SG-Design.jpg","type":"image\/jpeg"}],"author":"Bigi Alt","twitter_card":"summary_large_image","twitter_creator":"@franzalt","twitter_site":"@franzalt","twitter_misc":{"Verfasst von":"Bigi Alt","Gesch\u00e4tzte Lesezeit":"4\u00a0Minuten"},"schema":{"@context":"https:\/\/schema.org","@graph":[{"@type":"Article","@id":"https:\/\/www.sonnenseite.com\/de\/politik\/ausblick-2024-systemsetzende-erneuerbare-energien-ins-zentrum-der-energieversorgung-ruecken\/#article","isPartOf":{"@id":"https:\/\/www.sonnenseite.com\/de\/politik\/ausblick-2024-systemsetzende-erneuerbare-energien-ins-zentrum-der-energieversorgung-ruecken\/"},"author":{"name":"Bigi Alt","@id":"https:\/\/www.sonnenseite.com\/de\/#\/schema\/person\/50fda0e926597684c7cc6695238a4eb9"},"headline":"Ausblick 2024: Systemsetzende Erneuerbare Energien ins Zentrum der Energieversorgung r\u00fccken","datePublished":"2023-12-27T10:01:12+00:00","dateModified":"2024-01-05T08:00:07+00:00","mainEntityOfPage":{"@id":"https:\/\/www.sonnenseite.com\/de\/politik\/ausblick-2024-systemsetzende-erneuerbare-energien-ins-zentrum-der-energieversorgung-ruecken\/"},"wordCount":736,"publisher":{"@id":"https:\/\/www.sonnenseite.com\/de\/#organization"},"image":{"@id":"https:\/\/www.sonnenseite.com\/de\/politik\/ausblick-2024-systemsetzende-erneuerbare-energien-ins-zentrum-der-energieversorgung-ruecken\/#primaryimage"},"thumbnailUrl":"https:\/\/www.sonnenseite.com\/wp-content\/uploads\/2018\/12\/ErneuerbareEnergie_SG-Design.jpg","articleSection":["Politik"],"inLanguage":"de"},{"@type":"WebPage","@id":"https:\/\/www.sonnenseite.com\/de\/politik\/ausblick-2024-systemsetzende-erneuerbare-energien-ins-zentrum-der-energieversorgung-ruecken\/","url":"https:\/\/www.sonnenseite.com\/de\/politik\/ausblick-2024-systemsetzende-erneuerbare-energien-ins-zentrum-der-energieversorgung-ruecken\/","name":"Ausblick 2024: Systemsetzende Erneuerbare Energien ins Zentrum der Energieversorgung r\u00fccken - Sonnenseite - \u00d6kologische Kommunikation mit Franz Alt","isPartOf":{"@id":"https:\/\/www.sonnenseite.com\/de\/#website"},"primaryImageOfPage":{"@id":"https:\/\/www.sonnenseite.com\/de\/politik\/ausblick-2024-systemsetzende-erneuerbare-energien-ins-zentrum-der-energieversorgung-ruecken\/#primaryimage"},"image":{"@id":"https:\/\/www.sonnenseite.com\/de\/politik\/ausblick-2024-systemsetzende-erneuerbare-energien-ins-zentrum-der-energieversorgung-ruecken\/#primaryimage"},"thumbnailUrl":"https:\/\/www.sonnenseite.com\/wp-content\/uploads\/2018\/12\/ErneuerbareEnergie_SG-Design.jpg","datePublished":"2023-12-27T10:01:12+00:00","dateModified":"2024-01-05T08:00:07+00:00","description":"Der Bundesverband Erneuerbare Energie e.V. (BEE) wirft zum Ende des energiepolitisch herausfordernden Jahres 2023 einen Blick auf das neue Jahr. Nach","breadcrumb":{"@id":"https:\/\/www.sonnenseite.com\/de\/politik\/ausblick-2024-systemsetzende-erneuerbare-energien-ins-zentrum-der-energieversorgung-ruecken\/#breadcrumb"},"inLanguage":"de","potentialAction":[{"@type":"ReadAction","target":["https:\/\/www.sonnenseite.com\/de\/politik\/ausblick-2024-systemsetzende-erneuerbare-energien-ins-zentrum-der-energieversorgung-ruecken\/"]}]},{"@type":"ImageObject","inLanguage":"de","@id":"https:\/\/www.sonnenseite.com\/de\/politik\/ausblick-2024-systemsetzende-erneuerbare-energien-ins-zentrum-der-energieversorgung-ruecken\/#primaryimage","url":"https:\/\/www.sonnenseite.com\/wp-content\/uploads\/2018\/12\/ErneuerbareEnergie_SG-Design.jpg","contentUrl":"https:\/\/www.sonnenseite.com\/wp-content\/uploads\/2018\/12\/ErneuerbareEnergie_SG-Design.jpg","width":770,"height":420,"caption":"panthermedia | SG-Design | Die Ergebnisse der Studie zeigen, dass die aktuellen Ziele des Pariser Klimaabkommens beschleunigt erreicht werden k&ouml;nnen und sollten. Eine Wende hin zu 100% sauberen, Erneuerbaren Energien ist sehr realistisch &ndash; schon jetzt, mit den heute verf&uuml;gbaren Technologien."},{"@type":"BreadcrumbList","@id":"https:\/\/www.sonnenseite.com\/de\/politik\/ausblick-2024-systemsetzende-erneuerbare-energien-ins-zentrum-der-energieversorgung-ruecken\/#breadcrumb","itemListElement":[{"@type":"ListItem","position":1,"name":"Startseite","item":"https:\/\/www.sonnenseite.com\/de\/"},{"@type":"ListItem","position":2,"name":"Ausblick 2024: Systemsetzende Erneuerbare Energien ins Zentrum der Energieversorgung r\u00fccken"}]},{"@type":"WebSite","@id":"https:\/\/www.sonnenseite.com\/de\/#website","url":"https:\/\/www.sonnenseite.com\/de\/","name":"Sonnenseite","description":"\u00d6kologische Kommunikation mit Franz Alt","publisher":{"@id":"https:\/\/www.sonnenseite.com\/de\/#organization"},"potentialAction":[{"@type":"SearchAction","target":{"@type":"EntryPoint","urlTemplate":"https:\/\/www.sonnenseite.com\/de\/?s={search_term_string}"},"query-input":{"@type":"PropertyValueSpecification","valueRequired":true,"valueName":"search_term_string"}}],"inLanguage":"de"},{"@type":"Organization","@id":"https:\/\/www.sonnenseite.com\/de\/#organization","name":"Sonnenseite","url":"https:\/\/www.sonnenseite.com\/de\/","logo":{"@type":"ImageObject","inLanguage":"de","@id":"https:\/\/www.sonnenseite.com\/de\/#\/schema\/logo\/image\/","url":"https:\/\/www.sonnenseite.com\/wp-content\/uploads\/2020\/05\/Sonnenseite_Logo.png","contentUrl":"https:\/\/www.sonnenseite.com\/wp-content\/uploads\/2020\/05\/Sonnenseite_Logo.png","width":377,"height":90,"caption":"Sonnenseite"},"image":{"@id":"https:\/\/www.sonnenseite.com\/de\/#\/schema\/logo\/image\/"},"sameAs":["https:\/\/www.facebook.com\/pages\/Franz-Alt-SONNENSEITECOM\/221072987903953?fref=ts","https:\/\/x.com\/franzalt","http:\/\/www.youtube.com\/results?search_query&amp;amp;quot;franz_alt&amp;amp;quot;&amp;amp;amp;amp;search_type&amp;amp;amp;amp;aq=f"]},{"@type":"Person","@id":"https:\/\/www.sonnenseite.com\/de\/#\/schema\/person\/50fda0e926597684c7cc6695238a4eb9","name":"Bigi Alt"}]}},"_links":{"self":[{"href":"https:\/\/www.sonnenseite.com\/de\/wp-json\/wp\/v2\/posts\/96397","targetHints":{"allow":["GET"]}}],"collection":[{"href":"https:\/\/www.sonnenseite.com\/de\/wp-json\/wp\/v2\/posts"}],"about":[{"href":"https:\/\/www.sonnenseite.com\/de\/wp-json\/wp\/v2\/types\/post"}],"author":[{"embeddable":true,"href":"https:\/\/www.sonnenseite.com\/de\/wp-json\/wp\/v2\/users\/3"}],"replies":[{"embeddable":true,"href":"https:\/\/www.sonnenseite.com\/de\/wp-json\/wp\/v2\/comments?post=96397"}],"version-history":[{"count":1,"href":"https:\/\/www.sonnenseite.com\/de\/wp-json\/wp\/v2\/posts\/96397\/revisions"}],"predecessor-version":[{"id":96398,"href":"https:\/\/www.sonnenseite.com\/de\/wp-json\/wp\/v2\/posts\/96397\/revisions\/96398"}],"wp:featuredmedia":[{"embeddable":true,"href":"https:\/\/www.sonnenseite.com\/de\/wp-json\/wp\/v2\/media\/13128"}],"wp:attachment":[{"href":"https:\/\/www.sonnenseite.com\/de\/wp-json\/wp\/v2\/media?parent=96397"}],"wp:term":[{"taxonomy":"category","embeddable":true,"href":"https:\/\/www.sonnenseite.com\/de\/wp-json\/wp\/v2\/categories?post=96397"},{"taxonomy":"post_tag","embeddable":true,"href":"https:\/\/www.sonnenseite.com\/de\/wp-json\/wp\/v2\/tags?post=96397"}],"curies":[{"name":"wp","href":"https:\/\/api.w.org\/{rel}","templated":true}]}}