{"id":96532,"date":"2024-01-06T02:14:00","date_gmt":"2024-01-06T01:14:00","guid":{"rendered":"https:\/\/www.sonnenseite.com\/?p=96532"},"modified":"2024-01-18T08:35:38","modified_gmt":"2024-01-18T07:35:38","slug":"zubau-erneuerbarer-energien-2023","status":"publish","type":"post","link":"https:\/\/www.sonnenseite.com\/de\/energie\/zubau-erneuerbarer-energien-2023\/","title":{"rendered":"Zubau Erneuerbarer Energien 2023"},"content":{"rendered":"\n<p>Die Bundesnetzagentur hat erste Zahlen zum Zubau Erneuerbarer Energien im Jahr 2023 ermittelt. Bundesnetzagentur sch\u00e4tzt Photovoltaik-Zubau f\u00fcr 2023 auf 14,1 Gigawatt.<\/p>\n\n\n\n<p> Die installierte Leistung von Erneuerbare-Energien-Anlagen stieg um 17 Gigawatt auf eine Gesamtleistung von knapp 170 Gigawatt. Im Vergleich zum Vorjahr entspricht dies einer Steigerung von 12 Prozent. Hauptanteil an dieser Entwicklung haben die Energietr\u00e4ger Solar und Wind.<\/p>\n\n\n\n<p><q>&#8222;Vor allem beim Zubau von Photovoltaik-Anlagen haben wir einen gro\u00dfen Schritt nach vorn gemacht. Die Zubau-Leistung hat sich gegen\u00fcber dem Vorjahr fast verdoppelt. Diese Investitionen bringen die Energiewende weiter voran \u2013 Deutschland hat letzes Jahr erstmals mehr als die H\u00e4lfte des Stroms aus erneuerbaren Energien gewonnen,&#8220;<\/q> sagt Klaus M\u00fcller, Pr\u00e4sident der Bundesnetzagentur. <q>&#8222;Beim Wind an Land sind wir noch nicht da, wo wir hin wollen. Optimistisch stimmt mich aber, dass 2023 deutlich mehr Genehmigungen ergangen sind. Das wird sich in steigenden Zubauzahlen auszahlen.&#8220;<\/q><\/p>\n\n\n\n<h4 class=\"wp-block-heading\">Solar<\/h4>\n\n\n\n<p>Der Zubau der Solarleistung hat sich 2023 mit 14,1 Gigawatt im Vergleich zum Vorjahreszubau fast verdoppelt. Dies ist auf zahlreiche private Anlagen zur\u00fcckzuf\u00fchren. Ebenfalls gab es einen verst\u00e4rkten Zubau von Solaranlagen auf gewerblichen D\u00e4chern und auf Freifl\u00e4chen. In Bayern wurde 2023 mit 3,5 Gigawatt die meiste Solarleistung installiert. Am Jahresende 2023 betrug die installierte Gesamtleistung in Deutschland 81,7 Gigawatt. Damit m\u00fcssen k\u00fcnftig j\u00e4hrlich 19 Gigawatt zugebaut werden, um das Ausbauziel von 215 Gigawatt f\u00fcr Solar im Jahr 2030 zu erreichen.<\/p>\n\n\n\n<p>Ein Gro\u00dfteil der privat betriebenen Geb\u00e4udeanlagen umfasst einen Speicher. 2023 war dies bei einem Anteil von ca. 70 Prozent der Solaranlagen der Fall.<\/p>\n\n\n\n<p>Als sogenannte Balkonanlagen (steckerfertige Solaranlagen) registrierte die Bundesnetzagentur 2023 etwa 260.000 Anlagen im Marktstammdatenregister. Dies sind dreimal so viele wie im Vorjahr. Dieser Boom an Balkonanlagen hat am gesamten deutschen Solarzubau einen Anteil von 1,5 Prozent (0,2 Gigawatt). Die Bundesnetzagentur geht davon aus, dass die Zahl dieser Anlagen noch h\u00f6her ist, da vermutlich nicht alle Balkonanlagen registriert sind.<\/p>\n\n\n\n<h4 class=\"wp-block-heading\">Wind an Land<\/h4>\n\n\n\n<p>Die im Jahr 2023 zugebaute Windleistung liegt mit 2,9 Gigawatt \u00fcber dem Vorjahresniveau. In diesem Zubauwert sind von den neu in Betrieb genommenen Anlagen die stillgelegten Anlagen abgezogen. Die installierte Gesamtleistung am Jahresende 2023 betr\u00e4gt damit 60,9 Gigawatt. Bis 2030 soll sich die installierte Leistung auf 115 Gigawatt steigern. Um dieses Ziel zu erreichen, m\u00fcssen j\u00e4hrlich 7,7 Gigawatt in Deutschland zugebaut werden. 2023 gingen die meisten Windenergieanlagen in Schleswig-Holstein (1,1 Gigawatt) neu in Betrieb. In den s\u00fcddeutschen Fl\u00e4chenl\u00e4ndern Bayern und Baden-W\u00fcrttemberg nahmen im vergangenen Jahr zusammen rund 0,08 Gigawatt an Windenergieanlagen neu den Betrieb auf (Bayern: 0,023, Baden-W\u00fcrttemberg: 0,054).<\/p>\n\n\n\n<p>2023 ergingen 80 Prozent mehr Genehmigungen f\u00fcr Windenergieanlagen an Land als im Vorjahr. Diese wurden f\u00fcr rund 8 Gigawatt ausgesprochen und werden voraussichtlich in den kommenden Jahren realisiert.<\/p>\n\n\n\n<h4 class=\"wp-block-heading\">Wind auf See<\/h4>\n\n\n\n<p>2023 ging ein Windpark auf See mit 27 Windenergieanlagen neu in Betrieb. Dabei handelt es sich um den in der Ostsee liegenden Windpark Arcadis Ost I mit einer Leistung von 0,3 Gigawatt. Damit wurde 2023 in etwa genauso viel Windleistung auf See zugebaut wie im Vorjahr. Insgesamt ist eine Leistung von 8,5 Gigawatt in Ost- und Nordsee installiert.<\/p>\n\n\n\n<h4 class=\"wp-block-heading\">Biomasse<\/h4>\n\n\n\n<p>Der Zubau der Biomasseanlagen hat sich im Jahr 2023 mit 0,12 Gigawatt im Vergleich zum Vorjahr auf niedrigem Niveau verdoppelt. Den gr\u00f6\u00dften Anteil daran haben drei neu in Betrieb genommene Heizkraftwerke, die neben Strom auch Nutzw\u00e4rme erzeugen. Damit sind insgesamt ca. 9 Gigawatt Biomasseleistung in Betrieb.<\/p>\n\n\n\n<h4 class=\"wp-block-heading\">Marktstammdatenregister<\/h4>\n\n\n\n<p>Die Daten f\u00fcr das Gesamtjahr 2023 ermittelte die Bundesnetzagentur auf Basis der Registrierungen im Marktstammdatenregister. F\u00fcr den Monat Dezember wurden sie abgesch\u00e4tzt. Eine abschlie\u00dfende Analyse der Zubauzahlen wird mit der monatlichen Ver\u00f6ffentlichung der Bundesnetzagentur unter <a href=\"https:\/\/www.bundesnetzagentur.de\/eegiz.html?nn=659670\" target=\"_blank\" rel=\"noreferrer noopener\">www.bundesnetzagentur.de\/eegiz<\/a> Ende Januar 2024 ver\u00f6ffentlicht.<\/p>\n\n\n<h5 class=\"green\">Quelle<\/h5>\r\n\n\n\n<p><a href=\"https:\/\/www.bundesnetzagentur.de\/\">Bundesnetzagentur 2024<\/a><\/p>\n<div class=\"shariff shariff-align-flex-start shariff-widget-align-flex-start\"><div class=\"ShariffHeadline\">Diese Meldung teilen<\/div><ul class=\"shariff-buttons theme-round orientation-horizontal buttonsize-medium\"><li class=\"shariff-button facebook shariff-nocustomcolor\" style=\"background-color:#4273c8;border-radius:1%\"><a href=\"https:\/\/www.facebook.com\/sharer\/sharer.php?u=https%3A%2F%2Fwww.sonnenseite.com%2Fde%2Fenergie%2Fzubau-erneuerbarer-energien-2023%2F\" title=\"Bei Facebook teilen\" aria-label=\"Bei Facebook teilen\" role=\"button\" rel=\"nofollow\" class=\"shariff-link\" style=\";border-radius:1%; background-color:#3b5998; color:#fff\" target=\"_blank\"><span class=\"shariff-icon\" style=\"\"><svg width=\"32px\" height=\"20px\" xmlns=\"http:\/\/www.w3.org\/2000\/svg\" viewBox=\"0 0 18 32\"><path fill=\"#3b5998\" d=\"M17.1 0.2v4.7h-2.8q-1.5 0-2.1 0.6t-0.5 1.9v3.4h5.2l-0.7 5.3h-4.5v13.6h-5.5v-13.6h-4.5v-5.3h4.5v-3.9q0-3.3 1.9-5.2t5-1.8q2.6 0 4.1 0.2z\"\/><\/svg><\/span><\/a><\/li><li class=\"shariff-button twitter shariff-nocustomcolor\" style=\"background-color:#595959;border-radius:1%\"><a href=\"https:\/\/twitter.com\/share?url=https%3A%2F%2Fwww.sonnenseite.com%2Fde%2Fenergie%2Fzubau-erneuerbarer-energien-2023%2F&text=Zubau%20Erneuerbarer%20Energien%202023\" title=\"Bei X teilen\" aria-label=\"Bei X teilen\" role=\"button\" rel=\"noopener nofollow\" class=\"shariff-link\" style=\";border-radius:1%; background-color:#000; color:#fff\" target=\"_blank\"><span class=\"shariff-icon\" style=\"\"><svg width=\"32px\" height=\"20px\" xmlns=\"http:\/\/www.w3.org\/2000\/svg\" viewBox=\"0 0 24 24\"><path fill=\"#000\" d=\"M14.258 10.152L23.176 0h-2.113l-7.747 8.813L7.133 0H0l9.352 13.328L0 23.973h2.113l8.176-9.309 6.531 9.309h7.133zm-2.895 3.293l-.949-1.328L2.875 1.56h3.246l6.086 8.523.945 1.328 7.91 11.078h-3.246zm0 0\"\/><\/svg><\/span><\/a><\/li><li class=\"shariff-button xing shariff-nocustomcolor\" style=\"background-color:#29888a;border-radius:1%\"><a href=\"https:\/\/www.xing.com\/spi\/shares\/new?url=https%3A%2F%2Fwww.sonnenseite.com%2Fde%2Fenergie%2Fzubau-erneuerbarer-energien-2023%2F\" title=\"Bei XING teilen\" aria-label=\"Bei XING teilen\" role=\"button\" rel=\"noopener nofollow\" class=\"shariff-link\" style=\";border-radius:1%; background-color:#126567; color:#fff\" target=\"_blank\"><span class=\"shariff-icon\" style=\"\"><svg width=\"32px\" height=\"20px\" xmlns=\"http:\/\/www.w3.org\/2000\/svg\" viewBox=\"0 0 25 32\"><path fill=\"#126567\" d=\"M10.7 11.9q-0.2 0.3-4.6 8.2-0.5 0.8-1.2 0.8h-4.3q-0.4 0-0.5-0.3t0-0.6l4.5-8q0 0 0 0l-2.9-5q-0.2-0.4 0-0.7 0.2-0.3 0.5-0.3h4.3q0.7 0 1.2 0.8zM25.1 0.4q0.2 0.3 0 0.7l-9.4 16.7 6 11q0.2 0.4 0 0.6-0.2 0.3-0.6 0.3h-4.3q-0.7 0-1.2-0.8l-6-11.1q0.3-0.6 9.5-16.8 0.4-0.8 1.2-0.8h4.3q0.4 0 0.5 0.3z\"\/><\/svg><\/span><\/a><\/li><li class=\"shariff-button linkedin shariff-nocustomcolor\" style=\"background-color:#1488bf;border-radius:1%\"><a href=\"https:\/\/www.linkedin.com\/sharing\/share-offsite\/?url=https%3A%2F%2Fwww.sonnenseite.com%2Fde%2Fenergie%2Fzubau-erneuerbarer-energien-2023%2F\" title=\"Bei LinkedIn teilen\" aria-label=\"Bei LinkedIn teilen\" role=\"button\" rel=\"noopener nofollow\" class=\"shariff-link\" style=\";border-radius:1%; background-color:#0077b5; color:#fff\" target=\"_blank\"><span class=\"shariff-icon\" style=\"\"><svg width=\"32px\" height=\"20px\" xmlns=\"http:\/\/www.w3.org\/2000\/svg\" viewBox=\"0 0 27 32\"><path fill=\"#0077b5\" d=\"M6.2 11.2v17.7h-5.9v-17.7h5.9zM6.6 5.7q0 1.3-0.9 2.2t-2.4 0.9h0q-1.5 0-2.4-0.9t-0.9-2.2 0.9-2.2 2.4-0.9 2.4 0.9 0.9 2.2zM27.4 18.7v10.1h-5.9v-9.5q0-1.9-0.7-2.9t-2.3-1.1q-1.1 0-1.9 0.6t-1.2 1.5q-0.2 0.5-0.2 1.4v9.9h-5.9q0-7.1 0-11.6t0-5.3l0-0.9h5.9v2.6h0q0.4-0.6 0.7-1t1-0.9 1.6-0.8 2-0.3q3 0 4.9 2t1.9 6z\"\/><\/svg><\/span><\/a><\/li><li class=\"shariff-button printer shariff-nocustomcolor\" style=\"background-color:#a8a8a8;border-radius:1%\"><a href=\"javascript:window.print()\" title=\"drucken\" aria-label=\"drucken\" role=\"button\" rel=\"noopener nofollow\" class=\"shariff-link\" style=\";border-radius:1%; background-color:#999; color:#fff\"><span class=\"shariff-icon\" style=\"\"><svg width=\"32px\" height=\"20px\" xmlns=\"http:\/\/www.w3.org\/2000\/svg\" viewBox=\"0 0 30 32\"><path fill=\"#999\" d=\"M6.8 27.4h16v-4.6h-16v4.6zM6.8 16h16v-6.8h-2.8q-0.7 0-1.2-0.5t-0.5-1.2v-2.8h-11.4v11.4zM27.4 17.2q0-0.5-0.3-0.8t-0.8-0.4-0.8 0.4-0.3 0.8 0.3 0.8 0.8 0.3 0.8-0.3 0.3-0.8zM29.7 17.2v7.4q0 0.2-0.2 0.4t-0.4 0.2h-4v2.8q0 0.7-0.5 1.2t-1.2 0.5h-17.2q-0.7 0-1.2-0.5t-0.5-1.2v-2.8h-4q-0.2 0-0.4-0.2t-0.2-0.4v-7.4q0-1.4 1-2.4t2.4-1h1.2v-9.7q0-0.7 0.5-1.2t1.2-0.5h12q0.7 0 1.6 0.4t1.3 0.8l2.7 2.7q0.5 0.5 0.9 1.4t0.4 1.6v4.6h1.1q1.4 0 2.4 1t1 2.4z\"\/><\/svg><\/span><\/a><\/li><li class=\"shariff-button mailto shariff-nocustomcolor\" style=\"background-color:#a8a8a8;border-radius:1%\"><a href=\"mailto:?body=https%3A%2F%2Fwww.sonnenseite.com%2Fde%2Fenergie%2Fzubau-erneuerbarer-energien-2023%2F&subject=Zubau%20Erneuerbarer%20Energien%202023\" title=\"Per E-Mail versenden\" aria-label=\"Per E-Mail versenden\" role=\"button\" rel=\"noopener nofollow\" class=\"shariff-link\" style=\";border-radius:1%; background-color:#999; color:#fff\"><span class=\"shariff-icon\" style=\"\"><svg width=\"32px\" height=\"20px\" xmlns=\"http:\/\/www.w3.org\/2000\/svg\" viewBox=\"0 0 32 32\"><path fill=\"#999\" d=\"M32 12.7v14.2q0 1.2-0.8 2t-2 0.9h-26.3q-1.2 0-2-0.9t-0.8-2v-14.2q0.8 0.9 1.8 1.6 6.5 4.4 8.9 6.1 1 0.8 1.6 1.2t1.7 0.9 2 0.4h0.1q0.9 0 2-0.4t1.7-0.9 1.6-1.2q3-2.2 8.9-6.1 1-0.7 1.8-1.6zM32 7.4q0 1.4-0.9 2.7t-2.2 2.2q-6.7 4.7-8.4 5.8-0.2 0.1-0.7 0.5t-1 0.7-0.9 0.6-1.1 0.5-0.9 0.2h-0.1q-0.4 0-0.9-0.2t-1.1-0.5-0.9-0.6-1-0.7-0.7-0.5q-1.6-1.1-4.7-3.2t-3.6-2.6q-1.1-0.7-2.1-2t-1-2.5q0-1.4 0.7-2.3t2.1-0.9h26.3q1.2 0 2 0.8t0.9 2z\"\/><\/svg><\/span><\/a><\/li><\/ul><\/div>","protected":false},"excerpt":{"rendered":"<p>Die Bundesnetzagentur hat erste Zahlen zum Zubau Erneuerbarer Energien im Jahr 2023 ermittelt. Bundesnetzagentur sch\u00e4tzt Photovoltaik-Zubau [&hellip;]<\/p>\n","protected":false},"author":3,"featured_media":84366,"comment_status":"closed","ping_status":"closed","sticky":false,"template":"","format":"standard","meta":{"inline_featured_image":false,"footnotes":""},"categories":[22],"tags":[],"class_list":["post-96532","post","type-post","status-publish","format-standard","has-post-thumbnail","hentry","category-energie"],"yoast_head":"<!-- This site is optimized with the Yoast SEO plugin v26.5 - https:\/\/yoast.com\/wordpress\/plugins\/seo\/ -->\n<title>Zubau Erneuerbarer Energien 2023 - Sonnenseite - \u00d6kologische Kommunikation mit Franz Alt<\/title>\n<meta name=\"description\" content=\"Die Bundesnetzagentur hat erste Zahlen zum Zubau Erneuerbarer Energien im Jahr 2023 ermittelt. Bundesnetzagentur sch\u00e4tzt Photovoltaik-Zubau f\u00fcr 2023 auf\" \/>\n<meta name=\"robots\" content=\"index, follow, max-snippet:-1, max-image-preview:large, max-video-preview:-1\" \/>\n<link rel=\"canonical\" href=\"https:\/\/www.sonnenseite.com\/de\/energie\/zubau-erneuerbarer-energien-2023\/\" \/>\n<meta property=\"og:locale\" content=\"de_DE\" \/>\n<meta property=\"og:type\" content=\"article\" \/>\n<meta property=\"og:title\" content=\"Zubau Erneuerbarer Energien 2023 - Sonnenseite - \u00d6kologische Kommunikation mit Franz Alt\" \/>\n<meta property=\"og:description\" content=\"Die Bundesnetzagentur hat erste Zahlen zum Zubau Erneuerbarer Energien im Jahr 2023 ermittelt. Bundesnetzagentur sch\u00e4tzt Photovoltaik-Zubau f\u00fcr 2023 auf\" \/>\n<meta property=\"og:url\" content=\"https:\/\/www.sonnenseite.com\/de\/energie\/zubau-erneuerbarer-energien-2023\/\" \/>\n<meta property=\"og:site_name\" content=\"Sonnenseite\" \/>\n<meta property=\"article:publisher\" content=\"https:\/\/www.facebook.com\/pages\/Franz-Alt-SONNENSEITECOM\/221072987903953?fref=ts\" \/>\n<meta property=\"article:published_time\" content=\"2024-01-06T01:14:00+00:00\" \/>\n<meta property=\"article:modified_time\" content=\"2024-01-18T07:35:38+00:00\" \/>\n<meta property=\"og:image\" content=\"https:\/\/www.sonnenseite.com\/wp-content\/uploads\/2022\/08\/ErneuerbareEnergie_geralt.jpg\" \/>\n\t<meta property=\"og:image:width\" content=\"770\" \/>\n\t<meta property=\"og:image:height\" content=\"420\" \/>\n\t<meta property=\"og:image:type\" content=\"image\/jpeg\" \/>\n<meta name=\"author\" content=\"Bigi Alt\" \/>\n<meta name=\"twitter:card\" content=\"summary_large_image\" \/>\n<meta name=\"twitter:creator\" content=\"@franzalt\" \/>\n<meta name=\"twitter:site\" content=\"@franzalt\" \/>\n<meta name=\"twitter:label1\" content=\"Verfasst von\" \/>\n\t<meta name=\"twitter:data1\" content=\"Bigi Alt\" \/>\n\t<meta name=\"twitter:label2\" content=\"Gesch\u00e4tzte Lesezeit\" \/>\n\t<meta name=\"twitter:data2\" content=\"4\u00a0Minuten\" \/>\n<script type=\"application\/ld+json\" class=\"yoast-schema-graph\">{\"@context\":\"https:\/\/schema.org\",\"@graph\":[{\"@type\":\"Article\",\"@id\":\"https:\/\/www.sonnenseite.com\/de\/energie\/zubau-erneuerbarer-energien-2023\/#article\",\"isPartOf\":{\"@id\":\"https:\/\/www.sonnenseite.com\/de\/energie\/zubau-erneuerbarer-energien-2023\/\"},\"author\":{\"name\":\"Bigi Alt\",\"@id\":\"https:\/\/www.sonnenseite.com\/de\/#\/schema\/person\/50fda0e926597684c7cc6695238a4eb9\"},\"headline\":\"Zubau Erneuerbarer Energien 2023\",\"datePublished\":\"2024-01-06T01:14:00+00:00\",\"dateModified\":\"2024-01-18T07:35:38+00:00\",\"mainEntityOfPage\":{\"@id\":\"https:\/\/www.sonnenseite.com\/de\/energie\/zubau-erneuerbarer-energien-2023\/\"},\"wordCount\":579,\"publisher\":{\"@id\":\"https:\/\/www.sonnenseite.com\/de\/#organization\"},\"image\":{\"@id\":\"https:\/\/www.sonnenseite.com\/de\/energie\/zubau-erneuerbarer-energien-2023\/#primaryimage\"},\"thumbnailUrl\":\"https:\/\/www.sonnenseite.com\/wp-content\/uploads\/2022\/08\/ErneuerbareEnergie_geralt.jpg\",\"articleSection\":[\"Energie\"],\"inLanguage\":\"de\"},{\"@type\":\"WebPage\",\"@id\":\"https:\/\/www.sonnenseite.com\/de\/energie\/zubau-erneuerbarer-energien-2023\/\",\"url\":\"https:\/\/www.sonnenseite.com\/de\/energie\/zubau-erneuerbarer-energien-2023\/\",\"name\":\"Zubau Erneuerbarer Energien 2023 - Sonnenseite - \u00d6kologische Kommunikation mit Franz Alt\",\"isPartOf\":{\"@id\":\"https:\/\/www.sonnenseite.com\/de\/#website\"},\"primaryImageOfPage\":{\"@id\":\"https:\/\/www.sonnenseite.com\/de\/energie\/zubau-erneuerbarer-energien-2023\/#primaryimage\"},\"image\":{\"@id\":\"https:\/\/www.sonnenseite.com\/de\/energie\/zubau-erneuerbarer-energien-2023\/#primaryimage\"},\"thumbnailUrl\":\"https:\/\/www.sonnenseite.com\/wp-content\/uploads\/2022\/08\/ErneuerbareEnergie_geralt.jpg\",\"datePublished\":\"2024-01-06T01:14:00+00:00\",\"dateModified\":\"2024-01-18T07:35:38+00:00\",\"description\":\"Die Bundesnetzagentur hat erste Zahlen zum Zubau Erneuerbarer Energien im Jahr 2023 ermittelt. Bundesnetzagentur sch\u00e4tzt Photovoltaik-Zubau f\u00fcr 2023 auf\",\"breadcrumb\":{\"@id\":\"https:\/\/www.sonnenseite.com\/de\/energie\/zubau-erneuerbarer-energien-2023\/#breadcrumb\"},\"inLanguage\":\"de\",\"potentialAction\":[{\"@type\":\"ReadAction\",\"target\":[\"https:\/\/www.sonnenseite.com\/de\/energie\/zubau-erneuerbarer-energien-2023\/\"]}]},{\"@type\":\"ImageObject\",\"inLanguage\":\"de\",\"@id\":\"https:\/\/www.sonnenseite.com\/de\/energie\/zubau-erneuerbarer-energien-2023\/#primaryimage\",\"url\":\"https:\/\/www.sonnenseite.com\/wp-content\/uploads\/2022\/08\/ErneuerbareEnergie_geralt.jpg\",\"contentUrl\":\"https:\/\/www.sonnenseite.com\/wp-content\/uploads\/2022\/08\/ErneuerbareEnergie_geralt.jpg\",\"width\":770,\"height\":420,\"caption\":\"pixabay.com | geralt\"},{\"@type\":\"BreadcrumbList\",\"@id\":\"https:\/\/www.sonnenseite.com\/de\/energie\/zubau-erneuerbarer-energien-2023\/#breadcrumb\",\"itemListElement\":[{\"@type\":\"ListItem\",\"position\":1,\"name\":\"Startseite\",\"item\":\"https:\/\/www.sonnenseite.com\/de\/\"},{\"@type\":\"ListItem\",\"position\":2,\"name\":\"Zubau Erneuerbarer Energien 2023\"}]},{\"@type\":\"WebSite\",\"@id\":\"https:\/\/www.sonnenseite.com\/de\/#website\",\"url\":\"https:\/\/www.sonnenseite.com\/de\/\",\"name\":\"Sonnenseite\",\"description\":\"\u00d6kologische Kommunikation mit Franz Alt\",\"publisher\":{\"@id\":\"https:\/\/www.sonnenseite.com\/de\/#organization\"},\"potentialAction\":[{\"@type\":\"SearchAction\",\"target\":{\"@type\":\"EntryPoint\",\"urlTemplate\":\"https:\/\/www.sonnenseite.com\/de\/?s={search_term_string}\"},\"query-input\":{\"@type\":\"PropertyValueSpecification\",\"valueRequired\":true,\"valueName\":\"search_term_string\"}}],\"inLanguage\":\"de\"},{\"@type\":\"Organization\",\"@id\":\"https:\/\/www.sonnenseite.com\/de\/#organization\",\"name\":\"Sonnenseite\",\"url\":\"https:\/\/www.sonnenseite.com\/de\/\",\"logo\":{\"@type\":\"ImageObject\",\"inLanguage\":\"de\",\"@id\":\"https:\/\/www.sonnenseite.com\/de\/#\/schema\/logo\/image\/\",\"url\":\"https:\/\/www.sonnenseite.com\/wp-content\/uploads\/2020\/05\/Sonnenseite_Logo.png\",\"contentUrl\":\"https:\/\/www.sonnenseite.com\/wp-content\/uploads\/2020\/05\/Sonnenseite_Logo.png\",\"width\":377,\"height\":90,\"caption\":\"Sonnenseite\"},\"image\":{\"@id\":\"https:\/\/www.sonnenseite.com\/de\/#\/schema\/logo\/image\/\"},\"sameAs\":[\"https:\/\/www.facebook.com\/pages\/Franz-Alt-SONNENSEITECOM\/221072987903953?fref=ts\",\"https:\/\/x.com\/franzalt\",\"http:\/\/www.youtube.com\/results?search_query&amp;amp;quot;franz_alt&amp;amp;quot;&amp;amp;amp;amp;search_type&amp;amp;amp;amp;aq=f\"]},{\"@type\":\"Person\",\"@id\":\"https:\/\/www.sonnenseite.com\/de\/#\/schema\/person\/50fda0e926597684c7cc6695238a4eb9\",\"name\":\"Bigi Alt\"}]}<\/script>\n<!-- \/ Yoast SEO plugin. -->","yoast_head_json":{"title":"Zubau Erneuerbarer Energien 2023 - Sonnenseite - \u00d6kologische Kommunikation mit Franz Alt","description":"Die Bundesnetzagentur hat erste Zahlen zum Zubau Erneuerbarer Energien im Jahr 2023 ermittelt. Bundesnetzagentur sch\u00e4tzt Photovoltaik-Zubau f\u00fcr 2023 auf","robots":{"index":"index","follow":"follow","max-snippet":"max-snippet:-1","max-image-preview":"max-image-preview:large","max-video-preview":"max-video-preview:-1"},"canonical":"https:\/\/www.sonnenseite.com\/de\/energie\/zubau-erneuerbarer-energien-2023\/","og_locale":"de_DE","og_type":"article","og_title":"Zubau Erneuerbarer Energien 2023 - Sonnenseite - \u00d6kologische Kommunikation mit Franz Alt","og_description":"Die Bundesnetzagentur hat erste Zahlen zum Zubau Erneuerbarer Energien im Jahr 2023 ermittelt. Bundesnetzagentur sch\u00e4tzt Photovoltaik-Zubau f\u00fcr 2023 auf","og_url":"https:\/\/www.sonnenseite.com\/de\/energie\/zubau-erneuerbarer-energien-2023\/","og_site_name":"Sonnenseite","article_publisher":"https:\/\/www.facebook.com\/pages\/Franz-Alt-SONNENSEITECOM\/221072987903953?fref=ts","article_published_time":"2024-01-06T01:14:00+00:00","article_modified_time":"2024-01-18T07:35:38+00:00","og_image":[{"width":770,"height":420,"url":"https:\/\/www.sonnenseite.com\/wp-content\/uploads\/2022\/08\/ErneuerbareEnergie_geralt.jpg","type":"image\/jpeg"}],"author":"Bigi Alt","twitter_card":"summary_large_image","twitter_creator":"@franzalt","twitter_site":"@franzalt","twitter_misc":{"Verfasst von":"Bigi Alt","Gesch\u00e4tzte Lesezeit":"4\u00a0Minuten"},"schema":{"@context":"https:\/\/schema.org","@graph":[{"@type":"Article","@id":"https:\/\/www.sonnenseite.com\/de\/energie\/zubau-erneuerbarer-energien-2023\/#article","isPartOf":{"@id":"https:\/\/www.sonnenseite.com\/de\/energie\/zubau-erneuerbarer-energien-2023\/"},"author":{"name":"Bigi Alt","@id":"https:\/\/www.sonnenseite.com\/de\/#\/schema\/person\/50fda0e926597684c7cc6695238a4eb9"},"headline":"Zubau Erneuerbarer Energien 2023","datePublished":"2024-01-06T01:14:00+00:00","dateModified":"2024-01-18T07:35:38+00:00","mainEntityOfPage":{"@id":"https:\/\/www.sonnenseite.com\/de\/energie\/zubau-erneuerbarer-energien-2023\/"},"wordCount":579,"publisher":{"@id":"https:\/\/www.sonnenseite.com\/de\/#organization"},"image":{"@id":"https:\/\/www.sonnenseite.com\/de\/energie\/zubau-erneuerbarer-energien-2023\/#primaryimage"},"thumbnailUrl":"https:\/\/www.sonnenseite.com\/wp-content\/uploads\/2022\/08\/ErneuerbareEnergie_geralt.jpg","articleSection":["Energie"],"inLanguage":"de"},{"@type":"WebPage","@id":"https:\/\/www.sonnenseite.com\/de\/energie\/zubau-erneuerbarer-energien-2023\/","url":"https:\/\/www.sonnenseite.com\/de\/energie\/zubau-erneuerbarer-energien-2023\/","name":"Zubau Erneuerbarer Energien 2023 - Sonnenseite - \u00d6kologische Kommunikation mit Franz Alt","isPartOf":{"@id":"https:\/\/www.sonnenseite.com\/de\/#website"},"primaryImageOfPage":{"@id":"https:\/\/www.sonnenseite.com\/de\/energie\/zubau-erneuerbarer-energien-2023\/#primaryimage"},"image":{"@id":"https:\/\/www.sonnenseite.com\/de\/energie\/zubau-erneuerbarer-energien-2023\/#primaryimage"},"thumbnailUrl":"https:\/\/www.sonnenseite.com\/wp-content\/uploads\/2022\/08\/ErneuerbareEnergie_geralt.jpg","datePublished":"2024-01-06T01:14:00+00:00","dateModified":"2024-01-18T07:35:38+00:00","description":"Die Bundesnetzagentur hat erste Zahlen zum Zubau Erneuerbarer Energien im Jahr 2023 ermittelt. Bundesnetzagentur sch\u00e4tzt Photovoltaik-Zubau f\u00fcr 2023 auf","breadcrumb":{"@id":"https:\/\/www.sonnenseite.com\/de\/energie\/zubau-erneuerbarer-energien-2023\/#breadcrumb"},"inLanguage":"de","potentialAction":[{"@type":"ReadAction","target":["https:\/\/www.sonnenseite.com\/de\/energie\/zubau-erneuerbarer-energien-2023\/"]}]},{"@type":"ImageObject","inLanguage":"de","@id":"https:\/\/www.sonnenseite.com\/de\/energie\/zubau-erneuerbarer-energien-2023\/#primaryimage","url":"https:\/\/www.sonnenseite.com\/wp-content\/uploads\/2022\/08\/ErneuerbareEnergie_geralt.jpg","contentUrl":"https:\/\/www.sonnenseite.com\/wp-content\/uploads\/2022\/08\/ErneuerbareEnergie_geralt.jpg","width":770,"height":420,"caption":"pixabay.com | geralt"},{"@type":"BreadcrumbList","@id":"https:\/\/www.sonnenseite.com\/de\/energie\/zubau-erneuerbarer-energien-2023\/#breadcrumb","itemListElement":[{"@type":"ListItem","position":1,"name":"Startseite","item":"https:\/\/www.sonnenseite.com\/de\/"},{"@type":"ListItem","position":2,"name":"Zubau Erneuerbarer Energien 2023"}]},{"@type":"WebSite","@id":"https:\/\/www.sonnenseite.com\/de\/#website","url":"https:\/\/www.sonnenseite.com\/de\/","name":"Sonnenseite","description":"\u00d6kologische Kommunikation mit Franz Alt","publisher":{"@id":"https:\/\/www.sonnenseite.com\/de\/#organization"},"potentialAction":[{"@type":"SearchAction","target":{"@type":"EntryPoint","urlTemplate":"https:\/\/www.sonnenseite.com\/de\/?s={search_term_string}"},"query-input":{"@type":"PropertyValueSpecification","valueRequired":true,"valueName":"search_term_string"}}],"inLanguage":"de"},{"@type":"Organization","@id":"https:\/\/www.sonnenseite.com\/de\/#organization","name":"Sonnenseite","url":"https:\/\/www.sonnenseite.com\/de\/","logo":{"@type":"ImageObject","inLanguage":"de","@id":"https:\/\/www.sonnenseite.com\/de\/#\/schema\/logo\/image\/","url":"https:\/\/www.sonnenseite.com\/wp-content\/uploads\/2020\/05\/Sonnenseite_Logo.png","contentUrl":"https:\/\/www.sonnenseite.com\/wp-content\/uploads\/2020\/05\/Sonnenseite_Logo.png","width":377,"height":90,"caption":"Sonnenseite"},"image":{"@id":"https:\/\/www.sonnenseite.com\/de\/#\/schema\/logo\/image\/"},"sameAs":["https:\/\/www.facebook.com\/pages\/Franz-Alt-SONNENSEITECOM\/221072987903953?fref=ts","https:\/\/x.com\/franzalt","http:\/\/www.youtube.com\/results?search_query&amp;amp;quot;franz_alt&amp;amp;quot;&amp;amp;amp;amp;search_type&amp;amp;amp;amp;aq=f"]},{"@type":"Person","@id":"https:\/\/www.sonnenseite.com\/de\/#\/schema\/person\/50fda0e926597684c7cc6695238a4eb9","name":"Bigi Alt"}]}},"_links":{"self":[{"href":"https:\/\/www.sonnenseite.com\/de\/wp-json\/wp\/v2\/posts\/96532","targetHints":{"allow":["GET"]}}],"collection":[{"href":"https:\/\/www.sonnenseite.com\/de\/wp-json\/wp\/v2\/posts"}],"about":[{"href":"https:\/\/www.sonnenseite.com\/de\/wp-json\/wp\/v2\/types\/post"}],"author":[{"embeddable":true,"href":"https:\/\/www.sonnenseite.com\/de\/wp-json\/wp\/v2\/users\/3"}],"replies":[{"embeddable":true,"href":"https:\/\/www.sonnenseite.com\/de\/wp-json\/wp\/v2\/comments?post=96532"}],"version-history":[{"count":1,"href":"https:\/\/www.sonnenseite.com\/de\/wp-json\/wp\/v2\/posts\/96532\/revisions"}],"predecessor-version":[{"id":96533,"href":"https:\/\/www.sonnenseite.com\/de\/wp-json\/wp\/v2\/posts\/96532\/revisions\/96533"}],"wp:featuredmedia":[{"embeddable":true,"href":"https:\/\/www.sonnenseite.com\/de\/wp-json\/wp\/v2\/media\/84366"}],"wp:attachment":[{"href":"https:\/\/www.sonnenseite.com\/de\/wp-json\/wp\/v2\/media?parent=96532"}],"wp:term":[{"taxonomy":"category","embeddable":true,"href":"https:\/\/www.sonnenseite.com\/de\/wp-json\/wp\/v2\/categories?post=96532"},{"taxonomy":"post_tag","embeddable":true,"href":"https:\/\/www.sonnenseite.com\/de\/wp-json\/wp\/v2\/tags?post=96532"}],"curies":[{"name":"wp","href":"https:\/\/api.w.org\/{rel}","templated":true}]}}