{"id":96578,"date":"2024-01-09T02:38:00","date_gmt":"2024-01-09T01:38:00","guid":{"rendered":"https:\/\/www.sonnenseite.com\/?p=96578"},"modified":"2024-01-08T16:39:20","modified_gmt":"2024-01-08T15:39:20","slug":"flut-versicherungen-das-ende-der-hochwasser-demenz","status":"publish","type":"post","link":"https:\/\/www.sonnenseite.com\/de\/politik\/flut-versicherungen-das-ende-der-hochwasser-demenz\/","title":{"rendered":"Flut-Versicherungen: Das Ende der Hochwasser-Demenz"},"content":{"rendered":"\n<p>Die aktuellen \u00dcberflutungen zeigen wieder einmal, wie n\u00f6tig Vorbeugung und Vorsorge sind. Dazu geh\u00f6rt auch eine Pflichtversicherung f\u00fcr Elementarsch\u00e4den. Beim Bund ist das noch nicht angekommen.<\/p>\n\n\n\n<p>Hochwasser-Ereignisse werden h\u00e4ufiger und vor allem auch heftiger. Das sagt die Klimaforschung seit Langem voraus. Die Niederschl\u00e4ge in Deutschland bleiben nach den Prognosen zwar in der Summe gleich, doch sie fallen weniger gleichm\u00e4\u00dfig&nbsp;\u2013 die Sommer werden trockener, die Winter nasser. Die aktuelle Hochwasser-Krise ist ein Beispiel daf\u00fcr.<\/p>\n\n\n\n<p>Zudem gilt generell, dass eine w\u00e4rmere Atmosph\u00e4re mehr Feuchtigkeit aufnehmen kann, und die muss sie nat\u00fcrlich auch wieder abgeben. Sich besser auf \u00dcberflutungen einzustellen, ist also schon lange angezeigt.<\/p>\n\n\n\n<p>Doch es geschieht bisher viel zu wenig. Die Lehre <a href=\"https:\/\/www.klimareporter.de\/deutschland\/lehren-aus-der-flut\" target=\"_blank\" rel=\"noreferrer noopener\">aus dem Hochwasser<\/a> dieses Winters lautet also: Mehr Vorbeugung und besserer Schutz sind notwendig.<\/p>\n\n\n\n<p>Die Klimaforschung und der Katastrophenschutz fordern schon lange, dass sich flutgef\u00e4hrdete Regionen besser an Hochwasser-Ereignisse anpassen. Wo Kommunen direkt an entsprechende Fl\u00fcsse und B\u00e4che heranreichen, brauche es mehr und h\u00f6here Deiche und die Anlage von R\u00fcckhaltebecken, vor allem auch an den Oberl\u00e4ufen.<\/p>\n\n\n\n<p>Zudem m\u00fcsse die Hochwasser-Vorsorge bei jeglicher Planung ber\u00fccksichtigt werden. Das Stichwort hei\u00dft hier <a href=\"https:\/\/www.klimareporter.de\/gesellschaft\/der-gunstraum-im-klimawandel\" target=\"_blank\" rel=\"noreferrer noopener\">&#8222;Schwammstadt&#8220;<\/a>. Die Kommunen sollen versiegelte Fl\u00e4chen, wo immer es geht, zur\u00fcckbauen und mehr Gr\u00fcnfl\u00e4chen anlegen, die Wasser besser aufnehmen und speichern und so die Abflussmengen verringern, die am Ende in den Vorflutern landen.<\/p>\n\n\n\n<h4 class=\"wp-block-heading\">Kommunen fordern Fluthilfe-Fonds<\/h4>\n\n\n\n<p>Die aktuelle Hochwasserkrise macht das zum Allgemeingut. So hat der St\u00e4dte- und Gemeindebund von Niedersachsen, dem Bundesland, das am st\u00e4rksten von den \u00dcberschwemmungen ist, einen entsprechenden <a href=\"https:\/\/www.nsgb.de\/forderungen-der-staedte-und-gemeinden-zum-hochwasser-schnell-handeln-aber-mit-weitsicht\/\" target=\"_blank\" rel=\"noreferrer noopener\">Forderungskatalog aufgestellt<\/a>: Ert\u00fcchtigung und Neubau von Deichen und R\u00fcckhalted\u00e4mmen im Binnenland, Anschaffung mobiler Hochwasserschutzsysteme, mehr R\u00fcckhaltefl\u00e4chen.<\/p>\n\n\n\n<p>Zudem spricht sich der Verband f\u00fcr die Einrichtung eines Fluthilfe-Fonds aus, um Gelder zur Beseitigung der Sch\u00e4den in den Kommunen zu haben. Und er betont: Da dies nicht aus normalen Haushaltsmitteln zu leisten sei, m\u00fcsse auch \u00fcber die Schuldenbremse gesprochen werden.<\/p>\n\n\n\n<p>Ein Aussetzen der Schuldenbremse wegen des Hochwassers haben auch Teile der SPD-Bundestagsfraktion bereits gefordert. Bundesfinanzminister Christian Lindner (FDP) erteilte dem jedoch eine Absage. &#8222;Unsere Gesellschaft wird solidarisch sein&#8220;, sagte er jetzt in <a href=\"https:\/\/www.bundesfinanzministerium.de\/Content\/DE\/Interviews\/2024\/2024-01-05-stuttgarter-zeitung.html\" target=\"_blank\" rel=\"noreferrer noopener\">einem Interview<\/a>. &#8222;Wer aber ohne den Umfang des Schadens zu kennen, sofort nach neuen Schulden ruft, verkennt den Ernst der Lage.&#8220;<\/p>\n\n\n\n<p>Bundeskanzler Olaf Scholz (SPD) zeigte sich in der Frage bei seinem j\u00fcngsten Besuch im Flutgebiet bei dem Thema zur\u00fcckhaltend. Man werde am Ende &#8222;gucken m\u00fcssen, wie gro\u00df die Sch\u00e4den sind und was das bedeutet, und daraus dann unsere Schl\u00fcsse ziehen&#8220;, <a href=\"https:\/\/www.tagesschau.de\/inland\/scholz-besuch-hochwasser-100.html\" target=\"_blank\" rel=\"noreferrer noopener\">sagte Scholz<\/a>.<\/p>\n\n\n\n<h4 class=\"wp-block-heading\">Landespolitiker f\u00fcr Elementarschadenversicherung&nbsp;<\/h4>\n\n\n\n<p>Tats\u00e4chlich wird sich ganze Ausma\u00df der Sch\u00e4den erst zeigen, wenn die Pegelst\u00e4nde der angeschwollenen Fl\u00fcsse und B\u00e4che wieder auf ein normales Ma\u00df gesunken sind. Zwar d\u00fcrften die Kosten deutlich unter denen der bisher teuersten Hochwasserkatastrophe liegen, die Mitte 2021 Westdeutschland, unter anderem <a href=\"https:\/\/www.klimareporter.de\/deutschland\/lernen-aus-der-flut-lieber-noch-nicht\" target=\"_blank\" rel=\"noreferrer noopener\">an&nbsp;Ahr und Erft<\/a>, und mehrere Nachbarl\u00e4nder traf. Die Sch\u00e4den beliefen sich damals auf rund 46 Milliarden Euro; es war die teuerste Naturkatastrophe in Europa seit Jahrzehnten.<\/p>\n\n\n\n<p>Trotzdem macht auch die aktuelle Flut wieder deutlich, dass Hauseigent\u00fcmer hierzulande im Schnitt viel zu wenig gegen Hochwasser und Starkregen abgesichert sind. Politiker wie Sachsen-Anhalts Ministerpr\u00e4sident Reiner Haseloff (CDU) <a href=\"https:\/\/www.deutschlandfunk.de\/auch-sachsen-anhalts-ministerpraesident-haseloff-fordert-verpflichtende-elementarschaden-versicherun-100.html\" target=\"_blank\" rel=\"noreferrer noopener\">fordern<\/a> daher eine verpflichtende Elementarschadenversicherung, wie es sie etwa in Frankreich oder der Schweiz gibt.<\/p>\n\n\n\n<p>Haseloff sagte, durch die Klimaver\u00e4nderung w\u00fcrden solche Schadensereignisse sicherlich nicht weniger werden. &#8222;Deswegen bleibt die Pflichtversicherung bei Elementarsch\u00e4den es ein sehr dringendes Thema.&#8220; Auch sein nieders\u00e4chsischer Kollege Stephan Weil (SPD) <a href=\"https:\/\/www.ndr.de\/nachrichten\/niedersachsen\/Ministerpraesident-Weil-fordert-Elementarschadensversicherungspflicht,extremwetter224.html\" target=\"_blank\" rel=\"noreferrer noopener\">sagte<\/a>, man m\u00fcsse dies pr\u00fcfen.<\/p>\n\n\n\n<p>Keine neue Erkenntnis \u00fcbrigens. Die Regierungschefs der Bundesl\u00e4nder hatten eine solche Pflichtversicherung vor allem nach der Ahrtal-Flut in der Vergangenheit auf den turnusm\u00e4\u00dfigen Ministerpr\u00e4sidentenkonferenzen wiederholt gefordert, bislang ohne Erfolg beim Bund, der das einheitlich regeln m\u00fcsste. Bundesjustizminister Marco Buschmann (FDP) hat sich <a href=\"https:\/\/www.lto.de\/recht\/hintergruende\/h\/hochwasser-pflicht-elementarschaden-versicherung-wohngebaeude-hausrat-starkregen-bmj-gdv\/\" target=\"_blank\" rel=\"noreferrer noopener\">bisher reserviert<\/a> gegen\u00fcber einer Versicherungspflicht gezeigt.<\/p>\n\n\n\n<h4 class=\"wp-block-heading\">&#8222;Versicherungsdichte&#8220; im Norden geringer als im S\u00fcden und Osten&nbsp;<\/h4>\n\n\n\n<p>Tats\u00e4chlich spricht die Erfahrung <a href=\"https:\/\/www.klimareporter.de\/finanzen-wirtschaft\/zur-klimaanpassung-gehoert-bessere-eigenvorsorge\" target=\"_blank\" rel=\"noreferrer noopener\">f\u00fcr eine solche Pflicht<\/a>. Trotz h\u00e4ufiger, zum Teil dramatischer Flutereignisse in den vergangenen Jahrzehnten hat bundesweit laut dem Versichererverband DBV nur <a href=\"https:\/\/www.gdv.de\/gdv\/medien\/medieninformationen\/naturgefahrenbilanz-2023-4-9-milliarden-euro-schaeden-durch-wetterextreme--162854\" target=\"_blank\" rel=\"noreferrer noopener\">rund die H\u00e4lfte<\/a> der Hauseigent\u00fcmer eine Elementarschadenversicherung abgeschlossen, die auch die Folgen etwa von Hochwasser, Schneedruck oder Erdbeben abdeckt, genau 54 Prozent. Im jetzt besonders betroffenen Niedersachsen sind es sogar nur 32 Prozent.<\/p>\n\n\n\n<p>Generell liegt die &#8222;Versicherungsdichte&#8220; in Norddeutschland niedriger als im S\u00fcden und im Osten. Fachleute vermuten, das liege vermutlich daran, dass die Sch\u00e4den im Norden bisher im Schnitt geringer waren als im Rest der Republik. &#8222;Viele Immobilienbesitzer sind sich der Naturgefahren nicht bewusst, die ihre H\u00e4user bedrohen&#8220;, <a href=\"https:\/\/www.gdv.de\/gdv\/medien\/medieninformationen\/naturgefahrenbilanz-2023-4-9-milliarden-euro-schaeden-durch-wetterextreme--162854\" target=\"_blank\" rel=\"noreferrer noopener\">sagte<\/a> GDV-Hauptgesch\u00e4ftsf\u00fchrer J\u00f6rg Asmussen.<\/p>\n\n\n\n<p>Mitspielen d\u00fcrfte hier allerdings auch, dass die Elementarversicherungen im derzeitigen System ziemlich teuer sind\u00a0\u2013 und Versicherer in Hochrisikogebieten teils gar keine Versicherungen mehr anbieten. Eine Pflichtversicherung k\u00f6nnte niedrigere Pr\u00e4mien bedeuten, da das Risiko auf mehr Schultern verteilt wird. Auch ist denkbar, dass der Staat wie in Frankreich als R\u00fcckversicherer auftritt und den Versicherungen so einen Teil des Risikos abnimmt.<\/p>\n\n\n\n<p>Das Thema noch l\u00e4nger zu verdr\u00e4ngen, ist jedenfalls gef\u00e4hrlich. Die &#8222;Hochwasser-Demenz&#8220;, von der Fachleute ironisch sprechen, sollte \u00fcberwunden werden. Gemeint ist damit: Kurz nach Ereignissen wie im Ahrtal oder jetzt in Niedersachsen ist das Bewusstsein bei Hauseigent\u00fcmern hoch, dass sie sich besser absichern m\u00fcssten. Doch diese Erkenntnis geht schnell wieder vergessen, wenn das Thema aus den Schlagzeilen verschwunden ist.<\/p>\n\n\n<h5 class=\"green\">Quelle<\/h5>\r\n\n\n\n<p>Der Bericht wurde von der\u00a0<a href=\"https:\/\/www.klimareporter.de\/deutschland\/das-ende-der-hochwasser-demenz\">Redaktion \u201eklimareporter.de\u201c (Joachim Wille) 2024<\/a>\u00a0verfasst &#8211; der Artikel darf nicht ohne Genehmigung\u00a0(<a href=\"mailto:post@klimareporter.de\">post@klimareporter.de<\/a>) weiterverbreitet werden!\u00a0<\/p>\n<div class=\"shariff shariff-align-flex-start shariff-widget-align-flex-start\"><div class=\"ShariffHeadline\">Diese Meldung teilen<\/div><ul class=\"shariff-buttons theme-round orientation-horizontal buttonsize-medium\"><li class=\"shariff-button facebook shariff-nocustomcolor\" style=\"background-color:#4273c8;border-radius:1%\"><a href=\"https:\/\/www.facebook.com\/sharer\/sharer.php?u=https%3A%2F%2Fwww.sonnenseite.com%2Fde%2Fpolitik%2Fflut-versicherungen-das-ende-der-hochwasser-demenz%2F\" title=\"Bei Facebook teilen\" aria-label=\"Bei Facebook teilen\" role=\"button\" rel=\"nofollow\" class=\"shariff-link\" style=\";border-radius:1%; background-color:#3b5998; color:#fff\" target=\"_blank\"><span class=\"shariff-icon\" style=\"\"><svg width=\"32px\" height=\"20px\" xmlns=\"http:\/\/www.w3.org\/2000\/svg\" viewBox=\"0 0 18 32\"><path fill=\"#3b5998\" d=\"M17.1 0.2v4.7h-2.8q-1.5 0-2.1 0.6t-0.5 1.9v3.4h5.2l-0.7 5.3h-4.5v13.6h-5.5v-13.6h-4.5v-5.3h4.5v-3.9q0-3.3 1.9-5.2t5-1.8q2.6 0 4.1 0.2z\"\/><\/svg><\/span><\/a><\/li><li class=\"shariff-button twitter shariff-nocustomcolor\" style=\"background-color:#595959;border-radius:1%\"><a href=\"https:\/\/twitter.com\/share?url=https%3A%2F%2Fwww.sonnenseite.com%2Fde%2Fpolitik%2Fflut-versicherungen-das-ende-der-hochwasser-demenz%2F&text=Flut-Versicherungen%3A%20Das%20Ende%20der%20Hochwasser-Demenz\" title=\"Bei X teilen\" aria-label=\"Bei X teilen\" role=\"button\" rel=\"noopener nofollow\" class=\"shariff-link\" style=\";border-radius:1%; background-color:#000; color:#fff\" target=\"_blank\"><span class=\"shariff-icon\" style=\"\"><svg width=\"32px\" height=\"20px\" xmlns=\"http:\/\/www.w3.org\/2000\/svg\" viewBox=\"0 0 24 24\"><path fill=\"#000\" d=\"M14.258 10.152L23.176 0h-2.113l-7.747 8.813L7.133 0H0l9.352 13.328L0 23.973h2.113l8.176-9.309 6.531 9.309h7.133zm-2.895 3.293l-.949-1.328L2.875 1.56h3.246l6.086 8.523.945 1.328 7.91 11.078h-3.246zm0 0\"\/><\/svg><\/span><\/a><\/li><li class=\"shariff-button xing shariff-nocustomcolor\" style=\"background-color:#29888a;border-radius:1%\"><a href=\"https:\/\/www.xing.com\/spi\/shares\/new?url=https%3A%2F%2Fwww.sonnenseite.com%2Fde%2Fpolitik%2Fflut-versicherungen-das-ende-der-hochwasser-demenz%2F\" title=\"Bei XING teilen\" aria-label=\"Bei XING teilen\" role=\"button\" rel=\"noopener nofollow\" class=\"shariff-link\" style=\";border-radius:1%; background-color:#126567; color:#fff\" target=\"_blank\"><span class=\"shariff-icon\" style=\"\"><svg width=\"32px\" height=\"20px\" xmlns=\"http:\/\/www.w3.org\/2000\/svg\" viewBox=\"0 0 25 32\"><path fill=\"#126567\" d=\"M10.7 11.9q-0.2 0.3-4.6 8.2-0.5 0.8-1.2 0.8h-4.3q-0.4 0-0.5-0.3t0-0.6l4.5-8q0 0 0 0l-2.9-5q-0.2-0.4 0-0.7 0.2-0.3 0.5-0.3h4.3q0.7 0 1.2 0.8zM25.1 0.4q0.2 0.3 0 0.7l-9.4 16.7 6 11q0.2 0.4 0 0.6-0.2 0.3-0.6 0.3h-4.3q-0.7 0-1.2-0.8l-6-11.1q0.3-0.6 9.5-16.8 0.4-0.8 1.2-0.8h4.3q0.4 0 0.5 0.3z\"\/><\/svg><\/span><\/a><\/li><li class=\"shariff-button linkedin shariff-nocustomcolor\" style=\"background-color:#1488bf;border-radius:1%\"><a href=\"https:\/\/www.linkedin.com\/sharing\/share-offsite\/?url=https%3A%2F%2Fwww.sonnenseite.com%2Fde%2Fpolitik%2Fflut-versicherungen-das-ende-der-hochwasser-demenz%2F\" title=\"Bei LinkedIn teilen\" aria-label=\"Bei LinkedIn teilen\" role=\"button\" rel=\"noopener nofollow\" class=\"shariff-link\" style=\";border-radius:1%; background-color:#0077b5; color:#fff\" target=\"_blank\"><span class=\"shariff-icon\" style=\"\"><svg width=\"32px\" height=\"20px\" xmlns=\"http:\/\/www.w3.org\/2000\/svg\" viewBox=\"0 0 27 32\"><path fill=\"#0077b5\" d=\"M6.2 11.2v17.7h-5.9v-17.7h5.9zM6.6 5.7q0 1.3-0.9 2.2t-2.4 0.9h0q-1.5 0-2.4-0.9t-0.9-2.2 0.9-2.2 2.4-0.9 2.4 0.9 0.9 2.2zM27.4 18.7v10.1h-5.9v-9.5q0-1.9-0.7-2.9t-2.3-1.1q-1.1 0-1.9 0.6t-1.2 1.5q-0.2 0.5-0.2 1.4v9.9h-5.9q0-7.1 0-11.6t0-5.3l0-0.9h5.9v2.6h0q0.4-0.6 0.7-1t1-0.9 1.6-0.8 2-0.3q3 0 4.9 2t1.9 6z\"\/><\/svg><\/span><\/a><\/li><li class=\"shariff-button printer shariff-nocustomcolor\" style=\"background-color:#a8a8a8;border-radius:1%\"><a href=\"javascript:window.print()\" title=\"drucken\" aria-label=\"drucken\" role=\"button\" rel=\"noopener nofollow\" class=\"shariff-link\" style=\";border-radius:1%; background-color:#999; color:#fff\"><span class=\"shariff-icon\" style=\"\"><svg width=\"32px\" height=\"20px\" xmlns=\"http:\/\/www.w3.org\/2000\/svg\" viewBox=\"0 0 30 32\"><path fill=\"#999\" d=\"M6.8 27.4h16v-4.6h-16v4.6zM6.8 16h16v-6.8h-2.8q-0.7 0-1.2-0.5t-0.5-1.2v-2.8h-11.4v11.4zM27.4 17.2q0-0.5-0.3-0.8t-0.8-0.4-0.8 0.4-0.3 0.8 0.3 0.8 0.8 0.3 0.8-0.3 0.3-0.8zM29.7 17.2v7.4q0 0.2-0.2 0.4t-0.4 0.2h-4v2.8q0 0.7-0.5 1.2t-1.2 0.5h-17.2q-0.7 0-1.2-0.5t-0.5-1.2v-2.8h-4q-0.2 0-0.4-0.2t-0.2-0.4v-7.4q0-1.4 1-2.4t2.4-1h1.2v-9.7q0-0.7 0.5-1.2t1.2-0.5h12q0.7 0 1.6 0.4t1.3 0.8l2.7 2.7q0.5 0.5 0.9 1.4t0.4 1.6v4.6h1.1q1.4 0 2.4 1t1 2.4z\"\/><\/svg><\/span><\/a><\/li><li class=\"shariff-button mailto shariff-nocustomcolor\" style=\"background-color:#a8a8a8;border-radius:1%\"><a href=\"mailto:?body=https%3A%2F%2Fwww.sonnenseite.com%2Fde%2Fpolitik%2Fflut-versicherungen-das-ende-der-hochwasser-demenz%2F&subject=Flut-Versicherungen%3A%20Das%20Ende%20der%20Hochwasser-Demenz\" title=\"Per E-Mail versenden\" aria-label=\"Per E-Mail versenden\" role=\"button\" rel=\"noopener nofollow\" class=\"shariff-link\" style=\";border-radius:1%; background-color:#999; color:#fff\"><span class=\"shariff-icon\" style=\"\"><svg width=\"32px\" height=\"20px\" xmlns=\"http:\/\/www.w3.org\/2000\/svg\" viewBox=\"0 0 32 32\"><path fill=\"#999\" d=\"M32 12.7v14.2q0 1.2-0.8 2t-2 0.9h-26.3q-1.2 0-2-0.9t-0.8-2v-14.2q0.8 0.9 1.8 1.6 6.5 4.4 8.9 6.1 1 0.8 1.6 1.2t1.7 0.9 2 0.4h0.1q0.9 0 2-0.4t1.7-0.9 1.6-1.2q3-2.2 8.9-6.1 1-0.7 1.8-1.6zM32 7.4q0 1.4-0.9 2.7t-2.2 2.2q-6.7 4.7-8.4 5.8-0.2 0.1-0.7 0.5t-1 0.7-0.9 0.6-1.1 0.5-0.9 0.2h-0.1q-0.4 0-0.9-0.2t-1.1-0.5-0.9-0.6-1-0.7-0.7-0.5q-1.6-1.1-4.7-3.2t-3.6-2.6q-1.1-0.7-2.1-2t-1-2.5q0-1.4 0.7-2.3t2.1-0.9h26.3q1.2 0 2 0.8t0.9 2z\"\/><\/svg><\/span><\/a><\/li><\/ul><\/div>","protected":false},"excerpt":{"rendered":"<p>Die aktuellen \u00dcberflutungen zeigen wieder einmal, wie n\u00f6tig Vorbeugung und Vorsorge sind. Dazu geh\u00f6rt auch eine [&hellip;]<\/p>\n","protected":false},"author":3,"featured_media":72927,"comment_status":"closed","ping_status":"closed","sticky":false,"template":"","format":"standard","meta":{"inline_featured_image":false,"footnotes":""},"categories":[21],"tags":[],"class_list":["post-96578","post","type-post","status-publish","format-standard","has-post-thumbnail","hentry","category-politik"],"yoast_head":"<!-- This site is optimized with the Yoast SEO plugin v26.5 - https:\/\/yoast.com\/wordpress\/plugins\/seo\/ -->\n<title>Flut-Versicherungen: Das Ende der Hochwasser-Demenz - Sonnenseite - \u00d6kologische Kommunikation mit Franz Alt<\/title>\n<meta name=\"description\" content=\"Die aktuellen \u00dcberflutungen zeigen wieder einmal, wie n\u00f6tig Vorbeugung und Vorsorge sind. Dazu geh\u00f6rt auch eine Pflichtversicherung f\u00fcr Elementarsch\u00e4den.\" \/>\n<meta name=\"robots\" content=\"index, follow, max-snippet:-1, max-image-preview:large, max-video-preview:-1\" \/>\n<link rel=\"canonical\" href=\"https:\/\/www.sonnenseite.com\/de\/politik\/flut-versicherungen-das-ende-der-hochwasser-demenz\/\" \/>\n<meta property=\"og:locale\" content=\"de_DE\" \/>\n<meta property=\"og:type\" content=\"article\" \/>\n<meta property=\"og:title\" content=\"Flut-Versicherungen: Das Ende der Hochwasser-Demenz - Sonnenseite - \u00d6kologische Kommunikation mit Franz Alt\" \/>\n<meta property=\"og:description\" content=\"Die aktuellen \u00dcberflutungen zeigen wieder einmal, wie n\u00f6tig Vorbeugung und Vorsorge sind. Dazu geh\u00f6rt auch eine Pflichtversicherung f\u00fcr Elementarsch\u00e4den.\" \/>\n<meta property=\"og:url\" content=\"https:\/\/www.sonnenseite.com\/de\/politik\/flut-versicherungen-das-ende-der-hochwasser-demenz\/\" \/>\n<meta property=\"og:site_name\" content=\"Sonnenseite\" \/>\n<meta property=\"article:publisher\" content=\"https:\/\/www.facebook.com\/pages\/Franz-Alt-SONNENSEITECOM\/221072987903953?fref=ts\" \/>\n<meta property=\"article:published_time\" content=\"2024-01-09T01:38:00+00:00\" \/>\n<meta property=\"og:image\" content=\"https:\/\/www.sonnenseite.com\/wp-content\/uploads\/2021\/07\/Hochwasser_MarkusDistelrath.jpg\" \/>\n\t<meta property=\"og:image:width\" content=\"770\" \/>\n\t<meta property=\"og:image:height\" content=\"420\" \/>\n\t<meta property=\"og:image:type\" content=\"image\/jpeg\" \/>\n<meta name=\"author\" content=\"Bigi Alt\" \/>\n<meta name=\"twitter:card\" content=\"summary_large_image\" \/>\n<meta name=\"twitter:creator\" content=\"@franzalt\" \/>\n<meta name=\"twitter:site\" content=\"@franzalt\" \/>\n<meta name=\"twitter:label1\" content=\"Verfasst von\" \/>\n\t<meta name=\"twitter:data1\" content=\"Bigi Alt\" \/>\n\t<meta name=\"twitter:label2\" content=\"Gesch\u00e4tzte Lesezeit\" \/>\n\t<meta name=\"twitter:data2\" content=\"5\u00a0Minuten\" \/>\n<script type=\"application\/ld+json\" class=\"yoast-schema-graph\">{\"@context\":\"https:\/\/schema.org\",\"@graph\":[{\"@type\":\"Article\",\"@id\":\"https:\/\/www.sonnenseite.com\/de\/politik\/flut-versicherungen-das-ende-der-hochwasser-demenz\/#article\",\"isPartOf\":{\"@id\":\"https:\/\/www.sonnenseite.com\/de\/politik\/flut-versicherungen-das-ende-der-hochwasser-demenz\/\"},\"author\":{\"name\":\"Bigi Alt\",\"@id\":\"https:\/\/www.sonnenseite.com\/de\/#\/schema\/person\/50fda0e926597684c7cc6695238a4eb9\"},\"headline\":\"Flut-Versicherungen: Das Ende der Hochwasser-Demenz\",\"datePublished\":\"2024-01-09T01:38:00+00:00\",\"mainEntityOfPage\":{\"@id\":\"https:\/\/www.sonnenseite.com\/de\/politik\/flut-versicherungen-das-ende-der-hochwasser-demenz\/\"},\"wordCount\":938,\"publisher\":{\"@id\":\"https:\/\/www.sonnenseite.com\/de\/#organization\"},\"image\":{\"@id\":\"https:\/\/www.sonnenseite.com\/de\/politik\/flut-versicherungen-das-ende-der-hochwasser-demenz\/#primaryimage\"},\"thumbnailUrl\":\"https:\/\/www.sonnenseite.com\/wp-content\/uploads\/2021\/07\/Hochwasser_MarkusDistelrath.jpg\",\"articleSection\":[\"Politik\"],\"inLanguage\":\"de\"},{\"@type\":\"WebPage\",\"@id\":\"https:\/\/www.sonnenseite.com\/de\/politik\/flut-versicherungen-das-ende-der-hochwasser-demenz\/\",\"url\":\"https:\/\/www.sonnenseite.com\/de\/politik\/flut-versicherungen-das-ende-der-hochwasser-demenz\/\",\"name\":\"Flut-Versicherungen: Das Ende der Hochwasser-Demenz - Sonnenseite - \u00d6kologische Kommunikation mit Franz Alt\",\"isPartOf\":{\"@id\":\"https:\/\/www.sonnenseite.com\/de\/#website\"},\"primaryImageOfPage\":{\"@id\":\"https:\/\/www.sonnenseite.com\/de\/politik\/flut-versicherungen-das-ende-der-hochwasser-demenz\/#primaryimage\"},\"image\":{\"@id\":\"https:\/\/www.sonnenseite.com\/de\/politik\/flut-versicherungen-das-ende-der-hochwasser-demenz\/#primaryimage\"},\"thumbnailUrl\":\"https:\/\/www.sonnenseite.com\/wp-content\/uploads\/2021\/07\/Hochwasser_MarkusDistelrath.jpg\",\"datePublished\":\"2024-01-09T01:38:00+00:00\",\"description\":\"Die aktuellen \u00dcberflutungen zeigen wieder einmal, wie n\u00f6tig Vorbeugung und Vorsorge sind. Dazu geh\u00f6rt auch eine Pflichtversicherung f\u00fcr Elementarsch\u00e4den.\",\"breadcrumb\":{\"@id\":\"https:\/\/www.sonnenseite.com\/de\/politik\/flut-versicherungen-das-ende-der-hochwasser-demenz\/#breadcrumb\"},\"inLanguage\":\"de\",\"potentialAction\":[{\"@type\":\"ReadAction\",\"target\":[\"https:\/\/www.sonnenseite.com\/de\/politik\/flut-versicherungen-das-ende-der-hochwasser-demenz\/\"]}]},{\"@type\":\"ImageObject\",\"inLanguage\":\"de\",\"@id\":\"https:\/\/www.sonnenseite.com\/de\/politik\/flut-versicherungen-das-ende-der-hochwasser-demenz\/#primaryimage\",\"url\":\"https:\/\/www.sonnenseite.com\/wp-content\/uploads\/2021\/07\/Hochwasser_MarkusDistelrath.jpg\",\"contentUrl\":\"https:\/\/www.sonnenseite.com\/wp-content\/uploads\/2021\/07\/Hochwasser_MarkusDistelrath.jpg\",\"width\":770,\"height\":420,\"caption\":\"pixabay.com | Markus Distelrath\"},{\"@type\":\"BreadcrumbList\",\"@id\":\"https:\/\/www.sonnenseite.com\/de\/politik\/flut-versicherungen-das-ende-der-hochwasser-demenz\/#breadcrumb\",\"itemListElement\":[{\"@type\":\"ListItem\",\"position\":1,\"name\":\"Startseite\",\"item\":\"https:\/\/www.sonnenseite.com\/de\/\"},{\"@type\":\"ListItem\",\"position\":2,\"name\":\"Flut-Versicherungen: Das Ende der Hochwasser-Demenz\"}]},{\"@type\":\"WebSite\",\"@id\":\"https:\/\/www.sonnenseite.com\/de\/#website\",\"url\":\"https:\/\/www.sonnenseite.com\/de\/\",\"name\":\"Sonnenseite\",\"description\":\"\u00d6kologische Kommunikation mit Franz Alt\",\"publisher\":{\"@id\":\"https:\/\/www.sonnenseite.com\/de\/#organization\"},\"potentialAction\":[{\"@type\":\"SearchAction\",\"target\":{\"@type\":\"EntryPoint\",\"urlTemplate\":\"https:\/\/www.sonnenseite.com\/de\/?s={search_term_string}\"},\"query-input\":{\"@type\":\"PropertyValueSpecification\",\"valueRequired\":true,\"valueName\":\"search_term_string\"}}],\"inLanguage\":\"de\"},{\"@type\":\"Organization\",\"@id\":\"https:\/\/www.sonnenseite.com\/de\/#organization\",\"name\":\"Sonnenseite\",\"url\":\"https:\/\/www.sonnenseite.com\/de\/\",\"logo\":{\"@type\":\"ImageObject\",\"inLanguage\":\"de\",\"@id\":\"https:\/\/www.sonnenseite.com\/de\/#\/schema\/logo\/image\/\",\"url\":\"https:\/\/www.sonnenseite.com\/wp-content\/uploads\/2020\/05\/Sonnenseite_Logo.png\",\"contentUrl\":\"https:\/\/www.sonnenseite.com\/wp-content\/uploads\/2020\/05\/Sonnenseite_Logo.png\",\"width\":377,\"height\":90,\"caption\":\"Sonnenseite\"},\"image\":{\"@id\":\"https:\/\/www.sonnenseite.com\/de\/#\/schema\/logo\/image\/\"},\"sameAs\":[\"https:\/\/www.facebook.com\/pages\/Franz-Alt-SONNENSEITECOM\/221072987903953?fref=ts\",\"https:\/\/x.com\/franzalt\",\"http:\/\/www.youtube.com\/results?search_query&amp;amp;quot;franz_alt&amp;amp;quot;&amp;amp;amp;amp;search_type&amp;amp;amp;amp;aq=f\"]},{\"@type\":\"Person\",\"@id\":\"https:\/\/www.sonnenseite.com\/de\/#\/schema\/person\/50fda0e926597684c7cc6695238a4eb9\",\"name\":\"Bigi Alt\"}]}<\/script>\n<!-- \/ Yoast SEO plugin. -->","yoast_head_json":{"title":"Flut-Versicherungen: Das Ende der Hochwasser-Demenz - Sonnenseite - \u00d6kologische Kommunikation mit Franz Alt","description":"Die aktuellen \u00dcberflutungen zeigen wieder einmal, wie n\u00f6tig Vorbeugung und Vorsorge sind. Dazu geh\u00f6rt auch eine Pflichtversicherung f\u00fcr Elementarsch\u00e4den.","robots":{"index":"index","follow":"follow","max-snippet":"max-snippet:-1","max-image-preview":"max-image-preview:large","max-video-preview":"max-video-preview:-1"},"canonical":"https:\/\/www.sonnenseite.com\/de\/politik\/flut-versicherungen-das-ende-der-hochwasser-demenz\/","og_locale":"de_DE","og_type":"article","og_title":"Flut-Versicherungen: Das Ende der Hochwasser-Demenz - Sonnenseite - \u00d6kologische Kommunikation mit Franz Alt","og_description":"Die aktuellen \u00dcberflutungen zeigen wieder einmal, wie n\u00f6tig Vorbeugung und Vorsorge sind. Dazu geh\u00f6rt auch eine Pflichtversicherung f\u00fcr Elementarsch\u00e4den.","og_url":"https:\/\/www.sonnenseite.com\/de\/politik\/flut-versicherungen-das-ende-der-hochwasser-demenz\/","og_site_name":"Sonnenseite","article_publisher":"https:\/\/www.facebook.com\/pages\/Franz-Alt-SONNENSEITECOM\/221072987903953?fref=ts","article_published_time":"2024-01-09T01:38:00+00:00","og_image":[{"width":770,"height":420,"url":"https:\/\/www.sonnenseite.com\/wp-content\/uploads\/2021\/07\/Hochwasser_MarkusDistelrath.jpg","type":"image\/jpeg"}],"author":"Bigi Alt","twitter_card":"summary_large_image","twitter_creator":"@franzalt","twitter_site":"@franzalt","twitter_misc":{"Verfasst von":"Bigi Alt","Gesch\u00e4tzte Lesezeit":"5\u00a0Minuten"},"schema":{"@context":"https:\/\/schema.org","@graph":[{"@type":"Article","@id":"https:\/\/www.sonnenseite.com\/de\/politik\/flut-versicherungen-das-ende-der-hochwasser-demenz\/#article","isPartOf":{"@id":"https:\/\/www.sonnenseite.com\/de\/politik\/flut-versicherungen-das-ende-der-hochwasser-demenz\/"},"author":{"name":"Bigi Alt","@id":"https:\/\/www.sonnenseite.com\/de\/#\/schema\/person\/50fda0e926597684c7cc6695238a4eb9"},"headline":"Flut-Versicherungen: Das Ende der Hochwasser-Demenz","datePublished":"2024-01-09T01:38:00+00:00","mainEntityOfPage":{"@id":"https:\/\/www.sonnenseite.com\/de\/politik\/flut-versicherungen-das-ende-der-hochwasser-demenz\/"},"wordCount":938,"publisher":{"@id":"https:\/\/www.sonnenseite.com\/de\/#organization"},"image":{"@id":"https:\/\/www.sonnenseite.com\/de\/politik\/flut-versicherungen-das-ende-der-hochwasser-demenz\/#primaryimage"},"thumbnailUrl":"https:\/\/www.sonnenseite.com\/wp-content\/uploads\/2021\/07\/Hochwasser_MarkusDistelrath.jpg","articleSection":["Politik"],"inLanguage":"de"},{"@type":"WebPage","@id":"https:\/\/www.sonnenseite.com\/de\/politik\/flut-versicherungen-das-ende-der-hochwasser-demenz\/","url":"https:\/\/www.sonnenseite.com\/de\/politik\/flut-versicherungen-das-ende-der-hochwasser-demenz\/","name":"Flut-Versicherungen: Das Ende der Hochwasser-Demenz - Sonnenseite - \u00d6kologische Kommunikation mit Franz Alt","isPartOf":{"@id":"https:\/\/www.sonnenseite.com\/de\/#website"},"primaryImageOfPage":{"@id":"https:\/\/www.sonnenseite.com\/de\/politik\/flut-versicherungen-das-ende-der-hochwasser-demenz\/#primaryimage"},"image":{"@id":"https:\/\/www.sonnenseite.com\/de\/politik\/flut-versicherungen-das-ende-der-hochwasser-demenz\/#primaryimage"},"thumbnailUrl":"https:\/\/www.sonnenseite.com\/wp-content\/uploads\/2021\/07\/Hochwasser_MarkusDistelrath.jpg","datePublished":"2024-01-09T01:38:00+00:00","description":"Die aktuellen \u00dcberflutungen zeigen wieder einmal, wie n\u00f6tig Vorbeugung und Vorsorge sind. Dazu geh\u00f6rt auch eine Pflichtversicherung f\u00fcr Elementarsch\u00e4den.","breadcrumb":{"@id":"https:\/\/www.sonnenseite.com\/de\/politik\/flut-versicherungen-das-ende-der-hochwasser-demenz\/#breadcrumb"},"inLanguage":"de","potentialAction":[{"@type":"ReadAction","target":["https:\/\/www.sonnenseite.com\/de\/politik\/flut-versicherungen-das-ende-der-hochwasser-demenz\/"]}]},{"@type":"ImageObject","inLanguage":"de","@id":"https:\/\/www.sonnenseite.com\/de\/politik\/flut-versicherungen-das-ende-der-hochwasser-demenz\/#primaryimage","url":"https:\/\/www.sonnenseite.com\/wp-content\/uploads\/2021\/07\/Hochwasser_MarkusDistelrath.jpg","contentUrl":"https:\/\/www.sonnenseite.com\/wp-content\/uploads\/2021\/07\/Hochwasser_MarkusDistelrath.jpg","width":770,"height":420,"caption":"pixabay.com | Markus Distelrath"},{"@type":"BreadcrumbList","@id":"https:\/\/www.sonnenseite.com\/de\/politik\/flut-versicherungen-das-ende-der-hochwasser-demenz\/#breadcrumb","itemListElement":[{"@type":"ListItem","position":1,"name":"Startseite","item":"https:\/\/www.sonnenseite.com\/de\/"},{"@type":"ListItem","position":2,"name":"Flut-Versicherungen: Das Ende der Hochwasser-Demenz"}]},{"@type":"WebSite","@id":"https:\/\/www.sonnenseite.com\/de\/#website","url":"https:\/\/www.sonnenseite.com\/de\/","name":"Sonnenseite","description":"\u00d6kologische Kommunikation mit Franz Alt","publisher":{"@id":"https:\/\/www.sonnenseite.com\/de\/#organization"},"potentialAction":[{"@type":"SearchAction","target":{"@type":"EntryPoint","urlTemplate":"https:\/\/www.sonnenseite.com\/de\/?s={search_term_string}"},"query-input":{"@type":"PropertyValueSpecification","valueRequired":true,"valueName":"search_term_string"}}],"inLanguage":"de"},{"@type":"Organization","@id":"https:\/\/www.sonnenseite.com\/de\/#organization","name":"Sonnenseite","url":"https:\/\/www.sonnenseite.com\/de\/","logo":{"@type":"ImageObject","inLanguage":"de","@id":"https:\/\/www.sonnenseite.com\/de\/#\/schema\/logo\/image\/","url":"https:\/\/www.sonnenseite.com\/wp-content\/uploads\/2020\/05\/Sonnenseite_Logo.png","contentUrl":"https:\/\/www.sonnenseite.com\/wp-content\/uploads\/2020\/05\/Sonnenseite_Logo.png","width":377,"height":90,"caption":"Sonnenseite"},"image":{"@id":"https:\/\/www.sonnenseite.com\/de\/#\/schema\/logo\/image\/"},"sameAs":["https:\/\/www.facebook.com\/pages\/Franz-Alt-SONNENSEITECOM\/221072987903953?fref=ts","https:\/\/x.com\/franzalt","http:\/\/www.youtube.com\/results?search_query&amp;amp;quot;franz_alt&amp;amp;quot;&amp;amp;amp;amp;search_type&amp;amp;amp;amp;aq=f"]},{"@type":"Person","@id":"https:\/\/www.sonnenseite.com\/de\/#\/schema\/person\/50fda0e926597684c7cc6695238a4eb9","name":"Bigi Alt"}]}},"_links":{"self":[{"href":"https:\/\/www.sonnenseite.com\/de\/wp-json\/wp\/v2\/posts\/96578","targetHints":{"allow":["GET"]}}],"collection":[{"href":"https:\/\/www.sonnenseite.com\/de\/wp-json\/wp\/v2\/posts"}],"about":[{"href":"https:\/\/www.sonnenseite.com\/de\/wp-json\/wp\/v2\/types\/post"}],"author":[{"embeddable":true,"href":"https:\/\/www.sonnenseite.com\/de\/wp-json\/wp\/v2\/users\/3"}],"replies":[{"embeddable":true,"href":"https:\/\/www.sonnenseite.com\/de\/wp-json\/wp\/v2\/comments?post=96578"}],"version-history":[{"count":1,"href":"https:\/\/www.sonnenseite.com\/de\/wp-json\/wp\/v2\/posts\/96578\/revisions"}],"predecessor-version":[{"id":96579,"href":"https:\/\/www.sonnenseite.com\/de\/wp-json\/wp\/v2\/posts\/96578\/revisions\/96579"}],"wp:featuredmedia":[{"embeddable":true,"href":"https:\/\/www.sonnenseite.com\/de\/wp-json\/wp\/v2\/media\/72927"}],"wp:attachment":[{"href":"https:\/\/www.sonnenseite.com\/de\/wp-json\/wp\/v2\/media?parent=96578"}],"wp:term":[{"taxonomy":"category","embeddable":true,"href":"https:\/\/www.sonnenseite.com\/de\/wp-json\/wp\/v2\/categories?post=96578"},{"taxonomy":"post_tag","embeddable":true,"href":"https:\/\/www.sonnenseite.com\/de\/wp-json\/wp\/v2\/tags?post=96578"}],"curies":[{"name":"wp","href":"https:\/\/api.w.org\/{rel}","templated":true}]}}