{"id":96599,"date":"2024-01-10T10:24:46","date_gmt":"2024-01-10T09:24:46","guid":{"rendered":"https:\/\/www.sonnenseite.com\/?p=96599"},"modified":"2024-01-10T10:24:47","modified_gmt":"2024-01-10T09:24:47","slug":"tempolimit-umweltbewusstsein-und-sozialverhalten-so-ticken-die-deutschen-e-auto-fahrer","status":"publish","type":"post","link":"https:\/\/www.sonnenseite.com\/de\/mobilitaet\/tempolimit-umweltbewusstsein-und-sozialverhalten-so-ticken-die-deutschen-e-auto-fahrer\/","title":{"rendered":"Tempolimit, Umweltbewusstsein und Sozialverhalten: So ticken die deutschen E-Auto-Fahrer"},"content":{"rendered":"\n<p>E-Mobilit\u00e4t aus \u00dcberzeugung: \u00dcber die H\u00e4lfte f\u00e4hrt ihr E-Auto der Umwelt zuliebe, ist f\u00fcr ein Tempolimit und bereit, mehr f\u00fcr Strom zu bezahlen als f\u00fcr Sprit. Das zeigt eine neue Studie von ChargeX.<\/p>\n\n\n\n<p>Die deutschen E-Auto-Besitzer fahren elektrisch aus \u00dcberzeugung und zeichnen sich durch ein hohes Umweltbewusstsein aus. <a href=\"https:\/\/startup-communication.us14.list-manage.com\/track\/click?u=94c5a5526f14b6a1ca5729357&amp;id=f0ee106420&amp;e=f2dab1866f\">ChargeX<\/a> hat in einer Studie mit dem Marktforschungsinstitut Dynata \u00fcber 500 E-Auto-Fahrer zu ihren pers\u00f6nlichen Einstellungen, ihrem Ladeverhalten und ihren W\u00fcnschen rund um E-Mobilit\u00e4t befragt.&nbsp; \u00dcber die H\u00e4lfte gibt Umweltgr\u00fcnde als Hauptmotivation an, 71 Prozent der deutschen E-Auto-Fahrer sind f\u00fcr ein Tempolimit und knapp die H\u00e4lfte ist bereit, f\u00fcr Strom mehr zu bezahlen als f\u00fcr Sprit.<\/p>\n\n\n\n<p>Das Laden ist nach wie vor eines der Hauptthemen, das E-Auto-Fahrer besch\u00e4ftigt. 83 Prozent der Befragten planen das Laden ihres Fahrzeugs bewusst. 80 Prozent haben Probleme, freie Ladepl\u00e4tze zu finden \u2013 in der Gro\u00dfstadt sind es sogar 86 Prozent. Am schwierigsten ist es in Innenst\u00e4dten sowie auf Supermarktparkpl\u00e4tzen. Wenn es zu wenig freie Ladepl\u00e4tze gibt, parken 89 Prozent der Deutschen um, sobald sie selbst geladen haben, um den Platz f\u00fcr andere frei zu machen. Nach wie vor laden 58 Prozent \u00fcber eine eigene Wallbox und 30 Prozent nutzen \u00f6ffentliche Lades\u00e4ulen. Der Gro\u00dfteil der Befragten ben\u00f6tigt nur zwischen 61 und 120 Minuten Ladezeit, um ihren t\u00e4glichen Mobilit\u00e4tsbedarf zu decken.<\/p>\n\n\n\n<p><strong>90 Prozent fahren das E-Auto privat \u2013 \u00fcber die H\u00e4lfte der Umwelt zuliebe<\/strong><\/p>\n\n\n<div class=\"wp-block-image\">\n<figure class=\"alignleft size-full is-resized\"><a href=\"https:\/\/www.sonnenseite.com\/wp-content\/uploads\/2024\/01\/charge-x-studie-2024.jpg\"><img loading=\"lazy\" decoding=\"async\" width=\"800\" height=\"726\" src=\"https:\/\/www.sonnenseite.com\/wp-content\/uploads\/2024\/01\/charge-x-studie-2024.jpg\" alt=\"\" class=\"wp-image-96601\" style=\"width:370px;height:auto\" srcset=\"https:\/\/www.sonnenseite.com\/wp-content\/uploads\/2024\/01\/charge-x-studie-2024.jpg 800w, https:\/\/www.sonnenseite.com\/wp-content\/uploads\/2024\/01\/charge-x-studie-2024-300x272.jpg 300w, https:\/\/www.sonnenseite.com\/wp-content\/uploads\/2024\/01\/charge-x-studie-2024-768x697.jpg 768w\" sizes=\"auto, (max-width: 800px) 100vw, 800px\" \/><\/a><figcaption class=\"wp-element-caption\">\u00a9 ChargeX<\/figcaption><\/figure>\n<\/div>\n\n\n<p>Die Mehrheit der deutschen E-Auto-Fahrer ist m\u00e4nnlich, zwischen 26 und 40 Jahre alt und wohnt in einer Stadt mit \u00fcber 20.000 Einwohner. \u00dcber 90 Prozent der Befragten fahren das E-Auto privat, w\u00e4hrend sich 51 Prozent f\u00fcr ein Fahrzeug mit 201 bis 400 und 22 Prozent f\u00fcr ein E-Auto mit \u00fcber 400 Kilometer Reichweite entschieden haben. 33 Prozent verdienen zwischen 3.000 und 4.999 Euro und 28 Prozent \u00fcber 5.000 Euro brutto im Monat. \u00dcber die H\u00e4lfte gibt an, dass sie sich ihr E-Auto der Umwelt zuliebe angeschafft hat \u2013 M\u00e4nner und Frauen gleicherma\u00dfen. Nur 15 Prozent haben sich aufgrund der staatlichen F\u00f6rderung und 17 Prozent aufgrund der steuerlichen Vorteile f\u00fcr ein E-Auto entschieden. 54 Prozent haben ausschlie\u00dflich Elektrofahrzeuge im Haushalt, 22 Prozent fahren zus\u00e4tzlich Verbrenner und 21 Prozent setzen auf alternative Antriebsformen wie zum Beispiel Hybrid.<\/p>\n\n\n\n<p><strong>Nur 4 Prozent parken aufgrund der Blockiergeb\u00fchr um<\/strong><br>W\u00e4hrend 58 Prozent \u00fcber eine eigene Wallbox laden, sind 30 Prozent auf die Nutzung \u00f6ffentlicher Lades\u00e4ulen angewiesen. 9 Prozent laden haupts\u00e4chlich beim Arbeitgeber. Insbesondere in Innenst\u00e4dten und auf Supermarktparkpl\u00e4tzen w\u00fcnschen sich die Befragten mehr Lades\u00e4ulen. Doch auch beim Arbeitgeber, in Hotels und Restaurants fehlen Ladem\u00f6glichkeiten. 89 Prozent der Befragten nehmen deshalb R\u00fccksicht auf die anderen E-Auto-Fahrer. 50 Prozent parken sofort um, sobald ihr Bedarf f\u00fcr die n\u00e4chste Fahrt gedeckt ist. 39 Prozent verlassen den Ladeplatz, sobald das Fahrzeug voll geladen ist. Nur 4 Prozent parken um, wenn die Blockiergeb\u00fchr f\u00e4llig wird und 5 Prozent lassen ihr Fahrzeug l\u00e4nger stehen ohne umzuparken.<\/p>\n\n\n\n<p><strong>Arbeitgeber k\u00f6nnen mit kostenlosen Ladem\u00f6glichkeiten punkten<\/strong><br>Nur jeder Zehnte f\u00e4hrt einen rein elektrischen Firmenwagen, alle anderen haben sich privat ein E-Auto angeschafft. Dennoch ist die Unterst\u00fctzung von E-Mobilit\u00e4t durch den Arbeitgeber ein gro\u00dfer Pluspunkt. F\u00fcr den Gro\u00dfteil der Befragten sind kostenlose Ladem\u00f6glichkeiten beim Arbeitgeber das interessanteste Benefit, gefolgt von einer E-Tankkarte bis 50 Euro pro Monat. Nur 15 Prozent legen mehr Wert auf die Bereitstellung eines E-Autos als Firmenfahrzeug. Weniger spannend sind Mitarbeitervorteile wie steuerfreies Jobticket oder Bahncard.<\/p>\n\n\n<h5 class=\"green\">Quelle<\/h5>\r\n\n\n\n<p><a href=\"https:\/\/startup-communication.us14.list-manage.com\/track\/click?u=94c5a5526f14b6a1ca5729357&amp;id=f0ee106420&amp;e=f2dab1866f\">ChargeX 2024<\/a><\/p>\n<div class=\"shariff shariff-align-flex-start shariff-widget-align-flex-start\"><div class=\"ShariffHeadline\">Diese Meldung teilen<\/div><ul class=\"shariff-buttons theme-round orientation-horizontal buttonsize-medium\"><li class=\"shariff-button facebook shariff-nocustomcolor\" style=\"background-color:#4273c8;border-radius:1%\"><a href=\"https:\/\/www.facebook.com\/sharer\/sharer.php?u=https%3A%2F%2Fwww.sonnenseite.com%2Fde%2Fmobilitaet%2Ftempolimit-umweltbewusstsein-und-sozialverhalten-so-ticken-die-deutschen-e-auto-fahrer%2F\" title=\"Bei Facebook teilen\" aria-label=\"Bei Facebook teilen\" role=\"button\" rel=\"nofollow\" class=\"shariff-link\" style=\";border-radius:1%; background-color:#3b5998; color:#fff\" target=\"_blank\"><span class=\"shariff-icon\" style=\"\"><svg width=\"32px\" height=\"20px\" xmlns=\"http:\/\/www.w3.org\/2000\/svg\" viewBox=\"0 0 18 32\"><path fill=\"#3b5998\" d=\"M17.1 0.2v4.7h-2.8q-1.5 0-2.1 0.6t-0.5 1.9v3.4h5.2l-0.7 5.3h-4.5v13.6h-5.5v-13.6h-4.5v-5.3h4.5v-3.9q0-3.3 1.9-5.2t5-1.8q2.6 0 4.1 0.2z\"\/><\/svg><\/span><\/a><\/li><li class=\"shariff-button twitter shariff-nocustomcolor\" style=\"background-color:#595959;border-radius:1%\"><a href=\"https:\/\/twitter.com\/share?url=https%3A%2F%2Fwww.sonnenseite.com%2Fde%2Fmobilitaet%2Ftempolimit-umweltbewusstsein-und-sozialverhalten-so-ticken-die-deutschen-e-auto-fahrer%2F&text=Tempolimit%2C%20Umweltbewusstsein%20und%20Sozialverhalten%3A%20So%20ticken%20die%20deutschen%20E-Auto-Fahrer\" title=\"Bei X teilen\" aria-label=\"Bei X teilen\" role=\"button\" rel=\"noopener nofollow\" class=\"shariff-link\" style=\";border-radius:1%; background-color:#000; color:#fff\" target=\"_blank\"><span class=\"shariff-icon\" style=\"\"><svg width=\"32px\" height=\"20px\" xmlns=\"http:\/\/www.w3.org\/2000\/svg\" viewBox=\"0 0 24 24\"><path fill=\"#000\" d=\"M14.258 10.152L23.176 0h-2.113l-7.747 8.813L7.133 0H0l9.352 13.328L0 23.973h2.113l8.176-9.309 6.531 9.309h7.133zm-2.895 3.293l-.949-1.328L2.875 1.56h3.246l6.086 8.523.945 1.328 7.91 11.078h-3.246zm0 0\"\/><\/svg><\/span><\/a><\/li><li class=\"shariff-button xing shariff-nocustomcolor\" style=\"background-color:#29888a;border-radius:1%\"><a href=\"https:\/\/www.xing.com\/spi\/shares\/new?url=https%3A%2F%2Fwww.sonnenseite.com%2Fde%2Fmobilitaet%2Ftempolimit-umweltbewusstsein-und-sozialverhalten-so-ticken-die-deutschen-e-auto-fahrer%2F\" title=\"Bei XING teilen\" aria-label=\"Bei XING teilen\" role=\"button\" rel=\"noopener nofollow\" class=\"shariff-link\" style=\";border-radius:1%; background-color:#126567; color:#fff\" target=\"_blank\"><span class=\"shariff-icon\" style=\"\"><svg width=\"32px\" height=\"20px\" xmlns=\"http:\/\/www.w3.org\/2000\/svg\" viewBox=\"0 0 25 32\"><path fill=\"#126567\" d=\"M10.7 11.9q-0.2 0.3-4.6 8.2-0.5 0.8-1.2 0.8h-4.3q-0.4 0-0.5-0.3t0-0.6l4.5-8q0 0 0 0l-2.9-5q-0.2-0.4 0-0.7 0.2-0.3 0.5-0.3h4.3q0.7 0 1.2 0.8zM25.1 0.4q0.2 0.3 0 0.7l-9.4 16.7 6 11q0.2 0.4 0 0.6-0.2 0.3-0.6 0.3h-4.3q-0.7 0-1.2-0.8l-6-11.1q0.3-0.6 9.5-16.8 0.4-0.8 1.2-0.8h4.3q0.4 0 0.5 0.3z\"\/><\/svg><\/span><\/a><\/li><li class=\"shariff-button linkedin shariff-nocustomcolor\" style=\"background-color:#1488bf;border-radius:1%\"><a href=\"https:\/\/www.linkedin.com\/sharing\/share-offsite\/?url=https%3A%2F%2Fwww.sonnenseite.com%2Fde%2Fmobilitaet%2Ftempolimit-umweltbewusstsein-und-sozialverhalten-so-ticken-die-deutschen-e-auto-fahrer%2F\" title=\"Bei LinkedIn teilen\" aria-label=\"Bei LinkedIn teilen\" role=\"button\" rel=\"noopener nofollow\" class=\"shariff-link\" style=\";border-radius:1%; background-color:#0077b5; color:#fff\" target=\"_blank\"><span class=\"shariff-icon\" style=\"\"><svg width=\"32px\" height=\"20px\" xmlns=\"http:\/\/www.w3.org\/2000\/svg\" viewBox=\"0 0 27 32\"><path fill=\"#0077b5\" d=\"M6.2 11.2v17.7h-5.9v-17.7h5.9zM6.6 5.7q0 1.3-0.9 2.2t-2.4 0.9h0q-1.5 0-2.4-0.9t-0.9-2.2 0.9-2.2 2.4-0.9 2.4 0.9 0.9 2.2zM27.4 18.7v10.1h-5.9v-9.5q0-1.9-0.7-2.9t-2.3-1.1q-1.1 0-1.9 0.6t-1.2 1.5q-0.2 0.5-0.2 1.4v9.9h-5.9q0-7.1 0-11.6t0-5.3l0-0.9h5.9v2.6h0q0.4-0.6 0.7-1t1-0.9 1.6-0.8 2-0.3q3 0 4.9 2t1.9 6z\"\/><\/svg><\/span><\/a><\/li><li class=\"shariff-button printer shariff-nocustomcolor\" style=\"background-color:#a8a8a8;border-radius:1%\"><a href=\"javascript:window.print()\" title=\"drucken\" aria-label=\"drucken\" role=\"button\" rel=\"noopener nofollow\" class=\"shariff-link\" style=\";border-radius:1%; background-color:#999; color:#fff\"><span class=\"shariff-icon\" style=\"\"><svg width=\"32px\" height=\"20px\" xmlns=\"http:\/\/www.w3.org\/2000\/svg\" viewBox=\"0 0 30 32\"><path fill=\"#999\" d=\"M6.8 27.4h16v-4.6h-16v4.6zM6.8 16h16v-6.8h-2.8q-0.7 0-1.2-0.5t-0.5-1.2v-2.8h-11.4v11.4zM27.4 17.2q0-0.5-0.3-0.8t-0.8-0.4-0.8 0.4-0.3 0.8 0.3 0.8 0.8 0.3 0.8-0.3 0.3-0.8zM29.7 17.2v7.4q0 0.2-0.2 0.4t-0.4 0.2h-4v2.8q0 0.7-0.5 1.2t-1.2 0.5h-17.2q-0.7 0-1.2-0.5t-0.5-1.2v-2.8h-4q-0.2 0-0.4-0.2t-0.2-0.4v-7.4q0-1.4 1-2.4t2.4-1h1.2v-9.7q0-0.7 0.5-1.2t1.2-0.5h12q0.7 0 1.6 0.4t1.3 0.8l2.7 2.7q0.5 0.5 0.9 1.4t0.4 1.6v4.6h1.1q1.4 0 2.4 1t1 2.4z\"\/><\/svg><\/span><\/a><\/li><li class=\"shariff-button mailto shariff-nocustomcolor\" style=\"background-color:#a8a8a8;border-radius:1%\"><a href=\"mailto:?body=https%3A%2F%2Fwww.sonnenseite.com%2Fde%2Fmobilitaet%2Ftempolimit-umweltbewusstsein-und-sozialverhalten-so-ticken-die-deutschen-e-auto-fahrer%2F&subject=Tempolimit%2C%20Umweltbewusstsein%20und%20Sozialverhalten%3A%20So%20ticken%20die%20deutschen%20E-Auto-Fahrer\" title=\"Per E-Mail versenden\" aria-label=\"Per E-Mail versenden\" role=\"button\" rel=\"noopener nofollow\" class=\"shariff-link\" style=\";border-radius:1%; background-color:#999; color:#fff\"><span class=\"shariff-icon\" style=\"\"><svg width=\"32px\" height=\"20px\" xmlns=\"http:\/\/www.w3.org\/2000\/svg\" viewBox=\"0 0 32 32\"><path fill=\"#999\" d=\"M32 12.7v14.2q0 1.2-0.8 2t-2 0.9h-26.3q-1.2 0-2-0.9t-0.8-2v-14.2q0.8 0.9 1.8 1.6 6.5 4.4 8.9 6.1 1 0.8 1.6 1.2t1.7 0.9 2 0.4h0.1q0.9 0 2-0.4t1.7-0.9 1.6-1.2q3-2.2 8.9-6.1 1-0.7 1.8-1.6zM32 7.4q0 1.4-0.9 2.7t-2.2 2.2q-6.7 4.7-8.4 5.8-0.2 0.1-0.7 0.5t-1 0.7-0.9 0.6-1.1 0.5-0.9 0.2h-0.1q-0.4 0-0.9-0.2t-1.1-0.5-0.9-0.6-1-0.7-0.7-0.5q-1.6-1.1-4.7-3.2t-3.6-2.6q-1.1-0.7-2.1-2t-1-2.5q0-1.4 0.7-2.3t2.1-0.9h26.3q1.2 0 2 0.8t0.9 2z\"\/><\/svg><\/span><\/a><\/li><\/ul><\/div>","protected":false},"excerpt":{"rendered":"<p>E-Mobilit\u00e4t aus \u00dcberzeugung: \u00dcber die H\u00e4lfte f\u00e4hrt ihr E-Auto der Umwelt zuliebe, ist f\u00fcr ein Tempolimit [&hellip;]<\/p>\n","protected":false},"author":3,"featured_media":88592,"comment_status":"closed","ping_status":"closed","sticky":false,"template":"","format":"standard","meta":{"inline_featured_image":false,"footnotes":""},"categories":[25],"tags":[],"class_list":["post-96599","post","type-post","status-publish","format-standard","has-post-thumbnail","hentry","category-mobilitaet"],"yoast_head":"<!-- This site is optimized with the Yoast SEO plugin v26.5 - https:\/\/yoast.com\/wordpress\/plugins\/seo\/ -->\n<title>Tempolimit, Umweltbewusstsein und Sozialverhalten: So ticken die deutschen E-Auto-Fahrer - Sonnenseite - \u00d6kologische Kommunikation mit Franz Alt<\/title>\n<meta name=\"description\" content=\"E-Mobilit\u00e4t aus \u00dcberzeugung: \u00dcber die H\u00e4lfte f\u00e4hrt ihr E-Auto der Umwelt zuliebe, ist f\u00fcr ein Tempolimit und bereit, mehr f\u00fcr Strom zu bezahlen als f\u00fcr\" \/>\n<meta name=\"robots\" content=\"index, follow, max-snippet:-1, max-image-preview:large, max-video-preview:-1\" \/>\n<link rel=\"canonical\" href=\"https:\/\/www.sonnenseite.com\/de\/mobilitaet\/tempolimit-umweltbewusstsein-und-sozialverhalten-so-ticken-die-deutschen-e-auto-fahrer\/\" \/>\n<meta property=\"og:locale\" content=\"de_DE\" \/>\n<meta property=\"og:type\" content=\"article\" \/>\n<meta property=\"og:title\" content=\"Tempolimit, Umweltbewusstsein und Sozialverhalten: So ticken die deutschen E-Auto-Fahrer - Sonnenseite - \u00d6kologische Kommunikation mit Franz Alt\" \/>\n<meta property=\"og:description\" content=\"E-Mobilit\u00e4t aus \u00dcberzeugung: \u00dcber die H\u00e4lfte f\u00e4hrt ihr E-Auto der Umwelt zuliebe, ist f\u00fcr ein Tempolimit und bereit, mehr f\u00fcr Strom zu bezahlen als f\u00fcr\" \/>\n<meta property=\"og:url\" content=\"https:\/\/www.sonnenseite.com\/de\/mobilitaet\/tempolimit-umweltbewusstsein-und-sozialverhalten-so-ticken-die-deutschen-e-auto-fahrer\/\" \/>\n<meta property=\"og:site_name\" content=\"Sonnenseite\" \/>\n<meta property=\"article:publisher\" content=\"https:\/\/www.facebook.com\/pages\/Franz-Alt-SONNENSEITECOM\/221072987903953?fref=ts\" \/>\n<meta property=\"article:published_time\" content=\"2024-01-10T09:24:46+00:00\" \/>\n<meta property=\"article:modified_time\" content=\"2024-01-10T09:24:47+00:00\" \/>\n<meta property=\"og:image\" content=\"https:\/\/www.sonnenseite.com\/wp-content\/uploads\/2023\/01\/E-Auto_laden_Scharfsinn.jpg\" \/>\n\t<meta property=\"og:image:width\" content=\"770\" \/>\n\t<meta property=\"og:image:height\" content=\"420\" \/>\n\t<meta property=\"og:image:type\" content=\"image\/jpeg\" \/>\n<meta name=\"author\" content=\"Bigi Alt\" \/>\n<meta name=\"twitter:card\" content=\"summary_large_image\" \/>\n<meta name=\"twitter:creator\" content=\"@franzalt\" \/>\n<meta name=\"twitter:site\" content=\"@franzalt\" \/>\n<meta name=\"twitter:label1\" content=\"Verfasst von\" \/>\n\t<meta name=\"twitter:data1\" content=\"Bigi Alt\" \/>\n\t<meta name=\"twitter:label2\" content=\"Gesch\u00e4tzte Lesezeit\" \/>\n\t<meta name=\"twitter:data2\" content=\"4\u00a0Minuten\" \/>\n<script type=\"application\/ld+json\" class=\"yoast-schema-graph\">{\"@context\":\"https:\/\/schema.org\",\"@graph\":[{\"@type\":\"Article\",\"@id\":\"https:\/\/www.sonnenseite.com\/de\/mobilitaet\/tempolimit-umweltbewusstsein-und-sozialverhalten-so-ticken-die-deutschen-e-auto-fahrer\/#article\",\"isPartOf\":{\"@id\":\"https:\/\/www.sonnenseite.com\/de\/mobilitaet\/tempolimit-umweltbewusstsein-und-sozialverhalten-so-ticken-die-deutschen-e-auto-fahrer\/\"},\"author\":{\"name\":\"Bigi Alt\",\"@id\":\"https:\/\/www.sonnenseite.com\/de\/#\/schema\/person\/50fda0e926597684c7cc6695238a4eb9\"},\"headline\":\"Tempolimit, Umweltbewusstsein und Sozialverhalten: So ticken die deutschen E-Auto-Fahrer\",\"datePublished\":\"2024-01-10T09:24:46+00:00\",\"dateModified\":\"2024-01-10T09:24:47+00:00\",\"mainEntityOfPage\":{\"@id\":\"https:\/\/www.sonnenseite.com\/de\/mobilitaet\/tempolimit-umweltbewusstsein-und-sozialverhalten-so-ticken-die-deutschen-e-auto-fahrer\/\"},\"wordCount\":578,\"publisher\":{\"@id\":\"https:\/\/www.sonnenseite.com\/de\/#organization\"},\"image\":{\"@id\":\"https:\/\/www.sonnenseite.com\/de\/mobilitaet\/tempolimit-umweltbewusstsein-und-sozialverhalten-so-ticken-die-deutschen-e-auto-fahrer\/#primaryimage\"},\"thumbnailUrl\":\"https:\/\/www.sonnenseite.com\/wp-content\/uploads\/2023\/01\/E-Auto_laden_Scharfsinn.jpg\",\"articleSection\":[\"Mobilit\u00e4t\"],\"inLanguage\":\"de\"},{\"@type\":\"WebPage\",\"@id\":\"https:\/\/www.sonnenseite.com\/de\/mobilitaet\/tempolimit-umweltbewusstsein-und-sozialverhalten-so-ticken-die-deutschen-e-auto-fahrer\/\",\"url\":\"https:\/\/www.sonnenseite.com\/de\/mobilitaet\/tempolimit-umweltbewusstsein-und-sozialverhalten-so-ticken-die-deutschen-e-auto-fahrer\/\",\"name\":\"Tempolimit, Umweltbewusstsein und Sozialverhalten: So ticken die deutschen E-Auto-Fahrer - Sonnenseite - \u00d6kologische Kommunikation mit Franz Alt\",\"isPartOf\":{\"@id\":\"https:\/\/www.sonnenseite.com\/de\/#website\"},\"primaryImageOfPage\":{\"@id\":\"https:\/\/www.sonnenseite.com\/de\/mobilitaet\/tempolimit-umweltbewusstsein-und-sozialverhalten-so-ticken-die-deutschen-e-auto-fahrer\/#primaryimage\"},\"image\":{\"@id\":\"https:\/\/www.sonnenseite.com\/de\/mobilitaet\/tempolimit-umweltbewusstsein-und-sozialverhalten-so-ticken-die-deutschen-e-auto-fahrer\/#primaryimage\"},\"thumbnailUrl\":\"https:\/\/www.sonnenseite.com\/wp-content\/uploads\/2023\/01\/E-Auto_laden_Scharfsinn.jpg\",\"datePublished\":\"2024-01-10T09:24:46+00:00\",\"dateModified\":\"2024-01-10T09:24:47+00:00\",\"description\":\"E-Mobilit\u00e4t aus \u00dcberzeugung: \u00dcber die H\u00e4lfte f\u00e4hrt ihr E-Auto der Umwelt zuliebe, ist f\u00fcr ein Tempolimit und bereit, mehr f\u00fcr Strom zu bezahlen als f\u00fcr\",\"breadcrumb\":{\"@id\":\"https:\/\/www.sonnenseite.com\/de\/mobilitaet\/tempolimit-umweltbewusstsein-und-sozialverhalten-so-ticken-die-deutschen-e-auto-fahrer\/#breadcrumb\"},\"inLanguage\":\"de\",\"potentialAction\":[{\"@type\":\"ReadAction\",\"target\":[\"https:\/\/www.sonnenseite.com\/de\/mobilitaet\/tempolimit-umweltbewusstsein-und-sozialverhalten-so-ticken-die-deutschen-e-auto-fahrer\/\"]}]},{\"@type\":\"ImageObject\",\"inLanguage\":\"de\",\"@id\":\"https:\/\/www.sonnenseite.com\/de\/mobilitaet\/tempolimit-umweltbewusstsein-und-sozialverhalten-so-ticken-die-deutschen-e-auto-fahrer\/#primaryimage\",\"url\":\"https:\/\/www.sonnenseite.com\/wp-content\/uploads\/2023\/01\/E-Auto_laden_Scharfsinn.jpg\",\"contentUrl\":\"https:\/\/www.sonnenseite.com\/wp-content\/uploads\/2023\/01\/E-Auto_laden_Scharfsinn.jpg\",\"width\":770,\"height\":420,\"caption\":\"Depositphotos.com | Scharfsinn | Was vor Jahren eine teure Neuheit war, kann jetzt ein g\u00fcnstiger Gebrauchter sein.\"},{\"@type\":\"BreadcrumbList\",\"@id\":\"https:\/\/www.sonnenseite.com\/de\/mobilitaet\/tempolimit-umweltbewusstsein-und-sozialverhalten-so-ticken-die-deutschen-e-auto-fahrer\/#breadcrumb\",\"itemListElement\":[{\"@type\":\"ListItem\",\"position\":1,\"name\":\"Startseite\",\"item\":\"https:\/\/www.sonnenseite.com\/de\/\"},{\"@type\":\"ListItem\",\"position\":2,\"name\":\"Tempolimit, Umweltbewusstsein und Sozialverhalten: So ticken die deutschen E-Auto-Fahrer\"}]},{\"@type\":\"WebSite\",\"@id\":\"https:\/\/www.sonnenseite.com\/de\/#website\",\"url\":\"https:\/\/www.sonnenseite.com\/de\/\",\"name\":\"Sonnenseite\",\"description\":\"\u00d6kologische Kommunikation mit Franz Alt\",\"publisher\":{\"@id\":\"https:\/\/www.sonnenseite.com\/de\/#organization\"},\"potentialAction\":[{\"@type\":\"SearchAction\",\"target\":{\"@type\":\"EntryPoint\",\"urlTemplate\":\"https:\/\/www.sonnenseite.com\/de\/?s={search_term_string}\"},\"query-input\":{\"@type\":\"PropertyValueSpecification\",\"valueRequired\":true,\"valueName\":\"search_term_string\"}}],\"inLanguage\":\"de\"},{\"@type\":\"Organization\",\"@id\":\"https:\/\/www.sonnenseite.com\/de\/#organization\",\"name\":\"Sonnenseite\",\"url\":\"https:\/\/www.sonnenseite.com\/de\/\",\"logo\":{\"@type\":\"ImageObject\",\"inLanguage\":\"de\",\"@id\":\"https:\/\/www.sonnenseite.com\/de\/#\/schema\/logo\/image\/\",\"url\":\"https:\/\/www.sonnenseite.com\/wp-content\/uploads\/2020\/05\/Sonnenseite_Logo.png\",\"contentUrl\":\"https:\/\/www.sonnenseite.com\/wp-content\/uploads\/2020\/05\/Sonnenseite_Logo.png\",\"width\":377,\"height\":90,\"caption\":\"Sonnenseite\"},\"image\":{\"@id\":\"https:\/\/www.sonnenseite.com\/de\/#\/schema\/logo\/image\/\"},\"sameAs\":[\"https:\/\/www.facebook.com\/pages\/Franz-Alt-SONNENSEITECOM\/221072987903953?fref=ts\",\"https:\/\/x.com\/franzalt\",\"http:\/\/www.youtube.com\/results?search_query&amp;amp;quot;franz_alt&amp;amp;quot;&amp;amp;amp;amp;search_type&amp;amp;amp;amp;aq=f\"]},{\"@type\":\"Person\",\"@id\":\"https:\/\/www.sonnenseite.com\/de\/#\/schema\/person\/50fda0e926597684c7cc6695238a4eb9\",\"name\":\"Bigi Alt\"}]}<\/script>\n<!-- \/ Yoast SEO plugin. -->","yoast_head_json":{"title":"Tempolimit, Umweltbewusstsein und Sozialverhalten: So ticken die deutschen E-Auto-Fahrer - Sonnenseite - \u00d6kologische Kommunikation mit Franz Alt","description":"E-Mobilit\u00e4t aus \u00dcberzeugung: \u00dcber die H\u00e4lfte f\u00e4hrt ihr E-Auto der Umwelt zuliebe, ist f\u00fcr ein Tempolimit und bereit, mehr f\u00fcr Strom zu bezahlen als f\u00fcr","robots":{"index":"index","follow":"follow","max-snippet":"max-snippet:-1","max-image-preview":"max-image-preview:large","max-video-preview":"max-video-preview:-1"},"canonical":"https:\/\/www.sonnenseite.com\/de\/mobilitaet\/tempolimit-umweltbewusstsein-und-sozialverhalten-so-ticken-die-deutschen-e-auto-fahrer\/","og_locale":"de_DE","og_type":"article","og_title":"Tempolimit, Umweltbewusstsein und Sozialverhalten: So ticken die deutschen E-Auto-Fahrer - Sonnenseite - \u00d6kologische Kommunikation mit Franz Alt","og_description":"E-Mobilit\u00e4t aus \u00dcberzeugung: \u00dcber die H\u00e4lfte f\u00e4hrt ihr E-Auto der Umwelt zuliebe, ist f\u00fcr ein Tempolimit und bereit, mehr f\u00fcr Strom zu bezahlen als f\u00fcr","og_url":"https:\/\/www.sonnenseite.com\/de\/mobilitaet\/tempolimit-umweltbewusstsein-und-sozialverhalten-so-ticken-die-deutschen-e-auto-fahrer\/","og_site_name":"Sonnenseite","article_publisher":"https:\/\/www.facebook.com\/pages\/Franz-Alt-SONNENSEITECOM\/221072987903953?fref=ts","article_published_time":"2024-01-10T09:24:46+00:00","article_modified_time":"2024-01-10T09:24:47+00:00","og_image":[{"width":770,"height":420,"url":"https:\/\/www.sonnenseite.com\/wp-content\/uploads\/2023\/01\/E-Auto_laden_Scharfsinn.jpg","type":"image\/jpeg"}],"author":"Bigi Alt","twitter_card":"summary_large_image","twitter_creator":"@franzalt","twitter_site":"@franzalt","twitter_misc":{"Verfasst von":"Bigi Alt","Gesch\u00e4tzte Lesezeit":"4\u00a0Minuten"},"schema":{"@context":"https:\/\/schema.org","@graph":[{"@type":"Article","@id":"https:\/\/www.sonnenseite.com\/de\/mobilitaet\/tempolimit-umweltbewusstsein-und-sozialverhalten-so-ticken-die-deutschen-e-auto-fahrer\/#article","isPartOf":{"@id":"https:\/\/www.sonnenseite.com\/de\/mobilitaet\/tempolimit-umweltbewusstsein-und-sozialverhalten-so-ticken-die-deutschen-e-auto-fahrer\/"},"author":{"name":"Bigi Alt","@id":"https:\/\/www.sonnenseite.com\/de\/#\/schema\/person\/50fda0e926597684c7cc6695238a4eb9"},"headline":"Tempolimit, Umweltbewusstsein und Sozialverhalten: So ticken die deutschen E-Auto-Fahrer","datePublished":"2024-01-10T09:24:46+00:00","dateModified":"2024-01-10T09:24:47+00:00","mainEntityOfPage":{"@id":"https:\/\/www.sonnenseite.com\/de\/mobilitaet\/tempolimit-umweltbewusstsein-und-sozialverhalten-so-ticken-die-deutschen-e-auto-fahrer\/"},"wordCount":578,"publisher":{"@id":"https:\/\/www.sonnenseite.com\/de\/#organization"},"image":{"@id":"https:\/\/www.sonnenseite.com\/de\/mobilitaet\/tempolimit-umweltbewusstsein-und-sozialverhalten-so-ticken-die-deutschen-e-auto-fahrer\/#primaryimage"},"thumbnailUrl":"https:\/\/www.sonnenseite.com\/wp-content\/uploads\/2023\/01\/E-Auto_laden_Scharfsinn.jpg","articleSection":["Mobilit\u00e4t"],"inLanguage":"de"},{"@type":"WebPage","@id":"https:\/\/www.sonnenseite.com\/de\/mobilitaet\/tempolimit-umweltbewusstsein-und-sozialverhalten-so-ticken-die-deutschen-e-auto-fahrer\/","url":"https:\/\/www.sonnenseite.com\/de\/mobilitaet\/tempolimit-umweltbewusstsein-und-sozialverhalten-so-ticken-die-deutschen-e-auto-fahrer\/","name":"Tempolimit, Umweltbewusstsein und Sozialverhalten: So ticken die deutschen E-Auto-Fahrer - Sonnenseite - \u00d6kologische Kommunikation mit Franz Alt","isPartOf":{"@id":"https:\/\/www.sonnenseite.com\/de\/#website"},"primaryImageOfPage":{"@id":"https:\/\/www.sonnenseite.com\/de\/mobilitaet\/tempolimit-umweltbewusstsein-und-sozialverhalten-so-ticken-die-deutschen-e-auto-fahrer\/#primaryimage"},"image":{"@id":"https:\/\/www.sonnenseite.com\/de\/mobilitaet\/tempolimit-umweltbewusstsein-und-sozialverhalten-so-ticken-die-deutschen-e-auto-fahrer\/#primaryimage"},"thumbnailUrl":"https:\/\/www.sonnenseite.com\/wp-content\/uploads\/2023\/01\/E-Auto_laden_Scharfsinn.jpg","datePublished":"2024-01-10T09:24:46+00:00","dateModified":"2024-01-10T09:24:47+00:00","description":"E-Mobilit\u00e4t aus \u00dcberzeugung: \u00dcber die H\u00e4lfte f\u00e4hrt ihr E-Auto der Umwelt zuliebe, ist f\u00fcr ein Tempolimit und bereit, mehr f\u00fcr Strom zu bezahlen als f\u00fcr","breadcrumb":{"@id":"https:\/\/www.sonnenseite.com\/de\/mobilitaet\/tempolimit-umweltbewusstsein-und-sozialverhalten-so-ticken-die-deutschen-e-auto-fahrer\/#breadcrumb"},"inLanguage":"de","potentialAction":[{"@type":"ReadAction","target":["https:\/\/www.sonnenseite.com\/de\/mobilitaet\/tempolimit-umweltbewusstsein-und-sozialverhalten-so-ticken-die-deutschen-e-auto-fahrer\/"]}]},{"@type":"ImageObject","inLanguage":"de","@id":"https:\/\/www.sonnenseite.com\/de\/mobilitaet\/tempolimit-umweltbewusstsein-und-sozialverhalten-so-ticken-die-deutschen-e-auto-fahrer\/#primaryimage","url":"https:\/\/www.sonnenseite.com\/wp-content\/uploads\/2023\/01\/E-Auto_laden_Scharfsinn.jpg","contentUrl":"https:\/\/www.sonnenseite.com\/wp-content\/uploads\/2023\/01\/E-Auto_laden_Scharfsinn.jpg","width":770,"height":420,"caption":"Depositphotos.com | Scharfsinn | Was vor Jahren eine teure Neuheit war, kann jetzt ein g\u00fcnstiger Gebrauchter sein."},{"@type":"BreadcrumbList","@id":"https:\/\/www.sonnenseite.com\/de\/mobilitaet\/tempolimit-umweltbewusstsein-und-sozialverhalten-so-ticken-die-deutschen-e-auto-fahrer\/#breadcrumb","itemListElement":[{"@type":"ListItem","position":1,"name":"Startseite","item":"https:\/\/www.sonnenseite.com\/de\/"},{"@type":"ListItem","position":2,"name":"Tempolimit, Umweltbewusstsein und Sozialverhalten: So ticken die deutschen E-Auto-Fahrer"}]},{"@type":"WebSite","@id":"https:\/\/www.sonnenseite.com\/de\/#website","url":"https:\/\/www.sonnenseite.com\/de\/","name":"Sonnenseite","description":"\u00d6kologische Kommunikation mit Franz Alt","publisher":{"@id":"https:\/\/www.sonnenseite.com\/de\/#organization"},"potentialAction":[{"@type":"SearchAction","target":{"@type":"EntryPoint","urlTemplate":"https:\/\/www.sonnenseite.com\/de\/?s={search_term_string}"},"query-input":{"@type":"PropertyValueSpecification","valueRequired":true,"valueName":"search_term_string"}}],"inLanguage":"de"},{"@type":"Organization","@id":"https:\/\/www.sonnenseite.com\/de\/#organization","name":"Sonnenseite","url":"https:\/\/www.sonnenseite.com\/de\/","logo":{"@type":"ImageObject","inLanguage":"de","@id":"https:\/\/www.sonnenseite.com\/de\/#\/schema\/logo\/image\/","url":"https:\/\/www.sonnenseite.com\/wp-content\/uploads\/2020\/05\/Sonnenseite_Logo.png","contentUrl":"https:\/\/www.sonnenseite.com\/wp-content\/uploads\/2020\/05\/Sonnenseite_Logo.png","width":377,"height":90,"caption":"Sonnenseite"},"image":{"@id":"https:\/\/www.sonnenseite.com\/de\/#\/schema\/logo\/image\/"},"sameAs":["https:\/\/www.facebook.com\/pages\/Franz-Alt-SONNENSEITECOM\/221072987903953?fref=ts","https:\/\/x.com\/franzalt","http:\/\/www.youtube.com\/results?search_query&amp;amp;quot;franz_alt&amp;amp;quot;&amp;amp;amp;amp;search_type&amp;amp;amp;amp;aq=f"]},{"@type":"Person","@id":"https:\/\/www.sonnenseite.com\/de\/#\/schema\/person\/50fda0e926597684c7cc6695238a4eb9","name":"Bigi Alt"}]}},"_links":{"self":[{"href":"https:\/\/www.sonnenseite.com\/de\/wp-json\/wp\/v2\/posts\/96599","targetHints":{"allow":["GET"]}}],"collection":[{"href":"https:\/\/www.sonnenseite.com\/de\/wp-json\/wp\/v2\/posts"}],"about":[{"href":"https:\/\/www.sonnenseite.com\/de\/wp-json\/wp\/v2\/types\/post"}],"author":[{"embeddable":true,"href":"https:\/\/www.sonnenseite.com\/de\/wp-json\/wp\/v2\/users\/3"}],"replies":[{"embeddable":true,"href":"https:\/\/www.sonnenseite.com\/de\/wp-json\/wp\/v2\/comments?post=96599"}],"version-history":[{"count":2,"href":"https:\/\/www.sonnenseite.com\/de\/wp-json\/wp\/v2\/posts\/96599\/revisions"}],"predecessor-version":[{"id":96603,"href":"https:\/\/www.sonnenseite.com\/de\/wp-json\/wp\/v2\/posts\/96599\/revisions\/96603"}],"wp:featuredmedia":[{"embeddable":true,"href":"https:\/\/www.sonnenseite.com\/de\/wp-json\/wp\/v2\/media\/88592"}],"wp:attachment":[{"href":"https:\/\/www.sonnenseite.com\/de\/wp-json\/wp\/v2\/media?parent=96599"}],"wp:term":[{"taxonomy":"category","embeddable":true,"href":"https:\/\/www.sonnenseite.com\/de\/wp-json\/wp\/v2\/categories?post=96599"},{"taxonomy":"post_tag","embeddable":true,"href":"https:\/\/www.sonnenseite.com\/de\/wp-json\/wp\/v2\/tags?post=96599"}],"curies":[{"name":"wp","href":"https:\/\/api.w.org\/{rel}","templated":true}]}}