{"id":96628,"date":"2024-01-11T09:10:20","date_gmt":"2024-01-11T08:10:20","guid":{"rendered":"https:\/\/www.sonnenseite.com\/?p=96628"},"modified":"2024-01-11T09:10:21","modified_gmt":"2024-01-11T08:10:21","slug":"wie-mikroplastik-es-bis-in-die-arktis-schafft","status":"publish","type":"post","link":"https:\/\/www.sonnenseite.com\/de\/wissenschaft\/wie-mikroplastik-es-bis-in-die-arktis-schafft\/","title":{"rendered":"Wie Mikroplastik es bis in die Arktis schafft"},"content":{"rendered":"\n<p>Mikroplastikfasern halten sich deutlich l\u00e4nger in der Atmosph\u00e4re als angenommen und k\u00f6nnten sogar die Stratosph\u00e4re erreichen. <\/p>\n\n\n\n<p>Wie weit Mikroplastik in der Atmosph\u00e4re transportiert wird, h\u00e4ngt entscheidend von der Partikelform ab, so eine aktuelle Untersuchung von WissenschafterInnen der <a href=\"https:\/\/medienportal.univie.ac.at\/media\/aktuelle-pressemeldungen\/detailansicht\/artikel\/die-form-zaehlt-wie-mikroplastik-es-bis-in-die-arktis-schafft\/\" target=\"_blank\" rel=\"noreferrer noopener\">Universit\u00e4t Wien<\/a> und des <a href=\"https:\/\/www.ds.mpg.de\/4045870\/240109_shape_matters\" target=\"_blank\" rel=\"noreferrer noopener\">Max-Planck-Instituts f\u00fcr Dynamik und Selbstorganisation in G\u00f6ttingen<\/a>: W\u00e4hrend sich kugelf\u00f6rmige Partikel rasch absetzen, k\u00f6nnten Mikroplastik-Fasern sogar die Stratosph\u00e4re erreichen. Um den Einfluss von Mikroplastik auf die Atmosph\u00e4re zu erforschen, seien dringend weitere Forschungen n\u00f6tig, argumentieren die ForscherInnen in dem am 09.01.2024 in <a href=\"https:\/\/pubs.acs.org\/doi\/10.1021\/acs.est.3c08209\" target=\"_blank\" rel=\"noreferrer noopener\"><em>Environmental Science &amp; Technology<\/em><\/a> publizierten Artikel.<\/p>\n\n\n\n<p>Mikroplastikpartikel k\u00f6nnen in den entlegensten Winkeln unseres Planeten gefunden werden. F\u00fcr einige Orte, wie z. B. arktische Gletscher und Eisschilde, ist der atmosph\u00e4rische Transport der einzig denkbare Weg. Bisher schien jedoch r\u00e4tselhaft, wie einige recht gro\u00dfe und meist faserartige Mikroplastik-Partikel ihren Weg an solche Orte gefunden haben. \u201eAtmosph\u00e4rische Transportmodelle h\u00e4tten eigentlich vorhergesagt, dass solche Partikel nur dann die Distanzen \u00fcberwinden, wenn sie deutlich l\u00e4nger als bisher erwartet in der Luft gehalten werden\u201c, erkl\u00e4rt Daria Tatsii vom Institut f\u00fcr Meteorologie und Geophysik der Universit\u00e4t Wien, Erstautorin des in <em>Environmental Science &amp; Technology <\/em>erschienenen Artikels.<\/p>\n\n\n\n<h4 class=\"wp-block-heading\">Dynamik von Mikroplastik in der Luft<\/h4>\n\n\n\n<p>Dieser offenen Frage ging ein interdisziplin\u00e4res Forschungsteam der Universit\u00e4t Wien und des Max-Planck-Instituts f\u00fcr Dynamik und Selbstorganisation in G\u00f6ttingen mithilfe einer Kombination von Laborexperimenten und Modellsimulationen nach. Dabei wurde zun\u00e4chst experimentell ermittelt, wie schnell sich Mikroplastikfasern in der Atmosph\u00e4re absetzen. \u201e\u00dcberraschenderweise gab es bisher kaum Daten \u00fcber die Dynamik von Mikroplastikfasern in der Luft\u201c, erkl\u00e4rt Mohsen Bagheri vom Max-Planck-Institut f\u00fcr Dynamik und Selbstorganisation, der die Laborexperimente leitete: \u201eDieser Mangel an Daten ist weitgehend darauf zur\u00fcckzuf\u00fchren, dass es schwierig ist, kontrollierte und wiederholbare Experimente mit so kleinen Partikeln in der Luft durchzuf\u00fchren. Doch dank der Fortschritte im 3D-Druck mit Submikrometer-Aufl\u00f6sung und der Entwicklung eines neuartigen Versuchsaufbaus, mit dem wir die einzelnen Mikroplastikpartikel in der Luft verfolgen k\u00f6nnen, konnten wir diese Wissensl\u00fccke schlie\u00dfen,\u201c so Bagheri.<\/p>\n\n\n\n<p>Die ForscherInnen implementierten dann ein Modell, das den Absetzungsprozess von faserf\u00f6rmigen Partikeln beschreibt, in ein globales atmosph\u00e4risches Transportmodell. Die Unterschiede zu kugelf\u00f6rmigen Partikeln waren dramatisch: Fasern mit einer L\u00e4nge von bis zu 1,5 mm konnten in dem Modell die entlegensten Orte der Erde erreichen, w\u00e4hrend sich Kugeln derselben Masse viel n\u00e4her an den jeweiligen regionalen Plastikquellen absetzten.<\/p>\n\n\n\n<p>Daria Tatsii von der Universit\u00e4t Wien betont: \u201eMit den neuartigen Laborexperimenten und der Modellanalyse konnten wir die Unsicherheiten \u00fcber den atmosph\u00e4rischen Transport von Fasern deutlich verringern und endlich erkl\u00e4ren, warum Mikroplastik sehr weit entfernte Regionen des Planeten erreicht. Ein wichtiges Ergebnis der Studie ist, dass unsere Analyse nicht nur auf Mikroplastik, sondern auch auf alle anderen Partikel wie Vulkanasche, Mineralstaub, Pollen usw. anwendbar ist.\u201c<\/p>\n\n\n\n<h4 class=\"wp-block-heading\">Fasern k\u00f6nnten sich sogar auf die Stratosph\u00e4re auswirken<\/h4>\n\n\n\n<p>Zudem zeigte sich, dass Kunststoff-Fasern viel gr\u00f6\u00dfere H\u00f6hen in der Atmosph\u00e4re erreichen k\u00f6nnen als bisher angenommen. Andreas Stohl von der Universit\u00e4t Wien, der die Studie initiiert hat, kommentiert: \u201eDies k\u00f6nnte sich auf die Prozesse der Wolkenbildung und sogar auf das stratosph\u00e4rische Ozon auswirken \u2013 schlie\u00dflich erscheint es durchaus m\u00f6glich, dass reichlich Mikroplastikfasern in der oberen Troposph\u00e4re vorhanden sind und sogar die Stratosph\u00e4re erreichen k\u00f6nnten und es ist nicht auszuschlie\u00dfen, dass das in diesen Partikeln enthaltene Chlor die Ozonschicht sch\u00e4digt.\u201c<\/p>\n\n\n\n<p>Bevor man diesbez\u00fcglich Alarm schl\u00e4gt, seien jedoch jedenfalls weitere Forschungen n\u00f6tig, sagt Stohl: \u201eDerzeit ist noch unklar, wie viel Plastik in welcher Gr\u00f6\u00dfe und Form in die Atmosph\u00e4re gelangt, und wir wissen auch nicht, was damit unter den extremen Bedingungen der oberen Troposph\u00e4re und der Stratosph\u00e4re geschieht. Es fehlen uns sehr grundlegende Daten. Aber angesichts der dramatischen Zunahme der weltweiten Kunststoffproduktion m\u00fcssen wir wachsam sein\u201c, so der Leiter des Instituts f\u00fcr Meteorologie und Geophysik der Universit\u00e4t Wien.<\/p>\n\n\n\n<p>In jedem Fall zeigt sich jedoch: Die oft eigent\u00fcmlichen Formen von Mikroplastikpartikeln m\u00fcssen bei der Untersuchung ihrer Umweltauswirkungen mit ber\u00fccksichtigt werden.<\/p>\n\n\n\n<ul class=\"wp-block-list\">\n<li>Daria Tatsii, Silvia Bucci, Taraprasad Bhowmick, Johannes Guettler, Lucie Bakels, Gholamhossein Bagheri, and Andreas Stohl: <strong>Shape Matters: Long-Range Transport of Microplastic Fibers in the Atmosphere<\/strong>, in: <a href=\"https:\/\/pubs.acs.org\/doi\/10.1021\/acs.est.3c08209\" target=\"_blank\" rel=\"noreferrer noopener\"><em>Environmental Science &amp; Technology<\/em> 2024<\/a>, 58, 1, 671\u2013682; <a href=\"https:\/\/pubs.acs.org\/doi\/10.1021\/acs.est.3c08209\" target=\"_blank\" rel=\"noreferrer noopener\">pubs.acs.org\/doi\/10.1021\/acs.est.3c08209<\/a>; <a href=\"https:\/\/dx.doi.org\/10.1021\/acs.est.3c08209\" target=\"_blank\" rel=\"noreferrer noopener\">dx.doi.org\/10.1021\/acs.est.3c08209<\/a><\/li>\n<\/ul>\n\n\n<h5 class=\"green\">Quelle<\/h5>\r\n\n\n\n<p><a href=\"https:\/\/medienportal.univie.ac.at\/media\/aktuelle-pressemeldungen\/detailansicht\/artikel\/die-form-zaehlt-wie-mikroplastik-es-bis-in-die-arktis-schafft\/\">Universit\u00e4t Wien 2024<\/a><\/p>\n<div class=\"shariff shariff-align-flex-start shariff-widget-align-flex-start\"><div class=\"ShariffHeadline\">Diese Meldung teilen<\/div><ul class=\"shariff-buttons theme-round orientation-horizontal buttonsize-medium\"><li class=\"shariff-button facebook shariff-nocustomcolor\" style=\"background-color:#4273c8;border-radius:1%\"><a href=\"https:\/\/www.facebook.com\/sharer\/sharer.php?u=https%3A%2F%2Fwww.sonnenseite.com%2Fde%2Fwissenschaft%2Fwie-mikroplastik-es-bis-in-die-arktis-schafft%2F\" title=\"Bei Facebook teilen\" aria-label=\"Bei Facebook teilen\" role=\"button\" rel=\"nofollow\" class=\"shariff-link\" style=\";border-radius:1%; background-color:#3b5998; color:#fff\" target=\"_blank\"><span class=\"shariff-icon\" style=\"\"><svg width=\"32px\" height=\"20px\" xmlns=\"http:\/\/www.w3.org\/2000\/svg\" viewBox=\"0 0 18 32\"><path fill=\"#3b5998\" d=\"M17.1 0.2v4.7h-2.8q-1.5 0-2.1 0.6t-0.5 1.9v3.4h5.2l-0.7 5.3h-4.5v13.6h-5.5v-13.6h-4.5v-5.3h4.5v-3.9q0-3.3 1.9-5.2t5-1.8q2.6 0 4.1 0.2z\"\/><\/svg><\/span><\/a><\/li><li class=\"shariff-button twitter shariff-nocustomcolor\" style=\"background-color:#595959;border-radius:1%\"><a href=\"https:\/\/twitter.com\/share?url=https%3A%2F%2Fwww.sonnenseite.com%2Fde%2Fwissenschaft%2Fwie-mikroplastik-es-bis-in-die-arktis-schafft%2F&text=Wie%20Mikroplastik%20es%20bis%20in%20die%20Arktis%20schafft\" title=\"Bei X teilen\" aria-label=\"Bei X teilen\" role=\"button\" rel=\"noopener nofollow\" class=\"shariff-link\" style=\";border-radius:1%; background-color:#000; color:#fff\" target=\"_blank\"><span class=\"shariff-icon\" style=\"\"><svg width=\"32px\" height=\"20px\" xmlns=\"http:\/\/www.w3.org\/2000\/svg\" viewBox=\"0 0 24 24\"><path fill=\"#000\" d=\"M14.258 10.152L23.176 0h-2.113l-7.747 8.813L7.133 0H0l9.352 13.328L0 23.973h2.113l8.176-9.309 6.531 9.309h7.133zm-2.895 3.293l-.949-1.328L2.875 1.56h3.246l6.086 8.523.945 1.328 7.91 11.078h-3.246zm0 0\"\/><\/svg><\/span><\/a><\/li><li class=\"shariff-button xing shariff-nocustomcolor\" style=\"background-color:#29888a;border-radius:1%\"><a href=\"https:\/\/www.xing.com\/spi\/shares\/new?url=https%3A%2F%2Fwww.sonnenseite.com%2Fde%2Fwissenschaft%2Fwie-mikroplastik-es-bis-in-die-arktis-schafft%2F\" title=\"Bei XING teilen\" aria-label=\"Bei XING teilen\" role=\"button\" rel=\"noopener nofollow\" class=\"shariff-link\" style=\";border-radius:1%; background-color:#126567; color:#fff\" target=\"_blank\"><span class=\"shariff-icon\" style=\"\"><svg width=\"32px\" height=\"20px\" xmlns=\"http:\/\/www.w3.org\/2000\/svg\" viewBox=\"0 0 25 32\"><path fill=\"#126567\" d=\"M10.7 11.9q-0.2 0.3-4.6 8.2-0.5 0.8-1.2 0.8h-4.3q-0.4 0-0.5-0.3t0-0.6l4.5-8q0 0 0 0l-2.9-5q-0.2-0.4 0-0.7 0.2-0.3 0.5-0.3h4.3q0.7 0 1.2 0.8zM25.1 0.4q0.2 0.3 0 0.7l-9.4 16.7 6 11q0.2 0.4 0 0.6-0.2 0.3-0.6 0.3h-4.3q-0.7 0-1.2-0.8l-6-11.1q0.3-0.6 9.5-16.8 0.4-0.8 1.2-0.8h4.3q0.4 0 0.5 0.3z\"\/><\/svg><\/span><\/a><\/li><li class=\"shariff-button linkedin shariff-nocustomcolor\" style=\"background-color:#1488bf;border-radius:1%\"><a href=\"https:\/\/www.linkedin.com\/sharing\/share-offsite\/?url=https%3A%2F%2Fwww.sonnenseite.com%2Fde%2Fwissenschaft%2Fwie-mikroplastik-es-bis-in-die-arktis-schafft%2F\" title=\"Bei LinkedIn teilen\" aria-label=\"Bei LinkedIn teilen\" role=\"button\" rel=\"noopener nofollow\" class=\"shariff-link\" style=\";border-radius:1%; background-color:#0077b5; color:#fff\" target=\"_blank\"><span class=\"shariff-icon\" style=\"\"><svg width=\"32px\" height=\"20px\" xmlns=\"http:\/\/www.w3.org\/2000\/svg\" viewBox=\"0 0 27 32\"><path fill=\"#0077b5\" d=\"M6.2 11.2v17.7h-5.9v-17.7h5.9zM6.6 5.7q0 1.3-0.9 2.2t-2.4 0.9h0q-1.5 0-2.4-0.9t-0.9-2.2 0.9-2.2 2.4-0.9 2.4 0.9 0.9 2.2zM27.4 18.7v10.1h-5.9v-9.5q0-1.9-0.7-2.9t-2.3-1.1q-1.1 0-1.9 0.6t-1.2 1.5q-0.2 0.5-0.2 1.4v9.9h-5.9q0-7.1 0-11.6t0-5.3l0-0.9h5.9v2.6h0q0.4-0.6 0.7-1t1-0.9 1.6-0.8 2-0.3q3 0 4.9 2t1.9 6z\"\/><\/svg><\/span><\/a><\/li><li class=\"shariff-button printer shariff-nocustomcolor\" style=\"background-color:#a8a8a8;border-radius:1%\"><a href=\"javascript:window.print()\" title=\"drucken\" aria-label=\"drucken\" role=\"button\" rel=\"noopener nofollow\" class=\"shariff-link\" style=\";border-radius:1%; background-color:#999; color:#fff\"><span class=\"shariff-icon\" style=\"\"><svg width=\"32px\" height=\"20px\" xmlns=\"http:\/\/www.w3.org\/2000\/svg\" viewBox=\"0 0 30 32\"><path fill=\"#999\" d=\"M6.8 27.4h16v-4.6h-16v4.6zM6.8 16h16v-6.8h-2.8q-0.7 0-1.2-0.5t-0.5-1.2v-2.8h-11.4v11.4zM27.4 17.2q0-0.5-0.3-0.8t-0.8-0.4-0.8 0.4-0.3 0.8 0.3 0.8 0.8 0.3 0.8-0.3 0.3-0.8zM29.7 17.2v7.4q0 0.2-0.2 0.4t-0.4 0.2h-4v2.8q0 0.7-0.5 1.2t-1.2 0.5h-17.2q-0.7 0-1.2-0.5t-0.5-1.2v-2.8h-4q-0.2 0-0.4-0.2t-0.2-0.4v-7.4q0-1.4 1-2.4t2.4-1h1.2v-9.7q0-0.7 0.5-1.2t1.2-0.5h12q0.7 0 1.6 0.4t1.3 0.8l2.7 2.7q0.5 0.5 0.9 1.4t0.4 1.6v4.6h1.1q1.4 0 2.4 1t1 2.4z\"\/><\/svg><\/span><\/a><\/li><li class=\"shariff-button mailto shariff-nocustomcolor\" style=\"background-color:#a8a8a8;border-radius:1%\"><a href=\"mailto:?body=https%3A%2F%2Fwww.sonnenseite.com%2Fde%2Fwissenschaft%2Fwie-mikroplastik-es-bis-in-die-arktis-schafft%2F&subject=Wie%20Mikroplastik%20es%20bis%20in%20die%20Arktis%20schafft\" title=\"Per E-Mail versenden\" aria-label=\"Per E-Mail versenden\" role=\"button\" rel=\"noopener nofollow\" class=\"shariff-link\" style=\";border-radius:1%; background-color:#999; color:#fff\"><span class=\"shariff-icon\" style=\"\"><svg width=\"32px\" height=\"20px\" xmlns=\"http:\/\/www.w3.org\/2000\/svg\" viewBox=\"0 0 32 32\"><path fill=\"#999\" d=\"M32 12.7v14.2q0 1.2-0.8 2t-2 0.9h-26.3q-1.2 0-2-0.9t-0.8-2v-14.2q0.8 0.9 1.8 1.6 6.5 4.4 8.9 6.1 1 0.8 1.6 1.2t1.7 0.9 2 0.4h0.1q0.9 0 2-0.4t1.7-0.9 1.6-1.2q3-2.2 8.9-6.1 1-0.7 1.8-1.6zM32 7.4q0 1.4-0.9 2.7t-2.2 2.2q-6.7 4.7-8.4 5.8-0.2 0.1-0.7 0.5t-1 0.7-0.9 0.6-1.1 0.5-0.9 0.2h-0.1q-0.4 0-0.9-0.2t-1.1-0.5-0.9-0.6-1-0.7-0.7-0.5q-1.6-1.1-4.7-3.2t-3.6-2.6q-1.1-0.7-2.1-2t-1-2.5q0-1.4 0.7-2.3t2.1-0.9h26.3q1.2 0 2 0.8t0.9 2z\"\/><\/svg><\/span><\/a><\/li><\/ul><\/div>","protected":false},"excerpt":{"rendered":"<p>Mikroplastikfasern halten sich deutlich l\u00e4nger in der Atmosph\u00e4re als angenommen und k\u00f6nnten sogar die Stratosph\u00e4re erreichen. [&hellip;]<\/p>\n","protected":false},"author":3,"featured_media":84225,"comment_status":"closed","ping_status":"closed","sticky":false,"template":"","format":"standard","meta":{"inline_featured_image":false,"footnotes":""},"categories":[26],"tags":[],"class_list":["post-96628","post","type-post","status-publish","format-standard","has-post-thumbnail","hentry","category-wissenschaft"],"yoast_head":"<!-- This site is optimized with the Yoast SEO plugin v26.5 - https:\/\/yoast.com\/wordpress\/plugins\/seo\/ -->\n<title>Wie Mikroplastik es bis in die Arktis schafft - Sonnenseite - \u00d6kologische Kommunikation mit Franz Alt<\/title>\n<meta name=\"description\" content=\"Mikroplastikfasern halten sich deutlich l\u00e4nger in der Atmosph\u00e4re als angenommen und k\u00f6nnten sogar die Stratosph\u00e4re erreichen. Wie weit Mikroplastik in der\" \/>\n<meta name=\"robots\" content=\"index, follow, max-snippet:-1, max-image-preview:large, max-video-preview:-1\" \/>\n<link rel=\"canonical\" href=\"https:\/\/www.sonnenseite.com\/de\/wissenschaft\/wie-mikroplastik-es-bis-in-die-arktis-schafft\/\" \/>\n<meta property=\"og:locale\" content=\"de_DE\" \/>\n<meta property=\"og:type\" content=\"article\" \/>\n<meta property=\"og:title\" content=\"Wie Mikroplastik es bis in die Arktis schafft - Sonnenseite - \u00d6kologische Kommunikation mit Franz Alt\" \/>\n<meta property=\"og:description\" content=\"Mikroplastikfasern halten sich deutlich l\u00e4nger in der Atmosph\u00e4re als angenommen und k\u00f6nnten sogar die Stratosph\u00e4re erreichen. Wie weit Mikroplastik in der\" \/>\n<meta property=\"og:url\" content=\"https:\/\/www.sonnenseite.com\/de\/wissenschaft\/wie-mikroplastik-es-bis-in-die-arktis-schafft\/\" \/>\n<meta property=\"og:site_name\" content=\"Sonnenseite\" \/>\n<meta property=\"article:publisher\" content=\"https:\/\/www.facebook.com\/pages\/Franz-Alt-SONNENSEITECOM\/221072987903953?fref=ts\" \/>\n<meta property=\"article:published_time\" content=\"2024-01-11T08:10:20+00:00\" \/>\n<meta property=\"article:modified_time\" content=\"2024-01-11T08:10:21+00:00\" \/>\n<meta property=\"og:image\" content=\"https:\/\/www.sonnenseite.com\/wp-content\/uploads\/2022\/08\/Erde_TheDigitalArtist-.jpg\" \/>\n\t<meta property=\"og:image:width\" content=\"770\" \/>\n\t<meta property=\"og:image:height\" content=\"420\" \/>\n\t<meta property=\"og:image:type\" content=\"image\/jpeg\" \/>\n<meta name=\"author\" content=\"Bigi Alt\" \/>\n<meta name=\"twitter:card\" content=\"summary_large_image\" \/>\n<meta name=\"twitter:creator\" content=\"@franzalt\" \/>\n<meta name=\"twitter:site\" content=\"@franzalt\" \/>\n<meta name=\"twitter:label1\" content=\"Verfasst von\" \/>\n\t<meta name=\"twitter:data1\" content=\"Bigi Alt\" \/>\n\t<meta name=\"twitter:label2\" content=\"Gesch\u00e4tzte Lesezeit\" \/>\n\t<meta name=\"twitter:data2\" content=\"4\u00a0Minuten\" \/>\n<script type=\"application\/ld+json\" class=\"yoast-schema-graph\">{\"@context\":\"https:\/\/schema.org\",\"@graph\":[{\"@type\":\"Article\",\"@id\":\"https:\/\/www.sonnenseite.com\/de\/wissenschaft\/wie-mikroplastik-es-bis-in-die-arktis-schafft\/#article\",\"isPartOf\":{\"@id\":\"https:\/\/www.sonnenseite.com\/de\/wissenschaft\/wie-mikroplastik-es-bis-in-die-arktis-schafft\/\"},\"author\":{\"name\":\"Bigi Alt\",\"@id\":\"https:\/\/www.sonnenseite.com\/de\/#\/schema\/person\/50fda0e926597684c7cc6695238a4eb9\"},\"headline\":\"Wie Mikroplastik es bis in die Arktis schafft\",\"datePublished\":\"2024-01-11T08:10:20+00:00\",\"dateModified\":\"2024-01-11T08:10:21+00:00\",\"mainEntityOfPage\":{\"@id\":\"https:\/\/www.sonnenseite.com\/de\/wissenschaft\/wie-mikroplastik-es-bis-in-die-arktis-schafft\/\"},\"wordCount\":747,\"publisher\":{\"@id\":\"https:\/\/www.sonnenseite.com\/de\/#organization\"},\"image\":{\"@id\":\"https:\/\/www.sonnenseite.com\/de\/wissenschaft\/wie-mikroplastik-es-bis-in-die-arktis-schafft\/#primaryimage\"},\"thumbnailUrl\":\"https:\/\/www.sonnenseite.com\/wp-content\/uploads\/2022\/08\/Erde_TheDigitalArtist-.jpg\",\"articleSection\":[\"Wissenschaft\"],\"inLanguage\":\"de\"},{\"@type\":\"WebPage\",\"@id\":\"https:\/\/www.sonnenseite.com\/de\/wissenschaft\/wie-mikroplastik-es-bis-in-die-arktis-schafft\/\",\"url\":\"https:\/\/www.sonnenseite.com\/de\/wissenschaft\/wie-mikroplastik-es-bis-in-die-arktis-schafft\/\",\"name\":\"Wie Mikroplastik es bis in die Arktis schafft - Sonnenseite - \u00d6kologische Kommunikation mit Franz Alt\",\"isPartOf\":{\"@id\":\"https:\/\/www.sonnenseite.com\/de\/#website\"},\"primaryImageOfPage\":{\"@id\":\"https:\/\/www.sonnenseite.com\/de\/wissenschaft\/wie-mikroplastik-es-bis-in-die-arktis-schafft\/#primaryimage\"},\"image\":{\"@id\":\"https:\/\/www.sonnenseite.com\/de\/wissenschaft\/wie-mikroplastik-es-bis-in-die-arktis-schafft\/#primaryimage\"},\"thumbnailUrl\":\"https:\/\/www.sonnenseite.com\/wp-content\/uploads\/2022\/08\/Erde_TheDigitalArtist-.jpg\",\"datePublished\":\"2024-01-11T08:10:20+00:00\",\"dateModified\":\"2024-01-11T08:10:21+00:00\",\"description\":\"Mikroplastikfasern halten sich deutlich l\u00e4nger in der Atmosph\u00e4re als angenommen und k\u00f6nnten sogar die Stratosph\u00e4re erreichen. Wie weit Mikroplastik in der\",\"breadcrumb\":{\"@id\":\"https:\/\/www.sonnenseite.com\/de\/wissenschaft\/wie-mikroplastik-es-bis-in-die-arktis-schafft\/#breadcrumb\"},\"inLanguage\":\"de\",\"potentialAction\":[{\"@type\":\"ReadAction\",\"target\":[\"https:\/\/www.sonnenseite.com\/de\/wissenschaft\/wie-mikroplastik-es-bis-in-die-arktis-schafft\/\"]}]},{\"@type\":\"ImageObject\",\"inLanguage\":\"de\",\"@id\":\"https:\/\/www.sonnenseite.com\/de\/wissenschaft\/wie-mikroplastik-es-bis-in-die-arktis-schafft\/#primaryimage\",\"url\":\"https:\/\/www.sonnenseite.com\/wp-content\/uploads\/2022\/08\/Erde_TheDigitalArtist-.jpg\",\"contentUrl\":\"https:\/\/www.sonnenseite.com\/wp-content\/uploads\/2022\/08\/Erde_TheDigitalArtist-.jpg\",\"width\":770,\"height\":420,\"caption\":\"pixabay.com | TheDigitalArtist | Menschengemachte Dinge k\u00f6nnen als eigene Sph\u00e4re im Erdsystem betrachtet werden \u2013 die Technosph\u00e4re.\"},{\"@type\":\"BreadcrumbList\",\"@id\":\"https:\/\/www.sonnenseite.com\/de\/wissenschaft\/wie-mikroplastik-es-bis-in-die-arktis-schafft\/#breadcrumb\",\"itemListElement\":[{\"@type\":\"ListItem\",\"position\":1,\"name\":\"Startseite\",\"item\":\"https:\/\/www.sonnenseite.com\/de\/\"},{\"@type\":\"ListItem\",\"position\":2,\"name\":\"Wie Mikroplastik es bis in die Arktis schafft\"}]},{\"@type\":\"WebSite\",\"@id\":\"https:\/\/www.sonnenseite.com\/de\/#website\",\"url\":\"https:\/\/www.sonnenseite.com\/de\/\",\"name\":\"Sonnenseite\",\"description\":\"\u00d6kologische Kommunikation mit Franz Alt\",\"publisher\":{\"@id\":\"https:\/\/www.sonnenseite.com\/de\/#organization\"},\"potentialAction\":[{\"@type\":\"SearchAction\",\"target\":{\"@type\":\"EntryPoint\",\"urlTemplate\":\"https:\/\/www.sonnenseite.com\/de\/?s={search_term_string}\"},\"query-input\":{\"@type\":\"PropertyValueSpecification\",\"valueRequired\":true,\"valueName\":\"search_term_string\"}}],\"inLanguage\":\"de\"},{\"@type\":\"Organization\",\"@id\":\"https:\/\/www.sonnenseite.com\/de\/#organization\",\"name\":\"Sonnenseite\",\"url\":\"https:\/\/www.sonnenseite.com\/de\/\",\"logo\":{\"@type\":\"ImageObject\",\"inLanguage\":\"de\",\"@id\":\"https:\/\/www.sonnenseite.com\/de\/#\/schema\/logo\/image\/\",\"url\":\"https:\/\/www.sonnenseite.com\/wp-content\/uploads\/2020\/05\/Sonnenseite_Logo.png\",\"contentUrl\":\"https:\/\/www.sonnenseite.com\/wp-content\/uploads\/2020\/05\/Sonnenseite_Logo.png\",\"width\":377,\"height\":90,\"caption\":\"Sonnenseite\"},\"image\":{\"@id\":\"https:\/\/www.sonnenseite.com\/de\/#\/schema\/logo\/image\/\"},\"sameAs\":[\"https:\/\/www.facebook.com\/pages\/Franz-Alt-SONNENSEITECOM\/221072987903953?fref=ts\",\"https:\/\/x.com\/franzalt\",\"http:\/\/www.youtube.com\/results?search_query&amp;amp;quot;franz_alt&amp;amp;quot;&amp;amp;amp;amp;search_type&amp;amp;amp;amp;aq=f\"]},{\"@type\":\"Person\",\"@id\":\"https:\/\/www.sonnenseite.com\/de\/#\/schema\/person\/50fda0e926597684c7cc6695238a4eb9\",\"name\":\"Bigi Alt\"}]}<\/script>\n<!-- \/ Yoast SEO plugin. -->","yoast_head_json":{"title":"Wie Mikroplastik es bis in die Arktis schafft - Sonnenseite - \u00d6kologische Kommunikation mit Franz Alt","description":"Mikroplastikfasern halten sich deutlich l\u00e4nger in der Atmosph\u00e4re als angenommen und k\u00f6nnten sogar die Stratosph\u00e4re erreichen. Wie weit Mikroplastik in der","robots":{"index":"index","follow":"follow","max-snippet":"max-snippet:-1","max-image-preview":"max-image-preview:large","max-video-preview":"max-video-preview:-1"},"canonical":"https:\/\/www.sonnenseite.com\/de\/wissenschaft\/wie-mikroplastik-es-bis-in-die-arktis-schafft\/","og_locale":"de_DE","og_type":"article","og_title":"Wie Mikroplastik es bis in die Arktis schafft - Sonnenseite - \u00d6kologische Kommunikation mit Franz Alt","og_description":"Mikroplastikfasern halten sich deutlich l\u00e4nger in der Atmosph\u00e4re als angenommen und k\u00f6nnten sogar die Stratosph\u00e4re erreichen. Wie weit Mikroplastik in der","og_url":"https:\/\/www.sonnenseite.com\/de\/wissenschaft\/wie-mikroplastik-es-bis-in-die-arktis-schafft\/","og_site_name":"Sonnenseite","article_publisher":"https:\/\/www.facebook.com\/pages\/Franz-Alt-SONNENSEITECOM\/221072987903953?fref=ts","article_published_time":"2024-01-11T08:10:20+00:00","article_modified_time":"2024-01-11T08:10:21+00:00","og_image":[{"width":770,"height":420,"url":"https:\/\/www.sonnenseite.com\/wp-content\/uploads\/2022\/08\/Erde_TheDigitalArtist-.jpg","type":"image\/jpeg"}],"author":"Bigi Alt","twitter_card":"summary_large_image","twitter_creator":"@franzalt","twitter_site":"@franzalt","twitter_misc":{"Verfasst von":"Bigi Alt","Gesch\u00e4tzte Lesezeit":"4\u00a0Minuten"},"schema":{"@context":"https:\/\/schema.org","@graph":[{"@type":"Article","@id":"https:\/\/www.sonnenseite.com\/de\/wissenschaft\/wie-mikroplastik-es-bis-in-die-arktis-schafft\/#article","isPartOf":{"@id":"https:\/\/www.sonnenseite.com\/de\/wissenschaft\/wie-mikroplastik-es-bis-in-die-arktis-schafft\/"},"author":{"name":"Bigi Alt","@id":"https:\/\/www.sonnenseite.com\/de\/#\/schema\/person\/50fda0e926597684c7cc6695238a4eb9"},"headline":"Wie Mikroplastik es bis in die Arktis schafft","datePublished":"2024-01-11T08:10:20+00:00","dateModified":"2024-01-11T08:10:21+00:00","mainEntityOfPage":{"@id":"https:\/\/www.sonnenseite.com\/de\/wissenschaft\/wie-mikroplastik-es-bis-in-die-arktis-schafft\/"},"wordCount":747,"publisher":{"@id":"https:\/\/www.sonnenseite.com\/de\/#organization"},"image":{"@id":"https:\/\/www.sonnenseite.com\/de\/wissenschaft\/wie-mikroplastik-es-bis-in-die-arktis-schafft\/#primaryimage"},"thumbnailUrl":"https:\/\/www.sonnenseite.com\/wp-content\/uploads\/2022\/08\/Erde_TheDigitalArtist-.jpg","articleSection":["Wissenschaft"],"inLanguage":"de"},{"@type":"WebPage","@id":"https:\/\/www.sonnenseite.com\/de\/wissenschaft\/wie-mikroplastik-es-bis-in-die-arktis-schafft\/","url":"https:\/\/www.sonnenseite.com\/de\/wissenschaft\/wie-mikroplastik-es-bis-in-die-arktis-schafft\/","name":"Wie Mikroplastik es bis in die Arktis schafft - Sonnenseite - \u00d6kologische Kommunikation mit Franz Alt","isPartOf":{"@id":"https:\/\/www.sonnenseite.com\/de\/#website"},"primaryImageOfPage":{"@id":"https:\/\/www.sonnenseite.com\/de\/wissenschaft\/wie-mikroplastik-es-bis-in-die-arktis-schafft\/#primaryimage"},"image":{"@id":"https:\/\/www.sonnenseite.com\/de\/wissenschaft\/wie-mikroplastik-es-bis-in-die-arktis-schafft\/#primaryimage"},"thumbnailUrl":"https:\/\/www.sonnenseite.com\/wp-content\/uploads\/2022\/08\/Erde_TheDigitalArtist-.jpg","datePublished":"2024-01-11T08:10:20+00:00","dateModified":"2024-01-11T08:10:21+00:00","description":"Mikroplastikfasern halten sich deutlich l\u00e4nger in der Atmosph\u00e4re als angenommen und k\u00f6nnten sogar die Stratosph\u00e4re erreichen. Wie weit Mikroplastik in der","breadcrumb":{"@id":"https:\/\/www.sonnenseite.com\/de\/wissenschaft\/wie-mikroplastik-es-bis-in-die-arktis-schafft\/#breadcrumb"},"inLanguage":"de","potentialAction":[{"@type":"ReadAction","target":["https:\/\/www.sonnenseite.com\/de\/wissenschaft\/wie-mikroplastik-es-bis-in-die-arktis-schafft\/"]}]},{"@type":"ImageObject","inLanguage":"de","@id":"https:\/\/www.sonnenseite.com\/de\/wissenschaft\/wie-mikroplastik-es-bis-in-die-arktis-schafft\/#primaryimage","url":"https:\/\/www.sonnenseite.com\/wp-content\/uploads\/2022\/08\/Erde_TheDigitalArtist-.jpg","contentUrl":"https:\/\/www.sonnenseite.com\/wp-content\/uploads\/2022\/08\/Erde_TheDigitalArtist-.jpg","width":770,"height":420,"caption":"pixabay.com | TheDigitalArtist | Menschengemachte Dinge k\u00f6nnen als eigene Sph\u00e4re im Erdsystem betrachtet werden \u2013 die Technosph\u00e4re."},{"@type":"BreadcrumbList","@id":"https:\/\/www.sonnenseite.com\/de\/wissenschaft\/wie-mikroplastik-es-bis-in-die-arktis-schafft\/#breadcrumb","itemListElement":[{"@type":"ListItem","position":1,"name":"Startseite","item":"https:\/\/www.sonnenseite.com\/de\/"},{"@type":"ListItem","position":2,"name":"Wie Mikroplastik es bis in die Arktis schafft"}]},{"@type":"WebSite","@id":"https:\/\/www.sonnenseite.com\/de\/#website","url":"https:\/\/www.sonnenseite.com\/de\/","name":"Sonnenseite","description":"\u00d6kologische Kommunikation mit Franz Alt","publisher":{"@id":"https:\/\/www.sonnenseite.com\/de\/#organization"},"potentialAction":[{"@type":"SearchAction","target":{"@type":"EntryPoint","urlTemplate":"https:\/\/www.sonnenseite.com\/de\/?s={search_term_string}"},"query-input":{"@type":"PropertyValueSpecification","valueRequired":true,"valueName":"search_term_string"}}],"inLanguage":"de"},{"@type":"Organization","@id":"https:\/\/www.sonnenseite.com\/de\/#organization","name":"Sonnenseite","url":"https:\/\/www.sonnenseite.com\/de\/","logo":{"@type":"ImageObject","inLanguage":"de","@id":"https:\/\/www.sonnenseite.com\/de\/#\/schema\/logo\/image\/","url":"https:\/\/www.sonnenseite.com\/wp-content\/uploads\/2020\/05\/Sonnenseite_Logo.png","contentUrl":"https:\/\/www.sonnenseite.com\/wp-content\/uploads\/2020\/05\/Sonnenseite_Logo.png","width":377,"height":90,"caption":"Sonnenseite"},"image":{"@id":"https:\/\/www.sonnenseite.com\/de\/#\/schema\/logo\/image\/"},"sameAs":["https:\/\/www.facebook.com\/pages\/Franz-Alt-SONNENSEITECOM\/221072987903953?fref=ts","https:\/\/x.com\/franzalt","http:\/\/www.youtube.com\/results?search_query&amp;amp;quot;franz_alt&amp;amp;quot;&amp;amp;amp;amp;search_type&amp;amp;amp;amp;aq=f"]},{"@type":"Person","@id":"https:\/\/www.sonnenseite.com\/de\/#\/schema\/person\/50fda0e926597684c7cc6695238a4eb9","name":"Bigi Alt"}]}},"_links":{"self":[{"href":"https:\/\/www.sonnenseite.com\/de\/wp-json\/wp\/v2\/posts\/96628","targetHints":{"allow":["GET"]}}],"collection":[{"href":"https:\/\/www.sonnenseite.com\/de\/wp-json\/wp\/v2\/posts"}],"about":[{"href":"https:\/\/www.sonnenseite.com\/de\/wp-json\/wp\/v2\/types\/post"}],"author":[{"embeddable":true,"href":"https:\/\/www.sonnenseite.com\/de\/wp-json\/wp\/v2\/users\/3"}],"replies":[{"embeddable":true,"href":"https:\/\/www.sonnenseite.com\/de\/wp-json\/wp\/v2\/comments?post=96628"}],"version-history":[{"count":1,"href":"https:\/\/www.sonnenseite.com\/de\/wp-json\/wp\/v2\/posts\/96628\/revisions"}],"predecessor-version":[{"id":96629,"href":"https:\/\/www.sonnenseite.com\/de\/wp-json\/wp\/v2\/posts\/96628\/revisions\/96629"}],"wp:featuredmedia":[{"embeddable":true,"href":"https:\/\/www.sonnenseite.com\/de\/wp-json\/wp\/v2\/media\/84225"}],"wp:attachment":[{"href":"https:\/\/www.sonnenseite.com\/de\/wp-json\/wp\/v2\/media?parent=96628"}],"wp:term":[{"taxonomy":"category","embeddable":true,"href":"https:\/\/www.sonnenseite.com\/de\/wp-json\/wp\/v2\/categories?post=96628"},{"taxonomy":"post_tag","embeddable":true,"href":"https:\/\/www.sonnenseite.com\/de\/wp-json\/wp\/v2\/tags?post=96628"}],"curies":[{"name":"wp","href":"https:\/\/api.w.org\/{rel}","templated":true}]}}