{"id":96746,"date":"2024-01-17T12:29:40","date_gmt":"2024-01-17T11:29:40","guid":{"rendered":"https:\/\/www.sonnenseite.com\/?p=96746"},"modified":"2024-01-30T13:42:05","modified_gmt":"2024-01-30T12:42:05","slug":"die-klimakrise-koennte-bis-2050-145-millionen-todesfaelle-verursachen","status":"publish","type":"post","link":"https:\/\/www.sonnenseite.com\/de\/politik\/die-klimakrise-koennte-bis-2050-145-millionen-todesfaelle-verursachen\/","title":{"rendered":"Die Klimakrise k\u00f6nnte bis 2050 14,5 Millionen Todesf\u00e4lle verursachen"},"content":{"rendered":"\n<p>Ein neuer Bericht des Weltwirtschaftsforums warnt davor, dass der Klimawandel bis 2050 weltweit weitere 14,5 Millionen Todesf\u00e4lle und wirtschaftliche Verluste in H\u00f6he von 12,5 Billionen US-Dollar verursachen k\u00f6nnte. Trotz der eindeutigen Ergebnisse bleibt den globalen Interessengruppen noch Zeit, entschlossene, strategische Ma\u00dfnahmen zu ergreifen, um diesen Prognosen entgegenzuwirken und die gesundheitlichen Auswirkungen des Klimawandels weltweit abzumildern.<\/p>\n\n\n\n<p>Der in Zusammenarbeit mit Oliver Wyman entwickelte Bericht \u201e <a href=\"https:\/\/www.weforum.org\/publications\/quantifying-the-impact-of-climate-change-on-human-health\/\"><em>Quantifying the Impact of Climate Change on Human Health\u201c<\/em><\/a> analysiert die Klimakrise aus einer neuen Perspektive, indem er ein detailliertes Bild der indirekten Auswirkungen des Klimawandels auf die menschliche Gesundheit, die Weltwirtschaft und das Gesundheitswesen liefert Systeme auf der ganzen Welt und bieten umsetzbare Strategien zur Eind\u00e4mmung und Vorbereitung dieser drohenden Bedrohung.<\/p>\n\n\n\n<p>\u201eW\u00e4hrend viel \u00fcber die Auswirkungen des Klimawandels auf die Natur und die Weltwirtschaft diskutiert wurde, werden einige der dringendsten Folgen der steigenden Temperaturen auf der Erde die menschliche Gesundheit und das globale Gesundheitssystem betreffen\u201c, sagte Shyam Bishen, Leiter des Zentrum f\u00fcr Gesundheit und Gesundheitswesen und Mitglied des Exekutivkomitees des Weltwirtschaftsforums. \u201eJ\u00fcngste Fortschritte werden verloren gehen, wenn nicht entscheidende Emissionsminderungs- und -minderungsma\u00dfnahmen verbessert werden und entscheidende globale Ma\u00dfnahmen ergriffen werden, um klimaresistente und anpassungsf\u00e4hige Gesundheitssysteme aufzubauen.\u201c<\/p>\n\n\n\n<p>Der Bericht quantifiziert die gesundheitlichen Folgen des Klimawandels, sowohl im Hinblick auf die gesundheitlichen Folgen (Sterblichkeit und Verlust gesunder Leben) als auch auf die wirtschaftlichen Kosten f\u00fcr das Gesundheitssystem, die bis 2050 auf weitere 1,1 Billionen US-Dollar an zus\u00e4tzlichen Kosten gesch\u00e4tzt werden. Die Analyse basiert darauf auf vom Zwischenstaatlichen Ausschuss f\u00fcr Klima\u00e4nderungen (IPCC) entwickelten Szenarien zur wahrscheinlichsten Entwicklung des Anstiegs der Durchschnittstemperatur auf dem Planeten, 2,5\u00b0 bis 2,9\u00b0 Celsius gegen\u00fcber dem vorindustriellen Niveau.<\/p>\n\n\n\n<h4 class=\"wp-block-heading\">Klimabedingte gesundheitliche Auswirkungen<\/h4>\n\n\n\n<p>Der Bericht analysiert sechs gro\u00dfe klimabedingte Ereigniskategorien als wichtige, vielschichtige Treiber negativer Auswirkungen auf die Gesundheit: \u00dcberschwemmungen, D\u00fcrren, Hitzewellen, tropische St\u00fcrme, Waldbr\u00e4nde und steigender Meeresspiegel.<\/p>\n\n\n\n<p>Es wurde festgestellt, dass \u00dcberschwemmungen das h\u00f6chste akute Risiko klimabedingter Sterblichkeit darstellen und bis 2050 8,5 Millionen Todesf\u00e4lle verursachen werden. D\u00fcrren, die indirekt mit extremer Hitze in Zusammenhang stehen, sind mit voraussichtlich 3,2 Millionen Todesf\u00e4llen die zweith\u00f6chste Todesursache. Hitzewellen fordern aufgrund des Produktivit\u00e4tsverlusts mit gesch\u00e4tzten 7,1 Billionen US-Dollar bis 2050 den h\u00f6chsten wirtschaftlichen Schaden. Es wird erwartet, dass \u00fcberm\u00e4\u00dfige Todesf\u00e4lle aufgrund von Luftverschmutzung, verursacht durch Feinstaub- und Ozonverschmutzung, mit fast 9 Millionen Todesf\u00e4llen pro <a href=\"https:\/\/www.bmj.com\/content\/383\/bmj-2023-077784#:~:text=Results%20Globally%2C%20all%20cause%20excess,ischaemic%20heart%20disease%20(30%25).\" target=\"_blank\" rel=\"noreferrer noopener\">Jahr den gr\u00f6\u00dften Anteil an vorzeitigen Todesf\u00e4llen haben.<\/a><\/p>\n\n\n\n<p>Der Klimawandel wird auch einen katastrophalen Anstieg mehrerer klimaempfindlicher Krankheitsfolgen ausl\u00f6sen, einschlie\u00dflich vektor\u00fcbertragener Krankheiten, die sich wahrscheinlich auf bisher weniger betroffene Regionen wie Europa und die Vereinigten Staaten auswirken werden. Bis 2050 k\u00f6nnten weitere 500 Millionen Menschen dem Risiko ausgesetzt sein, durch Vektoren \u00fcbertragene Krankheiten zu erleiden, hei\u00dft es in dem Bericht.<\/p>\n\n\n\n<p>\u201eDie Klimakrise ist eine Gesundheitskrise und treibt einen Teufelskreis aus Krankheit, wirtschaftlicher Verw\u00fcstung und Leid voran. Aus diesem Bericht geht klar hervor, dass wir die gesamten Auswirkungen noch nicht verstehen m\u00fcssen\u201c, sagte Vanessa Kerry, CEO von Seed Global Health und WHO-Sondergesandte f\u00fcr Klimawandel und Gesundheit. \u201eWenn wir nicht handeln, wird nicht nur die Zahl der Todesopfer erschreckend hoch sein, sondern wir riskieren auch, die \u00fcber Jahrzehnte erzielten Fortschritte bei der Verbesserung der Gesundheitsergebnisse auf der ganzen Welt zu verlieren. L\u00e4nder, die sich diese Schocks am wenigsten leisten k\u00f6nnen \u2013 und die am wenigsten zu den globalen Emissionen beitragen \u2013 werden am st\u00e4rksten betroffen sein.\u201c<\/p>\n\n\n\n<h4 class=\"wp-block-heading\">Erh\u00f6hte Ungleichheit<\/h4>\n\n\n\n<p>Der Bericht warnt davor, dass der Klimawandel die globalen gesundheitlichen Ungleichheiten weiter versch\u00e4rfen wird, wobei die am st\u00e4rksten gef\u00e4hrdeten Bev\u00f6lkerungsgruppen, darunter Frauen, Jugendliche, \u00e4ltere Menschen, Gruppen mit niedrigem Einkommen und schwer erreichbare Gemeinschaften, am st\u00e4rksten betroffen sind.<\/p>\n\n\n\n<p>Regionen wie Afrika und S\u00fcdasien sind einer erh\u00f6hten Anf\u00e4lligkeit gegen\u00fcber den Auswirkungen des Klimawandels ausgesetzt, die durch bestehende Ressourcenbeschr\u00e4nkungen, angemessene Infrastruktur und wichtige medizinische Ausr\u00fcstung noch versch\u00e4rft wird und ihre F\u00e4higkeit, Umweltherausforderungen anzugehen und sich an sie anzupassen, weiter erschwert.<\/p>\n\n\n\n<h4 class=\"wp-block-heading\">Notwendigkeit der Zusammenarbeit<\/h4>\n\n\n\n<p>Trotz dieser eindeutigen Ergebnisse zeigt die neue Forschung, dass globale Interessengruppen noch Zeit haben, entschlossene, strategische Ma\u00dfnahmen zu ergreifen, um diesen Prognosen entgegenzuwirken und die gesundheitlichen Folgen des Klimawandels abzumildern. Eine verst\u00e4rkte Zusammenarbeit mehrerer Interessengruppen \u00fcber Grenzen und Branchen hinweg sowie eine umfassende Umgestaltung des globalen Gesundheitssystems, um es widerstandsf\u00e4higer, anpassungsf\u00e4higer und gerechter zu machen, werden entscheidende Schritte sein, um dies zu erreichen.<\/p>\n\n\n\n<p>\u201eUnsere Analyse wirft Licht auf die tiefgreifenden Auswirkungen des Klimawandels auf Mortalit\u00e4t, Morbidit\u00e4t und die damit verbundene makro\u00f6konomische Landschaft, wobei allein die Gesundheitssysteme aufgrund des Klimawandels wahrscheinlich zus\u00e4tzliche Kosten in H\u00f6he von 1,1 Billionen US-Dollar tragen m\u00fcssen\u201c, sagte Sam Glick, Global Leader of Health und Life Sciences bei Oliver Wyman. \u201eEs ist klar, dass wir nachhaltiges Handeln brauchen, wenn wir die weitreichenden Folgen des Klimawandels abmildern und eine gesunde Zukunft f\u00fcr alle gew\u00e4hrleisten wollen.\u201c<\/p>\n\n\n<div class=\"wp-block-image\">\n<figure class=\"alignright size-full is-resized\"><a href=\"https:\/\/www.sonnenseite.com\/wp-content\/uploads\/2024\/01\/Quantifying-the-Impact-of-Climate-Change-on-Human-Health01.png\"><img loading=\"lazy\" decoding=\"async\" width=\"594\" height=\"844\" src=\"https:\/\/www.sonnenseite.com\/wp-content\/uploads\/2024\/01\/Quantifying-the-Impact-of-Climate-Change-on-Human-Health01.png\" alt=\"\" class=\"wp-image-96741\" style=\"width:272px;height:auto\" srcset=\"https:\/\/www.sonnenseite.com\/wp-content\/uploads\/2024\/01\/Quantifying-the-Impact-of-Climate-Change-on-Human-Health01.png 594w, https:\/\/www.sonnenseite.com\/wp-content\/uploads\/2024\/01\/Quantifying-the-Impact-of-Climate-Change-on-Human-Health01-211x300.png 211w\" sizes=\"auto, (max-width: 594px) 100vw, 594px\" \/><\/a><\/figure>\n<\/div>\n\n\n<p>\u00dcber das <a href=\"https:\/\/centres.weforum.org\/centre-for-health-and-healthcare\/initiatives\" target=\"_blank\" rel=\"noreferrer noopener\">Center for Health and Healthcare Climate and Health Initiative<\/a> Das Weltwirtschaftsforum bringt Klima- und Gesundheitsakteure aus allen Sektoren und Branchen zusammen, um Expertenarbeitsgruppen zu bilden, die sich auf Infrastruktur und Dienstleistungen konzentrieren. Behandlungen, Diagnostika und Ger\u00e4te; und Gesundheitspersonal und Gemeinschaft. Diese Gruppen werden sich mit Interventionen befassen, deren Schwerpunkt auf Gesundheitsergebnissen liegt, darunter Infektions- und durch Vektoren \u00fcbertragene Krankheiten, nicht \u00fcbertragbare Krankheiten, Ern\u00e4hrungs- und Wassersicherheit sowie psychische Gesundheit.<\/p>\n\n\n\n<ul class=\"wp-block-list\">\n<li><a href=\"https:\/\/www3.weforum.org\/docs\/WEF_Quantifying_the_Impact_of_Climate_Change_on_Human_Health_2024.pdf\" target=\"_blank\" rel=\"noreferrer noopener\">\u201cQuantifying the Impact of Climate Change on Human Health\u201d (pdf)<\/a> | Dieser vom Weltwirtschaftsforum in Zusammenarbeit mit Oliver Wyman erstellte Bericht enth\u00e4lt eine eingehende wirtschaftliche Analyse dar\u00fcber, wie der Klimawandel die Gesundheitslandschaft in den n\u00e4chsten zwei Jahrzehnten ver\u00e4ndern wird. Er hebt die erh\u00f6hten Risiken durch neue Krankheitserreger, Umweltverschmutzung und extreme Wetterereignisse hervor und zeigt, wie diese die derzeitigen gesundheitlichen Ungleichheiten versch\u00e4rfen und die am st\u00e4rksten gef\u00e4hrdeten Bev\u00f6lkerungsgruppen unverh\u00e4ltnism\u00e4\u00dfig stark beeintr\u00e4chtigen werden.<\/li>\n<\/ul>\n\n\n<h5 class=\"green\">Quelle<\/h5>\r\n\n\n\n<p><a href=\"https:\/\/www.weforum.org\/press\/2024\/01\/wef24-climate-crisis-health\/\" target=\"_blank\" rel=\"noreferrer noopener\">World Economic Forum 2024<\/a><\/p>\n<div class=\"shariff shariff-align-flex-start shariff-widget-align-flex-start\"><div class=\"ShariffHeadline\">Diese Meldung teilen<\/div><ul class=\"shariff-buttons theme-round orientation-horizontal buttonsize-medium\"><li class=\"shariff-button facebook shariff-nocustomcolor\" style=\"background-color:#4273c8;border-radius:1%\"><a href=\"https:\/\/www.facebook.com\/sharer\/sharer.php?u=https%3A%2F%2Fwww.sonnenseite.com%2Fde%2Fpolitik%2Fdie-klimakrise-koennte-bis-2050-145-millionen-todesfaelle-verursachen%2F\" title=\"Bei Facebook teilen\" aria-label=\"Bei Facebook teilen\" role=\"button\" rel=\"nofollow\" class=\"shariff-link\" style=\";border-radius:1%; background-color:#3b5998; color:#fff\" target=\"_blank\"><span class=\"shariff-icon\" style=\"\"><svg width=\"32px\" height=\"20px\" xmlns=\"http:\/\/www.w3.org\/2000\/svg\" viewBox=\"0 0 18 32\"><path fill=\"#3b5998\" d=\"M17.1 0.2v4.7h-2.8q-1.5 0-2.1 0.6t-0.5 1.9v3.4h5.2l-0.7 5.3h-4.5v13.6h-5.5v-13.6h-4.5v-5.3h4.5v-3.9q0-3.3 1.9-5.2t5-1.8q2.6 0 4.1 0.2z\"\/><\/svg><\/span><\/a><\/li><li class=\"shariff-button twitter shariff-nocustomcolor\" style=\"background-color:#595959;border-radius:1%\"><a href=\"https:\/\/twitter.com\/share?url=https%3A%2F%2Fwww.sonnenseite.com%2Fde%2Fpolitik%2Fdie-klimakrise-koennte-bis-2050-145-millionen-todesfaelle-verursachen%2F&text=Die%20Klimakrise%20k%C3%B6nnte%20bis%202050%2014%2C5%20Millionen%20Todesf%C3%A4lle%20verursachen\" title=\"Bei X teilen\" aria-label=\"Bei X teilen\" role=\"button\" rel=\"noopener nofollow\" class=\"shariff-link\" style=\";border-radius:1%; background-color:#000; color:#fff\" target=\"_blank\"><span class=\"shariff-icon\" style=\"\"><svg width=\"32px\" height=\"20px\" xmlns=\"http:\/\/www.w3.org\/2000\/svg\" viewBox=\"0 0 24 24\"><path fill=\"#000\" d=\"M14.258 10.152L23.176 0h-2.113l-7.747 8.813L7.133 0H0l9.352 13.328L0 23.973h2.113l8.176-9.309 6.531 9.309h7.133zm-2.895 3.293l-.949-1.328L2.875 1.56h3.246l6.086 8.523.945 1.328 7.91 11.078h-3.246zm0 0\"\/><\/svg><\/span><\/a><\/li><li class=\"shariff-button xing shariff-nocustomcolor\" style=\"background-color:#29888a;border-radius:1%\"><a href=\"https:\/\/www.xing.com\/spi\/shares\/new?url=https%3A%2F%2Fwww.sonnenseite.com%2Fde%2Fpolitik%2Fdie-klimakrise-koennte-bis-2050-145-millionen-todesfaelle-verursachen%2F\" title=\"Bei XING teilen\" aria-label=\"Bei XING teilen\" role=\"button\" rel=\"noopener nofollow\" class=\"shariff-link\" style=\";border-radius:1%; background-color:#126567; color:#fff\" target=\"_blank\"><span class=\"shariff-icon\" style=\"\"><svg width=\"32px\" height=\"20px\" xmlns=\"http:\/\/www.w3.org\/2000\/svg\" viewBox=\"0 0 25 32\"><path fill=\"#126567\" d=\"M10.7 11.9q-0.2 0.3-4.6 8.2-0.5 0.8-1.2 0.8h-4.3q-0.4 0-0.5-0.3t0-0.6l4.5-8q0 0 0 0l-2.9-5q-0.2-0.4 0-0.7 0.2-0.3 0.5-0.3h4.3q0.7 0 1.2 0.8zM25.1 0.4q0.2 0.3 0 0.7l-9.4 16.7 6 11q0.2 0.4 0 0.6-0.2 0.3-0.6 0.3h-4.3q-0.7 0-1.2-0.8l-6-11.1q0.3-0.6 9.5-16.8 0.4-0.8 1.2-0.8h4.3q0.4 0 0.5 0.3z\"\/><\/svg><\/span><\/a><\/li><li class=\"shariff-button linkedin shariff-nocustomcolor\" style=\"background-color:#1488bf;border-radius:1%\"><a href=\"https:\/\/www.linkedin.com\/sharing\/share-offsite\/?url=https%3A%2F%2Fwww.sonnenseite.com%2Fde%2Fpolitik%2Fdie-klimakrise-koennte-bis-2050-145-millionen-todesfaelle-verursachen%2F\" title=\"Bei LinkedIn teilen\" aria-label=\"Bei LinkedIn teilen\" role=\"button\" rel=\"noopener nofollow\" class=\"shariff-link\" style=\";border-radius:1%; background-color:#0077b5; color:#fff\" target=\"_blank\"><span class=\"shariff-icon\" style=\"\"><svg width=\"32px\" height=\"20px\" xmlns=\"http:\/\/www.w3.org\/2000\/svg\" viewBox=\"0 0 27 32\"><path fill=\"#0077b5\" d=\"M6.2 11.2v17.7h-5.9v-17.7h5.9zM6.6 5.7q0 1.3-0.9 2.2t-2.4 0.9h0q-1.5 0-2.4-0.9t-0.9-2.2 0.9-2.2 2.4-0.9 2.4 0.9 0.9 2.2zM27.4 18.7v10.1h-5.9v-9.5q0-1.9-0.7-2.9t-2.3-1.1q-1.1 0-1.9 0.6t-1.2 1.5q-0.2 0.5-0.2 1.4v9.9h-5.9q0-7.1 0-11.6t0-5.3l0-0.9h5.9v2.6h0q0.4-0.6 0.7-1t1-0.9 1.6-0.8 2-0.3q3 0 4.9 2t1.9 6z\"\/><\/svg><\/span><\/a><\/li><li class=\"shariff-button printer shariff-nocustomcolor\" style=\"background-color:#a8a8a8;border-radius:1%\"><a href=\"javascript:window.print()\" title=\"drucken\" aria-label=\"drucken\" role=\"button\" rel=\"noopener nofollow\" class=\"shariff-link\" style=\";border-radius:1%; background-color:#999; color:#fff\"><span class=\"shariff-icon\" style=\"\"><svg width=\"32px\" height=\"20px\" xmlns=\"http:\/\/www.w3.org\/2000\/svg\" viewBox=\"0 0 30 32\"><path fill=\"#999\" d=\"M6.8 27.4h16v-4.6h-16v4.6zM6.8 16h16v-6.8h-2.8q-0.7 0-1.2-0.5t-0.5-1.2v-2.8h-11.4v11.4zM27.4 17.2q0-0.5-0.3-0.8t-0.8-0.4-0.8 0.4-0.3 0.8 0.3 0.8 0.8 0.3 0.8-0.3 0.3-0.8zM29.7 17.2v7.4q0 0.2-0.2 0.4t-0.4 0.2h-4v2.8q0 0.7-0.5 1.2t-1.2 0.5h-17.2q-0.7 0-1.2-0.5t-0.5-1.2v-2.8h-4q-0.2 0-0.4-0.2t-0.2-0.4v-7.4q0-1.4 1-2.4t2.4-1h1.2v-9.7q0-0.7 0.5-1.2t1.2-0.5h12q0.7 0 1.6 0.4t1.3 0.8l2.7 2.7q0.5 0.5 0.9 1.4t0.4 1.6v4.6h1.1q1.4 0 2.4 1t1 2.4z\"\/><\/svg><\/span><\/a><\/li><li class=\"shariff-button mailto shariff-nocustomcolor\" style=\"background-color:#a8a8a8;border-radius:1%\"><a href=\"mailto:?body=https%3A%2F%2Fwww.sonnenseite.com%2Fde%2Fpolitik%2Fdie-klimakrise-koennte-bis-2050-145-millionen-todesfaelle-verursachen%2F&subject=Die%20Klimakrise%20k%C3%B6nnte%20bis%202050%2014%2C5%20Millionen%20Todesf%C3%A4lle%20verursachen\" title=\"Per E-Mail versenden\" aria-label=\"Per E-Mail versenden\" role=\"button\" rel=\"noopener nofollow\" class=\"shariff-link\" style=\";border-radius:1%; background-color:#999; color:#fff\"><span class=\"shariff-icon\" style=\"\"><svg width=\"32px\" height=\"20px\" xmlns=\"http:\/\/www.w3.org\/2000\/svg\" viewBox=\"0 0 32 32\"><path fill=\"#999\" d=\"M32 12.7v14.2q0 1.2-0.8 2t-2 0.9h-26.3q-1.2 0-2-0.9t-0.8-2v-14.2q0.8 0.9 1.8 1.6 6.5 4.4 8.9 6.1 1 0.8 1.6 1.2t1.7 0.9 2 0.4h0.1q0.9 0 2-0.4t1.7-0.9 1.6-1.2q3-2.2 8.9-6.1 1-0.7 1.8-1.6zM32 7.4q0 1.4-0.9 2.7t-2.2 2.2q-6.7 4.7-8.4 5.8-0.2 0.1-0.7 0.5t-1 0.7-0.9 0.6-1.1 0.5-0.9 0.2h-0.1q-0.4 0-0.9-0.2t-1.1-0.5-0.9-0.6-1-0.7-0.7-0.5q-1.6-1.1-4.7-3.2t-3.6-2.6q-1.1-0.7-2.1-2t-1-2.5q0-1.4 0.7-2.3t2.1-0.9h26.3q1.2 0 2 0.8t0.9 2z\"\/><\/svg><\/span><\/a><\/li><\/ul><\/div>","protected":false},"excerpt":{"rendered":"<p>Ein neuer Bericht des Weltwirtschaftsforums warnt davor, dass der Klimawandel bis 2050 weltweit weitere 14,5 Millionen [&hellip;]<\/p>\n","protected":false},"author":3,"featured_media":85786,"comment_status":"closed","ping_status":"closed","sticky":false,"template":"","format":"standard","meta":{"inline_featured_image":false,"footnotes":""},"categories":[21],"tags":[],"class_list":["post-96746","post","type-post","status-publish","format-standard","has-post-thumbnail","hentry","category-politik"],"yoast_head":"<!-- This site is optimized with the Yoast SEO plugin v26.5 - https:\/\/yoast.com\/wordpress\/plugins\/seo\/ -->\n<title>Die Klimakrise k\u00f6nnte bis 2050 14,5 Millionen Todesf\u00e4lle verursachen - Sonnenseite - \u00d6kologische Kommunikation mit Franz Alt<\/title>\n<meta name=\"description\" content=\"Ein neuer Bericht des Weltwirtschaftsforums warnt davor, dass der Klimawandel bis 2050 weltweit weitere 14,5 Millionen Todesf\u00e4lle und wirtschaftliche\" \/>\n<meta name=\"robots\" content=\"index, follow, max-snippet:-1, max-image-preview:large, max-video-preview:-1\" \/>\n<link rel=\"canonical\" href=\"https:\/\/www.sonnenseite.com\/de\/politik\/die-klimakrise-koennte-bis-2050-145-millionen-todesfaelle-verursachen\/\" \/>\n<meta property=\"og:locale\" content=\"de_DE\" \/>\n<meta property=\"og:type\" content=\"article\" \/>\n<meta property=\"og:title\" content=\"Die Klimakrise k\u00f6nnte bis 2050 14,5 Millionen Todesf\u00e4lle verursachen - Sonnenseite - \u00d6kologische Kommunikation mit Franz Alt\" \/>\n<meta property=\"og:description\" content=\"Ein neuer Bericht des Weltwirtschaftsforums warnt davor, dass der Klimawandel bis 2050 weltweit weitere 14,5 Millionen Todesf\u00e4lle und wirtschaftliche\" \/>\n<meta property=\"og:url\" content=\"https:\/\/www.sonnenseite.com\/de\/politik\/die-klimakrise-koennte-bis-2050-145-millionen-todesfaelle-verursachen\/\" \/>\n<meta property=\"og:site_name\" content=\"Sonnenseite\" \/>\n<meta property=\"article:publisher\" content=\"https:\/\/www.facebook.com\/pages\/Franz-Alt-SONNENSEITECOM\/221072987903953?fref=ts\" \/>\n<meta property=\"article:published_time\" content=\"2024-01-17T11:29:40+00:00\" \/>\n<meta property=\"article:modified_time\" content=\"2024-01-30T12:42:05+00:00\" \/>\n<meta property=\"og:image\" content=\"https:\/\/www.sonnenseite.com\/wp-content\/uploads\/2022\/10\/Duerre_Boote_YODA-Adaman.jpg\" \/>\n\t<meta property=\"og:image:width\" content=\"770\" \/>\n\t<meta property=\"og:image:height\" content=\"420\" \/>\n\t<meta property=\"og:image:type\" content=\"image\/jpeg\" \/>\n<meta name=\"author\" content=\"Bigi Alt\" \/>\n<meta name=\"twitter:card\" content=\"summary_large_image\" \/>\n<meta name=\"twitter:creator\" content=\"@franzalt\" \/>\n<meta name=\"twitter:site\" content=\"@franzalt\" \/>\n<meta name=\"twitter:label1\" content=\"Verfasst von\" \/>\n\t<meta name=\"twitter:data1\" content=\"Bigi Alt\" \/>\n\t<meta name=\"twitter:label2\" content=\"Gesch\u00e4tzte Lesezeit\" \/>\n\t<meta name=\"twitter:data2\" content=\"6\u00a0Minuten\" \/>\n<script type=\"application\/ld+json\" class=\"yoast-schema-graph\">{\"@context\":\"https:\/\/schema.org\",\"@graph\":[{\"@type\":\"Article\",\"@id\":\"https:\/\/www.sonnenseite.com\/de\/politik\/die-klimakrise-koennte-bis-2050-145-millionen-todesfaelle-verursachen\/#article\",\"isPartOf\":{\"@id\":\"https:\/\/www.sonnenseite.com\/de\/politik\/die-klimakrise-koennte-bis-2050-145-millionen-todesfaelle-verursachen\/\"},\"author\":{\"name\":\"Bigi Alt\",\"@id\":\"https:\/\/www.sonnenseite.com\/de\/#\/schema\/person\/50fda0e926597684c7cc6695238a4eb9\"},\"headline\":\"Die Klimakrise k\u00f6nnte bis 2050 14,5 Millionen Todesf\u00e4lle verursachen\",\"datePublished\":\"2024-01-17T11:29:40+00:00\",\"dateModified\":\"2024-01-30T12:42:05+00:00\",\"mainEntityOfPage\":{\"@id\":\"https:\/\/www.sonnenseite.com\/de\/politik\/die-klimakrise-koennte-bis-2050-145-millionen-todesfaelle-verursachen\/\"},\"wordCount\":967,\"publisher\":{\"@id\":\"https:\/\/www.sonnenseite.com\/de\/#organization\"},\"image\":{\"@id\":\"https:\/\/www.sonnenseite.com\/de\/politik\/die-klimakrise-koennte-bis-2050-145-millionen-todesfaelle-verursachen\/#primaryimage\"},\"thumbnailUrl\":\"https:\/\/www.sonnenseite.com\/wp-content\/uploads\/2022\/10\/Duerre_Boote_YODA-Adaman.jpg\",\"articleSection\":[\"Politik\"],\"inLanguage\":\"de\"},{\"@type\":\"WebPage\",\"@id\":\"https:\/\/www.sonnenseite.com\/de\/politik\/die-klimakrise-koennte-bis-2050-145-millionen-todesfaelle-verursachen\/\",\"url\":\"https:\/\/www.sonnenseite.com\/de\/politik\/die-klimakrise-koennte-bis-2050-145-millionen-todesfaelle-verursachen\/\",\"name\":\"Die Klimakrise k\u00f6nnte bis 2050 14,5 Millionen Todesf\u00e4lle verursachen - Sonnenseite - \u00d6kologische Kommunikation mit Franz Alt\",\"isPartOf\":{\"@id\":\"https:\/\/www.sonnenseite.com\/de\/#website\"},\"primaryImageOfPage\":{\"@id\":\"https:\/\/www.sonnenseite.com\/de\/politik\/die-klimakrise-koennte-bis-2050-145-millionen-todesfaelle-verursachen\/#primaryimage\"},\"image\":{\"@id\":\"https:\/\/www.sonnenseite.com\/de\/politik\/die-klimakrise-koennte-bis-2050-145-millionen-todesfaelle-verursachen\/#primaryimage\"},\"thumbnailUrl\":\"https:\/\/www.sonnenseite.com\/wp-content\/uploads\/2022\/10\/Duerre_Boote_YODA-Adaman.jpg\",\"datePublished\":\"2024-01-17T11:29:40+00:00\",\"dateModified\":\"2024-01-30T12:42:05+00:00\",\"description\":\"Ein neuer Bericht des Weltwirtschaftsforums warnt davor, dass der Klimawandel bis 2050 weltweit weitere 14,5 Millionen Todesf\u00e4lle und wirtschaftliche\",\"breadcrumb\":{\"@id\":\"https:\/\/www.sonnenseite.com\/de\/politik\/die-klimakrise-koennte-bis-2050-145-millionen-todesfaelle-verursachen\/#breadcrumb\"},\"inLanguage\":\"de\",\"potentialAction\":[{\"@type\":\"ReadAction\",\"target\":[\"https:\/\/www.sonnenseite.com\/de\/politik\/die-klimakrise-koennte-bis-2050-145-millionen-todesfaelle-verursachen\/\"]}]},{\"@type\":\"ImageObject\",\"inLanguage\":\"de\",\"@id\":\"https:\/\/www.sonnenseite.com\/de\/politik\/die-klimakrise-koennte-bis-2050-145-millionen-todesfaelle-verursachen\/#primaryimage\",\"url\":\"https:\/\/www.sonnenseite.com\/wp-content\/uploads\/2022\/10\/Duerre_Boote_YODA-Adaman.jpg\",\"contentUrl\":\"https:\/\/www.sonnenseite.com\/wp-content\/uploads\/2022\/10\/Duerre_Boote_YODA-Adaman.jpg\",\"width\":770,\"height\":420,\"caption\":\"unsplash.com | YODA Adaman\"},{\"@type\":\"BreadcrumbList\",\"@id\":\"https:\/\/www.sonnenseite.com\/de\/politik\/die-klimakrise-koennte-bis-2050-145-millionen-todesfaelle-verursachen\/#breadcrumb\",\"itemListElement\":[{\"@type\":\"ListItem\",\"position\":1,\"name\":\"Startseite\",\"item\":\"https:\/\/www.sonnenseite.com\/de\/\"},{\"@type\":\"ListItem\",\"position\":2,\"name\":\"Die Klimakrise k\u00f6nnte bis 2050 14,5 Millionen Todesf\u00e4lle verursachen\"}]},{\"@type\":\"WebSite\",\"@id\":\"https:\/\/www.sonnenseite.com\/de\/#website\",\"url\":\"https:\/\/www.sonnenseite.com\/de\/\",\"name\":\"Sonnenseite\",\"description\":\"\u00d6kologische Kommunikation mit Franz Alt\",\"publisher\":{\"@id\":\"https:\/\/www.sonnenseite.com\/de\/#organization\"},\"potentialAction\":[{\"@type\":\"SearchAction\",\"target\":{\"@type\":\"EntryPoint\",\"urlTemplate\":\"https:\/\/www.sonnenseite.com\/de\/?s={search_term_string}\"},\"query-input\":{\"@type\":\"PropertyValueSpecification\",\"valueRequired\":true,\"valueName\":\"search_term_string\"}}],\"inLanguage\":\"de\"},{\"@type\":\"Organization\",\"@id\":\"https:\/\/www.sonnenseite.com\/de\/#organization\",\"name\":\"Sonnenseite\",\"url\":\"https:\/\/www.sonnenseite.com\/de\/\",\"logo\":{\"@type\":\"ImageObject\",\"inLanguage\":\"de\",\"@id\":\"https:\/\/www.sonnenseite.com\/de\/#\/schema\/logo\/image\/\",\"url\":\"https:\/\/www.sonnenseite.com\/wp-content\/uploads\/2020\/05\/Sonnenseite_Logo.png\",\"contentUrl\":\"https:\/\/www.sonnenseite.com\/wp-content\/uploads\/2020\/05\/Sonnenseite_Logo.png\",\"width\":377,\"height\":90,\"caption\":\"Sonnenseite\"},\"image\":{\"@id\":\"https:\/\/www.sonnenseite.com\/de\/#\/schema\/logo\/image\/\"},\"sameAs\":[\"https:\/\/www.facebook.com\/pages\/Franz-Alt-SONNENSEITECOM\/221072987903953?fref=ts\",\"https:\/\/x.com\/franzalt\",\"http:\/\/www.youtube.com\/results?search_query&amp;amp;quot;franz_alt&amp;amp;quot;&amp;amp;amp;amp;search_type&amp;amp;amp;amp;aq=f\"]},{\"@type\":\"Person\",\"@id\":\"https:\/\/www.sonnenseite.com\/de\/#\/schema\/person\/50fda0e926597684c7cc6695238a4eb9\",\"name\":\"Bigi Alt\"}]}<\/script>\n<!-- \/ Yoast SEO plugin. -->","yoast_head_json":{"title":"Die Klimakrise k\u00f6nnte bis 2050 14,5 Millionen Todesf\u00e4lle verursachen - Sonnenseite - \u00d6kologische Kommunikation mit Franz Alt","description":"Ein neuer Bericht des Weltwirtschaftsforums warnt davor, dass der Klimawandel bis 2050 weltweit weitere 14,5 Millionen Todesf\u00e4lle und wirtschaftliche","robots":{"index":"index","follow":"follow","max-snippet":"max-snippet:-1","max-image-preview":"max-image-preview:large","max-video-preview":"max-video-preview:-1"},"canonical":"https:\/\/www.sonnenseite.com\/de\/politik\/die-klimakrise-koennte-bis-2050-145-millionen-todesfaelle-verursachen\/","og_locale":"de_DE","og_type":"article","og_title":"Die Klimakrise k\u00f6nnte bis 2050 14,5 Millionen Todesf\u00e4lle verursachen - Sonnenseite - \u00d6kologische Kommunikation mit Franz Alt","og_description":"Ein neuer Bericht des Weltwirtschaftsforums warnt davor, dass der Klimawandel bis 2050 weltweit weitere 14,5 Millionen Todesf\u00e4lle und wirtschaftliche","og_url":"https:\/\/www.sonnenseite.com\/de\/politik\/die-klimakrise-koennte-bis-2050-145-millionen-todesfaelle-verursachen\/","og_site_name":"Sonnenseite","article_publisher":"https:\/\/www.facebook.com\/pages\/Franz-Alt-SONNENSEITECOM\/221072987903953?fref=ts","article_published_time":"2024-01-17T11:29:40+00:00","article_modified_time":"2024-01-30T12:42:05+00:00","og_image":[{"width":770,"height":420,"url":"https:\/\/www.sonnenseite.com\/wp-content\/uploads\/2022\/10\/Duerre_Boote_YODA-Adaman.jpg","type":"image\/jpeg"}],"author":"Bigi Alt","twitter_card":"summary_large_image","twitter_creator":"@franzalt","twitter_site":"@franzalt","twitter_misc":{"Verfasst von":"Bigi Alt","Gesch\u00e4tzte Lesezeit":"6\u00a0Minuten"},"schema":{"@context":"https:\/\/schema.org","@graph":[{"@type":"Article","@id":"https:\/\/www.sonnenseite.com\/de\/politik\/die-klimakrise-koennte-bis-2050-145-millionen-todesfaelle-verursachen\/#article","isPartOf":{"@id":"https:\/\/www.sonnenseite.com\/de\/politik\/die-klimakrise-koennte-bis-2050-145-millionen-todesfaelle-verursachen\/"},"author":{"name":"Bigi Alt","@id":"https:\/\/www.sonnenseite.com\/de\/#\/schema\/person\/50fda0e926597684c7cc6695238a4eb9"},"headline":"Die Klimakrise k\u00f6nnte bis 2050 14,5 Millionen Todesf\u00e4lle verursachen","datePublished":"2024-01-17T11:29:40+00:00","dateModified":"2024-01-30T12:42:05+00:00","mainEntityOfPage":{"@id":"https:\/\/www.sonnenseite.com\/de\/politik\/die-klimakrise-koennte-bis-2050-145-millionen-todesfaelle-verursachen\/"},"wordCount":967,"publisher":{"@id":"https:\/\/www.sonnenseite.com\/de\/#organization"},"image":{"@id":"https:\/\/www.sonnenseite.com\/de\/politik\/die-klimakrise-koennte-bis-2050-145-millionen-todesfaelle-verursachen\/#primaryimage"},"thumbnailUrl":"https:\/\/www.sonnenseite.com\/wp-content\/uploads\/2022\/10\/Duerre_Boote_YODA-Adaman.jpg","articleSection":["Politik"],"inLanguage":"de"},{"@type":"WebPage","@id":"https:\/\/www.sonnenseite.com\/de\/politik\/die-klimakrise-koennte-bis-2050-145-millionen-todesfaelle-verursachen\/","url":"https:\/\/www.sonnenseite.com\/de\/politik\/die-klimakrise-koennte-bis-2050-145-millionen-todesfaelle-verursachen\/","name":"Die Klimakrise k\u00f6nnte bis 2050 14,5 Millionen Todesf\u00e4lle verursachen - Sonnenseite - \u00d6kologische Kommunikation mit Franz Alt","isPartOf":{"@id":"https:\/\/www.sonnenseite.com\/de\/#website"},"primaryImageOfPage":{"@id":"https:\/\/www.sonnenseite.com\/de\/politik\/die-klimakrise-koennte-bis-2050-145-millionen-todesfaelle-verursachen\/#primaryimage"},"image":{"@id":"https:\/\/www.sonnenseite.com\/de\/politik\/die-klimakrise-koennte-bis-2050-145-millionen-todesfaelle-verursachen\/#primaryimage"},"thumbnailUrl":"https:\/\/www.sonnenseite.com\/wp-content\/uploads\/2022\/10\/Duerre_Boote_YODA-Adaman.jpg","datePublished":"2024-01-17T11:29:40+00:00","dateModified":"2024-01-30T12:42:05+00:00","description":"Ein neuer Bericht des Weltwirtschaftsforums warnt davor, dass der Klimawandel bis 2050 weltweit weitere 14,5 Millionen Todesf\u00e4lle und wirtschaftliche","breadcrumb":{"@id":"https:\/\/www.sonnenseite.com\/de\/politik\/die-klimakrise-koennte-bis-2050-145-millionen-todesfaelle-verursachen\/#breadcrumb"},"inLanguage":"de","potentialAction":[{"@type":"ReadAction","target":["https:\/\/www.sonnenseite.com\/de\/politik\/die-klimakrise-koennte-bis-2050-145-millionen-todesfaelle-verursachen\/"]}]},{"@type":"ImageObject","inLanguage":"de","@id":"https:\/\/www.sonnenseite.com\/de\/politik\/die-klimakrise-koennte-bis-2050-145-millionen-todesfaelle-verursachen\/#primaryimage","url":"https:\/\/www.sonnenseite.com\/wp-content\/uploads\/2022\/10\/Duerre_Boote_YODA-Adaman.jpg","contentUrl":"https:\/\/www.sonnenseite.com\/wp-content\/uploads\/2022\/10\/Duerre_Boote_YODA-Adaman.jpg","width":770,"height":420,"caption":"unsplash.com | YODA Adaman"},{"@type":"BreadcrumbList","@id":"https:\/\/www.sonnenseite.com\/de\/politik\/die-klimakrise-koennte-bis-2050-145-millionen-todesfaelle-verursachen\/#breadcrumb","itemListElement":[{"@type":"ListItem","position":1,"name":"Startseite","item":"https:\/\/www.sonnenseite.com\/de\/"},{"@type":"ListItem","position":2,"name":"Die Klimakrise k\u00f6nnte bis 2050 14,5 Millionen Todesf\u00e4lle verursachen"}]},{"@type":"WebSite","@id":"https:\/\/www.sonnenseite.com\/de\/#website","url":"https:\/\/www.sonnenseite.com\/de\/","name":"Sonnenseite","description":"\u00d6kologische Kommunikation mit Franz Alt","publisher":{"@id":"https:\/\/www.sonnenseite.com\/de\/#organization"},"potentialAction":[{"@type":"SearchAction","target":{"@type":"EntryPoint","urlTemplate":"https:\/\/www.sonnenseite.com\/de\/?s={search_term_string}"},"query-input":{"@type":"PropertyValueSpecification","valueRequired":true,"valueName":"search_term_string"}}],"inLanguage":"de"},{"@type":"Organization","@id":"https:\/\/www.sonnenseite.com\/de\/#organization","name":"Sonnenseite","url":"https:\/\/www.sonnenseite.com\/de\/","logo":{"@type":"ImageObject","inLanguage":"de","@id":"https:\/\/www.sonnenseite.com\/de\/#\/schema\/logo\/image\/","url":"https:\/\/www.sonnenseite.com\/wp-content\/uploads\/2020\/05\/Sonnenseite_Logo.png","contentUrl":"https:\/\/www.sonnenseite.com\/wp-content\/uploads\/2020\/05\/Sonnenseite_Logo.png","width":377,"height":90,"caption":"Sonnenseite"},"image":{"@id":"https:\/\/www.sonnenseite.com\/de\/#\/schema\/logo\/image\/"},"sameAs":["https:\/\/www.facebook.com\/pages\/Franz-Alt-SONNENSEITECOM\/221072987903953?fref=ts","https:\/\/x.com\/franzalt","http:\/\/www.youtube.com\/results?search_query&amp;amp;quot;franz_alt&amp;amp;quot;&amp;amp;amp;amp;search_type&amp;amp;amp;amp;aq=f"]},{"@type":"Person","@id":"https:\/\/www.sonnenseite.com\/de\/#\/schema\/person\/50fda0e926597684c7cc6695238a4eb9","name":"Bigi Alt"}]}},"_links":{"self":[{"href":"https:\/\/www.sonnenseite.com\/de\/wp-json\/wp\/v2\/posts\/96746","targetHints":{"allow":["GET"]}}],"collection":[{"href":"https:\/\/www.sonnenseite.com\/de\/wp-json\/wp\/v2\/posts"}],"about":[{"href":"https:\/\/www.sonnenseite.com\/de\/wp-json\/wp\/v2\/types\/post"}],"author":[{"embeddable":true,"href":"https:\/\/www.sonnenseite.com\/de\/wp-json\/wp\/v2\/users\/3"}],"replies":[{"embeddable":true,"href":"https:\/\/www.sonnenseite.com\/de\/wp-json\/wp\/v2\/comments?post=96746"}],"version-history":[{"count":3,"href":"https:\/\/www.sonnenseite.com\/de\/wp-json\/wp\/v2\/posts\/96746\/revisions"}],"predecessor-version":[{"id":96749,"href":"https:\/\/www.sonnenseite.com\/de\/wp-json\/wp\/v2\/posts\/96746\/revisions\/96749"}],"wp:featuredmedia":[{"embeddable":true,"href":"https:\/\/www.sonnenseite.com\/de\/wp-json\/wp\/v2\/media\/85786"}],"wp:attachment":[{"href":"https:\/\/www.sonnenseite.com\/de\/wp-json\/wp\/v2\/media?parent=96746"}],"wp:term":[{"taxonomy":"category","embeddable":true,"href":"https:\/\/www.sonnenseite.com\/de\/wp-json\/wp\/v2\/categories?post=96746"},{"taxonomy":"post_tag","embeddable":true,"href":"https:\/\/www.sonnenseite.com\/de\/wp-json\/wp\/v2\/tags?post=96746"}],"curies":[{"name":"wp","href":"https:\/\/api.w.org\/{rel}","templated":true}]}}