{"id":96757,"date":"2024-01-17T13:20:41","date_gmt":"2024-01-17T12:20:41","guid":{"rendered":"https:\/\/www.sonnenseite.com\/?p=96757"},"modified":"2024-01-17T13:20:42","modified_gmt":"2024-01-17T12:20:42","slug":"zweidrittelmehrheit-fuer-foerderung-deutscher-solarfabriken","status":"publish","type":"post","link":"https:\/\/www.sonnenseite.com\/de\/wirtschaft\/zweidrittelmehrheit-fuer-foerderung-deutscher-solarfabriken\/","title":{"rendered":"Zweidrittelmehrheit f\u00fcr F\u00f6rderung deutscher Solarfabriken"},"content":{"rendered":"\n<p>Eine Zweidrittelmehrheit der Bev\u00f6lkerung spricht sich daf\u00fcr aus, den Absatz von Solarmodulen aus heimischen Solarfabriken f\u00fcr einen begrenzten Zeitraum gezielt zu f\u00f6rdern, um diese wettbewerbsf\u00e4hig und Europa unabh\u00e4ngiger zu machen. <\/p>\n\n\n\n<p>Dies geht aus einer Repr\u00e4sentativbefragung des Meinungsforschungsinstituts YouGov im Auftrag des Bundesverbandes Solarwirtschaft (BSW-Solar) hervor.<\/p>\n\n\n\n<p>Eine Zweidrittelmehrheit der Bev\u00f6lkerung spricht sich daf\u00fcr aus, den Absatz von Solarmodulen aus heimischen Solarfabriken f\u00fcr einen begrenzten Zeitraum gezielt zu f\u00f6rdern, um diese wettbewerbsf\u00e4hig und Europa unabh\u00e4ngiger zu machen. Dies geht aus einer Repr\u00e4sentativbefragung des Meinungsforschungsinstituts YouGov im Auftrag des Bundesverbandes Solarwirtschaft (BSW-Solar) hervor (vgl. <a href=\"https:\/\/bsw.li\/3vBp0pY\">Grafik<\/a>). Der BSW-Solar appelliert an die Bundesregierung, in diesem Sinne umgehend aktiv zu werden. Andernfalls d\u00fcrften bei weiteren Solarmodul-Fabriken in Deutschland noch in diesem Jahr die Lichter ausgehen und die Chance f\u00fcr eine Renaissance der Solarindustrie in Deutschland w\u00e4re vergeben, so der Branchenverband.<\/p>\n\n\n<div class=\"wp-block-image\">\n<figure class=\"aligncenter size-large is-resized\"><a href=\"https:\/\/www.sonnenseite.com\/wp-content\/uploads\/2024\/01\/BSW_PV-Industrie-DE.png\"><img loading=\"lazy\" decoding=\"async\" width=\"1024\" height=\"576\" src=\"https:\/\/www.sonnenseite.com\/wp-content\/uploads\/2024\/01\/BSW_PV-Industrie-DE-1024x576.png\" alt=\"\" class=\"wp-image-96758\" style=\"width:648px;height:auto\" srcset=\"https:\/\/www.sonnenseite.com\/wp-content\/uploads\/2024\/01\/BSW_PV-Industrie-DE-1024x576.png 1024w, https:\/\/www.sonnenseite.com\/wp-content\/uploads\/2024\/01\/BSW_PV-Industrie-DE-300x169.png 300w, https:\/\/www.sonnenseite.com\/wp-content\/uploads\/2024\/01\/BSW_PV-Industrie-DE-768x432.png 768w, https:\/\/www.sonnenseite.com\/wp-content\/uploads\/2024\/01\/BSW_PV-Industrie-DE-1536x864.png 1536w, https:\/\/www.sonnenseite.com\/wp-content\/uploads\/2024\/01\/BSW_PV-Industrie-DE-2048x1152.png 2048w\" sizes=\"auto, (max-width: 1024px) 100vw, 1024px\" \/><\/a><\/figure>\n<\/div>\n\n\n<p>Die Bundesregierung und auch die EU-Kommission hatten sich bereits vor Monaten zum Ziel gesetzt, EE-Produzenten st\u00e4rker zu unterst\u00fctzen, um die hohe Importabh\u00e4ngigkeit insbesondere bei der Produktion von Solarmodulen und ihren Vorprodukten zu reduzieren. W\u00e4hrend andere L\u00e4nder wie die USA und China die Ansiedlung und Skalierung von Solar-Giga-Fabriken stark f\u00f6rdern, lassen konkrete Ma\u00dfnahmen der Bundesregierung weiter auf sich warten. Zwar boomt die Nachfrage nach Photovoltaik, immer weniger Solarmodule kommen aber aus europ\u00e4ischer Fertigung.<\/p>\n\n\n\n<p>\u201eAktuellen Sparzw\u00e4nge taugen nicht als Rechtfertigung f\u00fcr weitere politische Verz\u00f6gerungen. Bereits im August 2023 wurden von der Ampel-Koalition mit dem Gesetzesentwurf zum \u201eSolarpaket I\u201c eine Reihe sinnvoller Ma\u00dfnahmen zum B\u00fcrokratieabbau geplant, die zu j\u00e4hrlichen Einsparungen an Haushaltsmitteln im mehrstelligen Millionenbereich f\u00fchren w\u00fcrden.\u00a0 Diese m\u00fcssen vom Deutschen Bundestag nun schnell umgesetzt werden. Mit den so erzielten Einsparungen lie\u00dfen sich die vor\u00fcbergehenden Mehrkosten von Solarprodukten aus europ\u00e4ischer Fertigung mit Hilfe sogenannter \u201eResilienz-Boni\u201c im Erneuerbar-Energien-Gesetz (EEG) weitgehend kompensieren\u201c, erkl\u00e4rt Carsten K\u00f6rnig, Hauptgesch\u00e4ftsf\u00fchrer des BSW-Solar. Der Verband und auch Wissenschaftler legten der Politik bereits im letzten Jahr einen entsprechenden konkreten Vorschlag vor, wie im Rahmen des Solarpaketes I eine Anschubfinanzierung zur Herstellung einer internationalen Wettbewerbsf\u00e4higkeit heimischer Solarfabriken umgesetzt werden k\u00f6nne. Die Einf\u00fchrung von Importbeschr\u00e4nkungen oder Z\u00f6llen lehnt die Solarwirtschaft hingegen entschieden ab. Sie h\u00e4tten sich schon einmal als unwirksam erwiesen und w\u00fcrden die Energiewende in Europa ausbremsen.<\/p>\n\n\n<h5 class=\"green\">Quelle<\/h5>\r\n\n\n\n<p><a href=\"https:\/\/www.solarwirtschaft.de\/2024\/01\/17\/zweidrittelmehrheit-fuer-foerderung-deutscher-solarfabriken\/\">Bundesverband Solarwirtschaft 2024<\/a><\/p>\n<div class=\"shariff shariff-align-flex-start shariff-widget-align-flex-start\"><div class=\"ShariffHeadline\">Diese Meldung teilen<\/div><ul class=\"shariff-buttons theme-round orientation-horizontal buttonsize-medium\"><li class=\"shariff-button facebook shariff-nocustomcolor\" style=\"background-color:#4273c8;border-radius:1%\"><a href=\"https:\/\/www.facebook.com\/sharer\/sharer.php?u=https%3A%2F%2Fwww.sonnenseite.com%2Fde%2Fwirtschaft%2Fzweidrittelmehrheit-fuer-foerderung-deutscher-solarfabriken%2F\" title=\"Bei Facebook teilen\" aria-label=\"Bei Facebook teilen\" role=\"button\" rel=\"nofollow\" class=\"shariff-link\" style=\";border-radius:1%; background-color:#3b5998; color:#fff\" target=\"_blank\"><span class=\"shariff-icon\" style=\"\"><svg width=\"32px\" height=\"20px\" xmlns=\"http:\/\/www.w3.org\/2000\/svg\" viewBox=\"0 0 18 32\"><path fill=\"#3b5998\" d=\"M17.1 0.2v4.7h-2.8q-1.5 0-2.1 0.6t-0.5 1.9v3.4h5.2l-0.7 5.3h-4.5v13.6h-5.5v-13.6h-4.5v-5.3h4.5v-3.9q0-3.3 1.9-5.2t5-1.8q2.6 0 4.1 0.2z\"\/><\/svg><\/span><\/a><\/li><li class=\"shariff-button twitter shariff-nocustomcolor\" style=\"background-color:#595959;border-radius:1%\"><a href=\"https:\/\/twitter.com\/share?url=https%3A%2F%2Fwww.sonnenseite.com%2Fde%2Fwirtschaft%2Fzweidrittelmehrheit-fuer-foerderung-deutscher-solarfabriken%2F&text=Zweidrittelmehrheit%20f%C3%BCr%20F%C3%B6rderung%20deutscher%20Solarfabriken\" title=\"Bei X teilen\" aria-label=\"Bei X teilen\" role=\"button\" rel=\"noopener nofollow\" class=\"shariff-link\" style=\";border-radius:1%; background-color:#000; color:#fff\" target=\"_blank\"><span class=\"shariff-icon\" style=\"\"><svg width=\"32px\" height=\"20px\" xmlns=\"http:\/\/www.w3.org\/2000\/svg\" viewBox=\"0 0 24 24\"><path fill=\"#000\" d=\"M14.258 10.152L23.176 0h-2.113l-7.747 8.813L7.133 0H0l9.352 13.328L0 23.973h2.113l8.176-9.309 6.531 9.309h7.133zm-2.895 3.293l-.949-1.328L2.875 1.56h3.246l6.086 8.523.945 1.328 7.91 11.078h-3.246zm0 0\"\/><\/svg><\/span><\/a><\/li><li class=\"shariff-button xing shariff-nocustomcolor\" style=\"background-color:#29888a;border-radius:1%\"><a href=\"https:\/\/www.xing.com\/spi\/shares\/new?url=https%3A%2F%2Fwww.sonnenseite.com%2Fde%2Fwirtschaft%2Fzweidrittelmehrheit-fuer-foerderung-deutscher-solarfabriken%2F\" title=\"Bei XING teilen\" aria-label=\"Bei XING teilen\" role=\"button\" rel=\"noopener nofollow\" class=\"shariff-link\" style=\";border-radius:1%; background-color:#126567; color:#fff\" target=\"_blank\"><span class=\"shariff-icon\" style=\"\"><svg width=\"32px\" height=\"20px\" xmlns=\"http:\/\/www.w3.org\/2000\/svg\" viewBox=\"0 0 25 32\"><path fill=\"#126567\" d=\"M10.7 11.9q-0.2 0.3-4.6 8.2-0.5 0.8-1.2 0.8h-4.3q-0.4 0-0.5-0.3t0-0.6l4.5-8q0 0 0 0l-2.9-5q-0.2-0.4 0-0.7 0.2-0.3 0.5-0.3h4.3q0.7 0 1.2 0.8zM25.1 0.4q0.2 0.3 0 0.7l-9.4 16.7 6 11q0.2 0.4 0 0.6-0.2 0.3-0.6 0.3h-4.3q-0.7 0-1.2-0.8l-6-11.1q0.3-0.6 9.5-16.8 0.4-0.8 1.2-0.8h4.3q0.4 0 0.5 0.3z\"\/><\/svg><\/span><\/a><\/li><li class=\"shariff-button linkedin shariff-nocustomcolor\" style=\"background-color:#1488bf;border-radius:1%\"><a href=\"https:\/\/www.linkedin.com\/sharing\/share-offsite\/?url=https%3A%2F%2Fwww.sonnenseite.com%2Fde%2Fwirtschaft%2Fzweidrittelmehrheit-fuer-foerderung-deutscher-solarfabriken%2F\" title=\"Bei LinkedIn teilen\" aria-label=\"Bei LinkedIn teilen\" role=\"button\" rel=\"noopener nofollow\" class=\"shariff-link\" style=\";border-radius:1%; background-color:#0077b5; color:#fff\" target=\"_blank\"><span class=\"shariff-icon\" style=\"\"><svg width=\"32px\" height=\"20px\" xmlns=\"http:\/\/www.w3.org\/2000\/svg\" viewBox=\"0 0 27 32\"><path fill=\"#0077b5\" d=\"M6.2 11.2v17.7h-5.9v-17.7h5.9zM6.6 5.7q0 1.3-0.9 2.2t-2.4 0.9h0q-1.5 0-2.4-0.9t-0.9-2.2 0.9-2.2 2.4-0.9 2.4 0.9 0.9 2.2zM27.4 18.7v10.1h-5.9v-9.5q0-1.9-0.7-2.9t-2.3-1.1q-1.1 0-1.9 0.6t-1.2 1.5q-0.2 0.5-0.2 1.4v9.9h-5.9q0-7.1 0-11.6t0-5.3l0-0.9h5.9v2.6h0q0.4-0.6 0.7-1t1-0.9 1.6-0.8 2-0.3q3 0 4.9 2t1.9 6z\"\/><\/svg><\/span><\/a><\/li><li class=\"shariff-button printer shariff-nocustomcolor\" style=\"background-color:#a8a8a8;border-radius:1%\"><a href=\"javascript:window.print()\" title=\"drucken\" aria-label=\"drucken\" role=\"button\" rel=\"noopener nofollow\" class=\"shariff-link\" style=\";border-radius:1%; background-color:#999; color:#fff\"><span class=\"shariff-icon\" style=\"\"><svg width=\"32px\" height=\"20px\" xmlns=\"http:\/\/www.w3.org\/2000\/svg\" viewBox=\"0 0 30 32\"><path fill=\"#999\" d=\"M6.8 27.4h16v-4.6h-16v4.6zM6.8 16h16v-6.8h-2.8q-0.7 0-1.2-0.5t-0.5-1.2v-2.8h-11.4v11.4zM27.4 17.2q0-0.5-0.3-0.8t-0.8-0.4-0.8 0.4-0.3 0.8 0.3 0.8 0.8 0.3 0.8-0.3 0.3-0.8zM29.7 17.2v7.4q0 0.2-0.2 0.4t-0.4 0.2h-4v2.8q0 0.7-0.5 1.2t-1.2 0.5h-17.2q-0.7 0-1.2-0.5t-0.5-1.2v-2.8h-4q-0.2 0-0.4-0.2t-0.2-0.4v-7.4q0-1.4 1-2.4t2.4-1h1.2v-9.7q0-0.7 0.5-1.2t1.2-0.5h12q0.7 0 1.6 0.4t1.3 0.8l2.7 2.7q0.5 0.5 0.9 1.4t0.4 1.6v4.6h1.1q1.4 0 2.4 1t1 2.4z\"\/><\/svg><\/span><\/a><\/li><li class=\"shariff-button mailto shariff-nocustomcolor\" style=\"background-color:#a8a8a8;border-radius:1%\"><a href=\"mailto:?body=https%3A%2F%2Fwww.sonnenseite.com%2Fde%2Fwirtschaft%2Fzweidrittelmehrheit-fuer-foerderung-deutscher-solarfabriken%2F&subject=Zweidrittelmehrheit%20f%C3%BCr%20F%C3%B6rderung%20deutscher%20Solarfabriken\" title=\"Per E-Mail versenden\" aria-label=\"Per E-Mail versenden\" role=\"button\" rel=\"noopener nofollow\" class=\"shariff-link\" style=\";border-radius:1%; background-color:#999; color:#fff\"><span class=\"shariff-icon\" style=\"\"><svg width=\"32px\" height=\"20px\" xmlns=\"http:\/\/www.w3.org\/2000\/svg\" viewBox=\"0 0 32 32\"><path fill=\"#999\" d=\"M32 12.7v14.2q0 1.2-0.8 2t-2 0.9h-26.3q-1.2 0-2-0.9t-0.8-2v-14.2q0.8 0.9 1.8 1.6 6.5 4.4 8.9 6.1 1 0.8 1.6 1.2t1.7 0.9 2 0.4h0.1q0.9 0 2-0.4t1.7-0.9 1.6-1.2q3-2.2 8.9-6.1 1-0.7 1.8-1.6zM32 7.4q0 1.4-0.9 2.7t-2.2 2.2q-6.7 4.7-8.4 5.8-0.2 0.1-0.7 0.5t-1 0.7-0.9 0.6-1.1 0.5-0.9 0.2h-0.1q-0.4 0-0.9-0.2t-1.1-0.5-0.9-0.6-1-0.7-0.7-0.5q-1.6-1.1-4.7-3.2t-3.6-2.6q-1.1-0.7-2.1-2t-1-2.5q0-1.4 0.7-2.3t2.1-0.9h26.3q1.2 0 2 0.8t0.9 2z\"\/><\/svg><\/span><\/a><\/li><\/ul><\/div>","protected":false},"excerpt":{"rendered":"<p>Eine Zweidrittelmehrheit der Bev\u00f6lkerung spricht sich daf\u00fcr aus, den Absatz von Solarmodulen aus heimischen Solarfabriken f\u00fcr [&hellip;]<\/p>\n","protected":false},"author":3,"featured_media":1528,"comment_status":"closed","ping_status":"closed","sticky":false,"template":"","format":"standard","meta":{"inline_featured_image":false,"footnotes":""},"categories":[24],"tags":[],"class_list":["post-96757","post","type-post","status-publish","format-standard","has-post-thumbnail","hentry","category-wirtschaft"],"yoast_head":"<!-- This site is optimized with the Yoast SEO plugin v26.5 - https:\/\/yoast.com\/wordpress\/plugins\/seo\/ -->\n<title>Zweidrittelmehrheit f\u00fcr F\u00f6rderung deutscher Solarfabriken - Sonnenseite - \u00d6kologische Kommunikation mit Franz Alt<\/title>\n<meta name=\"description\" content=\"Eine Zweidrittelmehrheit der Bev\u00f6lkerung spricht sich daf\u00fcr aus, den Absatz von Solarmodulen aus heimischen Solarfabriken f\u00fcr einen begrenzten Zeitraum\" \/>\n<meta name=\"robots\" content=\"index, follow, max-snippet:-1, max-image-preview:large, max-video-preview:-1\" \/>\n<link rel=\"canonical\" href=\"https:\/\/www.sonnenseite.com\/de\/wirtschaft\/zweidrittelmehrheit-fuer-foerderung-deutscher-solarfabriken\/\" \/>\n<meta property=\"og:locale\" content=\"de_DE\" \/>\n<meta property=\"og:type\" content=\"article\" \/>\n<meta property=\"og:title\" content=\"Zweidrittelmehrheit f\u00fcr F\u00f6rderung deutscher Solarfabriken - Sonnenseite - \u00d6kologische Kommunikation mit Franz Alt\" \/>\n<meta property=\"og:description\" content=\"Eine Zweidrittelmehrheit der Bev\u00f6lkerung spricht sich daf\u00fcr aus, den Absatz von Solarmodulen aus heimischen Solarfabriken f\u00fcr einen begrenzten Zeitraum\" \/>\n<meta property=\"og:url\" content=\"https:\/\/www.sonnenseite.com\/de\/wirtschaft\/zweidrittelmehrheit-fuer-foerderung-deutscher-solarfabriken\/\" \/>\n<meta property=\"og:site_name\" content=\"Sonnenseite\" \/>\n<meta property=\"article:publisher\" content=\"https:\/\/www.facebook.com\/pages\/Franz-Alt-SONNENSEITECOM\/221072987903953?fref=ts\" \/>\n<meta property=\"article:published_time\" content=\"2024-01-17T12:20:41+00:00\" \/>\n<meta property=\"article:modified_time\" content=\"2024-01-17T12:20:42+00:00\" \/>\n<meta property=\"og:image\" content=\"https:\/\/www.sonnenseite.com\/wp-content\/uploads\/2020\/04\/Solarzellen_Petair.jpg\" \/>\n\t<meta property=\"og:image:width\" content=\"770\" \/>\n\t<meta property=\"og:image:height\" content=\"420\" \/>\n\t<meta property=\"og:image:type\" content=\"image\/jpeg\" \/>\n<meta name=\"author\" content=\"Bigi Alt\" \/>\n<meta name=\"twitter:card\" content=\"summary_large_image\" \/>\n<meta name=\"twitter:creator\" content=\"@franzalt\" \/>\n<meta name=\"twitter:site\" content=\"@franzalt\" \/>\n<meta name=\"twitter:label1\" content=\"Verfasst von\" \/>\n\t<meta name=\"twitter:data1\" content=\"Bigi Alt\" \/>\n\t<meta name=\"twitter:label2\" content=\"Gesch\u00e4tzte Lesezeit\" \/>\n\t<meta name=\"twitter:data2\" content=\"3\u00a0Minuten\" \/>\n<script type=\"application\/ld+json\" class=\"yoast-schema-graph\">{\"@context\":\"https:\/\/schema.org\",\"@graph\":[{\"@type\":\"Article\",\"@id\":\"https:\/\/www.sonnenseite.com\/de\/wirtschaft\/zweidrittelmehrheit-fuer-foerderung-deutscher-solarfabriken\/#article\",\"isPartOf\":{\"@id\":\"https:\/\/www.sonnenseite.com\/de\/wirtschaft\/zweidrittelmehrheit-fuer-foerderung-deutscher-solarfabriken\/\"},\"author\":{\"name\":\"Bigi Alt\",\"@id\":\"https:\/\/www.sonnenseite.com\/de\/#\/schema\/person\/50fda0e926597684c7cc6695238a4eb9\"},\"headline\":\"Zweidrittelmehrheit f\u00fcr F\u00f6rderung deutscher Solarfabriken\",\"datePublished\":\"2024-01-17T12:20:41+00:00\",\"dateModified\":\"2024-01-17T12:20:42+00:00\",\"mainEntityOfPage\":{\"@id\":\"https:\/\/www.sonnenseite.com\/de\/wirtschaft\/zweidrittelmehrheit-fuer-foerderung-deutscher-solarfabriken\/\"},\"wordCount\":405,\"publisher\":{\"@id\":\"https:\/\/www.sonnenseite.com\/de\/#organization\"},\"image\":{\"@id\":\"https:\/\/www.sonnenseite.com\/de\/wirtschaft\/zweidrittelmehrheit-fuer-foerderung-deutscher-solarfabriken\/#primaryimage\"},\"thumbnailUrl\":\"https:\/\/www.sonnenseite.com\/wp-content\/uploads\/2020\/04\/Solarzellen_Petair.jpg\",\"articleSection\":[\"Wirtschaft\"],\"inLanguage\":\"de\"},{\"@type\":\"WebPage\",\"@id\":\"https:\/\/www.sonnenseite.com\/de\/wirtschaft\/zweidrittelmehrheit-fuer-foerderung-deutscher-solarfabriken\/\",\"url\":\"https:\/\/www.sonnenseite.com\/de\/wirtschaft\/zweidrittelmehrheit-fuer-foerderung-deutscher-solarfabriken\/\",\"name\":\"Zweidrittelmehrheit f\u00fcr F\u00f6rderung deutscher Solarfabriken - Sonnenseite - \u00d6kologische Kommunikation mit Franz Alt\",\"isPartOf\":{\"@id\":\"https:\/\/www.sonnenseite.com\/de\/#website\"},\"primaryImageOfPage\":{\"@id\":\"https:\/\/www.sonnenseite.com\/de\/wirtschaft\/zweidrittelmehrheit-fuer-foerderung-deutscher-solarfabriken\/#primaryimage\"},\"image\":{\"@id\":\"https:\/\/www.sonnenseite.com\/de\/wirtschaft\/zweidrittelmehrheit-fuer-foerderung-deutscher-solarfabriken\/#primaryimage\"},\"thumbnailUrl\":\"https:\/\/www.sonnenseite.com\/wp-content\/uploads\/2020\/04\/Solarzellen_Petair.jpg\",\"datePublished\":\"2024-01-17T12:20:41+00:00\",\"dateModified\":\"2024-01-17T12:20:42+00:00\",\"description\":\"Eine Zweidrittelmehrheit der Bev\u00f6lkerung spricht sich daf\u00fcr aus, den Absatz von Solarmodulen aus heimischen Solarfabriken f\u00fcr einen begrenzten Zeitraum\",\"breadcrumb\":{\"@id\":\"https:\/\/www.sonnenseite.com\/de\/wirtschaft\/zweidrittelmehrheit-fuer-foerderung-deutscher-solarfabriken\/#breadcrumb\"},\"inLanguage\":\"de\",\"potentialAction\":[{\"@type\":\"ReadAction\",\"target\":[\"https:\/\/www.sonnenseite.com\/de\/wirtschaft\/zweidrittelmehrheit-fuer-foerderung-deutscher-solarfabriken\/\"]}]},{\"@type\":\"ImageObject\",\"inLanguage\":\"de\",\"@id\":\"https:\/\/www.sonnenseite.com\/de\/wirtschaft\/zweidrittelmehrheit-fuer-foerderung-deutscher-solarfabriken\/#primaryimage\",\"url\":\"https:\/\/www.sonnenseite.com\/wp-content\/uploads\/2020\/04\/Solarzellen_Petair.jpg\",\"contentUrl\":\"https:\/\/www.sonnenseite.com\/wp-content\/uploads\/2020\/04\/Solarzellen_Petair.jpg\",\"width\":770,\"height\":420,\"caption\":\"Fotolia.com | Petair | Symbolbild\"},{\"@type\":\"BreadcrumbList\",\"@id\":\"https:\/\/www.sonnenseite.com\/de\/wirtschaft\/zweidrittelmehrheit-fuer-foerderung-deutscher-solarfabriken\/#breadcrumb\",\"itemListElement\":[{\"@type\":\"ListItem\",\"position\":1,\"name\":\"Startseite\",\"item\":\"https:\/\/www.sonnenseite.com\/de\/\"},{\"@type\":\"ListItem\",\"position\":2,\"name\":\"Zweidrittelmehrheit f\u00fcr F\u00f6rderung deutscher Solarfabriken\"}]},{\"@type\":\"WebSite\",\"@id\":\"https:\/\/www.sonnenseite.com\/de\/#website\",\"url\":\"https:\/\/www.sonnenseite.com\/de\/\",\"name\":\"Sonnenseite\",\"description\":\"\u00d6kologische Kommunikation mit Franz Alt\",\"publisher\":{\"@id\":\"https:\/\/www.sonnenseite.com\/de\/#organization\"},\"potentialAction\":[{\"@type\":\"SearchAction\",\"target\":{\"@type\":\"EntryPoint\",\"urlTemplate\":\"https:\/\/www.sonnenseite.com\/de\/?s={search_term_string}\"},\"query-input\":{\"@type\":\"PropertyValueSpecification\",\"valueRequired\":true,\"valueName\":\"search_term_string\"}}],\"inLanguage\":\"de\"},{\"@type\":\"Organization\",\"@id\":\"https:\/\/www.sonnenseite.com\/de\/#organization\",\"name\":\"Sonnenseite\",\"url\":\"https:\/\/www.sonnenseite.com\/de\/\",\"logo\":{\"@type\":\"ImageObject\",\"inLanguage\":\"de\",\"@id\":\"https:\/\/www.sonnenseite.com\/de\/#\/schema\/logo\/image\/\",\"url\":\"https:\/\/www.sonnenseite.com\/wp-content\/uploads\/2020\/05\/Sonnenseite_Logo.png\",\"contentUrl\":\"https:\/\/www.sonnenseite.com\/wp-content\/uploads\/2020\/05\/Sonnenseite_Logo.png\",\"width\":377,\"height\":90,\"caption\":\"Sonnenseite\"},\"image\":{\"@id\":\"https:\/\/www.sonnenseite.com\/de\/#\/schema\/logo\/image\/\"},\"sameAs\":[\"https:\/\/www.facebook.com\/pages\/Franz-Alt-SONNENSEITECOM\/221072987903953?fref=ts\",\"https:\/\/x.com\/franzalt\",\"http:\/\/www.youtube.com\/results?search_query&amp;amp;quot;franz_alt&amp;amp;quot;&amp;amp;amp;amp;search_type&amp;amp;amp;amp;aq=f\"]},{\"@type\":\"Person\",\"@id\":\"https:\/\/www.sonnenseite.com\/de\/#\/schema\/person\/50fda0e926597684c7cc6695238a4eb9\",\"name\":\"Bigi Alt\"}]}<\/script>\n<!-- \/ Yoast SEO plugin. -->","yoast_head_json":{"title":"Zweidrittelmehrheit f\u00fcr F\u00f6rderung deutscher Solarfabriken - Sonnenseite - \u00d6kologische Kommunikation mit Franz Alt","description":"Eine Zweidrittelmehrheit der Bev\u00f6lkerung spricht sich daf\u00fcr aus, den Absatz von Solarmodulen aus heimischen Solarfabriken f\u00fcr einen begrenzten Zeitraum","robots":{"index":"index","follow":"follow","max-snippet":"max-snippet:-1","max-image-preview":"max-image-preview:large","max-video-preview":"max-video-preview:-1"},"canonical":"https:\/\/www.sonnenseite.com\/de\/wirtschaft\/zweidrittelmehrheit-fuer-foerderung-deutscher-solarfabriken\/","og_locale":"de_DE","og_type":"article","og_title":"Zweidrittelmehrheit f\u00fcr F\u00f6rderung deutscher Solarfabriken - Sonnenseite - \u00d6kologische Kommunikation mit Franz Alt","og_description":"Eine Zweidrittelmehrheit der Bev\u00f6lkerung spricht sich daf\u00fcr aus, den Absatz von Solarmodulen aus heimischen Solarfabriken f\u00fcr einen begrenzten Zeitraum","og_url":"https:\/\/www.sonnenseite.com\/de\/wirtschaft\/zweidrittelmehrheit-fuer-foerderung-deutscher-solarfabriken\/","og_site_name":"Sonnenseite","article_publisher":"https:\/\/www.facebook.com\/pages\/Franz-Alt-SONNENSEITECOM\/221072987903953?fref=ts","article_published_time":"2024-01-17T12:20:41+00:00","article_modified_time":"2024-01-17T12:20:42+00:00","og_image":[{"width":770,"height":420,"url":"https:\/\/www.sonnenseite.com\/wp-content\/uploads\/2020\/04\/Solarzellen_Petair.jpg","type":"image\/jpeg"}],"author":"Bigi Alt","twitter_card":"summary_large_image","twitter_creator":"@franzalt","twitter_site":"@franzalt","twitter_misc":{"Verfasst von":"Bigi Alt","Gesch\u00e4tzte Lesezeit":"3\u00a0Minuten"},"schema":{"@context":"https:\/\/schema.org","@graph":[{"@type":"Article","@id":"https:\/\/www.sonnenseite.com\/de\/wirtschaft\/zweidrittelmehrheit-fuer-foerderung-deutscher-solarfabriken\/#article","isPartOf":{"@id":"https:\/\/www.sonnenseite.com\/de\/wirtschaft\/zweidrittelmehrheit-fuer-foerderung-deutscher-solarfabriken\/"},"author":{"name":"Bigi Alt","@id":"https:\/\/www.sonnenseite.com\/de\/#\/schema\/person\/50fda0e926597684c7cc6695238a4eb9"},"headline":"Zweidrittelmehrheit f\u00fcr F\u00f6rderung deutscher Solarfabriken","datePublished":"2024-01-17T12:20:41+00:00","dateModified":"2024-01-17T12:20:42+00:00","mainEntityOfPage":{"@id":"https:\/\/www.sonnenseite.com\/de\/wirtschaft\/zweidrittelmehrheit-fuer-foerderung-deutscher-solarfabriken\/"},"wordCount":405,"publisher":{"@id":"https:\/\/www.sonnenseite.com\/de\/#organization"},"image":{"@id":"https:\/\/www.sonnenseite.com\/de\/wirtschaft\/zweidrittelmehrheit-fuer-foerderung-deutscher-solarfabriken\/#primaryimage"},"thumbnailUrl":"https:\/\/www.sonnenseite.com\/wp-content\/uploads\/2020\/04\/Solarzellen_Petair.jpg","articleSection":["Wirtschaft"],"inLanguage":"de"},{"@type":"WebPage","@id":"https:\/\/www.sonnenseite.com\/de\/wirtschaft\/zweidrittelmehrheit-fuer-foerderung-deutscher-solarfabriken\/","url":"https:\/\/www.sonnenseite.com\/de\/wirtschaft\/zweidrittelmehrheit-fuer-foerderung-deutscher-solarfabriken\/","name":"Zweidrittelmehrheit f\u00fcr F\u00f6rderung deutscher Solarfabriken - Sonnenseite - \u00d6kologische Kommunikation mit Franz Alt","isPartOf":{"@id":"https:\/\/www.sonnenseite.com\/de\/#website"},"primaryImageOfPage":{"@id":"https:\/\/www.sonnenseite.com\/de\/wirtschaft\/zweidrittelmehrheit-fuer-foerderung-deutscher-solarfabriken\/#primaryimage"},"image":{"@id":"https:\/\/www.sonnenseite.com\/de\/wirtschaft\/zweidrittelmehrheit-fuer-foerderung-deutscher-solarfabriken\/#primaryimage"},"thumbnailUrl":"https:\/\/www.sonnenseite.com\/wp-content\/uploads\/2020\/04\/Solarzellen_Petair.jpg","datePublished":"2024-01-17T12:20:41+00:00","dateModified":"2024-01-17T12:20:42+00:00","description":"Eine Zweidrittelmehrheit der Bev\u00f6lkerung spricht sich daf\u00fcr aus, den Absatz von Solarmodulen aus heimischen Solarfabriken f\u00fcr einen begrenzten Zeitraum","breadcrumb":{"@id":"https:\/\/www.sonnenseite.com\/de\/wirtschaft\/zweidrittelmehrheit-fuer-foerderung-deutscher-solarfabriken\/#breadcrumb"},"inLanguage":"de","potentialAction":[{"@type":"ReadAction","target":["https:\/\/www.sonnenseite.com\/de\/wirtschaft\/zweidrittelmehrheit-fuer-foerderung-deutscher-solarfabriken\/"]}]},{"@type":"ImageObject","inLanguage":"de","@id":"https:\/\/www.sonnenseite.com\/de\/wirtschaft\/zweidrittelmehrheit-fuer-foerderung-deutscher-solarfabriken\/#primaryimage","url":"https:\/\/www.sonnenseite.com\/wp-content\/uploads\/2020\/04\/Solarzellen_Petair.jpg","contentUrl":"https:\/\/www.sonnenseite.com\/wp-content\/uploads\/2020\/04\/Solarzellen_Petair.jpg","width":770,"height":420,"caption":"Fotolia.com | Petair | Symbolbild"},{"@type":"BreadcrumbList","@id":"https:\/\/www.sonnenseite.com\/de\/wirtschaft\/zweidrittelmehrheit-fuer-foerderung-deutscher-solarfabriken\/#breadcrumb","itemListElement":[{"@type":"ListItem","position":1,"name":"Startseite","item":"https:\/\/www.sonnenseite.com\/de\/"},{"@type":"ListItem","position":2,"name":"Zweidrittelmehrheit f\u00fcr F\u00f6rderung deutscher Solarfabriken"}]},{"@type":"WebSite","@id":"https:\/\/www.sonnenseite.com\/de\/#website","url":"https:\/\/www.sonnenseite.com\/de\/","name":"Sonnenseite","description":"\u00d6kologische Kommunikation mit Franz Alt","publisher":{"@id":"https:\/\/www.sonnenseite.com\/de\/#organization"},"potentialAction":[{"@type":"SearchAction","target":{"@type":"EntryPoint","urlTemplate":"https:\/\/www.sonnenseite.com\/de\/?s={search_term_string}"},"query-input":{"@type":"PropertyValueSpecification","valueRequired":true,"valueName":"search_term_string"}}],"inLanguage":"de"},{"@type":"Organization","@id":"https:\/\/www.sonnenseite.com\/de\/#organization","name":"Sonnenseite","url":"https:\/\/www.sonnenseite.com\/de\/","logo":{"@type":"ImageObject","inLanguage":"de","@id":"https:\/\/www.sonnenseite.com\/de\/#\/schema\/logo\/image\/","url":"https:\/\/www.sonnenseite.com\/wp-content\/uploads\/2020\/05\/Sonnenseite_Logo.png","contentUrl":"https:\/\/www.sonnenseite.com\/wp-content\/uploads\/2020\/05\/Sonnenseite_Logo.png","width":377,"height":90,"caption":"Sonnenseite"},"image":{"@id":"https:\/\/www.sonnenseite.com\/de\/#\/schema\/logo\/image\/"},"sameAs":["https:\/\/www.facebook.com\/pages\/Franz-Alt-SONNENSEITECOM\/221072987903953?fref=ts","https:\/\/x.com\/franzalt","http:\/\/www.youtube.com\/results?search_query&amp;amp;quot;franz_alt&amp;amp;quot;&amp;amp;amp;amp;search_type&amp;amp;amp;amp;aq=f"]},{"@type":"Person","@id":"https:\/\/www.sonnenseite.com\/de\/#\/schema\/person\/50fda0e926597684c7cc6695238a4eb9","name":"Bigi Alt"}]}},"_links":{"self":[{"href":"https:\/\/www.sonnenseite.com\/de\/wp-json\/wp\/v2\/posts\/96757","targetHints":{"allow":["GET"]}}],"collection":[{"href":"https:\/\/www.sonnenseite.com\/de\/wp-json\/wp\/v2\/posts"}],"about":[{"href":"https:\/\/www.sonnenseite.com\/de\/wp-json\/wp\/v2\/types\/post"}],"author":[{"embeddable":true,"href":"https:\/\/www.sonnenseite.com\/de\/wp-json\/wp\/v2\/users\/3"}],"replies":[{"embeddable":true,"href":"https:\/\/www.sonnenseite.com\/de\/wp-json\/wp\/v2\/comments?post=96757"}],"version-history":[{"count":1,"href":"https:\/\/www.sonnenseite.com\/de\/wp-json\/wp\/v2\/posts\/96757\/revisions"}],"predecessor-version":[{"id":96760,"href":"https:\/\/www.sonnenseite.com\/de\/wp-json\/wp\/v2\/posts\/96757\/revisions\/96760"}],"wp:featuredmedia":[{"embeddable":true,"href":"https:\/\/www.sonnenseite.com\/de\/wp-json\/wp\/v2\/media\/1528"}],"wp:attachment":[{"href":"https:\/\/www.sonnenseite.com\/de\/wp-json\/wp\/v2\/media?parent=96757"}],"wp:term":[{"taxonomy":"category","embeddable":true,"href":"https:\/\/www.sonnenseite.com\/de\/wp-json\/wp\/v2\/categories?post=96757"},{"taxonomy":"post_tag","embeddable":true,"href":"https:\/\/www.sonnenseite.com\/de\/wp-json\/wp\/v2\/tags?post=96757"}],"curies":[{"name":"wp","href":"https:\/\/api.w.org\/{rel}","templated":true}]}}