{"id":96792,"date":"2024-01-20T02:34:00","date_gmt":"2024-01-20T01:34:00","guid":{"rendered":"https:\/\/www.sonnenseite.com\/?p=96792"},"modified":"2024-01-30T13:41:34","modified_gmt":"2024-01-30T12:41:34","slug":"oekobilanz-fuer-pkw-antriebe-die-e-auto-batterie-muss-oeko-leichter-werden","status":"publish","type":"post","link":"https:\/\/www.sonnenseite.com\/de\/mobilitaet\/oekobilanz-fuer-pkw-antriebe-die-e-auto-batterie-muss-oeko-leichter-werden\/","title":{"rendered":"\u00d6kobilanz f\u00fcr Pkw-Antriebe: Die E-Auto-Batterie muss \u00f6ko-leichter werden"},"content":{"rendered":"\n<p>Eine Studie des VDI betont die Bedeutung der Elektromobilit\u00e4t f\u00fcr den Klimaschutz im Verkehr. Die Ingenieursvereinigung fordert aber eine klimafreundlichere Produktion der Akkus in Europa statt in China sowie die Besserstellung von E\u2011Kleinwagen.<\/p>\n\n\n\n<p>Das Ziel der Bundesregierung, bis 2030 rund 15 Millionen E\u2011Autos auf die Stra\u00dfen zu bringen, ist sehr ambitioniert, und nach dem <a href=\"https:\/\/www.klimareporter.de\/deutschland\/e-autos-im-rueckwaertsgang\" target=\"_blank\" rel=\"noreferrer noopener\">eingetretenen F\u00f6rderstopp<\/a> gibt es noch gr\u00f6\u00dfere Fragezeichen daran. Eine aktuelle Studie unterstreicht derweil, dass der Umstieg vom Verbrenner zum Elektroantrieb entscheidend f\u00fcr weniger CO<sub>2<\/sub>-Aussto\u00df im Verkehr ist.<\/p>\n\n\n\n<p>Eines wird dabei laut dieser Analyse jedoch bisher zu wenig beachtet: Um das Potenzial besser auszusch\u00f6pfen, muss die Produktion der Batterien der E\u2011Autos dringend &#8222;gr\u00fcner&#8220; werden. Au\u00dferdem wird die Einf\u00fchrung einer neuen, leichteren Fahrzeugklasse f\u00fcr den urbanen Bereich empfohlen&nbsp;\u2013 mit entsprechend kleinen Batterien und geringerem Platzbedarf.<\/p>\n\n\n\n<p>Elektroautos sind nicht per se &#8222;\u00f6ko&#8220;. Das zeigt <a href=\"https:\/\/www.vdi.de\/themen\/mobilitaet\/vdi-oekobilanz-fuer-pkw-antriebe\" target=\"_blank\" rel=\"noreferrer noopener\">die Studie<\/a>, die der Verein Deutscher Ingenieure (<a href=\"https:\/\/www.vdi.de\/ueber-uns\/organisation\" target=\"_blank\" rel=\"noreferrer noopener\">VDI<\/a>) von seiner Gesellschaft Fahrzeug- und Verkehrstechnik (<a href=\"https:\/\/de.wikipedia.org\/wiki\/VDI-Gesellschaft_Fahrzeug-_und_Verkehrstechnik\" target=\"_blank\" rel=\"noreferrer noopener\">FVT<\/a>) anfertigen lie\u00df.<\/p>\n\n\n\n<p>E\u2011Autos und Hybrid-Fahrzeuge starten danach durch die ressourcenintensive Herstellung der Antriebstechnologie mit einem gro\u00dfen \u00f6kologischen Rucksack, der zum Beispiel bei Kompaktmodellen wie dem VW ID&nbsp;3 je nach Batteriegr\u00f6\u00dfe bei rund acht bis zehn Tonnen CO<sub>2<\/sub> liegt. Dadurch werden E\u2011Autos dieser Fahrzeugklasse erst ab einer Laufleistung von etwa 90.000 respektive 110.000 Kilometern klimafreundlicher als ein Benzin- oder Dieselfahrzeug.<\/p>\n\n\n\n<p>Hauptgrund daf\u00fcr sind laut VDI die energieintensive Batterieherstellung und die Gewinnung der <a href=\"https:\/\/www.klimareporter.de\/finanzen-wirtschaft\/die-energiewende-wird-metallintensiv\" target=\"_blank\" rel=\"noreferrer noopener\">dazu n\u00f6tigen Rohstoffe<\/a>, die rund 83 Prozent des &#8222;Rucksacks&#8220; ausmachen. Sie finden heute noch fast ausschlie\u00dflich in Asien statt, vor allem in China.<\/p>\n\n\n\n<p>Dort <a href=\"https:\/\/www.klimareporter.de\/international\/die-welt-steigt-aus-der-kohle-aus-ausser-china\" target=\"_blank\" rel=\"noreferrer noopener\">dominiert die Kohle<\/a> den Energiemix mit rund 75 Prozent. Eine Batterieherstellung in Europa, wo erneuerbare Energien bereits h\u00f6here Anteile haben wie etwa \u00fcber 50 Prozent in Deutschland, verbessert die Klimabilanz der E\u2011Autos demgegen\u00fcber deutlich.<\/p>\n\n\n\n<h4 class=\"wp-block-heading\">Saubere Autos nur mit sauberem Strom<\/h4>\n\n\n\n<p>Bisher wird nur jede zehnte Batteriezelle in Europa gefertigt, bei Grundbestandteilen der darin verbauten Elektroden liegt der Marktanteil sogar nur bei einem Prozent, wie eine Studie der Unternehmensberatung PwC im vorigen Jahr zeigte. Doch das soll sich \u00e4ndern. Der VW-Konzern zum Beispiel will in Europa in gro\u00dfem Stil eine Batterie- und Zellenfertigung aufziehen.<\/p>\n\n\n\n<p>Verglichen wurden in der VDI-Studie die Klimabilanz von Kompaktklasse-Modellen wie VW Golf, Ford Focus, VW ID&nbsp;3 und Toyota Corolla Hybrid. Im Langzeit-Vergleich bei einer Laufleistung von 200.000 Kilometern schnitten reine E\u2011Autos am besten ab, gefolgt von Hybrid-Fahrzeugen und mit deutlichem Abstand von Diesel- und Benzin-Pkw.<\/p>\n\n\n\n<p>Bei den <a href=\"https:\/\/www.klimareporter.de\/verkehr\/quaschning-erklaert-plug-in-hybrid-autos\" target=\"_blank\" rel=\"noreferrer noopener\">Plug-in-Hybriden<\/a>, die auf k\u00fcrzeren Strecken rein elektrisch fahren k\u00f6nnen, kommt es laut der Studie jedoch darauf an, dass die Fahrer:innen das Auto &#8222;priorit\u00e4r und regelm\u00e4\u00dfig&#8220; laden, weil andernfalls der konventionelle Motor mit seiner schlechteren CO<sub>2<\/sub>-Bilanz zu h\u00e4ufig einspringen muss.<\/p>\n\n\n\n<p>Doch auch der Strommix, mit dem die E\u2011Autos geladen werden, spielt eine wichtige Rolle. Wird in Deutschland k\u00fcnftig, wie von der Bundesregierung geplant, ausschlie\u00dflich <a href=\"https:\/\/www.klimareporter.de\/verkehr\/viel-saft-fuer-die-e-autos\" target=\"_blank\" rel=\"noreferrer noopener\">\u00d6kostrom f\u00fcr den Fahrzeugantrieb<\/a> genutzt, w\u00e4ren E\u2011Autos laut der Bilanz mit heutigem Standard im Jahr 2035 schon ab 65.000 gefahrenen Kilometern klimafreundlicher als Benzin- oder Diesel-Pkw.<\/p>\n\n\n\n<p>W\u00fcrde man hingegen rein fossil erzeugtem Strom &#8222;tanken&#8220;, versch\u00f6be sich der Wert auf 160.000 gefahrene Kilometer. Laut VDI ist daher der weitere Ausbau von Photovoltaik und Windkraft wichtig, um die Klimabilanz der Elektroautos in der Nutzungsphase sp\u00fcrbar zu verbessern. Allein der Umstieg auf Elektroautos werde nicht ausreichen, wenn der Strom &#8222;dreckig&#8220; produziert wird.<\/p>\n\n\n\n<h4 class=\"wp-block-heading\">VDI h\u00e4lt an E-Fuels fest<\/h4>\n\n\n\n<p>&#8222;F\u00fcr die klimafreundlichere Mobilit\u00e4t brauchen wir in Deutschland dringend den Ausbau der erneuerbaren Energien und den Aufbau einer gr\u00fcnen Batterieproduktion&#8220;,&nbsp;<a href=\"https:\/\/www.vdi.de\/news\/detail\/vdi-oekobilanzstudie-erst-die-gruene-batterie-macht-die-e-mobilitaet-klimafreundlich\" target=\"_blank\" rel=\"noreferrer noopener\">sagte<\/a> der Vorsitzende der VDI-Gesellschaft, <a href=\"https:\/\/www.vdi.de\/news\/detail\/staerkere-nutzung-interdisziplinaerer-expertise-in-allen-bereichen\" target=\"_blank\" rel=\"noreferrer noopener\">Joachim Damasky<\/a>. Erst die gr\u00fcn produzierte Batterie einschlie\u00dflich ihrer Vormaterialien reduzieren den \u00f6kologischen Fu\u00dfabdruck und mache die E\u2011Mobilit\u00e4t wirklich klimafreundlich, so Damasky, der <a href=\"https:\/\/www.automobilwoche.de\/bc-online\/ex-vda-geschaftsfuhrer-joachim-damasky-mit-neuem-arbeitgeber\" target=\"_blank\" rel=\"noreferrer noopener\">bei&nbsp;BMW<\/a> angestellt ist. Laut VDI muss dabei auch das Akku-Recycling vorangetrieben werden, um Rohstoffe zu sparen.<\/p>\n\n\n\n<p>Die Fachleute vom VDI sprechen sich&nbsp;auch <a href=\"https:\/\/www.klimareporter.de\/technik\/batterie-fuer-die-kurz-wasserstoff-fuer-die-langstrecke\" target=\"_blank\" rel=\"noreferrer noopener\">weiterhin<\/a> f\u00fcr eine Nutzung der umstrittenen E\u2011Fuels aus. Diese seien &#8222;ein wichtiger Technologiebaustein f\u00fcr eine klimaneutrale Mobilit\u00e4t der Zukunft&#8220;&nbsp;\u2013 allerdings nicht als Konkurrenz zur E\u2011Mobilit\u00e4t, sondern um die k\u00fcnftig noch betriebenen Verbrenner klimafreundlicher zu machen. Dies wiederum sei n\u00f6tig, um die deutschen und europ\u00e4ischen Klimaziele im Verkehrssektor erreichen zu k\u00f6nnen.<\/p>\n\n\n\n<p>E\u2011Fuels, die durch Elektrolyse und weitere Verfahrensschritte hergestellt werden, sind gegen\u00fcber der direkten Stromnutzung <a href=\"https:\/\/www.klimareporter.de\/verkehr\/selten-aufwendig-und-teuer\" target=\"_blank\" rel=\"noreferrer noopener\">sehr verlustreich<\/a>. Trotzdem h\u00e4lt der VDI sie f\u00fcr notwendig. Hierf\u00fcr m\u00fcssten &#8222;umgehend die regulatorischen Rahmenbedingungen geschaffen werden, damit die Industrie in eine entsprechende Skalierung der nachhaltigen Kraftstofferzeugung investiert&#8220;.<\/p>\n\n\n\n<p>Einen innovativen Ansatz verfolgt das VDI-Team mit dem Vorschlag, eine &#8222;neue leichtere Elektro-Kleinfahrzeugklasse&#8220;, genannt &#8222;M0&#8220; einzuf\u00fchren. Sie bietet f\u00fcr den urbanen Bereich zus\u00e4tzliches Potenzial, k\u00f6nne n\u00e4mlich mit entsprechend kleinen Batterien, niedrigem Gewicht und geringer Stellfl\u00e4che bereits viele Mobilit\u00e4tsbedarfe erf\u00fcllen.<\/p>\n\n\n\n<p>Das w\u00e4re gegenl\u00e4ufig zum bisherigen Trend der E\u2011Mobilit\u00e4t, in der hierzulande <a href=\"https:\/\/www.klimareporter.de\/verkehr\/dinosaurier-leben-laenger-nun-eben-elektrisch\" target=\"_blank\" rel=\"noreferrer noopener\">gro\u00dfe, schwere Pkw<\/a>, vor allem SUV, dominieren. Laut VDI darf es bei den Klein-Fahrzeugen aber &#8222;keine Abstriche bei der Sicherheit&#8220; geben.<\/p>\n\n\n\n<ul class=\"wp-block-list\">\n<li><a href=\"https:\/\/www.vdi.de\/news\/detail\/vdi-oekobilanzstudie-erst-die-gruene-batterie-macht-die-e-mobilitaet-klimafreundlich\">&#8222;VDI-\u00d6kobilanzstudie: Erst die gr\u00fcne Batterie macht die E-Mobilit\u00e4t klimafreundlich&#8220;<\/a><\/li>\n\n\n\n<li><a href=\"https:\/\/www.vdi.de\/news\/detail\/medienresonanz-vdi-oekobilanzstudie\">&#8222;Medienresonanz zur VDI-\u00d6kobilanzstudie&#8220;<\/a><\/li>\n<\/ul>\n\n\n<h5 class=\"green\">Quelle<\/h5>\r\n\n\n\n<p>Der Bericht wurde von der\u00a0<a href=\"https:\/\/www.klimareporter.de\/verkehr\/die-e-auto-batterie-muss-oeko-leichter-werden\">Redaktion \u201eklimareporter.de\u201c (Joachim Wille) 2024<\/a>\u00a0verfasst &#8211; der Artikel darf nicht ohne Genehmigung\u00a0(<a href=\"mailto:post@klimareporter.de\">post@klimareporter.de<\/a>) weiterverbreitet werden!\u00a0<\/p>\n<div class=\"shariff shariff-align-flex-start shariff-widget-align-flex-start\"><div class=\"ShariffHeadline\">Diese Meldung teilen<\/div><ul class=\"shariff-buttons theme-round orientation-horizontal buttonsize-medium\"><li class=\"shariff-button facebook shariff-nocustomcolor\" style=\"background-color:#4273c8;border-radius:1%\"><a href=\"https:\/\/www.facebook.com\/sharer\/sharer.php?u=https%3A%2F%2Fwww.sonnenseite.com%2Fde%2Fmobilitaet%2Foekobilanz-fuer-pkw-antriebe-die-e-auto-batterie-muss-oeko-leichter-werden%2F\" title=\"Bei Facebook teilen\" aria-label=\"Bei Facebook teilen\" role=\"button\" rel=\"nofollow\" class=\"shariff-link\" style=\";border-radius:1%; background-color:#3b5998; color:#fff\" target=\"_blank\"><span class=\"shariff-icon\" style=\"\"><svg width=\"32px\" height=\"20px\" xmlns=\"http:\/\/www.w3.org\/2000\/svg\" viewBox=\"0 0 18 32\"><path fill=\"#3b5998\" d=\"M17.1 0.2v4.7h-2.8q-1.5 0-2.1 0.6t-0.5 1.9v3.4h5.2l-0.7 5.3h-4.5v13.6h-5.5v-13.6h-4.5v-5.3h4.5v-3.9q0-3.3 1.9-5.2t5-1.8q2.6 0 4.1 0.2z\"\/><\/svg><\/span><\/a><\/li><li class=\"shariff-button twitter shariff-nocustomcolor\" style=\"background-color:#595959;border-radius:1%\"><a href=\"https:\/\/twitter.com\/share?url=https%3A%2F%2Fwww.sonnenseite.com%2Fde%2Fmobilitaet%2Foekobilanz-fuer-pkw-antriebe-die-e-auto-batterie-muss-oeko-leichter-werden%2F&text=%C3%96kobilanz%20f%C3%BCr%20Pkw-Antriebe%3A%20Die%20E-Auto-Batterie%20muss%20%C3%B6ko-leichter%20werden\" title=\"Bei X teilen\" aria-label=\"Bei X teilen\" role=\"button\" rel=\"noopener nofollow\" class=\"shariff-link\" style=\";border-radius:1%; background-color:#000; color:#fff\" target=\"_blank\"><span class=\"shariff-icon\" style=\"\"><svg width=\"32px\" height=\"20px\" xmlns=\"http:\/\/www.w3.org\/2000\/svg\" viewBox=\"0 0 24 24\"><path fill=\"#000\" d=\"M14.258 10.152L23.176 0h-2.113l-7.747 8.813L7.133 0H0l9.352 13.328L0 23.973h2.113l8.176-9.309 6.531 9.309h7.133zm-2.895 3.293l-.949-1.328L2.875 1.56h3.246l6.086 8.523.945 1.328 7.91 11.078h-3.246zm0 0\"\/><\/svg><\/span><\/a><\/li><li class=\"shariff-button xing shariff-nocustomcolor\" style=\"background-color:#29888a;border-radius:1%\"><a href=\"https:\/\/www.xing.com\/spi\/shares\/new?url=https%3A%2F%2Fwww.sonnenseite.com%2Fde%2Fmobilitaet%2Foekobilanz-fuer-pkw-antriebe-die-e-auto-batterie-muss-oeko-leichter-werden%2F\" title=\"Bei XING teilen\" aria-label=\"Bei XING teilen\" role=\"button\" rel=\"noopener nofollow\" class=\"shariff-link\" style=\";border-radius:1%; background-color:#126567; color:#fff\" target=\"_blank\"><span class=\"shariff-icon\" style=\"\"><svg width=\"32px\" height=\"20px\" xmlns=\"http:\/\/www.w3.org\/2000\/svg\" viewBox=\"0 0 25 32\"><path fill=\"#126567\" d=\"M10.7 11.9q-0.2 0.3-4.6 8.2-0.5 0.8-1.2 0.8h-4.3q-0.4 0-0.5-0.3t0-0.6l4.5-8q0 0 0 0l-2.9-5q-0.2-0.4 0-0.7 0.2-0.3 0.5-0.3h4.3q0.7 0 1.2 0.8zM25.1 0.4q0.2 0.3 0 0.7l-9.4 16.7 6 11q0.2 0.4 0 0.6-0.2 0.3-0.6 0.3h-4.3q-0.7 0-1.2-0.8l-6-11.1q0.3-0.6 9.5-16.8 0.4-0.8 1.2-0.8h4.3q0.4 0 0.5 0.3z\"\/><\/svg><\/span><\/a><\/li><li class=\"shariff-button linkedin shariff-nocustomcolor\" style=\"background-color:#1488bf;border-radius:1%\"><a href=\"https:\/\/www.linkedin.com\/sharing\/share-offsite\/?url=https%3A%2F%2Fwww.sonnenseite.com%2Fde%2Fmobilitaet%2Foekobilanz-fuer-pkw-antriebe-die-e-auto-batterie-muss-oeko-leichter-werden%2F\" title=\"Bei LinkedIn teilen\" aria-label=\"Bei LinkedIn teilen\" role=\"button\" rel=\"noopener nofollow\" class=\"shariff-link\" style=\";border-radius:1%; background-color:#0077b5; color:#fff\" target=\"_blank\"><span class=\"shariff-icon\" style=\"\"><svg width=\"32px\" height=\"20px\" xmlns=\"http:\/\/www.w3.org\/2000\/svg\" viewBox=\"0 0 27 32\"><path fill=\"#0077b5\" d=\"M6.2 11.2v17.7h-5.9v-17.7h5.9zM6.6 5.7q0 1.3-0.9 2.2t-2.4 0.9h0q-1.5 0-2.4-0.9t-0.9-2.2 0.9-2.2 2.4-0.9 2.4 0.9 0.9 2.2zM27.4 18.7v10.1h-5.9v-9.5q0-1.9-0.7-2.9t-2.3-1.1q-1.1 0-1.9 0.6t-1.2 1.5q-0.2 0.5-0.2 1.4v9.9h-5.9q0-7.1 0-11.6t0-5.3l0-0.9h5.9v2.6h0q0.4-0.6 0.7-1t1-0.9 1.6-0.8 2-0.3q3 0 4.9 2t1.9 6z\"\/><\/svg><\/span><\/a><\/li><li class=\"shariff-button printer shariff-nocustomcolor\" style=\"background-color:#a8a8a8;border-radius:1%\"><a href=\"javascript:window.print()\" title=\"drucken\" aria-label=\"drucken\" role=\"button\" rel=\"noopener nofollow\" class=\"shariff-link\" style=\";border-radius:1%; background-color:#999; color:#fff\"><span class=\"shariff-icon\" style=\"\"><svg width=\"32px\" height=\"20px\" xmlns=\"http:\/\/www.w3.org\/2000\/svg\" viewBox=\"0 0 30 32\"><path fill=\"#999\" d=\"M6.8 27.4h16v-4.6h-16v4.6zM6.8 16h16v-6.8h-2.8q-0.7 0-1.2-0.5t-0.5-1.2v-2.8h-11.4v11.4zM27.4 17.2q0-0.5-0.3-0.8t-0.8-0.4-0.8 0.4-0.3 0.8 0.3 0.8 0.8 0.3 0.8-0.3 0.3-0.8zM29.7 17.2v7.4q0 0.2-0.2 0.4t-0.4 0.2h-4v2.8q0 0.7-0.5 1.2t-1.2 0.5h-17.2q-0.7 0-1.2-0.5t-0.5-1.2v-2.8h-4q-0.2 0-0.4-0.2t-0.2-0.4v-7.4q0-1.4 1-2.4t2.4-1h1.2v-9.7q0-0.7 0.5-1.2t1.2-0.5h12q0.7 0 1.6 0.4t1.3 0.8l2.7 2.7q0.5 0.5 0.9 1.4t0.4 1.6v4.6h1.1q1.4 0 2.4 1t1 2.4z\"\/><\/svg><\/span><\/a><\/li><li class=\"shariff-button mailto shariff-nocustomcolor\" style=\"background-color:#a8a8a8;border-radius:1%\"><a href=\"mailto:?body=https%3A%2F%2Fwww.sonnenseite.com%2Fde%2Fmobilitaet%2Foekobilanz-fuer-pkw-antriebe-die-e-auto-batterie-muss-oeko-leichter-werden%2F&subject=%C3%96kobilanz%20f%C3%BCr%20Pkw-Antriebe%3A%20Die%20E-Auto-Batterie%20muss%20%C3%B6ko-leichter%20werden\" title=\"Per E-Mail versenden\" aria-label=\"Per E-Mail versenden\" role=\"button\" rel=\"noopener nofollow\" class=\"shariff-link\" style=\";border-radius:1%; background-color:#999; color:#fff\"><span class=\"shariff-icon\" style=\"\"><svg width=\"32px\" height=\"20px\" xmlns=\"http:\/\/www.w3.org\/2000\/svg\" viewBox=\"0 0 32 32\"><path fill=\"#999\" d=\"M32 12.7v14.2q0 1.2-0.8 2t-2 0.9h-26.3q-1.2 0-2-0.9t-0.8-2v-14.2q0.8 0.9 1.8 1.6 6.5 4.4 8.9 6.1 1 0.8 1.6 1.2t1.7 0.9 2 0.4h0.1q0.9 0 2-0.4t1.7-0.9 1.6-1.2q3-2.2 8.9-6.1 1-0.7 1.8-1.6zM32 7.4q0 1.4-0.9 2.7t-2.2 2.2q-6.7 4.7-8.4 5.8-0.2 0.1-0.7 0.5t-1 0.7-0.9 0.6-1.1 0.5-0.9 0.2h-0.1q-0.4 0-0.9-0.2t-1.1-0.5-0.9-0.6-1-0.7-0.7-0.5q-1.6-1.1-4.7-3.2t-3.6-2.6q-1.1-0.7-2.1-2t-1-2.5q0-1.4 0.7-2.3t2.1-0.9h26.3q1.2 0 2 0.8t0.9 2z\"\/><\/svg><\/span><\/a><\/li><\/ul><\/div>","protected":false},"excerpt":{"rendered":"<p>Eine Studie des VDI betont die Bedeutung der Elektromobilit\u00e4t f\u00fcr den Klimaschutz im Verkehr. Die Ingenieursvereinigung [&hellip;]<\/p>\n","protected":false},"author":3,"featured_media":83765,"comment_status":"closed","ping_status":"closed","sticky":false,"template":"","format":"standard","meta":{"inline_featured_image":false,"footnotes":""},"categories":[25],"tags":[],"class_list":["post-96792","post","type-post","status-publish","format-standard","has-post-thumbnail","hentry","category-mobilitaet"],"yoast_head":"<!-- This site is optimized with the Yoast SEO plugin v26.5 - https:\/\/yoast.com\/wordpress\/plugins\/seo\/ -->\n<title>\u00d6kobilanz f\u00fcr Pkw-Antriebe: Die E-Auto-Batterie muss \u00f6ko-leichter werden - Sonnenseite - \u00d6kologische Kommunikation mit Franz Alt<\/title>\n<meta name=\"description\" content=\"Eine Studie des VDI betont die Bedeutung der Elektromobilit\u00e4t f\u00fcr den Klimaschutz im Verkehr. Die Ingenieursvereinigung fordert aber eine\" \/>\n<meta name=\"robots\" content=\"index, follow, max-snippet:-1, max-image-preview:large, max-video-preview:-1\" \/>\n<link rel=\"canonical\" href=\"https:\/\/www.sonnenseite.com\/de\/mobilitaet\/oekobilanz-fuer-pkw-antriebe-die-e-auto-batterie-muss-oeko-leichter-werden\/\" \/>\n<meta property=\"og:locale\" content=\"de_DE\" \/>\n<meta property=\"og:type\" content=\"article\" \/>\n<meta property=\"og:title\" content=\"\u00d6kobilanz f\u00fcr Pkw-Antriebe: Die E-Auto-Batterie muss \u00f6ko-leichter werden - Sonnenseite - \u00d6kologische Kommunikation mit Franz Alt\" \/>\n<meta property=\"og:description\" content=\"Eine Studie des VDI betont die Bedeutung der Elektromobilit\u00e4t f\u00fcr den Klimaschutz im Verkehr. Die Ingenieursvereinigung fordert aber eine\" \/>\n<meta property=\"og:url\" content=\"https:\/\/www.sonnenseite.com\/de\/mobilitaet\/oekobilanz-fuer-pkw-antriebe-die-e-auto-batterie-muss-oeko-leichter-werden\/\" \/>\n<meta property=\"og:site_name\" content=\"Sonnenseite\" \/>\n<meta property=\"article:publisher\" content=\"https:\/\/www.facebook.com\/pages\/Franz-Alt-SONNENSEITECOM\/221072987903953?fref=ts\" \/>\n<meta property=\"article:published_time\" content=\"2024-01-20T01:34:00+00:00\" \/>\n<meta property=\"article:modified_time\" content=\"2024-01-30T12:41:34+00:00\" \/>\n<meta property=\"og:image\" content=\"https:\/\/www.sonnenseite.com\/wp-content\/uploads\/2022\/07\/Volkswagen_ID3-1ST.jpg\" \/>\n\t<meta property=\"og:image:width\" content=\"770\" \/>\n\t<meta property=\"og:image:height\" content=\"420\" \/>\n\t<meta property=\"og:image:type\" content=\"image\/jpeg\" \/>\n<meta name=\"author\" content=\"Bigi Alt\" \/>\n<meta name=\"twitter:card\" content=\"summary_large_image\" \/>\n<meta name=\"twitter:creator\" content=\"@franzalt\" \/>\n<meta name=\"twitter:site\" content=\"@franzalt\" \/>\n<meta name=\"twitter:label1\" content=\"Verfasst von\" \/>\n\t<meta name=\"twitter:data1\" content=\"Bigi Alt\" \/>\n\t<meta name=\"twitter:label2\" content=\"Gesch\u00e4tzte Lesezeit\" \/>\n\t<meta name=\"twitter:data2\" content=\"5\u00a0Minuten\" \/>\n<script type=\"application\/ld+json\" class=\"yoast-schema-graph\">{\"@context\":\"https:\/\/schema.org\",\"@graph\":[{\"@type\":\"Article\",\"@id\":\"https:\/\/www.sonnenseite.com\/de\/mobilitaet\/oekobilanz-fuer-pkw-antriebe-die-e-auto-batterie-muss-oeko-leichter-werden\/#article\",\"isPartOf\":{\"@id\":\"https:\/\/www.sonnenseite.com\/de\/mobilitaet\/oekobilanz-fuer-pkw-antriebe-die-e-auto-batterie-muss-oeko-leichter-werden\/\"},\"author\":{\"name\":\"Bigi Alt\",\"@id\":\"https:\/\/www.sonnenseite.com\/de\/#\/schema\/person\/50fda0e926597684c7cc6695238a4eb9\"},\"headline\":\"\u00d6kobilanz f\u00fcr Pkw-Antriebe: Die E-Auto-Batterie muss \u00f6ko-leichter werden\",\"datePublished\":\"2024-01-20T01:34:00+00:00\",\"dateModified\":\"2024-01-30T12:41:34+00:00\",\"mainEntityOfPage\":{\"@id\":\"https:\/\/www.sonnenseite.com\/de\/mobilitaet\/oekobilanz-fuer-pkw-antriebe-die-e-auto-batterie-muss-oeko-leichter-werden\/\"},\"wordCount\":892,\"publisher\":{\"@id\":\"https:\/\/www.sonnenseite.com\/de\/#organization\"},\"image\":{\"@id\":\"https:\/\/www.sonnenseite.com\/de\/mobilitaet\/oekobilanz-fuer-pkw-antriebe-die-e-auto-batterie-muss-oeko-leichter-werden\/#primaryimage\"},\"thumbnailUrl\":\"https:\/\/www.sonnenseite.com\/wp-content\/uploads\/2022\/07\/Volkswagen_ID3-1ST.jpg\",\"articleSection\":[\"Mobilit\u00e4t\"],\"inLanguage\":\"de\"},{\"@type\":\"WebPage\",\"@id\":\"https:\/\/www.sonnenseite.com\/de\/mobilitaet\/oekobilanz-fuer-pkw-antriebe-die-e-auto-batterie-muss-oeko-leichter-werden\/\",\"url\":\"https:\/\/www.sonnenseite.com\/de\/mobilitaet\/oekobilanz-fuer-pkw-antriebe-die-e-auto-batterie-muss-oeko-leichter-werden\/\",\"name\":\"\u00d6kobilanz f\u00fcr Pkw-Antriebe: Die E-Auto-Batterie muss \u00f6ko-leichter werden - Sonnenseite - \u00d6kologische Kommunikation mit Franz Alt\",\"isPartOf\":{\"@id\":\"https:\/\/www.sonnenseite.com\/de\/#website\"},\"primaryImageOfPage\":{\"@id\":\"https:\/\/www.sonnenseite.com\/de\/mobilitaet\/oekobilanz-fuer-pkw-antriebe-die-e-auto-batterie-muss-oeko-leichter-werden\/#primaryimage\"},\"image\":{\"@id\":\"https:\/\/www.sonnenseite.com\/de\/mobilitaet\/oekobilanz-fuer-pkw-antriebe-die-e-auto-batterie-muss-oeko-leichter-werden\/#primaryimage\"},\"thumbnailUrl\":\"https:\/\/www.sonnenseite.com\/wp-content\/uploads\/2022\/07\/Volkswagen_ID3-1ST.jpg\",\"datePublished\":\"2024-01-20T01:34:00+00:00\",\"dateModified\":\"2024-01-30T12:41:34+00:00\",\"description\":\"Eine Studie des VDI betont die Bedeutung der Elektromobilit\u00e4t f\u00fcr den Klimaschutz im Verkehr. Die Ingenieursvereinigung fordert aber eine\",\"breadcrumb\":{\"@id\":\"https:\/\/www.sonnenseite.com\/de\/mobilitaet\/oekobilanz-fuer-pkw-antriebe-die-e-auto-batterie-muss-oeko-leichter-werden\/#breadcrumb\"},\"inLanguage\":\"de\",\"potentialAction\":[{\"@type\":\"ReadAction\",\"target\":[\"https:\/\/www.sonnenseite.com\/de\/mobilitaet\/oekobilanz-fuer-pkw-antriebe-die-e-auto-batterie-muss-oeko-leichter-werden\/\"]}]},{\"@type\":\"ImageObject\",\"inLanguage\":\"de\",\"@id\":\"https:\/\/www.sonnenseite.com\/de\/mobilitaet\/oekobilanz-fuer-pkw-antriebe-die-e-auto-batterie-muss-oeko-leichter-werden\/#primaryimage\",\"url\":\"https:\/\/www.sonnenseite.com\/wp-content\/uploads\/2022\/07\/Volkswagen_ID3-1ST.jpg\",\"contentUrl\":\"https:\/\/www.sonnenseite.com\/wp-content\/uploads\/2022\/07\/Volkswagen_ID3-1ST.jpg\",\"width\":770,\"height\":420,\"caption\":\"Volkswagen | ID.3 1ST\"},{\"@type\":\"BreadcrumbList\",\"@id\":\"https:\/\/www.sonnenseite.com\/de\/mobilitaet\/oekobilanz-fuer-pkw-antriebe-die-e-auto-batterie-muss-oeko-leichter-werden\/#breadcrumb\",\"itemListElement\":[{\"@type\":\"ListItem\",\"position\":1,\"name\":\"Startseite\",\"item\":\"https:\/\/www.sonnenseite.com\/de\/\"},{\"@type\":\"ListItem\",\"position\":2,\"name\":\"\u00d6kobilanz f\u00fcr Pkw-Antriebe: Die E-Auto-Batterie muss \u00f6ko-leichter werden\"}]},{\"@type\":\"WebSite\",\"@id\":\"https:\/\/www.sonnenseite.com\/de\/#website\",\"url\":\"https:\/\/www.sonnenseite.com\/de\/\",\"name\":\"Sonnenseite\",\"description\":\"\u00d6kologische Kommunikation mit Franz Alt\",\"publisher\":{\"@id\":\"https:\/\/www.sonnenseite.com\/de\/#organization\"},\"potentialAction\":[{\"@type\":\"SearchAction\",\"target\":{\"@type\":\"EntryPoint\",\"urlTemplate\":\"https:\/\/www.sonnenseite.com\/de\/?s={search_term_string}\"},\"query-input\":{\"@type\":\"PropertyValueSpecification\",\"valueRequired\":true,\"valueName\":\"search_term_string\"}}],\"inLanguage\":\"de\"},{\"@type\":\"Organization\",\"@id\":\"https:\/\/www.sonnenseite.com\/de\/#organization\",\"name\":\"Sonnenseite\",\"url\":\"https:\/\/www.sonnenseite.com\/de\/\",\"logo\":{\"@type\":\"ImageObject\",\"inLanguage\":\"de\",\"@id\":\"https:\/\/www.sonnenseite.com\/de\/#\/schema\/logo\/image\/\",\"url\":\"https:\/\/www.sonnenseite.com\/wp-content\/uploads\/2020\/05\/Sonnenseite_Logo.png\",\"contentUrl\":\"https:\/\/www.sonnenseite.com\/wp-content\/uploads\/2020\/05\/Sonnenseite_Logo.png\",\"width\":377,\"height\":90,\"caption\":\"Sonnenseite\"},\"image\":{\"@id\":\"https:\/\/www.sonnenseite.com\/de\/#\/schema\/logo\/image\/\"},\"sameAs\":[\"https:\/\/www.facebook.com\/pages\/Franz-Alt-SONNENSEITECOM\/221072987903953?fref=ts\",\"https:\/\/x.com\/franzalt\",\"http:\/\/www.youtube.com\/results?search_query&amp;amp;quot;franz_alt&amp;amp;quot;&amp;amp;amp;amp;search_type&amp;amp;amp;amp;aq=f\"]},{\"@type\":\"Person\",\"@id\":\"https:\/\/www.sonnenseite.com\/de\/#\/schema\/person\/50fda0e926597684c7cc6695238a4eb9\",\"name\":\"Bigi Alt\"}]}<\/script>\n<!-- \/ Yoast SEO plugin. -->","yoast_head_json":{"title":"\u00d6kobilanz f\u00fcr Pkw-Antriebe: Die E-Auto-Batterie muss \u00f6ko-leichter werden - Sonnenseite - \u00d6kologische Kommunikation mit Franz Alt","description":"Eine Studie des VDI betont die Bedeutung der Elektromobilit\u00e4t f\u00fcr den Klimaschutz im Verkehr. Die Ingenieursvereinigung fordert aber eine","robots":{"index":"index","follow":"follow","max-snippet":"max-snippet:-1","max-image-preview":"max-image-preview:large","max-video-preview":"max-video-preview:-1"},"canonical":"https:\/\/www.sonnenseite.com\/de\/mobilitaet\/oekobilanz-fuer-pkw-antriebe-die-e-auto-batterie-muss-oeko-leichter-werden\/","og_locale":"de_DE","og_type":"article","og_title":"\u00d6kobilanz f\u00fcr Pkw-Antriebe: Die E-Auto-Batterie muss \u00f6ko-leichter werden - Sonnenseite - \u00d6kologische Kommunikation mit Franz Alt","og_description":"Eine Studie des VDI betont die Bedeutung der Elektromobilit\u00e4t f\u00fcr den Klimaschutz im Verkehr. Die Ingenieursvereinigung fordert aber eine","og_url":"https:\/\/www.sonnenseite.com\/de\/mobilitaet\/oekobilanz-fuer-pkw-antriebe-die-e-auto-batterie-muss-oeko-leichter-werden\/","og_site_name":"Sonnenseite","article_publisher":"https:\/\/www.facebook.com\/pages\/Franz-Alt-SONNENSEITECOM\/221072987903953?fref=ts","article_published_time":"2024-01-20T01:34:00+00:00","article_modified_time":"2024-01-30T12:41:34+00:00","og_image":[{"width":770,"height":420,"url":"https:\/\/www.sonnenseite.com\/wp-content\/uploads\/2022\/07\/Volkswagen_ID3-1ST.jpg","type":"image\/jpeg"}],"author":"Bigi Alt","twitter_card":"summary_large_image","twitter_creator":"@franzalt","twitter_site":"@franzalt","twitter_misc":{"Verfasst von":"Bigi Alt","Gesch\u00e4tzte Lesezeit":"5\u00a0Minuten"},"schema":{"@context":"https:\/\/schema.org","@graph":[{"@type":"Article","@id":"https:\/\/www.sonnenseite.com\/de\/mobilitaet\/oekobilanz-fuer-pkw-antriebe-die-e-auto-batterie-muss-oeko-leichter-werden\/#article","isPartOf":{"@id":"https:\/\/www.sonnenseite.com\/de\/mobilitaet\/oekobilanz-fuer-pkw-antriebe-die-e-auto-batterie-muss-oeko-leichter-werden\/"},"author":{"name":"Bigi Alt","@id":"https:\/\/www.sonnenseite.com\/de\/#\/schema\/person\/50fda0e926597684c7cc6695238a4eb9"},"headline":"\u00d6kobilanz f\u00fcr Pkw-Antriebe: Die E-Auto-Batterie muss \u00f6ko-leichter werden","datePublished":"2024-01-20T01:34:00+00:00","dateModified":"2024-01-30T12:41:34+00:00","mainEntityOfPage":{"@id":"https:\/\/www.sonnenseite.com\/de\/mobilitaet\/oekobilanz-fuer-pkw-antriebe-die-e-auto-batterie-muss-oeko-leichter-werden\/"},"wordCount":892,"publisher":{"@id":"https:\/\/www.sonnenseite.com\/de\/#organization"},"image":{"@id":"https:\/\/www.sonnenseite.com\/de\/mobilitaet\/oekobilanz-fuer-pkw-antriebe-die-e-auto-batterie-muss-oeko-leichter-werden\/#primaryimage"},"thumbnailUrl":"https:\/\/www.sonnenseite.com\/wp-content\/uploads\/2022\/07\/Volkswagen_ID3-1ST.jpg","articleSection":["Mobilit\u00e4t"],"inLanguage":"de"},{"@type":"WebPage","@id":"https:\/\/www.sonnenseite.com\/de\/mobilitaet\/oekobilanz-fuer-pkw-antriebe-die-e-auto-batterie-muss-oeko-leichter-werden\/","url":"https:\/\/www.sonnenseite.com\/de\/mobilitaet\/oekobilanz-fuer-pkw-antriebe-die-e-auto-batterie-muss-oeko-leichter-werden\/","name":"\u00d6kobilanz f\u00fcr Pkw-Antriebe: Die E-Auto-Batterie muss \u00f6ko-leichter werden - Sonnenseite - \u00d6kologische Kommunikation mit Franz Alt","isPartOf":{"@id":"https:\/\/www.sonnenseite.com\/de\/#website"},"primaryImageOfPage":{"@id":"https:\/\/www.sonnenseite.com\/de\/mobilitaet\/oekobilanz-fuer-pkw-antriebe-die-e-auto-batterie-muss-oeko-leichter-werden\/#primaryimage"},"image":{"@id":"https:\/\/www.sonnenseite.com\/de\/mobilitaet\/oekobilanz-fuer-pkw-antriebe-die-e-auto-batterie-muss-oeko-leichter-werden\/#primaryimage"},"thumbnailUrl":"https:\/\/www.sonnenseite.com\/wp-content\/uploads\/2022\/07\/Volkswagen_ID3-1ST.jpg","datePublished":"2024-01-20T01:34:00+00:00","dateModified":"2024-01-30T12:41:34+00:00","description":"Eine Studie des VDI betont die Bedeutung der Elektromobilit\u00e4t f\u00fcr den Klimaschutz im Verkehr. Die Ingenieursvereinigung fordert aber eine","breadcrumb":{"@id":"https:\/\/www.sonnenseite.com\/de\/mobilitaet\/oekobilanz-fuer-pkw-antriebe-die-e-auto-batterie-muss-oeko-leichter-werden\/#breadcrumb"},"inLanguage":"de","potentialAction":[{"@type":"ReadAction","target":["https:\/\/www.sonnenseite.com\/de\/mobilitaet\/oekobilanz-fuer-pkw-antriebe-die-e-auto-batterie-muss-oeko-leichter-werden\/"]}]},{"@type":"ImageObject","inLanguage":"de","@id":"https:\/\/www.sonnenseite.com\/de\/mobilitaet\/oekobilanz-fuer-pkw-antriebe-die-e-auto-batterie-muss-oeko-leichter-werden\/#primaryimage","url":"https:\/\/www.sonnenseite.com\/wp-content\/uploads\/2022\/07\/Volkswagen_ID3-1ST.jpg","contentUrl":"https:\/\/www.sonnenseite.com\/wp-content\/uploads\/2022\/07\/Volkswagen_ID3-1ST.jpg","width":770,"height":420,"caption":"Volkswagen | ID.3 1ST"},{"@type":"BreadcrumbList","@id":"https:\/\/www.sonnenseite.com\/de\/mobilitaet\/oekobilanz-fuer-pkw-antriebe-die-e-auto-batterie-muss-oeko-leichter-werden\/#breadcrumb","itemListElement":[{"@type":"ListItem","position":1,"name":"Startseite","item":"https:\/\/www.sonnenseite.com\/de\/"},{"@type":"ListItem","position":2,"name":"\u00d6kobilanz f\u00fcr Pkw-Antriebe: Die E-Auto-Batterie muss \u00f6ko-leichter werden"}]},{"@type":"WebSite","@id":"https:\/\/www.sonnenseite.com\/de\/#website","url":"https:\/\/www.sonnenseite.com\/de\/","name":"Sonnenseite","description":"\u00d6kologische Kommunikation mit Franz Alt","publisher":{"@id":"https:\/\/www.sonnenseite.com\/de\/#organization"},"potentialAction":[{"@type":"SearchAction","target":{"@type":"EntryPoint","urlTemplate":"https:\/\/www.sonnenseite.com\/de\/?s={search_term_string}"},"query-input":{"@type":"PropertyValueSpecification","valueRequired":true,"valueName":"search_term_string"}}],"inLanguage":"de"},{"@type":"Organization","@id":"https:\/\/www.sonnenseite.com\/de\/#organization","name":"Sonnenseite","url":"https:\/\/www.sonnenseite.com\/de\/","logo":{"@type":"ImageObject","inLanguage":"de","@id":"https:\/\/www.sonnenseite.com\/de\/#\/schema\/logo\/image\/","url":"https:\/\/www.sonnenseite.com\/wp-content\/uploads\/2020\/05\/Sonnenseite_Logo.png","contentUrl":"https:\/\/www.sonnenseite.com\/wp-content\/uploads\/2020\/05\/Sonnenseite_Logo.png","width":377,"height":90,"caption":"Sonnenseite"},"image":{"@id":"https:\/\/www.sonnenseite.com\/de\/#\/schema\/logo\/image\/"},"sameAs":["https:\/\/www.facebook.com\/pages\/Franz-Alt-SONNENSEITECOM\/221072987903953?fref=ts","https:\/\/x.com\/franzalt","http:\/\/www.youtube.com\/results?search_query&amp;amp;quot;franz_alt&amp;amp;quot;&amp;amp;amp;amp;search_type&amp;amp;amp;amp;aq=f"]},{"@type":"Person","@id":"https:\/\/www.sonnenseite.com\/de\/#\/schema\/person\/50fda0e926597684c7cc6695238a4eb9","name":"Bigi Alt"}]}},"_links":{"self":[{"href":"https:\/\/www.sonnenseite.com\/de\/wp-json\/wp\/v2\/posts\/96792","targetHints":{"allow":["GET"]}}],"collection":[{"href":"https:\/\/www.sonnenseite.com\/de\/wp-json\/wp\/v2\/posts"}],"about":[{"href":"https:\/\/www.sonnenseite.com\/de\/wp-json\/wp\/v2\/types\/post"}],"author":[{"embeddable":true,"href":"https:\/\/www.sonnenseite.com\/de\/wp-json\/wp\/v2\/users\/3"}],"replies":[{"embeddable":true,"href":"https:\/\/www.sonnenseite.com\/de\/wp-json\/wp\/v2\/comments?post=96792"}],"version-history":[{"count":2,"href":"https:\/\/www.sonnenseite.com\/de\/wp-json\/wp\/v2\/posts\/96792\/revisions"}],"predecessor-version":[{"id":96794,"href":"https:\/\/www.sonnenseite.com\/de\/wp-json\/wp\/v2\/posts\/96792\/revisions\/96794"}],"wp:featuredmedia":[{"embeddable":true,"href":"https:\/\/www.sonnenseite.com\/de\/wp-json\/wp\/v2\/media\/83765"}],"wp:attachment":[{"href":"https:\/\/www.sonnenseite.com\/de\/wp-json\/wp\/v2\/media?parent=96792"}],"wp:term":[{"taxonomy":"category","embeddable":true,"href":"https:\/\/www.sonnenseite.com\/de\/wp-json\/wp\/v2\/categories?post=96792"},{"taxonomy":"post_tag","embeddable":true,"href":"https:\/\/www.sonnenseite.com\/de\/wp-json\/wp\/v2\/tags?post=96792"}],"curies":[{"name":"wp","href":"https:\/\/api.w.org\/{rel}","templated":true}]}}