{"id":96804,"date":"2024-01-19T02:32:00","date_gmt":"2024-01-19T01:32:00","guid":{"rendered":"https:\/\/www.sonnenseite.com\/?p=96804"},"modified":"2024-01-18T13:32:59","modified_gmt":"2024-01-18T12:32:59","slug":"chinas-klimawende-hat-der-gigant-seinen-co2-hoehepunkt-erreicht","status":"publish","type":"post","link":"https:\/\/www.sonnenseite.com\/de\/politik\/chinas-klimawende-hat-der-gigant-seinen-co2-hoehepunkt-erreicht\/","title":{"rendered":"Chinas Klimawende: Hat der Gigant seinen CO2-H\u00f6hepunkt erreicht?"},"content":{"rendered":"\n<p>China wird immer als gr\u00f6\u00dfter &#8222;Klimas\u00fcnder&#8220; bezeichnet. Doch das ist irref\u00fchrend. Jetzt zeigt sich, wie das Land die Industriestaaten beim Klimaschutz abh\u00e4ngt.<\/p>\n\n\n\n<p>&#8222;Aber China&#8220;, so kann man es gelegentlich h\u00f6ren, wenn hierzulande Klimaschutz eingefordert wird. China war 2023 mit 11,9 Milliarden Tonnen Co2-Emissionen aus der Verbrennung von fossilen Brennstoffen sowie der Herstellung von Zement der mit Abstand gr\u00f6\u00dfte &#8222;Klimas\u00fcnder&#8220;.<\/p>\n\n\n\n<p>Gefolgt \u00fcbrigens von den USA mit 4,9 und Indien mit 3,1 Milliarden Tonnen. (Angaben nach <a href=\"\/\/Users\/admin\/Downloads\/Screenshots\/GCP_CarbonBudget_2023_slides_v1.0-3.pdf\" rel=\"noreferrer noopener\" target=\"_blank\">Daten<\/a> des <a href=\"https:\/\/globalcarbonbudget.org\/\" rel=\"noreferrer noopener\" target=\"_blank\">Global Carbon Budget<\/a>.) Allerdings ist das auch kein Wunder.<\/p>\n\n\n\n<p>Mit <a href=\"https:\/\/www.unfpa.org\/data\/world-population\/CN\" rel=\"noreferrer noopener\" target=\"_blank\">1,425 Milliarden Menschen<\/a> beherbergt die Volksrepublik 17,7 Prozent der Weltbev\u00f6lkerung. Mit 8,4 Tonnen CO2 pro Kopf sind die spezifischen Emissionen noch immer erheblich niedriger als in den USA und auch nur geringf\u00fcgig als die hiesigen, die 2022 bei 7,9 Tonnen pro Kopf und Jahr lagen.<\/p>\n\n\n\n<h4 class=\"wp-block-heading\">Klimaschutz: Chinas \u00fcberraschende Emissionsdaten<\/h4>\n\n\n\n<p>Mit dem Unterschied, dass sie sich hier schon seit vielen Jahrzehnten auf diesem hohen Niveau bewegen und vor nicht allzu langer Zeit sogar noch h\u00f6her waren. In China sind die Emissionen hingegen erst seit etwa 2005 drastisch angestiegen.<\/p>\n\n\n\n<p>Und sie k\u00f6nnten bereits ihren H\u00f6hepunkt erreicht haben, wie eine Untersuchung des finnischen <a href=\"https:\/\/energyandcleanair.org\/wp\/wp-content\/uploads\/2023\/11\/CREA_BOELL_Chinas-Climate-Transition-Outlook-2023_EN2.pdf\" target=\"_blank\" rel=\"noreferrer noopener\">Centre for Research on Energy and Clean Air<\/a> (CREA) nahelegt. CREA ist nach eigenen Angaben eine unabh\u00e4ngige Organisation, die sich der Erforschung von Trends, Ursachen und Gesundheitsauswirkungen der Luftverschmutzung und ihren L\u00f6sungsans\u00e4tzen widmet.<\/p>\n\n\n\n<p>Demnach k\u00f6nnten schon in den n\u00e4chsten Jahren die chinesischen Treibhausgasemissionen ihren H\u00f6hepunkt \u00fcberschritten haben und beginnen, langsam zur\u00fcckzugehen. Daf\u00fcr spricht unter anderem auch der gewaltige Ausbau der Solar- und Windenergie, \u00fcber den wir k\u00fcrzlich <a href=\"https:\/\/www.telepolis.de\/features\/Chinas-Solarexplosion-Wie-das-Land-den-Westen-bei-Erneuerbaren-abhaengt-9595215.html\" rel=\"noreferrer noopener\" target=\"_blank\">hier auf Telepolis<\/a> berichtet haben.<\/p>\n\n\n\n<h4 class=\"wp-block-heading\">Was Forscher optimistisch macht<\/h4>\n\n\n\n<p>Sollte die CREA-Prognose eintreten, w\u00e4re das mal wieder die in China \u00fcbliche Plan\u00fcbererf\u00fcllung. Im Rahmen der UN-Klimaverhandlungen hatte die chinesische Regierung die Selbstverpflichtung abgegeben, dass das Land bis 2030 den H\u00f6hepunkt seiner Treibhausgasemissionen erreichen und diese danach absenken w\u00fcrde.<\/p>\n\n\n\n<ul class=\"wp-block-list\">\n<li><a href=\"https:\/\/www.telepolis.de\/features\/Chinas-Klimawende-Hat-der-Gigant-seinen-CO2-Hoehepunkt-erreicht-9601313.html?seite=all\">Hier k\u00f6nnen Sie den Bericht weiterlesen<\/a><\/li>\n<\/ul>\n\n\n<h5 class=\"green\">Quelle<\/h5>\r\n\n\n\n<p>Der Bericht wurde von der\u00a0<a href=\"https:\/\/www.telepolis.de\/features\/Chinas-Klimawende-Hat-der-Gigant-seinen-CO2-Hoehepunkt-erreicht-9601313.html?seite=all\">Redaktion \u201eTELEPOLIS\u201c (Wolfgang Pomrehn) 2024<\/a>\u00a0verfasst \u2013 der Artikel darf nicht ohne Genehmigung von\u00a0<a href=\"mailto:WPomrehn@gaarden.de\" target=\"_blank\" rel=\"noreferrer noopener\">Wolfgang Pomrehn 2024<\/a>\u00a0weiterverbreitet werden!\u00a0<\/p>\n<div class=\"shariff shariff-align-flex-start shariff-widget-align-flex-start\"><div class=\"ShariffHeadline\">Diese Meldung teilen<\/div><ul class=\"shariff-buttons theme-round orientation-horizontal buttonsize-medium\"><li class=\"shariff-button facebook shariff-nocustomcolor\" style=\"background-color:#4273c8;border-radius:1%\"><a href=\"https:\/\/www.facebook.com\/sharer\/sharer.php?u=https%3A%2F%2Fwww.sonnenseite.com%2Fde%2Fpolitik%2Fchinas-klimawende-hat-der-gigant-seinen-co2-hoehepunkt-erreicht%2F\" title=\"Bei Facebook teilen\" aria-label=\"Bei Facebook teilen\" role=\"button\" rel=\"nofollow\" class=\"shariff-link\" style=\";border-radius:1%; background-color:#3b5998; color:#fff\" target=\"_blank\"><span class=\"shariff-icon\" style=\"\"><svg width=\"32px\" height=\"20px\" xmlns=\"http:\/\/www.w3.org\/2000\/svg\" viewBox=\"0 0 18 32\"><path fill=\"#3b5998\" d=\"M17.1 0.2v4.7h-2.8q-1.5 0-2.1 0.6t-0.5 1.9v3.4h5.2l-0.7 5.3h-4.5v13.6h-5.5v-13.6h-4.5v-5.3h4.5v-3.9q0-3.3 1.9-5.2t5-1.8q2.6 0 4.1 0.2z\"\/><\/svg><\/span><\/a><\/li><li class=\"shariff-button twitter shariff-nocustomcolor\" style=\"background-color:#595959;border-radius:1%\"><a href=\"https:\/\/twitter.com\/share?url=https%3A%2F%2Fwww.sonnenseite.com%2Fde%2Fpolitik%2Fchinas-klimawende-hat-der-gigant-seinen-co2-hoehepunkt-erreicht%2F&text=Chinas%20Klimawende%3A%20Hat%20der%20Gigant%20seinen%20CO2-H%C3%B6hepunkt%20erreicht%3F\" title=\"Bei X teilen\" aria-label=\"Bei X teilen\" role=\"button\" rel=\"noopener nofollow\" class=\"shariff-link\" style=\";border-radius:1%; background-color:#000; color:#fff\" target=\"_blank\"><span class=\"shariff-icon\" style=\"\"><svg width=\"32px\" height=\"20px\" xmlns=\"http:\/\/www.w3.org\/2000\/svg\" viewBox=\"0 0 24 24\"><path fill=\"#000\" d=\"M14.258 10.152L23.176 0h-2.113l-7.747 8.813L7.133 0H0l9.352 13.328L0 23.973h2.113l8.176-9.309 6.531 9.309h7.133zm-2.895 3.293l-.949-1.328L2.875 1.56h3.246l6.086 8.523.945 1.328 7.91 11.078h-3.246zm0 0\"\/><\/svg><\/span><\/a><\/li><li class=\"shariff-button xing shariff-nocustomcolor\" style=\"background-color:#29888a;border-radius:1%\"><a href=\"https:\/\/www.xing.com\/spi\/shares\/new?url=https%3A%2F%2Fwww.sonnenseite.com%2Fde%2Fpolitik%2Fchinas-klimawende-hat-der-gigant-seinen-co2-hoehepunkt-erreicht%2F\" title=\"Bei XING teilen\" aria-label=\"Bei XING teilen\" role=\"button\" rel=\"noopener nofollow\" class=\"shariff-link\" style=\";border-radius:1%; background-color:#126567; color:#fff\" target=\"_blank\"><span class=\"shariff-icon\" style=\"\"><svg width=\"32px\" height=\"20px\" xmlns=\"http:\/\/www.w3.org\/2000\/svg\" viewBox=\"0 0 25 32\"><path fill=\"#126567\" d=\"M10.7 11.9q-0.2 0.3-4.6 8.2-0.5 0.8-1.2 0.8h-4.3q-0.4 0-0.5-0.3t0-0.6l4.5-8q0 0 0 0l-2.9-5q-0.2-0.4 0-0.7 0.2-0.3 0.5-0.3h4.3q0.7 0 1.2 0.8zM25.1 0.4q0.2 0.3 0 0.7l-9.4 16.7 6 11q0.2 0.4 0 0.6-0.2 0.3-0.6 0.3h-4.3q-0.7 0-1.2-0.8l-6-11.1q0.3-0.6 9.5-16.8 0.4-0.8 1.2-0.8h4.3q0.4 0 0.5 0.3z\"\/><\/svg><\/span><\/a><\/li><li class=\"shariff-button linkedin shariff-nocustomcolor\" style=\"background-color:#1488bf;border-radius:1%\"><a href=\"https:\/\/www.linkedin.com\/sharing\/share-offsite\/?url=https%3A%2F%2Fwww.sonnenseite.com%2Fde%2Fpolitik%2Fchinas-klimawende-hat-der-gigant-seinen-co2-hoehepunkt-erreicht%2F\" title=\"Bei LinkedIn teilen\" aria-label=\"Bei LinkedIn teilen\" role=\"button\" rel=\"noopener nofollow\" class=\"shariff-link\" style=\";border-radius:1%; background-color:#0077b5; color:#fff\" target=\"_blank\"><span class=\"shariff-icon\" style=\"\"><svg width=\"32px\" height=\"20px\" xmlns=\"http:\/\/www.w3.org\/2000\/svg\" viewBox=\"0 0 27 32\"><path fill=\"#0077b5\" d=\"M6.2 11.2v17.7h-5.9v-17.7h5.9zM6.6 5.7q0 1.3-0.9 2.2t-2.4 0.9h0q-1.5 0-2.4-0.9t-0.9-2.2 0.9-2.2 2.4-0.9 2.4 0.9 0.9 2.2zM27.4 18.7v10.1h-5.9v-9.5q0-1.9-0.7-2.9t-2.3-1.1q-1.1 0-1.9 0.6t-1.2 1.5q-0.2 0.5-0.2 1.4v9.9h-5.9q0-7.1 0-11.6t0-5.3l0-0.9h5.9v2.6h0q0.4-0.6 0.7-1t1-0.9 1.6-0.8 2-0.3q3 0 4.9 2t1.9 6z\"\/><\/svg><\/span><\/a><\/li><li class=\"shariff-button printer shariff-nocustomcolor\" style=\"background-color:#a8a8a8;border-radius:1%\"><a href=\"javascript:window.print()\" title=\"drucken\" aria-label=\"drucken\" role=\"button\" rel=\"noopener nofollow\" class=\"shariff-link\" style=\";border-radius:1%; background-color:#999; color:#fff\"><span class=\"shariff-icon\" style=\"\"><svg width=\"32px\" height=\"20px\" xmlns=\"http:\/\/www.w3.org\/2000\/svg\" viewBox=\"0 0 30 32\"><path fill=\"#999\" d=\"M6.8 27.4h16v-4.6h-16v4.6zM6.8 16h16v-6.8h-2.8q-0.7 0-1.2-0.5t-0.5-1.2v-2.8h-11.4v11.4zM27.4 17.2q0-0.5-0.3-0.8t-0.8-0.4-0.8 0.4-0.3 0.8 0.3 0.8 0.8 0.3 0.8-0.3 0.3-0.8zM29.7 17.2v7.4q0 0.2-0.2 0.4t-0.4 0.2h-4v2.8q0 0.7-0.5 1.2t-1.2 0.5h-17.2q-0.7 0-1.2-0.5t-0.5-1.2v-2.8h-4q-0.2 0-0.4-0.2t-0.2-0.4v-7.4q0-1.4 1-2.4t2.4-1h1.2v-9.7q0-0.7 0.5-1.2t1.2-0.5h12q0.7 0 1.6 0.4t1.3 0.8l2.7 2.7q0.5 0.5 0.9 1.4t0.4 1.6v4.6h1.1q1.4 0 2.4 1t1 2.4z\"\/><\/svg><\/span><\/a><\/li><li class=\"shariff-button mailto shariff-nocustomcolor\" style=\"background-color:#a8a8a8;border-radius:1%\"><a href=\"mailto:?body=https%3A%2F%2Fwww.sonnenseite.com%2Fde%2Fpolitik%2Fchinas-klimawende-hat-der-gigant-seinen-co2-hoehepunkt-erreicht%2F&subject=Chinas%20Klimawende%3A%20Hat%20der%20Gigant%20seinen%20CO2-H%C3%B6hepunkt%20erreicht%3F\" title=\"Per E-Mail versenden\" aria-label=\"Per E-Mail versenden\" role=\"button\" rel=\"noopener nofollow\" class=\"shariff-link\" style=\";border-radius:1%; background-color:#999; color:#fff\"><span class=\"shariff-icon\" style=\"\"><svg width=\"32px\" height=\"20px\" xmlns=\"http:\/\/www.w3.org\/2000\/svg\" viewBox=\"0 0 32 32\"><path fill=\"#999\" d=\"M32 12.7v14.2q0 1.2-0.8 2t-2 0.9h-26.3q-1.2 0-2-0.9t-0.8-2v-14.2q0.8 0.9 1.8 1.6 6.5 4.4 8.9 6.1 1 0.8 1.6 1.2t1.7 0.9 2 0.4h0.1q0.9 0 2-0.4t1.7-0.9 1.6-1.2q3-2.2 8.9-6.1 1-0.7 1.8-1.6zM32 7.4q0 1.4-0.9 2.7t-2.2 2.2q-6.7 4.7-8.4 5.8-0.2 0.1-0.7 0.5t-1 0.7-0.9 0.6-1.1 0.5-0.9 0.2h-0.1q-0.4 0-0.9-0.2t-1.1-0.5-0.9-0.6-1-0.7-0.7-0.5q-1.6-1.1-4.7-3.2t-3.6-2.6q-1.1-0.7-2.1-2t-1-2.5q0-1.4 0.7-2.3t2.1-0.9h26.3q1.2 0 2 0.8t0.9 2z\"\/><\/svg><\/span><\/a><\/li><\/ul><\/div>","protected":false},"excerpt":{"rendered":"<p>China wird immer als gr\u00f6\u00dfter &#8222;Klimas\u00fcnder&#8220; bezeichnet. Doch das ist irref\u00fchrend. Jetzt zeigt sich, wie das [&hellip;]<\/p>\n","protected":false},"author":3,"featured_media":90680,"comment_status":"closed","ping_status":"closed","sticky":false,"template":"","format":"standard","meta":{"inline_featured_image":false,"footnotes":""},"categories":[21],"tags":[],"class_list":["post-96804","post","type-post","status-publish","format-standard","has-post-thumbnail","hentry","category-politik"],"yoast_head":"<!-- This site is optimized with the Yoast SEO plugin v26.5 - https:\/\/yoast.com\/wordpress\/plugins\/seo\/ -->\n<title>Chinas Klimawende: Hat der Gigant seinen CO2-H\u00f6hepunkt erreicht? - Sonnenseite - \u00d6kologische Kommunikation mit Franz Alt<\/title>\n<meta name=\"description\" content=\"China wird immer als gr\u00f6\u00dfter &quot;Klimas\u00fcnder&quot; bezeichnet. Doch das ist irref\u00fchrend. Jetzt zeigt sich, wie das Land die Industriestaaten beim Klimaschutz\" \/>\n<meta name=\"robots\" content=\"index, follow, max-snippet:-1, max-image-preview:large, max-video-preview:-1\" \/>\n<link rel=\"canonical\" href=\"https:\/\/www.sonnenseite.com\/de\/politik\/chinas-klimawende-hat-der-gigant-seinen-co2-hoehepunkt-erreicht\/\" \/>\n<meta property=\"og:locale\" content=\"de_DE\" \/>\n<meta property=\"og:type\" content=\"article\" \/>\n<meta property=\"og:title\" content=\"Chinas Klimawende: Hat der Gigant seinen CO2-H\u00f6hepunkt erreicht? - Sonnenseite - \u00d6kologische Kommunikation mit Franz Alt\" \/>\n<meta property=\"og:description\" content=\"China wird immer als gr\u00f6\u00dfter &quot;Klimas\u00fcnder&quot; bezeichnet. Doch das ist irref\u00fchrend. Jetzt zeigt sich, wie das Land die Industriestaaten beim Klimaschutz\" \/>\n<meta property=\"og:url\" content=\"https:\/\/www.sonnenseite.com\/de\/politik\/chinas-klimawende-hat-der-gigant-seinen-co2-hoehepunkt-erreicht\/\" \/>\n<meta property=\"og:site_name\" content=\"Sonnenseite\" \/>\n<meta property=\"article:publisher\" content=\"https:\/\/www.facebook.com\/pages\/Franz-Alt-SONNENSEITECOM\/221072987903953?fref=ts\" \/>\n<meta property=\"article:published_time\" content=\"2024-01-19T01:32:00+00:00\" \/>\n<meta property=\"og:image\" content=\"https:\/\/www.sonnenseite.com\/wp-content\/uploads\/2023\/04\/China_TexBr.jpg\" \/>\n\t<meta property=\"og:image:width\" content=\"770\" \/>\n\t<meta property=\"og:image:height\" content=\"420\" \/>\n\t<meta property=\"og:image:type\" content=\"image\/jpeg\" \/>\n<meta name=\"author\" content=\"Bigi Alt\" \/>\n<meta name=\"twitter:card\" content=\"summary_large_image\" \/>\n<meta name=\"twitter:creator\" content=\"@franzalt\" \/>\n<meta name=\"twitter:site\" content=\"@franzalt\" \/>\n<meta name=\"twitter:label1\" content=\"Verfasst von\" \/>\n\t<meta name=\"twitter:data1\" content=\"Bigi Alt\" \/>\n\t<meta name=\"twitter:label2\" content=\"Gesch\u00e4tzte Lesezeit\" \/>\n\t<meta name=\"twitter:data2\" content=\"2\u00a0Minuten\" \/>\n<script type=\"application\/ld+json\" class=\"yoast-schema-graph\">{\"@context\":\"https:\/\/schema.org\",\"@graph\":[{\"@type\":\"Article\",\"@id\":\"https:\/\/www.sonnenseite.com\/de\/politik\/chinas-klimawende-hat-der-gigant-seinen-co2-hoehepunkt-erreicht\/#article\",\"isPartOf\":{\"@id\":\"https:\/\/www.sonnenseite.com\/de\/politik\/chinas-klimawende-hat-der-gigant-seinen-co2-hoehepunkt-erreicht\/\"},\"author\":{\"name\":\"Bigi Alt\",\"@id\":\"https:\/\/www.sonnenseite.com\/de\/#\/schema\/person\/50fda0e926597684c7cc6695238a4eb9\"},\"headline\":\"Chinas Klimawende: Hat der Gigant seinen CO2-H\u00f6hepunkt erreicht?\",\"datePublished\":\"2024-01-19T01:32:00+00:00\",\"mainEntityOfPage\":{\"@id\":\"https:\/\/www.sonnenseite.com\/de\/politik\/chinas-klimawende-hat-der-gigant-seinen-co2-hoehepunkt-erreicht\/\"},\"wordCount\":355,\"publisher\":{\"@id\":\"https:\/\/www.sonnenseite.com\/de\/#organization\"},\"image\":{\"@id\":\"https:\/\/www.sonnenseite.com\/de\/politik\/chinas-klimawende-hat-der-gigant-seinen-co2-hoehepunkt-erreicht\/#primaryimage\"},\"thumbnailUrl\":\"https:\/\/www.sonnenseite.com\/wp-content\/uploads\/2023\/04\/China_TexBr.jpg\",\"articleSection\":[\"Politik\"],\"inLanguage\":\"de\"},{\"@type\":\"WebPage\",\"@id\":\"https:\/\/www.sonnenseite.com\/de\/politik\/chinas-klimawende-hat-der-gigant-seinen-co2-hoehepunkt-erreicht\/\",\"url\":\"https:\/\/www.sonnenseite.com\/de\/politik\/chinas-klimawende-hat-der-gigant-seinen-co2-hoehepunkt-erreicht\/\",\"name\":\"Chinas Klimawende: Hat der Gigant seinen CO2-H\u00f6hepunkt erreicht? - Sonnenseite - \u00d6kologische Kommunikation mit Franz Alt\",\"isPartOf\":{\"@id\":\"https:\/\/www.sonnenseite.com\/de\/#website\"},\"primaryImageOfPage\":{\"@id\":\"https:\/\/www.sonnenseite.com\/de\/politik\/chinas-klimawende-hat-der-gigant-seinen-co2-hoehepunkt-erreicht\/#primaryimage\"},\"image\":{\"@id\":\"https:\/\/www.sonnenseite.com\/de\/politik\/chinas-klimawende-hat-der-gigant-seinen-co2-hoehepunkt-erreicht\/#primaryimage\"},\"thumbnailUrl\":\"https:\/\/www.sonnenseite.com\/wp-content\/uploads\/2023\/04\/China_TexBr.jpg\",\"datePublished\":\"2024-01-19T01:32:00+00:00\",\"description\":\"China wird immer als gr\u00f6\u00dfter \\\"Klimas\u00fcnder\\\" bezeichnet. Doch das ist irref\u00fchrend. Jetzt zeigt sich, wie das Land die Industriestaaten beim Klimaschutz\",\"breadcrumb\":{\"@id\":\"https:\/\/www.sonnenseite.com\/de\/politik\/chinas-klimawende-hat-der-gigant-seinen-co2-hoehepunkt-erreicht\/#breadcrumb\"},\"inLanguage\":\"de\",\"potentialAction\":[{\"@type\":\"ReadAction\",\"target\":[\"https:\/\/www.sonnenseite.com\/de\/politik\/chinas-klimawende-hat-der-gigant-seinen-co2-hoehepunkt-erreicht\/\"]}]},{\"@type\":\"ImageObject\",\"inLanguage\":\"de\",\"@id\":\"https:\/\/www.sonnenseite.com\/de\/politik\/chinas-klimawende-hat-der-gigant-seinen-co2-hoehepunkt-erreicht\/#primaryimage\",\"url\":\"https:\/\/www.sonnenseite.com\/wp-content\/uploads\/2023\/04\/China_TexBr.jpg\",\"contentUrl\":\"https:\/\/www.sonnenseite.com\/wp-content\/uploads\/2023\/04\/China_TexBr.jpg\",\"width\":770,\"height\":420,\"caption\":\"Depositphotos.com | TexBr\"},{\"@type\":\"BreadcrumbList\",\"@id\":\"https:\/\/www.sonnenseite.com\/de\/politik\/chinas-klimawende-hat-der-gigant-seinen-co2-hoehepunkt-erreicht\/#breadcrumb\",\"itemListElement\":[{\"@type\":\"ListItem\",\"position\":1,\"name\":\"Startseite\",\"item\":\"https:\/\/www.sonnenseite.com\/de\/\"},{\"@type\":\"ListItem\",\"position\":2,\"name\":\"Chinas Klimawende: Hat der Gigant seinen CO2-H\u00f6hepunkt erreicht?\"}]},{\"@type\":\"WebSite\",\"@id\":\"https:\/\/www.sonnenseite.com\/de\/#website\",\"url\":\"https:\/\/www.sonnenseite.com\/de\/\",\"name\":\"Sonnenseite\",\"description\":\"\u00d6kologische Kommunikation mit Franz Alt\",\"publisher\":{\"@id\":\"https:\/\/www.sonnenseite.com\/de\/#organization\"},\"potentialAction\":[{\"@type\":\"SearchAction\",\"target\":{\"@type\":\"EntryPoint\",\"urlTemplate\":\"https:\/\/www.sonnenseite.com\/de\/?s={search_term_string}\"},\"query-input\":{\"@type\":\"PropertyValueSpecification\",\"valueRequired\":true,\"valueName\":\"search_term_string\"}}],\"inLanguage\":\"de\"},{\"@type\":\"Organization\",\"@id\":\"https:\/\/www.sonnenseite.com\/de\/#organization\",\"name\":\"Sonnenseite\",\"url\":\"https:\/\/www.sonnenseite.com\/de\/\",\"logo\":{\"@type\":\"ImageObject\",\"inLanguage\":\"de\",\"@id\":\"https:\/\/www.sonnenseite.com\/de\/#\/schema\/logo\/image\/\",\"url\":\"https:\/\/www.sonnenseite.com\/wp-content\/uploads\/2020\/05\/Sonnenseite_Logo.png\",\"contentUrl\":\"https:\/\/www.sonnenseite.com\/wp-content\/uploads\/2020\/05\/Sonnenseite_Logo.png\",\"width\":377,\"height\":90,\"caption\":\"Sonnenseite\"},\"image\":{\"@id\":\"https:\/\/www.sonnenseite.com\/de\/#\/schema\/logo\/image\/\"},\"sameAs\":[\"https:\/\/www.facebook.com\/pages\/Franz-Alt-SONNENSEITECOM\/221072987903953?fref=ts\",\"https:\/\/x.com\/franzalt\",\"http:\/\/www.youtube.com\/results?search_query&amp;amp;quot;franz_alt&amp;amp;quot;&amp;amp;amp;amp;search_type&amp;amp;amp;amp;aq=f\"]},{\"@type\":\"Person\",\"@id\":\"https:\/\/www.sonnenseite.com\/de\/#\/schema\/person\/50fda0e926597684c7cc6695238a4eb9\",\"name\":\"Bigi Alt\"}]}<\/script>\n<!-- \/ Yoast SEO plugin. -->","yoast_head_json":{"title":"Chinas Klimawende: Hat der Gigant seinen CO2-H\u00f6hepunkt erreicht? - Sonnenseite - \u00d6kologische Kommunikation mit Franz Alt","description":"China wird immer als gr\u00f6\u00dfter \"Klimas\u00fcnder\" bezeichnet. Doch das ist irref\u00fchrend. Jetzt zeigt sich, wie das Land die Industriestaaten beim Klimaschutz","robots":{"index":"index","follow":"follow","max-snippet":"max-snippet:-1","max-image-preview":"max-image-preview:large","max-video-preview":"max-video-preview:-1"},"canonical":"https:\/\/www.sonnenseite.com\/de\/politik\/chinas-klimawende-hat-der-gigant-seinen-co2-hoehepunkt-erreicht\/","og_locale":"de_DE","og_type":"article","og_title":"Chinas Klimawende: Hat der Gigant seinen CO2-H\u00f6hepunkt erreicht? - Sonnenseite - \u00d6kologische Kommunikation mit Franz Alt","og_description":"China wird immer als gr\u00f6\u00dfter \"Klimas\u00fcnder\" bezeichnet. Doch das ist irref\u00fchrend. Jetzt zeigt sich, wie das Land die Industriestaaten beim Klimaschutz","og_url":"https:\/\/www.sonnenseite.com\/de\/politik\/chinas-klimawende-hat-der-gigant-seinen-co2-hoehepunkt-erreicht\/","og_site_name":"Sonnenseite","article_publisher":"https:\/\/www.facebook.com\/pages\/Franz-Alt-SONNENSEITECOM\/221072987903953?fref=ts","article_published_time":"2024-01-19T01:32:00+00:00","og_image":[{"width":770,"height":420,"url":"https:\/\/www.sonnenseite.com\/wp-content\/uploads\/2023\/04\/China_TexBr.jpg","type":"image\/jpeg"}],"author":"Bigi Alt","twitter_card":"summary_large_image","twitter_creator":"@franzalt","twitter_site":"@franzalt","twitter_misc":{"Verfasst von":"Bigi Alt","Gesch\u00e4tzte Lesezeit":"2\u00a0Minuten"},"schema":{"@context":"https:\/\/schema.org","@graph":[{"@type":"Article","@id":"https:\/\/www.sonnenseite.com\/de\/politik\/chinas-klimawende-hat-der-gigant-seinen-co2-hoehepunkt-erreicht\/#article","isPartOf":{"@id":"https:\/\/www.sonnenseite.com\/de\/politik\/chinas-klimawende-hat-der-gigant-seinen-co2-hoehepunkt-erreicht\/"},"author":{"name":"Bigi Alt","@id":"https:\/\/www.sonnenseite.com\/de\/#\/schema\/person\/50fda0e926597684c7cc6695238a4eb9"},"headline":"Chinas Klimawende: Hat der Gigant seinen CO2-H\u00f6hepunkt erreicht?","datePublished":"2024-01-19T01:32:00+00:00","mainEntityOfPage":{"@id":"https:\/\/www.sonnenseite.com\/de\/politik\/chinas-klimawende-hat-der-gigant-seinen-co2-hoehepunkt-erreicht\/"},"wordCount":355,"publisher":{"@id":"https:\/\/www.sonnenseite.com\/de\/#organization"},"image":{"@id":"https:\/\/www.sonnenseite.com\/de\/politik\/chinas-klimawende-hat-der-gigant-seinen-co2-hoehepunkt-erreicht\/#primaryimage"},"thumbnailUrl":"https:\/\/www.sonnenseite.com\/wp-content\/uploads\/2023\/04\/China_TexBr.jpg","articleSection":["Politik"],"inLanguage":"de"},{"@type":"WebPage","@id":"https:\/\/www.sonnenseite.com\/de\/politik\/chinas-klimawende-hat-der-gigant-seinen-co2-hoehepunkt-erreicht\/","url":"https:\/\/www.sonnenseite.com\/de\/politik\/chinas-klimawende-hat-der-gigant-seinen-co2-hoehepunkt-erreicht\/","name":"Chinas Klimawende: Hat der Gigant seinen CO2-H\u00f6hepunkt erreicht? - Sonnenseite - \u00d6kologische Kommunikation mit Franz Alt","isPartOf":{"@id":"https:\/\/www.sonnenseite.com\/de\/#website"},"primaryImageOfPage":{"@id":"https:\/\/www.sonnenseite.com\/de\/politik\/chinas-klimawende-hat-der-gigant-seinen-co2-hoehepunkt-erreicht\/#primaryimage"},"image":{"@id":"https:\/\/www.sonnenseite.com\/de\/politik\/chinas-klimawende-hat-der-gigant-seinen-co2-hoehepunkt-erreicht\/#primaryimage"},"thumbnailUrl":"https:\/\/www.sonnenseite.com\/wp-content\/uploads\/2023\/04\/China_TexBr.jpg","datePublished":"2024-01-19T01:32:00+00:00","description":"China wird immer als gr\u00f6\u00dfter \"Klimas\u00fcnder\" bezeichnet. Doch das ist irref\u00fchrend. Jetzt zeigt sich, wie das Land die Industriestaaten beim Klimaschutz","breadcrumb":{"@id":"https:\/\/www.sonnenseite.com\/de\/politik\/chinas-klimawende-hat-der-gigant-seinen-co2-hoehepunkt-erreicht\/#breadcrumb"},"inLanguage":"de","potentialAction":[{"@type":"ReadAction","target":["https:\/\/www.sonnenseite.com\/de\/politik\/chinas-klimawende-hat-der-gigant-seinen-co2-hoehepunkt-erreicht\/"]}]},{"@type":"ImageObject","inLanguage":"de","@id":"https:\/\/www.sonnenseite.com\/de\/politik\/chinas-klimawende-hat-der-gigant-seinen-co2-hoehepunkt-erreicht\/#primaryimage","url":"https:\/\/www.sonnenseite.com\/wp-content\/uploads\/2023\/04\/China_TexBr.jpg","contentUrl":"https:\/\/www.sonnenseite.com\/wp-content\/uploads\/2023\/04\/China_TexBr.jpg","width":770,"height":420,"caption":"Depositphotos.com | TexBr"},{"@type":"BreadcrumbList","@id":"https:\/\/www.sonnenseite.com\/de\/politik\/chinas-klimawende-hat-der-gigant-seinen-co2-hoehepunkt-erreicht\/#breadcrumb","itemListElement":[{"@type":"ListItem","position":1,"name":"Startseite","item":"https:\/\/www.sonnenseite.com\/de\/"},{"@type":"ListItem","position":2,"name":"Chinas Klimawende: Hat der Gigant seinen CO2-H\u00f6hepunkt erreicht?"}]},{"@type":"WebSite","@id":"https:\/\/www.sonnenseite.com\/de\/#website","url":"https:\/\/www.sonnenseite.com\/de\/","name":"Sonnenseite","description":"\u00d6kologische Kommunikation mit Franz Alt","publisher":{"@id":"https:\/\/www.sonnenseite.com\/de\/#organization"},"potentialAction":[{"@type":"SearchAction","target":{"@type":"EntryPoint","urlTemplate":"https:\/\/www.sonnenseite.com\/de\/?s={search_term_string}"},"query-input":{"@type":"PropertyValueSpecification","valueRequired":true,"valueName":"search_term_string"}}],"inLanguage":"de"},{"@type":"Organization","@id":"https:\/\/www.sonnenseite.com\/de\/#organization","name":"Sonnenseite","url":"https:\/\/www.sonnenseite.com\/de\/","logo":{"@type":"ImageObject","inLanguage":"de","@id":"https:\/\/www.sonnenseite.com\/de\/#\/schema\/logo\/image\/","url":"https:\/\/www.sonnenseite.com\/wp-content\/uploads\/2020\/05\/Sonnenseite_Logo.png","contentUrl":"https:\/\/www.sonnenseite.com\/wp-content\/uploads\/2020\/05\/Sonnenseite_Logo.png","width":377,"height":90,"caption":"Sonnenseite"},"image":{"@id":"https:\/\/www.sonnenseite.com\/de\/#\/schema\/logo\/image\/"},"sameAs":["https:\/\/www.facebook.com\/pages\/Franz-Alt-SONNENSEITECOM\/221072987903953?fref=ts","https:\/\/x.com\/franzalt","http:\/\/www.youtube.com\/results?search_query&amp;amp;quot;franz_alt&amp;amp;quot;&amp;amp;amp;amp;search_type&amp;amp;amp;amp;aq=f"]},{"@type":"Person","@id":"https:\/\/www.sonnenseite.com\/de\/#\/schema\/person\/50fda0e926597684c7cc6695238a4eb9","name":"Bigi Alt"}]}},"_links":{"self":[{"href":"https:\/\/www.sonnenseite.com\/de\/wp-json\/wp\/v2\/posts\/96804","targetHints":{"allow":["GET"]}}],"collection":[{"href":"https:\/\/www.sonnenseite.com\/de\/wp-json\/wp\/v2\/posts"}],"about":[{"href":"https:\/\/www.sonnenseite.com\/de\/wp-json\/wp\/v2\/types\/post"}],"author":[{"embeddable":true,"href":"https:\/\/www.sonnenseite.com\/de\/wp-json\/wp\/v2\/users\/3"}],"replies":[{"embeddable":true,"href":"https:\/\/www.sonnenseite.com\/de\/wp-json\/wp\/v2\/comments?post=96804"}],"version-history":[{"count":4,"href":"https:\/\/www.sonnenseite.com\/de\/wp-json\/wp\/v2\/posts\/96804\/revisions"}],"predecessor-version":[{"id":96808,"href":"https:\/\/www.sonnenseite.com\/de\/wp-json\/wp\/v2\/posts\/96804\/revisions\/96808"}],"wp:featuredmedia":[{"embeddable":true,"href":"https:\/\/www.sonnenseite.com\/de\/wp-json\/wp\/v2\/media\/90680"}],"wp:attachment":[{"href":"https:\/\/www.sonnenseite.com\/de\/wp-json\/wp\/v2\/media?parent=96804"}],"wp:term":[{"taxonomy":"category","embeddable":true,"href":"https:\/\/www.sonnenseite.com\/de\/wp-json\/wp\/v2\/categories?post=96804"},{"taxonomy":"post_tag","embeddable":true,"href":"https:\/\/www.sonnenseite.com\/de\/wp-json\/wp\/v2\/tags?post=96804"}],"curies":[{"name":"wp","href":"https:\/\/api.w.org\/{rel}","templated":true}]}}