{"id":96853,"date":"2024-01-20T10:50:45","date_gmt":"2024-01-20T09:50:45","guid":{"rendered":"https:\/\/www.sonnenseite.com\/?p=96853"},"modified":"2024-01-30T13:41:10","modified_gmt":"2024-01-30T12:41:10","slug":"energiewende-erneuerbaren-branche-denkt-ueber-die-ampel-hinaus","status":"publish","type":"post","link":"https:\/\/www.sonnenseite.com\/de\/politik\/energiewende-erneuerbaren-branche-denkt-ueber-die-ampel-hinaus\/","title":{"rendered":"Energiewende: Erneuerbaren-Branche denkt \u00fcber die Ampel hinaus"},"content":{"rendered":"\n<p>Das Reformtempo bei der Energiewende muss hoch bleiben, verlangt der Erneuerbaren-Verband BEE zum Jahresauftakt. Laut <em>Klimareporter\u00b0<\/em> vorliegenden Ministeriumspl\u00e4nen soll der Bundestag Ende Februar endlich das Solarpaket und das neue Klimagesetz beschlie\u00dfen.<\/p>\n\n\n\n<p>In Deutschland ist der politische Zeitplan aus den Fugen. W\u00e4hrend die Erneuerbaren-Branche auf dem Berliner Euref-Campus am Donnerstag ihren Jahresauftakt 2024 startete, hastete Bundeswirtschaftsminister Robert Habeck (Gr\u00fcne) vermutlich gerade aus der laufenden Bereinigungssitzung des Haushaltsausschusses im Bundestag.<\/p>\n\n\n\n<p>Habeck hatte dort noch um den Umgang mit den Milliarden gestritten, die der Ampel im Herbst vom Bundesverfassungsgericht aus dem Klima- und Transformationsfonds <a href=\"https:\/\/www.klimareporter.de\/deutschland\/klimapolitik-neu-denken\" target=\"_blank\" rel=\"noreferrer noopener\">gestrichen wurden<\/a>.<\/p>\n\n\n\n<p>Ob er dort noch etwas erreicht hat, gab der Minister dann bei der vom Bundesverband Erneuerbare Energie (BEE) ausgerichteten Veranstaltung nicht preis. Auch seine angek\u00fcndigte Grundsatzrede hielt er nicht, sondern beschr\u00e4nkte sich zun\u00e4chst auf einen R\u00fcckblick.<\/p>\n\n\n\n<p>So habe die Ampel-Regierung innerhalb kurzer Zeit den bereits 2012 <a href=\"https:\/\/www.klimareporter.de\/strom\/wird-der-ausbauplan-fuers-stromnetz-erneut-durchgewunken\" target=\"_blank\" rel=\"noreferrer noopener\">beschlossenen Netzausbau<\/a> auf den Weg gebracht, lobte Habeck. Auch der <a href=\"https:\/\/www.klimareporter.de\/strom\/der-energiewende-geht-die-sonne-auf\" target=\"_blank\" rel=\"noreferrer noopener\">2023er Rekordwert<\/a> beim Photovoltaik-Ausbau sowie der gegen\u00fcber 2022 <a href=\"https:\/\/www.klimareporter.de\/strom\/windkraft-kommt-in-fahrt-aber-nur-langsam\" target=\"_blank\" rel=\"noreferrer noopener\">um die H\u00e4lfte gr\u00f6\u00dfere<\/a> Windkraft-Zubau an Land fehlten in der R\u00fcckschau nicht.<\/p>\n\n\n\n<p>Letzterem sagte Habeck f\u00fcr 2024 einen Zuwachs von 6.000 Megawatt voraus. Die Branche selbst rechnet mit etwas mehr als 4.000 Megawatt.<\/p>\n\n\n\n<p>Bald sei auch mit der Vorlage <a href=\"https:\/\/www.klimareporter.de\/strom\/wie-viele-kraftwerke-braucht-deutschland-kuenftig-nicht\" target=\"_blank\" rel=\"noreferrer noopener\">der Kraftwerksstrategie<\/a> zu rechnen, k\u00fcndigte Habeck an. Ohne die Haushaltskrise w\u00e4re der Entwurf wohl noch vor Weihnachten fertig geworden, sagte er.<\/p>\n\n\n\n<p>Hinzuzuf\u00fcgen ist: Laut <em>Klimareporter\u00b0<\/em> vorliegenden <a href=\"https:\/\/www.klimareporter.de\/images\/dokumente\/2024\/01\/20240111-bundestagsrelevante-bmwk-vorhaben.pdf\" target=\"_blank\" rel=\"noreferrer noopener\">Planungen<\/a> aus dem Wirtschaftsministerium sollen bis zum 21.&nbsp;Februar das <a href=\"https:\/\/www.klimareporter.de\/strom\/ampel-verschiebt-solarpaket-und-klimagesetz\" target=\"_blank\" rel=\"noreferrer noopener\">Solarpaket wie auch das novellierte Klimaschutzgesetz<\/a> vom Bundestag beschlossen werden.<\/p>\n\n\n\n<h4 class=\"wp-block-heading\">&#8222;Das Kreuz durchdr\u00fccken&#8220;<\/h4>\n\n\n\n<p>Die aus den Fugen geratenen Verh\u00e4ltnisse pr\u00e4gten auch die Ansprache von BEE-Pr\u00e4sidentin <a href=\"https:\/\/www.klimareporter.de\/strom\/nicht-die-erneuerbaren-muessen-sich-an-das-system-anpassen-sondern-das-system-an-die-erneuerbaren\" target=\"_blank\" rel=\"noreferrer noopener\">Simone Peter<\/a>. Es werde immer schwieriger, auf wissenschaftlicher Faktenbasis zu argumentieren, sagte sie. &#8222;Der Diskurs ist oft von Stimmungsmache getrieben, gerade auch von populistischen Parteien&#8220;, bedauerte Peter. Dazu k\u00e4men Umsturz-, Verschw\u00f6rungs- und <a href=\"https:\/\/correctiv.org\/aktuelles\/neue-rechte\/2024\/01\/10\/geheimplan-remigration-vertreibung-afd-rechtsextreme-november-treffen\/\" target=\"_blank\" rel=\"noreferrer noopener\">Vertreibungsphantasien<\/a>.<\/p>\n\n\n\n<p>&#8222;Wir finden, dass man in dieser Situation das Kreuz durchdr\u00fccken und aufrichtig bleiben muss&#8220;, betonte die BEE-Chefin. Die Branche unterst\u00fctze dabei die Demokraten in der Politik, die sich daf\u00fcr einsetzten, dass der rechte Rand nicht erstarkt.<\/p>\n\n\n\n<p>F\u00fcr 2024 fordere die Branche ein weiter hohes Reformtempo, so Peter weiter. Dazu z\u00e4hlten ein schnelleres <a href=\"https:\/\/www.klimareporter.de\/strom\/vielfach-hoehere-huerden-fuer-windkraft-ausbau\" target=\"_blank\" rel=\"noreferrer noopener\">Genehmigen und Fl\u00e4chenbereitstellen<\/a>, weniger B\u00fcrokratie, Digitalisierung und anderes mehr.<\/p>\n\n\n\n<p>Die gesetzliche Festlegung, dass der Ausbau der Erneuerbaren nunmehr <a href=\"https:\/\/www.klimareporter.de\/deutschland\/gruene-infrastruktur-soll-in-den-doppelwumms\" target=\"_blank\" rel=\"noreferrer noopener\">in einem \u00fcberragenden \u00f6ffentlichen Interesse<\/a> liege, sei noch nicht bei allen L\u00e4ndern und Kommunen und auch nicht f\u00fcr alle Technologien angekommen, kritisierte die BEE-Pr\u00e4sidentin.<\/p>\n\n\n\n<p>Wichtig sei vor allem, dass die Branche Planungssicherheit \u00fcber die Legislaturperiode hinaus bekomme, erkl\u00e4rte Peter. Mit der Forderung &#8222;Planungssicherheit \u00fcber die Legislatur hinaus schaffen!&#8220; \u00fcbertitelte der Verband auch gleich die entsprechende <a href=\"https:\/\/www.bee-ev.de\/service\/publikationen-medien\/beitrag\/planungssicherheit-ueber-die-legislatur-hinaus-schaffen\" target=\"_blank\" rel=\"noreferrer noopener\">Presseerkl\u00e4rung<\/a> zum Jahresauftakt.<\/p>\n\n\n\n<p>&#8222;Das Handlungsfenster schlie\u00dft sich&#8220;, warnte Peter auf der Veranstaltung. Das w\u00fcssten alle, man brauche aber noch eine Reihe gesetzlicher Initiativen in den n\u00e4chsten Monaten.<\/p>\n\n\n\n<h4 class=\"wp-block-heading\">&#8222;Zentral&#8220; muss nicht Gro\u00dfkraftwerke hei\u00dfen<\/h4>\n\n\n\n<p>Auch wenn sich die Branche beim Jahresauftakt eher entschlossen zeigte, dem Wirtschaftsminister den R\u00fccken zu st\u00e4rken als die Probleme aufzulisten, zeichneten sich doch zwei Dissenspunkte deutlich ab.<\/p>\n\n\n\n<p>Der erste: Die Branche pr\u00e4feriert weiterhin <a href=\"https:\/\/www.klimareporter.de\/strom\/wasserstoff-gaskraftwerke-brauchen-wir-so-gut-wie-nicht\" target=\"_blank\" rel=\"noreferrer noopener\">ein dezentrales Backup<\/a> aus Erneuerbaren, Speichern und Sektorkopplung f\u00fcr die Zeiten, wenn Wind und Sonne den Strombedarf nicht decken k\u00f6nnen. All dies m\u00fcsse zu einem Energiewirtschaftspaket geschn\u00fcrt werden, das die Stromversorgung dauerhaft sichere, bekr\u00e4ftigte BEE-Chefin Peter.<\/p>\n\n\n\n<p>Unterst\u00fctzung erhielt die Branche hier beim Jahresauftakt von <a href=\"https:\/\/www.klimareporter.de\/protest\/die-profis-sagen-auch-dass-wir-das-klima-schuetzen-muessen\" target=\"_blank\" rel=\"noreferrer noopener\">Barbara Praetorius<\/a> von der Hochschule f\u00fcr Technik und Wirtschaft in Berlin. Es brauche den richtigen Mix aus dezentralen und zentralen Optionen, betonte die Volkswirtschaftlerin. Mit &#8222;zentral&#8220; meine sie aber nicht so sehr Gro\u00dfkraftwerke, so Praetorius, vielmehr m\u00fcssten die kleineren Anlagen &#8222;im Gro\u00dfen&#8220; verbunden sein.<\/p>\n\n\n\n<p>Ein gut ausgebautes Stromnetz, einschlie\u00dflich des europ\u00e4ischen Stromverbunds, sei deswegen eine wichtige <a href=\"https:\/\/www.klimareporter.de\/strom\/preiswerter-oekostrom-soll-bei-verbrauchern-ankommen\" target=\"_blank\" rel=\"noreferrer noopener\">Flexibilit\u00e4tsoption<\/a>, betonte die Wissenschaftlerin. &#8222;Die g\u00fcnstigste L\u00f6sung kann geschaffen werden, wenn man gro\u00dfr\u00e4umig intelligent vernetzt&nbsp;\u2013 ansonsten wird es teuer.&#8220;<\/p>\n\n\n\n<p>Bei den Flexibilit\u00e4ten m\u00fcsse zudem nicht nur auf die Erzeugung, sondern auch auf die Nachfrageseite geschaut werden, wies Praetorius unter anderem auf das Stichwort <a href=\"https:\/\/www.energie-lexikon.info\/lastmanagement.html\" target=\"_blank\" rel=\"noreferrer noopener\">Lastmanagement<\/a> hin.<\/p>\n\n\n\n<p>Wirtschaftsminister Habeck lie\u00df sich auf keine Zentral-Dezentral-Debatte ein, sondern r\u00fcckte die anstehende Entscheidung in den Vordergrund, <a href=\"https:\/\/www.klimareporter.de\/strom\/wie-viele-kraftwerke-braucht-deutschland-kuenftig-nicht\" target=\"_blank\" rel=\"noreferrer noopener\">welche Erzeugungskapazit\u00e4ten<\/a> vorr\u00e4tig gehalten werden m\u00fcssen. Dies ist nach seiner Auffassung eine <a href=\"https:\/\/www.gerics.de\/products_and_publications\/publications\/detail\/063104\/\" target=\"_blank\" rel=\"noreferrer noopener\">&#8222;No regret&#8220;-Entscheidung<\/a>&nbsp;\u2013 also eine, die man sp\u00e4ter in keinem Fall bedauert.<\/p>\n\n\n\n<p>Habeck s\u00e4te in dem Zusammenhang Zweifel an der Verl\u00e4sslichkeit des europ\u00e4ischen Stromverbundes und stellte dann die Frage: &#8222;Wollen wir uns eine gewisse \u00dcberkapazit\u00e4t leisten, um die Volkswirtschaft immer robust zu halten?&#8220; Diese Frage bejahe er.<\/p>\n\n\n\n<p>Daraus folgt f\u00fcr den Minister dann die weitere Frage, ob Deutschland bereit ist, zus\u00e4tzliches Geld in die Hand zu nehmen, um diese Kapazit\u00e4ten zu schaffen, die dann vielleicht gar nicht abgerufen w\u00fcrden. Hier k\u00f6nne man, so Habeck, politisch knapper oder gro\u00dfz\u00fcgiger entscheiden. Er pl\u00e4diere aber f\u00fcr eine gewisse Resilienz.<\/p>\n\n\n\n<h4 class=\"wp-block-heading\">Habeck bremst bei Biomasse<\/h4>\n\n\n\n<p>Ein weiterer Dissens zwischen Erneuerbaren-Branche und Wirtschaftsminister zeigte sich in der Bewertung <a href=\"https:\/\/www.klimareporter.de\/strom\/wir-sehen-bioenergie-nicht-als-uebergangsenergie\" target=\"_blank\" rel=\"noreferrer noopener\">der Bioenergie<\/a>. BEE-Pr\u00e4sidentin Peter beklagte, die Ergebnisse <a href=\"https:\/\/www.agrarheute.com\/energie\/gas\/riesenschock-fuer-biogas-bauern-ausschreibung-dreifach-ueberzeichnet-613998\" target=\"_blank\" rel=\"noreferrer noopener\">der j\u00fcngsten Ausschreibungen<\/a> f\u00fcr Bioenergie seien &#8222;richtig, richtig bitter&#8220; gewesen. Die Branche sehe f\u00fcr sich und ihre zigtausenden Arbeitspl\u00e4tze derzeit keine Perspektive und erwarte von der Regierung eine ambitionierte Biomassestrategie.<\/p>\n\n\n\n<p>Habeck entgegnete, die Biomasse-Kapazit\u00e4ten hierzulande seien begrenzt, wenn man nicht \u00fcberall Maisanbau haben wolle, was dann auf Kosten der Ern\u00e4hrungswirtschaft und der R\u00fcckzugsorte f\u00fcr die Natur gehe.<\/p>\n\n\n\n<p>Der Minister bezifferte den m\u00f6glichen Beitrag von Bioenergie zu k\u00fcnftigen Backup-Kapazit\u00e4ten auf 4.000 bis 6.000 Megawatt. Er habe noch kein Szenario gesehen, bei dem die gesamte steuerf\u00e4hige Erzeugung aus Biomasse komme, sagte Habeck.<\/p>\n\n\n\n<p>So ein Szenario wird allerdings auch nicht ernsthaft diskutiert. Simone Peter beharrte ihrerseits darauf, dass Bioenergie zumindest auf Augenh\u00f6he mit anderen Backup-M\u00f6glichkeiten \u2013 wie zun\u00e4chst Erdgas und sp\u00e4ter Wasserstoff \u2013 behandelt werden m\u00fcsse. Dann werde man sehen, wer am Ende schneller und verl\u00e4sslicher Versorgungssicherheit schaffe.<\/p>\n\n\n\n<p>In dem Punkt ist die Branche offenbar gewillt, \u00fcber den Minister hinaus zu denken.<\/p>\n\n\n<h5 class=\"green\">Quelle<\/h5>\r\n\n\n\n<p>Der Bericht wurde von der\u00a0<a href=\"https:\/\/www.klimareporter.de\/deutschland\/erneuerbaren-branche-denkt-ueber-die-ampel-hinaus\">Redaktion \u201eklimareporter.de\u201c (J\u00f6rg Staude) 2024<\/a>\u00a0verfasst &#8211; der Artikel darf nicht ohne Genehmigung\u00a0(<a href=\"mailto:post@klimareporter.de\">post@klimareporter.de<\/a>) weiterverbreitet werden!\u00a0<\/p>\n<div class=\"shariff shariff-align-flex-start shariff-widget-align-flex-start\"><div class=\"ShariffHeadline\">Diese Meldung teilen<\/div><ul class=\"shariff-buttons theme-round orientation-horizontal buttonsize-medium\"><li class=\"shariff-button facebook shariff-nocustomcolor\" style=\"background-color:#4273c8;border-radius:1%\"><a href=\"https:\/\/www.facebook.com\/sharer\/sharer.php?u=https%3A%2F%2Fwww.sonnenseite.com%2Fde%2Fpolitik%2Fenergiewende-erneuerbaren-branche-denkt-ueber-die-ampel-hinaus%2F\" title=\"Bei Facebook teilen\" aria-label=\"Bei Facebook teilen\" role=\"button\" rel=\"nofollow\" class=\"shariff-link\" style=\";border-radius:1%; background-color:#3b5998; color:#fff\" target=\"_blank\"><span class=\"shariff-icon\" style=\"\"><svg width=\"32px\" height=\"20px\" xmlns=\"http:\/\/www.w3.org\/2000\/svg\" viewBox=\"0 0 18 32\"><path fill=\"#3b5998\" d=\"M17.1 0.2v4.7h-2.8q-1.5 0-2.1 0.6t-0.5 1.9v3.4h5.2l-0.7 5.3h-4.5v13.6h-5.5v-13.6h-4.5v-5.3h4.5v-3.9q0-3.3 1.9-5.2t5-1.8q2.6 0 4.1 0.2z\"\/><\/svg><\/span><\/a><\/li><li class=\"shariff-button twitter shariff-nocustomcolor\" style=\"background-color:#595959;border-radius:1%\"><a href=\"https:\/\/twitter.com\/share?url=https%3A%2F%2Fwww.sonnenseite.com%2Fde%2Fpolitik%2Fenergiewende-erneuerbaren-branche-denkt-ueber-die-ampel-hinaus%2F&text=Energiewende%3A%20Erneuerbaren-Branche%20denkt%20%C3%BCber%20die%20Ampel%20hinaus\" title=\"Bei X teilen\" aria-label=\"Bei X teilen\" role=\"button\" rel=\"noopener nofollow\" class=\"shariff-link\" style=\";border-radius:1%; background-color:#000; color:#fff\" target=\"_blank\"><span class=\"shariff-icon\" style=\"\"><svg width=\"32px\" height=\"20px\" xmlns=\"http:\/\/www.w3.org\/2000\/svg\" viewBox=\"0 0 24 24\"><path fill=\"#000\" d=\"M14.258 10.152L23.176 0h-2.113l-7.747 8.813L7.133 0H0l9.352 13.328L0 23.973h2.113l8.176-9.309 6.531 9.309h7.133zm-2.895 3.293l-.949-1.328L2.875 1.56h3.246l6.086 8.523.945 1.328 7.91 11.078h-3.246zm0 0\"\/><\/svg><\/span><\/a><\/li><li class=\"shariff-button xing shariff-nocustomcolor\" style=\"background-color:#29888a;border-radius:1%\"><a href=\"https:\/\/www.xing.com\/spi\/shares\/new?url=https%3A%2F%2Fwww.sonnenseite.com%2Fde%2Fpolitik%2Fenergiewende-erneuerbaren-branche-denkt-ueber-die-ampel-hinaus%2F\" title=\"Bei XING teilen\" aria-label=\"Bei XING teilen\" role=\"button\" rel=\"noopener nofollow\" class=\"shariff-link\" style=\";border-radius:1%; background-color:#126567; color:#fff\" target=\"_blank\"><span class=\"shariff-icon\" style=\"\"><svg width=\"32px\" height=\"20px\" xmlns=\"http:\/\/www.w3.org\/2000\/svg\" viewBox=\"0 0 25 32\"><path fill=\"#126567\" d=\"M10.7 11.9q-0.2 0.3-4.6 8.2-0.5 0.8-1.2 0.8h-4.3q-0.4 0-0.5-0.3t0-0.6l4.5-8q0 0 0 0l-2.9-5q-0.2-0.4 0-0.7 0.2-0.3 0.5-0.3h4.3q0.7 0 1.2 0.8zM25.1 0.4q0.2 0.3 0 0.7l-9.4 16.7 6 11q0.2 0.4 0 0.6-0.2 0.3-0.6 0.3h-4.3q-0.7 0-1.2-0.8l-6-11.1q0.3-0.6 9.5-16.8 0.4-0.8 1.2-0.8h4.3q0.4 0 0.5 0.3z\"\/><\/svg><\/span><\/a><\/li><li class=\"shariff-button linkedin shariff-nocustomcolor\" style=\"background-color:#1488bf;border-radius:1%\"><a href=\"https:\/\/www.linkedin.com\/sharing\/share-offsite\/?url=https%3A%2F%2Fwww.sonnenseite.com%2Fde%2Fpolitik%2Fenergiewende-erneuerbaren-branche-denkt-ueber-die-ampel-hinaus%2F\" title=\"Bei LinkedIn teilen\" aria-label=\"Bei LinkedIn teilen\" role=\"button\" rel=\"noopener nofollow\" class=\"shariff-link\" style=\";border-radius:1%; background-color:#0077b5; color:#fff\" target=\"_blank\"><span class=\"shariff-icon\" style=\"\"><svg width=\"32px\" height=\"20px\" xmlns=\"http:\/\/www.w3.org\/2000\/svg\" viewBox=\"0 0 27 32\"><path fill=\"#0077b5\" d=\"M6.2 11.2v17.7h-5.9v-17.7h5.9zM6.6 5.7q0 1.3-0.9 2.2t-2.4 0.9h0q-1.5 0-2.4-0.9t-0.9-2.2 0.9-2.2 2.4-0.9 2.4 0.9 0.9 2.2zM27.4 18.7v10.1h-5.9v-9.5q0-1.9-0.7-2.9t-2.3-1.1q-1.1 0-1.9 0.6t-1.2 1.5q-0.2 0.5-0.2 1.4v9.9h-5.9q0-7.1 0-11.6t0-5.3l0-0.9h5.9v2.6h0q0.4-0.6 0.7-1t1-0.9 1.6-0.8 2-0.3q3 0 4.9 2t1.9 6z\"\/><\/svg><\/span><\/a><\/li><li class=\"shariff-button printer shariff-nocustomcolor\" style=\"background-color:#a8a8a8;border-radius:1%\"><a href=\"javascript:window.print()\" title=\"drucken\" aria-label=\"drucken\" role=\"button\" rel=\"noopener nofollow\" class=\"shariff-link\" style=\";border-radius:1%; background-color:#999; color:#fff\"><span class=\"shariff-icon\" style=\"\"><svg width=\"32px\" height=\"20px\" xmlns=\"http:\/\/www.w3.org\/2000\/svg\" viewBox=\"0 0 30 32\"><path fill=\"#999\" d=\"M6.8 27.4h16v-4.6h-16v4.6zM6.8 16h16v-6.8h-2.8q-0.7 0-1.2-0.5t-0.5-1.2v-2.8h-11.4v11.4zM27.4 17.2q0-0.5-0.3-0.8t-0.8-0.4-0.8 0.4-0.3 0.8 0.3 0.8 0.8 0.3 0.8-0.3 0.3-0.8zM29.7 17.2v7.4q0 0.2-0.2 0.4t-0.4 0.2h-4v2.8q0 0.7-0.5 1.2t-1.2 0.5h-17.2q-0.7 0-1.2-0.5t-0.5-1.2v-2.8h-4q-0.2 0-0.4-0.2t-0.2-0.4v-7.4q0-1.4 1-2.4t2.4-1h1.2v-9.7q0-0.7 0.5-1.2t1.2-0.5h12q0.7 0 1.6 0.4t1.3 0.8l2.7 2.7q0.5 0.5 0.9 1.4t0.4 1.6v4.6h1.1q1.4 0 2.4 1t1 2.4z\"\/><\/svg><\/span><\/a><\/li><li class=\"shariff-button mailto shariff-nocustomcolor\" style=\"background-color:#a8a8a8;border-radius:1%\"><a href=\"mailto:?body=https%3A%2F%2Fwww.sonnenseite.com%2Fde%2Fpolitik%2Fenergiewende-erneuerbaren-branche-denkt-ueber-die-ampel-hinaus%2F&subject=Energiewende%3A%20Erneuerbaren-Branche%20denkt%20%C3%BCber%20die%20Ampel%20hinaus\" title=\"Per E-Mail versenden\" aria-label=\"Per E-Mail versenden\" role=\"button\" rel=\"noopener nofollow\" class=\"shariff-link\" style=\";border-radius:1%; background-color:#999; color:#fff\"><span class=\"shariff-icon\" style=\"\"><svg width=\"32px\" height=\"20px\" xmlns=\"http:\/\/www.w3.org\/2000\/svg\" viewBox=\"0 0 32 32\"><path fill=\"#999\" d=\"M32 12.7v14.2q0 1.2-0.8 2t-2 0.9h-26.3q-1.2 0-2-0.9t-0.8-2v-14.2q0.8 0.9 1.8 1.6 6.5 4.4 8.9 6.1 1 0.8 1.6 1.2t1.7 0.9 2 0.4h0.1q0.9 0 2-0.4t1.7-0.9 1.6-1.2q3-2.2 8.9-6.1 1-0.7 1.8-1.6zM32 7.4q0 1.4-0.9 2.7t-2.2 2.2q-6.7 4.7-8.4 5.8-0.2 0.1-0.7 0.5t-1 0.7-0.9 0.6-1.1 0.5-0.9 0.2h-0.1q-0.4 0-0.9-0.2t-1.1-0.5-0.9-0.6-1-0.7-0.7-0.5q-1.6-1.1-4.7-3.2t-3.6-2.6q-1.1-0.7-2.1-2t-1-2.5q0-1.4 0.7-2.3t2.1-0.9h26.3q1.2 0 2 0.8t0.9 2z\"\/><\/svg><\/span><\/a><\/li><\/ul><\/div>","protected":false},"excerpt":{"rendered":"<p>Das Reformtempo bei der Energiewende muss hoch bleiben, verlangt der Erneuerbaren-Verband BEE zum Jahresauftakt. Laut Klimareporter\u00b0 [&hellip;]<\/p>\n","protected":false},"author":3,"featured_media":96856,"comment_status":"closed","ping_status":"closed","sticky":false,"template":"","format":"standard","meta":{"inline_featured_image":false,"footnotes":""},"categories":[21],"tags":[],"class_list":["post-96853","post","type-post","status-publish","format-standard","has-post-thumbnail","hentry","category-politik"],"yoast_head":"<!-- This site is optimized with the Yoast SEO plugin v26.5 - https:\/\/yoast.com\/wordpress\/plugins\/seo\/ -->\n<title>Energiewende: Erneuerbaren-Branche denkt \u00fcber die Ampel hinaus - Sonnenseite - \u00d6kologische Kommunikation mit Franz Alt<\/title>\n<meta name=\"description\" content=\"Das Reformtempo bei der Energiewende muss hoch bleiben, verlangt der Erneuerbaren-Verband BEE zum Jahresauftakt. Laut Klimareporter\u00b0 vorliegenden\" \/>\n<meta name=\"robots\" content=\"index, follow, max-snippet:-1, max-image-preview:large, max-video-preview:-1\" \/>\n<link rel=\"canonical\" href=\"https:\/\/www.sonnenseite.com\/de\/politik\/energiewende-erneuerbaren-branche-denkt-ueber-die-ampel-hinaus\/\" \/>\n<meta property=\"og:locale\" content=\"de_DE\" \/>\n<meta property=\"og:type\" content=\"article\" \/>\n<meta property=\"og:title\" content=\"Energiewende: Erneuerbaren-Branche denkt \u00fcber die Ampel hinaus - Sonnenseite - \u00d6kologische Kommunikation mit Franz Alt\" \/>\n<meta property=\"og:description\" content=\"Das Reformtempo bei der Energiewende muss hoch bleiben, verlangt der Erneuerbaren-Verband BEE zum Jahresauftakt. Laut Klimareporter\u00b0 vorliegenden\" \/>\n<meta property=\"og:url\" content=\"https:\/\/www.sonnenseite.com\/de\/politik\/energiewende-erneuerbaren-branche-denkt-ueber-die-ampel-hinaus\/\" \/>\n<meta property=\"og:site_name\" content=\"Sonnenseite\" \/>\n<meta property=\"article:publisher\" content=\"https:\/\/www.facebook.com\/pages\/Franz-Alt-SONNENSEITECOM\/221072987903953?fref=ts\" \/>\n<meta property=\"article:published_time\" content=\"2024-01-20T09:50:45+00:00\" \/>\n<meta property=\"article:modified_time\" content=\"2024-01-30T12:41:10+00:00\" \/>\n<meta property=\"og:image\" content=\"https:\/\/www.sonnenseite.com\/wp-content\/uploads\/2024\/01\/JoergStaude_EnergieDialog2024.jpg\" \/>\n\t<meta property=\"og:image:width\" content=\"770\" \/>\n\t<meta property=\"og:image:height\" content=\"420\" \/>\n\t<meta property=\"og:image:type\" content=\"image\/jpeg\" \/>\n<meta name=\"author\" content=\"Bigi Alt\" \/>\n<meta name=\"twitter:card\" content=\"summary_large_image\" \/>\n<meta name=\"twitter:creator\" content=\"@franzalt\" \/>\n<meta name=\"twitter:site\" content=\"@franzalt\" \/>\n<meta name=\"twitter:label1\" content=\"Verfasst von\" \/>\n\t<meta name=\"twitter:data1\" content=\"Bigi Alt\" \/>\n\t<meta name=\"twitter:label2\" content=\"Gesch\u00e4tzte Lesezeit\" \/>\n\t<meta name=\"twitter:data2\" content=\"6\u00a0Minuten\" \/>\n<script type=\"application\/ld+json\" class=\"yoast-schema-graph\">{\"@context\":\"https:\/\/schema.org\",\"@graph\":[{\"@type\":\"Article\",\"@id\":\"https:\/\/www.sonnenseite.com\/de\/politik\/energiewende-erneuerbaren-branche-denkt-ueber-die-ampel-hinaus\/#article\",\"isPartOf\":{\"@id\":\"https:\/\/www.sonnenseite.com\/de\/politik\/energiewende-erneuerbaren-branche-denkt-ueber-die-ampel-hinaus\/\"},\"author\":{\"name\":\"Bigi Alt\",\"@id\":\"https:\/\/www.sonnenseite.com\/de\/#\/schema\/person\/50fda0e926597684c7cc6695238a4eb9\"},\"headline\":\"Energiewende: Erneuerbaren-Branche denkt \u00fcber die Ampel hinaus\",\"datePublished\":\"2024-01-20T09:50:45+00:00\",\"dateModified\":\"2024-01-30T12:41:10+00:00\",\"mainEntityOfPage\":{\"@id\":\"https:\/\/www.sonnenseite.com\/de\/politik\/energiewende-erneuerbaren-branche-denkt-ueber-die-ampel-hinaus\/\"},\"wordCount\":1041,\"publisher\":{\"@id\":\"https:\/\/www.sonnenseite.com\/de\/#organization\"},\"image\":{\"@id\":\"https:\/\/www.sonnenseite.com\/de\/politik\/energiewende-erneuerbaren-branche-denkt-ueber-die-ampel-hinaus\/#primaryimage\"},\"thumbnailUrl\":\"https:\/\/www.sonnenseite.com\/wp-content\/uploads\/2024\/01\/JoergStaude_EnergieDialog2024.jpg\",\"articleSection\":[\"Politik\"],\"inLanguage\":\"de\"},{\"@type\":\"WebPage\",\"@id\":\"https:\/\/www.sonnenseite.com\/de\/politik\/energiewende-erneuerbaren-branche-denkt-ueber-die-ampel-hinaus\/\",\"url\":\"https:\/\/www.sonnenseite.com\/de\/politik\/energiewende-erneuerbaren-branche-denkt-ueber-die-ampel-hinaus\/\",\"name\":\"Energiewende: Erneuerbaren-Branche denkt \u00fcber die Ampel hinaus - Sonnenseite - \u00d6kologische Kommunikation mit Franz Alt\",\"isPartOf\":{\"@id\":\"https:\/\/www.sonnenseite.com\/de\/#website\"},\"primaryImageOfPage\":{\"@id\":\"https:\/\/www.sonnenseite.com\/de\/politik\/energiewende-erneuerbaren-branche-denkt-ueber-die-ampel-hinaus\/#primaryimage\"},\"image\":{\"@id\":\"https:\/\/www.sonnenseite.com\/de\/politik\/energiewende-erneuerbaren-branche-denkt-ueber-die-ampel-hinaus\/#primaryimage\"},\"thumbnailUrl\":\"https:\/\/www.sonnenseite.com\/wp-content\/uploads\/2024\/01\/JoergStaude_EnergieDialog2024.jpg\",\"datePublished\":\"2024-01-20T09:50:45+00:00\",\"dateModified\":\"2024-01-30T12:41:10+00:00\",\"description\":\"Das Reformtempo bei der Energiewende muss hoch bleiben, verlangt der Erneuerbaren-Verband BEE zum Jahresauftakt. Laut Klimareporter\u00b0 vorliegenden\",\"breadcrumb\":{\"@id\":\"https:\/\/www.sonnenseite.com\/de\/politik\/energiewende-erneuerbaren-branche-denkt-ueber-die-ampel-hinaus\/#breadcrumb\"},\"inLanguage\":\"de\",\"potentialAction\":[{\"@type\":\"ReadAction\",\"target\":[\"https:\/\/www.sonnenseite.com\/de\/politik\/energiewende-erneuerbaren-branche-denkt-ueber-die-ampel-hinaus\/\"]}]},{\"@type\":\"ImageObject\",\"inLanguage\":\"de\",\"@id\":\"https:\/\/www.sonnenseite.com\/de\/politik\/energiewende-erneuerbaren-branche-denkt-ueber-die-ampel-hinaus\/#primaryimage\",\"url\":\"https:\/\/www.sonnenseite.com\/wp-content\/uploads\/2024\/01\/JoergStaude_EnergieDialog2024.jpg\",\"contentUrl\":\"https:\/\/www.sonnenseite.com\/wp-content\/uploads\/2024\/01\/JoergStaude_EnergieDialog2024.jpg\",\"width\":770,\"height\":420,\"caption\":\"klimareporter.de \/ J\u00f6rg Staude | Auf dem Podium von links: Robert Habeck, Simone Peter, BEE-Gesch\u00e4ftsf\u00fchrer Wolfram Axthelm, Barbara Praetorius und Arndt M\u00fcller, Vorstand der Stadtwerke Trier.\"},{\"@type\":\"BreadcrumbList\",\"@id\":\"https:\/\/www.sonnenseite.com\/de\/politik\/energiewende-erneuerbaren-branche-denkt-ueber-die-ampel-hinaus\/#breadcrumb\",\"itemListElement\":[{\"@type\":\"ListItem\",\"position\":1,\"name\":\"Startseite\",\"item\":\"https:\/\/www.sonnenseite.com\/de\/\"},{\"@type\":\"ListItem\",\"position\":2,\"name\":\"Energiewende: Erneuerbaren-Branche denkt \u00fcber die Ampel hinaus\"}]},{\"@type\":\"WebSite\",\"@id\":\"https:\/\/www.sonnenseite.com\/de\/#website\",\"url\":\"https:\/\/www.sonnenseite.com\/de\/\",\"name\":\"Sonnenseite\",\"description\":\"\u00d6kologische Kommunikation mit Franz Alt\",\"publisher\":{\"@id\":\"https:\/\/www.sonnenseite.com\/de\/#organization\"},\"potentialAction\":[{\"@type\":\"SearchAction\",\"target\":{\"@type\":\"EntryPoint\",\"urlTemplate\":\"https:\/\/www.sonnenseite.com\/de\/?s={search_term_string}\"},\"query-input\":{\"@type\":\"PropertyValueSpecification\",\"valueRequired\":true,\"valueName\":\"search_term_string\"}}],\"inLanguage\":\"de\"},{\"@type\":\"Organization\",\"@id\":\"https:\/\/www.sonnenseite.com\/de\/#organization\",\"name\":\"Sonnenseite\",\"url\":\"https:\/\/www.sonnenseite.com\/de\/\",\"logo\":{\"@type\":\"ImageObject\",\"inLanguage\":\"de\",\"@id\":\"https:\/\/www.sonnenseite.com\/de\/#\/schema\/logo\/image\/\",\"url\":\"https:\/\/www.sonnenseite.com\/wp-content\/uploads\/2020\/05\/Sonnenseite_Logo.png\",\"contentUrl\":\"https:\/\/www.sonnenseite.com\/wp-content\/uploads\/2020\/05\/Sonnenseite_Logo.png\",\"width\":377,\"height\":90,\"caption\":\"Sonnenseite\"},\"image\":{\"@id\":\"https:\/\/www.sonnenseite.com\/de\/#\/schema\/logo\/image\/\"},\"sameAs\":[\"https:\/\/www.facebook.com\/pages\/Franz-Alt-SONNENSEITECOM\/221072987903953?fref=ts\",\"https:\/\/x.com\/franzalt\",\"http:\/\/www.youtube.com\/results?search_query&amp;amp;quot;franz_alt&amp;amp;quot;&amp;amp;amp;amp;search_type&amp;amp;amp;amp;aq=f\"]},{\"@type\":\"Person\",\"@id\":\"https:\/\/www.sonnenseite.com\/de\/#\/schema\/person\/50fda0e926597684c7cc6695238a4eb9\",\"name\":\"Bigi Alt\"}]}<\/script>\n<!-- \/ Yoast SEO plugin. -->","yoast_head_json":{"title":"Energiewende: Erneuerbaren-Branche denkt \u00fcber die Ampel hinaus - Sonnenseite - \u00d6kologische Kommunikation mit Franz Alt","description":"Das Reformtempo bei der Energiewende muss hoch bleiben, verlangt der Erneuerbaren-Verband BEE zum Jahresauftakt. Laut Klimareporter\u00b0 vorliegenden","robots":{"index":"index","follow":"follow","max-snippet":"max-snippet:-1","max-image-preview":"max-image-preview:large","max-video-preview":"max-video-preview:-1"},"canonical":"https:\/\/www.sonnenseite.com\/de\/politik\/energiewende-erneuerbaren-branche-denkt-ueber-die-ampel-hinaus\/","og_locale":"de_DE","og_type":"article","og_title":"Energiewende: Erneuerbaren-Branche denkt \u00fcber die Ampel hinaus - Sonnenseite - \u00d6kologische Kommunikation mit Franz Alt","og_description":"Das Reformtempo bei der Energiewende muss hoch bleiben, verlangt der Erneuerbaren-Verband BEE zum Jahresauftakt. Laut Klimareporter\u00b0 vorliegenden","og_url":"https:\/\/www.sonnenseite.com\/de\/politik\/energiewende-erneuerbaren-branche-denkt-ueber-die-ampel-hinaus\/","og_site_name":"Sonnenseite","article_publisher":"https:\/\/www.facebook.com\/pages\/Franz-Alt-SONNENSEITECOM\/221072987903953?fref=ts","article_published_time":"2024-01-20T09:50:45+00:00","article_modified_time":"2024-01-30T12:41:10+00:00","og_image":[{"width":770,"height":420,"url":"https:\/\/www.sonnenseite.com\/wp-content\/uploads\/2024\/01\/JoergStaude_EnergieDialog2024.jpg","type":"image\/jpeg"}],"author":"Bigi Alt","twitter_card":"summary_large_image","twitter_creator":"@franzalt","twitter_site":"@franzalt","twitter_misc":{"Verfasst von":"Bigi Alt","Gesch\u00e4tzte Lesezeit":"6\u00a0Minuten"},"schema":{"@context":"https:\/\/schema.org","@graph":[{"@type":"Article","@id":"https:\/\/www.sonnenseite.com\/de\/politik\/energiewende-erneuerbaren-branche-denkt-ueber-die-ampel-hinaus\/#article","isPartOf":{"@id":"https:\/\/www.sonnenseite.com\/de\/politik\/energiewende-erneuerbaren-branche-denkt-ueber-die-ampel-hinaus\/"},"author":{"name":"Bigi Alt","@id":"https:\/\/www.sonnenseite.com\/de\/#\/schema\/person\/50fda0e926597684c7cc6695238a4eb9"},"headline":"Energiewende: Erneuerbaren-Branche denkt \u00fcber die Ampel hinaus","datePublished":"2024-01-20T09:50:45+00:00","dateModified":"2024-01-30T12:41:10+00:00","mainEntityOfPage":{"@id":"https:\/\/www.sonnenseite.com\/de\/politik\/energiewende-erneuerbaren-branche-denkt-ueber-die-ampel-hinaus\/"},"wordCount":1041,"publisher":{"@id":"https:\/\/www.sonnenseite.com\/de\/#organization"},"image":{"@id":"https:\/\/www.sonnenseite.com\/de\/politik\/energiewende-erneuerbaren-branche-denkt-ueber-die-ampel-hinaus\/#primaryimage"},"thumbnailUrl":"https:\/\/www.sonnenseite.com\/wp-content\/uploads\/2024\/01\/JoergStaude_EnergieDialog2024.jpg","articleSection":["Politik"],"inLanguage":"de"},{"@type":"WebPage","@id":"https:\/\/www.sonnenseite.com\/de\/politik\/energiewende-erneuerbaren-branche-denkt-ueber-die-ampel-hinaus\/","url":"https:\/\/www.sonnenseite.com\/de\/politik\/energiewende-erneuerbaren-branche-denkt-ueber-die-ampel-hinaus\/","name":"Energiewende: Erneuerbaren-Branche denkt \u00fcber die Ampel hinaus - Sonnenseite - \u00d6kologische Kommunikation mit Franz Alt","isPartOf":{"@id":"https:\/\/www.sonnenseite.com\/de\/#website"},"primaryImageOfPage":{"@id":"https:\/\/www.sonnenseite.com\/de\/politik\/energiewende-erneuerbaren-branche-denkt-ueber-die-ampel-hinaus\/#primaryimage"},"image":{"@id":"https:\/\/www.sonnenseite.com\/de\/politik\/energiewende-erneuerbaren-branche-denkt-ueber-die-ampel-hinaus\/#primaryimage"},"thumbnailUrl":"https:\/\/www.sonnenseite.com\/wp-content\/uploads\/2024\/01\/JoergStaude_EnergieDialog2024.jpg","datePublished":"2024-01-20T09:50:45+00:00","dateModified":"2024-01-30T12:41:10+00:00","description":"Das Reformtempo bei der Energiewende muss hoch bleiben, verlangt der Erneuerbaren-Verband BEE zum Jahresauftakt. Laut Klimareporter\u00b0 vorliegenden","breadcrumb":{"@id":"https:\/\/www.sonnenseite.com\/de\/politik\/energiewende-erneuerbaren-branche-denkt-ueber-die-ampel-hinaus\/#breadcrumb"},"inLanguage":"de","potentialAction":[{"@type":"ReadAction","target":["https:\/\/www.sonnenseite.com\/de\/politik\/energiewende-erneuerbaren-branche-denkt-ueber-die-ampel-hinaus\/"]}]},{"@type":"ImageObject","inLanguage":"de","@id":"https:\/\/www.sonnenseite.com\/de\/politik\/energiewende-erneuerbaren-branche-denkt-ueber-die-ampel-hinaus\/#primaryimage","url":"https:\/\/www.sonnenseite.com\/wp-content\/uploads\/2024\/01\/JoergStaude_EnergieDialog2024.jpg","contentUrl":"https:\/\/www.sonnenseite.com\/wp-content\/uploads\/2024\/01\/JoergStaude_EnergieDialog2024.jpg","width":770,"height":420,"caption":"klimareporter.de \/ J\u00f6rg Staude | Auf dem Podium von links: Robert Habeck, Simone Peter, BEE-Gesch\u00e4ftsf\u00fchrer Wolfram Axthelm, Barbara Praetorius und Arndt M\u00fcller, Vorstand der Stadtwerke Trier."},{"@type":"BreadcrumbList","@id":"https:\/\/www.sonnenseite.com\/de\/politik\/energiewende-erneuerbaren-branche-denkt-ueber-die-ampel-hinaus\/#breadcrumb","itemListElement":[{"@type":"ListItem","position":1,"name":"Startseite","item":"https:\/\/www.sonnenseite.com\/de\/"},{"@type":"ListItem","position":2,"name":"Energiewende: Erneuerbaren-Branche denkt \u00fcber die Ampel hinaus"}]},{"@type":"WebSite","@id":"https:\/\/www.sonnenseite.com\/de\/#website","url":"https:\/\/www.sonnenseite.com\/de\/","name":"Sonnenseite","description":"\u00d6kologische Kommunikation mit Franz Alt","publisher":{"@id":"https:\/\/www.sonnenseite.com\/de\/#organization"},"potentialAction":[{"@type":"SearchAction","target":{"@type":"EntryPoint","urlTemplate":"https:\/\/www.sonnenseite.com\/de\/?s={search_term_string}"},"query-input":{"@type":"PropertyValueSpecification","valueRequired":true,"valueName":"search_term_string"}}],"inLanguage":"de"},{"@type":"Organization","@id":"https:\/\/www.sonnenseite.com\/de\/#organization","name":"Sonnenseite","url":"https:\/\/www.sonnenseite.com\/de\/","logo":{"@type":"ImageObject","inLanguage":"de","@id":"https:\/\/www.sonnenseite.com\/de\/#\/schema\/logo\/image\/","url":"https:\/\/www.sonnenseite.com\/wp-content\/uploads\/2020\/05\/Sonnenseite_Logo.png","contentUrl":"https:\/\/www.sonnenseite.com\/wp-content\/uploads\/2020\/05\/Sonnenseite_Logo.png","width":377,"height":90,"caption":"Sonnenseite"},"image":{"@id":"https:\/\/www.sonnenseite.com\/de\/#\/schema\/logo\/image\/"},"sameAs":["https:\/\/www.facebook.com\/pages\/Franz-Alt-SONNENSEITECOM\/221072987903953?fref=ts","https:\/\/x.com\/franzalt","http:\/\/www.youtube.com\/results?search_query&amp;amp;quot;franz_alt&amp;amp;quot;&amp;amp;amp;amp;search_type&amp;amp;amp;amp;aq=f"]},{"@type":"Person","@id":"https:\/\/www.sonnenseite.com\/de\/#\/schema\/person\/50fda0e926597684c7cc6695238a4eb9","name":"Bigi Alt"}]}},"_links":{"self":[{"href":"https:\/\/www.sonnenseite.com\/de\/wp-json\/wp\/v2\/posts\/96853","targetHints":{"allow":["GET"]}}],"collection":[{"href":"https:\/\/www.sonnenseite.com\/de\/wp-json\/wp\/v2\/posts"}],"about":[{"href":"https:\/\/www.sonnenseite.com\/de\/wp-json\/wp\/v2\/types\/post"}],"author":[{"embeddable":true,"href":"https:\/\/www.sonnenseite.com\/de\/wp-json\/wp\/v2\/users\/3"}],"replies":[{"embeddable":true,"href":"https:\/\/www.sonnenseite.com\/de\/wp-json\/wp\/v2\/comments?post=96853"}],"version-history":[{"count":2,"href":"https:\/\/www.sonnenseite.com\/de\/wp-json\/wp\/v2\/posts\/96853\/revisions"}],"predecessor-version":[{"id":96855,"href":"https:\/\/www.sonnenseite.com\/de\/wp-json\/wp\/v2\/posts\/96853\/revisions\/96855"}],"wp:featuredmedia":[{"embeddable":true,"href":"https:\/\/www.sonnenseite.com\/de\/wp-json\/wp\/v2\/media\/96856"}],"wp:attachment":[{"href":"https:\/\/www.sonnenseite.com\/de\/wp-json\/wp\/v2\/media?parent=96853"}],"wp:term":[{"taxonomy":"category","embeddable":true,"href":"https:\/\/www.sonnenseite.com\/de\/wp-json\/wp\/v2\/categories?post=96853"},{"taxonomy":"post_tag","embeddable":true,"href":"https:\/\/www.sonnenseite.com\/de\/wp-json\/wp\/v2\/tags?post=96853"}],"curies":[{"name":"wp","href":"https:\/\/api.w.org\/{rel}","templated":true}]}}